{"id":406905,"date":"2025-11-06T10:28:07","date_gmt":"2025-11-06T10:28:07","guid":{"rendered":"https:\/\/belux.edmo.eu\/?p=406905"},"modified":"2025-11-06T11:00:50","modified_gmt":"2025-11-06T11:00:50","slug":"non-giorgia-meloni-na-pas-annonc-le-retrait-de-litalie-de-lunion-europenne","status":"publish","type":"post","link":"https:\/\/belux.edmo.eu\/fr\/non-giorgia-meloni-na-pas-annonc-le-retrait-de-litalie-de-lunion-europenne\/","title":{"rendered":"Non, Giorgia Meloni n&rsquo;a pas annonc\u00e9 le retrait de l&rsquo;Italie de l&rsquo;Union europ\u00e9enne"},"content":{"rendered":"<p><strong>Les eurod\u00e9put\u00e9s du parti de Giorgia Meloni, la pr\u00e9sidente du Conseil italien, avaient vot\u00e9 en juillet 2025 contre la reconduction d&rsquo;Ursula von der Leyen \u00e0 la t\u00eate de la Commission europ\u00e9enne &#8211; ce qui n&rsquo;avait pas emp\u00each\u00e9 sa r\u00e9\u00e9lection. Depuis, des publications tr\u00e8s partag\u00e9es sur les r\u00e9seaux sociaux pr\u00e9tendent r\u00e9guli\u00e8rement, comme c&rsquo;est \u00e0 nouveau le cas d\u00e9but novembre 2025, que Giorgia Meloni avait annonc\u00e9 le retrait de l&rsquo;Italie de l&rsquo;Union europ\u00e9enne et exig\u00e9 la \u00ab\u00a0d\u00e9mission\u00a0\u00bb d&rsquo;Ursula von der Leyen. Mais c&rsquo;est faux : la dirigeante italienne n&rsquo;a fait aucune d\u00e9claration publique allant dans ce sens et les proc\u00e9dures de retrait d&rsquo;un pays de l&rsquo;UE, de m\u00eame qu&rsquo;une d\u00e9mission de la t\u00eate de la Commission europ\u00e9enne, rel\u00e8vent d&rsquo;un processus l\u00e9gal sp\u00e9cifique.<\/strong><\/p>\n<p>\u00ab\u00a0<em>MELONI QUITTE l&rsquo;UE : Elle exige la d\u00e9mission de von der Leyen !<\/em>\u00ab\u00a0, soutiennent des internautes dans des publications mises en ligne sur Facebook (<a href=\"https:\/\/archive.ph\/2b9zC\" rel=\"nofollow noopener frozen appearance\" shape=\"rect\">1<\/a>, <a href=\"https:\/\/archive.ph\/DD0dp\" rel=\"nofollow noopener frozen appearance\" shape=\"rect\">2<\/a>) et <a href=\"https:\/\/archive.ph\/QISrZ\" rel=\"nofollow noopener frozen appearance\" shape=\"rect\">X<\/a> d\u00e9but novembre 2025, autour du pr\u00e9tendu \u00ab\u00a0<em>coup de tonnerre politique<\/em>\u00a0\u00bb suscit\u00e9 par la pr\u00e9sidente du Conseil italien \u00e0 l&rsquo;encontre de la pr\u00e9sidente de la Commission europ\u00e9enne.<\/p>\n<p>\u00ab\u00a0<em>Giorgia Meloni, exc\u00e9d\u00e9e par les tensions internes, vient d&rsquo;annoncer le retrait de l&rsquo;Italie de l&rsquo;Union europ\u00e9enne dans un geste aussi brutal qu&rsquo;inattendu. Selon des sources proches du gouvernement, la Premi\u00e8re ministre aurait exig\u00e9 la d\u00e9mission imm\u00e9diate d&rsquo;Ursula von der Leyen, qu&rsquo;elle accuse d\u2019avoir &lsquo;trahi les peuples d\u2019Europe&rsquo;<\/em>\u00ab\u00a0, d\u00e9veloppent ces textes, accompagn\u00e9s d&rsquo;un lien <a href=\"https:\/\/archive.ph\/q8l9i\" rel=\"nofollow noopener frozen appearance\" shape=\"rect\">vers un obscur blog<\/a> nomm\u00e9 \u00ab\u00a0Biz News\u00a0\u00bb.<\/p>\n<div class=\"g2picture\">\n<figure><img src=\"https:\/\/belux-edmo.s3-accelerate.amazonaws.com\/wp-content\/uploads\/2025\/11\/ff454cc3d5c01c4d8bfff301a11b78f5a16a90ba-ipad_resized.jpg\" \/><figcaption>Capture d&rsquo;\u00e9cran Facebook et croix rouge r\u00e9alis\u00e9es par l&rsquo;AFP le 4 novembre 2025.<\/figcaption><\/figure>\n<\/div>\n<p>Cette rumeur n&rsquo;est pas nouvelle : mi-octobre, de nombreuses publications Facebook en fran\u00e7ais (<a href=\"https:\/\/archive.ph\/pJ9XA\" rel=\"nofollow noopener frozen appearance\" shape=\"rect\">3<\/a>, <a href=\"https:\/\/archive.ph\/uEooQ\" rel=\"nofollow noopener frozen appearance\" shape=\"rect\">4<\/a>)\u00a0<a href=\"https:\/\/archive.ph\/irwSJ\" rel=\"nofollow noopener frozen appearance\" shape=\"rect\">et en allemand<\/a>, cumulant des milliers de partages, en relayaient une version l\u00e9g\u00e8rement diff\u00e9rente, \u00e0 propos d&rsquo;un \u00ab\u00a0<em>ultimatum explosif<\/em>\u00a0\u00bb lanc\u00e9 par Giorgia Meloni \u00e0 l&rsquo;Union europ\u00e9enne, ou encore en soutenant qu&rsquo;elle avait exig\u00e9 \u00ab\u00a0<em>publiquement la d\u00e9mission d&rsquo;Ursula von der Leyen lors d&rsquo;un sommet europ\u00e9en explosif.<\/em>\u00a0\u00bb<\/p>\n<p>Mais c&rsquo;est faux : Giorgia Meloni n&rsquo;a fait aucune d\u00e9claration publique quant \u00e0 une sortie de l&rsquo;Italie de l&rsquo;Union europ\u00e9enne et n&rsquo;a pas non plus appel\u00e9 la pr\u00e9sidente de la Commission europ\u00e9enne \u00e0 d\u00e9missionner.<\/p>\n<p>\u00ab\u00a0<em>Il n&rsquo;y a pas eu d&rsquo;annonce du d\u00e9part de l&rsquo;Italie ou d&rsquo;exigence de la d\u00e9mission de la pr\u00e9sidente<\/em>\u00ab\u00a0, a confirm\u00e9 un porte-parole de la Commission europ\u00e9enne \u00e0 l&rsquo;AFP le 4 novembre 2025. Contact\u00e9 par l&rsquo;AFP, l&rsquo;entourage de Giorgia Meloni n&rsquo;avait pas donn\u00e9 suite \u00e0 nos sollicitations avant la publication de l&rsquo;article.<\/p>\n<p><b>Des proc\u00e9dures au cadre l\u00e9gal bien pr\u00e9cis<\/b><\/p>\n<p>En outre, <a href=\"https:\/\/eur-lex.europa.eu\/legal-content\/FR\/TXT\/?uri=LEGISSUM:withdrawal_clause\" rel=\"nofollow noopener evidence\" shape=\"rect\">comme le d\u00e9taille le site<\/a> de r\u00e9f\u00e9rence l\u00e9gale de l&rsquo;Union europ\u00e9enne, le droit de sortie des Etats membres de l&rsquo;UE est encadr\u00e9 par l&rsquo;article 50 du Trait\u00e9 sur le fonctionnement de l&rsquo;Union europ\u00e9enne (TUE ; lien archiv\u00e9 <a href=\"https:\/\/perma.cc\/4HWZ-FQHJ\" rel=\"nofollow noopener frozen evidence\" shape=\"rect\">ici<\/a>).<\/p>\n<p>En pratique, pour initier son \u00ab\u00a0<em>retrait volontaire et unilat\u00e9ral<\/em>\u00a0\u00bb de l&rsquo;UE, un Etat membre doit informer le\u00a0Conseil europ\u00e9en de son intention de le faire. Ce dernier est alors \u00ab\u00a0<em>tenu de fournir des orientations pour la conclusion d&rsquo;un accord fixant les modalit\u00e9s de retrait de ce pays.<\/em>\u00a0\u00bb<\/p>\n<p>Cet accord est ensuite conclu \u00ab\u00a0<em>au nom de l&rsquo;UE par le Conseil de l&rsquo;Union europ\u00e9enne, statuant \u00e0 la majorit\u00e9 qualifi\u00e9e, apr\u00e8s approbation du Parlement europ\u00e9en<\/em>\u00ab\u00a0.<\/p>\n<p>Cet article a \u00e9t\u00e9 utilis\u00e9 une seule fois, en 2017, par le Royaume-Uni, qui a effectivement quitt\u00e9 l&rsquo;UE le le 31 janvier 2020, lors du Brexit.<\/p>\n<p>Par ailleurs, obtenir la d\u00e9mission de la pr\u00e9sidente de la Commission europ\u00e9enne devrait passer par un vote, par le Parlement europ\u00e9en, d&rsquo;une motion de censure adopt\u00e9e par la majorit\u00e9 absolue des d\u00e9put\u00e9s, comme le dispose <a href=\"https:\/\/eur-lex.europa.eu\/legal-content\/FR\/TXT\/HTML\/?uri=CELEX:12016E234\" rel=\"nofollow noopener evidence\" shape=\"rect\">l&rsquo;article 234<\/a> du Trait\u00e9 sur le fonctionnement de l&rsquo;Union europ\u00e9enne (lien archiv\u00e9 <a href=\"https:\/\/perma.cc\/N2VH-VVAK\" rel=\"nofollow noopener frozen evidence\" shape=\"rect\">ici<\/a>).<\/p>\n<p><b>Une partie de la rumeur d\u00e9j\u00e0 relay\u00e9e en juillet<\/b><\/p>\n<p>Mi-juillet 2025, les eurod\u00e9put\u00e9s du parti de Giorgia Meloni avaient\u00a0<a href=\"https:\/\/euractiv.fr\/news\/le-vote-de-giorgia-meloni-contre-ursula-von-der-leyen-pourrait-se-retourner-contre-elle\/\" rel=\"nofollow noopener evidence\" shape=\"rect\">vot\u00e9 contre<\/a> la reconduction d&rsquo;Ursula von der Leyen \u00e0 la t\u00eate de la Commission europ\u00e9enne, affirmant que sa proximit\u00e9 avec les Verts rendait un soutien \u00ab\u00a0<em>impossible<\/em>\u00a0\u00bb (lien archiv\u00e9 <a href=\"https:\/\/archive.ph\/kPDr7\" rel=\"nofollow noopener frozen evidence\" shape=\"rect\">ici<\/a>).<\/p>\n<p>Giorgia Meloni, qui avait coop\u00e9r\u00e9 avec Ursula von der Leyen au cours de l&rsquo;ann\u00e9e 2025 sur d&rsquo;importants sujets, comme l&rsquo;immigration, s&rsquo;\u00e9tait refus\u00e9e \u00e0 dire au pr\u00e9alable comment son parti, Fratelli d&rsquo;Italia (FDI), voterait.<\/p>\n<p>Quelques jours apr\u00e8s la r\u00e9\u00e9lection d&rsquo;Ursula von der Leyen par une alliance de voix de la droite, du centre et de la gauche, une rumeur infond\u00e9e &#8211; v\u00e9rifi\u00e9e par <a href=\"https:\/\/lessurligneurs.eu\/non-giorgia-meloni-na-pas-exige-la-demission-dursula-van-der-leyen\/\" rel=\"nofollow noopener evidence\" shape=\"rect\">nos confr\u00e8res des Surligneurs<\/a> (lien archiv\u00e9 <a href=\"https:\/\/archive.ph\/tmWhu\" rel=\"nofollow noopener frozen evidence\" shape=\"rect\">ici<\/a>) &#8211; affirmant que Giorgia Meloni avait exig\u00e9 sa d\u00e9mission, avait d\u00e9j\u00e0 circul\u00e9 sur les r\u00e9seaux sociaux.<\/p>\n<div class=\"g2picture\">\n<figure><img src=\"https:\/\/belux-edmo.s3-accelerate.amazonaws.com\/wp-content\/uploads\/2025\/11\/f2aed2c59702373b7f9551e8c762b225c97e1e26-ipad_resized.jpg\" \/><figcaption>Giorgia Meloni au si\u00e8ge des Nations unies, le 24 septembre 2025 \u00e0 New York (Etats-Unis). &#8211; LEONARDO MUNOZ \/ AFP<\/figcaption><\/figure>\n<\/div>\n<p>Arriv\u00e9e au pouvoir en octobre 2022 \u00e0 la t\u00eate d&rsquo;une alliance entre la droite et l&rsquo;extr\u00eame droite, Giorgia Meloni a adopt\u00e9 une politique \u00e9conomique pragmatique, en ligne avec ses homologues conservateurs en Europe, pour redresser les comptes apr\u00e8s un d\u00e9rapage pendant l&rsquo;\u00e9pid\u00e9mie de Covid.<\/p>\n<p>Le ch\u00f4mage a fortement baiss\u00e9 (de 7,8% en octobre 2022 \u00e0 6% au mois d&rsquo;ao\u00fbt 2025) et le gouvernement compte faire passer le d\u00e9ficit public sous les 3% cette ann\u00e9e, atteignant les objectifs fix\u00e9s par la Commission europ\u00e9enne. Pr\u00e8s de quinze ans apr\u00e8s la crise de la dette italienne de l&rsquo;\u00e9t\u00e9 2011, la troisi\u00e8me \u00e9conomie europ\u00e9enne a ainsi regagn\u00e9 la confiance des march\u00e9s et a m\u00eame commenc\u00e9 \u00e0 emprunter pour moins cher que la France.<\/p>\n<p>La politique de Giorgia Meloni b\u00e9n\u00e9ficie largement des fonds du plan de relance europ\u00e9en, avec 140 milliards de pr\u00eats et subventions re\u00e7us jusqu&rsquo;ici, et encore 54 milliards en jeu d&rsquo;ici ao\u00fbt 2026.<\/p>\n<p>Une forte inflation emp\u00eache cependant de nombreux Italiens de profiter de cette embellie.\u00a0Surtout, une croissance an\u00e9mique (+0,5% pr\u00e9vu cette ann\u00e9e) n&rsquo;augure pas de jours meilleurs. Le pays est frein\u00e9 par sa faible productivit\u00e9, des exportations en baisse, et une population vieillissante.\u00a0L&rsquo;Italie reste \u00e9galement bien plus endett\u00e9e que d&rsquo;autres pays europ\u00e9ens comme la France, \u00e0 135% du produit int\u00e9rieur brut (PIB) contre 114% pour sa voisine.<\/p>\n<p><span class=\"e-afp-update-note\"><time datetime=\"2025-11-05T13:45:00+0100\">5 novembre 2025<\/time>corrige une coquille dans le premier paragraphe<\/span><\/p>\n","protected":false},"excerpt":{"rendered":"<p>Les eurod\u00e9put\u00e9s du parti de Giorgia Meloni, la pr\u00e9sidente du Conseil italien, avaient vot\u00e9 en juillet 2025 contre la reconduction d&rsquo;Ursula von der Leyen \u00e0 la t\u00eate de la Commission europ\u00e9enne &#8211; ce qui n&rsquo;avait pas emp\u00each\u00e9 sa r\u00e9\u00e9lection. Depuis, des publications tr\u00e8s partag\u00e9es sur les r\u00e9seaux sociaux pr\u00e9tendent r\u00e9guli\u00e8rement, comme c&rsquo;est \u00e0 nouveau le cas d\u00e9but novembre 2025, que Giorgia Meloni avait annonc\u00e9 le retrait de l&rsquo;Italie de l&rsquo;Union europ\u00e9enne et exig\u00e9 la \u00ab\u00a0d\u00e9mission\u00a0\u00bb d&rsquo;Ursula von der Leyen. Mais c&rsquo;est faux : la dirigeante italienne n&rsquo;a fait aucune d\u00e9claration publique allant dans ce sens et les proc\u00e9dures de retrait d&rsquo;un pays de l&rsquo;UE, de m\u00eame qu&rsquo;une d\u00e9mission de la t\u00eate de la Commission europ\u00e9enne, rel\u00e8vent d&rsquo;un processus l\u00e9gal sp\u00e9cifique.<\/p>\n","protected":false},"author":1,"featured_media":406890,"comment_status":"closed","ping_status":"closed","sticky":false,"template":"","format":"standard","meta":{"_acf_changed":false,"footnotes":""},"categories":[452,125,132,423],"tags":[],"class_list":{"0":"post-406905","1":"post","2":"type-post","3":"status-publish","4":"format-standard","5":"has-post-thumbnail","7":"category-editors-choice-fr","8":"category-fact-check-fr","9":"category-politique","10":"category-eu-fr"},"acf":{"show_metatags":true,"id":"http:\/\/doc.afp.com\/82YP463","authors":"Alexis ORSINI \/ AFP France","organization":"AFP","featured_image_copyright":"La pr\u00e9sidente de la Commission europ\u00e9enne Ursula Von Der Leyen et la pr\u00e9sidente du Conseil italien Giorgia Meloni, \u00e0 Rome, en Italie, le 20 juin 2025. - ALBERTO PIZZOLI \/ AFP","text_copyright":"\u00a9 AGENCE FRANCE-PRESSE | 2024 | Tous droits r\u00e9serv\u00e9s. L\u2019acc\u00e8s aux contenus de l'AFP publi\u00e9s sur ce site et, le cas \u00e9ch\u00e9ant, leur utilisation sont soumis aux conditions g\u00e9n\u00e9rales d'utilisation disponibles sur <a href='https:\/\/www.afp.com\/fr\/cgu' target='_blank'>CGU<\/a>. Par cons\u00e9quent, en acc\u00e9dant aux contenus de l\u2019AFP publi\u00e9s sur ce site, et en les utilisant, le cas \u00e9ch\u00e9ant, vous acceptez d'\u00eatre li\u00e9 par les conditions g\u00e9n\u00e9rales d'utilisation susmentionn\u00e9es. L\u2019utilisation de contenus de l'AFP se fait sous votre seule et enti\u00e8re responsabilit\u00e9.","source":"https:\/\/factuel.afp.com\/doc.afp.com.82YP463","fact_checker":"https:\/\/belux.wpengine.com\/wp-content\/uploads\/2021\/12\/afp_logo.png","share_this_post_to_edmo_website":false,"affiliation":"BELUX","type":"\u00c9v\u00e9nement ferm\u00e9","location":"","start_date":"","start_date_event_begins_at":"","start_date_event_ends_at":"","end_date":"","end_date_event_begins_at":"","end_date_event_ends_at":"","organizer":"","fact_checker_logo_image":false},"yoast_head":"<!-- This site is optimized with the Yoast SEO plugin v27.0 - https:\/\/yoast.com\/product\/yoast-seo-wordpress\/ -->\n<title>Non, Giorgia Meloni n&#039;a pas annonc\u00e9 le retrait de l&#039;Italie de l&#039;Union europ\u00e9enne - EDMO Belux<\/title>\n<meta name=\"robots\" content=\"index, follow, max-snippet:-1, max-image-preview:large, max-video-preview:-1\" \/>\n<link rel=\"canonical\" href=\"https:\/\/belux.edmo.eu\/fr\/non-giorgia-meloni-na-pas-annonc-le-retrait-de-litalie-de-lunion-europenne\/\" \/>\n<meta property=\"og:locale\" content=\"fr_FR\" \/>\n<meta property=\"og:type\" content=\"article\" \/>\n<meta property=\"og:title\" content=\"Non, Giorgia Meloni n&#039;a pas annonc\u00e9 le retrait de l&#039;Italie de l&#039;Union europ\u00e9enne - EDMO Belux\" \/>\n<meta property=\"og:description\" content=\"Les eurod\u00e9put\u00e9s du parti de Giorgia Meloni, la pr\u00e9sidente du Conseil italien, avaient vot\u00e9 en juillet 2025 contre la reconduction d&#039;Ursula von der Leyen \u00e0 la t\u00eate de la Commission europ\u00e9enne - ce qui n&#039;avait pas emp\u00each\u00e9 sa r\u00e9\u00e9lection. Depuis, des publications tr\u00e8s partag\u00e9es sur les r\u00e9seaux sociaux pr\u00e9tendent r\u00e9guli\u00e8rement, comme c&#039;est \u00e0 nouveau le cas d\u00e9but novembre 2025, que Giorgia Meloni avait annonc\u00e9 le retrait de l&#039;Italie de l&#039;Union europ\u00e9enne et exig\u00e9 la &quot;d\u00e9mission&quot; d&#039;Ursula von der Leyen. Mais c&#039;est faux : la dirigeante italienne n&#039;a fait aucune d\u00e9claration publique allant dans ce sens et les proc\u00e9dures de retrait d&#039;un pays de l&#039;UE, de m\u00eame qu&#039;une d\u00e9mission de la t\u00eate de la Commission europ\u00e9enne, rel\u00e8vent d&#039;un processus l\u00e9gal sp\u00e9cifique.\" \/>\n<meta property=\"og:url\" content=\"https:\/\/belux.edmo.eu\/fr\/non-giorgia-meloni-na-pas-annonc-le-retrait-de-litalie-de-lunion-europenne\/\" \/>\n<meta property=\"og:site_name\" content=\"EDMO Belux\" \/>\n<meta property=\"article:published_time\" content=\"2025-11-06T10:28:07+00:00\" \/>\n<meta property=\"article:modified_time\" content=\"2025-11-06T11:00:50+00:00\" \/>\n<meta property=\"og:image\" content=\"https:\/\/belux-edmo.s3-accelerate.amazonaws.com\/wp-content\/uploads\/2025\/11\/136c786c217e02bbfba4f35c82200bbd8c76617e-ipad_resized.jpg\" \/>\n\t<meta property=\"og:image:width\" content=\"1080\" \/>\n\t<meta property=\"og:image:height\" content=\"720\" \/>\n\t<meta property=\"og:image:type\" content=\"image\/jpeg\" \/>\n<meta name=\"author\" content=\"master\" \/>\n<meta name=\"twitter:card\" content=\"summary_large_image\" \/>\n<meta name=\"twitter:creator\" content=\"@Edmo_Belux\" \/>\n<meta name=\"twitter:site\" content=\"@Edmo_Belux\" \/>\n<meta name=\"twitter:label1\" content=\"\u00c9crit par\" \/>\n\t<meta name=\"twitter:data1\" content=\"master\" \/>\n\t<meta name=\"twitter:label2\" content=\"Dur\u00e9e de lecture estim\u00e9e\" \/>\n\t<meta name=\"twitter:data2\" content=\"5 minutes\" \/>\n<script type=\"application\/ld+json\" class=\"yoast-schema-graph\">{\"@context\":\"https:\/\/schema.org\",\"@graph\":[{\"@type\":\"Article\",\"@id\":\"https:\/\/belux.edmo.eu\/fr\/non-giorgia-meloni-na-pas-annonc-le-retrait-de-litalie-de-lunion-europenne\/#article\",\"isPartOf\":{\"@id\":\"https:\/\/belux.edmo.eu\/fr\/non-giorgia-meloni-na-pas-annonc-le-retrait-de-litalie-de-lunion-europenne\/\"},\"author\":{\"name\":\"master\",\"@id\":\"https:\/\/belux.edmo.eu\/#\/schema\/person\/dbe3b252258537fd318f9b5645a30342\"},\"headline\":\"Non, Giorgia Meloni n&rsquo;a pas annonc\u00e9 le retrait de l&rsquo;Italie de l&rsquo;Union europ\u00e9enne\",\"datePublished\":\"2025-11-06T10:28:07+00:00\",\"dateModified\":\"2025-11-06T11:00:50+00:00\",\"mainEntityOfPage\":{\"@id\":\"https:\/\/belux.edmo.eu\/fr\/non-giorgia-meloni-na-pas-annonc-le-retrait-de-litalie-de-lunion-europenne\/\"},\"wordCount\":1130,\"publisher\":{\"@id\":\"https:\/\/belux.edmo.eu\/#organization\"},\"image\":{\"@id\":\"https:\/\/belux.edmo.eu\/fr\/non-giorgia-meloni-na-pas-annonc-le-retrait-de-litalie-de-lunion-europenne\/#primaryimage\"},\"thumbnailUrl\":\"https:\/\/belux-edmo.s3-accelerate.amazonaws.com\/wp-content\/uploads\/2025\/11\/136c786c217e02bbfba4f35c82200bbd8c76617e-ipad_resized.jpg\",\"articleSection\":[\"Editor's Choice Slider FR\",\"Fact-Check\",\"Politique\",\"UE\"],\"inLanguage\":\"fr-FR\"},{\"@type\":\"WebPage\",\"@id\":\"https:\/\/belux.edmo.eu\/fr\/non-giorgia-meloni-na-pas-annonc-le-retrait-de-litalie-de-lunion-europenne\/\",\"url\":\"https:\/\/belux.edmo.eu\/fr\/non-giorgia-meloni-na-pas-annonc-le-retrait-de-litalie-de-lunion-europenne\/\",\"name\":\"Non, Giorgia Meloni n'a pas annonc\u00e9 le retrait de l'Italie de l'Union europ\u00e9enne - EDMO Belux\",\"isPartOf\":{\"@id\":\"https:\/\/belux.edmo.eu\/#website\"},\"primaryImageOfPage\":{\"@id\":\"https:\/\/belux.edmo.eu\/fr\/non-giorgia-meloni-na-pas-annonc-le-retrait-de-litalie-de-lunion-europenne\/#primaryimage\"},\"image\":{\"@id\":\"https:\/\/belux.edmo.eu\/fr\/non-giorgia-meloni-na-pas-annonc-le-retrait-de-litalie-de-lunion-europenne\/#primaryimage\"},\"thumbnailUrl\":\"https:\/\/belux-edmo.s3-accelerate.amazonaws.com\/wp-content\/uploads\/2025\/11\/136c786c217e02bbfba4f35c82200bbd8c76617e-ipad_resized.jpg\",\"datePublished\":\"2025-11-06T10:28:07+00:00\",\"dateModified\":\"2025-11-06T11:00:50+00:00\",\"breadcrumb\":{\"@id\":\"https:\/\/belux.edmo.eu\/fr\/non-giorgia-meloni-na-pas-annonc-le-retrait-de-litalie-de-lunion-europenne\/#breadcrumb\"},\"inLanguage\":\"fr-FR\",\"potentialAction\":[{\"@type\":\"ReadAction\",\"target\":[\"https:\/\/belux.edmo.eu\/fr\/non-giorgia-meloni-na-pas-annonc-le-retrait-de-litalie-de-lunion-europenne\/\"]}]},{\"@type\":\"ImageObject\",\"inLanguage\":\"fr-FR\",\"@id\":\"https:\/\/belux.edmo.eu\/fr\/non-giorgia-meloni-na-pas-annonc-le-retrait-de-litalie-de-lunion-europenne\/#primaryimage\",\"url\":\"https:\/\/belux-edmo.s3-accelerate.amazonaws.com\/wp-content\/uploads\/2025\/11\/136c786c217e02bbfba4f35c82200bbd8c76617e-ipad_resized.jpg\",\"contentUrl\":\"https:\/\/belux-edmo.s3-accelerate.amazonaws.com\/wp-content\/uploads\/2025\/11\/136c786c217e02bbfba4f35c82200bbd8c76617e-ipad_resized.jpg\",\"width\":1080,\"height\":720,\"caption\":\"Non, Giorgia Meloni n'a pas annonc\u00e9 le retrait de l'Italie de l'Union europ\u00e9enne - Featured image\"},{\"@type\":\"BreadcrumbList\",\"@id\":\"https:\/\/belux.edmo.eu\/fr\/non-giorgia-meloni-na-pas-annonc-le-retrait-de-litalie-de-lunion-europenne\/#breadcrumb\",\"itemListElement\":[{\"@type\":\"ListItem\",\"position\":1,\"name\":\"Home\",\"item\":\"https:\/\/belux.edmo.eu\/fr\/\"},{\"@type\":\"ListItem\",\"position\":2,\"name\":\"Non, Giorgia Meloni n&#8217;a pas annonc\u00e9 le retrait de l&#8217;Italie de l&#8217;Union europ\u00e9enne\"}]},{\"@type\":\"WebSite\",\"@id\":\"https:\/\/belux.edmo.eu\/#website\",\"url\":\"https:\/\/belux.edmo.eu\/\",\"name\":\"EDMO Belux\",\"description\":\"Monitoring Disinformation in Belgium and Luxembourg\",\"publisher\":{\"@id\":\"https:\/\/belux.edmo.eu\/#organization\"},\"potentialAction\":[{\"@type\":\"SearchAction\",\"target\":{\"@type\":\"EntryPoint\",\"urlTemplate\":\"https:\/\/belux.edmo.eu\/?s={search_term_string}\"},\"query-input\":{\"@type\":\"PropertyValueSpecification\",\"valueRequired\":true,\"valueName\":\"search_term_string\"}}],\"inLanguage\":\"fr-FR\"},{\"@type\":\"Organization\",\"@id\":\"https:\/\/belux.edmo.eu\/#organization\",\"name\":\"EDMO Belux\",\"url\":\"https:\/\/belux.edmo.eu\/\",\"logo\":{\"@type\":\"ImageObject\",\"inLanguage\":\"fr-FR\",\"@id\":\"https:\/\/belux.edmo.eu\/#\/schema\/logo\/image\/\",\"url\":\"https:\/\/belux.edmo.eu\/wp-content\/uploads\/2021\/12\/belux-logo-full-color-rgb.svg\",\"contentUrl\":\"https:\/\/belux.edmo.eu\/wp-content\/uploads\/2021\/12\/belux-logo-full-color-rgb.svg\",\"width\":1,\"height\":1,\"caption\":\"EDMO Belux\"},\"image\":{\"@id\":\"https:\/\/belux.edmo.eu\/#\/schema\/logo\/image\/\"},\"sameAs\":[\"https:\/\/x.com\/Edmo_Belux\"]},{\"@type\":\"Person\",\"@id\":\"https:\/\/belux.edmo.eu\/#\/schema\/person\/dbe3b252258537fd318f9b5645a30342\",\"name\":\"master\",\"sameAs\":[\"https:\/\/belux.wpengine.com\"],\"url\":\"https:\/\/belux.edmo.eu\/fr\/author\/master\/\"}]}<\/script>\n<!-- \/ Yoast SEO plugin. -->","yoast_head_json":{"title":"Non, Giorgia Meloni n'a pas annonc\u00e9 le retrait de l'Italie de l'Union europ\u00e9enne - EDMO Belux","robots":{"index":"index","follow":"follow","max-snippet":"max-snippet:-1","max-image-preview":"max-image-preview:large","max-video-preview":"max-video-preview:-1"},"canonical":"https:\/\/belux.edmo.eu\/fr\/non-giorgia-meloni-na-pas-annonc-le-retrait-de-litalie-de-lunion-europenne\/","og_locale":"fr_FR","og_type":"article","og_title":"Non, Giorgia Meloni n'a pas annonc\u00e9 le retrait de l'Italie de l'Union europ\u00e9enne - EDMO Belux","og_description":"Les eurod\u00e9put\u00e9s du parti de Giorgia Meloni, la pr\u00e9sidente du Conseil italien, avaient vot\u00e9 en juillet 2025 contre la reconduction d'Ursula von der Leyen \u00e0 la t\u00eate de la Commission europ\u00e9enne - ce qui n'avait pas emp\u00each\u00e9 sa r\u00e9\u00e9lection. Depuis, des publications tr\u00e8s partag\u00e9es sur les r\u00e9seaux sociaux pr\u00e9tendent r\u00e9guli\u00e8rement, comme c'est \u00e0 nouveau le cas d\u00e9but novembre 2025, que Giorgia Meloni avait annonc\u00e9 le retrait de l'Italie de l'Union europ\u00e9enne et exig\u00e9 la \"d\u00e9mission\" d'Ursula von der Leyen. Mais c'est faux : la dirigeante italienne n'a fait aucune d\u00e9claration publique allant dans ce sens et les proc\u00e9dures de retrait d'un pays de l'UE, de m\u00eame qu'une d\u00e9mission de la t\u00eate de la Commission europ\u00e9enne, rel\u00e8vent d'un processus l\u00e9gal sp\u00e9cifique.","og_url":"https:\/\/belux.edmo.eu\/fr\/non-giorgia-meloni-na-pas-annonc-le-retrait-de-litalie-de-lunion-europenne\/","og_site_name":"EDMO Belux","article_published_time":"2025-11-06T10:28:07+00:00","article_modified_time":"2025-11-06T11:00:50+00:00","og_image":[{"width":1080,"height":720,"url":"https:\/\/belux-edmo.s3-accelerate.amazonaws.com\/wp-content\/uploads\/2025\/11\/136c786c217e02bbfba4f35c82200bbd8c76617e-ipad_resized.jpg","type":"image\/jpeg"}],"author":"master","twitter_card":"summary_large_image","twitter_creator":"@Edmo_Belux","twitter_site":"@Edmo_Belux","twitter_misc":{"\u00c9crit par":"master","Dur\u00e9e de lecture estim\u00e9e":"5 minutes"},"schema":{"@context":"https:\/\/schema.org","@graph":[{"@type":"Article","@id":"https:\/\/belux.edmo.eu\/fr\/non-giorgia-meloni-na-pas-annonc-le-retrait-de-litalie-de-lunion-europenne\/#article","isPartOf":{"@id":"https:\/\/belux.edmo.eu\/fr\/non-giorgia-meloni-na-pas-annonc-le-retrait-de-litalie-de-lunion-europenne\/"},"author":{"name":"master","@id":"https:\/\/belux.edmo.eu\/#\/schema\/person\/dbe3b252258537fd318f9b5645a30342"},"headline":"Non, Giorgia Meloni n&rsquo;a pas annonc\u00e9 le retrait de l&rsquo;Italie de l&rsquo;Union europ\u00e9enne","datePublished":"2025-11-06T10:28:07+00:00","dateModified":"2025-11-06T11:00:50+00:00","mainEntityOfPage":{"@id":"https:\/\/belux.edmo.eu\/fr\/non-giorgia-meloni-na-pas-annonc-le-retrait-de-litalie-de-lunion-europenne\/"},"wordCount":1130,"publisher":{"@id":"https:\/\/belux.edmo.eu\/#organization"},"image":{"@id":"https:\/\/belux.edmo.eu\/fr\/non-giorgia-meloni-na-pas-annonc-le-retrait-de-litalie-de-lunion-europenne\/#primaryimage"},"thumbnailUrl":"https:\/\/belux-edmo.s3-accelerate.amazonaws.com\/wp-content\/uploads\/2025\/11\/136c786c217e02bbfba4f35c82200bbd8c76617e-ipad_resized.jpg","articleSection":["Editor's Choice Slider FR","Fact-Check","Politique","UE"],"inLanguage":"fr-FR"},{"@type":"WebPage","@id":"https:\/\/belux.edmo.eu\/fr\/non-giorgia-meloni-na-pas-annonc-le-retrait-de-litalie-de-lunion-europenne\/","url":"https:\/\/belux.edmo.eu\/fr\/non-giorgia-meloni-na-pas-annonc-le-retrait-de-litalie-de-lunion-europenne\/","name":"Non, Giorgia Meloni n'a pas annonc\u00e9 le retrait de l'Italie de l'Union europ\u00e9enne - EDMO Belux","isPartOf":{"@id":"https:\/\/belux.edmo.eu\/#website"},"primaryImageOfPage":{"@id":"https:\/\/belux.edmo.eu\/fr\/non-giorgia-meloni-na-pas-annonc-le-retrait-de-litalie-de-lunion-europenne\/#primaryimage"},"image":{"@id":"https:\/\/belux.edmo.eu\/fr\/non-giorgia-meloni-na-pas-annonc-le-retrait-de-litalie-de-lunion-europenne\/#primaryimage"},"thumbnailUrl":"https:\/\/belux-edmo.s3-accelerate.amazonaws.com\/wp-content\/uploads\/2025\/11\/136c786c217e02bbfba4f35c82200bbd8c76617e-ipad_resized.jpg","datePublished":"2025-11-06T10:28:07+00:00","dateModified":"2025-11-06T11:00:50+00:00","breadcrumb":{"@id":"https:\/\/belux.edmo.eu\/fr\/non-giorgia-meloni-na-pas-annonc-le-retrait-de-litalie-de-lunion-europenne\/#breadcrumb"},"inLanguage":"fr-FR","potentialAction":[{"@type":"ReadAction","target":["https:\/\/belux.edmo.eu\/fr\/non-giorgia-meloni-na-pas-annonc-le-retrait-de-litalie-de-lunion-europenne\/"]}]},{"@type":"ImageObject","inLanguage":"fr-FR","@id":"https:\/\/belux.edmo.eu\/fr\/non-giorgia-meloni-na-pas-annonc-le-retrait-de-litalie-de-lunion-europenne\/#primaryimage","url":"https:\/\/belux-edmo.s3-accelerate.amazonaws.com\/wp-content\/uploads\/2025\/11\/136c786c217e02bbfba4f35c82200bbd8c76617e-ipad_resized.jpg","contentUrl":"https:\/\/belux-edmo.s3-accelerate.amazonaws.com\/wp-content\/uploads\/2025\/11\/136c786c217e02bbfba4f35c82200bbd8c76617e-ipad_resized.jpg","width":1080,"height":720,"caption":"Non, Giorgia Meloni n'a pas annonc\u00e9 le retrait de l'Italie de l'Union europ\u00e9enne - Featured image"},{"@type":"BreadcrumbList","@id":"https:\/\/belux.edmo.eu\/fr\/non-giorgia-meloni-na-pas-annonc-le-retrait-de-litalie-de-lunion-europenne\/#breadcrumb","itemListElement":[{"@type":"ListItem","position":1,"name":"Home","item":"https:\/\/belux.edmo.eu\/fr\/"},{"@type":"ListItem","position":2,"name":"Non, Giorgia Meloni n&#8217;a pas annonc\u00e9 le retrait de l&#8217;Italie de l&#8217;Union europ\u00e9enne"}]},{"@type":"WebSite","@id":"https:\/\/belux.edmo.eu\/#website","url":"https:\/\/belux.edmo.eu\/","name":"EDMO Belux","description":"Monitoring Disinformation in Belgium and Luxembourg","publisher":{"@id":"https:\/\/belux.edmo.eu\/#organization"},"potentialAction":[{"@type":"SearchAction","target":{"@type":"EntryPoint","urlTemplate":"https:\/\/belux.edmo.eu\/?s={search_term_string}"},"query-input":{"@type":"PropertyValueSpecification","valueRequired":true,"valueName":"search_term_string"}}],"inLanguage":"fr-FR"},{"@type":"Organization","@id":"https:\/\/belux.edmo.eu\/#organization","name":"EDMO Belux","url":"https:\/\/belux.edmo.eu\/","logo":{"@type":"ImageObject","inLanguage":"fr-FR","@id":"https:\/\/belux.edmo.eu\/#\/schema\/logo\/image\/","url":"https:\/\/belux.edmo.eu\/wp-content\/uploads\/2021\/12\/belux-logo-full-color-rgb.svg","contentUrl":"https:\/\/belux.edmo.eu\/wp-content\/uploads\/2021\/12\/belux-logo-full-color-rgb.svg","width":1,"height":1,"caption":"EDMO Belux"},"image":{"@id":"https:\/\/belux.edmo.eu\/#\/schema\/logo\/image\/"},"sameAs":["https:\/\/x.com\/Edmo_Belux"]},{"@type":"Person","@id":"https:\/\/belux.edmo.eu\/#\/schema\/person\/dbe3b252258537fd318f9b5645a30342","name":"master","sameAs":["https:\/\/belux.wpengine.com"],"url":"https:\/\/belux.edmo.eu\/fr\/author\/master\/"}]}},"menu_order":0,"_links":{"self":[{"href":"https:\/\/belux.edmo.eu\/fr\/wp-json\/wp\/v2\/posts\/406905","targetHints":{"allow":["GET"]}}],"collection":[{"href":"https:\/\/belux.edmo.eu\/fr\/wp-json\/wp\/v2\/posts"}],"about":[{"href":"https:\/\/belux.edmo.eu\/fr\/wp-json\/wp\/v2\/types\/post"}],"author":[{"embeddable":true,"href":"https:\/\/belux.edmo.eu\/fr\/wp-json\/wp\/v2\/users\/1"}],"replies":[{"embeddable":true,"href":"https:\/\/belux.edmo.eu\/fr\/wp-json\/wp\/v2\/comments?post=406905"}],"version-history":[{"count":0,"href":"https:\/\/belux.edmo.eu\/fr\/wp-json\/wp\/v2\/posts\/406905\/revisions"}],"wp:featuredmedia":[{"embeddable":true,"href":"https:\/\/belux.edmo.eu\/fr\/wp-json\/wp\/v2\/media\/406890"}],"wp:attachment":[{"href":"https:\/\/belux.edmo.eu\/fr\/wp-json\/wp\/v2\/media?parent=406905"}],"wp:term":[{"taxonomy":"category","embeddable":true,"href":"https:\/\/belux.edmo.eu\/fr\/wp-json\/wp\/v2\/categories?post=406905"},{"taxonomy":"post_tag","embeddable":true,"href":"https:\/\/belux.edmo.eu\/fr\/wp-json\/wp\/v2\/tags?post=406905"}],"curies":[{"name":"wp","href":"https:\/\/api.w.org\/{rel}","templated":true}]}}