{"id":409058,"date":"2025-11-14T12:15:52","date_gmt":"2025-11-14T12:15:52","guid":{"rendered":"https:\/\/belux.edmo.eu\/?p=409058"},"modified":"2025-11-14T12:15:52","modified_gmt":"2025-11-14T12:15:52","slug":"la-belgique-au-centre-de-la-guerre-hybride-cartographie-des-survols-de-drones-en-europe","status":"publish","type":"post","link":"https:\/\/belux.edmo.eu\/fr\/la-belgique-au-centre-de-la-guerre-hybride-cartographie-des-survols-de-drones-en-europe\/","title":{"rendered":"La Belgique au centre de la guerre hybride ? Cartographie des survols de drones en Europe"},"content":{"rendered":"<p><strong>Apr\u00e8s la multiplication des incidents impliquant des survols de drones au-dessus de plusieurs bases militaires et des a\u00e9roport en Belgique, la r\u00e9daction D\u00e9crypte de la RTBF a r\u00e9pertori\u00e9 et cartographi\u00e9 ses survols. <\/strong><\/p>\n<p>\u00c0 une plus large \u00e9chelle, depuis le d\u00e9but du mois de septembre 2025, l&rsquo;Europe est elle aussi expos\u00e9e de fa\u00e7on de plus en plus fr\u00e9quente \u00e0 la pr\u00e9sence de drones. La carte de ces violations de l&rsquo;espace a\u00e9rien d\u00e9montrent une pr\u00e9sence accrue de ces objets volants au nord et \u00e0 l&rsquo;est du continent.<\/p>\n<p>Mais alors que tous les regards se tournent vers la Russie, la Belgique est-elle devenue l&rsquo;\u00e9picentre de la guerre hybride ?<\/p>\n<p><a href=\"https:\/\/www.rtbf.be\/article\/la-belgique-au-centre-de-la-guerre-hybride-cartographie-des-survols-de-drones-en-europe-11628663\">D\u00e9couvrez nos cartes et des \u00e9l\u00e9ments de r\u00e9ponses dans ce format interactif<\/a>.<\/p>\n","protected":false},"excerpt":{"rendered":"<p>Apr\u00e8s la multiplication des incidents impliquant des survols de drones au-dessus de plusieurs bases militaires et des a\u00e9roport en Belgique,&#8230;<\/p>\n","protected":false},"author":4,"featured_media":409069,"comment_status":"closed","ping_status":"closed","sticky":false,"template":"","format":"standard","meta":{"_acf_changed":false,"footnotes":""},"categories":[142,452,132,389],"tags":[490],"class_list":{"0":"post-409058","1":"post","2":"type-post","3":"status-publish","4":"format-standard","5":"has-post-thumbnail","7":"category-actualites","8":"category-editors-choice-fr","9":"category-politique","10":"category-technologie-fact-check-fr-2","11":"tag-focus"},"acf":{"share_this_post_to_edmo_website":false,"affiliation":"BELUX","type":"\u00c9v\u00e9nement ferm\u00e9","location":"","start_date":"","start_date_event_begins_at":"","start_date_event_ends_at":"","end_date":"","end_date_event_begins_at":"","end_date_event_ends_at":"","organizer":"","show_metatags":true,"id":"","authors":"Daphn\u00e9 Van Ossel, Gr\u00e9goire Ryckmans et Ambroise Carton","organization":"RTBF","featured_image_copyright":"RTBF","text_copyright":"RTBF","source":"https:\/\/www.rtbf.be\/article\/la-belgique-au-centre-de-la-guerre-hybride-cartographie-des-survols-de-drones-en-europe-11628663","fact_checker":"https:\/\/belux.wpengine.com\/wp-content\/uploads\/2022\/01\/rtbf-logo.jpg","fact_checker_logo_image":false},"yoast_head":"<!-- This site is optimized with the Yoast SEO plugin v27.0 - https:\/\/yoast.com\/product\/yoast-seo-wordpress\/ -->\n<title>La Belgique au centre de la guerre hybride ? Cartographie des survols de drones en Europe - EDMO Belux<\/title>\n<meta name=\"robots\" content=\"index, follow, max-snippet:-1, max-image-preview:large, max-video-preview:-1\" \/>\n<link rel=\"canonical\" href=\"https:\/\/belux.edmo.eu\/fr\/la-belgique-au-centre-de-la-guerre-hybride-cartographie-des-survols-de-drones-en-europe\/\" \/>\n<meta property=\"og:locale\" content=\"fr_FR\" \/>\n<meta property=\"og:type\" content=\"article\" \/>\n<meta property=\"og:title\" content=\"La Belgique au centre de la guerre hybride ? Cartographie des survols de drones en Europe - EDMO Belux\" \/>\n<meta property=\"og:description\" content=\"Apr\u00e8s la multiplication des incidents impliquant des survols de drones au-dessus de plusieurs bases militaires et des a\u00e9roport en Belgique,...\" \/>\n<meta property=\"og:url\" content=\"https:\/\/belux.edmo.eu\/fr\/la-belgique-au-centre-de-la-guerre-hybride-cartographie-des-survols-de-drones-en-europe\/\" \/>\n<meta property=\"og:site_name\" content=\"EDMO Belux\" \/>\n<meta property=\"article:published_time\" content=\"2025-11-14T12:15:52+00:00\" \/>\n<meta property=\"og:image\" content=\"https:\/\/belux-edmo.s3-accelerate.amazonaws.com\/wp-content\/uploads\/2025\/11\/OK-Illu-Decrypte-1-OK-Edmo.jpg\" \/>\n\t<meta property=\"og:image:width\" content=\"1512\" \/>\n\t<meta property=\"og:image:height\" content=\"1008\" \/>\n\t<meta property=\"og:image:type\" content=\"image\/jpeg\" \/>\n<meta name=\"author\" content=\"Gregoire Ryckmans\" \/>\n<meta name=\"twitter:card\" content=\"summary_large_image\" \/>\n<meta name=\"twitter:creator\" content=\"@Edmo_Belux\" \/>\n<meta name=\"twitter:site\" content=\"@Edmo_Belux\" \/>\n<meta name=\"twitter:label1\" content=\"\u00c9crit par\" \/>\n\t<meta name=\"twitter:data1\" content=\"Gregoire Ryckmans\" \/>\n\t<meta name=\"twitter:label2\" content=\"Dur\u00e9e de lecture estim\u00e9e\" \/>\n\t<meta name=\"twitter:data2\" content=\"1 minute\" \/>\n<script type=\"application\/ld+json\" class=\"yoast-schema-graph\">{\"@context\":\"https:\/\/schema.org\",\"@graph\":[{\"@type\":\"Article\",\"@id\":\"https:\/\/belux.edmo.eu\/fr\/la-belgique-au-centre-de-la-guerre-hybride-cartographie-des-survols-de-drones-en-europe\/#article\",\"isPartOf\":{\"@id\":\"https:\/\/belux.edmo.eu\/fr\/la-belgique-au-centre-de-la-guerre-hybride-cartographie-des-survols-de-drones-en-europe\/\"},\"author\":{\"name\":\"Gregoire Ryckmans\",\"@id\":\"https:\/\/belux.edmo.eu\/#\/schema\/person\/aecb7e82ab587cb5bd83356cce6d626b\"},\"headline\":\"La Belgique au centre de la guerre hybride ? Cartographie des survols de drones en Europe\",\"datePublished\":\"2025-11-14T12:15:52+00:00\",\"mainEntityOfPage\":{\"@id\":\"https:\/\/belux.edmo.eu\/fr\/la-belgique-au-centre-de-la-guerre-hybride-cartographie-des-survols-de-drones-en-europe\/\"},\"wordCount\":148,\"publisher\":{\"@id\":\"https:\/\/belux.edmo.eu\/#organization\"},\"image\":{\"@id\":\"https:\/\/belux.edmo.eu\/fr\/la-belgique-au-centre-de-la-guerre-hybride-cartographie-des-survols-de-drones-en-europe\/#primaryimage\"},\"thumbnailUrl\":\"https:\/\/belux-edmo.s3-accelerate.amazonaws.com\/wp-content\/uploads\/2025\/11\/OK-Illu-Decrypte-1-OK-Edmo.jpg\",\"keywords\":[\"Focus\"],\"articleSection\":[\"Actualit\u00e9s\",\"Editor's Choice Slider FR\",\"Politique\",\"Technologie\"],\"inLanguage\":\"fr-FR\"},{\"@type\":\"WebPage\",\"@id\":\"https:\/\/belux.edmo.eu\/fr\/la-belgique-au-centre-de-la-guerre-hybride-cartographie-des-survols-de-drones-en-europe\/\",\"url\":\"https:\/\/belux.edmo.eu\/fr\/la-belgique-au-centre-de-la-guerre-hybride-cartographie-des-survols-de-drones-en-europe\/\",\"name\":\"La Belgique au centre de la guerre hybride ? Cartographie des survols de drones en Europe - EDMO Belux\",\"isPartOf\":{\"@id\":\"https:\/\/belux.edmo.eu\/#website\"},\"primaryImageOfPage\":{\"@id\":\"https:\/\/belux.edmo.eu\/fr\/la-belgique-au-centre-de-la-guerre-hybride-cartographie-des-survols-de-drones-en-europe\/#primaryimage\"},\"image\":{\"@id\":\"https:\/\/belux.edmo.eu\/fr\/la-belgique-au-centre-de-la-guerre-hybride-cartographie-des-survols-de-drones-en-europe\/#primaryimage\"},\"thumbnailUrl\":\"https:\/\/belux-edmo.s3-accelerate.amazonaws.com\/wp-content\/uploads\/2025\/11\/OK-Illu-Decrypte-1-OK-Edmo.jpg\",\"datePublished\":\"2025-11-14T12:15:52+00:00\",\"breadcrumb\":{\"@id\":\"https:\/\/belux.edmo.eu\/fr\/la-belgique-au-centre-de-la-guerre-hybride-cartographie-des-survols-de-drones-en-europe\/#breadcrumb\"},\"inLanguage\":\"fr-FR\",\"potentialAction\":[{\"@type\":\"ReadAction\",\"target\":[\"https:\/\/belux.edmo.eu\/fr\/la-belgique-au-centre-de-la-guerre-hybride-cartographie-des-survols-de-drones-en-europe\/\"]}]},{\"@type\":\"ImageObject\",\"inLanguage\":\"fr-FR\",\"@id\":\"https:\/\/belux.edmo.eu\/fr\/la-belgique-au-centre-de-la-guerre-hybride-cartographie-des-survols-de-drones-en-europe\/#primaryimage\",\"url\":\"https:\/\/belux-edmo.s3-accelerate.amazonaws.com\/wp-content\/uploads\/2025\/11\/OK-Illu-Decrypte-1-OK-Edmo.jpg\",\"contentUrl\":\"https:\/\/belux-edmo.s3-accelerate.amazonaws.com\/wp-content\/uploads\/2025\/11\/OK-Illu-Decrypte-1-OK-Edmo.jpg\",\"width\":1512,\"height\":1008},{\"@type\":\"BreadcrumbList\",\"@id\":\"https:\/\/belux.edmo.eu\/fr\/la-belgique-au-centre-de-la-guerre-hybride-cartographie-des-survols-de-drones-en-europe\/#breadcrumb\",\"itemListElement\":[{\"@type\":\"ListItem\",\"position\":1,\"name\":\"Home\",\"item\":\"https:\/\/belux.edmo.eu\/fr\/\"},{\"@type\":\"ListItem\",\"position\":2,\"name\":\"La Belgique au centre de la guerre hybride ? Cartographie des survols de drones en Europe\"}]},{\"@type\":\"WebSite\",\"@id\":\"https:\/\/belux.edmo.eu\/#website\",\"url\":\"https:\/\/belux.edmo.eu\/\",\"name\":\"EDMO Belux\",\"description\":\"Monitoring Disinformation in Belgium and Luxembourg\",\"publisher\":{\"@id\":\"https:\/\/belux.edmo.eu\/#organization\"},\"potentialAction\":[{\"@type\":\"SearchAction\",\"target\":{\"@type\":\"EntryPoint\",\"urlTemplate\":\"https:\/\/belux.edmo.eu\/?s={search_term_string}\"},\"query-input\":{\"@type\":\"PropertyValueSpecification\",\"valueRequired\":true,\"valueName\":\"search_term_string\"}}],\"inLanguage\":\"fr-FR\"},{\"@type\":\"Organization\",\"@id\":\"https:\/\/belux.edmo.eu\/#organization\",\"name\":\"EDMO Belux\",\"url\":\"https:\/\/belux.edmo.eu\/\",\"logo\":{\"@type\":\"ImageObject\",\"inLanguage\":\"fr-FR\",\"@id\":\"https:\/\/belux.edmo.eu\/#\/schema\/logo\/image\/\",\"url\":\"https:\/\/belux.edmo.eu\/wp-content\/uploads\/2021\/12\/belux-logo-full-color-rgb.svg\",\"contentUrl\":\"https:\/\/belux.edmo.eu\/wp-content\/uploads\/2021\/12\/belux-logo-full-color-rgb.svg\",\"width\":1,\"height\":1,\"caption\":\"EDMO Belux\"},\"image\":{\"@id\":\"https:\/\/belux.edmo.eu\/#\/schema\/logo\/image\/\"},\"sameAs\":[\"https:\/\/x.com\/Edmo_Belux\"]},{\"@type\":\"Person\",\"@id\":\"https:\/\/belux.edmo.eu\/#\/schema\/person\/aecb7e82ab587cb5bd83356cce6d626b\",\"name\":\"Gregoire Ryckmans\",\"url\":\"https:\/\/belux.edmo.eu\/fr\/author\/gryckmans\/\"}]}<\/script>\n<!-- \/ Yoast SEO plugin. -->","yoast_head_json":{"title":"La Belgique au centre de la guerre hybride ? Cartographie des survols de drones en Europe - EDMO Belux","robots":{"index":"index","follow":"follow","max-snippet":"max-snippet:-1","max-image-preview":"max-image-preview:large","max-video-preview":"max-video-preview:-1"},"canonical":"https:\/\/belux.edmo.eu\/fr\/la-belgique-au-centre-de-la-guerre-hybride-cartographie-des-survols-de-drones-en-europe\/","og_locale":"fr_FR","og_type":"article","og_title":"La Belgique au centre de la guerre hybride ? Cartographie des survols de drones en Europe - EDMO Belux","og_description":"Apr\u00e8s la multiplication des incidents impliquant des survols de drones au-dessus de plusieurs bases militaires et des a\u00e9roport en Belgique,...","og_url":"https:\/\/belux.edmo.eu\/fr\/la-belgique-au-centre-de-la-guerre-hybride-cartographie-des-survols-de-drones-en-europe\/","og_site_name":"EDMO Belux","article_published_time":"2025-11-14T12:15:52+00:00","og_image":[{"width":1512,"height":1008,"url":"https:\/\/belux-edmo.s3-accelerate.amazonaws.com\/wp-content\/uploads\/2025\/11\/OK-Illu-Decrypte-1-OK-Edmo.jpg","type":"image\/jpeg"}],"author":"Gregoire Ryckmans","twitter_card":"summary_large_image","twitter_creator":"@Edmo_Belux","twitter_site":"@Edmo_Belux","twitter_misc":{"\u00c9crit par":"Gregoire Ryckmans","Dur\u00e9e de lecture estim\u00e9e":"1 minute"},"schema":{"@context":"https:\/\/schema.org","@graph":[{"@type":"Article","@id":"https:\/\/belux.edmo.eu\/fr\/la-belgique-au-centre-de-la-guerre-hybride-cartographie-des-survols-de-drones-en-europe\/#article","isPartOf":{"@id":"https:\/\/belux.edmo.eu\/fr\/la-belgique-au-centre-de-la-guerre-hybride-cartographie-des-survols-de-drones-en-europe\/"},"author":{"name":"Gregoire Ryckmans","@id":"https:\/\/belux.edmo.eu\/#\/schema\/person\/aecb7e82ab587cb5bd83356cce6d626b"},"headline":"La Belgique au centre de la guerre hybride ? Cartographie des survols de drones en Europe","datePublished":"2025-11-14T12:15:52+00:00","mainEntityOfPage":{"@id":"https:\/\/belux.edmo.eu\/fr\/la-belgique-au-centre-de-la-guerre-hybride-cartographie-des-survols-de-drones-en-europe\/"},"wordCount":148,"publisher":{"@id":"https:\/\/belux.edmo.eu\/#organization"},"image":{"@id":"https:\/\/belux.edmo.eu\/fr\/la-belgique-au-centre-de-la-guerre-hybride-cartographie-des-survols-de-drones-en-europe\/#primaryimage"},"thumbnailUrl":"https:\/\/belux-edmo.s3-accelerate.amazonaws.com\/wp-content\/uploads\/2025\/11\/OK-Illu-Decrypte-1-OK-Edmo.jpg","keywords":["Focus"],"articleSection":["Actualit\u00e9s","Editor's Choice Slider FR","Politique","Technologie"],"inLanguage":"fr-FR"},{"@type":"WebPage","@id":"https:\/\/belux.edmo.eu\/fr\/la-belgique-au-centre-de-la-guerre-hybride-cartographie-des-survols-de-drones-en-europe\/","url":"https:\/\/belux.edmo.eu\/fr\/la-belgique-au-centre-de-la-guerre-hybride-cartographie-des-survols-de-drones-en-europe\/","name":"La Belgique au centre de la guerre hybride ? Cartographie des survols de drones en Europe - EDMO Belux","isPartOf":{"@id":"https:\/\/belux.edmo.eu\/#website"},"primaryImageOfPage":{"@id":"https:\/\/belux.edmo.eu\/fr\/la-belgique-au-centre-de-la-guerre-hybride-cartographie-des-survols-de-drones-en-europe\/#primaryimage"},"image":{"@id":"https:\/\/belux.edmo.eu\/fr\/la-belgique-au-centre-de-la-guerre-hybride-cartographie-des-survols-de-drones-en-europe\/#primaryimage"},"thumbnailUrl":"https:\/\/belux-edmo.s3-accelerate.amazonaws.com\/wp-content\/uploads\/2025\/11\/OK-Illu-Decrypte-1-OK-Edmo.jpg","datePublished":"2025-11-14T12:15:52+00:00","breadcrumb":{"@id":"https:\/\/belux.edmo.eu\/fr\/la-belgique-au-centre-de-la-guerre-hybride-cartographie-des-survols-de-drones-en-europe\/#breadcrumb"},"inLanguage":"fr-FR","potentialAction":[{"@type":"ReadAction","target":["https:\/\/belux.edmo.eu\/fr\/la-belgique-au-centre-de-la-guerre-hybride-cartographie-des-survols-de-drones-en-europe\/"]}]},{"@type":"ImageObject","inLanguage":"fr-FR","@id":"https:\/\/belux.edmo.eu\/fr\/la-belgique-au-centre-de-la-guerre-hybride-cartographie-des-survols-de-drones-en-europe\/#primaryimage","url":"https:\/\/belux-edmo.s3-accelerate.amazonaws.com\/wp-content\/uploads\/2025\/11\/OK-Illu-Decrypte-1-OK-Edmo.jpg","contentUrl":"https:\/\/belux-edmo.s3-accelerate.amazonaws.com\/wp-content\/uploads\/2025\/11\/OK-Illu-Decrypte-1-OK-Edmo.jpg","width":1512,"height":1008},{"@type":"BreadcrumbList","@id":"https:\/\/belux.edmo.eu\/fr\/la-belgique-au-centre-de-la-guerre-hybride-cartographie-des-survols-de-drones-en-europe\/#breadcrumb","itemListElement":[{"@type":"ListItem","position":1,"name":"Home","item":"https:\/\/belux.edmo.eu\/fr\/"},{"@type":"ListItem","position":2,"name":"La Belgique au centre de la guerre hybride ? Cartographie des survols de drones en Europe"}]},{"@type":"WebSite","@id":"https:\/\/belux.edmo.eu\/#website","url":"https:\/\/belux.edmo.eu\/","name":"EDMO Belux","description":"Monitoring Disinformation in Belgium and Luxembourg","publisher":{"@id":"https:\/\/belux.edmo.eu\/#organization"},"potentialAction":[{"@type":"SearchAction","target":{"@type":"EntryPoint","urlTemplate":"https:\/\/belux.edmo.eu\/?s={search_term_string}"},"query-input":{"@type":"PropertyValueSpecification","valueRequired":true,"valueName":"search_term_string"}}],"inLanguage":"fr-FR"},{"@type":"Organization","@id":"https:\/\/belux.edmo.eu\/#organization","name":"EDMO Belux","url":"https:\/\/belux.edmo.eu\/","logo":{"@type":"ImageObject","inLanguage":"fr-FR","@id":"https:\/\/belux.edmo.eu\/#\/schema\/logo\/image\/","url":"https:\/\/belux.edmo.eu\/wp-content\/uploads\/2021\/12\/belux-logo-full-color-rgb.svg","contentUrl":"https:\/\/belux.edmo.eu\/wp-content\/uploads\/2021\/12\/belux-logo-full-color-rgb.svg","width":1,"height":1,"caption":"EDMO Belux"},"image":{"@id":"https:\/\/belux.edmo.eu\/#\/schema\/logo\/image\/"},"sameAs":["https:\/\/x.com\/Edmo_Belux"]},{"@type":"Person","@id":"https:\/\/belux.edmo.eu\/#\/schema\/person\/aecb7e82ab587cb5bd83356cce6d626b","name":"Gregoire Ryckmans","url":"https:\/\/belux.edmo.eu\/fr\/author\/gryckmans\/"}]}},"menu_order":0,"_links":{"self":[{"href":"https:\/\/belux.edmo.eu\/fr\/wp-json\/wp\/v2\/posts\/409058","targetHints":{"allow":["GET"]}}],"collection":[{"href":"https:\/\/belux.edmo.eu\/fr\/wp-json\/wp\/v2\/posts"}],"about":[{"href":"https:\/\/belux.edmo.eu\/fr\/wp-json\/wp\/v2\/types\/post"}],"author":[{"embeddable":true,"href":"https:\/\/belux.edmo.eu\/fr\/wp-json\/wp\/v2\/users\/4"}],"replies":[{"embeddable":true,"href":"https:\/\/belux.edmo.eu\/fr\/wp-json\/wp\/v2\/comments?post=409058"}],"version-history":[{"count":0,"href":"https:\/\/belux.edmo.eu\/fr\/wp-json\/wp\/v2\/posts\/409058\/revisions"}],"wp:featuredmedia":[{"embeddable":true,"href":"https:\/\/belux.edmo.eu\/fr\/wp-json\/wp\/v2\/media\/409069"}],"wp:attachment":[{"href":"https:\/\/belux.edmo.eu\/fr\/wp-json\/wp\/v2\/media?parent=409058"}],"wp:term":[{"taxonomy":"category","embeddable":true,"href":"https:\/\/belux.edmo.eu\/fr\/wp-json\/wp\/v2\/categories?post=409058"},{"taxonomy":"post_tag","embeddable":true,"href":"https:\/\/belux.edmo.eu\/fr\/wp-json\/wp\/v2\/tags?post=409058"}],"curies":[{"name":"wp","href":"https:\/\/api.w.org\/{rel}","templated":true}]}}