{"id":410193,"date":"2025-11-17T17:27:18","date_gmt":"2025-11-17T17:27:18","guid":{"rendered":"https:\/\/belux.edmo.eu\/?p=410193"},"modified":"2025-11-19T07:46:48","modified_gmt":"2025-11-19T07:46:48","slug":"cette-vido-dun-gorille-face-trois-bodybuilders-lors-dun-tir-la-corde-a-t-gnre-par-ia","status":"publish","type":"post","link":"https:\/\/belux.edmo.eu\/fr\/cette-vido-dun-gorille-face-trois-bodybuilders-lors-dun-tir-la-corde-a-t-gnre-par-ia\/","title":{"rendered":"Cette vid\u00e9o d\u2019un gorille face \u00e0 trois bodybuilders lors d\u2019un tir \u00e0 la corde a \u00e9t\u00e9 g\u00e9n\u00e9r\u00e9e par IA"},"content":{"rendered":"<article>\n<p style=\"word-wrap: break-word;\"><strong>La vid\u00e9o d\u2019un gorille oppos\u00e9 \u00e0 trois hommes muscl\u00e9s, durant une \u00e9preuve de tir \u00e0 la corde, est devenue virale en quelques jours. Des \u00e9l\u00e9ments visuels permettent d\u2019affirmer qu\u2019elle a \u00e9t\u00e9 g\u00e9n\u00e9r\u00e9e \u00e0 l\u2019aide d\u2019outils d\u2019intelligence artificielle g\u00e9n\u00e9rative. Ces s\u00e9quences qui mettent en sc\u00e8ne des animaux dans des sc\u00e8nes rocambolesques sont exploit\u00e9es par des internautes pour g\u00e9n\u00e9rer des clics et esp\u00e9rer en tirer des b\u00e9n\u00e9fices financiers.<\/strong><\/p>\n<p style=\"word-wrap: break-word;\">Ce sont trois hommes aux muscles saillants qui sont oppos\u00e9s \u00e0 un grand singe. La description de la vid\u00e9o indique\u00a0: \u00ab\u00a03 RUSSIAN BODYBUILDERS VS GORILLA\u00a0\u00bb. Ces trois bodyduilders russes affrontent un gorille dans une \u00e9preuve de force classique, celle du <a href=\"https:\/\/www.regles-jeux-plein-air.com\/regle-tir-a-la-corde\/\" target=\"_blank\" rel=\"noopener\">tir \u00e0 la corde<\/a>. Ils sont s\u00e9par\u00e9s par une vitre de protection typique de celles que l\u2019on retrouve dans les parcs zoologiques. On distingue dans le fond un rassemblement de personnes qui assistent, \u00e0 distance, \u00e0 la confrontation entre les trois hommes et l\u2019animal.<\/p>\n<p style=\"word-wrap: break-word;\"><a href=\"https:\/\/perma.cc\/XW7G-NGQB\" target=\"_blank\" rel=\"noopener\">La vid\u00e9o<\/a>, publi\u00e9e sur Instagram le 11\u00a0novembre 2025 a d\u00e9pass\u00e9 les 35\u00a0millions de \u00ab\u00a0vues\u00a0\u00bb et\u00a0a recueilli plus de 193 milles \u00ab\u00a0J\u2019aime\u00a0\u00bb depuis sa mise en ligne.<\/p>\n<p style=\"word-wrap: break-word;\">Gr\u00e2ce \u00e0 l\u2019outil de recherche d\u2019images invers\u00e9e Google Lens (int\u00e9gr\u00e9 au navigateur Chrome), nous avons pu identifier plusieurs publications reprenant le m\u00eame contenu sur d\u2019autres plateformes comme <a href=\"https:\/\/archive.ph\/I4Rap\" target=\"_blank\" rel=\"noopener\">Youtube<\/a>, <a href=\"https:\/\/perma.cc\/24FU-88DA\" target=\"_blank\" rel=\"noopener\">Facebook<\/a>\u00a0ou encore\u00a0<a href=\"https:\/\/perma.cc\/A6H3-6YAC\" target=\"_blank\" rel=\"noopener\">X<\/a>.<\/p>\n<p style=\"word-wrap: break-word;\">C\u2019est le cas \u00e9galement sur TikTok o\u00f9 une recherche avec les mots-clefs \u00ab\u00a0bodybuilders\u00a0\u00bb et \u00ab\u00a0gorilla\u00a0\u00bb nous a renvoy\u00e9s vers <a href=\"https:\/\/archive.ph\/Cj9h4\" target=\"_blank\" rel=\"noopener\">plusieurs publications reprenant exactement les m\u00eames images<\/a>.<\/p>\n<p style=\"word-wrap: break-word;\">La plus ancienne d\u2019entre elles date du 10\u00a0novembre 2025 et a \u00e9t\u00e9 mise en ligne par un compte identifi\u00e9 comme \u00ab\u00a0damonhoudini3\u00a0\u00bb. C\u2019est ce nom qui se trouve \u00e9galement en filigrane de plusieurs des vid\u00e9os mises en ligne avec le m\u00eame contenu. Il pourrait s\u2019agir de la source initiale de la vid\u00e9o. <a href=\"https:\/\/perma.cc\/YN2P-JXFT\" target=\"_blank\" rel=\"noopener\">Cette publication<\/a>\u00a0a d\u00e9pass\u00e9 les 18\u00a0millions de vues et a g\u00e9n\u00e9r\u00e9, elle aussi, des centaines de commentaires.<\/p>\n<p style=\"word-wrap: break-word;\">Parmi ces commentaires qui accompagnent les publications les plus virales, de nombreux internautes signalent qu\u2019il s\u2019agit d\u2019IA.<\/p>\n<p><b style=\"display: block; margin: 1rem 0;\">Des \u00e9l\u00e9ments incoh\u00e9rents visuellement mais pas seulement<\/b><\/p>\n<p style=\"word-wrap: break-word;\">En effet, si le rendu global de la vid\u00e9o peut sembler r\u00e9aliste \u2013 surtout si l\u2019on lit le contenu de la vid\u00e9o sur un smartphone dont l\u2019\u00e9cran est de plus petite taille que celui d\u2019un \u00e9cran d\u2019ordinateur &#8211;\u00a0de nombreux \u00e9l\u00e9ments pr\u00e9sentent des incoh\u00e9rences.<\/p>\n<p style=\"word-wrap: break-word;\">Tout d\u2019abord, la sc\u00e8ne en elle-m\u00eame. Une telle situation serait du jamais vu. C\u2019est d\u2019ailleurs l\u2019un des \u00e9l\u00e9ments qui en nourrit la viralit\u00e9. Dans le d\u00e9tail, on constate\u00a0d\u2019autres incoh\u00e9rences en prenant soin de faire attention aux d\u00e9tails.<\/p>\n<p style=\"word-wrap: break-word;\">Int\u00e9ressons nous d\u2019abord aux <strong>mains et aux cordes.<\/strong><\/p>\n<div>\n<div><img style=\"width: 100%; height: auto;\" src=\"https:\/\/belux-edmo.s3-accelerate.amazonaws.com\/wp-content\/uploads\/2025\/11\/645e7b52a05f051fbebeac3b14b9c07f_resized.jpg\" \/><\/div>\n<p style=\"word-wrap: break-word;\"><em>\u00a9 Capture d\u2019\u00e9cran Instagram<\/em><\/p>\n<\/div>\n<p style=\"word-wrap: break-word;\">Celles-ci qui semblent traverser librement une paroi, suppos\u00e9e\u00a0\u00eatre une protection de l\u2019enclos de l\u2019animal et qui, par\u00a0cons\u00e9quent, devait \u00eatre infranchissable. \u00c0 plusieurs reprises cette s\u00e9paration physique est franchie, de fa\u00e7on totalement incoh\u00e9rente.<\/p>\n<p style=\"word-wrap: break-word;\">Toujours au niveau des cordes, pourquoi y en a-t-il deux\u00a0? Pourquoi celle qui appara\u00eet \u00e0 l\u2019avant-plan affiche une torsion \u00e0 90 degr\u00e9s et va vers le sol\u00a0? Et pourquoi cette derni\u00e8re ne bouge-t-elle pas lorsque la corde tir\u00e9e directement par le gorille et les deux autres bodybuilders se met en mouvement\u00a0?<\/p>\n<p style=\"word-wrap: break-word;\">Il y a aussi\u00a0<strong>le pied de l\u2019homme qui se trouve \u00e0 l\u2019avant-plan de la sc\u00e8ne<\/strong>.<\/p>\n<div>\n<div><img style=\"width: 100%; height: auto;\" src=\"https:\/\/belux-edmo.s3-accelerate.amazonaws.com\/wp-content\/uploads\/2025\/11\/22009a35cef33d752b5ae5dd0686ec98_resized.jpg\" \/><\/div>\n<p style=\"word-wrap: break-word;\"><em>\u00a9 Capture d\u2019\u00e9cran Instagram<\/em><\/p>\n<\/div>\n<p style=\"word-wrap: break-word;\">Pourquoi se trouve-t-il pieds nus sur une surface qui ressemble \u00e0 du b\u00e9ton\u00a0? Quel est l\u2019int\u00e9r\u00eat pour lui dans une \u00e9preuve de force de se retrouver sans chaussure\u00a0?<\/p>\n<p style=\"word-wrap: break-word;\">Ensuite, si l\u2019on s\u2019int\u00e9resse \u00e0 l\u2019aspect visuel, on constate que le pied de l\u2019homme est difforme. Il ne semble avoir qu\u2019un orteil (le gros orteil) clairement d\u00e9limit\u00e9, les quatre autres se confondant dans une masse informe. La petite taille de ce pied semble \u00e9galement disproportionn\u00e9e par rapport au corps athl\u00e9tique de l\u2019homme en question.<\/p>\n<p style=\"word-wrap: break-word;\">Lors de la derni\u00e8re partie de la vid\u00e9o, les deux hommes \u00e0 l\u2019arri\u00e8re-plan sont tir\u00e9s vers l\u2019avant et on constate <strong>trois bras emm\u00eal\u00e9s<\/strong>, comme s\u2019ils provenaient de la m\u00eame personne. La position de ces trois bras\u00a0appara\u00eet aussi totalement incoh\u00e9rente.<\/p>\n<div>\n<div><img style=\"width: 100%; height: auto;\" src=\"https:\/\/belux-edmo.s3-accelerate.amazonaws.com\/wp-content\/uploads\/2025\/11\/5829bb08e00b7566a90d7e98a5e58abd_resized.jpg\" \/><\/div>\n<p style=\"word-wrap: break-word;\"><em>\u00a9 Capture d\u2019\u00e9cran Instagram<\/em><\/p>\n<\/div>\n<p style=\"word-wrap: break-word;\">Ces incoh\u00e9rences narratives et visuelles sont typiques des vid\u00e9os cr\u00e9\u00e9es \u00e0 l\u2019aide d\u2019outil d\u2019intelligence artificielle g\u00e9n\u00e9rative.<\/p>\n<p><a href=\"https:\/\/www.rtbf.be\/auvio\/embed\/media?id=3404801\">La vid\u00e9o qui d\u00e9taille les incoh\u00e9rences<\/a><\/p>\n<p style=\"word-wrap: break-word;\">Enfin, une analyse avec l\u2019outil de d\u00e9tection de vid\u00e9os g\u00e9n\u00e9r\u00e9es par intelligence artificielle <a href=\"https:\/\/hivemoderation.com\/ai-generated-content-detection\" target=\"_blank\" rel=\"noopener\">Hive Moderation<\/a> indique un taux de 99,2% de probabilit\u00e9 que ce\u00a0contenu ait \u00e9t\u00e9 g\u00e9n\u00e9r\u00e9 avec de l\u2019IA.<\/p>\n<p style=\"word-wrap: break-word;\">L\u2019utilisation de cet outil vient renforcer les observations d\u00e9taill\u00e9es ci-dessus.<\/p>\n<div>\n<div><img style=\"width: 100%; height: auto;\" src=\"https:\/\/belux-edmo.s3-accelerate.amazonaws.com\/wp-content\/uploads\/2025\/11\/85ba14baa49c6c3859541d52c646db61_resized.jpg\" \/><\/div>\n<p style=\"word-wrap: break-word;\"><em>\u00a9 Capture d\u2019\u00e9cran Hive Moderation \/ L\u2019outil Hive Moderation indique une probabilit\u00e9 que la vid\u00e9o virale du gorille ait \u00e9t\u00e9 g\u00e9n\u00e9r\u00e9e \u00e0 l\u2019aide d\u2019IA \u00e0 99,2%.<\/em><\/p>\n<\/div>\n<p><b style=\"display: block; margin: 1rem 0;\">Un grand potentiel de viralit\u00e9<\/b><\/p>\n<p style=\"word-wrap: break-word;\">Les photos et vid\u00e9os d\u2019animaux amassent les likes et les vues sur Internet et les plateformes en ligne. Ils sont r\u00e9guli\u00e8rement utilis\u00e9s par des internautes pour cr\u00e9er des contenus mignons ou\u00a0humoristiques, mais aussi souvent\u00a0<a href=\"https:\/\/www.rtbf.be\/article\/une-ville-a-bien-permis-de-payer-ses-pv-en-dons-pour-des-chats-mais-attention-aux-publications-virales-sur-les-animaux-10860858\">pour attirer les clics vers leurs publications<\/a>.<\/p>\n<p style=\"word-wrap: break-word;\">L\u2019\u00e9mergence de l\u2019IA g\u00e9n\u00e9rative permet de fa\u00e7on simple de cr\u00e9er des contenus originaux et r\u00e9alistes en quelques minutes.<\/p>\n<p style=\"word-wrap: break-word;\"><a href=\"https:\/\/www.tf1info.fr\/high-tech\/verif-tf1-video-des-lapins-sur-un-trampoline-pourquoi-ces-innocentes-et-fausses-images-de-videosurveillance-posent-probleme-2386502.html\" target=\"_blank\" rel=\"noopener\">Des lapins surpris en train de sauter sur un trampoline par une cam\u00e9ra de surveillance<\/a> ont fait le tour des r\u00e9seaux sociaux au d\u00e9but du mois d\u2019ao\u00fbt\u00a02025. R\u00e9alis\u00e9e \u00e0 l\u2019aide de\u00a0l\u2019outil de\u00a0Google, Veo 3, cette s\u00e9quence g\u00e9n\u00e9rer par IA est devenue ultra-virale.<\/p>\n<p style=\"word-wrap: break-word;\">C\u2019\u00e9tait le cas \u00e9galement d\u2019<a href=\"https:\/\/www.rtbf.be\/article\/un-gorille-rend-a-sa-maman-un-enfant-tombe-dans-son-enclos-cette-video-a-ete-generee-par-ia-11573854\">une autre vid\u00e9o virale que nous avions analys\u00e9 dans laquelle on voyait\u00a0un gorille porter d\u00e9licatement un enfant tomb\u00e9 dans son enclos, pour le rendre \u00e0 sa maman<\/a>. La s\u00e9quence, g\u00e9n\u00e9r\u00e9e \u00e9galement par IA et publi\u00e9e en juin dernier avait cumul\u00e9 plus de 50\u00a0millions de vues.<\/p>\n<p style=\"word-wrap: break-word;\">La diff\u00e9rence entre les images r\u00e9elles et celles g\u00e9n\u00e9r\u00e9es par IA a tendance \u00e0 s\u2019estomper au fur et \u00e0 mesure de la progression des outils \u2013 comme <a href=\"https:\/\/www.rtbf.be\/article\/on-a-teste-sora-2-l-ia-qui-vous-clone-dans-toutes-les-situations-quand-les-deepfakes-sont-au-coeur-d-un-reseau-social-11617123\" target=\"_blank\" rel=\"noopener\">Sora 2 d\u2019Open AI<\/a>\u00a0&#8211;\u00a0et il devient de plus en plus compliqu\u00e9 de <a href=\"https:\/\/www.rtbf.be\/article\/fetes-de-wallonie-ia-ou-pas-ia-serez-vous-assez-attentif-pour-reperer-nos-menteries-11598622\">faire la distinction entre le r\u00e9el et l\u2019artificiel<\/a>.<\/p>\n<p><b style=\"display: block; margin: 1rem 0;\">Une fa\u00e7on rapide et facile de g\u00e9n\u00e9rer des vues et tenter d\u2019empocher des gains financiers<\/b><\/p>\n<p style=\"word-wrap: break-word;\">Derri\u00e8re ces vid\u00e9os d\u2019animaux g\u00e9n\u00e9r\u00e9es par IA se cachent des enjeux opportunistes et \u00e9conomiques.<\/p>\n<p style=\"word-wrap: break-word;\">Face \u00e0 l\u2019accessibilit\u00e9 de ces outils d\u2019IA g\u00e9n\u00e9rative\u00a0et au potentiel viral de certaines de ces images, des cr\u00e9ateurs de contenus misent sur ces outils pour alimenter leurs profils, g\u00e9n\u00e9rer des vues et tenter de mon\u00e9tiser leurs publications sur les plateformes en ligne.<\/p>\n<p style=\"word-wrap: break-word;\">Avec l\u2019accessibilit\u00e9 des outils et la possibilit\u00e9 de capturer facilement des contenus en ligne avec son smartphone, il est aujourd\u2019hui aussi tr\u00e8s simple d\u2019enregistrer des contenus produits par d\u2019autres et de les republier \u00e0 son profit.<\/p>\n<p style=\"word-wrap: break-word;\">Ces vid\u00e9os courtes et verticales, adapt\u00e9es aux standards de la plupart des\u00a0plateformes, voyagent d\u2019autant plus rapidement d\u2019un r\u00e9seau social \u00e0 un autre.<\/p>\n<\/article>\n","protected":false},"excerpt":{"rendered":"<p>La vid\u00e9o d\u2019un gorille oppos\u00e9 \u00e0 trois hommes muscl\u00e9s, durant une \u00e9preuve de tir \u00e0 la corde, est devenue virale&#8230;<\/p>\n","protected":false},"author":1,"featured_media":410168,"comment_status":"closed","ping_status":"closed","sticky":false,"template":"","format":"standard","meta":{"_acf_changed":false,"footnotes":""},"categories":[452,125,116,389],"tags":[],"class_list":{"0":"post-410193","1":"post","2":"type-post","3":"status-publish","4":"format-standard","5":"has-post-thumbnail","7":"category-editors-choice-fr","8":"category-fact-check-fr","9":"category-non-classifiee","10":"category-technologie-fact-check-fr-2"},"acf":{"show_metatags":true,"id":"https:\/\/www.rtbf.be\/article\/cette-video-d-un-gorille-face-a-trois-bodybuilders-lors-d-un-tir-a-la-corde-a-ete-generee-par-ia-11632804","authors":"Par Gr\u00e9goire Ryckmans ","organization":"RTBF","featured_image_copyright":"","text_copyright":"            Copyright: (C)RTBF Radio, Television Belge Francophone, plus d'infos: https:\/\/www.rtbf.be\/cgu\/        ","source":"https:\/\/www.rtbf.be\/article\/cette-video-d-un-gorille-face-a-trois-bodybuilders-lors-d-un-tir-a-la-corde-a-ete-generee-par-ia-11632804","fact_checker":"https:\/\/belux.wpengine.com\/wp-content\/uploads\/2022\/01\/rtbf-logo.jpg","share_this_post_to_edmo_website":false,"affiliation":"BELUX","type":"\u00c9v\u00e9nement ferm\u00e9","location":"","start_date":"","start_date_event_begins_at":"","start_date_event_ends_at":"","end_date":"","end_date_event_begins_at":"","end_date_event_ends_at":"","organizer":"","fact_checker_logo_image":false},"yoast_head":"<!-- This site is optimized with the Yoast SEO plugin v27.0 - https:\/\/yoast.com\/product\/yoast-seo-wordpress\/ -->\n<title>Cette vid\u00e9o d\u2019un gorille face \u00e0 trois bodybuilders lors d\u2019un tir \u00e0 la corde a \u00e9t\u00e9 g\u00e9n\u00e9r\u00e9e par IA - EDMO Belux<\/title>\n<meta name=\"robots\" content=\"index, follow, max-snippet:-1, max-image-preview:large, max-video-preview:-1\" \/>\n<link rel=\"canonical\" href=\"https:\/\/belux.edmo.eu\/fr\/cette-vido-dun-gorille-face-trois-bodybuilders-lors-dun-tir-la-corde-a-t-gnre-par-ia\/\" \/>\n<meta property=\"og:locale\" content=\"fr_FR\" \/>\n<meta property=\"og:type\" content=\"article\" \/>\n<meta property=\"og:title\" content=\"Cette vid\u00e9o d\u2019un gorille face \u00e0 trois bodybuilders lors d\u2019un tir \u00e0 la corde a \u00e9t\u00e9 g\u00e9n\u00e9r\u00e9e par IA - EDMO Belux\" \/>\n<meta property=\"og:description\" content=\"La vid\u00e9o d\u2019un gorille oppos\u00e9 \u00e0 trois hommes muscl\u00e9s, durant une \u00e9preuve de tir \u00e0 la corde, est devenue virale...\" \/>\n<meta property=\"og:url\" content=\"https:\/\/belux.edmo.eu\/fr\/cette-vido-dun-gorille-face-trois-bodybuilders-lors-dun-tir-la-corde-a-t-gnre-par-ia\/\" \/>\n<meta property=\"og:site_name\" content=\"EDMO Belux\" \/>\n<meta property=\"article:published_time\" content=\"2025-11-17T17:27:18+00:00\" \/>\n<meta property=\"article:modified_time\" content=\"2025-11-19T07:46:48+00:00\" \/>\n<meta property=\"og:image\" content=\"https:\/\/belux-edmo.s3-accelerate.amazonaws.com\/wp-content\/uploads\/2025\/11\/e9e6756c2d129a5fc525d1f0b1d9ded8_resized.jpg\" \/>\n\t<meta property=\"og:image:width\" content=\"1080\" \/>\n\t<meta property=\"og:image:height\" content=\"608\" \/>\n\t<meta property=\"og:image:type\" content=\"image\/jpeg\" \/>\n<meta name=\"author\" content=\"master\" \/>\n<meta name=\"twitter:card\" content=\"summary_large_image\" \/>\n<meta name=\"twitter:creator\" content=\"@Edmo_Belux\" \/>\n<meta name=\"twitter:site\" content=\"@Edmo_Belux\" \/>\n<meta name=\"twitter:label1\" content=\"\u00c9crit par\" \/>\n\t<meta name=\"twitter:data1\" content=\"master\" \/>\n\t<meta name=\"twitter:label2\" content=\"Dur\u00e9e de lecture estim\u00e9e\" \/>\n\t<meta name=\"twitter:data2\" content=\"6 minutes\" \/>\n<script type=\"application\/ld+json\" class=\"yoast-schema-graph\">{\"@context\":\"https:\/\/schema.org\",\"@graph\":[{\"@type\":\"Article\",\"@id\":\"https:\/\/belux.edmo.eu\/fr\/cette-vido-dun-gorille-face-trois-bodybuilders-lors-dun-tir-la-corde-a-t-gnre-par-ia\/#article\",\"isPartOf\":{\"@id\":\"https:\/\/belux.edmo.eu\/fr\/cette-vido-dun-gorille-face-trois-bodybuilders-lors-dun-tir-la-corde-a-t-gnre-par-ia\/\"},\"author\":{\"name\":\"master\",\"@id\":\"https:\/\/belux.edmo.eu\/#\/schema\/person\/dbe3b252258537fd318f9b5645a30342\"},\"headline\":\"Cette vid\u00e9o d\u2019un gorille face \u00e0 trois bodybuilders lors d\u2019un tir \u00e0 la corde a \u00e9t\u00e9 g\u00e9n\u00e9r\u00e9e par IA\",\"datePublished\":\"2025-11-17T17:27:18+00:00\",\"dateModified\":\"2025-11-19T07:46:48+00:00\",\"mainEntityOfPage\":{\"@id\":\"https:\/\/belux.edmo.eu\/fr\/cette-vido-dun-gorille-face-trois-bodybuilders-lors-dun-tir-la-corde-a-t-gnre-par-ia\/\"},\"wordCount\":1288,\"publisher\":{\"@id\":\"https:\/\/belux.edmo.eu\/#organization\"},\"image\":{\"@id\":\"https:\/\/belux.edmo.eu\/fr\/cette-vido-dun-gorille-face-trois-bodybuilders-lors-dun-tir-la-corde-a-t-gnre-par-ia\/#primaryimage\"},\"thumbnailUrl\":\"https:\/\/belux-edmo.s3-accelerate.amazonaws.com\/wp-content\/uploads\/2025\/11\/e9e6756c2d129a5fc525d1f0b1d9ded8_resized.jpg\",\"articleSection\":[\"Editor's Choice Slider FR\",\"Fact-Check\",\"Non classifi\u00e9(e)\",\"Technologie\"],\"inLanguage\":\"fr-FR\"},{\"@type\":\"WebPage\",\"@id\":\"https:\/\/belux.edmo.eu\/fr\/cette-vido-dun-gorille-face-trois-bodybuilders-lors-dun-tir-la-corde-a-t-gnre-par-ia\/\",\"url\":\"https:\/\/belux.edmo.eu\/fr\/cette-vido-dun-gorille-face-trois-bodybuilders-lors-dun-tir-la-corde-a-t-gnre-par-ia\/\",\"name\":\"Cette vid\u00e9o d\u2019un gorille face \u00e0 trois bodybuilders lors d\u2019un tir \u00e0 la corde a \u00e9t\u00e9 g\u00e9n\u00e9r\u00e9e par IA - EDMO Belux\",\"isPartOf\":{\"@id\":\"https:\/\/belux.edmo.eu\/#website\"},\"primaryImageOfPage\":{\"@id\":\"https:\/\/belux.edmo.eu\/fr\/cette-vido-dun-gorille-face-trois-bodybuilders-lors-dun-tir-la-corde-a-t-gnre-par-ia\/#primaryimage\"},\"image\":{\"@id\":\"https:\/\/belux.edmo.eu\/fr\/cette-vido-dun-gorille-face-trois-bodybuilders-lors-dun-tir-la-corde-a-t-gnre-par-ia\/#primaryimage\"},\"thumbnailUrl\":\"https:\/\/belux-edmo.s3-accelerate.amazonaws.com\/wp-content\/uploads\/2025\/11\/e9e6756c2d129a5fc525d1f0b1d9ded8_resized.jpg\",\"datePublished\":\"2025-11-17T17:27:18+00:00\",\"dateModified\":\"2025-11-19T07:46:48+00:00\",\"breadcrumb\":{\"@id\":\"https:\/\/belux.edmo.eu\/fr\/cette-vido-dun-gorille-face-trois-bodybuilders-lors-dun-tir-la-corde-a-t-gnre-par-ia\/#breadcrumb\"},\"inLanguage\":\"fr-FR\",\"potentialAction\":[{\"@type\":\"ReadAction\",\"target\":[\"https:\/\/belux.edmo.eu\/fr\/cette-vido-dun-gorille-face-trois-bodybuilders-lors-dun-tir-la-corde-a-t-gnre-par-ia\/\"]}]},{\"@type\":\"ImageObject\",\"inLanguage\":\"fr-FR\",\"@id\":\"https:\/\/belux.edmo.eu\/fr\/cette-vido-dun-gorille-face-trois-bodybuilders-lors-dun-tir-la-corde-a-t-gnre-par-ia\/#primaryimage\",\"url\":\"https:\/\/belux-edmo.s3-accelerate.amazonaws.com\/wp-content\/uploads\/2025\/11\/e9e6756c2d129a5fc525d1f0b1d9ded8_resized.jpg\",\"contentUrl\":\"https:\/\/belux-edmo.s3-accelerate.amazonaws.com\/wp-content\/uploads\/2025\/11\/e9e6756c2d129a5fc525d1f0b1d9ded8_resized.jpg\",\"width\":1080,\"height\":608,\"caption\":\"Cette vid\u00e9o d\u2019un gorille face \u00e0 trois bodybuilders lors d\u2019un tir \u00e0 la corde a \u00e9t\u00e9 g\u00e9n\u00e9r\u00e9e par IA - Featured image\"},{\"@type\":\"BreadcrumbList\",\"@id\":\"https:\/\/belux.edmo.eu\/fr\/cette-vido-dun-gorille-face-trois-bodybuilders-lors-dun-tir-la-corde-a-t-gnre-par-ia\/#breadcrumb\",\"itemListElement\":[{\"@type\":\"ListItem\",\"position\":1,\"name\":\"Home\",\"item\":\"https:\/\/belux.edmo.eu\/fr\/\"},{\"@type\":\"ListItem\",\"position\":2,\"name\":\"Cette vid\u00e9o d\u2019un gorille face \u00e0 trois bodybuilders lors d\u2019un tir \u00e0 la corde a \u00e9t\u00e9 g\u00e9n\u00e9r\u00e9e par IA\"}]},{\"@type\":\"WebSite\",\"@id\":\"https:\/\/belux.edmo.eu\/#website\",\"url\":\"https:\/\/belux.edmo.eu\/\",\"name\":\"EDMO Belux\",\"description\":\"Monitoring Disinformation in Belgium and Luxembourg\",\"publisher\":{\"@id\":\"https:\/\/belux.edmo.eu\/#organization\"},\"potentialAction\":[{\"@type\":\"SearchAction\",\"target\":{\"@type\":\"EntryPoint\",\"urlTemplate\":\"https:\/\/belux.edmo.eu\/?s={search_term_string}\"},\"query-input\":{\"@type\":\"PropertyValueSpecification\",\"valueRequired\":true,\"valueName\":\"search_term_string\"}}],\"inLanguage\":\"fr-FR\"},{\"@type\":\"Organization\",\"@id\":\"https:\/\/belux.edmo.eu\/#organization\",\"name\":\"EDMO Belux\",\"url\":\"https:\/\/belux.edmo.eu\/\",\"logo\":{\"@type\":\"ImageObject\",\"inLanguage\":\"fr-FR\",\"@id\":\"https:\/\/belux.edmo.eu\/#\/schema\/logo\/image\/\",\"url\":\"https:\/\/belux.edmo.eu\/wp-content\/uploads\/2021\/12\/belux-logo-full-color-rgb.svg\",\"contentUrl\":\"https:\/\/belux.edmo.eu\/wp-content\/uploads\/2021\/12\/belux-logo-full-color-rgb.svg\",\"width\":1,\"height\":1,\"caption\":\"EDMO Belux\"},\"image\":{\"@id\":\"https:\/\/belux.edmo.eu\/#\/schema\/logo\/image\/\"},\"sameAs\":[\"https:\/\/x.com\/Edmo_Belux\"]},{\"@type\":\"Person\",\"@id\":\"https:\/\/belux.edmo.eu\/#\/schema\/person\/dbe3b252258537fd318f9b5645a30342\",\"name\":\"master\",\"sameAs\":[\"https:\/\/belux.wpengine.com\"],\"url\":\"https:\/\/belux.edmo.eu\/fr\/author\/master\/\"}]}<\/script>\n<!-- \/ Yoast SEO plugin. -->","yoast_head_json":{"title":"Cette vid\u00e9o d\u2019un gorille face \u00e0 trois bodybuilders lors d\u2019un tir \u00e0 la corde a \u00e9t\u00e9 g\u00e9n\u00e9r\u00e9e par IA - EDMO Belux","robots":{"index":"index","follow":"follow","max-snippet":"max-snippet:-1","max-image-preview":"max-image-preview:large","max-video-preview":"max-video-preview:-1"},"canonical":"https:\/\/belux.edmo.eu\/fr\/cette-vido-dun-gorille-face-trois-bodybuilders-lors-dun-tir-la-corde-a-t-gnre-par-ia\/","og_locale":"fr_FR","og_type":"article","og_title":"Cette vid\u00e9o d\u2019un gorille face \u00e0 trois bodybuilders lors d\u2019un tir \u00e0 la corde a \u00e9t\u00e9 g\u00e9n\u00e9r\u00e9e par IA - EDMO Belux","og_description":"La vid\u00e9o d\u2019un gorille oppos\u00e9 \u00e0 trois hommes muscl\u00e9s, durant une \u00e9preuve de tir \u00e0 la corde, est devenue virale...","og_url":"https:\/\/belux.edmo.eu\/fr\/cette-vido-dun-gorille-face-trois-bodybuilders-lors-dun-tir-la-corde-a-t-gnre-par-ia\/","og_site_name":"EDMO Belux","article_published_time":"2025-11-17T17:27:18+00:00","article_modified_time":"2025-11-19T07:46:48+00:00","og_image":[{"width":1080,"height":608,"url":"https:\/\/belux-edmo.s3-accelerate.amazonaws.com\/wp-content\/uploads\/2025\/11\/e9e6756c2d129a5fc525d1f0b1d9ded8_resized.jpg","type":"image\/jpeg"}],"author":"master","twitter_card":"summary_large_image","twitter_creator":"@Edmo_Belux","twitter_site":"@Edmo_Belux","twitter_misc":{"\u00c9crit par":"master","Dur\u00e9e de lecture estim\u00e9e":"6 minutes"},"schema":{"@context":"https:\/\/schema.org","@graph":[{"@type":"Article","@id":"https:\/\/belux.edmo.eu\/fr\/cette-vido-dun-gorille-face-trois-bodybuilders-lors-dun-tir-la-corde-a-t-gnre-par-ia\/#article","isPartOf":{"@id":"https:\/\/belux.edmo.eu\/fr\/cette-vido-dun-gorille-face-trois-bodybuilders-lors-dun-tir-la-corde-a-t-gnre-par-ia\/"},"author":{"name":"master","@id":"https:\/\/belux.edmo.eu\/#\/schema\/person\/dbe3b252258537fd318f9b5645a30342"},"headline":"Cette vid\u00e9o d\u2019un gorille face \u00e0 trois bodybuilders lors d\u2019un tir \u00e0 la corde a \u00e9t\u00e9 g\u00e9n\u00e9r\u00e9e par IA","datePublished":"2025-11-17T17:27:18+00:00","dateModified":"2025-11-19T07:46:48+00:00","mainEntityOfPage":{"@id":"https:\/\/belux.edmo.eu\/fr\/cette-vido-dun-gorille-face-trois-bodybuilders-lors-dun-tir-la-corde-a-t-gnre-par-ia\/"},"wordCount":1288,"publisher":{"@id":"https:\/\/belux.edmo.eu\/#organization"},"image":{"@id":"https:\/\/belux.edmo.eu\/fr\/cette-vido-dun-gorille-face-trois-bodybuilders-lors-dun-tir-la-corde-a-t-gnre-par-ia\/#primaryimage"},"thumbnailUrl":"https:\/\/belux-edmo.s3-accelerate.amazonaws.com\/wp-content\/uploads\/2025\/11\/e9e6756c2d129a5fc525d1f0b1d9ded8_resized.jpg","articleSection":["Editor's Choice Slider FR","Fact-Check","Non classifi\u00e9(e)","Technologie"],"inLanguage":"fr-FR"},{"@type":"WebPage","@id":"https:\/\/belux.edmo.eu\/fr\/cette-vido-dun-gorille-face-trois-bodybuilders-lors-dun-tir-la-corde-a-t-gnre-par-ia\/","url":"https:\/\/belux.edmo.eu\/fr\/cette-vido-dun-gorille-face-trois-bodybuilders-lors-dun-tir-la-corde-a-t-gnre-par-ia\/","name":"Cette vid\u00e9o d\u2019un gorille face \u00e0 trois bodybuilders lors d\u2019un tir \u00e0 la corde a \u00e9t\u00e9 g\u00e9n\u00e9r\u00e9e par IA - EDMO Belux","isPartOf":{"@id":"https:\/\/belux.edmo.eu\/#website"},"primaryImageOfPage":{"@id":"https:\/\/belux.edmo.eu\/fr\/cette-vido-dun-gorille-face-trois-bodybuilders-lors-dun-tir-la-corde-a-t-gnre-par-ia\/#primaryimage"},"image":{"@id":"https:\/\/belux.edmo.eu\/fr\/cette-vido-dun-gorille-face-trois-bodybuilders-lors-dun-tir-la-corde-a-t-gnre-par-ia\/#primaryimage"},"thumbnailUrl":"https:\/\/belux-edmo.s3-accelerate.amazonaws.com\/wp-content\/uploads\/2025\/11\/e9e6756c2d129a5fc525d1f0b1d9ded8_resized.jpg","datePublished":"2025-11-17T17:27:18+00:00","dateModified":"2025-11-19T07:46:48+00:00","breadcrumb":{"@id":"https:\/\/belux.edmo.eu\/fr\/cette-vido-dun-gorille-face-trois-bodybuilders-lors-dun-tir-la-corde-a-t-gnre-par-ia\/#breadcrumb"},"inLanguage":"fr-FR","potentialAction":[{"@type":"ReadAction","target":["https:\/\/belux.edmo.eu\/fr\/cette-vido-dun-gorille-face-trois-bodybuilders-lors-dun-tir-la-corde-a-t-gnre-par-ia\/"]}]},{"@type":"ImageObject","inLanguage":"fr-FR","@id":"https:\/\/belux.edmo.eu\/fr\/cette-vido-dun-gorille-face-trois-bodybuilders-lors-dun-tir-la-corde-a-t-gnre-par-ia\/#primaryimage","url":"https:\/\/belux-edmo.s3-accelerate.amazonaws.com\/wp-content\/uploads\/2025\/11\/e9e6756c2d129a5fc525d1f0b1d9ded8_resized.jpg","contentUrl":"https:\/\/belux-edmo.s3-accelerate.amazonaws.com\/wp-content\/uploads\/2025\/11\/e9e6756c2d129a5fc525d1f0b1d9ded8_resized.jpg","width":1080,"height":608,"caption":"Cette vid\u00e9o d\u2019un gorille face \u00e0 trois bodybuilders lors d\u2019un tir \u00e0 la corde a \u00e9t\u00e9 g\u00e9n\u00e9r\u00e9e par IA - Featured image"},{"@type":"BreadcrumbList","@id":"https:\/\/belux.edmo.eu\/fr\/cette-vido-dun-gorille-face-trois-bodybuilders-lors-dun-tir-la-corde-a-t-gnre-par-ia\/#breadcrumb","itemListElement":[{"@type":"ListItem","position":1,"name":"Home","item":"https:\/\/belux.edmo.eu\/fr\/"},{"@type":"ListItem","position":2,"name":"Cette vid\u00e9o d\u2019un gorille face \u00e0 trois bodybuilders lors d\u2019un tir \u00e0 la corde a \u00e9t\u00e9 g\u00e9n\u00e9r\u00e9e par IA"}]},{"@type":"WebSite","@id":"https:\/\/belux.edmo.eu\/#website","url":"https:\/\/belux.edmo.eu\/","name":"EDMO Belux","description":"Monitoring Disinformation in Belgium and Luxembourg","publisher":{"@id":"https:\/\/belux.edmo.eu\/#organization"},"potentialAction":[{"@type":"SearchAction","target":{"@type":"EntryPoint","urlTemplate":"https:\/\/belux.edmo.eu\/?s={search_term_string}"},"query-input":{"@type":"PropertyValueSpecification","valueRequired":true,"valueName":"search_term_string"}}],"inLanguage":"fr-FR"},{"@type":"Organization","@id":"https:\/\/belux.edmo.eu\/#organization","name":"EDMO Belux","url":"https:\/\/belux.edmo.eu\/","logo":{"@type":"ImageObject","inLanguage":"fr-FR","@id":"https:\/\/belux.edmo.eu\/#\/schema\/logo\/image\/","url":"https:\/\/belux.edmo.eu\/wp-content\/uploads\/2021\/12\/belux-logo-full-color-rgb.svg","contentUrl":"https:\/\/belux.edmo.eu\/wp-content\/uploads\/2021\/12\/belux-logo-full-color-rgb.svg","width":1,"height":1,"caption":"EDMO Belux"},"image":{"@id":"https:\/\/belux.edmo.eu\/#\/schema\/logo\/image\/"},"sameAs":["https:\/\/x.com\/Edmo_Belux"]},{"@type":"Person","@id":"https:\/\/belux.edmo.eu\/#\/schema\/person\/dbe3b252258537fd318f9b5645a30342","name":"master","sameAs":["https:\/\/belux.wpengine.com"],"url":"https:\/\/belux.edmo.eu\/fr\/author\/master\/"}]}},"menu_order":0,"_links":{"self":[{"href":"https:\/\/belux.edmo.eu\/fr\/wp-json\/wp\/v2\/posts\/410193","targetHints":{"allow":["GET"]}}],"collection":[{"href":"https:\/\/belux.edmo.eu\/fr\/wp-json\/wp\/v2\/posts"}],"about":[{"href":"https:\/\/belux.edmo.eu\/fr\/wp-json\/wp\/v2\/types\/post"}],"author":[{"embeddable":true,"href":"https:\/\/belux.edmo.eu\/fr\/wp-json\/wp\/v2\/users\/1"}],"replies":[{"embeddable":true,"href":"https:\/\/belux.edmo.eu\/fr\/wp-json\/wp\/v2\/comments?post=410193"}],"version-history":[{"count":0,"href":"https:\/\/belux.edmo.eu\/fr\/wp-json\/wp\/v2\/posts\/410193\/revisions"}],"wp:featuredmedia":[{"embeddable":true,"href":"https:\/\/belux.edmo.eu\/fr\/wp-json\/wp\/v2\/media\/410168"}],"wp:attachment":[{"href":"https:\/\/belux.edmo.eu\/fr\/wp-json\/wp\/v2\/media?parent=410193"}],"wp:term":[{"taxonomy":"category","embeddable":true,"href":"https:\/\/belux.edmo.eu\/fr\/wp-json\/wp\/v2\/categories?post=410193"},{"taxonomy":"post_tag","embeddable":true,"href":"https:\/\/belux.edmo.eu\/fr\/wp-json\/wp\/v2\/tags?post=410193"}],"curies":[{"name":"wp","href":"https:\/\/api.w.org\/{rel}","templated":true}]}}