{"id":41437,"date":"2022-05-23T08:22:56","date_gmt":"2022-05-23T08:22:56","guid":{"rendered":"https:\/\/belux.wpengine.com\/?p=41437"},"modified":"2022-06-30T13:59:57","modified_gmt":"2022-06-30T13:59:57","slug":"non-bfm-tv-na-pas-invit-en-direct-une-jeune-femme-aux-ides-nonazies","status":"publish","type":"post","link":"https:\/\/belux.edmo.eu\/fr\/non-bfm-tv-na-pas-invit-en-direct-une-jeune-femme-aux-ides-nonazies\/","title":{"rendered":"Non, BFM TV n\u2019a pas invit\u00e9 en direct une jeune femme aux id\u00e9es n\u00e9onazies"},"content":{"rendered":"<div class=\"box-border flex flex-wrap justify-center w-full max-w-row bg-background-light dark:bg-background-dark py-6 sm:py-8 md:py-12\">\n<div class=\"container box-border max-w-container max-w-[720px] py-10 px-6 sm:py-8 sm:px-8 md:py-12 md:px-12\">\n<div class=\"leading-loose text-content-900 dark:text-content-100 prose md:prose-md lg:prose-lg prose-initial\">\n<p><strong><span class=\"BCX2 SCXW238366535 TextRun\"><span class=\"BCX2 NormalTextRun SCXW238366535 SpellingErrorV2Themed\">Kateryna<\/span><span class=\"BCX2 NormalTextRun SCXW238366535\">\u00a0<\/span><span class=\"BCX2 NormalTextRun SCXW238366535 SpellingErrorHighlight SpellingErrorV2Themed\">Prokopenko\u00a0<a href=\"https:\/\/www.bfmtv.com\/international\/en-direct-guerre-en-ukraine-la-finlande-fait-un-grand-pas-vers-l-otan-zelensky-affirme-que-101-hopitaux-ont-ete-detruits-par-l-armee-russe_LN-202205130026.html#article_108385\" target=\"_blank\" rel=\"noopener\">\u00e9tait l\u2019invit\u00e9e de la cha\u00eene fran\u00e7aise BFM TV<\/a>\u00a0le 13\u00a0mai dernier. Cette jeune Ukrainienne venait \u00e9voquer la situation de son mari alors bloqu\u00e9 dans\u00a0<a href=\"https:\/\/www.rtbf.be\/article\/invasion-de-l-ukraine-les-defenseurs-d-azovstal-ont-recu-l-ordre-de-kiev-d-arreter-de-combattre-10996712\" target=\"_blank\" rel=\"noopener\">l\u2019aci\u00e9rie d\u2019Azovstal, \u00e0 Marioupol<\/a>, vis\u00e9e par des frappes russes.\u00a0<\/span><\/span>Dans la foul\u00e9e, son visage a \u00e9t\u00e9 associ\u00e9 \u00e0 tort avec des photos de femmes faisant le salut hitl\u00e9rien ou posant avec des drapeaux nazis.<\/strong><\/p>\n<div id=\"inreadWrapper\"><\/div>\n<p><span class=\"BCX2 SCXW238366535 TextRun\"><span class=\"BCX2 NormalTextRun SCXW238366535 SpellingErrorHighlight SpellingErrorV2Themed\">Mais il y a erreur sur la personne. Celle qui pose avec des drapeaux nazis est en r\u00e9alit\u00e9 Vita Zaverukha, une Ukrainienne aux id\u00e9es ouvertement n\u00e9onazies. Quant \u00e0 l\u2019autre image, elle circule sur internet depuis le d\u00e9but des ann\u00e9es 2010 et, sur celle-ci, plusieurs indices renvoient vers la Pologne.<\/span><\/span><\/p>\n<\/div>\n<\/div>\n<\/div>\n<div class=\"box-border flex flex-wrap justify-center w-full max-w-row bg-background-light dark:bg-background-dark py-6 sm:py-8 md:py-12\">\n<div class=\"container box-border max-w-container max-w-[720px] py-10 px-6 sm:py-8 sm:px-8 md:py-12 md:px-12\">\n<div class=\"leading-loose text-content-900 dark:text-content-100 prose md:prose-md lg:prose-lg\">\n<p>\u00ab\u00a0<em>BFM continue sa propagande anti Russe et couvre des jeunes femmes NAZI\u00a0! Bravo la propagande<\/em>\u00ab\u00a0,\u00a0<a href=\"https:\/\/archive.ph\/nhLhi\" target=\"_blank\" rel=\"noopener\">peut-on lire dans un tweet publi\u00e9 le 13\u00a0mai<\/a>. Un message ensuite repris par d\u2019autres, dont le rappeur fran\u00e7ais Booba\u00a0<a href=\"https:\/\/archive.ph\/XN0MM#selection-621.0-621.63\" target=\"_blank\" rel=\"noopener\">qui \u00e9crit sur Twitter le 16\u00a0mai<\/a>\u00a0: \u00ab\u00a0<em>I am a n\u00e9o-nazi i am on BFMTV. On est dans un sacr\u00e9 bourbier\u00a0!!!<\/em>\u00a0\u00bb<\/p>\n<p>Cette affirmation est aussi relay\u00e9e dans un article du site Oh My Mag titr\u00e9 dans un premier temps (<a href=\"http:\/\/web.archive.org\/web\/20220516202040\/https:\/\/www.ohmymag.com\/societe\/une-neonazie-en-direct-sur-bfmtv-son-intervention-fait-scandale-les-internautes-sindignent-contre-la-chaine_art150422.html\" target=\"_blank\" rel=\"noopener\">version archiv\u00e9e ici<\/a>)\u00a0: \u00ab\u00a0<em>Une n\u00e9onazie en direct sur BFMTV\u00a0: son intervention fait scandale, les internautes s\u2019indignent contre la cha\u00eene<\/em>\u00ab\u00a0. L\u2019article a ensuite \u00e9t\u00e9 modifi\u00e9 (<a href=\"https:\/\/www.ohmymag.com\/societe\/une-neonazie-en-direct-sur-bfmtv-son-intervention-fait-scandale-les-internautes-sindignent-contre-la-chaine_art150422.html\" target=\"_blank\" rel=\"noopener\">version actuelle ici<\/a>) pour ajouter un point d\u2019interrogation dans le titre. Des passages du papier ont aussi \u00e9t\u00e9 adapt\u00e9s avec des pr\u00e9cisions. Mais la version originale sans point d\u2019interrogation ni corrections dans le corps du texte\u00a0<a href=\"https:\/\/www.msn.com\/fr-fr\/divertissement\/celebrites\/une-n%C3%A9onazie-en-direct-sur-bfmtv-son-intervention-fait-scandale-les-internautes-s-indignent-contre-la-cha%C3%AEne\/ar-AAXkbdG?ocid=msedgdhp&amp;pc=U531&amp;cvid=dbd0060cb086418194d347cc95a7a861\" target=\"_blank\" rel=\"noopener\">est toujours visible sur le portail de MSN<\/a>\u00a0qui reprend des sujets de diff\u00e9rents sites internet d\u2019informations.<\/p>\n<\/div>\n<\/div>\n<\/div>\n<div class=\"box-border flex flex-wrap justify-center w-full max-w-row bg-background-light dark:bg-background-dark py-6 sm:py-8 md:py-12\">\n<div class=\"container box-border max-w-container max-w-[720px] py-10 px-6 sm:py-8 sm:px-8 md:py-12 md:px-12\">\n<div class=\"flex flex-col md:flex-row items-stretch space-y-20 md:space-y-0 md:space-x-20 lg:space-x-100 w-full\">\n<div class=\"w-full\">\n<div class=\"float-left md:mr-20 relative mb-16 w-full md:w-1\/3 appearance-none\" tabindex=\"0\" role=\"button\" aria-label=\"Agrandir l'image Piotr Verzilov, cofondateur des Pussy Riot, Yulia Fedosiuk et Kateryna Prokopenko, dont les compagnons membres du r\u00e9giment Azov se battent \u00e0 Marioupol, re\u00e7us par le pape Fran\u00e7oise \u00e0 Rome le 11 mai 2022.\">\n<div class=\"image_img-container--responsive-auto__gEj1I\"><img class=\"image_img--responsive-auto__4s6x1\" src=\"https:\/\/ds.static.rtbf.be\/article\/image\/1920xAuto\/9\/9\/e\/999a3e75e9d9199dfdf4ba689d265d1a-1653047555.jpg\" sizes=\"(max-width: 600px) 100vw, 350px\" srcset=\"https:\/\/ds.static.rtbf.be\/article\/image\/180xAuto\/9\/9\/e\/999a3e75e9d9199dfdf4ba689d265d1a-1653047555.jpg 180w, https:\/\/ds.static.rtbf.be\/article\/image\/370xAuto\/9\/9\/e\/999a3e75e9d9199dfdf4ba689d265d1a-1653047555.jpg 370w, https:\/\/ds.static.rtbf.be\/article\/image\/770xAuto\/9\/9\/e\/999a3e75e9d9199dfdf4ba689d265d1a-1653047555.jpg 770w, https:\/\/ds.static.rtbf.be\/article\/image\/1248xAuto\/9\/9\/e\/999a3e75e9d9199dfdf4ba689d265d1a-1653047555.jpg 1248w, https:\/\/ds.static.rtbf.be\/article\/image\/1920xAuto\/9\/9\/e\/999a3e75e9d9199dfdf4ba689d265d1a-1653047555.jpg 1920w\" alt=\"Piotr Verzilov, cofondateur des Pussy Riot, Yulia Fedosiuk et Kateryna Prokopenko, dont les compagnons membres du r\u00e9giment Azov se battent \u00e0 Marioupol, re\u00e7us par le pape Fran\u00e7oise \u00e0 Rome le 11 mai 2022.\" data-nimg=\"fill\" \/><\/div>\n<\/div>\n<div class=\"leading-loose text-content-900 dark:text-content-100 prose md:prose-md lg:prose-lg\">\n<p>Contact\u00e9e par la RTBF, C\u00e9line Pigalle, directrice de la r\u00e9daction de BFM TV, confirme que cette fausse information a bien \u00e9t\u00e9 rep\u00e9r\u00e9e par la cha\u00eene d\u00e8s son apparition sur les r\u00e9seaux. Cet \u00e9pisode a par ailleurs \u00e9t\u00e9 \u00e9voqu\u00e9 dans l\u2019\u00e9mission \u00ab\u00a0A l\u2019\u00e9preuve des faits\u00a0\u00bb, <a href=\"https:\/\/www.bfmtv.com\/podcasts\/2022-a-l-epreuve-des-faits\/\" target=\"_blank\" rel=\"noopener\" data-cke-saved-href=\"https:\/\/www.bfmtv.com\/podcasts\/2022-a-l-epreuve-des-faits\/\">dont le but est de\u00a0\u00ab\u00a0<em>remettre les contextes dans les faits<\/em>\u00ab\u00a0<\/a>, <a href=\"https:\/\/www.bfmtv.com\/replay-emissions\/2022-a-l-epreuve-des-faits\/une-femme-d-azov-sur-un-cliche-neonazi-21-05_VN-202205210183.html\" data-cke-saved-href=\"https:\/\/www.bfmtv.com\/replay-emissions\/2022-a-l-epreuve-des-faits\/une-femme-d-azov-sur-un-cliche-neonazi-21-05_VN-202205210183.html\">ce samedi 21\u00a0mai<\/a>.<\/p>\n<p>\u00ab\u00a0<em>On travaille sur le profil des invit\u00e9s qu\u2019on re\u00e7oit<\/em>\u00ab\u00a0, souligne C\u00e9line Pigalle. Elle rappelle au passage que\u00a0<span class=\"BCX2 SCXW238366535 TextRun\"><span class=\"BCX2 NormalTextRun SCXW238366535 SpellingErrorV2Themed\">Kateryna<\/span><span class=\"BCX2 NormalTextRun SCXW238366535\">\u00a0<\/span><span class=\"BCX2 NormalTextRun SCXW238366535 SpellingErrorHighlight SpellingErrorV2Themed\">Prokopenko a \u00e9t\u00e9 accueillie par d\u2019autres m\u00e9dias. La jeune femme avait auparavant rencontr\u00e9 le pape Fran\u00e7ois le 11 mai \u00e0 Rome comme on peut le voir sur la photo d\u2019agence ci-contre.<\/span><\/span><\/p>\n<\/div>\n<\/div>\n<\/div>\n<\/div>\n<\/div>\n<div class=\"box-border flex flex-wrap justify-center w-full max-w-row bg-background-light dark:bg-background-dark py-6 sm:py-8 md:py-12\">\n<div class=\"container box-border max-w-container max-w-[720px] py-10 px-6 sm:py-8 sm:px-8 md:py-12 md:px-12\">\n<div class=\"flex flex-col md:flex-row items-stretch space-y-20 md:space-y-0 md:space-x-20 lg:space-x-100 w-full\">\n<div class=\"w-full\">\n<div class=\"float-left md:mr-20 relative mb-16 w-full md:w-1\/3 appearance-none\" tabindex=\"0\" role=\"button\" aria-label=\"Agrandir l'image null\">\n<div class=\"image_img-container--responsive-auto__gEj1I\"><img class=\"image_img--responsive-auto__4s6x1\" src=\"https:\/\/ds.static.rtbf.be\/article\/image\/1920xAuto\/4\/5\/a\/eebfc4a85858b21f797c135a70d31103-1653041870.png\" sizes=\"(max-width: 600px) 100vw, 350px\" srcset=\"https:\/\/ds.static.rtbf.be\/article\/image\/180xAuto\/4\/5\/a\/eebfc4a85858b21f797c135a70d31103-1653041870.png 180w, https:\/\/ds.static.rtbf.be\/article\/image\/370xAuto\/4\/5\/a\/eebfc4a85858b21f797c135a70d31103-1653041870.png 370w, https:\/\/ds.static.rtbf.be\/article\/image\/770xAuto\/4\/5\/a\/eebfc4a85858b21f797c135a70d31103-1653041870.png 770w, https:\/\/ds.static.rtbf.be\/article\/image\/1248xAuto\/4\/5\/a\/eebfc4a85858b21f797c135a70d31103-1653041870.png 1248w, https:\/\/ds.static.rtbf.be\/article\/image\/1920xAuto\/4\/5\/a\/eebfc4a85858b21f797c135a70d31103-1653041870.png 1920w\" data-nimg=\"fill\" \/><\/div>\n<\/div>\n<div class=\"leading-loose text-content-900 dark:text-content-100 prose md:prose-md lg:prose-lg\">\n<p>Le tweet de Booba est quant \u00e0 lui accompagn\u00e9 de quatre photos\u00a0:<\/p>\n<ul>\n<li>une capture d\u2019\u00e9cran du passage en plateau sur BFM TV le 13\u00a0mai o\u00f9 on voit Yulia Fedosluk et\u00a0<span class=\"BCX2 SCXW38560975 TextRun\"><span class=\"BCX2 NormalTextRun SCXW38560975 SpellingErrorHighlight SpellingErrorV2Themed\">Kateryna<\/span><span class=\"BCX2 NormalTextRun SCXW38560975\">\u00a0<\/span><span class=\"BCX2 NormalTextRun SCXW38560975 SpellingErrorV2Themed\">Prokopenko \u2013 deux compagnes de combattants du r\u00e9giment Azov (<a href=\"https:\/\/www.rtbf.be\/article\/quest-ce-que-le-regiment-azov-ce-groupe-militaire-ukrainien-dultra-droite-influence-par-lideologie-neonazie-10947866\" target=\"_blank\" rel=\"noopener\">dont Faky vous d\u00e9taillait l\u2019id\u00e9ologie dans un article \u00e0 lire en cliquant ici<\/a>)\u00a0;<\/span><\/span><\/li>\n<li>une photo de trois femmes effectuant un salut nazi\u00a0;<\/li>\n<li>deux photos d\u2019une femme arborant tant\u00f4t un drapeau nazi, tant\u00f4t un aigle surplombant une croix gamm\u00e9e.<\/li>\n<\/ul>\n<\/div>\n<\/div>\n<\/div>\n<\/div>\n<\/div>\n<div class=\"box-border flex flex-wrap justify-center w-full max-w-row bg-background-light dark:bg-background-dark py-6 sm:py-8 md:py-12\">\n<div class=\"container box-border max-w-container max-w-[720px] py-10 px-6 sm:py-8 sm:px-8 md:py-12 md:px-12\">\n<div class=\"leading-loose text-content-900 dark:text-content-100 prose md:prose-md lg:prose-lg\">\n<h2>Des photos qui ne montrent pas la bonne personne<\/h2>\n<p>En utilisant\u00a0<a href=\"https:\/\/www.invid-project.eu\/tools-and-services\/invid-verification-plugin\/\" target=\"_blank\" rel=\"noopener\">InVid<\/a>, une extension pour navigateurs internet qui permet de faire des recherches invers\u00e9es d\u2019images en un clic, on d\u00e9couvre que<span class=\"BCX2 SCXW38560975 TextRun\"><span class=\"BCX2 NormalTextRun SCXW38560975 SpellingErrorV2Themed\">\u00a0la femme portant un drapeau nazi est en fait\u00a0<\/span><\/span><span class=\"BCX2 SCXW137490939 TextRun\"><span class=\"BCX2 NormalTextRun SCXW137490939\">Vita\u00a0<\/span><span class=\"BCX2 NormalTextRun SCXW137490939 SpellingErrorV2Themed\">Zaverukha<\/span><span class=\"BCX2 NormalTextRun SCXW137490939\">. C\u2019est ce qu\u2019ont d\u00e9j\u00e0 pu<\/span><\/span>\u00a0d\u00e9terminer\u00a0<a href=\"https:\/\/twitter.com\/FAKE_Investiga\/status\/1526559617832075271\" target=\"_blank\" rel=\"noopener\">le compte Twitter Fake Investigation<\/a>\u00a0et\u00a0<a href=\"https:\/\/observers.france24.com\/fr\/europe\/20220517-l-%C3%A9pouse-du-combattant-azov-qui-a-t%C3%A9moign%C3%A9-%C3%A0-la-t%C3%A9l%C3%A9vision-serait-elle-n%C3%A9o-nazie-attention-intox\" target=\"_blank\" rel=\"noopener\">les Observateurs de France 24<\/a>.<\/p>\n<p>Ag\u00e9e aujourd\u2019hui de 25 ans,\u00a0<span class=\"BCX2 SCXW137490939 TextRun\"><span class=\"BCX2 NormalTextRun SCXW137490939\">Vita\u00a0<\/span><span class=\"BCX2 NormalTextRun SCXW137490939 SpellingErrorV2Themed\">Zaverukha avait d\u00e9j\u00e0 fait parler d\u2019elle par le pass\u00e9. En\u00a02015, le magazine fran\u00e7ais Elle l\u2019avait interview\u00e9e dans un article sur les femmes combattantes en Ukraine. Le magazine\u00a0<a href=\"https:\/\/docs.google.com\/document\/d\/18iCcpdYLqI4oD4VTt-7zfJhij3mbVHClUVlKp_Ix-I4\/edit\" target=\"_blank\" rel=\"noopener\">avait ensuite pr\u00e9sent\u00e9 ses excuses\u00a0<\/a>apr\u00e8s avoir appris qu\u2019elle \u00e9tait\u00a0<\/span><\/span>\u00ab\u00a0<em>une activiste d\u2019extr\u00eame droite, diffusant sur les r\u00e9seaux sociaux des photographies faisant l\u2019apologie du n\u00e9o-nazisme<\/em>\u00ab\u00a0.<\/p>\n<h2>Et une autre photo qui remonte au moins \u00e0\u00a02010<\/h2>\n<p>Concentrons-nous maintenant sur la photo des trois femmes effectuant un salut nazi. L\u00e0 encore, une recherche invers\u00e9e d\u2019image permet d\u2019en retrouver\u00a0<a href=\"https:\/\/web.archive.org\/web\/20111018120105\/https:\/\/demotivation.me\/g2ev3lmvzziapic.html\" target=\"_blank\" rel=\"noopener\">une premi\u00e8re version en novembre\u00a02010 sur le site demotivation.ru<\/a>.<\/p>\n<p>Plusieurs indices rattachent cette photo \u00e0 la Pologne, sans qu\u2019on puisse identifier l\u2019origine pr\u00e9cise du clich\u00e9. Il y a d\u2019abord le t-shirt de la femme de gauche aux couleurs du drapeau polonais, mais aussi le fait qu\u2019une version plus large de la photo \u2013 avec les chaussures de chacune un peu plus visibles \u2013\u00a0<a href=\"https:\/\/archive.ph\/TZOVj\" target=\"_blank\" rel=\"noopener\">se retrouve en\u00a02015 sur un site cor\u00e9en<\/a>. Dans cette version, un filigrane renvoie \u00e0 un compte sur le site fotka.pl. Ce compte n\u2019existe cependant plus aujourd\u2019hui.<\/p>\n<\/div>\n<\/div>\n<\/div>\n<div class=\"box-border flex flex-wrap justify-center w-full max-w-row bg-background-light dark:bg-background-dark py-6 sm:py-8 md:py-12\">\n<div class=\"container box-border max-w-container max-w-[720px] py-10 px-6 sm:py-8 sm:px-8 md:py-12 md:px-12\">\n<div class=\"flex flex-col md:flex-row items-stretch space-y-20 md:space-y-0 md:space-x-20 lg:space-x-100 w-full\">\n<div class=\"w-full\">\n<div class=\"float-left md:mr-20 relative mb-16 w-full md:w-1\/3 appearance-none\" tabindex=\"0\" role=\"button\" aria-label=\"Agrandir l'image Un post Facebook, aujourd'hui accompagn\u00e9 d'un message d'avertissement du r\u00e9seau social qui pr\u00e9cise qu'il s'agit d'une fausse information.\">\n<div class=\"image_img-container--responsive-auto__gEj1I\"><img class=\"image_img--responsive-auto__4s6x1\" src=\"https:\/\/ds.static.rtbf.be\/article\/image\/1920xAuto\/0\/d\/0\/a79b380f0b2202efd2b8de3c6ec6c3fd-1653048961.png\" sizes=\"(max-width: 600px) 100vw, 350px\" srcset=\"https:\/\/ds.static.rtbf.be\/article\/image\/180xAuto\/0\/d\/0\/a79b380f0b2202efd2b8de3c6ec6c3fd-1653048961.png 180w, https:\/\/ds.static.rtbf.be\/article\/image\/370xAuto\/0\/d\/0\/a79b380f0b2202efd2b8de3c6ec6c3fd-1653048961.png 370w, https:\/\/ds.static.rtbf.be\/article\/image\/770xAuto\/0\/d\/0\/a79b380f0b2202efd2b8de3c6ec6c3fd-1653048961.png 770w, https:\/\/ds.static.rtbf.be\/article\/image\/1248xAuto\/0\/d\/0\/a79b380f0b2202efd2b8de3c6ec6c3fd-1653048961.png 1248w, https:\/\/ds.static.rtbf.be\/article\/image\/1920xAuto\/0\/d\/0\/a79b380f0b2202efd2b8de3c6ec6c3fd-1653048961.png 1920w\" alt=\"Un post Facebook, aujourd'hui accompagn\u00e9 d'un message d'avertissement du r\u00e9seau social qui pr\u00e9cise qu'il s'agit d'une fausse information.\" data-nimg=\"fill\" \/><\/div>\n<\/div>\n<div class=\"leading-loose text-content-900 dark:text-content-100 prose md:prose-md lg:prose-lg\">\n<p>En fait il n\u2019a pas fallu attendre le passage sur BFM TV pour que le visage de\u00a0<span class=\"BCX2 SCXW38560975 TextRun\"><span class=\"BCX2 NormalTextRun SCXW38560975 SpellingErrorHighlight SpellingErrorV2Themed\">Kateryna<\/span><span class=\"BCX2 NormalTextRun SCXW38560975\">\u00a0<\/span><span class=\"BCX2 NormalTextRun SCXW38560975 SpellingErrorV2Themed\">Prokopenko soit associ\u00e9 \u00e0 tort avec d\u2019autres.\u00a0<\/span><span class=\"BCX2 NormalTextRun SCXW38560975 SpellingErrorHighlight SpellingErrorV2Themed\">D\u00e8s que Kateryna<\/span><span class=\"BCX2 NormalTextRun SCXW38560975\">\u00a0<\/span><span class=\"BCX2 NormalTextRun SCXW38560975 SpellingErrorV2Themed\">Prokopenko a rencontr\u00e9 le pape Fran\u00e7ois le 11\u00a0mai dernier,\u00a0<a href=\"https:\/\/www.facebook.com\/stefano.dibenedetto2\/posts\/5282898878416017\" target=\"_blank\" rel=\"noopener\">un post Facebook a fait le lien avec la jeune femme au t-shirt vert<\/a>. C\u2019est ce que rel\u00e8ve le site italien open.online.\u00a0<a href=\"https:\/\/www.open.online\/2022\/05\/12\/meme-ragazza-nazista-kateryna-prokopenko-azov\/\" target=\"_blank\" rel=\"noopener\">Cette source souligne que la photo<\/a>\u00a0\u2013 qui pourrait \u00eatre bien plus ancienne \u2013 circule depuis\u00a02010, donc \u00e0 une \u00e9poque o\u00f9\u00a0<\/span><span class=\"BCX2 NormalTextRun SCXW38560975 SpellingErrorHighlight SpellingErrorV2Themed\">Kateryna<\/span><span class=\"BCX2 NormalTextRun SCXW38560975\">\u00a0<\/span><span class=\"BCX2 NormalTextRun SCXW38560975 SpellingErrorV2Themed\">Prokopenko avait entre 14 et 15 ans.<\/span><\/span><\/p>\n<p><span class=\"BCX2 SCXW38560975 TextRun\"><span class=\"BCX2 NormalTextRun SCXW38560975 SpellingErrorV2Themed\">Enfin,\u00a0<\/span><span class=\"BCX2 NormalTextRun SCXW38560975 SpellingErrorHighlight SpellingErrorV2Themed\">Kateryna<\/span><span class=\"BCX2 NormalTextRun SCXW38560975\">\u00a0<\/span><span class=\"BCX2 NormalTextRun SCXW38560975 SpellingErrorV2Themed\">Prokopenko elle-m\u00eame a affirm\u00e9 sur son compte Twitter qu\u2019elle n\u2019\u00e9tait pas \u00ab\u00a0<em>cette fille<\/em>\u00ab\u00a0<\/span><\/span>.<\/p>\n<\/div>\n<\/div>\n<\/div>\n<\/div>\n<\/div>\n<div class=\"box-border flex flex-wrap justify-center w-full max-w-row bg-background-light dark:bg-background-dark py-6 sm:py-8 md:py-12\">\n<div class=\"container box-border max-w-container max-w-[720px] py-10 px-6 sm:py-8 sm:px-8 md:py-12 md:px-12\">\n<div class=\"flex relative justify-center w-full\">\n<div class=\"w-full\">\n<div class=\"article-html-object_html-container___qi25\">\n<div class=\"twitter-tweet twitter-tweet-rendered\"><iframe id=\"twitter-widget-1\" class=\"\" title=\"Twitter Tweet\" src=\"https:\/\/platform.twitter.com\/embed\/Tweet.html?dnt=false&amp;embedId=twitter-widget-1&amp;features=eyJ0ZndfZXhwZXJpbWVudHNfY29va2llX2V4cGlyYXRpb24iOnsiYnVja2V0IjoxMjA5NjAwLCJ2ZXJzaW9uIjpudWxsfSwidGZ3X3NlbnNpdGl2ZV9tZWRpYV9pbnRlcnN0aXRpYWxfMTM5NjMiOnsiYnVja2V0IjoiaW50ZXJzdGl0aWFsIiwidmVyc2lvbiI6bnVsbH0sInRmd190d2VldF9yZXN1bHRfbWlncmF0aW9uXzEzOTc5Ijp7ImJ1Y2tldCI6InR3ZWV0X3Jlc3VsdCIsInZlcnNpb24iOm51bGx9fQ%3D%3D&amp;frame=false&amp;hideCard=false&amp;hideThread=false&amp;id=1525242640094183430&amp;lang=fr&amp;origin=https%3A%2F%2Fwww.rtbf.be%2Farticle%2Fnon-le-rouble-fort-nest-pas-le-signe-dune-bonne-sante-economique-en-russie-10994408&amp;sessionId=594a83056a0ba4a7d2f2f3e8a8e15dc107f696e6&amp;siteScreenName=RTBF&amp;theme=light&amp;widgetsVersion=c8fe9736dd6fb%3A1649830956492&amp;width=550px\" frameborder=\"0\" scrolling=\"no\" allowfullscreen=\"allowfullscreen\" data-tweet-id=\"1525242640094183430\" data-mce-fragment=\"1\"><\/iframe><\/div>\n<\/div>\n<\/div>\n<\/div>\n<\/div>\n<\/div>\n","protected":false},"excerpt":{"rendered":"<p>Kateryna Prokopenko \u00e9tait l&rsquo;invit\u00e9e de la cha\u00eene fran\u00e7aise BFM TV le 13\u00a0mai dernier. Cette jeune Ukrainienne venait&#8230;<\/p>\n","protected":false},"author":1,"featured_media":53748,"comment_status":"closed","ping_status":"open","sticky":false,"template":"","format":"standard","meta":{"_acf_changed":false,"footnotes":""},"categories":[132,138,214],"tags":[],"class_list":{"0":"post-41437","1":"post","2":"type-post","3":"status-publish","4":"format-standard","5":"has-post-thumbnail","7":"category-politique","8":"category-societe","9":"category-ukraine-fr"},"acf":{"show_metatags":true,"authors":"Ambroise Carton","organization":"RTBF","featured_image_copyright":"","text_copyright":"Copyright: (C)RTBF Radio, Television Belge Francophone, plus d'infos: https:\/\/www.rtbf.be\/cgu\/","source":"https:\/\/www.rtbf.be\/article\/non-bfm-tv-n-a-pas-invite-en-direct-une-jeune-femme-aux-idees-neonazies-10995781","fact_checker":"https:\/\/belux.wpengine.com\/wp-content\/uploads\/2022\/01\/rtbf-logo.jpg","id":"","fact_checker_logo_image":false,"type":"\u00c9v\u00e9nement ferm\u00e9","location":"","start_date":"","start_date_event_begins_at":"","start_date_event_ends_at":"","end_date":"","end_date_event_begins_at":"","end_date_event_ends_at":"","organizer":""},"yoast_head":"<!-- This site is optimized with the Yoast SEO plugin v27.0 - https:\/\/yoast.com\/product\/yoast-seo-wordpress\/ -->\n<title>Non, BFM TV n\u2019a pas invit\u00e9 en direct une jeune femme aux id\u00e9es n\u00e9onazies - EDMO Belux<\/title>\n<meta name=\"robots\" content=\"index, follow, max-snippet:-1, max-image-preview:large, max-video-preview:-1\" \/>\n<link rel=\"canonical\" href=\"https:\/\/belux.edmo.eu\/fr\/non-bfm-tv-na-pas-invit-en-direct-une-jeune-femme-aux-ides-nonazies\/\" \/>\n<meta property=\"og:locale\" content=\"fr_FR\" \/>\n<meta property=\"og:type\" content=\"article\" \/>\n<meta property=\"og:title\" content=\"Non, BFM TV n\u2019a pas invit\u00e9 en direct une jeune femme aux id\u00e9es n\u00e9onazies - EDMO Belux\" \/>\n<meta property=\"og:description\" content=\"Kateryna Prokopenko \u00e9tait l&#039;invit\u00e9e de la cha\u00eene fran\u00e7aise BFM TV le 13\u00a0mai dernier. Cette jeune Ukrainienne venait...\" \/>\n<meta property=\"og:url\" content=\"https:\/\/belux.edmo.eu\/fr\/non-bfm-tv-na-pas-invit-en-direct-une-jeune-femme-aux-ides-nonazies\/\" \/>\n<meta property=\"og:site_name\" content=\"EDMO Belux\" \/>\n<meta property=\"article:published_time\" content=\"2022-05-23T08:22:56+00:00\" \/>\n<meta property=\"article:modified_time\" content=\"2022-06-30T13:59:57+00:00\" \/>\n<meta property=\"og:image\" content=\"https:\/\/belux.edmo.eu\/wp-content\/uploads\/2022\/05\/791af54792846550dd51644bcaf13724-1653048508-1.jpg\" \/>\n\t<meta property=\"og:image:width\" content=\"770\" \/>\n\t<meta property=\"og:image:height\" content=\"433\" \/>\n\t<meta property=\"og:image:type\" content=\"image\/jpeg\" \/>\n<meta name=\"author\" content=\"master\" \/>\n<meta name=\"twitter:card\" content=\"summary_large_image\" \/>\n<meta name=\"twitter:creator\" content=\"@Edmo_Belux\" \/>\n<meta name=\"twitter:site\" content=\"@Edmo_Belux\" \/>\n<meta name=\"twitter:label1\" content=\"\u00c9crit par\" \/>\n\t<meta name=\"twitter:data1\" content=\"master\" \/>\n\t<meta name=\"twitter:label2\" content=\"Dur\u00e9e de lecture estim\u00e9e\" \/>\n\t<meta name=\"twitter:data2\" content=\"4 minutes\" \/>\n<script type=\"application\/ld+json\" class=\"yoast-schema-graph\">{\"@context\":\"https:\/\/schema.org\",\"@graph\":[{\"@type\":\"Article\",\"@id\":\"https:\/\/belux.edmo.eu\/fr\/non-bfm-tv-na-pas-invit-en-direct-une-jeune-femme-aux-ides-nonazies\/#article\",\"isPartOf\":{\"@id\":\"https:\/\/belux.edmo.eu\/fr\/non-bfm-tv-na-pas-invit-en-direct-une-jeune-femme-aux-ides-nonazies\/\"},\"author\":{\"name\":\"master\",\"@id\":\"https:\/\/belux.edmo.eu\/#\/schema\/person\/dbe3b252258537fd318f9b5645a30342\"},\"headline\":\"Non, BFM TV n\u2019a pas invit\u00e9 en direct une jeune femme aux id\u00e9es n\u00e9onazies\",\"datePublished\":\"2022-05-23T08:22:56+00:00\",\"dateModified\":\"2022-06-30T13:59:57+00:00\",\"mainEntityOfPage\":{\"@id\":\"https:\/\/belux.edmo.eu\/fr\/non-bfm-tv-na-pas-invit-en-direct-une-jeune-femme-aux-ides-nonazies\/\"},\"wordCount\":881,\"publisher\":{\"@id\":\"https:\/\/belux.edmo.eu\/#organization\"},\"image\":{\"@id\":\"https:\/\/belux.edmo.eu\/fr\/non-bfm-tv-na-pas-invit-en-direct-une-jeune-femme-aux-ides-nonazies\/#primaryimage\"},\"thumbnailUrl\":\"https:\/\/belux.edmo.eu\/wp-content\/uploads\/2022\/05\/791af54792846550dd51644bcaf13724-1653048508-1.jpg\",\"articleSection\":[\"Politique\",\"Societe\",\"Ukraine\"],\"inLanguage\":\"fr-FR\"},{\"@type\":\"WebPage\",\"@id\":\"https:\/\/belux.edmo.eu\/fr\/non-bfm-tv-na-pas-invit-en-direct-une-jeune-femme-aux-ides-nonazies\/\",\"url\":\"https:\/\/belux.edmo.eu\/fr\/non-bfm-tv-na-pas-invit-en-direct-une-jeune-femme-aux-ides-nonazies\/\",\"name\":\"Non, BFM TV n\u2019a pas invit\u00e9 en direct une jeune femme aux id\u00e9es n\u00e9onazies - EDMO Belux\",\"isPartOf\":{\"@id\":\"https:\/\/belux.edmo.eu\/#website\"},\"primaryImageOfPage\":{\"@id\":\"https:\/\/belux.edmo.eu\/fr\/non-bfm-tv-na-pas-invit-en-direct-une-jeune-femme-aux-ides-nonazies\/#primaryimage\"},\"image\":{\"@id\":\"https:\/\/belux.edmo.eu\/fr\/non-bfm-tv-na-pas-invit-en-direct-une-jeune-femme-aux-ides-nonazies\/#primaryimage\"},\"thumbnailUrl\":\"https:\/\/belux.edmo.eu\/wp-content\/uploads\/2022\/05\/791af54792846550dd51644bcaf13724-1653048508-1.jpg\",\"datePublished\":\"2022-05-23T08:22:56+00:00\",\"dateModified\":\"2022-06-30T13:59:57+00:00\",\"breadcrumb\":{\"@id\":\"https:\/\/belux.edmo.eu\/fr\/non-bfm-tv-na-pas-invit-en-direct-une-jeune-femme-aux-ides-nonazies\/#breadcrumb\"},\"inLanguage\":\"fr-FR\",\"potentialAction\":[{\"@type\":\"ReadAction\",\"target\":[\"https:\/\/belux.edmo.eu\/fr\/non-bfm-tv-na-pas-invit-en-direct-une-jeune-femme-aux-ides-nonazies\/\"]}]},{\"@type\":\"ImageObject\",\"inLanguage\":\"fr-FR\",\"@id\":\"https:\/\/belux.edmo.eu\/fr\/non-bfm-tv-na-pas-invit-en-direct-une-jeune-femme-aux-ides-nonazies\/#primaryimage\",\"url\":\"https:\/\/belux.edmo.eu\/wp-content\/uploads\/2022\/05\/791af54792846550dd51644bcaf13724-1653048508-1.jpg\",\"contentUrl\":\"https:\/\/belux.edmo.eu\/wp-content\/uploads\/2022\/05\/791af54792846550dd51644bcaf13724-1653048508-1.jpg\",\"width\":770,\"height\":433},{\"@type\":\"BreadcrumbList\",\"@id\":\"https:\/\/belux.edmo.eu\/fr\/non-bfm-tv-na-pas-invit-en-direct-une-jeune-femme-aux-ides-nonazies\/#breadcrumb\",\"itemListElement\":[{\"@type\":\"ListItem\",\"position\":1,\"name\":\"Home\",\"item\":\"https:\/\/belux.edmo.eu\/fr\/\"},{\"@type\":\"ListItem\",\"position\":2,\"name\":\"Non, BFM TV n\u2019a pas invit\u00e9 en direct une jeune femme aux id\u00e9es n\u00e9onazies\"}]},{\"@type\":\"WebSite\",\"@id\":\"https:\/\/belux.edmo.eu\/#website\",\"url\":\"https:\/\/belux.edmo.eu\/\",\"name\":\"EDMO Belux\",\"description\":\"Monitoring Disinformation in Belgium and Luxembourg\",\"publisher\":{\"@id\":\"https:\/\/belux.edmo.eu\/#organization\"},\"potentialAction\":[{\"@type\":\"SearchAction\",\"target\":{\"@type\":\"EntryPoint\",\"urlTemplate\":\"https:\/\/belux.edmo.eu\/?s={search_term_string}\"},\"query-input\":{\"@type\":\"PropertyValueSpecification\",\"valueRequired\":true,\"valueName\":\"search_term_string\"}}],\"inLanguage\":\"fr-FR\"},{\"@type\":\"Organization\",\"@id\":\"https:\/\/belux.edmo.eu\/#organization\",\"name\":\"EDMO Belux\",\"url\":\"https:\/\/belux.edmo.eu\/\",\"logo\":{\"@type\":\"ImageObject\",\"inLanguage\":\"fr-FR\",\"@id\":\"https:\/\/belux.edmo.eu\/#\/schema\/logo\/image\/\",\"url\":\"https:\/\/belux.edmo.eu\/wp-content\/uploads\/2021\/12\/belux-logo-full-color-rgb.svg\",\"contentUrl\":\"https:\/\/belux.edmo.eu\/wp-content\/uploads\/2021\/12\/belux-logo-full-color-rgb.svg\",\"width\":1,\"height\":1,\"caption\":\"EDMO Belux\"},\"image\":{\"@id\":\"https:\/\/belux.edmo.eu\/#\/schema\/logo\/image\/\"},\"sameAs\":[\"https:\/\/x.com\/Edmo_Belux\"]},{\"@type\":\"Person\",\"@id\":\"https:\/\/belux.edmo.eu\/#\/schema\/person\/dbe3b252258537fd318f9b5645a30342\",\"name\":\"master\",\"sameAs\":[\"https:\/\/belux.wpengine.com\"],\"url\":\"https:\/\/belux.edmo.eu\/fr\/author\/master\/\"}]}<\/script>\n<!-- \/ Yoast SEO plugin. -->","yoast_head_json":{"title":"Non, BFM TV n\u2019a pas invit\u00e9 en direct une jeune femme aux id\u00e9es n\u00e9onazies - EDMO Belux","robots":{"index":"index","follow":"follow","max-snippet":"max-snippet:-1","max-image-preview":"max-image-preview:large","max-video-preview":"max-video-preview:-1"},"canonical":"https:\/\/belux.edmo.eu\/fr\/non-bfm-tv-na-pas-invit-en-direct-une-jeune-femme-aux-ides-nonazies\/","og_locale":"fr_FR","og_type":"article","og_title":"Non, BFM TV n\u2019a pas invit\u00e9 en direct une jeune femme aux id\u00e9es n\u00e9onazies - EDMO Belux","og_description":"Kateryna Prokopenko \u00e9tait l'invit\u00e9e de la cha\u00eene fran\u00e7aise BFM TV le 13\u00a0mai dernier. Cette jeune Ukrainienne venait...","og_url":"https:\/\/belux.edmo.eu\/fr\/non-bfm-tv-na-pas-invit-en-direct-une-jeune-femme-aux-ides-nonazies\/","og_site_name":"EDMO Belux","article_published_time":"2022-05-23T08:22:56+00:00","article_modified_time":"2022-06-30T13:59:57+00:00","og_image":[{"width":770,"height":433,"url":"https:\/\/belux.edmo.eu\/wp-content\/uploads\/2022\/05\/791af54792846550dd51644bcaf13724-1653048508-1.jpg","type":"image\/jpeg"}],"author":"master","twitter_card":"summary_large_image","twitter_creator":"@Edmo_Belux","twitter_site":"@Edmo_Belux","twitter_misc":{"\u00c9crit par":"master","Dur\u00e9e de lecture estim\u00e9e":"4 minutes"},"schema":{"@context":"https:\/\/schema.org","@graph":[{"@type":"Article","@id":"https:\/\/belux.edmo.eu\/fr\/non-bfm-tv-na-pas-invit-en-direct-une-jeune-femme-aux-ides-nonazies\/#article","isPartOf":{"@id":"https:\/\/belux.edmo.eu\/fr\/non-bfm-tv-na-pas-invit-en-direct-une-jeune-femme-aux-ides-nonazies\/"},"author":{"name":"master","@id":"https:\/\/belux.edmo.eu\/#\/schema\/person\/dbe3b252258537fd318f9b5645a30342"},"headline":"Non, BFM TV n\u2019a pas invit\u00e9 en direct une jeune femme aux id\u00e9es n\u00e9onazies","datePublished":"2022-05-23T08:22:56+00:00","dateModified":"2022-06-30T13:59:57+00:00","mainEntityOfPage":{"@id":"https:\/\/belux.edmo.eu\/fr\/non-bfm-tv-na-pas-invit-en-direct-une-jeune-femme-aux-ides-nonazies\/"},"wordCount":881,"publisher":{"@id":"https:\/\/belux.edmo.eu\/#organization"},"image":{"@id":"https:\/\/belux.edmo.eu\/fr\/non-bfm-tv-na-pas-invit-en-direct-une-jeune-femme-aux-ides-nonazies\/#primaryimage"},"thumbnailUrl":"https:\/\/belux.edmo.eu\/wp-content\/uploads\/2022\/05\/791af54792846550dd51644bcaf13724-1653048508-1.jpg","articleSection":["Politique","Societe","Ukraine"],"inLanguage":"fr-FR"},{"@type":"WebPage","@id":"https:\/\/belux.edmo.eu\/fr\/non-bfm-tv-na-pas-invit-en-direct-une-jeune-femme-aux-ides-nonazies\/","url":"https:\/\/belux.edmo.eu\/fr\/non-bfm-tv-na-pas-invit-en-direct-une-jeune-femme-aux-ides-nonazies\/","name":"Non, BFM TV n\u2019a pas invit\u00e9 en direct une jeune femme aux id\u00e9es n\u00e9onazies - EDMO Belux","isPartOf":{"@id":"https:\/\/belux.edmo.eu\/#website"},"primaryImageOfPage":{"@id":"https:\/\/belux.edmo.eu\/fr\/non-bfm-tv-na-pas-invit-en-direct-une-jeune-femme-aux-ides-nonazies\/#primaryimage"},"image":{"@id":"https:\/\/belux.edmo.eu\/fr\/non-bfm-tv-na-pas-invit-en-direct-une-jeune-femme-aux-ides-nonazies\/#primaryimage"},"thumbnailUrl":"https:\/\/belux.edmo.eu\/wp-content\/uploads\/2022\/05\/791af54792846550dd51644bcaf13724-1653048508-1.jpg","datePublished":"2022-05-23T08:22:56+00:00","dateModified":"2022-06-30T13:59:57+00:00","breadcrumb":{"@id":"https:\/\/belux.edmo.eu\/fr\/non-bfm-tv-na-pas-invit-en-direct-une-jeune-femme-aux-ides-nonazies\/#breadcrumb"},"inLanguage":"fr-FR","potentialAction":[{"@type":"ReadAction","target":["https:\/\/belux.edmo.eu\/fr\/non-bfm-tv-na-pas-invit-en-direct-une-jeune-femme-aux-ides-nonazies\/"]}]},{"@type":"ImageObject","inLanguage":"fr-FR","@id":"https:\/\/belux.edmo.eu\/fr\/non-bfm-tv-na-pas-invit-en-direct-une-jeune-femme-aux-ides-nonazies\/#primaryimage","url":"https:\/\/belux.edmo.eu\/wp-content\/uploads\/2022\/05\/791af54792846550dd51644bcaf13724-1653048508-1.jpg","contentUrl":"https:\/\/belux.edmo.eu\/wp-content\/uploads\/2022\/05\/791af54792846550dd51644bcaf13724-1653048508-1.jpg","width":770,"height":433},{"@type":"BreadcrumbList","@id":"https:\/\/belux.edmo.eu\/fr\/non-bfm-tv-na-pas-invit-en-direct-une-jeune-femme-aux-ides-nonazies\/#breadcrumb","itemListElement":[{"@type":"ListItem","position":1,"name":"Home","item":"https:\/\/belux.edmo.eu\/fr\/"},{"@type":"ListItem","position":2,"name":"Non, BFM TV n\u2019a pas invit\u00e9 en direct une jeune femme aux id\u00e9es n\u00e9onazies"}]},{"@type":"WebSite","@id":"https:\/\/belux.edmo.eu\/#website","url":"https:\/\/belux.edmo.eu\/","name":"EDMO Belux","description":"Monitoring Disinformation in Belgium and Luxembourg","publisher":{"@id":"https:\/\/belux.edmo.eu\/#organization"},"potentialAction":[{"@type":"SearchAction","target":{"@type":"EntryPoint","urlTemplate":"https:\/\/belux.edmo.eu\/?s={search_term_string}"},"query-input":{"@type":"PropertyValueSpecification","valueRequired":true,"valueName":"search_term_string"}}],"inLanguage":"fr-FR"},{"@type":"Organization","@id":"https:\/\/belux.edmo.eu\/#organization","name":"EDMO Belux","url":"https:\/\/belux.edmo.eu\/","logo":{"@type":"ImageObject","inLanguage":"fr-FR","@id":"https:\/\/belux.edmo.eu\/#\/schema\/logo\/image\/","url":"https:\/\/belux.edmo.eu\/wp-content\/uploads\/2021\/12\/belux-logo-full-color-rgb.svg","contentUrl":"https:\/\/belux.edmo.eu\/wp-content\/uploads\/2021\/12\/belux-logo-full-color-rgb.svg","width":1,"height":1,"caption":"EDMO Belux"},"image":{"@id":"https:\/\/belux.edmo.eu\/#\/schema\/logo\/image\/"},"sameAs":["https:\/\/x.com\/Edmo_Belux"]},{"@type":"Person","@id":"https:\/\/belux.edmo.eu\/#\/schema\/person\/dbe3b252258537fd318f9b5645a30342","name":"master","sameAs":["https:\/\/belux.wpengine.com"],"url":"https:\/\/belux.edmo.eu\/fr\/author\/master\/"}]}},"menu_order":0,"_links":{"self":[{"href":"https:\/\/belux.edmo.eu\/fr\/wp-json\/wp\/v2\/posts\/41437","targetHints":{"allow":["GET"]}}],"collection":[{"href":"https:\/\/belux.edmo.eu\/fr\/wp-json\/wp\/v2\/posts"}],"about":[{"href":"https:\/\/belux.edmo.eu\/fr\/wp-json\/wp\/v2\/types\/post"}],"author":[{"embeddable":true,"href":"https:\/\/belux.edmo.eu\/fr\/wp-json\/wp\/v2\/users\/1"}],"replies":[{"embeddable":true,"href":"https:\/\/belux.edmo.eu\/fr\/wp-json\/wp\/v2\/comments?post=41437"}],"version-history":[{"count":0,"href":"https:\/\/belux.edmo.eu\/fr\/wp-json\/wp\/v2\/posts\/41437\/revisions"}],"wp:featuredmedia":[{"embeddable":true,"href":"https:\/\/belux.edmo.eu\/fr\/wp-json\/wp\/v2\/media\/53748"}],"wp:attachment":[{"href":"https:\/\/belux.edmo.eu\/fr\/wp-json\/wp\/v2\/media?parent=41437"}],"wp:term":[{"taxonomy":"category","embeddable":true,"href":"https:\/\/belux.edmo.eu\/fr\/wp-json\/wp\/v2\/categories?post=41437"},{"taxonomy":"post_tag","embeddable":true,"href":"https:\/\/belux.edmo.eu\/fr\/wp-json\/wp\/v2\/tags?post=41437"}],"curies":[{"name":"wp","href":"https:\/\/api.w.org\/{rel}","templated":true}]}}