{"id":423736,"date":"2025-12-04T13:54:15","date_gmt":"2025-12-04T13:54:15","guid":{"rendered":"https:\/\/belux.edmo.eu\/?p=423736"},"modified":"2025-12-04T15:23:31","modified_gmt":"2025-12-04T15:23:31","slug":"attention-ce-faux-entretien-avec-un-militaire-proposant-de-pucer-les-soldats-ukrainiens","status":"publish","type":"post","link":"https:\/\/belux.edmo.eu\/fr\/attention-ce-faux-entretien-avec-un-militaire-proposant-de-pucer-les-soldats-ukrainiens\/","title":{"rendered":"Attention \u00e0 ce faux entretien avec un militaire proposant de \u00ab\u00a0pucer\u00a0\u00bb les soldats ukrainiens"},"content":{"rendered":"<p>Comme l&rsquo;arm\u00e9e russe, l&rsquo;arm\u00e9e ukrainienne a \u00e9t\u00e9 confront\u00e9e \u00e0 des d\u00e9sertions de soldats lors du conflit en cours entre les deux pays. Dans ce contexte, des internautes ont largement relay\u00e9 sur les r\u00e9seaux sociaux une vid\u00e9o dans laquelle un pr\u00e9tendu militaire ukrainien propose d&rsquo;implanter des micro-puces aux soldats pour les dissuader de fuir les combats. Mais il s&rsquo;agit d&rsquo;une manipulation : la s\u00e9quence a \u00e9t\u00e9 alt\u00e9r\u00e9e \u00e0 l&rsquo;aide de l&rsquo;intelligence artificielle (IA). La cha\u00eene de t\u00e9l\u00e9vision dont des images ont \u00e9t\u00e9 utilis\u00e9es dans cette s\u00e9quence a confirm\u00e9 que l&rsquo;extrait en question n&rsquo;\u00e9tait pas authentique.<\/p>\n<p><span dir=\"auto\"><span data-mce-annotation=\"tinycomments\" data-mce-annotation-uid=\"mce-conversation_98009601021764001228403\">\u00ab\u00a0<\/span><\/span><em>\u00c0 la t\u00e9l\u00e9vision ukrainienne, un ukronazi d&rsquo;azov<\/em> [NDLR : terme utilis\u00e9 par des acteurs pro-Kremlin pour d\u00e9signer les soldats ukrainiens]<em>\u00a0a expliqu\u00e9 comment lutter contre les d\u00e9sertions massives dans l&rsquo;arm\u00e9e<\/em>\u00ab\u00a0, peut-on lire dans la description d&rsquo;<a href=\"https:\/\/perma.cc\/2F65-6PUH\" target=\"_blank\" rel=\"appearance frozen nofollow noopener\" shape=\"rect\">une vid\u00e9o<\/a> d&rsquo;une dizaine de secondes publi\u00e9e sur Facebook le 18 novembre 2025, partag\u00e9e pr\u00e8s de 40 fois et cumulant des milliers de vues.<\/p>\n<p><span dir=\"auto\"><span data-mce-annotation=\"tinycomments\" data-mce-annotation-uid=\"mce-conversation_41356743251763734126640\">La s\u00e9quence montre ce qui semble \u00eatre un militaire ukrainien d\u00e9clarant \u00e0 l&rsquo;animatrice de la cha\u00eene de t\u00e9l\u00e9vision Kyiv24 News, <a href=\"https:\/\/www.facebook.com\/p\/Anna-Valevska-100081905619240\/\" target=\"_blank\" rel=\"evidence frozen nofollow noopener\" shape=\"rect\">Anna Valevska<\/a>, qu'\u00a0\u00bb<em>au 21e si\u00e8cle, m\u00eame les chiens sont puc\u00e9s pour \u00e9viter qu&rsquo;ils ne s&rsquo;enfuient. Je ne comprends pas pourquoi nous ne le ferions pas pour pouvoir localiser les soldats par GPS et les ramener<\/em>\u00ab\u00a0<\/span>\u00a0(lien archiv\u00e9 <a href=\"https:\/\/web.archive.org\/web\/20251125085920\/https:\/\/www.facebook.com\/p\/Anna-Valevska-100081905619240\/\" target=\"_blank\" rel=\"evidence frozen nofollow noopener\" shape=\"rect\">ici<\/a>).<\/span><\/p>\n<p>Des affirmations similaires concernant des soldats \u00e9quip\u00e9s de micro-puces ont circul\u00e9 dans d&rsquo;autres langues, telles que l&rsquo;<a href=\"https:\/\/perma.cc\/YS87-2KH7\" target=\"_blank\" rel=\"appearance frozen nofollow noopener\" shape=\"rect\">anglais<\/a>, le <a href=\"https:\/\/perma.cc\/U47J-8FVF\" target=\"_blank\" rel=\"appearance frozen nofollow noopener\" shape=\"rect\">polonais<\/a>, l&rsquo;<a href=\"https:\/\/web.archive.org\/web\/20251121085340\/https:\/\/www.facebook.com\/liusivaya\/posts\/pfbid0VtQXgZNzNGNVZqCnZyKo528Ckaj1PJShAR6CSpeTnggdaqVeMLF1GNRmWjKuvquhl\" target=\"_blank\" rel=\"appearance frozen nofollow noopener\" shape=\"rect\">espagnol<\/a>, l&rsquo;<a href=\"https:\/\/perma.cc\/CK8Y-ETQ4\" target=\"_blank\" rel=\"appearance frozen nofollow noopener\" shape=\"rect\">allemand<\/a>, le <a href=\"https:\/\/perma.cc\/ME9H-NFZE\" target=\"_blank\" rel=\"appearance frozen nofollow noopener\" shape=\"rect\">slovaque<\/a> et le <a href=\"https:\/\/web.archive.org\/web\/20251121084843\/https:\/\/www.facebook.com\/reel\/896152549532694\" target=\"_blank\" rel=\"appearance frozen nofollow noopener\" shape=\"rect\">finnois<\/a>. La vid\u00e9o est apparue en russe\u00a0<a href=\"https:\/\/archive.is\/mJ3vV\" target=\"_blank\" rel=\"appearance frozen nofollow noopener\" shape=\"rect\">ici<\/a> et <a href=\"https:\/\/web.archive.org\/web\/20251126210812\/https:\/\/t.me\/geranium_chronicles\/45174\" target=\"_blank\" rel=\"appearance frozen nofollow noopener\" shape=\"rect\">l\u00e0 <\/a>le 17 novembre 2025, ainsi que sur le site web du quotidien russe <a href=\"https:\/\/perma.cc\/LAS2-26GY\" target=\"_blank\" rel=\"appearance frozen nofollow noopener\" shape=\"rect\">Pravda<\/a>. Selon le service fran\u00e7ais sp\u00e9cialis\u00e9 dans la traque des ing\u00e9rences num\u00e9riques \u00e9trang\u00e8res\u00a0<a href=\"https:\/\/perma.cc\/4SU2-SVYF\" target=\"_blank\" rel=\"nofollow noopener frozen appearance\" shape=\"rect\" data-sk=\"tooltip_parent\" data-stringify-link=\"https:\/\/perma.cc\/4SU2-SVYF\">Viginum<\/a>, \u00ab\u00a0<a href=\"http:\/\/pravda.fr\/\" target=\"_blank\" rel=\"nofollow noopener frozen appearance\" shape=\"rect\" data-sk=\"tooltip_parent\" data-stringify-link=\"http:\/\/Pravda.fr\">Pravda.fr<\/a>\u00a0\u00bb appartient \u00e0 un r\u00e9seau \u00ab\u00a0<em data-stringify-type=\"italic\"><a href=\"https:\/\/www.letemps.ch\/monde\/les-autorites-francaises-devoilent-un-vaste-reseau-de-sites-de-propagande-russe-vers-l-europe-et-les-etats-unis?srsltid=AfmBOooNIqoT6K130QZrZwWTOOzNR4cYKs5Pn0spNyQmiWbRW1b10flW\" target=\"_blank\" rel=\"nofollow noopener evidence\" shape=\"rect\" data-sk=\"tooltip_parent\" data-stringify-link=\"https:\/\/www.letemps.ch\/monde\/les-autorites-francaises-devoilent-un-vaste-reseau-de-sites-de-propagande-russe-vers-l-europe-et-les-etats-unis?srsltid=AfmBOooNIqoT6K130QZrZwWTOOzNR4cYKs5Pn0spNyQmiWbRW1b10flW\">structur\u00e9 et coordonn\u00e9<\/a><\/em>\u00a0\u00bb (lien archiv\u00e9\u00a0<a href=\"https:\/\/perma.cc\/DP69-C9M8\" target=\"_blank\" rel=\"nofollow noopener frozen appearance\" shape=\"rect\" data-sk=\"tooltip_parent\" data-stringify-link=\"https:\/\/perma.cc\/DP69-C9M8\">ici<\/a>) de 193 sites diffusant de la propagande russe visant les pays europ\u00e9ens et les Etats-Unis.\u00a0\u00bb<\/p>\n<div class=\"g2picture\">\n<figure><img src=\"https:\/\/belux-edmo.s3-accelerate.amazonaws.com\/wp-content\/uploads\/2025\/12\/a7df252578c2b01d384296e8365839509ff1e526-ipad_resized.jpg\" \/><figcaption>Capture d&rsquo;\u00e9cran prise le 03\/12\/2025 sur Facebook. Croix rouge ajout\u00e9e par l&rsquo;AFP<\/figcaption><\/figure>\n<\/div>\n<p>Mais attention :<strong> cette vid\u00e9o a en r\u00e9alit\u00e9 \u00e9t\u00e9 manipul\u00e9e \u00e0 l&rsquo;aide de l&rsquo;intelligence artificielle (IA)<\/strong>.<\/p>\n<p><b>Une s\u00e9quence falsifi\u00e9e<\/b><\/p>\n<p><span dir=\"auto\">Comme la vid\u00e9o virale ne mentionne ni le nom du soldat pr\u00e9sum\u00e9, ni son unit\u00e9 militaire, l&rsquo;AFP a effectu\u00e9 une\u00a0<a href=\"https:\/\/www.youtube.com\/watch?v=w6tpIBHhZLw\" target=\"_blank\" rel=\"evidence nofollow noopener\" shape=\"rect\">recherche d&rsquo;image invers\u00e9e<\/a> \u00e0 partir de captures d&rsquo;\u00e9cran de la vid\u00e9o pour tenter de l&rsquo;identifier. Divers outils de reconnaissance faciale, dont\u00a0<a href=\"https:\/\/pimeyes.com\/en\" target=\"_blank\" rel=\"evidence nofollow noopener\" shape=\"rect\">PimEyes<\/a> et <a href=\"https:\/\/facecheck.id\/pl\" target=\"_blank\" rel=\"evidence nofollow noopener\" shape=\"rect\">FaceCheck<\/a>, ont \u00e9t\u00e9 test\u00e9s, sans r\u00e9sultat probant.\u00a0<\/span><\/p>\n<p><span dir=\"auto\"><span data-mce-annotation=\"tinycomments\" data-mce-annotation-uid=\"mce-conversation_725761642161761208143648\">Par ailleurs, une analyse audio de la vid\u00e9o virale, r\u00e9alis\u00e9e \u00e0 l&rsquo;aide du d\u00e9tecteur de deepfakes Hiya.com sur l&rsquo;<a href=\"https:\/\/www.invid-project.eu\/tools-and-services\/invid-verification-plugin\/\" target=\"_blank\" rel=\"evidence frozen nofollow noopener\" shape=\"rect\">outil (cocr\u00e9\u00e9 par l&rsquo;AFP) de v\u00e9rification InVID-WeVerify<\/a>, estime que la voix du jeune homme a \u00e9t\u00e9 tr\u00e8s probablement g\u00e9n\u00e9r\u00e9e par IA, avec un score de 99%.<\/span><\/span><\/p>\n<p>&nbsp;<\/p>\n<div class=\"g2picture\">\n<figure><img src=\"https:\/\/belux-edmo.s3-accelerate.amazonaws.com\/wp-content\/uploads\/2025\/12\/51b4de9eab91b92ff282bee3263ac13423851b4a-ipad_resized.jpg\" \/><figcaption>Capture d&rsquo;\u00e9cran de l&rsquo;analyse de l&rsquo;AFP du 20 novembre 2025, faite avec Hiya et qui indique la probabilit\u00e9 de g\u00e9n\u00e9ration gr\u00e2ce \u00e0 l&rsquo;IA<\/figcaption><\/figure>\n<\/div>\n<p>&nbsp;<\/p>\n<p><span dir=\"auto\"><span data-mce-annotation=\"tinycomments\" data-mce-annotation-uid=\"mce-conversation_725761642161761208143648\">Une seconde analyse, men\u00e9e avec l&rsquo;outil\u00a0<a href=\"https:\/\/deepfake-total.com\/\" target=\"_blank\" rel=\"evidence frozen nofollow noopener\" shape=\"rect\">Deepfake Total<\/a> aboutit \u00e0 la <a href=\"https:\/\/deepfake-total.com\/analyze_twitter\/Minister_Prawdy\/1990835559154237581?start=0&amp;end=120\" target=\"_blank\" rel=\"evidence nofollow noopener\" shape=\"rect\">m\u00eame conclusion<\/a>.\u00a0(lien archiv\u00e9\u00a0<a href=\"https:\/\/perma.cc\/8NFT-45ZR\" target=\"_blank\" rel=\"evidence frozen nofollow noopener\" shape=\"rect\">ici<\/a>). <\/span><\/span><\/p>\n<div class=\"g2picture\">\n<figure><img src=\"https:\/\/belux-edmo.s3-accelerate.amazonaws.com\/wp-content\/uploads\/2025\/12\/374c42d4b5bbf39cc8a15ac67bff1ad00846c901-ipad_resized.jpg\" \/><figcaption>Capture d&rsquo;\u00e9cran de l&rsquo;analyse de l&rsquo;AFP du 20 novembre 2025, faite avec deepfake-total.com et qui indique la probabilit\u00e9 de g\u00e9n\u00e9ration gr\u00e2ce \u00e0 l&rsquo;IA<\/figcaption><\/figure>\n<\/div>\n<p><b>La vid\u00e9o originale<\/b><\/p>\n<p><span dir=\"auto\">Si la cha\u00eene t\u00e9l\u00e9vis\u00e9e <span data-mce-annotation=\"tinycomments\" data-mce-annotation-uid=\"mce-conversation_41356743251763734126640\"><a href=\"https:\/\/kyiv24.news\/\" target=\"_blank\" rel=\"evidence nofollow noopener\" shape=\"rect\">Kyiv24 News<\/a><\/span>\u00a0et la pr\u00e9sentatrice <span data-mce-annotation=\"tinycomments\" data-mce-annotation-uid=\"mce-conversation_41356743251763734126640\"><a href=\"https:\/\/web.archive.org\/web\/20251125085920\/https:\/\/www.facebook.com\/p\/Anna-Valevska-100081905619240\/\" target=\"_blank\" rel=\"evidence frozen nofollow noopener\" shape=\"rect\">Anna Valevska<\/a> existent bel et bien<\/span>, la vid\u00e9o virale est, quant \u00e0 elle, alt\u00e9r\u00e9e. En effectuant\u00a0<\/span>des <a href=\"https:\/\/www.youtube.com\/watch?v=WLEvLB5KYNI&amp;t=2s\" target=\"_blank\" rel=\"evidence frozen nofollow noopener\" shape=\"rect\">recherches d&rsquo;images invers\u00e9es<\/a> et <a href=\"https:\/\/fr.digitalcourses.afp.com\/courses\/affinez-vos-recherches-pour-n-obtenir-que-ce-dont-vous-avez-besoin\" target=\"_blank\" rel=\"evidence frozen nofollow noopener\" shape=\"rect\">par mots-cl\u00e9s<\/a>, l&rsquo;AFP a trouv\u00e9<a href=\"https:\/\/www.youtube.com\/live\/iNr-gHpVE94?si=2-zZrP9djCeWOTxg&amp;t=9962\" target=\"_blank\" rel=\"evidence nofollow noopener\" shape=\"rect\"> le reportage original<\/a>, publi\u00e9 d\u00e8s le <strong>11 novembre 2025<\/strong> sur YouTube\u00a0(lien archiv\u00e9 <a href=\"https:\/\/perma.cc\/TC8B-MHYE\" target=\"_blank\" rel=\"evidence frozen nofollow noopener\" shape=\"rect\">ici<\/a>).<\/p>\n<div class=\"g2web\" style=\"text-align: center;\"><iframe src=\"https:\/\/www.youtube.com\/embed\/iNr-gHpVE94?si=uPGSk2HoD4B0wQXM\" width=\"560\" height=\"314\" frameborder=\"1\" scrolling=\"auto\" allowfullscreen=\"allowfullscreen\"><\/iframe><\/div>\n<p>Dans le reportage t\u00e9l\u00e9vis\u00e9 d\u2019origine, la pr\u00e9sentatrice porte la m\u00eame tenue que dans la version falsifi\u00e9e, et le logo de la cha\u00eene appara\u00eet au m\u00eame endroit.<\/p>\n<p>La pr\u00e9sentatrice discute avec Dmytro Kuharchuk, un commandant d&rsquo;un bataillon ukrainien, qui participe \u00e0 l&rsquo;interview en direct depuis \u00ab\u00a0<em>le front<\/em>\u00a0\u00bb pour parler des d\u00e9sertions dans les Forces arm\u00e9es ukrainiennes. A aucun moment ce dernier ne parle de pu\u00e7age des soldats.<\/p>\n<p>Dans le clip falsifi\u00e9, le visage de Dmytro Kuharchuk semble avoir \u00e9t\u00e9 remplac\u00e9 par un deepfake repr\u00e9sentant un pr\u00e9tendu soldat ukrainien. La peau anormalement lisse et l\u2019\u00e9clairage uniforme du visage constituent d\u2019ailleurs des signaux caract\u00e9ristiques d\u2019une image g\u00e9n\u00e9r\u00e9e artificiellement.<\/p>\n<p>La cr\u00e9ation de visages anonymes gr\u00e2ce \u00e0 l&rsquo;IA ou l&rsquo;utilisation de visages puis\u00e9s dans des banques d&rsquo;images est <a href=\"https:\/\/factuel.afp.com\/doc.afp.com.84QF4ZQ\" target=\"_blank\" rel=\"evidence nofollow noopener\" shape=\"rect\">une technique d\u00e9sormais privil\u00e9gi\u00e9e<\/a> par les acteurs de la d\u00e9sinformation, qui affinent leurs m\u00e9thodes pour compliquer l&rsquo;authentification des contenus vid\u00e9os.<\/p>\n<div class=\"g2video\"><\/div>\n<div style=\"width: 640px;\" class=\"wp-video\"><video class=\"wp-video-shortcode\" id=\"video-423736-1\" width=\"640\" height=\"360\" preload=\"metadata\" controls=\"controls\"><source type='video\/mp4' src='https:\/\/belux-edmo.s3-accelerate.amazonaws.com\/wp-content\/uploads\/2025\/12\/NwhYP0G7-0a02aae3b2c718ce8f9cf68006a0e043-pl.mp4'\/><a href='https:\/\/belux-edmo.s3-accelerate.amazonaws.com\/wp-content\/uploads\/2025\/12\/NwhYP0G7-0a02aae3b2c718ce8f9cf68006a0e043-pl.mp4'>NwhYP0G7-0a02aae3b2c718ce8f9cf68006a0e043-pl.mp4<\/a><\/video><\/div>\n<p>Kyiv24 a confirm\u00e9 \u00e0 l&rsquo;AFP le 20 novembre que l&rsquo;interview telle que partag\u00e9e par les publications trompeuses n&rsquo;a jamais eu lieu \u00e0 l&rsquo;antenne.<\/p>\n<p>\u00ab\u00a0<em>Je tiens \u00e0 vous informer que la vid\u00e9o qui a suscit\u00e9 des remous, dans laquelle un certain soldat parle de micropu\u00e7age, est enti\u00e8rement un deepfake<\/em>\u00ab\u00a0, a \u00e9crit Natalia Lyashchenko, productrice ex\u00e9cutive chez Kyiv24, dans un courriel adress\u00e9 \u00e0 l&rsquo;AFP.<\/p>\n<div class=\"g2picture\">\n<figure><img src=\"https:\/\/belux-edmo.s3-accelerate.amazonaws.com\/wp-content\/uploads\/2025\/12\/0770548c953b5a07f92f932645e914402b4b32dd-ipad_resized.jpg\" \/><figcaption>Comparaison d&rsquo;une image tir\u00e9e d&rsquo;un film g\u00e9n\u00e9r\u00e9 par l&rsquo;IA (\u00e0 gauche) avec l&rsquo;enregistrement officiel de la t\u00e9l\u00e9vision ukrainienne, marquages color\u00e9s ajout\u00e9s par l&rsquo;AFP : 20.11.2025.<\/figcaption><\/figure>\n<\/div>\n<p><span data-mce-annotation=\"tinycomments\" data-mce-annotation-uid=\"mce-conversation_79813780661763656296535\">D&rsquo;autres organisations de v\u00e9rification des faits, telles que <a href=\"https:\/\/www.stopfake.org\/uk\/fejk-v-ukrayini-zaproponuvali-chipuvati-soldativ-dlya-borotbi-z-dezertirstvom\/\" target=\"_blank\" rel=\"evidence nofollow noopener\" shape=\"rect\">StopFake<\/a> et <a href=\"https:\/\/rus.delfi.ee\/statja\/120418317\/pravda-li-chto-na-ukrainskom-televidenii-voennyy-predlozhil-chipirovat-mobilizovannyh\" target=\"_blank\" rel=\"evidence nofollow noopener\" shape=\"rect\">Delfi<\/a>, ont \u00e9galement v\u00e9rifi\u00e9 la vid\u00e9o et ont conclu que le reportage de Kyiv24 avait \u00e9t\u00e9 alt\u00e9r\u00e9 avec une vid\u00e9o deepfake (liens archiv\u00e9s <a href=\"https:\/\/perma.cc\/GRQ6-TMPX\" target=\"_blank\" rel=\"evidence frozen nofollow noopener\" shape=\"rect\">ici<\/a> et<a href=\"https:\/\/perma.cc\/MN8A-VUSH\" target=\"_blank\" rel=\"evidence frozen nofollow noopener\" shape=\"rect\"> ici<\/a>). Un article publi\u00e9 le 22 novembre par l&rsquo;agence de presse ukrainienne Ukrinform a \u00e9galement\u00a0<a href=\"https:\/\/www.ukrinform.net\/rubric-factcheck\/4061521-russian-propaganda-spreads-fakes-about-microchipping-mobilized-ukrainians-desk-of-shame-for-soldiers-who-go-awol.html\" target=\"_blank\" rel=\"evidence frozen nofollow noopener\" shape=\"rect\">conclu<\/a> que le contenu de la vid\u00e9o \u00e9tait \u00ab\u00a0<em>faux<\/em>\u00a0\u00bb (lien archiv\u00e9 <a href=\"https:\/\/perma.cc\/7P4B-3E47\" target=\"_blank\" rel=\"evidence frozen nofollow noopener\" shape=\"rect\">ici<\/a>).<\/span><\/p>\n<p><b><strong data-stringify-type=\"bold\">Nombre \u00e9lev\u00e9 de d\u00e9sertions<\/strong><\/b><\/p>\n<p>Les d\u00e9sertions au sein de l&rsquo;arm\u00e9e ukrainienne ont d\u00e9clench\u00e9 un d\u00e9bat dans le pays, \u00e9puis\u00e9 par les combats et o\u00f9 des dizaines de milliers de soldats combattent depuis le d\u00e9but de l&rsquo;invasion de la Russie, en f\u00e9vrier 2022.<\/p>\n<p>Selon le bureau du procureur g\u00e9n\u00e9ral d&rsquo;Ukraine, cit\u00e9 dans <a href=\"https:\/\/www.pravda.com.ua\/news\/2025\/10\/14\/8002654\/\" target=\"_blank\" rel=\"evidence frozen nofollow noopener\" shape=\"rect\">cet article<\/a>, \u00ab\u00a0<em>235 646 cas d&rsquo;abandon non autoris\u00e9 d&rsquo;unit\u00e9<\/em>\u00a0\u00bb (AWOL) et \u00ab\u00a0<em>53.954 cas de d\u00e9sertion<\/em>\u00a0\u00bb ont \u00e9t\u00e9 enregistr\u00e9s entre janvier 2022 et septembre 2025. Ces chiffres ne tiennent pas compte des cas o\u00f9 les soldats seraient finalement revenus dans leur unit\u00e9 (lien archiv\u00e9 <a href=\"https:\/\/perma.cc\/6HBN-GWSV\" target=\"_blank\" rel=\"evidence frozen nofollow noopener\" shape=\"rect\">ici<\/a>).<\/p>\n<p>Les AWOL (\u00ab\u00a0<em>absent without leave<\/em>\u00a0\u00bb en anglais, ou absence sans permission officielle en fran\u00e7ais) font g\u00e9n\u00e9ralement r\u00e9f\u00e9rence aux cas o\u00f9 des soldats abandonnent leurs postes sans autorisation pour une courte p\u00e9riode, tandis que les soldats qui d\u00e9sertent vraiment leurs unit\u00e9s partent avec l&rsquo;intention d&rsquo;\u00e9chapper d\u00e9finitivement au service militaire.<\/p>\n<p>Lors de son interview avec Kyiv24, le vrai militaire Dmytro Kuharchuk a not\u00e9 que, bien qu&rsquo;il existe des unit\u00e9s o\u00f9 les soldats d\u00e9sertent, il existe \u00e9galement des unit\u00e9s au sein desquelles des soldats reviennent apr\u00e8s une absence sans permission. \u00ab\u00a0<em>En parlant du 3e corps d&rsquo;arm\u00e9e, jusqu&rsquo;\u00e0 pr\u00e9sent, nous avons environ 1.500 soldats d\u00e9serteurs qui sont revenus<\/em>\u00a0\u00bb a-t-il d\u00e9clar\u00e9.<\/p>\n<p>Les d\u00e9sertions ne concernent pas uniquement l&rsquo;arm\u00e9e ukrainienne: divers <a href=\"https:\/\/storage.googleapis.com\/istories\/en\/stories\/2025\/05\/20\/under-the-weight-of-cargo-500\/index.html\" target=\"_blank\" rel=\"evidence frozen nofollow noopener\" shape=\"rect\">reportages<\/a> de m\u00e9dias d&rsquo;investigation ind\u00e9pendants russes et un\u00a0<a href=\"https:\/\/www.ohchr.org\/sites\/default\/files\/documents\/hrbodies\/hrcouncil\/sessions-regular\/session60\/advance-version\/a-hrc-60-59-aev.pdf\" target=\"_blank\" rel=\"evidence frozen nofollow noopener\" shape=\"rect\">rapport de l&rsquo;ONU<\/a> datant d&rsquo;octobre 2025 estiment que plus de 50.000 soldats russes avaient d\u00e9sert\u00e9 l&rsquo;arm\u00e9e \u00e0 la fin d\u00e9cembre 2024 (liens archiv\u00e9s <a href=\"https:\/\/perma.cc\/GCL7-JRVB\" target=\"_blank\" rel=\"evidence frozen nofollow noopener\" shape=\"rect\">ici<\/a> et <a href=\"https:\/\/perma.cc\/8SU2-Q3EJ\" target=\"_blank\" rel=\"evidence frozen nofollow noopener\" shape=\"rect\">ici<\/a>).<\/p>\n<p>L&rsquo;AFP a d\u00e9j\u00e0 v\u00e9rifi\u00e9 une s\u00e9rie de deepfakes et de contenus g\u00e9n\u00e9r\u00e9s par l&rsquo;IA visant l&rsquo;arm\u00e9e ukrainienne, comme\u00a0<a href=\"https:\/\/factuel.afp.com\/doc.afp.com.86C68T3\" target=\"_blank\" rel=\"evidence frozen nofollow noopener\" shape=\"rect\">ici<\/a>, <a href=\"https:\/\/factuel.afp.com\/doc.afp.com.83X63T3\" target=\"_blank\" rel=\"evidence nofollow noopener\" shape=\"rect\">ici<\/a> et\u00a0<a href=\"https:\/\/factuel.afp.com\/doc.afp.com.74KG7NQ\" target=\"_blank\" rel=\"evidence nofollow noopener\" shape=\"rect\">l\u00e0<\/a>.<\/p>\n","protected":false},"excerpt":{"rendered":"<p>Comme l&rsquo;arm\u00e9e russe, l&rsquo;arm\u00e9e ukrainienne a \u00e9t\u00e9 confront\u00e9e \u00e0 des d\u00e9sertions de soldats lors du conflit en cours entre les deux pays. Dans ce contexte, des internautes ont largement relay\u00e9 sur les r\u00e9seaux sociaux une vid\u00e9o dans laquelle un pr\u00e9tendu militaire ukrainien propose d&rsquo;implanter des micro-puces aux soldats pour les dissuader de fuit les combats. Mais il s&rsquo;agit d&rsquo;une manipulation : la s\u00e9quence a \u00e9t\u00e9 alt\u00e9r\u00e9e \u00e0 l&rsquo;aide de l&rsquo;intelligence artificielle (IA). La cha\u00eene de t\u00e9l\u00e9vision dont des images ont \u00e9t\u00e9 utilis\u00e9es dans cette s\u00e9quence a confirm\u00e9 que l&rsquo;extrait en question n&rsquo;\u00e9tait pas authentique.<\/p>\n","protected":false},"author":1,"featured_media":423711,"comment_status":"closed","ping_status":"closed","sticky":false,"template":"","format":"standard","meta":{"_acf_changed":false,"footnotes":""},"categories":[452,125,132,389,214],"tags":[],"class_list":{"0":"post-423736","1":"post","2":"type-post","3":"status-publish","4":"format-standard","5":"has-post-thumbnail","7":"category-editors-choice-fr","8":"category-fact-check-fr","9":"category-politique","10":"category-technologie-fact-check-fr-2","11":"category-ukraine-fr"},"acf":{"show_metatags":true,"id":"http:\/\/doc.afp.com\/86PR8WE","authors":"Mathilde BEAULIEU-L\u00c9PINE \/ Maja CZARNECKA \/ AFP Pologne \/ AFP France","organization":"AFP","featured_image_copyright":"","text_copyright":"\u00a9 AGENCE FRANCE-PRESSE | 2025 | Tous droits r\u00e9serv\u00e9s. L\u2019acc\u00e8s aux contenus de l'AFP publi\u00e9s sur ce site et, le cas \u00e9ch\u00e9ant, leur utilisation sont soumis aux conditions g\u00e9n\u00e9rales d'utilisation disponibles sur <a href='https:\/\/www.afp.com\/fr\/cgu' target='_blank'>CGU<\/a>. Par cons\u00e9quent, en acc\u00e9dant aux contenus de l\u2019AFP publi\u00e9s sur ce site, et en les utilisant, le cas \u00e9ch\u00e9ant, vous acceptez d'\u00eatre li\u00e9 par les conditions g\u00e9n\u00e9rales d'utilisation susmentionn\u00e9es. L\u2019utilisation de contenus de l'AFP se fait sous votre seule et enti\u00e8re responsabilit\u00e9.","source":"https:\/\/factuel.afp.com\/doc.afp.com.86PR8WE","fact_checker":"https:\/\/belux.wpengine.com\/wp-content\/uploads\/2021\/12\/afp_logo.png","share_this_post_to_edmo_website":false,"affiliation":"BELUX","type":"\u00c9v\u00e9nement ferm\u00e9","location":"","start_date":"","start_date_event_begins_at":"","start_date_event_ends_at":"","end_date":"","end_date_event_begins_at":"","end_date_event_ends_at":"","organizer":"","fact_checker_logo_image":false},"yoast_head":"<!-- This site is optimized with the Yoast SEO plugin v27.0 - https:\/\/yoast.com\/product\/yoast-seo-wordpress\/ -->\n<title>Attention \u00e0 ce faux entretien avec un militaire proposant de &quot;pucer&quot; les soldats ukrainiens - EDMO Belux<\/title>\n<meta name=\"robots\" content=\"index, follow, max-snippet:-1, max-image-preview:large, max-video-preview:-1\" \/>\n<link rel=\"canonical\" href=\"https:\/\/belux.edmo.eu\/fr\/attention-ce-faux-entretien-avec-un-militaire-proposant-de-pucer-les-soldats-ukrainiens\/\" \/>\n<meta property=\"og:locale\" content=\"fr_FR\" \/>\n<meta property=\"og:type\" content=\"article\" \/>\n<meta property=\"og:title\" content=\"Attention \u00e0 ce faux entretien avec un militaire proposant de &quot;pucer&quot; les soldats ukrainiens - EDMO Belux\" \/>\n<meta property=\"og:description\" content=\"Comme l&#039;arm\u00e9e russe, l&#039;arm\u00e9e ukrainienne a \u00e9t\u00e9 confront\u00e9e \u00e0 des d\u00e9sertions de soldats lors du conflit en cours entre les deux pays. Dans ce contexte, des internautes ont largement relay\u00e9 sur les r\u00e9seaux sociaux une vid\u00e9o dans laquelle un pr\u00e9tendu militaire ukrainien propose d&#039;implanter des micro-puces aux soldats pour les dissuader de fuit les combats. Mais il s&#039;agit d&#039;une manipulation : la s\u00e9quence a \u00e9t\u00e9 alt\u00e9r\u00e9e \u00e0 l&#039;aide de l&#039;intelligence artificielle (IA). La cha\u00eene de t\u00e9l\u00e9vision dont des images ont \u00e9t\u00e9 utilis\u00e9es dans cette s\u00e9quence a confirm\u00e9 que l&#039;extrait en question n&#039;\u00e9tait pas authentique.\" \/>\n<meta property=\"og:url\" content=\"https:\/\/belux.edmo.eu\/fr\/attention-ce-faux-entretien-avec-un-militaire-proposant-de-pucer-les-soldats-ukrainiens\/\" \/>\n<meta property=\"og:site_name\" content=\"EDMO Belux\" \/>\n<meta property=\"article:published_time\" content=\"2025-12-04T13:54:15+00:00\" \/>\n<meta property=\"article:modified_time\" content=\"2025-12-04T15:23:31+00:00\" \/>\n<meta property=\"og:image\" content=\"https:\/\/belux-edmo.s3-accelerate.amazonaws.com\/wp-content\/uploads\/2025\/12\/6f00d2b926e184c434177ad17dac59afaff35c1a-ipad_resized.jpg\" \/>\n\t<meta property=\"og:image:width\" content=\"1080\" \/>\n\t<meta property=\"og:image:height\" content=\"540\" \/>\n\t<meta property=\"og:image:type\" content=\"image\/jpeg\" \/>\n<meta name=\"author\" content=\"master\" \/>\n<meta name=\"twitter:card\" content=\"summary_large_image\" \/>\n<meta name=\"twitter:creator\" content=\"@Edmo_Belux\" \/>\n<meta name=\"twitter:site\" content=\"@Edmo_Belux\" \/>\n<meta name=\"twitter:label1\" content=\"\u00c9crit par\" \/>\n\t<meta name=\"twitter:data1\" content=\"master\" \/>\n\t<meta name=\"twitter:label2\" content=\"Dur\u00e9e de lecture estim\u00e9e\" \/>\n\t<meta name=\"twitter:data2\" content=\"6 minutes\" \/>\n<script type=\"application\/ld+json\" class=\"yoast-schema-graph\">{\"@context\":\"https:\/\/schema.org\",\"@graph\":[{\"@type\":\"Article\",\"@id\":\"https:\/\/belux.edmo.eu\/fr\/attention-ce-faux-entretien-avec-un-militaire-proposant-de-pucer-les-soldats-ukrainiens\/#article\",\"isPartOf\":{\"@id\":\"https:\/\/belux.edmo.eu\/fr\/attention-ce-faux-entretien-avec-un-militaire-proposant-de-pucer-les-soldats-ukrainiens\/\"},\"author\":{\"name\":\"master\",\"@id\":\"https:\/\/belux.edmo.eu\/#\/schema\/person\/dbe3b252258537fd318f9b5645a30342\"},\"headline\":\"Attention \u00e0 ce faux entretien avec un militaire proposant de \u00ab\u00a0pucer\u00a0\u00bb les soldats ukrainiens\",\"datePublished\":\"2025-12-04T13:54:15+00:00\",\"dateModified\":\"2025-12-04T15:23:31+00:00\",\"mainEntityOfPage\":{\"@id\":\"https:\/\/belux.edmo.eu\/fr\/attention-ce-faux-entretien-avec-un-militaire-proposant-de-pucer-les-soldats-ukrainiens\/\"},\"wordCount\":1341,\"publisher\":{\"@id\":\"https:\/\/belux.edmo.eu\/#organization\"},\"image\":{\"@id\":\"https:\/\/belux.edmo.eu\/fr\/attention-ce-faux-entretien-avec-un-militaire-proposant-de-pucer-les-soldats-ukrainiens\/#primaryimage\"},\"thumbnailUrl\":\"https:\/\/belux-edmo.s3-accelerate.amazonaws.com\/wp-content\/uploads\/2025\/12\/6f00d2b926e184c434177ad17dac59afaff35c1a-ipad_resized.jpg\",\"articleSection\":[\"Editor's Choice Slider FR\",\"Fact-Check\",\"Politique\",\"Technologie\",\"Ukraine\"],\"inLanguage\":\"fr-FR\"},{\"@type\":\"WebPage\",\"@id\":\"https:\/\/belux.edmo.eu\/fr\/attention-ce-faux-entretien-avec-un-militaire-proposant-de-pucer-les-soldats-ukrainiens\/\",\"url\":\"https:\/\/belux.edmo.eu\/fr\/attention-ce-faux-entretien-avec-un-militaire-proposant-de-pucer-les-soldats-ukrainiens\/\",\"name\":\"Attention \u00e0 ce faux entretien avec un militaire proposant de \\\"pucer\\\" les soldats ukrainiens - EDMO Belux\",\"isPartOf\":{\"@id\":\"https:\/\/belux.edmo.eu\/#website\"},\"primaryImageOfPage\":{\"@id\":\"https:\/\/belux.edmo.eu\/fr\/attention-ce-faux-entretien-avec-un-militaire-proposant-de-pucer-les-soldats-ukrainiens\/#primaryimage\"},\"image\":{\"@id\":\"https:\/\/belux.edmo.eu\/fr\/attention-ce-faux-entretien-avec-un-militaire-proposant-de-pucer-les-soldats-ukrainiens\/#primaryimage\"},\"thumbnailUrl\":\"https:\/\/belux-edmo.s3-accelerate.amazonaws.com\/wp-content\/uploads\/2025\/12\/6f00d2b926e184c434177ad17dac59afaff35c1a-ipad_resized.jpg\",\"datePublished\":\"2025-12-04T13:54:15+00:00\",\"dateModified\":\"2025-12-04T15:23:31+00:00\",\"breadcrumb\":{\"@id\":\"https:\/\/belux.edmo.eu\/fr\/attention-ce-faux-entretien-avec-un-militaire-proposant-de-pucer-les-soldats-ukrainiens\/#breadcrumb\"},\"inLanguage\":\"fr-FR\",\"potentialAction\":[{\"@type\":\"ReadAction\",\"target\":[\"https:\/\/belux.edmo.eu\/fr\/attention-ce-faux-entretien-avec-un-militaire-proposant-de-pucer-les-soldats-ukrainiens\/\"]}]},{\"@type\":\"ImageObject\",\"inLanguage\":\"fr-FR\",\"@id\":\"https:\/\/belux.edmo.eu\/fr\/attention-ce-faux-entretien-avec-un-militaire-proposant-de-pucer-les-soldats-ukrainiens\/#primaryimage\",\"url\":\"https:\/\/belux-edmo.s3-accelerate.amazonaws.com\/wp-content\/uploads\/2025\/12\/6f00d2b926e184c434177ad17dac59afaff35c1a-ipad_resized.jpg\",\"contentUrl\":\"https:\/\/belux-edmo.s3-accelerate.amazonaws.com\/wp-content\/uploads\/2025\/12\/6f00d2b926e184c434177ad17dac59afaff35c1a-ipad_resized.jpg\",\"width\":1080,\"height\":540,\"caption\":\"Attention \u00e0 ce faux entretien avec un militaire proposant de \\\"pucer\\\" les soldats ukrainiens - Featured image\"},{\"@type\":\"BreadcrumbList\",\"@id\":\"https:\/\/belux.edmo.eu\/fr\/attention-ce-faux-entretien-avec-un-militaire-proposant-de-pucer-les-soldats-ukrainiens\/#breadcrumb\",\"itemListElement\":[{\"@type\":\"ListItem\",\"position\":1,\"name\":\"Home\",\"item\":\"https:\/\/belux.edmo.eu\/fr\/\"},{\"@type\":\"ListItem\",\"position\":2,\"name\":\"Attention \u00e0 ce faux entretien avec un militaire proposant de &#8220;pucer&#8221; les soldats ukrainiens\"}]},{\"@type\":\"WebSite\",\"@id\":\"https:\/\/belux.edmo.eu\/#website\",\"url\":\"https:\/\/belux.edmo.eu\/\",\"name\":\"EDMO Belux\",\"description\":\"Monitoring Disinformation in Belgium and Luxembourg\",\"publisher\":{\"@id\":\"https:\/\/belux.edmo.eu\/#organization\"},\"potentialAction\":[{\"@type\":\"SearchAction\",\"target\":{\"@type\":\"EntryPoint\",\"urlTemplate\":\"https:\/\/belux.edmo.eu\/?s={search_term_string}\"},\"query-input\":{\"@type\":\"PropertyValueSpecification\",\"valueRequired\":true,\"valueName\":\"search_term_string\"}}],\"inLanguage\":\"fr-FR\"},{\"@type\":\"Organization\",\"@id\":\"https:\/\/belux.edmo.eu\/#organization\",\"name\":\"EDMO Belux\",\"url\":\"https:\/\/belux.edmo.eu\/\",\"logo\":{\"@type\":\"ImageObject\",\"inLanguage\":\"fr-FR\",\"@id\":\"https:\/\/belux.edmo.eu\/#\/schema\/logo\/image\/\",\"url\":\"https:\/\/belux.edmo.eu\/wp-content\/uploads\/2021\/12\/belux-logo-full-color-rgb.svg\",\"contentUrl\":\"https:\/\/belux.edmo.eu\/wp-content\/uploads\/2021\/12\/belux-logo-full-color-rgb.svg\",\"width\":1,\"height\":1,\"caption\":\"EDMO Belux\"},\"image\":{\"@id\":\"https:\/\/belux.edmo.eu\/#\/schema\/logo\/image\/\"},\"sameAs\":[\"https:\/\/x.com\/Edmo_Belux\"]},{\"@type\":\"Person\",\"@id\":\"https:\/\/belux.edmo.eu\/#\/schema\/person\/dbe3b252258537fd318f9b5645a30342\",\"name\":\"master\",\"sameAs\":[\"https:\/\/belux.wpengine.com\"],\"url\":\"https:\/\/belux.edmo.eu\/fr\/author\/master\/\"}]}<\/script>\n<!-- \/ Yoast SEO plugin. -->","yoast_head_json":{"title":"Attention \u00e0 ce faux entretien avec un militaire proposant de \"pucer\" les soldats ukrainiens - EDMO Belux","robots":{"index":"index","follow":"follow","max-snippet":"max-snippet:-1","max-image-preview":"max-image-preview:large","max-video-preview":"max-video-preview:-1"},"canonical":"https:\/\/belux.edmo.eu\/fr\/attention-ce-faux-entretien-avec-un-militaire-proposant-de-pucer-les-soldats-ukrainiens\/","og_locale":"fr_FR","og_type":"article","og_title":"Attention \u00e0 ce faux entretien avec un militaire proposant de \"pucer\" les soldats ukrainiens - EDMO Belux","og_description":"Comme l'arm\u00e9e russe, l'arm\u00e9e ukrainienne a \u00e9t\u00e9 confront\u00e9e \u00e0 des d\u00e9sertions de soldats lors du conflit en cours entre les deux pays. Dans ce contexte, des internautes ont largement relay\u00e9 sur les r\u00e9seaux sociaux une vid\u00e9o dans laquelle un pr\u00e9tendu militaire ukrainien propose d'implanter des micro-puces aux soldats pour les dissuader de fuit les combats. Mais il s'agit d'une manipulation : la s\u00e9quence a \u00e9t\u00e9 alt\u00e9r\u00e9e \u00e0 l'aide de l'intelligence artificielle (IA). La cha\u00eene de t\u00e9l\u00e9vision dont des images ont \u00e9t\u00e9 utilis\u00e9es dans cette s\u00e9quence a confirm\u00e9 que l'extrait en question n'\u00e9tait pas authentique.","og_url":"https:\/\/belux.edmo.eu\/fr\/attention-ce-faux-entretien-avec-un-militaire-proposant-de-pucer-les-soldats-ukrainiens\/","og_site_name":"EDMO Belux","article_published_time":"2025-12-04T13:54:15+00:00","article_modified_time":"2025-12-04T15:23:31+00:00","og_image":[{"width":1080,"height":540,"url":"https:\/\/belux-edmo.s3-accelerate.amazonaws.com\/wp-content\/uploads\/2025\/12\/6f00d2b926e184c434177ad17dac59afaff35c1a-ipad_resized.jpg","type":"image\/jpeg"}],"author":"master","twitter_card":"summary_large_image","twitter_creator":"@Edmo_Belux","twitter_site":"@Edmo_Belux","twitter_misc":{"\u00c9crit par":"master","Dur\u00e9e de lecture estim\u00e9e":"6 minutes"},"schema":{"@context":"https:\/\/schema.org","@graph":[{"@type":"Article","@id":"https:\/\/belux.edmo.eu\/fr\/attention-ce-faux-entretien-avec-un-militaire-proposant-de-pucer-les-soldats-ukrainiens\/#article","isPartOf":{"@id":"https:\/\/belux.edmo.eu\/fr\/attention-ce-faux-entretien-avec-un-militaire-proposant-de-pucer-les-soldats-ukrainiens\/"},"author":{"name":"master","@id":"https:\/\/belux.edmo.eu\/#\/schema\/person\/dbe3b252258537fd318f9b5645a30342"},"headline":"Attention \u00e0 ce faux entretien avec un militaire proposant de \u00ab\u00a0pucer\u00a0\u00bb les soldats ukrainiens","datePublished":"2025-12-04T13:54:15+00:00","dateModified":"2025-12-04T15:23:31+00:00","mainEntityOfPage":{"@id":"https:\/\/belux.edmo.eu\/fr\/attention-ce-faux-entretien-avec-un-militaire-proposant-de-pucer-les-soldats-ukrainiens\/"},"wordCount":1341,"publisher":{"@id":"https:\/\/belux.edmo.eu\/#organization"},"image":{"@id":"https:\/\/belux.edmo.eu\/fr\/attention-ce-faux-entretien-avec-un-militaire-proposant-de-pucer-les-soldats-ukrainiens\/#primaryimage"},"thumbnailUrl":"https:\/\/belux-edmo.s3-accelerate.amazonaws.com\/wp-content\/uploads\/2025\/12\/6f00d2b926e184c434177ad17dac59afaff35c1a-ipad_resized.jpg","articleSection":["Editor's Choice Slider FR","Fact-Check","Politique","Technologie","Ukraine"],"inLanguage":"fr-FR"},{"@type":"WebPage","@id":"https:\/\/belux.edmo.eu\/fr\/attention-ce-faux-entretien-avec-un-militaire-proposant-de-pucer-les-soldats-ukrainiens\/","url":"https:\/\/belux.edmo.eu\/fr\/attention-ce-faux-entretien-avec-un-militaire-proposant-de-pucer-les-soldats-ukrainiens\/","name":"Attention \u00e0 ce faux entretien avec un militaire proposant de \"pucer\" les soldats ukrainiens - EDMO Belux","isPartOf":{"@id":"https:\/\/belux.edmo.eu\/#website"},"primaryImageOfPage":{"@id":"https:\/\/belux.edmo.eu\/fr\/attention-ce-faux-entretien-avec-un-militaire-proposant-de-pucer-les-soldats-ukrainiens\/#primaryimage"},"image":{"@id":"https:\/\/belux.edmo.eu\/fr\/attention-ce-faux-entretien-avec-un-militaire-proposant-de-pucer-les-soldats-ukrainiens\/#primaryimage"},"thumbnailUrl":"https:\/\/belux-edmo.s3-accelerate.amazonaws.com\/wp-content\/uploads\/2025\/12\/6f00d2b926e184c434177ad17dac59afaff35c1a-ipad_resized.jpg","datePublished":"2025-12-04T13:54:15+00:00","dateModified":"2025-12-04T15:23:31+00:00","breadcrumb":{"@id":"https:\/\/belux.edmo.eu\/fr\/attention-ce-faux-entretien-avec-un-militaire-proposant-de-pucer-les-soldats-ukrainiens\/#breadcrumb"},"inLanguage":"fr-FR","potentialAction":[{"@type":"ReadAction","target":["https:\/\/belux.edmo.eu\/fr\/attention-ce-faux-entretien-avec-un-militaire-proposant-de-pucer-les-soldats-ukrainiens\/"]}]},{"@type":"ImageObject","inLanguage":"fr-FR","@id":"https:\/\/belux.edmo.eu\/fr\/attention-ce-faux-entretien-avec-un-militaire-proposant-de-pucer-les-soldats-ukrainiens\/#primaryimage","url":"https:\/\/belux-edmo.s3-accelerate.amazonaws.com\/wp-content\/uploads\/2025\/12\/6f00d2b926e184c434177ad17dac59afaff35c1a-ipad_resized.jpg","contentUrl":"https:\/\/belux-edmo.s3-accelerate.amazonaws.com\/wp-content\/uploads\/2025\/12\/6f00d2b926e184c434177ad17dac59afaff35c1a-ipad_resized.jpg","width":1080,"height":540,"caption":"Attention \u00e0 ce faux entretien avec un militaire proposant de \"pucer\" les soldats ukrainiens - Featured image"},{"@type":"BreadcrumbList","@id":"https:\/\/belux.edmo.eu\/fr\/attention-ce-faux-entretien-avec-un-militaire-proposant-de-pucer-les-soldats-ukrainiens\/#breadcrumb","itemListElement":[{"@type":"ListItem","position":1,"name":"Home","item":"https:\/\/belux.edmo.eu\/fr\/"},{"@type":"ListItem","position":2,"name":"Attention \u00e0 ce faux entretien avec un militaire proposant de &#8220;pucer&#8221; les soldats ukrainiens"}]},{"@type":"WebSite","@id":"https:\/\/belux.edmo.eu\/#website","url":"https:\/\/belux.edmo.eu\/","name":"EDMO Belux","description":"Monitoring Disinformation in Belgium and Luxembourg","publisher":{"@id":"https:\/\/belux.edmo.eu\/#organization"},"potentialAction":[{"@type":"SearchAction","target":{"@type":"EntryPoint","urlTemplate":"https:\/\/belux.edmo.eu\/?s={search_term_string}"},"query-input":{"@type":"PropertyValueSpecification","valueRequired":true,"valueName":"search_term_string"}}],"inLanguage":"fr-FR"},{"@type":"Organization","@id":"https:\/\/belux.edmo.eu\/#organization","name":"EDMO Belux","url":"https:\/\/belux.edmo.eu\/","logo":{"@type":"ImageObject","inLanguage":"fr-FR","@id":"https:\/\/belux.edmo.eu\/#\/schema\/logo\/image\/","url":"https:\/\/belux.edmo.eu\/wp-content\/uploads\/2021\/12\/belux-logo-full-color-rgb.svg","contentUrl":"https:\/\/belux.edmo.eu\/wp-content\/uploads\/2021\/12\/belux-logo-full-color-rgb.svg","width":1,"height":1,"caption":"EDMO Belux"},"image":{"@id":"https:\/\/belux.edmo.eu\/#\/schema\/logo\/image\/"},"sameAs":["https:\/\/x.com\/Edmo_Belux"]},{"@type":"Person","@id":"https:\/\/belux.edmo.eu\/#\/schema\/person\/dbe3b252258537fd318f9b5645a30342","name":"master","sameAs":["https:\/\/belux.wpengine.com"],"url":"https:\/\/belux.edmo.eu\/fr\/author\/master\/"}]}},"menu_order":0,"_links":{"self":[{"href":"https:\/\/belux.edmo.eu\/fr\/wp-json\/wp\/v2\/posts\/423736","targetHints":{"allow":["GET"]}}],"collection":[{"href":"https:\/\/belux.edmo.eu\/fr\/wp-json\/wp\/v2\/posts"}],"about":[{"href":"https:\/\/belux.edmo.eu\/fr\/wp-json\/wp\/v2\/types\/post"}],"author":[{"embeddable":true,"href":"https:\/\/belux.edmo.eu\/fr\/wp-json\/wp\/v2\/users\/1"}],"replies":[{"embeddable":true,"href":"https:\/\/belux.edmo.eu\/fr\/wp-json\/wp\/v2\/comments?post=423736"}],"version-history":[{"count":0,"href":"https:\/\/belux.edmo.eu\/fr\/wp-json\/wp\/v2\/posts\/423736\/revisions"}],"wp:featuredmedia":[{"embeddable":true,"href":"https:\/\/belux.edmo.eu\/fr\/wp-json\/wp\/v2\/media\/423711"}],"wp:attachment":[{"href":"https:\/\/belux.edmo.eu\/fr\/wp-json\/wp\/v2\/media?parent=423736"}],"wp:term":[{"taxonomy":"category","embeddable":true,"href":"https:\/\/belux.edmo.eu\/fr\/wp-json\/wp\/v2\/categories?post=423736"},{"taxonomy":"post_tag","embeddable":true,"href":"https:\/\/belux.edmo.eu\/fr\/wp-json\/wp\/v2\/tags?post=423736"}],"curies":[{"name":"wp","href":"https:\/\/api.w.org\/{rel}","templated":true}]}}