{"id":442939,"date":"2025-12-15T11:33:05","date_gmt":"2025-12-15T11:33:05","guid":{"rendered":"https:\/\/belux.edmo.eu\/?p=442939"},"modified":"2025-12-15T12:33:02","modified_gmt":"2025-12-15T12:33:02","slug":"ces-images-ne-montrent-pas-des-islamistes-qui-envahissent-des-marchs-de-nol-en-europe","status":"publish","type":"post","link":"https:\/\/belux.edmo.eu\/fr\/ces-images-ne-montrent-pas-des-islamistes-qui-envahissent-des-marchs-de-nol-en-europe\/","title":{"rendered":"Ces images ne montrent pas des \u00ab\u00a0islamistes\u00a0\u00bb qui \u00ab\u00a0envahissent\u00a0\u00bb des march\u00e9s de No\u00ebl en Europe"},"content":{"rendered":"<p><strong>Les march\u00e9s de No\u00ebl et les cr\u00e8ches de la Nativit\u00e9 en France sont r\u00e9guli\u00e8rement au centre de pol\u00e9miques sur la la\u00efcit\u00e9. Des internautes profitent de ces tensions pour diffuser des infox en ligne, souvent aux relents islamophobes. Des publications pr\u00e9tendent ainsi que des march\u00e9s de No\u00ebl seraient \u00ab\u00a0<em>envahis par des islamistes<\/em>\u00a0\u00bb\u00a0qui voudraient s&rsquo;en prendre \u00ab\u00a0<em>\u00e0 la France<\/em>\u00a0\u00bb et aux \u00ab\u00a0<em>traditions chr\u00e9tiennes<\/em>\u00ab\u00a0. A l&rsquo;appui de ces affirmations, des vid\u00e9os de manifestations ou de personnes d\u00e9gradant des d\u00e9corations de No\u00ebl. Mais attention : ces vid\u00e9os sont sorties de leur contexte et ne montrent pas des \u00ab\u00a0<em>islamistes<\/em>\u00a0\u00bb s&rsquo;en prendre \u00e0 des symboles chr\u00e9tiens.\u00a0<\/strong><\/p>\n<p>A l&rsquo;approche de No\u00ebl et dans un contexte de <a href=\"https:\/\/la1ere.franceinfo.fr\/guadeloupe\/la-tolerance-envers-les-minorites-resiste-en-france-malgre-un-contexte-politique-sous-tension-1596855.html\" target=\"_blank\" rel=\"evidence nofollow noopener\" shape=\"rect\">polarisation politique croissante<\/a>, des controverses sur la la\u00efcit\u00e9 ont donn\u00e9 lieu, comme c&rsquo;est le cas depuis plusieurs ann\u00e9es, \u00e0 des d\u00e9bats tendus en France et au-del\u00e0 (liens archiv\u00e9s <a href=\"https:\/\/perma.cc\/FCY5-AFUM\" target=\"_blank\" rel=\"evidence frozen nofollow noopener\" shape=\"rect\">ici<\/a>).<\/p>\n<p>En France,\u00a0<a href=\"https:\/\/www.europe1.fr\/societe\/beziers-une-manifestation-contre-linstallation-dune-creche-de-noel-dans-lenceinte-de-la-mairie-873293\" target=\"_blank\" rel=\"evidence nofollow noopener\" shape=\"rect\">une manifestation a eu lieu \u00e0 B\u00e9ziers<\/a> fin novembre suite \u00e0 l&rsquo;installation d&rsquo;une cr\u00e8che de No\u00ebl dans l&rsquo;enceinte de la mairie, tandis que l&rsquo;installation de personnages sans visage dans une sc\u00e8ne de la Nativit\u00e9 \u00e0 Bruxelles a\u00a0<a href=\"https:\/\/www.lapresse.ca\/noel\/2025-12-02\/bruxelles\/une-petition-contre-la-creche-de-noel.php\" target=\"_blank\" rel=\"evidence nofollow noopener\" shape=\"rect\">d\u00e9bouch\u00e9 sur une p\u00e9tition\u00a0<\/a>du leader de la droite belge francophone demandant son remplacement par une \u00ab\u00a0<em>cr\u00e8che traditionnelle<\/em>\u00a0\u00bb &#8211; p\u00e9tition\u00a0<a href=\"https:\/\/www.lefigaro.fr\/actualite-france\/on-touche-le-fond-la-creche-sans-visages-de-bruxelles-fait-polemique-20251127\" target=\"_blank\" rel=\"evidence nofollow noopener\" shape=\"rect\">relay\u00e9e par plusieurs m\u00e9dias en France<\/a> (liens archiv\u00e9s\u00a0<a href=\"https:\/\/perma.cc\/7V8V-549G\" target=\"_blank\" rel=\"evidence frozen nofollow noopener\" shape=\"rect\">ici<\/a>, <a href=\"https:\/\/perma.cc\/AUL2-TSTV\" target=\"_blank\" rel=\"evidence frozen nofollow noopener\" shape=\"rect\">ici <\/a>et <a href=\"https:\/\/perma.cc\/72Y8-DPVA\" target=\"_blank\" rel=\"evidence frozen nofollow noopener\" shape=\"rect\">l\u00e0<\/a>).<\/p>\n<p>Un grand nombre de publications virales partag\u00e9es d\u00e9but d\u00e9cembre profitent de ces pol\u00e9miques : des acteurs d&rsquo;extr\u00eame droite et de faux comptes d&rsquo;actualit\u00e9 relayent ainsi de pr\u00e9tendues vid\u00e9os d\u00a0\u00bb&rsquo;<em>islamistes<\/em>\u00ab\u00a0, \u00ab\u00a0<em>musulmans<\/em>\u00a0\u00bb ou \u00ab\u00a0<em>gauchistes<\/em>\u00a0\u00bb\u00a0s&rsquo;attaquant \u00e0 des march\u00e9s et des sapins de No\u00ebl.<\/p>\n<p>Les publications trompeuses reprennent un r\u00e9cit\u00a0<a href=\"https:\/\/www.ledevoir.com\/monde\/europe\/826314\/ombre-kremlin-desinformation-plane-legislatives-allemandes\" target=\"_blank\" rel=\"evidence nofollow noopener\" shape=\"rect\">r\u00e9guli\u00e8rement recycl\u00e9 par l&rsquo;extr\u00eame droite mais aussi par la propagande prorusse<\/a>, qui cherchent \u00e0 promouvoir l&rsquo;id\u00e9e d&rsquo;une <em>\u00ab\u00a0guerre de civilisation<\/em>\u00a0\u00bb entre l&rsquo;Occident et les musulmans ou les personnes issues de l&rsquo;immigration (lien archiv\u00e9 <a href=\"https:\/\/perma.cc\/8TGD-5M3L\" target=\"_blank\" rel=\"evidence frozen nofollow noopener\" shape=\"rect\">ici<\/a>). En partageant de fausses informations m\u00ealant \u00ab\u00a0<em>islamistes<\/em>\u00a0\u00bb et march\u00e9s de No\u00ebl, les auteurs des publications cherchent aussi \u00e0 instrumentaliser les souvenirs des attaques meurtri\u00e8res de l&rsquo;Etat islamique visant des manifestations similaires, en France et en <a href=\"https:\/\/www.lemonde.fr\/international\/article\/2024\/12\/21\/ce-que-l-on-sait-de-l-attaque-a-la-voiture-sur-le-marche-de-noel-de-magdebourg-en-allemagne_6459881_3211.html#:~:text=Allemagne-,Attaque%20%C3%A0%20la%20voiture%20sur%20le%20march%C3%A9%20de%20No%C3%ABl%20de,plac%C3%A9%20en%20garde%20%C3%A0%20vue.\" target=\"_blank\" rel=\"evidence nofollow noopener\" shape=\"rect\">Allemagne <\/a>\u00a0(lien archiv\u00e9 <a href=\"https:\/\/perma.cc\/92GJ-LLGL\" target=\"_blank\" rel=\"evidence frozen nofollow noopener\" shape=\"rect\">ici<\/a>).<\/p>\n<p>Et notamment ceux de <a href=\"https:\/\/www.tf1info.fr\/actualite\/fusillade-a-strasbourg-12277\/\" target=\"_blank\" rel=\"evidence nofollow noopener\" shape=\"rect\">l&rsquo;attentat du march\u00e9 de Strasbourg en d\u00e9cembre 2018<\/a>, o\u00f9 un homme se revendiquant de l&rsquo;organisation Etat islamique a tu\u00e9 cinq personnes et en a bless\u00e9 une dizaine d\u2019autres \u00e0 l\u2019aide d\u2019un couteau et d\u2019un revolver (lien archiv\u00e9 <a href=\"https:\/\/perma.cc\/ZZY2-JWYU\" target=\"_blank\" rel=\"evidence frozen nofollow noopener\" shape=\"rect\">ici<\/a>).<\/p>\n<p>Mais attention : les images que nous examinons dans cet article sont<strong> d\u00e9contextualis\u00e9es.\u00a0 Et l&rsquo;AFP n&rsquo;a pas retrouv\u00e9 trace d&rsquo;incidents majeurs ces derni\u00e8res semaines en France ou en Allemagne sur les march\u00e9s de No\u00ebl.\u00a0<\/strong><\/p>\n<p><b>Une manifestation sans incidents en faveur de la Palestine \u00e0 Bruxelles<\/b><\/p>\n<p><em>\u00ab\u00a0ALERTE INFO\u00a0\u00bb,\u00a0<\/em>s&rsquo;\u00e9crie <a href=\"https:\/\/perma.cc\/6WK3-TKVR\" target=\"_blank\" rel=\"appearance frozen nofollow noopener\" shape=\"rect\">un internaute en l\u00e9gende d&rsquo;une vid\u00e9o publi\u00e9e sur X<\/a>, \u00ab\u00a0<em>des ISLAMISTES MUSULMANS ont pris d&rsquo;assaut la soir\u00e9e d&rsquo;ouverture du march\u00e9 de No\u00ebl \u00e0 Bruxelles, agitant des drapeaux palestiniens, lan\u00e7ant des fumig\u00e8nes et effrayant les familles<\/em>\u00ab\u00a0. Et de conclure : \u00ab\u00a0<em>le message est clair : ici PAS DE NO\u00cbL\u00a0\u00bb.<\/em> La publication, reprise presque \u00e0 l&rsquo;identique sur X (<a href=\"https:\/\/perma.cc\/966V-JF7E\" target=\"_blank\" rel=\"appearance frozen nofollow noopener\" shape=\"rect\">1<\/a>, <a href=\"https:\/\/perma.cc\/RFH7-4J9C\" target=\"_blank\" rel=\"appearance frozen nofollow noopener\" shape=\"rect\">2<\/a>), <a href=\"https:\/\/perma.cc\/WZQ6-H3ZH\" target=\"_blank\" rel=\"appearance frozen nofollow noopener\" shape=\"rect\">TikTok <\/a>et <a href=\"https:\/\/perma.cc\/MPG8-B78E\" target=\"_blank\" rel=\"appearance frozen nofollow noopener\" shape=\"rect\">Facebook<\/a>, est l\u00e0 aussi accompagn\u00e9e de l\u00e9gendes et de commentaires dramatiques : \u00ab\u00a0<em>Le march\u00e9 de No\u00ebl attaqu\u00e9<\/em>\u00ab\u00a0<em>, \u00ab\u00a0Des musulmans encerclent les march\u00e9s de No\u00ebl\u00a0\u00bb<\/em>&#8230;<\/p>\n<div class=\"g2picture\">\n<figure><img src=\"https:\/\/belux-edmo.s3-accelerate.amazonaws.com\/wp-content\/uploads\/2025\/12\/742da517aec79cda8703d1282dca4a0a43f12fbb-ipad_resized.jpg\" \/><figcaption>Captures d&rsquo;\u00e9cran r\u00e9alis\u00e9es sur X et Facebook le 10\/12\/2025. Croix orange ajout\u00e9e par l&rsquo;AFP.<\/figcaption><\/figure>\n<\/div>\n<p>Ces images ont bel et bien \u00e9t\u00e9 tourn\u00e9es \u00e0 Bruxelles. Mais\u00a0<strong>la manifestation en question, qui rassemble quelques dizaines de personnes au m\u00eame endroit depuis des mois en faveur de la Palestine, s&rsquo;est d\u00e9roul\u00e9e sans incident<\/strong>, a rapport\u00e9 la police bruxelloise \u00e0 l&rsquo;AFP, et <strong>rien n&rsquo;indique qu&rsquo;elle visait le march\u00e9 de No\u00ebl.\u00a0<\/strong><\/p>\n<p>Une recherche d&rsquo;images invers\u00e9e permet de retrouver <a href=\"https:\/\/www.instagram.com\/p\/DRnJULpCPV_\/\" target=\"_blank\" rel=\"evidence nofollow noopener\" shape=\"rect\">la vid\u00e9o d&rsquo;origine<\/a>, mise en ligne par l&rsquo;organisation militante <a href=\"https:\/\/www.ahrarpalestineasbl.be\/?utm_source=ig&amp;utm_medium=social&amp;utm_content=link_in_bio&amp;fbclid=PAZXh0bgNhZW0CMTEAc3J0YwZhcHBfaWQMMjU2MjgxMDQwNTU4AAGnHzEYibvqMOWLE142iFqCU42WpJalvQvxRaFk6cLFJhuQqDWhOgKaNVgv3f4_aem_segDmjvDXYWhsj3iDRk72g\" target=\"_blank\" rel=\"evidence nofollow noopener\" shape=\"rect\">Ahrar Palestine<\/a>, qui organise de fr\u00e9quents rassemblements \u00e0 Bruxelles (liens archiv\u00e9s <a href=\"https:\/\/perma.cc\/CJ46-SGG2\" target=\"_blank\" rel=\"evidence frozen nofollow noopener\" shape=\"rect\">ici <\/a>et <a href=\"https:\/\/perma.cc\/8JUS-A4JU\" target=\"_blank\" rel=\"evidence frozen nofollow noopener\" shape=\"rect\">ici<\/a>). On aper\u00e7oit en arri\u00e8re plan la devanture du th\u00e9\u00e2tre bruxellois Beursschouwburg, confirmant que la sc\u00e8ne se d\u00e9roule place de la Bourse, dans la capitale belge.<\/p>\n<div class=\"g2web\" style=\"text-align: center;\"><iframe style=\"border: 0px;\" src=\"https:\/\/www.google.com\/maps\/embed?pb=!1m18!1m12!1m3!1d6028.671945981499!2d4.345786576868954!3d50.84869635860922!2m3!1f0!2f0!3f0!3m2!1i1024!2i768!4f13.1!3m3!1m2!1s0x47c3c3878fcb9825%3A0x8868f5491a425b8d!2sTh%C3%A9%C3%A2tre%20d'Exposition%20-%20Beursschouwburg!5e1!3m2!1sfr!2sfr!4v1765461622989!5m2!1sfr!2sfr\" width=\"600\" height=\"450\" frameborder=\"1\" scrolling=\"auto\" allowfullscreen=\"allowfullscreen\"><\/iframe><\/div>\n<p>C&rsquo;est l&rsquo;un des lieux sur lesquels sont organis\u00e9s les\u00a0<a href=\"https:\/\/www.plaisirsdhiver.be\/\" target=\"_blank\" rel=\"evidence nofollow noopener\" shape=\"rect\">Plaisirs d&rsquo;Hiver<\/a>, un ensemble de march\u00e9s de No\u00ebl et d&rsquo;animations foraines du vendredi 28 novembre au 4 janvier \u00e0 Bruxelles (lien archiv\u00e9 <a href=\"https:\/\/perma.cc\/773G-UR98\" target=\"_blank\" rel=\"evidence frozen nofollow noopener\" shape=\"rect\">ici<\/a>). Une recherche sur la page du groupe Ahrar Palestine indique que\u00a0<strong>la manifestation a lieu tous les jours place de la Bourse <\/strong><strong>de 19h \u00e0 20h<\/strong>. La page Instagram annonce, elle, que les \u00e9v\u00e9nements \u00e0 la Bourse ont lieu \u00ab\u00a0<em>tous les vendredi<\/em>\u00ab\u00a0. <strong>L&rsquo;inauguration des Plaisirs d&rsquo;Hiver et la tenue de la manifestation aient eu lieu au m\u00eame endroit de mani\u00e8re fortuite &#8211; et non que le march\u00e9 de No\u00ebl aie \u00e9t\u00e9 \u00ab\u00a0<em>cibl\u00e9<\/em>\u00a0\u00bb par des manifestants<\/strong>.<\/p>\n<div class=\"g2picture\">\n<figure><img src=\"https:\/\/belux-edmo.s3-accelerate.amazonaws.com\/wp-content\/uploads\/2025\/12\/04c245712624b8bf9787db0a776e583703436a4d-ipad_resized.jpg\" \/><figcaption>Captures d&rsquo;\u00e9cran r\u00e9alis\u00e9e sur la page Instagram ahrar_palestine_absl et le site du groupe Ahrar Palestine, le 10\/12\/2025.<\/figcaption><\/figure>\n<\/div>\n<p>Contact\u00e9s par l&rsquo;AFP le 9 d\u00e9cembre 2025, les <a href=\"https:\/\/www.police.be\/5340\/fr\" target=\"_blank\" rel=\"evidence nofollow noopener\" shape=\"rect\">services de police de Bruxelles<\/a> ont de leur c\u00f4t\u00e9 indiqu\u00e9 qu&rsquo;un \u00ab\u00a0<em>rassemblement statiqu<\/em>e <em>pour Gaza a eu lieu le vendredi soir du 28 novembre<\/em>\u00a0\u00bb et ajout\u00e9 qu'\u00a0\u00bb<em>aucun incident\u00a0\u00bb <\/em>n&rsquo;y a \u00e9t\u00e9 signal\u00e9. Le festival Plaisirs d&rsquo;Hiver n&rsquo;a pas non plus fait \u00e9tat de perturbations ou de nuisances particuli\u00e8res lors de l&rsquo;inauguration du march\u00e9 place de la Bourse.<\/p>\n<p>Une autre <a href=\"https:\/\/www.instagram.com\/p\/DRnSn8kiM0Z\/\" target=\"_blank\" rel=\"evidence nofollow noopener\" shape=\"rect\">vid\u00e9o<\/a> de la m\u00eame manifestation publi\u00e9e un peu plus tard sur la page Instagram de l&rsquo;association montre une forte affluence au march\u00e9 de No\u00ebl (lien archiv\u00e9 <a href=\"https:\/\/perma.cc\/EC9V-L24Q\" target=\"_blank\" rel=\"evidence frozen nofollow noopener\" shape=\"rect\">ici<\/a>). Le public \u00e9volue dans le calme, alors que le petit groupe de manifestants s&rsquo;est d\u00e9plac\u00e9 sur les marches du palais de la Bourse de Bruxelles, sur la place o\u00f9 se tient le march\u00e9. Rien ne semble sur ces images aller dans le sens d&rsquo;un \u00ab\u00a0<em>encerclement<\/em>\u00a0\u00bb du march\u00e9 et de son public, et encore moins d\u00a0\u00bb<em>attaques sur des familles<\/em>\u00ab\u00a0, de foule \u00ab\u00a0<em>fuyant, terrifi\u00e9e<\/em>\u00ab\u00a0, ou d&rsquo;islamistes cherchant \u00e0 \u00ab\u00a0<em>interdire No\u00ebl\u00a0\u00bb<\/em>.<\/p>\n<p><b>La vid\u00e9o d&rsquo;une action militante \u00e0 Strasbourg en 2023<\/b><\/p>\n<p>\u00ab\u00a0<em>Scandale en France ! Dans plusieurs villes, des individus s&rsquo;en prennent au sapin de No\u00ebl install\u00e9 sur l&rsquo;espace public<\/em>\u00ab\u00a0, r\u00e9cite une voix off sur <a href=\"https:\/\/perma.cc\/5D9G-WVVE\" target=\"_blank\" rel=\"appearance frozen nofollow noopener\" shape=\"rect\">un montage de plusieurs extraits vid\u00e9os<\/a> diffus\u00e9 sur TikTok. \u00ab\u00a0<em>Pour beaucoup, ces actes ne sont pas de simple d\u00e9gradation <\/em>[sic],<em> ils touchent \u00e0 1 symbole de rassemblement et de convivialit\u00e9, 1 d\u00e9cor que chacun attend avec impatience<\/em>\u00ab\u00a0, poursuit-elle.<\/p>\n<div class=\"g2picture\">\n<figure><img src=\"https:\/\/belux-edmo.s3-accelerate.amazonaws.com\/wp-content\/uploads\/2025\/12\/b425b301ca58941599cc071db51afe23cc34409c-ipad_resized.jpg\" \/><figcaption>Captures d&rsquo;\u00e9cran r\u00e9alis\u00e9es sur Facebook et X le 10\/12\/2025. Croix rouge ajout\u00e9e par l&rsquo;AFP.<\/figcaption><\/figure>\n<\/div>\n<p>Ni la vid\u00e9o ni la voix off n&rsquo;indiquent de date ou de lieu o\u00f9 les images ont \u00e9t\u00e9 tourn\u00e9es, et rien n&rsquo;indique qu&rsquo;il s&rsquo;agisse \u00ab\u00a0<em>d&rsquo;islamistes<\/em>\u00a0\u00bb voulant s&rsquo;en prendre aux traditions chr\u00e9tiennes. Mais la phrase de la voix off \u00ab\u00a0<em>Pour beaucoup, ces actes ne sont pas de simples d\u00e9gradations<\/em>\u00ab\u00a0, renvoie \u00e0 la m\u00e9thode du \u00ab\u00a0<a href=\"https:\/\/www.radiofrance.fr\/franceculture\/dog-whistle-ces-messages-cryptes-aux-relents-racistes-qui-ont-contamine-les-discours-2141613\" target=\"_blank\" rel=\"evidence nofollow noopener\" shape=\"rect\"><em>dog whistling<\/em><\/a>\u00ab\u00a0, permettant de sugg\u00e9rer des propos racistes ou ill\u00e9gaux sans les formuler explicitement (lien archiv\u00e9\u00a0<a href=\"https:\/\/perma.cc\/KCU8-7HAS\" target=\"_blank\" rel=\"evidence frozen nofollow noopener\" shape=\"rect\">ici<\/a>).<\/p>\n<p>Parmi les milliers de commentaires g\u00e9n\u00e9r\u00e9s par les publications et leurs reprises, la grande majorit\u00e9 inclut ainsi des attaques x\u00e9nophobes et islamophobes contre l&rsquo;immigration, l&rsquo;islam et les musulmans : \u00ab\u00a0<em>Vite le m\u00e9nage&#8230; REMIGRATION !\u00a0\u00bb, \u00ab\u00a0En revanche pour toucher la prime de noel a la CAF ca y a pas de probleme\u00a0\u00bb<\/em>, \u00ab\u00a0<em>Ils viennent envahir la France et l Europe se<\/em> [sic] <em>ne sont pas des r\u00e9fugies ceux <\/em>[sic]<em> sont que des immigr\u00e9s quelle que soit la g\u00e9n\u00e9ration <\/em>[&#8230;]\u00a0\u00bb\u00a0<em>Ils veulent leur charia faire de nos pays une terre islamique <\/em>[sic]\u00a0\u00bb, \u00a0peut-on lire par exemple sous ces posts, o\u00f9 l&rsquo;on retrouve \u00e9galement le slogan crypt\u00e9 \u00ab\u00a0<a href=\"https:\/\/www.franceinfo.fr\/politique\/arbres-noix-tout-le-monde-le-sait-ce-vocabulaire-detourne-par-des-internautes-pour-diffuser-des-idees-d-extreme-droite-sur-les-reseaux-sociaux_7378399.html\" target=\"_blank\" rel=\"evidence nofollow noopener\" shape=\"rect\"><em>Tout le monde sait<\/em><\/a>\u00a0\u00bb (lien archiv\u00e9 <a href=\"https:\/\/perma.cc\/NW9D-L8QT\" target=\"_blank\" rel=\"evidence frozen nofollow noopener\" shape=\"rect\">ici<\/a>).<\/p>\n<p>Sur la vid\u00e9o, des hommes v\u00eatus de gilets jaunes fluorescents s&#8217;emparent de sapins emball\u00e9s devant un magasin, puis un petit groupe d&rsquo;hommes pulv\u00e9rise de la peinture orange sur la base d&rsquo;un immense arbre de No\u00ebl, tandis que deux autres filment \u00e0 l&rsquo;aide de leurs t\u00e9l\u00e9phones. Initialement publi\u00e9e sur TikTok, la vid\u00e9o depuis supprim\u00e9e cumulait des milliers de partages et de commentaires ; elle a ensuite \u00e9t\u00e9\u00a0<a href=\"https:\/\/perma.cc\/7YNQ-PNAM\" target=\"_blank\" rel=\"appearance frozen nofollow noopener\" shape=\"rect\">repartag\u00e9e<\/a> sur le r\u00e9seau de vid\u00e9os courtes, puis reprise sur\u00a0<a href=\"https:\/\/perma.cc\/F376-SF5W\" target=\"_blank\" rel=\"appearance frozen nofollow noopener\" shape=\"rect\">X<\/a>, Facebook (<a href=\"https:\/\/perma.cc\/8W3Q-CJKL\" target=\"_blank\" rel=\"appearance frozen nofollow noopener\" shape=\"rect\">1<\/a>, <a href=\"https:\/\/perma.cc\/985Y-FGP2\" target=\"_blank\" rel=\"appearance frozen nofollow noopener\" shape=\"rect\">2<\/a>, <a href=\"https:\/\/perma.cc\/ZQJ7-UM3Q\" target=\"_blank\" rel=\"appearance frozen nofollow noopener\" shape=\"rect\">3<\/a>) et <a href=\"https:\/\/perma.cc\/UT9J-SJYN\" target=\"_blank\" rel=\"appearance frozen nofollow noopener\" shape=\"rect\">Instagram<\/a>.<\/p>\n<p>Mais les affirmations port\u00e9es dans les publications trompeuses sont infond\u00e9es. La premi\u00e8re partie de la vid\u00e9o, difficile \u00e0 authentifier du fait de sa mauvaise qualit\u00e9, montre des hommes portant des gilets r\u00e9fl\u00e9chissants, \u00e9voquant une <a href=\"https:\/\/making-of.afp.com\/une-violente-cavale\" target=\"_blank\" rel=\"evidence nofollow noopener\" shape=\"rect\">manifestation de gilets jaunes<\/a>, sans qu&rsquo;il soit possible de d\u00e9terminer exactement son contexte. L&rsquo;AFP n&rsquo;a retrouv\u00e9 trace d&rsquo;aucun \u00e9v\u00e9nement comparable rapport\u00e9 ces derni\u00e8res semaines en France.<\/p>\n<div class=\"g2picture\">\n<figure><img src=\"https:\/\/belux-edmo.s3-accelerate.amazonaws.com\/wp-content\/uploads\/2025\/12\/898960c1db752ef5f41897cb4cc87dfba3f1a826-ipad_resized.jpg\" \/><figcaption>Captures d&rsquo;\u00e9cran r\u00e9alis\u00e9e sur la publication originale partag\u00e9e par le compte @actualfrance_tv sur TikTok le 09\/12\/2025.<\/figcaption><\/figure>\n<\/div>\n<p><strong>La s\u00e9quence qui suit, montrant des hommes asperger un sapin de peinture, date quant \u00e0 elle de 2023 <\/strong>: il s&rsquo;agit d&rsquo;une <a href=\"https:\/\/x.com\/riposte_alim\/status\/1730261038770131321\" target=\"_blank\" rel=\"evidence nofollow noopener\" shape=\"rect\">vid\u00e9o <\/a>partag\u00e9e par le compte X de l&rsquo;association militante Riposte alimentaire, tourn\u00e9e le 30 novembre 2023, qui <a href=\"https:\/\/www.rue89strasbourg.com\/cop28-derniere-renovation-sapin-286629\" target=\"_blank\" rel=\"evidence nofollow noopener\" shape=\"rect\">montre des militants perturbant le march\u00e9 de No\u00ebl de Strasbourg<\/a> pour protester contre la surrepr\u00e9sentation des entreprises d&rsquo;\u00e9nergies fossiles \u00e0 la COP28 de Duba\u00ef (liens archiv\u00e9s <a href=\"https:\/\/perma.cc\/5RZL-VVGB\" target=\"_blank\" rel=\"evidence frozen nofollow noopener\" shape=\"rect\">ici<\/a> et <a href=\"https:\/\/perma.cc\/F5QV-PJFK\" target=\"_blank\" rel=\"evidence frozen nofollow noopener\" shape=\"rect\">ici<\/a>).<\/p>\n<div class=\"g2picture\">\n<figure><img src=\"https:\/\/belux-edmo.s3-accelerate.amazonaws.com\/wp-content\/uploads\/2025\/12\/c0ff98cbc16f334777c67518b70caf46269b250f-ipad_resized.jpg\" \/><figcaption>Captures d&rsquo;\u00e9cran d&rsquo;une publication trompeuse (\u00e0 gauche) et de la publication originale dont est tir\u00e9e la vid\u00e9o d\u00e9contextualis\u00e9e (\u00e0 droite), r\u00e9alis\u00e9es sur X le 11\/12\/2025. Croix rouge ajout\u00e9e par l&rsquo;AFP.<\/figcaption><\/figure>\n<\/div>\n<p>Le <a href=\"https:\/\/perma.cc\/735P-YG5A\" target=\"_blank\" rel=\"appearance frozen nofollow noopener\" shape=\"rect\">compte de l&rsquo;utilisateur<\/a>, qui a supprim\u00e9 sa vid\u00e9o depuis, reprend le mode op\u00e9ratoire des faux comptes d&rsquo;actualit\u00e9 sur TikTok, m\u00ealant reprises de vraies infos et rumeurs fantaisistes afin de cr\u00e9er de l&rsquo;engagement et donc, de la mon\u00e9tisation.\u00a0<strong>L&rsquo;AFP a consacr\u00e9 un article de v\u00e9rification \u00e0 ce type de cr\u00e9ateurs de contenu, \u00e0 retrouver\u00a0<\/strong><a href=\"https:\/\/factuel.afp.com\/doc.afp.com.36PB39P\" target=\"_blank\" rel=\"evidence nofollow noopener\" shape=\"rect\">ici<\/a>.<\/p>\n<p><b>Une manifestation \u00e0 Vienne, et pas une \u00ab\u00a0<em>agression<\/em>\u00a0\u00bb d&rsquo;islamistes appelant \u00ab\u00a0<em>au djihad<\/em>\u00ab\u00a0<\/b><\/p>\n<p>D&rsquo;autres <a href=\"https:\/\/perma.cc\/4KAZ-NDZE\" target=\"_blank\" rel=\"appearance frozen nofollow noopener\" shape=\"rect\">publications <\/a>propagent des r\u00e9cits similaires, partageant cette fois des vid\u00e9os d&rsquo;une manifestation \u00e0 Vienne pour pr\u00e9tendre que \u00ab\u00a0<em>des musulmans<\/em>\u00a0\u00bb auraient \u00ab\u00a0<em>encercl\u00e9 les march\u00e9s de No\u00ebl et appel\u00e9 au djihad,\u00a0<\/em>les qualifiant \u00ab\u00a0<em>d&rsquo;agressions<\/em>\u00ab\u00a0. On retrouve ces publications sur <a href=\"https:\/\/x.com\/PsyGuy007\/status\/1995467759551951192\" target=\"_blank\" rel=\"appearance frozen nofollow noopener\" shape=\"rect\">X <\/a>et <a href=\"https:\/\/www.facebook.com\/reel\/1562930814890454\" target=\"_blank\" rel=\"appearance frozen nofollow noopener\" shape=\"rect\">Facebook<\/a>, et dans plusieurs langues : en <a href=\"https:\/\/perma.cc\/SY3E-GRAT?type=image\" target=\"_blank\" rel=\"appearance frozen nofollow noopener\" shape=\"rect\">tch\u00e8que<\/a>, <a href=\"https:\/\/perma.cc\/E2MV-U267\" target=\"_blank\" rel=\"appearance frozen nofollow noopener\" shape=\"rect\">grec<\/a>, en <a href=\"https:\/\/perma.cc\/K7WG-7TDK\" target=\"_blank\" rel=\"appearance frozen nofollow noopener\" shape=\"rect\">roumain <\/a>et en <a href=\"https:\/\/perma.cc\/MW84-JUEY\" target=\"_blank\" rel=\"appearance frozen nofollow noopener\" shape=\"rect\">allemand<\/a>.<\/p>\n<p>D&rsquo;apr\u00e8s les internautes partageant ces infox, les \u00ab\u00a0<em>musulmans<\/em>\u00a0\u00bb participant \u00e0 la manifestation auraient voulu \u00ab\u00a0<em>imposer leur agenda islamique<\/em>\u00a0\u00bb en Europe par une <em>\u00ab\u00a0d\u00e9monstration de <\/em><em>force<\/em>\u00ab\u00a0. Les\u00a0publications d\u00e9crivent des sc\u00e8nes de panique,\u00a0<em>\u00ab\u00a0des policiers d\u00e9bord\u00e9s et des familles terrifi\u00e9es<\/em>\u00a0\u00bb ; mais ces affirmations sont\u00a0<strong>contredites par la police viennoise : celle-ci a annonc\u00e9 que la manifestation, qui n&rsquo;a fait que passer \u00e0 l&rsquo;ext\u00e9rieur du march\u00e9, s&rsquo;est d\u00e9roul\u00e9e sans incident.<\/strong><\/p>\n<div class=\"g2picture\">\n<figure><img src=\"https:\/\/belux-edmo.s3-accelerate.amazonaws.com\/wp-content\/uploads\/2025\/12\/4f7c66afca95d643de40864cf7f1d72768207cc5-ipad_resized.jpg\" \/><figcaption>Captures d&rsquo;\u00e9cran r\u00e9alis\u00e9es sur X, le 12\/12\/2025. Croix rouge ajout\u00e9e par l&rsquo;AFP.<\/figcaption><\/figure>\n<\/div>\n<p>La <a href=\"https:\/\/www.instagram.com\/p\/DR2ZfaMCHcF\/\" target=\"_blank\" rel=\"evidence nofollow noopener\" shape=\"rect\">manifestation <\/a>en question avait lieu le 29 novembre 2025 \u00e0 Vienne, \u00e0 l&rsquo;occasion de la <a href=\"https:\/\/www.unesco.org\/en\/days\/international-day-solidarity-palestinian-people#:~:text=The%20date%20of%2029%20November,the%20Palestinian%20People%20since%201978.\" target=\"_blank\" rel=\"evidence nofollow noopener\" shape=\"rect\">Journ\u00e9e internationale de solidarit\u00e9 avec le peuple palestinien<\/a> \u00e9tablie par les Nations-Unies en 1977 (liens archiv\u00e9s <a href=\"https:\/\/perma.cc\/224T-HMML\" target=\"_blank\" rel=\"evidence frozen nofollow noopener\" shape=\"rect\">ici <\/a>et <a href=\"https:\/\/perma.cc\/5BU4-ABED\" target=\"_blank\" rel=\"evidence frozen nofollow noopener\" shape=\"rect\">ici<\/a>). <a href=\"https:\/\/grossdemowien.at\/2025.11.29\/\" target=\"_blank\" rel=\"evidence nofollow noopener\" shape=\"rect\">L&rsquo;itin\u00e9raire de la manifestation<\/a> \u00e9tait disponible sur le site web de l&rsquo;association organisatrice Palestina Solidarit\u00e4t \u00d6sterreich, et montre que le cort\u00e8ge devait bri\u00e8vement longer la Rathausplatz, o\u00f9 avait lieu le march\u00e9 de No\u00ebl visible sur la vid\u00e9o.<\/p>\n<div class=\"g2picture\">\n<figure><img src=\"https:\/\/belux-edmo.s3-accelerate.amazonaws.com\/wp-content\/uploads\/2025\/12\/6ebebd664fdda8a83cbca7c29f98a0a4bbd0290d-ipad_resized.jpg\" \/><figcaption>Capture d&rsquo;\u00e9cran de l&rsquo;itin\u00e9raire disponible sur le site web de la manifestation. Le rectangle orange montre la Rathausplatz, o\u00f9 avait lieu le march\u00e9 de No\u00ebl.<\/figcaption><\/figure>\n<\/div>\n<p>Contact\u00e9e par l&rsquo;AFP, les services de police de la ville de Vienne ont d\u00e9clar\u00e9 le 10 d\u00e9cembre 2025 que \u00ab\u00a0<em>Le public du march\u00e9 de No\u00ebl et les participants \u00e0 la manifestation se sont bri\u00e8vement crois\u00e9s sur l&rsquo;itin\u00e9raire<\/em>\u00ab\u00a0, mais que \u00ab\u00a0<strong><em>Les faits se sont d\u00e9roul\u00e9s sans incident<\/em><\/strong>\u00ab\u00a0.<\/p>\n<p>Des vid\u00e9os de la manifestation analys\u00e9es par l&rsquo;AFP ne montrent aucune sc\u00e8ne de panique, \u00ab\u00a0<em>d&rsquo;agressions<\/em>\u00a0\u00bb ou d&rsquo;effectifs policiers \u00ab\u00a0<em>d\u00e9bord\u00e9s<\/em>\u00a0\u00bb au niveau du march\u00e9 de No\u00ebl ou ailleurs sur l&rsquo;itin\u00e9raire de la manifestation, ni d&rsquo;appels au \u00ab\u00a0<em>djihad\u00a0\u00bb<\/em>. D&rsquo;apr\u00e8s une organisation militant en faveur de la Palestine,\u00a0<a href=\"https:\/\/www.ots.at\/presseaussendung\/OTS_20251209_OTS0027\/repression-gegen-palaestina-solidaritaet?utm_source=chatgpt.com\" target=\"_blank\" rel=\"evidence nofollow noopener\" shape=\"rect\">un militant aurait \u00e9t\u00e9 d\u00e9tenu par la police autrichienne<\/a> pour avoir chant\u00e9 le slogan \u00ab\u00a0<em>From the river to the sea, Palestine will be free <\/em>[Du fleuve \u00e0 la mer, la Palestine sera libre, NDLR]\u00a0\u00bb.<\/p>\n<p>Si le slogan n&rsquo;est pas ill\u00e9gal en Autriche, il a d\u00e9j\u00e0 fait \u00e9t\u00e9 cit\u00e9 comme <a href=\"https:\/\/www.reuters.com\/world\/from-river-sea-prompts-vienna-ban-pro-palestinian-protest-2023-10-11\/\" target=\"_blank\" rel=\"evidence nofollow noopener\" shape=\"rect\">motif d&rsquo;interdiction<\/a> de manifestations \u00e0 Vienne (lien archiv\u00e9 <a href=\"https:\/\/perma.cc\/SES2-6FTT\" target=\"_blank\" rel=\"evidence frozen nofollow noopener\" shape=\"rect\">ici<\/a>).<\/p>\n<p><b>Pas d&rsquo;attaque de \u00ab\u00a0gauchistes\u00a0\u00bb \u00e0 Amiens, mais une vid\u00e9o de 2024 en Turquie<\/b><\/p>\n<p>\u00ab\u00a0<em>Apr\u00e8s l\u2019inauguration des d\u00e9corations de No\u00ebl, des Gauchistes contre les traditions fran\u00e7aises d\u00e9truisent un Sapin<\/em> [sic] <em>de No\u00ebl \u00e0 Amiens\u00a0\u00bb<\/em>, s&rsquo;indigne un utilisateur de X dans la description <a href=\"https:\/\/perma.cc\/U9JA-RS8C\" target=\"_blank\" rel=\"appearance frozen nofollow noopener\" shape=\"rect\">d&rsquo;une vid\u00e9o<\/a> diffus\u00e9e le 30 novembre 2025.<\/p>\n<p>Sur les images, partag\u00e9es plus de 680 fois et comptabilisant 23.000 vues, on voit un petit groupe d&rsquo;hommes attaquer \u00e0 l&rsquo;aide d&rsquo;une hache un sapin illumin\u00e9. L&rsquo;extrait accompagn\u00e9 du m\u00eame message totalise des milliers de partages sur Facebook (<a href=\"https:\/\/perma.cc\/56SK-ET36\" target=\"_blank\" rel=\"appearance frozen nofollow noopener\" shape=\"rect\">1<\/a>, <a href=\"https:\/\/perma.cc\/KZN9-HXKW\" target=\"_blank\" rel=\"appearance frozen nofollow noopener\" shape=\"rect\">2<\/a>).<\/p>\n<p>Une\u00a0<a href=\"https:\/\/www.youtube.com\/watch?v=WLEvLB5KYNI&amp;t=2s\" target=\"_blank\" rel=\"evidence nofollow noopener\" shape=\"rect\">recherche d\u2019images invers\u00e9e<\/a> r\u00e9v\u00e8le que le m\u00eame extrait circule sur les r\u00e9seaux sociaux depuis <a href=\"https:\/\/perma.cc\/S3MC-GXFX\" target=\"_blank\" rel=\"evidence frozen nofollow noopener\" shape=\"rect\">d\u00e9cembre 2024<\/a> (lien archiv\u00e9 <a href=\"https:\/\/perma.cc\/S3MC-GXFX\" target=\"_blank\" rel=\"evidence frozen nofollow noopener\" shape=\"rect\">ici<\/a>). Contrairement \u00e0 ce qu\u2019affirme la publication trompeuse, <strong>l&rsquo;incident a eu lieu \u00e0 Istanbul en 2024, <\/strong>comme l&rsquo;indique <a href=\"https:\/\/www.birgun.net\/haber\/kucukcekmece-de-yilbasi-agacina-baltali-saldiri-586000\" target=\"_blank\" rel=\"evidence nofollow noopener\" shape=\"rect\">un article du quotidien turc BirG\u00fcn <\/a>dat\u00e9 du 23 d\u00e9cembre 2024 (lien archiv\u00e9\u00a0<a href=\"https:\/\/perma.cc\/66NJ-GB9W\" target=\"_blank\" rel=\"evidence frozen nofollow noopener\" shape=\"rect\">ici<\/a>). D&rsquo;apr\u00e8s la presse turque, l&rsquo;arbre a \u00e9t\u00e9 vandalis\u00e9 suite \u00e0 l&rsquo;interdiction des c\u00e9l\u00e9brations du Nouvel an dans les universit\u00e9s, d\u00e9cid\u00e9e par la municipalit\u00e9, et un autre install\u00e9 \u00e0 sa place suite aux d\u00e9gradations.<\/p>\n<div class=\"g2picture\">\n<figure><img src=\"https:\/\/belux-edmo.s3-accelerate.amazonaws.com\/wp-content\/uploads\/2025\/12\/9a5348c58cdee79c342b937ef3916659216542ce-ipad_resized.jpg\" \/><figcaption>Captures d&rsquo;\u00e9crans prises le 10\/12\/2025 sur Instagram et sur birgun.net. Croix rouge ajout\u00e9e par l&rsquo;AFP.<\/figcaption><\/figure>\n<\/div>\n<p><strong>Aucun lien, donc, entre la vid\u00e9o visible dans la publication et un march\u00e9 de No\u00ebl \u00e0 Amiens en France.\u00a0<\/strong><\/p>\n<p><b>Des c\u00e9l\u00e9brations pacifiques de la chute du r\u00e9gime Assad \u00e0 Stuttgart en 2024<\/b><\/p>\n<p>\u00ab\u00a0<em>Les islamistes syriens s&rsquo;en prennent aux march\u00e9s de No\u00ebl en Allemagne, perturbant ces \u00e9v\u00e9nements embl\u00e9matiques. Leur m\u00e9pris pour nos traditions et notre culture est <\/em><em>flagrant<\/em>\u00ab\u00a0, s&rsquo;indigne le propri\u00e9taire d&rsquo;un compte diffusant r\u00e9guli\u00e8rement de la d\u00e9sinformation, dans une <a href=\"https:\/\/perma.cc\/YQM5-ZGTU\" target=\"_blank\" rel=\"appearance frozen nofollow noopener\" shape=\"rect\">publication<\/a> partag\u00e9e plus de 2.000 fois sur X. Sur la vid\u00e9o, on voit une large foule r\u00e9unie sur la Schlo\u00dfplatz, grande place iconique de la ville de Stuttgart, brandissant des drapeaux syriens.<\/p>\n<div class=\"g2picture\">\n<figure><img src=\"https:\/\/belux-edmo.s3-accelerate.amazonaws.com\/wp-content\/uploads\/2025\/12\/e462151b571b7ab47d475008626cfcbd21f9ba37-ipad_resized.jpg\" \/><figcaption>Capture d&rsquo;\u00e9cran r\u00e9alis\u00e9e sur X le 10\/12\/2025. Croix rouge ajout\u00e9e par l&rsquo;AFP.<\/figcaption><\/figure>\n<\/div>\n<p><strong>Mais ces images ne sont pas r\u00e9centes<\/strong>. Une recherche d&rsquo;images invers\u00e9e permet de retrouver la <a href=\"https:\/\/www.tiktok.com\/@majed_meh\/video\/7446017439923555606\" target=\"_blank\" rel=\"evidence nofollow noopener\" shape=\"rect\">source <\/a>de la vid\u00e9o : <strong>celle-ci a \u00e9t\u00e9 mise en ligne le 8 d\u00e9cembre 2024<\/strong>, date de la <a href=\"https:\/\/www.rtbf.be\/article\/direct-syrie-la-russie-affirme-que-bachar-al-assad-a-demissionne-de-son-poste-et-quitte-le-pays-11474486\" target=\"_blank\" rel=\"evidence nofollow noopener\" shape=\"rect\">chute du r\u00e9gime Assad en Syrie<\/a> (liens archiv\u00e9s <a href=\"https:\/\/perma.cc\/8YT8-SNGZ\" target=\"_blank\" rel=\"evidence frozen nofollow noopener\" shape=\"rect\">ici <\/a>et <a href=\"https:\/\/perma.cc\/Y93W-3N5G\" target=\"_blank\" rel=\"evidence frozen nofollow noopener\" shape=\"rect\">ici<\/a>). En Allemagne, pays qui compte la plus grande diaspora syrienne d&rsquo;Europe, comme dans les pays voisins, <a href=\"https:\/\/www.france24.com\/fr\/info-en-continu\/20241208-les-syriens-d-allemagne-exultent-apr%C3%A8s-la-chute-du-r%C3%A9gime-assad\" target=\"_blank\" rel=\"evidence nofollow noopener\" shape=\"rect\">des manifestations de liesse spontan\u00e9es<\/a> avaient eu lieu sur les places des plus grandes villes du pays (lien archiv\u00e9 <a href=\"https:\/\/perma.cc\/EU7J-FF95\" target=\"_blank\" rel=\"evidence frozen nofollow noopener\" shape=\"rect\">ici<\/a>).<\/p>\n<p>C&rsquo;\u00e9tait <a href=\"https:\/\/www.stuttgarter-zeitung.de\/inhalt.kundgebung-in-stuttgart-nach-dem-sturz-assads-mehrere-hundert-syrer-bejubeln-das-wunder-und-die-wiedergeburt-syriens.5ebfd74e-85db-4aef-8517-869448035751.html\" target=\"_blank\" rel=\"evidence nofollow noopener\" shape=\"rect\">\u00e9galement le cas \u00e0 Stuttgart<\/a>, o\u00f9 quelques milliers de personnes s&rsquo;\u00e9taient r\u00e9unies sur la Schlo\u00dfplatz, qui accueille chaque ann\u00e9e le <a href=\"https:\/\/www.stuttgarter-weihnachtsmarkt.de\/de\/home\/\" target=\"_blank\" rel=\"evidence nofollow noopener\" shape=\"rect\">march\u00e9 de No\u00ebl<\/a> de la ville, comme l&rsquo;\u00e9crivait le quotidien\u00a0<a href=\"https:\/\/www.berliner-zeitung.de\/\" target=\"_blank\" rel=\"evidence nofollow noopener\" shape=\"rect\">Berliner Zeitung<\/a> le jour m\u00eame (liens archiv\u00e9s <a href=\"https:\/\/perma.cc\/B5QB-C6B5\" target=\"_blank\" rel=\"evidence frozen nofollow noopener\" shape=\"rect\">ici <\/a>et <a href=\"https:\/\/perma.cc\/ZSV8-6SQS\" target=\"_blank\" rel=\"evidence frozen nofollow noopener\" shape=\"rect\">ici<\/a>).<\/p>\n<div class=\"g2web\" style=\"text-align: center;\"><iframe style=\"border: 0;\" src=\"https:\/\/www.google.com\/maps\/embed?pb=!1m18!1m12!1m3!1d935.3442965389052!2d9.179413418103469!3d48.77852501377966!2m3!1f0!2f0!3f0!3m2!1i1024!2i768!4f13.1!3m3!1m2!1s0x4799db350fc2a271%3A0xb695a3b63112fc5!2sSchlo%C3%9Fpl.%2C%2070173%20Stuttgart%2C%20Allemagne!5e1!3m2!1sfr!2sfr!4v1765462100379!5m2!1sfr!2sfr\" width=\"600\" height=\"450\" frameborder=\"1\" scrolling=\"auto\" allowfullscreen=\"allowfullscreen\"><\/iframe><\/div>\n<p>L&rsquo;affirmation selon laquelle la vid\u00e9o prouverait que \u00ab\u00a0<em>des Syriens s&rsquo;en prennent aux march\u00e9s de No\u00ebl<\/em>\u00a0\u00bb et aux \u00ab\u00a0<em>traditions<\/em>\u00a0\u00bb europ\u00e9ennes est donc infond\u00e9e : <strong>les manifestations du 8 d\u00e9cembre avaient simplement lieu au m\u00eame endroit que le march\u00e9 saisonnier<\/strong>. D&rsquo;apr\u00e8s la presse locale, les c\u00e9l\u00e9brations se sont d\u00e9roul\u00e9e sans heurts : \u00ab\u00a0<em>La police n&rsquo;a signal\u00e9 aucun incident lors du rassemblement \u00e0 Stuttgart. Les agents ont s\u00e9par\u00e9 les f\u00eatards et le march\u00e9 de No\u00ebl, mais sont rest\u00e9s plut\u00f4t en retrait. Vers 17 heures, le rassemblement s&rsquo;est dispers\u00e9<\/em>\u00ab\u00a0, \u00e9crivait ainsi la radio r\u00e9gionale <a href=\"https:\/\/www.swr.de\/index.html\" target=\"_blank\" rel=\"evidence nofollow noopener\" shape=\"rect\">S\u00fcdwestrundfunk <\/a>dans un <a href=\"https:\/\/www.swr.de\/swraktuell\/baden-wuerttemberg\/menschen-feiern-sturz-assads-100.html\" target=\"_blank\" rel=\"evidence nofollow noopener\" shape=\"rect\">article paru le 8 d\u00e9cembre<\/a> (liens archiv\u00e9s <a href=\"https:\/\/perma.cc\/6Z7C-HZG2\" target=\"_blank\" rel=\"evidence frozen nofollow noopener\" shape=\"rect\">ici <\/a>et <a href=\"https:\/\/perma.cc\/8NX8-XLJC\" target=\"_blank\" rel=\"evidence frozen nofollow noopener\" shape=\"rect\">ici<\/a>).<\/p>\n<p>Aucun m\u00e9dia allemand ou international n&rsquo;avait \u00e0 l&rsquo;\u00e9poque fait \u00e9tat de troubles ou d&rsquo;incidents importants durant les manifestations spontan\u00e9es qui avaient suivi la chute du r\u00e9gime Assad, a v\u00e9rifi\u00e9 l&rsquo;AFP.<\/p>\n<div class=\"g2web\" style=\"text-align: center;\"><iframe title=\"YouTube video player\" src=\"https:\/\/www.youtube.com\/embed\/ijukA0JykNo?si=u1WhTzR9-JowdkeT\" width=\"560\" height=\"315\" frameborder=\"0\" scrolling=\"auto\" allowfullscreen=\"allowfullscreen\"><\/iframe><\/div>\n<p><b><span style=\"color: #000000;\">Une infox r\u00e9p\u00e9t\u00e9e d&rsquo;une ann\u00e9e sur l&rsquo;autre<\/span><\/b><\/p>\n<p>Ce n&rsquo;est pas la premi\u00e8re fois que ces c\u00e9l\u00e9brations sont instrumentalis\u00e9es par des internautes. En d\u00e9cembre 2024, des\u00a0<a href=\"https:\/\/perma.cc\/SGX3-U25V\" target=\"_blank\" rel=\"appearance frozen nofollow noopener\" shape=\"rect\">publications sur X<\/a> r\u00e9pandaient la rumeur d&rsquo;une \u00ab\u00a0<em>foule d&rsquo;islamis\u00e9es enrag\u00e9s <\/em>[sic]\u00a0\u00bb ayant suppos\u00e9ment \u00ab\u00a0<em>envahi<\/em>\u00a0\u00bb un march\u00e9 de No\u00ebl pour \u00ab\u00a0<em>marquer leur territoire<\/em>\u00ab\u00a0. Ces images d\u00e9contextualis\u00e9es ont refait surface sur les r\u00e9seaux sociaux un an plus tard en Australie, accompagn\u00e9es d&rsquo;un r\u00e9cit similaire.<\/p>\n<div class=\"g2picture\">\n<figure><img src=\"https:\/\/belux-edmo.s3-accelerate.amazonaws.com\/wp-content\/uploads\/2025\/12\/0dac852dfc555cdd191dd11268f68ef1d645562d-ipad_resized.jpg\" \/><figcaption>Capture d&rsquo;\u00e9cran r\u00e9alis\u00e9e sur X le 10\/12\/2025. Croix rouge ajout\u00e9e par l&rsquo;AFP.<\/figcaption><\/figure>\n<\/div>\n<p>Mais il s&rsquo;agissait l\u00e0 aussi d&rsquo;une fausse information.\u00a0<a href=\"https:\/\/factcheck.afp.com\/doc.afp.com.86RV8KE\" target=\"_blank\" rel=\"evidence nofollow noopener\" shape=\"rect\">V\u00e9rifi\u00e9es par l&rsquo;AFP<\/a>, les images \u00e9taient tir\u00e9es d&rsquo;une manifestation c\u00e9l\u00e9brant la chute du r\u00e9gime Assad \u00e0 Essen, en Allemagne. Un <a href=\"https:\/\/www.presseportal.de\/blaulicht\/pm\/11562\/5926013\" target=\"_blank\" rel=\"evidence nofollow noopener\" shape=\"rect\">communiqu\u00e9 de la police<\/a> concernant les \u00e9v\u00e9nements avait indiqu\u00e9 que \u00ab\u00a0<em>les participants \u00e9taient \u00e9mus et exub\u00e9rants, mais que dans l&rsquo;ensemble, ils se sont comport\u00e9s pacifiquement<\/em>\u00a0\u00bb et qu&rsquo;il n&rsquo;y avait eu \u00ab\u00a0<em>aucun incident notable<\/em>\u00ab\u00a0. Le maire de la ville d&rsquo;Essen avait par la suite fait une <a href=\"https:\/\/www.essen.de\/meldungen\/pressemeldung_1548100.de.html\" target=\"_blank\" rel=\"evidence nofollow noopener\" shape=\"rect\">d\u00e9claration similaire<\/a> (liens archiv\u00e9s <a href=\"https:\/\/perma.cc\/V9SH-4LG8\" target=\"_blank\" rel=\"evidence frozen nofollow noopener\" shape=\"rect\">ici <\/a>et <a href=\"https:\/\/perma.cc\/V9SH-4LG8\" target=\"_blank\" rel=\"evidence frozen nofollow noopener\" shape=\"rect\">ici<\/a>).<\/p>\n<p>Plusieurs march\u00e9s de No\u00ebl en Allemagne et en France ont \u00e9t\u00e9 la cible d\u2019attentats ces derni\u00e8res ann\u00e9es. Outre l&rsquo;attentat de Strasbourg, une attaque revendiqu\u00e9e par l&rsquo;EI avait fait 12 morts et 60 bless\u00e9s en 2016, et marqu\u00e9 un tournant dans la r\u00e9ponse s\u00e9curitaire des pays europ\u00e9ens face au terrorisme islamiste.<\/p>\n<p>Plus r\u00e9cemment, le 20 d\u00e9cembre 2024, un ressortissant saoudien a percut\u00e9 la foule du march\u00e9 de No\u00ebl de Magdebourg, en Allemagne, faisant six morts et au moins 300 bless\u00e9s ; l&rsquo;attaquant, dont\u00a0<a href=\"https:\/\/fr.euronews.com\/2025\/11\/10\/allemagne-ouverture-du-proces-de-lattentat-du-marche-de-noel-de-magdebourg\" target=\"_blank\" rel=\"evidence nofollow noopener\" shape=\"rect\">le proc\u00e8s s&rsquo;est ouvert le 10 novembre<\/a> et doit durer 4 mois, a justifi\u00e9 son geste par une id\u00e9ologie d&rsquo;extr\u00eame-droite et une lutte personnelle contre \u00ab\u00a0<em>l&rsquo;islamisation<\/em>\u00a0\u00bb de l&rsquo;Europe (lien archiv\u00e9 <a href=\"https:\/\/perma.cc\/4QSV-XDLP\" target=\"_blank\" rel=\"evidence frozen nofollow noopener\" shape=\"rect\">ici<\/a>).<\/p>\n<p>En 2025, quelques villes allemandes, dont Overath pr\u00e8s de Cologne, ont d\u00e9cid\u00e9 d&rsquo;annuler ce march\u00e9 traditionnel en raison du <a href=\"https:\/\/www.france24.com\/fr\/info-en-continu\/20251120-une-forteresse-un-an-apr%C3%A8s-l-attentat-march%C3%A9-de-no%C3%ABl-sous-haute-s%C3%A9curit%C3%A9-%C3%A0-magdebourg\" target=\"_blank\" rel=\"evidence nofollow noopener\" shape=\"rect\">co\u00fbt des mesures de s\u00e9curit\u00e9<\/a> (lien archiv\u00e9 <a href=\"https:\/\/perma.cc\/M4AZ-388R\" target=\"_blank\" rel=\"evidence frozen nofollow noopener\" shape=\"rect\">ici<\/a>).<\/p>\n<p><span class=\"e-afp-update-note\"><time datetime=\"2025-12-12T16:34:00+0100\">12 d\u00e9cembre 2025<\/time>Modifie la formulation de la question dans l image d&rsquo;en t\u00eate<\/span><\/p>\n","protected":false},"excerpt":{"rendered":"<p>Les march\u00e9s de No\u00ebl et les cr\u00e8ches de la Nativit\u00e9 en France sont r\u00e9guli\u00e8rement au centre de pol\u00e9miques sur la la\u00efcit\u00e9. Des internautes profitent de ces tensions pour diffuser des infox en ligne, souvent aux relents islamophobes. Des publications pr\u00e9tendent ainsi que des march\u00e9s de No\u00ebl seraient \u00ab\u00a0envahis par des islamistes\u00a0\u00bb\u00a0qui voudraient s&rsquo;en prendre \u00ab\u00a0\u00e0 la France\u00a0\u00bb et aux \u00ab\u00a0traditions chr\u00e9tiennes\u00a0\u00bb. A l&rsquo;appui de ces affirmations, des vid\u00e9os de manifestations ou de personnes d\u00e9gradant des d\u00e9corations de No\u00ebl. Mais attention : ces vid\u00e9os sont sorties de leur contexte et ne montrent pas des \u00ab\u00a0islamistes\u00a0\u00bb s&rsquo;en prendre \u00e0 des symboles chr\u00e9tiens.\u00a0<\/p>\n","protected":false},"author":1,"featured_media":442884,"comment_status":"closed","ping_status":"closed","sticky":false,"template":"","format":"standard","meta":{"_acf_changed":false,"footnotes":""},"categories":[452,125,132,138],"tags":[],"class_list":{"0":"post-442939","1":"post","2":"type-post","3":"status-publish","4":"format-standard","5":"has-post-thumbnail","7":"category-editors-choice-fr","8":"category-fact-check-fr","9":"category-politique","10":"category-societe"},"acf":{"show_metatags":true,"id":"http:\/\/doc.afp.com\/87L6363","authors":"Mathilde BEAULIEU-L\u00c9PINE \/ Pierre MOUTOT \/ AFP France","organization":"AFP","featured_image_copyright":"","text_copyright":"\u00a9 AGENCE FRANCE-PRESSE | 2025 | Tous droits r\u00e9serv\u00e9s. L\u2019acc\u00e8s aux contenus de l'AFP publi\u00e9s sur ce site et, le cas \u00e9ch\u00e9ant, leur utilisation sont soumis aux conditions g\u00e9n\u00e9rales d'utilisation disponibles sur <a href='https:\/\/www.afp.com\/fr\/cgu' target='_blank'>CGU<\/a>. Par cons\u00e9quent, en acc\u00e9dant aux contenus de l\u2019AFP publi\u00e9s sur ce site, et en les utilisant, le cas \u00e9ch\u00e9ant, vous acceptez d'\u00eatre li\u00e9 par les conditions g\u00e9n\u00e9rales d'utilisation susmentionn\u00e9es. L\u2019utilisation de contenus de l'AFP se fait sous votre seule et enti\u00e8re responsabilit\u00e9.","source":"https:\/\/factuel.afp.com\/doc.afp.com.87L6363","fact_checker":"https:\/\/belux.wpengine.com\/wp-content\/uploads\/2021\/12\/afp_logo.png","share_this_post_to_edmo_website":false,"affiliation":"BELUX","type":"\u00c9v\u00e9nement ferm\u00e9","location":"","start_date":"","start_date_event_begins_at":"","start_date_event_ends_at":"","end_date":"","end_date_event_begins_at":"","end_date_event_ends_at":"","organizer":"","fact_checker_logo_image":false},"yoast_head":"<!-- This site is optimized with the Yoast SEO plugin v27.0 - https:\/\/yoast.com\/product\/yoast-seo-wordpress\/ -->\n<title>Ces images ne montrent pas des &quot;islamistes&quot; qui &quot;envahissent&quot; des march\u00e9s de No\u00ebl en Europe - EDMO Belux<\/title>\n<meta name=\"robots\" content=\"index, follow, max-snippet:-1, max-image-preview:large, max-video-preview:-1\" \/>\n<link rel=\"canonical\" href=\"https:\/\/belux.edmo.eu\/fr\/ces-images-ne-montrent-pas-des-islamistes-qui-envahissent-des-marchs-de-nol-en-europe\/\" \/>\n<meta property=\"og:locale\" content=\"fr_FR\" \/>\n<meta property=\"og:type\" content=\"article\" \/>\n<meta property=\"og:title\" content=\"Ces images ne montrent pas des &quot;islamistes&quot; qui &quot;envahissent&quot; des march\u00e9s de No\u00ebl en Europe - EDMO Belux\" \/>\n<meta property=\"og:description\" content=\"Les march\u00e9s de No\u00ebl et les cr\u00e8ches de la Nativit\u00e9 en France sont r\u00e9guli\u00e8rement au centre de pol\u00e9miques sur la la\u00efcit\u00e9. Des internautes profitent de ces tensions pour diffuser des infox en ligne, souvent aux relents islamophobes. Des publications pr\u00e9tendent ainsi que des march\u00e9s de No\u00ebl seraient &quot;envahis par des islamistes&quot;\u00a0qui voudraient s&#039;en prendre &quot;\u00e0 la France&quot; et aux &quot;traditions chr\u00e9tiennes&quot;. A l&#039;appui de ces affirmations, des vid\u00e9os de manifestations ou de personnes d\u00e9gradant des d\u00e9corations de No\u00ebl. Mais attention : ces vid\u00e9os sont sorties de leur contexte et ne montrent pas des &quot;islamistes&quot; s&#039;en prendre \u00e0 des symboles chr\u00e9tiens.\u00a0\" \/>\n<meta property=\"og:url\" content=\"https:\/\/belux.edmo.eu\/fr\/ces-images-ne-montrent-pas-des-islamistes-qui-envahissent-des-marchs-de-nol-en-europe\/\" \/>\n<meta property=\"og:site_name\" content=\"EDMO Belux\" \/>\n<meta property=\"article:published_time\" content=\"2025-12-15T11:33:05+00:00\" \/>\n<meta property=\"article:modified_time\" content=\"2025-12-15T12:33:02+00:00\" \/>\n<meta property=\"og:image\" content=\"https:\/\/belux-edmo.s3-accelerate.amazonaws.com\/wp-content\/uploads\/2025\/12\/3bdf1a89d1880a5a56ad430fc7a80996a9ec727a-ipad_resized.jpg\" \/>\n\t<meta property=\"og:image:width\" content=\"1080\" \/>\n\t<meta property=\"og:image:height\" content=\"540\" \/>\n\t<meta property=\"og:image:type\" content=\"image\/jpeg\" \/>\n<meta name=\"author\" content=\"master\" \/>\n<meta name=\"twitter:card\" content=\"summary_large_image\" \/>\n<meta name=\"twitter:creator\" content=\"@Edmo_Belux\" \/>\n<meta name=\"twitter:site\" content=\"@Edmo_Belux\" \/>\n<meta name=\"twitter:label1\" content=\"\u00c9crit par\" \/>\n\t<meta name=\"twitter:data1\" content=\"master\" \/>\n\t<meta name=\"twitter:label2\" content=\"Dur\u00e9e de lecture estim\u00e9e\" \/>\n\t<meta name=\"twitter:data2\" content=\"15 minutes\" \/>\n<script type=\"application\/ld+json\" class=\"yoast-schema-graph\">{\"@context\":\"https:\/\/schema.org\",\"@graph\":[{\"@type\":\"Article\",\"@id\":\"https:\/\/belux.edmo.eu\/fr\/ces-images-ne-montrent-pas-des-islamistes-qui-envahissent-des-marchs-de-nol-en-europe\/#article\",\"isPartOf\":{\"@id\":\"https:\/\/belux.edmo.eu\/fr\/ces-images-ne-montrent-pas-des-islamistes-qui-envahissent-des-marchs-de-nol-en-europe\/\"},\"author\":{\"name\":\"master\",\"@id\":\"https:\/\/belux.edmo.eu\/#\/schema\/person\/dbe3b252258537fd318f9b5645a30342\"},\"headline\":\"Ces images ne montrent pas des \u00ab\u00a0islamistes\u00a0\u00bb qui \u00ab\u00a0envahissent\u00a0\u00bb des march\u00e9s de No\u00ebl en Europe\",\"datePublished\":\"2025-12-15T11:33:05+00:00\",\"dateModified\":\"2025-12-15T12:33:02+00:00\",\"mainEntityOfPage\":{\"@id\":\"https:\/\/belux.edmo.eu\/fr\/ces-images-ne-montrent-pas-des-islamistes-qui-envahissent-des-marchs-de-nol-en-europe\/\"},\"wordCount\":3187,\"publisher\":{\"@id\":\"https:\/\/belux.edmo.eu\/#organization\"},\"image\":{\"@id\":\"https:\/\/belux.edmo.eu\/fr\/ces-images-ne-montrent-pas-des-islamistes-qui-envahissent-des-marchs-de-nol-en-europe\/#primaryimage\"},\"thumbnailUrl\":\"https:\/\/belux-edmo.s3-accelerate.amazonaws.com\/wp-content\/uploads\/2025\/12\/3bdf1a89d1880a5a56ad430fc7a80996a9ec727a-ipad_resized.jpg\",\"articleSection\":[\"Editor's Choice Slider FR\",\"Fact-Check\",\"Politique\",\"Societe\"],\"inLanguage\":\"fr-FR\"},{\"@type\":\"WebPage\",\"@id\":\"https:\/\/belux.edmo.eu\/fr\/ces-images-ne-montrent-pas-des-islamistes-qui-envahissent-des-marchs-de-nol-en-europe\/\",\"url\":\"https:\/\/belux.edmo.eu\/fr\/ces-images-ne-montrent-pas-des-islamistes-qui-envahissent-des-marchs-de-nol-en-europe\/\",\"name\":\"Ces images ne montrent pas des \\\"islamistes\\\" qui \\\"envahissent\\\" des march\u00e9s de No\u00ebl en Europe - EDMO Belux\",\"isPartOf\":{\"@id\":\"https:\/\/belux.edmo.eu\/#website\"},\"primaryImageOfPage\":{\"@id\":\"https:\/\/belux.edmo.eu\/fr\/ces-images-ne-montrent-pas-des-islamistes-qui-envahissent-des-marchs-de-nol-en-europe\/#primaryimage\"},\"image\":{\"@id\":\"https:\/\/belux.edmo.eu\/fr\/ces-images-ne-montrent-pas-des-islamistes-qui-envahissent-des-marchs-de-nol-en-europe\/#primaryimage\"},\"thumbnailUrl\":\"https:\/\/belux-edmo.s3-accelerate.amazonaws.com\/wp-content\/uploads\/2025\/12\/3bdf1a89d1880a5a56ad430fc7a80996a9ec727a-ipad_resized.jpg\",\"datePublished\":\"2025-12-15T11:33:05+00:00\",\"dateModified\":\"2025-12-15T12:33:02+00:00\",\"breadcrumb\":{\"@id\":\"https:\/\/belux.edmo.eu\/fr\/ces-images-ne-montrent-pas-des-islamistes-qui-envahissent-des-marchs-de-nol-en-europe\/#breadcrumb\"},\"inLanguage\":\"fr-FR\",\"potentialAction\":[{\"@type\":\"ReadAction\",\"target\":[\"https:\/\/belux.edmo.eu\/fr\/ces-images-ne-montrent-pas-des-islamistes-qui-envahissent-des-marchs-de-nol-en-europe\/\"]}]},{\"@type\":\"ImageObject\",\"inLanguage\":\"fr-FR\",\"@id\":\"https:\/\/belux.edmo.eu\/fr\/ces-images-ne-montrent-pas-des-islamistes-qui-envahissent-des-marchs-de-nol-en-europe\/#primaryimage\",\"url\":\"https:\/\/belux-edmo.s3-accelerate.amazonaws.com\/wp-content\/uploads\/2025\/12\/3bdf1a89d1880a5a56ad430fc7a80996a9ec727a-ipad_resized.jpg\",\"contentUrl\":\"https:\/\/belux-edmo.s3-accelerate.amazonaws.com\/wp-content\/uploads\/2025\/12\/3bdf1a89d1880a5a56ad430fc7a80996a9ec727a-ipad_resized.jpg\",\"width\":1080,\"height\":540,\"caption\":\"Ces images ne montrent pas des \\\"islamistes\\\" qui \\\"envahissent\\\" des march\u00e9s de No\u00ebl en Europe - Featured image\"},{\"@type\":\"BreadcrumbList\",\"@id\":\"https:\/\/belux.edmo.eu\/fr\/ces-images-ne-montrent-pas-des-islamistes-qui-envahissent-des-marchs-de-nol-en-europe\/#breadcrumb\",\"itemListElement\":[{\"@type\":\"ListItem\",\"position\":1,\"name\":\"Home\",\"item\":\"https:\/\/belux.edmo.eu\/fr\/\"},{\"@type\":\"ListItem\",\"position\":2,\"name\":\"Ces images ne montrent pas des &#8220;islamistes&#8221; qui &#8220;envahissent&#8221; des march\u00e9s de No\u00ebl en Europe\"}]},{\"@type\":\"WebSite\",\"@id\":\"https:\/\/belux.edmo.eu\/#website\",\"url\":\"https:\/\/belux.edmo.eu\/\",\"name\":\"EDMO Belux\",\"description\":\"Monitoring Disinformation in Belgium and Luxembourg\",\"publisher\":{\"@id\":\"https:\/\/belux.edmo.eu\/#organization\"},\"potentialAction\":[{\"@type\":\"SearchAction\",\"target\":{\"@type\":\"EntryPoint\",\"urlTemplate\":\"https:\/\/belux.edmo.eu\/?s={search_term_string}\"},\"query-input\":{\"@type\":\"PropertyValueSpecification\",\"valueRequired\":true,\"valueName\":\"search_term_string\"}}],\"inLanguage\":\"fr-FR\"},{\"@type\":\"Organization\",\"@id\":\"https:\/\/belux.edmo.eu\/#organization\",\"name\":\"EDMO Belux\",\"url\":\"https:\/\/belux.edmo.eu\/\",\"logo\":{\"@type\":\"ImageObject\",\"inLanguage\":\"fr-FR\",\"@id\":\"https:\/\/belux.edmo.eu\/#\/schema\/logo\/image\/\",\"url\":\"https:\/\/belux.edmo.eu\/wp-content\/uploads\/2021\/12\/belux-logo-full-color-rgb.svg\",\"contentUrl\":\"https:\/\/belux.edmo.eu\/wp-content\/uploads\/2021\/12\/belux-logo-full-color-rgb.svg\",\"width\":1,\"height\":1,\"caption\":\"EDMO Belux\"},\"image\":{\"@id\":\"https:\/\/belux.edmo.eu\/#\/schema\/logo\/image\/\"},\"sameAs\":[\"https:\/\/x.com\/Edmo_Belux\"]},{\"@type\":\"Person\",\"@id\":\"https:\/\/belux.edmo.eu\/#\/schema\/person\/dbe3b252258537fd318f9b5645a30342\",\"name\":\"master\",\"sameAs\":[\"https:\/\/belux.wpengine.com\"],\"url\":\"https:\/\/belux.edmo.eu\/fr\/author\/master\/\"}]}<\/script>\n<!-- \/ Yoast SEO plugin. -->","yoast_head_json":{"title":"Ces images ne montrent pas des \"islamistes\" qui \"envahissent\" des march\u00e9s de No\u00ebl en Europe - EDMO Belux","robots":{"index":"index","follow":"follow","max-snippet":"max-snippet:-1","max-image-preview":"max-image-preview:large","max-video-preview":"max-video-preview:-1"},"canonical":"https:\/\/belux.edmo.eu\/fr\/ces-images-ne-montrent-pas-des-islamistes-qui-envahissent-des-marchs-de-nol-en-europe\/","og_locale":"fr_FR","og_type":"article","og_title":"Ces images ne montrent pas des \"islamistes\" qui \"envahissent\" des march\u00e9s de No\u00ebl en Europe - EDMO Belux","og_description":"Les march\u00e9s de No\u00ebl et les cr\u00e8ches de la Nativit\u00e9 en France sont r\u00e9guli\u00e8rement au centre de pol\u00e9miques sur la la\u00efcit\u00e9. Des internautes profitent de ces tensions pour diffuser des infox en ligne, souvent aux relents islamophobes. Des publications pr\u00e9tendent ainsi que des march\u00e9s de No\u00ebl seraient \"envahis par des islamistes\"\u00a0qui voudraient s'en prendre \"\u00e0 la France\" et aux \"traditions chr\u00e9tiennes\". A l'appui de ces affirmations, des vid\u00e9os de manifestations ou de personnes d\u00e9gradant des d\u00e9corations de No\u00ebl. Mais attention : ces vid\u00e9os sont sorties de leur contexte et ne montrent pas des \"islamistes\" s'en prendre \u00e0 des symboles chr\u00e9tiens.\u00a0","og_url":"https:\/\/belux.edmo.eu\/fr\/ces-images-ne-montrent-pas-des-islamistes-qui-envahissent-des-marchs-de-nol-en-europe\/","og_site_name":"EDMO Belux","article_published_time":"2025-12-15T11:33:05+00:00","article_modified_time":"2025-12-15T12:33:02+00:00","og_image":[{"width":1080,"height":540,"url":"https:\/\/belux-edmo.s3-accelerate.amazonaws.com\/wp-content\/uploads\/2025\/12\/3bdf1a89d1880a5a56ad430fc7a80996a9ec727a-ipad_resized.jpg","type":"image\/jpeg"}],"author":"master","twitter_card":"summary_large_image","twitter_creator":"@Edmo_Belux","twitter_site":"@Edmo_Belux","twitter_misc":{"\u00c9crit par":"master","Dur\u00e9e de lecture estim\u00e9e":"15 minutes"},"schema":{"@context":"https:\/\/schema.org","@graph":[{"@type":"Article","@id":"https:\/\/belux.edmo.eu\/fr\/ces-images-ne-montrent-pas-des-islamistes-qui-envahissent-des-marchs-de-nol-en-europe\/#article","isPartOf":{"@id":"https:\/\/belux.edmo.eu\/fr\/ces-images-ne-montrent-pas-des-islamistes-qui-envahissent-des-marchs-de-nol-en-europe\/"},"author":{"name":"master","@id":"https:\/\/belux.edmo.eu\/#\/schema\/person\/dbe3b252258537fd318f9b5645a30342"},"headline":"Ces images ne montrent pas des \u00ab\u00a0islamistes\u00a0\u00bb qui \u00ab\u00a0envahissent\u00a0\u00bb des march\u00e9s de No\u00ebl en Europe","datePublished":"2025-12-15T11:33:05+00:00","dateModified":"2025-12-15T12:33:02+00:00","mainEntityOfPage":{"@id":"https:\/\/belux.edmo.eu\/fr\/ces-images-ne-montrent-pas-des-islamistes-qui-envahissent-des-marchs-de-nol-en-europe\/"},"wordCount":3187,"publisher":{"@id":"https:\/\/belux.edmo.eu\/#organization"},"image":{"@id":"https:\/\/belux.edmo.eu\/fr\/ces-images-ne-montrent-pas-des-islamistes-qui-envahissent-des-marchs-de-nol-en-europe\/#primaryimage"},"thumbnailUrl":"https:\/\/belux-edmo.s3-accelerate.amazonaws.com\/wp-content\/uploads\/2025\/12\/3bdf1a89d1880a5a56ad430fc7a80996a9ec727a-ipad_resized.jpg","articleSection":["Editor's Choice Slider FR","Fact-Check","Politique","Societe"],"inLanguage":"fr-FR"},{"@type":"WebPage","@id":"https:\/\/belux.edmo.eu\/fr\/ces-images-ne-montrent-pas-des-islamistes-qui-envahissent-des-marchs-de-nol-en-europe\/","url":"https:\/\/belux.edmo.eu\/fr\/ces-images-ne-montrent-pas-des-islamistes-qui-envahissent-des-marchs-de-nol-en-europe\/","name":"Ces images ne montrent pas des \"islamistes\" qui \"envahissent\" des march\u00e9s de No\u00ebl en Europe - EDMO Belux","isPartOf":{"@id":"https:\/\/belux.edmo.eu\/#website"},"primaryImageOfPage":{"@id":"https:\/\/belux.edmo.eu\/fr\/ces-images-ne-montrent-pas-des-islamistes-qui-envahissent-des-marchs-de-nol-en-europe\/#primaryimage"},"image":{"@id":"https:\/\/belux.edmo.eu\/fr\/ces-images-ne-montrent-pas-des-islamistes-qui-envahissent-des-marchs-de-nol-en-europe\/#primaryimage"},"thumbnailUrl":"https:\/\/belux-edmo.s3-accelerate.amazonaws.com\/wp-content\/uploads\/2025\/12\/3bdf1a89d1880a5a56ad430fc7a80996a9ec727a-ipad_resized.jpg","datePublished":"2025-12-15T11:33:05+00:00","dateModified":"2025-12-15T12:33:02+00:00","breadcrumb":{"@id":"https:\/\/belux.edmo.eu\/fr\/ces-images-ne-montrent-pas-des-islamistes-qui-envahissent-des-marchs-de-nol-en-europe\/#breadcrumb"},"inLanguage":"fr-FR","potentialAction":[{"@type":"ReadAction","target":["https:\/\/belux.edmo.eu\/fr\/ces-images-ne-montrent-pas-des-islamistes-qui-envahissent-des-marchs-de-nol-en-europe\/"]}]},{"@type":"ImageObject","inLanguage":"fr-FR","@id":"https:\/\/belux.edmo.eu\/fr\/ces-images-ne-montrent-pas-des-islamistes-qui-envahissent-des-marchs-de-nol-en-europe\/#primaryimage","url":"https:\/\/belux-edmo.s3-accelerate.amazonaws.com\/wp-content\/uploads\/2025\/12\/3bdf1a89d1880a5a56ad430fc7a80996a9ec727a-ipad_resized.jpg","contentUrl":"https:\/\/belux-edmo.s3-accelerate.amazonaws.com\/wp-content\/uploads\/2025\/12\/3bdf1a89d1880a5a56ad430fc7a80996a9ec727a-ipad_resized.jpg","width":1080,"height":540,"caption":"Ces images ne montrent pas des \"islamistes\" qui \"envahissent\" des march\u00e9s de No\u00ebl en Europe - Featured image"},{"@type":"BreadcrumbList","@id":"https:\/\/belux.edmo.eu\/fr\/ces-images-ne-montrent-pas-des-islamistes-qui-envahissent-des-marchs-de-nol-en-europe\/#breadcrumb","itemListElement":[{"@type":"ListItem","position":1,"name":"Home","item":"https:\/\/belux.edmo.eu\/fr\/"},{"@type":"ListItem","position":2,"name":"Ces images ne montrent pas des &#8220;islamistes&#8221; qui &#8220;envahissent&#8221; des march\u00e9s de No\u00ebl en Europe"}]},{"@type":"WebSite","@id":"https:\/\/belux.edmo.eu\/#website","url":"https:\/\/belux.edmo.eu\/","name":"EDMO Belux","description":"Monitoring Disinformation in Belgium and Luxembourg","publisher":{"@id":"https:\/\/belux.edmo.eu\/#organization"},"potentialAction":[{"@type":"SearchAction","target":{"@type":"EntryPoint","urlTemplate":"https:\/\/belux.edmo.eu\/?s={search_term_string}"},"query-input":{"@type":"PropertyValueSpecification","valueRequired":true,"valueName":"search_term_string"}}],"inLanguage":"fr-FR"},{"@type":"Organization","@id":"https:\/\/belux.edmo.eu\/#organization","name":"EDMO Belux","url":"https:\/\/belux.edmo.eu\/","logo":{"@type":"ImageObject","inLanguage":"fr-FR","@id":"https:\/\/belux.edmo.eu\/#\/schema\/logo\/image\/","url":"https:\/\/belux.edmo.eu\/wp-content\/uploads\/2021\/12\/belux-logo-full-color-rgb.svg","contentUrl":"https:\/\/belux.edmo.eu\/wp-content\/uploads\/2021\/12\/belux-logo-full-color-rgb.svg","width":1,"height":1,"caption":"EDMO Belux"},"image":{"@id":"https:\/\/belux.edmo.eu\/#\/schema\/logo\/image\/"},"sameAs":["https:\/\/x.com\/Edmo_Belux"]},{"@type":"Person","@id":"https:\/\/belux.edmo.eu\/#\/schema\/person\/dbe3b252258537fd318f9b5645a30342","name":"master","sameAs":["https:\/\/belux.wpengine.com"],"url":"https:\/\/belux.edmo.eu\/fr\/author\/master\/"}]}},"menu_order":0,"_links":{"self":[{"href":"https:\/\/belux.edmo.eu\/fr\/wp-json\/wp\/v2\/posts\/442939","targetHints":{"allow":["GET"]}}],"collection":[{"href":"https:\/\/belux.edmo.eu\/fr\/wp-json\/wp\/v2\/posts"}],"about":[{"href":"https:\/\/belux.edmo.eu\/fr\/wp-json\/wp\/v2\/types\/post"}],"author":[{"embeddable":true,"href":"https:\/\/belux.edmo.eu\/fr\/wp-json\/wp\/v2\/users\/1"}],"replies":[{"embeddable":true,"href":"https:\/\/belux.edmo.eu\/fr\/wp-json\/wp\/v2\/comments?post=442939"}],"version-history":[{"count":0,"href":"https:\/\/belux.edmo.eu\/fr\/wp-json\/wp\/v2\/posts\/442939\/revisions"}],"wp:featuredmedia":[{"embeddable":true,"href":"https:\/\/belux.edmo.eu\/fr\/wp-json\/wp\/v2\/media\/442884"}],"wp:attachment":[{"href":"https:\/\/belux.edmo.eu\/fr\/wp-json\/wp\/v2\/media?parent=442939"}],"wp:term":[{"taxonomy":"category","embeddable":true,"href":"https:\/\/belux.edmo.eu\/fr\/wp-json\/wp\/v2\/categories?post=442939"},{"taxonomy":"post_tag","embeddable":true,"href":"https:\/\/belux.edmo.eu\/fr\/wp-json\/wp\/v2\/tags?post=442939"}],"curies":[{"name":"wp","href":"https:\/\/api.w.org\/{rel}","templated":true}]}}