{"id":446761,"date":"2025-12-18T16:45:47","date_gmt":"2025-12-18T16:45:47","guid":{"rendered":"https:\/\/belux.edmo.eu\/?p=446761"},"modified":"2025-12-22T08:53:28","modified_gmt":"2025-12-22T08:53:28","slug":"cette-fausse-vido-dun-agriculteur-au-micro-de-la-rtbf-a-t-gnre-par-intelligence-artificielle","status":"publish","type":"post","link":"https:\/\/belux.edmo.eu\/fr\/cette-fausse-vido-dun-agriculteur-au-micro-de-la-rtbf-a-t-gnre-par-intelligence-artificielle\/","title":{"rendered":"Cette fausse vid\u00e9o d\u2019un agriculteur au micro de la RTBF a \u00e9t\u00e9 g\u00e9n\u00e9r\u00e9e par intelligence artificielle"},"content":{"rendered":"<article>\n<p style=\"word-wrap: break-word;\"><strong>Une vid\u00e9o g\u00e9n\u00e9r\u00e9e par intelligence artificielle mettant soi-disant en sc\u00e8ne une journaliste de la RTBF et un agriculteur est devenue virale sur les r\u00e9seaux sociaux ce 18\u00a0d\u00e9cembre 2025. Mais attention\u00a0: elle a \u00e9t\u00e9 g\u00e9n\u00e9r\u00e9e par intelligence artificielle. Les faits qui y sont \u00e9voqu\u00e9s ne se sont jamais produits.<\/strong><\/p>\n<p style=\"word-wrap: break-word;\"><a href=\"https:\/\/www.rtbf.be\/article\/une-video-truquee-virale-montre-emmanuel-macron-renverse-par-un-colonel-fictif-le-president-francais-demande-a-facebook-son-retrait-en-vain-11649803\">Apr\u00e8s une vid\u00e9o virale g\u00e9n\u00e9r\u00e9e par intelligence artificielle en France<\/a>, c\u2019est au tour de la Belgique d\u2019\u00eatre concern\u00e9e par ce ph\u00e9nom\u00e8ne. <a href=\"https:\/\/archive.ph\/upp2G\">Un post publi\u00e9 sur TikTok ce jeudi 18 d\u00e9cembre<\/a>\u00a0montre en effet une journaliste en discussion avec un agriculteur. Ce dernier sanglote\u00a0: \u00ab\u00a0On a perdu deux copains, abattus comme des chiens. Ils voulaient juste garder la route ferm\u00e9e, montrer qu\u2019on existe encore\u00a0\u00bb.\u00a0Sur le micro, on voit le logo de la RTBF.<\/p>\n<p style=\"word-wrap: break-word;\">La sc\u00e8ne \u00e9voque <a href=\"https:\/\/www.rtbf.be\/article\/direct-grogne-des-agriculteurs-les-tracteurs-de-retour-a-bruxelles-le-quartier-europeen-transforme-en-parking-geant-11650464\">la manifestation des agriculteurs qui s\u2019est tenue ce jeudi 18\u00a0d\u00e9cembre \u00e0 Bruxelles<\/a>. Sauf que tout est faux. Ces images ont \u00e9t\u00e9 g\u00e9n\u00e9r\u00e9es par intelligence artificielle. Aucune de nos \u00e9quipes n\u2019a recueilli pareil t\u00e9moignage et les faits \u00e9voqu\u00e9s par le personnage \u00e0 droite de l\u2019image ne se sont jamais produits.\u00a0Malgr\u00e9 tout, la vid\u00e9o approchait des 200.000 vues en fin de journ\u00e9e ce jeudi.<\/p>\n<p style=\"word-wrap: break-word;\">Le cr\u00e9ateur de la vid\u00e9o est inscrit sur TikTok avec le pseudo \u00ab\u00a0scrollmoviee\u00a0\u00bb. \u00ab\u00a0Je scrolle, je clippe, je poste. Vid\u00e9o en vrac cerveau en pause, plaisir maximum\u00a0\u00bb, peut-on lire dans la description de son compte. En l\u00e9gende de sa vid\u00e9o, on peut lire que \u00ab\u00a0le cr\u00e9ateur a indiqu\u00e9 que ce contenu \u00e9tait g\u00e9n\u00e9r\u00e9 par IA\u00a0\u00bb.<\/p>\n<div>\n<div><img style=\"width: 100%; height: auto;\" src=\"https:\/\/belux-edmo.s3-accelerate.amazonaws.com\/wp-content\/uploads\/2025\/12\/ea4409c82d72b8f2a378b707a41bde0e_resized.jpg\" \/><\/div>\n<p style=\"word-wrap: break-word;\"><em>\u00a9 Capture d\u2019\u00e9cran TikTok<\/em><\/p>\n<\/div>\n<p style=\"word-wrap: break-word;\">Sans cet avertissement il \u00e9tait d\u00e9j\u00e0 possible de rep\u00e9rer le fake en se basant sur plusieurs indices\u00a0:<\/p>\n<ul>\n<li>Le logo de la RTBF n\u2019est pas le bon. Les micros du m\u00e9dia de service public ne sont pas accompagn\u00e9s de ce qui ressemble \u00e0 quatre carr\u00e9s blancs. La RTBF utilise d&rsquo;ailleurs en g\u00e9n\u00e9ral des bonnettes rondes plut\u00f4t que le mod\u00e8le ovale mis en sc\u00e8ne ici ;<\/li>\n<li>La vid\u00e9o fait exactement 15 secondes, soit la dur\u00e9e maximum des vid\u00e9os que l\u2019on peut g\u00e9n\u00e9rer avec une intelligence artificielle telle que [Sora 2 mise au point par la soci\u00e9t\u00e9 am\u00e9ricaine Open AI](https:\/\/www.rtbf.be\/article\/on-a-teste-sora-2-l-ia-qui-vous-clone-dans-toutes-les-situations-quand-les-deepfakes-sont-au-coeur-d-un-reseau-social-11617123) ;<\/li>\n<li>Les lettres sur la banderole en arri\u00e8re-plan sont mal form\u00e9es et changent d\u2019une milliseconde \u00e0 l\u2019autre. Un indice suppl\u00e9mentaire que cette vid\u00e9o a \u00e9t\u00e9 g\u00e9n\u00e9r\u00e9e \u00e0 l\u2019aide d\u2019une intelligence artificielle.<\/li>\n<li>Le grain de l\u2019image l\u00e9g\u00e8rement flou est typique des vid\u00e9os cr\u00e9\u00e9es par des outils comme Sora 2 ;<\/li>\n<\/ul>\n<p style=\"word-wrap: break-word;\">Le compte TikTok scrollmoviee a partag\u00e9 ces derni\u00e8res semaines d\u2019autres vid\u00e9os utilisant le logo du groupe de presse belge francophone Sudinfo ou des cha\u00eenes fran\u00e7aises BFM TV et RTL. Toutes ces autres vid\u00e9os ont elles aussi \u00e9t\u00e9 g\u00e9n\u00e9r\u00e9es par intelligence artificielle.<\/p>\n<div>\n<div><img style=\"width: 100%; height: auto;\" src=\"https:\/\/belux-edmo.s3-accelerate.amazonaws.com\/wp-content\/uploads\/2025\/12\/361cfb428ee179f4068a12b51e3836de_resized.jpg\" \/><\/div>\n<p style=\"word-wrap: break-word;\"><em>\u00a9 Capture d\u2019\u00e9cran TikTok<\/em><\/p>\n<\/div>\n<\/article>\n","protected":false},"excerpt":{"rendered":"<p>Une vid\u00e9o g\u00e9n\u00e9r\u00e9e par intelligence artificielle mettant soi-disant en sc\u00e8ne une journaliste de la RTBF et un agriculteur est devenue&#8230;<\/p>\n","protected":false},"author":1,"featured_media":446746,"comment_status":"closed","ping_status":"closed","sticky":false,"template":"","format":"standard","meta":{"_acf_changed":false,"footnotes":""},"categories":[171,125,116,132,389,423],"tags":[],"class_list":{"0":"post-446761","1":"post","2":"type-post","3":"status-publish","4":"format-standard","5":"has-post-thumbnail","7":"category-economie","8":"category-fact-check-fr","9":"category-non-classifiee","10":"category-politique","11":"category-technologie-fact-check-fr-2","12":"category-eu-fr"},"acf":{"show_metatags":true,"id":"https:\/\/www.rtbf.be\/article\/cette-fausse-video-d-un-agriculteur-au-micro-de-la-rtbf-a-ete-generee-par-intelligence-artificielle-11650738","authors":"Par Ambroise Carton ","organization":"RTBF","featured_image_copyright":"","text_copyright":"            Copyright: (C)RTBF Radio, Television Belge Francophone, plus d'infos: https:\/\/www.rtbf.be\/cgu\/        ","source":"https:\/\/www.rtbf.be\/article\/cette-fausse-video-d-un-agriculteur-au-micro-de-la-rtbf-a-ete-generee-par-intelligence-artificielle-11650738","fact_checker":"https:\/\/belux.wpengine.com\/wp-content\/uploads\/2022\/01\/rtbf-logo.jpg","share_this_post_to_edmo_website":false,"affiliation":"BELUX","type":"\u00c9v\u00e9nement ferm\u00e9","location":"","start_date":"","start_date_event_begins_at":"","start_date_event_ends_at":"","end_date":"","end_date_event_begins_at":"","end_date_event_ends_at":"","organizer":"","fact_checker_logo_image":false},"yoast_head":"<!-- This site is optimized with the Yoast SEO plugin v27.0 - https:\/\/yoast.com\/product\/yoast-seo-wordpress\/ -->\n<title>Cette fausse vid\u00e9o d\u2019un agriculteur au micro de la RTBF a \u00e9t\u00e9 g\u00e9n\u00e9r\u00e9e par intelligence artificielle - EDMO Belux<\/title>\n<meta name=\"robots\" content=\"index, follow, max-snippet:-1, max-image-preview:large, max-video-preview:-1\" \/>\n<link rel=\"canonical\" href=\"https:\/\/belux.edmo.eu\/fr\/cette-fausse-vido-dun-agriculteur-au-micro-de-la-rtbf-a-t-gnre-par-intelligence-artificielle\/\" \/>\n<meta property=\"og:locale\" content=\"fr_FR\" \/>\n<meta property=\"og:type\" content=\"article\" \/>\n<meta property=\"og:title\" content=\"Cette fausse vid\u00e9o d\u2019un agriculteur au micro de la RTBF a \u00e9t\u00e9 g\u00e9n\u00e9r\u00e9e par intelligence artificielle - EDMO Belux\" \/>\n<meta property=\"og:description\" content=\"Une vid\u00e9o g\u00e9n\u00e9r\u00e9e par intelligence artificielle mettant soi-disant en sc\u00e8ne une journaliste de la RTBF et un agriculteur est devenue...\" \/>\n<meta property=\"og:url\" content=\"https:\/\/belux.edmo.eu\/fr\/cette-fausse-vido-dun-agriculteur-au-micro-de-la-rtbf-a-t-gnre-par-intelligence-artificielle\/\" \/>\n<meta property=\"og:site_name\" content=\"EDMO Belux\" \/>\n<meta property=\"article:published_time\" content=\"2025-12-18T16:45:47+00:00\" \/>\n<meta property=\"article:modified_time\" content=\"2025-12-22T08:53:28+00:00\" \/>\n<meta property=\"og:image\" content=\"https:\/\/belux-edmo.s3-accelerate.amazonaws.com\/wp-content\/uploads\/2025\/12\/39f9b360ab2cdd40fb4a3ba1623381ba_resized.jpg\" \/>\n\t<meta property=\"og:image:width\" content=\"1080\" \/>\n\t<meta property=\"og:image:height\" content=\"608\" \/>\n\t<meta property=\"og:image:type\" content=\"image\/jpeg\" \/>\n<meta name=\"author\" content=\"master\" \/>\n<meta name=\"twitter:card\" content=\"summary_large_image\" \/>\n<meta name=\"twitter:creator\" content=\"@Edmo_Belux\" \/>\n<meta name=\"twitter:site\" content=\"@Edmo_Belux\" \/>\n<meta name=\"twitter:label1\" content=\"\u00c9crit par\" \/>\n\t<meta name=\"twitter:data1\" content=\"master\" \/>\n\t<meta name=\"twitter:label2\" content=\"Dur\u00e9e de lecture estim\u00e9e\" \/>\n\t<meta name=\"twitter:data2\" content=\"3 minutes\" \/>\n<script type=\"application\/ld+json\" class=\"yoast-schema-graph\">{\"@context\":\"https:\/\/schema.org\",\"@graph\":[{\"@type\":\"Article\",\"@id\":\"https:\/\/belux.edmo.eu\/fr\/cette-fausse-vido-dun-agriculteur-au-micro-de-la-rtbf-a-t-gnre-par-intelligence-artificielle\/#article\",\"isPartOf\":{\"@id\":\"https:\/\/belux.edmo.eu\/fr\/cette-fausse-vido-dun-agriculteur-au-micro-de-la-rtbf-a-t-gnre-par-intelligence-artificielle\/\"},\"author\":{\"name\":\"master\",\"@id\":\"https:\/\/belux.edmo.eu\/#\/schema\/person\/dbe3b252258537fd318f9b5645a30342\"},\"headline\":\"Cette fausse vid\u00e9o d\u2019un agriculteur au micro de la RTBF a \u00e9t\u00e9 g\u00e9n\u00e9r\u00e9e par intelligence artificielle\",\"datePublished\":\"2025-12-18T16:45:47+00:00\",\"dateModified\":\"2025-12-22T08:53:28+00:00\",\"mainEntityOfPage\":{\"@id\":\"https:\/\/belux.edmo.eu\/fr\/cette-fausse-vido-dun-agriculteur-au-micro-de-la-rtbf-a-t-gnre-par-intelligence-artificielle\/\"},\"wordCount\":540,\"publisher\":{\"@id\":\"https:\/\/belux.edmo.eu\/#organization\"},\"image\":{\"@id\":\"https:\/\/belux.edmo.eu\/fr\/cette-fausse-vido-dun-agriculteur-au-micro-de-la-rtbf-a-t-gnre-par-intelligence-artificielle\/#primaryimage\"},\"thumbnailUrl\":\"https:\/\/belux-edmo.s3-accelerate.amazonaws.com\/wp-content\/uploads\/2025\/12\/39f9b360ab2cdd40fb4a3ba1623381ba_resized.jpg\",\"articleSection\":[\"Economie\",\"Fact-Check\",\"Non classifi\u00e9(e)\",\"Politique\",\"Technologie\",\"UE\"],\"inLanguage\":\"fr-FR\"},{\"@type\":\"WebPage\",\"@id\":\"https:\/\/belux.edmo.eu\/fr\/cette-fausse-vido-dun-agriculteur-au-micro-de-la-rtbf-a-t-gnre-par-intelligence-artificielle\/\",\"url\":\"https:\/\/belux.edmo.eu\/fr\/cette-fausse-vido-dun-agriculteur-au-micro-de-la-rtbf-a-t-gnre-par-intelligence-artificielle\/\",\"name\":\"Cette fausse vid\u00e9o d\u2019un agriculteur au micro de la RTBF a \u00e9t\u00e9 g\u00e9n\u00e9r\u00e9e par intelligence artificielle - EDMO Belux\",\"isPartOf\":{\"@id\":\"https:\/\/belux.edmo.eu\/#website\"},\"primaryImageOfPage\":{\"@id\":\"https:\/\/belux.edmo.eu\/fr\/cette-fausse-vido-dun-agriculteur-au-micro-de-la-rtbf-a-t-gnre-par-intelligence-artificielle\/#primaryimage\"},\"image\":{\"@id\":\"https:\/\/belux.edmo.eu\/fr\/cette-fausse-vido-dun-agriculteur-au-micro-de-la-rtbf-a-t-gnre-par-intelligence-artificielle\/#primaryimage\"},\"thumbnailUrl\":\"https:\/\/belux-edmo.s3-accelerate.amazonaws.com\/wp-content\/uploads\/2025\/12\/39f9b360ab2cdd40fb4a3ba1623381ba_resized.jpg\",\"datePublished\":\"2025-12-18T16:45:47+00:00\",\"dateModified\":\"2025-12-22T08:53:28+00:00\",\"breadcrumb\":{\"@id\":\"https:\/\/belux.edmo.eu\/fr\/cette-fausse-vido-dun-agriculteur-au-micro-de-la-rtbf-a-t-gnre-par-intelligence-artificielle\/#breadcrumb\"},\"inLanguage\":\"fr-FR\",\"potentialAction\":[{\"@type\":\"ReadAction\",\"target\":[\"https:\/\/belux.edmo.eu\/fr\/cette-fausse-vido-dun-agriculteur-au-micro-de-la-rtbf-a-t-gnre-par-intelligence-artificielle\/\"]}]},{\"@type\":\"ImageObject\",\"inLanguage\":\"fr-FR\",\"@id\":\"https:\/\/belux.edmo.eu\/fr\/cette-fausse-vido-dun-agriculteur-au-micro-de-la-rtbf-a-t-gnre-par-intelligence-artificielle\/#primaryimage\",\"url\":\"https:\/\/belux-edmo.s3-accelerate.amazonaws.com\/wp-content\/uploads\/2025\/12\/39f9b360ab2cdd40fb4a3ba1623381ba_resized.jpg\",\"contentUrl\":\"https:\/\/belux-edmo.s3-accelerate.amazonaws.com\/wp-content\/uploads\/2025\/12\/39f9b360ab2cdd40fb4a3ba1623381ba_resized.jpg\",\"width\":1080,\"height\":608,\"caption\":\"Cette fausse vid\u00e9o d\u2019un agriculteur au micro de la RTBF a \u00e9t\u00e9 g\u00e9n\u00e9r\u00e9e par intelligence artificielle - Featured image\"},{\"@type\":\"BreadcrumbList\",\"@id\":\"https:\/\/belux.edmo.eu\/fr\/cette-fausse-vido-dun-agriculteur-au-micro-de-la-rtbf-a-t-gnre-par-intelligence-artificielle\/#breadcrumb\",\"itemListElement\":[{\"@type\":\"ListItem\",\"position\":1,\"name\":\"Home\",\"item\":\"https:\/\/belux.edmo.eu\/fr\/\"},{\"@type\":\"ListItem\",\"position\":2,\"name\":\"Cette fausse vid\u00e9o d\u2019un agriculteur au micro de la RTBF a \u00e9t\u00e9 g\u00e9n\u00e9r\u00e9e par intelligence artificielle\"}]},{\"@type\":\"WebSite\",\"@id\":\"https:\/\/belux.edmo.eu\/#website\",\"url\":\"https:\/\/belux.edmo.eu\/\",\"name\":\"EDMO Belux\",\"description\":\"Monitoring Disinformation in Belgium and Luxembourg\",\"publisher\":{\"@id\":\"https:\/\/belux.edmo.eu\/#organization\"},\"potentialAction\":[{\"@type\":\"SearchAction\",\"target\":{\"@type\":\"EntryPoint\",\"urlTemplate\":\"https:\/\/belux.edmo.eu\/?s={search_term_string}\"},\"query-input\":{\"@type\":\"PropertyValueSpecification\",\"valueRequired\":true,\"valueName\":\"search_term_string\"}}],\"inLanguage\":\"fr-FR\"},{\"@type\":\"Organization\",\"@id\":\"https:\/\/belux.edmo.eu\/#organization\",\"name\":\"EDMO Belux\",\"url\":\"https:\/\/belux.edmo.eu\/\",\"logo\":{\"@type\":\"ImageObject\",\"inLanguage\":\"fr-FR\",\"@id\":\"https:\/\/belux.edmo.eu\/#\/schema\/logo\/image\/\",\"url\":\"https:\/\/belux.edmo.eu\/wp-content\/uploads\/2021\/12\/belux-logo-full-color-rgb.svg\",\"contentUrl\":\"https:\/\/belux.edmo.eu\/wp-content\/uploads\/2021\/12\/belux-logo-full-color-rgb.svg\",\"width\":1,\"height\":1,\"caption\":\"EDMO Belux\"},\"image\":{\"@id\":\"https:\/\/belux.edmo.eu\/#\/schema\/logo\/image\/\"},\"sameAs\":[\"https:\/\/x.com\/Edmo_Belux\"]},{\"@type\":\"Person\",\"@id\":\"https:\/\/belux.edmo.eu\/#\/schema\/person\/dbe3b252258537fd318f9b5645a30342\",\"name\":\"master\",\"sameAs\":[\"https:\/\/belux.wpengine.com\"],\"url\":\"https:\/\/belux.edmo.eu\/fr\/author\/master\/\"}]}<\/script>\n<!-- \/ Yoast SEO plugin. -->","yoast_head_json":{"title":"Cette fausse vid\u00e9o d\u2019un agriculteur au micro de la RTBF a \u00e9t\u00e9 g\u00e9n\u00e9r\u00e9e par intelligence artificielle - EDMO Belux","robots":{"index":"index","follow":"follow","max-snippet":"max-snippet:-1","max-image-preview":"max-image-preview:large","max-video-preview":"max-video-preview:-1"},"canonical":"https:\/\/belux.edmo.eu\/fr\/cette-fausse-vido-dun-agriculteur-au-micro-de-la-rtbf-a-t-gnre-par-intelligence-artificielle\/","og_locale":"fr_FR","og_type":"article","og_title":"Cette fausse vid\u00e9o d\u2019un agriculteur au micro de la RTBF a \u00e9t\u00e9 g\u00e9n\u00e9r\u00e9e par intelligence artificielle - EDMO Belux","og_description":"Une vid\u00e9o g\u00e9n\u00e9r\u00e9e par intelligence artificielle mettant soi-disant en sc\u00e8ne une journaliste de la RTBF et un agriculteur est devenue...","og_url":"https:\/\/belux.edmo.eu\/fr\/cette-fausse-vido-dun-agriculteur-au-micro-de-la-rtbf-a-t-gnre-par-intelligence-artificielle\/","og_site_name":"EDMO Belux","article_published_time":"2025-12-18T16:45:47+00:00","article_modified_time":"2025-12-22T08:53:28+00:00","og_image":[{"width":1080,"height":608,"url":"https:\/\/belux-edmo.s3-accelerate.amazonaws.com\/wp-content\/uploads\/2025\/12\/39f9b360ab2cdd40fb4a3ba1623381ba_resized.jpg","type":"image\/jpeg"}],"author":"master","twitter_card":"summary_large_image","twitter_creator":"@Edmo_Belux","twitter_site":"@Edmo_Belux","twitter_misc":{"\u00c9crit par":"master","Dur\u00e9e de lecture estim\u00e9e":"3 minutes"},"schema":{"@context":"https:\/\/schema.org","@graph":[{"@type":"Article","@id":"https:\/\/belux.edmo.eu\/fr\/cette-fausse-vido-dun-agriculteur-au-micro-de-la-rtbf-a-t-gnre-par-intelligence-artificielle\/#article","isPartOf":{"@id":"https:\/\/belux.edmo.eu\/fr\/cette-fausse-vido-dun-agriculteur-au-micro-de-la-rtbf-a-t-gnre-par-intelligence-artificielle\/"},"author":{"name":"master","@id":"https:\/\/belux.edmo.eu\/#\/schema\/person\/dbe3b252258537fd318f9b5645a30342"},"headline":"Cette fausse vid\u00e9o d\u2019un agriculteur au micro de la RTBF a \u00e9t\u00e9 g\u00e9n\u00e9r\u00e9e par intelligence artificielle","datePublished":"2025-12-18T16:45:47+00:00","dateModified":"2025-12-22T08:53:28+00:00","mainEntityOfPage":{"@id":"https:\/\/belux.edmo.eu\/fr\/cette-fausse-vido-dun-agriculteur-au-micro-de-la-rtbf-a-t-gnre-par-intelligence-artificielle\/"},"wordCount":540,"publisher":{"@id":"https:\/\/belux.edmo.eu\/#organization"},"image":{"@id":"https:\/\/belux.edmo.eu\/fr\/cette-fausse-vido-dun-agriculteur-au-micro-de-la-rtbf-a-t-gnre-par-intelligence-artificielle\/#primaryimage"},"thumbnailUrl":"https:\/\/belux-edmo.s3-accelerate.amazonaws.com\/wp-content\/uploads\/2025\/12\/39f9b360ab2cdd40fb4a3ba1623381ba_resized.jpg","articleSection":["Economie","Fact-Check","Non classifi\u00e9(e)","Politique","Technologie","UE"],"inLanguage":"fr-FR"},{"@type":"WebPage","@id":"https:\/\/belux.edmo.eu\/fr\/cette-fausse-vido-dun-agriculteur-au-micro-de-la-rtbf-a-t-gnre-par-intelligence-artificielle\/","url":"https:\/\/belux.edmo.eu\/fr\/cette-fausse-vido-dun-agriculteur-au-micro-de-la-rtbf-a-t-gnre-par-intelligence-artificielle\/","name":"Cette fausse vid\u00e9o d\u2019un agriculteur au micro de la RTBF a \u00e9t\u00e9 g\u00e9n\u00e9r\u00e9e par intelligence artificielle - EDMO Belux","isPartOf":{"@id":"https:\/\/belux.edmo.eu\/#website"},"primaryImageOfPage":{"@id":"https:\/\/belux.edmo.eu\/fr\/cette-fausse-vido-dun-agriculteur-au-micro-de-la-rtbf-a-t-gnre-par-intelligence-artificielle\/#primaryimage"},"image":{"@id":"https:\/\/belux.edmo.eu\/fr\/cette-fausse-vido-dun-agriculteur-au-micro-de-la-rtbf-a-t-gnre-par-intelligence-artificielle\/#primaryimage"},"thumbnailUrl":"https:\/\/belux-edmo.s3-accelerate.amazonaws.com\/wp-content\/uploads\/2025\/12\/39f9b360ab2cdd40fb4a3ba1623381ba_resized.jpg","datePublished":"2025-12-18T16:45:47+00:00","dateModified":"2025-12-22T08:53:28+00:00","breadcrumb":{"@id":"https:\/\/belux.edmo.eu\/fr\/cette-fausse-vido-dun-agriculteur-au-micro-de-la-rtbf-a-t-gnre-par-intelligence-artificielle\/#breadcrumb"},"inLanguage":"fr-FR","potentialAction":[{"@type":"ReadAction","target":["https:\/\/belux.edmo.eu\/fr\/cette-fausse-vido-dun-agriculteur-au-micro-de-la-rtbf-a-t-gnre-par-intelligence-artificielle\/"]}]},{"@type":"ImageObject","inLanguage":"fr-FR","@id":"https:\/\/belux.edmo.eu\/fr\/cette-fausse-vido-dun-agriculteur-au-micro-de-la-rtbf-a-t-gnre-par-intelligence-artificielle\/#primaryimage","url":"https:\/\/belux-edmo.s3-accelerate.amazonaws.com\/wp-content\/uploads\/2025\/12\/39f9b360ab2cdd40fb4a3ba1623381ba_resized.jpg","contentUrl":"https:\/\/belux-edmo.s3-accelerate.amazonaws.com\/wp-content\/uploads\/2025\/12\/39f9b360ab2cdd40fb4a3ba1623381ba_resized.jpg","width":1080,"height":608,"caption":"Cette fausse vid\u00e9o d\u2019un agriculteur au micro de la RTBF a \u00e9t\u00e9 g\u00e9n\u00e9r\u00e9e par intelligence artificielle - Featured image"},{"@type":"BreadcrumbList","@id":"https:\/\/belux.edmo.eu\/fr\/cette-fausse-vido-dun-agriculteur-au-micro-de-la-rtbf-a-t-gnre-par-intelligence-artificielle\/#breadcrumb","itemListElement":[{"@type":"ListItem","position":1,"name":"Home","item":"https:\/\/belux.edmo.eu\/fr\/"},{"@type":"ListItem","position":2,"name":"Cette fausse vid\u00e9o d\u2019un agriculteur au micro de la RTBF a \u00e9t\u00e9 g\u00e9n\u00e9r\u00e9e par intelligence artificielle"}]},{"@type":"WebSite","@id":"https:\/\/belux.edmo.eu\/#website","url":"https:\/\/belux.edmo.eu\/","name":"EDMO Belux","description":"Monitoring Disinformation in Belgium and Luxembourg","publisher":{"@id":"https:\/\/belux.edmo.eu\/#organization"},"potentialAction":[{"@type":"SearchAction","target":{"@type":"EntryPoint","urlTemplate":"https:\/\/belux.edmo.eu\/?s={search_term_string}"},"query-input":{"@type":"PropertyValueSpecification","valueRequired":true,"valueName":"search_term_string"}}],"inLanguage":"fr-FR"},{"@type":"Organization","@id":"https:\/\/belux.edmo.eu\/#organization","name":"EDMO Belux","url":"https:\/\/belux.edmo.eu\/","logo":{"@type":"ImageObject","inLanguage":"fr-FR","@id":"https:\/\/belux.edmo.eu\/#\/schema\/logo\/image\/","url":"https:\/\/belux.edmo.eu\/wp-content\/uploads\/2021\/12\/belux-logo-full-color-rgb.svg","contentUrl":"https:\/\/belux.edmo.eu\/wp-content\/uploads\/2021\/12\/belux-logo-full-color-rgb.svg","width":1,"height":1,"caption":"EDMO Belux"},"image":{"@id":"https:\/\/belux.edmo.eu\/#\/schema\/logo\/image\/"},"sameAs":["https:\/\/x.com\/Edmo_Belux"]},{"@type":"Person","@id":"https:\/\/belux.edmo.eu\/#\/schema\/person\/dbe3b252258537fd318f9b5645a30342","name":"master","sameAs":["https:\/\/belux.wpengine.com"],"url":"https:\/\/belux.edmo.eu\/fr\/author\/master\/"}]}},"menu_order":0,"_links":{"self":[{"href":"https:\/\/belux.edmo.eu\/fr\/wp-json\/wp\/v2\/posts\/446761","targetHints":{"allow":["GET"]}}],"collection":[{"href":"https:\/\/belux.edmo.eu\/fr\/wp-json\/wp\/v2\/posts"}],"about":[{"href":"https:\/\/belux.edmo.eu\/fr\/wp-json\/wp\/v2\/types\/post"}],"author":[{"embeddable":true,"href":"https:\/\/belux.edmo.eu\/fr\/wp-json\/wp\/v2\/users\/1"}],"replies":[{"embeddable":true,"href":"https:\/\/belux.edmo.eu\/fr\/wp-json\/wp\/v2\/comments?post=446761"}],"version-history":[{"count":0,"href":"https:\/\/belux.edmo.eu\/fr\/wp-json\/wp\/v2\/posts\/446761\/revisions"}],"wp:featuredmedia":[{"embeddable":true,"href":"https:\/\/belux.edmo.eu\/fr\/wp-json\/wp\/v2\/media\/446746"}],"wp:attachment":[{"href":"https:\/\/belux.edmo.eu\/fr\/wp-json\/wp\/v2\/media?parent=446761"}],"wp:term":[{"taxonomy":"category","embeddable":true,"href":"https:\/\/belux.edmo.eu\/fr\/wp-json\/wp\/v2\/categories?post=446761"},{"taxonomy":"post_tag","embeddable":true,"href":"https:\/\/belux.edmo.eu\/fr\/wp-json\/wp\/v2\/tags?post=446761"}],"curies":[{"name":"wp","href":"https:\/\/api.w.org\/{rel}","templated":true}]}}