{"id":459851,"date":"2026-01-05T12:47:31","date_gmt":"2026-01-05T12:47:31","guid":{"rendered":"https:\/\/belux.edmo.eu\/?p=459851"},"modified":"2026-01-05T14:51:04","modified_gmt":"2026-01-05T14:51:04","slug":"cette-image-de-nicolas-maduro-captur-et-entour-par-des-agents-de-la-dea-est-fausse","status":"publish","type":"post","link":"https:\/\/belux.edmo.eu\/fr\/cette-image-de-nicolas-maduro-captur-et-entour-par-des-agents-de-la-dea-est-fausse\/","title":{"rendered":"Cette image de Nicolas Maduro captur\u00e9 et entour\u00e9 par des agents de la DEA est fausse"},"content":{"rendered":"<article>\n<p style=\"word-wrap: break-word;\"><strong>Des images de Nicolas Maduro \u00e0 la descente d\u2019un avion circulent sur les r\u00e9seaux sociaux depuis l\u2019annonce de sa capture par les \u00c9tats-Unis, ce 3\u00a0janvier. L\u2019une d\u2019entre elles montre le pr\u00e9sident v\u00e9n\u00e9zu\u00e9lien entour\u00e9 d\u2019agents de la DEA. Cette image devenue rapidement virale est pourtant fausse, elle a \u00e9t\u00e9 g\u00e9n\u00e9r\u00e9e par intelligence artificielle.<\/strong><\/p>\n<p style=\"word-wrap: break-word;\">Le pr\u00e9sident des \u00c9tats-Unis, Donald Trump, a annonc\u00e9 ce samedi 3\u00a0janvier 2026 que <a href=\"https:\/\/www.rtbf.be\/article\/venezuela-de-fortes-explosions-ont-ete-entendues-a-caracas-sur-fond-de-tensions-avec-les-etats-unis-11655722\">les forces am\u00e9ricaines avaient captur\u00e9 et exfiltr\u00e9 le pr\u00e9sident v\u00e9n\u00e9zu\u00e9lien, Nicolas Maduro<\/a>.\u00a0Donald Trump a indiqu\u00e9 que les Etats-Unis ont men\u00e9 \u00ab\u00a0une op\u00e9ration militaire de grande envergure contre le Venezuela et son dirigeant\u00a0\u00bb et a pr\u00e9cis\u00e9\u00a0que \u00ab\u00a0Nicolas Maduro [\u2026] a \u00e9t\u00e9 captur\u00e9 avec son \u00e9pouse et exil\u00e9 hors du pays\u00a0\u00bb.<\/p>\n<p style=\"word-wrap: break-word;\">Rapidement, des images suppos\u00e9es montrer l\u2019arrestation\u00a0le pr\u00e9sident du Venezuela ont circul\u00e9 sur les r\u00e9seaux sociaux.<\/p>\n<p style=\"word-wrap: break-word;\">Sur l\u2019une d\u2019entre elles, on voit Nicolas Maduro\u00a0entour\u00e9s par des agents de la DEA (Drug Enforcement Administration), l\u2019agence f\u00e9d\u00e9rale\u00a0des \u00c9tats-Unis charg\u00e9e de la lutte contre la drogue, \u00e0 la descente d\u2019un avion.<\/p>\n<p style=\"word-wrap: break-word;\">L\u2019image a \u00e9t\u00e9 partag\u00e9e sur les r\u00e9seaux sociaux comme <a href=\"https:\/\/perma.cc\/5WMC-BSUR\" target=\"_blank\" rel=\"noopener\">Instagram<\/a>, <a href=\"https:\/\/perma.cc\/59P4-4AU8\" target=\"_blank\" rel=\"noopener\">Facebook<\/a>\u00a0ou <a href=\"https:\/\/perma.cc\/59P4-4AU8\" target=\"_blank\" rel=\"noopener\">TikTok<\/a>\u00a0mais aussi sur des cha\u00eenes YouTube, comme <a href=\"https:\/\/perma.cc\/6QKB-72MS\">La Guarimba<\/a>, <a href=\"https:\/\/perma.cc\/5YPL-XBZH\" target=\"_blank\" rel=\"noopener\">un m\u00e9dia digital positionn\u00e9 contre le r\u00e9gime de Maduro qui diffuse depuis l\u2019Argentine<\/a>. \u00c0 l\u2019aide d\u2019une recherche d\u2019image invers\u00e9e et d\u2019\u00e9l\u00e9ments textuels pr\u00e9sents sur les captures, nous avons pu retrouver la s\u00e9quence. L&rsquo;image\u00a0a donc \u00e9t\u00e9 montr\u00e9e dans ce \u00ab\u00a0live\u00a0\u00bb sur Youtube. Les gens ont alors pris des photos de la s\u00e9quence vue sur leurs \u00e9crans.<\/p>\n<p style=\"word-wrap: break-word;\">Ces photos d\u2019internautes qui ont captur\u00e9 des moments de cette diffusion sur la cha\u00eene Youtube ont ensuite, elles aussi, circul\u00e9 sur les r\u00e9seaux sociaux et g\u00e9n\u00e9r\u00e9 des millions de vues. Cette capture publi\u00e9e sur <a href=\"https:\/\/perma.cc\/Y2ZB-9X9W\" target=\"_blank\" rel=\"noopener\">X<\/a> a, par exemple,\u00a0fait plus de 2,1\u00a0millions d\u2019impressions en quelques heures.\u00a0Une <a href=\"https:\/\/perma.cc\/2E7M-AAWJ\" target=\"_blank\" rel=\"noopener\">capture<\/a> de la diffusion de la Guarimba sur Youtube a d\u00e9pass\u00e9 les 465.000 vues, \u00e9galement sur le r\u00e9seau social d\u2019Elon Musk. Il en existe de nombreuses autres versions.<\/p>\n<p><b style=\"display: block; margin: 1rem 0;\">Des \u00e9l\u00e9ments factuels qui contredisent ce que montre l\u2019image<\/b><\/p>\n<p style=\"word-wrap: break-word;\">Premi\u00e8rement, aucun m\u00e9dia s\u00e9rieux, aucune agence de presse ni autorit\u00e9\u00a0n\u2019a diffus\u00e9 cette photo. Nous avons contact\u00e9 le m\u00e9dia \u00ab\u00a0La Guarimba\u00a0\u00bb pour conna\u00eetre l\u2019origine de l\u2019image mais nous n\u2019avons pas re\u00e7u de retour de leur part au moment de publier cet article.<\/p>\n<p style=\"word-wrap: break-word;\">Deuxi\u00e8mement, l\u2019image en question circulait d\u00e9j\u00e0 sur les r\u00e9seaux sociaux (<a href=\"https:\/\/archive.is\/zE88t\" target=\"_blank\" rel=\"noopener\">1<\/a>, <a href=\"https:\/\/archive.is\/AHN9a\" target=\"_blank\" rel=\"noopener\">2<\/a>) alors que <a href=\"https:\/\/cnnespanol.cnn.com\/2026\/01\/03\/venezuela\/video\/delcy-rodriguez-maduro-venezuela-paradero\" target=\"_blank\" rel=\"noopener\">Delcy Rodr\u00edgueza, la vice-pr\u00e9sidente du Venezuela, affirmait ne pas conna\u00eetre le lieu o\u00f9 se trouvait Maduro et demandait une preuve qu\u2019il \u00e9tait en vie<\/a>.<\/p>\n<p style=\"word-wrap: break-word;\">Donald Trump a \u00e9galement expliqu\u00e9 sur Fox News\u00a0que Nicolas Maduro et son \u00e9pouse Cilia Flores\u00a0avaient \u00e9t\u00e9 captur\u00e9s par les forces sp\u00e9ciales am\u00e9ricaines et\u00a0<a href=\"https:\/\/www.rtbf.be\/article\/venezuela-de-fortes-explosions-ont-ete-entendues-a-caracas-sur-fond-de-tensions-avec-les-etats-unis-11655722\">transport\u00e9s par h\u00e9licopt\u00e8re jusqu\u2019au navire Iwo Jima, stationn\u00e9\u00a0dans les Cara\u00efbes, avant leur transfert \u00e0 New York<\/a>\u00a0et non en avion. L\u2019h\u00e9licopt\u00e8re est un moyen de transport beaucoup plus ad\u00e9quat pour faire le transfert entre la capitale Caracas et la c\u00f4te des Cara\u00efbes, o\u00f9 sont stationn\u00e9s les navires des \u00c9tats-Unis, proche de quelques kilom\u00e8tres plut\u00f4t\u00a0que l\u2019avion d\u00e9peint dans l\u2019image.<\/p>\n<p style=\"word-wrap: break-word;\">Enfin, le pr\u00e9sident des \u00c9tats-Unis\u00a0a publi\u00e9 une <a href=\"https:\/\/perma.cc\/GC5X-K3UZ\" target=\"_blank\" rel=\"noopener\">photo de Nicolas Maduro \u00e0 bord du Iwo Jima dans laquelle Nicolas Maduro appara\u00eet les yeux band\u00e9s<\/a>. Bien que celle-ci n\u2019ait pas encore \u00e9t\u00e9 certifi\u00e9e, sur celle-ci, le pr\u00e9sident v\u00e9n\u00e9zu\u00e9lien\u00a0appara\u00eet avec d\u2019autres v\u00eatements\u00a0que ceux de la photo analys\u00e9e.<\/p>\n<p><b style=\"display: block; margin: 1rem 0;\">Des outils de d\u00e9tection aux r\u00e9sultats contrast\u00e9s<\/b><\/p>\n<p style=\"word-wrap: break-word;\">Au-del\u00e0 des \u00e9l\u00e9ments factuels, nous avons utilis\u00e9 des outils de d\u00e9tection\u00a0d\u2019images g\u00e9n\u00e9r\u00e9s par IA. Les r\u00e9sultats obtenus ont largement vari\u00e9 en fonction de la source de l\u2019image analys\u00e9e et de la qualit\u00e9 des captures utilis\u00e9es. Certains outils comme Hive Moderation n\u2019\u00e9valuaient qu\u2019\u00e0 14% la probabilit\u00e9 que le fichier soumis ait \u00e9t\u00e9 g\u00e9n\u00e9r\u00e9 par l\u2019IA.<\/p>\n<div>\n<div><img style=\"width: 100%; height: auto;\" src=\"https:\/\/belux-edmo.s3-accelerate.amazonaws.com\/wp-content\/uploads\/2026\/01\/ad5884b81e7108c4c5156206cf0dc5f3_resized.jpg\" \/><\/div>\n<p style=\"word-wrap: break-word;\">\u00a9 Capture d\u2019\u00e9cran<\/p>\n<\/div>\n<p style=\"word-wrap: break-word;\">Cependant, une analyse effectu\u00e9e avec l\u2019outil <a href=\"https:\/\/support.google.com\/gemini?p=synthid\" target=\"_blank\" rel=\"noopener\">SynthID de Google<\/a> via Gemini sur\u00a0une image de qualit\u00e9 moyenne r\u00e9cup\u00e9r\u00e9e sur X a permis de d\u00e9tecter des traces de cr\u00e9ation synth\u00e9tique\u00a0: \u00ab\u00a0L\u2019analyse de cette image \u00e0 l\u2019aide de l\u2019outil SynthID confirme qu\u2019elle a \u00e9t\u00e9, au moins en partie, g\u00e9n\u00e9r\u00e9e ou modifi\u00e9e \u00e0 l\u2019aide des mod\u00e8les d\u2019intelligence artificielle de Google.\u00a0\u00bb<\/p>\n<p style=\"word-wrap: break-word;\">Par ailleurs, <a href=\"https:\/\/www.invid-project.eu\/tools-and-services\/invid-verification-plugin\/\" target=\"_blank\" rel=\"noopener\">l\u2019outil d\u2019analyse d\u2019image d\u2019Invid<\/a>\u00a0a d\u00e9tect\u00e9 des preuves solides de cr\u00e9ation synth\u00e9tique de la photographie.<\/p>\n<div>\n<div><img style=\"width: 100%; height: auto;\" src=\"https:\/\/belux-edmo.s3-accelerate.amazonaws.com\/wp-content\/uploads\/2026\/01\/ee402a99b0e6f043702a89bf7c063350_resized.jpg\" \/><\/div>\n<p style=\"word-wrap: break-word;\">\u00a9 Capture d\u2019\u00e9cran Invid \/ Les outils d\u2019analyse d\u2019images d\u2019Invid montrent des marques de cr\u00e9ation synth\u00e9tique.<\/p>\n<\/div>\n<p style=\"word-wrap: break-word;\">D\u2019autres \u00e9l\u00e9ments de l\u2019image indiquent l\u2019utilisation de l\u2019intelligence artificielle, comme les uniformes militaires\u00a0qui pr\u00e9sentent des disparit\u00e9s. Aucun des uniformes apparaissant sur l\u2019image ne correspond \u00e0 celui utilis\u00e9 par l\u2019arm\u00e9e am\u00e9ricaine, indiquent nos confr\u00e8res de\u00a0<a href=\"https:\/\/verificado.com.mx\/imagenes-falsas-ataque-venezuela-captura-maduro\/\" target=\"_blank\" rel=\"noopener\">Verificado<\/a>, un m\u00e9dia de fact-checking mexicain et l\u2019officier de gauche porte un insigne des \u00c9tats-Unis, celui de droite un insigne de la DEA.<\/p>\n<p><b style=\"display: block; margin: 1rem 0;\">Des fausses images circulent concernant la capture de Maduro ou la situation au Venezuela<\/b><\/p>\n<p style=\"word-wrap: break-word;\">Les contextes de crises internationales ou les coups de th\u00e9\u00e2tre et rebondissements politiques sont traditionnellement des moments de grande activit\u00e9 sur les r\u00e9seaux sociaux o\u00f9 l\u2019intelligence artificielle permet de cr\u00e9er ou de manipuler des images et permet \u00e0 des internautes de soutenir des narratifs politiques ou de g\u00e9n\u00e9rer des vues facilement.<\/p>\n<p style=\"word-wrap: break-word;\">Dans le cadre de la capture de Nicolas Maduro par les \u00c9tats-Unis, d&rsquo;autres\u00a0images circulent massivement sur les r\u00e9seaux avec notamment\u00a0<a href=\"https:\/\/www.instagram.com\/p\/DTDBoRYEUYg\/?img_index=1\" target=\"_blank\" rel=\"noopener\">d\u2019autres angles de vues de l\u2019image analys\u00e9e\u00a0par exemple<\/a>. D\u2019autres images g\u00e9n\u00e9r\u00e9es par IA , plus grossi\u00e8res, montrant Maduro circulent \u00e9galement.<\/p>\n<p style=\"word-wrap: break-word;\">Nos confr\u00e8res de Verificado, ont aussi\u00a0analys\u00e9 <a href=\"https:\/\/verificado.com.mx\/imagenes-falsas-ataque-venezuela-captura-maduro\/\" target=\"_blank\" rel=\"noopener\">des fausses images de bombardements sur Caracas<\/a>, VerificaRTVE a de son c\u00f4t\u00e9 rep\u00e9r\u00e9 des images d\u00e9tourn\u00e9es en provenance d\u2019Isra\u00ebl et suppos\u00e9es illustrer la situation au Venezuela ou des images dat\u00e9es de\u00a02024 d\u00e9contextualis\u00e9es montrant la destruction d\u2019affiches de Maduro.<\/p>\n<\/article>\n","protected":false},"excerpt":{"rendered":"<p>Des images de Nicolas Maduro \u00e0 la descente d\u2019un avion circulent sur les r\u00e9seaux sociaux depuis l\u2019annonce de sa capture&#8230;<\/p>\n","protected":false},"author":1,"featured_media":459836,"comment_status":"closed","ping_status":"closed","sticky":false,"template":"","format":"standard","meta":{"_acf_changed":false,"footnotes":""},"categories":[452,471,125,116,132,389],"tags":[],"class_list":{"0":"post-459851","1":"post","2":"type-post","3":"status-publish","4":"format-standard","5":"has-post-thumbnail","7":"category-editors-choice-fr","8":"category-etats-unis","9":"category-fact-check-fr","10":"category-non-classifiee","11":"category-politique","12":"category-technologie-fact-check-fr-2"},"acf":{"show_metatags":true,"id":"https:\/\/www.rtbf.be\/article\/cette-image-de-nicolas-maduro-capture-et-entoure-par-des-agents-de-la-dea-est-fausse-11655856","authors":"Par Gr\u00e9goire Ryckmans ","organization":"RTBF","featured_image_copyright":"","text_copyright":"            Copyright: (C)RTBF Radio, Television Belge Francophone, plus d'infos: https:\/\/www.rtbf.be\/cgu\/        ","source":"https:\/\/www.rtbf.be\/article\/cette-image-de-nicolas-maduro-capture-et-entoure-par-des-agents-de-la-dea-est-fausse-11655856","fact_checker":"https:\/\/belux.wpengine.com\/wp-content\/uploads\/2022\/01\/rtbf-logo.jpg","share_this_post_to_edmo_website":false,"affiliation":"BELUX","type":"\u00c9v\u00e9nement ferm\u00e9","location":"","start_date":"","start_date_event_begins_at":"","start_date_event_ends_at":"","end_date":"","end_date_event_begins_at":"","end_date_event_ends_at":"","organizer":"","fact_checker_logo_image":false},"yoast_head":"<!-- This site is optimized with the Yoast SEO plugin v27.0 - https:\/\/yoast.com\/product\/yoast-seo-wordpress\/ -->\n<title>Cette image de Nicolas Maduro captur\u00e9 et entour\u00e9 par des agents de la DEA est fausse - EDMO Belux<\/title>\n<meta name=\"robots\" content=\"index, follow, max-snippet:-1, max-image-preview:large, max-video-preview:-1\" \/>\n<link rel=\"canonical\" href=\"https:\/\/belux.edmo.eu\/fr\/cette-image-de-nicolas-maduro-captur-et-entour-par-des-agents-de-la-dea-est-fausse\/\" \/>\n<meta property=\"og:locale\" content=\"fr_FR\" \/>\n<meta property=\"og:type\" content=\"article\" \/>\n<meta property=\"og:title\" content=\"Cette image de Nicolas Maduro captur\u00e9 et entour\u00e9 par des agents de la DEA est fausse - EDMO Belux\" \/>\n<meta property=\"og:description\" content=\"Des images de Nicolas Maduro \u00e0 la descente d\u2019un avion circulent sur les r\u00e9seaux sociaux depuis l\u2019annonce de sa capture...\" \/>\n<meta property=\"og:url\" content=\"https:\/\/belux.edmo.eu\/fr\/cette-image-de-nicolas-maduro-captur-et-entour-par-des-agents-de-la-dea-est-fausse\/\" \/>\n<meta property=\"og:site_name\" content=\"EDMO Belux\" \/>\n<meta property=\"article:published_time\" content=\"2026-01-05T12:47:31+00:00\" \/>\n<meta property=\"article:modified_time\" content=\"2026-01-05T14:51:04+00:00\" \/>\n<meta property=\"og:image\" content=\"https:\/\/belux-edmo.s3-accelerate.amazonaws.com\/wp-content\/uploads\/2026\/01\/7293f5cc46632a1aa5ce8258d2ede818_resized.jpg\" \/>\n\t<meta property=\"og:image:width\" content=\"1080\" \/>\n\t<meta property=\"og:image:height\" content=\"608\" \/>\n\t<meta property=\"og:image:type\" content=\"image\/jpeg\" \/>\n<meta name=\"author\" content=\"master\" \/>\n<meta name=\"twitter:card\" content=\"summary_large_image\" \/>\n<meta name=\"twitter:creator\" content=\"@Edmo_Belux\" \/>\n<meta name=\"twitter:site\" content=\"@Edmo_Belux\" \/>\n<meta name=\"twitter:label1\" content=\"\u00c9crit par\" \/>\n\t<meta name=\"twitter:data1\" content=\"master\" \/>\n\t<meta name=\"twitter:label2\" content=\"Dur\u00e9e de lecture estim\u00e9e\" \/>\n\t<meta name=\"twitter:data2\" content=\"5 minutes\" \/>\n<script type=\"application\/ld+json\" class=\"yoast-schema-graph\">{\"@context\":\"https:\/\/schema.org\",\"@graph\":[{\"@type\":\"Article\",\"@id\":\"https:\/\/belux.edmo.eu\/fr\/cette-image-de-nicolas-maduro-captur-et-entour-par-des-agents-de-la-dea-est-fausse\/#article\",\"isPartOf\":{\"@id\":\"https:\/\/belux.edmo.eu\/fr\/cette-image-de-nicolas-maduro-captur-et-entour-par-des-agents-de-la-dea-est-fausse\/\"},\"author\":{\"name\":\"master\",\"@id\":\"https:\/\/belux.edmo.eu\/#\/schema\/person\/dbe3b252258537fd318f9b5645a30342\"},\"headline\":\"Cette image de Nicolas Maduro captur\u00e9 et entour\u00e9 par des agents de la DEA est fausse\",\"datePublished\":\"2026-01-05T12:47:31+00:00\",\"dateModified\":\"2026-01-05T14:51:04+00:00\",\"mainEntityOfPage\":{\"@id\":\"https:\/\/belux.edmo.eu\/fr\/cette-image-de-nicolas-maduro-captur-et-entour-par-des-agents-de-la-dea-est-fausse\/\"},\"wordCount\":1109,\"publisher\":{\"@id\":\"https:\/\/belux.edmo.eu\/#organization\"},\"image\":{\"@id\":\"https:\/\/belux.edmo.eu\/fr\/cette-image-de-nicolas-maduro-captur-et-entour-par-des-agents-de-la-dea-est-fausse\/#primaryimage\"},\"thumbnailUrl\":\"https:\/\/belux-edmo.s3-accelerate.amazonaws.com\/wp-content\/uploads\/2026\/01\/7293f5cc46632a1aa5ce8258d2ede818_resized.jpg\",\"articleSection\":[\"Editor's Choice Slider FR\",\"Etats-Unis\",\"Fact-Check\",\"Non classifi\u00e9(e)\",\"Politique\",\"Technologie\"],\"inLanguage\":\"fr-FR\"},{\"@type\":\"WebPage\",\"@id\":\"https:\/\/belux.edmo.eu\/fr\/cette-image-de-nicolas-maduro-captur-et-entour-par-des-agents-de-la-dea-est-fausse\/\",\"url\":\"https:\/\/belux.edmo.eu\/fr\/cette-image-de-nicolas-maduro-captur-et-entour-par-des-agents-de-la-dea-est-fausse\/\",\"name\":\"Cette image de Nicolas Maduro captur\u00e9 et entour\u00e9 par des agents de la DEA est fausse - EDMO Belux\",\"isPartOf\":{\"@id\":\"https:\/\/belux.edmo.eu\/#website\"},\"primaryImageOfPage\":{\"@id\":\"https:\/\/belux.edmo.eu\/fr\/cette-image-de-nicolas-maduro-captur-et-entour-par-des-agents-de-la-dea-est-fausse\/#primaryimage\"},\"image\":{\"@id\":\"https:\/\/belux.edmo.eu\/fr\/cette-image-de-nicolas-maduro-captur-et-entour-par-des-agents-de-la-dea-est-fausse\/#primaryimage\"},\"thumbnailUrl\":\"https:\/\/belux-edmo.s3-accelerate.amazonaws.com\/wp-content\/uploads\/2026\/01\/7293f5cc46632a1aa5ce8258d2ede818_resized.jpg\",\"datePublished\":\"2026-01-05T12:47:31+00:00\",\"dateModified\":\"2026-01-05T14:51:04+00:00\",\"breadcrumb\":{\"@id\":\"https:\/\/belux.edmo.eu\/fr\/cette-image-de-nicolas-maduro-captur-et-entour-par-des-agents-de-la-dea-est-fausse\/#breadcrumb\"},\"inLanguage\":\"fr-FR\",\"potentialAction\":[{\"@type\":\"ReadAction\",\"target\":[\"https:\/\/belux.edmo.eu\/fr\/cette-image-de-nicolas-maduro-captur-et-entour-par-des-agents-de-la-dea-est-fausse\/\"]}]},{\"@type\":\"ImageObject\",\"inLanguage\":\"fr-FR\",\"@id\":\"https:\/\/belux.edmo.eu\/fr\/cette-image-de-nicolas-maduro-captur-et-entour-par-des-agents-de-la-dea-est-fausse\/#primaryimage\",\"url\":\"https:\/\/belux-edmo.s3-accelerate.amazonaws.com\/wp-content\/uploads\/2026\/01\/7293f5cc46632a1aa5ce8258d2ede818_resized.jpg\",\"contentUrl\":\"https:\/\/belux-edmo.s3-accelerate.amazonaws.com\/wp-content\/uploads\/2026\/01\/7293f5cc46632a1aa5ce8258d2ede818_resized.jpg\",\"width\":1080,\"height\":608,\"caption\":\"Cette image de Nicolas Maduro captur\u00e9 et entour\u00e9 par des agents de la DEA est fausse - Featured image\"},{\"@type\":\"BreadcrumbList\",\"@id\":\"https:\/\/belux.edmo.eu\/fr\/cette-image-de-nicolas-maduro-captur-et-entour-par-des-agents-de-la-dea-est-fausse\/#breadcrumb\",\"itemListElement\":[{\"@type\":\"ListItem\",\"position\":1,\"name\":\"Home\",\"item\":\"https:\/\/belux.edmo.eu\/fr\/\"},{\"@type\":\"ListItem\",\"position\":2,\"name\":\"Cette image de Nicolas Maduro captur\u00e9 et entour\u00e9 par des agents de la DEA est fausse\"}]},{\"@type\":\"WebSite\",\"@id\":\"https:\/\/belux.edmo.eu\/#website\",\"url\":\"https:\/\/belux.edmo.eu\/\",\"name\":\"EDMO Belux\",\"description\":\"Monitoring Disinformation in Belgium and Luxembourg\",\"publisher\":{\"@id\":\"https:\/\/belux.edmo.eu\/#organization\"},\"potentialAction\":[{\"@type\":\"SearchAction\",\"target\":{\"@type\":\"EntryPoint\",\"urlTemplate\":\"https:\/\/belux.edmo.eu\/?s={search_term_string}\"},\"query-input\":{\"@type\":\"PropertyValueSpecification\",\"valueRequired\":true,\"valueName\":\"search_term_string\"}}],\"inLanguage\":\"fr-FR\"},{\"@type\":\"Organization\",\"@id\":\"https:\/\/belux.edmo.eu\/#organization\",\"name\":\"EDMO Belux\",\"url\":\"https:\/\/belux.edmo.eu\/\",\"logo\":{\"@type\":\"ImageObject\",\"inLanguage\":\"fr-FR\",\"@id\":\"https:\/\/belux.edmo.eu\/#\/schema\/logo\/image\/\",\"url\":\"https:\/\/belux.edmo.eu\/wp-content\/uploads\/2021\/12\/belux-logo-full-color-rgb.svg\",\"contentUrl\":\"https:\/\/belux.edmo.eu\/wp-content\/uploads\/2021\/12\/belux-logo-full-color-rgb.svg\",\"width\":1,\"height\":1,\"caption\":\"EDMO Belux\"},\"image\":{\"@id\":\"https:\/\/belux.edmo.eu\/#\/schema\/logo\/image\/\"},\"sameAs\":[\"https:\/\/x.com\/Edmo_Belux\"]},{\"@type\":\"Person\",\"@id\":\"https:\/\/belux.edmo.eu\/#\/schema\/person\/dbe3b252258537fd318f9b5645a30342\",\"name\":\"master\",\"sameAs\":[\"https:\/\/belux.wpengine.com\"],\"url\":\"https:\/\/belux.edmo.eu\/fr\/author\/master\/\"}]}<\/script>\n<!-- \/ Yoast SEO plugin. -->","yoast_head_json":{"title":"Cette image de Nicolas Maduro captur\u00e9 et entour\u00e9 par des agents de la DEA est fausse - EDMO Belux","robots":{"index":"index","follow":"follow","max-snippet":"max-snippet:-1","max-image-preview":"max-image-preview:large","max-video-preview":"max-video-preview:-1"},"canonical":"https:\/\/belux.edmo.eu\/fr\/cette-image-de-nicolas-maduro-captur-et-entour-par-des-agents-de-la-dea-est-fausse\/","og_locale":"fr_FR","og_type":"article","og_title":"Cette image de Nicolas Maduro captur\u00e9 et entour\u00e9 par des agents de la DEA est fausse - EDMO Belux","og_description":"Des images de Nicolas Maduro \u00e0 la descente d\u2019un avion circulent sur les r\u00e9seaux sociaux depuis l\u2019annonce de sa capture...","og_url":"https:\/\/belux.edmo.eu\/fr\/cette-image-de-nicolas-maduro-captur-et-entour-par-des-agents-de-la-dea-est-fausse\/","og_site_name":"EDMO Belux","article_published_time":"2026-01-05T12:47:31+00:00","article_modified_time":"2026-01-05T14:51:04+00:00","og_image":[{"width":1080,"height":608,"url":"https:\/\/belux-edmo.s3-accelerate.amazonaws.com\/wp-content\/uploads\/2026\/01\/7293f5cc46632a1aa5ce8258d2ede818_resized.jpg","type":"image\/jpeg"}],"author":"master","twitter_card":"summary_large_image","twitter_creator":"@Edmo_Belux","twitter_site":"@Edmo_Belux","twitter_misc":{"\u00c9crit par":"master","Dur\u00e9e de lecture estim\u00e9e":"5 minutes"},"schema":{"@context":"https:\/\/schema.org","@graph":[{"@type":"Article","@id":"https:\/\/belux.edmo.eu\/fr\/cette-image-de-nicolas-maduro-captur-et-entour-par-des-agents-de-la-dea-est-fausse\/#article","isPartOf":{"@id":"https:\/\/belux.edmo.eu\/fr\/cette-image-de-nicolas-maduro-captur-et-entour-par-des-agents-de-la-dea-est-fausse\/"},"author":{"name":"master","@id":"https:\/\/belux.edmo.eu\/#\/schema\/person\/dbe3b252258537fd318f9b5645a30342"},"headline":"Cette image de Nicolas Maduro captur\u00e9 et entour\u00e9 par des agents de la DEA est fausse","datePublished":"2026-01-05T12:47:31+00:00","dateModified":"2026-01-05T14:51:04+00:00","mainEntityOfPage":{"@id":"https:\/\/belux.edmo.eu\/fr\/cette-image-de-nicolas-maduro-captur-et-entour-par-des-agents-de-la-dea-est-fausse\/"},"wordCount":1109,"publisher":{"@id":"https:\/\/belux.edmo.eu\/#organization"},"image":{"@id":"https:\/\/belux.edmo.eu\/fr\/cette-image-de-nicolas-maduro-captur-et-entour-par-des-agents-de-la-dea-est-fausse\/#primaryimage"},"thumbnailUrl":"https:\/\/belux-edmo.s3-accelerate.amazonaws.com\/wp-content\/uploads\/2026\/01\/7293f5cc46632a1aa5ce8258d2ede818_resized.jpg","articleSection":["Editor's Choice Slider FR","Etats-Unis","Fact-Check","Non classifi\u00e9(e)","Politique","Technologie"],"inLanguage":"fr-FR"},{"@type":"WebPage","@id":"https:\/\/belux.edmo.eu\/fr\/cette-image-de-nicolas-maduro-captur-et-entour-par-des-agents-de-la-dea-est-fausse\/","url":"https:\/\/belux.edmo.eu\/fr\/cette-image-de-nicolas-maduro-captur-et-entour-par-des-agents-de-la-dea-est-fausse\/","name":"Cette image de Nicolas Maduro captur\u00e9 et entour\u00e9 par des agents de la DEA est fausse - EDMO Belux","isPartOf":{"@id":"https:\/\/belux.edmo.eu\/#website"},"primaryImageOfPage":{"@id":"https:\/\/belux.edmo.eu\/fr\/cette-image-de-nicolas-maduro-captur-et-entour-par-des-agents-de-la-dea-est-fausse\/#primaryimage"},"image":{"@id":"https:\/\/belux.edmo.eu\/fr\/cette-image-de-nicolas-maduro-captur-et-entour-par-des-agents-de-la-dea-est-fausse\/#primaryimage"},"thumbnailUrl":"https:\/\/belux-edmo.s3-accelerate.amazonaws.com\/wp-content\/uploads\/2026\/01\/7293f5cc46632a1aa5ce8258d2ede818_resized.jpg","datePublished":"2026-01-05T12:47:31+00:00","dateModified":"2026-01-05T14:51:04+00:00","breadcrumb":{"@id":"https:\/\/belux.edmo.eu\/fr\/cette-image-de-nicolas-maduro-captur-et-entour-par-des-agents-de-la-dea-est-fausse\/#breadcrumb"},"inLanguage":"fr-FR","potentialAction":[{"@type":"ReadAction","target":["https:\/\/belux.edmo.eu\/fr\/cette-image-de-nicolas-maduro-captur-et-entour-par-des-agents-de-la-dea-est-fausse\/"]}]},{"@type":"ImageObject","inLanguage":"fr-FR","@id":"https:\/\/belux.edmo.eu\/fr\/cette-image-de-nicolas-maduro-captur-et-entour-par-des-agents-de-la-dea-est-fausse\/#primaryimage","url":"https:\/\/belux-edmo.s3-accelerate.amazonaws.com\/wp-content\/uploads\/2026\/01\/7293f5cc46632a1aa5ce8258d2ede818_resized.jpg","contentUrl":"https:\/\/belux-edmo.s3-accelerate.amazonaws.com\/wp-content\/uploads\/2026\/01\/7293f5cc46632a1aa5ce8258d2ede818_resized.jpg","width":1080,"height":608,"caption":"Cette image de Nicolas Maduro captur\u00e9 et entour\u00e9 par des agents de la DEA est fausse - Featured image"},{"@type":"BreadcrumbList","@id":"https:\/\/belux.edmo.eu\/fr\/cette-image-de-nicolas-maduro-captur-et-entour-par-des-agents-de-la-dea-est-fausse\/#breadcrumb","itemListElement":[{"@type":"ListItem","position":1,"name":"Home","item":"https:\/\/belux.edmo.eu\/fr\/"},{"@type":"ListItem","position":2,"name":"Cette image de Nicolas Maduro captur\u00e9 et entour\u00e9 par des agents de la DEA est fausse"}]},{"@type":"WebSite","@id":"https:\/\/belux.edmo.eu\/#website","url":"https:\/\/belux.edmo.eu\/","name":"EDMO Belux","description":"Monitoring Disinformation in Belgium and Luxembourg","publisher":{"@id":"https:\/\/belux.edmo.eu\/#organization"},"potentialAction":[{"@type":"SearchAction","target":{"@type":"EntryPoint","urlTemplate":"https:\/\/belux.edmo.eu\/?s={search_term_string}"},"query-input":{"@type":"PropertyValueSpecification","valueRequired":true,"valueName":"search_term_string"}}],"inLanguage":"fr-FR"},{"@type":"Organization","@id":"https:\/\/belux.edmo.eu\/#organization","name":"EDMO Belux","url":"https:\/\/belux.edmo.eu\/","logo":{"@type":"ImageObject","inLanguage":"fr-FR","@id":"https:\/\/belux.edmo.eu\/#\/schema\/logo\/image\/","url":"https:\/\/belux.edmo.eu\/wp-content\/uploads\/2021\/12\/belux-logo-full-color-rgb.svg","contentUrl":"https:\/\/belux.edmo.eu\/wp-content\/uploads\/2021\/12\/belux-logo-full-color-rgb.svg","width":1,"height":1,"caption":"EDMO Belux"},"image":{"@id":"https:\/\/belux.edmo.eu\/#\/schema\/logo\/image\/"},"sameAs":["https:\/\/x.com\/Edmo_Belux"]},{"@type":"Person","@id":"https:\/\/belux.edmo.eu\/#\/schema\/person\/dbe3b252258537fd318f9b5645a30342","name":"master","sameAs":["https:\/\/belux.wpengine.com"],"url":"https:\/\/belux.edmo.eu\/fr\/author\/master\/"}]}},"menu_order":0,"_links":{"self":[{"href":"https:\/\/belux.edmo.eu\/fr\/wp-json\/wp\/v2\/posts\/459851","targetHints":{"allow":["GET"]}}],"collection":[{"href":"https:\/\/belux.edmo.eu\/fr\/wp-json\/wp\/v2\/posts"}],"about":[{"href":"https:\/\/belux.edmo.eu\/fr\/wp-json\/wp\/v2\/types\/post"}],"author":[{"embeddable":true,"href":"https:\/\/belux.edmo.eu\/fr\/wp-json\/wp\/v2\/users\/1"}],"replies":[{"embeddable":true,"href":"https:\/\/belux.edmo.eu\/fr\/wp-json\/wp\/v2\/comments?post=459851"}],"version-history":[{"count":0,"href":"https:\/\/belux.edmo.eu\/fr\/wp-json\/wp\/v2\/posts\/459851\/revisions"}],"wp:featuredmedia":[{"embeddable":true,"href":"https:\/\/belux.edmo.eu\/fr\/wp-json\/wp\/v2\/media\/459836"}],"wp:attachment":[{"href":"https:\/\/belux.edmo.eu\/fr\/wp-json\/wp\/v2\/media?parent=459851"}],"wp:term":[{"taxonomy":"category","embeddable":true,"href":"https:\/\/belux.edmo.eu\/fr\/wp-json\/wp\/v2\/categories?post=459851"},{"taxonomy":"post_tag","embeddable":true,"href":"https:\/\/belux.edmo.eu\/fr\/wp-json\/wp\/v2\/tags?post=459851"}],"curies":[{"name":"wp","href":"https:\/\/api.w.org\/{rel}","templated":true}]}}