{"id":506632,"date":"2026-01-27T13:53:23","date_gmt":"2026-01-27T13:53:23","guid":{"rendered":"https:\/\/belux.edmo.eu\/?p=506632"},"modified":"2026-01-27T14:59:43","modified_gmt":"2026-01-27T14:59:43","slug":"analyses-complments-alimentaires-attention-ces-informations-trompeuses-sur-le-microbiote","status":"publish","type":"post","link":"https:\/\/belux.edmo.eu\/fr\/analyses-complments-alimentaires-attention-ces-informations-trompeuses-sur-le-microbiote\/","title":{"rendered":"Analyses, compl\u00e9ments alimentaires : attention \u00e0 ces informations trompeuses sur le microbiote"},"content":{"rendered":"<p><strong>Sur les r\u00e9seaux sociaux, de nombreux influenceurs et \u00ab\u00a0coachs\u00a0\u00bb \u00e9voquent le microbiote intestinal, un \u00e9cosyst\u00e8me complexe de micro-organismes dont le r\u00f4le sur la sant\u00e9 globale fait l&rsquo;objet de recherches scientifiques. De nombreuses vid\u00e9os alertent notamment sur les signes d&rsquo;un microbiote d\u00e9s\u00e9quilibr\u00e9 et recommandent de r\u00e9aliser des tests de \u00ab\u00a0<em>dosage<\/em>\u00a0\u00bb avant de \u00ab\u00a0<em>prescrire<\/em>\u00a0\u00bb des cures de compl\u00e9ments alimentaires. Cependant, les experts pr\u00e9conisent de se m\u00e9fier de ces raccourcis: le microbiote intestinal reste avant tout un sujet de recherche. Ils d\u00e9noncent d&rsquo;ailleurs l&rsquo;inutilit\u00e9 des tests vant\u00e9s qui ne permettent pas d&rsquo;\u00e9tablir de diagnostic ni de faire des recommandations.<\/strong><\/p>\n<p>\u00ab\u00a0<em>Tu ressens des ballonnements, tu dig\u00e8res mal, t\u2019as des fringales constantes ou t\u2019es souvent fatigu\u00e9 ?\u00a0Ton microbiote est peut-\u00eatre totalement d\u00e9s\u00e9quilibr\u00e9\u2026<\/em>\u00a0\u00bb : sur les r\u00e9seaux sociaux, de nombreuses vid\u00e9os d&rsquo;entreprises, d&rsquo;influenceurs ou de \u00ab\u00a0coachs\u00a0\u00bb (<a href=\"https:\/\/archive.is\/rMwrp\" target=\"_blank\" rel=\"appearance frozen nofollow noopener\" shape=\"rect\">1<\/a>, <a href=\"https:\/\/perma.cc\/K9SV-BXF7\" target=\"_blank\" rel=\"appearance frozen nofollow noopener\" shape=\"rect\">2<\/a>) alertent sur les pr\u00e9tendus sympt\u00f4mes et cons\u00e9quences d&rsquo;un probl\u00e8me de microbiote.<\/p>\n<p>Ballonnements, fatigue ou acn\u00e9 r\u00e9sulteraient ainsi, selon eux, d&rsquo;un d\u00e9s\u00e9quilibre du microbiote. Ces internautes recommandent ensuite de r\u00e9aliser des analyses de son microbiote (au prix de plusieurs centaines d&rsquo;euros) avant de proposer des cures de <a href=\"https:\/\/archive.is\/ng2jk\" target=\"_blank\" rel=\"appearance frozen nofollow noopener\" shape=\"rect\">compl\u00e9ments alimentaires<\/a> pour le \u00ab\u00a0<em>r\u00e9\u00e9quilibrer<\/em>\u00a0\u00bb et \u00ab\u00a0<em>l&rsquo;entretenir<\/em>\u00ab\u00a0.<\/p>\n<div class=\"g2picture\">\n<figure><img src=\"https:\/\/belux-edmo.s3-accelerate.amazonaws.com\/wp-content\/uploads\/2026\/01\/f7c5376231c3b54e4353a57da5744d38e5e2d3b8-ipad_resized.jpg\" \/><figcaption>Capture d&rsquo;\u00e9cran d&rsquo;une publication sur Instagram, r\u00e9alis\u00e9e le 16\/01\/2025.<\/figcaption><\/figure>\n<\/div>\n<p>Cependant, m\u00eame si les \u00e9tudes s&rsquo;int\u00e9ressant aux liens entre microbiote intestinal et sant\u00e9 g\u00e9n\u00e9rale se multiplient,\u00a0<strong>il n&rsquo;existe pas de d\u00e9finition claire d&rsquo;un \u00ab\u00a0<em>bon<\/em>\u00a0\u00bb ou d&rsquo;un \u00ab\u00a0<em>mauvais<\/em>\u00a0\u00bb microbiote<\/strong> et l&rsquo;utilit\u00e9 de tests de \u00ab\u00a0<em>bilan intestinal\u00a0\u00bb<\/em> ou de compl\u00e9ments alimentaires est loin d&rsquo;\u00eatre d\u00e9montr\u00e9e, insistent les professionnels.<\/p>\n<p><b>Qu&rsquo;est-ce que le microbiote intestinal ?\u00a0<\/b><\/p>\n<p>Un microbiote est \u00ab\u00a0<em>l&rsquo;ensemble des micro-organismes \u2013 bact\u00e9ries, virus, parasites et champignons non pathog\u00e8nes, dits commensaux \u2013 qui vivent dans un environnement sp\u00e9cifique<\/em>\u00ab\u00a0, d\u00e9taille l&rsquo;<a href=\"https:\/\/www.inserm.fr\/dossier\/microbiote-intestinal-flore-intestinale\/#:~:text=Un%20microbiote%20est%20l'ensemble,%2C%20du%20vagin%2C%20des%20poumons%E2%80%A6\" target=\"_blank\" rel=\"evidence nofollow noopener\" shape=\"rect\">Inserm<\/a> (lien archiv\u00e9 <a href=\"https:\/\/perma.cc\/AC7R-4P6V\" target=\"_blank\" rel=\"evidence frozen nofollow noopener\" shape=\"rect\">ici<\/a>). Il en existe plusieurs sur le corps : au niveau de la peau, de la bouche, des poumons, etc.<\/p>\n<p>Le microbiote intestinal (aussi appel\u00e9 flore intestinale) est principalement localis\u00e9 \u00ab\u00a0<em>dans l\u2019intestin gr\u00eale et le c\u00f4lon<\/em>\u00ab\u00a0, explique l&rsquo;organisme.<\/p>\n<p>\u00ab\u00a0<em>Le microbiote intestinal s&rsquo;implante \u00e0 la naissance et il faut ensuite environ mille jours pour arriver \u00e0 un microbiote mature, qui va rester \u00e0 peu pr\u00e8s le m\u00eame tout au long de la vie<\/em>\u00ab\u00a0, explique \u00e0 l&rsquo;AFP <a href=\"https:\/\/www.chu-bordeaux.fr\/Les-m%C3%A9decins\/LAHARIE-DAVID\/\" target=\"_blank\" rel=\"evidence nofollow noopener\" shape=\"rect\">David Laharie<\/a>, gastro-ent\u00e9rologue au CHU de Bordeaux, sp\u00e9cialis\u00e9 dans des maladies inflammatoires chroniques de l&rsquo;intestin.<\/p>\n<p>Le syst\u00e8me se r\u00e9gule tout de m\u00eame en permanence et de nombreux facteurs externes peuvent le modifier comme l&rsquo;alimentation, des maladies ou des traitements m\u00e9dicaux. Les antibiotiques r\u00e9duisent par exemple la qualit\u00e9 du microbiote, mais\u00a0<strong>qui est g\u00e9n\u00e9ralement capable de se r\u00e9tablir en grande partie tout seul<\/strong>.<\/p>\n<p><span data-teams=\"true\">Le microbiote est aujourd&rsquo;hui reconnu comme jouant un r\u00f4le sur la sant\u00e9 (digestion, immunit\u00e9, protection de la muqueuse intestinale&#8230;) mais en ce qui concerne les liens \u00e9ventuels entre d\u00e9s\u00e9quilibre du microbiote et diverses maladies, les recherches sont encore en cours.\u00a0<\/span><\/p>\n<p>\u00ab\u00a0<em>Plusieurs \u00e9tudes d&rsquo;association ont \u00e9t\u00e9 men\u00e9es sur des maladies comme le diab\u00e8te, l&rsquo;ob\u00e9sit\u00e9, des maladies neurologiques, des maladies psychiatriques&#8230; Ce qu&rsquo;on sait, c&rsquo;est que chez ces malades, on a un microbiote qui est souvent moins riche et moins vari\u00e9 que chez les non malades. Mais ce ne sont que des associations <\/em>[sans lien causal \u00e9tabli, NDLR]<em>.\u00a0<strong>Ca ne veut pas dire qu&rsquo;un microbiote appauvri est la cause de la maladie<\/strong><\/em>\u00ab\u00a0, pr\u00e9vient M. Laharie.<\/p>\n<p><b><em>\u00ab\u00a0Chacun a un microbiote unique\u00a0\u00bb<\/em><\/b><\/p>\n<p>Quant \u00e0 la fatigue, l&rsquo;acn\u00e9, les ballonnements comme signes d&rsquo;un d\u00e9s\u00e9quilibre du microbiote, comme ce que l&rsquo;on peut voir sur les r\u00e9seaux sociaux, M. Laharie appelle \u00e0 la prudence : \u00ab\u00a0<em>C&rsquo;est tr\u00e8s souvent n&rsquo;importe quoi, ce sont pleins de sympt\u00f4mes g\u00e9n\u00e9raux qui n&rsquo;indiquent pas forc\u00e9ment un probl\u00e8me de microbiote.<\/em>\u00a0\u00bb<\/p>\n<p>\u00ab\u00a0<em>Il faut laisser le temps \u00e0 la recherche<\/em>\u00a0\u00bb insiste aussi <a href=\"https:\/\/www.linkedin.com\/in\/julie-rodriguez-80a482166\/?originalSubdomain=fr\" target=\"_blank\" rel=\"evidence nofollow noopener\" shape=\"rect\">Julie Rodriguez<\/a>, charg\u00e9 de recherche \u00e0 l&rsquo;Inserm, qui recommande donc de <strong>faire attention au nombreux \u00ab\u00a0<em>raccourcis<\/em>\u00ab\u00a0<\/strong> sur le sujet. \u00ab\u00a0<em>On a tendance \u00e0 tout ramener au microbiote, c&rsquo;est une th\u00e9matique de recherche qui est tr\u00e8s \u00e0 la mode, mais nous n&rsquo;avons encore rien de clair, d&rsquo;\u00e9tabli ou de pr\u00e9cis.<\/em>\u00a0\u00bb<\/p>\n<p>\u00ab\u00a0<em>Nous ne sommes pas en mesure aujourd&rsquo;hui de dire le pourcentage de population qui a un microbiote d\u00e9s\u00e9quilibr\u00e9, tout comme on est incapable de dire le pourcentage de la population qui a un microbiote sain, parce qu&rsquo;<strong>on ne sait m\u00eame pas ce que c&rsquo;est un microbiote sain<\/strong><\/em>\u00ab\u00a0, explique-t-elle.<\/p>\n<p>\u00ab\u00a0<em>Globalement, on sait qu\u2019une faible biodiversit\u00e9 du microbiote intestinal est plut\u00f4t un signe de mauvaise composition, mais il n\u2019existe pas de seuils ni d&rsquo;outils cliniques permettant de dire qu\u2019au-del\u00e0 d\u2019un certain nombre d\u2019esp\u00e8ces c\u2019est &lsquo;<\/em>bon<em>&lsquo;, et qu\u2019en-de\u00e7\u00e0 c\u2019est &lsquo;<\/em>moins bon<em>&lsquo;.. <strong>Chacun a un microbiote unique<\/strong><\/em>\u00ab\u00a0, d\u00e9taille encore <a href=\"https:\/\/micalis.hub.inrae.fr\/poles-et-equipes\/pole-ecosystemes-alimentaires-et-digestifs\/fonctionnalite-de-l-ecosysteme-intestinal-nicolas-lapaque\/membres-de-l-equipe\/patrick-veiga\" target=\"_blank\" rel=\"evidence nofollow noopener\" shape=\"rect\">Patrick Veiga<\/a>, directeur scientifique de l&rsquo;unit\u00e9 MetaGenoPolis \u00e0 l&rsquo;INRAE.<\/p>\n<div class=\"g2picture\">\n<figure><img src=\"https:\/\/belux-edmo.s3-accelerate.amazonaws.com\/wp-content\/uploads\/2026\/01\/84192e5723abcca42a69b69230da329c9030c04b-ipad_resized.jpg\" \/><figcaption>Cette photo prise le 4 d\u00e9cembre 2018 montre un syst\u00e8me digestif expos\u00e9 lors de l&rsquo;exposition intitul\u00e9e \u00ab Microbiote \u00bb \u00e0 la Cit\u00e9 des sciences et de l&rsquo;industrie, \u00e0 Paris. &#8211; AFP<\/figcaption><\/figure>\n<\/div>\n<p><b>Des tests jusqu&rsquo;\u00e0 300 euros<\/b><\/p>\n<p>C&rsquo;est pourquoi les tests de \u00ab\u00a0<em>dosage<\/em>\u00a0\u00bb ou \u00ab\u00a0<em>bilan<\/em>\u00a0\u00bb du microbiote intestinal propos\u00e9s depuis quelques ann\u00e9es par des laboratoires sont \u00ab\u00a0<em>inutiles\u00a0\u00bb<\/em>, expliquent les sp\u00e9cialistes.<\/p>\n<p>Tr\u00e8s populaires sur les r\u00e9seaux sociaux, ces tests &#8211; <strong>non rembours\u00e9s par la s\u00e9curit\u00e9 sociale et qui peuvent co\u00fbter entre 100 et 300 euros<\/strong> &#8211; sont r\u00e9alis\u00e9s \u00e0 partir d&rsquo;un \u00e9chantillon de selles, gr\u00e2ce \u00e0 un kit envoy\u00e9 \u00e0 domicile. La plupart promettent de r\u00e9aliser une \u00ab\u00a0<em>cartographie<\/em>\u00a0\u00bb du microbiote suivie de \u00ab\u00a0<em>recommandations sur mesure<\/em>\u00ab\u00a0.<\/p>\n<p>Cependant, \u00ab\u00a0<strong><em>ces tests ne sont pas encore<\/em><em>\u00a0fiables<\/em><\/strong>\u00ab\u00a0, pointe Mme Rodriguez qui a particip\u00e9 \u00e0 une \u00e9tude sur le sujet.<\/p>\n<p>En 2024, avec plusieurs scientifiques de l\u2019association europ\u00e9enne Pharmabiotic Research Institute (PRI), et dans le cadre du <a href=\"https:\/\/humanmicrobiomeaction.eu\/\" target=\"_blank\" rel=\"evidence nofollow noopener\" shape=\"rect\">programme europ\u00e9en<\/a> \u00ab\u00a0<em>Human Microbiome Action<\/em>\u00ab\u00a0, ils ont envoy\u00e9 un m\u00eame \u00e9chantillon de selles \u00e0 six entreprises proposant des analyses de microbiote. Les r\u00e9sultats, publi\u00e9s dans\u00a0<a href=\"https:\/\/pubmed.ncbi.nlm.nih.gov\/39695869\/\" target=\"_blank\" rel=\"evidence nofollow noopener\" shape=\"rect\">la revue Microbiome<\/a> (lien archiv\u00e9 <a href=\"https:\/\/perma.cc\/EU3G-APXB\" target=\"_blank\" rel=\"evidence frozen nofollow noopener\" shape=\"rect\">ici<\/a>), montrent de grandes divergences dans les r\u00e9sultats.<\/p>\n<p>\u00ab\u00a0<em>Nous avons re\u00e7u six rapports compl\u00e8tement diff\u00e9rents, <strong>certains qualifiant la diversit\u00e9 microbienne de mauvaise, faible ou tr\u00e8s bonne<\/strong>. Il y a un vrai manque de standardisation des m\u00e9thodes qui entache la fiabilit\u00e9 de l&rsquo;analyse<\/em>\u00ab\u00a0, d\u00e9crit-elle.<\/p>\n<div class=\"g2picture\">\n<figure><img src=\"https:\/\/belux-edmo.s3-accelerate.amazonaws.com\/wp-content\/uploads\/2026\/01\/73fb09ff4acb3bff2f4abbbc5f018b6ad7e415c1-ipad_resized.jpg\" \/><figcaption>Capture d&rsquo;\u00e9cran d&rsquo;une publication sur Instagram, r\u00e9alis\u00e9e le 16\/01\/2025.<\/figcaption><\/figure>\n<\/div>\n<p>De plus, <strong>il n&rsquo;est pas possible de faire des diagnostics \u00e0 partir des r\u00e9sultats obtenus<\/strong>, soutiennent les professionnels.<\/p>\n<p>En effet, ces tests peuvent donner \u00ab\u00a0<em>un profil de la composition de votre microbiote intestinal, voire des g\u00e8nes port\u00e9s par vos bact\u00e9ries<\/em>\u00ab\u00a0, d\u00e9veloppe M. Veiga, mais \u00ab\u00a0<em>savoir que vous avez davantage certaines bact\u00e9ries que d&rsquo;autres, ne permet pas aujourd&rsquo;hui de poser un diagnostic, ni de donner des recommandations pr\u00e9cises pour mieux manger ou \u00e9viter tel ou tel aliment<\/em>\u00ab\u00a0.<\/p>\n<p>Ainsi, ces tests peuvent pour l&rsquo;instant n&rsquo;\u00eatre que \u00ab\u00a0<em>r\u00e9cr\u00e9atifs, pour satisfaire une curiosit\u00e9<\/em>\u00a0\u00bb et<strong>\u00a0sont inutiles pour\u00a0\u00ab\u00a0<em>des diagnostics cliniques ou pour prendre des d\u00e9cisions m\u00e9dicales ou nutritionnelles<\/em><\/strong>\u00ab\u00a0, insiste-t-il.<\/p>\n<p>\u00ab\u00a0<em>43% de la population souffre de sympt\u00f4mes digestifs mod\u00e9r\u00e9s \u00e0 s\u00e9v\u00e8res, c&rsquo;est un vrai probl\u00e8me. Mais <strong>il n&rsquo;existe pas -aujourd&rsquo;hui- de solutions bas\u00e9es sur l&rsquo;analyse du microbiote intestinal<\/strong><\/em>\u00ab\u00a0, rench\u00e9rit M. Veiga alors que de plus en plus de personnes -et surtout de femmes- se tournent vers ces tests \u00e0 la recherche de r\u00e9ponses et de solutions face \u00e0 leurs probl\u00e8mes digestifs.<\/p>\n<p>De m\u00eame, au moins 5% de la population souffre du syndrome de l&rsquo;intestin irritable, une maladie \u00ab\u00a0<em>complexe<\/em>\u00ab\u00a0, aux sympt\u00f4mes \u00ab\u00a0<em>multifactoriels<\/em>\u00ab\u00a0, pour laquelle \u00ab\u00a0<em>le r\u00f4le du microbiote n&rsquo;est qu&rsquo;un des nombreux composants<\/em>\u00ab\u00a0, insiste M. Laharie.<\/p>\n<p>\u00ab\u00a0<em>Malheureusement, c&rsquo;est une situation o\u00f9 la m\u00e9decine conventionnelle est en difficult\u00e9 pour soulager correctement les patients, et sur laquelle s&rsquo;engouffrent des th\u00e9rapies alternatives, voire du charlatanisme, avec\u00a0<strong>un business qui profite de la d\u00e9tresse de patients qui ont d&rsquo;authentiques sympt\u00f4mes digestifs<\/strong><\/em>\u00ab\u00a0, alerte-t-il.<\/p>\n<p><b>Un vaste march\u00e9 de compl\u00e9ments alimentaires<\/b><\/p>\n<p>En effet, contrairement aux m\u00e9decins, de nombreux pseudo-coachs pl\u00e9biscitent ces tests et proposent d&rsquo;analyser les r\u00e9sultats sur lesquels ils pr\u00e9tendent s&rsquo;appuyer pour prescrire des r\u00e9gimes sp\u00e9cifiques ou des cures de compl\u00e9ments alimentaires -pr\u00e9biotiques ou probiotiques- cens\u00e9s r\u00e9\u00e9quilibrer, maintenir ou soutenir le microbiote. Mais, l\u00e0 encore, <strong>les preuves d&rsquo;efficacit\u00e9 sont loin d&rsquo;\u00eatre convaincantes<\/strong>.<\/p>\n<p>Il serait par exemple \u00ab\u00a0<em>risqu\u00e9<\/em>\u00ab\u00a0, affirme M. Veiga, \u00ab\u00a0<em>d&rsquo;\u00e9liminer de l&rsquo;alimentation toutes les fibres et tous les aliments qui pourraient causer des troubles, sans regarder de fa\u00e7on cibl\u00e9e<\/em>\u00ab\u00a0, ce qui peut-\u00eatre \u00ab\u00a0<em>pr\u00e9judiciable pour la sant\u00e9 sur le long terme<\/em>\u00ab\u00a0.<\/p>\n<p><span data-teams=\"true\">Quant aux compl\u00e9ments alimentaires, <strong>le march\u00e9 regorge de pr\u00e9biotiques et de probiotiques, compos\u00e9s de micro-organismes cens\u00e9s avoir un effet b\u00e9n\u00e9fique sur la sant\u00e9.<\/strong> Prudence toutefois car <strong>les compl\u00e9ments alimentaires ne sont pas soumis \u00e0 une autorisation de mise sur le march\u00e9<\/strong>, contrairement aux m\u00e9dicaments. Aucune \u00e9tude d&rsquo;efficacit\u00e9 ou d&rsquo;innocuit\u00e9 n&rsquo;est requise avant leur commercialisation.<\/span><\/p>\n<p>&nbsp;<\/p>\n<div class=\"g2picture\">\n<figure><img src=\"https:\/\/belux-edmo.s3-accelerate.amazonaws.com\/wp-content\/uploads\/2026\/01\/57a5fda1ee52e3c621e35e8d1cdb7fd71272464a-ipad_resized.jpg\" \/><figcaption>Photographie dans une cha\u00eene de magasins de compl\u00e9ments alimentaires \u00e0 Sydney, le 16 f\u00e9vrier 2016. &#8211; SAEED KHAN \/ AFP<\/figcaption><\/figure>\n<\/div>\n<p>&nbsp;<\/p>\n<p><span data-teams=\"true\">Ils ne peuvent revendiquer d&rsquo;effets th\u00e9rapeutiques, et les effets positifs sur la sant\u00e9 qu&rsquo;ils peuvent afficher sont encadr\u00e9s par l&rsquo;Union europ\u00e9enne. C&rsquo;est l&rsquo;Autorit\u00e9 europ\u00e9enne de s\u00e9curit\u00e9 des aliments (EFSA) qui est charg\u00e9e d&rsquo;examiner les all\u00e9gations soumises par les industriels <strong>avant de commercialiser leurs produits<\/strong> &#8211; telles que \u00ab\u00a0<em>am\u00e9liore la sant\u00e9 intestinale<\/em>\u00a0\u00bb ou \u00ab\u00a0<em>renforce l&rsquo;immunit\u00e9<\/em>\u00a0\u00bb &#8211; et de d\u00e9terminer si elles peuvent \u00eatre \u00e9tay\u00e9es par des preuves scientifiques.<\/span><\/p>\n<p><span data-teams=\"true\">\u00ab\u00a0<em>Pour le terme +probiotique+, <strong>nous avons \u00e9valu\u00e9 129 demandes, aucune n&rsquo;a \u00e9t\u00e9 autoris\u00e9e par la Commission europ\u00e9enne<\/strong><\/em>\u00ab\u00a0, a expliqu\u00e9 \u00e0 l&rsquo;AFP Edward Bray, de l&rsquo;EFSA, comme nous pouvons le voir\u00a0<a href=\"https:\/\/ec.europa.eu\/food\/food-feed-portal\/screen\/health-claims\/eu-register\" target=\"_blank\" rel=\"nofollow noopener evidence\" shape=\"rect\" aria-label=\"Lien ici\">ici<\/a> (lien archiv\u00e9 ici).<\/span><\/p>\n<p><span data-teams=\"true\">\u00ab\u00a0<em>Les termes tels que +renforcement+ ou +augmentation+ de la flore intestinale sont interdits<\/em>\u00a0\u00bb sur l\u2019\u00e9tiquetage ou dans les communications \u00e0 caract\u00e8re commercial de ces produits, ajoute \u00e9galement aupr\u00e8s de l&rsquo;AFP la DGCCRF.<\/span><\/p>\n<p>Quant \u00e0 l&rsquo;efficacit\u00e9 des probiotiques, M. Laharie explique que <em>\u00ab\u00a0le probl\u00e8me est qu&rsquo;<strong>on extrapole souvent les r\u00e9sultats de quelques \u00e9tudes<\/strong> bien faites et positives \u00e0 l&rsquo;ensemble des probiotiques<\/em>\u00ab\u00a0.<\/p>\n<p>\u00ab\u00a0<em>On a tout un tas de probiotiques qui existent sur le march\u00e9 alors que seulement quelques-uns ont une efficacit\u00e9 d\u00e9montr\u00e9e. Pour s&rsquo;y retrouver, il faut regarder la souche pr\u00e9sente dans le produit et chercher les \u00e9tudes scientifiques qui s&rsquo;y r\u00e9f\u00e8rent<\/em>\u00ab\u00a0, explique-t-il. M\u00eame chose du c\u00f4t\u00e9 des pr\u00e9biotiques, <strong>il existe \u00ab\u00a0<em>beaucoup de litt\u00e9rature<\/em>\u00ab\u00a0, mais \u00ab\u00a0<em>peu de preuves scientifique<\/em>\u00ab\u00a0<\/strong>.<\/p>\n<p><b>Des recherches en cours<\/b><\/p>\n<p>Afin de <strong>mieux comprendre le r\u00f4le du microbiote intestinal et les liens \u00e9ventuels entre ses d\u00e9s\u00e9quilibres et diverses maladies<\/strong>, le projet nomm\u00e9 \u00ab\u00a0<em>Le French Gut &#8211; le microbiote fran\u00e7ais<\/em>\u00a0\u00bb lanc\u00e9 il y a trois ans, vise \u00e0 collecter 100.000 \u00e9chantillons d&rsquo;ici 2029, comme expliqu\u00e9 dans\u00a0<a href=\"https:\/\/www.france24.com\/fr\/info-en-continu\/20251121-microbiote-intestinal-des-fran%C3%A7ais-les-enfants-et-adolescents-%C3%A0-leur-tour-en-selles\" target=\"_blank\" rel=\"evidence nofollow noopener\" shape=\"rect\">cet article<\/a> de l&rsquo;AFP (lien archiv\u00e9 <a href=\"https:\/\/perma.cc\/Q6BV-N5MQ\" target=\"_blank\" rel=\"evidence frozen nofollow noopener\" shape=\"rect\">ici<\/a>).<\/p>\n<p>L&rsquo;objectif est notamment d&rsquo;identifier des profils de microbiote de personnes en bonne sant\u00e9 et d&rsquo;en faire une sorte de barom\u00e8tre.<\/p>\n<p>\u00ab\u00a0<em>Aujourd&rsquo;hui, on n&rsquo;a pas cette +carte+ des microbiotes qui nous permettrait de dire +<\/em><em>vous avez tel microbiote, alors cette intervention serait meilleure pour vous, et \u00e0 l\u2019inverse un autre type de microbiote appellerait une autre intervention+<\/em>\u00ab\u00a0, d\u00e9crit Patrick Veiga, co-pilote du projet.<\/p>\n<p>\u00ab\u00a0<em>On esp\u00e8re bien qu&rsquo;avec cette carte, on pourra classer et guider les citoyens<\/em><em>. <strong>C&rsquo;est la science de demain, ou d&rsquo;apr\u00e8s-demain<\/strong>. On n&rsquo;y est pas encore mais on y travaille.<\/em>\u00ab\u00a0<\/p>\n","protected":false},"excerpt":{"rendered":"<p>Sur les r\u00e9seaux sociaux, de nombreux influenceurs et \u00ab\u00a0coachs\u00a0\u00bb \u00e9voquent le microbiote intestinal, un \u00e9cosyst\u00e8me complexe de micro-organismes dont le r\u00f4le sur la sant\u00e9 globale fait l&rsquo;objet de recherches scientifiques. De nombreuses vid\u00e9os alertent notamment sur les signes d&rsquo;un microbiote d\u00e9s\u00e9quilibr\u00e9 et recommandent de r\u00e9aliser des tests de \u00ab\u00a0dosage\u00a0\u00bb avant de \u00ab\u00a0prescrire\u00a0\u00bb des cures de compl\u00e9ments alimentaires. Cependant, les experts pr\u00e9conisent de se m\u00e9fier de ces raccourcis: le microbiote intestinal reste avant tout un sujet de recherche. Ils d\u00e9noncent d&rsquo;ailleurs l&rsquo;inutilit\u00e9 des tests vant\u00e9s qui ne permettent pas d&rsquo;\u00e9tablir de diagnostic ni de faire des recommandations.<\/p>\n","protected":false},"author":1,"featured_media":506607,"comment_status":"closed","ping_status":"closed","sticky":false,"template":"","format":"standard","meta":{"_acf_changed":false,"footnotes":""},"categories":[452,125,129,135,138],"tags":[],"class_list":{"0":"post-506632","1":"post","2":"type-post","3":"status-publish","4":"format-standard","5":"has-post-thumbnail","7":"category-editors-choice-fr","8":"category-fact-check-fr","9":"category-sante","10":"category-science-fr","11":"category-societe"},"acf":{"show_metatags":true,"id":"http:\/\/doc.afp.com\/89VT6CQ","authors":"Chlo\u00e9 RABS \/ AFP France","organization":"AFP","featured_image_copyright":"Photographie de l'exposition intitul\u00e9e \u00ab Microbiote \u00bb \u00e0 la Cit\u00e9 des sciences et de l'industrie, \u00e0 Paris, le 4 d\u00e9cembre 2018. - AFP","text_copyright":"\u00a9 AGENCE FRANCE-PRESSE | 2026 | Tous droits r\u00e9serv\u00e9s. L\u2019acc\u00e8s aux contenus de l'AFP publi\u00e9s sur ce site et, le cas \u00e9ch\u00e9ant, leur utilisation sont soumis aux conditions g\u00e9n\u00e9rales d'utilisation disponibles sur <a href='https:\/\/www.afp.com\/fr\/cgu' target='_blank'>CGU<\/a>. Par cons\u00e9quent, en acc\u00e9dant aux contenus de l\u2019AFP publi\u00e9s sur ce site, et en les utilisant, le cas \u00e9ch\u00e9ant, vous acceptez d'\u00eatre li\u00e9 par les conditions g\u00e9n\u00e9rales d'utilisation susmentionn\u00e9es. L\u2019utilisation de contenus de l'AFP se fait sous votre seule et enti\u00e8re responsabilit\u00e9.","source":"https:\/\/factuel.afp.com\/doc.afp.com.89VT6CQ","fact_checker":"https:\/\/belux.wpengine.com\/wp-content\/uploads\/2021\/12\/afp_logo.png","share_this_post_to_edmo_website":false,"affiliation":"BELUX","type":"\u00c9v\u00e9nement ferm\u00e9","location":"","start_date":"","start_date_event_begins_at":"","start_date_event_ends_at":"","end_date":"","end_date_event_begins_at":"","end_date_event_ends_at":"","organizer":"","fact_checker_logo_image":false},"yoast_head":"<!-- This site is optimized with the Yoast SEO plugin v27.0 - https:\/\/yoast.com\/product\/yoast-seo-wordpress\/ -->\n<title>Analyses, compl\u00e9ments alimentaires : attention \u00e0 ces informations trompeuses sur le microbiote - EDMO Belux<\/title>\n<meta name=\"robots\" content=\"index, follow, max-snippet:-1, max-image-preview:large, max-video-preview:-1\" \/>\n<link rel=\"canonical\" href=\"https:\/\/belux.edmo.eu\/fr\/analyses-complments-alimentaires-attention-ces-informations-trompeuses-sur-le-microbiote\/\" \/>\n<meta property=\"og:locale\" content=\"fr_FR\" \/>\n<meta property=\"og:type\" content=\"article\" \/>\n<meta property=\"og:title\" content=\"Analyses, compl\u00e9ments alimentaires : attention \u00e0 ces informations trompeuses sur le microbiote - EDMO Belux\" \/>\n<meta property=\"og:description\" content=\"Sur les r\u00e9seaux sociaux, de nombreux influenceurs et &quot;coachs&quot; \u00e9voquent le microbiote intestinal, un \u00e9cosyst\u00e8me complexe de micro-organismes dont le r\u00f4le sur la sant\u00e9 globale fait l&#039;objet de recherches scientifiques. De nombreuses vid\u00e9os alertent notamment sur les signes d&#039;un microbiote d\u00e9s\u00e9quilibr\u00e9 et recommandent de r\u00e9aliser des tests de &quot;dosage&quot; avant de &quot;prescrire&quot; des cures de compl\u00e9ments alimentaires. Cependant, les experts pr\u00e9conisent de se m\u00e9fier de ces raccourcis: le microbiote intestinal reste avant tout un sujet de recherche. Ils d\u00e9noncent d&#039;ailleurs l&#039;inutilit\u00e9 des tests vant\u00e9s qui ne permettent pas d&#039;\u00e9tablir de diagnostic ni de faire des recommandations.\" \/>\n<meta property=\"og:url\" content=\"https:\/\/belux.edmo.eu\/fr\/analyses-complments-alimentaires-attention-ces-informations-trompeuses-sur-le-microbiote\/\" \/>\n<meta property=\"og:site_name\" content=\"EDMO Belux\" \/>\n<meta property=\"article:published_time\" content=\"2026-01-27T13:53:23+00:00\" \/>\n<meta property=\"article:modified_time\" content=\"2026-01-27T14:59:43+00:00\" \/>\n<meta property=\"og:image\" content=\"https:\/\/belux-edmo.s3-accelerate.amazonaws.com\/wp-content\/uploads\/2026\/01\/ef1c6baff354e93abc86440dea4d292a8127b425-ipad_resized.jpg\" \/>\n\t<meta property=\"og:image:width\" content=\"1080\" \/>\n\t<meta property=\"og:image:height\" content=\"720\" \/>\n\t<meta property=\"og:image:type\" content=\"image\/jpeg\" \/>\n<meta name=\"author\" content=\"master\" \/>\n<meta name=\"twitter:card\" content=\"summary_large_image\" \/>\n<meta name=\"twitter:creator\" content=\"@Edmo_Belux\" \/>\n<meta name=\"twitter:site\" content=\"@Edmo_Belux\" \/>\n<meta name=\"twitter:label1\" content=\"\u00c9crit par\" \/>\n\t<meta name=\"twitter:data1\" content=\"master\" \/>\n\t<meta name=\"twitter:label2\" content=\"Dur\u00e9e de lecture estim\u00e9e\" \/>\n\t<meta name=\"twitter:data2\" content=\"9 minutes\" \/>\n<script type=\"application\/ld+json\" class=\"yoast-schema-graph\">{\"@context\":\"https:\/\/schema.org\",\"@graph\":[{\"@type\":\"Article\",\"@id\":\"https:\/\/belux.edmo.eu\/fr\/analyses-complments-alimentaires-attention-ces-informations-trompeuses-sur-le-microbiote\/#article\",\"isPartOf\":{\"@id\":\"https:\/\/belux.edmo.eu\/fr\/analyses-complments-alimentaires-attention-ces-informations-trompeuses-sur-le-microbiote\/\"},\"author\":{\"name\":\"master\",\"@id\":\"https:\/\/belux.edmo.eu\/#\/schema\/person\/dbe3b252258537fd318f9b5645a30342\"},\"headline\":\"Analyses, compl\u00e9ments alimentaires : attention \u00e0 ces informations trompeuses sur le microbiote\",\"datePublished\":\"2026-01-27T13:53:23+00:00\",\"dateModified\":\"2026-01-27T14:59:43+00:00\",\"mainEntityOfPage\":{\"@id\":\"https:\/\/belux.edmo.eu\/fr\/analyses-complments-alimentaires-attention-ces-informations-trompeuses-sur-le-microbiote\/\"},\"wordCount\":2025,\"publisher\":{\"@id\":\"https:\/\/belux.edmo.eu\/#organization\"},\"image\":{\"@id\":\"https:\/\/belux.edmo.eu\/fr\/analyses-complments-alimentaires-attention-ces-informations-trompeuses-sur-le-microbiote\/#primaryimage\"},\"thumbnailUrl\":\"https:\/\/belux-edmo.s3-accelerate.amazonaws.com\/wp-content\/uploads\/2026\/01\/ef1c6baff354e93abc86440dea4d292a8127b425-ipad_resized.jpg\",\"articleSection\":[\"Editor's Choice Slider FR\",\"Fact-Check\",\"Sante\",\"Science\",\"Societe\"],\"inLanguage\":\"fr-FR\"},{\"@type\":\"WebPage\",\"@id\":\"https:\/\/belux.edmo.eu\/fr\/analyses-complments-alimentaires-attention-ces-informations-trompeuses-sur-le-microbiote\/\",\"url\":\"https:\/\/belux.edmo.eu\/fr\/analyses-complments-alimentaires-attention-ces-informations-trompeuses-sur-le-microbiote\/\",\"name\":\"Analyses, compl\u00e9ments alimentaires : attention \u00e0 ces informations trompeuses sur le microbiote - EDMO Belux\",\"isPartOf\":{\"@id\":\"https:\/\/belux.edmo.eu\/#website\"},\"primaryImageOfPage\":{\"@id\":\"https:\/\/belux.edmo.eu\/fr\/analyses-complments-alimentaires-attention-ces-informations-trompeuses-sur-le-microbiote\/#primaryimage\"},\"image\":{\"@id\":\"https:\/\/belux.edmo.eu\/fr\/analyses-complments-alimentaires-attention-ces-informations-trompeuses-sur-le-microbiote\/#primaryimage\"},\"thumbnailUrl\":\"https:\/\/belux-edmo.s3-accelerate.amazonaws.com\/wp-content\/uploads\/2026\/01\/ef1c6baff354e93abc86440dea4d292a8127b425-ipad_resized.jpg\",\"datePublished\":\"2026-01-27T13:53:23+00:00\",\"dateModified\":\"2026-01-27T14:59:43+00:00\",\"breadcrumb\":{\"@id\":\"https:\/\/belux.edmo.eu\/fr\/analyses-complments-alimentaires-attention-ces-informations-trompeuses-sur-le-microbiote\/#breadcrumb\"},\"inLanguage\":\"fr-FR\",\"potentialAction\":[{\"@type\":\"ReadAction\",\"target\":[\"https:\/\/belux.edmo.eu\/fr\/analyses-complments-alimentaires-attention-ces-informations-trompeuses-sur-le-microbiote\/\"]}]},{\"@type\":\"ImageObject\",\"inLanguage\":\"fr-FR\",\"@id\":\"https:\/\/belux.edmo.eu\/fr\/analyses-complments-alimentaires-attention-ces-informations-trompeuses-sur-le-microbiote\/#primaryimage\",\"url\":\"https:\/\/belux-edmo.s3-accelerate.amazonaws.com\/wp-content\/uploads\/2026\/01\/ef1c6baff354e93abc86440dea4d292a8127b425-ipad_resized.jpg\",\"contentUrl\":\"https:\/\/belux-edmo.s3-accelerate.amazonaws.com\/wp-content\/uploads\/2026\/01\/ef1c6baff354e93abc86440dea4d292a8127b425-ipad_resized.jpg\",\"width\":1080,\"height\":720,\"caption\":\"Analyses, compl\u00e9ments alimentaires : attention \u00e0 ces informations trompeuses sur le microbiote - Featured image\"},{\"@type\":\"BreadcrumbList\",\"@id\":\"https:\/\/belux.edmo.eu\/fr\/analyses-complments-alimentaires-attention-ces-informations-trompeuses-sur-le-microbiote\/#breadcrumb\",\"itemListElement\":[{\"@type\":\"ListItem\",\"position\":1,\"name\":\"Home\",\"item\":\"https:\/\/belux.edmo.eu\/fr\/\"},{\"@type\":\"ListItem\",\"position\":2,\"name\":\"Analyses, compl\u00e9ments alimentaires : attention \u00e0 ces informations trompeuses sur le microbiote\"}]},{\"@type\":\"WebSite\",\"@id\":\"https:\/\/belux.edmo.eu\/#website\",\"url\":\"https:\/\/belux.edmo.eu\/\",\"name\":\"EDMO Belux\",\"description\":\"Monitoring Disinformation in Belgium and Luxembourg\",\"publisher\":{\"@id\":\"https:\/\/belux.edmo.eu\/#organization\"},\"potentialAction\":[{\"@type\":\"SearchAction\",\"target\":{\"@type\":\"EntryPoint\",\"urlTemplate\":\"https:\/\/belux.edmo.eu\/?s={search_term_string}\"},\"query-input\":{\"@type\":\"PropertyValueSpecification\",\"valueRequired\":true,\"valueName\":\"search_term_string\"}}],\"inLanguage\":\"fr-FR\"},{\"@type\":\"Organization\",\"@id\":\"https:\/\/belux.edmo.eu\/#organization\",\"name\":\"EDMO Belux\",\"url\":\"https:\/\/belux.edmo.eu\/\",\"logo\":{\"@type\":\"ImageObject\",\"inLanguage\":\"fr-FR\",\"@id\":\"https:\/\/belux.edmo.eu\/#\/schema\/logo\/image\/\",\"url\":\"https:\/\/belux.edmo.eu\/wp-content\/uploads\/2021\/12\/belux-logo-full-color-rgb.svg\",\"contentUrl\":\"https:\/\/belux.edmo.eu\/wp-content\/uploads\/2021\/12\/belux-logo-full-color-rgb.svg\",\"width\":1,\"height\":1,\"caption\":\"EDMO Belux\"},\"image\":{\"@id\":\"https:\/\/belux.edmo.eu\/#\/schema\/logo\/image\/\"},\"sameAs\":[\"https:\/\/x.com\/Edmo_Belux\"]},{\"@type\":\"Person\",\"@id\":\"https:\/\/belux.edmo.eu\/#\/schema\/person\/dbe3b252258537fd318f9b5645a30342\",\"name\":\"master\",\"sameAs\":[\"https:\/\/belux.wpengine.com\"],\"url\":\"https:\/\/belux.edmo.eu\/fr\/author\/master\/\"}]}<\/script>\n<!-- \/ Yoast SEO plugin. -->","yoast_head_json":{"title":"Analyses, compl\u00e9ments alimentaires : attention \u00e0 ces informations trompeuses sur le microbiote - EDMO Belux","robots":{"index":"index","follow":"follow","max-snippet":"max-snippet:-1","max-image-preview":"max-image-preview:large","max-video-preview":"max-video-preview:-1"},"canonical":"https:\/\/belux.edmo.eu\/fr\/analyses-complments-alimentaires-attention-ces-informations-trompeuses-sur-le-microbiote\/","og_locale":"fr_FR","og_type":"article","og_title":"Analyses, compl\u00e9ments alimentaires : attention \u00e0 ces informations trompeuses sur le microbiote - EDMO Belux","og_description":"Sur les r\u00e9seaux sociaux, de nombreux influenceurs et \"coachs\" \u00e9voquent le microbiote intestinal, un \u00e9cosyst\u00e8me complexe de micro-organismes dont le r\u00f4le sur la sant\u00e9 globale fait l'objet de recherches scientifiques. De nombreuses vid\u00e9os alertent notamment sur les signes d'un microbiote d\u00e9s\u00e9quilibr\u00e9 et recommandent de r\u00e9aliser des tests de \"dosage\" avant de \"prescrire\" des cures de compl\u00e9ments alimentaires. Cependant, les experts pr\u00e9conisent de se m\u00e9fier de ces raccourcis: le microbiote intestinal reste avant tout un sujet de recherche. Ils d\u00e9noncent d'ailleurs l'inutilit\u00e9 des tests vant\u00e9s qui ne permettent pas d'\u00e9tablir de diagnostic ni de faire des recommandations.","og_url":"https:\/\/belux.edmo.eu\/fr\/analyses-complments-alimentaires-attention-ces-informations-trompeuses-sur-le-microbiote\/","og_site_name":"EDMO Belux","article_published_time":"2026-01-27T13:53:23+00:00","article_modified_time":"2026-01-27T14:59:43+00:00","og_image":[{"width":1080,"height":720,"url":"https:\/\/belux-edmo.s3-accelerate.amazonaws.com\/wp-content\/uploads\/2026\/01\/ef1c6baff354e93abc86440dea4d292a8127b425-ipad_resized.jpg","type":"image\/jpeg"}],"author":"master","twitter_card":"summary_large_image","twitter_creator":"@Edmo_Belux","twitter_site":"@Edmo_Belux","twitter_misc":{"\u00c9crit par":"master","Dur\u00e9e de lecture estim\u00e9e":"9 minutes"},"schema":{"@context":"https:\/\/schema.org","@graph":[{"@type":"Article","@id":"https:\/\/belux.edmo.eu\/fr\/analyses-complments-alimentaires-attention-ces-informations-trompeuses-sur-le-microbiote\/#article","isPartOf":{"@id":"https:\/\/belux.edmo.eu\/fr\/analyses-complments-alimentaires-attention-ces-informations-trompeuses-sur-le-microbiote\/"},"author":{"name":"master","@id":"https:\/\/belux.edmo.eu\/#\/schema\/person\/dbe3b252258537fd318f9b5645a30342"},"headline":"Analyses, compl\u00e9ments alimentaires : attention \u00e0 ces informations trompeuses sur le microbiote","datePublished":"2026-01-27T13:53:23+00:00","dateModified":"2026-01-27T14:59:43+00:00","mainEntityOfPage":{"@id":"https:\/\/belux.edmo.eu\/fr\/analyses-complments-alimentaires-attention-ces-informations-trompeuses-sur-le-microbiote\/"},"wordCount":2025,"publisher":{"@id":"https:\/\/belux.edmo.eu\/#organization"},"image":{"@id":"https:\/\/belux.edmo.eu\/fr\/analyses-complments-alimentaires-attention-ces-informations-trompeuses-sur-le-microbiote\/#primaryimage"},"thumbnailUrl":"https:\/\/belux-edmo.s3-accelerate.amazonaws.com\/wp-content\/uploads\/2026\/01\/ef1c6baff354e93abc86440dea4d292a8127b425-ipad_resized.jpg","articleSection":["Editor's Choice Slider FR","Fact-Check","Sante","Science","Societe"],"inLanguage":"fr-FR"},{"@type":"WebPage","@id":"https:\/\/belux.edmo.eu\/fr\/analyses-complments-alimentaires-attention-ces-informations-trompeuses-sur-le-microbiote\/","url":"https:\/\/belux.edmo.eu\/fr\/analyses-complments-alimentaires-attention-ces-informations-trompeuses-sur-le-microbiote\/","name":"Analyses, compl\u00e9ments alimentaires : attention \u00e0 ces informations trompeuses sur le microbiote - EDMO Belux","isPartOf":{"@id":"https:\/\/belux.edmo.eu\/#website"},"primaryImageOfPage":{"@id":"https:\/\/belux.edmo.eu\/fr\/analyses-complments-alimentaires-attention-ces-informations-trompeuses-sur-le-microbiote\/#primaryimage"},"image":{"@id":"https:\/\/belux.edmo.eu\/fr\/analyses-complments-alimentaires-attention-ces-informations-trompeuses-sur-le-microbiote\/#primaryimage"},"thumbnailUrl":"https:\/\/belux-edmo.s3-accelerate.amazonaws.com\/wp-content\/uploads\/2026\/01\/ef1c6baff354e93abc86440dea4d292a8127b425-ipad_resized.jpg","datePublished":"2026-01-27T13:53:23+00:00","dateModified":"2026-01-27T14:59:43+00:00","breadcrumb":{"@id":"https:\/\/belux.edmo.eu\/fr\/analyses-complments-alimentaires-attention-ces-informations-trompeuses-sur-le-microbiote\/#breadcrumb"},"inLanguage":"fr-FR","potentialAction":[{"@type":"ReadAction","target":["https:\/\/belux.edmo.eu\/fr\/analyses-complments-alimentaires-attention-ces-informations-trompeuses-sur-le-microbiote\/"]}]},{"@type":"ImageObject","inLanguage":"fr-FR","@id":"https:\/\/belux.edmo.eu\/fr\/analyses-complments-alimentaires-attention-ces-informations-trompeuses-sur-le-microbiote\/#primaryimage","url":"https:\/\/belux-edmo.s3-accelerate.amazonaws.com\/wp-content\/uploads\/2026\/01\/ef1c6baff354e93abc86440dea4d292a8127b425-ipad_resized.jpg","contentUrl":"https:\/\/belux-edmo.s3-accelerate.amazonaws.com\/wp-content\/uploads\/2026\/01\/ef1c6baff354e93abc86440dea4d292a8127b425-ipad_resized.jpg","width":1080,"height":720,"caption":"Analyses, compl\u00e9ments alimentaires : attention \u00e0 ces informations trompeuses sur le microbiote - Featured image"},{"@type":"BreadcrumbList","@id":"https:\/\/belux.edmo.eu\/fr\/analyses-complments-alimentaires-attention-ces-informations-trompeuses-sur-le-microbiote\/#breadcrumb","itemListElement":[{"@type":"ListItem","position":1,"name":"Home","item":"https:\/\/belux.edmo.eu\/fr\/"},{"@type":"ListItem","position":2,"name":"Analyses, compl\u00e9ments alimentaires : attention \u00e0 ces informations trompeuses sur le microbiote"}]},{"@type":"WebSite","@id":"https:\/\/belux.edmo.eu\/#website","url":"https:\/\/belux.edmo.eu\/","name":"EDMO Belux","description":"Monitoring Disinformation in Belgium and Luxembourg","publisher":{"@id":"https:\/\/belux.edmo.eu\/#organization"},"potentialAction":[{"@type":"SearchAction","target":{"@type":"EntryPoint","urlTemplate":"https:\/\/belux.edmo.eu\/?s={search_term_string}"},"query-input":{"@type":"PropertyValueSpecification","valueRequired":true,"valueName":"search_term_string"}}],"inLanguage":"fr-FR"},{"@type":"Organization","@id":"https:\/\/belux.edmo.eu\/#organization","name":"EDMO Belux","url":"https:\/\/belux.edmo.eu\/","logo":{"@type":"ImageObject","inLanguage":"fr-FR","@id":"https:\/\/belux.edmo.eu\/#\/schema\/logo\/image\/","url":"https:\/\/belux.edmo.eu\/wp-content\/uploads\/2021\/12\/belux-logo-full-color-rgb.svg","contentUrl":"https:\/\/belux.edmo.eu\/wp-content\/uploads\/2021\/12\/belux-logo-full-color-rgb.svg","width":1,"height":1,"caption":"EDMO Belux"},"image":{"@id":"https:\/\/belux.edmo.eu\/#\/schema\/logo\/image\/"},"sameAs":["https:\/\/x.com\/Edmo_Belux"]},{"@type":"Person","@id":"https:\/\/belux.edmo.eu\/#\/schema\/person\/dbe3b252258537fd318f9b5645a30342","name":"master","sameAs":["https:\/\/belux.wpengine.com"],"url":"https:\/\/belux.edmo.eu\/fr\/author\/master\/"}]}},"menu_order":0,"_links":{"self":[{"href":"https:\/\/belux.edmo.eu\/fr\/wp-json\/wp\/v2\/posts\/506632","targetHints":{"allow":["GET"]}}],"collection":[{"href":"https:\/\/belux.edmo.eu\/fr\/wp-json\/wp\/v2\/posts"}],"about":[{"href":"https:\/\/belux.edmo.eu\/fr\/wp-json\/wp\/v2\/types\/post"}],"author":[{"embeddable":true,"href":"https:\/\/belux.edmo.eu\/fr\/wp-json\/wp\/v2\/users\/1"}],"replies":[{"embeddable":true,"href":"https:\/\/belux.edmo.eu\/fr\/wp-json\/wp\/v2\/comments?post=506632"}],"version-history":[{"count":0,"href":"https:\/\/belux.edmo.eu\/fr\/wp-json\/wp\/v2\/posts\/506632\/revisions"}],"wp:featuredmedia":[{"embeddable":true,"href":"https:\/\/belux.edmo.eu\/fr\/wp-json\/wp\/v2\/media\/506607"}],"wp:attachment":[{"href":"https:\/\/belux.edmo.eu\/fr\/wp-json\/wp\/v2\/media?parent=506632"}],"wp:term":[{"taxonomy":"category","embeddable":true,"href":"https:\/\/belux.edmo.eu\/fr\/wp-json\/wp\/v2\/categories?post=506632"},{"taxonomy":"post_tag","embeddable":true,"href":"https:\/\/belux.edmo.eu\/fr\/wp-json\/wp\/v2\/tags?post=506632"}],"curies":[{"name":"wp","href":"https:\/\/api.w.org\/{rel}","templated":true}]}}