{"id":507808,"date":"2026-02-13T09:54:21","date_gmt":"2026-02-13T09:54:21","guid":{"rendered":"https:\/\/belux.edmo.eu\/?p=507808"},"modified":"2026-02-13T13:38:53","modified_gmt":"2026-02-13T13:38:53","slug":"ces-cercueils-de-prtendus-soldats-polonais-morts-en-ukraine-ont-t-gnrs-par-ia","status":"publish","type":"post","link":"https:\/\/belux.edmo.eu\/fr\/ces-cercueils-de-prtendus-soldats-polonais-morts-en-ukraine-ont-t-gnrs-par-ia\/","title":{"rendered":"Ces cercueils de pr\u00e9tendus soldats polonais morts en Ukraine ont \u00e9t\u00e9 g\u00e9n\u00e9r\u00e9s par IA"},"content":{"rendered":"<p><strong>Depuis le d\u00e9but de la guerre en Ukraine, des campagnes de d\u00e9sinformation prorusses accompagnent les combats sur le terrain. R\u00e9cemment, des dizaines de publications cens\u00e9es montrer les corps de 200 mercenaires polonais morts pour d\u00e9fendre l&rsquo;Ukraine ont inond\u00e9 les r\u00e9seaux sociaux. Mais attention, les images relay\u00e9es par ces publications sont fausses : certaines ont \u00e9t\u00e9 g\u00e9n\u00e9r\u00e9es par intelligence artificielle (IA) et d\u2019autres sont beaucoup plus anciennes et ne montrent pas des soldats polonais. Car sur le fond, l\u2019arm\u00e9e polonaise n\u2019a pas envoy\u00e9 de soldats combattre en Ukraine.<\/strong><\/p>\n<p>\u00ab\u00a0<em>Plus de 200 corps des mercenaires polonais sont arriv\u00e9s \u00e0 Varsovie<\/em>\u00ab\u00a0, affirme un <a href=\"https:\/\/perma.cc\/TT4P-URG4\" target=\"_blank\" rel=\"appearance frozen nofollow noopener\" shape=\"rect\">post Facebook<\/a> qui cumule 2.800 mentions \u00ab\u00a0j\u2019aime\u00a0\u00bb depuis sa publication le 8 f\u00e9vrier 2026. Il brandit en preuve une image o\u00f9 l\u2019on voit des hommes en uniforme porter sur un tarmac d\u2019a\u00e9roport des cercueils recouverts d\u2019un drapeau aux couleurs de la Pologne.<\/p>\n<div class=\"g2picture\">\n<figure><img src=\"https:\/\/belux-edmo.s3-accelerate.amazonaws.com\/wp-content\/uploads\/2026\/02\/11f0d37db93bd3ae432f03574ba884a57ac22899-ipad_resized.jpg\" \/><\/figure>\n<\/div>\n<p>Capture d&rsquo;\u00e9cran d&rsquo;une publication Facebook, effectu\u00e9e le 11 f\u00e9vrier 2026 \/ Croix rouge et watermark IA ajout\u00e9s par l&rsquo;AFP.<\/p>\n<p>Selon le texte, ces cercueils seraient ceux de \u00ab\u00a0<em>tout un r\u00e9giment de soldats polonais <\/em><em>d\u00e9guis\u00e9 en mercenaires\u00a0\u00bb <\/em>et envoy\u00e9 \u00ab\u00a0<em>il y a deux semaines\u201d <\/em>sur le front ukrainien, avant d&rsquo;\u00eatre <em>\u00ab\u00a0\u00e9cras\u00e9 \u00e0 Kharkiv par l&rsquo;arm\u00e9e russe<\/em>\u00ab\u00a0.<\/p>\n<p>A la suite de cet \u00e9pisode<em>, \u00ab\u00a0l&rsquo;arm\u00e9e polonaise a indiqu\u00e9 au gouvernement qu&rsquo;elle n&rsquo;est pas pr\u00eate pour affronter une arm\u00e9e russe solide et donc ne voudrais <\/em>[sic]<em> plus effectuer des missions aux c\u00f4t\u00e9s des ukrainiens<\/em>\u00ab\u00a0, assure l&rsquo;auteur de la publication.<\/p>\n<p>Ce m\u00eame texte est aussi relay\u00e9 par d\u2019autres <a href=\"https:\/\/perma.cc\/36UQ-2WUK\" target=\"_blank\" rel=\"appearance frozen nofollow noopener\" shape=\"rect\">comptes<\/a> et <a href=\"https:\/\/perma.cc\/3E6K-MMFV\" target=\"_blank\" rel=\"appearance frozen nofollow noopener\" shape=\"rect\">pages<\/a> Facebook avec trois images diff\u00e9rentes, dont la principale montre des militaires r\u00e9unis dans une pi\u00e8ce autour de cercueils. Deux autres photos, plus \u00e0 valeur d&rsquo;illustration, montrent un groupe de soldats tenant un drapeau russe et des engins tirant des missiles, sous l&rsquo;oeil vigilant d&rsquo;un pavillon russe d\u00e9mesur\u00e9.<\/p>\n<div class=\"g2picture\">\n<figure><img src=\"https:\/\/belux-edmo.s3-accelerate.amazonaws.com\/wp-content\/uploads\/2026\/02\/17f6f7936154c512b970e9f0631ca113a4fafc49-ipad_resized.jpg\" \/><\/figure>\n<\/div>\n<p>Capture d&rsquo;\u00e9cran d&rsquo;une publication Facebook, effectu\u00e9e le 11 f\u00e9vrier 2026 \/ Croix rouge et watermark IA ajout\u00e9s par l&rsquo;AFP.<\/p>\n<p>Les publications affirmant que les corps de 200 soldats polonais auraient \u00e9t\u00e9 rapatri\u00e9s apr\u00e8s avoir \u00e9t\u00e9 tu\u00e9s sur le front ukrainien, en particulier celles avec l&rsquo;image des cercueils sur un tarmac, circulent dans de nombreuses langues (<a href=\"https:\/\/web.archive.org\/web\/20260210171752\/https:\/\/www.facebook.com\/plugins\/post.php?href=https%3A%2F%2Fwww.facebook.com%2FSzmydtTomasz%2Fposts%2Fpfbid02CNgrJV8o1BPox6ebUSgx9nHvrvBGYA7SiRNto4Huip5m7Wu4f2D3ti3hmj9Tb3Gml&amp;show_text=true&amp;width=1366\" target=\"_blank\" rel=\"appearance frozen nofollow noopener\" shape=\"rect\">polonais<\/a>, <a href=\"https:\/\/perma.cc\/3T9G-NDYA\" target=\"_blank\" rel=\"appearance frozen nofollow noopener\" shape=\"rect\">anglais<\/a>, <a href=\"https:\/\/web.archive.org\/web\/20260210174240\/https:\/\/www.facebook.com\/groups\/3802670993116741\/posts\/26110009668622888\/\" target=\"_blank\" rel=\"appearance frozen nofollow noopener\" shape=\"rect\">russe<\/a>, <a href=\"https:\/\/web.archive.org\/web\/20260210171006\/https:\/\/www.facebook.com\/groups\/2415683808529270\/posts\/25741864062151249\/\" target=\"_blank\" rel=\"appearance frozen nofollow noopener\" shape=\"rect\">mongol<\/a>) et sur de nombreux r\u00e9seaux sociaux (<a href=\"https:\/\/perma.cc\/5WUL-4KXE\" target=\"_blank\" rel=\"appearance frozen nofollow noopener\" shape=\"rect\">X<\/a>, <a href=\"https:\/\/perma.cc\/U6SB-9YE2\" target=\"_blank\" rel=\"appearance frozen nofollow noopener\" shape=\"rect\">Instagram<\/a>, <a href=\"https:\/\/web.archive.org\/web\/20260210174709\/https:\/\/www.threads.com\/@palinkasotto\/post\/DUGzTErjamH\/a-polish-mercenary-brigade-was-completely-destroyed-in-the-donbas-the-country-de\" target=\"_blank\" rel=\"appearance frozen nofollow noopener\" shape=\"rect\">Threads<\/a>, <a href=\"https:\/\/perma.cc\/NDN9-6ETE\" target=\"_blank\" rel=\"appearance frozen nofollow noopener\" shape=\"rect\">Telegram<\/a> et le r\u00e9seau russe <a href=\"https:\/\/perma.cc\/98HY-RMTN\" target=\"_blank\" rel=\"appearance frozen nofollow noopener\" shape=\"rect\">VKontakte<\/a>).<\/p>\n<p>Mais ce narratif, qui ressemble \u00e0 d\u2019autres campagnes de d\u00e9sinformation prorusses d\u00e9j\u00e0 analys\u00e9es par l&rsquo;AFP, repose en r\u00e9alit\u00e9 sur des images dont l&rsquo;une a \u00e9t\u00e9 g\u00e9n\u00e9r\u00e9e par IA et l&rsquo;autre est ancienne et d\u00e9contextualis\u00e9e. Par ailleurs, la Pologne s\u2019est toujours refus\u00e9e pour le moment \u00e0 envoyer des troupes en Ukraine.<\/p>\n<p><b>Une image g\u00e9n\u00e9r\u00e9e par IA<\/b><\/p>\n<p>Pour la premi\u00e8re image, celle montrant les cercueils port\u00e9s sur un tarmac d\u2019a\u00e9roport, une <a href=\"https:\/\/www.youtube.com\/watch?v=w6tpIBHhZLw\" target=\"_blank\" rel=\"evidence nofollow noopener\" shape=\"rect\">recherche par image invers\u00e9e<\/a> permet de constater qu\u2019elle n\u2019a \u00e9t\u00e9 partag\u00e9e par aucun m\u00e9dia cr\u00e9dible. Une autre recherche avec les mots-cl\u00e9s \u00ab\u00a0<em>200 soldats polonais tu\u00e9s en Ukraine\u00a0\u00bb<\/em>\u00a0ou \u00ab\u00a0<em>200 corps polonais \u00e0 Varsovie\u00a0\u00bb<\/em> r\u00e9v\u00e8le qu\u2019aucun m\u00e9dia s\u00e9rieux n\u2019a annonc\u00e9 un tel rapatriement de corps.<\/p>\n<p>Contact\u00e9 par AFP Factuel, le bureau de l&rsquo;AFP en Pologne confirme n&rsquo;avoir jamais eu vent d&rsquo;un tel rapatriement et a qualifi\u00e9 ces publications de \u00ab\u00a0<em>pure invention<\/em>\u00ab\u00a0.<\/p>\n<p>En revanche, en observant l\u2019image de pr\u00e8s, on rep\u00e8re plusieurs incoh\u00e9rences visuelles, dont certaines sont <a href=\"https:\/\/factuel.afp.com\/doc.afp.com.36NN9A7\" target=\"_blank\" rel=\"evidence nofollow noopener\" shape=\"rect\">typiques<\/a> des contenus g\u00e9n\u00e9r\u00e9s par IA.\u00a0Ainsi, on remarque que les doigts ou les mains de certains soldats portant les cercueils sont inexistants ou totalement d\u00e9form\u00e9s. Certains doigts semblent m\u00eame se fondre dans les cercueils.<\/p>\n<div class=\"g2picture\">\n<figure><img src=\"https:\/\/belux-edmo.s3-accelerate.amazonaws.com\/wp-content\/uploads\/2026\/02\/5e7f681d51efcf2c258409e61b8ae700dfcaede1-ipad_resized.jpg\" \/><figcaption>Mise en \u00e9vidence d&rsquo;incoh\u00e9rences visuelles typiques de l&rsquo;IA dans une image partag\u00e9e sur Facebook, capture d&rsquo;\u00e9cran r\u00e9alis\u00e9e le 11 f\u00e9vrier 2026 \/ Encadr\u00e9s rouges et watermarks IA ajout\u00e9s par la r\u00e9daction de l&rsquo;AFP.<\/figcaption><\/figure>\n<\/div>\n<p>De plus, on remarque dans certains groupes de soldats portant les cercueils qu&rsquo;il y a trop de jambes et de pieds pour le nombre de personnes visibles.<\/p>\n<p>La mani\u00e8re de porter les cercueils est aussi tr\u00e8s inhabituelle : on les porte g\u00e9n\u00e9ralement dans le sens de la longueur et de face.<\/p>\n<div class=\"g2picture\">\n<figure><img src=\"https:\/\/belux-edmo.s3-accelerate.amazonaws.com\/wp-content\/uploads\/2026\/02\/97c561e5a23764047bfe869f8046dba34b774f02-ipad_resized.jpg\" \/><figcaption>Mise en \u00e9vidence d&rsquo;incoh\u00e9rences visuelles typiques de l&rsquo;IA dans une image partag\u00e9e sur Facebook, capture d&rsquo;\u00e9cran r\u00e9alis\u00e9e le 11 f\u00e9vrier 2026 \/ Zooms et watermarks IA ajout\u00e9s par la r\u00e9daction de l&rsquo;AFP.<\/figcaption><\/figure>\n<\/div>\n<p>Par ailleurs, une recherche d&rsquo;image invers\u00e9e nous indique que l&rsquo;avion sur l&rsquo;image ressemble \u00e0 un <a href=\"https:\/\/www.lockheedmartin.com\/en-us\/products\/c130.html\" target=\"_blank\" rel=\"evidence nofollow noopener\" shape=\"rect\">Lockheed C-130 Hercules<\/a>. Il s\u2019agit d\u2019un a\u00e9ronef op\u00e9r\u00e9 par l\u2019arm\u00e9e de l\u2019air polonaise dont les images de certains mod\u00e8les peuvent \u00eatre consult\u00e9es <a href=\"https:\/\/perma.cc\/9UTE-3JEW\" target=\"_blank\" rel=\"evidence frozen nofollow noopener\" shape=\"rect\">ici<\/a>, <a href=\"https:\/\/web.archive.org\/web\/20260211085830\/https:\/\/www.jetphotos.com\/photo\/9026550\" target=\"_blank\" rel=\"evidence frozen nofollow noopener\" shape=\"rect\">ici<\/a>, <a href=\"https:\/\/web.archive.org\/web\/20260211085946\/https:\/\/www.planespotters.net\/photo\/1638253\/1511-polish-air-force-lockheed-c-130h-hercules-l-382\" target=\"_blank\" rel=\"evidence frozen nofollow noopener\" shape=\"rect\">ici<\/a>, <a href=\"https:\/\/perma.cc\/X7TA-TDVP\" target=\"_blank\" rel=\"evidence frozen nofollow noopener\" shape=\"rect\">ici<\/a> et <a href=\"https:\/\/perma.cc\/92K4-GZN2\" target=\"_blank\" rel=\"evidence frozen nofollow noopener\" shape=\"rect\">ici<\/a>.<\/p>\n<p>Des incoh\u00e9rences visuelles sont aussi visibles sur cet avion : par exemple, les pales des deux h\u00e9lices sont \u00e0 moiti\u00e9 coup\u00e9es et semblent rattach\u00e9es \u00e0 un seul et m\u00eame moteur. Il n&rsquo;y a pas de num\u00e9ro d\u2019identification visible sur le fuselage, or ces num\u00e9ros sont normalement pr\u00e9sents sur les avions militaires. Le drapeau sur la queue de l\u2019a\u00e9ronef ne correspond pas non plus aux marquages visibles sur les avions de ce type dans l&rsquo;arm\u00e9e de l&rsquo;air polonaise.<\/p>\n<div class=\"grid-with-margin\">\n<div class=\"e-afp-col-layout\" style=\"text-align: center;\">\n<div class=\"g2picture\">\n<figure><img src=\"https:\/\/belux-edmo.s3-accelerate.amazonaws.com\/wp-content\/uploads\/2026\/02\/04c9ca0c0fa442315b54ed2d7d15f47bd01f8a76-ipad_resized.jpg\" \/><figcaption>Photo d&rsquo;un \u00ab\u00a0C-130 de l&rsquo;arm\u00e9e de l&rsquo;air polonaise\u00a0\u00bb prise par Gerard van der Schaaf (Wikimedia), sous licence CC BY-SA 2.5 \/ Carr\u00e9s de couleur ajout\u00e9s par la r\u00e9daction de l&rsquo;AFP.<\/figcaption><\/figure>\n<\/div>\n<\/div>\n<div class=\"e-afp-col-layout\" style=\"text-align: center;\">\n<div class=\"g2picture\">\n<figure><img src=\"https:\/\/belux-edmo.s3-accelerate.amazonaws.com\/wp-content\/uploads\/2026\/02\/a578b1c1d5ea7478118d055f1438cb4b87c3e854-ipad_resized.jpg\" \/><figcaption>Capture d&rsquo;\u00e9cran d&rsquo;une image g\u00e9n\u00e9r\u00e9e par IA partag\u00e9e dans une publication Facebook, r\u00e9alis\u00e9e le 11 f\u00e9vrier 2026 \/ Carr\u00e9s de couleurs et watermark IA ajout\u00e9 par la r\u00e9daction de l&rsquo;AFP.<\/figcaption><\/figure>\n<\/div>\n<\/div>\n<\/div>\n<p>Ces diff\u00e9rentes incoh\u00e9rences sont typiques des contenus g\u00e9n\u00e9r\u00e9s par IA. <a href=\"https:\/\/hivemoderation.com\/ai-generated-content-detection\" target=\"_blank\" rel=\"evidence nofollow noopener\" shape=\"rect\">Hive Moderation<\/a>, un outil de d\u00e9tection d\u2019images g\u00e9n\u00e9r\u00e9es par IA confirme qu\u2019il y a plus de 90% la probabilit\u00e9 que cette photo ait \u00e9t\u00e9 g\u00e9n\u00e9r\u00e9e par cette technologie.<\/p>\n<div class=\"g2picture\">\n<figure><img src=\"https:\/\/belux-edmo.s3-accelerate.amazonaws.com\/wp-content\/uploads\/2026\/02\/9c18e889b5736fda2b67e8f235cdcd4af39fbb51-ipad_resized.jpg\" \/><\/figure>\n<\/div>\n<p>Capture d&rsquo;\u00e9cran montrant les r\u00e9sultats de l&rsquo;analyse de Hive Moderation, effectu\u00e9e le 11 f\u00e9vrier 2026<\/p>\n<p><b>Image de 2023 d\u2019une c\u00e9r\u00e9monie \u00e0 Kiev<\/b><\/p>\n<p>En ce qui concerne l\u2019image d\u2019une c\u00e9l\u00e9bration militaire autour de cercueils en int\u00e9rieur, une <a href=\"https:\/\/www.youtube.com\/watch?v=w6tpIBHhZLw\" target=\"_blank\" rel=\"evidence nofollow noopener\" shape=\"rect\">recherche par image invers\u00e9e<\/a> permet de constater qu\u2019elle est ancienne et appara\u00eet sur internet bien avant 2026.<\/p>\n<div class=\"g2picture\">\n<figure><img src=\"https:\/\/belux-edmo.s3-accelerate.amazonaws.com\/wp-content\/uploads\/2026\/02\/f50f24e34e3f0fb173ccfb7de0c636e9b5c75971-ipad_resized.jpg\" \/><\/figure>\n<\/div>\n<p>Capture d&rsquo;\u00e9cran d&rsquo;une publication Facebook effectu\u00e9e le 11 f\u00e9vrier 2026 \/ Croix rouge, encadr\u00e9 rouge et watermark IA ajout\u00e9s par la r\u00e9daction de l&rsquo;AFP.<\/p>\n<p>Elle est utilis\u00e9e par diff\u00e9rents m\u00e9dias (<a href=\"https:\/\/eng.lsm.lv\/article\/society\/defense\/15.10.2023-fallen-latvian-volunteer-honored-in-ukraine.a527823\/\" target=\"_blank\" rel=\"evidence nofollow noopener\" shape=\"rect\">1<\/a>, <a href=\"https:\/\/manabalss.lv\/i\/3380\" target=\"_blank\" rel=\"evidence nofollow noopener\" shape=\"rect\">2<\/a>, <a href=\"https:\/\/eestinen.fi\/2024\/05\/piltuudis-valisriikide-sodurite-kirstude-koju-saatmine-ukrainast\/\" target=\"_blank\" rel=\"evidence nofollow noopener\" shape=\"rect\">3<\/a>) pour \u00e9voquer une c\u00e9r\u00e9monie organis\u00e9e en octobre 2023 apr\u00e8s la mort de trois soldats &#8211; respectivement letton, estonien et am\u00e9ricain &#8211; sur le front ukrainien (liens archiv\u00e9s\u00a0<a href=\"https:\/\/perma.cc\/6QH5-NT4F\" target=\"_blank\" rel=\"evidence frozen nofollow noopener\" shape=\"rect\">1<\/a>, <a href=\"https:\/\/perma.cc\/E86W-HGXX\" target=\"_blank\" rel=\"evidence frozen nofollow noopener\" shape=\"rect\">2<\/a>, <a href=\"https:\/\/perma.cc\/XM94-MJNF\" target=\"_blank\" rel=\"evidence frozen nofollow noopener\" shape=\"rect\">3<\/a>).\u00a0\u00ab\u00a0<em>Le samedi 14 octobre, lors d&rsquo;une c\u00e9r\u00e9monie militaire \u00e0 Kiev, trois soldats volontaires de la L\u00e9gion \u00e9trang\u00e8re des forces arm\u00e9es ukrainiennes, tu\u00e9s \u00e0 Liman le 1er octobre, ont \u00e9t\u00e9 honor\u00e9s\u00a0\u00bb, <\/em>pr\u00e9cise\u00a0<a href=\"https:\/\/perma.cc\/6QH5-NT4F\" target=\"_blank\" rel=\"evidence frozen nofollow noopener\" shape=\"rect\">cet article<\/a>.<\/p>\n<p>Les deux autres images accompagnant ce visuel n\u2019ont elles aussi rien \u00e0 voir avec une pr\u00e9tendue bataille des forces polonaises sur le front ukrainien d\u00e9but 2026.<\/p>\n<p>Celle montrant des soldats arborant un drapeau russe est issue d\u2019une vid\u00e9o tourn\u00e9e pr\u00e8s de la ville ukranienne de Bakhmouth et diffus\u00e9e le samedi 20 mai 2023 par le service de presse du groupe Wagner (liens archiv\u00e9s\u00a0<a href=\"https:\/\/perma.cc\/6BCZ-QLZD\" target=\"_blank\" rel=\"evidence frozen nofollow noopener\" shape=\"rect\">1<\/a>, <a href=\"https:\/\/perma.cc\/AH35-3G9N\" target=\"_blank\" rel=\"evidence frozen nofollow noopener\" shape=\"rect\">2<\/a>, <a href=\"https:\/\/perma.cc\/G4VC-GDKC\" target=\"_blank\" rel=\"evidence frozen nofollow noopener\" shape=\"rect\">3<\/a>).\u00a0 Celui qui tient le drapeau n&rsquo;est autre que Evgueni Prigojine, l\u2019ex-patron du groupe Wagner, qui est d\u00e9c\u00e9d\u00e9 \u00e0 l\u2019\u00e9t\u00e9 2023. La photo ne peut donc pas illustrer des \u00e9v\u00e9nements qui se sont produits en 2026.<\/p>\n<p>Quant \u00e0 la troisi\u00e8me photo, qui montre des engins tirant des missiles, une recherche d\u2019images invers\u00e9e nous apprend qu\u2019elle est pr\u00e9sente sur internet depuis octobre 2025, notamment v\u00e9hicul\u00e9e par des pages et comptes en arabe <a href=\"https:\/\/perma.cc\/X2D2-4EPW\" target=\"_blank\" rel=\"appearance frozen nofollow noopener\" shape=\"rect\">sur Facebook<\/a> pour \u00e9voquer des bombardements de l\u2019arm\u00e9e russe dans la r\u00e9gion de Kharkiv.<\/p>\n<div class=\"g2picture\">\n<figure><img src=\"https:\/\/belux-edmo.s3-accelerate.amazonaws.com\/wp-content\/uploads\/2026\/02\/f023421d256ab1d89a86bda7160cb187fc2e75cf-ipad_resized.jpg\" \/><\/figure>\n<\/div>\n<p>Capture d&rsquo;\u00e9cran d&rsquo;une recherche invers\u00e9e r\u00e9alis\u00e9e sur Google, effectu\u00e9e le 11 f\u00e9vrier 2026 \/ Encadr\u00e9s rouges ajout\u00e9s par la r\u00e9daction de l&rsquo;AFP.<\/p>\n<p>Pour autant, elle pas r\u00e9elle et a \u00e9t\u00e9 g\u00e9n\u00e9r\u00e9e par une IA, comme le prouvent plusieurs incoh\u00e9rences visuelles (drapeau d\u00e9mesur\u00e9, missiles visiblement plus gros que les lanceurs, etc.) et une texture trop lisse de l&rsquo;image. Une analyse lanc\u00e9e sur le logiciel de d\u00e9tection d\u2019IA\u00a0<a href=\"https:\/\/hivemoderation.com\/ai-generated-content-detection\" target=\"_blank\" rel=\"evidence nofollow noopener\" shape=\"rect\">Hive moderation<\/a> confirme que cette image a plus de 98% de chance d&rsquo;avoir \u00e9t\u00e9 g\u00e9n\u00e9r\u00e9e par cette technologie.<\/p>\n<p><b>Pas d\u2019engagement polonais en Ukraine<\/b><\/p>\n<p>Depuis le d\u00e9but de l\u2019invasion russe en Ukraine, le gouvernement polonais a <a href=\"https:\/\/www.aol.com\/news\/poland-not-send-troops-ukraine-122230108.html?utm_source=chatgpt.com\" target=\"_blank\" rel=\"evidence nofollow noopener\" shape=\"rect\">clairement d\u00e9clar\u00e9<\/a> qu\u2019il n\u2019enverrait pas de soldats combattre sur le sol ukrainien, m\u00eame dans le cadre d\u2019une mission de maintien de la paix ou apr\u00e8s un cessez-le-feu.<\/p>\n<p>Contact\u00e9 par AFP Factuel,\u00a0<a href=\"https:\/\/www.gov.pl\/web\/national-defence\" target=\"_blank\" rel=\"evidence nofollow noopener\" shape=\"rect\">le minist\u00e8re polonais de la D\u00e9fense nationale<\/a> a confirm\u00e9 cette ligne et indiqu\u00e9 dans un courriel dat\u00e9 du 8 f\u00e9vrier 2026 ne pas avoir envoy\u00e9 de soldats combattre en Ukraine, de quel c\u00f4t\u00e9 que ce soit (lien archiv\u00e9\u00a0<a href=\"https:\/\/perma.cc\/Z4LE-FJKW\" target=\"_blank\" rel=\"evidence frozen nofollow noopener\" shape=\"rect\">ici<\/a>).<\/p>\n<p>\u00ab\u00a0<em>Aucun soldat polonais en service actif ne participe au conflit en cours en Ukraine<\/em>\u00ab\u00a0, a indiqu\u00e9 le bureau de presse du minist\u00e8re polonais de la D\u00e9fense nationale \u00e0 l\u2019AFP, rappelant que, \u00ab\u00a0<em>selon l\u2019article 666 de la loi sur la d\u00e9fense int\u00e9rieure, les soldats en service actif ne sont pas autoris\u00e9s \u00e0 servir dans une arm\u00e9e ou une organisation militaire \u00e9trang\u00e8re<\/em>\u00ab\u00a0.<\/p>\n<p>Le narratif selon lequel des pays occidentaux, et plus particuli\u00e8rement des pays membres de l\u2019Union europ\u00e9enne, envoient secr\u00e8tement des troupes en soutien \u00e0 l\u2019Ukraine est un narratif prorusse r\u00e9current. AFP Factuel a d\u00e9j\u00e0 d\u00e9construit plusieurs fausses informations de ce genre, comme <a href=\"https:\/\/factuel.afp.com\/doc.afp.com.36MF6UM\" target=\"_blank\" rel=\"evidence nofollow noopener\" shape=\"rect\">ici<\/a>, <a href=\"https:\/\/factuel.afp.com\/doc.afp.com.34RR2V9\" target=\"_blank\" rel=\"evidence nofollow noopener\" shape=\"rect\">ici<\/a> ou encore <a href=\"https:\/\/factuel.afp.com\/doc.afp.com.33UH7AU\" target=\"_blank\" rel=\"evidence nofollow noopener\" shape=\"rect\">l\u00e0<\/a>.<\/p>\n<p>A contrario, plusieurs m\u00e9dias ont r\u00e9v\u00e9l\u00e9 que la Russie avait recours \u00e0 des recrutements forc\u00e9s de citoyens \u00e9trangers pour alimenter ses troupes dans ce conflit.<\/p>\n<p>R\u00e9cemment, une <a href=\"https:\/\/information.tv5monde.com\/afrique\/trompes-traumatises-le-calvaire-des-kenyans-enroles-de-force-par-larmee-russe-2808960\" target=\"_blank\" rel=\"evidence nofollow noopener\" shape=\"rect\">enqu\u00eate de l&rsquo;AFP <\/a>montrait comment des centaines d&rsquo;hommes k\u00e9nyans, souvent sans aucun pass\u00e9 militaire, ont \u00e9t\u00e9 attir\u00e9s en Russie par de fausses promesses d\u2019emplois civils (d\u00e9p\u00eache AFP archiv\u00e9e <a href=\"https:\/\/web.archive.org\/web\/20260212105332\/https:\/\/information.tv5monde.com\/afrique\/trompes-traumatises-le-calvaire-des-kenyans-enroles-de-force-par-larmee-russe-2808960\" target=\"_blank\" rel=\"evidence frozen nofollow noopener\" shape=\"rect\">ici<\/a>).<\/p>\n<div class=\"g2picture\">\n<figure><img src=\"https:\/\/belux-edmo.s3-accelerate.amazonaws.com\/wp-content\/uploads\/2026\/02\/c5aadf78fb84be012d70101f5219346bddeac8f5-ipad_resized.jpg\" \/><figcaption>Charles Ojiambo Mutoka, 72 ans, pose le 27 janvier 2026 \u00e0 Nairobi avec les portraits de son fils Oscar, kenyan tu\u00e9 sur le front ukrainien &#8211; TONY KARUMBA \/ AFP<\/figcaption><\/figure>\n<\/div>\n<p>Une fois sur place, beaucoup ont \u00e9t\u00e9 forc\u00e9s de signer un contrat militaire en cyrillique les liant \u00e0 l\u2019arm\u00e9e russe. Ils ont ensuite \u00e9t\u00e9 envoy\u00e9s tr\u00e8s rapidement sur le front en Ukraine, souvent sans formation, o\u00f9 nombre d\u2019entre eux ont \u00e9t\u00e9 tu\u00e9s, parfois d\u00e8s leurs premiers jours de d\u00e9ploiement.<\/p>\n<p>Le Kenya juge lui <a href=\"https:\/\/www.franceinfo.fr\/monde\/europe\/manifestations-en-ukraine\/guerre-en-ukraine-le-kenya-juge-inacceptable-que-ses-ressortissants-deviennent-de-la-chair-a-canon-pour-la-russie_7797197.html\" target=\"_blank\" rel=\"evidence nofollow noopener\" shape=\"rect\">\u00ab\u00a0<em>inacceptable<\/em>\u00ab\u00a0<\/a> que ses ressortissants soient tromp\u00e9s par des promesses d&#8217;emplois civils bien r\u00e9mun\u00e9r\u00e9s en Russie pour \u00eatre ensuite utilis\u00e9s comme \u00ab\u00a0<em>chair \u00e0 canon<\/em>\u00a0\u00bb par l&rsquo;arm\u00e9e russe, a r\u00e9agi aupr\u00e8s de l&rsquo;AFP le num\u00e9ro deux de la diplomatie k\u00e9nyane, Abraham Korir Sing&rsquo;Oei.<\/p>\n<p>Les autorit\u00e9s k\u00e9nyanes estimaient en d\u00e9cembre le nombre de K\u00e9nyans enr\u00f4l\u00e9s de force dans l&rsquo;arm\u00e9e russe \u00e0 environ 200. Un nombre tr\u00e8s vraisemblablement sous-\u00e9valu\u00e9, selon les \u00ab\u00a0<em>revenants<\/em>\u00a0\u00bb interrog\u00e9s par l&rsquo;AFP.<\/p>\n","protected":false},"excerpt":{"rendered":"<p>Depuis le d\u00e9but de la guerre en Ukraine, des campagnes de d\u00e9sinformation prorusses accompagnent les combats sur le terrain. R\u00e9cemment, des dizaines de publications cens\u00e9es montrer les corps de 200 mercenaires polonais morts pour d\u00e9fendre l&rsquo;Ukraine ont inond\u00e9 les r\u00e9seaux sociaux. Mais attention, les images relay\u00e9es par ces publications sont fausses : certaines ont \u00e9t\u00e9 g\u00e9n\u00e9r\u00e9es par intelligence artificielle (IA) et d\u2019autres sont beaucoup plus anciennes et ne montrent pas des soldats polonais. Car sur le fond, l\u2019arm\u00e9e polonaise n\u2019a pas envoy\u00e9 de soldats combattre en Ukraine.<\/p>\n","protected":false},"author":1,"featured_media":507753,"comment_status":"closed","ping_status":"closed","sticky":false,"template":"","format":"standard","meta":{"_acf_changed":false,"footnotes":""},"categories":[452,125,132,389,214],"tags":[],"class_list":{"0":"post-507808","1":"post","2":"type-post","3":"status-publish","4":"format-standard","5":"has-post-thumbnail","7":"category-editors-choice-fr","8":"category-fact-check-fr","9":"category-politique","10":"category-technologie-fact-check-fr-2","11":"category-ukraine-fr"},"acf":{"show_metatags":true,"id":"http:\/\/doc.afp.com\/972Y7ZQ","authors":"SUY Kahofi \/ AFP C\u00f4te d'Ivoire","organization":"AFP","featured_image_copyright":"","text_copyright":"\u00a9 AGENCE FRANCE-PRESSE | 2026 | Tous droits r\u00e9serv\u00e9s. L\u2019acc\u00e8s aux contenus de l'AFP publi\u00e9s sur ce site et, le cas \u00e9ch\u00e9ant, leur utilisation sont soumis aux conditions g\u00e9n\u00e9rales d'utilisation disponibles sur <a href='https:\/\/www.afp.com\/fr\/cgu' target='_blank'>CGU<\/a>. Par cons\u00e9quent, en acc\u00e9dant aux contenus de l\u2019AFP publi\u00e9s sur ce site, et en les utilisant, le cas \u00e9ch\u00e9ant, vous acceptez d'\u00eatre li\u00e9 par les conditions g\u00e9n\u00e9rales d'utilisation susmentionn\u00e9es. L\u2019utilisation de contenus de l'AFP se fait sous votre seule et enti\u00e8re responsabilit\u00e9.","source":"https:\/\/factuel.afp.com\/doc.afp.com.972Y7ZQ","fact_checker":"https:\/\/belux.wpengine.com\/wp-content\/uploads\/2021\/12\/afp_logo.png","share_this_post_to_edmo_website":false,"affiliation":"BELUX","type":"\u00c9v\u00e9nement ferm\u00e9","location":"","start_date":"","start_date_event_begins_at":"","start_date_event_ends_at":"","end_date":"","end_date_event_begins_at":"","end_date_event_ends_at":"","organizer":"","fact_checker_logo_image":false},"yoast_head":"<!-- This site is optimized with the Yoast SEO plugin v27.0 - https:\/\/yoast.com\/product\/yoast-seo-wordpress\/ -->\n<title>Ces cercueils de pr\u00e9tendus soldats polonais morts en Ukraine ont \u00e9t\u00e9 g\u00e9n\u00e9r\u00e9s par IA - EDMO Belux<\/title>\n<meta name=\"robots\" content=\"index, follow, max-snippet:-1, max-image-preview:large, max-video-preview:-1\" \/>\n<link rel=\"canonical\" href=\"https:\/\/belux.edmo.eu\/fr\/ces-cercueils-de-prtendus-soldats-polonais-morts-en-ukraine-ont-t-gnrs-par-ia\/\" \/>\n<meta property=\"og:locale\" content=\"fr_FR\" \/>\n<meta property=\"og:type\" content=\"article\" \/>\n<meta property=\"og:title\" content=\"Ces cercueils de pr\u00e9tendus soldats polonais morts en Ukraine ont \u00e9t\u00e9 g\u00e9n\u00e9r\u00e9s par IA - EDMO Belux\" \/>\n<meta property=\"og:description\" content=\"Depuis le d\u00e9but de la guerre en Ukraine, des campagnes de d\u00e9sinformation prorusses accompagnent les combats sur le terrain. R\u00e9cemment, des dizaines de publications cens\u00e9es montrer les corps de 200 mercenaires polonais morts pour d\u00e9fendre l&#039;Ukraine ont inond\u00e9 les r\u00e9seaux sociaux. Mais attention, les images relay\u00e9es par ces publications sont fausses : certaines ont \u00e9t\u00e9 g\u00e9n\u00e9r\u00e9es par intelligence artificielle (IA) et d\u2019autres sont beaucoup plus anciennes et ne montrent pas des soldats polonais. Car sur le fond, l\u2019arm\u00e9e polonaise n\u2019a pas envoy\u00e9 de soldats combattre en Ukraine.\" \/>\n<meta property=\"og:url\" content=\"https:\/\/belux.edmo.eu\/fr\/ces-cercueils-de-prtendus-soldats-polonais-morts-en-ukraine-ont-t-gnrs-par-ia\/\" \/>\n<meta property=\"og:site_name\" content=\"EDMO Belux\" \/>\n<meta property=\"article:published_time\" content=\"2026-02-13T09:54:21+00:00\" \/>\n<meta property=\"article:modified_time\" content=\"2026-02-13T13:38:53+00:00\" \/>\n<meta property=\"og:image\" content=\"https:\/\/belux-edmo.s3-accelerate.amazonaws.com\/wp-content\/uploads\/2026\/02\/e07b9e226cc46b259a1e8aea00854eb6efea6920-ipad_resized.jpg\" \/>\n\t<meta property=\"og:image:width\" content=\"1080\" \/>\n\t<meta property=\"og:image:height\" content=\"540\" \/>\n\t<meta property=\"og:image:type\" content=\"image\/jpeg\" \/>\n<meta name=\"author\" content=\"master\" \/>\n<meta name=\"twitter:card\" content=\"summary_large_image\" \/>\n<meta name=\"twitter:creator\" content=\"@Edmo_Belux\" \/>\n<meta name=\"twitter:site\" content=\"@Edmo_Belux\" \/>\n<meta name=\"twitter:label1\" content=\"\u00c9crit par\" \/>\n\t<meta name=\"twitter:data1\" content=\"master\" \/>\n\t<meta name=\"twitter:label2\" content=\"Dur\u00e9e de lecture estim\u00e9e\" \/>\n\t<meta name=\"twitter:data2\" content=\"10 minutes\" \/>\n<script type=\"application\/ld+json\" class=\"yoast-schema-graph\">{\"@context\":\"https:\/\/schema.org\",\"@graph\":[{\"@type\":\"Article\",\"@id\":\"https:\/\/belux.edmo.eu\/fr\/ces-cercueils-de-prtendus-soldats-polonais-morts-en-ukraine-ont-t-gnrs-par-ia\/#article\",\"isPartOf\":{\"@id\":\"https:\/\/belux.edmo.eu\/fr\/ces-cercueils-de-prtendus-soldats-polonais-morts-en-ukraine-ont-t-gnrs-par-ia\/\"},\"author\":{\"name\":\"master\",\"@id\":\"https:\/\/belux.edmo.eu\/#\/schema\/person\/dbe3b252258537fd318f9b5645a30342\"},\"headline\":\"Ces cercueils de pr\u00e9tendus soldats polonais morts en Ukraine ont \u00e9t\u00e9 g\u00e9n\u00e9r\u00e9s par IA\",\"datePublished\":\"2026-02-13T09:54:21+00:00\",\"dateModified\":\"2026-02-13T13:38:53+00:00\",\"mainEntityOfPage\":{\"@id\":\"https:\/\/belux.edmo.eu\/fr\/ces-cercueils-de-prtendus-soldats-polonais-morts-en-ukraine-ont-t-gnrs-par-ia\/\"},\"wordCount\":1980,\"publisher\":{\"@id\":\"https:\/\/belux.edmo.eu\/#organization\"},\"image\":{\"@id\":\"https:\/\/belux.edmo.eu\/fr\/ces-cercueils-de-prtendus-soldats-polonais-morts-en-ukraine-ont-t-gnrs-par-ia\/#primaryimage\"},\"thumbnailUrl\":\"https:\/\/belux-edmo.s3-accelerate.amazonaws.com\/wp-content\/uploads\/2026\/02\/e07b9e226cc46b259a1e8aea00854eb6efea6920-ipad_resized.jpg\",\"articleSection\":[\"Editor's Choice Slider FR\",\"Fact-Check\",\"Politique\",\"Technologie\",\"Ukraine\"],\"inLanguage\":\"fr-FR\"},{\"@type\":\"WebPage\",\"@id\":\"https:\/\/belux.edmo.eu\/fr\/ces-cercueils-de-prtendus-soldats-polonais-morts-en-ukraine-ont-t-gnrs-par-ia\/\",\"url\":\"https:\/\/belux.edmo.eu\/fr\/ces-cercueils-de-prtendus-soldats-polonais-morts-en-ukraine-ont-t-gnrs-par-ia\/\",\"name\":\"Ces cercueils de pr\u00e9tendus soldats polonais morts en Ukraine ont \u00e9t\u00e9 g\u00e9n\u00e9r\u00e9s par IA - EDMO Belux\",\"isPartOf\":{\"@id\":\"https:\/\/belux.edmo.eu\/#website\"},\"primaryImageOfPage\":{\"@id\":\"https:\/\/belux.edmo.eu\/fr\/ces-cercueils-de-prtendus-soldats-polonais-morts-en-ukraine-ont-t-gnrs-par-ia\/#primaryimage\"},\"image\":{\"@id\":\"https:\/\/belux.edmo.eu\/fr\/ces-cercueils-de-prtendus-soldats-polonais-morts-en-ukraine-ont-t-gnrs-par-ia\/#primaryimage\"},\"thumbnailUrl\":\"https:\/\/belux-edmo.s3-accelerate.amazonaws.com\/wp-content\/uploads\/2026\/02\/e07b9e226cc46b259a1e8aea00854eb6efea6920-ipad_resized.jpg\",\"datePublished\":\"2026-02-13T09:54:21+00:00\",\"dateModified\":\"2026-02-13T13:38:53+00:00\",\"breadcrumb\":{\"@id\":\"https:\/\/belux.edmo.eu\/fr\/ces-cercueils-de-prtendus-soldats-polonais-morts-en-ukraine-ont-t-gnrs-par-ia\/#breadcrumb\"},\"inLanguage\":\"fr-FR\",\"potentialAction\":[{\"@type\":\"ReadAction\",\"target\":[\"https:\/\/belux.edmo.eu\/fr\/ces-cercueils-de-prtendus-soldats-polonais-morts-en-ukraine-ont-t-gnrs-par-ia\/\"]}]},{\"@type\":\"ImageObject\",\"inLanguage\":\"fr-FR\",\"@id\":\"https:\/\/belux.edmo.eu\/fr\/ces-cercueils-de-prtendus-soldats-polonais-morts-en-ukraine-ont-t-gnrs-par-ia\/#primaryimage\",\"url\":\"https:\/\/belux-edmo.s3-accelerate.amazonaws.com\/wp-content\/uploads\/2026\/02\/e07b9e226cc46b259a1e8aea00854eb6efea6920-ipad_resized.jpg\",\"contentUrl\":\"https:\/\/belux-edmo.s3-accelerate.amazonaws.com\/wp-content\/uploads\/2026\/02\/e07b9e226cc46b259a1e8aea00854eb6efea6920-ipad_resized.jpg\",\"width\":1080,\"height\":540,\"caption\":\"Ces cercueils de pr\u00e9tendus soldats polonais morts en Ukraine ont \u00e9t\u00e9 g\u00e9n\u00e9r\u00e9s par IA - Featured image\"},{\"@type\":\"BreadcrumbList\",\"@id\":\"https:\/\/belux.edmo.eu\/fr\/ces-cercueils-de-prtendus-soldats-polonais-morts-en-ukraine-ont-t-gnrs-par-ia\/#breadcrumb\",\"itemListElement\":[{\"@type\":\"ListItem\",\"position\":1,\"name\":\"Home\",\"item\":\"https:\/\/belux.edmo.eu\/fr\/\"},{\"@type\":\"ListItem\",\"position\":2,\"name\":\"Ces cercueils de pr\u00e9tendus soldats polonais morts en Ukraine ont \u00e9t\u00e9 g\u00e9n\u00e9r\u00e9s par IA\"}]},{\"@type\":\"WebSite\",\"@id\":\"https:\/\/belux.edmo.eu\/#website\",\"url\":\"https:\/\/belux.edmo.eu\/\",\"name\":\"EDMO Belux\",\"description\":\"Monitoring Disinformation in Belgium and Luxembourg\",\"publisher\":{\"@id\":\"https:\/\/belux.edmo.eu\/#organization\"},\"potentialAction\":[{\"@type\":\"SearchAction\",\"target\":{\"@type\":\"EntryPoint\",\"urlTemplate\":\"https:\/\/belux.edmo.eu\/?s={search_term_string}\"},\"query-input\":{\"@type\":\"PropertyValueSpecification\",\"valueRequired\":true,\"valueName\":\"search_term_string\"}}],\"inLanguage\":\"fr-FR\"},{\"@type\":\"Organization\",\"@id\":\"https:\/\/belux.edmo.eu\/#organization\",\"name\":\"EDMO Belux\",\"url\":\"https:\/\/belux.edmo.eu\/\",\"logo\":{\"@type\":\"ImageObject\",\"inLanguage\":\"fr-FR\",\"@id\":\"https:\/\/belux.edmo.eu\/#\/schema\/logo\/image\/\",\"url\":\"https:\/\/belux.edmo.eu\/wp-content\/uploads\/2021\/12\/belux-logo-full-color-rgb.svg\",\"contentUrl\":\"https:\/\/belux.edmo.eu\/wp-content\/uploads\/2021\/12\/belux-logo-full-color-rgb.svg\",\"width\":1,\"height\":1,\"caption\":\"EDMO Belux\"},\"image\":{\"@id\":\"https:\/\/belux.edmo.eu\/#\/schema\/logo\/image\/\"},\"sameAs\":[\"https:\/\/x.com\/Edmo_Belux\"]},{\"@type\":\"Person\",\"@id\":\"https:\/\/belux.edmo.eu\/#\/schema\/person\/dbe3b252258537fd318f9b5645a30342\",\"name\":\"master\",\"sameAs\":[\"https:\/\/belux.wpengine.com\"],\"url\":\"https:\/\/belux.edmo.eu\/fr\/author\/master\/\"}]}<\/script>\n<!-- \/ Yoast SEO plugin. -->","yoast_head_json":{"title":"Ces cercueils de pr\u00e9tendus soldats polonais morts en Ukraine ont \u00e9t\u00e9 g\u00e9n\u00e9r\u00e9s par IA - EDMO Belux","robots":{"index":"index","follow":"follow","max-snippet":"max-snippet:-1","max-image-preview":"max-image-preview:large","max-video-preview":"max-video-preview:-1"},"canonical":"https:\/\/belux.edmo.eu\/fr\/ces-cercueils-de-prtendus-soldats-polonais-morts-en-ukraine-ont-t-gnrs-par-ia\/","og_locale":"fr_FR","og_type":"article","og_title":"Ces cercueils de pr\u00e9tendus soldats polonais morts en Ukraine ont \u00e9t\u00e9 g\u00e9n\u00e9r\u00e9s par IA - EDMO Belux","og_description":"Depuis le d\u00e9but de la guerre en Ukraine, des campagnes de d\u00e9sinformation prorusses accompagnent les combats sur le terrain. R\u00e9cemment, des dizaines de publications cens\u00e9es montrer les corps de 200 mercenaires polonais morts pour d\u00e9fendre l'Ukraine ont inond\u00e9 les r\u00e9seaux sociaux. Mais attention, les images relay\u00e9es par ces publications sont fausses : certaines ont \u00e9t\u00e9 g\u00e9n\u00e9r\u00e9es par intelligence artificielle (IA) et d\u2019autres sont beaucoup plus anciennes et ne montrent pas des soldats polonais. Car sur le fond, l\u2019arm\u00e9e polonaise n\u2019a pas envoy\u00e9 de soldats combattre en Ukraine.","og_url":"https:\/\/belux.edmo.eu\/fr\/ces-cercueils-de-prtendus-soldats-polonais-morts-en-ukraine-ont-t-gnrs-par-ia\/","og_site_name":"EDMO Belux","article_published_time":"2026-02-13T09:54:21+00:00","article_modified_time":"2026-02-13T13:38:53+00:00","og_image":[{"width":1080,"height":540,"url":"https:\/\/belux-edmo.s3-accelerate.amazonaws.com\/wp-content\/uploads\/2026\/02\/e07b9e226cc46b259a1e8aea00854eb6efea6920-ipad_resized.jpg","type":"image\/jpeg"}],"author":"master","twitter_card":"summary_large_image","twitter_creator":"@Edmo_Belux","twitter_site":"@Edmo_Belux","twitter_misc":{"\u00c9crit par":"master","Dur\u00e9e de lecture estim\u00e9e":"10 minutes"},"schema":{"@context":"https:\/\/schema.org","@graph":[{"@type":"Article","@id":"https:\/\/belux.edmo.eu\/fr\/ces-cercueils-de-prtendus-soldats-polonais-morts-en-ukraine-ont-t-gnrs-par-ia\/#article","isPartOf":{"@id":"https:\/\/belux.edmo.eu\/fr\/ces-cercueils-de-prtendus-soldats-polonais-morts-en-ukraine-ont-t-gnrs-par-ia\/"},"author":{"name":"master","@id":"https:\/\/belux.edmo.eu\/#\/schema\/person\/dbe3b252258537fd318f9b5645a30342"},"headline":"Ces cercueils de pr\u00e9tendus soldats polonais morts en Ukraine ont \u00e9t\u00e9 g\u00e9n\u00e9r\u00e9s par IA","datePublished":"2026-02-13T09:54:21+00:00","dateModified":"2026-02-13T13:38:53+00:00","mainEntityOfPage":{"@id":"https:\/\/belux.edmo.eu\/fr\/ces-cercueils-de-prtendus-soldats-polonais-morts-en-ukraine-ont-t-gnrs-par-ia\/"},"wordCount":1980,"publisher":{"@id":"https:\/\/belux.edmo.eu\/#organization"},"image":{"@id":"https:\/\/belux.edmo.eu\/fr\/ces-cercueils-de-prtendus-soldats-polonais-morts-en-ukraine-ont-t-gnrs-par-ia\/#primaryimage"},"thumbnailUrl":"https:\/\/belux-edmo.s3-accelerate.amazonaws.com\/wp-content\/uploads\/2026\/02\/e07b9e226cc46b259a1e8aea00854eb6efea6920-ipad_resized.jpg","articleSection":["Editor's Choice Slider FR","Fact-Check","Politique","Technologie","Ukraine"],"inLanguage":"fr-FR"},{"@type":"WebPage","@id":"https:\/\/belux.edmo.eu\/fr\/ces-cercueils-de-prtendus-soldats-polonais-morts-en-ukraine-ont-t-gnrs-par-ia\/","url":"https:\/\/belux.edmo.eu\/fr\/ces-cercueils-de-prtendus-soldats-polonais-morts-en-ukraine-ont-t-gnrs-par-ia\/","name":"Ces cercueils de pr\u00e9tendus soldats polonais morts en Ukraine ont \u00e9t\u00e9 g\u00e9n\u00e9r\u00e9s par IA - EDMO Belux","isPartOf":{"@id":"https:\/\/belux.edmo.eu\/#website"},"primaryImageOfPage":{"@id":"https:\/\/belux.edmo.eu\/fr\/ces-cercueils-de-prtendus-soldats-polonais-morts-en-ukraine-ont-t-gnrs-par-ia\/#primaryimage"},"image":{"@id":"https:\/\/belux.edmo.eu\/fr\/ces-cercueils-de-prtendus-soldats-polonais-morts-en-ukraine-ont-t-gnrs-par-ia\/#primaryimage"},"thumbnailUrl":"https:\/\/belux-edmo.s3-accelerate.amazonaws.com\/wp-content\/uploads\/2026\/02\/e07b9e226cc46b259a1e8aea00854eb6efea6920-ipad_resized.jpg","datePublished":"2026-02-13T09:54:21+00:00","dateModified":"2026-02-13T13:38:53+00:00","breadcrumb":{"@id":"https:\/\/belux.edmo.eu\/fr\/ces-cercueils-de-prtendus-soldats-polonais-morts-en-ukraine-ont-t-gnrs-par-ia\/#breadcrumb"},"inLanguage":"fr-FR","potentialAction":[{"@type":"ReadAction","target":["https:\/\/belux.edmo.eu\/fr\/ces-cercueils-de-prtendus-soldats-polonais-morts-en-ukraine-ont-t-gnrs-par-ia\/"]}]},{"@type":"ImageObject","inLanguage":"fr-FR","@id":"https:\/\/belux.edmo.eu\/fr\/ces-cercueils-de-prtendus-soldats-polonais-morts-en-ukraine-ont-t-gnrs-par-ia\/#primaryimage","url":"https:\/\/belux-edmo.s3-accelerate.amazonaws.com\/wp-content\/uploads\/2026\/02\/e07b9e226cc46b259a1e8aea00854eb6efea6920-ipad_resized.jpg","contentUrl":"https:\/\/belux-edmo.s3-accelerate.amazonaws.com\/wp-content\/uploads\/2026\/02\/e07b9e226cc46b259a1e8aea00854eb6efea6920-ipad_resized.jpg","width":1080,"height":540,"caption":"Ces cercueils de pr\u00e9tendus soldats polonais morts en Ukraine ont \u00e9t\u00e9 g\u00e9n\u00e9r\u00e9s par IA - Featured image"},{"@type":"BreadcrumbList","@id":"https:\/\/belux.edmo.eu\/fr\/ces-cercueils-de-prtendus-soldats-polonais-morts-en-ukraine-ont-t-gnrs-par-ia\/#breadcrumb","itemListElement":[{"@type":"ListItem","position":1,"name":"Home","item":"https:\/\/belux.edmo.eu\/fr\/"},{"@type":"ListItem","position":2,"name":"Ces cercueils de pr\u00e9tendus soldats polonais morts en Ukraine ont \u00e9t\u00e9 g\u00e9n\u00e9r\u00e9s par IA"}]},{"@type":"WebSite","@id":"https:\/\/belux.edmo.eu\/#website","url":"https:\/\/belux.edmo.eu\/","name":"EDMO Belux","description":"Monitoring Disinformation in Belgium and Luxembourg","publisher":{"@id":"https:\/\/belux.edmo.eu\/#organization"},"potentialAction":[{"@type":"SearchAction","target":{"@type":"EntryPoint","urlTemplate":"https:\/\/belux.edmo.eu\/?s={search_term_string}"},"query-input":{"@type":"PropertyValueSpecification","valueRequired":true,"valueName":"search_term_string"}}],"inLanguage":"fr-FR"},{"@type":"Organization","@id":"https:\/\/belux.edmo.eu\/#organization","name":"EDMO Belux","url":"https:\/\/belux.edmo.eu\/","logo":{"@type":"ImageObject","inLanguage":"fr-FR","@id":"https:\/\/belux.edmo.eu\/#\/schema\/logo\/image\/","url":"https:\/\/belux.edmo.eu\/wp-content\/uploads\/2021\/12\/belux-logo-full-color-rgb.svg","contentUrl":"https:\/\/belux.edmo.eu\/wp-content\/uploads\/2021\/12\/belux-logo-full-color-rgb.svg","width":1,"height":1,"caption":"EDMO Belux"},"image":{"@id":"https:\/\/belux.edmo.eu\/#\/schema\/logo\/image\/"},"sameAs":["https:\/\/x.com\/Edmo_Belux"]},{"@type":"Person","@id":"https:\/\/belux.edmo.eu\/#\/schema\/person\/dbe3b252258537fd318f9b5645a30342","name":"master","sameAs":["https:\/\/belux.wpengine.com"],"url":"https:\/\/belux.edmo.eu\/fr\/author\/master\/"}]}},"menu_order":0,"_links":{"self":[{"href":"https:\/\/belux.edmo.eu\/fr\/wp-json\/wp\/v2\/posts\/507808","targetHints":{"allow":["GET"]}}],"collection":[{"href":"https:\/\/belux.edmo.eu\/fr\/wp-json\/wp\/v2\/posts"}],"about":[{"href":"https:\/\/belux.edmo.eu\/fr\/wp-json\/wp\/v2\/types\/post"}],"author":[{"embeddable":true,"href":"https:\/\/belux.edmo.eu\/fr\/wp-json\/wp\/v2\/users\/1"}],"replies":[{"embeddable":true,"href":"https:\/\/belux.edmo.eu\/fr\/wp-json\/wp\/v2\/comments?post=507808"}],"version-history":[{"count":0,"href":"https:\/\/belux.edmo.eu\/fr\/wp-json\/wp\/v2\/posts\/507808\/revisions"}],"wp:featuredmedia":[{"embeddable":true,"href":"https:\/\/belux.edmo.eu\/fr\/wp-json\/wp\/v2\/media\/507753"}],"wp:attachment":[{"href":"https:\/\/belux.edmo.eu\/fr\/wp-json\/wp\/v2\/media?parent=507808"}],"wp:term":[{"taxonomy":"category","embeddable":true,"href":"https:\/\/belux.edmo.eu\/fr\/wp-json\/wp\/v2\/categories?post=507808"},{"taxonomy":"post_tag","embeddable":true,"href":"https:\/\/belux.edmo.eu\/fr\/wp-json\/wp\/v2\/tags?post=507808"}],"curies":[{"name":"wp","href":"https:\/\/api.w.org\/{rel}","templated":true}]}}