{"id":510455,"date":"2026-03-16T09:19:59","date_gmt":"2026-03-16T09:19:59","guid":{"rendered":"https:\/\/belux.edmo.eu\/?p=510455"},"modified":"2026-03-16T10:41:57","modified_gmt":"2026-03-16T10:41:57","slug":"la-clbre-tour-burj-khalifa-de-duba-na-pas-t-touche-par-des-attaques-iraniennes","status":"publish","type":"post","link":"https:\/\/belux.edmo.eu\/fr\/la-clbre-tour-burj-khalifa-de-duba-na-pas-t-touche-par-des-attaques-iraniennes\/","title":{"rendered":"La c\u00e9l\u00e8bre tour Burj Khalifa de Duba\u00ef n\u2019a pas \u00e9t\u00e9 touch\u00e9e par des attaques iraniennes"},"content":{"rendered":"<article>\n<p style=\"word-wrap: break-word;\"><strong>Plusieurs publications sur les r\u00e9seaux sociaux pr\u00e9tendent que le c\u00e9l\u00e8bre gratte-ciel de Duba\u00ef a \u00e9t\u00e9 touch\u00e9 le 28\u00a0f\u00e9vrier dernier, voire d\u00e9truit par des attaques du r\u00e9gime iranien. Si de la fum\u00e9e a \u00e9t\u00e9 aper\u00e7ue \u00e0 autour de l\u2019immeuble et que des images montrent des interceptions de drones \u00e0 proximit\u00e9 du Burj Khalifa, l\u2019immeuble n\u2019a jusqu\u2019ici pas \u00e9t\u00e9 touch\u00e9.<\/strong><\/p>\n<p style=\"word-wrap: break-word;\">Plusieurs vid\u00e9os diffus\u00e9es sur Youtube indiquent que le\u00a0c\u00e9l\u00e8bre\u00a0Burj Khalifa, a \u00e9t\u00e9 frapp\u00e9\u00a0par des drones ou des missiles iraniens suite aux\u00a0<a href=\"https:\/\/www.rtbf.be\/article\/attaques-sur-l-iran-l-essentiel-a-savoir-et-ce-que-l-on-sait-jusqu-a-present-concernant-les-frappes-d-israel-et-des-etats-unis-contre-l-iran-ainsi-que-les-ripostes-11686866\">attaques conjointes men\u00e9es par les \u00c9tats-Unis et Isra\u00ebl depuis le 28\u00a0f\u00e9vrier contre l\u2019Iran<\/a>.\u00a0Des frappes li\u00e9es \u00e0 <a href=\"https:\/\/www.rtbf.be\/article\/les-frappes-americaines-et-israeliennes-la-riposte-iranienne-le-conflit-au-moyen-orient-en-cartes-11688411\">des actions militaires de repr\u00e9sailles de l\u2019Iran sur des monarchies du Golfe persique et notamment sur les \u00c9mirats arabes unis et sa capitale, Duba\u00ef<\/a>.<\/p>\n<p style=\"word-wrap: break-word;\">Des vid\u00e9os montrent <a href=\"https:\/\/www.rtbf.be\/article\/apres-plus-de-10-ans-la-burj-khalifa-la-plus-haute-tour-du-monde-attend-toujours-d-etre-depassee-10665351\">la plus haute tour du monde<\/a> \u00eatre touch\u00e9e par des missiles. Dans une publication\u00a0sur <a href=\"https:\/\/archive.ph\/yihph\" target=\"_blank\" rel=\"noopener\">Instagram<\/a>, un \u00e9norme obus d\u00e9truit le c\u00e9l\u00e8bre gratte-ciel. Sur d\u2019autres images qui circulent en ligne, comme ici, sur <a href=\"https:\/\/perma.cc\/YY6W-LSHR\" target=\"_blank\" rel=\"noopener\">Youtube<\/a>, la plus haute structure humaine jamais construite s\u2019\u00e9croule\u00a0apr\u00e8s avoir \u00e9t\u00e9 touch\u00e9e\u00a0par un missile lanc\u00e9\u00a0sur le sommet de la tour.<\/p>\n<p style=\"word-wrap: break-word;\">Ces vid\u00e9os ont \u00e9t\u00e9 g\u00e9n\u00e9r\u00e9es \u00e0 l\u2019aide d\u2019intelligence artificielle.\u00a0Et elles\u00a0ont fait des millions de vues malgr\u00e9 les d\u00e9fauts techniques\u00a0\u00e9vidents. L\u2019utilisation\u00a0de\u00a0mod\u00e8les de g\u00e9n\u00e9ration d\u2019images plus anciens rend l\u2019usage de l\u2019IA assez visible, comme le notent nos confr\u00e8res de <a href=\"https:\/\/www.vrt.be\/vrtnws\/nl\/2026\/03\/03\/factcheck-dubai-getroffen-door-iraanse-aanvallen\/\" target=\"_blank\" rel=\"noopener\">Check de la VRT<\/a>.<\/p>\n<div>\n<div><img style=\"width: 100%; height: auto;\" src=\"https:\/\/belux-edmo.s3-accelerate.amazonaws.com\/wp-content\/uploads\/2026\/03\/9ce89ff82ed3abdc316873bfbd14f7a5_resized.jpg\" \/><\/div>\n<p style=\"word-wrap: break-word;\"><em>\u00a9 Captures d\u2019\u00e9cran r\u00e9seaux sociaux \/ Des images g\u00e9n\u00e9r\u00e9es par IA montrent des missiles percuter le Burj Khalifa de Duba\u00ef.<\/em><\/p>\n<\/div>\n<p style=\"word-wrap: break-word;\"><a href=\"https:\/\/perma.cc\/33ZK-9CKY\" target=\"_blank\" rel=\"noopener\">Une vid\u00e9o<\/a> diffus\u00e9e \u00e9galement\u00a0sur Youtube en fran\u00e7ais le 1er\u00a0mars indique dans sa l\u00e9gende\u00a0: \u00ab\u00a0Burj Kalifa frapp\u00e9e par un drone iranien\u00a0\u00bb. Elle\u00a0montre d\u2019abord une interception de drone \u00e0 proximit\u00e9 du Burj Khalifa. Dans la suite des images on voit\u00a0une explosion et une \u00e9paisse fum\u00e9e noire, sugg\u00e9rant que l\u2019Iran aurait pris pour cible le plus haut b\u00e2timent du monde en repr\u00e9sailles aux frappes am\u00e9ricaines et isra\u00e9liennes.<\/p>\n<p style=\"word-wrap: break-word;\">La premi\u00e8re partie de ces images reprend une vid\u00e9o de l\u2019interception d\u2019un drone qui a \u00e9t\u00e9\u00a0publi\u00e9e\u00a0sur <a href=\"https:\/\/perma.cc\/QUV2-JK6H\" target=\"_blank\" rel=\"noopener\">X<\/a>. La vid\u00e9o originale, accompagn\u00e9e\u00a0d\u2019une l\u00e9gende en anglais indique\u00a0\u00ab\u00a0Missile volant en direction de Burj Al Khalifa, Duba\u00ef. \u00ab\u00a0. Cette publication a fait 3,4\u00a0millions de vues depuis se mise en ligne le 28\u00a0f\u00e9vrier 2026.<\/p>\n<p style=\"word-wrap: break-word;\">Ces images n\u2019ont pas pu \u00eatre formellement authentifi\u00e9es. Par ailleurs, l\u2019angle de vue est trompeur. L\u2019interception se fait dans l\u2019axe du c\u00e9l\u00e8bre gratte-ciel mais pas \u00e0 proximit\u00e9 de celui-ci.<\/p>\n<p style=\"word-wrap: break-word;\">La suite montre des images de la vid\u00e9o Youtube montrent un incendie dans un autre gratte-ciel, le Burj Al Arab, et ensuite des images d\u2019un incendie \u00e0\u00a0l\u2019a\u00e9roport de Duba\u00ef, le m\u00eame jour.<\/p>\n<p><b style=\"display: block; margin: 1rem 0;\">Que s\u2019est-il pass\u00e9 le 28\u00a0f\u00e9vrier \u00e0 Duba\u00ef\u00a0?<\/b><\/p>\n<p style=\"word-wrap: break-word;\"><a href=\"https:\/\/www.rtbf.be\/article\/explosions-a-dubai-et-en-israel-le-porte-avions-americain-abraham-lincoln-et-l-aeroport-civil-de-ryad-vises-nouvelles-attaques-de-l-iran-ce-dimanche-11687314\">Des frappes men\u00e9es d\u00e8s le 28\u00a0f\u00e9vrier par l\u2019Iran ont vis\u00e9 plusieurs points strat\u00e9giques de la ville de Duba\u00ef et de ses environs<\/a>, dans le cadre de ce qui a constitu\u00e9 le point de d\u00e9part d\u2019une nouvelle guerre touchant plusieurs pays du\u00a0Moyen-Orient. Des drones et des missiles ont effectivement \u00e9t\u00e9 lanc\u00e9s par l\u2019Iran dans plusieurs pays du Golfe et, \u00e0 Duba\u00ef, l\u2019h\u00f4tel Burj Al Arab et l\u2019a\u00e9roport international ont \u00e9t\u00e9 l\u00e9g\u00e8rement touch\u00e9s, d\u00e9clenchant des incendies.<\/p>\n<p style=\"word-wrap: break-word;\">Par ailleurs, quatre personnes ont \u00e9t\u00e9 bless\u00e9es dans\u00a0une explosion sur\u00a0l\u2019embl\u00e9matique \u00eele artificielle The Palm, o\u00f9 un h\u00f4tel a \u00e9t\u00e9 touch\u00e9 par un d\u00e9bris de drone.\u00a0Un feu s\u2019est aussi d\u00e9clar\u00e9 dans le port \u00e0 la suite d\u2019une attaque de missiles iranienne sans faire de bless\u00e9, a annonc\u00e9 l\u2019\u00e9mirat. De plus, un \u00ab\u00a0incident\u00a0\u00bb a fait quatre bless\u00e9s et des \u00ab\u00a0d\u00e9g\u00e2ts mineurs\u00a0\u00bb \u00e0 l\u2019a\u00e9roport international de Duba\u00ef.<\/p>\n<p style=\"word-wrap: break-word;\">Dans le m\u00eame temps, des vid\u00e9os ont circul\u00e9\u00a0sur les r\u00e9seaux sociaux pour faire croire \u00e0 une destruction ou \u00e0 des d\u00e9g\u00e2ts majeurs sur l\u2019un des\u00a0gratte-ciel les plus c\u00e9l\u00e8bres au monde. Des habitants ont affirm\u00e9 que des missiles ou des d\u00e9bris ont fr\u00f4l\u00e9 le Burj Khalifa, sans qu\u2019un impact direct sur la tour la plus haute du monde ne soit confirm\u00e9 par des sources officielles.<\/p>\n<p style=\"word-wrap: break-word;\">Parmi ces autres vid\u00e9os qui ont circul\u00e9, certaines montrent de la fum\u00e9e autour de la tour, d\u2019autres une sorte de boule de feu au-dessus de la ville. Elles proviennent en r\u00e9alit\u00e9 d\u2019anciennes images ou de s\u00e9quences sorties de leur contexte. Aucune information\u00a0officielle n\u2019indique que ce gratte-ciel embl\u00e9matique ait \u00e9t\u00e9 touch\u00e9 ou endommag\u00e9.<\/p>\n<div>\n<div><img style=\"width: 100%; height: auto;\" src=\"https:\/\/belux-edmo.s3-accelerate.amazonaws.com\/wp-content\/uploads\/2026\/03\/7d6de670a11d4b014fea25cc0bcb1de6_resized.jpg\" \/><\/div>\n<p style=\"word-wrap: break-word;\"><em>\u00a9 Giuseppe CACACE \/ AFP \/ Vue sur la Burj Khalifa (C) et le centre-ville de Duba\u00ef le 3\u00a0mars 2026.<\/em><\/p>\n<\/div>\n<p style=\"word-wrap: break-word;\">Des photos prises le 4\u00a0mars 2026, apr\u00e8s ces \u00e9v\u00e9nements montrent d\u2019ailleurs le Burj Khalifa sans dommages apparents.<\/p>\n<p><b style=\"display: block; margin: 1rem 0;\">Une confusion entretenue avec un l\u00e9ger incendie du Burj Al Arab<\/b><\/p>\n<p style=\"word-wrap: break-word;\">Si\u00a0un drone a pu \u00eatre intercept\u00e9 le 28\u00a0f\u00e9vrier en soir\u00e9e dans un angle de vue qui inclut le Burj Khalifa, ce sont <a href=\"https:\/\/www.lemonde.fr\/en\/international\/article\/2026\/03\/01\/iran-attacks-luxury-hotels-and-airports-in-dubai_6750972_4.html\" target=\"_blank\" rel=\"noopener\">les d\u00e9bris d\u2019un autre drone qui ont caus\u00e9 un incendie limit\u00e9 sur la fa\u00e7ade de\u00a0l\u2019h\u00f4tel de luxe du Burj Al Arab (un h\u00f4tel en forme de voile), situ\u00e9 sur la c\u00f4te<\/a>.<\/p>\n<p style=\"word-wrap: break-word;\">Une information confirm\u00e9e par\u00a0le Bureau des m\u00e9dias de Duba\u00ef a annonc\u00e9 <a href=\"https:\/\/perma.cc\/U9S3-EPHZ\" target=\"_blank\" rel=\"noopener\">sur X le 28\u00a0f\u00e9vrier \u00e0 23h36<\/a>\u00a0qu\u2019un drone a \u00e9t\u00e9 intercept\u00e9 et que \u00ab\u00a0des d\u00e9bris ont provoqu\u00e9 un incendie mineur sur la fa\u00e7ade ext\u00e9rieure du Burj Al Arab. Les \u00e9quipes de la protection civile sont imm\u00e9diatement intervenues et ont ma\u00eetris\u00e9 l\u2019incident. Aucun bless\u00e9 n\u2019est \u00e0 d\u00e9plorer.\u00a0\u00bb<\/p>\n<p style=\"word-wrap: break-word;\"><a href=\"https:\/\/perma.cc\/AC6N-22HZ\" target=\"_blank\" rel=\"noopener\">Des images v\u00e9rifi\u00e9es de cet incendie ont circul\u00e9 sur les r\u00e9seaux sociaux<\/a>.<\/p>\n<div>\n<div><img style=\"width: 100%; height: auto;\" src=\"https:\/\/belux-edmo.s3-accelerate.amazonaws.com\/wp-content\/uploads\/2026\/03\/b3eceba741f54baacf6a6740620242ec_resized.jpg\" \/><\/div>\n<p style=\"word-wrap: break-word;\"><em>\u00a9 Capture d\u2019\u00e9cran X \/ Un incendie touche le Burj Al Arab, le 28\u00a0f\u00e9vrier 2026.<\/em><\/p>\n<\/div>\n<p style=\"word-wrap: break-word;\">Les images de cet incendie qui a touch\u00e9 le Burj Al Arab, un gratte-ciel connu mais moins c\u00e9l\u00e8bre que le Burj Khalifa, ont donc \u00e9t\u00e9 d\u00e9tourn\u00e9es par certains utilisateurs\u00a0pour faire croire que c\u2019est le Burj Khalifa qui avait \u00e9t\u00e9 touch\u00e9. C\u2019\u00e9tait le cas dans la vid\u00e9o diffus\u00e9e sur Youtube en fran\u00e7ais d\u00e9crite plus haut.<\/p>\n<div>\n<div><img style=\"width: 100%; height: auto;\" src=\"https:\/\/belux-edmo.s3-accelerate.amazonaws.com\/wp-content\/uploads\/2026\/03\/168e5e644cf5d242f7d5db69fc22fcdf_resized.jpg\" \/><\/div>\n<p style=\"word-wrap: break-word;\"><em>\u00a9 AFP \/ Le gratte-ciel Burj Khalifa (\u00e0 gauche), le plus haut b\u00e2timent du monde, et l\u2019h\u00f4tel Burj al-Arab (\u00e0 droite) se profilent dans le paysage urbain de Duba\u00ef, le 11\u00a0mars 2026.<\/em><\/p>\n<\/div>\n<p style=\"word-wrap: break-word;\">Depuis le d\u00e9but des op\u00e9rations de\u00a0repr\u00e9sailles du r\u00e9gime iranien contre les pays voisins du Golfe persique, plusieurs interceptions de drones ont eu lieu \u00e0 Duba\u00ef, <a href=\"https:\/\/auvio.rtbf.be\/media\/journal-televise-sujet-par-sujet-aeroport-de-dubai-activites-temporairement-suspendues-apres-une-attaque-de-drones-3446613\" target=\"_blank\" rel=\"noopener\">notamment \u00e0 proximit\u00e9 de l\u2019a\u00e9roport<\/a>. La capitale\u00a0des \u00c9mirats arabes unis a d\u00e9j\u00e0 \u00e9t\u00e9 vis\u00e9e\u00a0par plus de 260 missiles balistiques et plus de\u00a01500 drones, \u00e0 ce jour.<\/p>\n<p style=\"word-wrap: break-word;\">Ces missiles et ces drones ont vis\u00e9 des bases et des int\u00e9r\u00eats am\u00e9ricains, mais ont aussi touch\u00e9 des a\u00e9roports, des quartiers r\u00e9sidentiels et des installations p\u00e9troli\u00e8res.\u00a0Une autre vid\u00e9o qui circule sur les r\u00e9seaux sociaux depuis le 3\u00a0mars pr\u00e9tend \u00e0 tort qu\u2019un raid a\u00e9rien a \u00e9t\u00e9 men\u00e9 contre\u00a0Duba\u00ef. Comme l\u2019a d\u00e9montr\u00e9 <a href=\"https:\/\/factcheck.afp.com\/doc.afp.com.A2LT363?utm_source=chatgpt.com\" target=\"_blank\" rel=\"noopener\">AFP Factuel<\/a>, ce clip dans lequel on aper\u00e7oit le Burj Khalifa a en r\u00e9alit\u00e9 \u00e9t\u00e9 r\u00e9alis\u00e9\u00a0\u00e0 l\u2019aide de l\u2019IA.<\/p>\n<p style=\"word-wrap: break-word;\">Ce vendredi 13\u00a0mars, l<a href=\"https:\/\/perma.cc\/UJY2-UPHG\" target=\"_blank\" rel=\"noopener\">es autorit\u00e9s ont confirm\u00e9<\/a> que des d\u00e9bris provenant d\u2019une interception r\u00e9ussie\u00a0ont provoqu\u00e9 un incident mineur sur la fa\u00e7ade d\u2019un immeuble dans le centre de Duba\u00ef, non loin du Burj Khalifa, apr\u00e8s que des explosions ont \u00e9branl\u00e9 la place financi\u00e8re du Moyen-Orient.\u00a0Le bureau des m\u00e9dias de Duba\u00ef\u00a0a ajout\u00e9\u00a0qu\u2019aucun bless\u00e9 n\u2019avait \u00e9t\u00e9 signal\u00e9.<\/p>\n<p style=\"word-wrap: break-word;\">\u00c0 ce stade, le Burj Khalifa n\u2019a \u00e9t\u00e9 directement\u00a0touch\u00e9 ni par des drones, ni par des tirs de missiles.<\/p>\n<\/article>\n","protected":false},"excerpt":{"rendered":"<p>Plusieurs publications sur les r\u00e9seaux sociaux pr\u00e9tendent que le c\u00e9l\u00e8bre gratte-ciel de Duba\u00ef a \u00e9t\u00e9 touch\u00e9 le 28\u00a0f\u00e9vrier dernier, voire&#8230;<\/p>\n","protected":false},"author":1,"featured_media":510430,"comment_status":"closed","ping_status":"closed","sticky":false,"template":"","format":"standard","meta":{"_acf_changed":false,"footnotes":""},"categories":[452,471,125,403,116,138,389],"tags":[],"class_list":{"0":"post-510455","1":"post","2":"type-post","3":"status-publish","4":"format-standard","5":"has-post-thumbnail","7":"category-editors-choice-fr","8":"category-etats-unis","9":"category-fact-check-fr","10":"category-moyen-orient","11":"category-non-classifiee","12":"category-societe","13":"category-technologie-fact-check-fr-2"},"acf":{"show_metatags":true,"id":"https:\/\/www.rtbf.be\/article\/la-celebre-tour-burj-khalifa-de-dubai-n-a-pas-ete-touchee-par-des-attaques-iraniennes-11694119","authors":"Par Gr\u00e9goire Ryckmans ","organization":"RTBF","featured_image_copyright":"","text_copyright":"Copyright: (C)RTBF Radio, Television Belge Francophone, plus d'infos: https:\/\/www.rtbf.be\/cgu\/","source":"https:\/\/www.rtbf.be\/article\/la-celebre-tour-burj-khalifa-de-dubai-n-a-pas-ete-touchee-par-des-attaques-iraniennes-11694119","fact_checker":"https:\/\/belux.wpengine.com\/wp-content\/uploads\/2022\/01\/rtbf-logo.jpg","share_this_post_to_edmo_website":false,"affiliation":"BELUX","type":"\u00c9v\u00e9nement ferm\u00e9","location":"","start_date":"","start_date_event_begins_at":"","start_date_event_ends_at":"","end_date":"","end_date_event_begins_at":"","end_date_event_ends_at":"","organizer":"","fact_checker_logo_image":false},"yoast_head":"<!-- This site is optimized with the Yoast SEO plugin v27.0 - https:\/\/yoast.com\/product\/yoast-seo-wordpress\/ -->\n<title>La c\u00e9l\u00e8bre tour Burj Khalifa de Duba\u00ef n\u2019a pas \u00e9t\u00e9 touch\u00e9e par des attaques iraniennes - EDMO Belux<\/title>\n<meta name=\"robots\" content=\"index, follow, max-snippet:-1, max-image-preview:large, max-video-preview:-1\" \/>\n<link rel=\"canonical\" href=\"https:\/\/belux.edmo.eu\/fr\/la-clbre-tour-burj-khalifa-de-duba-na-pas-t-touche-par-des-attaques-iraniennes\/\" \/>\n<meta property=\"og:locale\" content=\"fr_FR\" \/>\n<meta property=\"og:type\" content=\"article\" \/>\n<meta property=\"og:title\" content=\"La c\u00e9l\u00e8bre tour Burj Khalifa de Duba\u00ef n\u2019a pas \u00e9t\u00e9 touch\u00e9e par des attaques iraniennes - EDMO Belux\" \/>\n<meta property=\"og:description\" content=\"Plusieurs publications sur les r\u00e9seaux sociaux pr\u00e9tendent que le c\u00e9l\u00e8bre gratte-ciel de Duba\u00ef a \u00e9t\u00e9 touch\u00e9 le 28\u00a0f\u00e9vrier dernier, voire...\" \/>\n<meta property=\"og:url\" content=\"https:\/\/belux.edmo.eu\/fr\/la-clbre-tour-burj-khalifa-de-duba-na-pas-t-touche-par-des-attaques-iraniennes\/\" \/>\n<meta property=\"og:site_name\" content=\"EDMO Belux\" \/>\n<meta property=\"article:published_time\" content=\"2026-03-16T09:19:59+00:00\" \/>\n<meta property=\"article:modified_time\" content=\"2026-03-16T10:41:57+00:00\" \/>\n<meta property=\"og:image\" content=\"https:\/\/belux-edmo.s3-accelerate.amazonaws.com\/wp-content\/uploads\/2026\/03\/d1e312698abf126ab929e82e5bf00697_resized.jpg\" \/>\n\t<meta property=\"og:image:width\" content=\"1080\" \/>\n\t<meta property=\"og:image:height\" content=\"608\" \/>\n\t<meta property=\"og:image:type\" content=\"image\/jpeg\" \/>\n<meta name=\"author\" content=\"master\" \/>\n<meta name=\"twitter:card\" content=\"summary_large_image\" \/>\n<meta name=\"twitter:creator\" content=\"@Edmo_Belux\" \/>\n<meta name=\"twitter:site\" content=\"@Edmo_Belux\" \/>\n<meta name=\"twitter:label1\" content=\"\u00c9crit par\" \/>\n\t<meta name=\"twitter:data1\" content=\"master\" \/>\n\t<meta name=\"twitter:label2\" content=\"Dur\u00e9e de lecture estim\u00e9e\" \/>\n\t<meta name=\"twitter:data2\" content=\"7 minutes\" \/>\n<script type=\"application\/ld+json\" class=\"yoast-schema-graph\">{\"@context\":\"https:\/\/schema.org\",\"@graph\":[{\"@type\":\"Article\",\"@id\":\"https:\/\/belux.edmo.eu\/fr\/la-clbre-tour-burj-khalifa-de-duba-na-pas-t-touche-par-des-attaques-iraniennes\/#article\",\"isPartOf\":{\"@id\":\"https:\/\/belux.edmo.eu\/fr\/la-clbre-tour-burj-khalifa-de-duba-na-pas-t-touche-par-des-attaques-iraniennes\/\"},\"author\":{\"name\":\"master\",\"@id\":\"https:\/\/belux.edmo.eu\/#\/schema\/person\/dbe3b252258537fd318f9b5645a30342\"},\"headline\":\"La c\u00e9l\u00e8bre tour Burj Khalifa de Duba\u00ef n\u2019a pas \u00e9t\u00e9 touch\u00e9e par des attaques iraniennes\",\"datePublished\":\"2026-03-16T09:19:59+00:00\",\"dateModified\":\"2026-03-16T10:41:57+00:00\",\"mainEntityOfPage\":{\"@id\":\"https:\/\/belux.edmo.eu\/fr\/la-clbre-tour-burj-khalifa-de-duba-na-pas-t-touche-par-des-attaques-iraniennes\/\"},\"wordCount\":1379,\"publisher\":{\"@id\":\"https:\/\/belux.edmo.eu\/#organization\"},\"image\":{\"@id\":\"https:\/\/belux.edmo.eu\/fr\/la-clbre-tour-burj-khalifa-de-duba-na-pas-t-touche-par-des-attaques-iraniennes\/#primaryimage\"},\"thumbnailUrl\":\"https:\/\/belux-edmo.s3-accelerate.amazonaws.com\/wp-content\/uploads\/2026\/03\/d1e312698abf126ab929e82e5bf00697_resized.jpg\",\"articleSection\":[\"Editor's Choice Slider FR\",\"Etats-Unis\",\"Fact-Check\",\"Moyen-Orient\",\"Non classifi\u00e9(e)\",\"Societe\",\"Technologie\"],\"inLanguage\":\"fr-FR\"},{\"@type\":\"WebPage\",\"@id\":\"https:\/\/belux.edmo.eu\/fr\/la-clbre-tour-burj-khalifa-de-duba-na-pas-t-touche-par-des-attaques-iraniennes\/\",\"url\":\"https:\/\/belux.edmo.eu\/fr\/la-clbre-tour-burj-khalifa-de-duba-na-pas-t-touche-par-des-attaques-iraniennes\/\",\"name\":\"La c\u00e9l\u00e8bre tour Burj Khalifa de Duba\u00ef n\u2019a pas \u00e9t\u00e9 touch\u00e9e par des attaques iraniennes - EDMO Belux\",\"isPartOf\":{\"@id\":\"https:\/\/belux.edmo.eu\/#website\"},\"primaryImageOfPage\":{\"@id\":\"https:\/\/belux.edmo.eu\/fr\/la-clbre-tour-burj-khalifa-de-duba-na-pas-t-touche-par-des-attaques-iraniennes\/#primaryimage\"},\"image\":{\"@id\":\"https:\/\/belux.edmo.eu\/fr\/la-clbre-tour-burj-khalifa-de-duba-na-pas-t-touche-par-des-attaques-iraniennes\/#primaryimage\"},\"thumbnailUrl\":\"https:\/\/belux-edmo.s3-accelerate.amazonaws.com\/wp-content\/uploads\/2026\/03\/d1e312698abf126ab929e82e5bf00697_resized.jpg\",\"datePublished\":\"2026-03-16T09:19:59+00:00\",\"dateModified\":\"2026-03-16T10:41:57+00:00\",\"breadcrumb\":{\"@id\":\"https:\/\/belux.edmo.eu\/fr\/la-clbre-tour-burj-khalifa-de-duba-na-pas-t-touche-par-des-attaques-iraniennes\/#breadcrumb\"},\"inLanguage\":\"fr-FR\",\"potentialAction\":[{\"@type\":\"ReadAction\",\"target\":[\"https:\/\/belux.edmo.eu\/fr\/la-clbre-tour-burj-khalifa-de-duba-na-pas-t-touche-par-des-attaques-iraniennes\/\"]}]},{\"@type\":\"ImageObject\",\"inLanguage\":\"fr-FR\",\"@id\":\"https:\/\/belux.edmo.eu\/fr\/la-clbre-tour-burj-khalifa-de-duba-na-pas-t-touche-par-des-attaques-iraniennes\/#primaryimage\",\"url\":\"https:\/\/belux-edmo.s3-accelerate.amazonaws.com\/wp-content\/uploads\/2026\/03\/d1e312698abf126ab929e82e5bf00697_resized.jpg\",\"contentUrl\":\"https:\/\/belux-edmo.s3-accelerate.amazonaws.com\/wp-content\/uploads\/2026\/03\/d1e312698abf126ab929e82e5bf00697_resized.jpg\",\"width\":1080,\"height\":608,\"caption\":\"La c\u00e9l\u00e8bre tour Burj Khalifa de Duba\u00ef n\u2019a pas \u00e9t\u00e9 touch\u00e9e par des attaques iraniennes - Featured image\"},{\"@type\":\"BreadcrumbList\",\"@id\":\"https:\/\/belux.edmo.eu\/fr\/la-clbre-tour-burj-khalifa-de-duba-na-pas-t-touche-par-des-attaques-iraniennes\/#breadcrumb\",\"itemListElement\":[{\"@type\":\"ListItem\",\"position\":1,\"name\":\"Home\",\"item\":\"https:\/\/belux.edmo.eu\/fr\/\"},{\"@type\":\"ListItem\",\"position\":2,\"name\":\"La c\u00e9l\u00e8bre tour Burj Khalifa de Duba\u00ef n\u2019a pas \u00e9t\u00e9 touch\u00e9e par des attaques iraniennes\"}]},{\"@type\":\"WebSite\",\"@id\":\"https:\/\/belux.edmo.eu\/#website\",\"url\":\"https:\/\/belux.edmo.eu\/\",\"name\":\"EDMO Belux\",\"description\":\"Monitoring Disinformation in Belgium and Luxembourg\",\"publisher\":{\"@id\":\"https:\/\/belux.edmo.eu\/#organization\"},\"potentialAction\":[{\"@type\":\"SearchAction\",\"target\":{\"@type\":\"EntryPoint\",\"urlTemplate\":\"https:\/\/belux.edmo.eu\/?s={search_term_string}\"},\"query-input\":{\"@type\":\"PropertyValueSpecification\",\"valueRequired\":true,\"valueName\":\"search_term_string\"}}],\"inLanguage\":\"fr-FR\"},{\"@type\":\"Organization\",\"@id\":\"https:\/\/belux.edmo.eu\/#organization\",\"name\":\"EDMO Belux\",\"url\":\"https:\/\/belux.edmo.eu\/\",\"logo\":{\"@type\":\"ImageObject\",\"inLanguage\":\"fr-FR\",\"@id\":\"https:\/\/belux.edmo.eu\/#\/schema\/logo\/image\/\",\"url\":\"https:\/\/belux.edmo.eu\/wp-content\/uploads\/2021\/12\/belux-logo-full-color-rgb.svg\",\"contentUrl\":\"https:\/\/belux.edmo.eu\/wp-content\/uploads\/2021\/12\/belux-logo-full-color-rgb.svg\",\"width\":1,\"height\":1,\"caption\":\"EDMO Belux\"},\"image\":{\"@id\":\"https:\/\/belux.edmo.eu\/#\/schema\/logo\/image\/\"},\"sameAs\":[\"https:\/\/x.com\/Edmo_Belux\"]},{\"@type\":\"Person\",\"@id\":\"https:\/\/belux.edmo.eu\/#\/schema\/person\/dbe3b252258537fd318f9b5645a30342\",\"name\":\"master\",\"sameAs\":[\"https:\/\/belux.wpengine.com\"],\"url\":\"https:\/\/belux.edmo.eu\/fr\/author\/master\/\"}]}<\/script>\n<!-- \/ Yoast SEO plugin. -->","yoast_head_json":{"title":"La c\u00e9l\u00e8bre tour Burj Khalifa de Duba\u00ef n\u2019a pas \u00e9t\u00e9 touch\u00e9e par des attaques iraniennes - EDMO Belux","robots":{"index":"index","follow":"follow","max-snippet":"max-snippet:-1","max-image-preview":"max-image-preview:large","max-video-preview":"max-video-preview:-1"},"canonical":"https:\/\/belux.edmo.eu\/fr\/la-clbre-tour-burj-khalifa-de-duba-na-pas-t-touche-par-des-attaques-iraniennes\/","og_locale":"fr_FR","og_type":"article","og_title":"La c\u00e9l\u00e8bre tour Burj Khalifa de Duba\u00ef n\u2019a pas \u00e9t\u00e9 touch\u00e9e par des attaques iraniennes - EDMO Belux","og_description":"Plusieurs publications sur les r\u00e9seaux sociaux pr\u00e9tendent que le c\u00e9l\u00e8bre gratte-ciel de Duba\u00ef a \u00e9t\u00e9 touch\u00e9 le 28\u00a0f\u00e9vrier dernier, voire...","og_url":"https:\/\/belux.edmo.eu\/fr\/la-clbre-tour-burj-khalifa-de-duba-na-pas-t-touche-par-des-attaques-iraniennes\/","og_site_name":"EDMO Belux","article_published_time":"2026-03-16T09:19:59+00:00","article_modified_time":"2026-03-16T10:41:57+00:00","og_image":[{"width":1080,"height":608,"url":"https:\/\/belux-edmo.s3-accelerate.amazonaws.com\/wp-content\/uploads\/2026\/03\/d1e312698abf126ab929e82e5bf00697_resized.jpg","type":"image\/jpeg"}],"author":"master","twitter_card":"summary_large_image","twitter_creator":"@Edmo_Belux","twitter_site":"@Edmo_Belux","twitter_misc":{"\u00c9crit par":"master","Dur\u00e9e de lecture estim\u00e9e":"7 minutes"},"schema":{"@context":"https:\/\/schema.org","@graph":[{"@type":"Article","@id":"https:\/\/belux.edmo.eu\/fr\/la-clbre-tour-burj-khalifa-de-duba-na-pas-t-touche-par-des-attaques-iraniennes\/#article","isPartOf":{"@id":"https:\/\/belux.edmo.eu\/fr\/la-clbre-tour-burj-khalifa-de-duba-na-pas-t-touche-par-des-attaques-iraniennes\/"},"author":{"name":"master","@id":"https:\/\/belux.edmo.eu\/#\/schema\/person\/dbe3b252258537fd318f9b5645a30342"},"headline":"La c\u00e9l\u00e8bre tour Burj Khalifa de Duba\u00ef n\u2019a pas \u00e9t\u00e9 touch\u00e9e par des attaques iraniennes","datePublished":"2026-03-16T09:19:59+00:00","dateModified":"2026-03-16T10:41:57+00:00","mainEntityOfPage":{"@id":"https:\/\/belux.edmo.eu\/fr\/la-clbre-tour-burj-khalifa-de-duba-na-pas-t-touche-par-des-attaques-iraniennes\/"},"wordCount":1379,"publisher":{"@id":"https:\/\/belux.edmo.eu\/#organization"},"image":{"@id":"https:\/\/belux.edmo.eu\/fr\/la-clbre-tour-burj-khalifa-de-duba-na-pas-t-touche-par-des-attaques-iraniennes\/#primaryimage"},"thumbnailUrl":"https:\/\/belux-edmo.s3-accelerate.amazonaws.com\/wp-content\/uploads\/2026\/03\/d1e312698abf126ab929e82e5bf00697_resized.jpg","articleSection":["Editor's Choice Slider FR","Etats-Unis","Fact-Check","Moyen-Orient","Non classifi\u00e9(e)","Societe","Technologie"],"inLanguage":"fr-FR"},{"@type":"WebPage","@id":"https:\/\/belux.edmo.eu\/fr\/la-clbre-tour-burj-khalifa-de-duba-na-pas-t-touche-par-des-attaques-iraniennes\/","url":"https:\/\/belux.edmo.eu\/fr\/la-clbre-tour-burj-khalifa-de-duba-na-pas-t-touche-par-des-attaques-iraniennes\/","name":"La c\u00e9l\u00e8bre tour Burj Khalifa de Duba\u00ef n\u2019a pas \u00e9t\u00e9 touch\u00e9e par des attaques iraniennes - EDMO Belux","isPartOf":{"@id":"https:\/\/belux.edmo.eu\/#website"},"primaryImageOfPage":{"@id":"https:\/\/belux.edmo.eu\/fr\/la-clbre-tour-burj-khalifa-de-duba-na-pas-t-touche-par-des-attaques-iraniennes\/#primaryimage"},"image":{"@id":"https:\/\/belux.edmo.eu\/fr\/la-clbre-tour-burj-khalifa-de-duba-na-pas-t-touche-par-des-attaques-iraniennes\/#primaryimage"},"thumbnailUrl":"https:\/\/belux-edmo.s3-accelerate.amazonaws.com\/wp-content\/uploads\/2026\/03\/d1e312698abf126ab929e82e5bf00697_resized.jpg","datePublished":"2026-03-16T09:19:59+00:00","dateModified":"2026-03-16T10:41:57+00:00","breadcrumb":{"@id":"https:\/\/belux.edmo.eu\/fr\/la-clbre-tour-burj-khalifa-de-duba-na-pas-t-touche-par-des-attaques-iraniennes\/#breadcrumb"},"inLanguage":"fr-FR","potentialAction":[{"@type":"ReadAction","target":["https:\/\/belux.edmo.eu\/fr\/la-clbre-tour-burj-khalifa-de-duba-na-pas-t-touche-par-des-attaques-iraniennes\/"]}]},{"@type":"ImageObject","inLanguage":"fr-FR","@id":"https:\/\/belux.edmo.eu\/fr\/la-clbre-tour-burj-khalifa-de-duba-na-pas-t-touche-par-des-attaques-iraniennes\/#primaryimage","url":"https:\/\/belux-edmo.s3-accelerate.amazonaws.com\/wp-content\/uploads\/2026\/03\/d1e312698abf126ab929e82e5bf00697_resized.jpg","contentUrl":"https:\/\/belux-edmo.s3-accelerate.amazonaws.com\/wp-content\/uploads\/2026\/03\/d1e312698abf126ab929e82e5bf00697_resized.jpg","width":1080,"height":608,"caption":"La c\u00e9l\u00e8bre tour Burj Khalifa de Duba\u00ef n\u2019a pas \u00e9t\u00e9 touch\u00e9e par des attaques iraniennes - Featured image"},{"@type":"BreadcrumbList","@id":"https:\/\/belux.edmo.eu\/fr\/la-clbre-tour-burj-khalifa-de-duba-na-pas-t-touche-par-des-attaques-iraniennes\/#breadcrumb","itemListElement":[{"@type":"ListItem","position":1,"name":"Home","item":"https:\/\/belux.edmo.eu\/fr\/"},{"@type":"ListItem","position":2,"name":"La c\u00e9l\u00e8bre tour Burj Khalifa de Duba\u00ef n\u2019a pas \u00e9t\u00e9 touch\u00e9e par des attaques iraniennes"}]},{"@type":"WebSite","@id":"https:\/\/belux.edmo.eu\/#website","url":"https:\/\/belux.edmo.eu\/","name":"EDMO Belux","description":"Monitoring Disinformation in Belgium and Luxembourg","publisher":{"@id":"https:\/\/belux.edmo.eu\/#organization"},"potentialAction":[{"@type":"SearchAction","target":{"@type":"EntryPoint","urlTemplate":"https:\/\/belux.edmo.eu\/?s={search_term_string}"},"query-input":{"@type":"PropertyValueSpecification","valueRequired":true,"valueName":"search_term_string"}}],"inLanguage":"fr-FR"},{"@type":"Organization","@id":"https:\/\/belux.edmo.eu\/#organization","name":"EDMO Belux","url":"https:\/\/belux.edmo.eu\/","logo":{"@type":"ImageObject","inLanguage":"fr-FR","@id":"https:\/\/belux.edmo.eu\/#\/schema\/logo\/image\/","url":"https:\/\/belux.edmo.eu\/wp-content\/uploads\/2021\/12\/belux-logo-full-color-rgb.svg","contentUrl":"https:\/\/belux.edmo.eu\/wp-content\/uploads\/2021\/12\/belux-logo-full-color-rgb.svg","width":1,"height":1,"caption":"EDMO Belux"},"image":{"@id":"https:\/\/belux.edmo.eu\/#\/schema\/logo\/image\/"},"sameAs":["https:\/\/x.com\/Edmo_Belux"]},{"@type":"Person","@id":"https:\/\/belux.edmo.eu\/#\/schema\/person\/dbe3b252258537fd318f9b5645a30342","name":"master","sameAs":["https:\/\/belux.wpengine.com"],"url":"https:\/\/belux.edmo.eu\/fr\/author\/master\/"}]}},"menu_order":0,"_links":{"self":[{"href":"https:\/\/belux.edmo.eu\/fr\/wp-json\/wp\/v2\/posts\/510455","targetHints":{"allow":["GET"]}}],"collection":[{"href":"https:\/\/belux.edmo.eu\/fr\/wp-json\/wp\/v2\/posts"}],"about":[{"href":"https:\/\/belux.edmo.eu\/fr\/wp-json\/wp\/v2\/types\/post"}],"author":[{"embeddable":true,"href":"https:\/\/belux.edmo.eu\/fr\/wp-json\/wp\/v2\/users\/1"}],"replies":[{"embeddable":true,"href":"https:\/\/belux.edmo.eu\/fr\/wp-json\/wp\/v2\/comments?post=510455"}],"version-history":[{"count":0,"href":"https:\/\/belux.edmo.eu\/fr\/wp-json\/wp\/v2\/posts\/510455\/revisions"}],"wp:featuredmedia":[{"embeddable":true,"href":"https:\/\/belux.edmo.eu\/fr\/wp-json\/wp\/v2\/media\/510430"}],"wp:attachment":[{"href":"https:\/\/belux.edmo.eu\/fr\/wp-json\/wp\/v2\/media?parent=510455"}],"wp:term":[{"taxonomy":"category","embeddable":true,"href":"https:\/\/belux.edmo.eu\/fr\/wp-json\/wp\/v2\/categories?post=510455"},{"taxonomy":"post_tag","embeddable":true,"href":"https:\/\/belux.edmo.eu\/fr\/wp-json\/wp\/v2\/tags?post=510455"}],"curies":[{"name":"wp","href":"https:\/\/api.w.org\/{rel}","templated":true}]}}