{"id":512244,"date":"2026-04-07T09:23:41","date_gmt":"2026-04-07T09:23:41","guid":{"rendered":"https:\/\/belux.edmo.eu\/?p=512244"},"modified":"2026-04-07T10:37:09","modified_gmt":"2026-04-07T10:37:09","slug":"leuthanasie-dune-jeune-femme-en-espagne-entrane-un-flot-de-dsinformation","status":"publish","type":"post","link":"https:\/\/belux.edmo.eu\/fr\/leuthanasie-dune-jeune-femme-en-espagne-entrane-un-flot-de-dsinformation\/","title":{"rendered":"L&rsquo;euthanasie d&rsquo;une jeune femme en Espagne entra\u00eene un flot de d\u00e9sinformation"},"content":{"rendered":"<p>Depuis la pol\u00e9mique suscit\u00e9e par l&rsquo;euthanasie demand\u00e9e par une jeune femme parapl\u00e9gique en Espagne fin mars, les r\u00e9seaux sociaux sont inond\u00e9s de publications m\u00ealant affirmations infond\u00e9es et images d\u00e9contextualis\u00e9es. Ces contenus trompeurs ont aliment\u00e9 la d\u00e9sinformation autour de l&rsquo;aide \u00e0 mourir de Noelia Castillo. L&rsquo;AFP en a v\u00e9rifi\u00e9 plusieurs.<\/p>\n<p>Noelia Castillo, une Espagnole de 25 ans, a \u00e9t\u00e9\u00a0<a href=\"https:\/\/www.liberation.fr\/international\/europe\/espagne-une-jeune-femme-paraplegique-euthanasiee-malgre-lopposition-de-son-pere-20260326_I325JJZM4RDFLJ5YE7ZDMX63SA\/\" target=\"_blank\" rel=\"evidence frozen nofollow noopener\" shape=\"rect\">euthanasi\u00e9e<\/a> le 26 mars \u00e0 sa demande, apr\u00e8s pr\u00e8s de deux ans de bataille judiciaire avec son p\u00e8re qui s&rsquo;opposait \u00e0 sa d\u00e9cision (lien archiv\u00e9 <a href=\"https:\/\/web.archive.org\/web\/20260401091028\/https:\/\/www.liberation.fr\/international\/europe\/espagne-une-jeune-femme-paraplegique-euthanasiee-malgre-lopposition-de-son-pere-20260326_I325JJZM4RDFLJ5YE7ZDMX63SA\/\" target=\"_blank\" rel=\"evidence frozen nofollow noopener\" shape=\"rect\">ici<\/a>).<\/p>\n<p>Elle est d\u00e9c\u00e9d\u00e9e en d\u00e9but de soir\u00e9e dans un h\u00f4pital de\u00a0<a href=\"https:\/\/maps.app.goo.gl\/Qq5xvcNN5mYw2a9M9\" target=\"_blank\" rel=\"evidence frozen nofollow noopener\" shape=\"rect\">Sant Pere de Ribes<\/a>, \u00e0 une quarantaine de kilom\u00e8tres de Barcelone, ont indiqu\u00e9 la t\u00e9l\u00e9vision espagnole et d&rsquo;autres m\u00e9dias, apr\u00e8s le rejet jusqu&rsquo;\u00e0 ces derni\u00e8res heures de recours d\u00e9pos\u00e9s par son p\u00e8re, fermement oppos\u00e9 \u00e0 la demande sa fille, devenue t\u00e9trapl\u00e9gique apr\u00e8s s&rsquo;\u00eatre jet\u00e9e du cinqui\u00e8me \u00e9tage lors d&rsquo;une tentative de suicide en 2022 (lien archiv\u00e9 <a href=\"https:\/\/perma.cc\/R4NT-QK35?type=image\" target=\"_blank\" rel=\"evidence frozen nofollow noopener\" shape=\"rect\">ici<\/a>).<\/p>\n<p>\u00ab\u00a0<em>Je veux partir en paix maintenant, arr\u00eater de souffrir. Un point c&rsquo;est tout<\/em>\u00ab\u00a0, avait dit la jeune femme, dans son <a href=\"https:\/\/www.atresplayer.com\/antena3\/programas\/entrevistas-de-sonsoles\/clips\/noelia-momentos-antes-de-recibir-la-eutanasia-no-quiero-que-nadie-siga-mis-pasos_69c427bfd189b0e4a5afee29\/\" target=\"_blank\" rel=\"evidence frozen nofollow noopener\" shape=\"rect\">ultime entretien<\/a> diffus\u00e9 la veille de son d\u00e9c\u00e8s par la <a href=\"https:\/\/www.antena3.com\/programas\/y-ahora-sonsoles\/entrevista-completa-noelia-joven-que-recibira-eutanasia_2026032569c3e962384f6f2489a42fb3.html\" target=\"_blank\" rel=\"evidence frozen nofollow noopener\" shape=\"rect\">cha\u00eene de t\u00e9l\u00e9vision espagnole Antena 3<\/a>, d\u00e9crivant une vie pleine de souffrances, marqu\u00e9e par une enfance sous tutelle de l&rsquo;administration et par des agressions sexuelles (liens archiv\u00e9s <a href=\"https:\/\/web.archive.org\/web\/20260401140717\/https:\/\/www.atresplayer.com\/antena3\/programas\/entrevistas-de-sonsoles\/clips\/noelia-momentos-antes-de-recibir-la-eutanasia-no-quiero-que-nadie-siga-mis-pasos_69c427bfd189b0e4a5afee29\/\" target=\"_blank\" rel=\"evidence frozen nofollow noopener\" shape=\"rect\">ici<\/a> et <a href=\"https:\/\/perma.cc\/ZB6S-3LAF\" target=\"_blank\" rel=\"evidence frozen nofollow noopener\" shape=\"rect\">ici<\/a>).<\/p>\n<div class=\"g2picture\">\n<figure><img src=\"https:\/\/belux-edmo.s3-accelerate.amazonaws.com\/wp-content\/uploads\/2026\/04\/3cf3360ca943a9718762809f772d90dd2851ed5c-ipad_resized.jpg\" \/><figcaption>Capture d&rsquo;\u00e9cran prise le 2 avril 2026 sur le site d&rsquo;Antena 3, montrant l&rsquo;interview compl\u00e8te de Noelia Castillo Ramos.<\/figcaption><\/figure>\n<\/div>\n<p>L&rsquo;euthanasie de Noelia Castillo a suscit\u00e9 de vifs d\u00e9bats sur la fin de vie en Espagne, d\u00e9clenchant aussi un flot de d\u00e9sinformation sur les r\u00e9seaux sociaux. L&rsquo;AFP a v\u00e9rifi\u00e9 plusieurs de ces contenus.<\/p>\n<p><b>La premi\u00e8re euthanasie pour \u00ab\u00a0<em>d\u00e9pression<\/em>\u00a0\u00bb ? C&rsquo;est infond\u00e9<\/b><\/p>\n<p>L&rsquo;Espagne fait partie des rares pays europ\u00e9ens \u00e0 avoir d\u00e9p\u00e9nalis\u00e9 l&rsquo;euthanasie. Depuis 2021, bien que les conditions pour y avoir recours restent toutefois strictes, les patients atteints d&rsquo;une maladie incurable peuvent b\u00e9n\u00e9ficier d&rsquo;une aide \u00e0 mourir afin d&rsquo;\u00e9viter \u00ab\u00a0<em>une souffrance insupportable<\/em>\u00ab\u00a0.<\/p>\n<p>Repr\u00e9sent\u00e9 par l&rsquo;association ultraconservatrice <a href=\"https:\/\/abogadoscristianos.es\/quienes-somos\/\" target=\"_blank\" rel=\"evidence frozen nofollow noopener\" shape=\"rect\">Abogados Cristianos<\/a> (\u00ab\u00a0Avocats chr\u00e9tiens\u00a0\u00bb en espagnol), le p\u00e8re de Noelia a tent\u00e9 d&#8217;emp\u00eacher devant les tribunaux que sa fille majeure puisse b\u00e9n\u00e9ficier de l&rsquo;aide \u00e0 mourir, estimant que les probl\u00e8mes de sant\u00e9 mentale dont elle souffrait ne lui permettaient pas de prendre cette d\u00e9cision (lien archiv\u00e9 <a href=\"https:\/\/perma.cc\/ES4S-ZKNV\" target=\"_blank\" rel=\"evidence frozen nofollow noopener\" shape=\"rect\">ici<\/a>). C&rsquo;est dans ce contexte que certains internautes ont affirm\u00e9, \u00e0 tort, que l&rsquo;euthanasie allait lui \u00eatre administr\u00e9e pour \u00ab\u00a0<em>d\u00e9pression<\/em>\u00ab\u00a0.<\/p>\n<p>\u00ab\u00a0<em>Noelia Castillo Ramos, 25 ans, deviendra la premi\u00e8re personne au monde \u00e0 b\u00e9n\u00e9ficier d&rsquo;une euthanasie pour cause de d\u00e9pression ce jeudi 26 mars 2026 \u00e0 Barcelone, en Espagne<\/em>\u00ab\u00a0, peut-on lire dans une <a href=\"https:\/\/perma.cc\/9JNY-YLMC\" target=\"_blank\" rel=\"appearance frozen nofollow noopener\" shape=\"rect\">publication Facebook<\/a>, partag\u00e9e plus de 800 fois et aim\u00e9e par pr\u00e8s de 8.000 internautes.<\/p>\n<p>Des messages similaires circulent sur Facebook (<a href=\"https:\/\/perma.cc\/9ADB-63QL\" target=\"_blank\" rel=\"appearance frozen nofollow noopener\" shape=\"rect\">1<\/a>, <a href=\"https:\/\/perma.cc\/5RRK-YWHY\" target=\"_blank\" rel=\"appearance frozen nofollow noopener\" shape=\"rect\">2<\/a>, <a href=\"https:\/\/perma.cc\/54QV-CFJZ\" target=\"_blank\" rel=\"appearance frozen nofollow noopener\" shape=\"rect\">3<\/a>) et dans plusieurs langues, notamment en <a href=\"https:\/\/perma.cc\/2FUH-PP4W\" target=\"_blank\" rel=\"appearance frozen nofollow noopener\" shape=\"rect\">anglais<\/a> et en <a href=\"https:\/\/perma.cc\/49US-ZM76\" target=\"_blank\" rel=\"appearance frozen nofollow noopener\" shape=\"rect\">espagnol<\/a> &#8211; y compris par l&rsquo;ancienne d\u00e9put\u00e9e du parti d&rsquo;extr\u00eame-droite Vox, <a href=\"https:\/\/www.congreso.es\/gl\/busqueda-de-diputados?p_p_id=diputadomodule&amp;p_p_lifecycle=0&amp;p_p_state=normal&amp;p_p_mode=view&amp;_diputadomodule_mostrarFicha=true&amp;codParlamentario=84&amp;idLegislatura=XIV&amp;mostrarAgenda=false\" target=\"_blank\" rel=\"evidence frozen nofollow noopener\" shape=\"rect\">Macarena Olona<\/a> : \u00ab\u00a0<em>Dans quelques heures, l&rsquo;\u00c9tat va tuer Noelia, une jeune femme de 25 ans.\u00a0Elle sera la premi\u00e8re personne \u00e0 recevoir l&rsquo;euthanasie pour d\u00e9pression en Espagne<\/em>\u00ab\u00a0, a-t-elle <a href=\"https:\/\/perma.cc\/W497-H8ZQ\" target=\"_blank\" rel=\"appearance frozen nofollow noopener\" shape=\"rect\">\u00e9crit<\/a> sur X (lien archiv\u00e9 <a href=\"https:\/\/perma.cc\/5KT7-AV63\" target=\"_blank\" rel=\"evidence frozen nofollow noopener\" shape=\"rect\">ici<\/a>).<\/p>\n<div class=\"g2picture\">\n<figure><img src=\"https:\/\/belux-edmo.s3-accelerate.amazonaws.com\/wp-content\/uploads\/2026\/04\/52db312a604cdd29f98b40a73eb3bc95f3c12a1f-ipad_resized.jpg\" \/><figcaption>Captures d&rsquo;\u00e9cran prises le 2 avril 2026 sur Facebook. Croix rouge ajout\u00e9e par l&rsquo;AFP.<\/figcaption><\/figure>\n<\/div>\n<p>D&rsquo;autres internautes partagent dans des messages \u00e9crits en fran\u00e7ais (<a href=\"https:\/\/perma.cc\/U4CB-JYYT\" target=\"_blank\" rel=\"appearance frozen nofollow noopener\" shape=\"rect\">1<\/a>, <a href=\"https:\/\/perma.cc\/H3JE-MPH6\" target=\"_blank\" rel=\"appearance frozen nofollow noopener\" shape=\"rect\">2<\/a>), en <a href=\"https:\/\/perma.cc\/QM2X-9WXE\" target=\"_blank\" rel=\"appearance frozen nofollow noopener\" shape=\"rect\">espagnol<\/a> ou encore en <a href=\"https:\/\/perma.cc\/NWD6-884T\" target=\"_blank\" rel=\"appearance frozen nofollow noopener\" shape=\"rect\">italien<\/a>, des vid\u00e9os montrant la jeune femme \u00ab\u00a0<em>debout, avan\u00e7ant avec de l&rsquo;aide, souriante, combattante et en harmonie avec son environnement<\/em>\u00ab\u00a0, laissant entendre que son \u00e9tat s&rsquo;est am\u00e9lior\u00e9 et remettant en cause la gravit\u00e9 de sa condition.<\/p>\n<p>\u00ab\u00a0<em>Ils ont fait croire que Noelia \u00e9tait t\u00e9trapl\u00e9gique pour verrouiller la d\u00e9cision. Le p\u00e8re a diffus\u00e9 une vid\u00e9o qui montre qu&rsquo;elle \u00e9tait en train de r\u00e9cup\u00e9rer !!<\/em>\u00ab\u00a0, <a href=\"https:\/\/perma.cc\/Q247-4QNH\" target=\"_blank\" rel=\"appearance frozen nofollow noopener\" shape=\"rect\">affirme<\/a> un internaute le 27 mars sur X.<\/p>\n<div class=\"g2picture\">\n<figure><img src=\"https:\/\/belux-edmo.s3-accelerate.amazonaws.com\/wp-content\/uploads\/2026\/04\/503e0e3a10c2c2d56f3a2324b2b4d3628b4553c5-ipad_resized.jpg\" \/><figcaption>Captures d&rsquo;\u00e9cran prises le 1er avril 2026 sur TikTok (au milieu) et X (\u00e0 gauche et \u00e0 droite). Croix rouge ajout\u00e9e par l&rsquo;AFP.<\/figcaption><\/figure>\n<\/div>\n<p>Pourtant, si le rapport psychiatrique de Noelia Castillo <a href=\"https:\/\/www.iberley.es\/jurisprudencia\/sentencia-contencioso-administrativo-juzgado-lo-contencioso-administrativo-n-12-14-3-25-48656189#:~:text=El%20informe%20de%20la%20psiquiatra%20notifica%20s%C3%ADntomas%20depresivos%20que%20presenta%20de%20forma%20cr%C3%B3nica%20y%20el%20del%20psiquiatra%20del%20Instituto%20Guttmann%20de%20trastorno%20de%20adaptaci%C3%B3n%20con%20s%C3%ADntomas%20de%20ansiedad%20y%20de%20depresi%C3%B3n.\" target=\"_blank\" rel=\"evidence frozen nofollow noopener\" shape=\"rect\">\u00e9voque<\/a> des \u00ab\u00a0<em>sympt\u00f4mes d\u00e9pressifs chroniques<\/em>\u00a0\u00bb ainsi qu&rsquo;un \u00ab\u00a0<em>trouble de l&rsquo;adaptation avec sympt\u00f4mes d&rsquo;anxi\u00e9t\u00e9 et de d\u00e9pression<\/em>\u00ab\u00a0,\u00a0<strong>la\u00a0d\u00e9pression\u00a0n&rsquo;est pas le motif ayant justifi\u00e9 l&rsquo;euthanasie <\/strong>(lien archiv\u00e9 <a href=\"https:\/\/perma.cc\/Q8G2-J4BX\" target=\"_blank\" rel=\"evidence frozen nofollow noopener\" shape=\"rect\">ici<\/a>).<\/p>\n<p>Les d\u00e9cisions de justice\u00a0<a href=\"https:\/\/www.iberley.es\/jurisprudencia\/sentencia-contencioso-administrativo-juzgado-lo-contencioso-administrativo-n-12-14-3-25-48656189\" target=\"_blank\" rel=\"evidence frozen nofollow noopener\" shape=\"rect\">soulignent<\/a> au contraire un consensus m\u00e9dical : la jeune espagnole\u00a0<strong>souffrait \u00ab\u00a0<em>d&rsquo;une affection grave, chronique et invalidante<\/em>\u00ab\u00a0, caus\u00e9e par une \u00ab\u00a0<em>l\u00e9sion de la moelle \u00e9pini\u00e8re<\/em>\u00a0\u00bb \u00e0 l&rsquo;origine de \u00ab\u00a0<em>douleurs neuropathiques difficiles \u00e0 g\u00e9rer<\/em>\u00a0\u00bb et d&rsquo;une d\u00e9pendance<\/strong>, ce qui pouvait <a href=\"https:\/\/www.sanidad.gob.es\/eutanasia\/ciudadania\/informacionBasica.htm#:~:text=Nacional%20de%20Salud.-,%C2%BFCu%C3%A1ndo%20se%20entiende%20que%20un%20paciente%20tiene%20un%20%E2%80%9Cpadecimiento%20grave%2C%20cr%C3%B3nico,apreciable.%20En%20ocasiones%20puede%20suponer%20la%20dependencia%20absoluta%20de%20apoyo%20tecnol%C3%B3gico.,-%C2%BFCu%C3%A1ndo%20se%20entiende\" target=\"_blank\" rel=\"evidence frozen nofollow noopener\" shape=\"rect\">justifier<\/a> l&rsquo;euthanasie au regard de <a href=\"https:\/\/www.boe.es\/boe\/dias\/2021\/03\/25\/pdfs\/BOE-A-2021-4628.pdf\" target=\"_blank\" rel=\"evidence frozen nofollow noopener\" shape=\"rect\">la loi espagnole<\/a> (liens archiv\u00e9s <a href=\"https:\/\/perma.cc\/Z2TH-KT6G\" target=\"_blank\" rel=\"evidence frozen nofollow noopener\" shape=\"rect\">ici<\/a> et <a href=\"https:\/\/perma.cc\/5483-BQUV\" target=\"_blank\" rel=\"evidence frozen nofollow noopener\" shape=\"rect\">ici<\/a>).<\/p>\n<p>La magistrate d&rsquo;un tribunal de Barcelone a d&rsquo;ailleurs <a href=\"https:\/\/www.iberley.es\/jurisprudencia\/sentencia-contencioso-administrativo-juzgado-lo-contencioso-administrativo-n-12-14-3-25-48656189#:~:text=Por%20otro%20lado%2C%20la,juicio%20de%20realidad%20preservado.\" target=\"_blank\" rel=\"evidence frozen nofollow noopener\" shape=\"rect\">indiqu\u00e9<\/a> que les m\u00e9decins, tout comme les psychologues, consid\u00e9raient que la pathologie psychiatrique dont elle souffrait ne remettait pas en cause \u00ab\u00a0<em>sa capacit\u00e9 \u00e0 prendre des d\u00e9cisions<\/em>\u00ab\u00a0. Aucune juridiction n&rsquo;a finalement interrompu le processus.<\/p>\n<p><b>Des infox autour du don d&rsquo;organes<\/b><\/p>\n<p>Le 26 mars, quelques heures avant la mort de Noelia Castillo, certains internautes ont affirm\u00e9 que l&rsquo;h\u00f4pital avait exerc\u00e9 une pression sur elle au motif que \u00ab\u00a0<em>ses organes \u00e9taient d\u00e9j\u00e0 r\u00e9serv\u00e9s<\/em>\u00ab\u00a0, ce qui lui aurait emp\u00each\u00e9e de retarder l&rsquo;euthanasie.<\/p>\n<p>\u00ab\u00a0<em>L&rsquo;avocate de Noelia Ramos d\u00e9clare clairement qu&rsquo;elle n&rsquo;a pas pu annuler sa mise \u00e0 mort m\u00e9dicalement assist\u00e9e parce que ses organes \u00e9taient d\u00e9j\u00e0 vendus de toute fa\u00e7on. <\/em>[&#8230;]\u00a0\u00bb, a ainsi <a href=\"https:\/\/perma.cc\/QGA5-N63N\" target=\"_blank\" rel=\"appearance frozen nofollow noopener\" shape=\"rect\">affirm\u00e9<\/a> Idriss Aberkane sur X le 27 mars, figure connue d&rsquo;internet et relais de nombreuses infox et th\u00e9ories du complot.<\/p>\n<p>Des messages similaires, accompagn\u00e9s d&rsquo;une vid\u00e9o de\u00a0<a href=\"https:\/\/www.elconfidencial.com\/espana\/2026-03-25\/polonia-castellanos-abogados-cristianos-contra-eutanasia-noelia-1qrt_4326990\/\" target=\"_blank\" rel=\"evidence frozen nofollow noopener\" shape=\"rect\">Polonia Castellanos<\/a> &#8211; pr\u00e9sidente de l&rsquo;association Abogados Cristianos &#8211; extraite d&rsquo;un entretien <a href=\"https:\/\/youtu.be\/AygLWBmsHO4?si=mN_fjozlYKpoqRxT&amp;t=1786\" target=\"_blank\" rel=\"evidence frozen nofollow noopener\" shape=\"rect\">diffus\u00e9<\/a> le 26 mars sur la cha\u00eene YouTube \u00ab\u00a0Castill\u00f3n Confidencial\u00a0\u00bb, circulent \u00e9galement sur\u00a0<a href=\"https:\/\/perma.cc\/6X7V-K77T\" target=\"_blank\" rel=\"appearance frozen nofollow noopener\" shape=\"rect\">Facebook<\/a>, <a href=\"https:\/\/perma.cc\/2Y44-UXR7\" target=\"_blank\" rel=\"appearance frozen nofollow noopener\" shape=\"rect\">Instagram<\/a>\u00a0et <a href=\"https:\/\/perma.cc\/BYS7-6Q3T\" target=\"_blank\" rel=\"appearance frozen nofollow noopener\" shape=\"rect\">X<\/a>, et dans plusieurs langues (<a href=\"https:\/\/perma.cc\/LWB3-QYV3\" target=\"_blank\" rel=\"appearance frozen nofollow noopener\" shape=\"rect\">anglais<\/a>, <a href=\"https:\/\/web.archive.org\/web\/20260401120033\/https:\/\/www.youtube.com\/watch?v=AygLWBmsHO4&amp;t=1752s\" target=\"_blank\" rel=\"appearance frozen nofollow noopener\" shape=\"rect\">espagnol<\/a>).<\/p>\n<p>\u00ab\u00a0<em>Je me r\u00e9f\u00e8re ici aux paroles de sa m\u00e8re <\/em>[de Noelia, NDLR]<em>. Lorsque nous avons gagn\u00e9 les premi\u00e8res mesures conservatoires<\/em><em>, on lui a dit : &lsquo;<\/em>Tu ne peux pas faire \u00e7a, car nous avions d\u00e9j\u00e0 tous tes organes r\u00e9serv\u00e9s<em>&lsquo;. <\/em>[&#8230;]<em> C&rsquo;est ce qui a conduit sa m\u00e8re \u00e0 obliger sa fille \u00e0 signer un document indiquant qu&rsquo;elle ne souhaitait pas faire don de ses organes<\/em>\u00ab\u00a0, a-t-elle affirm\u00e9 en espagnol (liens archiv\u00e9s <a href=\"https:\/\/perma.cc\/4JE3-W9MN\" target=\"_blank\" rel=\"evidence frozen nofollow noopener\" shape=\"rect\">ici<\/a> et <a href=\"https:\/\/perma.cc\/U76Z-KWC5\" target=\"_blank\" rel=\"evidence frozen nofollow noopener\" shape=\"rect\">ici<\/a>).<\/p>\n<div class=\"g2picture\">\n<figure><img src=\"https:\/\/belux-edmo.s3-accelerate.amazonaws.com\/wp-content\/uploads\/2026\/04\/435fc878cd0ccb4e09f05b309342d05207511a5c-ipad_resized.jpg\" \/><figcaption>Capture d&rsquo;\u00e9cran prise le 3 avril 2026 sur X. Croix rouge ajout\u00e9e par l&rsquo;AFP.<\/figcaption><\/figure>\n<\/div>\n<p>Toutefois, comme <a href=\"https:\/\/www.liberation.fr\/checknews\/euthanasie-de-lespagnole-noelia-castillo-un-deluge-de-fake-news-entre-vente-dorganes-pressions-de-lhopital-et-viol-par-des-mineurs-etrangers-20260327_TDFVZFYRXZD5RENMKGW2PWL5YA\/\" target=\"_blank\" rel=\"evidence frozen nofollow noopener\" shape=\"rect\">relev\u00e9<\/a> par nos confr\u00e8res de Lib\u00e9ration, l&rsquo;affirmation de l&rsquo;avocate repose sur des propos vraisemblablement tenus par l&rsquo;h\u00f4pital \u00e0 la m\u00e8re (en 2024 et non \u00e0 l&rsquo;approche de l&rsquo;euthanasie, intervenue en 2026) mais mal compris et\/ou d\u00e9form\u00e9s ensuite. En r\u00e9alit\u00e9, il aurait \u00e9t\u00e9 indiqu\u00e9 \u00e0 la m\u00e8re de la jeune femme que \u00ab\u00a0<em>plusieurs personnes pourraient \u00eatre sauv\u00e9es gr\u00e2ce aux organes\u00a0\u00bb<\/em> de Noelia.<\/p>\n<p><strong>De plus, contrairement \u00e0 ce que laisse penser le tweet d&rsquo;Idriss Aberkane, Polonia Castellanos (visible dans la capture d&rsquo;\u00e9cran ci-dessus) est l&rsquo;avocate du p\u00e8re de Noelia Castillo, et non celle de la jeune femme elle-m\u00eame<\/strong>.<\/p>\n<p>Quoi qu&rsquo;il en soit, ses affirmations concernant le don d\u2019organes ne sont pas plausibles.<\/p>\n<p>Une\u00a0<a href=\"https:\/\/fr.digitalcourses.afp.com\/courses\/affinez-vos-recherches-pour-n-obtenir-que-ce-dont-vous-avez-besoin\" target=\"_blank\" rel=\"evidence frozen nofollow noopener\" shape=\"rect\">recherche par mots-cl\u00e9s<\/a> dans la\u00a0<a href=\"https:\/\/www.ont.es\/red-espanola-de-donacion-y-trasplante\/centros-autorizados-de-obtencion-trasplante-de-organos-tejidos-y-celulas-2-2-2\/#\" target=\"_blank\" rel=\"evidence frozen nofollow noopener\" shape=\"rect\">liste des \u00e9tablissements<\/a> habilit\u00e9s au\u00a0pr\u00e9l\u00e8vement ou \u00e0 la transplantation d&rsquo;organes\u00a0de l&rsquo;<a href=\"https:\/\/www.ont.es\/la-organizacion-nacional-de-trasplante\/quienes-somos\/\" target=\"_blank\" rel=\"evidence frozen nofollow noopener\" shape=\"rect\">Organisation nationale de transplantations (ONT)<\/a> montre que l&rsquo;<a href=\"https:\/\/www.google.com\/maps\/place\/Hospital+Resid%C3%A8ncia+Sant+Camil\/@41.2538801,1.7663856,3a,75y,90t\/data=!3m8!1e2!3m6!1sAF1QipPZi78xKPa2Yl4Guokc0MO7f0kCNqmR6w5B0ZA!2e10!3e12!6shttps:%2F%2Flb.googleusercontent.com%2Fp%2FAF1QipPZi78xKPa2Yl4Guokc0MO7f0kCNqmR6w5B0ZA%3Dw203-b52-k-no!7i2048!8i1536!4m15!1m7!3m6!1s0x12a380ba47143af1:0x9774cca0b161a133!2sHospital+Resid%C3%A8ncia+Sant+Camil!8m2!3d41.253937!4d1.7653236!16s%2Fg%2F11x9j4m25!3m6!1s0x12a380ba47143af1:0x9774cca0b161a133!8m2!3d41.253937!4d1.7653236!10e5!16s%2Fg%2F11x9j4m25?authuser=0&amp;entry=ttu&amp;g_ep=EgoyMDI2MDMzMC4wIKXMDSoASAFQAw%3D%3D\" target=\"_blank\" rel=\"evidence frozen nofollow noopener\" shape=\"rect\">H\u00f4pital R\u00e9sidence Sant Camil<\/a>, <a href=\"https:\/\/www.afpforum.com\/AFPForum\/Search\/Results.aspx?pn=1&amp;smd=8&amp;mui=3&amp;q=1318253005853408799_0&amp;fst=noelia+castillo&amp;fto=1&amp;t=8.2.5.9.7.11.10&amp;cck=a1aff2#\" target=\"_blank\" rel=\"evidence frozen nofollow noopener\" shape=\"rect\">o\u00f9 Noelia Castillo<\/a> a \u00e9t\u00e9 euthanasi\u00e9e, n&rsquo;est pas autoris\u00e9 \u00e0 pratiquer ce type d&rsquo;intervention (liens archiv\u00e9s <a href=\"https:\/\/perma.cc\/EJ2X-J5JY?type=image\" target=\"_blank\" rel=\"evidence frozen nofollow noopener\" shape=\"rect\">ici<\/a>,\u00a0<a href=\"https:\/\/perma.cc\/56EJ-ETYG\" target=\"_blank\" rel=\"evidence frozen nofollow noopener\" shape=\"rect\">ici<\/a> et <a href=\"https:\/\/perma.cc\/7R42-GE6M\" target=\"_blank\" rel=\"evidence frozen nofollow noopener\" shape=\"rect\">ici<\/a>).<\/p>\n<p>En Espagne, \u00ab\u00a0<em>ceux qui \u00e9valuent et autorisent l&rsquo;euthanasie ne sont pas les m\u00eames que ceux qui coordonnent le don et la transplantation. Il n&rsquo;existe pas non plus d&rsquo;attribution pr\u00e9alable d&rsquo;organes ni de conditionnement de la proc\u00e9dure en fonction du don<\/em>\u00ab\u00a0, a assur\u00e9 le 30 mars \u00e0 l&rsquo;AFP le m\u00e9decin\u00a0<a href=\"https:\/\/www.genvip.eu\/equipo-humano\" target=\"_blank\" rel=\"evidence frozen nofollow noopener\" shape=\"rect\">Jos\u00e9 G\u00f3mez Rial<\/a>, chef du service d&rsquo;immunologie du Complexe hospitalier universitaire de Saint-Jacques-de-Compostelle (lien archiv\u00e9 <a href=\"https:\/\/perma.cc\/4JE3-W9MN\" target=\"_blank\" rel=\"evidence frozen nofollow noopener\" shape=\"rect\">ici<\/a>).<\/p>\n<p>Selon lui, \u00ab\u00a0<em>le droit de changer d&rsquo;avis est pleinement garanti, et il n&rsquo;y a pas de limite stricte tant que la personne conserve sa capacit\u00e9 de d\u00e9cision<\/em>\u00ab\u00a0.<\/p>\n<p>C&rsquo;est \u00e9galement ce qu&rsquo;indique le\u00a0<a href=\"https:\/\/www.ont.es\/wp-content\/uploads\/2024\/03\/PROTOCOLO-NAC-DONACION-TRAS-APLICACION-DE-LA-PRESTACION-DE-AYUDA-PARA-MORIR.pdf\" target=\"_blank\" rel=\"evidence frozen nofollow noopener\" shape=\"rect\">protocole national de don d&rsquo;organes de 2022<\/a>, qui pr\u00e9cise que le patient peut \u00ab\u00a0<em>r\u00e9voquer son consentement au don \u00e0 tout moment du processus, sans avoir \u00e0 le justifier et sans pr\u00e9judice du fait que le patient re\u00e7oive la prestation d&rsquo;aide \u00e0 mourir<\/em>\u00ab\u00a0. Les deux d\u00e9cisions \u00ab\u00a0<em>doivent \u00eatre ind\u00e9pendantes et prises de mani\u00e8re consciente, volontaire et libre<\/em>\u00a0\u00bb (lien archiv\u00e9 <a href=\"https:\/\/perma.cc\/MF5V-QBDU\" target=\"_blank\" rel=\"evidence frozen nofollow noopener\" shape=\"rect\">ici<\/a>).<\/p>\n<p><b>Une intervention \u00e0 domicile d\u00e9contextualis\u00e9e<\/b><\/p>\n<p>Des <a href=\"https:\/\/perma.cc\/2XGW-3499\" target=\"_blank\" rel=\"appearance frozen nofollow noopener\" shape=\"rect\">images de vid\u00e9osurveillance<\/a>, montrant une intervention tendue dans un domicile, ont \u00e9galement \u00e9t\u00e9 d\u00e9tourn\u00e9es, alimentant la d\u00e9sinformation en ligne autour de cette affaire.<\/p>\n<p>Selon <a href=\"https:\/\/web.archive.org\/web\/20260402153548\/https:\/\/x.com\/lumiere07061654\/status\/2037224700359667732\" target=\"_blank\" rel=\"appearance frozen nofollow noopener\" shape=\"rect\">certaines internautes<\/a>, elles montreraient \u00ab\u00a0<em>le moment o\u00f9 l&rsquo;\u00c9tat espagnol kidnappe Noelia pour l&#8217;emmener dans un centre supervis\u00e9 avec des clandestins Nord-Africains, o\u00f9 elle subit de multiples vi*ls qui la conduisent \u00e0 tenter de se suicider, \u00e0 devenir parapl\u00e9gique et \u00e0 demander l&rsquo;euthanasie<\/em>\u00ab\u00a0. Ces affirmations circulent en\u00a0<a href=\"https:\/\/perma.cc\/BP79-6XFZ\" target=\"_blank\" rel=\"appearance frozen nofollow noopener\" shape=\"rect\">anglais<\/a>, en <a href=\"https:\/\/perma.cc\/75E3-323Y\" target=\"_blank\" rel=\"appearance frozen nofollow noopener\" shape=\"rect\">espagnol<\/a>, en <a href=\"https:\/\/perma.cc\/NQX4-W32T\" target=\"_blank\" rel=\"appearance frozen nofollow noopener\" shape=\"rect\">polonais<\/a> et en <a href=\"https:\/\/web.archive.org\/web\/20260401111946\/https:\/\/www.instagram.com\/p\/DWYGSqhiudj\/?img_index=1\" target=\"_blank\" rel=\"appearance frozen nofollow noopener\" shape=\"rect\">turc<\/a>.<\/p>\n<p>&nbsp;<\/p>\n<div class=\"g2picture\">\n<figure><img src=\"https:\/\/belux-edmo.s3-accelerate.amazonaws.com\/wp-content\/uploads\/2026\/04\/7c5086f6dde05a88c95862d8f9280bc1ab479f50-ipad_resized.jpg\" \/><figcaption>Capture d&rsquo;\u00e9cran prise le 1er avril 2026 sur X. Croix rouge ajout\u00e9e par l&rsquo;AFP.<\/figcaption><\/figure>\n<\/div>\n<p>&nbsp;<\/p>\n<p><strong>Cependant, plusieurs indices montrent que ces images sont sans lien avec Noelia Castillo.<\/strong><\/p>\n<p><a href=\"https:\/\/www.youtube.com\/watch?v=tvXTLTapFhs&amp;t=900s\" target=\"_blank\" rel=\"evidence frozen nofollow noopener\" shape=\"rect\">Une <\/a><a href=\"https:\/\/www.youtube.com\/watch?v=WLEvLB5KYNI&amp;t=2s\" target=\"_blank\" rel=\"evidence frozen nofollow noopener\" shape=\"rect\">recherche d&rsquo;images invers\u00e9es<\/a><a href=\"https:\/\/www.youtube.com\/watch?v=tvXTLTapFhs&amp;t=900s\" target=\"_blank\" rel=\"evidence frozen nofollow noopener\" shape=\"rect\"> a permis \u00e0 l&rsquo;AFP de retrouver l&rsquo;une des premi\u00e8res occurrences de la s\u00e9quence : il s&rsquo;agit d&rsquo;un extrait d&rsquo;une vid\u00e9o YouTube<\/a> publi\u00e9e le 23 mars 2026 par la cha\u00eene \u00ab\u00a0<a href=\"https:\/\/www.youtube.com\/@castillonconfidencial8338\" target=\"_blank\" rel=\"evidence frozen nofollow noopener\" shape=\"rect\">Castill\u00f3n Confidencial<\/a>\u00ab\u00a0, \u00e9voquant des s\u00e9parations familiales (liens archiv\u00e9s <a href=\"https:\/\/web.archive.org\/web\/20260401113553\/https:\/\/www.youtube.com\/watch?v=tvXTLTapFhs&amp;t=900s\" target=\"_blank\" rel=\"evidence frozen nofollow noopener\" shape=\"rect\">ici<\/a> et <a href=\"https:\/\/perma.cc\/A3HP-FCR4\" target=\"_blank\" rel=\"evidence frozen nofollow noopener\" shape=\"rect\">ici<\/a>).<\/p>\n<p>\u00ab\u00a0<em>Voici comment l&rsquo;administration arrache des enfants des bras de leurs parents pour les confier ensuite \u00e0 l&rsquo;adoption<\/em>\u00ab\u00a0, d\u00e9plore en espagnol, \u00e0 partir de la\u00a0<a href=\"https:\/\/youtu.be\/tvXTLTapFhs?si=JB5A3aZ3Siol4btz&amp;t=851\" target=\"_blank\" rel=\"evidence frozen nofollow noopener\" shape=\"rect\">minute 14:11<\/a>, Albert Castill\u00f3n, qui se pr\u00e9sente comme journaliste d&rsquo;investigation, avant d&rsquo;interviewer l&rsquo;avocat <a href=\"https:\/\/crua-associats.com\/presentacion\/\" target=\"_blank\" rel=\"evidence frozen nofollow noopener\" shape=\"rect\">Joan Crua<\/a> \u00e0 ce sujet (lien archiv\u00e9 <a href=\"https:\/\/perma.cc\/ZR69-9YL4\" target=\"_blank\" rel=\"evidence frozen nofollow noopener\" shape=\"rect\">ici<\/a>). <strong>\u00c0 aucun moment le nom de Noelia Castillo n&rsquo;y appara\u00eet<\/strong>.<\/p>\n<p>De plus, la s\u00e9quence montre un <strong>nourrisson<\/strong> emport\u00e9 dans les bras d&rsquo;un adulte, ce qui contredit les r\u00e9cits diffus\u00e9s en ligne.<\/p>\n<div class=\"g2picture\">\n<figure><img src=\"https:\/\/belux-edmo.s3-accelerate.amazonaws.com\/wp-content\/uploads\/2026\/04\/ef912433908e728d4b0183d9d59fa853da636da5-ipad_resized.jpg\" \/><figcaption>Capture d&rsquo;\u00e9cran prise le 1er avril 2026 sur YouTube. Encadr\u00e9 vert ajout\u00e9 par l&rsquo;AFP.<\/figcaption><\/figure>\n<\/div>\n<p>Une recherche par mots-cl\u00e9s avec le pseudonyme plac\u00e9 sous le filigrane TikTok (\u00ab\u00a0@taniamartinezblan\u00a0\u00bb) a permis \u00e0 l&rsquo;AFP de retrouver l&rsquo;auteure de la s\u00e9quence : les images de vid\u00e9osurveillance ont \u00e9t\u00e9 publi\u00e9es, \u00e0 plusieurs reprises (<a href=\"https:\/\/www.tiktok.com\/@taniamartinezblan\/video\/7613784862633331990\" target=\"_blank\" rel=\"evidence frozen nofollow noopener\" shape=\"rect\">1<\/a>, <a href=\"https:\/\/www.tiktok.com\/@taniamartinezblan\/video\/7613795667495882007\" target=\"_blank\" rel=\"evidence frozen nofollow noopener\" shape=\"rect\">2<\/a>, <a href=\"https:\/\/www.tiktok.com\/@taniamartinezblan\/video\/7613844396110302486\" target=\"_blank\" rel=\"evidence frozen nofollow noopener\" shape=\"rect\">3<\/a>, <a href=\"https:\/\/www.tiktok.com\/@taniamartinezblan\/video\/7613845384590413078\" target=\"_blank\" rel=\"evidence frozen nofollow noopener\" shape=\"rect\">4<\/a>) depuis le 5 mars par <a href=\"https:\/\/perma.cc\/NQM3-DMHX?type=standard\" target=\"_blank\" rel=\"evidence frozen nofollow noopener\" shape=\"rect\">ce compte<\/a>\u00a0(liens archiv\u00e9s <a href=\"https:\/\/perma.cc\/UYQ4-C4V4\" target=\"_blank\" rel=\"evidence frozen nofollow noopener\" shape=\"rect\">ici<\/a>, <a href=\"https:\/\/perma.cc\/4V35-CU9P\" target=\"_blank\" rel=\"evidence frozen nofollow noopener\" shape=\"rect\">ici<\/a>, <a href=\"https:\/\/perma.cc\/433W-CQM3\" target=\"_blank\" rel=\"evidence frozen nofollow noopener\" shape=\"rect\">ici<\/a> et <a href=\"https:\/\/perma.cc\/L4LW-CG6J\" target=\"_blank\" rel=\"evidence frozen nofollow noopener\" shape=\"rect\">ici<\/a>).<\/p>\n<div class=\"g2picture\">\n<figure><img src=\"https:\/\/belux-edmo.s3-accelerate.amazonaws.com\/wp-content\/uploads\/2026\/04\/82cb5480ebaf64d856ede5b05b9fc3c9b3005748-ipad_resized.jpg\" \/><figcaption>Capture d&rsquo;\u00e9cran prise le 1er avril 2026 sur YouTube. Encadr\u00e9s verts ajout\u00e9s par l&rsquo;AFP.<\/figcaption><\/figure>\n<\/div>\n<p>\u00ab\u00a0<em>On vient de m&rsquo;envoyer huit vid\u00e9os de comment ils entrent dans une maison, comment ils emm\u00e8nent les enfants de force, comment les parents crient, comment ils hurlent, comment ils appellent \u00e0 l&rsquo;aide <\/em>[&#8230;]<em> et on m&rsquo;a dit : &lsquo;<\/em>S&rsquo;il te pla\u00eet, Tania Antonia, publie-les, publie-les s&rsquo;il te pla\u00eet, que tout le monde sache ce qui est en train de se passer<em>&lsquo;<\/em>\u00ab\u00a0, affirme l&rsquo;internaute, en espagnol, dans <a href=\"https:\/\/www.tiktok.com\/@taniamartinezblan\/video\/7613780550054153494\" target=\"_blank\" rel=\"evidence frozen nofollow noopener\" shape=\"rect\">cette vid\u00e9o TikTok<\/a> publi\u00e9e le 5 mars, sans mentionner l&rsquo;affaire de la jeune espagnole qui allait \u00eatre, quelques jours plus tard, euthanasi\u00e9e (lien archiv\u00e9\u00a0<a href=\"https:\/\/perma.cc\/2DRB-7SPF\" target=\"_blank\" rel=\"evidence frozen nofollow noopener\" shape=\"rect\">ici<\/a>).<\/p>\n<p>Contact\u00e9e le 23 mars, la Direction g\u00e9n\u00e9rale de la pr\u00e9vention et de la protection de l&rsquo;enfance et de l&rsquo;adolescence de Catalogne (DGPPIA) a confirm\u00e9 \u00e0 l&rsquo;AFP que <strong>la jeune femme a v\u00e9cu \u00ab\u00a0<\/strong><em><strong>dans deux centres r\u00e9sidentiels du 3 juillet 2015 au 11 f\u00e9vrier 2019<\/strong>, date \u00e0 laquelle elle a eu 18 ans<\/em>\u00ab\u00a0.<\/p>\n<p>La direction, responsable de son s\u00e9jour dans ces centres jusqu&rsquo;en 2019, a d&rsquo;ailleurs ajout\u00e9 qu'\u00a0\u00bb<em>il n&rsquo;existe aucun incident d&rsquo;agression sexuelle enregistr\u00e9 durant sa p\u00e9riode de placement dans des centres<\/em>\u00a0\u00bb pour mineurs, contrairement \u00e0 ce qu&rsquo;ont affirm\u00e9 certains internautes (<a href=\"https:\/\/web.archive.org\/web\/20260403091638\/https:\/\/x.com\/RafaelSereti\/status\/2036849226538213759\" target=\"_blank\" rel=\"appearance frozen nofollow noopener\" shape=\"rect\">1<\/a>, <a href=\"https:\/\/web.archive.org\/web\/20260403091420\/https:\/\/x.com\/Santi_ABASCAL\/status\/2036819729189327148\" target=\"_blank\" rel=\"appearance frozen nofollow noopener\" shape=\"rect\">2<\/a>).<\/p>\n<p>Dans l&rsquo;interview diffus\u00e9e par Antena 3,\u00a0<strong>Noelia Castillo a \u00e9voqu\u00e9 trois tentatives d&rsquo;agression sexuelle, sans mentionner l&rsquo;origine ni la nationalit\u00e9 de leurs auteurs<\/strong> : l&rsquo;une de la part d&rsquo;un ancien compagnon, une autre commise par \u00ab\u00a0<em>deux gar\u00e7ons<\/em>\u00a0\u00bb dans une discoth\u00e8que, et la derni\u00e8re \u00ab\u00a0<em>trois ou quatre jours avant<\/em>\u00a0\u00bb la tentative de suicide qui l&rsquo;a rendue parapl\u00e9gique en 2022, alors qu&rsquo;elle \u00e9tait majeure &#8211; et qu&rsquo;elle ne pouvait donc plus \u00eatre dans un centre pour mineurs.<\/p>\n<p><b>Une photo de Noelia ? Non, une image modifi\u00e9e par IA<\/b><\/p>\n<p><a href=\"https:\/\/perma.cc\/BQ5K-ANS4\" target=\"_blank\" rel=\"appearance frozen nofollow noopener\" shape=\"rect\">Certaines publications<\/a> &#8211; partag\u00e9es en\u00a0<a href=\"https:\/\/web.archive.org\/web\/20260401093546\/https:\/\/www.facebook.com\/andrea.arnhold.54\/posts\/pfbid02wgL5Kj7DDjFMKU1sqvm4joBw2z3oKsxrZ8MiL7hgWv2NUFD9qr6xsGXUNTJWpNzUl\" target=\"_blank\" rel=\"appearance frozen nofollow noopener\" shape=\"rect\">allemand<\/a>, en <a href=\"https:\/\/perma.cc\/F7ST-93BB\" target=\"_blank\" rel=\"appearance frozen nofollow noopener\" shape=\"rect\">anglais<\/a>, en\u00a0<a href=\"https:\/\/perma.cc\/249J-HBDJ\" target=\"_blank\" rel=\"appearance frozen nofollow noopener\" shape=\"rect\">arabe<\/a> et en\u00a0<a href=\"https:\/\/perma.cc\/Y9JL-CPUS\" target=\"_blank\" rel=\"appearance frozen nofollow noopener\" shape=\"rect\">espagnol<\/a> &#8211; ont \u00e9galement <a href=\"https:\/\/perma.cc\/2YNU-P49C\" target=\"_blank\" rel=\"appearance frozen nofollow noopener\" shape=\"rect\">relay\u00e9<\/a> une image pr\u00e9sent\u00e9e comme une photo de Noelia Castillo \u00e0 l&rsquo;h\u00f4pital, la montrant \u00ab\u00a0<em>apais\u00e9e<\/em>\u00a0\u00bb sur son lit.<\/p>\n<div class=\"g2picture\">\n<figure><img src=\"https:\/\/belux-edmo.s3-accelerate.amazonaws.com\/wp-content\/uploads\/2026\/04\/3a867f9850f7a51995c643ad86a57f86a09b3206-ipad_resized.jpg\" \/><figcaption>Capture d&rsquo;\u00e9cran prise le 1er avril 2026 sur X. Croix rouge et symbole IA ajout\u00e9s par l&rsquo;AFP.<\/figcaption><\/figure>\n<\/div>\n<p><strong>Cette image pr\u00e9sente pourtant plusieurs incoh\u00e9rences visuelles et a tr\u00e8s probablement \u00e9t\u00e9 modifi\u00e9es \u00e0 l&rsquo;aide de l&rsquo;intelligence artificielle.<\/strong><\/p>\n<p>Une <a href=\"https:\/\/www.youtube.com\/watch?v=w6tpIBHhZLw\" target=\"_blank\" rel=\"evidence frozen nofollow noopener\" shape=\"rect\">recherche d&rsquo;image invers\u00e9e<\/a> a permis \u00e0 l&rsquo;AFP de retrouver une\u00a0<a href=\"https:\/\/en.wikipedia.org\/wiki\/Hospital_bed\" target=\"_blank\" rel=\"evidence frozen nofollow noopener\" shape=\"rect\">photographie similaire<\/a> d&rsquo;un lit d&rsquo;h\u00f4pital que l&rsquo;on retrouve sur la page \u00ab\u00a0Hospital Bed\u00a0\u00bb sur Wikipedia (lien archiv\u00e9 <a href=\"https:\/\/perma.cc\/2HRH-3GHG\" target=\"_blank\" rel=\"evidence frozen nofollow noopener\" shape=\"rect\">ici<\/a>).<\/p>\n<div class=\"g2picture\">\n<figure><img src=\"https:\/\/belux-edmo.s3-accelerate.amazonaws.com\/wp-content\/uploads\/2026\/04\/faa982318d5683e8d260bb685325ff1c336d183f-ipad_resized.jpg\" \/><figcaption>Capture d&rsquo;\u00e9cran prise le 1er avril 2026 sur Wikipedia. Encadr\u00e9s verts ajout\u00e9s par l&rsquo;AFP.<\/figcaption><\/figure>\n<\/div>\n<p>Une analyse r\u00e9alis\u00e9e par l&rsquo;AFP \u00e0 l&rsquo;aide du d\u00e9tecteur d&rsquo;images synth\u00e9tiques <a href=\"https:\/\/hivemoderation.com\/ai-generated-content-detection\" target=\"_blank\" rel=\"evidence frozen nofollow noopener\" shape=\"rect\">Hive Moderation<\/a>\u00a0estime que cette image a vraisemblablement \u00e9t\u00e9 g\u00e9n\u00e9r\u00e9e par IA, avec un score de probabilit\u00e9 de 99,6 %.<\/p>\n<div class=\"g2picture\">\n<figure><img src=\"https:\/\/belux-edmo.s3-accelerate.amazonaws.com\/wp-content\/uploads\/2026\/04\/18251a267d9a513d9fa2762694794c5ac0fb6233-ipad_resized.jpg\" \/><figcaption>Capture d&rsquo;\u00e9cran, prise le 1er avril 2026, de l&rsquo;analyse de l&rsquo;image effectu\u00e9e sur Hive Moderation. Symbole IA ajout\u00e9 par l&rsquo;AFP.<\/figcaption><\/figure>\n<\/div>\n<p><b>D&rsquo;une affaire priv\u00e9e \u00e0 un d\u00e9bat politis\u00e9<\/b><\/p>\n<p>Le 1er avril, les Etats-Unis ont <a href=\"https:\/\/www.lessentiel.lu\/fr\/story\/espagne-washington-veut-une-enquete-apres-l-euthanasie-de-noelia-103539400\" target=\"_blank\" rel=\"evidence frozen nofollow noopener\" shape=\"rect\">exhort\u00e9<\/a> l&rsquo;Espagne \u00e0 enqu\u00eater sur cette euthanasie, marquant une nouvelle critique de l&rsquo;administration du pr\u00e9sident Donald Trump \u00e0 l&rsquo;encontre de ce pays europ\u00e9en dirig\u00e9 par la gauche (lien archiv\u00e9\u00a0<a href=\"https:\/\/perma.cc\/9JQ2-9H3Y\" target=\"_blank\" rel=\"evidence frozen nofollow noopener\" shape=\"rect\">ici<\/a>).<\/p>\n<p>\u00ab\u00a0<em>Il est imp\u00e9ratif que les autorit\u00e9s enqu\u00eatent sur cette affaire tragique<\/em>\u00ab\u00a0, a <a href=\"https:\/\/x.com\/StateDRL\/status\/2039460246863704214\" target=\"_blank\" rel=\"evidence frozen nofollow noopener\" shape=\"rect\">d\u00e9clar\u00e9<\/a> sur X <a href=\"https:\/\/www.state.gov\/biographies\/riley-m-barnes\" target=\"_blank\" rel=\"evidence frozen nofollow noopener\" shape=\"rect\">Riley Barnes<\/a>, secr\u00e9taire d&rsquo;Etat adjoint am\u00e9ricain aux Droits de l&rsquo;homme, ajoutant que \u00ab\u00a0<em>chaque vie est sacr\u00e9e<\/em>\u00a0\u00bb\u00a0(liens archiv\u00e9s <a href=\"https:\/\/perma.cc\/P5UZ-RXXF\" target=\"_blank\" rel=\"evidence frozen nofollow noopener\" shape=\"rect\">ici<\/a> et\u00a0<a href=\"https:\/\/perma.cc\/7P5C-2B8J\" target=\"_blank\" rel=\"evidence frozen nofollow noopener\" shape=\"rect\">ici<\/a>).<\/p>\n<p>\u00ab\u00a0<em>Nous ne laisserons pas la d\u00e9sinformation alimenter l&rsquo;ing\u00e9rence<\/em>\u00ab\u00a0, a <a href=\"https:\/\/www.letelegramme.fr\/monde\/la-ministre-de-la-sante-espagnole-madrid-denonce-l-ingerence-des-etats-unis-dans-une-affaire-deuthanasie-7018424.php\" target=\"_blank\" rel=\"evidence frozen nofollow noopener\" shape=\"rect\">r\u00e9agi<\/a>\u00a0d\u00e8s le lendemain, la ministre espagnole de la Sant\u00e9, <a href=\"https:\/\/www.sanidad.gob.es\/fr\/organizacion\/altosCargos\/ministra.htm\" target=\"_blank\" rel=\"evidence frozen nofollow noopener\" shape=\"rect\">M\u00f3nica Garc\u00eda<\/a>, <a href=\"https:\/\/x.com\/Monica_Garcia_G\/status\/2039710064001352051\" target=\"_blank\" rel=\"evidence frozen nofollow noopener\" shape=\"rect\">sur le m\u00eame r\u00e9seau social<\/a>\u00a0(liens archiv\u00e9s <a href=\"https:\/\/perma.cc\/3HUW-UFP4\" target=\"_blank\" rel=\"evidence frozen nofollow noopener\" shape=\"rect\">ici<\/a>, <a href=\"https:\/\/perma.cc\/B8QT-XQGL\" target=\"_blank\" rel=\"evidence frozen nofollow noopener\" shape=\"rect\">ici<\/a> et <a href=\"https:\/\/perma.cc\/83EV-Y2F5\" target=\"_blank\" rel=\"evidence frozen nofollow noopener\" shape=\"rect\">ici<\/a>).<\/p>\n<p>Pour Marcelino Madrigal, expert en r\u00e9seaux sociaux et cybers\u00e9curit\u00e9, le d\u00e9bat sur les plateformes num\u00e9riques autour de l&rsquo;euthanasie de Noelia Castillo a \u00e9t\u00e9 contamin\u00e9 par de la d\u00e9sinformation partag\u00e9e \u00ab\u00a0<em>volontairement<\/em>\u00a0\u00bb : elle provient \u00ab\u00a0<em>du m\u00eame \u00e9cosyst\u00e8me<\/em>\u00a0\u00bb qui avait men\u00e9 \u00ab\u00a0<em>les premi\u00e8res campagnes contre la loi sur l&rsquo;euthanasie<\/em>\u00a0\u00bb en Espagne, pointe-t-il.<\/p>\n<p>En effet, ce ph\u00e9nom\u00e8ne n&rsquo;est pas in\u00e9dit : des membres ou proches du parti d&rsquo;extr\u00eame droite Vox ont d\u00e9j\u00e0 relay\u00e9 par le pass\u00e9 des\u00a0<a href=\"https:\/\/factuel.afp.com\/doc.afp.com.A2JK8NQ\" target=\"_blank\" rel=\"evidence frozen nofollow noopener\" shape=\"rect\">contenus trompeurs<\/a> ou\u00a0<a href=\"https:\/\/factuel.afp.com\/doc.afp.com.683E4WE\" target=\"_blank\" rel=\"evidence frozen nofollow noopener\" shape=\"rect\">erron\u00e9s<\/a>, comme l&rsquo;a v\u00e9rifi\u00e9 l&rsquo;AFP.<\/p>\n","protected":false},"excerpt":{"rendered":"<p>Depuis la pol\u00e9mique suscit\u00e9e par l&rsquo;euthanasie demand\u00e9e par une jeune femme parapl\u00e9gique en Espagne fin mars, les r\u00e9seaux sociaux sont inond\u00e9s de publications m\u00ealant affirmations infond\u00e9es et images d\u00e9contextualis\u00e9es. Ces contenus trompeurs ont aliment\u00e9 la d\u00e9sinformation autour de l&rsquo;aide \u00e0 mourir de Noelia Castillo. L&rsquo;AFP en a v\u00e9rifi\u00e9 plusieurs.<\/p>\n","protected":false},"author":1,"featured_media":512189,"comment_status":"closed","ping_status":"closed","sticky":false,"template":"","format":"standard","meta":{"_acf_changed":false,"footnotes":""},"categories":[452,125,129,138,389],"tags":[],"class_list":{"0":"post-512244","1":"post","2":"type-post","3":"status-publish","4":"format-standard","5":"has-post-thumbnail","7":"category-editors-choice-fr","8":"category-fact-check-fr","9":"category-sante","10":"category-societe","11":"category-technologie-fact-check-fr-2"},"acf":{"show_metatags":true,"id":"http:\/\/doc.afp.com\/A6EQ4NQ","authors":"Cintia NABI CABRAL \/ AFP France \/ AFP Espagne","organization":"AFP","featured_image_copyright":"Une femme est prise en charge par les services d'urgence d'un h\u00f4pital en Espagne, le 30 avril 2025. - JORGE GUERRERO \/ AFP","text_copyright":"\u00a9 AGENCE FRANCE-PRESSE | 2026 | Tous droits r\u00e9serv\u00e9s. L\u2019acc\u00e8s aux contenus de l'AFP publi\u00e9s sur ce site et, le cas \u00e9ch\u00e9ant, leur utilisation sont soumis aux conditions g\u00e9n\u00e9rales d'utilisation disponibles sur <a href='https:\/\/www.afp.com\/fr\/cgu' target='_blank'>CGU<\/a>. Par cons\u00e9quent, en acc\u00e9dant aux contenus de l\u2019AFP publi\u00e9s sur ce site, et en les utilisant, le cas \u00e9ch\u00e9ant, vous acceptez d'\u00eatre li\u00e9 par les conditions g\u00e9n\u00e9rales d'utilisation susmentionn\u00e9es. L\u2019utilisation de contenus de l'AFP se fait sous votre seule et enti\u00e8re responsabilit\u00e9.","source":"https:\/\/factuel.afp.com\/doc.afp.com.A6EQ4NQ","fact_checker":"https:\/\/belux.wpengine.com\/wp-content\/uploads\/2021\/12\/afp_logo.png","share_this_post_to_edmo_website":false,"affiliation":"BELUX","type":"\u00c9v\u00e9nement ferm\u00e9","location":"","start_date":"","start_date_event_begins_at":"","start_date_event_ends_at":"","end_date":"","end_date_event_begins_at":"","end_date_event_ends_at":"","organizer":"","fact_checker_logo_image":false},"yoast_head":"<!-- This site is optimized with the Yoast SEO plugin v27.0 - https:\/\/yoast.com\/product\/yoast-seo-wordpress\/ -->\n<title>L&#039;euthanasie d&#039;une jeune femme en Espagne entra\u00eene un flot de d\u00e9sinformation - EDMO Belux<\/title>\n<meta name=\"robots\" content=\"index, follow, max-snippet:-1, max-image-preview:large, max-video-preview:-1\" \/>\n<link rel=\"canonical\" href=\"https:\/\/belux.edmo.eu\/fr\/leuthanasie-dune-jeune-femme-en-espagne-entrane-un-flot-de-dsinformation\/\" \/>\n<meta property=\"og:locale\" content=\"fr_FR\" \/>\n<meta property=\"og:type\" content=\"article\" \/>\n<meta property=\"og:title\" content=\"L&#039;euthanasie d&#039;une jeune femme en Espagne entra\u00eene un flot de d\u00e9sinformation - EDMO Belux\" \/>\n<meta property=\"og:description\" content=\"Depuis la pol\u00e9mique suscit\u00e9e par l&#039;euthanasie demand\u00e9e par une jeune femme parapl\u00e9gique en Espagne fin mars, les r\u00e9seaux sociaux sont inond\u00e9s de publications m\u00ealant affirmations infond\u00e9es et images d\u00e9contextualis\u00e9es. Ces contenus trompeurs ont aliment\u00e9 la d\u00e9sinformation autour de l&#039;aide \u00e0 mourir de Noelia Castillo. L&#039;AFP en a v\u00e9rifi\u00e9 plusieurs.\" \/>\n<meta property=\"og:url\" content=\"https:\/\/belux.edmo.eu\/fr\/leuthanasie-dune-jeune-femme-en-espagne-entrane-un-flot-de-dsinformation\/\" \/>\n<meta property=\"og:site_name\" content=\"EDMO Belux\" \/>\n<meta property=\"article:published_time\" content=\"2026-04-07T09:23:41+00:00\" \/>\n<meta property=\"article:modified_time\" content=\"2026-04-07T10:37:09+00:00\" \/>\n<meta property=\"og:image\" content=\"https:\/\/belux-edmo.s3-accelerate.amazonaws.com\/wp-content\/uploads\/2026\/04\/10cc4fb3da873fe2da26b086f17967d61d4afbeb-ipad_resized.jpg\" \/>\n\t<meta property=\"og:image:width\" content=\"1080\" \/>\n\t<meta property=\"og:image:height\" content=\"719\" \/>\n\t<meta property=\"og:image:type\" content=\"image\/jpeg\" \/>\n<meta name=\"author\" content=\"master\" \/>\n<meta name=\"twitter:card\" content=\"summary_large_image\" \/>\n<meta name=\"twitter:creator\" content=\"@Edmo_Belux\" \/>\n<meta name=\"twitter:site\" content=\"@Edmo_Belux\" \/>\n<meta name=\"twitter:label1\" content=\"\u00c9crit par\" \/>\n\t<meta name=\"twitter:data1\" content=\"master\" \/>\n\t<meta name=\"twitter:label2\" content=\"Dur\u00e9e de lecture estim\u00e9e\" \/>\n\t<meta name=\"twitter:data2\" content=\"12 minutes\" \/>\n<script type=\"application\/ld+json\" class=\"yoast-schema-graph\">{\"@context\":\"https:\/\/schema.org\",\"@graph\":[{\"@type\":\"Article\",\"@id\":\"https:\/\/belux.edmo.eu\/fr\/leuthanasie-dune-jeune-femme-en-espagne-entrane-un-flot-de-dsinformation\/#article\",\"isPartOf\":{\"@id\":\"https:\/\/belux.edmo.eu\/fr\/leuthanasie-dune-jeune-femme-en-espagne-entrane-un-flot-de-dsinformation\/\"},\"author\":{\"name\":\"master\",\"@id\":\"https:\/\/belux.edmo.eu\/#\/schema\/person\/dbe3b252258537fd318f9b5645a30342\"},\"headline\":\"L&rsquo;euthanasie d&rsquo;une jeune femme en Espagne entra\u00eene un flot de d\u00e9sinformation\",\"datePublished\":\"2026-04-07T09:23:41+00:00\",\"dateModified\":\"2026-04-07T10:37:09+00:00\",\"mainEntityOfPage\":{\"@id\":\"https:\/\/belux.edmo.eu\/fr\/leuthanasie-dune-jeune-femme-en-espagne-entrane-un-flot-de-dsinformation\/\"},\"wordCount\":2576,\"publisher\":{\"@id\":\"https:\/\/belux.edmo.eu\/#organization\"},\"image\":{\"@id\":\"https:\/\/belux.edmo.eu\/fr\/leuthanasie-dune-jeune-femme-en-espagne-entrane-un-flot-de-dsinformation\/#primaryimage\"},\"thumbnailUrl\":\"https:\/\/belux-edmo.s3-accelerate.amazonaws.com\/wp-content\/uploads\/2026\/04\/10cc4fb3da873fe2da26b086f17967d61d4afbeb-ipad_resized.jpg\",\"articleSection\":[\"Editor's Choice Slider FR\",\"Fact-Check\",\"Sante\",\"Societe\",\"Technologie\"],\"inLanguage\":\"fr-FR\"},{\"@type\":\"WebPage\",\"@id\":\"https:\/\/belux.edmo.eu\/fr\/leuthanasie-dune-jeune-femme-en-espagne-entrane-un-flot-de-dsinformation\/\",\"url\":\"https:\/\/belux.edmo.eu\/fr\/leuthanasie-dune-jeune-femme-en-espagne-entrane-un-flot-de-dsinformation\/\",\"name\":\"L'euthanasie d'une jeune femme en Espagne entra\u00eene un flot de d\u00e9sinformation - EDMO Belux\",\"isPartOf\":{\"@id\":\"https:\/\/belux.edmo.eu\/#website\"},\"primaryImageOfPage\":{\"@id\":\"https:\/\/belux.edmo.eu\/fr\/leuthanasie-dune-jeune-femme-en-espagne-entrane-un-flot-de-dsinformation\/#primaryimage\"},\"image\":{\"@id\":\"https:\/\/belux.edmo.eu\/fr\/leuthanasie-dune-jeune-femme-en-espagne-entrane-un-flot-de-dsinformation\/#primaryimage\"},\"thumbnailUrl\":\"https:\/\/belux-edmo.s3-accelerate.amazonaws.com\/wp-content\/uploads\/2026\/04\/10cc4fb3da873fe2da26b086f17967d61d4afbeb-ipad_resized.jpg\",\"datePublished\":\"2026-04-07T09:23:41+00:00\",\"dateModified\":\"2026-04-07T10:37:09+00:00\",\"breadcrumb\":{\"@id\":\"https:\/\/belux.edmo.eu\/fr\/leuthanasie-dune-jeune-femme-en-espagne-entrane-un-flot-de-dsinformation\/#breadcrumb\"},\"inLanguage\":\"fr-FR\",\"potentialAction\":[{\"@type\":\"ReadAction\",\"target\":[\"https:\/\/belux.edmo.eu\/fr\/leuthanasie-dune-jeune-femme-en-espagne-entrane-un-flot-de-dsinformation\/\"]}]},{\"@type\":\"ImageObject\",\"inLanguage\":\"fr-FR\",\"@id\":\"https:\/\/belux.edmo.eu\/fr\/leuthanasie-dune-jeune-femme-en-espagne-entrane-un-flot-de-dsinformation\/#primaryimage\",\"url\":\"https:\/\/belux-edmo.s3-accelerate.amazonaws.com\/wp-content\/uploads\/2026\/04\/10cc4fb3da873fe2da26b086f17967d61d4afbeb-ipad_resized.jpg\",\"contentUrl\":\"https:\/\/belux-edmo.s3-accelerate.amazonaws.com\/wp-content\/uploads\/2026\/04\/10cc4fb3da873fe2da26b086f17967d61d4afbeb-ipad_resized.jpg\",\"width\":1080,\"height\":719,\"caption\":\"L'euthanasie d'une jeune femme en Espagne entra\u00eene un flot de d\u00e9sinformation - Featured image\"},{\"@type\":\"BreadcrumbList\",\"@id\":\"https:\/\/belux.edmo.eu\/fr\/leuthanasie-dune-jeune-femme-en-espagne-entrane-un-flot-de-dsinformation\/#breadcrumb\",\"itemListElement\":[{\"@type\":\"ListItem\",\"position\":1,\"name\":\"Home\",\"item\":\"https:\/\/belux.edmo.eu\/fr\/\"},{\"@type\":\"ListItem\",\"position\":2,\"name\":\"L&#8217;euthanasie d&#8217;une jeune femme en Espagne entra\u00eene un flot de d\u00e9sinformation\"}]},{\"@type\":\"WebSite\",\"@id\":\"https:\/\/belux.edmo.eu\/#website\",\"url\":\"https:\/\/belux.edmo.eu\/\",\"name\":\"EDMO Belux\",\"description\":\"Monitoring Disinformation in Belgium and Luxembourg\",\"publisher\":{\"@id\":\"https:\/\/belux.edmo.eu\/#organization\"},\"potentialAction\":[{\"@type\":\"SearchAction\",\"target\":{\"@type\":\"EntryPoint\",\"urlTemplate\":\"https:\/\/belux.edmo.eu\/?s={search_term_string}\"},\"query-input\":{\"@type\":\"PropertyValueSpecification\",\"valueRequired\":true,\"valueName\":\"search_term_string\"}}],\"inLanguage\":\"fr-FR\"},{\"@type\":\"Organization\",\"@id\":\"https:\/\/belux.edmo.eu\/#organization\",\"name\":\"EDMO Belux\",\"url\":\"https:\/\/belux.edmo.eu\/\",\"logo\":{\"@type\":\"ImageObject\",\"inLanguage\":\"fr-FR\",\"@id\":\"https:\/\/belux.edmo.eu\/#\/schema\/logo\/image\/\",\"url\":\"https:\/\/belux.edmo.eu\/wp-content\/uploads\/2021\/12\/belux-logo-full-color-rgb.svg\",\"contentUrl\":\"https:\/\/belux.edmo.eu\/wp-content\/uploads\/2021\/12\/belux-logo-full-color-rgb.svg\",\"width\":1,\"height\":1,\"caption\":\"EDMO Belux\"},\"image\":{\"@id\":\"https:\/\/belux.edmo.eu\/#\/schema\/logo\/image\/\"},\"sameAs\":[\"https:\/\/x.com\/Edmo_Belux\"]},{\"@type\":\"Person\",\"@id\":\"https:\/\/belux.edmo.eu\/#\/schema\/person\/dbe3b252258537fd318f9b5645a30342\",\"name\":\"master\",\"sameAs\":[\"https:\/\/belux.wpengine.com\"],\"url\":\"https:\/\/belux.edmo.eu\/fr\/author\/master\/\"}]}<\/script>\n<!-- \/ Yoast SEO plugin. -->","yoast_head_json":{"title":"L'euthanasie d'une jeune femme en Espagne entra\u00eene un flot de d\u00e9sinformation - EDMO Belux","robots":{"index":"index","follow":"follow","max-snippet":"max-snippet:-1","max-image-preview":"max-image-preview:large","max-video-preview":"max-video-preview:-1"},"canonical":"https:\/\/belux.edmo.eu\/fr\/leuthanasie-dune-jeune-femme-en-espagne-entrane-un-flot-de-dsinformation\/","og_locale":"fr_FR","og_type":"article","og_title":"L'euthanasie d'une jeune femme en Espagne entra\u00eene un flot de d\u00e9sinformation - EDMO Belux","og_description":"Depuis la pol\u00e9mique suscit\u00e9e par l'euthanasie demand\u00e9e par une jeune femme parapl\u00e9gique en Espagne fin mars, les r\u00e9seaux sociaux sont inond\u00e9s de publications m\u00ealant affirmations infond\u00e9es et images d\u00e9contextualis\u00e9es. Ces contenus trompeurs ont aliment\u00e9 la d\u00e9sinformation autour de l'aide \u00e0 mourir de Noelia Castillo. L'AFP en a v\u00e9rifi\u00e9 plusieurs.","og_url":"https:\/\/belux.edmo.eu\/fr\/leuthanasie-dune-jeune-femme-en-espagne-entrane-un-flot-de-dsinformation\/","og_site_name":"EDMO Belux","article_published_time":"2026-04-07T09:23:41+00:00","article_modified_time":"2026-04-07T10:37:09+00:00","og_image":[{"width":1080,"height":719,"url":"https:\/\/belux-edmo.s3-accelerate.amazonaws.com\/wp-content\/uploads\/2026\/04\/10cc4fb3da873fe2da26b086f17967d61d4afbeb-ipad_resized.jpg","type":"image\/jpeg"}],"author":"master","twitter_card":"summary_large_image","twitter_creator":"@Edmo_Belux","twitter_site":"@Edmo_Belux","twitter_misc":{"\u00c9crit par":"master","Dur\u00e9e de lecture estim\u00e9e":"12 minutes"},"schema":{"@context":"https:\/\/schema.org","@graph":[{"@type":"Article","@id":"https:\/\/belux.edmo.eu\/fr\/leuthanasie-dune-jeune-femme-en-espagne-entrane-un-flot-de-dsinformation\/#article","isPartOf":{"@id":"https:\/\/belux.edmo.eu\/fr\/leuthanasie-dune-jeune-femme-en-espagne-entrane-un-flot-de-dsinformation\/"},"author":{"name":"master","@id":"https:\/\/belux.edmo.eu\/#\/schema\/person\/dbe3b252258537fd318f9b5645a30342"},"headline":"L&rsquo;euthanasie d&rsquo;une jeune femme en Espagne entra\u00eene un flot de d\u00e9sinformation","datePublished":"2026-04-07T09:23:41+00:00","dateModified":"2026-04-07T10:37:09+00:00","mainEntityOfPage":{"@id":"https:\/\/belux.edmo.eu\/fr\/leuthanasie-dune-jeune-femme-en-espagne-entrane-un-flot-de-dsinformation\/"},"wordCount":2576,"publisher":{"@id":"https:\/\/belux.edmo.eu\/#organization"},"image":{"@id":"https:\/\/belux.edmo.eu\/fr\/leuthanasie-dune-jeune-femme-en-espagne-entrane-un-flot-de-dsinformation\/#primaryimage"},"thumbnailUrl":"https:\/\/belux-edmo.s3-accelerate.amazonaws.com\/wp-content\/uploads\/2026\/04\/10cc4fb3da873fe2da26b086f17967d61d4afbeb-ipad_resized.jpg","articleSection":["Editor's Choice Slider FR","Fact-Check","Sante","Societe","Technologie"],"inLanguage":"fr-FR"},{"@type":"WebPage","@id":"https:\/\/belux.edmo.eu\/fr\/leuthanasie-dune-jeune-femme-en-espagne-entrane-un-flot-de-dsinformation\/","url":"https:\/\/belux.edmo.eu\/fr\/leuthanasie-dune-jeune-femme-en-espagne-entrane-un-flot-de-dsinformation\/","name":"L'euthanasie d'une jeune femme en Espagne entra\u00eene un flot de d\u00e9sinformation - EDMO Belux","isPartOf":{"@id":"https:\/\/belux.edmo.eu\/#website"},"primaryImageOfPage":{"@id":"https:\/\/belux.edmo.eu\/fr\/leuthanasie-dune-jeune-femme-en-espagne-entrane-un-flot-de-dsinformation\/#primaryimage"},"image":{"@id":"https:\/\/belux.edmo.eu\/fr\/leuthanasie-dune-jeune-femme-en-espagne-entrane-un-flot-de-dsinformation\/#primaryimage"},"thumbnailUrl":"https:\/\/belux-edmo.s3-accelerate.amazonaws.com\/wp-content\/uploads\/2026\/04\/10cc4fb3da873fe2da26b086f17967d61d4afbeb-ipad_resized.jpg","datePublished":"2026-04-07T09:23:41+00:00","dateModified":"2026-04-07T10:37:09+00:00","breadcrumb":{"@id":"https:\/\/belux.edmo.eu\/fr\/leuthanasie-dune-jeune-femme-en-espagne-entrane-un-flot-de-dsinformation\/#breadcrumb"},"inLanguage":"fr-FR","potentialAction":[{"@type":"ReadAction","target":["https:\/\/belux.edmo.eu\/fr\/leuthanasie-dune-jeune-femme-en-espagne-entrane-un-flot-de-dsinformation\/"]}]},{"@type":"ImageObject","inLanguage":"fr-FR","@id":"https:\/\/belux.edmo.eu\/fr\/leuthanasie-dune-jeune-femme-en-espagne-entrane-un-flot-de-dsinformation\/#primaryimage","url":"https:\/\/belux-edmo.s3-accelerate.amazonaws.com\/wp-content\/uploads\/2026\/04\/10cc4fb3da873fe2da26b086f17967d61d4afbeb-ipad_resized.jpg","contentUrl":"https:\/\/belux-edmo.s3-accelerate.amazonaws.com\/wp-content\/uploads\/2026\/04\/10cc4fb3da873fe2da26b086f17967d61d4afbeb-ipad_resized.jpg","width":1080,"height":719,"caption":"L'euthanasie d'une jeune femme en Espagne entra\u00eene un flot de d\u00e9sinformation - Featured image"},{"@type":"BreadcrumbList","@id":"https:\/\/belux.edmo.eu\/fr\/leuthanasie-dune-jeune-femme-en-espagne-entrane-un-flot-de-dsinformation\/#breadcrumb","itemListElement":[{"@type":"ListItem","position":1,"name":"Home","item":"https:\/\/belux.edmo.eu\/fr\/"},{"@type":"ListItem","position":2,"name":"L&#8217;euthanasie d&#8217;une jeune femme en Espagne entra\u00eene un flot de d\u00e9sinformation"}]},{"@type":"WebSite","@id":"https:\/\/belux.edmo.eu\/#website","url":"https:\/\/belux.edmo.eu\/","name":"EDMO Belux","description":"Monitoring Disinformation in Belgium and Luxembourg","publisher":{"@id":"https:\/\/belux.edmo.eu\/#organization"},"potentialAction":[{"@type":"SearchAction","target":{"@type":"EntryPoint","urlTemplate":"https:\/\/belux.edmo.eu\/?s={search_term_string}"},"query-input":{"@type":"PropertyValueSpecification","valueRequired":true,"valueName":"search_term_string"}}],"inLanguage":"fr-FR"},{"@type":"Organization","@id":"https:\/\/belux.edmo.eu\/#organization","name":"EDMO Belux","url":"https:\/\/belux.edmo.eu\/","logo":{"@type":"ImageObject","inLanguage":"fr-FR","@id":"https:\/\/belux.edmo.eu\/#\/schema\/logo\/image\/","url":"https:\/\/belux.edmo.eu\/wp-content\/uploads\/2021\/12\/belux-logo-full-color-rgb.svg","contentUrl":"https:\/\/belux.edmo.eu\/wp-content\/uploads\/2021\/12\/belux-logo-full-color-rgb.svg","width":1,"height":1,"caption":"EDMO Belux"},"image":{"@id":"https:\/\/belux.edmo.eu\/#\/schema\/logo\/image\/"},"sameAs":["https:\/\/x.com\/Edmo_Belux"]},{"@type":"Person","@id":"https:\/\/belux.edmo.eu\/#\/schema\/person\/dbe3b252258537fd318f9b5645a30342","name":"master","sameAs":["https:\/\/belux.wpengine.com"],"url":"https:\/\/belux.edmo.eu\/fr\/author\/master\/"}]}},"menu_order":0,"_links":{"self":[{"href":"https:\/\/belux.edmo.eu\/fr\/wp-json\/wp\/v2\/posts\/512244","targetHints":{"allow":["GET"]}}],"collection":[{"href":"https:\/\/belux.edmo.eu\/fr\/wp-json\/wp\/v2\/posts"}],"about":[{"href":"https:\/\/belux.edmo.eu\/fr\/wp-json\/wp\/v2\/types\/post"}],"author":[{"embeddable":true,"href":"https:\/\/belux.edmo.eu\/fr\/wp-json\/wp\/v2\/users\/1"}],"replies":[{"embeddable":true,"href":"https:\/\/belux.edmo.eu\/fr\/wp-json\/wp\/v2\/comments?post=512244"}],"version-history":[{"count":0,"href":"https:\/\/belux.edmo.eu\/fr\/wp-json\/wp\/v2\/posts\/512244\/revisions"}],"wp:featuredmedia":[{"embeddable":true,"href":"https:\/\/belux.edmo.eu\/fr\/wp-json\/wp\/v2\/media\/512189"}],"wp:attachment":[{"href":"https:\/\/belux.edmo.eu\/fr\/wp-json\/wp\/v2\/media?parent=512244"}],"wp:term":[{"taxonomy":"category","embeddable":true,"href":"https:\/\/belux.edmo.eu\/fr\/wp-json\/wp\/v2\/categories?post=512244"},{"taxonomy":"post_tag","embeddable":true,"href":"https:\/\/belux.edmo.eu\/fr\/wp-json\/wp\/v2\/tags?post=512244"}],"curies":[{"name":"wp","href":"https:\/\/api.w.org\/{rel}","templated":true}]}}