{"id":513572,"date":"2026-04-29T11:09:57","date_gmt":"2026-04-29T11:09:57","guid":{"rendered":"https:\/\/belux.edmo.eu\/?p=513572"},"modified":"2026-04-29T12:52:38","modified_gmt":"2026-04-29T12:52:38","slug":"peter-magyar-nouveau-premier-ministre-hongrois-et-cible-de-la-dsinformation-prorusse","status":"publish","type":"post","link":"https:\/\/belux.edmo.eu\/fr\/peter-magyar-nouveau-premier-ministre-hongrois-et-cible-de-la-dsinformation-prorusse\/","title":{"rendered":"Peter Magyar, nouveau Premier ministre hongrois et cible de la d\u00e9sinformation prorusse"},"content":{"rendered":"<p><strong>Principal adversaire du Premier ministre hongrois Viktor Orban et vainqueur des \u00e9lections l\u00e9gislatives de 2026, le conservateur Peter Magyar a \u00e9t\u00e9 la cible de plusieurs campagnes de d\u00e9sinformation pendant et apr\u00e8s le scrutin. Des internautes ont notamment diffus\u00e9 une vid\u00e9o contenant de graves accusations contre le candidat, \u00e9manant pr\u00e9tendument d&rsquo;une autobiographie de l&rsquo;ancienne ministre de la Justice et ex-femme de Peter Magyar, Judit Varga. Mais il s&rsquo;agissait d&rsquo;une supercherie : l&rsquo;ancienne ministre n&rsquo;a jamais publi\u00e9 ce livre, et le site web \u00e0 l&rsquo;origine de l&rsquo;infox a \u00e9t\u00e9 cr\u00e9\u00e9 pour l&rsquo;occasion, suivant une m\u00e9thode bien identifi\u00e9e associ\u00e9e \u00e0 des acteurs prorusses.<\/strong><\/p>\n<p>\u00ab\u00a0<em>Sa femme d\u00e9nonce le monstre qu&rsquo;est Peter Magyar que Ursula Von der leyen<\/em> [sic] et\u00a0<em>sa clique de corrompus veulent placer \u00e0 la t\u00eate de la Hongrie !!<\/em>\u00ab\u00a0, pr\u00e9tend\u00a0une internaute dans <a href=\"https:\/\/perma.cc\/4M3N-SEDN\" target=\"_blank\" rel=\"appearance frozen nofollow noopener\" shape=\"rect\">une publication<\/a> en fran\u00e7ais comptant un millier de partages sur X.<\/p>\n<p>Celle-ci est accompagn\u00e9e d&rsquo;une vid\u00e9o issue d&rsquo;un compte X\u00a0<a href=\"https:\/\/factuel.afp.com\/doc.afp.com.83CT6ZQ\" target=\"_blank\" rel=\"evidence nofollow noopener\" shape=\"rect\">relayant r\u00e9guli\u00e8rement de fausses informations<\/a> \u00e0 ses centaines de milliers d&rsquo;abonn\u00e9s, souvent align\u00e9es sur la ligne de la propagande russe. Elle formule plusieurs accusations \u00e0 l&rsquo;encontre de Peter Magyar, alors candidat aux \u00e9lections l\u00e9gislatives hongroises, dont elle\u00a0reprend l&rsquo;une des plus sensationnelles : \u00ab\u00a0<em>Il a mis le chiot de la famille vivant au micro onde&#8230; <\/em>[sic]\u00a0\u00bb<\/p>\n<div class=\"g2picture\">\n<figure><img src=\"https:\/\/belux-edmo.s3-accelerate.amazonaws.com\/wp-content\/uploads\/2026\/04\/8ebe667256806d130133c21f7f335741365ab16d-ipad_resized.jpg\" \/><figcaption>Captures d&rsquo;\u00e9cran r\u00e9alis\u00e9es sur X et Facebook, le 23\/04\/2026. Croix rouge ajout\u00e9e par l&rsquo;AFP.<\/figcaption><\/figure>\n<\/div>\n<p>Sur la vid\u00e9o, entrecoup\u00e9e de photos de Peter Magyar et de Judit Varga, on aper\u00e7oit la couverture d&rsquo;un livre suppos\u00e9ment en vente sur le site de Libri, le plus grand libraire hongrois, titr\u00e9 \u00ab\u00a0<em>16 ans avec le monstre<\/em> [\u00ab\u00a0<em>16 \u00e9vig a sz\u00f6rnyeteggel<\/em>\u00ab\u00a0, en langue originale]\u00a0\u00bb, illustr\u00e9 par un photomontage du couple.<\/p>\n<p>Une voix off robotique y \u00e9gr\u00e8ne les pr\u00e9tendues r\u00e9v\u00e9lations de l&rsquo;ex-femme du Premier ministre \u00e9lu \u00e0 son sujet, parmi lesquelles des accusations de violences conjugales ou d&rsquo;agressions sexuelles envers ses enfants. On y voit \u00e9galement une image, pr\u00e9sent\u00e9e comme une photo, d&rsquo;un chiot mort dans un four \u00e0 micro-ondes.<\/p>\n<div class=\"g2picture\">\n<figure><img src=\"https:\/\/belux-edmo.s3-accelerate.amazonaws.com\/wp-content\/uploads\/2026\/04\/c03e036188b19138e6f66e6e44ba8724613260da-ipad_resized.jpg\" \/><figcaption>Diff\u00e9rents plans tir\u00e9s de la vid\u00e9o trompeuse diffus\u00e9e sur les r\u00e9seaux sociaux, le 22\/04\/2026. Croix rouge ajout\u00e9e par l&rsquo;AFP.<\/figcaption><\/figure>\n<\/div>\n<p>Diffus\u00e9es en ligne \u00e0 partir du 6 avril, sur <a href=\"https:\/\/perma.cc\/4JPP-5GA9\" target=\"_blank\" rel=\"appearance frozen nofollow noopener\" shape=\"rect\">X<\/a> ou <a href=\"https:\/\/perma.cc\/UZ34-D2MN\" target=\"_blank\" rel=\"appearance frozen nofollow noopener\" shape=\"rect\">Facebook<\/a>, les accusations ont \u00e9t\u00e9 massivement partag\u00e9es en <a href=\"https:\/\/tenykerdes.afp.com\/doc.afp.com.A7G82WH\" target=\"_blank\" rel=\"evidence nofollow noopener\" shape=\"rect\">hongrois<\/a>, en <a href=\"https:\/\/perma.cc\/5JBJ-HPSU\" target=\"_blank\" rel=\"appearance frozen nofollow noopener\" shape=\"rect\">anglais<\/a>, en <a href=\"https:\/\/perma.cc\/3BKP-RBRL\" target=\"_blank\" rel=\"appearance frozen nofollow noopener\" shape=\"rect\">bulgare<\/a> ou en <a href=\"https:\/\/factcheckgreek.afp.com\/doc.afp.com.A7YR763\" target=\"_blank\" rel=\"evidence nofollow noopener\" shape=\"rect\">grec<\/a>.<\/p>\n<p>Mais elles sont \u00e9galement sorties du seul cadre des r\u00e9seaux sociaux. Le 14 avril, le leader du parti d&rsquo;opposition polonais Droit et Justice et alli\u00e9 de longue date de Viktor Orban, <a href=\"https:\/\/pis.org.pl\/osoba\/jaroslaw_kaczynski_1\/\" target=\"_blank\" rel=\"evidence nofollow noopener\" shape=\"rect\">Jaroslaw Kaczynski<\/a>,\u00a0<a href=\"https:\/\/dailynewshungary.com\/peter-magyar-roasted-dog-scandal-poland-2026\/\" target=\"_blank\" rel=\"evidence nofollow noopener\" shape=\"rect\">a ainsi r\u00e9p\u00e9t\u00e9 l&rsquo;accusation<\/a>, qualifiant Peter Magyar d&rsquo;homme qui aurait commis \u00ab\u00a0<em>des actes innommables dans sa vie priv\u00e9e<\/em>\u00ab\u00a0, parmi lesquels avoir \u00ab\u00a0<em>cuit un chiot\u00a0\u00bb\u00a0<\/em>et \u00ab\u00a0<em>inflig\u00e9 des violences conjugales \u00e0<\/em><em>\u00a0sa femme<\/em>\u00a0\u00bb (liens archiv\u00e9s <a href=\"https:\/\/perma.cc\/BG2D-JA8J\" target=\"_blank\" rel=\"evidence frozen nofollow noopener\" shape=\"rect\">ici <\/a>et <a href=\"https:\/\/perma.cc\/B6FY-2D9B\" target=\"_blank\" rel=\"evidence frozen nofollow noopener\" shape=\"rect\">ici<\/a>).<\/p>\n<p>Le porte-parole de son parti, Rafal Bochenek,\u00a0a\u00a0<a href=\"https:\/\/x.com\/RafalBochenek\/status\/2044055631888306456\" target=\"_blank\" rel=\"evidence nofollow noopener\" shape=\"rect\">signal\u00e9 quelques heures plus tard<\/a> qu&rsquo;il s&rsquo;agissait d&rsquo;une erreur et retir\u00e9 l&rsquo;accusation (lien archiv\u00e9 <a href=\"https:\/\/perma.cc\/KWQ8-XY2E\" target=\"_blank\" rel=\"evidence frozen nofollow noopener\" shape=\"rect\">ici<\/a>).<\/p>\n<p>En 2023, Judit Varga a annonc\u00e9 son divorce d&rsquo;avec Peter Magyar apr\u00e8s plus de 16 ans de mariage. Suite \u00e0 sa d\u00e9mission de son poste de ministre de la Justice et l&rsquo;entr\u00e9e de son ex-mari sur la sc\u00e8ne politique, elle l&rsquo;a accus\u00e9 de violence verbale et de comportements agressifs pendant leur mariage. Ce dernier r\u00e9fute les accusations.<\/p>\n<p><b>Un livre inexistant<\/b><\/p>\n<p>La vid\u00e9o partag\u00e9e par les internautes a vite cumul\u00e9 des millions de vues et des dizaines de milliers de partages en plusieurs langues ; mais le montage de photos et de vid\u00e9os, l&rsquo;image violente ressemblant suspicieusement \u00e0 un contenu g\u00e9n\u00e9r\u00e9 par IA et le timbre robotique de la voix suscitent rapidement des doutes sur l&rsquo;origine de ces r\u00e9v\u00e9lations.<\/p>\n<p><strong>L&rsquo;AFP n&rsquo;a trouv\u00e9 aucune trace indiquant que Judit Varga ait jamais publi\u00e9 un livre portant le titre mentionn\u00e9 ou toute autre autobiographie<\/strong>, dont les accusations sont pourtant cens\u00e9es provenir. Contact\u00e9e par l&rsquo;AFP le 9 avril, l&rsquo;ex-ministre de la Justice l&rsquo;a confirm\u00e9 : \u00ab\u00a0<strong><em>Je confirme que je n&rsquo;ai \u00e9crit aucun livre autobiographique ; quiconque affirme le contraire usurpe mon nom<\/em><\/strong>\u00ab\u00a0, a-t-elle d\u00e9clar\u00e9.<\/p>\n<div class=\"g2picture\">\n<figure><img src=\"https:\/\/belux-edmo.s3-accelerate.amazonaws.com\/wp-content\/uploads\/2026\/04\/5a7c921090ddf8bd567a43b45382c4aef0588945-ipad_resized.jpg\" \/><figcaption>Capture d&rsquo;\u00e9cran r\u00e9alis\u00e9e sur la vid\u00e9o portant les accusations, sur X, le 22\/04\/2026. Croix rouge ajout\u00e9e par l&rsquo;AFP.<\/figcaption><\/figure>\n<\/div>\n<p>Bien que la voix off affirme que ce livre aurait \u00ab\u00a0<em>fait sensation dans la vie publique<\/em>\u00ab\u00a0, l&rsquo;AFP n&rsquo;a trouv\u00e9 aucune trace du d\u00e9bat public qu&rsquo;il aurait suscit\u00e9. \u00c0 titre de comparaison,\u00a0<a href=\"https:\/\/www.youtube.com\/watch?v=W-4Sb4FtCuM\" target=\"_blank\" rel=\"evidence nofollow noopener\" shape=\"rect\">l&rsquo;interview de 2024<\/a> dans laquelle Judit Varga \u00e9voquait sa relation avec son ex-mari a \u00e9t\u00e9 visionn\u00e9e plus de 1,4 million de fois sur YouTube et a \u00e9t\u00e9 relay\u00e9e par la plupart des m\u00e9dias nationaux hongrois\u00a0(lien archiv\u00e9 <a href=\"https:\/\/web.archive.org\/web\/20260423085208\/https:\/\/www.youtube.com\/watch?v=W-4Sb4FtCuM\" target=\"_blank\" rel=\"evidence frozen nofollow noopener\" shape=\"rect\">ici<\/a>).<\/p>\n<p>L&rsquo;AFP n&rsquo;a pas trouv\u00e9 ailleurs de traces des propos retranscrits dans la vid\u00e9o trompeuse, ni dans l&rsquo;interview mentionn\u00e9e, ni dans aucune autre d\u00e9claration publique.<\/p>\n<p>La vid\u00e9o contient \u00e9galement une image montrant le livre figurant dans la boutique en ligne du libraire Libri, dans la cat\u00e9gorie autobiographie. D&rsquo;apr\u00e8s la capture, le livre compterait 309 pages et aurait \u00e9t\u00e9 publi\u00e9 par la maison d&rsquo;\u00e9dition Kozponti Kiado. Mais l&rsquo;AFP n&rsquo;en <a href=\"https:\/\/www.libri.hu\/talalatok\/?autocomplete=1&amp;text=16+%C3%A9vig+a+sz%C3%B6rnyeteggel\" target=\"_blank\" rel=\"evidence nofollow noopener\" shape=\"rect\">a pas trouv\u00e9 trace sur le site du libraire<\/a> (lien archiv\u00e9 <a href=\"https:\/\/perma.cc\/PN3N-VDE5\" target=\"_blank\" rel=\"evidence frozen nofollow noopener\" shape=\"rect\">ici<\/a>).<\/p>\n<div class=\"g2picture\">\n<figure><img src=\"https:\/\/belux-edmo.s3-accelerate.amazonaws.com\/wp-content\/uploads\/2026\/04\/9965e66b84179fec030a16c81a1147b352aad0e1-ipad_resized.jpg\" \/><figcaption>Capture d&rsquo;\u00e9cran des r\u00e9sultats de recherche du titre du livre sur le site du libraire Libri, r\u00e9alis\u00e9e le 22\/04\/2026.<\/figcaption><\/figure>\n<\/div>\n<p><a href=\"https:\/\/mfor.hu\/cikkek\/kozelet\/konyv-kiado-propaganda-fidesz-vilagkep-haboru-liberalis.html\" target=\"_blank\" rel=\"evidence nofollow noopener\" shape=\"rect\">Kozponti Kiado<\/a> est une maison d&rsquo;\u00e9dition fond\u00e9e par le <a href=\"https:\/\/mfor.hu\/\" target=\"_blank\" rel=\"evidence nofollow noopener\" shape=\"rect\">Menedzsment forum<\/a>, une organisation proche du gouvernement de l&rsquo;ex-Premier ministre, destin\u00e9e \u00e0 \u00ab\u00a0<em>diffuser la vision du monde du Fidesz<\/em>\u00ab\u00a0, le parti de Viktor Orban (liens archiv\u00e9s <a href=\"https:\/\/perma.cc\/M46L-RKUE\" target=\"_blank\" rel=\"evidence frozen nofollow noopener\" shape=\"rect\">ici <\/a>et <a href=\"https:\/\/perma.cc\/8YF3-MDL3\" target=\"_blank\" rel=\"evidence frozen nofollow noopener\" shape=\"rect\">ici<\/a>). L&rsquo;AFP n&rsquo;a trouv\u00e9 qu&rsquo;un seul ouvrage issu de ses presses dans le catalogue de Libri (et sur Internet en g\u00e9n\u00e9ral) : il s&rsquo;agit de l&rsquo;\u00e9dition hongroise d&rsquo;un livre de l&rsquo;homme politique italien Matteo Salvini.<\/p>\n<p><b>Un faux site d&rsquo;information<\/b><\/p>\n<p>Plusieurs publications renvoient \u00e9galement \u00e0 un faux\u00a0site\u00a0d&rsquo;information, intitul\u00e9\u00a0<a href=\"https:\/\/perma.cc\/B825-7RQ5\" target=\"_blank\" rel=\"appearance frozen nofollow noopener\" shape=\"rect\">Magyar Hirek 24<\/a>.<\/p>\n<p>Le site qui a publi\u00e9 ce texte n&rsquo;est pas un site d&rsquo;actualit\u00e9 hongroise connu, et\u00a0<strong>plusieurs indices sugg\u00e8rent qu&rsquo;il a \u00e9t\u00e9 cr\u00e9\u00e9 sp\u00e9cialement pour diffuser les fausses all\u00e9gations en question<\/strong>.<\/p>\n<div class=\"g2picture\">\n<figure><img src=\"https:\/\/belux-edmo.s3-accelerate.amazonaws.com\/wp-content\/uploads\/2026\/04\/2a777aba8e6815bad0afd1c9ec7c4fe0948a3227-ipad_resized.jpg\" \/><figcaption>Capture d&rsquo;\u00e9cran r\u00e9alis\u00e9e sur le faux site d&rsquo;information, le 22\/04\/2026. Croix rouge ajout\u00e9e par l&rsquo;AFP.<\/figcaption><\/figure>\n<\/div>\n<p>Notamment, le site ne comporte pas de mentions l\u00e9gales, et la page de contact ne contient qu&rsquo;un texte de remplissage. Comme l&rsquo;a \u00e9galement soulign\u00e9 l&rsquo;\u00e9quipe de v\u00e9rification des faits de <a href=\"https:\/\/leadstories.com\/hoax-alert\/2026\/04\/fact-check-hungarian-peter-magyar-cooked-puppy-microwave-masturbated-tisza.html\" target=\"_blank\" rel=\"evidence nofollow noopener\" shape=\"rect\">Lead Stories<\/a>, ce texte est tir\u00e9 du g\u00e9n\u00e9rique de la s\u00e9rie t\u00e9l\u00e9vis\u00e9e am\u00e9ricaine <a href=\"https:\/\/en.wikipedia.org\/wiki\/Law_%26_Order\" target=\"_blank\" rel=\"evidence nofollow noopener\" shape=\"rect\">Law &amp; Order<\/a> (lien archiv\u00e9 <a href=\"https:\/\/perma.cc\/LB7F-SGBC\" target=\"_blank\" rel=\"evidence frozen nofollow noopener\" shape=\"rect\">ici<\/a>).<\/p>\n<div class=\"g2picture\">\n<figure><img src=\"https:\/\/belux-edmo.s3-accelerate.amazonaws.com\/wp-content\/uploads\/2026\/04\/333a645cf773beaf0f21727173521754a61a0ccd-ipad_resized.jpg\" \/><figcaption>Capture d&rsquo;\u00e9cran r\u00e9alis\u00e9e sur le faux site d&rsquo;information, le 22\/04\/2026. Croix rouge ajout\u00e9e par l&rsquo;AFP.<\/figcaption><\/figure>\n<\/div>\n<p>D&rsquo;apr\u00e8s les donn\u00e9es d&rsquo;enregistrement du nom de domaine du site web, <strong>celui-ci a \u00e9t\u00e9 enregistr\u00e9 le 6 avril 2026, soit<\/strong><strong>\u00a0le jour m\u00eame o\u00f9 le texte contenant cette fausse affirmation a \u00e9t\u00e9 publi\u00e9.<\/strong><\/p>\n<p>&nbsp;<\/p>\n<div class=\"g2picture\">\n<figure><img src=\"https:\/\/belux-edmo.s3-accelerate.amazonaws.com\/wp-content\/uploads\/2026\/04\/8b0439f4d0b33c871d42dc57f101cc3594bd3ac8-ipad_resized.jpg\" \/><figcaption>Captures d&rsquo;\u00e9cran r\u00e9alis\u00e9es sur plusieurs sites de v\u00e9rification de l&rsquo;\u00e2ge du nom de domaine, le 22\/04\/2026.<\/figcaption><\/figure>\n<\/div>\n<p>&nbsp;<\/p>\n<p>L&rsquo;AFP a \u00e9galement analys\u00e9 d&rsquo;autres articles, en r\u00e9alit\u00e9 des r\u00e9sum\u00e9s des articles du v\u00e9ritable site d&rsquo;information<a href=\"https:\/\/24.hu\/\" target=\"_blank\" rel=\"evidence nofollow noopener\" shape=\"rect\"> 24.hu<\/a>, paraphrasant les textes des articles et reprenant <a href=\"https:\/\/24.hu\/belfold\/2026\/04\/09\/orban-korszak-fidesz-valasztas-2026\/\" target=\"_blank\" rel=\"evidence nofollow noopener\" shape=\"rect\">les m\u00eames photo<\/a>s (lien archiv\u00e9 <a href=\"https:\/\/perma.cc\/R43K-WNVF\" target=\"_blank\" rel=\"evidence frozen nofollow noopener\" shape=\"rect\">ici<\/a>).<\/p>\n<div class=\"g2picture\">\n<figure><img src=\"https:\/\/belux-edmo.s3-accelerate.amazonaws.com\/wp-content\/uploads\/2026\/04\/c42af225668f1927ee0075e952f088eb5589a4f2-ipad_resized.jpg\" \/><figcaption>Comparaison entre une capture d&rsquo;\u00e9cran r\u00e9alis\u00e9e sur le site frauduleux (\u00e0 gauche) et le site dont est tir\u00e9 l&rsquo;article et l&rsquo;image, 24.hu (\u00e0 droite), r\u00e9alis\u00e9e le 22\/04\/2026.<\/figcaption><\/figure>\n<\/div>\n<p>De nombreux titres d&rsquo;articles comportent curieusement le mot \u00ab\u00a0titre [\u00ab\u00a0<em>cim<\/em>\u00a0\u00bb en hongrois, NDLR]\u00a0\u00bb avant le titre en question, ce qui sugg\u00e8re\u00a0qu&rsquo;ils ont \u00e9t\u00e9 copi\u00e9s n\u00e9gligemment depuis un autre site, ou que leur auteur ne ma\u00eetrisait pas la langue ; mais il n&rsquo;est pas non plus exclu que ces articles aient \u00e9t\u00e9 g\u00e9n\u00e9r\u00e9s d\u00e8s le d\u00e9part par un script automatis\u00e9.<\/p>\n<div class=\"g2picture\">\n<figure><img src=\"https:\/\/belux-edmo.s3-accelerate.amazonaws.com\/wp-content\/uploads\/2026\/04\/wTSquDA5-ef79003e9fb45a7494e8cda9b853f012752a48ea-ipad_resized.jpg\" \/><figcaption>Capture d&rsquo;\u00e9cran d&rsquo;articles publi\u00e9s sur le site web diffusant la fausse information. Encadr\u00e9s ajout\u00e9s par l&rsquo;AFP. Capture d&rsquo;\u00e9cran r\u00e9alis\u00e9e le 10 avril 2026.<\/figcaption><\/figure>\n<\/div>\n<p>Enfin, reste la vid\u00e9o. Une analyse de l&rsquo;audio r\u00e9alis\u00e9e par l&rsquo;AFP, \u00e0 l&rsquo;aide du d\u00e9tecteur de deepfakes Hiya.com sur l&rsquo;outil de v\u00e9rification\u00a0<a href=\"https:\/\/chromewebstore.google.com\/detail\/fake-news-debunker-invid\/mhccpoafgdgbhnjfhkcmgknndkeenfhe\" target=\"_blank\" rel=\"evidence nofollow noopener\" shape=\"rect\">InVID-WeVerify<\/a> (co-d\u00e9velopp\u00e9 par l&rsquo;AFP), indique que l&rsquo;enregistrement a \u00e9t\u00e9 r\u00e9alis\u00e9 par clonage vocal, et n&rsquo;est vraisemblablement pas authentique.<\/p>\n<div class=\"g2picture\">\n<figure><img src=\"https:\/\/belux-edmo.s3-accelerate.amazonaws.com\/wp-content\/uploads\/2026\/04\/f158befd45c4f6e93ee8b31f2bcb9f7b8c964154-ipad_resized.jpg\" \/><figcaption>Capture d&rsquo;\u00e9cran prise le 22\/04\/2026 sur InVID-WeVerify.<\/figcaption><\/figure>\n<\/div>\n<p>Selon l&rsquo;outil d&rsquo;analyse d&rsquo;images de la m\u00eame extension, au moins une des images &#8211; celle d&rsquo;un chiot mort dans un four \u00e0 micro-ondes &#8211; a elle aussi \u00e9t\u00e9 cr\u00e9\u00e9e \u00e0 l&rsquo;aide d&rsquo;un outil d&rsquo;intelligence artificielle.<\/p>\n<div class=\"g2picture\">\n<figure><img src=\"https:\/\/belux-edmo.s3-accelerate.amazonaws.com\/wp-content\/uploads\/2026\/04\/995d067a93e2cb96911ea1b0ed549f9f085876cc-ipad_resized.jpg\" \/><figcaption>Capture d&rsquo;\u00e9cran prise le 22\/04\/2026 sur InVID-WeVerify.<\/figcaption><\/figure>\n<\/div>\n<p><br clear=\"none\" \/><br clear=\"none\" \/><\/p>\n<p>Pris ensemble, ces \u00e9l\u00e9ments semblent indiquer que le faux site d&rsquo;actualit\u00e9 et la vid\u00e9o qui l&rsquo;accompagne semblent avoir pour seul objectif la diffusion de la fausse information visant Peter Magyar.<\/p>\n<p><b>Une campagne de d\u00e9sinformation prorusse<\/b><\/p>\n<p>Selon un rapport publi\u00e9 le 8 avril 2026 par <a href=\"https:\/\/www.isdglobal.org\/\" target=\"_blank\" rel=\"evidence nofollow noopener\" shape=\"rect\">l&rsquo;Institute for Strategic Dialogue<\/a> (ISD), des op\u00e9rations de d\u00e9sinformation conformes aux objectifs de la Russie ont cibl\u00e9 les \u00e9lections hongroises, dans le cadre desquelles des <span style=\"background-color: #b4d7ff;\">acteurs ont<\/span>\u00a0\u00ab\u00a0<em>men\u00e9 des campagnes de grande envergure et de longue dur\u00e9e visant l&rsquo;opposition en Hongrie, en particulier le Parti Tisza et ses dirigeants<\/em>\u00a0\u00bb (lien archiv\u00e9 <a href=\"https:\/\/perma.cc\/NEG9-XC9W\" target=\"_blank\" rel=\"evidence frozen nofollow noopener\" shape=\"rect\">ici<\/a>).<\/p>\n<div class=\"g2picture\">\n<figure><img src=\"https:\/\/belux-edmo.s3-accelerate.amazonaws.com\/wp-content\/uploads\/2026\/04\/000_A7LW48U-ipad_resized.jpg\" \/><figcaption>Un homme ajoute un drapeau de l&rsquo;Union europ\u00e9enne \u00e0 c\u00f4t\u00e9 de drapeaux hongrois au Centre des congr\u00e8s et des expositions HUNGEXPO \u00e0 Budapest, en Hongrie, le 13 avril 2026. &#8211; Attila KISBENEDEK \/ AFP<\/figcaption><\/figure>\n<\/div>\n<p>D&rsquo;apr\u00e8s ce compte-rendu, les tactiques de d\u00e9sinformation comprennent \u00ab\u00a0<em>la falsification des articles publi\u00e9s par des sites d&rsquo;information connus, la cr\u00e9ation de fausses plateformes m\u00e9diatiques qui diffusent ensuite des contenus mensongers, ainsi que le recours \u00e0 des influenceurs et \u00e0 des r\u00e9seaux de bots align\u00e9s sur le Kremlin pour propager ces r\u00e9cits<\/em>\u00ab\u00a0. Le rapport de l&rsquo;ISD note que la campagne de d\u00e9sinformation russe baptis\u00e9e Storm-1516, qui cr\u00e9e de faux sites d&rsquo;information en langues europ\u00e9ennes, a \u00e9t\u00e9 particuli\u00e8rement active en Hongrie ces derniers mois.<\/p>\n<p>Le <a href=\"https:\/\/x.com\/gnidaproject\" target=\"_blank\" rel=\"evidence nofollow noopener\" shape=\"rect\">projet Gnida<\/a>, qui surveille la d\u00e9sinformation, avait <a href=\"https:\/\/gnidaproject.substack.com\/p\/storm-1516-sets-aim-at-parliamentary\" target=\"_blank\" rel=\"evidence nofollow noopener\" shape=\"rect\">lui aussi signal\u00e9<\/a> en f\u00e9vrier 2026 que <a href=\"https:\/\/www.defense.gouv.fr\/desinformation\/aller-plus-loin\/analyses-sgdsn\/sgdsn-viginum-analyse-du-mode-operatoire-informationnel-russe-storm\" target=\"_blank\" rel=\"evidence nofollow noopener\" shape=\"rect\">le mode op\u00e9ratoire Storm-1516<\/a> avait \u00e9t\u00e9 d\u00e9tect\u00e9 en Hongrie (liens archiv\u00e9s <a href=\"https:\/\/perma.cc\/5A5R-N5NZ\" target=\"_blank\" rel=\"evidence frozen nofollow noopener\" shape=\"rect\">ici<\/a> et <a href=\"https:\/\/perma.cc\/B2AP-UN5H\" target=\"_blank\" rel=\"evidence frozen nofollow noopener\" shape=\"rect\">ici<\/a>).<\/p>\n<p>Parmi les caract\u00e9ristiques r\u00e9currentes de Storm-1516, on trouve notamment le\u00a0<a href=\"https:\/\/factuel.afp.com\/doc.afp.com.74BD6NQ\" target=\"_blank\" rel=\"evidence nofollow noopener\" shape=\"rect\">recours \u00e0 l&rsquo;intelligence artificielle<\/a>\u00a0pour g\u00e9n\u00e9rer des visages et discours,\u00a0<a href=\"https:\/\/factuel.afp.com\/doc.afp.com.74PL863\" target=\"_blank\" rel=\"evidence nofollow noopener\" shape=\"rect\">l&rsquo;utilisation d&rsquo;acteurs r\u00e9mun\u00e9r\u00e9s<\/a>, la cr\u00e9ation et diffusion de <a href=\"https:\/\/factuel.afp.com\/doc.afp.com.98BR7KE\" target=\"_blank\" rel=\"evidence nofollow noopener\" shape=\"rect\">sites web\u00a0ad hoc<\/a>, imitant souvent des sites d&rsquo;information en ligne en pillant leur contenu, et le partage de ces contenus via des influenceurs prorusses sur les r\u00e9seaux &#8211; autant d&rsquo;\u00e9l\u00e9ments que l&rsquo;on retrouve dans la campagne visant Peter Magyar.<\/p>\n<p>Ce n&rsquo;est pas la premi\u00e8re fois que l&rsquo;AFP identifie des sites web cr\u00e9\u00e9s dans le seul but de diffuser un discours de d\u00e9sinformation, puis rapidement aliment\u00e9s en articles afin de donner l&rsquo;impression d&rsquo;\u00eatre un v\u00e9ritable site d&rsquo;information. Dans <a href=\"https:\/\/factuel.afp.com\/doc.afp.com.64NY7T3\" target=\"_blank\" rel=\"evidence nofollow noopener\" shape=\"rect\">ces cas pr\u00e9cis<\/a> \u2013 concernant respectivement un site en <a href=\"https:\/\/factuel.afp.com\/doc.afp.com.64NY7T3\" target=\"_blank\" rel=\"evidence nofollow noopener\" shape=\"rect\">fran\u00e7ais<\/a> et un site en\u00a0<a href=\"https:\/\/factuel.afp.com\/doc.afp.com.74BD6NQ\" target=\"_blank\" rel=\"evidence nofollow noopener\" shape=\"rect\">anglais <\/a>\u2013, des experts ont confirm\u00e9 que ces faux sites web faisaient partie du r\u00e9seau Storm-1516.<\/p>\n<p>Le\u00a0<strong>conservateur pro-europ\u00e9en Peter Magyar<\/strong>\u00a0<a href=\"https:\/\/lequotidien.lu\/a-la-une\/le-conservateur-pro-europeen-magyar-detrone-le-nationaliste-viktor-orban-en-hongrie\/\" target=\"_blank\" rel=\"evidence nofollow noopener\" shape=\"rect\">a remport\u00e9 les \u00e9lections l\u00e9gislatives en Hongrie<\/a> le dimanche 12 avril, avec une supermajorit\u00e9 des deux tiers lui laissant les mains libres pour d\u00e9faire le syst\u00e8me install\u00e9 par le nationaliste Viktor Orban qui a conc\u00e9d\u00e9 sa d\u00e9faite apr\u00e8s 16 ans au pouvoir (lien archiv\u00e9\u00a0<a href=\"https:\/\/perma.cc\/NP2L-YTUW\" target=\"_blank\" rel=\"evidence frozen nofollow noopener\" shape=\"rect\">ici<\/a>).<\/p>\n","protected":false},"excerpt":{"rendered":"<p>Principal adversaire du Premier ministre hongrois Viktor Orban et vainqueur des \u00e9lections l\u00e9gislatives de 2026, le conservateur Peter Magyar a \u00e9t\u00e9 la cible de plusieurs campagnes de d\u00e9sinformation pendant et apr\u00e8s le scrutin. Des internautes ont notamment diffus\u00e9 une vid\u00e9o contenant de graves accusations contre le candidat, \u00e9manant pr\u00e9tendument d&rsquo;une autobiographie de l&rsquo;ancienne ministre de la Justice et ex-femme de Peter Magyar, Judit Varga. Mais il s&rsquo;agissait d&rsquo;une supercherie : l&rsquo;ancienne ministre n&rsquo;a jamais publi\u00e9 ce livre, et le site web \u00e0 l&rsquo;origine de l&rsquo;infox a \u00e9t\u00e9 cr\u00e9\u00e9 pour l&rsquo;occasion, suivant une m\u00e9thode bien identifi\u00e9e associ\u00e9e \u00e0 des acteurs prorusses.<\/p>\n","protected":false},"author":1,"featured_media":513507,"comment_status":"closed","ping_status":"closed","sticky":false,"template":"","format":"standard","meta":{"_acf_changed":false,"footnotes":""},"categories":[452,125,132,138,389],"tags":[],"class_list":{"0":"post-513572","1":"post","2":"type-post","3":"status-publish","4":"format-standard","5":"has-post-thumbnail","7":"category-editors-choice-fr","8":"category-fact-check-fr","9":"category-politique","10":"category-societe","11":"category-technologie-fact-check-fr-2"},"acf":{"show_metatags":true,"id":"http:\/\/doc.afp.com\/A8LK6WE","authors":"Pierre MOUTOT \/ Ede ZABORSZKY \/ AFP France \/ AFP Hongrie","organization":"AFP","featured_image_copyright":"","text_copyright":"\u00a9 AGENCE FRANCE-PRESSE | 2026 | Tous droits r\u00e9serv\u00e9s. L\u2019acc\u00e8s aux contenus de l'AFP publi\u00e9s sur ce site et, le cas \u00e9ch\u00e9ant, leur utilisation sont soumis aux conditions g\u00e9n\u00e9rales d'utilisation disponibles sur <a href='https:\/\/www.afp.com\/fr\/cgu' target='_blank'>CGU<\/a>. Par cons\u00e9quent, en acc\u00e9dant aux contenus de l\u2019AFP publi\u00e9s sur ce site, et en les utilisant, le cas \u00e9ch\u00e9ant, vous acceptez d'\u00eatre li\u00e9 par les conditions g\u00e9n\u00e9rales d'utilisation susmentionn\u00e9es. L\u2019utilisation de contenus de l'AFP se fait sous votre seule et enti\u00e8re responsabilit\u00e9.","source":"https:\/\/factuel.afp.com\/doc.afp.com.A8LK6WE","fact_checker":"https:\/\/belux.wpengine.com\/wp-content\/uploads\/2021\/12\/afp_logo.png","share_this_post_to_edmo_website":false,"affiliation":"BELUX","type":"\u00c9v\u00e9nement ferm\u00e9","location":"","start_date":"","start_date_event_begins_at":"","start_date_event_ends_at":"","end_date":"","end_date_event_begins_at":"","end_date_event_ends_at":"","organizer":"","fact_checker_logo_image":false},"yoast_head":"<!-- This site is optimized with the Yoast SEO plugin v27.0 - https:\/\/yoast.com\/product\/yoast-seo-wordpress\/ -->\n<title>Peter Magyar, nouveau Premier ministre hongrois et cible de la d\u00e9sinformation prorusse - EDMO Belux<\/title>\n<meta name=\"robots\" content=\"index, follow, max-snippet:-1, max-image-preview:large, max-video-preview:-1\" \/>\n<link rel=\"canonical\" href=\"https:\/\/belux.edmo.eu\/fr\/peter-magyar-nouveau-premier-ministre-hongrois-et-cible-de-la-dsinformation-prorusse\/\" \/>\n<meta property=\"og:locale\" content=\"fr_FR\" \/>\n<meta property=\"og:type\" content=\"article\" \/>\n<meta property=\"og:title\" content=\"Peter Magyar, nouveau Premier ministre hongrois et cible de la d\u00e9sinformation prorusse - EDMO Belux\" \/>\n<meta property=\"og:description\" content=\"Principal adversaire du Premier ministre hongrois Viktor Orban et vainqueur des \u00e9lections l\u00e9gislatives de 2026, le conservateur Peter Magyar a \u00e9t\u00e9 la cible de plusieurs campagnes de d\u00e9sinformation pendant et apr\u00e8s le scrutin. Des internautes ont notamment diffus\u00e9 une vid\u00e9o contenant de graves accusations contre le candidat, \u00e9manant pr\u00e9tendument d&#039;une autobiographie de l&#039;ancienne ministre de la Justice et ex-femme de Peter Magyar, Judit Varga. Mais il s&#039;agissait d&#039;une supercherie : l&#039;ancienne ministre n&#039;a jamais publi\u00e9 ce livre, et le site web \u00e0 l&#039;origine de l&#039;infox a \u00e9t\u00e9 cr\u00e9\u00e9 pour l&#039;occasion, suivant une m\u00e9thode bien identifi\u00e9e associ\u00e9e \u00e0 des acteurs prorusses.\" \/>\n<meta property=\"og:url\" content=\"https:\/\/belux.edmo.eu\/fr\/peter-magyar-nouveau-premier-ministre-hongrois-et-cible-de-la-dsinformation-prorusse\/\" \/>\n<meta property=\"og:site_name\" content=\"EDMO Belux\" \/>\n<meta property=\"article:published_time\" content=\"2026-04-29T11:09:57+00:00\" \/>\n<meta property=\"article:modified_time\" content=\"2026-04-29T12:52:38+00:00\" \/>\n<meta property=\"og:image\" content=\"https:\/\/belux-edmo.s3-accelerate.amazonaws.com\/wp-content\/uploads\/2026\/04\/13e0526b337c9f23c7c66278d892bd06764b3fe2-ipad_resized.jpg\" \/>\n\t<meta property=\"og:image:width\" content=\"1080\" \/>\n\t<meta property=\"og:image:height\" content=\"540\" \/>\n\t<meta property=\"og:image:type\" content=\"image\/jpeg\" \/>\n<meta name=\"author\" content=\"master\" \/>\n<meta name=\"twitter:card\" content=\"summary_large_image\" \/>\n<meta name=\"twitter:creator\" content=\"@Edmo_Belux\" \/>\n<meta name=\"twitter:site\" content=\"@Edmo_Belux\" \/>\n<meta name=\"twitter:label1\" content=\"\u00c9crit par\" \/>\n\t<meta name=\"twitter:data1\" content=\"master\" \/>\n\t<meta name=\"twitter:label2\" content=\"Dur\u00e9e de lecture estim\u00e9e\" \/>\n\t<meta name=\"twitter:data2\" content=\"11 minutes\" \/>\n<script type=\"application\/ld+json\" class=\"yoast-schema-graph\">{\"@context\":\"https:\/\/schema.org\",\"@graph\":[{\"@type\":\"Article\",\"@id\":\"https:\/\/belux.edmo.eu\/fr\/peter-magyar-nouveau-premier-ministre-hongrois-et-cible-de-la-dsinformation-prorusse\/#article\",\"isPartOf\":{\"@id\":\"https:\/\/belux.edmo.eu\/fr\/peter-magyar-nouveau-premier-ministre-hongrois-et-cible-de-la-dsinformation-prorusse\/\"},\"author\":{\"name\":\"master\",\"@id\":\"https:\/\/belux.edmo.eu\/#\/schema\/person\/dbe3b252258537fd318f9b5645a30342\"},\"headline\":\"Peter Magyar, nouveau Premier ministre hongrois et cible de la d\u00e9sinformation prorusse\",\"datePublished\":\"2026-04-29T11:09:57+00:00\",\"dateModified\":\"2026-04-29T12:52:38+00:00\",\"mainEntityOfPage\":{\"@id\":\"https:\/\/belux.edmo.eu\/fr\/peter-magyar-nouveau-premier-ministre-hongrois-et-cible-de-la-dsinformation-prorusse\/\"},\"wordCount\":1997,\"publisher\":{\"@id\":\"https:\/\/belux.edmo.eu\/#organization\"},\"image\":{\"@id\":\"https:\/\/belux.edmo.eu\/fr\/peter-magyar-nouveau-premier-ministre-hongrois-et-cible-de-la-dsinformation-prorusse\/#primaryimage\"},\"thumbnailUrl\":\"https:\/\/belux-edmo.s3-accelerate.amazonaws.com\/wp-content\/uploads\/2026\/04\/13e0526b337c9f23c7c66278d892bd06764b3fe2-ipad_resized.jpg\",\"articleSection\":[\"Editor's Choice Slider FR\",\"Fact-Check\",\"Politique\",\"Societe\",\"Technologie\"],\"inLanguage\":\"fr-FR\"},{\"@type\":\"WebPage\",\"@id\":\"https:\/\/belux.edmo.eu\/fr\/peter-magyar-nouveau-premier-ministre-hongrois-et-cible-de-la-dsinformation-prorusse\/\",\"url\":\"https:\/\/belux.edmo.eu\/fr\/peter-magyar-nouveau-premier-ministre-hongrois-et-cible-de-la-dsinformation-prorusse\/\",\"name\":\"Peter Magyar, nouveau Premier ministre hongrois et cible de la d\u00e9sinformation prorusse - EDMO Belux\",\"isPartOf\":{\"@id\":\"https:\/\/belux.edmo.eu\/#website\"},\"primaryImageOfPage\":{\"@id\":\"https:\/\/belux.edmo.eu\/fr\/peter-magyar-nouveau-premier-ministre-hongrois-et-cible-de-la-dsinformation-prorusse\/#primaryimage\"},\"image\":{\"@id\":\"https:\/\/belux.edmo.eu\/fr\/peter-magyar-nouveau-premier-ministre-hongrois-et-cible-de-la-dsinformation-prorusse\/#primaryimage\"},\"thumbnailUrl\":\"https:\/\/belux-edmo.s3-accelerate.amazonaws.com\/wp-content\/uploads\/2026\/04\/13e0526b337c9f23c7c66278d892bd06764b3fe2-ipad_resized.jpg\",\"datePublished\":\"2026-04-29T11:09:57+00:00\",\"dateModified\":\"2026-04-29T12:52:38+00:00\",\"breadcrumb\":{\"@id\":\"https:\/\/belux.edmo.eu\/fr\/peter-magyar-nouveau-premier-ministre-hongrois-et-cible-de-la-dsinformation-prorusse\/#breadcrumb\"},\"inLanguage\":\"fr-FR\",\"potentialAction\":[{\"@type\":\"ReadAction\",\"target\":[\"https:\/\/belux.edmo.eu\/fr\/peter-magyar-nouveau-premier-ministre-hongrois-et-cible-de-la-dsinformation-prorusse\/\"]}]},{\"@type\":\"ImageObject\",\"inLanguage\":\"fr-FR\",\"@id\":\"https:\/\/belux.edmo.eu\/fr\/peter-magyar-nouveau-premier-ministre-hongrois-et-cible-de-la-dsinformation-prorusse\/#primaryimage\",\"url\":\"https:\/\/belux-edmo.s3-accelerate.amazonaws.com\/wp-content\/uploads\/2026\/04\/13e0526b337c9f23c7c66278d892bd06764b3fe2-ipad_resized.jpg\",\"contentUrl\":\"https:\/\/belux-edmo.s3-accelerate.amazonaws.com\/wp-content\/uploads\/2026\/04\/13e0526b337c9f23c7c66278d892bd06764b3fe2-ipad_resized.jpg\",\"width\":1080,\"height\":540,\"caption\":\"Peter Magyar, nouveau Premier ministre hongrois et cible de la d\u00e9sinformation prorusse - Featured image\"},{\"@type\":\"BreadcrumbList\",\"@id\":\"https:\/\/belux.edmo.eu\/fr\/peter-magyar-nouveau-premier-ministre-hongrois-et-cible-de-la-dsinformation-prorusse\/#breadcrumb\",\"itemListElement\":[{\"@type\":\"ListItem\",\"position\":1,\"name\":\"Home\",\"item\":\"https:\/\/belux.edmo.eu\/fr\/\"},{\"@type\":\"ListItem\",\"position\":2,\"name\":\"Peter Magyar, nouveau Premier ministre hongrois et cible de la d\u00e9sinformation prorusse\"}]},{\"@type\":\"WebSite\",\"@id\":\"https:\/\/belux.edmo.eu\/#website\",\"url\":\"https:\/\/belux.edmo.eu\/\",\"name\":\"EDMO Belux\",\"description\":\"Monitoring Disinformation in Belgium and Luxembourg\",\"publisher\":{\"@id\":\"https:\/\/belux.edmo.eu\/#organization\"},\"potentialAction\":[{\"@type\":\"SearchAction\",\"target\":{\"@type\":\"EntryPoint\",\"urlTemplate\":\"https:\/\/belux.edmo.eu\/?s={search_term_string}\"},\"query-input\":{\"@type\":\"PropertyValueSpecification\",\"valueRequired\":true,\"valueName\":\"search_term_string\"}}],\"inLanguage\":\"fr-FR\"},{\"@type\":\"Organization\",\"@id\":\"https:\/\/belux.edmo.eu\/#organization\",\"name\":\"EDMO Belux\",\"url\":\"https:\/\/belux.edmo.eu\/\",\"logo\":{\"@type\":\"ImageObject\",\"inLanguage\":\"fr-FR\",\"@id\":\"https:\/\/belux.edmo.eu\/#\/schema\/logo\/image\/\",\"url\":\"https:\/\/belux.edmo.eu\/wp-content\/uploads\/2021\/12\/belux-logo-full-color-rgb.svg\",\"contentUrl\":\"https:\/\/belux.edmo.eu\/wp-content\/uploads\/2021\/12\/belux-logo-full-color-rgb.svg\",\"width\":1,\"height\":1,\"caption\":\"EDMO Belux\"},\"image\":{\"@id\":\"https:\/\/belux.edmo.eu\/#\/schema\/logo\/image\/\"},\"sameAs\":[\"https:\/\/x.com\/Edmo_Belux\"]},{\"@type\":\"Person\",\"@id\":\"https:\/\/belux.edmo.eu\/#\/schema\/person\/dbe3b252258537fd318f9b5645a30342\",\"name\":\"master\",\"sameAs\":[\"https:\/\/belux.wpengine.com\"],\"url\":\"https:\/\/belux.edmo.eu\/fr\/author\/master\/\"}]}<\/script>\n<!-- \/ Yoast SEO plugin. -->","yoast_head_json":{"title":"Peter Magyar, nouveau Premier ministre hongrois et cible de la d\u00e9sinformation prorusse - EDMO Belux","robots":{"index":"index","follow":"follow","max-snippet":"max-snippet:-1","max-image-preview":"max-image-preview:large","max-video-preview":"max-video-preview:-1"},"canonical":"https:\/\/belux.edmo.eu\/fr\/peter-magyar-nouveau-premier-ministre-hongrois-et-cible-de-la-dsinformation-prorusse\/","og_locale":"fr_FR","og_type":"article","og_title":"Peter Magyar, nouveau Premier ministre hongrois et cible de la d\u00e9sinformation prorusse - EDMO Belux","og_description":"Principal adversaire du Premier ministre hongrois Viktor Orban et vainqueur des \u00e9lections l\u00e9gislatives de 2026, le conservateur Peter Magyar a \u00e9t\u00e9 la cible de plusieurs campagnes de d\u00e9sinformation pendant et apr\u00e8s le scrutin. Des internautes ont notamment diffus\u00e9 une vid\u00e9o contenant de graves accusations contre le candidat, \u00e9manant pr\u00e9tendument d'une autobiographie de l'ancienne ministre de la Justice et ex-femme de Peter Magyar, Judit Varga. Mais il s'agissait d'une supercherie : l'ancienne ministre n'a jamais publi\u00e9 ce livre, et le site web \u00e0 l'origine de l'infox a \u00e9t\u00e9 cr\u00e9\u00e9 pour l'occasion, suivant une m\u00e9thode bien identifi\u00e9e associ\u00e9e \u00e0 des acteurs prorusses.","og_url":"https:\/\/belux.edmo.eu\/fr\/peter-magyar-nouveau-premier-ministre-hongrois-et-cible-de-la-dsinformation-prorusse\/","og_site_name":"EDMO Belux","article_published_time":"2026-04-29T11:09:57+00:00","article_modified_time":"2026-04-29T12:52:38+00:00","og_image":[{"width":1080,"height":540,"url":"https:\/\/belux-edmo.s3-accelerate.amazonaws.com\/wp-content\/uploads\/2026\/04\/13e0526b337c9f23c7c66278d892bd06764b3fe2-ipad_resized.jpg","type":"image\/jpeg"}],"author":"master","twitter_card":"summary_large_image","twitter_creator":"@Edmo_Belux","twitter_site":"@Edmo_Belux","twitter_misc":{"\u00c9crit par":"master","Dur\u00e9e de lecture estim\u00e9e":"11 minutes"},"schema":{"@context":"https:\/\/schema.org","@graph":[{"@type":"Article","@id":"https:\/\/belux.edmo.eu\/fr\/peter-magyar-nouveau-premier-ministre-hongrois-et-cible-de-la-dsinformation-prorusse\/#article","isPartOf":{"@id":"https:\/\/belux.edmo.eu\/fr\/peter-magyar-nouveau-premier-ministre-hongrois-et-cible-de-la-dsinformation-prorusse\/"},"author":{"name":"master","@id":"https:\/\/belux.edmo.eu\/#\/schema\/person\/dbe3b252258537fd318f9b5645a30342"},"headline":"Peter Magyar, nouveau Premier ministre hongrois et cible de la d\u00e9sinformation prorusse","datePublished":"2026-04-29T11:09:57+00:00","dateModified":"2026-04-29T12:52:38+00:00","mainEntityOfPage":{"@id":"https:\/\/belux.edmo.eu\/fr\/peter-magyar-nouveau-premier-ministre-hongrois-et-cible-de-la-dsinformation-prorusse\/"},"wordCount":1997,"publisher":{"@id":"https:\/\/belux.edmo.eu\/#organization"},"image":{"@id":"https:\/\/belux.edmo.eu\/fr\/peter-magyar-nouveau-premier-ministre-hongrois-et-cible-de-la-dsinformation-prorusse\/#primaryimage"},"thumbnailUrl":"https:\/\/belux-edmo.s3-accelerate.amazonaws.com\/wp-content\/uploads\/2026\/04\/13e0526b337c9f23c7c66278d892bd06764b3fe2-ipad_resized.jpg","articleSection":["Editor's Choice Slider FR","Fact-Check","Politique","Societe","Technologie"],"inLanguage":"fr-FR"},{"@type":"WebPage","@id":"https:\/\/belux.edmo.eu\/fr\/peter-magyar-nouveau-premier-ministre-hongrois-et-cible-de-la-dsinformation-prorusse\/","url":"https:\/\/belux.edmo.eu\/fr\/peter-magyar-nouveau-premier-ministre-hongrois-et-cible-de-la-dsinformation-prorusse\/","name":"Peter Magyar, nouveau Premier ministre hongrois et cible de la d\u00e9sinformation prorusse - EDMO Belux","isPartOf":{"@id":"https:\/\/belux.edmo.eu\/#website"},"primaryImageOfPage":{"@id":"https:\/\/belux.edmo.eu\/fr\/peter-magyar-nouveau-premier-ministre-hongrois-et-cible-de-la-dsinformation-prorusse\/#primaryimage"},"image":{"@id":"https:\/\/belux.edmo.eu\/fr\/peter-magyar-nouveau-premier-ministre-hongrois-et-cible-de-la-dsinformation-prorusse\/#primaryimage"},"thumbnailUrl":"https:\/\/belux-edmo.s3-accelerate.amazonaws.com\/wp-content\/uploads\/2026\/04\/13e0526b337c9f23c7c66278d892bd06764b3fe2-ipad_resized.jpg","datePublished":"2026-04-29T11:09:57+00:00","dateModified":"2026-04-29T12:52:38+00:00","breadcrumb":{"@id":"https:\/\/belux.edmo.eu\/fr\/peter-magyar-nouveau-premier-ministre-hongrois-et-cible-de-la-dsinformation-prorusse\/#breadcrumb"},"inLanguage":"fr-FR","potentialAction":[{"@type":"ReadAction","target":["https:\/\/belux.edmo.eu\/fr\/peter-magyar-nouveau-premier-ministre-hongrois-et-cible-de-la-dsinformation-prorusse\/"]}]},{"@type":"ImageObject","inLanguage":"fr-FR","@id":"https:\/\/belux.edmo.eu\/fr\/peter-magyar-nouveau-premier-ministre-hongrois-et-cible-de-la-dsinformation-prorusse\/#primaryimage","url":"https:\/\/belux-edmo.s3-accelerate.amazonaws.com\/wp-content\/uploads\/2026\/04\/13e0526b337c9f23c7c66278d892bd06764b3fe2-ipad_resized.jpg","contentUrl":"https:\/\/belux-edmo.s3-accelerate.amazonaws.com\/wp-content\/uploads\/2026\/04\/13e0526b337c9f23c7c66278d892bd06764b3fe2-ipad_resized.jpg","width":1080,"height":540,"caption":"Peter Magyar, nouveau Premier ministre hongrois et cible de la d\u00e9sinformation prorusse - Featured image"},{"@type":"BreadcrumbList","@id":"https:\/\/belux.edmo.eu\/fr\/peter-magyar-nouveau-premier-ministre-hongrois-et-cible-de-la-dsinformation-prorusse\/#breadcrumb","itemListElement":[{"@type":"ListItem","position":1,"name":"Home","item":"https:\/\/belux.edmo.eu\/fr\/"},{"@type":"ListItem","position":2,"name":"Peter Magyar, nouveau Premier ministre hongrois et cible de la d\u00e9sinformation prorusse"}]},{"@type":"WebSite","@id":"https:\/\/belux.edmo.eu\/#website","url":"https:\/\/belux.edmo.eu\/","name":"EDMO Belux","description":"Monitoring Disinformation in Belgium and Luxembourg","publisher":{"@id":"https:\/\/belux.edmo.eu\/#organization"},"potentialAction":[{"@type":"SearchAction","target":{"@type":"EntryPoint","urlTemplate":"https:\/\/belux.edmo.eu\/?s={search_term_string}"},"query-input":{"@type":"PropertyValueSpecification","valueRequired":true,"valueName":"search_term_string"}}],"inLanguage":"fr-FR"},{"@type":"Organization","@id":"https:\/\/belux.edmo.eu\/#organization","name":"EDMO Belux","url":"https:\/\/belux.edmo.eu\/","logo":{"@type":"ImageObject","inLanguage":"fr-FR","@id":"https:\/\/belux.edmo.eu\/#\/schema\/logo\/image\/","url":"https:\/\/belux.edmo.eu\/wp-content\/uploads\/2021\/12\/belux-logo-full-color-rgb.svg","contentUrl":"https:\/\/belux.edmo.eu\/wp-content\/uploads\/2021\/12\/belux-logo-full-color-rgb.svg","width":1,"height":1,"caption":"EDMO Belux"},"image":{"@id":"https:\/\/belux.edmo.eu\/#\/schema\/logo\/image\/"},"sameAs":["https:\/\/x.com\/Edmo_Belux"]},{"@type":"Person","@id":"https:\/\/belux.edmo.eu\/#\/schema\/person\/dbe3b252258537fd318f9b5645a30342","name":"master","sameAs":["https:\/\/belux.wpengine.com"],"url":"https:\/\/belux.edmo.eu\/fr\/author\/master\/"}]}},"menu_order":0,"_links":{"self":[{"href":"https:\/\/belux.edmo.eu\/fr\/wp-json\/wp\/v2\/posts\/513572","targetHints":{"allow":["GET"]}}],"collection":[{"href":"https:\/\/belux.edmo.eu\/fr\/wp-json\/wp\/v2\/posts"}],"about":[{"href":"https:\/\/belux.edmo.eu\/fr\/wp-json\/wp\/v2\/types\/post"}],"author":[{"embeddable":true,"href":"https:\/\/belux.edmo.eu\/fr\/wp-json\/wp\/v2\/users\/1"}],"replies":[{"embeddable":true,"href":"https:\/\/belux.edmo.eu\/fr\/wp-json\/wp\/v2\/comments?post=513572"}],"version-history":[{"count":0,"href":"https:\/\/belux.edmo.eu\/fr\/wp-json\/wp\/v2\/posts\/513572\/revisions"}],"wp:featuredmedia":[{"embeddable":true,"href":"https:\/\/belux.edmo.eu\/fr\/wp-json\/wp\/v2\/media\/513507"}],"wp:attachment":[{"href":"https:\/\/belux.edmo.eu\/fr\/wp-json\/wp\/v2\/media?parent=513572"}],"wp:term":[{"taxonomy":"category","embeddable":true,"href":"https:\/\/belux.edmo.eu\/fr\/wp-json\/wp\/v2\/categories?post=513572"},{"taxonomy":"post_tag","embeddable":true,"href":"https:\/\/belux.edmo.eu\/fr\/wp-json\/wp\/v2\/tags?post=513572"}],"curies":[{"name":"wp","href":"https:\/\/api.w.org\/{rel}","templated":true}]}}