{"id":58507,"date":"2022-07-05T12:50:28","date_gmt":"2022-07-05T12:50:28","guid":{"rendered":"https:\/\/belux.edmo.eu\/?p=58507"},"modified":"2022-07-05T17:06:13","modified_gmt":"2022-07-05T17:06:13","slug":"non-le-sol-ntait-pas-jonch-de-dchets-au-festival-de-glastonbury-aprs-le-discours-de-greta-thunberg","status":"publish","type":"post","link":"https:\/\/belux.edmo.eu\/fr\/non-le-sol-ntait-pas-jonch-de-dchets-au-festival-de-glastonbury-aprs-le-discours-de-greta-thunberg\/","title":{"rendered":"Non, le sol n&rsquo;\u00e9tait pas jonch\u00e9 de d\u00e9chets au festival de Glastonbury apr\u00e8s le discours de Greta Thunberg"},"content":{"rendered":"<p><b>Une photo de la pelouse devant la sc\u00e8ne du festival de musique de Glastonbury couvert d&rsquo;ordures a \u00e9t\u00e9 partag\u00e9e plusieurs milliers de fois sur Facebook, Twitter et Telegram dans des publications assurant qu&rsquo;il s&rsquo;agit de d\u00e9tritus abandonn\u00e9s apr\u00e8s le discours de la militante \u00e9cologiste Greta Thunberg, le 25 juin 2022. C&rsquo;est faux. Le clich\u00e9 a \u00e9t\u00e9 pris en 2015 et t\u00e9moigne de l&rsquo;\u00e9tat des lieux avant le nettoyage.<\/b><\/p>\n<p>Des milliers de sacs et de bouteilles en plastique devant la sc\u00e8ne du festival de musique Glastonbury, au sud de l&rsquo;Angleterre. <em>\u00ab\u00a0Ils ont applaudi Greta Thunberg puis sont partis<\/em>\u00ab\u00a0, affirment plusieurs publications partag\u00e9es des milliers de fois sur Facebook, Twitter et Telegram (<a href=\"https:\/\/web.archive.org\/web\/20220705091216\/https:\/\/m.facebook.com\/LesNeocolonialistes\/photos\/a.214057163955671\/423118283049557\" target=\"_blank\" rel=\"noopener\" shape=\"rect\">ici<\/a>, <a href=\"https:\/\/web.archive.org\/web\/20220705093229\/https:\/\/twitter.com\/AnneIbiza13\/status\/1541356365599461376\" target=\"_blank\" rel=\"noopener\" shape=\"rect\">ici<\/a> ou <a href=\"https:\/\/perma.cc\/MGX3-Q2TN\" target=\"_blank\" rel=\"noopener\" shape=\"rect\">ici<\/a>), accusant les spectateurs et sympathisants de la militante \u00e9cologiste d&rsquo;\u00eatre \u00e0 l&rsquo;origine de cette d\u00e9gradation.<\/p>\n<div class=\"grid-with-margin\">\n<div class=\"e-afp-col-layout\">\n<div id=\"wysiwyg\" class=\"www-item image\"><img class=\"lazyload blur-up\" src=\"https:\/\/belux.edmo.eu\/wp-content\/uploads\/2022\/07\/dffc630df40ee6d4fe8a3a3aef70c5c0867f3535-ipad.jpg\" data-original=\"\" \/><span class=\"legend\">Capture d&rsquo;\u00e9cran d&rsquo;une publication Telegram prise le 5 juillet 2022<\/span><\/div>\n<\/div>\n<div class=\"e-afp-col-layout\">\n<div id=\"wysiwyg\" class=\"www-item image\"><img class=\"lazyload blur-up\" src=\"https:\/\/belux.edmo.eu\/wp-content\/uploads\/2022\/07\/664f6ad951c51d1631a1923cbe6c21462cc05a0f-ipad.jpg\" data-original=\"\" \/><span class=\"legend\">Capture d&rsquo;\u00e9cran de Facebook le 5 juillet 2022<\/span><\/div>\n<\/div>\n<\/div>\n<p>Dans les commentaires, de nombreux internautes s&rsquo;insurgent contre son \u00ab\u00a0<em>fan club de wokistes-\u00e9colos-bobos<\/em>\u00a0\u00bb qui ne respecteraient pas la plan\u00e8te, appelant la conf\u00e9rence de Greta Thunberg, \u00ab\u00a0<em>le plus grand rassemblement d&rsquo;hypocrites<\/em>\u00ab\u00a0.<\/p>\n<p>Des affirmations similaires ont \u00e9t\u00e9 diffus\u00e9es en <a href=\"https:\/\/perma.cc\/45Z2-UT5D?view-mode=server-side&amp;type=image\" target=\"_blank\" rel=\"noopener\" shape=\"rect\">anglais<\/a>, <a href=\"https:\/\/perma.cc\/TTC8-VQ7D?view-mode=server-side&amp;type=image\" target=\"_blank\" rel=\"noopener\" shape=\"rect\">espagnol<\/a>, <a href=\"https:\/\/perma.cc\/4WS2-3FNT?view-mode=server-side&amp;type=image\" target=\"_blank\" rel=\"noopener\" shape=\"rect\">allemand<\/a>, <a href=\"https:\/\/perma.cc\/U3ZQ-C7PX\" target=\"_blank\" rel=\"noopener\" shape=\"rect\">portugais<\/a> et <a href=\"https:\/\/perma.cc\/RT2B-P9V5?view-mode=server-side&amp;type=image\" target=\"_blank\" rel=\"noopener\" shape=\"rect\">bulgare<\/a>.<\/p>\n<p>Le 25 juin dernier, Greta Thunberg a bien prononc\u00e9 un discours depuis la Pyramid Stage de Glastonbury, dans lequel elle a \u00e9voqu\u00e9 la responsabilit\u00e9 des hommes politiques dans la lutte contre le r\u00e9chauffement climatique. Dans sa d\u00e9claration, elle a appel\u00e9 \u00e0 ne pas abandonner les efforts et a mis en garde contre le \u00ab\u00a0<em>gouffre<\/em>\u00a0\u00bb dont \u00ab\u00a0<em>nous<\/em>\u00a0\u00bb nous rapprochons.<\/p>\n<div id=\"wysiwyg\" class=\"www-item image\"><img class=\"lazyload blur-up\" src=\"https:\/\/belux.edmo.eu\/wp-content\/uploads\/2022\/07\/1c3c085316348afcfe049ed9c19a34019f6ea023-ipad.jpg\" data-original=\"\" \/><span class=\"legend\">La militante su\u00e9doise pour le climat Greta Thunberg tient un discours depuis la Pyramid Stage, au festival de Glastonbury en Angleterre.<\/span><\/div>\n<p>Cependant, la photographie accusant les spectateurs d&rsquo;incivilit\u00e9 date en r\u00e9alit\u00e9 du 29 juin 2015 et a notamment \u00e9t\u00e9 publi\u00e9e dans un <a href=\"https:\/\/web.archive.org\/web\/20220705084831\/https:\/\/www.dailymail.co.uk\/news\/article-3142856\/As-year-s-Glastonbury-closes-big-clean-begins.html\" target=\"_blank\" rel=\"noopener\" shape=\"rect\">article du Daily Mail,<\/a> qui relate l&rsquo;op\u00e9ration de nettoyage ayant eu lieu \u00e0 la fin du festival de Glastonbury cette ann\u00e9e-l\u00e0. Il est \u00e9galement pr\u00e9cis\u00e9 que le clich\u00e9 a \u00e9t\u00e9 pris par David Hedges de l&rsquo;agence SWNS.<\/p>\n<p>Contact\u00e9 par l&rsquo;AFP via son compte Instagram, David Hedges a affirm\u00e9 : \u00ab\u00a0<em>La photo en question a \u00e9t\u00e9 prise par moi en 2015. Je n&rsquo;\u00e9tais pas \u00e0 Glastonbury cette ann\u00e9e et je ne travaille plus pour SWNS<\/em>\u00ab\u00a0.<\/p>\n<p>L&rsquo;AFP \u00e9tait \u00e9galement sur place et le photographe Oli Scarff a pris des images similaires le m\u00eame jour.<\/p>\n<div class=\"grid-with-margin\">\n<div class=\"e-afp-col-layout\">\n<div id=\"wysiwyg\" class=\"www-item image\"><img class=\"lazyload blur-up\" src=\"https:\/\/belux.edmo.eu\/wp-content\/uploads\/2022\/07\/51a43fe39131f80dbed6a44cca82144b805abe64-ipad.jpg\" data-original=\"\" \/><span class=\"legend\">Des personnes photographi\u00e9es devant la Pyramid Stage entour\u00e9es de d\u00e9tritus lors du festival de musique de Glastonbury, en Angleterre, le 29 juin 2015.<\/span><\/div>\n<\/div>\n<div class=\"e-afp-col-layout\">\n<div id=\"wysiwyg\" class=\"www-item image\"><img class=\"lazyload blur-up\" src=\"https:\/\/belux.edmo.eu\/wp-content\/uploads\/2022\/07\/ceb3b40d22597b185c84c66a238d0bed0c085fd7-ipad.jpg\" data-original=\"\" \/><span class=\"legend\">Des f\u00eatards partent \u00e0 la fin du festival de musique de Glastonbury, en Angleterre, le 29 juin 2015.<\/span><\/div>\n<\/div>\n<\/div>\n<p>Selon le journal britannique <a href=\"http:\/\/web.archive.org\/web\/20150701173023\/https:\/\/www.independent.co.uk\/arts-entertainment\/music\/festivals\/glastonbury-2015-shocking-scenes-of-rubbish-left-strewn-across-campsite-as-cleanup-begins-10352165.html\" target=\"_blank\" rel=\"noopener\" shape=\"rect\">The Independant<\/a>, le 29 juin 2015, \u00ab\u00a0<em>une \u00e9quipe de recyclage d\u00e9di\u00e9e de 800 personnes a commenc\u00e9 \u00e0 ramasser les d\u00e9chets \u00e0 6 heures du matin alors que plus de 150 000 festivaliers rejoignaient leur domicile<\/em>\u00ab\u00a0. \u00ab\u00a0<em>Glastonbury offre des billets gratuits aux volontaires qui ramassent les d\u00e9chets sur le site apr\u00e8s le d\u00e9part des festivaliers.<\/em>\u00a0\u00bb<\/p>\n<p>Ces derni\u00e8res ann\u00e9es, les organisateurs du festival ont d&rsquo;ailleurs pris des mesures pour r\u00e9duire l&rsquo;impact environnemental de l&rsquo;\u00e9v\u00e8nement. En 2019, la<a href=\"https:\/\/www.lefigaro.fr\/musique\/2019\/03\/01\/03006-20190301ARTFIG00177-glastonbury-se-met-au-vert-le-festival-ne-vendra-plus-de-bouteilles-en-plastique.php#:~:text=Afin%20de%20r%C3%A9duire%20le%20gaspillage,plus%20le%20bienvenu%20%C3%A0%20Glastonbury.\" target=\"_blank\" rel=\"noopener\" shape=\"rect\"> vente de bouteilles en plastique<\/a> a par exemple \u00e9t\u00e9 interdite. Des bouteilles r\u00e9utilisables ont \u00e9t\u00e9 propos\u00e9es \u00e0 la place.<\/p>\n<p>Le 27 juin 2022, \u00e0 la fin du festival de cette ann\u00e9e, de nombreux d\u00e9tritus ont \u00e9t\u00e9 signal\u00e9s devant la sc\u00e8ne principale. Le <a href=\"https:\/\/web.archive.org\/web\/20220705092743\/https:\/\/twitter.com\/GlastoLive\" target=\"_blank\" rel=\"noopener\" shape=\"rect\">compte twitter officiel du festival<\/a> a post\u00e9 une photo de la Pyramid Stage, montrant un terrain sans d\u00e9chets, notant : \u00ab\u00a0<em>Les ramasseurs de d\u00e9chets ont d\u00e9j\u00e0 fait un travail incroyable.\u00a0\u00bb<\/em><\/p>\n<div class=\"g2web\" style=\"text-align: center;\">\n<p>&nbsp;<\/p>\n<blockquote class=\"twitter-tweet\">\n<p dir=\"ltr\" lang=\"en\">The litter pickers have already been doing an amazing job. <a href=\"https:\/\/t.co\/wbrejrqnPq\" shape=\"rect\">pic.twitter.com\/wbrejrqnPq<\/a><\/p>\n<p>\u2014 Glastonbury Live (@GlastoLive)<br \/>\n<a href=\"https:\/\/twitter.com\/GlastoLive\/status\/1541351383835746304?ref_src=twsrc%5Etfw\" shape=\"rect\">June 27, 2022<\/a><\/p><\/blockquote>\n<p><script async=\"\" charset=\"utf-8\" src=\"https:\/\/platform.twitter.com\/widgets.js\" xml:space=\"preserve\"><\/script><\/p>\n<\/div>\n<p>Les spectateurs et sympathisants de Greta Thunberg ne sont donc pas \u00e0 l&rsquo;origine de l&rsquo;\u00e9tat d\u00e9plorable de la pelouse devant la sc\u00e8ne sur la photographie. Figure de la lutte contre le r\u00e9chauffement climatique, la Su\u00e9doise est r\u00e9guli\u00e8rement la cible de<a href=\"https:\/\/factuel.afp.com\/autour-du-monde-greta-thunberg-inspire-aussi-les-fausses-informations\" target=\"_blank\" rel=\"noopener\" shape=\"rect\"> nombreuses fausses informations dans le monde<\/a>.<\/p>\n<p>D\u00e9j\u00e0, en septembre 2019, <a href=\"https:\/\/factuel.afp.com\/non-des-ecolos-nont-pas-degrade-ce-terrain-lors-dune-manifestation\" target=\"_blank\" rel=\"noopener\" shape=\"rect\">une photo d&rsquo;un parc couvert d&rsquo;ordures<\/a> avait \u00e9t\u00e9 partag\u00e9e plusieurs milliers de fois sur Facebook, dans des publications assurant qu&rsquo;il s&rsquo;agissait de d\u00e9tritus abandonn\u00e9s apr\u00e8s une manifestation de Greta Thunberg, \u00e0 New-York. En r\u00e9alit\u00e9, la photo avait \u00e9t\u00e9 prise \u00e0 Londres, en avril 2019.<\/p>\n","protected":false},"excerpt":{"rendered":"<p>Des milliers de sacs et de bouteilles en plastique devant la sc\u00e8ne du festival de musique Glastonbury, au sud de l&rsquo;Angleterre. \u00ab\u00a0Ils ont applaudi Greta Thunberg puis sont partis\u00a0\u00bb, affirment plusieurs publications partag\u00e9es des milliers de fois sur Facebook, Twitter et Telegram (ici, ici ou ici), accusant les spectateurs et sympathisants de la militante \u00e9cologiste d&rsquo;\u00eatre \u00e0 l&rsquo;origine de cette d\u00e9gradation.<\/p>\n","protected":false},"author":1,"featured_media":58502,"comment_status":"closed","ping_status":"open","sticky":false,"template":"","format":"standard","meta":{"_acf_changed":false,"footnotes":""},"categories":[171,126,125,138],"tags":[],"class_list":{"0":"post-58507","1":"post","2":"type-post","3":"status-publish","4":"format-standard","5":"has-post-thumbnail","7":"category-economie","8":"category-environnement","9":"category-fact-check-fr","10":"category-societe"},"acf":{"show_metatags":true,"id":"doc-32du2hq-2","authors":"Chlo\u00e9 RABS, Rossen BOSSEV, AFP Mexique","organization":"AFP","featured_image_copyright":"AFP","text_copyright":"\u00a9 AGENCE FRANCE-PRESSE | 2022 | Tous droits r\u00e9serv\u00e9s. L\u2019acc\u00e8s aux contenus de l'AFP publi\u00e9s sur ce site et, le cas \u00e9ch\u00e9ant, leur utilisation sont soumis aux conditions g\u00e9n\u00e9rales d'utilisation disponibles sur <a href='https:\/\/www.afp.com\/fr\/cgu' target='_blank'>CGU<\/a>. Par cons\u00e9quent, en acc\u00e9dant aux contenus de l\u2019AFP publi\u00e9s sur ce site, et en les utilisant, le cas \u00e9ch\u00e9ant, vous acceptez d'\u00eatre li\u00e9 par les conditions g\u00e9n\u00e9rales d'utilisation susmentionn\u00e9es. L\u2019utilisation de contenus de l'AFP se fait sous votre seule et enti\u00e8re responsabilit\u00e9.","source":"https:\/\/factuel.afp.com\/doc.afp.com.32DU2HQ","fact_checker":"https:\/\/belux.wpengine.com\/wp-content\/uploads\/2021\/12\/afp_logo.png","type":"\u00c9v\u00e9nement ferm\u00e9","location":"","start_date":"","start_date_event_begins_at":"","start_date_event_ends_at":"","end_date":"","end_date_event_begins_at":"","end_date_event_ends_at":"","organizer":"","fact_checker_logo_image":false},"yoast_head":"<!-- This site is optimized with the Yoast SEO plugin v27.0 - https:\/\/yoast.com\/product\/yoast-seo-wordpress\/ -->\n<title>Non, le sol n&#039;\u00e9tait pas jonch\u00e9 de d\u00e9chets au festival de Glastonbury apr\u00e8s le discours de Greta Thunberg - EDMO Belux<\/title>\n<meta name=\"robots\" content=\"index, follow, max-snippet:-1, max-image-preview:large, max-video-preview:-1\" \/>\n<link rel=\"canonical\" href=\"https:\/\/belux.edmo.eu\/fr\/non-le-sol-ntait-pas-jonch-de-dchets-au-festival-de-glastonbury-aprs-le-discours-de-greta-thunberg\/\" \/>\n<meta property=\"og:locale\" content=\"fr_FR\" \/>\n<meta property=\"og:type\" content=\"article\" \/>\n<meta property=\"og:title\" content=\"Non, le sol n&#039;\u00e9tait pas jonch\u00e9 de d\u00e9chets au festival de Glastonbury apr\u00e8s le discours de Greta Thunberg - EDMO Belux\" \/>\n<meta property=\"og:description\" content=\"Des milliers de sacs et de bouteilles en plastique devant la sc\u00e8ne du festival de musique Glastonbury, au sud de l&#039;Angleterre. &quot;Ils ont applaudi Greta Thunberg puis sont partis&quot;, affirment plusieurs publications partag\u00e9es des milliers de fois sur Facebook, Twitter et Telegram (ici, ici ou ici), accusant les spectateurs et sympathisants de la militante \u00e9cologiste d&#039;\u00eatre \u00e0 l&#039;origine de cette d\u00e9gradation.\" \/>\n<meta property=\"og:url\" content=\"https:\/\/belux.edmo.eu\/fr\/non-le-sol-ntait-pas-jonch-de-dchets-au-festival-de-glastonbury-aprs-le-discours-de-greta-thunberg\/\" \/>\n<meta property=\"og:site_name\" content=\"EDMO Belux\" \/>\n<meta property=\"article:published_time\" content=\"2022-07-05T12:50:28+00:00\" \/>\n<meta property=\"article:modified_time\" content=\"2022-07-05T17:06:13+00:00\" \/>\n<meta property=\"og:image\" content=\"https:\/\/belux.edmo.eu\/wp-content\/uploads\/2022\/07\/44774525bef4800d6c6750b4849d826d121682dd-ipad.jpg\" \/>\n\t<meta property=\"og:image:width\" content=\"1080\" \/>\n\t<meta property=\"og:image:height\" content=\"540\" \/>\n\t<meta property=\"og:image:type\" content=\"image\/jpeg\" \/>\n<meta name=\"author\" content=\"master\" \/>\n<meta name=\"twitter:card\" content=\"summary_large_image\" \/>\n<meta name=\"twitter:creator\" content=\"@Edmo_Belux\" \/>\n<meta name=\"twitter:site\" content=\"@Edmo_Belux\" \/>\n<meta name=\"twitter:label1\" content=\"\u00c9crit par\" \/>\n\t<meta name=\"twitter:data1\" content=\"master\" \/>\n\t<meta name=\"twitter:label2\" content=\"Dur\u00e9e de lecture estim\u00e9e\" \/>\n\t<meta name=\"twitter:data2\" content=\"4 minutes\" \/>\n<script type=\"application\/ld+json\" class=\"yoast-schema-graph\">{\"@context\":\"https:\/\/schema.org\",\"@graph\":[{\"@type\":\"Article\",\"@id\":\"https:\/\/belux.edmo.eu\/fr\/non-le-sol-ntait-pas-jonch-de-dchets-au-festival-de-glastonbury-aprs-le-discours-de-greta-thunberg\/#article\",\"isPartOf\":{\"@id\":\"https:\/\/belux.edmo.eu\/fr\/non-le-sol-ntait-pas-jonch-de-dchets-au-festival-de-glastonbury-aprs-le-discours-de-greta-thunberg\/\"},\"author\":{\"name\":\"master\",\"@id\":\"https:\/\/belux.edmo.eu\/#\/schema\/person\/dbe3b252258537fd318f9b5645a30342\"},\"headline\":\"Non, le sol n&rsquo;\u00e9tait pas jonch\u00e9 de d\u00e9chets au festival de Glastonbury apr\u00e8s le discours de Greta Thunberg\",\"datePublished\":\"2022-07-05T12:50:28+00:00\",\"dateModified\":\"2022-07-05T17:06:13+00:00\",\"mainEntityOfPage\":{\"@id\":\"https:\/\/belux.edmo.eu\/fr\/non-le-sol-ntait-pas-jonch-de-dchets-au-festival-de-glastonbury-aprs-le-discours-de-greta-thunberg\/\"},\"wordCount\":754,\"publisher\":{\"@id\":\"https:\/\/belux.edmo.eu\/#organization\"},\"image\":{\"@id\":\"https:\/\/belux.edmo.eu\/fr\/non-le-sol-ntait-pas-jonch-de-dchets-au-festival-de-glastonbury-aprs-le-discours-de-greta-thunberg\/#primaryimage\"},\"thumbnailUrl\":\"https:\/\/belux.edmo.eu\/wp-content\/uploads\/2022\/07\/44774525bef4800d6c6750b4849d826d121682dd-ipad.jpg\",\"articleSection\":[\"Economie\",\"Environnement\",\"Fact-Check\",\"Societe\"],\"inLanguage\":\"fr-FR\"},{\"@type\":\"WebPage\",\"@id\":\"https:\/\/belux.edmo.eu\/fr\/non-le-sol-ntait-pas-jonch-de-dchets-au-festival-de-glastonbury-aprs-le-discours-de-greta-thunberg\/\",\"url\":\"https:\/\/belux.edmo.eu\/fr\/non-le-sol-ntait-pas-jonch-de-dchets-au-festival-de-glastonbury-aprs-le-discours-de-greta-thunberg\/\",\"name\":\"Non, le sol n'\u00e9tait pas jonch\u00e9 de d\u00e9chets au festival de Glastonbury apr\u00e8s le discours de Greta Thunberg - EDMO Belux\",\"isPartOf\":{\"@id\":\"https:\/\/belux.edmo.eu\/#website\"},\"primaryImageOfPage\":{\"@id\":\"https:\/\/belux.edmo.eu\/fr\/non-le-sol-ntait-pas-jonch-de-dchets-au-festival-de-glastonbury-aprs-le-discours-de-greta-thunberg\/#primaryimage\"},\"image\":{\"@id\":\"https:\/\/belux.edmo.eu\/fr\/non-le-sol-ntait-pas-jonch-de-dchets-au-festival-de-glastonbury-aprs-le-discours-de-greta-thunberg\/#primaryimage\"},\"thumbnailUrl\":\"https:\/\/belux.edmo.eu\/wp-content\/uploads\/2022\/07\/44774525bef4800d6c6750b4849d826d121682dd-ipad.jpg\",\"datePublished\":\"2022-07-05T12:50:28+00:00\",\"dateModified\":\"2022-07-05T17:06:13+00:00\",\"breadcrumb\":{\"@id\":\"https:\/\/belux.edmo.eu\/fr\/non-le-sol-ntait-pas-jonch-de-dchets-au-festival-de-glastonbury-aprs-le-discours-de-greta-thunberg\/#breadcrumb\"},\"inLanguage\":\"fr-FR\",\"potentialAction\":[{\"@type\":\"ReadAction\",\"target\":[\"https:\/\/belux.edmo.eu\/fr\/non-le-sol-ntait-pas-jonch-de-dchets-au-festival-de-glastonbury-aprs-le-discours-de-greta-thunberg\/\"]}]},{\"@type\":\"ImageObject\",\"inLanguage\":\"fr-FR\",\"@id\":\"https:\/\/belux.edmo.eu\/fr\/non-le-sol-ntait-pas-jonch-de-dchets-au-festival-de-glastonbury-aprs-le-discours-de-greta-thunberg\/#primaryimage\",\"url\":\"https:\/\/belux.edmo.eu\/wp-content\/uploads\/2022\/07\/44774525bef4800d6c6750b4849d826d121682dd-ipad.jpg\",\"contentUrl\":\"https:\/\/belux.edmo.eu\/wp-content\/uploads\/2022\/07\/44774525bef4800d6c6750b4849d826d121682dd-ipad.jpg\",\"width\":1080,\"height\":540,\"caption\":\"Non, le sol n'\u00e9tait pas jonch\u00e9 de d\u00e9chets au festival de Glastonbury apr\u00e8s le discours de Greta Thunberg - Featured image\"},{\"@type\":\"BreadcrumbList\",\"@id\":\"https:\/\/belux.edmo.eu\/fr\/non-le-sol-ntait-pas-jonch-de-dchets-au-festival-de-glastonbury-aprs-le-discours-de-greta-thunberg\/#breadcrumb\",\"itemListElement\":[{\"@type\":\"ListItem\",\"position\":1,\"name\":\"Home\",\"item\":\"https:\/\/belux.edmo.eu\/fr\/\"},{\"@type\":\"ListItem\",\"position\":2,\"name\":\"Non, le sol n&#8217;\u00e9tait pas jonch\u00e9 de d\u00e9chets au festival de Glastonbury apr\u00e8s le discours de Greta Thunberg\"}]},{\"@type\":\"WebSite\",\"@id\":\"https:\/\/belux.edmo.eu\/#website\",\"url\":\"https:\/\/belux.edmo.eu\/\",\"name\":\"EDMO Belux\",\"description\":\"Monitoring Disinformation in Belgium and Luxembourg\",\"publisher\":{\"@id\":\"https:\/\/belux.edmo.eu\/#organization\"},\"potentialAction\":[{\"@type\":\"SearchAction\",\"target\":{\"@type\":\"EntryPoint\",\"urlTemplate\":\"https:\/\/belux.edmo.eu\/?s={search_term_string}\"},\"query-input\":{\"@type\":\"PropertyValueSpecification\",\"valueRequired\":true,\"valueName\":\"search_term_string\"}}],\"inLanguage\":\"fr-FR\"},{\"@type\":\"Organization\",\"@id\":\"https:\/\/belux.edmo.eu\/#organization\",\"name\":\"EDMO Belux\",\"url\":\"https:\/\/belux.edmo.eu\/\",\"logo\":{\"@type\":\"ImageObject\",\"inLanguage\":\"fr-FR\",\"@id\":\"https:\/\/belux.edmo.eu\/#\/schema\/logo\/image\/\",\"url\":\"https:\/\/belux.edmo.eu\/wp-content\/uploads\/2021\/12\/belux-logo-full-color-rgb.svg\",\"contentUrl\":\"https:\/\/belux.edmo.eu\/wp-content\/uploads\/2021\/12\/belux-logo-full-color-rgb.svg\",\"width\":1,\"height\":1,\"caption\":\"EDMO Belux\"},\"image\":{\"@id\":\"https:\/\/belux.edmo.eu\/#\/schema\/logo\/image\/\"},\"sameAs\":[\"https:\/\/x.com\/Edmo_Belux\"]},{\"@type\":\"Person\",\"@id\":\"https:\/\/belux.edmo.eu\/#\/schema\/person\/dbe3b252258537fd318f9b5645a30342\",\"name\":\"master\",\"sameAs\":[\"https:\/\/belux.wpengine.com\"],\"url\":\"https:\/\/belux.edmo.eu\/fr\/author\/master\/\"}]}<\/script>\n<!-- \/ Yoast SEO plugin. -->","yoast_head_json":{"title":"Non, le sol n'\u00e9tait pas jonch\u00e9 de d\u00e9chets au festival de Glastonbury apr\u00e8s le discours de Greta Thunberg - EDMO Belux","robots":{"index":"index","follow":"follow","max-snippet":"max-snippet:-1","max-image-preview":"max-image-preview:large","max-video-preview":"max-video-preview:-1"},"canonical":"https:\/\/belux.edmo.eu\/fr\/non-le-sol-ntait-pas-jonch-de-dchets-au-festival-de-glastonbury-aprs-le-discours-de-greta-thunberg\/","og_locale":"fr_FR","og_type":"article","og_title":"Non, le sol n'\u00e9tait pas jonch\u00e9 de d\u00e9chets au festival de Glastonbury apr\u00e8s le discours de Greta Thunberg - EDMO Belux","og_description":"Des milliers de sacs et de bouteilles en plastique devant la sc\u00e8ne du festival de musique Glastonbury, au sud de l'Angleterre. \"Ils ont applaudi Greta Thunberg puis sont partis\", affirment plusieurs publications partag\u00e9es des milliers de fois sur Facebook, Twitter et Telegram (ici, ici ou ici), accusant les spectateurs et sympathisants de la militante \u00e9cologiste d'\u00eatre \u00e0 l'origine de cette d\u00e9gradation.","og_url":"https:\/\/belux.edmo.eu\/fr\/non-le-sol-ntait-pas-jonch-de-dchets-au-festival-de-glastonbury-aprs-le-discours-de-greta-thunberg\/","og_site_name":"EDMO Belux","article_published_time":"2022-07-05T12:50:28+00:00","article_modified_time":"2022-07-05T17:06:13+00:00","og_image":[{"width":1080,"height":540,"url":"https:\/\/belux.edmo.eu\/wp-content\/uploads\/2022\/07\/44774525bef4800d6c6750b4849d826d121682dd-ipad.jpg","type":"image\/jpeg"}],"author":"master","twitter_card":"summary_large_image","twitter_creator":"@Edmo_Belux","twitter_site":"@Edmo_Belux","twitter_misc":{"\u00c9crit par":"master","Dur\u00e9e de lecture estim\u00e9e":"4 minutes"},"schema":{"@context":"https:\/\/schema.org","@graph":[{"@type":"Article","@id":"https:\/\/belux.edmo.eu\/fr\/non-le-sol-ntait-pas-jonch-de-dchets-au-festival-de-glastonbury-aprs-le-discours-de-greta-thunberg\/#article","isPartOf":{"@id":"https:\/\/belux.edmo.eu\/fr\/non-le-sol-ntait-pas-jonch-de-dchets-au-festival-de-glastonbury-aprs-le-discours-de-greta-thunberg\/"},"author":{"name":"master","@id":"https:\/\/belux.edmo.eu\/#\/schema\/person\/dbe3b252258537fd318f9b5645a30342"},"headline":"Non, le sol n&rsquo;\u00e9tait pas jonch\u00e9 de d\u00e9chets au festival de Glastonbury apr\u00e8s le discours de Greta Thunberg","datePublished":"2022-07-05T12:50:28+00:00","dateModified":"2022-07-05T17:06:13+00:00","mainEntityOfPage":{"@id":"https:\/\/belux.edmo.eu\/fr\/non-le-sol-ntait-pas-jonch-de-dchets-au-festival-de-glastonbury-aprs-le-discours-de-greta-thunberg\/"},"wordCount":754,"publisher":{"@id":"https:\/\/belux.edmo.eu\/#organization"},"image":{"@id":"https:\/\/belux.edmo.eu\/fr\/non-le-sol-ntait-pas-jonch-de-dchets-au-festival-de-glastonbury-aprs-le-discours-de-greta-thunberg\/#primaryimage"},"thumbnailUrl":"https:\/\/belux.edmo.eu\/wp-content\/uploads\/2022\/07\/44774525bef4800d6c6750b4849d826d121682dd-ipad.jpg","articleSection":["Economie","Environnement","Fact-Check","Societe"],"inLanguage":"fr-FR"},{"@type":"WebPage","@id":"https:\/\/belux.edmo.eu\/fr\/non-le-sol-ntait-pas-jonch-de-dchets-au-festival-de-glastonbury-aprs-le-discours-de-greta-thunberg\/","url":"https:\/\/belux.edmo.eu\/fr\/non-le-sol-ntait-pas-jonch-de-dchets-au-festival-de-glastonbury-aprs-le-discours-de-greta-thunberg\/","name":"Non, le sol n'\u00e9tait pas jonch\u00e9 de d\u00e9chets au festival de Glastonbury apr\u00e8s le discours de Greta Thunberg - EDMO Belux","isPartOf":{"@id":"https:\/\/belux.edmo.eu\/#website"},"primaryImageOfPage":{"@id":"https:\/\/belux.edmo.eu\/fr\/non-le-sol-ntait-pas-jonch-de-dchets-au-festival-de-glastonbury-aprs-le-discours-de-greta-thunberg\/#primaryimage"},"image":{"@id":"https:\/\/belux.edmo.eu\/fr\/non-le-sol-ntait-pas-jonch-de-dchets-au-festival-de-glastonbury-aprs-le-discours-de-greta-thunberg\/#primaryimage"},"thumbnailUrl":"https:\/\/belux.edmo.eu\/wp-content\/uploads\/2022\/07\/44774525bef4800d6c6750b4849d826d121682dd-ipad.jpg","datePublished":"2022-07-05T12:50:28+00:00","dateModified":"2022-07-05T17:06:13+00:00","breadcrumb":{"@id":"https:\/\/belux.edmo.eu\/fr\/non-le-sol-ntait-pas-jonch-de-dchets-au-festival-de-glastonbury-aprs-le-discours-de-greta-thunberg\/#breadcrumb"},"inLanguage":"fr-FR","potentialAction":[{"@type":"ReadAction","target":["https:\/\/belux.edmo.eu\/fr\/non-le-sol-ntait-pas-jonch-de-dchets-au-festival-de-glastonbury-aprs-le-discours-de-greta-thunberg\/"]}]},{"@type":"ImageObject","inLanguage":"fr-FR","@id":"https:\/\/belux.edmo.eu\/fr\/non-le-sol-ntait-pas-jonch-de-dchets-au-festival-de-glastonbury-aprs-le-discours-de-greta-thunberg\/#primaryimage","url":"https:\/\/belux.edmo.eu\/wp-content\/uploads\/2022\/07\/44774525bef4800d6c6750b4849d826d121682dd-ipad.jpg","contentUrl":"https:\/\/belux.edmo.eu\/wp-content\/uploads\/2022\/07\/44774525bef4800d6c6750b4849d826d121682dd-ipad.jpg","width":1080,"height":540,"caption":"Non, le sol n'\u00e9tait pas jonch\u00e9 de d\u00e9chets au festival de Glastonbury apr\u00e8s le discours de Greta Thunberg - Featured image"},{"@type":"BreadcrumbList","@id":"https:\/\/belux.edmo.eu\/fr\/non-le-sol-ntait-pas-jonch-de-dchets-au-festival-de-glastonbury-aprs-le-discours-de-greta-thunberg\/#breadcrumb","itemListElement":[{"@type":"ListItem","position":1,"name":"Home","item":"https:\/\/belux.edmo.eu\/fr\/"},{"@type":"ListItem","position":2,"name":"Non, le sol n&#8217;\u00e9tait pas jonch\u00e9 de d\u00e9chets au festival de Glastonbury apr\u00e8s le discours de Greta Thunberg"}]},{"@type":"WebSite","@id":"https:\/\/belux.edmo.eu\/#website","url":"https:\/\/belux.edmo.eu\/","name":"EDMO Belux","description":"Monitoring Disinformation in Belgium and Luxembourg","publisher":{"@id":"https:\/\/belux.edmo.eu\/#organization"},"potentialAction":[{"@type":"SearchAction","target":{"@type":"EntryPoint","urlTemplate":"https:\/\/belux.edmo.eu\/?s={search_term_string}"},"query-input":{"@type":"PropertyValueSpecification","valueRequired":true,"valueName":"search_term_string"}}],"inLanguage":"fr-FR"},{"@type":"Organization","@id":"https:\/\/belux.edmo.eu\/#organization","name":"EDMO Belux","url":"https:\/\/belux.edmo.eu\/","logo":{"@type":"ImageObject","inLanguage":"fr-FR","@id":"https:\/\/belux.edmo.eu\/#\/schema\/logo\/image\/","url":"https:\/\/belux.edmo.eu\/wp-content\/uploads\/2021\/12\/belux-logo-full-color-rgb.svg","contentUrl":"https:\/\/belux.edmo.eu\/wp-content\/uploads\/2021\/12\/belux-logo-full-color-rgb.svg","width":1,"height":1,"caption":"EDMO Belux"},"image":{"@id":"https:\/\/belux.edmo.eu\/#\/schema\/logo\/image\/"},"sameAs":["https:\/\/x.com\/Edmo_Belux"]},{"@type":"Person","@id":"https:\/\/belux.edmo.eu\/#\/schema\/person\/dbe3b252258537fd318f9b5645a30342","name":"master","sameAs":["https:\/\/belux.wpengine.com"],"url":"https:\/\/belux.edmo.eu\/fr\/author\/master\/"}]}},"menu_order":0,"_links":{"self":[{"href":"https:\/\/belux.edmo.eu\/fr\/wp-json\/wp\/v2\/posts\/58507","targetHints":{"allow":["GET"]}}],"collection":[{"href":"https:\/\/belux.edmo.eu\/fr\/wp-json\/wp\/v2\/posts"}],"about":[{"href":"https:\/\/belux.edmo.eu\/fr\/wp-json\/wp\/v2\/types\/post"}],"author":[{"embeddable":true,"href":"https:\/\/belux.edmo.eu\/fr\/wp-json\/wp\/v2\/users\/1"}],"replies":[{"embeddable":true,"href":"https:\/\/belux.edmo.eu\/fr\/wp-json\/wp\/v2\/comments?post=58507"}],"version-history":[{"count":0,"href":"https:\/\/belux.edmo.eu\/fr\/wp-json\/wp\/v2\/posts\/58507\/revisions"}],"wp:featuredmedia":[{"embeddable":true,"href":"https:\/\/belux.edmo.eu\/fr\/wp-json\/wp\/v2\/media\/58502"}],"wp:attachment":[{"href":"https:\/\/belux.edmo.eu\/fr\/wp-json\/wp\/v2\/media?parent=58507"}],"wp:term":[{"taxonomy":"category","embeddable":true,"href":"https:\/\/belux.edmo.eu\/fr\/wp-json\/wp\/v2\/categories?post=58507"},{"taxonomy":"post_tag","embeddable":true,"href":"https:\/\/belux.edmo.eu\/fr\/wp-json\/wp\/v2\/tags?post=58507"}],"curies":[{"name":"wp","href":"https:\/\/api.w.org\/{rel}","templated":true}]}}