{"id":70251,"date":"2022-07-18T05:00:18","date_gmt":"2022-07-18T05:00:18","guid":{"rendered":"https:\/\/belux.edmo.eu\/?p=70251"},"modified":"2022-10-03T13:57:45","modified_gmt":"2022-10-03T13:57:45","slug":"fact-check-la-premire-amende-de-lanne-ne-compte-pas-pour-du-beurre","status":"publish","type":"post","link":"https:\/\/belux.edmo.eu\/fr\/fact-check-la-premire-amende-de-lanne-ne-compte-pas-pour-du-beurre\/","title":{"rendered":"Fact Check: La premi\u00e8re amende de l&rsquo;ann\u00e9e ne compte pas pour du beurre"},"content":{"rendered":"<article>\n<div>\n<div>\n<p>&nbsp;<\/p>\n<\/div>\n<div>\n<p>Peut-\u00eatre avez-vu d\u00e9j\u00e0 entendu cette l\u00e9gende urbaine \u00ab\u00a0la premi\u00e8re contredanse re\u00e7ue dans l&rsquo;ann\u00e9e n&rsquo;a pas besoin d&rsquo;\u00eatre pay\u00e9e\u00a0\u00bb ? C&rsquo;est tout simplement faux.<\/p>\n<p>L&rsquo;avertissement tax\u00e9 fait l&rsquo;objet de multiples affirmations, notamment en mati\u00e8re de parking ill\u00e9gal ou de parking sans ticket valable. Certains pensent que le premier \u00ab\u00a0PV\u00a0\u00bb re\u00e7u dans l&rsquo;ann\u00e9e est \u00ab\u00a0offert\u00a0\u00bb par les autorit\u00e9s, d&rsquo;autres sont d&rsquo;avis qu&rsquo;en cas de non-paiement, aucun rappel ne sera envoy\u00e9 avant l&rsquo;obtention d&rsquo;un \u00e9ventuel deuxi\u00e8me avertissement tax\u00e9.<\/p>\n<p>Et bien d\u00e9trompez-vous, ces deux affirmations sont fausses !<\/p>\n<p>La police grand-ducale nous l&rsquo;a d&rsquo;ailleurs confirm\u00e9: \u00ab\u00a0<em><strong>l&rsquo;avertissement tax\u00e9 gratuit n&rsquo;existe pas au Luxembourg<\/strong>, et il faut donc obligatoirement s\u2019acquitter de la somme indiqu\u00e9e, qu&rsquo;il s&rsquo;agisse du premier de l&rsquo;ann\u00e9e ou non<\/em>\u00ab\u00a0.<\/p>\n<p>En r\u00e8gle g\u00e9n\u00e9rale, le contrevenant dispose alors de 45 jours pour payer sa dette envers l&rsquo;\u00c9tat. C&rsquo;est ensuite que le premier et dernier rappel est envoy\u00e9, avant la r\u00e9ception d&rsquo;un recommand\u00e9 qui vous ordonne de payer l&rsquo;amende. En cas d&rsquo;un nouveau refus, la somme due sera doubl\u00e9e.<\/p>\n<p>Voici un extrait du r\u00e8glement du code de la route: \u00ab\u00a0<em>\u00c0 d\u00e9faut de paiement ou de contestation, dans le d\u00e9lai imparti par la lettre recommand\u00e9e pr\u00e9vue au paragraphe 1 er,<\/em><em>alin\u00e9a 2, d\u2019un avertissement tax\u00e9 d\u00e9cern\u00e9 pour une infraction ne donnant pas lieu \u00e0 une r\u00e9duction de points, la personne p\u00e9cuniairement responsable est inform\u00e9e qu\u2019elle est redevable d\u2019une amende forfaitaire correspondant au double du montant de l\u2019avertissement tax\u00e9, par lettre recommand\u00e9e<\/em>\u00ab\u00a0.<\/p>\n<p>En cas de refus de paiement, un proc\u00e8s-verbal sera \u00e9tabli. L&rsquo;avertissement tax\u00e9 peut d&rsquo;ailleurs donner lieu \u00e0 un proc\u00e8s-verbal ordinaire dans certains cas:<\/p>\n<p><em>&#8211; si le contrevenant est mineur<\/em><br \/>\n<em>&#8211; si l\u2019infraction est connexe \u00e0 un d\u00e9lit de l\u00e9sions corporelles volontaires ou involontaires ou \u00e0 un homicide volontaire ou involontaire<\/em><br \/>\n<em>&#8211; si le contrevenant n\u2019a pas pay\u00e9 dans le d\u00e9lai imparti<\/em><br \/>\n<em>&#8211; si le contrevenant d\u00e9clare ne pas vouloir ou ne pas pouvoir payer la ou les taxes<\/em><br \/>\n<em>&#8211; en cas de constatation d\u2019un d\u00e9passement de la limitation r\u00e9glementaire de la vitesse de plus de 50% du maximum de la vitesse autoris\u00e9e et d\u2019au moins 20 km\/heure par rapport \u00e0 ce maximum<\/em><\/p>\n<p>En r\u00e9sum\u00e9: tout avertissement tax\u00e9 doit \u00eatre pay\u00e9, qu&rsquo;il s&rsquo;agisse du premier dans l&rsquo;ann\u00e9e, que le deuxi\u00e8me a \u00e9t\u00e9 pay\u00e9 ou non. Chaque avertissement tax\u00e9 est d\u00fb. Tout autre affirmation est donc fausse et doit \u00eatre ignor\u00e9e.<\/p>\n<\/div>\n<\/div>\n<\/article>\n","protected":false},"excerpt":{"rendered":"<p>&nbsp; Peut-\u00eatre avez-vu d\u00e9j\u00e0 entendu cette l\u00e9gende urbaine \u00ab\u00a0la premi\u00e8re contredanse re\u00e7ue dans l&rsquo;ann\u00e9e n&rsquo;a pas besoin d&rsquo;\u00eatre pay\u00e9e\u00a0\u00bb ?&#8230;<\/p>\n","protected":false},"author":1,"featured_media":70246,"comment_status":"closed","ping_status":"open","sticky":false,"template":"","format":"standard","meta":{"_acf_changed":false,"footnotes":""},"categories":[171,138],"tags":[],"class_list":{"0":"post-70251","1":"post","2":"type-post","3":"status-publish","4":"format-standard","5":"has-post-thumbnail","7":"category-economie","8":"category-societe"},"acf":{"show_metatags":true,"id":"1942031","authors":"RTL L\u00ebtzebuerg","organization":"RTL","featured_image_copyright":"","text_copyright":"Copyright RTL \/ CLT-UFA S.A.","source":"http:\/\/5minutes.rtl.lu\/actu\/luxembourg\/a\/1942031.html","fact_checker":"https:\/\/belux.wpengine.com\/wp-content\/uploads\/2021\/12\/rtl_logo.png","type":"\u00c9v\u00e9nement ferm\u00e9","location":"","start_date":"","start_date_event_begins_at":"","start_date_event_ends_at":"","end_date":"","end_date_event_begins_at":"","end_date_event_ends_at":"","organizer":"","fact_checker_logo_image":false},"yoast_head":"<!-- This site is optimized with the Yoast SEO plugin v27.0 - https:\/\/yoast.com\/product\/yoast-seo-wordpress\/ -->\n<title>Fact Check: La premi\u00e8re amende de l&#039;ann\u00e9e ne compte pas pour du beurre - EDMO Belux<\/title>\n<meta name=\"robots\" content=\"index, follow, max-snippet:-1, max-image-preview:large, max-video-preview:-1\" \/>\n<link rel=\"canonical\" href=\"https:\/\/belux.edmo.eu\/fr\/fact-check-la-premire-amende-de-lanne-ne-compte-pas-pour-du-beurre\/\" \/>\n<meta property=\"og:locale\" content=\"fr_FR\" \/>\n<meta property=\"og:type\" content=\"article\" \/>\n<meta property=\"og:title\" content=\"Fact Check: La premi\u00e8re amende de l&#039;ann\u00e9e ne compte pas pour du beurre - EDMO Belux\" \/>\n<meta property=\"og:description\" content=\"&nbsp; Peut-\u00eatre avez-vu d\u00e9j\u00e0 entendu cette l\u00e9gende urbaine \u00ab\u00a0la premi\u00e8re contredanse re\u00e7ue dans l&rsquo;ann\u00e9e n&rsquo;a pas besoin d&rsquo;\u00eatre pay\u00e9e\u00a0\u00bb ?...\" \/>\n<meta property=\"og:url\" content=\"https:\/\/belux.edmo.eu\/fr\/fact-check-la-premire-amende-de-lanne-ne-compte-pas-pour-du-beurre\/\" \/>\n<meta property=\"og:site_name\" content=\"EDMO Belux\" \/>\n<meta property=\"article:published_time\" content=\"2022-07-18T05:00:18+00:00\" \/>\n<meta property=\"article:modified_time\" content=\"2022-10-03T13:57:45+00:00\" \/>\n<meta property=\"og:image\" content=\"https:\/\/belux.edmo.eu\/wp-content\/uploads\/2022\/07\/381bf141fac91f8143d754268f6145c5-1.png\" \/>\n\t<meta property=\"og:image:width\" content=\"1080\" \/>\n\t<meta property=\"og:image:height\" content=\"608\" \/>\n\t<meta property=\"og:image:type\" content=\"image\/png\" \/>\n<meta name=\"author\" content=\"master\" \/>\n<meta name=\"twitter:card\" content=\"summary_large_image\" \/>\n<meta name=\"twitter:creator\" content=\"@Edmo_Belux\" \/>\n<meta name=\"twitter:site\" content=\"@Edmo_Belux\" \/>\n<meta name=\"twitter:label1\" content=\"\u00c9crit par\" \/>\n\t<meta name=\"twitter:data1\" content=\"master\" \/>\n\t<meta name=\"twitter:label2\" content=\"Dur\u00e9e de lecture estim\u00e9e\" \/>\n\t<meta name=\"twitter:data2\" content=\"2 minutes\" \/>\n<script type=\"application\/ld+json\" class=\"yoast-schema-graph\">{\"@context\":\"https:\/\/schema.org\",\"@graph\":[{\"@type\":\"Article\",\"@id\":\"https:\/\/belux.edmo.eu\/fr\/fact-check-la-premire-amende-de-lanne-ne-compte-pas-pour-du-beurre\/#article\",\"isPartOf\":{\"@id\":\"https:\/\/belux.edmo.eu\/fr\/fact-check-la-premire-amende-de-lanne-ne-compte-pas-pour-du-beurre\/\"},\"author\":{\"name\":\"master\",\"@id\":\"https:\/\/belux.edmo.eu\/#\/schema\/person\/dbe3b252258537fd318f9b5645a30342\"},\"headline\":\"Fact Check: La premi\u00e8re amende de l&rsquo;ann\u00e9e ne compte pas pour du beurre\",\"datePublished\":\"2022-07-18T05:00:18+00:00\",\"dateModified\":\"2022-10-03T13:57:45+00:00\",\"mainEntityOfPage\":{\"@id\":\"https:\/\/belux.edmo.eu\/fr\/fact-check-la-premire-amende-de-lanne-ne-compte-pas-pour-du-beurre\/\"},\"wordCount\":471,\"publisher\":{\"@id\":\"https:\/\/belux.edmo.eu\/#organization\"},\"image\":{\"@id\":\"https:\/\/belux.edmo.eu\/fr\/fact-check-la-premire-amende-de-lanne-ne-compte-pas-pour-du-beurre\/#primaryimage\"},\"thumbnailUrl\":\"https:\/\/belux.edmo.eu\/wp-content\/uploads\/2022\/07\/381bf141fac91f8143d754268f6145c5-1.png\",\"articleSection\":[\"Economie\",\"Societe\"],\"inLanguage\":\"fr-FR\"},{\"@type\":\"WebPage\",\"@id\":\"https:\/\/belux.edmo.eu\/fr\/fact-check-la-premire-amende-de-lanne-ne-compte-pas-pour-du-beurre\/\",\"url\":\"https:\/\/belux.edmo.eu\/fr\/fact-check-la-premire-amende-de-lanne-ne-compte-pas-pour-du-beurre\/\",\"name\":\"Fact Check: La premi\u00e8re amende de l'ann\u00e9e ne compte pas pour du beurre - EDMO Belux\",\"isPartOf\":{\"@id\":\"https:\/\/belux.edmo.eu\/#website\"},\"primaryImageOfPage\":{\"@id\":\"https:\/\/belux.edmo.eu\/fr\/fact-check-la-premire-amende-de-lanne-ne-compte-pas-pour-du-beurre\/#primaryimage\"},\"image\":{\"@id\":\"https:\/\/belux.edmo.eu\/fr\/fact-check-la-premire-amende-de-lanne-ne-compte-pas-pour-du-beurre\/#primaryimage\"},\"thumbnailUrl\":\"https:\/\/belux.edmo.eu\/wp-content\/uploads\/2022\/07\/381bf141fac91f8143d754268f6145c5-1.png\",\"datePublished\":\"2022-07-18T05:00:18+00:00\",\"dateModified\":\"2022-10-03T13:57:45+00:00\",\"breadcrumb\":{\"@id\":\"https:\/\/belux.edmo.eu\/fr\/fact-check-la-premire-amende-de-lanne-ne-compte-pas-pour-du-beurre\/#breadcrumb\"},\"inLanguage\":\"fr-FR\",\"potentialAction\":[{\"@type\":\"ReadAction\",\"target\":[\"https:\/\/belux.edmo.eu\/fr\/fact-check-la-premire-amende-de-lanne-ne-compte-pas-pour-du-beurre\/\"]}]},{\"@type\":\"ImageObject\",\"inLanguage\":\"fr-FR\",\"@id\":\"https:\/\/belux.edmo.eu\/fr\/fact-check-la-premire-amende-de-lanne-ne-compte-pas-pour-du-beurre\/#primaryimage\",\"url\":\"https:\/\/belux.edmo.eu\/wp-content\/uploads\/2022\/07\/381bf141fac91f8143d754268f6145c5-1.png\",\"contentUrl\":\"https:\/\/belux.edmo.eu\/wp-content\/uploads\/2022\/07\/381bf141fac91f8143d754268f6145c5-1.png\",\"width\":1080,\"height\":608,\"caption\":\"Fact Check: La premi\u00e8re amende de l'ann\u00e9e ne compte pas pour du beurre - Featured image\"},{\"@type\":\"BreadcrumbList\",\"@id\":\"https:\/\/belux.edmo.eu\/fr\/fact-check-la-premire-amende-de-lanne-ne-compte-pas-pour-du-beurre\/#breadcrumb\",\"itemListElement\":[{\"@type\":\"ListItem\",\"position\":1,\"name\":\"Home\",\"item\":\"https:\/\/belux.edmo.eu\/fr\/\"},{\"@type\":\"ListItem\",\"position\":2,\"name\":\"Fact Check: La premi\u00e8re amende de l&#8217;ann\u00e9e ne compte pas pour du beurre\"}]},{\"@type\":\"WebSite\",\"@id\":\"https:\/\/belux.edmo.eu\/#website\",\"url\":\"https:\/\/belux.edmo.eu\/\",\"name\":\"EDMO Belux\",\"description\":\"Monitoring Disinformation in Belgium and Luxembourg\",\"publisher\":{\"@id\":\"https:\/\/belux.edmo.eu\/#organization\"},\"potentialAction\":[{\"@type\":\"SearchAction\",\"target\":{\"@type\":\"EntryPoint\",\"urlTemplate\":\"https:\/\/belux.edmo.eu\/?s={search_term_string}\"},\"query-input\":{\"@type\":\"PropertyValueSpecification\",\"valueRequired\":true,\"valueName\":\"search_term_string\"}}],\"inLanguage\":\"fr-FR\"},{\"@type\":\"Organization\",\"@id\":\"https:\/\/belux.edmo.eu\/#organization\",\"name\":\"EDMO Belux\",\"url\":\"https:\/\/belux.edmo.eu\/\",\"logo\":{\"@type\":\"ImageObject\",\"inLanguage\":\"fr-FR\",\"@id\":\"https:\/\/belux.edmo.eu\/#\/schema\/logo\/image\/\",\"url\":\"https:\/\/belux.edmo.eu\/wp-content\/uploads\/2021\/12\/belux-logo-full-color-rgb.svg\",\"contentUrl\":\"https:\/\/belux.edmo.eu\/wp-content\/uploads\/2021\/12\/belux-logo-full-color-rgb.svg\",\"width\":1,\"height\":1,\"caption\":\"EDMO Belux\"},\"image\":{\"@id\":\"https:\/\/belux.edmo.eu\/#\/schema\/logo\/image\/\"},\"sameAs\":[\"https:\/\/x.com\/Edmo_Belux\"]},{\"@type\":\"Person\",\"@id\":\"https:\/\/belux.edmo.eu\/#\/schema\/person\/dbe3b252258537fd318f9b5645a30342\",\"name\":\"master\",\"sameAs\":[\"https:\/\/belux.wpengine.com\"],\"url\":\"https:\/\/belux.edmo.eu\/fr\/author\/master\/\"}]}<\/script>\n<!-- \/ Yoast SEO plugin. -->","yoast_head_json":{"title":"Fact Check: La premi\u00e8re amende de l'ann\u00e9e ne compte pas pour du beurre - EDMO Belux","robots":{"index":"index","follow":"follow","max-snippet":"max-snippet:-1","max-image-preview":"max-image-preview:large","max-video-preview":"max-video-preview:-1"},"canonical":"https:\/\/belux.edmo.eu\/fr\/fact-check-la-premire-amende-de-lanne-ne-compte-pas-pour-du-beurre\/","og_locale":"fr_FR","og_type":"article","og_title":"Fact Check: La premi\u00e8re amende de l'ann\u00e9e ne compte pas pour du beurre - EDMO Belux","og_description":"&nbsp; Peut-\u00eatre avez-vu d\u00e9j\u00e0 entendu cette l\u00e9gende urbaine \u00ab\u00a0la premi\u00e8re contredanse re\u00e7ue dans l&rsquo;ann\u00e9e n&rsquo;a pas besoin d&rsquo;\u00eatre pay\u00e9e\u00a0\u00bb ?...","og_url":"https:\/\/belux.edmo.eu\/fr\/fact-check-la-premire-amende-de-lanne-ne-compte-pas-pour-du-beurre\/","og_site_name":"EDMO Belux","article_published_time":"2022-07-18T05:00:18+00:00","article_modified_time":"2022-10-03T13:57:45+00:00","og_image":[{"width":1080,"height":608,"url":"https:\/\/belux.edmo.eu\/wp-content\/uploads\/2022\/07\/381bf141fac91f8143d754268f6145c5-1.png","type":"image\/png"}],"author":"master","twitter_card":"summary_large_image","twitter_creator":"@Edmo_Belux","twitter_site":"@Edmo_Belux","twitter_misc":{"\u00c9crit par":"master","Dur\u00e9e de lecture estim\u00e9e":"2 minutes"},"schema":{"@context":"https:\/\/schema.org","@graph":[{"@type":"Article","@id":"https:\/\/belux.edmo.eu\/fr\/fact-check-la-premire-amende-de-lanne-ne-compte-pas-pour-du-beurre\/#article","isPartOf":{"@id":"https:\/\/belux.edmo.eu\/fr\/fact-check-la-premire-amende-de-lanne-ne-compte-pas-pour-du-beurre\/"},"author":{"name":"master","@id":"https:\/\/belux.edmo.eu\/#\/schema\/person\/dbe3b252258537fd318f9b5645a30342"},"headline":"Fact Check: La premi\u00e8re amende de l&rsquo;ann\u00e9e ne compte pas pour du beurre","datePublished":"2022-07-18T05:00:18+00:00","dateModified":"2022-10-03T13:57:45+00:00","mainEntityOfPage":{"@id":"https:\/\/belux.edmo.eu\/fr\/fact-check-la-premire-amende-de-lanne-ne-compte-pas-pour-du-beurre\/"},"wordCount":471,"publisher":{"@id":"https:\/\/belux.edmo.eu\/#organization"},"image":{"@id":"https:\/\/belux.edmo.eu\/fr\/fact-check-la-premire-amende-de-lanne-ne-compte-pas-pour-du-beurre\/#primaryimage"},"thumbnailUrl":"https:\/\/belux.edmo.eu\/wp-content\/uploads\/2022\/07\/381bf141fac91f8143d754268f6145c5-1.png","articleSection":["Economie","Societe"],"inLanguage":"fr-FR"},{"@type":"WebPage","@id":"https:\/\/belux.edmo.eu\/fr\/fact-check-la-premire-amende-de-lanne-ne-compte-pas-pour-du-beurre\/","url":"https:\/\/belux.edmo.eu\/fr\/fact-check-la-premire-amende-de-lanne-ne-compte-pas-pour-du-beurre\/","name":"Fact Check: La premi\u00e8re amende de l'ann\u00e9e ne compte pas pour du beurre - EDMO Belux","isPartOf":{"@id":"https:\/\/belux.edmo.eu\/#website"},"primaryImageOfPage":{"@id":"https:\/\/belux.edmo.eu\/fr\/fact-check-la-premire-amende-de-lanne-ne-compte-pas-pour-du-beurre\/#primaryimage"},"image":{"@id":"https:\/\/belux.edmo.eu\/fr\/fact-check-la-premire-amende-de-lanne-ne-compte-pas-pour-du-beurre\/#primaryimage"},"thumbnailUrl":"https:\/\/belux.edmo.eu\/wp-content\/uploads\/2022\/07\/381bf141fac91f8143d754268f6145c5-1.png","datePublished":"2022-07-18T05:00:18+00:00","dateModified":"2022-10-03T13:57:45+00:00","breadcrumb":{"@id":"https:\/\/belux.edmo.eu\/fr\/fact-check-la-premire-amende-de-lanne-ne-compte-pas-pour-du-beurre\/#breadcrumb"},"inLanguage":"fr-FR","potentialAction":[{"@type":"ReadAction","target":["https:\/\/belux.edmo.eu\/fr\/fact-check-la-premire-amende-de-lanne-ne-compte-pas-pour-du-beurre\/"]}]},{"@type":"ImageObject","inLanguage":"fr-FR","@id":"https:\/\/belux.edmo.eu\/fr\/fact-check-la-premire-amende-de-lanne-ne-compte-pas-pour-du-beurre\/#primaryimage","url":"https:\/\/belux.edmo.eu\/wp-content\/uploads\/2022\/07\/381bf141fac91f8143d754268f6145c5-1.png","contentUrl":"https:\/\/belux.edmo.eu\/wp-content\/uploads\/2022\/07\/381bf141fac91f8143d754268f6145c5-1.png","width":1080,"height":608,"caption":"Fact Check: La premi\u00e8re amende de l'ann\u00e9e ne compte pas pour du beurre - Featured image"},{"@type":"BreadcrumbList","@id":"https:\/\/belux.edmo.eu\/fr\/fact-check-la-premire-amende-de-lanne-ne-compte-pas-pour-du-beurre\/#breadcrumb","itemListElement":[{"@type":"ListItem","position":1,"name":"Home","item":"https:\/\/belux.edmo.eu\/fr\/"},{"@type":"ListItem","position":2,"name":"Fact Check: La premi\u00e8re amende de l&#8217;ann\u00e9e ne compte pas pour du beurre"}]},{"@type":"WebSite","@id":"https:\/\/belux.edmo.eu\/#website","url":"https:\/\/belux.edmo.eu\/","name":"EDMO Belux","description":"Monitoring Disinformation in Belgium and Luxembourg","publisher":{"@id":"https:\/\/belux.edmo.eu\/#organization"},"potentialAction":[{"@type":"SearchAction","target":{"@type":"EntryPoint","urlTemplate":"https:\/\/belux.edmo.eu\/?s={search_term_string}"},"query-input":{"@type":"PropertyValueSpecification","valueRequired":true,"valueName":"search_term_string"}}],"inLanguage":"fr-FR"},{"@type":"Organization","@id":"https:\/\/belux.edmo.eu\/#organization","name":"EDMO Belux","url":"https:\/\/belux.edmo.eu\/","logo":{"@type":"ImageObject","inLanguage":"fr-FR","@id":"https:\/\/belux.edmo.eu\/#\/schema\/logo\/image\/","url":"https:\/\/belux.edmo.eu\/wp-content\/uploads\/2021\/12\/belux-logo-full-color-rgb.svg","contentUrl":"https:\/\/belux.edmo.eu\/wp-content\/uploads\/2021\/12\/belux-logo-full-color-rgb.svg","width":1,"height":1,"caption":"EDMO Belux"},"image":{"@id":"https:\/\/belux.edmo.eu\/#\/schema\/logo\/image\/"},"sameAs":["https:\/\/x.com\/Edmo_Belux"]},{"@type":"Person","@id":"https:\/\/belux.edmo.eu\/#\/schema\/person\/dbe3b252258537fd318f9b5645a30342","name":"master","sameAs":["https:\/\/belux.wpengine.com"],"url":"https:\/\/belux.edmo.eu\/fr\/author\/master\/"}]}},"menu_order":0,"_links":{"self":[{"href":"https:\/\/belux.edmo.eu\/fr\/wp-json\/wp\/v2\/posts\/70251","targetHints":{"allow":["GET"]}}],"collection":[{"href":"https:\/\/belux.edmo.eu\/fr\/wp-json\/wp\/v2\/posts"}],"about":[{"href":"https:\/\/belux.edmo.eu\/fr\/wp-json\/wp\/v2\/types\/post"}],"author":[{"embeddable":true,"href":"https:\/\/belux.edmo.eu\/fr\/wp-json\/wp\/v2\/users\/1"}],"replies":[{"embeddable":true,"href":"https:\/\/belux.edmo.eu\/fr\/wp-json\/wp\/v2\/comments?post=70251"}],"version-history":[{"count":0,"href":"https:\/\/belux.edmo.eu\/fr\/wp-json\/wp\/v2\/posts\/70251\/revisions"}],"wp:featuredmedia":[{"embeddable":true,"href":"https:\/\/belux.edmo.eu\/fr\/wp-json\/wp\/v2\/media\/70246"}],"wp:attachment":[{"href":"https:\/\/belux.edmo.eu\/fr\/wp-json\/wp\/v2\/media?parent=70251"}],"wp:term":[{"taxonomy":"category","embeddable":true,"href":"https:\/\/belux.edmo.eu\/fr\/wp-json\/wp\/v2\/categories?post=70251"},{"taxonomy":"post_tag","embeddable":true,"href":"https:\/\/belux.edmo.eu\/fr\/wp-json\/wp\/v2\/tags?post=70251"}],"curies":[{"name":"wp","href":"https:\/\/api.w.org\/{rel}","templated":true}]}}