{"id":72133,"date":"2022-07-19T09:47:12","date_gmt":"2022-07-19T09:47:12","guid":{"rendered":"https:\/\/belux.edmo.eu\/?p=72133"},"modified":"2022-07-19T14:42:05","modified_gmt":"2022-07-19T14:42:05","slug":"un-blocus-illgal-de-la-lituanie-vers-lenclave-russe-de-kaliningrad-attention-cest-trompeur","status":"publish","type":"post","link":"https:\/\/belux.edmo.eu\/fr\/un-blocus-illgal-de-la-lituanie-vers-lenclave-russe-de-kaliningrad-attention-cest-trompeur\/","title":{"rendered":"Un \u00ab\u00a0blocus ill\u00e9gal\u00a0\u00bb de la Lituanie vers l&rsquo;enclave russe de Kaliningrad? Attention, c&rsquo;est trompeur"},"content":{"rendered":"<p><b>Depuis que la Lituanie a limit\u00e9 le transit ferroviaire de certaines marchandises vers l&rsquo;enclave russe de Kaliningrad, de nombreux internautes affirment que cet acte revient \u00e0 imposer \u00e0 Moscou un \u00ab\u00a0blocus ill\u00e9gal\u00a0\u00bb le privant d&rsquo;acc\u00e8s \u00e0 une partie de son territoire. Plusieurs experts font toutefois valoir que ces sanctions europ\u00e9ennes portent sur une cat\u00e9gorie limit\u00e9e de biens et n&#8217;emp\u00eachent ainsi pas la Russie de continuer \u00e0 acheminer certaines marchandises vers son enclave, notamment via ses deux ports. Ils pointent en outre que la d\u00e9cision de la Lituanie est conforme au droit de l&rsquo;UE &#8211;dont le pays est membre&#8211; m\u00eame si elle contrevient \u00e0 un accord conclu en 1993 avec la Russie \u00e0 propos de Kaliningrad.\u00a0<\/b><\/p>\n<p>C&rsquo;est un petit morceau de territoire russe qui pourrait se transformer en poudri\u00e8re en plein conflit russo-ukrainien. L&rsquo;enclave de Kaliningrad, situ\u00e9e sur la mer Baltique, \u00e0 mille kilom\u00e8tres de Moscou, est un avant-poste militaire russe en Europe hautement strat\u00e9gique pour Moscou.<\/p>\n<p>Or la Lituanie, membre \u00e0 la fois de l&rsquo;Otan et de l&rsquo;Union europ\u00e9enne, <a href=\"https:\/\/www.rfi.fr\/fr\/europe\/20220620-des-restrictions-lituaniennes-sur-le-transit-vers-kaliningrad-suscitent-la-col%C3%A8re-de-la-russie\" target=\"_blank\" rel=\"noopener\" shape=\"rect\">a mis en oeuvre<\/a>\u00a0mi-juin des restrictions d\u00e9cid\u00e9es par l&rsquo;UE \u00e0 la suite de l&rsquo;invasion russe en Ukraine.\u00a0Ces sanctions visent \u00e0 limiter le transit ferroviaire de certaines marchandises allant du territoire russe vers la r\u00e9gion de Kaliningrad.<\/p>\n<div id=\"wysiwyg\" class=\"www-item image\"><img class=\"lazyload blur-up\" src=\"https:\/\/belux.edmo.eu\/wp-content\/uploads\/2022\/07\/df691ef7998f9a406971895209046cae133a5346-ipad-1.jpg\" data-original=\"\" \/><span class=\"legend\">Carte montrant l&rsquo;enclave russe de Kaliningrad et le point de passade des trains transitant par la Lituanie<\/span><\/div>\n<p>Parmi les<a href=\"https:\/\/www.europeantimes.news\/fr\/2022\/06\/interdit-de-transport-quelles-marchandises-ne-peuvent-plus-%C3%AAtre-envoy%C3%A9es-de-la-russie-%C3%A0-kaliningrad-par-chemin-de-fer-en-raison-des-sanctions-de-l%27ue\/\" target=\"_blank\" rel=\"noopener\" shape=\"rect\"> produits interdits<\/a> de transiter vers Kaliningrad figurent notamment des m\u00e9taux et les engrais. Le charbon et le p\u00e9trole doivent \u00eatre ult\u00e9rieurement vis\u00e9s.<\/p>\n<p>Imm\u00e9diatement, Moscou a d\u00e9nonc\u00e9 des mesures qui violent un accord pr\u00e9c\u00e9demment conclu avec la Lituanie.<\/p>\n<p><em>\u00ab\u00a0Cette d\u00e9cision est vraiment in\u00e9dite. C&rsquo;est une violation de tout. Nous comprenons que c&rsquo;est li\u00e9 \u00e0 la d\u00e9cision de l&rsquo;UE d&rsquo;\u00e9tendre les sanctions au transit. Nous consid\u00e9rons cela comme ill\u00e9gal\u00a0\u00bb,<\/em><a href=\"https:\/\/www.rfi.fr\/fr\/europe\/20220620-des-restrictions-lituaniennes-sur-le-transit-vers-kaliningrad-suscitent-la-col%C3%A8re-de-la-russie\" target=\"_blank\" rel=\"noopener\" shape=\"rect\">a regrett\u00e9<\/a> le 20 juin le porte-parole du Kremlin, Dmitri Peskov.<\/p>\n<p><em>\u00ab\u00a0De notre point de vue, il s&rsquo;agit d&rsquo;une violation flagrante des accords conclus avec l&rsquo;UE lorsque les r\u00e9publiques baltes ont rejoint l&rsquo;UE. Nous voyons cela comme un geste ouvertement hostile\u00a0\u00bb,<\/em><a href=\"https:\/\/www.rfi.fr\/fr\/europe\/20220620-des-restrictions-lituaniennes-sur-le-transit-vers-kaliningrad-suscitent-la-col%C3%A8re-de-la-russie\" target=\"_blank\" rel=\"noopener\" shape=\"rect\"> a \u00e9galement r\u00e9agi <\/a>Anton Alikhanov, le gouverneur de Kaliningrad, \u00e0 la t\u00e9l\u00e9vision russe.<\/p>\n<p>Des propos abondamment repris sur les r\u00e9seaux (<a href=\"https:\/\/archive.ph\/CvQod\" target=\"_blank\" rel=\"noopener\" shape=\"rect\">1<\/a>, <a href=\"https:\/\/archive.ph\/sPadC\" target=\"_blank\" rel=\"noopener\" shape=\"rect\">2<\/a>) par des internautes fran\u00e7ais qui ont d\u00e9nonc\u00e9 un<em> \u00ab\u00a0blocus ill\u00e9gal\u00a0\u00bb<\/em>\u00a0justifiant des repr\u00e9sailles russes envers le pays balte.<\/p>\n<div class=\"grid-with-margin\">\n<div class=\"e-afp-col-layout\" style=\"text-align: center;\">\n<div id=\"wysiwyg\" class=\"www-item image\"><img class=\"lazyload blur-up\" src=\"https:\/\/belux.edmo.eu\/wp-content\/uploads\/2022\/07\/b3e52a4c8beb72958dfc395c8f783f4c8033392a-ipad-1.jpg\" data-original=\"\" \/><\/div>\n<\/div>\n<div class=\"e-afp-col-layout\" style=\"text-align: center;\">\n<div id=\"wysiwyg\" class=\"www-item image\"><img class=\"lazyload blur-up\" src=\"https:\/\/belux.edmo.eu\/wp-content\/uploads\/2022\/07\/8a68a91966f603dc7447e9133f820247362ad55d-ipad-1.jpg\" data-original=\"\" \/><\/div>\n<\/div>\n<\/div>\n<p><b>Un territoire strat\u00e9gique dans l&rsquo;espace Schengen\u00a0<\/b><\/p>\n<p>Qu&rsquo;en est-il r\u00e9ellement? Les pays baltes sont devenus ind\u00e9pendants de l&rsquo;Union sovi\u00e9tique en 1991, isolant de fait le territoire de Kaliningrad du reste de la Russie.<\/p>\n<div id=\"wysiwyg\" class=\"www-item image\"><img class=\"lazyload blur-up\" src=\"https:\/\/belux.edmo.eu\/wp-content\/uploads\/2022\/07\/f98e1cba299df0bd20b79f4335b6a9352107678a-ipad-1.jpg\" data-original=\"\" \/><span class=\"legend\">Carte montrant la composition de l&rsquo;Union sovi\u00e9tique avant son \u00e9clatement en 1991<\/span><\/div>\n<p>S&rsquo;est alors pos\u00e9e la question de la circulation des citoyens et marchandises russes entre l&rsquo;enclave et la Russie.<\/p>\n<p>Pour y r\u00e9pondre, la Lituanie<em> \u00ab\u00a0s&rsquo;est engag\u00e9e \u00e0 accord un tr\u00e8s large passage, presque libre, entre le territoire de la Russie et Kaliningrad et la Russie\u00a0 en signant un\u00a0 trait\u00e9 en novembre 1993 qui concernait essentiellement le transport par route mais aussi ferroviaire pour les biens avec un syst\u00e8me de permis et les citoyens russes\u00a0\u00bb,<\/em>relate aupr\u00e8s de l&rsquo;AFP <a href=\"https:\/\/www.unige.ch\/gsi\/fr\/presentation\/enseignants\/professeurs\/levrat\/\" target=\"_blank\" rel=\"noopener\" shape=\"rect\">Nicolas Levrat,<\/a> professeur de droit international et europ\u00e9en \u00e0 l\u2019Universit\u00e9 de Gen\u00e8ve, interrog\u00e9 le 30 juin.<\/p>\n<p>Puis en 2002, la Lituanie est invit\u00e9e \u00e0 rejoindre l&rsquo;Union europ\u00e9enne. <em>\u00ab\u00a0Il fallait alors trouver une solution \u00e0 un territoire qui \u00e9tait g\u00e9ographiquement \u00e0 l&rsquo;int\u00e9rieur de l&rsquo;espace Schengen mais qui \u00e9tait de fait ext\u00e9rieur puisqu&rsquo;il relevait de la souverainet\u00e9 de la Russie\u00a0\u00bb,<\/em>explique \u00e0 l&rsquo;AFP <a href=\"https:\/\/www.cairn.info\/publications-de-Frank-T%C3%A9tart--3428.htm\" target=\"_blank\" rel=\"noopener\" shape=\"rect\">Frank T\u00e9tart<\/a>, docteur en g\u00e9opolitique et sp\u00e9cialiste de Kaliningrad.<\/p>\n<div id=\"wysiwyg\" class=\"www-item image\"><img class=\"lazyload blur-up\" src=\"https:\/\/belux.edmo.eu\/wp-content\/uploads\/2022\/07\/85192d32ee9926f7d76099f11f69b26853dda5b1-ipad-1.jpg\" data-original=\"\" \/><span class=\"legend\">Cartes du march\u00e9 unique europ\u00e9en, de l&rsquo;espace Schengen et de la zone euro<\/span><\/div>\n<p>\u00ab\u00a0<em>Ce qui a \u00e9t\u00e9 mis en place apr\u00e8s l&rsquo;adh\u00e9sion de la Lituanie \u00e0 l&rsquo;Union europ\u00e9enne en 2004, ce sont des mesures visant <strong>\u00e0 faciliter le transit pour permettre aux habitants de Kaliningrad<\/strong>de continuer \u00e0 pouvoir passer vers la Russie et de revenir ensuite de Russie. Cela concerne \u00e9galement les marchandises sur voies ferr\u00e9es et sur voie routi\u00e8re<\/em>\u00ab\u00a0<em>,<\/em>poursuit-il.<\/p>\n<p>Cet arrangement s&rsquo;est traduit par un<em>e \u00ab\u00a0d\u00e9claration\u00a0 conjointe\u00a0\u00bb<\/em>entre l&rsquo;Union europ\u00e9enne et la Russie.<\/p>\n<div class=\"grid-with-margin\">\n<div class=\"e-afp-col-layout\" style=\"text-align: center;\">\n<div id=\"wysiwyg\" class=\"www-item image\"><img class=\"lazyload blur-up\" src=\"https:\/\/belux.edmo.eu\/wp-content\/uploads\/2022\/07\/0ff810ca3dc7c3d89f8630aaf7f711a7c49574e4-ipad-1.jpg\" data-original=\"\" \/><\/div>\n<\/div>\n<div class=\"e-afp-col-layout\" style=\"text-align: center;\">\n<div id=\"wysiwyg\" class=\"www-item image\"><img class=\"lazyload blur-up\" src=\"https:\/\/belux.edmo.eu\/wp-content\/uploads\/2022\/07\/56e9b9814548ea3558099f345b7966e08e812fdd-ipad-1.jpg\" data-original=\"\" \/><\/div>\n<\/div>\n<\/div>\n<p><em>\u00ab\u00a0Juridiquement, ce n&rsquo;est pas un trait\u00e9 international\u00a0 mais un accord de facilit\u00e9 de transit.<\/em><em>C&rsquo;\u00e9tait plut\u00f4t un geste de bonne volont\u00e9. L&rsquo;Union europ\u00e9enne ne s&rsquo;est jamais engag\u00e9e \u00e0 ne pas appliquer de sanctions sur ce territoire\u00a0\u00bb<\/em>, a d\u00e9taill\u00e9 le 23 juin \u00e0 l&rsquo;AFP <a href=\"https:\/\/www.diploweb.com\/_Jean-Dominique-GIULIANI_.html\" target=\"_blank\" rel=\"noopener\" shape=\"rect\">Jean-Dominique Giuliani<\/a>, pr\u00e9sident de la Fondation Robert Schuman et qui s&rsquo;est rendu \u00e0 Kaliningrad.<\/p>\n<p>Selon les experts, en tant que membre de l&rsquo;Union europ\u00e9enne, la Lituanie \u00e9tait en r\u00e9alit\u00e9 tenue d&rsquo;appliquer les sanctions d\u00e9cid\u00e9es par les Vingt-Sept apr\u00e8s l&rsquo;invasion de l&rsquo;Ukraine, m\u00eame si cela la place en porte-\u00e0-faux par rapport au trait\u00e9 qu&rsquo;elle a sign\u00e9 avec la Russie en 1993.<\/p>\n<p><em>\u00ab\u00a0La Lituanie se retrouve en contradiction d&rsquo;une part avec les obligations qui d\u00e9coulent du trait\u00e9 pris en 1993 vis-\u00e0-vis de la Russie, en tant que membre de l&rsquo;UE, avec l&rsquo;obligation de respecter les d\u00e9cisions qui ont \u00e9t\u00e9 prises par les institutions europ\u00e9ennes, donc les sanctions\u00a0\u00bb,<\/em>estime Nicolas Levrat.<\/p>\n<p>Selon lui, la Lituanie a r\u00e9pondu \u00e0 cette contradiction en prenant en compte les risques juridiques, plus forts venant de l&rsquo;UE, et des consid\u00e9rations g\u00e9opolitiques.<\/p>\n<p><em>\u00ab\u00a0Si la Lituanie ne respecte pas les sanctions, le cas \u00e9ch\u00e9ant la Commission peut saisir la Cour de justice de ce qu&rsquo;on appelle un &lsquo;recours en manquement&rsquo; et l\u00e0 elle peut \u00eatre jug\u00e9e. Alors que pour le trait\u00e9 avec la Russie, il n&rsquo;y a pas de juridiction comp\u00e9tente\u00a0\u00bb,<\/em>poursuit-il.<\/p>\n<p>La Commission europ\u00e9enne <a href=\"https:\/\/ec.europa.eu\/commission\/presscorner\/detail\/fr\/ip_22_4507\" target=\"_blank\" rel=\"noopener\" shape=\"rect\">a insist\u00e9<\/a> le 13 juillet : \u00ab\u00a0<em>le transit routier par des op\u00e9rateurs russes de marchandises sous sanctions n&rsquo;est pas autoris\u00e9<\/em>\u00ab\u00a0.<\/p>\n<p>Dans le m\u00eame communiqu\u00e9 elle a soulign\u00e9 qu&rsquo;il n&rsquo;existait <em>\u00ab\u00a0aucune interdiction similaire pour le transport ferroviaire\u00a0\u00bb<\/em>mais\u00a0\u00bb<em>sans pr\u00e9judice de l&rsquo;obligation des Etats membres d&rsquo;effectuer des contr\u00f4les efficaces<\/em>\u00ab\u00a0.<\/p>\n<p>\u00ab\u00a0<em>Les \u00c9tats membres ont l&rsquo;obligation l\u00e9gale d&#8217;emp\u00eacher toutes les formes possibles de contournement des mesures restrictives de l&rsquo;UE<\/em>\u00ab\u00a0<em>,<\/em>souligne la Commission. \u00ab\u00a0<em>Les autorit\u00e9s des \u00c9tats membres doivent effectuer des contr\u00f4les cibl\u00e9s, proportionn\u00e9s et efficaces et prendre d&rsquo;autres mesures appropri\u00e9es pour pr\u00e9venir la violation des r\u00e8glements de l&rsquo;UE<\/em>\u00ab\u00a0<em>,<\/em>ajoute-t-elle, appelant les Etats membres \u00e0 v\u00e9rifier que <em>\u00ab\u00a0les volumes de transit restent dans les moyennes historiques des trois derni\u00e8res ann\u00e9es\u00a0\u00bb<\/em>et correspondent \u00e0 la \u00ab\u00a0<em>demande r\u00e9elle de biens essentiels<\/em>\u00ab\u00a0, ou s&rsquo;il existe au contraire un\u00a0\u00bb<em>flux ou (une) structure commerciale inhabituels qui pourraient indiquer un contournement<\/em>\u00ab\u00a0.<\/p>\n<p>Dans ce cas, les \u00c9tats membres doivent prendre <em>\u00ab\u00a0toutes les mesures n\u00e9cessaires pr\u00e9vues par le droit de l&rsquo;UE, y compris, le cas \u00e9ch\u00e9ant, le refus de transit et la d\u00e9tention des marchandises en question<\/em>\u00ab\u00a0, poursuit la Commission.<\/p>\n<p><em>\u00ab\u00a0Le transit de biens et technologies militaires ou \u00e0 double usage sanctionn\u00e9s (&#8230;) est interdit en tout \u00e9tat de cause\u00a0\u00bb,<\/em>est-il pr\u00e9cis\u00e9 dans le document adress\u00e9 aux Vingt-Sept.<\/p>\n<p>En r\u00e9action aux annonces de Bruxelles, la porte-parole de la diplomatie russe, Maria Zakharova, a d\u00e9clar\u00e9 que Moscou allait \u00ab\u00a0<em>suivre de pr\u00e8s la fa\u00e7on dont ces mesures seront appliqu\u00e9es<\/em>\u00ab\u00a0, estimant que la clarification de la Commission europ\u00e9enne sur le transport ferroviaire \u00e9tait \u00ab\u00a0<em>une manifestation de r\u00e9alisme et de bon sens<\/em>\u00ab\u00a0.<\/p>\n<p>A Vilnius, le minist\u00e8re lituanien des Affaires \u00e9trang\u00e8res a d\u00e9clar\u00e9 dans un communiqu\u00e9 qu&rsquo;il accueillait favorablement \u00ab\u00a0<em>les restrictions sur le volume de transit \u00e0 travers l&rsquo;UE<\/em>(&#8230;) <em>fond\u00e9es sur les moyennes historiques des trois derni\u00e8res ann\u00e9es<\/em>\u00ab\u00a0.<\/p>\n<p>\u00ab\u00a0<em>La Lituanie assurera efficacement la mise en \u0153uvre des sanctions par un suivi attentif, une \u00e9valuation fond\u00e9e sur des principes et une v\u00e9rification efficace pour savoir si la Russie ne tente pas d&rsquo;abuser des possibilit\u00e9s de transit<\/em>\u00ab\u00a0, a ajout\u00e9 le minist\u00e8re. \u00ab\u00a0<em>La Lituanie se r\u00e9serve le droit d&#8217;emp\u00eacher unilat\u00e9ralement de telles tentatives<\/em>\u00a0\u00bb de contourner les sanctions, a-t-il soulign\u00e9.<\/p>\n<p><b>Pas de \u00ab\u00a0blocus\u00a0\u00bb<\/b><\/p>\n<p>Apr\u00e8s la mise en application par Vilnius de ces sanctions, le gouverneur de Kaliningrad <a href=\"https:\/\/www.lapresse.ca\/international\/europe\/2022-06-23\/kaliningrad-nouveau-foyer-de-tensions.php\" target=\"_blank\" rel=\"noopener\" shape=\"rect\">a estim\u00e9<\/a>\u00a0qu&rsquo;un<em> \u00ab\u00a0blocus\u00a0\u00bb<\/em>avait \u00e9t\u00e9 mis en place vis-\u00e0-vis de la Russie.<\/p>\n<p><em>\u00ab\u00a0Nous avons r\u00e9clam\u00e9 la lev\u00e9e imm\u00e9diate de ces restrictions\u00a0\u00bb,<\/em>\u00a0<a href=\"https:\/\/www.geo.fr\/geopolitique\/la-russie-menace-la-lituanie-apres-des-restrictions-sur-le-transit-vers-lenclave-de-kaliningrad-210473\" target=\"_blank\" rel=\"noopener\" shape=\"rect\">a d\u00e9clar\u00e9 <\/a>la diplomatie russe dans un communiqu\u00e9, qualifiant ces mesures d&rsquo;<em>\u00ab\u00a0hostiles\u00a0\u00bb<\/em>. Si le transit\u00a0<em>\u00ab\u00a0n&rsquo;est pas r\u00e9tabli en totalit\u00e9, alors la Russie se r\u00e9serve le droit d&rsquo;agir pour d\u00e9fendre ses int\u00e9r\u00eats nationaux\u00a0\u00bb<\/em><\/p>\n<p>Pour autant, le chef de la diplomatie lituanienne, Gabrielius Landsbergis, <a href=\"https:\/\/www.geo.fr\/geopolitique\/la-russie-menace-la-lituanie-apres-des-restrictions-sur-le-transit-vers-lenclave-de-kaliningrad-210473\" target=\"_blank\" rel=\"noopener\" shape=\"rect\">a tenu \u00e0 rappeler <\/a>lors d&rsquo;un d\u00e9placement au Luxembourg que seuls<em> \u00ab\u00a0les biens sous sanctions (&#8230;) ne seront plus autoris\u00e9s \u00e0 transiter par la Lituanie\u00a0\u00bb,<\/em>ce que mettent \u00e9galement en avant les experts interrog\u00e9s par l&rsquo;AFP.<\/p>\n<p>Les autorit\u00e9s russes font elles-m\u00eames \u00e9tat <a href=\"https:\/\/www.francetvinfo.fr\/monde\/europe\/manifestations-en-ukraine\/kaliningrad-le-kremlin-denonce-un-blocus-et-menace-la-lituanie-de-represailles_5214061.html\" target=\"_blank\" rel=\"noopener\" shape=\"rect\">de restrictions<\/a> touchant de 40% \u00e0 50% de leurs approvisionnements \u00e0 Kaliningrad.<\/p>\n<p><em>\u00ab\u00a0Aujourd&rsquo;hui, les citoyens russes continuent \u00e0 circuler, donc il n&rsquo;y a pas de &lsquo;blocus&rsquo; de Kaliningrad comme on l&rsquo;entend ou on le lit sur les r\u00e9seaux sociaux. Il y a seulement l&rsquo;application des sanctions europ\u00e9ennes aux marchandises vis\u00e9es\u00a0\u00bb,<\/em>affirme ainsi Jean-Dominique Giuliani.<\/p>\n<p>\u00ab\u00a0<em>Ce n&rsquo;est pas un vrai blocus, on n&rsquo;est pas comme \u00e0 Berlin en 1948 o\u00f9 il n&rsquo;y avait pas d&rsquo;autres moyens que de prendre l&rsquo;avion. L\u00e0 vous avez un port \u00e0 Kaliningrad, c&rsquo;est sur la Baltique, donc<strong> la Russie pourrait tout \u00e0 fait mettre en place des liaisons par voie maritime entre ses ports de Saint-P\u00e9tersbourg et de Kaliningrad pour alimenter son territoire.<\/strong>Evidemment, par le train \u00e7a va plus vite et c&rsquo;est plus pratique<\/em>\u00ab\u00a0<em>,<\/em>analyse Franck T\u00e9tart.<\/p>\n<div class=\"g2web\" style=\"text-align: center;\"><iframe style=\"border: 0;\" src=\"https:\/\/www.google.com\/maps\/embed?pb=!1m18!1m12!1m3!1d175468.35052420793!2d20.184494828989894!3d54.684254077931925!2m3!1f0!2f0!3f0!3m2!1i1024!2i768!4f13.1!3m3!1m2!1s0x46e33d8d4b7c21a9%3A0x5050960016126ed3!2sKaliningrad%2C%20Oblast%20de%20Kaliningrad%2C%20Russie!5e0!3m2!1sfr!2sfr!4v1656506341056!5m2!1sfr!2sfr\" width=\"600\" height=\"450\" frameborder=\"1\" scrolling=\"auto\" allowfullscreen=\"allowfullscreen\" data-mce-fragment=\"1\"><\/iframe><\/div>\n<p>L&rsquo;enclave profite notamment de ses deux ports libres de glace &#8211; Kaliningrad et Balti\u00efsk &#8211; pour commercer avec ses voisins.<\/p>\n<p>Pour Franck T\u00e9tart,<em> \u00ab\u00a0la Russie essaye de mettre en place tout un narratif autour de cette guerre et cela participe \u00e0 cette propagande de montrer que la Russie est en position de force et se bat parce qu&rsquo;elle est victime d&rsquo;un &lsquo;blocus&rsquo; vis-\u00e0-vis d&rsquo;une partie de son territoire qui est enclav\u00e9 et qui se trouve en position de faiblesse\u00a0\u00bb.<\/em><\/p>\n<p>Mais <em>\u00ab\u00a0on ne peut pas parler de &lsquo;blocus&rsquo;, qui est consid\u00e9r\u00e9 comme un acte de guerre\u00a0\u00bb,<\/em>a \u00e9galement relev\u00e9 le 22 juin aupr\u00e8s de l&rsquo;AFP<a href=\"https:\/\/institut-thomas-more.org\/mongrenier\/\" target=\"_blank\" rel=\"noopener\" shape=\"rect\"> Jean-Sylvestre Mongrenier<\/a>, g\u00e9opolitologue de l&rsquo;Europe sp\u00e9cialis\u00e9 sur la d\u00e9fense europ\u00e9enne et l&rsquo;Otan<em>.<\/em><\/p>\n<p><b>Une enclave militaire strat\u00e9gique<\/b><\/p>\n<p>Face \u00e0 l&rsquo;expansion de l&rsquo;Otan, Moscou<a href=\"https:\/\/www.letelegramme.fr\/monde\/kaliningrad-enclave-russe-sous-surveillance-19-03-2022-12950621.php\" target=\"_blank\" rel=\"noopener\" shape=\"rect\"> a muscl\u00e9<\/a> sa pr\u00e9sence militaire \u00e0 Kaliningrad, y organisant d&rsquo;importantes man\u0153uvres. Ces derni\u00e8res ann\u00e9es, des missiles \u00e0 vecteur nucl\u00e9aire et des syst\u00e8mes de d\u00e9fense anti-a\u00e9rienne S-400 y ont \u00e9t\u00e9 install\u00e9s et des missiles hypersoniques d\u00e9ploy\u00e9s en f\u00e9vrier 2022, juste avant l&rsquo;entr\u00e9e des troupes russes en Ukraine.<\/p>\n<p>C&rsquo;est \u00e9galement \u00e0 Kaliningrad qu&rsquo;on trouve le quartier g\u00e9n\u00e9ral de la flotte russe de la Baltique.<\/p>\n<p><em>\u00ab\u00a0A l&rsquo;origine, dans les trait\u00e9s, on parlait de marchandises mais (&#8230;) les Russes ont militaris\u00e9 Kaliningrad et cela fait d\u00e9j\u00e0 plusieurs ann\u00e9es que les Lituaniens s&rsquo;en inqui\u00e8tent\u00a0\u00bb,<\/em>explique Jean-Dominique Giuliani.<\/p>\n<p>Ce territoire strat\u00e9gique pourrait, par le biais d&rsquo;une fine bande de terrain, le passage de Suwalki, se transformer en porte d\u2019entr\u00e9e de la Russie vers les \u00c9tats baltes. Un mouvement russe pour fermer le corridor aboutirait \u00e0 encercler les pays baltes, tandis que les batteries de missiles stationn\u00e9es \u00e0 Kaliningrad menaceraient les voies maritimes.<\/p>\n<p><span class=\"e-afp-update-note\"><time datetime=\"2022-07-13T18:38:00+0200\">13 juillet 2022<\/time>Ajoute les pr\u00e9cisions publi\u00e9e le 13 juillet par la Commission europ\u00e9enne sur le transit par rail entre l&rsquo;enclave de Kaliningrad et le reste de la Russie<\/span><br \/>\n<span class=\"e-afp-update-note\"><time datetime=\"2022-07-01T17:54:00+0200\">1 juillet 2022<\/time>Revoici avec nom correctement orthographi\u00e9 apr\u00e8s le 2e intertitre<\/span><\/p>\n","protected":false},"excerpt":{"rendered":"<p>C&rsquo;est un petit morceau de territoire russe qui pourrait se transformer en poudri\u00e8re en plein conflit russo-ukrainien. L&rsquo;enclave de Kaliningrad, situ\u00e9e sur la mer Baltique, \u00e0 mille kilom\u00e8tres de Moscou, est un avant-poste militaire russe en Europe hautement strat\u00e9gique pour Moscou.<\/p>\n","protected":false},"author":1,"featured_media":72128,"comment_status":"closed","ping_status":"open","sticky":false,"template":"","format":"standard","meta":{"_acf_changed":false,"footnotes":""},"categories":[171,125,132,214],"tags":[],"class_list":{"0":"post-72133","1":"post","2":"type-post","3":"status-publish","4":"format-standard","5":"has-post-thumbnail","7":"category-economie","8":"category-fact-check-fr","9":"category-politique","10":"category-ukraine-fr"},"acf":{"show_metatags":true,"id":"doc-32d34r9-3","authors":"Juliette MANSOUR, AFP France","organization":"AFP","featured_image_copyright":"AFP","text_copyright":"\u00a9 AGENCE FRANCE-PRESSE | 2022 | Tous droits r\u00e9serv\u00e9s. L\u2019acc\u00e8s aux contenus de l'AFP publi\u00e9s sur ce site et, le cas \u00e9ch\u00e9ant, leur utilisation sont soumis aux conditions g\u00e9n\u00e9rales d'utilisation disponibles sur <a href='https:\/\/www.afp.com\/fr\/cgu' target='_blank'>CGU<\/a>. Par cons\u00e9quent, en acc\u00e9dant aux contenus de l\u2019AFP publi\u00e9s sur ce site, et en les utilisant, le cas \u00e9ch\u00e9ant, vous acceptez d'\u00eatre li\u00e9 par les conditions g\u00e9n\u00e9rales d'utilisation susmentionn\u00e9es. L\u2019utilisation de contenus de l'AFP se fait sous votre seule et enti\u00e8re responsabilit\u00e9.","source":"https:\/\/factuel.afp.com\/doc.afp.com.32D34R9","fact_checker":"https:\/\/belux.wpengine.com\/wp-content\/uploads\/2021\/12\/afp_logo.png","type":"\u00c9v\u00e9nement ferm\u00e9","location":"","start_date":"","start_date_event_begins_at":"","start_date_event_ends_at":"","end_date":"","end_date_event_begins_at":"","end_date_event_ends_at":"","organizer":"","fact_checker_logo_image":false},"yoast_head":"<!-- This site is optimized with the Yoast SEO plugin v27.0 - https:\/\/yoast.com\/product\/yoast-seo-wordpress\/ -->\n<title>Un &quot;blocus ill\u00e9gal&quot; de la Lituanie vers l&#039;enclave russe de Kaliningrad? Attention, c&#039;est trompeur - EDMO Belux<\/title>\n<meta name=\"robots\" content=\"index, follow, max-snippet:-1, max-image-preview:large, max-video-preview:-1\" \/>\n<link rel=\"canonical\" href=\"https:\/\/belux.edmo.eu\/fr\/un-blocus-illgal-de-la-lituanie-vers-lenclave-russe-de-kaliningrad-attention-cest-trompeur\/\" \/>\n<meta property=\"og:locale\" content=\"fr_FR\" \/>\n<meta property=\"og:type\" content=\"article\" \/>\n<meta property=\"og:title\" content=\"Un &quot;blocus ill\u00e9gal&quot; de la Lituanie vers l&#039;enclave russe de Kaliningrad? Attention, c&#039;est trompeur - EDMO Belux\" \/>\n<meta property=\"og:description\" content=\"C&#039;est un petit morceau de territoire russe qui pourrait se transformer en poudri\u00e8re en plein conflit russo-ukrainien. L&#039;enclave de Kaliningrad, situ\u00e9e sur la mer Baltique, \u00e0 mille kilom\u00e8tres de Moscou, est un avant-poste militaire russe en Europe hautement strat\u00e9gique pour Moscou.\" \/>\n<meta property=\"og:url\" content=\"https:\/\/belux.edmo.eu\/fr\/un-blocus-illgal-de-la-lituanie-vers-lenclave-russe-de-kaliningrad-attention-cest-trompeur\/\" \/>\n<meta property=\"og:site_name\" content=\"EDMO Belux\" \/>\n<meta property=\"article:published_time\" content=\"2022-07-19T09:47:12+00:00\" \/>\n<meta property=\"article:modified_time\" content=\"2022-07-19T14:42:05+00:00\" \/>\n<meta property=\"og:image\" content=\"https:\/\/belux.edmo.eu\/wp-content\/uploads\/2022\/07\/95a479bcb77c676b4a91bc6686456ddc6380b740-ipad-3.jpg\" \/>\n\t<meta property=\"og:image:width\" content=\"1080\" \/>\n\t<meta property=\"og:image:height\" content=\"791\" \/>\n\t<meta property=\"og:image:type\" content=\"image\/jpeg\" \/>\n<meta name=\"author\" content=\"master\" \/>\n<meta name=\"twitter:card\" content=\"summary_large_image\" \/>\n<meta name=\"twitter:creator\" content=\"@Edmo_Belux\" \/>\n<meta name=\"twitter:site\" content=\"@Edmo_Belux\" \/>\n<meta name=\"twitter:label1\" content=\"\u00c9crit par\" \/>\n\t<meta name=\"twitter:data1\" content=\"master\" \/>\n\t<meta name=\"twitter:label2\" content=\"Dur\u00e9e de lecture estim\u00e9e\" \/>\n\t<meta name=\"twitter:data2\" content=\"10 minutes\" \/>\n<script type=\"application\/ld+json\" class=\"yoast-schema-graph\">{\"@context\":\"https:\/\/schema.org\",\"@graph\":[{\"@type\":\"Article\",\"@id\":\"https:\/\/belux.edmo.eu\/fr\/un-blocus-illgal-de-la-lituanie-vers-lenclave-russe-de-kaliningrad-attention-cest-trompeur\/#article\",\"isPartOf\":{\"@id\":\"https:\/\/belux.edmo.eu\/fr\/un-blocus-illgal-de-la-lituanie-vers-lenclave-russe-de-kaliningrad-attention-cest-trompeur\/\"},\"author\":{\"name\":\"master\",\"@id\":\"https:\/\/belux.edmo.eu\/#\/schema\/person\/dbe3b252258537fd318f9b5645a30342\"},\"headline\":\"Un \u00ab\u00a0blocus ill\u00e9gal\u00a0\u00bb de la Lituanie vers l&rsquo;enclave russe de Kaliningrad? Attention, c&rsquo;est trompeur\",\"datePublished\":\"2022-07-19T09:47:12+00:00\",\"dateModified\":\"2022-07-19T14:42:05+00:00\",\"mainEntityOfPage\":{\"@id\":\"https:\/\/belux.edmo.eu\/fr\/un-blocus-illgal-de-la-lituanie-vers-lenclave-russe-de-kaliningrad-attention-cest-trompeur\/\"},\"wordCount\":2038,\"publisher\":{\"@id\":\"https:\/\/belux.edmo.eu\/#organization\"},\"image\":{\"@id\":\"https:\/\/belux.edmo.eu\/fr\/un-blocus-illgal-de-la-lituanie-vers-lenclave-russe-de-kaliningrad-attention-cest-trompeur\/#primaryimage\"},\"thumbnailUrl\":\"https:\/\/belux.edmo.eu\/wp-content\/uploads\/2022\/07\/95a479bcb77c676b4a91bc6686456ddc6380b740-ipad-3.jpg\",\"articleSection\":[\"Economie\",\"Fact-Check\",\"Politique\",\"Ukraine\"],\"inLanguage\":\"fr-FR\"},{\"@type\":\"WebPage\",\"@id\":\"https:\/\/belux.edmo.eu\/fr\/un-blocus-illgal-de-la-lituanie-vers-lenclave-russe-de-kaliningrad-attention-cest-trompeur\/\",\"url\":\"https:\/\/belux.edmo.eu\/fr\/un-blocus-illgal-de-la-lituanie-vers-lenclave-russe-de-kaliningrad-attention-cest-trompeur\/\",\"name\":\"Un \\\"blocus ill\u00e9gal\\\" de la Lituanie vers l'enclave russe de Kaliningrad? Attention, c'est trompeur - EDMO Belux\",\"isPartOf\":{\"@id\":\"https:\/\/belux.edmo.eu\/#website\"},\"primaryImageOfPage\":{\"@id\":\"https:\/\/belux.edmo.eu\/fr\/un-blocus-illgal-de-la-lituanie-vers-lenclave-russe-de-kaliningrad-attention-cest-trompeur\/#primaryimage\"},\"image\":{\"@id\":\"https:\/\/belux.edmo.eu\/fr\/un-blocus-illgal-de-la-lituanie-vers-lenclave-russe-de-kaliningrad-attention-cest-trompeur\/#primaryimage\"},\"thumbnailUrl\":\"https:\/\/belux.edmo.eu\/wp-content\/uploads\/2022\/07\/95a479bcb77c676b4a91bc6686456ddc6380b740-ipad-3.jpg\",\"datePublished\":\"2022-07-19T09:47:12+00:00\",\"dateModified\":\"2022-07-19T14:42:05+00:00\",\"breadcrumb\":{\"@id\":\"https:\/\/belux.edmo.eu\/fr\/un-blocus-illgal-de-la-lituanie-vers-lenclave-russe-de-kaliningrad-attention-cest-trompeur\/#breadcrumb\"},\"inLanguage\":\"fr-FR\",\"potentialAction\":[{\"@type\":\"ReadAction\",\"target\":[\"https:\/\/belux.edmo.eu\/fr\/un-blocus-illgal-de-la-lituanie-vers-lenclave-russe-de-kaliningrad-attention-cest-trompeur\/\"]}]},{\"@type\":\"ImageObject\",\"inLanguage\":\"fr-FR\",\"@id\":\"https:\/\/belux.edmo.eu\/fr\/un-blocus-illgal-de-la-lituanie-vers-lenclave-russe-de-kaliningrad-attention-cest-trompeur\/#primaryimage\",\"url\":\"https:\/\/belux.edmo.eu\/wp-content\/uploads\/2022\/07\/95a479bcb77c676b4a91bc6686456ddc6380b740-ipad-3.jpg\",\"contentUrl\":\"https:\/\/belux.edmo.eu\/wp-content\/uploads\/2022\/07\/95a479bcb77c676b4a91bc6686456ddc6380b740-ipad-3.jpg\",\"width\":1080,\"height\":791,\"caption\":\"Un \\\"blocus ill\u00e9gal\\\" de la Lituanie vers l'enclave russe de Kaliningrad? Attention, c'est trompeur - Featured image\"},{\"@type\":\"BreadcrumbList\",\"@id\":\"https:\/\/belux.edmo.eu\/fr\/un-blocus-illgal-de-la-lituanie-vers-lenclave-russe-de-kaliningrad-attention-cest-trompeur\/#breadcrumb\",\"itemListElement\":[{\"@type\":\"ListItem\",\"position\":1,\"name\":\"Home\",\"item\":\"https:\/\/belux.edmo.eu\/fr\/\"},{\"@type\":\"ListItem\",\"position\":2,\"name\":\"Un &#8220;blocus ill\u00e9gal&#8221; de la Lituanie vers l&#8217;enclave russe de Kaliningrad? Attention, c&#8217;est trompeur\"}]},{\"@type\":\"WebSite\",\"@id\":\"https:\/\/belux.edmo.eu\/#website\",\"url\":\"https:\/\/belux.edmo.eu\/\",\"name\":\"EDMO Belux\",\"description\":\"Monitoring Disinformation in Belgium and Luxembourg\",\"publisher\":{\"@id\":\"https:\/\/belux.edmo.eu\/#organization\"},\"potentialAction\":[{\"@type\":\"SearchAction\",\"target\":{\"@type\":\"EntryPoint\",\"urlTemplate\":\"https:\/\/belux.edmo.eu\/?s={search_term_string}\"},\"query-input\":{\"@type\":\"PropertyValueSpecification\",\"valueRequired\":true,\"valueName\":\"search_term_string\"}}],\"inLanguage\":\"fr-FR\"},{\"@type\":\"Organization\",\"@id\":\"https:\/\/belux.edmo.eu\/#organization\",\"name\":\"EDMO Belux\",\"url\":\"https:\/\/belux.edmo.eu\/\",\"logo\":{\"@type\":\"ImageObject\",\"inLanguage\":\"fr-FR\",\"@id\":\"https:\/\/belux.edmo.eu\/#\/schema\/logo\/image\/\",\"url\":\"https:\/\/belux.edmo.eu\/wp-content\/uploads\/2021\/12\/belux-logo-full-color-rgb.svg\",\"contentUrl\":\"https:\/\/belux.edmo.eu\/wp-content\/uploads\/2021\/12\/belux-logo-full-color-rgb.svg\",\"width\":1,\"height\":1,\"caption\":\"EDMO Belux\"},\"image\":{\"@id\":\"https:\/\/belux.edmo.eu\/#\/schema\/logo\/image\/\"},\"sameAs\":[\"https:\/\/x.com\/Edmo_Belux\"]},{\"@type\":\"Person\",\"@id\":\"https:\/\/belux.edmo.eu\/#\/schema\/person\/dbe3b252258537fd318f9b5645a30342\",\"name\":\"master\",\"sameAs\":[\"https:\/\/belux.wpengine.com\"],\"url\":\"https:\/\/belux.edmo.eu\/fr\/author\/master\/\"}]}<\/script>\n<!-- \/ Yoast SEO plugin. -->","yoast_head_json":{"title":"Un \"blocus ill\u00e9gal\" de la Lituanie vers l'enclave russe de Kaliningrad? Attention, c'est trompeur - EDMO Belux","robots":{"index":"index","follow":"follow","max-snippet":"max-snippet:-1","max-image-preview":"max-image-preview:large","max-video-preview":"max-video-preview:-1"},"canonical":"https:\/\/belux.edmo.eu\/fr\/un-blocus-illgal-de-la-lituanie-vers-lenclave-russe-de-kaliningrad-attention-cest-trompeur\/","og_locale":"fr_FR","og_type":"article","og_title":"Un \"blocus ill\u00e9gal\" de la Lituanie vers l'enclave russe de Kaliningrad? Attention, c'est trompeur - EDMO Belux","og_description":"C'est un petit morceau de territoire russe qui pourrait se transformer en poudri\u00e8re en plein conflit russo-ukrainien. L'enclave de Kaliningrad, situ\u00e9e sur la mer Baltique, \u00e0 mille kilom\u00e8tres de Moscou, est un avant-poste militaire russe en Europe hautement strat\u00e9gique pour Moscou.","og_url":"https:\/\/belux.edmo.eu\/fr\/un-blocus-illgal-de-la-lituanie-vers-lenclave-russe-de-kaliningrad-attention-cest-trompeur\/","og_site_name":"EDMO Belux","article_published_time":"2022-07-19T09:47:12+00:00","article_modified_time":"2022-07-19T14:42:05+00:00","og_image":[{"width":1080,"height":791,"url":"https:\/\/belux.edmo.eu\/wp-content\/uploads\/2022\/07\/95a479bcb77c676b4a91bc6686456ddc6380b740-ipad-3.jpg","type":"image\/jpeg"}],"author":"master","twitter_card":"summary_large_image","twitter_creator":"@Edmo_Belux","twitter_site":"@Edmo_Belux","twitter_misc":{"\u00c9crit par":"master","Dur\u00e9e de lecture estim\u00e9e":"10 minutes"},"schema":{"@context":"https:\/\/schema.org","@graph":[{"@type":"Article","@id":"https:\/\/belux.edmo.eu\/fr\/un-blocus-illgal-de-la-lituanie-vers-lenclave-russe-de-kaliningrad-attention-cest-trompeur\/#article","isPartOf":{"@id":"https:\/\/belux.edmo.eu\/fr\/un-blocus-illgal-de-la-lituanie-vers-lenclave-russe-de-kaliningrad-attention-cest-trompeur\/"},"author":{"name":"master","@id":"https:\/\/belux.edmo.eu\/#\/schema\/person\/dbe3b252258537fd318f9b5645a30342"},"headline":"Un \u00ab\u00a0blocus ill\u00e9gal\u00a0\u00bb de la Lituanie vers l&rsquo;enclave russe de Kaliningrad? Attention, c&rsquo;est trompeur","datePublished":"2022-07-19T09:47:12+00:00","dateModified":"2022-07-19T14:42:05+00:00","mainEntityOfPage":{"@id":"https:\/\/belux.edmo.eu\/fr\/un-blocus-illgal-de-la-lituanie-vers-lenclave-russe-de-kaliningrad-attention-cest-trompeur\/"},"wordCount":2038,"publisher":{"@id":"https:\/\/belux.edmo.eu\/#organization"},"image":{"@id":"https:\/\/belux.edmo.eu\/fr\/un-blocus-illgal-de-la-lituanie-vers-lenclave-russe-de-kaliningrad-attention-cest-trompeur\/#primaryimage"},"thumbnailUrl":"https:\/\/belux.edmo.eu\/wp-content\/uploads\/2022\/07\/95a479bcb77c676b4a91bc6686456ddc6380b740-ipad-3.jpg","articleSection":["Economie","Fact-Check","Politique","Ukraine"],"inLanguage":"fr-FR"},{"@type":"WebPage","@id":"https:\/\/belux.edmo.eu\/fr\/un-blocus-illgal-de-la-lituanie-vers-lenclave-russe-de-kaliningrad-attention-cest-trompeur\/","url":"https:\/\/belux.edmo.eu\/fr\/un-blocus-illgal-de-la-lituanie-vers-lenclave-russe-de-kaliningrad-attention-cest-trompeur\/","name":"Un \"blocus ill\u00e9gal\" de la Lituanie vers l'enclave russe de Kaliningrad? Attention, c'est trompeur - EDMO Belux","isPartOf":{"@id":"https:\/\/belux.edmo.eu\/#website"},"primaryImageOfPage":{"@id":"https:\/\/belux.edmo.eu\/fr\/un-blocus-illgal-de-la-lituanie-vers-lenclave-russe-de-kaliningrad-attention-cest-trompeur\/#primaryimage"},"image":{"@id":"https:\/\/belux.edmo.eu\/fr\/un-blocus-illgal-de-la-lituanie-vers-lenclave-russe-de-kaliningrad-attention-cest-trompeur\/#primaryimage"},"thumbnailUrl":"https:\/\/belux.edmo.eu\/wp-content\/uploads\/2022\/07\/95a479bcb77c676b4a91bc6686456ddc6380b740-ipad-3.jpg","datePublished":"2022-07-19T09:47:12+00:00","dateModified":"2022-07-19T14:42:05+00:00","breadcrumb":{"@id":"https:\/\/belux.edmo.eu\/fr\/un-blocus-illgal-de-la-lituanie-vers-lenclave-russe-de-kaliningrad-attention-cest-trompeur\/#breadcrumb"},"inLanguage":"fr-FR","potentialAction":[{"@type":"ReadAction","target":["https:\/\/belux.edmo.eu\/fr\/un-blocus-illgal-de-la-lituanie-vers-lenclave-russe-de-kaliningrad-attention-cest-trompeur\/"]}]},{"@type":"ImageObject","inLanguage":"fr-FR","@id":"https:\/\/belux.edmo.eu\/fr\/un-blocus-illgal-de-la-lituanie-vers-lenclave-russe-de-kaliningrad-attention-cest-trompeur\/#primaryimage","url":"https:\/\/belux.edmo.eu\/wp-content\/uploads\/2022\/07\/95a479bcb77c676b4a91bc6686456ddc6380b740-ipad-3.jpg","contentUrl":"https:\/\/belux.edmo.eu\/wp-content\/uploads\/2022\/07\/95a479bcb77c676b4a91bc6686456ddc6380b740-ipad-3.jpg","width":1080,"height":791,"caption":"Un \"blocus ill\u00e9gal\" de la Lituanie vers l'enclave russe de Kaliningrad? Attention, c'est trompeur - Featured image"},{"@type":"BreadcrumbList","@id":"https:\/\/belux.edmo.eu\/fr\/un-blocus-illgal-de-la-lituanie-vers-lenclave-russe-de-kaliningrad-attention-cest-trompeur\/#breadcrumb","itemListElement":[{"@type":"ListItem","position":1,"name":"Home","item":"https:\/\/belux.edmo.eu\/fr\/"},{"@type":"ListItem","position":2,"name":"Un &#8220;blocus ill\u00e9gal&#8221; de la Lituanie vers l&#8217;enclave russe de Kaliningrad? Attention, c&#8217;est trompeur"}]},{"@type":"WebSite","@id":"https:\/\/belux.edmo.eu\/#website","url":"https:\/\/belux.edmo.eu\/","name":"EDMO Belux","description":"Monitoring Disinformation in Belgium and Luxembourg","publisher":{"@id":"https:\/\/belux.edmo.eu\/#organization"},"potentialAction":[{"@type":"SearchAction","target":{"@type":"EntryPoint","urlTemplate":"https:\/\/belux.edmo.eu\/?s={search_term_string}"},"query-input":{"@type":"PropertyValueSpecification","valueRequired":true,"valueName":"search_term_string"}}],"inLanguage":"fr-FR"},{"@type":"Organization","@id":"https:\/\/belux.edmo.eu\/#organization","name":"EDMO Belux","url":"https:\/\/belux.edmo.eu\/","logo":{"@type":"ImageObject","inLanguage":"fr-FR","@id":"https:\/\/belux.edmo.eu\/#\/schema\/logo\/image\/","url":"https:\/\/belux.edmo.eu\/wp-content\/uploads\/2021\/12\/belux-logo-full-color-rgb.svg","contentUrl":"https:\/\/belux.edmo.eu\/wp-content\/uploads\/2021\/12\/belux-logo-full-color-rgb.svg","width":1,"height":1,"caption":"EDMO Belux"},"image":{"@id":"https:\/\/belux.edmo.eu\/#\/schema\/logo\/image\/"},"sameAs":["https:\/\/x.com\/Edmo_Belux"]},{"@type":"Person","@id":"https:\/\/belux.edmo.eu\/#\/schema\/person\/dbe3b252258537fd318f9b5645a30342","name":"master","sameAs":["https:\/\/belux.wpengine.com"],"url":"https:\/\/belux.edmo.eu\/fr\/author\/master\/"}]}},"menu_order":0,"_links":{"self":[{"href":"https:\/\/belux.edmo.eu\/fr\/wp-json\/wp\/v2\/posts\/72133","targetHints":{"allow":["GET"]}}],"collection":[{"href":"https:\/\/belux.edmo.eu\/fr\/wp-json\/wp\/v2\/posts"}],"about":[{"href":"https:\/\/belux.edmo.eu\/fr\/wp-json\/wp\/v2\/types\/post"}],"author":[{"embeddable":true,"href":"https:\/\/belux.edmo.eu\/fr\/wp-json\/wp\/v2\/users\/1"}],"replies":[{"embeddable":true,"href":"https:\/\/belux.edmo.eu\/fr\/wp-json\/wp\/v2\/comments?post=72133"}],"version-history":[{"count":0,"href":"https:\/\/belux.edmo.eu\/fr\/wp-json\/wp\/v2\/posts\/72133\/revisions"}],"wp:featuredmedia":[{"embeddable":true,"href":"https:\/\/belux.edmo.eu\/fr\/wp-json\/wp\/v2\/media\/72128"}],"wp:attachment":[{"href":"https:\/\/belux.edmo.eu\/fr\/wp-json\/wp\/v2\/media?parent=72133"}],"wp:term":[{"taxonomy":"category","embeddable":true,"href":"https:\/\/belux.edmo.eu\/fr\/wp-json\/wp\/v2\/categories?post=72133"},{"taxonomy":"post_tag","embeddable":true,"href":"https:\/\/belux.edmo.eu\/fr\/wp-json\/wp\/v2\/tags?post=72133"}],"curies":[{"name":"wp","href":"https:\/\/api.w.org\/{rel}","templated":true}]}}