{"id":75116,"date":"2022-07-25T09:00:31","date_gmt":"2022-07-25T09:00:31","guid":{"rendered":"https:\/\/belux.edmo.eu\/?p=75116"},"modified":"2022-07-26T12:51:03","modified_gmt":"2022-07-26T12:51:03","slug":"la-voiture-lectrique-est-elle-plus-nocive-pour-lenvironnement-que-la-voiture-moteur-thermique","status":"publish","type":"post","link":"https:\/\/belux.edmo.eu\/fr\/la-voiture-lectrique-est-elle-plus-nocive-pour-lenvironnement-que-la-voiture-moteur-thermique\/","title":{"rendered":"La voiture \u00e9lectrique est-elle plus nocive pour l\u2019environnement que la voiture \u00e0 moteur thermique\u00a0?"},"content":{"rendered":"<p><strong>Sur les r\u00e9seaux sociaux, de nombreux internautes remettent en question l&rsquo;impact des voitures \u00e9lectriques sur sur l\u2019environnement. Selon eux, les voitures \u00e9lectriques ne sont pas une solution pour limiter la pollution car elles seraient en fait plus nocives pour l\u2019environnement que les voitures thermiques. La production des v\u00e9hicules \u00e9lectriques est, en effet, plus polluante que celle des moteurs \u00e0 combustibles. Mais pour calculer l\u2019impact global d\u2019un v\u00e9hicule sur l\u2019environnement, il est n\u00e9cessaire de prendre en compte l\u2019ensemble de son cycle de vie. La production des voitures \u00e9lectriques a un co\u00fbt environnemental plus important. Cependant, sur une dur\u00e9e de vie normale, un v\u00e9hicule \u00e9lectrique qui circule en Europe a un impact \u00e9cologique inf\u00e9rieur \u00e0 celui d\u2019un v\u00e9hicule dot\u00e9 d\u2019un moteur \u00e0 combustion, aux caract\u00e9ristiques semblables (poids et dimensions).<\/strong><\/p>\n<p>De nombreux \u00e9changes sur les r\u00e9seaux sociaux pointent les voitures \u00e9lectriques. Sur Twitter (<a href=\"https:\/\/web.archive.org\/web\/20220130085450\/https:\/\/twitter.com\/ChandelonR\/status\/1487709983567454211\" target=\"_blank\" rel=\"noopener\">1<\/a>,\u00a0<a href=\"https:\/\/web.archive.org\/web\/20220617213835\/https:\/\/twitter.com\/JacquesMiel\/status\/1537912350455369729\">2<\/a>) notamment, des internautes estiment que la voiture \u00e0 moteur \u00e9lectrique est une \u00ab\u00a0escroquerie\u00a0\u00bb \u00e9cologique car elle serait en fin de compte plus polluante que la voiture \u00e0 moteur thermique.<\/p>\n<p>Dans cette publication, un Twitto estime que \u00ab\u00a0d\u2019apr\u00e8s les sp\u00e9cialistes, la voiture \u00e9lectrique serait plus polluante que le moteur diesel\u00a0\u00bb.<\/p>\n<div class=\"box-border flex w-full max-w-row flex-wrap justify-center bg-background-light dark:bg-background-dark py-6 sm:py-8 md:py-12\">\n<div class=\"container box-border max-w-container max-w-[720px] py-10 px-6 sm:py-8 sm:px-8 md:py-12 md:px-12\">\n<div class=\"grid w-full grid-cols-1 rounded-md bg-card-light p-16 shadow-base dark:bg-card-dark md:p-20\">\n<div class=\"relative w-full undefined\">\n<div class=\"image_img-container--responsive-auto__gEj1I\"><img class=\"image_img--responsive-auto__4s6x1\" src=\"https:\/\/ds.static.rtbf.be\/article\/image\/1920xAuto\/4\/8\/b\/94739e5a5164b4d2396e253a11d57044-1658325332.jpg\" sizes=\"(min-width: 760px) 656px, calc(90.91vw - 17px)\" srcset=\"https:\/\/ds.static.rtbf.be\/article\/image\/180xAuto\/4\/8\/b\/94739e5a5164b4d2396e253a11d57044-1658325332.jpg 180w, https:\/\/ds.static.rtbf.be\/article\/image\/370xAuto\/4\/8\/b\/94739e5a5164b4d2396e253a11d57044-1658325332.jpg 370w, https:\/\/ds.static.rtbf.be\/article\/image\/770xAuto\/4\/8\/b\/94739e5a5164b4d2396e253a11d57044-1658325332.jpg 770w, https:\/\/ds.static.rtbf.be\/article\/image\/1248xAuto\/4\/8\/b\/94739e5a5164b4d2396e253a11d57044-1658325332.jpg 1248w, https:\/\/ds.static.rtbf.be\/article\/image\/1920xAuto\/4\/8\/b\/94739e5a5164b4d2396e253a11d57044-1658325332.jpg 1920w\" alt=\"\" data-nimg=\"fill\" \/><\/div>\n<\/div>\n<div class=\"pt-16 dark:text-white\"><em><span class=\"text-14 font-normal italic leading-normal\">Capture d\u2019\u00e9cran Twitter<\/span><\/em><\/div>\n<div><\/div>\n<\/div>\n<\/div>\n<\/div>\n<div class=\"box-border flex w-full max-w-row flex-wrap justify-center bg-background-light dark:bg-background-dark py-6 sm:py-8 md:py-12\">\n<div class=\"container box-border max-w-container max-w-[720px] py-10 px-6 sm:py-8 sm:px-8 md:py-12 md:px-12\">\n<div class=\"text-content-900 prose leading-loose dark:text-content-100 dark:prose-headings:text-content-100 dark:prose-a:bg-navy-blue-700 dark:prose-a:text-navy-blue-100 dark:prose-a:visited:bg-navy-blue-700 dark:prose-a:visited:text-teal-200 dark:prose-a:hover:bg-navy-blue-500 dark:prose-a:hover:text-navy-blue-100 dark:prose-a:focus:outline-focus dark:prose-blockquote:text-sand-100 dark:prose-code:text-sand-100 dark:prose-pre:bg-[#1f2227] dark:prose-pre:text-[#639bee] dark:prose-li:before:text-primary dark:prose-thead:bg-purple-500 dark:prose-thead:text-primary dark:prose-tr:border-b-purple-500 dark:prose-hr:border-navy-blue-800 md:prose-md lg:prose-lg lg:prose-h1:text-36 lg:prose-h1:leading-[2.75rem] lg:prose-h2:text-28 lg:prose-h2:leading-[2.125rem] lg:prose-h3:text-24 lg:prose-h3:leading-[1.8125rem] lg:prose-p:text-16 lg:prose-p:leading-32 lg:prose-blockquote:py-60 lg:prose-blockquote:pr-[5rem] lg:prose-blockquote:pl-[6rem]\">\n<div>\n<p>Ces affirmations sont \u00e9galement le reflet\u00a0de d\u00e9bats qui ont lieu entre partisans et opposants aux voitures \u00e9lectriques.<\/p>\n<p>Des d\u00e9bats ranim\u00e9s dans le courant du mois de juin\u00a02022 suite \u00e0 l\u2019annonce de\u00a0<a href=\"https:\/\/www.rtbf.be\/article\/des-2035-fini-les-moteurs-thermiques-en-europe-les-27-etats-membres-ont-approuve-le-plan-climat-de-l-union-europeenne-11021662\">la d\u00e9cision de l\u2019Union europ\u00e9enne \u00ab\u00a0<em>de r\u00e9duire \u00e0 z\u00e9ro les \u00e9missions de CO2 des voitures neuves en Europe \u00e0 partir de\u00a02035<\/em>\u00ab\u00a0<\/a>, soit de facto, l\u2019interdiction de la vente de voitures \u00e0 moteurs thermiques \u00e0 cette \u00e9ch\u00e9ance.<\/p>\n<p>Au-del\u00e0 du d\u00e9fi que cela repr\u00e9sente au niveau de la progression de l\u2019autonomie des v\u00e9hicules \u00e9lectriques et des\u00a0<a href=\"https:\/\/gocar.be\/fr\/actu-auto\/electrique\/un-besoin-de-65-millions-de-bornes-de-recharge-dici-2035\" target=\"_blank\" rel=\"noopener\">capacit\u00e9s de recharge avec la disponibilit\u00e9 de bornes \u00e9lectriques<\/a>, l\u2019impact \u00e9cologique r\u00e9el de la d\u00e9cision de l\u2019UE est contest\u00e9e par certains opposants qui y voient une d\u00e9cision \u00ab\u00a0<em>id\u00e9ologique<\/em>\u00a0\u00bb mais \u00ab\u00a0<em>sans fondements<\/em>\u00ab\u00a0.<\/p>\n<p>La\u00a0voiture \u00e9lectrique est-elle plus nocive pour l\u2019environnement que la voiture \u00e0 moteur \u00e0 essence ou diesel\u00a0? Qu\u2019en est-il r\u00e9ellement\u00a0?<\/p>\n<p><strong>Un calcul global \u00e0 faire en prenant en compte l\u2019ensemble du \u00ab\u00a0cycle de vie\u00a0\u00bb d\u2019un v\u00e9hicule<\/strong><\/p>\n<\/div>\n<\/div>\n<\/div>\n<\/div>\n<p>Afin d\u2019\u00e9valuer l\u2019impact \u00e9cologique global d\u2019un v\u00e9hicule \u00e9lectrique avec celui d\u2019un v\u00e9hicule thermique, il faut avant tout pouvoir comparer deux v\u00e9hicules aux caract\u00e9ristiques similaires (poids et dimensions).<\/p>\n<p>Francesco Contino, ing\u00e9nieur en \u00e9lectrom\u00e9canique et professeur \u00e0 l\u2019UCLouvain, explique que pour r\u00e9aliser ce calcul il faut \u00e9galement prendre en compte l\u2019ensemble du cycle de vie d\u2019un v\u00e9hicule, \u00e0 savoir : sa production, son utilisation et enfin son recyclage ou d\u00e9mant\u00e8lement.<\/p>\n<p><strong>Consommation de CO2 plus \u00e9lev\u00e9e que pour produire le moteur \u00e9lectrique et d\u00e9localisation de la pollution<\/strong><\/p>\n<p>La production d\u2019un v\u00e9hicule \u00e9lectrique semblable \u00e0 un v\u00e9hicule thermique met en \u0153uvre des moyens en partie similaires. Cependant, la voiture \u00e9lectrique\u00a0n\u00e9cessite la fabrication d\u2019une batterie afin d\u2019y stocker l\u2019\u00e9nergie qui sera n\u00e9cessaire \u00e0 son utilisation.<\/p>\n<p>\u00ab\u00a0<em>Cette batterie a besoin d\u2019une grande quantit\u00e9 d\u2019\u00e9nergie pour \u00eatre produite. Elle est par ailleurs souvent produite en Chine qui utilise principalement du charbon pour produire son \u00e9lectricit\u00e9. Au final, ce\u00a0processus de fabrication de la batterie est actuellement tr\u00e8s \u00e9nergivore et peu \u00e9cologique<\/em>\u00ab\u00a0, indique M. Contino.<\/p>\n<p>Le poids des batteries est un \u00e9l\u00e9ment qui explique son c\u00f4t\u00e9 \u00e9nergivore, notamment en termes d\u2019\u00e9mission de CO2.\u00a0\u00ab\u00a0<em>Pour faire une batterie, on d\u00e9place non seulement l\u2019\u00e9nergie qu\u2019on stocke, mais aussi de l\u2019usine pour\u00a0la stocker. C\u2019est une usine \u00e0 conversion \u00e9lectrochimique.\u00a0Et donc, quand vous d\u00e9placez votre usine avec vous, \u00e7a p\u00e8se relativement lourd. Quand on stocke une unit\u00e9 d\u2019\u00e9nergie dans une batterie, on transporte tout un tas d\u2019autres choses avec cette \u00e9nergie. Cela p\u00e8se tr\u00e8s lourd\u00a0par rapport \u00e0 un r\u00e9servoir de carburant. On fait facilement fois\u00a0dix, voire fois vingt\u00a0en termes de poids<\/em>\u00ab\u00a0, d\u00e9taille le professeur de l\u2019UCLouvain.<\/p>\n<p>M. Contino pr\u00e9cise \u00e9galement que les mat\u00e9riaux utilis\u00e9s pour fabriquer les batteries ont un co\u00fbt qui n\u2019est pas que financier\u00a0: \u00ab\u00a0<em>On doit aller extraire ces mat\u00e9riaux dans des mines, on doit les raffiner, on doit les mettre en forme, on doit les packager\u2026 Et donc tout \u00e7a co\u00fbte \u00e9norm\u00e9ment d\u2019\u00e9nergie et de par le fait m\u00eame le fait qu\u2019on utilise de l\u2019\u00e9nergie qui vient du fossile, cela \u00e9met \u00e9galement beaucoup de CO2. On estime que, dans une voiture \u00e9lectrique la moiti\u00e9\u00a0des \u00e9missions de CO2 lors de sa fabrication\u00a0sont li\u00e9es \u00e0 la batterie<\/em>\u00ab\u00a0.<\/p>\n<p>Il y a \u00e9galement de nombreuses\u00a0questions\u00a0<a href=\"https:\/\/www.rtbf.be\/article\/extraction-du-cobalt-et-droits-humains-amnesty-etablit-un-classement-des-geants-de-l-electronique-9763172\">\u00e9thiques<\/a>\u00a0et\u00a0<a href=\"https:\/\/www.francetvinfo.fr\/economie\/automobile\/diesel\/pourquoi-la-voiture-electrique-pollue-plus-que-ce-que-vous-pensez_3030669.html\" target=\"_blank\" rel=\"noopener\">environnementales<\/a>\u00a0qui entourent l\u2019exploitation des mat\u00e9riaux n\u00e9cessaires \u00e0 la production de ces batteries lithium ion comme le cobalt ou le nickel.<\/p>\n<p>Globalement, la production d\u2019un v\u00e9hicule \u00e9lectrique est plus consommatrice en CO2 qu\u2019un v\u00e9hicule \u00e0 combustion. Selon diff\u00e9rents chiffres et \u00e9tudes, l\u2019\u00e9cart serait de\u00a0<a href=\"https:\/\/www.cnbc.com\/2021\/07\/26\/lifetime-emissions-of-evs-are-lower-than-gasoline-cars-experts-say.html\" target=\"_blank\" rel=\"noopener\">30%<\/a>\u00a0\u00e0\u00a0<a href=\"https:\/\/www.volvocars.com\/images\/v\/-\/media\/Market-Assets\/INTL\/Applications\/DotCom\/PDF\/C40\/Volvo-C40-Recharge-LCA-report.pdf\" target=\"_blank\" rel=\"noopener\">70%<\/a>\u00a0en faveur de la voiture \u00e0 moteur thermique. Une fourchette assez large car ces chiffres d\u00e9pendent de nombreux param\u00e8tres, notamment du pays dans lequel le v\u00e9hicule est produit.<\/p>\n<p>L\u2019agence de presse\u00a0<a href=\"https:\/\/www.reuters.com\/business\/autos-transportation\/when-do-electric-vehicles-become-cleaner-than-gasoline-cars-2021-06-29\/\" target=\"_blank\" rel=\"noopener\">Reuters<\/a>\u00a0a \u00e9galement calcul\u00e9 la quantit\u00e9 moyenne de CO2 n\u00e9cessaire avant qu\u2019une voiture n\u2019arrive chez le client\u00a0: elle est de 8,1\u00a0millions de grammes pour une voiture \u00e9lectrique et de 5,5\u00a0millions de grammes pour une voiture \u00e0 moteur thermique. Soit une diff\u00e9rence de\u00a047% en d\u00e9faveur de la voiture \u00e9lectrique pour sa production.<\/p>\n<p><strong>Faible impact de la voiture \u00e9lectrique sur l\u2019environnement, \u00e0 l\u2019usage<\/strong><\/p>\n<div class=\"box-border flex w-full max-w-row flex-wrap justify-center bg-background-light dark:bg-background-dark py-6 sm:py-8 md:py-12\">\n<div class=\"container box-border max-w-container max-w-[720px] py-10 px-6 sm:py-8 sm:px-8 md:py-12 md:px-12\">\n<div class=\"text-content-900 prose leading-loose dark:text-content-100 dark:prose-headings:text-content-100 dark:prose-a:bg-navy-blue-700 dark:prose-a:text-navy-blue-100 dark:prose-a:visited:bg-navy-blue-700 dark:prose-a:visited:text-teal-200 dark:prose-a:hover:bg-navy-blue-500 dark:prose-a:hover:text-navy-blue-100 dark:prose-a:focus:outline-focus dark:prose-blockquote:text-sand-100 dark:prose-code:text-sand-100 dark:prose-pre:bg-[#1f2227] dark:prose-pre:text-[#639bee] dark:prose-li:before:text-primary dark:prose-thead:bg-purple-500 dark:prose-thead:text-primary dark:prose-tr:border-b-purple-500 dark:prose-hr:border-navy-blue-800 md:prose-md lg:prose-lg lg:prose-h1:text-36 lg:prose-h1:leading-[2.75rem] lg:prose-h2:text-28 lg:prose-h2:leading-[2.125rem] lg:prose-h3:text-24 lg:prose-h3:leading-[1.8125rem] lg:prose-p:text-16 lg:prose-p:leading-32 lg:prose-blockquote:py-60 lg:prose-blockquote:pr-[5rem] lg:prose-blockquote:pl-[6rem]\">\n<div>\n<p>Une fois arriv\u00e9e chez le client, le v\u00e9hicule \u00e9lectrique se trouve avec un \u00ab\u00a0d\u00e9ficit \u00e9cologique\u00a0\u00bb par rapport \u00e0 son homologue \u00e0 moteur thermique. Qu\u2019en est-il de son impact sur l\u2019environnement lors de son utilisation\u00a0? Est-il alors \u00ab\u00a0100% vert\u00a0\u00bb\u00a0?<\/p>\n<p>Si une voiture \u00e9lectrique n\u2019\u00e9met pas de CO2 lors de sa conduite, elle doit cependant \u00eatre recharg\u00e9e avec de l\u2019\u00e9lectricit\u00e9. Et cette \u00e9lectricit\u00e9 n\u2019a pas pour autant forc\u00e9ment un bilan carbone neutre.<\/p>\n<p>En fonction du pays et de l\u2019endroit o\u00f9 la voiture est recharg\u00e9e, l\u2019\u00e9lectricit\u00e9 peut \u00eatre produite de diff\u00e9rente mani\u00e8re. Elle peut \u00eatre issue des \u00e9nergies renouvelables, ce qui en limite fortement l\u2019impact en mati\u00e8re de production de CO2. Mais elle peut aussi \u00eatre produite \u00e0 partir de centrales \u00e0 charbon, ce qui a des cons\u00e9quences importantes sur les \u00e9missions.<\/p>\n<p><a href=\"https:\/\/www.transportenvironment.org\/\" target=\"_blank\" rel=\"noopener\">Transport &amp; Environment<\/a>\u00a0(la F\u00e9d\u00e9ration europ\u00e9enne pour le transport et l\u2019environnement qui\u00a0regroupe\u00a0une cinquantaine d\u2019ONG actives dans le domaine du transport et de l\u2019environnement) a \u00e9valu\u00e9 les \u00e9missions de plusieurs v\u00e9hicules \u00e9lectriques en fonction de plusieurs sc\u00e9narios.<\/p>\n<\/div>\n<\/div>\n<\/div>\n<\/div>\n<div class=\"box-border flex w-full max-w-row flex-wrap justify-center bg-background-light dark:bg-background-dark py-6 sm:py-8 md:py-12\">\n<div class=\"container box-border max-w-container max-w-[720px] py-10 px-6 sm:py-8 sm:px-8 md:py-12 md:px-12\">\n<div class=\"relative flex w-full justify-center\">\n<div class=\"w-full\">\n<div class=\"article-html-object_html-container___qi25 w-full\">\n<div>\n<div><iframe src=\"https:\/\/iframely.net\/TFGDi9A\" allowfullscreen=\"allowfullscreen\" data-mce-fragment=\"1\"><\/iframe><\/div>\n<\/div>\n<\/div>\n<\/div>\n<\/div>\n<\/div>\n<\/div>\n<div class=\"box-border flex w-full max-w-row flex-wrap justify-center bg-background-light dark:bg-background-dark py-6 sm:py-8 md:py-12\">\n<div class=\"container box-border max-w-container max-w-[720px] py-10 px-6 sm:py-8 sm:px-8 md:py-12 md:px-12\">\n<div class=\"text-content-900 prose leading-loose dark:text-content-100 dark:prose-headings:text-content-100 dark:prose-a:bg-navy-blue-700 dark:prose-a:text-navy-blue-100 dark:prose-a:visited:bg-navy-blue-700 dark:prose-a:visited:text-teal-200 dark:prose-a:hover:bg-navy-blue-500 dark:prose-a:hover:text-navy-blue-100 dark:prose-a:focus:outline-focus dark:prose-blockquote:text-sand-100 dark:prose-code:text-sand-100 dark:prose-pre:bg-[#1f2227] dark:prose-pre:text-[#639bee] dark:prose-li:before:text-primary dark:prose-thead:bg-purple-500 dark:prose-thead:text-primary dark:prose-tr:border-b-purple-500 dark:prose-hr:border-navy-blue-800 md:prose-md lg:prose-lg lg:prose-h1:text-36 lg:prose-h1:leading-[2.75rem] lg:prose-h2:text-28 lg:prose-h2:leading-[2.125rem] lg:prose-h3:text-24 lg:prose-h3:leading-[1.8125rem] lg:prose-p:text-16 lg:prose-p:leading-32 lg:prose-blockquote:py-60 lg:prose-blockquote:pr-[5rem] lg:prose-blockquote:pl-[6rem]\">\n<div>\n<p>\u00ab\u00a0<em>Dans le pire des cas, une voiture \u00e9lectrique \u00e9quip\u00e9e d\u2019une batterie produite en Chine et conduite en Pologne \u00e9met 37% de CO2 de moins qu\u2019un v\u00e9hicule qui roule \u00e0\u00a0l\u2019essence. Et dans le meilleur des cas, une voiture \u00e9lectrique \u00e9quip\u00e9e d\u2019une batterie produite en Su\u00e8de et conduite dans ce pays peut \u00e9mettre 83% de moins que l\u2019essence<\/em>\u00ab\u00a0,\u00a0<a href=\"https:\/\/www.transportenvironment.org\/discover\/how-clean-are-electric-cars\/\" target=\"_blank\" rel=\"noopener\">indique l\u2019organisation<\/a>.<\/p>\n<p>Globalement, une voiture \u00e9lectrique qui roule en Europe va donc pouvoir progressivement rattraper l\u2019\u00e9cart, au niveau des \u00e9missions de CO2, qui s\u2019est creus\u00e9 lors de sa production au cours de son utilisation. L\u00e0 encore, les estimations de la dur\u00e9e n\u00e9cessaire \u00e0 la r\u00e9duction de cet \u00e9cart d\u00e9pendent largement des conditions d\u2019utilisation.<\/p>\n<p>Le constructeur su\u00e9dois de voitures \u00e9lectriques\u00a0<a href=\"https:\/\/www.datocms-assets.com\/11286\/1630409045-polestarlcarapportprintkorr11210831.pdf\" target=\"_blank\" rel=\"noopener\">Polestar a publi\u00e9 en septembre\u00a02020 les r\u00e9sultats d\u2019analyse de l\u2019empreinte\u00a0carbone de ses v\u00e9hicules<\/a>\u00a0et a estim\u00e9 que le point d\u2019inflexion pour compenser le surplus en CO2 g\u00e9n\u00e9r\u00e9 lors de la production de ses voitures \u00e9tait, dans le meilleur des sc\u00e9narios, franchi apr\u00e8s 40.000\u00a0km d\u2019utilisation.<\/p>\n<p><strong>Une pollution via les particules fines li\u00e9es aux freins et aux pneus<\/strong><\/p>\n<p>Par ailleurs, la pollution automobile c\u2019est \u00e9galement les particules qui sont \u00e9mises dans l\u2019air lors de la combustion, comme les oxydes d\u2019azote, etc. De ce c\u00f4t\u00e9, la voiture \u00e9lectrique semble plus respectueuse de l\u2019environnement que son homologue thermique.<\/p>\n<p>Francesco Contino nuance cependant cette assertion : \u00ab\u00a0Les polluants et en particulier les particules viennent aussi des freins et des pneus qui \u00e9mettent des microparticules lorsqu\u2019ils sont utilis\u00e9s\u00a0\u00bb. Cette pollution d\u00e9pend fortement du poids des v\u00e9hicules.<\/p>\n<p>Pour le professeur sp\u00e9cialis\u00e9 dans les questions d\u2019\u00e9nergie \u00ab\u00a0le probl\u00e8me, c\u2019est que la tendance actuelle est aux v\u00e9hicules SUV. Et un gros SUV \u00e9lectrique, finalement, \u00e7a p\u00e8se tr\u00e8s lourd. Et on a des probl\u00e8mes alors puisque finalement on \u00e9met quand m\u00eame pas mal de particules lors du freinage. M\u00eame si les freins sont moins sollicit\u00e9s qu\u2019avec les voitures \u00e0 combustion car les v\u00e9hicules \u00e9lectriques utilisent des syst\u00e8mes de r\u00e9g\u00e9n\u00e9ration pour r\u00e9cup\u00e9rer l\u2019\u00e9nergie \u00e0 la d\u00e9c\u00e9l\u00e9ration avec les moteurs \u00e9lectriques. Cependant, ces \u00e9missions qui sont issues de l\u2019usure des pneus et de la route peuvent \u00eatre cons\u00e9quentes. Et donc l\u00e0, dire que \u00e7a ne pollue pas du tout, c\u2019est une erreur.\u00a0\u00bb<\/p>\n<p>Par contre, \u00ab\u00a0c\u2019est clair qu\u2019en comparaison directe pour la m\u00eame masse, une voiture \u00e9lectrique va polluer beaucoup, beaucoup moins qu\u2019une voiture thermique\u00a0\u00bb, conclut le professeur de l\u2019UCLouvain.<\/p>\n<p><strong>Pollution sonore : en faveur de la voiture \u00e9lectrique<\/strong><\/p>\n<p>Parmi les \u00e9l\u00e9ments de pollution, il y a \u00e9galement les nuisances sonores. Dans ce cas, l\u2019avantage environnemental est manifeste et en faveur du v\u00e9hicule \u00e9lectrique \u00e9galement.<\/p>\n<p>La voiture \u00e9lectrique ne produit pas de son lors de son utilisation. Cela permet notamment de r\u00e9duire la pollution sonore dans les grandes villes mais cela \u00e0 des r\u00e9percussions en mati\u00e8re de s\u00e9curit\u00e9 routi\u00e8re. D\u2019ailleurs, depuis juillet\u00a02019,\u00a0<a href=\"https:\/\/www.rtbf.be\/article\/c-est-la-fin-du-monde-du-silence-pour-les-voitures-electriques-10261338\">les v\u00e9hicules \u00e9lectriques doivent \u00e9mettre\u00a0du son, du moins lorsqu\u2019ils roulent \u00e0 moins de 20\u00a0km\/h<\/a>.<\/p>\n<p><strong>Un d\u00e9mant\u00e8lement qui implique le recyclage de la batterie<\/strong><\/p>\n<p>Apr\u00e8s leur utilisation sur la route, les v\u00e9hicules en fin de vie doivent \u00eatre d\u00e9mantel\u00e9s. Ici, le processus est semblable pour les v\u00e9hicules \u00e0 moteurs \u00e9lectriques et ceux \u00e0 moteurs thermiques\u00a0: une grande quantit\u00e9 d\u2019\u00e9l\u00e9ments sont r\u00e9cup\u00e9rables et recyclables, sous forme de pi\u00e8ces d\u00e9tach\u00e9es d\u2019occasion ou de mati\u00e8res premi\u00e8res. Ce recyclage se fait par\u00a0des professionnels.<\/p>\n<p>Cependant, il y a une diff\u00e9rence majeure.\u00a0<a href=\"https:\/\/www.carbone4.com\/analyse-faq-voiture-electrique\" target=\"_blank\" rel=\"noopener\">La batterie des voitures \u00e9lectrique est suppos\u00e9e pouvoir tenir toute la dur\u00e9e de vie du v\u00e9hicule<\/a>. Cependant, elles contiennent des mat\u00e9riaux pr\u00e9cieux et leur recyclage est important\u00a0pour r\u00e9duire la pression sur la demande de ces mat\u00e9riaux et ainsi limiter les impacts associ\u00e9s \u00e0 leur extraction.<\/p>\n<p>Si les performances de ces batteries sont encore\u00a0suffisantes, elles peuvent parfois encore servir\u00a0de solution de stockage pour\u00a0des\u00a0\u00e9nergies renouvelables. C\u2019est\u00a0notamment d\u00e9j\u00e0 le cas\u00a0\u00e0 la Johan Cruyff ArenA (le stade de l\u2019Ajax d\u2019Amsterdam), o\u00f9\u00a0<a href=\"https:\/\/www.lesnumeriques.com\/voiture\/batteries-nissan-leaf-auraient-duree-vie-22-ans-n87529.html\" target=\"_blank\" rel=\"noopener\">plusieurs dizaines de batteries issues de v\u00e9hicules \u00e9lectriques ont \u00e9t\u00e9 reconverties en syst\u00e8me de stockage d\u2019\u00e9lectricit\u00e9 de secours aliment\u00e9 par des panneaux solaires<\/a>.<\/p>\n<p>Une fois leurs performances devenues insuffisantes,\u00a0<a href=\"https:\/\/www.carbone4.com\/analyse-faq-voiture-electrique\" target=\"_blank\" rel=\"noopener\">les batteries Li-ion sont potentiellement\u00a0recyclables jusqu\u2019\u00e0 90%<\/a>. Pour autant, recyclable ne veut pas dire recycl\u00e9, et actuellement moins de 5% des batteries Li-ion en fin de vie le sont, selon un cabinet de conseil fran\u00e7ais d\u00e9di\u00e9 au \u00e0 l\u2019\u00e9nergie et au climat,\u00a0<a href=\"https:\/\/www.carbone4.com\/company\" target=\"_blank\" rel=\"noopener\">Carbone 4<\/a>.<\/p>\n<p>Les v\u00e9hicules \u00e9lectriques \u00e9mergeant seulement depuis quelques ann\u00e9es, ces\u00a0fili\u00e8res industrielles de recyclage ne sont pas encore matures. Celles-ci devraient cependant se d\u00e9velopper \u00e0 mesure que ces v\u00e9hicules \u00e9lectriques arriveront en fin de vie et que la tension sur les mati\u00e8res premi\u00e8res s\u2019accentuera. D\u2019ailleurs,\u00a0m\u00eame si le recyclage des batteries \u00e9tait optimal, la r\u00e9cup\u00e9ration des mat\u00e9riaux\u00a0ne suffirait pas \u00e0 combler la demande croissante des mati\u00e8res premi\u00e8res, comme le lithium, devenues indispensables \u00e0 la transition vers le \u00ab\u00a0100% \u00e9lectrique\u00a0\u00bb.<\/p>\n<p><strong>Recyclage des batteries, production d\u2019\u00e9lectricit\u00e9 \u00ab\u00a0verte\u00a0\u00bb et d\u00e9veloppement des bornes de recharge<\/strong><\/p>\n<p>La voiture \u00e9lectrique n\u2019est pas \u00ab\u00a0100% verte\u00a0\u00bb, comme l\u2019affirment certains de ses partisans. Son impact sur l\u2019environnement est ind\u00e9niable mais d\u00e9pend d\u2019\u00e9norm\u00e9ment de facteurs et peut varier fortement d\u2019un cas \u00e0 l\u2019autre. Dans ce cas, les voitures, hybrides sont-elles la solution\u00a0?<\/p>\n<p>Pour le v\u00e9hicule hybride, l\u2019int\u00e9r\u00eat environnemental d\u00e9pend \u00e9galement de son usage. M.\u00a0Contino estime d\u2019ailleurs\u00a0: \u00ab\u00a0<em>une<\/em>\u00a0<em>voiture hybride peut-\u00eatre pertinente pour quelqu\u2019un qui fait de\u00a0longs trajets et qui aura\u00a0plut\u00f4t tendance \u00e0 utiliser un moteur thermique pour ces longues routes et quand il arrive dans une ville, le v\u00e9hicule passe en mode hybride. C\u2019est tout \u00e0 fait pertinent tant que cela reste une voiture qui est qui est relativement d\u00e9cente en masse\u00a0\u00bb.<\/em><\/p>\n<p>Une \u00e9tude publi\u00e9e dans <a href=\"https:\/\/www.nature.com\/articles\/s41893-020-0488-7.epdf?sharing_token=4lg2y06KHwDde1LtHWmZ4tRgN0jAjWel9jnR3ZoTv0OMBHrNGD6k2npei17x4aWWLctOfIoyfalbH9WNy5EPZJy9w30IYeodKn1h_MDWDHVsFp0mmyULysHIj9L3dHmXqwchSvZ42GIPpNYkjIyI-jbqfPasm5iotJlatJ78r_9K1yxHKsVo8BXRnn77MY_z_cqMdbVRf-CnB_Pna66QmA%3D%3D&amp;tracking_referrer=www.cnbc.com\" target=\"_blank\" rel=\"noopener\">la revue scientifique Nature indiquait cependant en\u00a02020 que les voitures \u00e9lectriques \u00e9taient d\u00e9j\u00e0 utiles, dans les conditions de cette ann\u00e9e\u00a0pour lutter contre les gaz \u00e0 effets de serre dans 53 r\u00e9gions du monde sur 59<\/a>. De mani\u00e8re g\u00e9n\u00e9rale, il y a un consensus scientifique pour \u00e9tablir que la voiture \u00e9lectrique a globalement un impact moins n\u00e9gatif sur l\u2019environnement en comparaison avec son homologue thermique.<\/p>\n<p>Des recherches sont par ailleurs en cours pour limiter cet impact, notamment celui important des \u00e9missions de CO2 lors de la fabrication des batteries. La question du mix \u00e9nerg\u00e9tique, c\u2019est-\u00e0-dire\u00a0la fa\u00e7on dont chaque \u00c9tat s\u2019approvisionne en \u00e9lectricit\u00e9, est \u00e9galement l\u2019un des \u00e9l\u00e9ments cl\u00e9 pour limiter l\u2019empreinte \u00e9cologique. Plus ces sources seront neutres en carbone, plus l\u2019int\u00e9r\u00eat de rouler \u00e0 l\u2019\u00e9lectricit\u00e9 sera \u00e9lev\u00e9. \u00ab\u00a0<em>Les v\u00e9hicules \u00e9lectriques vont s\u2019am\u00e9liorer<\/em>,\u00a0estime un sp\u00e9cialiste des v\u00e9hicules \u00e9lectriques\u00a0Yannick Perez \u00e0 nos confr\u00e8res de\u00a0<a href=\"https:\/\/www.francetvinfo.fr\/economie\/automobile\/diesel\/pourquoi-la-voiture-electrique-pollue-plus-que-ce-que-vous-pensez_3030669.html\" target=\"_blank\" rel=\"noopener\">France\u00a0Info<\/a>.\u00a0<em>Leurs batteries pourront, par exemple, favoriser les \u00e9nergies renouvelables en stockant de l\u2019\u00e9nergie produite de mani\u00e8re intermittente pour d\u2019autres usages.\u00a0\u00bb<\/em>\u00a0Le d\u00e9veloppement des fili\u00e8res de recyclage, notamment des \u00e9l\u00e9ments qui composent la batterie, est un autre point cl\u00e9.<\/p>\n<p>Enfin, au-del\u00e0 de ces d\u00e9fis, de nombreuses questions li\u00e9es au d\u00e9veloppement des voitures \u00e9lectriques peuvent \u00e9galement avoir une influence sur l\u2019impact environnemental de ces v\u00e9hicules\u00a0:<\/p>\n<p>&#8211; R\u00e9glementation des conditions d\u2019extractions des mati\u00e8res premi\u00e8res au niveau \u00e9cologique.<\/p>\n<p>&#8211; Autonomie, taille, puissance, recyclage et technologies utilis\u00e9es pour les batteries.<\/p>\n<p>&#8211; Le d\u00e9veloppement du\u00a0<a href=\"https:\/\/www.rtbf.be\/article\/fin-des-voitures-thermiques-le-retrofit-une-solution-pour-la-transition-ecologique-bientot-plus-abordable-11024655\" target=\"_blank\" rel=\"noopener\">r\u00e9trofit, l\u2019\u00e9quipement d\u2019un moteur \u00e9lectrique sur\u00a0une voiture thermique<\/a>.<\/p>\n<p>&#8211; D\u00e9veloppement d\u2019alternatives comme les carburants\u00a0de synth\u00e8se, \u00ab\u00a0e-fuels\u00a0\u00bb, comme l\u2019e-methane, e-k\u00e9ros\u00e8ne, e-m\u00e9thanol produits \u00e0 partir d\u2019\u00e9lectricit\u00e9 renouvelable.<\/p>\n<p>&#8211; Les choix individuels et de soci\u00e9t\u00e9, comme la taille et la puissance des v\u00e9hicules ou l\u2019usage de voitures partag\u00e9es ou d\u2019autres moyens alternatifs \u00e0 la voiture individuelle.<\/p>\n<p>\u00c0 l\u2019heure actuelle, les voitures \u00e0 moteur \u00e9lectrique ne sont pas neutres \u00e9cologiquement mais sur une dur\u00e9e de vie normale en Europe, \u00e0 v\u00e9hicules comparables, celles-ci sont moins nocives pour l\u2019environnement. De nombreux d\u00e9fis restent \u00e0 relever pour l\u2019industrie et les \u00c9tats afin d\u2019accro\u00eetre la diff\u00e9rence avec les moteurs thermiques et limiter encore davantage l\u2019impact des voitures \u00e9lectriques sur la plan\u00e8te, dans les ann\u00e9es \u00e0 venir.<\/p>\n<\/div>\n<\/div>\n<\/div>\n<\/div>\n","protected":false},"excerpt":{"rendered":"<p>Sur les r\u00e9seaux sociaux, de nombreux internautes remettent en question l&rsquo;impact des voitures \u00e9lectriques sur&#8230;<\/p>\n","protected":false},"author":1,"featured_media":75111,"comment_status":"closed","ping_status":"open","sticky":false,"template":"","format":"standard","meta":{"_acf_changed":false,"footnotes":""},"categories":[171,126,116,135,138],"tags":[],"class_list":{"0":"post-75116","1":"post","2":"type-post","3":"status-publish","4":"format-standard","5":"has-post-thumbnail","7":"category-economie","8":"category-environnement","9":"category-non-classifiee","10":"category-science-fr","11":"category-societe"},"acf":{"show_metatags":true,"authors":"Gr\u00e9goire Ryckmans","organization":"RTBF","featured_image_copyright":"","text_copyright":"Copyright: (C)RTBF Radio, Television Belge Francophone, plus d'infos: https:\/\/www.rtbf.be\/cgu\/","source":"https:\/\/www.rtbf.be\/article\/la-voiture-electrique-est-elle-plus-nocive-pour-l-environnement-que-la-voiture-a-moteur-thermique-11034835","fact_checker":"https:\/\/belux.wpengine.com\/wp-content\/uploads\/2022\/01\/rtbf-logo.jpg","type":"\u00c9v\u00e9nement ferm\u00e9","location":"","start_date":"","start_date_event_begins_at":"","start_date_event_ends_at":"","end_date":"","end_date_event_begins_at":"","end_date_event_ends_at":"","organizer":"","id":"","fact_checker_logo_image":false},"yoast_head":"<!-- This site is optimized with the Yoast SEO plugin v27.0 - https:\/\/yoast.com\/product\/yoast-seo-wordpress\/ -->\n<title>La voiture \u00e9lectrique est-elle plus nocive pour l\u2019environnement que la voiture \u00e0 moteur thermique\u00a0? - EDMO Belux<\/title>\n<meta name=\"robots\" content=\"index, follow, max-snippet:-1, max-image-preview:large, max-video-preview:-1\" \/>\n<link rel=\"canonical\" href=\"https:\/\/belux.edmo.eu\/fr\/la-voiture-lectrique-est-elle-plus-nocive-pour-lenvironnement-que-la-voiture-moteur-thermique\/\" \/>\n<meta property=\"og:locale\" content=\"fr_FR\" \/>\n<meta property=\"og:type\" content=\"article\" \/>\n<meta property=\"og:title\" content=\"La voiture \u00e9lectrique est-elle plus nocive pour l\u2019environnement que la voiture \u00e0 moteur thermique\u00a0? - EDMO Belux\" \/>\n<meta property=\"og:description\" content=\"Sur les r\u00e9seaux sociaux, de nombreux internautes remettent en question l&#039;impact des voitures \u00e9lectriques sur...\" \/>\n<meta property=\"og:url\" content=\"https:\/\/belux.edmo.eu\/fr\/la-voiture-lectrique-est-elle-plus-nocive-pour-lenvironnement-que-la-voiture-moteur-thermique\/\" \/>\n<meta property=\"og:site_name\" content=\"EDMO Belux\" \/>\n<meta property=\"article:published_time\" content=\"2022-07-25T09:00:31+00:00\" \/>\n<meta property=\"article:modified_time\" content=\"2022-07-26T12:51:03+00:00\" \/>\n<meta property=\"og:image\" content=\"https:\/\/belux.edmo.eu\/wp-content\/uploads\/2022\/07\/8ca070cc474c02335277c16ce15a469b-1658325332.png\" \/>\n\t<meta property=\"og:image:width\" content=\"770\" \/>\n\t<meta property=\"og:image:height\" content=\"433\" \/>\n\t<meta property=\"og:image:type\" content=\"image\/png\" \/>\n<meta name=\"author\" content=\"master\" \/>\n<meta name=\"twitter:card\" content=\"summary_large_image\" \/>\n<meta name=\"twitter:creator\" content=\"@Edmo_Belux\" \/>\n<meta name=\"twitter:site\" content=\"@Edmo_Belux\" \/>\n<meta name=\"twitter:label1\" content=\"\u00c9crit par\" \/>\n\t<meta name=\"twitter:data1\" content=\"master\" \/>\n\t<meta name=\"twitter:label2\" content=\"Dur\u00e9e de lecture estim\u00e9e\" \/>\n\t<meta name=\"twitter:data2\" content=\"13 minutes\" \/>\n<script type=\"application\/ld+json\" class=\"yoast-schema-graph\">{\"@context\":\"https:\/\/schema.org\",\"@graph\":[{\"@type\":\"Article\",\"@id\":\"https:\/\/belux.edmo.eu\/fr\/la-voiture-lectrique-est-elle-plus-nocive-pour-lenvironnement-que-la-voiture-moteur-thermique\/#article\",\"isPartOf\":{\"@id\":\"https:\/\/belux.edmo.eu\/fr\/la-voiture-lectrique-est-elle-plus-nocive-pour-lenvironnement-que-la-voiture-moteur-thermique\/\"},\"author\":{\"name\":\"master\",\"@id\":\"https:\/\/belux.edmo.eu\/#\/schema\/person\/dbe3b252258537fd318f9b5645a30342\"},\"headline\":\"La voiture \u00e9lectrique est-elle plus nocive pour l\u2019environnement que la voiture \u00e0 moteur thermique\u00a0?\",\"datePublished\":\"2022-07-25T09:00:31+00:00\",\"dateModified\":\"2022-07-26T12:51:03+00:00\",\"mainEntityOfPage\":{\"@id\":\"https:\/\/belux.edmo.eu\/fr\/la-voiture-lectrique-est-elle-plus-nocive-pour-lenvironnement-que-la-voiture-moteur-thermique\/\"},\"wordCount\":2619,\"publisher\":{\"@id\":\"https:\/\/belux.edmo.eu\/#organization\"},\"image\":{\"@id\":\"https:\/\/belux.edmo.eu\/fr\/la-voiture-lectrique-est-elle-plus-nocive-pour-lenvironnement-que-la-voiture-moteur-thermique\/#primaryimage\"},\"thumbnailUrl\":\"https:\/\/belux.edmo.eu\/wp-content\/uploads\/2022\/07\/8ca070cc474c02335277c16ce15a469b-1658325332.png\",\"articleSection\":[\"Economie\",\"Environnement\",\"Non classifi\u00e9(e)\",\"Science\",\"Societe\"],\"inLanguage\":\"fr-FR\"},{\"@type\":\"WebPage\",\"@id\":\"https:\/\/belux.edmo.eu\/fr\/la-voiture-lectrique-est-elle-plus-nocive-pour-lenvironnement-que-la-voiture-moteur-thermique\/\",\"url\":\"https:\/\/belux.edmo.eu\/fr\/la-voiture-lectrique-est-elle-plus-nocive-pour-lenvironnement-que-la-voiture-moteur-thermique\/\",\"name\":\"La voiture \u00e9lectrique est-elle plus nocive pour l\u2019environnement que la voiture \u00e0 moteur thermique\u00a0? - EDMO Belux\",\"isPartOf\":{\"@id\":\"https:\/\/belux.edmo.eu\/#website\"},\"primaryImageOfPage\":{\"@id\":\"https:\/\/belux.edmo.eu\/fr\/la-voiture-lectrique-est-elle-plus-nocive-pour-lenvironnement-que-la-voiture-moteur-thermique\/#primaryimage\"},\"image\":{\"@id\":\"https:\/\/belux.edmo.eu\/fr\/la-voiture-lectrique-est-elle-plus-nocive-pour-lenvironnement-que-la-voiture-moteur-thermique\/#primaryimage\"},\"thumbnailUrl\":\"https:\/\/belux.edmo.eu\/wp-content\/uploads\/2022\/07\/8ca070cc474c02335277c16ce15a469b-1658325332.png\",\"datePublished\":\"2022-07-25T09:00:31+00:00\",\"dateModified\":\"2022-07-26T12:51:03+00:00\",\"breadcrumb\":{\"@id\":\"https:\/\/belux.edmo.eu\/fr\/la-voiture-lectrique-est-elle-plus-nocive-pour-lenvironnement-que-la-voiture-moteur-thermique\/#breadcrumb\"},\"inLanguage\":\"fr-FR\",\"potentialAction\":[{\"@type\":\"ReadAction\",\"target\":[\"https:\/\/belux.edmo.eu\/fr\/la-voiture-lectrique-est-elle-plus-nocive-pour-lenvironnement-que-la-voiture-moteur-thermique\/\"]}]},{\"@type\":\"ImageObject\",\"inLanguage\":\"fr-FR\",\"@id\":\"https:\/\/belux.edmo.eu\/fr\/la-voiture-lectrique-est-elle-plus-nocive-pour-lenvironnement-que-la-voiture-moteur-thermique\/#primaryimage\",\"url\":\"https:\/\/belux.edmo.eu\/wp-content\/uploads\/2022\/07\/8ca070cc474c02335277c16ce15a469b-1658325332.png\",\"contentUrl\":\"https:\/\/belux.edmo.eu\/wp-content\/uploads\/2022\/07\/8ca070cc474c02335277c16ce15a469b-1658325332.png\",\"width\":770,\"height\":433,\"caption\":\"La voiture \u00e9lectrique est-elle plus nocive pour l\u2019environnement que la voiture \u00e0 moteur thermique\u00a0? - Featured image\"},{\"@type\":\"BreadcrumbList\",\"@id\":\"https:\/\/belux.edmo.eu\/fr\/la-voiture-lectrique-est-elle-plus-nocive-pour-lenvironnement-que-la-voiture-moteur-thermique\/#breadcrumb\",\"itemListElement\":[{\"@type\":\"ListItem\",\"position\":1,\"name\":\"Home\",\"item\":\"https:\/\/belux.edmo.eu\/fr\/\"},{\"@type\":\"ListItem\",\"position\":2,\"name\":\"La voiture \u00e9lectrique est-elle plus nocive pour l\u2019environnement que la voiture \u00e0 moteur thermique\u00a0?\"}]},{\"@type\":\"WebSite\",\"@id\":\"https:\/\/belux.edmo.eu\/#website\",\"url\":\"https:\/\/belux.edmo.eu\/\",\"name\":\"EDMO Belux\",\"description\":\"Monitoring Disinformation in Belgium and Luxembourg\",\"publisher\":{\"@id\":\"https:\/\/belux.edmo.eu\/#organization\"},\"potentialAction\":[{\"@type\":\"SearchAction\",\"target\":{\"@type\":\"EntryPoint\",\"urlTemplate\":\"https:\/\/belux.edmo.eu\/?s={search_term_string}\"},\"query-input\":{\"@type\":\"PropertyValueSpecification\",\"valueRequired\":true,\"valueName\":\"search_term_string\"}}],\"inLanguage\":\"fr-FR\"},{\"@type\":\"Organization\",\"@id\":\"https:\/\/belux.edmo.eu\/#organization\",\"name\":\"EDMO Belux\",\"url\":\"https:\/\/belux.edmo.eu\/\",\"logo\":{\"@type\":\"ImageObject\",\"inLanguage\":\"fr-FR\",\"@id\":\"https:\/\/belux.edmo.eu\/#\/schema\/logo\/image\/\",\"url\":\"https:\/\/belux.edmo.eu\/wp-content\/uploads\/2021\/12\/belux-logo-full-color-rgb.svg\",\"contentUrl\":\"https:\/\/belux.edmo.eu\/wp-content\/uploads\/2021\/12\/belux-logo-full-color-rgb.svg\",\"width\":1,\"height\":1,\"caption\":\"EDMO Belux\"},\"image\":{\"@id\":\"https:\/\/belux.edmo.eu\/#\/schema\/logo\/image\/\"},\"sameAs\":[\"https:\/\/x.com\/Edmo_Belux\"]},{\"@type\":\"Person\",\"@id\":\"https:\/\/belux.edmo.eu\/#\/schema\/person\/dbe3b252258537fd318f9b5645a30342\",\"name\":\"master\",\"sameAs\":[\"https:\/\/belux.wpengine.com\"],\"url\":\"https:\/\/belux.edmo.eu\/fr\/author\/master\/\"}]}<\/script>\n<!-- \/ Yoast SEO plugin. -->","yoast_head_json":{"title":"La voiture \u00e9lectrique est-elle plus nocive pour l\u2019environnement que la voiture \u00e0 moteur thermique\u00a0? - EDMO Belux","robots":{"index":"index","follow":"follow","max-snippet":"max-snippet:-1","max-image-preview":"max-image-preview:large","max-video-preview":"max-video-preview:-1"},"canonical":"https:\/\/belux.edmo.eu\/fr\/la-voiture-lectrique-est-elle-plus-nocive-pour-lenvironnement-que-la-voiture-moteur-thermique\/","og_locale":"fr_FR","og_type":"article","og_title":"La voiture \u00e9lectrique est-elle plus nocive pour l\u2019environnement que la voiture \u00e0 moteur thermique\u00a0? - EDMO Belux","og_description":"Sur les r\u00e9seaux sociaux, de nombreux internautes remettent en question l'impact des voitures \u00e9lectriques sur...","og_url":"https:\/\/belux.edmo.eu\/fr\/la-voiture-lectrique-est-elle-plus-nocive-pour-lenvironnement-que-la-voiture-moteur-thermique\/","og_site_name":"EDMO Belux","article_published_time":"2022-07-25T09:00:31+00:00","article_modified_time":"2022-07-26T12:51:03+00:00","og_image":[{"width":770,"height":433,"url":"https:\/\/belux.edmo.eu\/wp-content\/uploads\/2022\/07\/8ca070cc474c02335277c16ce15a469b-1658325332.png","type":"image\/png"}],"author":"master","twitter_card":"summary_large_image","twitter_creator":"@Edmo_Belux","twitter_site":"@Edmo_Belux","twitter_misc":{"\u00c9crit par":"master","Dur\u00e9e de lecture estim\u00e9e":"13 minutes"},"schema":{"@context":"https:\/\/schema.org","@graph":[{"@type":"Article","@id":"https:\/\/belux.edmo.eu\/fr\/la-voiture-lectrique-est-elle-plus-nocive-pour-lenvironnement-que-la-voiture-moteur-thermique\/#article","isPartOf":{"@id":"https:\/\/belux.edmo.eu\/fr\/la-voiture-lectrique-est-elle-plus-nocive-pour-lenvironnement-que-la-voiture-moteur-thermique\/"},"author":{"name":"master","@id":"https:\/\/belux.edmo.eu\/#\/schema\/person\/dbe3b252258537fd318f9b5645a30342"},"headline":"La voiture \u00e9lectrique est-elle plus nocive pour l\u2019environnement que la voiture \u00e0 moteur thermique\u00a0?","datePublished":"2022-07-25T09:00:31+00:00","dateModified":"2022-07-26T12:51:03+00:00","mainEntityOfPage":{"@id":"https:\/\/belux.edmo.eu\/fr\/la-voiture-lectrique-est-elle-plus-nocive-pour-lenvironnement-que-la-voiture-moteur-thermique\/"},"wordCount":2619,"publisher":{"@id":"https:\/\/belux.edmo.eu\/#organization"},"image":{"@id":"https:\/\/belux.edmo.eu\/fr\/la-voiture-lectrique-est-elle-plus-nocive-pour-lenvironnement-que-la-voiture-moteur-thermique\/#primaryimage"},"thumbnailUrl":"https:\/\/belux.edmo.eu\/wp-content\/uploads\/2022\/07\/8ca070cc474c02335277c16ce15a469b-1658325332.png","articleSection":["Economie","Environnement","Non classifi\u00e9(e)","Science","Societe"],"inLanguage":"fr-FR"},{"@type":"WebPage","@id":"https:\/\/belux.edmo.eu\/fr\/la-voiture-lectrique-est-elle-plus-nocive-pour-lenvironnement-que-la-voiture-moteur-thermique\/","url":"https:\/\/belux.edmo.eu\/fr\/la-voiture-lectrique-est-elle-plus-nocive-pour-lenvironnement-que-la-voiture-moteur-thermique\/","name":"La voiture \u00e9lectrique est-elle plus nocive pour l\u2019environnement que la voiture \u00e0 moteur thermique\u00a0? - EDMO Belux","isPartOf":{"@id":"https:\/\/belux.edmo.eu\/#website"},"primaryImageOfPage":{"@id":"https:\/\/belux.edmo.eu\/fr\/la-voiture-lectrique-est-elle-plus-nocive-pour-lenvironnement-que-la-voiture-moteur-thermique\/#primaryimage"},"image":{"@id":"https:\/\/belux.edmo.eu\/fr\/la-voiture-lectrique-est-elle-plus-nocive-pour-lenvironnement-que-la-voiture-moteur-thermique\/#primaryimage"},"thumbnailUrl":"https:\/\/belux.edmo.eu\/wp-content\/uploads\/2022\/07\/8ca070cc474c02335277c16ce15a469b-1658325332.png","datePublished":"2022-07-25T09:00:31+00:00","dateModified":"2022-07-26T12:51:03+00:00","breadcrumb":{"@id":"https:\/\/belux.edmo.eu\/fr\/la-voiture-lectrique-est-elle-plus-nocive-pour-lenvironnement-que-la-voiture-moteur-thermique\/#breadcrumb"},"inLanguage":"fr-FR","potentialAction":[{"@type":"ReadAction","target":["https:\/\/belux.edmo.eu\/fr\/la-voiture-lectrique-est-elle-plus-nocive-pour-lenvironnement-que-la-voiture-moteur-thermique\/"]}]},{"@type":"ImageObject","inLanguage":"fr-FR","@id":"https:\/\/belux.edmo.eu\/fr\/la-voiture-lectrique-est-elle-plus-nocive-pour-lenvironnement-que-la-voiture-moteur-thermique\/#primaryimage","url":"https:\/\/belux.edmo.eu\/wp-content\/uploads\/2022\/07\/8ca070cc474c02335277c16ce15a469b-1658325332.png","contentUrl":"https:\/\/belux.edmo.eu\/wp-content\/uploads\/2022\/07\/8ca070cc474c02335277c16ce15a469b-1658325332.png","width":770,"height":433,"caption":"La voiture \u00e9lectrique est-elle plus nocive pour l\u2019environnement que la voiture \u00e0 moteur thermique\u00a0? - Featured image"},{"@type":"BreadcrumbList","@id":"https:\/\/belux.edmo.eu\/fr\/la-voiture-lectrique-est-elle-plus-nocive-pour-lenvironnement-que-la-voiture-moteur-thermique\/#breadcrumb","itemListElement":[{"@type":"ListItem","position":1,"name":"Home","item":"https:\/\/belux.edmo.eu\/fr\/"},{"@type":"ListItem","position":2,"name":"La voiture \u00e9lectrique est-elle plus nocive pour l\u2019environnement que la voiture \u00e0 moteur thermique\u00a0?"}]},{"@type":"WebSite","@id":"https:\/\/belux.edmo.eu\/#website","url":"https:\/\/belux.edmo.eu\/","name":"EDMO Belux","description":"Monitoring Disinformation in Belgium and Luxembourg","publisher":{"@id":"https:\/\/belux.edmo.eu\/#organization"},"potentialAction":[{"@type":"SearchAction","target":{"@type":"EntryPoint","urlTemplate":"https:\/\/belux.edmo.eu\/?s={search_term_string}"},"query-input":{"@type":"PropertyValueSpecification","valueRequired":true,"valueName":"search_term_string"}}],"inLanguage":"fr-FR"},{"@type":"Organization","@id":"https:\/\/belux.edmo.eu\/#organization","name":"EDMO Belux","url":"https:\/\/belux.edmo.eu\/","logo":{"@type":"ImageObject","inLanguage":"fr-FR","@id":"https:\/\/belux.edmo.eu\/#\/schema\/logo\/image\/","url":"https:\/\/belux.edmo.eu\/wp-content\/uploads\/2021\/12\/belux-logo-full-color-rgb.svg","contentUrl":"https:\/\/belux.edmo.eu\/wp-content\/uploads\/2021\/12\/belux-logo-full-color-rgb.svg","width":1,"height":1,"caption":"EDMO Belux"},"image":{"@id":"https:\/\/belux.edmo.eu\/#\/schema\/logo\/image\/"},"sameAs":["https:\/\/x.com\/Edmo_Belux"]},{"@type":"Person","@id":"https:\/\/belux.edmo.eu\/#\/schema\/person\/dbe3b252258537fd318f9b5645a30342","name":"master","sameAs":["https:\/\/belux.wpengine.com"],"url":"https:\/\/belux.edmo.eu\/fr\/author\/master\/"}]}},"menu_order":0,"_links":{"self":[{"href":"https:\/\/belux.edmo.eu\/fr\/wp-json\/wp\/v2\/posts\/75116","targetHints":{"allow":["GET"]}}],"collection":[{"href":"https:\/\/belux.edmo.eu\/fr\/wp-json\/wp\/v2\/posts"}],"about":[{"href":"https:\/\/belux.edmo.eu\/fr\/wp-json\/wp\/v2\/types\/post"}],"author":[{"embeddable":true,"href":"https:\/\/belux.edmo.eu\/fr\/wp-json\/wp\/v2\/users\/1"}],"replies":[{"embeddable":true,"href":"https:\/\/belux.edmo.eu\/fr\/wp-json\/wp\/v2\/comments?post=75116"}],"version-history":[{"count":0,"href":"https:\/\/belux.edmo.eu\/fr\/wp-json\/wp\/v2\/posts\/75116\/revisions"}],"wp:featuredmedia":[{"embeddable":true,"href":"https:\/\/belux.edmo.eu\/fr\/wp-json\/wp\/v2\/media\/75111"}],"wp:attachment":[{"href":"https:\/\/belux.edmo.eu\/fr\/wp-json\/wp\/v2\/media?parent=75116"}],"wp:term":[{"taxonomy":"category","embeddable":true,"href":"https:\/\/belux.edmo.eu\/fr\/wp-json\/wp\/v2\/categories?post=75116"},{"taxonomy":"post_tag","embeddable":true,"href":"https:\/\/belux.edmo.eu\/fr\/wp-json\/wp\/v2\/tags?post=75116"}],"curies":[{"name":"wp","href":"https:\/\/api.w.org\/{rel}","templated":true}]}}