{"id":89006,"date":"2022-08-03T12:33:27","date_gmt":"2022-08-03T12:33:27","guid":{"rendered":"https:\/\/belux.edmo.eu\/?p=89006"},"modified":"2022-08-03T15:11:20","modified_gmt":"2022-08-03T15:11:20","slug":"lhomme-suspect-davoir-la-variole-du-singe-dans-le-mtro-de-madrid-dment-la-rumeur","status":"publish","type":"post","link":"https:\/\/belux.edmo.eu\/fr\/lhomme-suspect-davoir-la-variole-du-singe-dans-le-mtro-de-madrid-dment-la-rumeur\/","title":{"rendered":"L\u2019homme suspect\u00e9 d\u2019avoir la variole du singe dans le m\u00e9tro de Madrid d\u00e9ment la rumeur"},"content":{"rendered":"<p><strong>La photographie montrant les jambes d&rsquo;un homme couvertes de boutons dans le m\u00e9tro de Madrid, indiquant qu&rsquo;il \u00e9tait infect\u00e9 par la variole du singe, est devenue virale sur les r\u00e9seaux sociaux et a \u00e9t\u00e9 largement reprise dans la presse belge et internationale. Cependant, l\u2019homme pris en photo a affirm\u00e9 aupr\u00e8s d\u2019un m\u00e9dia espagnol ne pas \u00eatre atteint de la variole du singe mais de neurofibromatose, une maladie g\u00e9n\u00e9tique et non-contagieuse.<\/strong><\/p>\n<p>\u00ab\u00a0<em>L\u2019inqui\u00e9tante r\u00e9v\u00e9lation d\u2019un m\u00e9decin dans le m\u00e9tro de Madrid<\/em>\u00ab\u00a0, \u00ab\u00a0<em>SVP, Soyez prudents\u2026<\/em>\u00ab\u00a0. Ces publications alarmantes faisant suite \u00e0 la publication de la photo d\u2019un homme dont les jambes \u00e9taient couvertes de boutons dans le m\u00e9tro de Madrid sont devenues virales sur les r\u00e9seaux sociaux tout comme dans certains m\u00e9dias, notamment belges (<a class=\"c-link\" href=\"https:\/\/www.sudinfo.be\/id477330\/article\/2022-07-31\/linquietante-revelation-dun-medecin-dans-le-metro-de-madrid-je-lui-ai-demande-ce\" target=\"_blank\" rel=\"noopener noreferrer\">ici<\/a>,\u00a0<a class=\"c-link\" href=\"https:\/\/fr.metrotime.be\/sante\/non-un-medecin-na-pas-repere-un-homme-positif-la-variole-du-singe-dans-son-metro\" target=\"_blank\" rel=\"noopener noreferrer\">l\u00e0<\/a>,\u00a0<a class=\"c-link\" href=\"https:\/\/soirmag.lesoir.be\/457261\/article\/2022-08-01\/variole-du-singe-un-medecin-rapporte-une-confrontation-avec-un-homme-contamine\" target=\"_blank\" rel=\"noopener noreferrer\">l\u00e0<\/a>\u00a0ou\u00a0<a class=\"c-link\" href=\"https:\/\/www.7sur7.be\/home\/un-medecin-repere-un-homme-atteint-de-la-variole-du-singe-dans-le-metro-madrilene-cest-tres-inquietant~a3d642f1\/\" target=\"_blank\" rel=\"noopener noreferrer\">l\u00e0<\/a>).<\/p>\n<p>Le 15 juillet dernier, un m\u00e9decin v\u00e9n\u00e9zu\u00e9lien, Arturo M. Henriques ,\u00a0<a class=\"c-link\" href=\"https:\/\/web.archive.org\/web\/20220801061139\/https:\/twitter.com\/arturohenriques\/status\/1553322937402507264\" target=\"_blank\" rel=\"noopener noreferrer\">a publi\u00e9 une photo sur son compte Twitter<\/a>\u00a0d\u2019un homme, crois\u00e9 dans le m\u00e9tro madril\u00e8ne, a priori porteur du virus de la variole du singe aux vues des nombreuses \u00e9ruptions cutan\u00e9es qu\u2019il pr\u00e9sentait.\u00a0<a href=\"https:\/\/www.rtbf.be\/article\/variole-du-singe-symptomes-contagion-mortalite-le-point-sur-cette-maladie-qui-touche-leurope-10999029\">Des sympt\u00f4mes similaires \u00e0 ceux d\u00e9crits par les sp\u00e9cialistes\u00a0du virus<\/a>.<\/p>\n<p>Selon les dires du Docteur Henriques, l\u2019homme en question lui aurait \u00ab\u00a0<em>confirm\u00e9 qu\u2019il \u00e9tait infect\u00e9 et que son m\u00e9decin lui avait dit que ce n\u2019\u00e9tait pas n\u00e9cessaire de s\u2019isoler. Il lui avait juste dit de porter un masque<\/em>\u00ab\u00a0. Ensuite, l\u2019homme aurait alors rejet\u00e9 les mises en garde du professionnel de sant\u00e9 en affirmant \u00ab\u00a0<em>qu\u2019il s\u2019en foutait<\/em>\u00ab\u00a0.<\/p>\n<h2>L\u2019homme photographi\u00e9 explique \u00eatre atteint de neurofibromatose<\/h2>\n<p>Interrog\u00e9 par\u00a0<a href=\"https:\/\/www.20minutos.es\/noticia\/5037778\/0\/el-protagonista-del-viral-en-el-metro-desmiente-al-hombre-que-le-acuso-de-falta-de-proteccion-ni-tengo-viruela-del-mono-ni-hable-con-el\/?utm_source=facebook.com&amp;utm_medium=smm&amp;utm_campaign=noticias\">20minutos<\/a>, la version espagnole du quotidien d\u2019information g\u00e9n\u00e9raliste europ\u00e9en \u00ab\u00a020 Minutes\u00a0\u00bb, le protagoniste suspect\u00e9 d\u2019avoir la variole du singe en raison des boutons apparents sur ses jambes nie\u00a0cat\u00e9goriquement avoir eu une quelconque\u00a0conversation avec le m\u00e9decin.<\/p>\n<p>L\u2019homme, identifi\u00e9 par l\u2019acronyme M.A.R.M.\u00a0explique souffrir\u00a0de la\u00a0<a href=\"https:\/\/www.orpha.net\/data\/patho\/Pub\/fr\/Neurofibromatose1-FRfrPub185.pdf\" target=\"_blank\" rel=\"noopener\">neurofibromatose<\/a>, une maladie g\u00e9n\u00e9tique qu\u2019il a depuis sa naissance et qui provoque des plaies sur ses membres.<\/p>\n<p>En faisant quelques recherches sur internet au sujet de la neurofibromatose, nous apprenons rapidement qu\u2019elle porte \u00e9galement le nom de \u00ab\u00a0maladie de Recklinghausen\u00a0\u00bb. Les affections cutan\u00e9es visibles sur\u00a0<a href=\"https:\/\/www.google.com\/search?q=maladie+de+Recklinghausen&amp;rlz=1C1GCEB_enBE993BE1004&amp;source=lnms&amp;tbm=isch&amp;sa=X&amp;ved=2ahUKEwiP15KIv6r5AhUMrqQKHaN2Cv4Q_AUoAXoECAEQAw&amp;biw=1920&amp;bih=880&amp;dpr=1\" target=\"_blank\" rel=\"noopener\">certaines photos publi\u00e9es en ligne<\/a>\u00a0de personnes atteintes de cette maladie montrent effectivement des similarit\u00e9s avec\u00a0<a href=\"https:\/\/ds1.static.rtbf.be\/uploader\/image\/4\/c\/d\/beta_b8fa541c16d28add8343c6241c7040fc.jpg\" target=\"_blank\" rel=\"noopener\">celles pr\u00e9sentes sur les jambes de l\u2019homme photographi\u00e9 dans le m\u00e9tro madril\u00e8ne<\/a>.<\/p>\n<p>L\u2019homme a \u00e9galement expliqu\u00e9 au quotidien espagnol\u00a0que\u00a0de nombreuses personnes l\u2019abordent dans le m\u00e9tro pour lui poser des questions sur sa sant\u00e9. Il y raconte aussi qu\u2019il explique aux personnes qui l\u2019interrogent qu\u2019il souffre d\u2019une maladie\u00a0qui provoque la croissance de tumeurs sur les nerfs et que celle-ci n\u2019est pas contagieuse. \u00ab\u00a0<em>Pour cette raison, je peux dire que je n\u2019ai jamais parl\u00e9 \u00e0 ce soi-disant m\u00e9decin<\/em>\u00ab\u00a0, se d\u00e9fend-il.<\/p>\n<h2>Des incoh\u00e9rences point\u00e9es dans le t\u00e9moignage original<\/h2>\n<p>En outre, M.A.R.M. pointe \u00e9galement des incoh\u00e9rences dans les d\u00e9clarations faites \u00e0 divers m\u00e9dias par\u00a0son interlocuteur pr\u00e9sum\u00e9.<\/p>\n<p>En effet, celui qui se pr\u00e9sente comme un docteur\u00a0aurait dat\u00e9 leur rencontre du matin. \u00ab\u00a0<em>C\u2019est impossible, car je prends le premier m\u00e9tro qui part de Villaverde Alto et je suis toujours assis, donc il n\u2019a pas pu prendre une photo de moi debout \u00e0 6h20 du matin<\/em>\u00ab\u00a0, explique-t-il.<\/p>\n<p>De m\u00eame, M.A.R.M. se d\u00e9finit comme une personne tr\u00e8s pr\u00e9cautionneuse, qui utilise tous les \u00e9quipements de protection n\u00e9cessaires et qui a fait toutes les doses de vaccination\u00a0contre le coronavirus.<\/p>\n<p>Le t\u00e9moignage du m\u00e9decin sur ce pr\u00e9tendu malade de la variole du singe semble \u00eatre mont\u00e9 de toutes pi\u00e8ces. Cette personne semble en effet, ni\u00a0 avoircontract\u00e9 le virus du \u00ab\u00a0monkeypox\u00a0\u00bb, ni avoir parl\u00e9 avec Arturo M. Henriques. Ce dernier a d\u2019ailleurs ferm\u00e9 ce 2 ao\u00fbt <a href=\"https:\/\/twitter.com\/arturohenriques\" target=\"_blank\" rel=\"noopener\">son compte Twitter<\/a>, o\u00f9 il avait partag\u00e9 quelques heures plus t\u00f4t la conversation que, selon sa version, il avait eue dans le m\u00e9tro avec ce jeune homme.<\/p>\n<p><a href=\"https:\/\/www.elmundo.es\/ciencia-y-salud\/salud\/2022\/08\/03\/62ea0710fc6c83123d8b45f6.html\">Interrog\u00e9 par le journal El Mundo<\/a>, M. Henriques affirme pourtant\u00a0avoir bien parl\u00e9 \u00e0 M.A.R.M. et que c\u2019est lui-m\u00eame qui lui a dit qu\u2019il \u00e9tait infect\u00e9 par la variole du singe. \u00ab\u00a0<em>Je voulais seulement \u00eatre un bon citoyen et maintenant je suis attaqu\u00e9<\/em>\u00ab\u00a0, se d\u00e9fend le m\u00e9decin dans le quotidien qui a remis l\u2019affaire entre les mains de son avocat.<\/p>\n","protected":false},"excerpt":{"rendered":"<p>La photographie montrant les jambes d&rsquo;un homme couvertes de boutons dans le m\u00e9tro de Madrid, indiquant qu&rsquo;il&#8230;<\/p>\n","protected":false},"author":1,"featured_media":89001,"comment_status":"closed","ping_status":"open","sticky":false,"template":"","format":"standard","meta":{"_acf_changed":false,"footnotes":""},"categories":[125,116,129,135,138],"tags":[],"class_list":{"0":"post-89006","1":"post","2":"type-post","3":"status-publish","4":"format-standard","5":"has-post-thumbnail","7":"category-fact-check-fr","8":"category-non-classifiee","9":"category-sante","10":"category-science-fr","11":"category-societe"},"acf":{"show_metatags":true,"authors":"Gr\u00e9goire Ryckmans et Romane Bonnem\u00e9","organization":"RTBF","featured_image_copyright":"Capture d'\u00e9cran Twitter","text_copyright":"Copyright: (C)RTBF Radio, Television Belge Francophone, plus d'infos: https:\/\/www.rtbf.be\/cgu\/","source":"https:\/\/www.rtbf.be\/article\/l-homme-suspecte-d-avoir-la-variole-du-singe-dans-le-metro-de-madrid-dement-la-rumeur-11042155","fact_checker":"https:\/\/belux.wpengine.com\/wp-content\/uploads\/2022\/01\/rtbf-logo.jpg","type":"\u00c9v\u00e9nement ferm\u00e9","location":"","start_date":"","start_date_event_begins_at":"","start_date_event_ends_at":"","end_date":"","end_date_event_begins_at":"","end_date_event_ends_at":"","organizer":"","id":"","fact_checker_logo_image":false},"yoast_head":"<!-- This site is optimized with the Yoast SEO plugin v27.0 - https:\/\/yoast.com\/product\/yoast-seo-wordpress\/ -->\n<title>L\u2019homme suspect\u00e9 d\u2019avoir la variole du singe dans le m\u00e9tro de Madrid d\u00e9ment la rumeur - EDMO Belux<\/title>\n<meta name=\"robots\" content=\"index, follow, max-snippet:-1, max-image-preview:large, max-video-preview:-1\" \/>\n<link rel=\"canonical\" href=\"https:\/\/belux.edmo.eu\/fr\/lhomme-suspect-davoir-la-variole-du-singe-dans-le-mtro-de-madrid-dment-la-rumeur\/\" \/>\n<meta property=\"og:locale\" content=\"fr_FR\" \/>\n<meta property=\"og:type\" content=\"article\" \/>\n<meta property=\"og:title\" content=\"L\u2019homme suspect\u00e9 d\u2019avoir la variole du singe dans le m\u00e9tro de Madrid d\u00e9ment la rumeur - EDMO Belux\" \/>\n<meta property=\"og:description\" content=\"La photographie montrant les jambes d&#039;un homme couvertes de boutons dans le m\u00e9tro de Madrid, indiquant qu&#039;il...\" \/>\n<meta property=\"og:url\" content=\"https:\/\/belux.edmo.eu\/fr\/lhomme-suspect-davoir-la-variole-du-singe-dans-le-mtro-de-madrid-dment-la-rumeur\/\" \/>\n<meta property=\"og:site_name\" content=\"EDMO Belux\" \/>\n<meta property=\"article:published_time\" content=\"2022-08-03T12:33:27+00:00\" \/>\n<meta property=\"article:modified_time\" content=\"2022-08-03T15:11:20+00:00\" \/>\n<meta property=\"og:image\" content=\"https:\/\/belux.edmo.eu\/wp-content\/uploads\/2022\/08\/3fa146219c48a4393aace23e8f353125-1659525652.jpg\" \/>\n\t<meta property=\"og:image:width\" content=\"770\" \/>\n\t<meta property=\"og:image:height\" content=\"433\" \/>\n\t<meta property=\"og:image:type\" content=\"image\/jpeg\" \/>\n<meta name=\"author\" content=\"master\" \/>\n<meta name=\"twitter:card\" content=\"summary_large_image\" \/>\n<meta name=\"twitter:creator\" content=\"@Edmo_Belux\" \/>\n<meta name=\"twitter:site\" content=\"@Edmo_Belux\" \/>\n<meta name=\"twitter:label1\" content=\"\u00c9crit par\" \/>\n\t<meta name=\"twitter:data1\" content=\"master\" \/>\n\t<meta name=\"twitter:label2\" content=\"Dur\u00e9e de lecture estim\u00e9e\" \/>\n\t<meta name=\"twitter:data2\" content=\"4 minutes\" \/>\n<script type=\"application\/ld+json\" class=\"yoast-schema-graph\">{\"@context\":\"https:\/\/schema.org\",\"@graph\":[{\"@type\":\"Article\",\"@id\":\"https:\/\/belux.edmo.eu\/fr\/lhomme-suspect-davoir-la-variole-du-singe-dans-le-mtro-de-madrid-dment-la-rumeur\/#article\",\"isPartOf\":{\"@id\":\"https:\/\/belux.edmo.eu\/fr\/lhomme-suspect-davoir-la-variole-du-singe-dans-le-mtro-de-madrid-dment-la-rumeur\/\"},\"author\":{\"name\":\"master\",\"@id\":\"https:\/\/belux.edmo.eu\/#\/schema\/person\/dbe3b252258537fd318f9b5645a30342\"},\"headline\":\"L\u2019homme suspect\u00e9 d\u2019avoir la variole du singe dans le m\u00e9tro de Madrid d\u00e9ment la rumeur\",\"datePublished\":\"2022-08-03T12:33:27+00:00\",\"dateModified\":\"2022-08-03T15:11:20+00:00\",\"mainEntityOfPage\":{\"@id\":\"https:\/\/belux.edmo.eu\/fr\/lhomme-suspect-davoir-la-variole-du-singe-dans-le-mtro-de-madrid-dment-la-rumeur\/\"},\"wordCount\":796,\"publisher\":{\"@id\":\"https:\/\/belux.edmo.eu\/#organization\"},\"image\":{\"@id\":\"https:\/\/belux.edmo.eu\/fr\/lhomme-suspect-davoir-la-variole-du-singe-dans-le-mtro-de-madrid-dment-la-rumeur\/#primaryimage\"},\"thumbnailUrl\":\"https:\/\/belux.edmo.eu\/wp-content\/uploads\/2022\/08\/3fa146219c48a4393aace23e8f353125-1659525652.jpg\",\"articleSection\":[\"Fact-Check\",\"Non classifi\u00e9(e)\",\"Sante\",\"Science\",\"Societe\"],\"inLanguage\":\"fr-FR\"},{\"@type\":\"WebPage\",\"@id\":\"https:\/\/belux.edmo.eu\/fr\/lhomme-suspect-davoir-la-variole-du-singe-dans-le-mtro-de-madrid-dment-la-rumeur\/\",\"url\":\"https:\/\/belux.edmo.eu\/fr\/lhomme-suspect-davoir-la-variole-du-singe-dans-le-mtro-de-madrid-dment-la-rumeur\/\",\"name\":\"L\u2019homme suspect\u00e9 d\u2019avoir la variole du singe dans le m\u00e9tro de Madrid d\u00e9ment la rumeur - EDMO Belux\",\"isPartOf\":{\"@id\":\"https:\/\/belux.edmo.eu\/#website\"},\"primaryImageOfPage\":{\"@id\":\"https:\/\/belux.edmo.eu\/fr\/lhomme-suspect-davoir-la-variole-du-singe-dans-le-mtro-de-madrid-dment-la-rumeur\/#primaryimage\"},\"image\":{\"@id\":\"https:\/\/belux.edmo.eu\/fr\/lhomme-suspect-davoir-la-variole-du-singe-dans-le-mtro-de-madrid-dment-la-rumeur\/#primaryimage\"},\"thumbnailUrl\":\"https:\/\/belux.edmo.eu\/wp-content\/uploads\/2022\/08\/3fa146219c48a4393aace23e8f353125-1659525652.jpg\",\"datePublished\":\"2022-08-03T12:33:27+00:00\",\"dateModified\":\"2022-08-03T15:11:20+00:00\",\"breadcrumb\":{\"@id\":\"https:\/\/belux.edmo.eu\/fr\/lhomme-suspect-davoir-la-variole-du-singe-dans-le-mtro-de-madrid-dment-la-rumeur\/#breadcrumb\"},\"inLanguage\":\"fr-FR\",\"potentialAction\":[{\"@type\":\"ReadAction\",\"target\":[\"https:\/\/belux.edmo.eu\/fr\/lhomme-suspect-davoir-la-variole-du-singe-dans-le-mtro-de-madrid-dment-la-rumeur\/\"]}]},{\"@type\":\"ImageObject\",\"inLanguage\":\"fr-FR\",\"@id\":\"https:\/\/belux.edmo.eu\/fr\/lhomme-suspect-davoir-la-variole-du-singe-dans-le-mtro-de-madrid-dment-la-rumeur\/#primaryimage\",\"url\":\"https:\/\/belux.edmo.eu\/wp-content\/uploads\/2022\/08\/3fa146219c48a4393aace23e8f353125-1659525652.jpg\",\"contentUrl\":\"https:\/\/belux.edmo.eu\/wp-content\/uploads\/2022\/08\/3fa146219c48a4393aace23e8f353125-1659525652.jpg\",\"width\":770,\"height\":433,\"caption\":\"L\u2019homme suspect\u00e9 d\u2019avoir la variole du singe dans le m\u00e9tro de Madrid d\u00e9ment la rumeur - Featured image\"},{\"@type\":\"BreadcrumbList\",\"@id\":\"https:\/\/belux.edmo.eu\/fr\/lhomme-suspect-davoir-la-variole-du-singe-dans-le-mtro-de-madrid-dment-la-rumeur\/#breadcrumb\",\"itemListElement\":[{\"@type\":\"ListItem\",\"position\":1,\"name\":\"Home\",\"item\":\"https:\/\/belux.edmo.eu\/fr\/\"},{\"@type\":\"ListItem\",\"position\":2,\"name\":\"L\u2019homme suspect\u00e9 d\u2019avoir la variole du singe dans le m\u00e9tro de Madrid d\u00e9ment la rumeur\"}]},{\"@type\":\"WebSite\",\"@id\":\"https:\/\/belux.edmo.eu\/#website\",\"url\":\"https:\/\/belux.edmo.eu\/\",\"name\":\"EDMO Belux\",\"description\":\"Monitoring Disinformation in Belgium and Luxembourg\",\"publisher\":{\"@id\":\"https:\/\/belux.edmo.eu\/#organization\"},\"potentialAction\":[{\"@type\":\"SearchAction\",\"target\":{\"@type\":\"EntryPoint\",\"urlTemplate\":\"https:\/\/belux.edmo.eu\/?s={search_term_string}\"},\"query-input\":{\"@type\":\"PropertyValueSpecification\",\"valueRequired\":true,\"valueName\":\"search_term_string\"}}],\"inLanguage\":\"fr-FR\"},{\"@type\":\"Organization\",\"@id\":\"https:\/\/belux.edmo.eu\/#organization\",\"name\":\"EDMO Belux\",\"url\":\"https:\/\/belux.edmo.eu\/\",\"logo\":{\"@type\":\"ImageObject\",\"inLanguage\":\"fr-FR\",\"@id\":\"https:\/\/belux.edmo.eu\/#\/schema\/logo\/image\/\",\"url\":\"https:\/\/belux.edmo.eu\/wp-content\/uploads\/2021\/12\/belux-logo-full-color-rgb.svg\",\"contentUrl\":\"https:\/\/belux.edmo.eu\/wp-content\/uploads\/2021\/12\/belux-logo-full-color-rgb.svg\",\"width\":1,\"height\":1,\"caption\":\"EDMO Belux\"},\"image\":{\"@id\":\"https:\/\/belux.edmo.eu\/#\/schema\/logo\/image\/\"},\"sameAs\":[\"https:\/\/x.com\/Edmo_Belux\"]},{\"@type\":\"Person\",\"@id\":\"https:\/\/belux.edmo.eu\/#\/schema\/person\/dbe3b252258537fd318f9b5645a30342\",\"name\":\"master\",\"sameAs\":[\"https:\/\/belux.wpengine.com\"],\"url\":\"https:\/\/belux.edmo.eu\/fr\/author\/master\/\"}]}<\/script>\n<!-- \/ Yoast SEO plugin. -->","yoast_head_json":{"title":"L\u2019homme suspect\u00e9 d\u2019avoir la variole du singe dans le m\u00e9tro de Madrid d\u00e9ment la rumeur - EDMO Belux","robots":{"index":"index","follow":"follow","max-snippet":"max-snippet:-1","max-image-preview":"max-image-preview:large","max-video-preview":"max-video-preview:-1"},"canonical":"https:\/\/belux.edmo.eu\/fr\/lhomme-suspect-davoir-la-variole-du-singe-dans-le-mtro-de-madrid-dment-la-rumeur\/","og_locale":"fr_FR","og_type":"article","og_title":"L\u2019homme suspect\u00e9 d\u2019avoir la variole du singe dans le m\u00e9tro de Madrid d\u00e9ment la rumeur - EDMO Belux","og_description":"La photographie montrant les jambes d'un homme couvertes de boutons dans le m\u00e9tro de Madrid, indiquant qu'il...","og_url":"https:\/\/belux.edmo.eu\/fr\/lhomme-suspect-davoir-la-variole-du-singe-dans-le-mtro-de-madrid-dment-la-rumeur\/","og_site_name":"EDMO Belux","article_published_time":"2022-08-03T12:33:27+00:00","article_modified_time":"2022-08-03T15:11:20+00:00","og_image":[{"width":770,"height":433,"url":"https:\/\/belux.edmo.eu\/wp-content\/uploads\/2022\/08\/3fa146219c48a4393aace23e8f353125-1659525652.jpg","type":"image\/jpeg"}],"author":"master","twitter_card":"summary_large_image","twitter_creator":"@Edmo_Belux","twitter_site":"@Edmo_Belux","twitter_misc":{"\u00c9crit par":"master","Dur\u00e9e de lecture estim\u00e9e":"4 minutes"},"schema":{"@context":"https:\/\/schema.org","@graph":[{"@type":"Article","@id":"https:\/\/belux.edmo.eu\/fr\/lhomme-suspect-davoir-la-variole-du-singe-dans-le-mtro-de-madrid-dment-la-rumeur\/#article","isPartOf":{"@id":"https:\/\/belux.edmo.eu\/fr\/lhomme-suspect-davoir-la-variole-du-singe-dans-le-mtro-de-madrid-dment-la-rumeur\/"},"author":{"name":"master","@id":"https:\/\/belux.edmo.eu\/#\/schema\/person\/dbe3b252258537fd318f9b5645a30342"},"headline":"L\u2019homme suspect\u00e9 d\u2019avoir la variole du singe dans le m\u00e9tro de Madrid d\u00e9ment la rumeur","datePublished":"2022-08-03T12:33:27+00:00","dateModified":"2022-08-03T15:11:20+00:00","mainEntityOfPage":{"@id":"https:\/\/belux.edmo.eu\/fr\/lhomme-suspect-davoir-la-variole-du-singe-dans-le-mtro-de-madrid-dment-la-rumeur\/"},"wordCount":796,"publisher":{"@id":"https:\/\/belux.edmo.eu\/#organization"},"image":{"@id":"https:\/\/belux.edmo.eu\/fr\/lhomme-suspect-davoir-la-variole-du-singe-dans-le-mtro-de-madrid-dment-la-rumeur\/#primaryimage"},"thumbnailUrl":"https:\/\/belux.edmo.eu\/wp-content\/uploads\/2022\/08\/3fa146219c48a4393aace23e8f353125-1659525652.jpg","articleSection":["Fact-Check","Non classifi\u00e9(e)","Sante","Science","Societe"],"inLanguage":"fr-FR"},{"@type":"WebPage","@id":"https:\/\/belux.edmo.eu\/fr\/lhomme-suspect-davoir-la-variole-du-singe-dans-le-mtro-de-madrid-dment-la-rumeur\/","url":"https:\/\/belux.edmo.eu\/fr\/lhomme-suspect-davoir-la-variole-du-singe-dans-le-mtro-de-madrid-dment-la-rumeur\/","name":"L\u2019homme suspect\u00e9 d\u2019avoir la variole du singe dans le m\u00e9tro de Madrid d\u00e9ment la rumeur - EDMO Belux","isPartOf":{"@id":"https:\/\/belux.edmo.eu\/#website"},"primaryImageOfPage":{"@id":"https:\/\/belux.edmo.eu\/fr\/lhomme-suspect-davoir-la-variole-du-singe-dans-le-mtro-de-madrid-dment-la-rumeur\/#primaryimage"},"image":{"@id":"https:\/\/belux.edmo.eu\/fr\/lhomme-suspect-davoir-la-variole-du-singe-dans-le-mtro-de-madrid-dment-la-rumeur\/#primaryimage"},"thumbnailUrl":"https:\/\/belux.edmo.eu\/wp-content\/uploads\/2022\/08\/3fa146219c48a4393aace23e8f353125-1659525652.jpg","datePublished":"2022-08-03T12:33:27+00:00","dateModified":"2022-08-03T15:11:20+00:00","breadcrumb":{"@id":"https:\/\/belux.edmo.eu\/fr\/lhomme-suspect-davoir-la-variole-du-singe-dans-le-mtro-de-madrid-dment-la-rumeur\/#breadcrumb"},"inLanguage":"fr-FR","potentialAction":[{"@type":"ReadAction","target":["https:\/\/belux.edmo.eu\/fr\/lhomme-suspect-davoir-la-variole-du-singe-dans-le-mtro-de-madrid-dment-la-rumeur\/"]}]},{"@type":"ImageObject","inLanguage":"fr-FR","@id":"https:\/\/belux.edmo.eu\/fr\/lhomme-suspect-davoir-la-variole-du-singe-dans-le-mtro-de-madrid-dment-la-rumeur\/#primaryimage","url":"https:\/\/belux.edmo.eu\/wp-content\/uploads\/2022\/08\/3fa146219c48a4393aace23e8f353125-1659525652.jpg","contentUrl":"https:\/\/belux.edmo.eu\/wp-content\/uploads\/2022\/08\/3fa146219c48a4393aace23e8f353125-1659525652.jpg","width":770,"height":433,"caption":"L\u2019homme suspect\u00e9 d\u2019avoir la variole du singe dans le m\u00e9tro de Madrid d\u00e9ment la rumeur - Featured image"},{"@type":"BreadcrumbList","@id":"https:\/\/belux.edmo.eu\/fr\/lhomme-suspect-davoir-la-variole-du-singe-dans-le-mtro-de-madrid-dment-la-rumeur\/#breadcrumb","itemListElement":[{"@type":"ListItem","position":1,"name":"Home","item":"https:\/\/belux.edmo.eu\/fr\/"},{"@type":"ListItem","position":2,"name":"L\u2019homme suspect\u00e9 d\u2019avoir la variole du singe dans le m\u00e9tro de Madrid d\u00e9ment la rumeur"}]},{"@type":"WebSite","@id":"https:\/\/belux.edmo.eu\/#website","url":"https:\/\/belux.edmo.eu\/","name":"EDMO Belux","description":"Monitoring Disinformation in Belgium and Luxembourg","publisher":{"@id":"https:\/\/belux.edmo.eu\/#organization"},"potentialAction":[{"@type":"SearchAction","target":{"@type":"EntryPoint","urlTemplate":"https:\/\/belux.edmo.eu\/?s={search_term_string}"},"query-input":{"@type":"PropertyValueSpecification","valueRequired":true,"valueName":"search_term_string"}}],"inLanguage":"fr-FR"},{"@type":"Organization","@id":"https:\/\/belux.edmo.eu\/#organization","name":"EDMO Belux","url":"https:\/\/belux.edmo.eu\/","logo":{"@type":"ImageObject","inLanguage":"fr-FR","@id":"https:\/\/belux.edmo.eu\/#\/schema\/logo\/image\/","url":"https:\/\/belux.edmo.eu\/wp-content\/uploads\/2021\/12\/belux-logo-full-color-rgb.svg","contentUrl":"https:\/\/belux.edmo.eu\/wp-content\/uploads\/2021\/12\/belux-logo-full-color-rgb.svg","width":1,"height":1,"caption":"EDMO Belux"},"image":{"@id":"https:\/\/belux.edmo.eu\/#\/schema\/logo\/image\/"},"sameAs":["https:\/\/x.com\/Edmo_Belux"]},{"@type":"Person","@id":"https:\/\/belux.edmo.eu\/#\/schema\/person\/dbe3b252258537fd318f9b5645a30342","name":"master","sameAs":["https:\/\/belux.wpengine.com"],"url":"https:\/\/belux.edmo.eu\/fr\/author\/master\/"}]}},"menu_order":0,"_links":{"self":[{"href":"https:\/\/belux.edmo.eu\/fr\/wp-json\/wp\/v2\/posts\/89006","targetHints":{"allow":["GET"]}}],"collection":[{"href":"https:\/\/belux.edmo.eu\/fr\/wp-json\/wp\/v2\/posts"}],"about":[{"href":"https:\/\/belux.edmo.eu\/fr\/wp-json\/wp\/v2\/types\/post"}],"author":[{"embeddable":true,"href":"https:\/\/belux.edmo.eu\/fr\/wp-json\/wp\/v2\/users\/1"}],"replies":[{"embeddable":true,"href":"https:\/\/belux.edmo.eu\/fr\/wp-json\/wp\/v2\/comments?post=89006"}],"version-history":[{"count":0,"href":"https:\/\/belux.edmo.eu\/fr\/wp-json\/wp\/v2\/posts\/89006\/revisions"}],"wp:featuredmedia":[{"embeddable":true,"href":"https:\/\/belux.edmo.eu\/fr\/wp-json\/wp\/v2\/media\/89001"}],"wp:attachment":[{"href":"https:\/\/belux.edmo.eu\/fr\/wp-json\/wp\/v2\/media?parent=89006"}],"wp:term":[{"taxonomy":"category","embeddable":true,"href":"https:\/\/belux.edmo.eu\/fr\/wp-json\/wp\/v2\/categories?post=89006"},{"taxonomy":"post_tag","embeddable":true,"href":"https:\/\/belux.edmo.eu\/fr\/wp-json\/wp\/v2\/tags?post=89006"}],"curies":[{"name":"wp","href":"https:\/\/api.w.org\/{rel}","templated":true}]}}