{"id":100239,"date":"2022-08-16T06:00:37","date_gmt":"2022-08-16T06:00:37","guid":{"rendered":"https:\/\/belux.edmo.eu\/?p=100239"},"modified":"2022-10-06T13:20:42","modified_gmt":"2022-10-06T13:20:42","slug":"faktencheck-ukrainesch-weess-exporter-di-feelen-sinn-e-risk-fir-weltwit-liewensmttelversuergung","status":"publish","type":"post","link":"https:\/\/belux.edmo.eu\/lb\/faktencheck-ukrainesch-weess-exporter-di-feelen-sinn-e-risk-fir-weltwit-liewensmttelversuergung\/","title":{"rendered":"Faktencheck: Ukrainesch Weess-Exporter, d\u00e9i feelen, sinn e Risk fir weltw\u00e4it Liewensm\u00ebttelversuergung"},"content":{"rendered":"<article>\n<div>\n<div>\n<p>&nbsp;<\/p>\n<\/div>\n<div>\n<p>D\u00e9i russesch Invasioun an der Ukrain suergt net just am attack\u00e9ierte Land fir Leed an Honger, mee och a villen anere L\u00e4nner op der Welt. D&#8217;Ukrain ass n\u00e4mlech e wichtegen Exporteur vu K\u00e4ren.<\/p>\n<p>Dausenden Notzerinnen an Notzer hunn z\u00ebnter Ufank Juni op Facebook B\u00e4itr\u00e4g gedeelt (<a href=\"https:\/\/perma.cc\/D3G5-6EA3\" target=\"_blank\" rel=\"noopener\">hei<\/a>, <a href=\"https:\/\/perma.cc\/8JAG-MSFE\" target=\"_blank\" rel=\"noopener\">hei<\/a>), d\u00e9i den Androck verm\u00ebttelen, de Krich an der Ukrain k\u00e9int keen d\u00e4itlechen Afloss op d\u00e9i weltw\u00e4it Versuergung mat Narungsm\u00ebttelen hunn, well d&#8217;Ukrain am weltw\u00e4ite Verglach just w\u00e9ineg Weess a Mais produz\u00e9iere g\u00e9if. Och op Telegram (<a href=\"https:\/\/archive.ph\/qrDME\" target=\"_blank\" rel=\"noopener\">hei<\/a>, <a href=\"https:\/\/perma.cc\/9YTP-2FGN\" target=\"_blank\" rel=\"noopener\">hei<\/a>) an <a href=\"https:\/\/archive.ph\/vEWP7\" target=\"_blank\" rel=\"noopener\">Twitter<\/a> hunn Z\u00e9ngdausende vu Leit d&#8217;Behaaptung gesinn.<\/p>\n<p><img src=\"https:\/\/belux.edmo.eu\/wp-content\/uploads\/2022\/08\/1c536e16b3424ab041acc0cc5f2dc558.jpeg\" alt=\"RTL\" \/> Facebook-Screenshot der Behauptung: 22.06.2022<\/p>\n<p>Z\u00ebnter der russescher Attack op d&#8217;Ukrain de 24. Februar 2022 maachen eng jett falsch Behaaptungen d&#8217;Ronn a sozialen Netzwierker iwwer de Krich an Osteuropa. <a href=\"https:\/\/faktencheck.afp.com\/list\/all\/all\/39405\/all\/tid-39405\">D&#8217;AFP sammelt Faktenchecken am Zesummenhang mam Krich<\/a>.<\/p>\n<p>UNO warnt virun de Konsequenze vu Pr\u00e4iss-Haussen<\/p>\n<p>An engem <a href=\"https:\/\/www.fao.org\/documents\/card\/en\/c\/cb9013en\">Rapport vum Juni 2022<\/a> warnt d&#8217;UN-Organisatioun fir Ern\u00e4rung a Landwirtschaft FAO virun den negativen Auswierkunge vum Krich fir d\u00e9i global Liewensm\u00ebttelversuergung: &#8220;Wann de Krich zu enger unhalender Reduktioun vun Narungsm\u00ebttel-Exporter aus der Ukrain an aus der russescher Federatioun f\u00e9iert, w\u00e4ert d\u00ebst zous\u00e4tzlechen Drock op d\u00e9i international Narungsm\u00ebttelpr\u00e4isser aus\u00fcben.&#8221; Berechnunge vun der Organisatioun no k\u00e9int d&#8217;Zuel vun den \u00ebnnerern\u00e4erte M\u00ebnschen als Suitte vum Krich weltw\u00e4it \u00ebm 8 bis 13 Millioune klammen.<\/p>\n<p>D&#8217;Ukrain geh\u00e9iert zu de weltw\u00e4it wichtegsten Exportl\u00e4nner fir Weess a Mais. Als Konsequenz vum Krich k\u00ebnne grouss Quantit\u00e9iten un Narungsm\u00ebttel d&#8217;Land z\u00ebnter M\u00e9int net verloossen. D&#8217;FAO geet dovun aus, dass dem Ament <a href=\"https:\/\/www.fao.org\/3\/cc1025en\/cc1025en.pdf\">bis zu 22 Milliounen Tonne Weess an aner K\u00e4renzorten<\/a> an der Ukrain fests\u00ebtzen. Experte f\u00e4erte <a href=\"https:\/\/www.ifpri.org\/blog\/how-will-russias-invasion-ukraine-affect-global-food-security\">grav Konsequenze fir d\u00e9i weltw\u00e4it Narungsm\u00ebttelversuergung<\/a> opgrond vun enger m\u00e9i knapper Offer u Grondnarungsm\u00ebttel a Pr\u00e4isser, d\u00e9i s\u00e9ier klammen.<\/p>\n<p>D&#8217;B\u00e4itr\u00e4g, d\u00e9i aktuell verbreet ginn, behaapten awer, d&#8217;Ukrain g\u00e9if am globale Verglach vill ze w\u00e9ineg Quantit\u00e9ite Weess a Mais produz\u00e9ieren, fir de weltw\u00e4iten Ernierungssystem nohalteg beantr\u00e4chtegen ze k\u00ebnnen. Sou stame &#8220;vun den ca. 800 Milliounen Tonne Weess, dee all Joer weltw\u00e4it verbraucht&#8221; g\u00e9if, just 2,5 Prozent aus der Ukrain. Beim Mais w\u00e4r et, den Eegeverbrauch vun der Ukrain ofgerechent, souguer just en Undeel vun 1,8 Prozent um weltw\u00e4ite Gesamtverbrauch vun 1,2 Milliarden Tonnen.<\/p>\n<p>Den <a href=\"https:\/\/www.fao.org\/documents\/card\/en\/c\/cb9013en\">Zuele vun der FAO<\/a> no entspriechen d&#8217;Donn\u00e9e\u00ebn am B\u00e4itrag ongef\u00e9ier den effektive Quantit\u00e9iten a prozentualen Undeeler. Deemno huet d&#8217;Ukrain 2020 ronn 25 Milliounen Tonne Weess &#8211; 3,3 Prozent vun der weltw\u00e4iter Gesamtproduktioun &#8211; produz\u00e9iert a war domat den aachtgr\u00e9isste Produzent vu Weess op der Welt. Mat enger Mais-Recolte vun 30 Milliounen Tonnen &#8211; 2,6 Prozent vun der weltw\u00e4iter Gesamtproduktioun &#8211; huet d&#8217;Ukrain 2020 am internationale Verglach Plaz f\u00ebnnef vun de wichtegste Produktiounsl\u00e4nner beluecht.<\/p>\n<p>Grouss Quantit\u00e9ite vun ukraineschem Weess si fir den Export best\u00ebmmt<\/p>\n<p>De vergl\u00e4ichsweis ger\u00e9ngen Undeel vun der Ukrain un der weltw\u00e4iter Produktioun u Weess a Mais g\u00e9if awer op kengem Fall bedeiten, dass d&#8217;Land irrelevant fir d\u00e9i global Narungsm\u00ebttelversuergung w\u00e4r, sot de <a href=\"https:\/\/www.lf.uni-bonn.de\/de\/fakultaet\/aktuelles\/neuberufungen\/prof.-dr.-matin-qaim\" target=\"_blank\" rel=\"noopener\">Matin Qaim<\/a>, Professer fir Agarekonomie op der Universit\u00e9it Bonn, den 28. Juni 2022 g\u00e9intiwwer der AFP. De Qaim leet den <a href=\"https:\/\/www.zef.de\/zefhome.html\" target=\"_blank\" rel=\"noopener\">Zentrum f\u00fcr Entwicklungsforschung<\/a> op der Universit\u00e9it Bonn an ass en international renomm\u00e9ierten Expert fir de globalen Ernierungssystem.<\/p>\n<p>D&#8217;Behaaptungen aus dem B\u00e4itrag g\u00e9ifen op enger falscher Suppositioun berouen: &#8220;Hei g\u00ebtt f\u00e4lschlech dovun ausgaangen, dass d&#8217;Pr\u00e4isser op den internationale M\u00e4ert op der gesamter weltw\u00e4it produz\u00e9ierter Quantit\u00e9it bas\u00e9ieren&#8221;, huet hien erkl\u00e4ert. Dat w\u00e4r awer net de Fall. Just e Brochdeel vun der weltw\u00e4iter Weessproduktioun w\u00e4r iwwerhaapt fir den Export virgesinn.<\/p>\n<p>D\u00e9i zwee gr\u00e9isst Produzente vu Weess op der Welt, China an Indien, dauchen op der <a href=\"https:\/\/www.fao.org\/faostat\/en\/#rankings\/countries_by_commodity_exports\">L\u00ebscht vun den 10 wichtegsten Exportl\u00e4nner<\/a> iwwerhaapt net op, well se bal kee Weess an d&#8217;Ausland verkafen. D&#8217;Pr\u00e4isser fir Weess um Weltmaart entstinn duerch d&#8217;Quantit\u00e9it u Weess, deen do gehandelt g\u00ebtt, net duerch d&#8217;Quantit\u00e9it vum insgesamt produz\u00e9ierte Weess. \u00cbmsou m\u00e9i knapp d&#8217;Offer u Weess ass, \u00ebmsou m\u00e9i h\u00e9ich sinn d&#8217;Pr\u00e4isser.<\/p>\n<p>Russland huet Exportstopp fir Weess verhaangen<\/p>\n<p>D&#8217;<a href=\"https:\/\/www.destatis.de\/DE\/Themen\/Laender-Regionen\/Internationales\/Thema\/landwirtschaft-fischerei\/Ukraine-Landwirtschaft.html#:~:text=Weizenproduktion,Versorgung%20der%20eigenen%20Bev%C3%B6lkerung%20genutzt.\">Ukrain<\/a> huet virum Krich par konter verh\u00e4ltnesm\u00e9isseg vill Weess a Mais fir d\u00e9i international M\u00e4ert produz\u00e9iert: 2020 huet se 18,1 Milliounen Tonne Weess an 28 Milliounen Tonne Mais export\u00e9iert, wat engem Undeel vun 9, respektiv 14,5 Prozent un de weltw\u00e4iten Exporter u Weess a Mais entspr\u00e9cht. Domat war se am internationale Verglach dat f\u00ebnneftgr\u00e9isst Exportland fir Weess an de v\u00e9iertgr\u00e9issten Exporteur vu Mais. Russland, de gr\u00e9issten Exporteur vu Weess, huet virum Krich 18,8 Prozent vun de weltw\u00e4iten Exporter ausgemaach. Russland an d&#8217;Ukrain hunn zesumme m\u00e9i w\u00e9i e V\u00e9ierel vum weltw\u00e4it fir den Export best\u00ebmmte Weess produz\u00e9iert.<\/p>\n<p><img src=\"https:\/\/belux.edmo.eu\/wp-content\/uploads\/2022\/08\/5f46525b27903eff1e6d1f0fb90ceded.jpeg\" alt=\"RTL\" \/> Die acht gr\u00f6\u00dften Weizenexportl\u00e4nder der Welt ( THORSTEN EBERDING \/ AFP \/ )<\/p>\n<p>Mee Russland huet s\u00e4it dem Ufank vum Krich en <a href=\"https:\/\/www.news24.com\/fin24\/economy\/russia-bans-grain-exports-to-ex-soviet-republics-20220315\">deelweisen Exportstopp fir d&#8217;K\u00e4ren aus dem eegene Land verhaangen<\/a>, wat d&#8217;Offer op de Weltm\u00e4ert zous\u00e4tzlech m\u00e9i knapp gi l\u00e9isst. Russland huet Weess z\u00ebnterhier just nach ganz selektiv u best\u00ebmmte L\u00e4nner, d\u00e9i et als Alli\u00e9iert oder \u00cbnnerst\u00ebtzer vu senger Politik uges\u00e4it, ausgeliwwert, sot de Matin Qaim, <a href=\"https:\/\/www.reuters.com\/world\/russian-flagged-ships-transport-ukraines-grain-syria-maxar-says-2022-06-16\/\">zum Beispill no Syrien<\/a>. &#8220;Gl\u00e4ichz\u00e4iteg verbreede russesch Politiker den Narrativ, <a href=\"https:\/\/www.reuters.com\/markets\/commodities\/kremlin-says-sanctions-must-be-lifted-russian-grain-reach-markets-2022-06-08\/\">dass et e Manktem u Weess g\u00ebtt<\/a>, w\u00e4r eng <a href=\"https:\/\/www.france24.com\/en\/africa\/20220603-african-union-head-sall-reassured-after-talks-with-putin-on-food-shortages-amid-ukraine-conflict\">Konsequenz vun de westleche Sanktiounen<\/a>, wat net st\u00ebmmt.&#8221; <a href=\"https:\/\/www.consilium.europa.eu\/en\/policies\/sanctions\/restrictive-measures-against-russia-over-ukraine\/sanctions-against-russia-explained\/\">D&#8217;Sanktioune vun der Europ\u00e4escher Unioun<\/a> souw\u00e9i den USA a Kanada g\u00e9int Russland gesi keng Aschr\u00e4nkunge fir Liewensm\u00ebttel vir.<\/p>\n<p>D&#8217;Pr\u00e4isser fir Narungsm\u00ebttel op den internationale M\u00e4ert w\u00e4ren en plus schonn an den zwee Joer virum Krich d\u00e4itlech geklommen, sot de Matin Qaim. D&#8217;Ursaachen heifir w\u00e4re villf\u00e4lteg: Faillen an \u00cbnnerbriechunge vu globale Liwwerketten duerch d&#8217;Corona-Pandemie, Ausf\u00e4ll vun der Recolte duerch extreem Wiederphenomener an der Konsequenz vum Klimawandel a klammend Energiepr\u00e4isser h\u00e4tten dozou gef\u00e9iert, dass d&#8217;Pr\u00e4isser fir Weess am Januar 2022 \u00ebm ongef\u00e9ier 50 Prozent m\u00e9i h\u00e9ich louchen, w\u00e9i nach zwee Joer virdrun.<\/p>\n<p><img src=\"https:\/\/belux.edmo.eu\/wp-content\/uploads\/2022\/08\/5a17527dc444ce09b8272b14b16aa83d.jpeg\" alt=\"RTL\" \/> Entwicklung Weizenpreis seit Jahresbeginn ( THORSTEN EBERDING \/ AFP \/ )<\/p>\n<p>Eng Partie international <a href=\"https:\/\/www.csis.org\/analysis\/hunger-heels-possible-ukraine-invasion\" target=\"_blank\" rel=\"noopener\">Expertinnen<\/a> an <a href=\"https:\/\/foreignpolicy.com\/2022\/01\/22\/russia-ukraine-war-grain-exports-africa-asia\/\" target=\"_blank\" rel=\"noopener\">Experten<\/a> hunn dohier scho virum Krichsausbroch virun de Suitte vun enger arm\u00e9ierter Ausenanersetzung t\u00ebscht Russland an der Ukrain fir d\u00e9i weltw\u00e4it Narungsm\u00ebttelversuergung gewarnt. E Krich t\u00ebscht d\u00ebsen zwee bedeitenden Exportl\u00e4nner vu Weess g\u00e9if d\u00e9i global Ernierungssituatioun, d\u00e9i souwisou schonn ugespaant ass, zous\u00e4tzlech versch\u00e4erfen, w\u00e9i si gefaart hunn.<\/p>\n<p>Nom Ufank vun der russescher Invasioun sinn d&#8217;Pr\u00e4isser op en Neits \u00ebm knapp 50 Prozent geklommen, wat eng Verdueblung vum Pr\u00e4is fir Weess bannent zwee Joer ausm\u00e9cht. Huet e Sch\u00e4ffel Weess (27,22 Kilogramm) den 28. Juli 2020 nach 5,27 Dollar kascht, louch de Pr\u00e4is den 28. Juni 2022 bei 9,33 Dollar. Z\u00e4itweis huet e Sch\u00e4ffel Weess 12 Dollar op der <a href=\"https:\/\/www.boerse-frankfurt.de\/rohstoff\/weizenpreis\">Bourse<\/a> kascht. &#8220;Wann ee sech d&#8217;Entw\u00e9cklung ukuckt, erkennt een e kontinu\u00e9ierlechen Trend no uewen&#8221;, sot de Qaim.<\/p>\n<p>De Manktem u Weess ass plazeweis schonn ze spieren<\/p>\n<p>D&#8217;Weessexporter aus der Ukrain, d\u00e9i feelen, hu sech net ouni Weideres duerch m\u00e9i h\u00e9ich Exporter vun anere L\u00e4nner ausgl\u00e4iche gelooss, huet de Qaim erkl\u00e4ert. &#8220;Kee Land op der Welt huet e puer Milliounen Tonne K\u00e4ren op Lager.&#8221; D\u00e9i weltw\u00e4it recolt\u00e9iert Quantit\u00e9ite w\u00e4ren net dofir virgesinn, laangfristeg gelagert ze ginn, mee g\u00e9ife consomm\u00e9iert oder export\u00e9iert.<\/p>\n<p>D&#8217;L\u00e4nner, d\u00e9i haapts\u00e4chlech Weess aus der Ukrain kafen, leien an Nordafrika, am Noen a M\u00ebttleren Osten souw\u00e9i an Ostafrika. Besonnesch ofh\u00e4ngeg vu Weess-Importer aus der Ukrain sinn den Donn\u00e9e\u00eb vun der FAO no L\u00e4nner w\u00e9i Tunesien, Mauretanien, de Libanon an Dschibuti.<\/p>\n<p><img src=\"https:\/\/belux.edmo.eu\/wp-content\/uploads\/2022\/08\/0efccf4c01ea3284f7fa8cbd54d8cffe.jpeg\" alt=\"RTL\" \/> L\u00e4nder mit der h\u00f6chsten Abh\u00e4ngigkeit von russischem und ukrainischem Weizen ( LAURENCE SAUBADU, SYLVIE HUSSON \/ AFP \/ )<\/p>\n<p>D&#8217;Konsequenze vum Manktem w\u00e4ren an d\u00ebse L\u00e4nner elo schonn ze spieren, huet de Matin Qaim erkl\u00e4ert. &#8220;M\u00ebnschen a m\u00e9i aarme L\u00e4nner k\u00ebnnen eben net einfach mol dat Duebelt bezuelen, well se souwisou scho m\u00e9i w\u00e9i d&#8217;Hallschent vun hirem Akommes fir Liewensm\u00ebttel ausgi mussen.&#8221; Vill M\u00ebnschen h\u00e4tten an de leschte M\u00e9int d&#8217;Zuel vun hire Moolzechte reduz\u00e9iere mussen a g\u00e9ifen \u00ebnner Honger an N\u00e4rstoffmangel leiden.<\/p>\n<p>Den 22. Juli 2022 hunn d&#8217;Ukrain a Russland, \u00ebnnert der Verm\u00ebttlung vun der tierkescher Regierung an der UNO, <a href=\"https:\/\/www.france24.com\/en\/live-news\/20220722-what-we-know-about-the-russia-ukraine-grain-deal\">en Ofkommes \u00ebnnerschriwwen<\/a>, dat virges\u00e4it, dass d\u00e9i ukrainesch Exporter fir K\u00e4ren iwwer dat Schwaarzt Mier nees opgeholl sollen a gereegelt ginn. B\u00e9id L\u00e4nner hu sech dora verflicht, s\u00e9cher Korridore fir Frachtsch\u00ebffer anzehalen an do op milit\u00e4resch Aktivit\u00e9iten ze verzichten. D&#8217;Frachtsch\u00ebffer solle beim Aus- an Alafen an den H\u00e4fe vun ukrainesche Milit\u00e4rbooter begleet ginn.<\/p>\n<p>Eng Attack mat enger Rak\u00e9it op den <a href=\"https:\/\/www.france24.com\/en\/live-news\/20220723-russian-strikes-on-odessa-port-cast-doubt-over-grain-deal\" target=\"_blank\" rel=\"noopener\">Hafe vun Odessa<\/a> huet Zweiwel un der Fiabilit\u00e9it vun de russeschen Zousoen opkomme gelooss. De Weekend no der \u00cbnnerzeechnung vum Ofkommes hu russesch Rak\u00e9iten den Hafe vun der s\u00fcdukrainescher Stad, an deem och grouss Quantit\u00e9ite Weess fir den Export gelagert sinn, getraff. Moskau huet betount, d&#8217;Arm\u00e9i h\u00e4tt just &#8220;<a href=\"https:\/\/ria.ru\/20220724\/ukraina-1804604181.html\">milit\u00e4resch Infrastruktur<\/a>&#8221; an d&#8217;Vis\u00e9ier geholl an engem Relancement vun de K\u00e4re-Liwwerunge g\u00e9if n\u00e4ischt am Wee stoen.<\/p>\n<p><strong>Fazit:<\/strong> D&#8217;Ukrain ass e bedeitenden Exporteur fir Weess a Mais. W\u00e9inst dem russeschen Ugr\u00ebffskrich g\u00e9int d&#8217;Ukrain sinn d\u00e9i ukrainesch Narungsm\u00ebttelexporter d\u00e4itlech zer\u00e9ckgaangen. De weltw\u00e4ite Manktem bei der Offer vu Weess huet zu enger drastescher Hausse bei de Pr\u00e4isser fir Liewensm\u00ebttel gefouert, wat d&#8217;Versuergung virun allem a m\u00e9i aarme Regioune vun der Welt verschl\u00ebmmert.<\/p>\n<p><em>D\u00ebsen Artikel vun der AFP gouf vun RTL op L\u00ebtzebuergesch iwwersat.<\/em><\/p>\n<\/div>\n<\/div>\n<\/article>\n","protected":false},"excerpt":{"rendered":"<p>&nbsp; D\u00e9i russesch Invasioun an der Ukrain suergt net just am attack\u00e9ierte Land fir Leed an Honger, mee och a&#8230;<\/p>\n","protected":false},"author":1,"featured_media":100234,"comment_status":"closed","ping_status":"open","sticky":false,"template":"","format":"standard","meta":{"_acf_changed":false,"footnotes":""},"categories":[191,217,185],"tags":[],"class_list":{"0":"post-100239","1":"post","2":"type-post","3":"status-publish","4":"format-standard","5":"has-post-thumbnail","7":"category-politik","8":"category-ukraine-lb","9":"category-wirtschaft"},"acf":{"show_metatags":true,"id":"1949015","authors":"RTL L\u00ebtzebuerg","organization":"RTL","featured_image_copyright":"","text_copyright":"Copyright RTL \/ CLT-UFA S.A.","source":"http:\/\/www.rtl.lu\/news\/faktencheck\/a\/1949015.html","fact_checker":"https:\/\/belux.wpengine.com\/wp-content\/uploads\/2021\/12\/rtl_logo.png","type":"Closed Event","location":"","start_date":"","start_date_event_begins_at":"","start_date_event_ends_at":"","end_date":"","end_date_event_begins_at":"","end_date_event_ends_at":"","organizer":"","fact_checker_logo_image":false},"yoast_head":"<!-- This site is optimized with the Yoast SEO plugin v27.0 - https:\/\/yoast.com\/product\/yoast-seo-wordpress\/ -->\n<title>Faktencheck: Ukrainesch Weess-Exporter, d\u00e9i feelen, sinn e Risk fir weltw\u00e4it Liewensm\u00ebttelversuergung - EDMO Belux<\/title>\n<meta name=\"robots\" content=\"index, follow, max-snippet:-1, max-image-preview:large, max-video-preview:-1\" \/>\n<link rel=\"canonical\" href=\"https:\/\/belux.edmo.eu\/lb\/faktencheck-ukrainesch-weess-exporter-di-feelen-sinn-e-risk-fir-weltwit-liewensmttelversuergung\/\" \/>\n<meta property=\"og:locale\" content=\"en_US\" \/>\n<meta property=\"og:type\" content=\"article\" \/>\n<meta property=\"og:title\" content=\"Faktencheck: Ukrainesch Weess-Exporter, d\u00e9i feelen, sinn e Risk fir weltw\u00e4it Liewensm\u00ebttelversuergung - EDMO Belux\" \/>\n<meta property=\"og:description\" content=\"&nbsp; D\u00e9i russesch Invasioun an der Ukrain suergt net just am attack\u00e9ierte Land fir Leed an Honger, mee och a...\" \/>\n<meta property=\"og:url\" content=\"https:\/\/belux.edmo.eu\/lb\/faktencheck-ukrainesch-weess-exporter-di-feelen-sinn-e-risk-fir-weltwit-liewensmttelversuergung\/\" \/>\n<meta property=\"og:site_name\" content=\"EDMO Belux\" \/>\n<meta property=\"article:published_time\" content=\"2022-08-16T06:00:37+00:00\" \/>\n<meta property=\"article:modified_time\" content=\"2022-10-06T13:20:42+00:00\" \/>\n<meta property=\"og:image\" content=\"https:\/\/belux.edmo.eu\/wp-content\/uploads\/2022\/08\/4ba9dfbf95bfe9ff28b4d39786ceff5c.jpeg\" \/>\n\t<meta property=\"og:image:width\" content=\"1024\" \/>\n\t<meta property=\"og:image:height\" content=\"576\" \/>\n\t<meta property=\"og:image:type\" content=\"image\/jpeg\" \/>\n<meta name=\"author\" content=\"master\" \/>\n<meta name=\"twitter:card\" content=\"summary_large_image\" \/>\n<meta name=\"twitter:creator\" content=\"@Edmo_Belux\" \/>\n<meta name=\"twitter:site\" content=\"@Edmo_Belux\" \/>\n<meta name=\"twitter:label1\" content=\"Written by\" \/>\n\t<meta name=\"twitter:data1\" content=\"master\" \/>\n\t<meta name=\"twitter:label2\" content=\"Est. reading time\" \/>\n\t<meta name=\"twitter:data2\" content=\"8 minutes\" \/>\n<script type=\"application\/ld+json\" class=\"yoast-schema-graph\">{\"@context\":\"https:\/\/schema.org\",\"@graph\":[{\"@type\":\"Article\",\"@id\":\"https:\/\/belux.edmo.eu\/lb\/faktencheck-ukrainesch-weess-exporter-di-feelen-sinn-e-risk-fir-weltwit-liewensmttelversuergung\/#article\",\"isPartOf\":{\"@id\":\"https:\/\/belux.edmo.eu\/lb\/faktencheck-ukrainesch-weess-exporter-di-feelen-sinn-e-risk-fir-weltwit-liewensmttelversuergung\/\"},\"author\":{\"name\":\"master\",\"@id\":\"https:\/\/belux.edmo.eu\/#\/schema\/person\/dbe3b252258537fd318f9b5645a30342\"},\"headline\":\"Faktencheck: Ukrainesch Weess-Exporter, d\u00e9i feelen, sinn e Risk fir weltw\u00e4it Liewensm\u00ebttelversuergung\",\"datePublished\":\"2022-08-16T06:00:37+00:00\",\"dateModified\":\"2022-10-06T13:20:42+00:00\",\"mainEntityOfPage\":{\"@id\":\"https:\/\/belux.edmo.eu\/lb\/faktencheck-ukrainesch-weess-exporter-di-feelen-sinn-e-risk-fir-weltwit-liewensmttelversuergung\/\"},\"wordCount\":1732,\"publisher\":{\"@id\":\"https:\/\/belux.edmo.eu\/#organization\"},\"image\":{\"@id\":\"https:\/\/belux.edmo.eu\/lb\/faktencheck-ukrainesch-weess-exporter-di-feelen-sinn-e-risk-fir-weltwit-liewensmttelversuergung\/#primaryimage\"},\"thumbnailUrl\":\"https:\/\/belux.edmo.eu\/wp-content\/uploads\/2022\/08\/4ba9dfbf95bfe9ff28b4d39786ceff5c.jpeg\",\"articleSection\":[\"Politik\",\"Ukraine\",\"Wirtschaft\"],\"inLanguage\":\"lb-LU\"},{\"@type\":\"WebPage\",\"@id\":\"https:\/\/belux.edmo.eu\/lb\/faktencheck-ukrainesch-weess-exporter-di-feelen-sinn-e-risk-fir-weltwit-liewensmttelversuergung\/\",\"url\":\"https:\/\/belux.edmo.eu\/lb\/faktencheck-ukrainesch-weess-exporter-di-feelen-sinn-e-risk-fir-weltwit-liewensmttelversuergung\/\",\"name\":\"Faktencheck: Ukrainesch Weess-Exporter, d\u00e9i feelen, sinn e Risk fir weltw\u00e4it Liewensm\u00ebttelversuergung - EDMO Belux\",\"isPartOf\":{\"@id\":\"https:\/\/belux.edmo.eu\/#website\"},\"primaryImageOfPage\":{\"@id\":\"https:\/\/belux.edmo.eu\/lb\/faktencheck-ukrainesch-weess-exporter-di-feelen-sinn-e-risk-fir-weltwit-liewensmttelversuergung\/#primaryimage\"},\"image\":{\"@id\":\"https:\/\/belux.edmo.eu\/lb\/faktencheck-ukrainesch-weess-exporter-di-feelen-sinn-e-risk-fir-weltwit-liewensmttelversuergung\/#primaryimage\"},\"thumbnailUrl\":\"https:\/\/belux.edmo.eu\/wp-content\/uploads\/2022\/08\/4ba9dfbf95bfe9ff28b4d39786ceff5c.jpeg\",\"datePublished\":\"2022-08-16T06:00:37+00:00\",\"dateModified\":\"2022-10-06T13:20:42+00:00\",\"breadcrumb\":{\"@id\":\"https:\/\/belux.edmo.eu\/lb\/faktencheck-ukrainesch-weess-exporter-di-feelen-sinn-e-risk-fir-weltwit-liewensmttelversuergung\/#breadcrumb\"},\"inLanguage\":\"lb-LU\",\"potentialAction\":[{\"@type\":\"ReadAction\",\"target\":[\"https:\/\/belux.edmo.eu\/lb\/faktencheck-ukrainesch-weess-exporter-di-feelen-sinn-e-risk-fir-weltwit-liewensmttelversuergung\/\"]}]},{\"@type\":\"ImageObject\",\"inLanguage\":\"lb-LU\",\"@id\":\"https:\/\/belux.edmo.eu\/lb\/faktencheck-ukrainesch-weess-exporter-di-feelen-sinn-e-risk-fir-weltwit-liewensmttelversuergung\/#primaryimage\",\"url\":\"https:\/\/belux.edmo.eu\/wp-content\/uploads\/2022\/08\/4ba9dfbf95bfe9ff28b4d39786ceff5c.jpeg\",\"contentUrl\":\"https:\/\/belux.edmo.eu\/wp-content\/uploads\/2022\/08\/4ba9dfbf95bfe9ff28b4d39786ceff5c.jpeg\",\"width\":1024,\"height\":576,\"caption\":\"Faktencheck: Ukrainesch Weess-Exporter, d\u00e9i feelen, sinn e Risk fir weltw\u00e4it Liewensm\u00ebttelversuergung - Featured image\"},{\"@type\":\"BreadcrumbList\",\"@id\":\"https:\/\/belux.edmo.eu\/lb\/faktencheck-ukrainesch-weess-exporter-di-feelen-sinn-e-risk-fir-weltwit-liewensmttelversuergung\/#breadcrumb\",\"itemListElement\":[{\"@type\":\"ListItem\",\"position\":1,\"name\":\"Home\",\"item\":\"https:\/\/belux.edmo.eu\/lb\/\"},{\"@type\":\"ListItem\",\"position\":2,\"name\":\"Faktencheck: Ukrainesch Weess-Exporter, d\u00e9i feelen, sinn e Risk fir weltw\u00e4it Liewensm\u00ebttelversuergung\"}]},{\"@type\":\"WebSite\",\"@id\":\"https:\/\/belux.edmo.eu\/#website\",\"url\":\"https:\/\/belux.edmo.eu\/\",\"name\":\"EDMO Belux\",\"description\":\"Monitoring Disinformation in Belgium and Luxembourg\",\"publisher\":{\"@id\":\"https:\/\/belux.edmo.eu\/#organization\"},\"potentialAction\":[{\"@type\":\"SearchAction\",\"target\":{\"@type\":\"EntryPoint\",\"urlTemplate\":\"https:\/\/belux.edmo.eu\/?s={search_term_string}\"},\"query-input\":{\"@type\":\"PropertyValueSpecification\",\"valueRequired\":true,\"valueName\":\"search_term_string\"}}],\"inLanguage\":\"lb-LU\"},{\"@type\":\"Organization\",\"@id\":\"https:\/\/belux.edmo.eu\/#organization\",\"name\":\"EDMO Belux\",\"url\":\"https:\/\/belux.edmo.eu\/\",\"logo\":{\"@type\":\"ImageObject\",\"inLanguage\":\"lb-LU\",\"@id\":\"https:\/\/belux.edmo.eu\/#\/schema\/logo\/image\/\",\"url\":\"https:\/\/belux.edmo.eu\/wp-content\/uploads\/2021\/12\/belux-logo-full-color-rgb.svg\",\"contentUrl\":\"https:\/\/belux.edmo.eu\/wp-content\/uploads\/2021\/12\/belux-logo-full-color-rgb.svg\",\"width\":1,\"height\":1,\"caption\":\"EDMO Belux\"},\"image\":{\"@id\":\"https:\/\/belux.edmo.eu\/#\/schema\/logo\/image\/\"},\"sameAs\":[\"https:\/\/x.com\/Edmo_Belux\"]},{\"@type\":\"Person\",\"@id\":\"https:\/\/belux.edmo.eu\/#\/schema\/person\/dbe3b252258537fd318f9b5645a30342\",\"name\":\"master\",\"sameAs\":[\"https:\/\/belux.wpengine.com\"],\"url\":\"https:\/\/belux.edmo.eu\/lb\/author\/master\/\"}]}<\/script>\n<!-- \/ Yoast SEO plugin. -->","yoast_head_json":{"title":"Faktencheck: Ukrainesch Weess-Exporter, d\u00e9i feelen, sinn e Risk fir weltw\u00e4it Liewensm\u00ebttelversuergung - EDMO Belux","robots":{"index":"index","follow":"follow","max-snippet":"max-snippet:-1","max-image-preview":"max-image-preview:large","max-video-preview":"max-video-preview:-1"},"canonical":"https:\/\/belux.edmo.eu\/lb\/faktencheck-ukrainesch-weess-exporter-di-feelen-sinn-e-risk-fir-weltwit-liewensmttelversuergung\/","og_locale":"en_US","og_type":"article","og_title":"Faktencheck: Ukrainesch Weess-Exporter, d\u00e9i feelen, sinn e Risk fir weltw\u00e4it Liewensm\u00ebttelversuergung - EDMO Belux","og_description":"&nbsp; D\u00e9i russesch Invasioun an der Ukrain suergt net just am attack\u00e9ierte Land fir Leed an Honger, mee och a...","og_url":"https:\/\/belux.edmo.eu\/lb\/faktencheck-ukrainesch-weess-exporter-di-feelen-sinn-e-risk-fir-weltwit-liewensmttelversuergung\/","og_site_name":"EDMO Belux","article_published_time":"2022-08-16T06:00:37+00:00","article_modified_time":"2022-10-06T13:20:42+00:00","og_image":[{"width":1024,"height":576,"url":"https:\/\/belux.edmo.eu\/wp-content\/uploads\/2022\/08\/4ba9dfbf95bfe9ff28b4d39786ceff5c.jpeg","type":"image\/jpeg"}],"author":"master","twitter_card":"summary_large_image","twitter_creator":"@Edmo_Belux","twitter_site":"@Edmo_Belux","twitter_misc":{"Written by":"master","Est. reading time":"8 minutes"},"schema":{"@context":"https:\/\/schema.org","@graph":[{"@type":"Article","@id":"https:\/\/belux.edmo.eu\/lb\/faktencheck-ukrainesch-weess-exporter-di-feelen-sinn-e-risk-fir-weltwit-liewensmttelversuergung\/#article","isPartOf":{"@id":"https:\/\/belux.edmo.eu\/lb\/faktencheck-ukrainesch-weess-exporter-di-feelen-sinn-e-risk-fir-weltwit-liewensmttelversuergung\/"},"author":{"name":"master","@id":"https:\/\/belux.edmo.eu\/#\/schema\/person\/dbe3b252258537fd318f9b5645a30342"},"headline":"Faktencheck: Ukrainesch Weess-Exporter, d\u00e9i feelen, sinn e Risk fir weltw\u00e4it Liewensm\u00ebttelversuergung","datePublished":"2022-08-16T06:00:37+00:00","dateModified":"2022-10-06T13:20:42+00:00","mainEntityOfPage":{"@id":"https:\/\/belux.edmo.eu\/lb\/faktencheck-ukrainesch-weess-exporter-di-feelen-sinn-e-risk-fir-weltwit-liewensmttelversuergung\/"},"wordCount":1732,"publisher":{"@id":"https:\/\/belux.edmo.eu\/#organization"},"image":{"@id":"https:\/\/belux.edmo.eu\/lb\/faktencheck-ukrainesch-weess-exporter-di-feelen-sinn-e-risk-fir-weltwit-liewensmttelversuergung\/#primaryimage"},"thumbnailUrl":"https:\/\/belux.edmo.eu\/wp-content\/uploads\/2022\/08\/4ba9dfbf95bfe9ff28b4d39786ceff5c.jpeg","articleSection":["Politik","Ukraine","Wirtschaft"],"inLanguage":"lb-LU"},{"@type":"WebPage","@id":"https:\/\/belux.edmo.eu\/lb\/faktencheck-ukrainesch-weess-exporter-di-feelen-sinn-e-risk-fir-weltwit-liewensmttelversuergung\/","url":"https:\/\/belux.edmo.eu\/lb\/faktencheck-ukrainesch-weess-exporter-di-feelen-sinn-e-risk-fir-weltwit-liewensmttelversuergung\/","name":"Faktencheck: Ukrainesch Weess-Exporter, d\u00e9i feelen, sinn e Risk fir weltw\u00e4it Liewensm\u00ebttelversuergung - EDMO Belux","isPartOf":{"@id":"https:\/\/belux.edmo.eu\/#website"},"primaryImageOfPage":{"@id":"https:\/\/belux.edmo.eu\/lb\/faktencheck-ukrainesch-weess-exporter-di-feelen-sinn-e-risk-fir-weltwit-liewensmttelversuergung\/#primaryimage"},"image":{"@id":"https:\/\/belux.edmo.eu\/lb\/faktencheck-ukrainesch-weess-exporter-di-feelen-sinn-e-risk-fir-weltwit-liewensmttelversuergung\/#primaryimage"},"thumbnailUrl":"https:\/\/belux.edmo.eu\/wp-content\/uploads\/2022\/08\/4ba9dfbf95bfe9ff28b4d39786ceff5c.jpeg","datePublished":"2022-08-16T06:00:37+00:00","dateModified":"2022-10-06T13:20:42+00:00","breadcrumb":{"@id":"https:\/\/belux.edmo.eu\/lb\/faktencheck-ukrainesch-weess-exporter-di-feelen-sinn-e-risk-fir-weltwit-liewensmttelversuergung\/#breadcrumb"},"inLanguage":"lb-LU","potentialAction":[{"@type":"ReadAction","target":["https:\/\/belux.edmo.eu\/lb\/faktencheck-ukrainesch-weess-exporter-di-feelen-sinn-e-risk-fir-weltwit-liewensmttelversuergung\/"]}]},{"@type":"ImageObject","inLanguage":"lb-LU","@id":"https:\/\/belux.edmo.eu\/lb\/faktencheck-ukrainesch-weess-exporter-di-feelen-sinn-e-risk-fir-weltwit-liewensmttelversuergung\/#primaryimage","url":"https:\/\/belux.edmo.eu\/wp-content\/uploads\/2022\/08\/4ba9dfbf95bfe9ff28b4d39786ceff5c.jpeg","contentUrl":"https:\/\/belux.edmo.eu\/wp-content\/uploads\/2022\/08\/4ba9dfbf95bfe9ff28b4d39786ceff5c.jpeg","width":1024,"height":576,"caption":"Faktencheck: Ukrainesch Weess-Exporter, d\u00e9i feelen, sinn e Risk fir weltw\u00e4it Liewensm\u00ebttelversuergung - Featured image"},{"@type":"BreadcrumbList","@id":"https:\/\/belux.edmo.eu\/lb\/faktencheck-ukrainesch-weess-exporter-di-feelen-sinn-e-risk-fir-weltwit-liewensmttelversuergung\/#breadcrumb","itemListElement":[{"@type":"ListItem","position":1,"name":"Home","item":"https:\/\/belux.edmo.eu\/lb\/"},{"@type":"ListItem","position":2,"name":"Faktencheck: Ukrainesch Weess-Exporter, d\u00e9i feelen, sinn e Risk fir weltw\u00e4it Liewensm\u00ebttelversuergung"}]},{"@type":"WebSite","@id":"https:\/\/belux.edmo.eu\/#website","url":"https:\/\/belux.edmo.eu\/","name":"EDMO Belux","description":"Monitoring Disinformation in Belgium and Luxembourg","publisher":{"@id":"https:\/\/belux.edmo.eu\/#organization"},"potentialAction":[{"@type":"SearchAction","target":{"@type":"EntryPoint","urlTemplate":"https:\/\/belux.edmo.eu\/?s={search_term_string}"},"query-input":{"@type":"PropertyValueSpecification","valueRequired":true,"valueName":"search_term_string"}}],"inLanguage":"lb-LU"},{"@type":"Organization","@id":"https:\/\/belux.edmo.eu\/#organization","name":"EDMO Belux","url":"https:\/\/belux.edmo.eu\/","logo":{"@type":"ImageObject","inLanguage":"lb-LU","@id":"https:\/\/belux.edmo.eu\/#\/schema\/logo\/image\/","url":"https:\/\/belux.edmo.eu\/wp-content\/uploads\/2021\/12\/belux-logo-full-color-rgb.svg","contentUrl":"https:\/\/belux.edmo.eu\/wp-content\/uploads\/2021\/12\/belux-logo-full-color-rgb.svg","width":1,"height":1,"caption":"EDMO Belux"},"image":{"@id":"https:\/\/belux.edmo.eu\/#\/schema\/logo\/image\/"},"sameAs":["https:\/\/x.com\/Edmo_Belux"]},{"@type":"Person","@id":"https:\/\/belux.edmo.eu\/#\/schema\/person\/dbe3b252258537fd318f9b5645a30342","name":"master","sameAs":["https:\/\/belux.wpengine.com"],"url":"https:\/\/belux.edmo.eu\/lb\/author\/master\/"}]}},"menu_order":0,"_links":{"self":[{"href":"https:\/\/belux.edmo.eu\/lb\/wp-json\/wp\/v2\/posts\/100239","targetHints":{"allow":["GET"]}}],"collection":[{"href":"https:\/\/belux.edmo.eu\/lb\/wp-json\/wp\/v2\/posts"}],"about":[{"href":"https:\/\/belux.edmo.eu\/lb\/wp-json\/wp\/v2\/types\/post"}],"author":[{"embeddable":true,"href":"https:\/\/belux.edmo.eu\/lb\/wp-json\/wp\/v2\/users\/1"}],"replies":[{"embeddable":true,"href":"https:\/\/belux.edmo.eu\/lb\/wp-json\/wp\/v2\/comments?post=100239"}],"version-history":[{"count":0,"href":"https:\/\/belux.edmo.eu\/lb\/wp-json\/wp\/v2\/posts\/100239\/revisions"}],"wp:featuredmedia":[{"embeddable":true,"href":"https:\/\/belux.edmo.eu\/lb\/wp-json\/wp\/v2\/media\/100234"}],"wp:attachment":[{"href":"https:\/\/belux.edmo.eu\/lb\/wp-json\/wp\/v2\/media?parent=100239"}],"wp:term":[{"taxonomy":"category","embeddable":true,"href":"https:\/\/belux.edmo.eu\/lb\/wp-json\/wp\/v2\/categories?post=100239"},{"taxonomy":"post_tag","embeddable":true,"href":"https:\/\/belux.edmo.eu\/lb\/wp-json\/wp\/v2\/tags?post=100239"}],"curies":[{"name":"wp","href":"https:\/\/api.w.org\/{rel}","templated":true}]}}