{"id":107333,"date":"2022-08-24T05:00:31","date_gmt":"2022-08-24T05:00:31","guid":{"rendered":"https:\/\/belux.edmo.eu\/?p=107333"},"modified":"2022-10-06T13:18:13","modified_gmt":"2022-10-06T13:18:13","slug":"faktencheck-rekordhtzt-vun-1954-an-den-usa-widderleet-global-erwiermung-net","status":"publish","type":"post","link":"https:\/\/belux.edmo.eu\/lb\/faktencheck-rekordhtzt-vun-1954-an-den-usa-widderleet-global-erwiermung-net\/","title":{"rendered":"Faktencheck: Rekordh\u00ebtzt vun 1954 an den USA widderleet global Erwiermung net"},"content":{"rendered":"<article>\n<div>\n<div>\n<p>&nbsp;<\/p>\n<\/div>\n<div>\n<p>Social-Media-B\u00e4itr\u00e4g behaapten, dass eng H\u00ebtztwell an den USA am Summer vum Joer 1954 beweise g\u00e9if, dass d\u00e9i global Erwiermung &#8220;just eng Agenda&#8221; w\u00e4r. D&#8217;AFP huet W\u00ebssenschaftler zu d\u00ebser Behaaptung befrot.<\/p>\n<p>&#8220;Et gouf keng Agenda fir &#8216;GLOBAL ERWIERMUNG&#8217; oder &#8216;KLIMAVER\u00c4NNERUNG&#8217; am Joer 1954. D\u00e9i aktuell Rhetorik ass just eng Agenda iwwer Kontroll vu Muecht an \u00cbmverdeelung vu Verm\u00e9igen&#8221;, heescht et an engem Facebook-Post vum 28. Juli 2022, deen eng Foto vun engem Zeitungsartikel weist. &#8220;Esou Geschichte sinn en Deel vun de Gr\u00ebnn, firwat de Geschichtsunterrecht un \u00ebffentleche Schoulen zer\u00e9ckgezu gouf.&#8221;<\/p>\n<p><img src=\"https:\/\/belux.edmo.eu\/wp-content\/uploads\/2022\/08\/b99a6e18b26088402e8ab2fc8f753012.jpeg\" alt=\"RTL\" \/> Screenshot of a Facebook post taken August 15, 2022<\/p>\n<p>\u00c4nlech Behaaptunge sinn op Twitter zirkul\u00e9iert (<a href=\"https:\/\/archive.ph\/zXeYt\">hei<\/a>, <a href=\"https:\/\/archive.ph\/TWqJ3\">hei<\/a>). Als Beweis g\u00ebtt eng Chronik vum 16. Juli 2022 am <a href=\"https:\/\/www.joplinglobe.com\/\" target=\"_blank\" rel=\"noopener\">The Joplin Globe<\/a>, enger Dageszeitung a Missouri, zit\u00e9iert.<\/p>\n<p>&#8220;Sou waarm et an d\u00ebsem Summer och ass, 1954 war vill m\u00e9i schl\u00ebmm&#8221;, steet an der Iwwerschr\u00ebft.<\/p>\n<p>Awer d&#8217;B\u00e4itr\u00e4g interpret\u00e9ieren den Artikel falsch, well en de Klimawandel net erw\u00e4\u00e4nt. A W\u00ebssenschaftler soen, dass duerch d\u00e9i global Erwiermung H\u00ebtztwellen \u00ebmmer m\u00e9i heefeg a m\u00e9i intensiv optriede w\u00e4erten.<\/p>\n<p>&#8220;Keng eenzel H\u00ebtztwell kann d\u00e9i global Erwiermung beweisen oder widderlee\u00ebn&#8221;, seet d&#8217;<a href=\"https:\/\/perma.cc\/ADQ4-QXG3?view-mode=client-side&amp;type=image\" target=\"_blank\" rel=\"noopener\">Maren Hale<\/a>, Klimafuerscherin bei der <a href=\"https:\/\/perma.cc\/2GHT-YT9F\" target=\"_blank\" rel=\"noopener\">Scripps Institution of Oceanography<\/a> op der University of California-San Diego.<\/p>\n<p>1954 huet am M\u00ebttlere Westen Rekorder gesat<\/p>\n<p>Den Historiker <a href=\"https:\/\/perma.cc\/R355-D3QM?view-mode=client-side&amp;type=image\" target=\"_blank\" rel=\"noopener\">Brad Belk<\/a> vun der Missouri Southern State University huet sech an der Online-Chronik u seng Erfarungen aus dem Summer 1954 er\u00ebnnert.<\/p>\n<p>De Belk ass kee W\u00ebssenschaftler an huet sech och net zum Klimawandel ge\u00e4ussert. Amplaz huet hien op d&#8217;Konsequenze vun der H\u00ebtztwell fir d\u00e9i lokal Bev\u00eblkerung an d&#8217;Infrastruktur higewisen.<\/p>\n<p>&#8220;Ob et 1954 oder 2022 ass, waarm ass waarm&#8221;, sot hien an deem Artikel. &#8220;Den Hierscht war 1954 eng w\u00ebllkomm Erliichterung. Et g\u00ebtt och nom Hierscht 2022 verlaangert.&#8221;<\/p>\n<p>Donn\u00e9e\u00eb vun 1954 confirm\u00e9ieren d&#8217;Intensit\u00e9it vun deem Summer am M\u00ebttlere Westen.<\/p>\n<p>D&#8217;<a href=\"https:\/\/perma.cc\/B853-7ZXV?view-mode=client-side&amp;type=image\" target=\"_blank\" rel=\"noopener\">Nancy Westcott<\/a>, eng Klimafuerscherin am <a href=\"https:\/\/perma.cc\/9KDC-HRC3?view-mode=client-side&amp;type=image\" target=\"_blank\" rel=\"noopener\">Midwestern Regional Climate Center<\/a>, sot an enger <a href=\"https:\/\/perma.cc\/UF2Z-LTQE?view-mode=client-side&amp;type=image\">Et\u00fcd vun 2011<\/a>, dass dat Joer (1954) &#8220;d\u00e9i j\u00e9ngst gr\u00e9isser an zerst\u00e9ierend H\u00ebtztwell&#8221; fir d&#8217;Regioun war. Illinois beispillsweis huet de 14. Juli 1954 zu East St. Louis mat 47,28 Grad Celsius eng Rekordtemperatur gemooss.<\/p>\n<p>D&#8217;Westcott sot der AFP awer, dass de Rapport &#8220;op lokalen Donn\u00e9e\u00eb bas\u00e9iert a keng global Donn\u00e9e\u00ebn enthale waren.&#8221;<\/p>\n<p>&#8220;Et huet gewisen, dass d&#8217;Klima regional vari\u00e9iert an dass Wiederextreemer schonn \u00ebmmer opgetruede sinn, awer et seet n\u00e4ischt doriwwer, wat weltw\u00e4it geschitt&#8221;, huet si bemierkt.<\/p>\n<p>\u00cbmmer m\u00e9i staark Wiederextreemer<\/p>\n<p>Alleguer d\u00e9i 10 w\u00e4ermst Joren, d\u00e9i opgezeechent goufen, sinn am 21. Joerhonnert opgetrueden, w\u00e9i et <a href=\"https:\/\/perma.cc\/44JT-S6L4\">vun der National Oceanic and Atmospheric Administration&#8217;s (NOAA) heescht<\/a>. An den 143 Joer global opgezeechenten Donn\u00e9e\u00eb steet d&#8217;Joer 2022 fir den Z\u00e4itraum Januar-Juli op der sechster Plaz vun de w\u00e4ermste Perioden.<\/p>\n<p>D&#8217;Hale sot, dass et zwar \u00cbnnerscheeder t\u00ebscht de Regioune g\u00ebtt, awer &#8220;als Ganzt erliewen d\u00e9i Vereenegt Staate vun Amerika m\u00e9i heefeg H\u00ebtztwellen, an d\u00ebs H\u00ebtztwelle si m\u00e9i extreem a m\u00e9i laang w\u00e9i viru 60-70 Joer.&#8221;<\/p>\n<p><img src=\"https:\/\/belux.edmo.eu\/wp-content\/uploads\/2022\/08\/e50af991820ccd564d239a2d81768e89.jpeg\" alt=\"RTL\" \/> Highlights of a report on the state of the climate by the World Meteorological Organization ( AFP \/ Gal ROMA, Paz PIZARRO, Jonathan WALTER)<\/p>\n<p><a href=\"https:\/\/perma.cc\/7JKH-HDB9?view-mode=client-side&amp;type=image\" target=\"_blank\" rel=\"noopener\">D&#8217;Jessica Neu<\/a>, Atmosph\u00e4rfuerscherin am Jet Propulsion Laboratory vun der NASA, sot der AFP, dass d&#8217;H\u00ebtztwell vun 1954 &#8220;a kengster Weis widderleet, dass d&#8217;Erwiermung vun der \u00c4erd w\u00e9inst dem Cumul vun Z\u00e4regasen acceler\u00e9iert g\u00ebtt an d&#8217;Resultat vu m\u00ebnschlechen Aktivit\u00e9iten ass.&#8221;<\/p>\n<p>&#8220;Et kann een et sech w\u00e9i eng Entreprise virstellen, d\u00e9i eng nei Strategie, fir den \u00cbmsaz ze steigeren, \u00ebmgesat huet&#8221;, sot d&#8217;Neu. &#8220;Den Erfolleg vun d\u00ebser Strategie g\u00ebtt net vun een oder zwee gudden oder schlechte Jore (w\u00e9i bei der H\u00ebtztwell vun 1954) best\u00ebmmt, mee vun der laangfristeger Ver\u00e4nnerung oder Entw\u00e9cklung vum \u00cbmsaz.&#8221;<\/p>\n<p>D&#8217;H\u00ebtztwell vun 1954 war en extreemt Wiederevenement, awer de Klimawandel h\u00e4tt &#8220;an den USA zanter den 1950er Joren zu enger \u00ebmmer m\u00e9i staarker Frequenz, Intensit\u00e9it an Dauer vun H\u00ebtztwelle gef\u00e9iert.&#8221;<\/p>\n<p>All weider Erwiermung \u00ebm 0,5 Grad Celsius verursaacht en erkennbaart Klamme vun der Intensit\u00e9it a Frequenz vu waarmen Extreemen &#8211; H\u00ebtztwellen inclus, w\u00e9i et am <a href=\"https:\/\/perma.cc\/BJ5C-2YRD\">j\u00e9ngste Rapport vum Weltklimarot (IPCC<\/a>) heescht. M\u00e9i w\u00e9i 700 W\u00ebssenschaftler aus 90 L\u00e4nner hunn de Rapport zesummegedroen.<\/p>\n<p>D&#8217;AFP huet nach <a href=\"https:\/\/factcheck.afp.com\/list\/all\/all\/39289\/all\/tid-39289\">aner Behaaptungen iwwer de Klimawandel iwwerpr\u00e9ift<\/a>.<\/p>\n<\/div>\n<p><em>D\u00ebsen Artikel vun der AFP gouf vun RTL op L\u00ebtzebuergesch iwwersat.<\/em><\/p>\n<\/div>\n<\/article>\n","protected":false},"excerpt":{"rendered":"<p>&nbsp; Social-Media-B\u00e4itr\u00e4g behaapten, dass eng H\u00ebtztwell an den USA am Summer vum Joer 1954 beweise g\u00e9if, dass d\u00e9i global Erwiermung&#8230;<\/p>\n","protected":false},"author":1,"featured_media":107328,"comment_status":"closed","ping_status":"open","sticky":false,"template":"","format":"standard","meta":{"_acf_changed":false,"footnotes":""},"categories":[189],"tags":[],"class_list":{"0":"post-107333","1":"post","2":"type-post","3":"status-publish","4":"format-standard","5":"has-post-thumbnail","7":"category-emwelt"},"acf":{"show_metatags":true,"id":"1955063","authors":"RTL L\u00ebtzebuerg","organization":"RTL","featured_image_copyright":"","text_copyright":"Copyright RTL \/ CLT-UFA S.A.","source":"http:\/\/www.rtl.lu\/news\/faktencheck\/a\/1955063.html","fact_checker":"https:\/\/belux.wpengine.com\/wp-content\/uploads\/2021\/12\/rtl_logo.png","type":"Closed Event","location":"","start_date":"","start_date_event_begins_at":"","start_date_event_ends_at":"","end_date":"","end_date_event_begins_at":"","end_date_event_ends_at":"","organizer":"","fact_checker_logo_image":false},"yoast_head":"<!-- This site is optimized with the Yoast SEO plugin v27.0 - https:\/\/yoast.com\/product\/yoast-seo-wordpress\/ -->\n<title>Faktencheck: Rekordh\u00ebtzt vun 1954 an den USA widderleet global Erwiermung net - EDMO Belux<\/title>\n<meta name=\"robots\" content=\"index, follow, max-snippet:-1, max-image-preview:large, max-video-preview:-1\" \/>\n<link rel=\"canonical\" href=\"https:\/\/belux.edmo.eu\/lb\/faktencheck-rekordhtzt-vun-1954-an-den-usa-widderleet-global-erwiermung-net\/\" \/>\n<meta property=\"og:locale\" content=\"en_US\" \/>\n<meta property=\"og:type\" content=\"article\" \/>\n<meta property=\"og:title\" content=\"Faktencheck: Rekordh\u00ebtzt vun 1954 an den USA widderleet global Erwiermung net - EDMO Belux\" \/>\n<meta property=\"og:description\" content=\"&nbsp; Social-Media-B\u00e4itr\u00e4g behaapten, dass eng H\u00ebtztwell an den USA am Summer vum Joer 1954 beweise g\u00e9if, dass d\u00e9i global Erwiermung...\" \/>\n<meta property=\"og:url\" content=\"https:\/\/belux.edmo.eu\/lb\/faktencheck-rekordhtzt-vun-1954-an-den-usa-widderleet-global-erwiermung-net\/\" \/>\n<meta property=\"og:site_name\" content=\"EDMO Belux\" \/>\n<meta property=\"article:published_time\" content=\"2022-08-24T05:00:31+00:00\" \/>\n<meta property=\"article:modified_time\" content=\"2022-10-06T13:18:13+00:00\" \/>\n<meta property=\"og:image\" content=\"https:\/\/belux.edmo.eu\/wp-content\/uploads\/2022\/08\/c50a4ce3cc7c1b864aa34d2057f6b01d.jpeg\" \/>\n\t<meta property=\"og:image:width\" content=\"1080\" \/>\n\t<meta property=\"og:image:height\" content=\"607\" \/>\n\t<meta property=\"og:image:type\" content=\"image\/jpeg\" \/>\n<meta name=\"author\" content=\"master\" \/>\n<meta name=\"twitter:card\" content=\"summary_large_image\" \/>\n<meta name=\"twitter:creator\" content=\"@Edmo_Belux\" \/>\n<meta name=\"twitter:site\" content=\"@Edmo_Belux\" \/>\n<meta name=\"twitter:label1\" content=\"Written by\" \/>\n\t<meta name=\"twitter:data1\" content=\"master\" \/>\n\t<meta name=\"twitter:label2\" content=\"Est. reading time\" \/>\n\t<meta name=\"twitter:data2\" content=\"4 minutes\" \/>\n<script type=\"application\/ld+json\" class=\"yoast-schema-graph\">{\"@context\":\"https:\/\/schema.org\",\"@graph\":[{\"@type\":\"Article\",\"@id\":\"https:\/\/belux.edmo.eu\/lb\/faktencheck-rekordhtzt-vun-1954-an-den-usa-widderleet-global-erwiermung-net\/#article\",\"isPartOf\":{\"@id\":\"https:\/\/belux.edmo.eu\/lb\/faktencheck-rekordhtzt-vun-1954-an-den-usa-widderleet-global-erwiermung-net\/\"},\"author\":{\"name\":\"master\",\"@id\":\"https:\/\/belux.edmo.eu\/#\/schema\/person\/dbe3b252258537fd318f9b5645a30342\"},\"headline\":\"Faktencheck: Rekordh\u00ebtzt vun 1954 an den USA widderleet global Erwiermung net\",\"datePublished\":\"2022-08-24T05:00:31+00:00\",\"dateModified\":\"2022-10-06T13:18:13+00:00\",\"mainEntityOfPage\":{\"@id\":\"https:\/\/belux.edmo.eu\/lb\/faktencheck-rekordhtzt-vun-1954-an-den-usa-widderleet-global-erwiermung-net\/\"},\"wordCount\":785,\"publisher\":{\"@id\":\"https:\/\/belux.edmo.eu\/#organization\"},\"image\":{\"@id\":\"https:\/\/belux.edmo.eu\/lb\/faktencheck-rekordhtzt-vun-1954-an-den-usa-widderleet-global-erwiermung-net\/#primaryimage\"},\"thumbnailUrl\":\"https:\/\/belux.edmo.eu\/wp-content\/uploads\/2022\/08\/c50a4ce3cc7c1b864aa34d2057f6b01d.jpeg\",\"articleSection\":[\"\u00cbmwelt\"],\"inLanguage\":\"lb-LU\"},{\"@type\":\"WebPage\",\"@id\":\"https:\/\/belux.edmo.eu\/lb\/faktencheck-rekordhtzt-vun-1954-an-den-usa-widderleet-global-erwiermung-net\/\",\"url\":\"https:\/\/belux.edmo.eu\/lb\/faktencheck-rekordhtzt-vun-1954-an-den-usa-widderleet-global-erwiermung-net\/\",\"name\":\"Faktencheck: Rekordh\u00ebtzt vun 1954 an den USA widderleet global Erwiermung net - EDMO Belux\",\"isPartOf\":{\"@id\":\"https:\/\/belux.edmo.eu\/#website\"},\"primaryImageOfPage\":{\"@id\":\"https:\/\/belux.edmo.eu\/lb\/faktencheck-rekordhtzt-vun-1954-an-den-usa-widderleet-global-erwiermung-net\/#primaryimage\"},\"image\":{\"@id\":\"https:\/\/belux.edmo.eu\/lb\/faktencheck-rekordhtzt-vun-1954-an-den-usa-widderleet-global-erwiermung-net\/#primaryimage\"},\"thumbnailUrl\":\"https:\/\/belux.edmo.eu\/wp-content\/uploads\/2022\/08\/c50a4ce3cc7c1b864aa34d2057f6b01d.jpeg\",\"datePublished\":\"2022-08-24T05:00:31+00:00\",\"dateModified\":\"2022-10-06T13:18:13+00:00\",\"breadcrumb\":{\"@id\":\"https:\/\/belux.edmo.eu\/lb\/faktencheck-rekordhtzt-vun-1954-an-den-usa-widderleet-global-erwiermung-net\/#breadcrumb\"},\"inLanguage\":\"lb-LU\",\"potentialAction\":[{\"@type\":\"ReadAction\",\"target\":[\"https:\/\/belux.edmo.eu\/lb\/faktencheck-rekordhtzt-vun-1954-an-den-usa-widderleet-global-erwiermung-net\/\"]}]},{\"@type\":\"ImageObject\",\"inLanguage\":\"lb-LU\",\"@id\":\"https:\/\/belux.edmo.eu\/lb\/faktencheck-rekordhtzt-vun-1954-an-den-usa-widderleet-global-erwiermung-net\/#primaryimage\",\"url\":\"https:\/\/belux.edmo.eu\/wp-content\/uploads\/2022\/08\/c50a4ce3cc7c1b864aa34d2057f6b01d.jpeg\",\"contentUrl\":\"https:\/\/belux.edmo.eu\/wp-content\/uploads\/2022\/08\/c50a4ce3cc7c1b864aa34d2057f6b01d.jpeg\",\"width\":1080,\"height\":607,\"caption\":\"Faktencheck: Rekordh\u00ebtzt vun 1954 an den USA widderleet global Erwiermung net - Featured image\"},{\"@type\":\"BreadcrumbList\",\"@id\":\"https:\/\/belux.edmo.eu\/lb\/faktencheck-rekordhtzt-vun-1954-an-den-usa-widderleet-global-erwiermung-net\/#breadcrumb\",\"itemListElement\":[{\"@type\":\"ListItem\",\"position\":1,\"name\":\"Home\",\"item\":\"https:\/\/belux.edmo.eu\/lb\/\"},{\"@type\":\"ListItem\",\"position\":2,\"name\":\"Faktencheck: Rekordh\u00ebtzt vun 1954 an den USA widderleet global Erwiermung net\"}]},{\"@type\":\"WebSite\",\"@id\":\"https:\/\/belux.edmo.eu\/#website\",\"url\":\"https:\/\/belux.edmo.eu\/\",\"name\":\"EDMO Belux\",\"description\":\"Monitoring Disinformation in Belgium and Luxembourg\",\"publisher\":{\"@id\":\"https:\/\/belux.edmo.eu\/#organization\"},\"potentialAction\":[{\"@type\":\"SearchAction\",\"target\":{\"@type\":\"EntryPoint\",\"urlTemplate\":\"https:\/\/belux.edmo.eu\/?s={search_term_string}\"},\"query-input\":{\"@type\":\"PropertyValueSpecification\",\"valueRequired\":true,\"valueName\":\"search_term_string\"}}],\"inLanguage\":\"lb-LU\"},{\"@type\":\"Organization\",\"@id\":\"https:\/\/belux.edmo.eu\/#organization\",\"name\":\"EDMO Belux\",\"url\":\"https:\/\/belux.edmo.eu\/\",\"logo\":{\"@type\":\"ImageObject\",\"inLanguage\":\"lb-LU\",\"@id\":\"https:\/\/belux.edmo.eu\/#\/schema\/logo\/image\/\",\"url\":\"https:\/\/belux.edmo.eu\/wp-content\/uploads\/2021\/12\/belux-logo-full-color-rgb.svg\",\"contentUrl\":\"https:\/\/belux.edmo.eu\/wp-content\/uploads\/2021\/12\/belux-logo-full-color-rgb.svg\",\"width\":1,\"height\":1,\"caption\":\"EDMO Belux\"},\"image\":{\"@id\":\"https:\/\/belux.edmo.eu\/#\/schema\/logo\/image\/\"},\"sameAs\":[\"https:\/\/x.com\/Edmo_Belux\"]},{\"@type\":\"Person\",\"@id\":\"https:\/\/belux.edmo.eu\/#\/schema\/person\/dbe3b252258537fd318f9b5645a30342\",\"name\":\"master\",\"sameAs\":[\"https:\/\/belux.wpengine.com\"],\"url\":\"https:\/\/belux.edmo.eu\/lb\/author\/master\/\"}]}<\/script>\n<!-- \/ Yoast SEO plugin. -->","yoast_head_json":{"title":"Faktencheck: Rekordh\u00ebtzt vun 1954 an den USA widderleet global Erwiermung net - EDMO Belux","robots":{"index":"index","follow":"follow","max-snippet":"max-snippet:-1","max-image-preview":"max-image-preview:large","max-video-preview":"max-video-preview:-1"},"canonical":"https:\/\/belux.edmo.eu\/lb\/faktencheck-rekordhtzt-vun-1954-an-den-usa-widderleet-global-erwiermung-net\/","og_locale":"en_US","og_type":"article","og_title":"Faktencheck: Rekordh\u00ebtzt vun 1954 an den USA widderleet global Erwiermung net - EDMO Belux","og_description":"&nbsp; Social-Media-B\u00e4itr\u00e4g behaapten, dass eng H\u00ebtztwell an den USA am Summer vum Joer 1954 beweise g\u00e9if, dass d\u00e9i global Erwiermung...","og_url":"https:\/\/belux.edmo.eu\/lb\/faktencheck-rekordhtzt-vun-1954-an-den-usa-widderleet-global-erwiermung-net\/","og_site_name":"EDMO Belux","article_published_time":"2022-08-24T05:00:31+00:00","article_modified_time":"2022-10-06T13:18:13+00:00","og_image":[{"width":1080,"height":607,"url":"https:\/\/belux.edmo.eu\/wp-content\/uploads\/2022\/08\/c50a4ce3cc7c1b864aa34d2057f6b01d.jpeg","type":"image\/jpeg"}],"author":"master","twitter_card":"summary_large_image","twitter_creator":"@Edmo_Belux","twitter_site":"@Edmo_Belux","twitter_misc":{"Written by":"master","Est. reading time":"4 minutes"},"schema":{"@context":"https:\/\/schema.org","@graph":[{"@type":"Article","@id":"https:\/\/belux.edmo.eu\/lb\/faktencheck-rekordhtzt-vun-1954-an-den-usa-widderleet-global-erwiermung-net\/#article","isPartOf":{"@id":"https:\/\/belux.edmo.eu\/lb\/faktencheck-rekordhtzt-vun-1954-an-den-usa-widderleet-global-erwiermung-net\/"},"author":{"name":"master","@id":"https:\/\/belux.edmo.eu\/#\/schema\/person\/dbe3b252258537fd318f9b5645a30342"},"headline":"Faktencheck: Rekordh\u00ebtzt vun 1954 an den USA widderleet global Erwiermung net","datePublished":"2022-08-24T05:00:31+00:00","dateModified":"2022-10-06T13:18:13+00:00","mainEntityOfPage":{"@id":"https:\/\/belux.edmo.eu\/lb\/faktencheck-rekordhtzt-vun-1954-an-den-usa-widderleet-global-erwiermung-net\/"},"wordCount":785,"publisher":{"@id":"https:\/\/belux.edmo.eu\/#organization"},"image":{"@id":"https:\/\/belux.edmo.eu\/lb\/faktencheck-rekordhtzt-vun-1954-an-den-usa-widderleet-global-erwiermung-net\/#primaryimage"},"thumbnailUrl":"https:\/\/belux.edmo.eu\/wp-content\/uploads\/2022\/08\/c50a4ce3cc7c1b864aa34d2057f6b01d.jpeg","articleSection":["\u00cbmwelt"],"inLanguage":"lb-LU"},{"@type":"WebPage","@id":"https:\/\/belux.edmo.eu\/lb\/faktencheck-rekordhtzt-vun-1954-an-den-usa-widderleet-global-erwiermung-net\/","url":"https:\/\/belux.edmo.eu\/lb\/faktencheck-rekordhtzt-vun-1954-an-den-usa-widderleet-global-erwiermung-net\/","name":"Faktencheck: Rekordh\u00ebtzt vun 1954 an den USA widderleet global Erwiermung net - EDMO Belux","isPartOf":{"@id":"https:\/\/belux.edmo.eu\/#website"},"primaryImageOfPage":{"@id":"https:\/\/belux.edmo.eu\/lb\/faktencheck-rekordhtzt-vun-1954-an-den-usa-widderleet-global-erwiermung-net\/#primaryimage"},"image":{"@id":"https:\/\/belux.edmo.eu\/lb\/faktencheck-rekordhtzt-vun-1954-an-den-usa-widderleet-global-erwiermung-net\/#primaryimage"},"thumbnailUrl":"https:\/\/belux.edmo.eu\/wp-content\/uploads\/2022\/08\/c50a4ce3cc7c1b864aa34d2057f6b01d.jpeg","datePublished":"2022-08-24T05:00:31+00:00","dateModified":"2022-10-06T13:18:13+00:00","breadcrumb":{"@id":"https:\/\/belux.edmo.eu\/lb\/faktencheck-rekordhtzt-vun-1954-an-den-usa-widderleet-global-erwiermung-net\/#breadcrumb"},"inLanguage":"lb-LU","potentialAction":[{"@type":"ReadAction","target":["https:\/\/belux.edmo.eu\/lb\/faktencheck-rekordhtzt-vun-1954-an-den-usa-widderleet-global-erwiermung-net\/"]}]},{"@type":"ImageObject","inLanguage":"lb-LU","@id":"https:\/\/belux.edmo.eu\/lb\/faktencheck-rekordhtzt-vun-1954-an-den-usa-widderleet-global-erwiermung-net\/#primaryimage","url":"https:\/\/belux.edmo.eu\/wp-content\/uploads\/2022\/08\/c50a4ce3cc7c1b864aa34d2057f6b01d.jpeg","contentUrl":"https:\/\/belux.edmo.eu\/wp-content\/uploads\/2022\/08\/c50a4ce3cc7c1b864aa34d2057f6b01d.jpeg","width":1080,"height":607,"caption":"Faktencheck: Rekordh\u00ebtzt vun 1954 an den USA widderleet global Erwiermung net - Featured image"},{"@type":"BreadcrumbList","@id":"https:\/\/belux.edmo.eu\/lb\/faktencheck-rekordhtzt-vun-1954-an-den-usa-widderleet-global-erwiermung-net\/#breadcrumb","itemListElement":[{"@type":"ListItem","position":1,"name":"Home","item":"https:\/\/belux.edmo.eu\/lb\/"},{"@type":"ListItem","position":2,"name":"Faktencheck: Rekordh\u00ebtzt vun 1954 an den USA widderleet global Erwiermung net"}]},{"@type":"WebSite","@id":"https:\/\/belux.edmo.eu\/#website","url":"https:\/\/belux.edmo.eu\/","name":"EDMO Belux","description":"Monitoring Disinformation in Belgium and Luxembourg","publisher":{"@id":"https:\/\/belux.edmo.eu\/#organization"},"potentialAction":[{"@type":"SearchAction","target":{"@type":"EntryPoint","urlTemplate":"https:\/\/belux.edmo.eu\/?s={search_term_string}"},"query-input":{"@type":"PropertyValueSpecification","valueRequired":true,"valueName":"search_term_string"}}],"inLanguage":"lb-LU"},{"@type":"Organization","@id":"https:\/\/belux.edmo.eu\/#organization","name":"EDMO Belux","url":"https:\/\/belux.edmo.eu\/","logo":{"@type":"ImageObject","inLanguage":"lb-LU","@id":"https:\/\/belux.edmo.eu\/#\/schema\/logo\/image\/","url":"https:\/\/belux.edmo.eu\/wp-content\/uploads\/2021\/12\/belux-logo-full-color-rgb.svg","contentUrl":"https:\/\/belux.edmo.eu\/wp-content\/uploads\/2021\/12\/belux-logo-full-color-rgb.svg","width":1,"height":1,"caption":"EDMO Belux"},"image":{"@id":"https:\/\/belux.edmo.eu\/#\/schema\/logo\/image\/"},"sameAs":["https:\/\/x.com\/Edmo_Belux"]},{"@type":"Person","@id":"https:\/\/belux.edmo.eu\/#\/schema\/person\/dbe3b252258537fd318f9b5645a30342","name":"master","sameAs":["https:\/\/belux.wpengine.com"],"url":"https:\/\/belux.edmo.eu\/lb\/author\/master\/"}]}},"menu_order":0,"_links":{"self":[{"href":"https:\/\/belux.edmo.eu\/lb\/wp-json\/wp\/v2\/posts\/107333","targetHints":{"allow":["GET"]}}],"collection":[{"href":"https:\/\/belux.edmo.eu\/lb\/wp-json\/wp\/v2\/posts"}],"about":[{"href":"https:\/\/belux.edmo.eu\/lb\/wp-json\/wp\/v2\/types\/post"}],"author":[{"embeddable":true,"href":"https:\/\/belux.edmo.eu\/lb\/wp-json\/wp\/v2\/users\/1"}],"replies":[{"embeddable":true,"href":"https:\/\/belux.edmo.eu\/lb\/wp-json\/wp\/v2\/comments?post=107333"}],"version-history":[{"count":0,"href":"https:\/\/belux.edmo.eu\/lb\/wp-json\/wp\/v2\/posts\/107333\/revisions"}],"wp:featuredmedia":[{"embeddable":true,"href":"https:\/\/belux.edmo.eu\/lb\/wp-json\/wp\/v2\/media\/107328"}],"wp:attachment":[{"href":"https:\/\/belux.edmo.eu\/lb\/wp-json\/wp\/v2\/media?parent=107333"}],"wp:term":[{"taxonomy":"category","embeddable":true,"href":"https:\/\/belux.edmo.eu\/lb\/wp-json\/wp\/v2\/categories?post=107333"},{"taxonomy":"post_tag","embeddable":true,"href":"https:\/\/belux.edmo.eu\/lb\/wp-json\/wp\/v2\/tags?post=107333"}],"curies":[{"name":"wp","href":"https:\/\/api.w.org\/{rel}","templated":true}]}}