{"id":11029,"date":"2022-01-29T06:48:22","date_gmt":"2022-01-29T06:48:22","guid":{"rendered":"https:\/\/belux-staging.eu\/?p=11029"},"modified":"2022-02-14T12:49:17","modified_gmt":"2022-02-14T12:49:17","slug":"fleie-ministere-mam-privatjet-op-dklimakonferenz-a-wat-stecht-hannert-deem-pin","status":"publish","type":"post","link":"https:\/\/belux.edmo.eu\/lb\/fleie-ministere-mam-privatjet-op-dklimakonferenz-a-wat-stecht-hannert-deem-pin\/","title":{"rendered":"Fl\u00e9ie Ministere mam Privatjet op d&#8217;Klimakonferenz a wat st\u00e9cht hannert deem Pin?"},"content":{"rendered":"<div class=\"wpb-content-wrapper\"><p>[vc_row][vc_column][vc_column_text]<strong>Deen Zesummenhang huet e User op Instagram gemaach, nodeems hien e gew\u00ebssene &#8220;Pin&#8221; bei verschidde Ministeren un der Kleedung entdeckt hat.<\/strong><\/p>\n<p>Wat st\u00e9cht hannert de Minister-&#8220;Pins&#8221;?<\/p>\n<p>Den Ausgangspunkt vun d\u00ebsem Check ass eng Instagram-Story, wou dr\u00e4i Fotoe gepost goufe vun enger Persoun mam Pseudonym &#8220;iam_sabo94&#8221;. Zwou Fotoen, wou op der enger de fr\u00e9iere Finanzminister Pierre Gramegna an op d\u00e4r anerer den aktuelle Wirtschaftsminister a Minister fir Entw\u00e9cklungszesummenaarbecht an humanit\u00e4r Ugelee\u00ebnheete Franz Fayot ze gesi sinn. Alle b\u00e9id hu se e Pin ugesp\u00e9ngelt, also eng dekorativ Broch. Zwee Mol d\u00e9i selwecht!<\/p>\n<p><strong>Dr\u00e4i Fotoen, eng Fro an ee Commentaire<\/strong>[\/vc_column_text][vc_single_image image=&#8221;11030&#8243; img_size=&#8221;full&#8221; add_caption=&#8221;yes&#8221; alignment=&#8221;center&#8221;][vc_column_text]En dr\u00ebtt Bild an der Story begleet d\u00e9i zwou \u00e9ischt Fotoe vu de Ministeren a gouf och vum &#8220;iam_sabo94&#8221; gepost.<\/p>\n<p>Hannert dem Pseudonym &#8220;iam_sabo94&#8243; verstoppt sech eng Persoun, d\u00e9i een \u00ebmmer er\u00ebm un der Front vun den Anti-Vaccin-Maniffe ges\u00e4it.[\/vc_column_text][vc_single_image image=&#8221;11035&#8243; img_size=&#8221;full&#8221; add_caption=&#8221;yes&#8221; alignment=&#8221;center&#8221;][vc_column_text]Wou kommen d\u2019Fotoen hier?<\/p>\n<p>D\u00e9i Foto vum Wirtschaftsminister, d\u00e9i den &#8220;iam_sabo94&#8243; a senger Story benotzt huet, ass e Screenshot aus engem RTL-Reportage vum 22. Januar 2022, deen den Titel dr\u00e9it&#8221;: &#8220;M\u00e9i digital a m\u00e9i nohalteg&#8221;. (<a href=\"https:\/\/www.rtl.lu\/news\/national\/a\/1850955.html\" target=\"_blank\" rel=\"noopener\">K\u00ebnnt Dir hei nosichen<\/a>)<\/p>\n<p>D&#8217;Foto vum Pierre Gramegna staamt aus den Archive vum Tageblatt. (<a href=\"https:\/\/www.tageblatt.lu\/headlines\/in-luxemburg-steht-noch-ein-ministerwechsel-an-pierre-gramegna-dp-tritt-zurueck\/%20\" target=\"_blank\" rel=\"noopener\">K\u00ebnnt Dir hei nosichen<\/a>)<\/p>\n<p>D\u00ebst sinn allerd\u00e9ngs net d\u00e9i \u00e9ischten an net d\u00e9i eenzeg Fotoen, wou een d\u00e9i zwee Ministere mam Pin ges\u00e4it. D\u00e9i \u00e9ischte Foto, wou den H\u00e4r Fayot mat d\u00ebsem Pin ze gesi war, gouf de 4. Februar 2020 bei der Passation de pouvoir geknipst, s\u00e4in \u00e9ischten Dag als Minister. (<a href=\"https:\/\/gouvernement.lu\/fr\/actualites\/toutes_actualites\/communiques\/2020\/02-fevrier\/04-schneider-fayot-passation.html\" target=\"_blank\" rel=\"noopener\">K\u00ebnnt Dir hei nosichen<\/a>)[\/vc_column_text][vc_single_image image=&#8221;11040&#8243; img_size=&#8221;full&#8221; add_caption=&#8221;yes&#8221; alignment=&#8221;center&#8221;][vc_column_text]Och beim fr\u00e9iere Finanzminister f\u00ebnnt een aner Fotoen, wou hien de Pin ugesp\u00e9ngelt hat. Fotoen, d\u00e9i och scho l\u00e4nger Z\u00e4it virum Tageblatt-Artikel gemaach a publiz\u00e9iert goufen.[\/vc_column_text][vc_single_image image=&#8221;11045&#8243; img_size=&#8221;full&#8221; add_caption=&#8221;yes&#8221; alignment=&#8221;center&#8221;][vc_column_text]<strong>Och aner Ministeren droen d\u00ebse Pin<\/strong><\/p>\n<p>Och beim Premierminister sou w\u00e9i bei der Ministesch fir \u00cbmwelt, Klima an nohalteger Entw\u00e9cklung huet een d\u00ebse Pin schonn ugesp\u00e9ngelt gesinn.[\/vc_column_text][vc_gallery interval=&#8221;0&#8243; images=&#8221;11050,11055&#8243; img_size=&#8221;full&#8221;][vc_column_text]<strong>Wat bedeit de Pin?<\/strong>[\/vc_column_text][vc_single_image image=&#8221;11060&#8243; img_size=&#8221;full&#8221; add_caption=&#8221;yes&#8221; alignment=&#8221;center&#8221;][vc_column_text]Beim Pin, dee verschidde Ministeren z\u00ebnter Ugangs 2020 droen, an deen op d\u00ebse Fotoen ze gesinn ass, handelt et sech \u00ebm de sougenannten &#8220;SDG Pin&#8221; vun der Uno. SDG steet fir &#8220;Sustainable Development Goals&#8221;. Dat ass d&#8217;Symbol vun den Ziler, d\u00e9i all Memberl\u00e4nner vun de Vereenten Natioune sech bis 2030 gesat hunn, fir eng nohalteg Entw\u00e9cklung. All Faarf ass een Zil: 17 Faarwen, 17 Ziler.[\/vc_column_text][vc_single_image image=&#8221;11065&#8243; img_size=&#8221;full&#8221; add_caption=&#8221;yes&#8221; alignment=&#8221;center&#8221;][vc_column_text]D\u00e9i 17 Objektiver vun der UN\u00a0<a href=\"https:\/\/sdgs.un.org\/goals\" target=\"_blank\" rel=\"noopener\">k<\/a><a href=\"https:\/\/sdgs.un.org\/goals\" target=\"_blank\" rel=\"noopener\">\u00ebnnt Dir hei nosichen<\/a>.<\/p>\n<p>Op Nofro hi beim Wirtschaftsminister, wat et mat d\u00ebsem Pin u sech huet, krute mir d\u00ebs \u00c4ntwert:<\/p>\n<p>De Minister Fayot deet d\u00ebse Pin un aus pers\u00e9inlecher Iwwerzeegung. D&#8217;Objektiver vun der nohalteger Entw\u00e9cklung sinn iwwregens de Kompass vun der Strategie vun der L\u00ebtzebuerger Entw\u00e9cklungsh\u00ebllef.<\/p>\n<p>Op Nofro hi beim Presseb\u00fcro vum Staatsminister op s\u00e4i Pin:<\/p>\n<p>De Staatsminister krut den SDG-Pin am Kader vu senger Participatioun bei der UN 2015 w\u00e4rend dem Sommet vun der UN zum D\u00e9veloppement durable zu New York, wou d\u2019Ziler fir 2030 och offiziell festgehale goufen.<\/p>\n<p>D&#8217;Droe vun d\u00ebsem Pin ass de Choix vun all Minister selwer.<\/p>\n<p><strong>Mam Privatjet op d&#8217;Klimakonferenz?<\/strong>[\/vc_column_text][vc_single_image image=&#8221;11070&#8243; img_size=&#8221;full&#8221; add_caption=&#8221;yes&#8221; alignment=&#8221;center&#8221;][vc_column_text]Op d\u2019Ausso hi vum Auteur, dass Offizieller vun der Regierung mam Privatjet op d&#8217;Klimakonferenze g\u00e9ife\u00a0fl\u00e9ien, hu mir beim \u00cbmweltminist\u00e8re nogefrot, w\u00e9i d&#8217;Deplacementer\u00a0bei de leschte Klimakonferenze waren.<\/p>\n<p>D\u2019Reegel w\u00e4r, dass all d&#8217;Stied, d\u00e9i\u00a0\u00ebnner 5 bis 6 Stonne mam Zuch z&#8217;erreeche\u00a0sinn, och mam Zuch ugefuer ginn. Op Par\u00e4is\u00a0(2015) oder op Bonn (2017) huet sech d&#8217;Delegatioun\u00a0mam Zuch deplac\u00e9iert. Bei Katowice (2018) a Madrid (2019) gouf RTL gesot, dass d&#8217;Deplacementer\u00a0dohinner mat normale Linneflich gemaach goufen,\u00a0Economy Class\u00a0gouf pr\u00e4zis\u00e9iert.<\/p>\n<p>D&#8217;Deplacement op Glasgow (2021) war mam Zuch geplangt, gouf awer w\u00e9inst Problemer an England ofgesot.D&#8217;Delegatioun ass mat enger klenger Milit\u00e4rmaschinn op Glasgow geflunn, dee vun der belscher Defense gestallt gouf. COP21 an COP23 goufe mam D\u00e9ngschtwon ugefuer.<\/p>\n<p><strong>Huet de Pin nach een anert Zil?<\/strong><\/p>\n<p>Wat de Pin bedeit, be\u00e4ntwert den Auteur scho selwer a sengem B\u00e4itrag. D&#8217;Intentioun hannert dem Post g\u00ebtt net kloer. Eng Verschwierung st\u00e9cht allerd\u00e9ngs net hannert d\u00ebsem banale Pin.[\/vc_column_text][\/vc_column][\/vc_row]<\/p>\n<\/div>","protected":false},"excerpt":{"rendered":"<p>[vc_row][vc_column][vc_column_text]Deen Zesummenhang huet e User op Instagram gemaach, nodeems hien e gew\u00ebssene &#8220;Pin&#8221; bei verschidde Ministeren un der Kleedung entdeckt&#8230;<\/p>\n","protected":false},"author":1,"featured_media":11075,"comment_status":"closed","ping_status":"open","sticky":false,"template":"","format":"standard","meta":{"_acf_changed":false,"footnotes":""},"categories":[189,183,191],"tags":[],"class_list":{"0":"post-11029","1":"post","2":"type-post","3":"status-publish","4":"format-standard","5":"has-post-thumbnail","7":"category-emwelt","8":"category-fact-check-lb","9":"category-politik"},"acf":{"id":"","authors":"RTL L\u00ebtzebuerg","source":"https:\/\/www.rtl.lu\/news\/faktencheck\/a\/1853441.html","show_metatags":true,"organization":"RTL","featured_image_copyright":"","text_copyright":"","fact_checker":"https:\/\/belux.wpengine.com\/wp-content\/uploads\/2021\/12\/rtl_logo.png","fact_checker_logo_image":false},"yoast_head":"<!-- This site is optimized with the Yoast SEO plugin v27.0 - https:\/\/yoast.com\/product\/yoast-seo-wordpress\/ -->\n<title>Fl\u00e9ie Ministere mam Privatjet op d&#039;Klimakonferenz a wat st\u00e9cht hannert deem Pin? - EDMO Belux<\/title>\n<meta name=\"robots\" content=\"index, follow, max-snippet:-1, max-image-preview:large, max-video-preview:-1\" \/>\n<link rel=\"canonical\" href=\"https:\/\/belux.edmo.eu\/lb\/fleie-ministere-mam-privatjet-op-dklimakonferenz-a-wat-stecht-hannert-deem-pin\/\" \/>\n<meta property=\"og:locale\" content=\"en_US\" \/>\n<meta property=\"og:type\" content=\"article\" \/>\n<meta property=\"og:title\" content=\"Fl\u00e9ie Ministere mam Privatjet op d&#039;Klimakonferenz a wat st\u00e9cht hannert deem Pin? - EDMO Belux\" \/>\n<meta property=\"og:description\" content=\"[vc_row][vc_column][vc_column_text]Deen Zesummenhang huet e User op Instagram gemaach, nodeems hien e gew\u00ebssene &#8220;Pin&#8221; bei verschidde Ministeren un der Kleedung entdeckt...\" \/>\n<meta property=\"og:url\" content=\"https:\/\/belux.edmo.eu\/lb\/fleie-ministere-mam-privatjet-op-dklimakonferenz-a-wat-stecht-hannert-deem-pin\/\" \/>\n<meta property=\"og:site_name\" content=\"EDMO Belux\" \/>\n<meta property=\"article:published_time\" content=\"2022-01-29T06:48:22+00:00\" \/>\n<meta property=\"article:modified_time\" content=\"2022-02-14T12:49:17+00:00\" \/>\n<meta property=\"og:image\" content=\"https:\/\/belux.edmo.eu\/wp-content\/uploads\/2022\/02\/1ee6979bebef4129b9c3b7c57bb1a8b1.jpg\" \/>\n\t<meta property=\"og:image:width\" content=\"800\" \/>\n\t<meta property=\"og:image:height\" content=\"450\" \/>\n\t<meta property=\"og:image:type\" content=\"image\/jpeg\" \/>\n<meta name=\"author\" content=\"master\" \/>\n<meta name=\"twitter:card\" content=\"summary_large_image\" \/>\n<meta name=\"twitter:creator\" content=\"@Edmo_Belux\" \/>\n<meta name=\"twitter:site\" content=\"@Edmo_Belux\" \/>\n<meta name=\"twitter:label1\" content=\"Written by\" \/>\n\t<meta name=\"twitter:data1\" content=\"master\" \/>\n\t<meta name=\"twitter:label2\" content=\"Est. reading time\" \/>\n\t<meta name=\"twitter:data2\" content=\"4 minutes\" \/>\n<script type=\"application\/ld+json\" class=\"yoast-schema-graph\">{\"@context\":\"https:\/\/schema.org\",\"@graph\":[{\"@type\":\"Article\",\"@id\":\"https:\/\/belux.edmo.eu\/lb\/fleie-ministere-mam-privatjet-op-dklimakonferenz-a-wat-stecht-hannert-deem-pin\/#article\",\"isPartOf\":{\"@id\":\"https:\/\/belux.edmo.eu\/lb\/fleie-ministere-mam-privatjet-op-dklimakonferenz-a-wat-stecht-hannert-deem-pin\/\"},\"author\":{\"name\":\"master\",\"@id\":\"https:\/\/belux.edmo.eu\/#\/schema\/person\/dbe3b252258537fd318f9b5645a30342\"},\"headline\":\"Fl\u00e9ie Ministere mam Privatjet op d&#8217;Klimakonferenz a wat st\u00e9cht hannert deem Pin?\",\"datePublished\":\"2022-01-29T06:48:22+00:00\",\"dateModified\":\"2022-02-14T12:49:17+00:00\",\"mainEntityOfPage\":{\"@id\":\"https:\/\/belux.edmo.eu\/lb\/fleie-ministere-mam-privatjet-op-dklimakonferenz-a-wat-stecht-hannert-deem-pin\/\"},\"wordCount\":890,\"publisher\":{\"@id\":\"https:\/\/belux.edmo.eu\/#organization\"},\"image\":{\"@id\":\"https:\/\/belux.edmo.eu\/lb\/fleie-ministere-mam-privatjet-op-dklimakonferenz-a-wat-stecht-hannert-deem-pin\/#primaryimage\"},\"thumbnailUrl\":\"https:\/\/belux.edmo.eu\/wp-content\/uploads\/2022\/02\/1ee6979bebef4129b9c3b7c57bb1a8b1.jpg\",\"articleSection\":[\"\u00cbmwelt\",\"Fact Check\",\"Politik\"],\"inLanguage\":\"lb-LU\"},{\"@type\":\"WebPage\",\"@id\":\"https:\/\/belux.edmo.eu\/lb\/fleie-ministere-mam-privatjet-op-dklimakonferenz-a-wat-stecht-hannert-deem-pin\/\",\"url\":\"https:\/\/belux.edmo.eu\/lb\/fleie-ministere-mam-privatjet-op-dklimakonferenz-a-wat-stecht-hannert-deem-pin\/\",\"name\":\"Fl\u00e9ie Ministere mam Privatjet op d'Klimakonferenz a wat st\u00e9cht hannert deem Pin? - EDMO Belux\",\"isPartOf\":{\"@id\":\"https:\/\/belux.edmo.eu\/#website\"},\"primaryImageOfPage\":{\"@id\":\"https:\/\/belux.edmo.eu\/lb\/fleie-ministere-mam-privatjet-op-dklimakonferenz-a-wat-stecht-hannert-deem-pin\/#primaryimage\"},\"image\":{\"@id\":\"https:\/\/belux.edmo.eu\/lb\/fleie-ministere-mam-privatjet-op-dklimakonferenz-a-wat-stecht-hannert-deem-pin\/#primaryimage\"},\"thumbnailUrl\":\"https:\/\/belux.edmo.eu\/wp-content\/uploads\/2022\/02\/1ee6979bebef4129b9c3b7c57bb1a8b1.jpg\",\"datePublished\":\"2022-01-29T06:48:22+00:00\",\"dateModified\":\"2022-02-14T12:49:17+00:00\",\"breadcrumb\":{\"@id\":\"https:\/\/belux.edmo.eu\/lb\/fleie-ministere-mam-privatjet-op-dklimakonferenz-a-wat-stecht-hannert-deem-pin\/#breadcrumb\"},\"inLanguage\":\"lb-LU\",\"potentialAction\":[{\"@type\":\"ReadAction\",\"target\":[\"https:\/\/belux.edmo.eu\/lb\/fleie-ministere-mam-privatjet-op-dklimakonferenz-a-wat-stecht-hannert-deem-pin\/\"]}]},{\"@type\":\"ImageObject\",\"inLanguage\":\"lb-LU\",\"@id\":\"https:\/\/belux.edmo.eu\/lb\/fleie-ministere-mam-privatjet-op-dklimakonferenz-a-wat-stecht-hannert-deem-pin\/#primaryimage\",\"url\":\"https:\/\/belux.edmo.eu\/wp-content\/uploads\/2022\/02\/1ee6979bebef4129b9c3b7c57bb1a8b1.jpg\",\"contentUrl\":\"https:\/\/belux.edmo.eu\/wp-content\/uploads\/2022\/02\/1ee6979bebef4129b9c3b7c57bb1a8b1.jpg\",\"width\":800,\"height\":450},{\"@type\":\"BreadcrumbList\",\"@id\":\"https:\/\/belux.edmo.eu\/lb\/fleie-ministere-mam-privatjet-op-dklimakonferenz-a-wat-stecht-hannert-deem-pin\/#breadcrumb\",\"itemListElement\":[{\"@type\":\"ListItem\",\"position\":1,\"name\":\"Home\",\"item\":\"https:\/\/belux.edmo.eu\/lb\/\"},{\"@type\":\"ListItem\",\"position\":2,\"name\":\"Fl\u00e9ie Ministere mam Privatjet op d&#8217;Klimakonferenz a wat st\u00e9cht hannert deem Pin?\"}]},{\"@type\":\"WebSite\",\"@id\":\"https:\/\/belux.edmo.eu\/#website\",\"url\":\"https:\/\/belux.edmo.eu\/\",\"name\":\"EDMO Belux\",\"description\":\"Monitoring Disinformation in Belgium and Luxembourg\",\"publisher\":{\"@id\":\"https:\/\/belux.edmo.eu\/#organization\"},\"potentialAction\":[{\"@type\":\"SearchAction\",\"target\":{\"@type\":\"EntryPoint\",\"urlTemplate\":\"https:\/\/belux.edmo.eu\/?s={search_term_string}\"},\"query-input\":{\"@type\":\"PropertyValueSpecification\",\"valueRequired\":true,\"valueName\":\"search_term_string\"}}],\"inLanguage\":\"lb-LU\"},{\"@type\":\"Organization\",\"@id\":\"https:\/\/belux.edmo.eu\/#organization\",\"name\":\"EDMO Belux\",\"url\":\"https:\/\/belux.edmo.eu\/\",\"logo\":{\"@type\":\"ImageObject\",\"inLanguage\":\"lb-LU\",\"@id\":\"https:\/\/belux.edmo.eu\/#\/schema\/logo\/image\/\",\"url\":\"https:\/\/belux.edmo.eu\/wp-content\/uploads\/2021\/12\/belux-logo-full-color-rgb.svg\",\"contentUrl\":\"https:\/\/belux.edmo.eu\/wp-content\/uploads\/2021\/12\/belux-logo-full-color-rgb.svg\",\"width\":1,\"height\":1,\"caption\":\"EDMO Belux\"},\"image\":{\"@id\":\"https:\/\/belux.edmo.eu\/#\/schema\/logo\/image\/\"},\"sameAs\":[\"https:\/\/x.com\/Edmo_Belux\"]},{\"@type\":\"Person\",\"@id\":\"https:\/\/belux.edmo.eu\/#\/schema\/person\/dbe3b252258537fd318f9b5645a30342\",\"name\":\"master\",\"sameAs\":[\"https:\/\/belux.wpengine.com\"],\"url\":\"https:\/\/belux.edmo.eu\/lb\/author\/master\/\"}]}<\/script>\n<!-- \/ Yoast SEO plugin. -->","yoast_head_json":{"title":"Fl\u00e9ie Ministere mam Privatjet op d'Klimakonferenz a wat st\u00e9cht hannert deem Pin? - EDMO Belux","robots":{"index":"index","follow":"follow","max-snippet":"max-snippet:-1","max-image-preview":"max-image-preview:large","max-video-preview":"max-video-preview:-1"},"canonical":"https:\/\/belux.edmo.eu\/lb\/fleie-ministere-mam-privatjet-op-dklimakonferenz-a-wat-stecht-hannert-deem-pin\/","og_locale":"en_US","og_type":"article","og_title":"Fl\u00e9ie Ministere mam Privatjet op d'Klimakonferenz a wat st\u00e9cht hannert deem Pin? - EDMO Belux","og_description":"[vc_row][vc_column][vc_column_text]Deen Zesummenhang huet e User op Instagram gemaach, nodeems hien e gew\u00ebssene &#8220;Pin&#8221; bei verschidde Ministeren un der Kleedung entdeckt...","og_url":"https:\/\/belux.edmo.eu\/lb\/fleie-ministere-mam-privatjet-op-dklimakonferenz-a-wat-stecht-hannert-deem-pin\/","og_site_name":"EDMO Belux","article_published_time":"2022-01-29T06:48:22+00:00","article_modified_time":"2022-02-14T12:49:17+00:00","og_image":[{"width":800,"height":450,"url":"https:\/\/belux.edmo.eu\/wp-content\/uploads\/2022\/02\/1ee6979bebef4129b9c3b7c57bb1a8b1.jpg","type":"image\/jpeg"}],"author":"master","twitter_card":"summary_large_image","twitter_creator":"@Edmo_Belux","twitter_site":"@Edmo_Belux","twitter_misc":{"Written by":"master","Est. reading time":"4 minutes"},"schema":{"@context":"https:\/\/schema.org","@graph":[{"@type":"Article","@id":"https:\/\/belux.edmo.eu\/lb\/fleie-ministere-mam-privatjet-op-dklimakonferenz-a-wat-stecht-hannert-deem-pin\/#article","isPartOf":{"@id":"https:\/\/belux.edmo.eu\/lb\/fleie-ministere-mam-privatjet-op-dklimakonferenz-a-wat-stecht-hannert-deem-pin\/"},"author":{"name":"master","@id":"https:\/\/belux.edmo.eu\/#\/schema\/person\/dbe3b252258537fd318f9b5645a30342"},"headline":"Fl\u00e9ie Ministere mam Privatjet op d&#8217;Klimakonferenz a wat st\u00e9cht hannert deem Pin?","datePublished":"2022-01-29T06:48:22+00:00","dateModified":"2022-02-14T12:49:17+00:00","mainEntityOfPage":{"@id":"https:\/\/belux.edmo.eu\/lb\/fleie-ministere-mam-privatjet-op-dklimakonferenz-a-wat-stecht-hannert-deem-pin\/"},"wordCount":890,"publisher":{"@id":"https:\/\/belux.edmo.eu\/#organization"},"image":{"@id":"https:\/\/belux.edmo.eu\/lb\/fleie-ministere-mam-privatjet-op-dklimakonferenz-a-wat-stecht-hannert-deem-pin\/#primaryimage"},"thumbnailUrl":"https:\/\/belux.edmo.eu\/wp-content\/uploads\/2022\/02\/1ee6979bebef4129b9c3b7c57bb1a8b1.jpg","articleSection":["\u00cbmwelt","Fact Check","Politik"],"inLanguage":"lb-LU"},{"@type":"WebPage","@id":"https:\/\/belux.edmo.eu\/lb\/fleie-ministere-mam-privatjet-op-dklimakonferenz-a-wat-stecht-hannert-deem-pin\/","url":"https:\/\/belux.edmo.eu\/lb\/fleie-ministere-mam-privatjet-op-dklimakonferenz-a-wat-stecht-hannert-deem-pin\/","name":"Fl\u00e9ie Ministere mam Privatjet op d'Klimakonferenz a wat st\u00e9cht hannert deem Pin? - EDMO Belux","isPartOf":{"@id":"https:\/\/belux.edmo.eu\/#website"},"primaryImageOfPage":{"@id":"https:\/\/belux.edmo.eu\/lb\/fleie-ministere-mam-privatjet-op-dklimakonferenz-a-wat-stecht-hannert-deem-pin\/#primaryimage"},"image":{"@id":"https:\/\/belux.edmo.eu\/lb\/fleie-ministere-mam-privatjet-op-dklimakonferenz-a-wat-stecht-hannert-deem-pin\/#primaryimage"},"thumbnailUrl":"https:\/\/belux.edmo.eu\/wp-content\/uploads\/2022\/02\/1ee6979bebef4129b9c3b7c57bb1a8b1.jpg","datePublished":"2022-01-29T06:48:22+00:00","dateModified":"2022-02-14T12:49:17+00:00","breadcrumb":{"@id":"https:\/\/belux.edmo.eu\/lb\/fleie-ministere-mam-privatjet-op-dklimakonferenz-a-wat-stecht-hannert-deem-pin\/#breadcrumb"},"inLanguage":"lb-LU","potentialAction":[{"@type":"ReadAction","target":["https:\/\/belux.edmo.eu\/lb\/fleie-ministere-mam-privatjet-op-dklimakonferenz-a-wat-stecht-hannert-deem-pin\/"]}]},{"@type":"ImageObject","inLanguage":"lb-LU","@id":"https:\/\/belux.edmo.eu\/lb\/fleie-ministere-mam-privatjet-op-dklimakonferenz-a-wat-stecht-hannert-deem-pin\/#primaryimage","url":"https:\/\/belux.edmo.eu\/wp-content\/uploads\/2022\/02\/1ee6979bebef4129b9c3b7c57bb1a8b1.jpg","contentUrl":"https:\/\/belux.edmo.eu\/wp-content\/uploads\/2022\/02\/1ee6979bebef4129b9c3b7c57bb1a8b1.jpg","width":800,"height":450},{"@type":"BreadcrumbList","@id":"https:\/\/belux.edmo.eu\/lb\/fleie-ministere-mam-privatjet-op-dklimakonferenz-a-wat-stecht-hannert-deem-pin\/#breadcrumb","itemListElement":[{"@type":"ListItem","position":1,"name":"Home","item":"https:\/\/belux.edmo.eu\/lb\/"},{"@type":"ListItem","position":2,"name":"Fl\u00e9ie Ministere mam Privatjet op d&#8217;Klimakonferenz a wat st\u00e9cht hannert deem Pin?"}]},{"@type":"WebSite","@id":"https:\/\/belux.edmo.eu\/#website","url":"https:\/\/belux.edmo.eu\/","name":"EDMO Belux","description":"Monitoring Disinformation in Belgium and Luxembourg","publisher":{"@id":"https:\/\/belux.edmo.eu\/#organization"},"potentialAction":[{"@type":"SearchAction","target":{"@type":"EntryPoint","urlTemplate":"https:\/\/belux.edmo.eu\/?s={search_term_string}"},"query-input":{"@type":"PropertyValueSpecification","valueRequired":true,"valueName":"search_term_string"}}],"inLanguage":"lb-LU"},{"@type":"Organization","@id":"https:\/\/belux.edmo.eu\/#organization","name":"EDMO Belux","url":"https:\/\/belux.edmo.eu\/","logo":{"@type":"ImageObject","inLanguage":"lb-LU","@id":"https:\/\/belux.edmo.eu\/#\/schema\/logo\/image\/","url":"https:\/\/belux.edmo.eu\/wp-content\/uploads\/2021\/12\/belux-logo-full-color-rgb.svg","contentUrl":"https:\/\/belux.edmo.eu\/wp-content\/uploads\/2021\/12\/belux-logo-full-color-rgb.svg","width":1,"height":1,"caption":"EDMO Belux"},"image":{"@id":"https:\/\/belux.edmo.eu\/#\/schema\/logo\/image\/"},"sameAs":["https:\/\/x.com\/Edmo_Belux"]},{"@type":"Person","@id":"https:\/\/belux.edmo.eu\/#\/schema\/person\/dbe3b252258537fd318f9b5645a30342","name":"master","sameAs":["https:\/\/belux.wpengine.com"],"url":"https:\/\/belux.edmo.eu\/lb\/author\/master\/"}]}},"menu_order":0,"_links":{"self":[{"href":"https:\/\/belux.edmo.eu\/lb\/wp-json\/wp\/v2\/posts\/11029","targetHints":{"allow":["GET"]}}],"collection":[{"href":"https:\/\/belux.edmo.eu\/lb\/wp-json\/wp\/v2\/posts"}],"about":[{"href":"https:\/\/belux.edmo.eu\/lb\/wp-json\/wp\/v2\/types\/post"}],"author":[{"embeddable":true,"href":"https:\/\/belux.edmo.eu\/lb\/wp-json\/wp\/v2\/users\/1"}],"replies":[{"embeddable":true,"href":"https:\/\/belux.edmo.eu\/lb\/wp-json\/wp\/v2\/comments?post=11029"}],"version-history":[{"count":0,"href":"https:\/\/belux.edmo.eu\/lb\/wp-json\/wp\/v2\/posts\/11029\/revisions"}],"wp:featuredmedia":[{"embeddable":true,"href":"https:\/\/belux.edmo.eu\/lb\/wp-json\/wp\/v2\/media\/11075"}],"wp:attachment":[{"href":"https:\/\/belux.edmo.eu\/lb\/wp-json\/wp\/v2\/media?parent=11029"}],"wp:term":[{"taxonomy":"category","embeddable":true,"href":"https:\/\/belux.edmo.eu\/lb\/wp-json\/wp\/v2\/categories?post=11029"},{"taxonomy":"post_tag","embeddable":true,"href":"https:\/\/belux.edmo.eu\/lb\/wp-json\/wp\/v2\/tags?post=11029"}],"curies":[{"name":"wp","href":"https:\/\/api.w.org\/{rel}","templated":true}]}}