{"id":112301,"date":"2022-08-25T04:00:33","date_gmt":"2022-08-25T04:00:33","guid":{"rendered":"https:\/\/belux.edmo.eu\/?p=112301"},"modified":"2022-10-06T13:17:02","modified_gmt":"2022-10-06T13:17:02","slug":"faktencheck-huet-frankrich-gint-d-ofkommes-vu-minsk-verstouss","status":"publish","type":"post","link":"https:\/\/belux.edmo.eu\/lb\/faktencheck-huet-frankrich-gint-d-ofkommes-vu-minsk-verstouss\/","title":{"rendered":"Faktencheck: Huet Frankr\u00e4ich g\u00e9int d&#8217; &#8220;Ofkommes vu Minsk&#8221; verstouss?"},"content":{"rendered":"<article>\n<div>\n<div>\n<p>&nbsp;<\/p>\n<\/div>\n<div>\n<p>De Konflikt t\u00ebscht Russland an der Ukrain besteet net er\u00e9ischt z\u00ebnter Februar 2022, mee huet schonn 2014 ugefaangen. Huet Frankr\u00e4ich an de leschte M\u00e9int g\u00e9int en Ofkommes verstouss, dat 2015 geschloss gouf?<\/p>\n<p>&#8220;Z\u00ebnter 2014 an dem Ufank vum Konflikt [an der Ukrain] war Frankr\u00e4ich de gr\u00e9isste Waffeliwwerant fir d&#8217;Ukrainer&#8221;, seet de Gabriel Attal an engem Video vum <a href=\"https:\/\/www.facebook.com\/watch\/live\/?ref=watch_permalink&amp;v=353340510173606\">13. Abr\u00ebll 2022<\/a> &#8211; zu engem Z\u00e4itpunkt, w\u00e9i den aktuell deleg\u00e9ierte Minister fir \u00ebffentlech Finanze Spriecher vun der frans\u00e9ischer Regierung war &#8211; an dee s\u00e4it dem 6. August 2022 m\u00e9i w\u00e9i 7.000 Mol op Twitter a Facebook (<a href=\"https:\/\/web.archive.org\/web\/20220809090423\/https:\/\/twitter.com\/dragonduclos\/status\/1556027587754958848?s=20&amp;t=UNYd4g9EK1Olnevo7mX0Xg\" target=\"_blank\" rel=\"noopener\">1<\/a>, <a href=\"https:\/\/web.archive.org\/web\/20220809090528\/https:\/\/twitter.com\/Marc59931845\/status\/1556373073439477762\" target=\"_blank\" rel=\"noopener\">2<\/a>, <a href=\"https:\/\/archive.ph\/fO22C\" target=\"_blank\" rel=\"noopener\">3<\/a>) gedeelt gouf.<\/p>\n<p><img src=\"https:\/\/belux.edmo.eu\/wp-content\/uploads\/2022\/08\/8ef295b048f089d4acbbf759058cb61d.jpeg\" alt=\"RTL\" \/> Capture d&amp;#039;\u00e9cran d&amp;#039;une publication Twitter, r\u00e9alis\u00e9e le 10\/08\/2022<\/p>\n<p>Dat ass fir d&#8217;Internetnotzer, d\u00e9i de Video deelen, de Beweis, dass Frankr\u00e4ich g\u00e9int d&#8217;Ofkommes vu Minsk verst\u00e9isst, dat 2014 festgehale gouf, fir d&#8217;K\u00e4mpf t\u00ebscht pro-russesche Separatisten an der ukrainescher Arm\u00e9i am Donbass am Oste vun der Ukrain op en Enn ze br\u00e9ngen. &#8220;De grousse Feeler vum G. Attal, deen \u00ebmmer ze vill maache w\u00ebll, ass, dommerweis zouzeginn, dass Frankr\u00e4ich g\u00e9int d&#8217;Ofkommes vu Minsk verst\u00e9isst an d&#8217;Ukrain z\u00ebnter 2014 opr\u00ebscht&#8221;, behaapt een Notzer.<\/p>\n<p>De Protokoll vu Minsk, an d&#8217;Ofkommesse vu Minsk II, d\u00e9i duerno koumen, <strong>enthalen awer keen ausdr\u00e9cklecht Verbuet vu Waffeverkeef oder -liwwerungen un d&#8217;Ukrain duerch en anert Land<\/strong>, betounen eng Rei Experten g\u00e9intiwwer der AFP.<\/p>\n<p>&#8220;D&#8217;Ofkommesse vu Minsk I a Minsk II enthale keng Best\u00ebmmungen iwwer d&#8217;Limitt vun de Waffeverkeef un d&#8217;Ukrain&#8221;, sot de <a href=\"https:\/\/www.iris-france.org\/chercheurs\/jean-de-gliniasty-2\/\" target=\"_blank\" rel=\"noopener\">Jean de Gliniasty<\/a>, Direkter vum Institut de relations internationales et strat\u00e9giques (Iris), deen den 9. August 2022 vun der AFP kontakt\u00e9iert gouf.<\/p>\n<p>&#8220;D&#8217;Ofkommes vu Minsk enth\u00e4lt kee Waffeverbuet. Dat ass iwwerhaapt net den Zweck vun d\u00ebsem Ofkommes&#8221;, sot d&#8217;<a href=\"https:\/\/credespo.u-bourgogne.fr\/equipe\/sciences-politiques\/87-goujon-alexandra.html\" target=\"_blank\" rel=\"noopener\">Alexandra Goujon<\/a>, Politologin fir osteurop\u00e4esch L\u00e4nner, den 12. August 2022 an engem Gespr\u00e9ich mat der AFP.<\/p>\n<p>D&#8217;Minsker Protokoll, sp\u00e9ider Minsk I genannt, gouf de 5. September 2014, \u00ebnnert dem Patronage vun der Organisatioun fir S\u00e9cherheet an Zesummenaarbecht an Europa (OSZE), t\u00ebscht de versammelte Vertrieder vun der Ukrain, Russland an de selwer ernannte Volleksrepublicken Donezk a Lugansk \u00ebnnerzeechent.<\/p>\n<p>D&#8217;Zil war et, dem Krich, deen am Februar 2014 am Donbass ausgebrach war, op en Enn ze br\u00e9ngen. D\u00ebst Ofkommes (<a href=\"https:\/\/www.diplomatie.gouv.fr\/IMG\/pdf\/protocole_de_minsk_cle8daab1.pdf\">hei ofzeruffen<\/a>)\u00a0 \u00ebmfaasst zwielef Punkten, dor\u00ebnner dat direkt a bilateraalt Astelle vu Waffegewalt, d&#8217;Iwwerwaachung vun de Grenzen, d&#8217;Fr\u00e4iloosse vu Geiselen an d&#8217;Verbesserung vun der humanit\u00e4rer Situatioun.<\/p>\n<p><img src=\"https:\/\/belux.edmo.eu\/wp-content\/uploads\/2022\/08\/87cbc814363a55c90c12aed859ed0f50.jpeg\" alt=\"RTL\" \/> Capture d&amp;#039;\u00e9cran du protocole de Minsk I disponible sur le site du minist\u00e8re des Affaires Etrang\u00e8res, r\u00e9alis\u00e9e le 09\/08\/2022<\/p>\n<p>&#8220;Deen eenzege Punkt a Bezuch op Waffen am Ofkommes vu Minsk ass de R\u00e9ckzuch vu schw\u00e9iere Waffen op b\u00e9ide S\u00e4iten&#8221;, f\u00fc\u00fcgt de Jean de Gliniasty dob\u00e4i a verweist op de Punkt 10: &#8220;R\u00e9ckzuch vun illegale bewaffente Formatiounen a milit\u00e4rescher Ausr\u00ebschtung souw\u00e9i illegale K\u00e4mpfer a S\u00f6ldner aus dem ukrainesche Gebitt.&#8221;<\/p>\n<p>&#8220;Dat gouf sp\u00e9ider als Entmilitaris\u00e9ierung bezeechent a betr\u00ebfft d&#8217;Truppen op ukraineschem Territoire&#8221;, f\u00fc\u00fcgt d&#8217;Alexandra Goujon dob\u00e4i.<\/p>\n<p>D\u00ebst Ofkommes gouf den 19. September 2014 duerch e <a href=\"https:\/\/www.peaceagreements.org\/viewmasterdocument\/1362\">Friddensmemorandum<\/a>, dee vu b\u00e9ide Parteien \u00ebnnerzeechent gouf, erg\u00e4nzt. D&#8217;Dokument mat n\u00e9ng Punkte ges\u00e4it \u00ebnner anerem de Stopp vu Waffennotzung an en Ofzuch vu schw\u00e9ierer Artillerie vu 15 km vun der &#8220;Kontaktlinn&#8221; op b\u00e9ide S\u00e4ite vir, sou den deemolege Gesandte vu Kiew an eemolegen ukrainesche President <a href=\"https:\/\/www.lepoint.fr\/monde\/ukraine-accord-sur-un-memorandum-de-paix-a-minsk-20-09-2014-1864912_24.php\">Leonid Kutschma<\/a>.<\/p>\n<p>No enger Rei vu Verst\u00e9iss g\u00e9int de Waffest\u00ebllstand an der gescheiterter \u00cbmsetzung vun d\u00ebse Resolutiounen gouf den 11. Februar 2015 en neie Sommet am sougenannten Normandie-Format (Ukrain, Russland, D\u00e4itschland, Frankr\u00e4ich) organis\u00e9iert, no deem et zur \u00cbnnerzeechnung vum <a href=\"https:\/\/peacemaker.un.org\/sites\/peacemaker.un.org\/files\/UA_150212_MinskAgreement_en.pdf\">Minsk-II-Ofkommes<\/a> koum.<\/p>\n<p>D\u00ebs Ofkommesse gr\u00e4ife Punkten aus de viregten Accorden op, enthalen m\u00e9i prezis Mesuren, d\u00e9i fir Fridden erb\u00e4if\u00e9iere sollen a m\u00e9i genee Delaie fir d&#8217;\u00cbmsetzung. Beispillsweis muss den Austausch vu Gefaangene bannent f\u00ebnnef Deeg nom Ofzuch vun de Waffe stattfannen.<\/p>\n<p>Och hei si keng speziell Dispositioune fir Waffeliwwerungen ze fannen.<\/p>\n<p>Ausserdeem ass Par\u00e4is kee wierklechen \u00cbnnerzeechner vun d\u00ebsem Ofkommes, betounen d\u00e9i vun der AFP befrote Fachleit. &#8220;D&#8217;Ofkommesse goufen t\u00ebscht Vertrieder vun der Ukrain, Russland, D\u00e4itschland a Frankr\u00e4ich ausgehandelt, mee mir si keen direkten \u00cbnnerzeechner, mee just Garante fir d&#8217;\u00cbmsetzung vum Accord vu Minsk&#8221;, seet de Jean de Gliniasty.<\/p>\n<p>&#8220;Frankr\u00e4ich an D\u00e4itschland si Verm\u00ebttler, awer keng Signatairen&#8221;, f\u00fc\u00fcgt d&#8217;Alexandra Goujon b\u00e4i. Fir si ass d\u00ebs Rhetorik &#8220;Deel vun der russescher Propaganda, d\u00e9i weise w\u00ebll, dass de Westen net neutral ass, mee s\u00e4it 2014 op der S\u00e4it vun der Ukrain steet.&#8221;<\/p>\n<p>18 Caesar-Kanoune goufen z\u00ebnter Februar ausgeliwwert<\/p>\n<p>Dem <a href=\"https:\/\/www.vie-publique.fr\/sites\/default\/files\/rapport\/pdf\/280174.pdf#page=104\">Rapport<\/a> vum Joer 2021 vum frans\u00e9ische Parlament iwwer Waffenexporter no huet Frankr\u00e4ich t\u00ebscht 2011 an 2020 Waffen am W\u00e4ert vu 56 Milliounen Euro un d&#8217;Ukrain geliwwert.<\/p>\n<p><img src=\"https:\/\/belux.edmo.eu\/wp-content\/uploads\/2022\/08\/384ebe6eb73bd2b2888008ea928c5a69.jpeg\" alt=\"RTL\" \/> Capture d&amp;#039;\u00e9cran du rapport du Parlement de 2021 sur les armes, r\u00e9alis\u00e9e le 10\/08\/2022<\/p>\n<p>Am Detail heescht dat 23,7 Millioune fir Material am Joer 2011, 2,2 Milliounen 2012, 3,3 Milliounen am Joer 2013, 1,6 Milliounen 2014, 1 Millioun 2015, 8,1 Milliounen am Joer 2016, 0,5 Milliounen 2017, 8,1 Milliounen 2018, 7,8 Milliounen am Joer 2019 an 0,1 Millioun 2020.<\/p>\n<p>Z\u00ebnter dem Ufank vun der Milit\u00e4roffensiv vu Moskau an der Ukrain de 24. Februar huet Par\u00e4is uginn, 18 Caesar-Kanounen, Panzerofwierrak\u00e9ite vum Typ Milan a Fluchofwierrak\u00e9ite vum Typ Mistral u Kiew geliwwert ze hunn.<\/p>\n<p>M\u00ebtt Abr\u00ebll huet d&#8217;Florence Parly, d\u00e9i deemoleg Milit\u00e4rministesch, d&#8217;R\u00fcstungsgidder, d\u00e9i Frankr\u00e4ich un d&#8217;Ukrain geliwwert huet, mat iwwer 100 Milliounen Euro uginn.<\/p>\n<p>Enn Juni huet hiren Nofollger <a href=\"https:\/\/www.sudouest.fr\/international\/guerre-en-ukraine-la-france-va-livrer-dans-des-quantites-significatives-des-blindes-a-kiev-annonce-lecornu-11460653.php\">S\u00e9bastien Lecornu<\/a> ugek\u00ebnnegt, dass Frankr\u00e4ich zous\u00e4tzlech &#8220;signifikant Quantit\u00e9iten&#8221; u gepanzerten Truppentransporter sch\u00e9cke g\u00e9if.<\/p>\n<p>D&#8217;USA hunn Ufank August eng nei Milit\u00e4rh\u00ebllef fir d&#8217;Ukrain an der H\u00e9icht vun enger Milliard Dollar ugek\u00ebnnegt, dor\u00ebnner och zous\u00e4tzlech Rak\u00e9ite fir d\u00e9i amerikanesch Prezisiouns-Artilleriesystemer vum Typ Himars.<\/p>\n<p>Mat d\u00ebser H\u00ebllef erh\u00e9icht sech de Gesamtmontant vun der amerikanescher Milit\u00e4rh\u00ebllef fir d&#8217;Ukrain s\u00e4it der Arriv\u00e9e vum President Joe Biden op 9,8 Milliarden Dollar a s\u00e4it Krichsufank op 9,1 Milliarden Dollar, sou de stellvertriedende Verdeedegungsminister fir politesch Froen, Colin Kahl.<\/p>\n<p>Den 11. August goufen op enger internationaler Konferenz vu 26 L\u00e4nner zu Kopenhagen <a href=\"https:\/\/www.i24news.tv\/fr\/actu\/conflit-en-ukraine\/1660233941-1-5-milliard-d-euros-supplementaires-promis-pour-l-ukraine\">1,5 Milliarden Euro<\/a> fir d&#8217;Ausr\u00fcstung an d&#8217;Ausbildung vun ukraineschen Truppe gesammelt.<\/p>\n<\/div>\n<p><em>D\u00ebsen Artikel vun der AFP gouf vun RTL op L\u00ebtzebuergesch iwwersat.<\/em><\/p>\n<\/div>\n<\/article>\n","protected":false},"excerpt":{"rendered":"<p>&nbsp; De Konflikt t\u00ebscht Russland an der Ukrain besteet net er\u00e9ischt z\u00ebnter Februar 2022, mee huet schonn 2014 ugefaangen. Huet&#8230;<\/p>\n","protected":false},"author":1,"featured_media":112296,"comment_status":"closed","ping_status":"open","sticky":false,"template":"","format":"standard","meta":{"_acf_changed":false,"footnotes":""},"categories":[191,217],"tags":[],"class_list":{"0":"post-112301","1":"post","2":"type-post","3":"status-publish","4":"format-standard","5":"has-post-thumbnail","7":"category-politik","8":"category-ukraine-lb"},"acf":{"show_metatags":true,"id":"1955062","authors":"RTL L\u00ebtzebuerg","organization":"RTL","featured_image_copyright":"","text_copyright":"Copyright RTL \/ CLT-UFA S.A.","source":"http:\/\/www.rtl.lu\/news\/faktencheck\/a\/1955062.html","fact_checker":"https:\/\/belux.wpengine.com\/wp-content\/uploads\/2021\/12\/rtl_logo.png","type":"Closed Event","location":"","start_date":"","start_date_event_begins_at":"","start_date_event_ends_at":"","end_date":"","end_date_event_begins_at":"","end_date_event_ends_at":"","organizer":"","fact_checker_logo_image":false},"yoast_head":"<!-- This site is optimized with the Yoast SEO plugin v27.0 - https:\/\/yoast.com\/product\/yoast-seo-wordpress\/ -->\n<title>Faktencheck: Huet Frankr\u00e4ich g\u00e9int d&#039; &quot;Ofkommes vu Minsk&quot; verstouss? - EDMO Belux<\/title>\n<meta name=\"robots\" content=\"index, follow, max-snippet:-1, max-image-preview:large, max-video-preview:-1\" \/>\n<link rel=\"canonical\" href=\"https:\/\/belux.edmo.eu\/lb\/faktencheck-huet-frankrich-gint-d-ofkommes-vu-minsk-verstouss\/\" \/>\n<meta property=\"og:locale\" content=\"en_US\" \/>\n<meta property=\"og:type\" content=\"article\" \/>\n<meta property=\"og:title\" content=\"Faktencheck: Huet Frankr\u00e4ich g\u00e9int d&#039; &quot;Ofkommes vu Minsk&quot; verstouss? - EDMO Belux\" \/>\n<meta property=\"og:description\" content=\"&nbsp; De Konflikt t\u00ebscht Russland an der Ukrain besteet net er\u00e9ischt z\u00ebnter Februar 2022, mee huet schonn 2014 ugefaangen. Huet...\" \/>\n<meta property=\"og:url\" content=\"https:\/\/belux.edmo.eu\/lb\/faktencheck-huet-frankrich-gint-d-ofkommes-vu-minsk-verstouss\/\" \/>\n<meta property=\"og:site_name\" content=\"EDMO Belux\" \/>\n<meta property=\"article:published_time\" content=\"2022-08-25T04:00:33+00:00\" \/>\n<meta property=\"article:modified_time\" content=\"2022-10-06T13:17:02+00:00\" \/>\n<meta property=\"og:image\" content=\"https:\/\/belux.edmo.eu\/wp-content\/uploads\/2022\/08\/c1ef28b9daed2e807080e3537e0141f2.jpeg\" \/>\n\t<meta property=\"og:image:width\" content=\"620\" \/>\n\t<meta property=\"og:image:height\" content=\"348\" \/>\n\t<meta property=\"og:image:type\" content=\"image\/jpeg\" \/>\n<meta name=\"author\" content=\"master\" \/>\n<meta name=\"twitter:card\" content=\"summary_large_image\" \/>\n<meta name=\"twitter:creator\" content=\"@Edmo_Belux\" \/>\n<meta name=\"twitter:site\" content=\"@Edmo_Belux\" \/>\n<meta name=\"twitter:label1\" content=\"Written by\" \/>\n\t<meta name=\"twitter:data1\" content=\"master\" \/>\n\t<meta name=\"twitter:label2\" content=\"Est. reading time\" \/>\n\t<meta name=\"twitter:data2\" content=\"5 minutes\" \/>\n<script type=\"application\/ld+json\" class=\"yoast-schema-graph\">{\"@context\":\"https:\/\/schema.org\",\"@graph\":[{\"@type\":\"Article\",\"@id\":\"https:\/\/belux.edmo.eu\/lb\/faktencheck-huet-frankrich-gint-d-ofkommes-vu-minsk-verstouss\/#article\",\"isPartOf\":{\"@id\":\"https:\/\/belux.edmo.eu\/lb\/faktencheck-huet-frankrich-gint-d-ofkommes-vu-minsk-verstouss\/\"},\"author\":{\"name\":\"master\",\"@id\":\"https:\/\/belux.edmo.eu\/#\/schema\/person\/dbe3b252258537fd318f9b5645a30342\"},\"headline\":\"Faktencheck: Huet Frankr\u00e4ich g\u00e9int d&#8217; &#8220;Ofkommes vu Minsk&#8221; verstouss?\",\"datePublished\":\"2022-08-25T04:00:33+00:00\",\"dateModified\":\"2022-10-06T13:17:02+00:00\",\"mainEntityOfPage\":{\"@id\":\"https:\/\/belux.edmo.eu\/lb\/faktencheck-huet-frankrich-gint-d-ofkommes-vu-minsk-verstouss\/\"},\"wordCount\":1104,\"publisher\":{\"@id\":\"https:\/\/belux.edmo.eu\/#organization\"},\"image\":{\"@id\":\"https:\/\/belux.edmo.eu\/lb\/faktencheck-huet-frankrich-gint-d-ofkommes-vu-minsk-verstouss\/#primaryimage\"},\"thumbnailUrl\":\"https:\/\/belux.edmo.eu\/wp-content\/uploads\/2022\/08\/c1ef28b9daed2e807080e3537e0141f2.jpeg\",\"articleSection\":[\"Politik\",\"Ukraine\"],\"inLanguage\":\"lb-LU\"},{\"@type\":\"WebPage\",\"@id\":\"https:\/\/belux.edmo.eu\/lb\/faktencheck-huet-frankrich-gint-d-ofkommes-vu-minsk-verstouss\/\",\"url\":\"https:\/\/belux.edmo.eu\/lb\/faktencheck-huet-frankrich-gint-d-ofkommes-vu-minsk-verstouss\/\",\"name\":\"Faktencheck: Huet Frankr\u00e4ich g\u00e9int d' \\\"Ofkommes vu Minsk\\\" verstouss? - EDMO Belux\",\"isPartOf\":{\"@id\":\"https:\/\/belux.edmo.eu\/#website\"},\"primaryImageOfPage\":{\"@id\":\"https:\/\/belux.edmo.eu\/lb\/faktencheck-huet-frankrich-gint-d-ofkommes-vu-minsk-verstouss\/#primaryimage\"},\"image\":{\"@id\":\"https:\/\/belux.edmo.eu\/lb\/faktencheck-huet-frankrich-gint-d-ofkommes-vu-minsk-verstouss\/#primaryimage\"},\"thumbnailUrl\":\"https:\/\/belux.edmo.eu\/wp-content\/uploads\/2022\/08\/c1ef28b9daed2e807080e3537e0141f2.jpeg\",\"datePublished\":\"2022-08-25T04:00:33+00:00\",\"dateModified\":\"2022-10-06T13:17:02+00:00\",\"breadcrumb\":{\"@id\":\"https:\/\/belux.edmo.eu\/lb\/faktencheck-huet-frankrich-gint-d-ofkommes-vu-minsk-verstouss\/#breadcrumb\"},\"inLanguage\":\"lb-LU\",\"potentialAction\":[{\"@type\":\"ReadAction\",\"target\":[\"https:\/\/belux.edmo.eu\/lb\/faktencheck-huet-frankrich-gint-d-ofkommes-vu-minsk-verstouss\/\"]}]},{\"@type\":\"ImageObject\",\"inLanguage\":\"lb-LU\",\"@id\":\"https:\/\/belux.edmo.eu\/lb\/faktencheck-huet-frankrich-gint-d-ofkommes-vu-minsk-verstouss\/#primaryimage\",\"url\":\"https:\/\/belux.edmo.eu\/wp-content\/uploads\/2022\/08\/c1ef28b9daed2e807080e3537e0141f2.jpeg\",\"contentUrl\":\"https:\/\/belux.edmo.eu\/wp-content\/uploads\/2022\/08\/c1ef28b9daed2e807080e3537e0141f2.jpeg\",\"width\":620,\"height\":348,\"caption\":\"Faktencheck: Huet Frankr\u00e4ich g\u00e9int d' \\\"Ofkommes vu Minsk\\\" verstouss? - Featured image\"},{\"@type\":\"BreadcrumbList\",\"@id\":\"https:\/\/belux.edmo.eu\/lb\/faktencheck-huet-frankrich-gint-d-ofkommes-vu-minsk-verstouss\/#breadcrumb\",\"itemListElement\":[{\"@type\":\"ListItem\",\"position\":1,\"name\":\"Home\",\"item\":\"https:\/\/belux.edmo.eu\/lb\/\"},{\"@type\":\"ListItem\",\"position\":2,\"name\":\"Faktencheck: Huet Frankr\u00e4ich g\u00e9int d&#8217; &#8220;Ofkommes vu Minsk&#8221; verstouss?\"}]},{\"@type\":\"WebSite\",\"@id\":\"https:\/\/belux.edmo.eu\/#website\",\"url\":\"https:\/\/belux.edmo.eu\/\",\"name\":\"EDMO Belux\",\"description\":\"Monitoring Disinformation in Belgium and Luxembourg\",\"publisher\":{\"@id\":\"https:\/\/belux.edmo.eu\/#organization\"},\"potentialAction\":[{\"@type\":\"SearchAction\",\"target\":{\"@type\":\"EntryPoint\",\"urlTemplate\":\"https:\/\/belux.edmo.eu\/?s={search_term_string}\"},\"query-input\":{\"@type\":\"PropertyValueSpecification\",\"valueRequired\":true,\"valueName\":\"search_term_string\"}}],\"inLanguage\":\"lb-LU\"},{\"@type\":\"Organization\",\"@id\":\"https:\/\/belux.edmo.eu\/#organization\",\"name\":\"EDMO Belux\",\"url\":\"https:\/\/belux.edmo.eu\/\",\"logo\":{\"@type\":\"ImageObject\",\"inLanguage\":\"lb-LU\",\"@id\":\"https:\/\/belux.edmo.eu\/#\/schema\/logo\/image\/\",\"url\":\"https:\/\/belux.edmo.eu\/wp-content\/uploads\/2021\/12\/belux-logo-full-color-rgb.svg\",\"contentUrl\":\"https:\/\/belux.edmo.eu\/wp-content\/uploads\/2021\/12\/belux-logo-full-color-rgb.svg\",\"width\":1,\"height\":1,\"caption\":\"EDMO Belux\"},\"image\":{\"@id\":\"https:\/\/belux.edmo.eu\/#\/schema\/logo\/image\/\"},\"sameAs\":[\"https:\/\/x.com\/Edmo_Belux\"]},{\"@type\":\"Person\",\"@id\":\"https:\/\/belux.edmo.eu\/#\/schema\/person\/dbe3b252258537fd318f9b5645a30342\",\"name\":\"master\",\"sameAs\":[\"https:\/\/belux.wpengine.com\"],\"url\":\"https:\/\/belux.edmo.eu\/lb\/author\/master\/\"}]}<\/script>\n<!-- \/ Yoast SEO plugin. -->","yoast_head_json":{"title":"Faktencheck: Huet Frankr\u00e4ich g\u00e9int d' \"Ofkommes vu Minsk\" verstouss? - EDMO Belux","robots":{"index":"index","follow":"follow","max-snippet":"max-snippet:-1","max-image-preview":"max-image-preview:large","max-video-preview":"max-video-preview:-1"},"canonical":"https:\/\/belux.edmo.eu\/lb\/faktencheck-huet-frankrich-gint-d-ofkommes-vu-minsk-verstouss\/","og_locale":"en_US","og_type":"article","og_title":"Faktencheck: Huet Frankr\u00e4ich g\u00e9int d' \"Ofkommes vu Minsk\" verstouss? - EDMO Belux","og_description":"&nbsp; De Konflikt t\u00ebscht Russland an der Ukrain besteet net er\u00e9ischt z\u00ebnter Februar 2022, mee huet schonn 2014 ugefaangen. Huet...","og_url":"https:\/\/belux.edmo.eu\/lb\/faktencheck-huet-frankrich-gint-d-ofkommes-vu-minsk-verstouss\/","og_site_name":"EDMO Belux","article_published_time":"2022-08-25T04:00:33+00:00","article_modified_time":"2022-10-06T13:17:02+00:00","og_image":[{"width":620,"height":348,"url":"https:\/\/belux.edmo.eu\/wp-content\/uploads\/2022\/08\/c1ef28b9daed2e807080e3537e0141f2.jpeg","type":"image\/jpeg"}],"author":"master","twitter_card":"summary_large_image","twitter_creator":"@Edmo_Belux","twitter_site":"@Edmo_Belux","twitter_misc":{"Written by":"master","Est. reading time":"5 minutes"},"schema":{"@context":"https:\/\/schema.org","@graph":[{"@type":"Article","@id":"https:\/\/belux.edmo.eu\/lb\/faktencheck-huet-frankrich-gint-d-ofkommes-vu-minsk-verstouss\/#article","isPartOf":{"@id":"https:\/\/belux.edmo.eu\/lb\/faktencheck-huet-frankrich-gint-d-ofkommes-vu-minsk-verstouss\/"},"author":{"name":"master","@id":"https:\/\/belux.edmo.eu\/#\/schema\/person\/dbe3b252258537fd318f9b5645a30342"},"headline":"Faktencheck: Huet Frankr\u00e4ich g\u00e9int d&#8217; &#8220;Ofkommes vu Minsk&#8221; verstouss?","datePublished":"2022-08-25T04:00:33+00:00","dateModified":"2022-10-06T13:17:02+00:00","mainEntityOfPage":{"@id":"https:\/\/belux.edmo.eu\/lb\/faktencheck-huet-frankrich-gint-d-ofkommes-vu-minsk-verstouss\/"},"wordCount":1104,"publisher":{"@id":"https:\/\/belux.edmo.eu\/#organization"},"image":{"@id":"https:\/\/belux.edmo.eu\/lb\/faktencheck-huet-frankrich-gint-d-ofkommes-vu-minsk-verstouss\/#primaryimage"},"thumbnailUrl":"https:\/\/belux.edmo.eu\/wp-content\/uploads\/2022\/08\/c1ef28b9daed2e807080e3537e0141f2.jpeg","articleSection":["Politik","Ukraine"],"inLanguage":"lb-LU"},{"@type":"WebPage","@id":"https:\/\/belux.edmo.eu\/lb\/faktencheck-huet-frankrich-gint-d-ofkommes-vu-minsk-verstouss\/","url":"https:\/\/belux.edmo.eu\/lb\/faktencheck-huet-frankrich-gint-d-ofkommes-vu-minsk-verstouss\/","name":"Faktencheck: Huet Frankr\u00e4ich g\u00e9int d' \"Ofkommes vu Minsk\" verstouss? - EDMO Belux","isPartOf":{"@id":"https:\/\/belux.edmo.eu\/#website"},"primaryImageOfPage":{"@id":"https:\/\/belux.edmo.eu\/lb\/faktencheck-huet-frankrich-gint-d-ofkommes-vu-minsk-verstouss\/#primaryimage"},"image":{"@id":"https:\/\/belux.edmo.eu\/lb\/faktencheck-huet-frankrich-gint-d-ofkommes-vu-minsk-verstouss\/#primaryimage"},"thumbnailUrl":"https:\/\/belux.edmo.eu\/wp-content\/uploads\/2022\/08\/c1ef28b9daed2e807080e3537e0141f2.jpeg","datePublished":"2022-08-25T04:00:33+00:00","dateModified":"2022-10-06T13:17:02+00:00","breadcrumb":{"@id":"https:\/\/belux.edmo.eu\/lb\/faktencheck-huet-frankrich-gint-d-ofkommes-vu-minsk-verstouss\/#breadcrumb"},"inLanguage":"lb-LU","potentialAction":[{"@type":"ReadAction","target":["https:\/\/belux.edmo.eu\/lb\/faktencheck-huet-frankrich-gint-d-ofkommes-vu-minsk-verstouss\/"]}]},{"@type":"ImageObject","inLanguage":"lb-LU","@id":"https:\/\/belux.edmo.eu\/lb\/faktencheck-huet-frankrich-gint-d-ofkommes-vu-minsk-verstouss\/#primaryimage","url":"https:\/\/belux.edmo.eu\/wp-content\/uploads\/2022\/08\/c1ef28b9daed2e807080e3537e0141f2.jpeg","contentUrl":"https:\/\/belux.edmo.eu\/wp-content\/uploads\/2022\/08\/c1ef28b9daed2e807080e3537e0141f2.jpeg","width":620,"height":348,"caption":"Faktencheck: Huet Frankr\u00e4ich g\u00e9int d' \"Ofkommes vu Minsk\" verstouss? - Featured image"},{"@type":"BreadcrumbList","@id":"https:\/\/belux.edmo.eu\/lb\/faktencheck-huet-frankrich-gint-d-ofkommes-vu-minsk-verstouss\/#breadcrumb","itemListElement":[{"@type":"ListItem","position":1,"name":"Home","item":"https:\/\/belux.edmo.eu\/lb\/"},{"@type":"ListItem","position":2,"name":"Faktencheck: Huet Frankr\u00e4ich g\u00e9int d&#8217; &#8220;Ofkommes vu Minsk&#8221; verstouss?"}]},{"@type":"WebSite","@id":"https:\/\/belux.edmo.eu\/#website","url":"https:\/\/belux.edmo.eu\/","name":"EDMO Belux","description":"Monitoring Disinformation in Belgium and Luxembourg","publisher":{"@id":"https:\/\/belux.edmo.eu\/#organization"},"potentialAction":[{"@type":"SearchAction","target":{"@type":"EntryPoint","urlTemplate":"https:\/\/belux.edmo.eu\/?s={search_term_string}"},"query-input":{"@type":"PropertyValueSpecification","valueRequired":true,"valueName":"search_term_string"}}],"inLanguage":"lb-LU"},{"@type":"Organization","@id":"https:\/\/belux.edmo.eu\/#organization","name":"EDMO Belux","url":"https:\/\/belux.edmo.eu\/","logo":{"@type":"ImageObject","inLanguage":"lb-LU","@id":"https:\/\/belux.edmo.eu\/#\/schema\/logo\/image\/","url":"https:\/\/belux.edmo.eu\/wp-content\/uploads\/2021\/12\/belux-logo-full-color-rgb.svg","contentUrl":"https:\/\/belux.edmo.eu\/wp-content\/uploads\/2021\/12\/belux-logo-full-color-rgb.svg","width":1,"height":1,"caption":"EDMO Belux"},"image":{"@id":"https:\/\/belux.edmo.eu\/#\/schema\/logo\/image\/"},"sameAs":["https:\/\/x.com\/Edmo_Belux"]},{"@type":"Person","@id":"https:\/\/belux.edmo.eu\/#\/schema\/person\/dbe3b252258537fd318f9b5645a30342","name":"master","sameAs":["https:\/\/belux.wpengine.com"],"url":"https:\/\/belux.edmo.eu\/lb\/author\/master\/"}]}},"menu_order":0,"_links":{"self":[{"href":"https:\/\/belux.edmo.eu\/lb\/wp-json\/wp\/v2\/posts\/112301","targetHints":{"allow":["GET"]}}],"collection":[{"href":"https:\/\/belux.edmo.eu\/lb\/wp-json\/wp\/v2\/posts"}],"about":[{"href":"https:\/\/belux.edmo.eu\/lb\/wp-json\/wp\/v2\/types\/post"}],"author":[{"embeddable":true,"href":"https:\/\/belux.edmo.eu\/lb\/wp-json\/wp\/v2\/users\/1"}],"replies":[{"embeddable":true,"href":"https:\/\/belux.edmo.eu\/lb\/wp-json\/wp\/v2\/comments?post=112301"}],"version-history":[{"count":0,"href":"https:\/\/belux.edmo.eu\/lb\/wp-json\/wp\/v2\/posts\/112301\/revisions"}],"wp:featuredmedia":[{"embeddable":true,"href":"https:\/\/belux.edmo.eu\/lb\/wp-json\/wp\/v2\/media\/112296"}],"wp:attachment":[{"href":"https:\/\/belux.edmo.eu\/lb\/wp-json\/wp\/v2\/media?parent=112301"}],"wp:term":[{"taxonomy":"category","embeddable":true,"href":"https:\/\/belux.edmo.eu\/lb\/wp-json\/wp\/v2\/categories?post=112301"},{"taxonomy":"post_tag","embeddable":true,"href":"https:\/\/belux.edmo.eu\/lb\/wp-json\/wp\/v2\/tags?post=112301"}],"curies":[{"name":"wp","href":"https:\/\/api.w.org\/{rel}","templated":true}]}}