{"id":118197,"date":"2022-08-29T06:00:45","date_gmt":"2022-08-29T06:00:45","guid":{"rendered":"https:\/\/belux.edmo.eu\/?p=118197"},"modified":"2022-10-06T13:13:38","modified_gmt":"2022-10-06T13:13:38","slug":"faktencheck-ditsch-gasreserve-ginn-net-duer-fir-zwee-wanteren","status":"publish","type":"post","link":"https:\/\/belux.edmo.eu\/lb\/faktencheck-ditsch-gasreserve-ginn-net-duer-fir-zwee-wanteren\/","title":{"rendered":"Faktencheck: D\u00e4itsch Gasreserve ginn net duer fir zwee Wanteren"},"content":{"rendered":"<article>\n<div>\n<div>\n<p>&nbsp;<\/p>\n<\/div>\n<div>\n<p>An D\u00e4itschland lafen d&#8217;Preparatiounen, fir am Wanter genuch Gasreserven ze hunn, op H\u00e9ichtouren. Eng Behaaptung, d\u00e9i aktuell am \u00cbmlaf ass, dass d\u00e9i aktuell Reserve souguer fir zwee Wanteren duer goe g\u00e9ifen, ass par conter net richteg, w\u00e9i d&#8217;AFP recherch\u00e9iert huet.<\/p>\n<p>Dosenden Notzerinnen an Notzer hunn z\u00ebnter Ufank August e B\u00e4itrag op Facebook (<a href=\"https:\/\/perma.cc\/65D2-7KPE\" target=\"_blank\" rel=\"noopener\">hei<\/a>, <a href=\"https:\/\/perma.cc\/HNT8-5X8H\" target=\"_blank\" rel=\"noopener\">hei<\/a>) gedeelt, deen ierf\u00e9ierend Behaaptungen iwwer d\u00e9i d\u00e4itsch Gasreserve verbreet.<\/p>\n<p><img src=\"https:\/\/belux.edmo.eu\/wp-content\/uploads\/2022\/08\/166e2743f581685203b45356ca991182.jpeg\" alt=\"RTL\" \/> Screenshot der Behauptung auf Facebook: 17.08.2022<\/p>\n<p>Iwwer d\u00e9i europ\u00e4esch Gasversuergung kurs\u00e9ieren z\u00ebnter dem Ufank vum Krich an der Ukrain eng s\u00ebllege Falschmeldungen a sozialen Netzwierker. D&#8217;AFP huet an der Vergaangenheet scho Behaaptunge gepr\u00e9ift, an deenen \u00e9istr\u00e4ichesch Energieversuerger d&#8217;<a href=\"https:\/\/faktencheck.afp.com\/doc.afp.com.32CK2WE\">Gasreserve vum Land<\/a> mat Benefice an d&#8217;Ausland verkaaft h\u00e4tten, souw\u00e9i verschidde Behaaptungen zum <a href=\"https:\/\/faktencheck.afp.com\/doc.afp.com.329L3FV\">Spritverbrauch vu Fl\u00ebsseggassch\u00ebffer<\/a>.<\/p>\n<p>Den Artikel ass den 3. August 2022 an der Meenungsrubrik &#8220;Laut gedacht&#8221; an der Gratiszeitung\u00a0<a href=\"https:\/\/www.wochenkurier.info\/startseite\" target=\"_blank\" rel=\"noopener\">&#8220;WochenKurier&#8221;<\/a> erauskomm. D&#8217;Zeitung k\u00ebnnt all Woch a S\u00fcdbrandenburg an Deeler vu Sachsen eraus an thematis\u00e9iert virrangeg lokal Sujeten aus der Regioun. A sozialen Netzwierker ginn zanterhier Fotoe vum Zeitungsextrait gedeelt.<\/p>\n<p>D\u00e4itschland ass weiderhin op russesch Gasliwwerungen ugewisen<\/p>\n<p>Den Zeitungsextrait erw\u00e4\u00e4nt eng Analys vum Leibniz-Institut zu Halle iwwer d&#8217;S\u00e9cherheet vun der Gasversuergung. \u00cbnnert dem Projetsnumm <a href=\"https:\/\/gemeinschaftsdiagnose.de\/\" target=\"_blank\" rel=\"noopener\">&#8220;Gemeinschaftsdiagnose&#8221;<\/a> publiz\u00e9iert eng Grupp vu Fuerscher aus sechs Wirtschaftsfuerschungsinstituter zweemol am Joer eng aktuell Konjunkturanalys a -prognos fir d\u00e9i d\u00e4itsch Ekonomie. Dat ganzt am Optrag vun der d\u00e4itscher Bundesregierung.<\/p>\n<p>De russesche Staatsbetrib Gazprom hat de 27. Juli 2022 d&#8217;<a href=\"https:\/\/www.bundesnetzagentur.de\/DE\/Fachthemen\/ElektrizitaetundGas\/Versorgungssicherheit\/aktuelle_gasversorgung\/_downloads\/07_Juli_2022\/220727_gaslage.pdf;jsessionid=9A12B582961D798D49E11AD5B6D1E1E3?__blob=publicationFile&amp;v=2\">Gasliwwerungen a Richtung D\u00e4itschland<\/a> duerch d&#8217;Pipeliine Nord Stream 1 op ronn 20 Prozent vun der Maximalleeschtung, oder <a href=\"https:\/\/de.statista.com\/statistik\/daten\/studie\/1315481\/umfrage\/russische-gaslieferungen-ueber-nord-stream\/\">33 Millioune Kubikmeter pro Dag<\/a>, reduz\u00e9iert. Een Dag m\u00e9i sp\u00e9it huet d&#8217;Projetsgrupp &#8220;Gemeinschaftsdiagnose&#8221; eng <a href=\"https:\/\/gemeinschaftsdiagnose.de\/wp-content\/uploads\/2022\/07\/Gemeinschaftsdiagnose_Sonderauswertung-Gasluecke_Juli-2022.pdf\">Ausw\u00e4ertung<\/a> mam Titel &#8220;Iwwer d&#8217;Gefor vun engem Manktem u Gas an D\u00e4itschland bei engem Erofstelle vun de russesche Liwwerungen op 20 Prozent&#8221; (Original: &#8220;Zur Gefahr einer Gasl\u00fccke in Deutschland bei einer Drosselung russischer Lieferungen auf 20 Prozent&#8221;) publiz\u00e9iert. Dora simul\u00e9ieren d&#8217;Fuerscher verschidden Zenarie fir d&#8217;Gasversuergung an D\u00e4itschland, falls d\u00e9i russesch Gasliwwerungen iwwer laang Z\u00e4it op 20 Prozent erofgesat bleiwe sollten.<\/p>\n<p>D&#8217;Ausw\u00e4ertung bas\u00e9iert dob\u00e4i op der Suppositioun, dass Russland vun August 2022 u just nach ronn eng Milliard Kubikmeter \u00c4erdgas pro Mount liwwert, wat ronn 20 Prozent vun der maximaler Capacit\u00e9it entspr\u00e9cht. Insgesamt 96 Milliarde Kubikmeter \u00c4erdgas import\u00e9iert D\u00e4itschland zous\u00e4tzlech aus anere L\u00e4nner. Gl\u00e4ichz\u00e4iteg geet d&#8217;Ausw\u00e4ertung bei de Reserve vun engem Stand vu ronn 67 Prozent (16,4 Milliarde Kubikmeter) Ufank August 2022 aus. D&#8217;Nofro beleeft sech an d\u00ebsem Modell t\u00ebscht August 2022 an Dezember 2023 op maximal 119 Milliarde Kubikmeter.<\/p>\n<p>D&#8217;Ausw\u00e4ertung k\u00ebnnt fir d\u00ebs Simulatioun zum Schluss, &#8220;dass sech ausgoend vum initiale Sp\u00e4icherstand en Defizit vu m\u00e9i w\u00e9i 7 Milliarde Kubikmeter erg\u00ebtt, dat am Abr\u00ebll, Mee an Dezember 2023 zu engem Manktem u Gas f\u00e9iert.&#8221; A kengem vun den errechenten Zenarie ginn d\u00e9i gesp\u00e4ichert Reserven eleng fir d\u00e9i zwee n\u00e4chst Wanteren duer.<\/p>\n<p><img src=\"https:\/\/belux.edmo.eu\/wp-content\/uploads\/2022\/08\/1ac12ce028ca6389907eb40be604de3b.jpeg\" alt=\"RTL\" \/> Erdgasverf\u00fcgbarkeit bei einer Drosslung der russischen Erdgasimporte auf 20 Prozent ( Gemeinschaftsdiagnose \/ Sonderauswertung 28. Juli 2022 \/ )<\/p>\n<p>Dat confirm\u00e9iert den <a href=\"https:\/\/www.iwh-halle.de\/ueber-das-iwh\/team\/detail\/Person\/oliver-holtemoeller\/\" target=\"_blank\" rel=\"noopener\">Oliver Holtem\u00f6ller<\/a>, Vizepresident vum Leibniz-Institut fir Wirtschaftsfuerschung Halle, deen un der Analys bedeelegt war. Hien huet den 18. August an enger E-Mail un d&#8217;AFP erkl\u00e4ert, dass d\u00e9i aktuell gesp\u00e4ichert Gasquantit\u00e9iten ouni weider Liwwerungen net duer g\u00e9ife goen, fir den d\u00e4itsche Gasverbrauch an den zwee n\u00e4chste Wanteren ze decken. Souguer wann d&#8217;Reserven aktuell komplett gef\u00ebllt w\u00e4ren, k\u00e9int dat gesp\u00e4ichert Gas de Bedarf net decken.<\/p>\n<p>Voll Gasreserven decken emol net e V\u00e9ierel vum Joresbedarf<\/p>\n<p>De j\u00e4rleche Gasverbrauch an D\u00e4itschland l\u00e4it d\u00e4itlech iwwer de Sp\u00e4ichercapacit\u00e9iten. Den Donn\u00e9e\u00eb vun der <a href=\"https:\/\/www.bundesnetzagentur.de\/SharedDocs\/Mediathek\/Monitoringberichte\/Monitoringbericht_Energie2021.pdf?__blob=publicationFile&amp;v=7#page=344\">Bundesnetzagentur<\/a> no, d\u00e9i den d\u00e4itschen Energiemaart iwwerwaacht, goufen am Joer 2020 an D\u00e4itschland 941,1 Terawattstonnen (TWh) Gas verbraucht. 2019 waren et ronn 948 TWh. D\u00e9i maximal Sp\u00e4ichercapacit\u00e9it vun den d\u00e4itsche Gasreservoire beleeft sech den Donn\u00e9e\u00eb vum europ\u00e4esche Portal fir Gasreservoiren <a href=\"https:\/\/agsi.gie.eu\/\" target=\"_blank\" rel=\"noopener\">Agsi<\/a> no op insgesamt 243,4 TWh. Dat entspr\u00e9cht manner w\u00e9i engem V\u00e9ierel vum Gesamtverbrauch vun de leschte Joren.<\/p>\n<p><img src=\"https:\/\/belux.edmo.eu\/wp-content\/uploads\/2022\/08\/1820fe366baf77a659d99bd85cac3df6.jpeg\" alt=\"RTL\" \/> Entwicklung des F\u00fcllstands der deutschen Gasspeicher 2022 im Vergleich zu Vorjahren, Stand 14.08.2022 ( THORSTEN EBERDING, STF \/ AFP \/ )<\/p>\n<p>Och d&#8217;Bundesnetzagentur huet a verschiddenen <a href=\"http:\/\/www.bundesnetzagentur.de\/DE\/Fachthemen\/ElektrizitaetundGas\/Versorgungssicherheit\/aktuelle_gasversorgung\/HintergrundFAQ\/Gas_Szenarien.html\">Zenarien<\/a> d&#8217;Konsequenze fir d&#8217;Gasversuergung an D\u00e4itschland, am Fall vu reduz\u00e9ierte russesche Gasliwwerungen oder engem vollst\u00e4nnege Liwwerstopp, berechent. All Zenario bas\u00e9iert op\u00a0 aneren Aschr\u00e4nkunge bei der Liwwerung a Verbrauchsw\u00e4erter. Eng vun de Modellrechnungen \u00ebnnersicht de Fall, dass vun Enn Juli 2022 u just nach 20 Prozent vun de russesche Liwwercapacit\u00e9iten an D\u00e4itschland ukommen.<\/p>\n<p>Op AFP-Ufro huet e Spriecher vun der Bundesnetzagentur de 17. August 2022 geschriwwen: &#8220;Bei enger Upassung vun den Exporter op 20 Prozent w\u00e4r eng Reduktioun vun der Consommatioun vun op d&#8217;mannst 20 Prozent noutwenneg, fir d&#8217;Gasversuergung fir den n\u00e4chste Wanter &#8211; awer net automatesch och fir de Wanter 2023\/24 &#8211; ze s\u00e9cheren.&#8221; Ouni entspriechend Mesure k\u00e9inten iwwer de ganze Wanter 2022\/23 Berechnunge vun der Bundesnetzagentur no 248 TWh Gas feelen.<\/p>\n<p>D&#8217;AFP huet den Auteur vum Artikel am &#8220;Wochenkurier&#8221; no senge Quelle fir d&#8217;Behaaptung gefrot. Hien huet den 18. August 2022 per E-Mail ge\u00e4ntwert, hie g\u00e9if sech op e B\u00e4itrag bez\u00e9ien, deen den 28. Juli 2022 bei <a href=\"https:\/\/www.zeit.de\/wirtschaft\/2022-07\/russland-gas-lieferungen-experten-iwh-winter?utm_referrer=https%3A%2F%2Fwww.google.com%2F\" target=\"_blank\" rel=\"noopener\">&#8220;Zeit Online&#8221;<\/a> publiz\u00e9iert gouf. D\u00ebsen zit\u00e9iert er\u00ebm aus engem Artikel vum <a href=\"https:\/\/www.handelsblatt.com\/politik\/energieversorgung-neue-zahlen-gas-reicht-wohl-in-diesem-und-im-naechsten-winter\/28550632.html\" target=\"_blank\" rel=\"noopener\">&#8220;Handelsblatt&#8221;<\/a>, deen iwwer d&#8217;Resultater vun der Ausw\u00e4ertung vun der Projetsgrupp Gemeinschaftsdiagnose bericht.<\/p>\n<p>A b\u00e9iden Zeitungsartikele geet awer net dovu rieds, dass d\u00e9i aktuell gesp\u00e4ichert Gasquantit\u00e9iten &#8220;nach fir zwee Wanteren&#8221; duer goe g\u00e9ifen. Villm\u00e9i heescht et am B\u00e4itrag vun der &#8220;Zeit&#8221;: &#8220;D&#8217;Fuerscher hu berechent, wat geschitt, wann d\u00e9i russesch Gasliwwerungen iwwer laang Z\u00e4it bei 20 Prozent bleiwe g\u00e9ifen. Hir Konklusioun: &#8216;Wann eis Suppositiounen esou antrieden, g\u00e9if de Gas souwuel an d\u00ebsem w\u00e9i och am n\u00e4chste Wanter duer goen&#8217;, zit\u00e9iert d&#8217;Zeitung de Christoph Schult vum Leibniz-Institut fir Wirtschaftsfuerschung zu Halle (IWH).&#8221;<\/p>\n<p><strong>Fazit:<\/strong> De Gas, deen Ufank August 2022 an den d\u00e4itsche Reserve gesp\u00e4ichert ass, geet net duer, fir de Bedarf fir d\u00e9i n\u00e4chst zwee Wanteren ze decken. Eng Modellrechnung vun enger Rei Wirtschaftsinstituter koum Enn Juli zum Resultat, dass D\u00e4itschland och weiderhin op Gasliwwerungen ugewisen ass, fir s\u00e4i Bedarf ze decken. D&#8217;Capacit\u00e9ite vun den d\u00e4itsche Gassp\u00e4icher entspriechen ongef\u00e9ier engem V\u00e9ierel vun der j\u00e4rlech verbrauchter Quantit\u00e9it u Gas an D\u00e4itschland.<\/p>\n<\/div>\n<p><em>D\u00ebsen Artikel vun der AFP gouf vun RTL op L\u00ebtzebuergesch iwwersat.<\/em><\/p>\n<\/div>\n<\/article>\n","protected":false},"excerpt":{"rendered":"<p>&nbsp; An D\u00e4itschland lafen d&#8217;Preparatiounen, fir am Wanter genuch Gasreserven ze hunn, op H\u00e9ichtouren. Eng Behaaptung, d\u00e9i aktuell am \u00cbmlaf&#8230;<\/p>\n","protected":false},"author":1,"featured_media":118192,"comment_status":"closed","ping_status":"open","sticky":false,"template":"","format":"standard","meta":{"_acf_changed":false,"footnotes":""},"categories":[191,217,185],"tags":[],"class_list":{"0":"post-118197","1":"post","2":"type-post","3":"status-publish","4":"format-standard","5":"has-post-thumbnail","7":"category-politik","8":"category-ukraine-lb","9":"category-wirtschaft"},"acf":{"show_metatags":true,"id":"1956836","authors":"RTL L\u00ebtzebuerg","organization":"RTL","featured_image_copyright":"","text_copyright":"Copyright RTL \/ CLT-UFA S.A.","source":"http:\/\/www.rtl.lu\/news\/faktencheck\/a\/1956836.html","fact_checker":"https:\/\/belux.wpengine.com\/wp-content\/uploads\/2021\/12\/rtl_logo.png","type":"Closed Event","location":"","start_date":"","start_date_event_begins_at":"","start_date_event_ends_at":"","end_date":"","end_date_event_begins_at":"","end_date_event_ends_at":"","organizer":"","fact_checker_logo_image":false},"yoast_head":"<!-- This site is optimized with the Yoast SEO plugin v27.0 - https:\/\/yoast.com\/product\/yoast-seo-wordpress\/ -->\n<title>Faktencheck: D\u00e4itsch Gasreserve ginn net duer fir zwee Wanteren - EDMO Belux<\/title>\n<meta name=\"robots\" content=\"index, follow, max-snippet:-1, max-image-preview:large, max-video-preview:-1\" \/>\n<link rel=\"canonical\" href=\"https:\/\/belux.edmo.eu\/lb\/faktencheck-ditsch-gasreserve-ginn-net-duer-fir-zwee-wanteren\/\" \/>\n<meta property=\"og:locale\" content=\"en_US\" \/>\n<meta property=\"og:type\" content=\"article\" \/>\n<meta property=\"og:title\" content=\"Faktencheck: D\u00e4itsch Gasreserve ginn net duer fir zwee Wanteren - EDMO Belux\" \/>\n<meta property=\"og:description\" content=\"&nbsp; An D\u00e4itschland lafen d&#8217;Preparatiounen, fir am Wanter genuch Gasreserven ze hunn, op H\u00e9ichtouren. Eng Behaaptung, d\u00e9i aktuell am \u00cbmlaf...\" \/>\n<meta property=\"og:url\" content=\"https:\/\/belux.edmo.eu\/lb\/faktencheck-ditsch-gasreserve-ginn-net-duer-fir-zwee-wanteren\/\" \/>\n<meta property=\"og:site_name\" content=\"EDMO Belux\" \/>\n<meta property=\"article:published_time\" content=\"2022-08-29T06:00:45+00:00\" \/>\n<meta property=\"article:modified_time\" content=\"2022-10-06T13:13:38+00:00\" \/>\n<meta property=\"og:image\" content=\"https:\/\/belux.edmo.eu\/wp-content\/uploads\/2022\/08\/494de853ca2f6aee470912c8ee3bc4a4.png\" \/>\n\t<meta property=\"og:image:width\" content=\"1080\" \/>\n\t<meta property=\"og:image:height\" content=\"540\" \/>\n\t<meta property=\"og:image:type\" content=\"image\/png\" \/>\n<meta name=\"author\" content=\"master\" \/>\n<meta name=\"twitter:card\" content=\"summary_large_image\" \/>\n<meta name=\"twitter:creator\" content=\"@Edmo_Belux\" \/>\n<meta name=\"twitter:site\" content=\"@Edmo_Belux\" \/>\n<meta name=\"twitter:label1\" content=\"Written by\" \/>\n\t<meta name=\"twitter:data1\" content=\"master\" \/>\n\t<meta name=\"twitter:label2\" content=\"Est. reading time\" \/>\n\t<meta name=\"twitter:data2\" content=\"5 minutes\" \/>\n<script type=\"application\/ld+json\" class=\"yoast-schema-graph\">{\"@context\":\"https:\/\/schema.org\",\"@graph\":[{\"@type\":\"Article\",\"@id\":\"https:\/\/belux.edmo.eu\/lb\/faktencheck-ditsch-gasreserve-ginn-net-duer-fir-zwee-wanteren\/#article\",\"isPartOf\":{\"@id\":\"https:\/\/belux.edmo.eu\/lb\/faktencheck-ditsch-gasreserve-ginn-net-duer-fir-zwee-wanteren\/\"},\"author\":{\"name\":\"master\",\"@id\":\"https:\/\/belux.edmo.eu\/#\/schema\/person\/dbe3b252258537fd318f9b5645a30342\"},\"headline\":\"Faktencheck: D\u00e4itsch Gasreserve ginn net duer fir zwee Wanteren\",\"datePublished\":\"2022-08-29T06:00:45+00:00\",\"dateModified\":\"2022-10-06T13:13:38+00:00\",\"mainEntityOfPage\":{\"@id\":\"https:\/\/belux.edmo.eu\/lb\/faktencheck-ditsch-gasreserve-ginn-net-duer-fir-zwee-wanteren\/\"},\"wordCount\":1118,\"publisher\":{\"@id\":\"https:\/\/belux.edmo.eu\/#organization\"},\"image\":{\"@id\":\"https:\/\/belux.edmo.eu\/lb\/faktencheck-ditsch-gasreserve-ginn-net-duer-fir-zwee-wanteren\/#primaryimage\"},\"thumbnailUrl\":\"https:\/\/belux.edmo.eu\/wp-content\/uploads\/2022\/08\/494de853ca2f6aee470912c8ee3bc4a4.png\",\"articleSection\":[\"Politik\",\"Ukraine\",\"Wirtschaft\"],\"inLanguage\":\"lb-LU\"},{\"@type\":\"WebPage\",\"@id\":\"https:\/\/belux.edmo.eu\/lb\/faktencheck-ditsch-gasreserve-ginn-net-duer-fir-zwee-wanteren\/\",\"url\":\"https:\/\/belux.edmo.eu\/lb\/faktencheck-ditsch-gasreserve-ginn-net-duer-fir-zwee-wanteren\/\",\"name\":\"Faktencheck: D\u00e4itsch Gasreserve ginn net duer fir zwee Wanteren - EDMO Belux\",\"isPartOf\":{\"@id\":\"https:\/\/belux.edmo.eu\/#website\"},\"primaryImageOfPage\":{\"@id\":\"https:\/\/belux.edmo.eu\/lb\/faktencheck-ditsch-gasreserve-ginn-net-duer-fir-zwee-wanteren\/#primaryimage\"},\"image\":{\"@id\":\"https:\/\/belux.edmo.eu\/lb\/faktencheck-ditsch-gasreserve-ginn-net-duer-fir-zwee-wanteren\/#primaryimage\"},\"thumbnailUrl\":\"https:\/\/belux.edmo.eu\/wp-content\/uploads\/2022\/08\/494de853ca2f6aee470912c8ee3bc4a4.png\",\"datePublished\":\"2022-08-29T06:00:45+00:00\",\"dateModified\":\"2022-10-06T13:13:38+00:00\",\"breadcrumb\":{\"@id\":\"https:\/\/belux.edmo.eu\/lb\/faktencheck-ditsch-gasreserve-ginn-net-duer-fir-zwee-wanteren\/#breadcrumb\"},\"inLanguage\":\"lb-LU\",\"potentialAction\":[{\"@type\":\"ReadAction\",\"target\":[\"https:\/\/belux.edmo.eu\/lb\/faktencheck-ditsch-gasreserve-ginn-net-duer-fir-zwee-wanteren\/\"]}]},{\"@type\":\"ImageObject\",\"inLanguage\":\"lb-LU\",\"@id\":\"https:\/\/belux.edmo.eu\/lb\/faktencheck-ditsch-gasreserve-ginn-net-duer-fir-zwee-wanteren\/#primaryimage\",\"url\":\"https:\/\/belux.edmo.eu\/wp-content\/uploads\/2022\/08\/494de853ca2f6aee470912c8ee3bc4a4.png\",\"contentUrl\":\"https:\/\/belux.edmo.eu\/wp-content\/uploads\/2022\/08\/494de853ca2f6aee470912c8ee3bc4a4.png\",\"width\":1080,\"height\":540,\"caption\":\"Faktencheck: D\u00e4itsch Gasreserve ginn net duer fir zwee Wanteren - Featured image\"},{\"@type\":\"BreadcrumbList\",\"@id\":\"https:\/\/belux.edmo.eu\/lb\/faktencheck-ditsch-gasreserve-ginn-net-duer-fir-zwee-wanteren\/#breadcrumb\",\"itemListElement\":[{\"@type\":\"ListItem\",\"position\":1,\"name\":\"Home\",\"item\":\"https:\/\/belux.edmo.eu\/lb\/\"},{\"@type\":\"ListItem\",\"position\":2,\"name\":\"Faktencheck: D\u00e4itsch Gasreserve ginn net duer fir zwee Wanteren\"}]},{\"@type\":\"WebSite\",\"@id\":\"https:\/\/belux.edmo.eu\/#website\",\"url\":\"https:\/\/belux.edmo.eu\/\",\"name\":\"EDMO Belux\",\"description\":\"Monitoring Disinformation in Belgium and Luxembourg\",\"publisher\":{\"@id\":\"https:\/\/belux.edmo.eu\/#organization\"},\"potentialAction\":[{\"@type\":\"SearchAction\",\"target\":{\"@type\":\"EntryPoint\",\"urlTemplate\":\"https:\/\/belux.edmo.eu\/?s={search_term_string}\"},\"query-input\":{\"@type\":\"PropertyValueSpecification\",\"valueRequired\":true,\"valueName\":\"search_term_string\"}}],\"inLanguage\":\"lb-LU\"},{\"@type\":\"Organization\",\"@id\":\"https:\/\/belux.edmo.eu\/#organization\",\"name\":\"EDMO Belux\",\"url\":\"https:\/\/belux.edmo.eu\/\",\"logo\":{\"@type\":\"ImageObject\",\"inLanguage\":\"lb-LU\",\"@id\":\"https:\/\/belux.edmo.eu\/#\/schema\/logo\/image\/\",\"url\":\"https:\/\/belux.edmo.eu\/wp-content\/uploads\/2021\/12\/belux-logo-full-color-rgb.svg\",\"contentUrl\":\"https:\/\/belux.edmo.eu\/wp-content\/uploads\/2021\/12\/belux-logo-full-color-rgb.svg\",\"width\":1,\"height\":1,\"caption\":\"EDMO Belux\"},\"image\":{\"@id\":\"https:\/\/belux.edmo.eu\/#\/schema\/logo\/image\/\"},\"sameAs\":[\"https:\/\/x.com\/Edmo_Belux\"]},{\"@type\":\"Person\",\"@id\":\"https:\/\/belux.edmo.eu\/#\/schema\/person\/dbe3b252258537fd318f9b5645a30342\",\"name\":\"master\",\"sameAs\":[\"https:\/\/belux.wpengine.com\"],\"url\":\"https:\/\/belux.edmo.eu\/lb\/author\/master\/\"}]}<\/script>\n<!-- \/ Yoast SEO plugin. -->","yoast_head_json":{"title":"Faktencheck: D\u00e4itsch Gasreserve ginn net duer fir zwee Wanteren - EDMO Belux","robots":{"index":"index","follow":"follow","max-snippet":"max-snippet:-1","max-image-preview":"max-image-preview:large","max-video-preview":"max-video-preview:-1"},"canonical":"https:\/\/belux.edmo.eu\/lb\/faktencheck-ditsch-gasreserve-ginn-net-duer-fir-zwee-wanteren\/","og_locale":"en_US","og_type":"article","og_title":"Faktencheck: D\u00e4itsch Gasreserve ginn net duer fir zwee Wanteren - EDMO Belux","og_description":"&nbsp; An D\u00e4itschland lafen d&#8217;Preparatiounen, fir am Wanter genuch Gasreserven ze hunn, op H\u00e9ichtouren. Eng Behaaptung, d\u00e9i aktuell am \u00cbmlaf...","og_url":"https:\/\/belux.edmo.eu\/lb\/faktencheck-ditsch-gasreserve-ginn-net-duer-fir-zwee-wanteren\/","og_site_name":"EDMO Belux","article_published_time":"2022-08-29T06:00:45+00:00","article_modified_time":"2022-10-06T13:13:38+00:00","og_image":[{"width":1080,"height":540,"url":"https:\/\/belux.edmo.eu\/wp-content\/uploads\/2022\/08\/494de853ca2f6aee470912c8ee3bc4a4.png","type":"image\/png"}],"author":"master","twitter_card":"summary_large_image","twitter_creator":"@Edmo_Belux","twitter_site":"@Edmo_Belux","twitter_misc":{"Written by":"master","Est. reading time":"5 minutes"},"schema":{"@context":"https:\/\/schema.org","@graph":[{"@type":"Article","@id":"https:\/\/belux.edmo.eu\/lb\/faktencheck-ditsch-gasreserve-ginn-net-duer-fir-zwee-wanteren\/#article","isPartOf":{"@id":"https:\/\/belux.edmo.eu\/lb\/faktencheck-ditsch-gasreserve-ginn-net-duer-fir-zwee-wanteren\/"},"author":{"name":"master","@id":"https:\/\/belux.edmo.eu\/#\/schema\/person\/dbe3b252258537fd318f9b5645a30342"},"headline":"Faktencheck: D\u00e4itsch Gasreserve ginn net duer fir zwee Wanteren","datePublished":"2022-08-29T06:00:45+00:00","dateModified":"2022-10-06T13:13:38+00:00","mainEntityOfPage":{"@id":"https:\/\/belux.edmo.eu\/lb\/faktencheck-ditsch-gasreserve-ginn-net-duer-fir-zwee-wanteren\/"},"wordCount":1118,"publisher":{"@id":"https:\/\/belux.edmo.eu\/#organization"},"image":{"@id":"https:\/\/belux.edmo.eu\/lb\/faktencheck-ditsch-gasreserve-ginn-net-duer-fir-zwee-wanteren\/#primaryimage"},"thumbnailUrl":"https:\/\/belux.edmo.eu\/wp-content\/uploads\/2022\/08\/494de853ca2f6aee470912c8ee3bc4a4.png","articleSection":["Politik","Ukraine","Wirtschaft"],"inLanguage":"lb-LU"},{"@type":"WebPage","@id":"https:\/\/belux.edmo.eu\/lb\/faktencheck-ditsch-gasreserve-ginn-net-duer-fir-zwee-wanteren\/","url":"https:\/\/belux.edmo.eu\/lb\/faktencheck-ditsch-gasreserve-ginn-net-duer-fir-zwee-wanteren\/","name":"Faktencheck: D\u00e4itsch Gasreserve ginn net duer fir zwee Wanteren - EDMO Belux","isPartOf":{"@id":"https:\/\/belux.edmo.eu\/#website"},"primaryImageOfPage":{"@id":"https:\/\/belux.edmo.eu\/lb\/faktencheck-ditsch-gasreserve-ginn-net-duer-fir-zwee-wanteren\/#primaryimage"},"image":{"@id":"https:\/\/belux.edmo.eu\/lb\/faktencheck-ditsch-gasreserve-ginn-net-duer-fir-zwee-wanteren\/#primaryimage"},"thumbnailUrl":"https:\/\/belux.edmo.eu\/wp-content\/uploads\/2022\/08\/494de853ca2f6aee470912c8ee3bc4a4.png","datePublished":"2022-08-29T06:00:45+00:00","dateModified":"2022-10-06T13:13:38+00:00","breadcrumb":{"@id":"https:\/\/belux.edmo.eu\/lb\/faktencheck-ditsch-gasreserve-ginn-net-duer-fir-zwee-wanteren\/#breadcrumb"},"inLanguage":"lb-LU","potentialAction":[{"@type":"ReadAction","target":["https:\/\/belux.edmo.eu\/lb\/faktencheck-ditsch-gasreserve-ginn-net-duer-fir-zwee-wanteren\/"]}]},{"@type":"ImageObject","inLanguage":"lb-LU","@id":"https:\/\/belux.edmo.eu\/lb\/faktencheck-ditsch-gasreserve-ginn-net-duer-fir-zwee-wanteren\/#primaryimage","url":"https:\/\/belux.edmo.eu\/wp-content\/uploads\/2022\/08\/494de853ca2f6aee470912c8ee3bc4a4.png","contentUrl":"https:\/\/belux.edmo.eu\/wp-content\/uploads\/2022\/08\/494de853ca2f6aee470912c8ee3bc4a4.png","width":1080,"height":540,"caption":"Faktencheck: D\u00e4itsch Gasreserve ginn net duer fir zwee Wanteren - Featured image"},{"@type":"BreadcrumbList","@id":"https:\/\/belux.edmo.eu\/lb\/faktencheck-ditsch-gasreserve-ginn-net-duer-fir-zwee-wanteren\/#breadcrumb","itemListElement":[{"@type":"ListItem","position":1,"name":"Home","item":"https:\/\/belux.edmo.eu\/lb\/"},{"@type":"ListItem","position":2,"name":"Faktencheck: D\u00e4itsch Gasreserve ginn net duer fir zwee Wanteren"}]},{"@type":"WebSite","@id":"https:\/\/belux.edmo.eu\/#website","url":"https:\/\/belux.edmo.eu\/","name":"EDMO Belux","description":"Monitoring Disinformation in Belgium and Luxembourg","publisher":{"@id":"https:\/\/belux.edmo.eu\/#organization"},"potentialAction":[{"@type":"SearchAction","target":{"@type":"EntryPoint","urlTemplate":"https:\/\/belux.edmo.eu\/?s={search_term_string}"},"query-input":{"@type":"PropertyValueSpecification","valueRequired":true,"valueName":"search_term_string"}}],"inLanguage":"lb-LU"},{"@type":"Organization","@id":"https:\/\/belux.edmo.eu\/#organization","name":"EDMO Belux","url":"https:\/\/belux.edmo.eu\/","logo":{"@type":"ImageObject","inLanguage":"lb-LU","@id":"https:\/\/belux.edmo.eu\/#\/schema\/logo\/image\/","url":"https:\/\/belux.edmo.eu\/wp-content\/uploads\/2021\/12\/belux-logo-full-color-rgb.svg","contentUrl":"https:\/\/belux.edmo.eu\/wp-content\/uploads\/2021\/12\/belux-logo-full-color-rgb.svg","width":1,"height":1,"caption":"EDMO Belux"},"image":{"@id":"https:\/\/belux.edmo.eu\/#\/schema\/logo\/image\/"},"sameAs":["https:\/\/x.com\/Edmo_Belux"]},{"@type":"Person","@id":"https:\/\/belux.edmo.eu\/#\/schema\/person\/dbe3b252258537fd318f9b5645a30342","name":"master","sameAs":["https:\/\/belux.wpengine.com"],"url":"https:\/\/belux.edmo.eu\/lb\/author\/master\/"}]}},"menu_order":0,"_links":{"self":[{"href":"https:\/\/belux.edmo.eu\/lb\/wp-json\/wp\/v2\/posts\/118197","targetHints":{"allow":["GET"]}}],"collection":[{"href":"https:\/\/belux.edmo.eu\/lb\/wp-json\/wp\/v2\/posts"}],"about":[{"href":"https:\/\/belux.edmo.eu\/lb\/wp-json\/wp\/v2\/types\/post"}],"author":[{"embeddable":true,"href":"https:\/\/belux.edmo.eu\/lb\/wp-json\/wp\/v2\/users\/1"}],"replies":[{"embeddable":true,"href":"https:\/\/belux.edmo.eu\/lb\/wp-json\/wp\/v2\/comments?post=118197"}],"version-history":[{"count":0,"href":"https:\/\/belux.edmo.eu\/lb\/wp-json\/wp\/v2\/posts\/118197\/revisions"}],"wp:featuredmedia":[{"embeddable":true,"href":"https:\/\/belux.edmo.eu\/lb\/wp-json\/wp\/v2\/media\/118192"}],"wp:attachment":[{"href":"https:\/\/belux.edmo.eu\/lb\/wp-json\/wp\/v2\/media?parent=118197"}],"wp:term":[{"taxonomy":"category","embeddable":true,"href":"https:\/\/belux.edmo.eu\/lb\/wp-json\/wp\/v2\/categories?post=118197"},{"taxonomy":"post_tag","embeddable":true,"href":"https:\/\/belux.edmo.eu\/lb\/wp-json\/wp\/v2\/tags?post=118197"}],"curies":[{"name":"wp","href":"https:\/\/api.w.org\/{rel}","templated":true}]}}