{"id":123942,"date":"2022-09-05T10:03:17","date_gmt":"2022-09-05T10:03:17","guid":{"rendered":"https:\/\/belux.edmo.eu\/?p=123942"},"modified":"2022-10-06T13:08:58","modified_gmt":"2022-10-06T13:08:58","slug":"faktencheck-produziert-hanf-mi-sauerstoff-wi-e-bsch","status":"publish","type":"post","link":"https:\/\/belux.edmo.eu\/lb\/faktencheck-produziert-hanf-mi-sauerstoff-wi-e-bsch\/","title":{"rendered":"Faktencheck: Produz\u00e9iert Hanf m\u00e9i Sauerstoff w\u00e9i e B\u00ebsch?"},"content":{"rendered":"<article>\n<div>\n<p>&nbsp;<\/p>\n<\/div>\n<div>\n<p>Hanf ass e vills\u00e4itegt Produkt, dat haut schonn an diverse Secteuren agesat g\u00ebtt. A sozialen Netzwierker g\u00ebtt z\u00ebnter puer M\u00e9int behaapt, dass Hanf och eng L\u00e9isung g\u00e9int de Klimawandel a g\u00e9int d&#8217;Waasserknappheet w\u00e4r. D&#8217;AFP ass deem no gaangen.<\/p>\n<p>Z\u00ebnter Juni 2022 g\u00ebtt reegelm\u00e9isseg eng L\u00ebscht mat Virzich a Virdeeler vum Ubau vun Hanf op Facebook ver\u00ebffentlecht, d\u00e9i iwwer 100.000 Mol gedeelt gouf, w\u00e9i an d\u00ebse Publikatiounen (<a href=\"https:\/\/archive.ph\/kAfhE\">1<\/a>, <a href=\"https:\/\/archive.ph\/figQH\">2<\/a>). D\u00ebs L\u00ebscht gouf am Juli och e puer honnert Mol op <a href=\"https:\/\/archive.ph\/2k7Qo\" target=\"_blank\" rel=\"noopener\">Twitter<\/a> gedeelt.<\/p>\n<p>Een Hektar Hanf &#8221; produz\u00e9iert sou vill Sauerstoff w\u00e9i 25 Hektar B\u00ebsch&#8221; a kann &#8220;d\u00e9i selwecht Quantit\u00e9it Pabeier w\u00e9i 4 Hektar Beem produz\u00e9ieren&#8221;. Hanf w\u00e4r eng &#8220;Stralungsfal&#8221;, d\u00e9i bannent v\u00e9ier M\u00e9int wiisst a weltw\u00e4it ugebaut k\u00e9int ginn, w\u00e9ineg Waasser a keng Pestiziden n\u00e9ideg h\u00e4tt, wat dozou f\u00e9iere k\u00e9int, dass d&#8217;Industrie fir Pestiziden &#8220;ausstierwe&#8221; k\u00e9int.<\/p>\n<p>Verschidde vun d\u00ebse Behaaptunge fanne sech op <a href=\"https:\/\/www.hello-joya.com\/pages\/qualites-environnementales-chanvre\">Sitte fir Hanf ze kommerzialis\u00e9ieren<\/a>, an deene behaapt g\u00ebtt, dass &#8220;den Ubau vun Hanf m\u00e9i CO2 absorb\u00e9iert w\u00e9i e B\u00ebsch&#8221; an dass den Ubau eng negativ CO2-Bilanz h\u00e4tt.<\/p>\n<p><img class=\"aligncenter\" src=\"https:\/\/belux.edmo.eu\/wp-content\/uploads\/2022\/09\/5c00025841d71d11efa9ac6a24b69e35.jpeg\" alt=\"RTL\" \/> Capture d&amp;#039;\u00e9cran prise sur Facebook, le 24\/08\/2022<\/p>\n<p>W\u00e4rend d\u00e9i meescht vun d\u00ebse Publikatiounen Hanf erw\u00e4nen, schw\u00e4tzen anerer vu &#8220;Cannabis&#8221;. Industriehanf a Cannabis sinn eigentlech zwou \u00cbnnerzorte vu &#8220;Cannabis sativa&#8221;. Awer d&#8217;Planz, aus d\u00e4r d&#8217;Drog hiergestallt g\u00ebtt, &#8220;Cannabis indica&#8221; ass a Frankr\u00e4ich w\u00e9inst hirem THC-Gehalt (d\u00e9i psychotrop Substanz vu Cannabis) verbueden. Industriehanf benotzt d&#8217;Planz &#8220;Cannabis sativa L&#8221; an den Ubau \u00ebnnerl\u00e4it <a href=\"4c6ddc2b46e7ad406179b413b2c2dc73e9bf6c7e64b7ebfc4564f32d07d5843f\">frans\u00e9ischen <\/a>an <a href=\"https:\/\/eur-lex.europa.eu\/legal-content\/FR\/TXT\/HTML\/?uri=CELEX:32000R1672&amp;from=FI\">europ\u00e4esche<\/a> Reglementatiounen, d\u00e9i just Zorte mat engem THC-Gehalt vu manner w\u00e9i 0,2 % zouloossen.<\/p>\n<p><strong>Een Hektar Hanf produz\u00e9iert 25 Mol m\u00e9i Sauerstoff w\u00e9i een Hektar B\u00ebsch? D\u00ebse Verglach ass net pertinent an iwwerdriwwen<\/strong><\/p>\n<p>D\u00ebs Ausso iwwer d&#8217;Sauerstoffproduktioun bezitt sech op de Prozess vun all wuessender Planz, d&#8217;Photosynthees. &#8220;All Planze verbrauchen CO2, wandelen et mat Liicht a Planzematerial \u00ebm a setze Sauerstoff als Nieweprodukt fr\u00e4i. D\u00ebse Prozess g\u00ebtt Photosynthees genannt&#8221;, w\u00e9i de <a href=\"https:\/\/www.atmos.colostate.edu\/people\/faculty\/denning\/\" target=\"_blank\" rel=\"noopener\">Scott Denning<\/a>, Klimatolog a Professer fir Atmosph\u00e4rw\u00ebssenschaften op der Colorado State University, erkl\u00e4ert.<\/p>\n<p>\u00cbmsou m\u00e9i s\u00e9ier d&#8217;Planz wiisst, \u00ebmsou m\u00e9i grouss ass den equivalenten Austausch t\u00ebscht Kuelestoff a Sauerstoff. Eng Planz, d\u00e9i nei agesat gouf a s\u00e9ier wiisst w\u00e9i Hanf, w\u00e4ert also e gr\u00e9isseren Flux hunn, w\u00e9i en ale B\u00ebsch, wann een zum Beispill de Flux iwwer ee Joer kuckt.<\/p>\n<p>Fir de <a href=\"https:\/\/www.lsce.ipsl.fr\/Phocea\/Pisp\/index.php?nom=philippe.ciais\" target=\"_blank\" rel=\"noopener\">Philippe Ciais<\/a>, Fuerscher am Laboratoire des Sciences du Climat et de l&#8217;Environnement du Commissariat \u00e0 l\u2019\u00c9nergie Atomique et aux \u00e9nergies alternatives, ass et net interessant, d&#8217;Sauerstoffproduktioun vu b\u00e9ide Kulturen, dat heescht hire Flux, ze vergl\u00e4ichen, och wann d\u00e9i eng Zort Planz e m\u00e9i grousse Flux huet w\u00e9i eng aner.<\/p>\n<p>&#8220;<strong>D&#8217;Sauerstoffproduktioun duerch Photosynthees g\u00ebtt bal vollst\u00e4nneg duerch de Sauerstoffverbrauch duerch d&#8217;Ootmung vu Planzen a Mikrobe kompens\u00e9iert<\/strong>&#8220;, erkl\u00e4ert de Fuerscher. <strong>&#8220;E System, dee m\u00e9i Sauerstoff produz\u00e9iert, w\u00e4ert logescherweis m\u00e9i Sauerstoff verbrauchen. De Verglach ass also irrelevant.&#8221;<\/strong><\/p>\n<p>Ofgesi vum Flux w\u00e4rend der Wuesstemsphas vun der Planz g\u00ebtt de Kuelestoff, deen d&#8217;Planze fir hire Wuesstem notzen an aus der Atmosph\u00e4r &#8220;z\u00e9ien&#8221;, an der Planz gesp\u00e4ichert, egal ob et sech \u00ebm Hanf oder e Bam handelt, bis e Gl\u00e4ichgewiicht erreecht ass. Dat nennt ee <a href=\"https:\/\/www.supagro.fr\/ress-pepites\/processusecologiques\/co\/RegSequestrationC.html\">Kuelenstoffsequestr\u00e9ierung<\/a>, oder &#8220;Stock&#8221;.<\/p>\n<p>Fir d&#8217;Interaktioune vun de Planze mat der Atmosph\u00e4r ze berechnen, bez\u00e9ie sech d&#8217;Experten dohier \u00e9ischter op d\u00e9i gesp\u00e4ichert Kuelestoffdioxidquantit\u00e9it w\u00e9i op den ausgestoussene Sauerstoff. Dozou zielen d&#8217;Produktioun vu Biomass pro Hektar, dat heescht d&#8217;Quantit\u00e9it un organeschem Material mat planzlechem Ursprong, d\u00e9i op engem Hektar ugebaut g\u00ebtt, an dann d&#8217;Quantit\u00e9it vum Kuelestoff, deen an d\u00ebser Biomass pro Hektar gesp\u00e4ichert ass.<\/p>\n<p>No Estimatioune vum <a href=\"https:\/\/www.ensat.fr\/fr\/formations\/les-enseignants\/jean-pierre-sarthou.html\" target=\"_blank\" rel=\"noopener\">Jean-Pierre Sarthou<\/a>, Agriculteur a Professer fir Agrarw\u00ebssenschaften an Agrarekologie um INP-ENSAT an um INRAE zu Toulouse, <strong>sp\u00e4ichert den Ubau vun engem Hektar Hanf ongef\u00e9ier duebel esou vill Kuelestoff w\u00e9i een Hektar B\u00ebsch an net 25 Mol esou vill<\/strong>. Wann een d\u00e9i duerchschn\u00ebttlech Valeure consider\u00e9iert, seet de Fuerscher, k\u00ebnnt een op 8,78 gesp\u00e4ichert Tonnen CO2 an eng Produktioun vun 23,4 Tonne Sauerstoff fir de B\u00ebsch, beim Hanf w\u00e4ren et 15,5 Tonnen gesp\u00e4icherten CO2 an 41,5 Tonnen u produz\u00e9iertem O2.<\/p>\n<p>Dem <a href=\"https:\/\/business-sud-champagne.com\/actualites\/interview-estelle-delangle-pole-europeen-du-chanvre?gclid=EAIaIQobChMIwP-g2Jvk-QIVmRkGAB2OfguXEAAYASAAEgKz0vD_BwE\" target=\"_blank\" rel=\"noopener\">Estelle Delangle<\/a> no, Projektmanagerin beim Europ\u00e4eschen Hanfzenter, leien d\u00e9i offiziell Zuele vun der Branche fir gesp\u00e4icherte Kuelestoff e b\u00ebssen \u00ebnnert d\u00ebser Estimatioun a besoen, dass &#8221; een Hektar Hanf an een Hektar B\u00ebsch d&#8217;selwecht vill sp\u00e4icheren.&#8221; Si best\u00e4tegt de W\u00e4ert vu 15 Tonnen CO2 pro Hektar fir Hanf a weist dorop hin, dass d\u00ebse W\u00e4ert mat engem gudden a gesonde B\u00ebsch ze vergl\u00e4ichen ass, dee manner Kuelestoff oph\u00eblt w\u00e9i e jonke B\u00ebsch.<\/p>\n<p>Dem Agronom Jean-Pierre Sarthou no ass den \u00cbnnerscheed vun den Zuelen net anormal. D&#8217;Gr\u00e9isstenuerdnung vun der Produktivit\u00e9it pro Hektar Biomass an dat ugebauten organescht Material ka jee no Konditioune staark vari\u00e9ieren an et ass m\u00e9iglech, vu relativ h\u00e9ijen oder niddregen Duerchschn\u00ebttsw\u00e4erter auszegoen.<\/p>\n<p>Bei Hanf schwankt d&#8217;Quantit\u00e9it u Biomass pro Hektar t\u00ebscht dem einfachen an dem dr\u00e4ifache W\u00e4ert, jee no Ertrag (Produkt, dat par rapport zur kultiv\u00e9ierter Surface hiergestallt g\u00ebtt), dee vun der Qualit\u00e9it vum Som, dem Buedem, dem Erfolleg vum Ubau, asw. ofh\u00e4nkt. Fir d&#8217;B\u00ebscher ass de Rendement vun Holz, jee no benotztem Som-Typ an dem Wuesstemsz\u00e4itpunkt vum B\u00ebsch, och staark vari\u00e9ierend.<\/p>\n<p>&#8220;D&#8217;Zuele fir d&#8217;Sp\u00e4ichere vu Kuelestoff w\u00e4erte jee no verschiddene Facteure staark vari\u00e9ieren, souwuel fir den Hanfubau w\u00e9i och fir d&#8217;Forstwirtschaft&#8221;, erkl\u00e4ert den Henri Blandini\u00e8res, Fuerscher am Departement fir nohalteg landwirtschaftlech Produktioun op der <a href=\"https:\/\/dipartimenti.unicatt.it\/diproves-agronomia-1-ecofisiologia-delle-coltivazioni-erbacee-9946\" target=\"_blank\" rel=\"noopener\">Universit\u00e9 catholique du Sacr\u00e9-C\u0153ur<\/a> zu Mailand.<\/p>\n<p>Fir den <a href=\"https:\/\/www.iddri.org\/fr\/iddri-en-bref\/equipe\/alain-karsenty\" target=\"_blank\" rel=\"noopener\">Alain Karsenty<\/a>, Fuerscher an Ekonomist um CIRAD, dem Zenter fir international Zesummenaarbecht an der Agrarfuerschung fir Entw\u00e9cklung, ass d&#8217;Zort vun de geplanzte Beem och vun entscheedender Bedeitung. Dem Fuerscher no &#8220;g\u00ebtt e jonke B\u00ebsch aus s\u00e9ier wuessende Baamzorten w\u00e9i Douglasien vill m\u00e9i ophuele w\u00e9i eng Plantage vun Eechen, awer de Stock [vu Kuelestoff] w\u00e4ert a 50 oder 60 Joer vill m\u00e9i kleng sinn.&#8221; En Eecheb\u00ebsch par conter w\u00e4ert s\u00e4i maximale Stockage u Kuelestoff an ongef\u00e9ier 150 Joer erreechen. &#8220;N\u00e4ischt ka mam Stockage vun de B\u00ebscher verglach ginn&#8221;, f\u00fc\u00fcgt de Fuerscher dob\u00e4i.<\/p>\n<p>Dem Agrarfuerscher Henri Blandini\u00e8res no ass de Verglach t\u00ebscht Hanf an engem B\u00ebsch och da schwiereg, wann d\u00e9i benotzt Produktivit\u00e9itszuel net detaill\u00e9iert ass: &#8220;D&#8217;Produktivit\u00e9it w\u00e4ert staark vun de verschiddene B\u00ebscher ofh\u00e4nken, vun e puer Dose Gramm Kuelestoff pro Quadratmeter a pro Joer bis zu enger Quantit\u00e9it vun Dausend Gramm Kuelestoff pro Quadratmeter a pro Joer, t\u00ebscht engem boreale B\u00ebsch an engem um \u00c4quator.&#8221;<\/p>\n<p>Ausserdeem bleift den Hanf net jorelaang stoe w\u00e9i d&#8217;Beem am B\u00ebsch, mee soll all Joer recolt\u00e9iert ginn. An dem Ekonomist Alain Karsenty no ass &#8220;all Recolte eng St\u00e9ierung a w\u00e4ert CO2 fr\u00e4isetzen. Mat de schw\u00e9iere Maschinne fir d&#8217;Recolte, mat der Buedemverdichtung, asw. w\u00e4erte mir souwisou CO2-Emissiounen hunn.&#8221;<\/p>\n<p><img class=\"aligncenter\" src=\"https:\/\/belux.edmo.eu\/wp-content\/uploads\/2022\/09\/9f1862c092df30be99d9b6c338eb0699.jpeg\" alt=\"RTL\" \/> Un champ de chanvre, qui peut \u00eatre utilis\u00e9 sous forme d&#8217;huile pour les cosm\u00e9tiques, de graines pour l&#8217;alimentation et de fibres pour les textiles et la construction, \u00e0 Saint-Agnet, dans le sud-ouest de la France, le 11 juillet 2022. ( AFP \/ Gaizka Iroz)<\/p>\n<p>Schliisslech ass et fir d&#8217;W\u00ebssenschaftler, d\u00e9i vun der AFP befrot goufen, m\u00e9i interessant, de gesamte Liewenszyklus vun enger Planz ze betruechten. An der Natur stierft all \u00d6kosystem, all Planz iergendwann of an zerf\u00e4llt, wouduerch de gesamte Stockage un CO2, deen ugesammelt gouf, fr\u00e4igesat an eng neutral Bilanz erreecht g\u00ebtt.<\/p>\n<p>Awer an der Landwirtschaft oder Agroforesterie g\u00ebtt eng Planz recolt\u00e9iert a verschafft, a se w\u00e4ert sech net zersetzen. Den accumul\u00e9ierte Kuelestoff g\u00ebtt also gebonnen, gesp\u00e4ichert an erreecht eng positiv Sauerstoffbilanz, well de Kuelestoff net direkt an d&#8217;Atmosph\u00e4r fr\u00e4igesat g\u00ebtt. Onofh\u00e4ngeg vun de verschiddenen Ofsazm\u00e9iglechkeete fir Hanf an Holz, g\u00ebtt de &#8220;Stock&#8221; vu Kuelestoff zwangsleefeg fr\u00e4igesat, wann den hiergestallte Produit schlussendlech benotzt, zerst\u00e9iert verbrannt oder zersat g\u00ebtt.<\/p>\n<p>Fir den Alain Karsenty, Ekonomist um CIRAD, &#8220;w\u00e4ert alles vun der Benotzung vun der Planz ofh\u00e4nken, d\u00e9i recolt\u00e9iert soll ginn.&#8221; Fir Brennholz, Pabeier, Bekleedung aus Hanffaseren, Hanfueleg oder Str\u00e9i fir D\u00e9ieren aus Hanfsp\u00e9in, d\u00e9i s\u00e9ier consomm\u00e9iert ginn, kann et e puer Joer oder manner daueren.<\/p>\n<p>An de Ber\u00e4icher, an deene Produkter 80 oder 90 Joer benotzt ginn, kann d&#8217;Sequestratioun awer e puer Joerz\u00e9ngten daueren: Holzkonstruktiounen, Schr\u00e4ineraarbechten, Isol\u00e9ierung a Planzebeton aus Hanf, Hanf kann also, w\u00e9i Holz, iwwer Joren oder Joerz\u00e9ngten eng positiv Sauertoffbilanz hunn an et g\u00ebtt &#8220;w\u00e9ineg annuell Kulturen, d\u00e9i vu sech behaapte k\u00ebnnen, [Kuelestoff] 30 bis 40 Joer laang ze sp\u00e4icheren, w\u00e4rend Weess direkt consomm\u00e9iert g\u00ebtt&#8221;, erkl\u00e4ert den Alain Karsenty g\u00e9intiwwer der AFP.<\/p>\n<p>&#8220;Wa mir eis just d&#8217;Fro vum Kuelestoff ukucken, musse mir d&#8217;\u00d6kosystemer mam gr\u00e9isste Kuelestoffstock erhalen, dat heescht al B\u00ebscher an Torfmoueren. D\u00ebs B\u00ebscher mussen erhalen, geplanzt oder d\u00e9i natierlech Regeneratioun gef\u00ebrdert ginn&#8221;, erkl\u00e4ert den Alain Karsenty.<\/p>\n<p>An d&#8217;B\u00ebscher sinn nach op eng aner Man\u00e9ier interessant. &#8220;Mir brauche B\u00ebscher och aus anere Gr\u00ebnn: Se botzen d&#8217;Waasser, bidde Liewensraum fir Planzen an D\u00e9ieren a bidde Schiet&#8221;, seet de Scott Denning, Klimatolog a Professer fir Atmosph\u00e4rw\u00ebssenschaften op der Colorado State University. D&#8217;Deforestatioun w\u00e4r dohier keng L\u00e9isung, an zwar aus all d\u00ebse Gr\u00ebnn: &#8220;Et ass l\u00e4cherlech, Beem fir d&#8217;Landwirtschaft \u00ebmzehaen&#8221;, ass dem Fuerscher seng Konklusioun.<\/p>\n<p>Ass Hanfpabeier aachtmol recycl\u00e9ierbar? Dat ass eng Verwiesslung<\/p>\n<p>Laut dem Estelle Delangle, Projetmanagerin beim Europ\u00e4eschen Hanfzenter,<strong> ass d\u00ebs Behaaptung iwwer d&#8217;Recyclabilit\u00e9it vun Hanfpabeier eng Verwiesslung.\u00a0 <\/strong>&#8220;Hanfpabeier l\u00e9isst sech net wierklech recycl\u00e9ieren, well et haapts\u00e4chlech fir Zigarettepabeier a Bankbilljee\u00eb benotzt g\u00ebtt&#8221;, huet si der AFP matgedeelt.<\/p>\n<p>Awer den net recycelten Deeg aus Hanfpabeier kann duerchaus fir d&#8217;Verst\u00e4erke vun anere Recyclingspabeierzorte benotzt ginn. Doriwwer eraus g\u00ebtt Hanf och an der Automobilindustrie benotzt, fir Konschtstoffdeeler m\u00e9i liicht ze maachen. D\u00ebs Deeler si gutt &#8220;aachtmol ouni Abousse vu Leeschtung&#8221; recycl\u00e9ierbar, sou d&#8217;Estelle Delangle.<\/p>\n<p>Hanf wiisst bannent v\u00e9ier M\u00e9int, e Bam brauch 20 bis 50 Joer. Zimmlech wouer<\/p>\n<p>Dat st\u00ebmmt, sou de Fuerscher Henri Blandini\u00e8res an d&#8217;Projektmanagerin vum Europ\u00e4eschen Hanfzenter Estelle Delangle. Jee no Qualit\u00e9it vun de Wuesstemskonditiounen a vum Som kann Hanf bei g\u00ebnschtege Konditioune bannent v\u00e9ier M\u00e9int wuessen, d&#8217;Moyenne l\u00e4it bei ongef\u00e9ier f\u00ebnnef bis sechs M\u00e9int, sou d&#8217;Estelle Delangle.<\/p>\n<p>D&#8217;Wuesstem vun engem B\u00ebsch g\u00ebtt dem Fuerscher Jean-Pierre Sarthou mat engem Zyklus vun 30, 40 oder 50 Joer gerechent a kann natierlech vill m\u00e9i laang bestoe bleiwen, \u00e9ier e stierft, wann en net genotzt g\u00ebtt.<\/p>\n<p>D&#8217;Hanfblumm, eng echt &#8220;Stralungsfal&#8221;? Onbegr\u00ebnnt<\/p>\n<p>D\u00e9i vun der AFP befroten Agronomen a W\u00ebssenschaftler hunn erkl\u00e4ert, si h\u00e4tten nach ni vun d\u00ebser Behaaptung h\u00e9ieren. Se k\u00e9int sech op e Prozess bez\u00e9ien, deen als &#8220;<a href=\"https:\/\/www.cea.fr\/multimedia\/Documents\/infographies\/posters\/defis-du-CEA-infograhie-phytoremediation.pdf\">Phytormediatioun<\/a>&#8221; oder &#8220;Phytorrehabilitatioun&#8221; bezeechent g\u00ebtt.<\/p>\n<p>Bei d\u00ebser Technik gi sougenannt &#8220;Hyperakkumulateuren&#8221; geziicht, d\u00e9i iwwer hire Wuerzelen a Blieder grouss Quantit\u00e9iten u Schuedstoffer w\u00e9i Schw\u00e9iermetaller sp\u00e4icheren an op verknaschte Plazen zum Proppermaache vum Buedem b\u00e4idroen. Hanf, Sonneblummen oder Raps si just e puer vun de <a href=\"https:\/\/www.ird.fr\/de-nouvelles-especes-vegetales-accumulatrices-de-metaux\">500 hyperakkumulative Planzen<\/a>, d\u00e9i fir den Traitement vu villen Aarte vu Verschmotzung agesat k\u00ebnne ginn.<\/p>\n<p><img class=\"aligncenter\" src=\"https:\/\/belux.edmo.eu\/wp-content\/uploads\/2022\/09\/5f8be447eaa425fbf9bffe810bd6f326.jpeg\" alt=\"RTL\" \/> Un champ de chanvre, qui peut \u00eatre utilis\u00e9 sous forme d&#8217;huile pour les cosm\u00e9tiques, de graines pour l&#8217;alimentation et de fibres pour les textiles et la construction, \u00e0 Saint-Agnet, dans le sud-ouest de la France, le 11 juillet 2022. ( AFP \/ Gaizka Iroz)<\/p>\n<p>Den Asaz vu Phytoremediatioun fir d&#8217;Dekontamin\u00e9ierung vu Biedem, d\u00e9i an der G\u00e9igend vun nuklearen Accidenter leien, w\u00e9i an der \u00cbmg\u00e9igend vun der Atomzentral Fukushima, <strong>gouf zwar theoreetesch diskut\u00e9iert, awer nach ni getest oder agesat.<\/strong><\/p>\n<p>De Prozess g\u00ebtt beispillsweis an <a href=\"http:\/\/www.dushenkov.com\/Pages\/Phytoremediation\/2003_Dushenkov_P&amp;S_Trends.pdf\">engem Artikel<\/a> beschriwwen, deen 2003 an der Z\u00e4itschr\u00ebft &#8220;Plant and Soil&#8221; vum Slavik Dushenkov, engem W\u00ebssenschaftler op der Rutgers University of New Jersey, publiz\u00e9iert gouf. An d\u00ebsem Fall g\u00e9ife Planze gepl\u00e9ckt, gedr\u00e9chent an a speziellen Anlage verbrannt, an d&#8217;\u00c4sche g\u00e9ifen dann als nuklearen Offall trait\u00e9iert.<\/p>\n<p>Hanf kann op der ganzer Welt ugebaut ginn, brauch w\u00e9ineg Waasser a keng Pestiziden? Theoreetesch wouer<\/p>\n<p>Fir den \u00e9ischte Punkt confirm\u00e9iert d&#8217;Estelle Delangle: &#8220;Hanf kann op der ganzer Welt ugebaut ginn, technesch gesinn, awer et w\u00e4ert net iwwerall d\u00e9i selwecht Rendementer hunn.&#8221; Wat d&#8217;Bew\u00e4sserung betr\u00ebfft, brauch Industriehanf, also Hanf, deen op fr\u00e4iem Feld ugebaut g\u00ebtt, opgrond vu sengem &#8220;d\u00e9iwe Wuerzelsystem&#8221; keng oder w\u00e9ineg Bew\u00e4sserung, erkl\u00e4ert d&#8217;Estelle Delangle.<\/p>\n<p>Awer seng grouss Wuerzelen, d\u00e9i bis zu zwee oder dr\u00e4i Meter an d&#8217;D\u00e9ift ginn, a s\u00e4in d\u00e9iwe Wuerzelsystem, deen N\u00e4rstoffer d\u00e9if aus dem Buedem oph\u00eblt, brauche gutt Konditiounen, fir sech ze entw\u00e9ckelen, mengt den Henri Blandini\u00e8res.<\/p>\n<p>&#8220;Dat h\u00e4nkt virun allem vun der Buedemaart of, an d\u00e4r d&#8217;Planzen ugebaut solle ginn&#8221;, er\u00ebnnert de Fuerscher a f\u00e9iert aus, &#8220;dass een Zougank zu d\u00e9iwe Waasserreserven hunn an eng Waasserstress-Toleranz entw\u00e9ckele muss.&#8221; Buedemqualit\u00e9it a Bew\u00e4sserungsmanagement k\u00ebnnen dohier d&#8217;Entw\u00e9cklung vum Hanf limit\u00e9ieren an en dorun h\u00ebnneren, seng biologesch Eegenschaften ze notzen.<\/p>\n<p><img class=\"aligncenter\" src=\"https:\/\/belux.edmo.eu\/wp-content\/uploads\/2022\/09\/e979794a5d7005d5582ba88fa7118fb8.jpeg\" alt=\"RTL\" \/> Champ de betteraves pendant l&#8217;irrigation par l&#8217;eau en plein soleil, pr\u00e8s de Saint-Georges-sur-Eure, dans le centre de la France, le 13 ao\u00fbt 2022 ( AFP \/ Jean-Fran\u00e7ois Monier)<\/p>\n<p>Schliisslech ginn am Ubau vun Hanf, wat eng widderstandsf\u00e4eg an insektenresistent Planz ass, bal keng oder guer keng Insektiziden a Pestiziden agesat. De s\u00e9iere Wuesstem vun der Planz erst\u00e9ckt och Onkraut, sou dass et net \u00ebmmer noutwenneg ass, den Terrain mat Herbizide w\u00e9i och mat anere Kulturen ze spr\u00ebtzen.<\/p>\n<p>&#8220;Hanf ass bekannt als eng Kultur, d\u00e9i keng Planzeschutzm\u00ebttel brauch, eng Bio-Kultur&#8221;, erkl\u00e4ert den Agriculteur a Fuerscher Jean-Pierre Sarthou. &#8220;Awer e braucht D\u00fcnger, St\u00e9ckstoff: et kann D\u00fcnger sinn, also organescht Material vun engem Bauer, deen D\u00e9ieren h\u00e4lt, fir biologesch ze bleiwen (&#8230;) oder syntheetesche St\u00e9ckstoffd\u00fcnger. A fir d\u00e9i hierzestellen, brauch ee vill Energie, d\u00e9i aus P\u00ebtrol k\u00ebnnt.&#8221;<\/p>\n<p>St\u00e9ckstoff versuergt d&#8217;Planze mat mineralesche Molek\u00fcllen, d\u00e9i normalerweis bei der \u00cbmwandlung vun Humus am Buedem entstinn. Wann awer keen humusr\u00e4iche Buedem virzefannen ass, muss organeschen oder st\u00e9ckstoffhaltegen D\u00fcnger besuergt ginn. Den Hanf brauch am Ubau &#8220;zweemol sou vill St\u00e9ckstoff&#8221; w\u00e9i Weess oder Raps, sou d&#8217;Estelle Delangle, Projektmanagerin beim Europ\u00e4eschen Hanfzenter.<\/p>\n<p><img class=\"aligncenter\" src=\"https:\/\/belux.edmo.eu\/wp-content\/uploads\/2022\/09\/73d01ff298725a46ec01d73af9c6486c.jpeg\" alt=\"RTL\" \/> Quantit\u00e9 d&#8217;engrais azot\u00e9s utilis\u00e9s par hectare de terres cultiv\u00e9es dans le monde, par pays en 2019 ( AFP \/ Valentin RAKOVSKY, Laurence SAUBADU)<\/p>\n<p>D&#8217;Eegenschafte vun Hanf k\u00ebnnen d&#8217;Buedemqualit\u00e9it verbesseren, wann en an e Kulturrotatiounssystem integr\u00e9iert g\u00ebtt, fir d&#8217;Resilienz vum landwirtschaftleche System ze erh\u00e9ijen, sou den Agrarfuerscher Henri Blandini\u00e8res.<\/p>\n<p>&#8220;Hanf wierkt sech och positiv op d&#8217;Buedemqualit\u00e9it aus, en huet d&#8217;F\u00e4egkeet, de Buedem ze struktur\u00e9ieren an e mat organeschen Off\u00e4ll unzer\u00e4icheren&#8221;, erkl\u00e4ert de Fuerscher an \u00ebnnerstr\u00e4icht d&#8217;Liichtegkeet vun s\u00e9ier wuessender Planz a f\u00fc\u00fcgt dob\u00e4i, dass &#8220;d&#8217;Integratioun vun Hanf an e Kulturrotatiounssystem d&#8217;Entw\u00e9cklung vum Zyklus vu Krankheetserreeger, d\u00e9i an de grousse Kulturen er\u00ebmzefanne sinn, begrenze kann.&#8221;<\/p>\n<p>Wann et m\u00e9i Textilien op Basis vun Hanf g\u00e9if, k\u00e9int dann d&#8217;Pestizidindustrie komplett verschwannen? Falsch<\/p>\n<p>Och wann de Verbrauch un Textilien aus Hanf staark wuesse sollt, wat den Ubau vu Kotteng an den Asaz vu Pestizide reduz\u00e9iere g\u00e9if, kann Hanf net all d\u00e9i ugebaute Planzen ersetzen.<\/p>\n<p>&#8220;Et g\u00ebtt vill Narungsplanzen, d\u00e9i Hanf net ersetze kann&#8221;, erkl\u00e4ert den Agrarfuerscher Henri Baldini\u00e8res. &#8220;<strong>De globalen Asaz vu Pestiziden kann net verschwannen, onofh\u00e4ngeg vum Entw\u00e9cklungsstand vun der Hanfindustrie<\/strong>.&#8221;<\/p>\n<p>Hanf g\u00ebtt traditionell fir Pabeier, Fudderm\u00ebttel, Paillage horticole, P\u00e4erdstr\u00e9i; an a klenge Quantit\u00e9ite fir nei M\u00e4ert mat h\u00e9ijem Rendement, zum Beispill am Bausecteur, Textilien an am Automobilsecteur. Pabeier m\u00e9cht 50 % vum Ofsaz vun der Hanfindustrie aus. De Bausecteur gener\u00e9iert 30 % vum \u00cbmsaz vun der Branche.<\/p>\n<p>&#8220;Op frans\u00e9ischer S\u00e4it besteet e staarke W\u00ebllen, eng 100 % frans\u00e9isch Hanf-Textilindustrie ze entw\u00e9ckelen&#8221; sou d&#8217;Estelle Delangle, &#8220;entweder gi Kuerzfasere mat anere Fasere gem\u00ebscht, fir Jeans-Boxen oder Hiemer hierzestellen, oder et g\u00ebtt mat equivalentem Hanf geschafft, fir h\u00e9ichw\u00e4erteg, awer nach \u00ebmmer handwierklech Produiten, d\u00e9i weiderhin um Prototyp bas\u00e9ieren.&#8221;<\/p>\n<figure id=\"attachment_124636\" aria-describedby=\"caption-attachment-124636\" style=\"width: 1245px\" class=\"wp-caption alignnone\"><img class=\"size-full wp-image-124636\" src=\"https:\/\/belux.edmo.eu\/wp-content\/uploads\/2022\/09\/6aead798256c5296b0ae401fc6fd076a.jpeg\" alt=\"\" width=\"1245\" height=\"829\" \/><figcaption id=\"caption-attachment-124636\" class=\"wp-caption-text\">Cette photo prise le 27 juin 2022 montre une bobine de fil fabriqu\u00e9e \u00e0 partir de fibres de chanvre dans l&#8217;entreprise &#8220;Les Chanvres de l&#8217;Atlantique&#8221; qui utilise le chanvre sous forme d&#8217;huile pour les cosm\u00e9tiques, de graines pour l&#8217;alimentation et de fibres pour le textile et la construction \u00e0 Saint-Geours-de-Maremne, dans le sud-ouest de la France. ( AFP \/ Gaizka Iroz)<\/figcaption><\/figure>\n<p>&nbsp;<\/p>\n<p>D\u00e9i \u00e9ischt Jeans-Boxen goufen aus Hanf hiergestallt an d&#8217;Wuert &#8220;Canvas&#8221; ass den Numm vun Hanfprodukter? Falsch<\/p>\n<p>D&#8217;Geschicht vun der Jeans ass mat der Geschicht vum Kotteng an Europa verbonnen. D'&#8221;Futaines&#8221;, grouss Kottengstoffer &#8211; ob eenzel, mat Flues, Woll oder Hanf gem\u00ebscht -, goufen an Norditalien a grousse Quantit\u00e9iten hiergestallt an dann an England export\u00e9iert. Der <a href=\"http:\/\/www.universalis-edu.com\/encyclopedie\/jeans\/\" target=\"_blank\" rel=\"noopener\">Encyclopedia Universalis<\/a> no &#8220;goufe se an de Reg\u00ebstere vum Londoner Hafen als Jean oder Jeane bezeechent.&#8221;<\/p>\n<p>&#8220;Zanter der Implantatioun vun der Kottengindustrie am Nordoste vun de Vereenegte Staate um Enn vum 18. an Ufank vum 19. Joerhonnert geh\u00e9ieren Jeans an Denim zu de g\u00e4ngege Stoffer&#8221;, heescht et an der Encyclopedia Universalis. Well d&#8217;Stoffer ganz strapaz\u00e9ierf\u00e4eg sinn, goufe se als Aarbechtskleedung benotzt. Am Nordoste vun de Vereenegte Staaten, an Neiengland, huet de Levi Strauss 1860 an der Manufaktur vun Amoskeag den Denim vu senger Aarbechtsbox kaaft an huet mat der Vermaartung vun der \u00e9ischter Jeans ugefaangen.<\/p>\n<p>Et kann een also soen, dass Jeans net ausschliisslech aus Hanf hiergestallt goufen, mee dass Hanf a Kombinatioun mat Kotteng a Fluess fir d&#8217;Hierstellung vu &#8220;Futaines&#8221; benotzt gouf, d\u00e9i d&#8217;Entw\u00e9cklung vun Jeans- an Denimstoffer ervirbruecht hunn.<\/p>\n<p>D&#8217;Wuert &#8220;Canvas&#8221; ass net wierklech d\u00e9i richteg Bezeechung fir Produkter aus Hanf. Warscheinlech bezitt sech d&#8217;Wuert &#8220;canevas&#8221;, wat am Alfrans\u00e9ischen &#8220;aus Hanf hiergestallt&#8221; bedeit an dem <a href=\"https:\/\/www.larousse.fr\/dictionnaires\/francais\/canevas\/12689\">Dictionnaire Larousse<\/a> no e &#8220;ganz grousse onbeaarbechte Stoff aus Fluess, Hanf oder W\u00e9ckelgarn, dee fir d&#8217;Hierstellung vun Dicher benotzt gouf&#8221; ass. Vun d\u00ebsem Wuert staamt dat haitegt Wuert &#8220;Canevas&#8221; of, dat virun allem &#8220;Kottengstoffer oder Kottengm\u00ebschung&#8221; bedeit.<\/p>\n<\/div>\n<p><em>D\u00ebsen Artikel vun der AFP gouf vun RTL op L\u00ebtzebuergesch iwwersat.<\/em><\/p>\n<\/article>\n","protected":false},"excerpt":{"rendered":"<p>&nbsp; Hanf ass e vills\u00e4itegt Produkt, dat haut schonn an diverse Secteuren agesat g\u00ebtt. A sozialen Netzwierker g\u00ebtt z\u00ebnter puer&#8230;<\/p>\n","protected":false},"author":1,"featured_media":124646,"comment_status":"closed","ping_status":"open","sticky":false,"template":"","format":"standard","meta":{"_acf_changed":false,"footnotes":""},"categories":[189,185],"tags":[],"class_list":{"0":"post-123942","1":"post","2":"type-post","3":"status-publish","4":"format-standard","5":"has-post-thumbnail","7":"category-emwelt","8":"category-wirtschaft"},"acf":{"show_metatags":true,"id":"1960454","authors":"RTL L\u00ebtzebuerg","organization":"RTL","featured_image_copyright":"","text_copyright":"Copyright RTL \/ CLT-UFA S.A.","source":"http:\/\/www.rtl.lu\/news\/faktencheck\/a\/1960454.html","fact_checker":"https:\/\/belux.wpengine.com\/wp-content\/uploads\/2021\/12\/rtl_logo.png","type":"Closed Event","location":"","start_date":"","start_date_event_begins_at":"","start_date_event_ends_at":"","end_date":"","end_date_event_begins_at":"","end_date_event_ends_at":"","organizer":"","fact_checker_logo_image":false},"yoast_head":"<!-- This site is optimized with the Yoast SEO plugin v27.0 - https:\/\/yoast.com\/product\/yoast-seo-wordpress\/ -->\n<title>Faktencheck: Produz\u00e9iert Hanf m\u00e9i Sauerstoff w\u00e9i e B\u00ebsch? - EDMO Belux<\/title>\n<meta name=\"robots\" content=\"index, follow, max-snippet:-1, max-image-preview:large, max-video-preview:-1\" \/>\n<link rel=\"canonical\" href=\"https:\/\/belux.edmo.eu\/lb\/faktencheck-produziert-hanf-mi-sauerstoff-wi-e-bsch\/\" \/>\n<meta property=\"og:locale\" content=\"en_US\" \/>\n<meta property=\"og:type\" content=\"article\" \/>\n<meta property=\"og:title\" content=\"Faktencheck: Produz\u00e9iert Hanf m\u00e9i Sauerstoff w\u00e9i e B\u00ebsch? - EDMO Belux\" \/>\n<meta property=\"og:description\" content=\"&nbsp; Hanf ass e vills\u00e4itegt Produkt, dat haut schonn an diverse Secteuren agesat g\u00ebtt. A sozialen Netzwierker g\u00ebtt z\u00ebnter puer...\" \/>\n<meta property=\"og:url\" content=\"https:\/\/belux.edmo.eu\/lb\/faktencheck-produziert-hanf-mi-sauerstoff-wi-e-bsch\/\" \/>\n<meta property=\"og:site_name\" content=\"EDMO Belux\" \/>\n<meta property=\"article:published_time\" content=\"2022-09-05T10:03:17+00:00\" \/>\n<meta property=\"article:modified_time\" content=\"2022-10-06T13:08:58+00:00\" \/>\n<meta property=\"og:image\" content=\"https:\/\/belux.edmo.eu\/wp-content\/uploads\/2022\/09\/chanvre-FC-OK.jpg\" \/>\n\t<meta property=\"og:image:width\" content=\"787\" \/>\n\t<meta property=\"og:image:height\" content=\"445\" \/>\n\t<meta property=\"og:image:type\" content=\"image\/jpeg\" \/>\n<meta name=\"author\" content=\"master\" \/>\n<meta name=\"twitter:card\" content=\"summary_large_image\" \/>\n<meta name=\"twitter:creator\" content=\"@Edmo_Belux\" \/>\n<meta name=\"twitter:site\" content=\"@Edmo_Belux\" \/>\n<meta name=\"twitter:label1\" content=\"Written by\" \/>\n\t<meta name=\"twitter:data1\" content=\"master\" \/>\n\t<meta name=\"twitter:label2\" content=\"Est. reading time\" \/>\n\t<meta name=\"twitter:data2\" content=\"16 minutes\" \/>\n<script type=\"application\/ld+json\" class=\"yoast-schema-graph\">{\"@context\":\"https:\/\/schema.org\",\"@graph\":[{\"@type\":\"Article\",\"@id\":\"https:\/\/belux.edmo.eu\/lb\/faktencheck-produziert-hanf-mi-sauerstoff-wi-e-bsch\/#article\",\"isPartOf\":{\"@id\":\"https:\/\/belux.edmo.eu\/lb\/faktencheck-produziert-hanf-mi-sauerstoff-wi-e-bsch\/\"},\"author\":{\"name\":\"master\",\"@id\":\"https:\/\/belux.edmo.eu\/#\/schema\/person\/dbe3b252258537fd318f9b5645a30342\"},\"headline\":\"Faktencheck: Produz\u00e9iert Hanf m\u00e9i Sauerstoff w\u00e9i e B\u00ebsch?\",\"datePublished\":\"2022-09-05T10:03:17+00:00\",\"dateModified\":\"2022-10-06T13:08:58+00:00\",\"mainEntityOfPage\":{\"@id\":\"https:\/\/belux.edmo.eu\/lb\/faktencheck-produziert-hanf-mi-sauerstoff-wi-e-bsch\/\"},\"wordCount\":3291,\"publisher\":{\"@id\":\"https:\/\/belux.edmo.eu\/#organization\"},\"image\":{\"@id\":\"https:\/\/belux.edmo.eu\/lb\/faktencheck-produziert-hanf-mi-sauerstoff-wi-e-bsch\/#primaryimage\"},\"thumbnailUrl\":\"https:\/\/belux.edmo.eu\/wp-content\/uploads\/2022\/09\/chanvre-FC-OK.jpg\",\"articleSection\":[\"\u00cbmwelt\",\"Wirtschaft\"],\"inLanguage\":\"lb-LU\"},{\"@type\":\"WebPage\",\"@id\":\"https:\/\/belux.edmo.eu\/lb\/faktencheck-produziert-hanf-mi-sauerstoff-wi-e-bsch\/\",\"url\":\"https:\/\/belux.edmo.eu\/lb\/faktencheck-produziert-hanf-mi-sauerstoff-wi-e-bsch\/\",\"name\":\"Faktencheck: Produz\u00e9iert Hanf m\u00e9i Sauerstoff w\u00e9i e B\u00ebsch? - EDMO Belux\",\"isPartOf\":{\"@id\":\"https:\/\/belux.edmo.eu\/#website\"},\"primaryImageOfPage\":{\"@id\":\"https:\/\/belux.edmo.eu\/lb\/faktencheck-produziert-hanf-mi-sauerstoff-wi-e-bsch\/#primaryimage\"},\"image\":{\"@id\":\"https:\/\/belux.edmo.eu\/lb\/faktencheck-produziert-hanf-mi-sauerstoff-wi-e-bsch\/#primaryimage\"},\"thumbnailUrl\":\"https:\/\/belux.edmo.eu\/wp-content\/uploads\/2022\/09\/chanvre-FC-OK.jpg\",\"datePublished\":\"2022-09-05T10:03:17+00:00\",\"dateModified\":\"2022-10-06T13:08:58+00:00\",\"breadcrumb\":{\"@id\":\"https:\/\/belux.edmo.eu\/lb\/faktencheck-produziert-hanf-mi-sauerstoff-wi-e-bsch\/#breadcrumb\"},\"inLanguage\":\"lb-LU\",\"potentialAction\":[{\"@type\":\"ReadAction\",\"target\":[\"https:\/\/belux.edmo.eu\/lb\/faktencheck-produziert-hanf-mi-sauerstoff-wi-e-bsch\/\"]}]},{\"@type\":\"ImageObject\",\"inLanguage\":\"lb-LU\",\"@id\":\"https:\/\/belux.edmo.eu\/lb\/faktencheck-produziert-hanf-mi-sauerstoff-wi-e-bsch\/#primaryimage\",\"url\":\"https:\/\/belux.edmo.eu\/wp-content\/uploads\/2022\/09\/chanvre-FC-OK.jpg\",\"contentUrl\":\"https:\/\/belux.edmo.eu\/wp-content\/uploads\/2022\/09\/chanvre-FC-OK.jpg\",\"width\":787,\"height\":445},{\"@type\":\"BreadcrumbList\",\"@id\":\"https:\/\/belux.edmo.eu\/lb\/faktencheck-produziert-hanf-mi-sauerstoff-wi-e-bsch\/#breadcrumb\",\"itemListElement\":[{\"@type\":\"ListItem\",\"position\":1,\"name\":\"Home\",\"item\":\"https:\/\/belux.edmo.eu\/lb\/\"},{\"@type\":\"ListItem\",\"position\":2,\"name\":\"Faktencheck: Produz\u00e9iert Hanf m\u00e9i Sauerstoff w\u00e9i e B\u00ebsch?\"}]},{\"@type\":\"WebSite\",\"@id\":\"https:\/\/belux.edmo.eu\/#website\",\"url\":\"https:\/\/belux.edmo.eu\/\",\"name\":\"EDMO Belux\",\"description\":\"Monitoring Disinformation in Belgium and Luxembourg\",\"publisher\":{\"@id\":\"https:\/\/belux.edmo.eu\/#organization\"},\"potentialAction\":[{\"@type\":\"SearchAction\",\"target\":{\"@type\":\"EntryPoint\",\"urlTemplate\":\"https:\/\/belux.edmo.eu\/?s={search_term_string}\"},\"query-input\":{\"@type\":\"PropertyValueSpecification\",\"valueRequired\":true,\"valueName\":\"search_term_string\"}}],\"inLanguage\":\"lb-LU\"},{\"@type\":\"Organization\",\"@id\":\"https:\/\/belux.edmo.eu\/#organization\",\"name\":\"EDMO Belux\",\"url\":\"https:\/\/belux.edmo.eu\/\",\"logo\":{\"@type\":\"ImageObject\",\"inLanguage\":\"lb-LU\",\"@id\":\"https:\/\/belux.edmo.eu\/#\/schema\/logo\/image\/\",\"url\":\"https:\/\/belux.edmo.eu\/wp-content\/uploads\/2021\/12\/belux-logo-full-color-rgb.svg\",\"contentUrl\":\"https:\/\/belux.edmo.eu\/wp-content\/uploads\/2021\/12\/belux-logo-full-color-rgb.svg\",\"width\":1,\"height\":1,\"caption\":\"EDMO Belux\"},\"image\":{\"@id\":\"https:\/\/belux.edmo.eu\/#\/schema\/logo\/image\/\"},\"sameAs\":[\"https:\/\/x.com\/Edmo_Belux\"]},{\"@type\":\"Person\",\"@id\":\"https:\/\/belux.edmo.eu\/#\/schema\/person\/dbe3b252258537fd318f9b5645a30342\",\"name\":\"master\",\"sameAs\":[\"https:\/\/belux.wpengine.com\"],\"url\":\"https:\/\/belux.edmo.eu\/lb\/author\/master\/\"}]}<\/script>\n<!-- \/ Yoast SEO plugin. -->","yoast_head_json":{"title":"Faktencheck: Produz\u00e9iert Hanf m\u00e9i Sauerstoff w\u00e9i e B\u00ebsch? - EDMO Belux","robots":{"index":"index","follow":"follow","max-snippet":"max-snippet:-1","max-image-preview":"max-image-preview:large","max-video-preview":"max-video-preview:-1"},"canonical":"https:\/\/belux.edmo.eu\/lb\/faktencheck-produziert-hanf-mi-sauerstoff-wi-e-bsch\/","og_locale":"en_US","og_type":"article","og_title":"Faktencheck: Produz\u00e9iert Hanf m\u00e9i Sauerstoff w\u00e9i e B\u00ebsch? - EDMO Belux","og_description":"&nbsp; Hanf ass e vills\u00e4itegt Produkt, dat haut schonn an diverse Secteuren agesat g\u00ebtt. A sozialen Netzwierker g\u00ebtt z\u00ebnter puer...","og_url":"https:\/\/belux.edmo.eu\/lb\/faktencheck-produziert-hanf-mi-sauerstoff-wi-e-bsch\/","og_site_name":"EDMO Belux","article_published_time":"2022-09-05T10:03:17+00:00","article_modified_time":"2022-10-06T13:08:58+00:00","og_image":[{"width":787,"height":445,"url":"https:\/\/belux.edmo.eu\/wp-content\/uploads\/2022\/09\/chanvre-FC-OK.jpg","type":"image\/jpeg"}],"author":"master","twitter_card":"summary_large_image","twitter_creator":"@Edmo_Belux","twitter_site":"@Edmo_Belux","twitter_misc":{"Written by":"master","Est. reading time":"16 minutes"},"schema":{"@context":"https:\/\/schema.org","@graph":[{"@type":"Article","@id":"https:\/\/belux.edmo.eu\/lb\/faktencheck-produziert-hanf-mi-sauerstoff-wi-e-bsch\/#article","isPartOf":{"@id":"https:\/\/belux.edmo.eu\/lb\/faktencheck-produziert-hanf-mi-sauerstoff-wi-e-bsch\/"},"author":{"name":"master","@id":"https:\/\/belux.edmo.eu\/#\/schema\/person\/dbe3b252258537fd318f9b5645a30342"},"headline":"Faktencheck: Produz\u00e9iert Hanf m\u00e9i Sauerstoff w\u00e9i e B\u00ebsch?","datePublished":"2022-09-05T10:03:17+00:00","dateModified":"2022-10-06T13:08:58+00:00","mainEntityOfPage":{"@id":"https:\/\/belux.edmo.eu\/lb\/faktencheck-produziert-hanf-mi-sauerstoff-wi-e-bsch\/"},"wordCount":3291,"publisher":{"@id":"https:\/\/belux.edmo.eu\/#organization"},"image":{"@id":"https:\/\/belux.edmo.eu\/lb\/faktencheck-produziert-hanf-mi-sauerstoff-wi-e-bsch\/#primaryimage"},"thumbnailUrl":"https:\/\/belux.edmo.eu\/wp-content\/uploads\/2022\/09\/chanvre-FC-OK.jpg","articleSection":["\u00cbmwelt","Wirtschaft"],"inLanguage":"lb-LU"},{"@type":"WebPage","@id":"https:\/\/belux.edmo.eu\/lb\/faktencheck-produziert-hanf-mi-sauerstoff-wi-e-bsch\/","url":"https:\/\/belux.edmo.eu\/lb\/faktencheck-produziert-hanf-mi-sauerstoff-wi-e-bsch\/","name":"Faktencheck: Produz\u00e9iert Hanf m\u00e9i Sauerstoff w\u00e9i e B\u00ebsch? - EDMO Belux","isPartOf":{"@id":"https:\/\/belux.edmo.eu\/#website"},"primaryImageOfPage":{"@id":"https:\/\/belux.edmo.eu\/lb\/faktencheck-produziert-hanf-mi-sauerstoff-wi-e-bsch\/#primaryimage"},"image":{"@id":"https:\/\/belux.edmo.eu\/lb\/faktencheck-produziert-hanf-mi-sauerstoff-wi-e-bsch\/#primaryimage"},"thumbnailUrl":"https:\/\/belux.edmo.eu\/wp-content\/uploads\/2022\/09\/chanvre-FC-OK.jpg","datePublished":"2022-09-05T10:03:17+00:00","dateModified":"2022-10-06T13:08:58+00:00","breadcrumb":{"@id":"https:\/\/belux.edmo.eu\/lb\/faktencheck-produziert-hanf-mi-sauerstoff-wi-e-bsch\/#breadcrumb"},"inLanguage":"lb-LU","potentialAction":[{"@type":"ReadAction","target":["https:\/\/belux.edmo.eu\/lb\/faktencheck-produziert-hanf-mi-sauerstoff-wi-e-bsch\/"]}]},{"@type":"ImageObject","inLanguage":"lb-LU","@id":"https:\/\/belux.edmo.eu\/lb\/faktencheck-produziert-hanf-mi-sauerstoff-wi-e-bsch\/#primaryimage","url":"https:\/\/belux.edmo.eu\/wp-content\/uploads\/2022\/09\/chanvre-FC-OK.jpg","contentUrl":"https:\/\/belux.edmo.eu\/wp-content\/uploads\/2022\/09\/chanvre-FC-OK.jpg","width":787,"height":445},{"@type":"BreadcrumbList","@id":"https:\/\/belux.edmo.eu\/lb\/faktencheck-produziert-hanf-mi-sauerstoff-wi-e-bsch\/#breadcrumb","itemListElement":[{"@type":"ListItem","position":1,"name":"Home","item":"https:\/\/belux.edmo.eu\/lb\/"},{"@type":"ListItem","position":2,"name":"Faktencheck: Produz\u00e9iert Hanf m\u00e9i Sauerstoff w\u00e9i e B\u00ebsch?"}]},{"@type":"WebSite","@id":"https:\/\/belux.edmo.eu\/#website","url":"https:\/\/belux.edmo.eu\/","name":"EDMO Belux","description":"Monitoring Disinformation in Belgium and Luxembourg","publisher":{"@id":"https:\/\/belux.edmo.eu\/#organization"},"potentialAction":[{"@type":"SearchAction","target":{"@type":"EntryPoint","urlTemplate":"https:\/\/belux.edmo.eu\/?s={search_term_string}"},"query-input":{"@type":"PropertyValueSpecification","valueRequired":true,"valueName":"search_term_string"}}],"inLanguage":"lb-LU"},{"@type":"Organization","@id":"https:\/\/belux.edmo.eu\/#organization","name":"EDMO Belux","url":"https:\/\/belux.edmo.eu\/","logo":{"@type":"ImageObject","inLanguage":"lb-LU","@id":"https:\/\/belux.edmo.eu\/#\/schema\/logo\/image\/","url":"https:\/\/belux.edmo.eu\/wp-content\/uploads\/2021\/12\/belux-logo-full-color-rgb.svg","contentUrl":"https:\/\/belux.edmo.eu\/wp-content\/uploads\/2021\/12\/belux-logo-full-color-rgb.svg","width":1,"height":1,"caption":"EDMO Belux"},"image":{"@id":"https:\/\/belux.edmo.eu\/#\/schema\/logo\/image\/"},"sameAs":["https:\/\/x.com\/Edmo_Belux"]},{"@type":"Person","@id":"https:\/\/belux.edmo.eu\/#\/schema\/person\/dbe3b252258537fd318f9b5645a30342","name":"master","sameAs":["https:\/\/belux.wpengine.com"],"url":"https:\/\/belux.edmo.eu\/lb\/author\/master\/"}]}},"menu_order":0,"_links":{"self":[{"href":"https:\/\/belux.edmo.eu\/lb\/wp-json\/wp\/v2\/posts\/123942","targetHints":{"allow":["GET"]}}],"collection":[{"href":"https:\/\/belux.edmo.eu\/lb\/wp-json\/wp\/v2\/posts"}],"about":[{"href":"https:\/\/belux.edmo.eu\/lb\/wp-json\/wp\/v2\/types\/post"}],"author":[{"embeddable":true,"href":"https:\/\/belux.edmo.eu\/lb\/wp-json\/wp\/v2\/users\/1"}],"replies":[{"embeddable":true,"href":"https:\/\/belux.edmo.eu\/lb\/wp-json\/wp\/v2\/comments?post=123942"}],"version-history":[{"count":0,"href":"https:\/\/belux.edmo.eu\/lb\/wp-json\/wp\/v2\/posts\/123942\/revisions"}],"wp:featuredmedia":[{"embeddable":true,"href":"https:\/\/belux.edmo.eu\/lb\/wp-json\/wp\/v2\/media\/124646"}],"wp:attachment":[{"href":"https:\/\/belux.edmo.eu\/lb\/wp-json\/wp\/v2\/media?parent=123942"}],"wp:term":[{"taxonomy":"category","embeddable":true,"href":"https:\/\/belux.edmo.eu\/lb\/wp-json\/wp\/v2\/categories?post=123942"},{"taxonomy":"post_tag","embeddable":true,"href":"https:\/\/belux.edmo.eu\/lb\/wp-json\/wp\/v2\/tags?post=123942"}],"curies":[{"name":"wp","href":"https:\/\/api.w.org\/{rel}","templated":true}]}}