{"id":134984,"date":"2022-09-16T06:00:50","date_gmt":"2022-09-16T06:00:50","guid":{"rendered":"https:\/\/belux.edmo.eu\/?p=134984"},"modified":"2022-10-06T13:02:13","modified_gmt":"2022-10-06T13:02:13","slug":"faktencheck-recommandiert-dus-gesondheetsagence-ivermectin-gint-covid-19","status":"publish","type":"post","link":"https:\/\/belux.edmo.eu\/lb\/faktencheck-recommandiert-dus-gesondheetsagence-ivermectin-gint-covid-19\/","title":{"rendered":"Faktencheck: Recommand\u00e9iert d&#8217;US-Gesondheetsagence Ivermectin g\u00e9int Covid-19?"},"content":{"rendered":"<article>\n<div>\n<div>\n<p>&nbsp;<\/p>\n<\/div>\n<div>\n<p>Op Facebook an Twitter gouf weltw\u00e4it f\u00e4lschlecherweis behaapt, dass d\u00e9i amerikanesch National Institutes of Health (NIH) hir S\u00e4it am September modifiz\u00e9iert h\u00e4tten, fir d&#8217;Medikament Ivermectin, dat g\u00e9int Parasitte benotzt g\u00ebtt, fir den Traitement vu Covid-19 ze recommand\u00e9ieren.<\/p>\n<p>E Spriecher vun der NIH sot der AFP de 6. September, d&#8217;Agence &#8220;huet sech g\u00e9int d&#8217;Benotze vun Ivermectin&#8221; g\u00e9int Covid-19 ausgeschwat. Eng Iwwerpr\u00e9iwung vun den Archive vun der NIH-Website weist, dass d&#8217;Agence hir Haltung zum Medikament viru kuerzem net ge\u00e4nnert huet &#8211; d\u00e9i lescht Aktualis\u00e9ierung war den 29. Abr\u00ebll 2022 a recommand\u00e9iert Ivermectin net fir en Traitement g\u00e9int de Coronavirus.<\/p>\n<p>&#8220;Interessant, Ivermectin g\u00ebtt elo benotzt, fir Covid-19 ze trait\u00e9ieren. W\u00e4rend der Pandemie war et verbueden&#8221;, ass an engem <a href=\"https:\/\/www.evernote.com\/shard\/s649\/sh\/47314104-be7e-48a5-bdaa-d73843dd1f04\/58d442b836537bafecb3818a49831c5a\">Facebook-Post<\/a> vum 4. September ze liesen.<\/p>\n<p>De B\u00e4itrag enth\u00e4lt e Screenshot vun enger <a href=\"https:\/\/www.covid19treatmentguidelines.nih.gov\/therapies\/antiviral-therapy\/\">S\u00e4it op der NIH-Website<\/a> &#8211; mam Titel &#8220;Antiviral Therapy&#8221; -, d\u00e9i d\u00e9i disponibel Donn\u00e9e\u00ebn iwwer antiviral Medikamenter am Zesummenhang mat Covid-19 ver\u00ebffentlecht.<\/p>\n<p>Am Abschnitt iwwer Ivermectin heescht et: &#8220;Ivermectin ass e Medikament g\u00e9int Parasitten, dat iwwerpr\u00e9ift g\u00ebtt, fir Covid-19 ze behandelen.&#8221;<\/p>\n<p>\u00c4nlech B\u00e4itr\u00e4g op <a href=\"https:\/\/www.evernote.com\/shard\/s649\/sh\/1133053e-610a-48c4-854f-4d54e14c0200\/5d88ee9082505d0b0a1cd985434607ca\" target=\"_blank\" rel=\"noopener\">Facebook<\/a> an <a href=\"https:\/\/web.archive.org\/web\/20220904224018\/https:\/\/twitter.com\/DrSuneilJain\/status\/1566556320924258304\" target=\"_blank\" rel=\"noopener\">Twitter<\/a> behaapten, den Abschnitt op der Website gouf am September aktualis\u00e9iert a kritis\u00e9ieren d&#8217;NIH fir den angeebleche Changement vun hirer Meenung zu Ivermectin.<\/p>\n<p>W\u00e4rend der Pandemie huet d&#8217;AFP eng ganz Rei vu B\u00e4itr\u00e4g opgedeckt, d\u00e9i f\u00e4lschlecherweis behaapt hunn, Ivermectin w\u00e4r en effektiivt Medikament g\u00e9int Covid-19 (<a href=\"https:\/\/factcheck.afp.com\/http%253A%252F%252Fdoc.afp.com%252F9DG443-1\">hei<\/a>, <a href=\"https:\/\/factcheck.afp.com\/us-national-institutes-health-did-not-recommend-ivermectin-treat-covid-19-patients\">hei<\/a>, <a href=\"https:\/\/factcheck.afp.com\/http%253A%252F%252Fdoc.afp.com%252F9Q879T-1\">hei<\/a>).<\/p>\n<p><img src=\"https:\/\/belux.edmo.eu\/wp-content\/uploads\/2022\/09\/20e1bac32d82e25598bd90498fbc878e.jpeg\" alt=\"RTL\" \/> A screenshot of the false Facebook post taken on September 8, 2022.<\/p>\n<p>D\u00e9i falsch Behaaptung gouf och iwwer dausend Mol op <a href=\"https:\/\/archive.ph\/9Vcbd\">Portugisesch<\/a>, <a href=\"https:\/\/perma.cc\/HEN4-37DW?view-mode=client-side&amp;type=image\">Spuenesch<\/a> a <a href=\"https:\/\/web.archive.org\/web\/20220906192856\/https:\/\/twitter.com\/tatiann69922625\/status\/1565249336702865409\">Frans\u00e9isch<\/a> propag\u00e9iert.<\/p>\n<p>Als Reaktioun op d&#8217;B\u00e4itr\u00e4g sot e Spriecher vun der NIH g\u00e9intiwwer der AFP de 6. September: &#8220;De Panel fir d&#8217; Traitementsrichtlinne vu Covid-19 r\u00e9it vum Benotze vun Ivermectin fir den Traitement vu Covid-19 of.&#8221;<\/p>\n<p style=\"text-align: center;\">Keng \u00c4nnerung<\/p>\n<p>An engem <a href=\"https:\/\/www.covid19treatmentguidelines.nih.gov\/therapies\/antiviral-therapy\/table--characteristics-of-antiviral-agents\/\">separaten Abschnitt<\/a> op der selwechter NIH-S\u00e4it g\u00ebtt effektiv uginn, dass d&#8217;L\u00ebscht \u00ebnner &#8220;Antiviral Therapy&#8221; Medikamenter enth\u00e4lt, d\u00e9i a klineschen Et\u00fcden evalu\u00e9iert ginn.<\/p>\n<p>&#8220;D&#8217;Anhuele vun d\u00ebse Medikamenter bedeit net, dass de Gremium d\u00ebs Medikamenter fir en Traitement recommand\u00e9iert&#8221;, heescht et am Abschnitt.<\/p>\n<p>D\u00e9i <a href=\"https:\/\/perma.cc\/553T-2KE2\">neist Informatioune vun der NIH iwwer Ivermectin<\/a>, d\u00e9i den 29. Abr\u00ebll 2022 aktualis\u00e9iert goufen, beseet, d&#8217;Agence &#8220;r\u00e9it vum Benotze vun Ivermectin fir den Traitement vu Covid-19 of, ausser a klineschen Et\u00fcden.&#8221;<\/p>\n<p>D&#8217;Agence sot, hir Recommandatioun bas\u00e9iert op kierzlech publiz\u00e9ierte willk\u00fcrlech kontroll\u00e9ierten Et\u00fcden, d\u00e9i weise g\u00e9ifen, dass Ivermectin &#8220;kee klineschen Notzen&#8221; fir d&#8217;Behandlung vu Covid-19 hat.<\/p>\n<p>D\u00e9i <a href=\"https:\/\/web.archive.org\/web\/20210612061731\/https:\/\/www.covid19treatmentguidelines.nih.gov\/therapies\/antiviral-therapy\/\">fr\u00e9ist verf\u00fcgbar archiv\u00e9iert Matdeelung<\/a> vun der NIH-S\u00e4it &#8220;Antiviral Therapy&#8221; vum Juni 2021, d\u00e9i op Wayback Machine disponibel ass, weist d\u00e9i selwecht Matdeelung iwwer Ivermectin.<\/p>\n<p>De Rot gouf net chang\u00e9iert, fir Ivermectin am September fir den Traitement g\u00e9int Covid-19 ze recommand\u00e9ieren.<\/p>\n<p>Hei e Verglach t\u00ebscht der Versioun vum Juni 2021 (l\u00e9nks) an der Versioun, d\u00e9i am September 2022 ver\u00ebffentlecht gouf (riets):<\/p>\n<p><img src=\"https:\/\/belux.edmo.eu\/wp-content\/uploads\/2022\/09\/0f62379ca2bb60635b83406398a81e10.jpeg\" alt=\"RTL\" \/><\/p>\n<p>Am Dezember 2021 huet d\u00e9i amerikanesch Food and Drug Administration <a href=\"https:\/\/www.fda.gov\/consumers\/consumer-updates\/why-you-should-not-use-ivermectin-treat-or-prevent-covid-19\">virum Anhuele vun Ivermectin fir den Traitement g\u00e9int Covid-19 gewarnt<\/a>.<\/p>\n<p>Hei en Ausschn\u00ebtt aus hirer Erkl\u00e4rung: &#8220;Och d&#8217;Niveaue vun Ivermectin, d\u00e9i fir de m\u00ebnschleche Verbrauch geneemegt sinn, k\u00ebnne mat anere Medikamenter w\u00e9i Bluttverd\u00ebnner interag\u00e9ieren.&#8221;<\/p>\n<p>&#8220;Et ass och eng Iwwerdosis vun Ivermectin m\u00e9iglech, wat zu Iwwelzegkeet, Erbriechen, Duerchfall, Hypotonie (niddrege Bluttdrock), allergesch Reaktiounen (Bass an Urticaire), Schwindel, Ataxie (Gl\u00e4ichgewiichtsst\u00e9ierungen), Krampuf\u00e4ll, Koma a souguer Doud f\u00e9iere kann.&#8221;<\/p>\n<p>D&#8217;<a href=\"https:\/\/web.archive.org\/web\/20220908010425\/https:\/\/www.who.int\/publications\/i\/item\/WHO-2019-nCoV-therapeutics-2022.4\">Weltgesondheetsagence<\/a> an d\u00e9i <a href=\"https:\/\/perma.cc\/P6TD-N6W3\">Europ\u00e4esch Medikamenten-Agence<\/a> hunn och getrennt vunenee vum Benotze vun Ivermectin, fir d&#8217;Behandlung vu Covid-19 ofgeroden, mat Ausnam vun de klineschen Et\u00fcden.<\/p>\n<\/div>\n<p><em>D\u00ebsen Artikel vun der AFP gouf vun RTL op L\u00ebtzebuergesch iwwersat.<\/em><\/p>\n<\/div>\n<\/article>\n","protected":false},"excerpt":{"rendered":"<p>&nbsp; Op Facebook an Twitter gouf weltw\u00e4it f\u00e4lschlecherweis behaapt, dass d\u00e9i amerikanesch National Institutes of Health (NIH) hir S\u00e4it am&#8230;<\/p>\n","protected":false},"author":1,"featured_media":134979,"comment_status":"closed","ping_status":"open","sticky":false,"template":"","format":"standard","meta":{"_acf_changed":false,"footnotes":""},"categories":[184,190],"tags":[],"class_list":{"0":"post-134984","1":"post","2":"type-post","3":"status-publish","4":"format-standard","5":"has-post-thumbnail","7":"category-covid-19-lb","8":"category-gesondheet"},"acf":{"show_metatags":true,"id":"1965582","authors":"RTL L\u00ebtzebuerg","organization":"RTL","featured_image_copyright":"","text_copyright":"Copyright RTL \/ CLT-UFA S.A.","source":"http:\/\/www.rtl.lu\/news\/faktencheck\/a\/1965582.html","fact_checker":"https:\/\/belux.wpengine.com\/wp-content\/uploads\/2021\/12\/rtl_logo.png","type":"Closed Event","location":"","start_date":"","start_date_event_begins_at":"","start_date_event_ends_at":"","end_date":"","end_date_event_begins_at":"","end_date_event_ends_at":"","organizer":"","fact_checker_logo_image":false},"yoast_head":"<!-- This site is optimized with the Yoast SEO plugin v27.0 - https:\/\/yoast.com\/product\/yoast-seo-wordpress\/ -->\n<title>Faktencheck: Recommand\u00e9iert d&#039;US-Gesondheetsagence Ivermectin g\u00e9int Covid-19? - EDMO Belux<\/title>\n<meta name=\"robots\" content=\"index, follow, max-snippet:-1, max-image-preview:large, max-video-preview:-1\" \/>\n<link rel=\"canonical\" href=\"https:\/\/belux.edmo.eu\/lb\/faktencheck-recommandiert-dus-gesondheetsagence-ivermectin-gint-covid-19\/\" \/>\n<meta property=\"og:locale\" content=\"en_US\" \/>\n<meta property=\"og:type\" content=\"article\" \/>\n<meta property=\"og:title\" content=\"Faktencheck: Recommand\u00e9iert d&#039;US-Gesondheetsagence Ivermectin g\u00e9int Covid-19? - EDMO Belux\" \/>\n<meta property=\"og:description\" content=\"&nbsp; Op Facebook an Twitter gouf weltw\u00e4it f\u00e4lschlecherweis behaapt, dass d\u00e9i amerikanesch National Institutes of Health (NIH) hir S\u00e4it am...\" \/>\n<meta property=\"og:url\" content=\"https:\/\/belux.edmo.eu\/lb\/faktencheck-recommandiert-dus-gesondheetsagence-ivermectin-gint-covid-19\/\" \/>\n<meta property=\"og:site_name\" content=\"EDMO Belux\" \/>\n<meta property=\"article:published_time\" content=\"2022-09-16T06:00:50+00:00\" \/>\n<meta property=\"article:modified_time\" content=\"2022-10-06T13:02:13+00:00\" \/>\n<meta property=\"og:image\" content=\"https:\/\/belux.edmo.eu\/wp-content\/uploads\/2022\/09\/d4e7a4d28f146beac240cbefc6bf7334.jpeg\" \/>\n\t<meta property=\"og:image:width\" content=\"1080\" \/>\n\t<meta property=\"og:image:height\" content=\"540\" \/>\n\t<meta property=\"og:image:type\" content=\"image\/jpeg\" \/>\n<meta name=\"author\" content=\"master\" \/>\n<meta name=\"twitter:card\" content=\"summary_large_image\" \/>\n<meta name=\"twitter:creator\" content=\"@Edmo_Belux\" \/>\n<meta name=\"twitter:site\" content=\"@Edmo_Belux\" \/>\n<meta name=\"twitter:label1\" content=\"Written by\" \/>\n\t<meta name=\"twitter:data1\" content=\"master\" \/>\n\t<meta name=\"twitter:label2\" content=\"Est. reading time\" \/>\n\t<meta name=\"twitter:data2\" content=\"3 minutes\" \/>\n<script type=\"application\/ld+json\" class=\"yoast-schema-graph\">{\"@context\":\"https:\/\/schema.org\",\"@graph\":[{\"@type\":\"Article\",\"@id\":\"https:\/\/belux.edmo.eu\/lb\/faktencheck-recommandiert-dus-gesondheetsagence-ivermectin-gint-covid-19\/#article\",\"isPartOf\":{\"@id\":\"https:\/\/belux.edmo.eu\/lb\/faktencheck-recommandiert-dus-gesondheetsagence-ivermectin-gint-covid-19\/\"},\"author\":{\"name\":\"master\",\"@id\":\"https:\/\/belux.edmo.eu\/#\/schema\/person\/dbe3b252258537fd318f9b5645a30342\"},\"headline\":\"Faktencheck: Recommand\u00e9iert d&#8217;US-Gesondheetsagence Ivermectin g\u00e9int Covid-19?\",\"datePublished\":\"2022-09-16T06:00:50+00:00\",\"dateModified\":\"2022-10-06T13:02:13+00:00\",\"mainEntityOfPage\":{\"@id\":\"https:\/\/belux.edmo.eu\/lb\/faktencheck-recommandiert-dus-gesondheetsagence-ivermectin-gint-covid-19\/\"},\"wordCount\":673,\"publisher\":{\"@id\":\"https:\/\/belux.edmo.eu\/#organization\"},\"image\":{\"@id\":\"https:\/\/belux.edmo.eu\/lb\/faktencheck-recommandiert-dus-gesondheetsagence-ivermectin-gint-covid-19\/#primaryimage\"},\"thumbnailUrl\":\"https:\/\/belux.edmo.eu\/wp-content\/uploads\/2022\/09\/d4e7a4d28f146beac240cbefc6bf7334.jpeg\",\"articleSection\":[\"COVID-19\",\"Gesondheet\"],\"inLanguage\":\"lb-LU\"},{\"@type\":\"WebPage\",\"@id\":\"https:\/\/belux.edmo.eu\/lb\/faktencheck-recommandiert-dus-gesondheetsagence-ivermectin-gint-covid-19\/\",\"url\":\"https:\/\/belux.edmo.eu\/lb\/faktencheck-recommandiert-dus-gesondheetsagence-ivermectin-gint-covid-19\/\",\"name\":\"Faktencheck: Recommand\u00e9iert d'US-Gesondheetsagence Ivermectin g\u00e9int Covid-19? - EDMO Belux\",\"isPartOf\":{\"@id\":\"https:\/\/belux.edmo.eu\/#website\"},\"primaryImageOfPage\":{\"@id\":\"https:\/\/belux.edmo.eu\/lb\/faktencheck-recommandiert-dus-gesondheetsagence-ivermectin-gint-covid-19\/#primaryimage\"},\"image\":{\"@id\":\"https:\/\/belux.edmo.eu\/lb\/faktencheck-recommandiert-dus-gesondheetsagence-ivermectin-gint-covid-19\/#primaryimage\"},\"thumbnailUrl\":\"https:\/\/belux.edmo.eu\/wp-content\/uploads\/2022\/09\/d4e7a4d28f146beac240cbefc6bf7334.jpeg\",\"datePublished\":\"2022-09-16T06:00:50+00:00\",\"dateModified\":\"2022-10-06T13:02:13+00:00\",\"breadcrumb\":{\"@id\":\"https:\/\/belux.edmo.eu\/lb\/faktencheck-recommandiert-dus-gesondheetsagence-ivermectin-gint-covid-19\/#breadcrumb\"},\"inLanguage\":\"lb-LU\",\"potentialAction\":[{\"@type\":\"ReadAction\",\"target\":[\"https:\/\/belux.edmo.eu\/lb\/faktencheck-recommandiert-dus-gesondheetsagence-ivermectin-gint-covid-19\/\"]}]},{\"@type\":\"ImageObject\",\"inLanguage\":\"lb-LU\",\"@id\":\"https:\/\/belux.edmo.eu\/lb\/faktencheck-recommandiert-dus-gesondheetsagence-ivermectin-gint-covid-19\/#primaryimage\",\"url\":\"https:\/\/belux.edmo.eu\/wp-content\/uploads\/2022\/09\/d4e7a4d28f146beac240cbefc6bf7334.jpeg\",\"contentUrl\":\"https:\/\/belux.edmo.eu\/wp-content\/uploads\/2022\/09\/d4e7a4d28f146beac240cbefc6bf7334.jpeg\",\"width\":1080,\"height\":540,\"caption\":\"Faktencheck: Recommand\u00e9iert d'US-Gesondheetsagence Ivermectin g\u00e9int Covid-19? - Featured image\"},{\"@type\":\"BreadcrumbList\",\"@id\":\"https:\/\/belux.edmo.eu\/lb\/faktencheck-recommandiert-dus-gesondheetsagence-ivermectin-gint-covid-19\/#breadcrumb\",\"itemListElement\":[{\"@type\":\"ListItem\",\"position\":1,\"name\":\"Home\",\"item\":\"https:\/\/belux.edmo.eu\/lb\/\"},{\"@type\":\"ListItem\",\"position\":2,\"name\":\"Faktencheck: Recommand\u00e9iert d&#8217;US-Gesondheetsagence Ivermectin g\u00e9int Covid-19?\"}]},{\"@type\":\"WebSite\",\"@id\":\"https:\/\/belux.edmo.eu\/#website\",\"url\":\"https:\/\/belux.edmo.eu\/\",\"name\":\"EDMO Belux\",\"description\":\"Monitoring Disinformation in Belgium and Luxembourg\",\"publisher\":{\"@id\":\"https:\/\/belux.edmo.eu\/#organization\"},\"potentialAction\":[{\"@type\":\"SearchAction\",\"target\":{\"@type\":\"EntryPoint\",\"urlTemplate\":\"https:\/\/belux.edmo.eu\/?s={search_term_string}\"},\"query-input\":{\"@type\":\"PropertyValueSpecification\",\"valueRequired\":true,\"valueName\":\"search_term_string\"}}],\"inLanguage\":\"lb-LU\"},{\"@type\":\"Organization\",\"@id\":\"https:\/\/belux.edmo.eu\/#organization\",\"name\":\"EDMO Belux\",\"url\":\"https:\/\/belux.edmo.eu\/\",\"logo\":{\"@type\":\"ImageObject\",\"inLanguage\":\"lb-LU\",\"@id\":\"https:\/\/belux.edmo.eu\/#\/schema\/logo\/image\/\",\"url\":\"https:\/\/belux.edmo.eu\/wp-content\/uploads\/2021\/12\/belux-logo-full-color-rgb.svg\",\"contentUrl\":\"https:\/\/belux.edmo.eu\/wp-content\/uploads\/2021\/12\/belux-logo-full-color-rgb.svg\",\"width\":1,\"height\":1,\"caption\":\"EDMO Belux\"},\"image\":{\"@id\":\"https:\/\/belux.edmo.eu\/#\/schema\/logo\/image\/\"},\"sameAs\":[\"https:\/\/x.com\/Edmo_Belux\"]},{\"@type\":\"Person\",\"@id\":\"https:\/\/belux.edmo.eu\/#\/schema\/person\/dbe3b252258537fd318f9b5645a30342\",\"name\":\"master\",\"sameAs\":[\"https:\/\/belux.wpengine.com\"],\"url\":\"https:\/\/belux.edmo.eu\/lb\/author\/master\/\"}]}<\/script>\n<!-- \/ Yoast SEO plugin. -->","yoast_head_json":{"title":"Faktencheck: Recommand\u00e9iert d'US-Gesondheetsagence Ivermectin g\u00e9int Covid-19? - EDMO Belux","robots":{"index":"index","follow":"follow","max-snippet":"max-snippet:-1","max-image-preview":"max-image-preview:large","max-video-preview":"max-video-preview:-1"},"canonical":"https:\/\/belux.edmo.eu\/lb\/faktencheck-recommandiert-dus-gesondheetsagence-ivermectin-gint-covid-19\/","og_locale":"en_US","og_type":"article","og_title":"Faktencheck: Recommand\u00e9iert d'US-Gesondheetsagence Ivermectin g\u00e9int Covid-19? - EDMO Belux","og_description":"&nbsp; Op Facebook an Twitter gouf weltw\u00e4it f\u00e4lschlecherweis behaapt, dass d\u00e9i amerikanesch National Institutes of Health (NIH) hir S\u00e4it am...","og_url":"https:\/\/belux.edmo.eu\/lb\/faktencheck-recommandiert-dus-gesondheetsagence-ivermectin-gint-covid-19\/","og_site_name":"EDMO Belux","article_published_time":"2022-09-16T06:00:50+00:00","article_modified_time":"2022-10-06T13:02:13+00:00","og_image":[{"width":1080,"height":540,"url":"https:\/\/belux.edmo.eu\/wp-content\/uploads\/2022\/09\/d4e7a4d28f146beac240cbefc6bf7334.jpeg","type":"image\/jpeg"}],"author":"master","twitter_card":"summary_large_image","twitter_creator":"@Edmo_Belux","twitter_site":"@Edmo_Belux","twitter_misc":{"Written by":"master","Est. reading time":"3 minutes"},"schema":{"@context":"https:\/\/schema.org","@graph":[{"@type":"Article","@id":"https:\/\/belux.edmo.eu\/lb\/faktencheck-recommandiert-dus-gesondheetsagence-ivermectin-gint-covid-19\/#article","isPartOf":{"@id":"https:\/\/belux.edmo.eu\/lb\/faktencheck-recommandiert-dus-gesondheetsagence-ivermectin-gint-covid-19\/"},"author":{"name":"master","@id":"https:\/\/belux.edmo.eu\/#\/schema\/person\/dbe3b252258537fd318f9b5645a30342"},"headline":"Faktencheck: Recommand\u00e9iert d&#8217;US-Gesondheetsagence Ivermectin g\u00e9int Covid-19?","datePublished":"2022-09-16T06:00:50+00:00","dateModified":"2022-10-06T13:02:13+00:00","mainEntityOfPage":{"@id":"https:\/\/belux.edmo.eu\/lb\/faktencheck-recommandiert-dus-gesondheetsagence-ivermectin-gint-covid-19\/"},"wordCount":673,"publisher":{"@id":"https:\/\/belux.edmo.eu\/#organization"},"image":{"@id":"https:\/\/belux.edmo.eu\/lb\/faktencheck-recommandiert-dus-gesondheetsagence-ivermectin-gint-covid-19\/#primaryimage"},"thumbnailUrl":"https:\/\/belux.edmo.eu\/wp-content\/uploads\/2022\/09\/d4e7a4d28f146beac240cbefc6bf7334.jpeg","articleSection":["COVID-19","Gesondheet"],"inLanguage":"lb-LU"},{"@type":"WebPage","@id":"https:\/\/belux.edmo.eu\/lb\/faktencheck-recommandiert-dus-gesondheetsagence-ivermectin-gint-covid-19\/","url":"https:\/\/belux.edmo.eu\/lb\/faktencheck-recommandiert-dus-gesondheetsagence-ivermectin-gint-covid-19\/","name":"Faktencheck: Recommand\u00e9iert d'US-Gesondheetsagence Ivermectin g\u00e9int Covid-19? - EDMO Belux","isPartOf":{"@id":"https:\/\/belux.edmo.eu\/#website"},"primaryImageOfPage":{"@id":"https:\/\/belux.edmo.eu\/lb\/faktencheck-recommandiert-dus-gesondheetsagence-ivermectin-gint-covid-19\/#primaryimage"},"image":{"@id":"https:\/\/belux.edmo.eu\/lb\/faktencheck-recommandiert-dus-gesondheetsagence-ivermectin-gint-covid-19\/#primaryimage"},"thumbnailUrl":"https:\/\/belux.edmo.eu\/wp-content\/uploads\/2022\/09\/d4e7a4d28f146beac240cbefc6bf7334.jpeg","datePublished":"2022-09-16T06:00:50+00:00","dateModified":"2022-10-06T13:02:13+00:00","breadcrumb":{"@id":"https:\/\/belux.edmo.eu\/lb\/faktencheck-recommandiert-dus-gesondheetsagence-ivermectin-gint-covid-19\/#breadcrumb"},"inLanguage":"lb-LU","potentialAction":[{"@type":"ReadAction","target":["https:\/\/belux.edmo.eu\/lb\/faktencheck-recommandiert-dus-gesondheetsagence-ivermectin-gint-covid-19\/"]}]},{"@type":"ImageObject","inLanguage":"lb-LU","@id":"https:\/\/belux.edmo.eu\/lb\/faktencheck-recommandiert-dus-gesondheetsagence-ivermectin-gint-covid-19\/#primaryimage","url":"https:\/\/belux.edmo.eu\/wp-content\/uploads\/2022\/09\/d4e7a4d28f146beac240cbefc6bf7334.jpeg","contentUrl":"https:\/\/belux.edmo.eu\/wp-content\/uploads\/2022\/09\/d4e7a4d28f146beac240cbefc6bf7334.jpeg","width":1080,"height":540,"caption":"Faktencheck: Recommand\u00e9iert d'US-Gesondheetsagence Ivermectin g\u00e9int Covid-19? - Featured image"},{"@type":"BreadcrumbList","@id":"https:\/\/belux.edmo.eu\/lb\/faktencheck-recommandiert-dus-gesondheetsagence-ivermectin-gint-covid-19\/#breadcrumb","itemListElement":[{"@type":"ListItem","position":1,"name":"Home","item":"https:\/\/belux.edmo.eu\/lb\/"},{"@type":"ListItem","position":2,"name":"Faktencheck: Recommand\u00e9iert d&#8217;US-Gesondheetsagence Ivermectin g\u00e9int Covid-19?"}]},{"@type":"WebSite","@id":"https:\/\/belux.edmo.eu\/#website","url":"https:\/\/belux.edmo.eu\/","name":"EDMO Belux","description":"Monitoring Disinformation in Belgium and Luxembourg","publisher":{"@id":"https:\/\/belux.edmo.eu\/#organization"},"potentialAction":[{"@type":"SearchAction","target":{"@type":"EntryPoint","urlTemplate":"https:\/\/belux.edmo.eu\/?s={search_term_string}"},"query-input":{"@type":"PropertyValueSpecification","valueRequired":true,"valueName":"search_term_string"}}],"inLanguage":"lb-LU"},{"@type":"Organization","@id":"https:\/\/belux.edmo.eu\/#organization","name":"EDMO Belux","url":"https:\/\/belux.edmo.eu\/","logo":{"@type":"ImageObject","inLanguage":"lb-LU","@id":"https:\/\/belux.edmo.eu\/#\/schema\/logo\/image\/","url":"https:\/\/belux.edmo.eu\/wp-content\/uploads\/2021\/12\/belux-logo-full-color-rgb.svg","contentUrl":"https:\/\/belux.edmo.eu\/wp-content\/uploads\/2021\/12\/belux-logo-full-color-rgb.svg","width":1,"height":1,"caption":"EDMO Belux"},"image":{"@id":"https:\/\/belux.edmo.eu\/#\/schema\/logo\/image\/"},"sameAs":["https:\/\/x.com\/Edmo_Belux"]},{"@type":"Person","@id":"https:\/\/belux.edmo.eu\/#\/schema\/person\/dbe3b252258537fd318f9b5645a30342","name":"master","sameAs":["https:\/\/belux.wpengine.com"],"url":"https:\/\/belux.edmo.eu\/lb\/author\/master\/"}]}},"menu_order":0,"_links":{"self":[{"href":"https:\/\/belux.edmo.eu\/lb\/wp-json\/wp\/v2\/posts\/134984","targetHints":{"allow":["GET"]}}],"collection":[{"href":"https:\/\/belux.edmo.eu\/lb\/wp-json\/wp\/v2\/posts"}],"about":[{"href":"https:\/\/belux.edmo.eu\/lb\/wp-json\/wp\/v2\/types\/post"}],"author":[{"embeddable":true,"href":"https:\/\/belux.edmo.eu\/lb\/wp-json\/wp\/v2\/users\/1"}],"replies":[{"embeddable":true,"href":"https:\/\/belux.edmo.eu\/lb\/wp-json\/wp\/v2\/comments?post=134984"}],"version-history":[{"count":0,"href":"https:\/\/belux.edmo.eu\/lb\/wp-json\/wp\/v2\/posts\/134984\/revisions"}],"wp:featuredmedia":[{"embeddable":true,"href":"https:\/\/belux.edmo.eu\/lb\/wp-json\/wp\/v2\/media\/134979"}],"wp:attachment":[{"href":"https:\/\/belux.edmo.eu\/lb\/wp-json\/wp\/v2\/media?parent=134984"}],"wp:term":[{"taxonomy":"category","embeddable":true,"href":"https:\/\/belux.edmo.eu\/lb\/wp-json\/wp\/v2\/categories?post=134984"},{"taxonomy":"post_tag","embeddable":true,"href":"https:\/\/belux.edmo.eu\/lb\/wp-json\/wp\/v2\/tags?post=134984"}],"curies":[{"name":"wp","href":"https:\/\/api.w.org\/{rel}","templated":true}]}}