{"id":146858,"date":"2022-09-26T11:04:28","date_gmt":"2022-09-26T11:04:28","guid":{"rendered":"https:\/\/belux.edmo.eu\/?p=146858"},"modified":"2022-10-06T12:51:15","modified_gmt":"2022-10-06T12:51:15","slug":"faktencheck-nei-konspiratiounstheorie-iwwer-gefaked-moundlandung-vun-der-nasa","status":"publish","type":"post","link":"https:\/\/belux.edmo.eu\/lb\/faktencheck-nei-konspiratiounstheorie-iwwer-gefaked-moundlandung-vun-der-nasa\/","title":{"rendered":"Faktencheck: Nei Konspiratiounstheorie iwwer &#8220;gefaked Moundlandung&#8221; vun der NASA"},"content":{"rendered":"<article>\n<div>\n<div>\n<p><b>\u00a9 AFP<\/b><\/p>\n<\/div>\n<div>\n<p>Facebook-Posts behaapten, dass eng NASA-Missioun, fir d&#8217;Auswierkunge vu Stralung aus dem Weltraum op Astronauten ze testen, e Beweis dofir ass, dass d&#8217;Landung vu M\u00ebnschen um Mound eng Ligen ass. Mee firwat m\u00e9cht d&#8217;NASA d\u00ebs Tester?<\/p>\n<p>&#8220;D\u00ebs NASA-Rak\u00e9it ass en Test, fir ze kucken, w\u00e9i vill Stralung se ofkritt, fir ze kucken, ob e M\u00ebnsch d&#8217;Verloosse vum \u00ebnneschten \u00c4erdorbit iwwerliewe g\u00e9if&#8221;, steet an engem <a href=\"https:\/\/archive.ph\/aCBMY\">Facebook-Post<\/a>, deen den 30. August op enger S\u00e4it mat m\u00e9i w\u00e9i 90.000 Follower gedeelt gouf.<\/p>\n<p>&#8220;Et ass am Fong e Beweis, dass si gelunn hunn an ni um Mound waren.&#8221;<\/p>\n<p>D&#8217;NASA bereet sech dorop vir, M\u00ebnschen nees op de Mound ze sch\u00e9cken, an eng vun de gr\u00e9isste Gefore fir zuk\u00fcnfteg Astronauten ass d&#8217;<a href=\"https:\/\/www.sciencealert.com\/scientists-predict-how-long-humans-can-survive-radiation-on-the-moon\">Weltraumstralung<\/a>, d\u00e9i laangwiereg gesondheetlech Konsequenzen kann hunn.<\/p>\n<p>D\u00e9i US-amerikanesch Raumfaartagence w\u00ebll eng nohalteg Presenz vum M\u00ebnsch um Mound &#8211; wou d&#8217;<a href=\"https:\/\/www.sciencealert.com\/scientists-predict-how-long-humans-can-survive-radiation-on-the-moon\">Stralung<\/a> zwee bis dr\u00e4i Mol m\u00e9i h\u00e9ich ass w\u00e9i op der Internationaler Raumstatioun &#8211; hierstellen, mat Missiounen, d\u00e9i e puer Wochen daueren. Am Verglach dozou huet d&#8217;Moundlandung am Joer 1969 just <a href=\"https:\/\/www.nasa.gov\/mission_pages\/apollo\/missions\/apollo11.html\">aacht Deeg<\/a> gedauert.<\/p>\n<p>De B\u00e4itrag op Facebook weist eng Foto vun der Artemis-1-Missioun, d\u00e9i dorop waart, d&#8217;Space-Launch-System-Rak\u00e9it &#8211; d\u00e9i <a href=\"https:\/\/www.france24.com\/en\/live-news\/20220817-nasa-s-new-rocket-on-launchpad-for-trip-to-moon\">performantst Rak\u00e9it<\/a> op der Welt &#8211; an d\u00e9i onbemannt Orion-Kapsel, d\u00e9i mat der Rak\u00e9it verbonnen ass, ze testen.<\/p>\n<p><img src=\"https:\/\/belux.edmo.eu\/wp-content\/uploads\/2022\/09\/b3a5fd66c9c4976c09edd248dd942402-1.jpeg\" alt=\"RTL\" \/> A screenshot of the Facebook post with the false claim, captured on September 12, 2022<\/p>\n<p>Eng Partie Facebook-Posts ronder\u00ebm d\u00e9i ganz Welt deelen d\u00e9i selwecht Behaaptung, vun <a href=\"https:\/\/archive.ph\/IQqp2\">Australien<\/a> bis <a href=\"https:\/\/archive.ph\/IVnht\">Sri Lanka<\/a>, an d&#8217;<a href=\"https:\/\/archive.ph\/mXW6I\">Vereenegt Staaten<\/a> a <a href=\"https:\/\/archive.ph\/WFDCs\">Kanada<\/a>. D&#8217;Behaaptung ass awer falsch.<\/p>\n<p>D\u00e9i presum\u00e9iert <a href=\"https:\/\/news.yahoo.com\/conspiracy-theories-followed-man-moon-015859505.html\">trafiqu\u00e9iert Moundlandung<\/a> ass eng vun de popul\u00e4erste Konspiratiounstheorien a behaapt, dass d&#8217;Biller, d\u00e9i d&#8217;NASA am Juli 1969 ausgestraalt hat, an engem Hollywood-Studio gedr\u00e9it goufen.<\/p>\n<p>Eng Rei vu falsche Behaaptunge goufe vun den \u00cbnnerst\u00ebtzer vun d\u00ebser Konspiratioun iwwer Joren am Internet verbreet, goufen awer vun der AFP opgedeckt (<a href=\"https:\/\/factcheck.afp.com\/false-boot-print-comparison-shared-facebook-posts-about-neil-armstrongs-moon-landing\">hei<\/a>, <a href=\"https:\/\/factcheck.afp.com\/image-shows-astronauts-training-and-being-used-out-context\">hei<\/a>).<\/p>\n<p>De <a href=\"https:\/\/www.colorado.edu\/aps\/jack-burns\">Professer Jack Burns<\/a>, en Astrophysiker op der University of Colorado Boulder, sot, d&#8217;Konspiratioun w\u00e4r &#8220;kompletten Ons\u00ebnn&#8221;. &#8220;Mir hu vill Beweiser, dass 12 Apollo-Astronauten de Mound besicht a Prouwe vu Moundbuedem matbruecht hunn, dee sech vun deenen op der \u00c4erd erhieflech \u00ebnnerscheet&#8221;, sot hien der AFP.<\/p>\n<p style=\"text-align: center;\">Laangfristeg Stralen-Aussetzung<\/p>\n<p>D&#8217;Orion-Kapsel w\u00e4ert dr\u00e4i <a href=\"https:\/\/www.nasa.gov\/specials\/artemis-i-press-kit\/#:~:text=Purposeful%20Passengers\">Dummien<\/a> transport\u00e9ieren, d\u00e9i mat Stralungssensoren ausger\u00fcst sinn, fir Informatioune fir zuk\u00fcnfteg bemannt Missiounen opzezeechnen.<\/p>\n<p>En Dummy, deen e Ganzkierper-Weltraumkost\u00fcm unhuet, verb\u00ebnnt zwee Mannequin-Torsoen, sougenannt &#8220;Phantomer&#8221;, d\u00e9i aus Materialien hiergestallt sinn, d\u00e9i Knachen, m\u00ebllt Geweebe an Organer vu Fraen imit\u00e9ieren, d\u00e9i typescherweis m\u00e9i empfindlech op Weltraumstralung reag\u00e9iere w\u00e9i M\u00e4nner, w\u00e9i <a href=\"https:\/\/www.nasa.gov\/feature\/orion-passengers-on-artemis-i-to-test-radiation-vest-for-deep-space-missions\/#:~:text=Female%20forms%20were%20chosen%20because%20women%20typically%20have%20greater%20sensitivity%20to%20the%20effects%20of%20space%20radiation%2C%20but%20the%20AstroRad%20vest%20is%20designed%20to%20protect%20both%20men%20and%20women.\">d&#8217;NASA seet<\/a>.<\/p>\n<p>D&#8217;Agence sot, si w\u00e9ilt d\u00e9i <a href=\"https:\/\/www.nasa.gov\/specials\/artemis\/\">\u00e9ischt Fra<\/a> an d\u00e9i \u00e9ischt faarweg \/ BPoc-Persoun op zuk\u00fcnfteg Artemis-Missiounen a Richtung Mound sch\u00e9cken.<\/p>\n<p>&#8220;Fir d\u00ebs speziell Missioun w\u00e4r et d\u00e9i \u00e9ischt K\u00e9ier, dass eng organspezifesch Dosis gemooss g\u00ebtt. Dat geschitt duerch d\u00e9i Dausenden Detekteren an de Phantomer&#8221;, sot de <a href=\"https:\/\/radiology.duke.edu\/faculty\/member\/w-paul-segars\/\">Professer Paul Segars<\/a>, deen un den Artemis-1-Stralungstester <a href=\"https:\/\/pratt.duke.edu\/about\/news\/collaboration-duke-researchers-send-manikins-measure-radiation-artemis-i-moon-mission\">bedeelegt<\/a> war.<\/p>\n<p>&#8220;Mat liewege M\u00ebnsche kann een dat net maachen, well een implant\u00e9iert Detektere br\u00e4icht&#8221;, sot hien der AFP.<\/p>\n<p>De Ganzkierper-Mannequin g\u00ebtt och mat Sensoren ausger\u00fcst sinn, d\u00e9i d&#8217;Acceleratioun an d&#8217;Vibratioune w\u00e4rend der gesamter Missioun erfaassen.<\/p>\n<p>De Segars sot, dass d&#8217;NASA zanter Laangem d&#8217;Auswierkunge vun der Stralung op Astronauten observ\u00e9iert. D&#8217;Agence huet <a href=\"https:\/\/history.nasa.gov\/SP-368\/s2cp.htm\">Dokumenter ver\u00ebffentlecht<\/a>, d\u00e9i Astronaute weisen, d\u00e9i bei fr\u00e9ieren Apollo-Missioune Stralendetektiounssystemer unhaten.<\/p>\n<p>D&#8217;Astronaute w\u00e4erten op zuk\u00fcnftege Missiounen awer m\u00e9i h\u00e9ijen Dosissen ausgesat si w\u00e9i op fr\u00e9iere Reesen.<\/p>\n<p>&#8220;Mat Artemis verbr\u00e9ngen Astronaute M\u00e9int, jo souguer Joren um Mound. Dohier musse mir d&#8217;Auswierkunge vu laangfristeger Stralenexpositioun verstoen&#8221;, sot de Burns.<\/p>\n<p>Doriwwer eraus huet Artemis 1 net just als Zil, d&#8217;Wierkung vu Weltraumstralung op Astronauten ze testen.<\/p>\n<p>D&#8217;Haaptziler vun der Missioun sinn &#8220;d&#8217;Demonstratioun vun den Orion-Systemer w\u00e4rend engem Weltallfluch an d&#8217;Garantie vun engem s\u00e9chere Retour, enger Landung op Buedem a Waasser an engem Rapatriement virum \u00e9ischte Fluch mat enger Crew op der Artemis-2-Missioun&#8221;, w\u00e9i d&#8217;<a href=\"https:\/\/www.nasa.gov\/specials\/artemis-i\/#:~:text=Orion%E2%80%99s%20systems%20in%20a%20spaceflight%20environment%20and%20ensure%20a%20safe%20re%2Dentry%2C%20descent%2C%20splashdown%2C%20and%20recovery%20prior%20to%20the%20first%20flight%20with%20crew%20on%20Artemis%20II\">NASA sot<\/a>.<\/p>\n<p>D&#8217;Agence sot och, dass de Start &#8220;eng Basis fir d\u00e9i m\u00ebnschlech Erfuerschung vum Weltraum bitt an eist Engagement an eis F\u00e4egkeet weist, M\u00ebnschen nees op de Mound ze sch\u00e9cken an doriwwer eraus.&#8221;<\/p>\n<\/div>\n<p><em>D\u00ebsen Artikel vun der AFP gouf vun RTL op L\u00ebtzebuergesch iwwersat.<\/em><\/p>\n<\/div>\n<\/article>\n","protected":false},"excerpt":{"rendered":"<p>\u00a9 AFP Facebook-Posts behaapten, dass eng NASA-Missioun, fir d&#8217;Auswierkunge vu Stralung aus dem Weltraum op Astronauten ze testen, e Beweis&#8230;<\/p>\n","protected":false},"author":1,"featured_media":146853,"comment_status":"closed","ping_status":"open","sticky":false,"template":"","format":"standard","meta":{"_acf_changed":false,"footnotes":""},"categories":[193,192],"tags":[],"class_list":{"0":"post-146858","1":"post","2":"type-post","3":"status-publish","4":"format-standard","5":"has-post-thumbnail","7":"category-gesellschaft","8":"category-wessenschaft"},"acf":{"show_metatags":true,"id":"1966607","authors":"RTL L\u00ebtzebuerg","organization":"RTL","featured_image_copyright":"","text_copyright":"Copyright RTL \/ CLT-UFA S.A.","source":"http:\/\/www.rtl.lu\/news\/faktencheck\/a\/1966607.html","fact_checker":"https:\/\/belux.wpengine.com\/wp-content\/uploads\/2021\/12\/rtl_logo.png","type":"Closed Event","location":"","start_date":"","start_date_event_begins_at":"","start_date_event_ends_at":"","end_date":"","end_date_event_begins_at":"","end_date_event_ends_at":"","organizer":"","fact_checker_logo_image":false},"yoast_head":"<!-- This site is optimized with the Yoast SEO plugin v27.0 - https:\/\/yoast.com\/product\/yoast-seo-wordpress\/ -->\n<title>Faktencheck: Nei Konspiratiounstheorie iwwer &quot;gefaked Moundlandung&quot; vun der NASA - EDMO Belux<\/title>\n<meta name=\"robots\" content=\"index, follow, max-snippet:-1, max-image-preview:large, max-video-preview:-1\" \/>\n<link rel=\"canonical\" href=\"https:\/\/belux.edmo.eu\/lb\/faktencheck-nei-konspiratiounstheorie-iwwer-gefaked-moundlandung-vun-der-nasa\/\" \/>\n<meta property=\"og:locale\" content=\"en_US\" \/>\n<meta property=\"og:type\" content=\"article\" \/>\n<meta property=\"og:title\" content=\"Faktencheck: Nei Konspiratiounstheorie iwwer &quot;gefaked Moundlandung&quot; vun der NASA - EDMO Belux\" \/>\n<meta property=\"og:description\" content=\"\u00a9 AFP Facebook-Posts behaapten, dass eng NASA-Missioun, fir d&#8217;Auswierkunge vu Stralung aus dem Weltraum op Astronauten ze testen, e Beweis...\" \/>\n<meta property=\"og:url\" content=\"https:\/\/belux.edmo.eu\/lb\/faktencheck-nei-konspiratiounstheorie-iwwer-gefaked-moundlandung-vun-der-nasa\/\" \/>\n<meta property=\"og:site_name\" content=\"EDMO Belux\" \/>\n<meta property=\"article:published_time\" content=\"2022-09-26T11:04:28+00:00\" \/>\n<meta property=\"article:modified_time\" content=\"2022-10-06T12:51:15+00:00\" \/>\n<meta property=\"og:image\" content=\"https:\/\/belux.edmo.eu\/wp-content\/uploads\/2022\/09\/096ea81ec846257562477f95a5f5f735-3.jpeg\" \/>\n\t<meta property=\"og:image:width\" content=\"1024\" \/>\n\t<meta property=\"og:image:height\" content=\"576\" \/>\n\t<meta property=\"og:image:type\" content=\"image\/jpeg\" \/>\n<meta name=\"author\" content=\"master\" \/>\n<meta name=\"twitter:card\" content=\"summary_large_image\" \/>\n<meta name=\"twitter:creator\" content=\"@Edmo_Belux\" \/>\n<meta name=\"twitter:site\" content=\"@Edmo_Belux\" \/>\n<meta name=\"twitter:label1\" content=\"Written by\" \/>\n\t<meta name=\"twitter:data1\" content=\"master\" \/>\n\t<meta name=\"twitter:label2\" content=\"Est. reading time\" \/>\n\t<meta name=\"twitter:data2\" content=\"4 minutes\" \/>\n<script type=\"application\/ld+json\" class=\"yoast-schema-graph\">{\"@context\":\"https:\/\/schema.org\",\"@graph\":[{\"@type\":\"Article\",\"@id\":\"https:\/\/belux.edmo.eu\/lb\/faktencheck-nei-konspiratiounstheorie-iwwer-gefaked-moundlandung-vun-der-nasa\/#article\",\"isPartOf\":{\"@id\":\"https:\/\/belux.edmo.eu\/lb\/faktencheck-nei-konspiratiounstheorie-iwwer-gefaked-moundlandung-vun-der-nasa\/\"},\"author\":{\"name\":\"master\",\"@id\":\"https:\/\/belux.edmo.eu\/#\/schema\/person\/dbe3b252258537fd318f9b5645a30342\"},\"headline\":\"Faktencheck: Nei Konspiratiounstheorie iwwer &#8220;gefaked Moundlandung&#8221; vun der NASA\",\"datePublished\":\"2022-09-26T11:04:28+00:00\",\"dateModified\":\"2022-10-06T12:51:15+00:00\",\"mainEntityOfPage\":{\"@id\":\"https:\/\/belux.edmo.eu\/lb\/faktencheck-nei-konspiratiounstheorie-iwwer-gefaked-moundlandung-vun-der-nasa\/\"},\"wordCount\":784,\"publisher\":{\"@id\":\"https:\/\/belux.edmo.eu\/#organization\"},\"image\":{\"@id\":\"https:\/\/belux.edmo.eu\/lb\/faktencheck-nei-konspiratiounstheorie-iwwer-gefaked-moundlandung-vun-der-nasa\/#primaryimage\"},\"thumbnailUrl\":\"https:\/\/belux.edmo.eu\/wp-content\/uploads\/2022\/09\/096ea81ec846257562477f95a5f5f735-3.jpeg\",\"articleSection\":[\"Gesellschaft\",\"W\u00ebssenschaft\"],\"inLanguage\":\"lb-LU\"},{\"@type\":\"WebPage\",\"@id\":\"https:\/\/belux.edmo.eu\/lb\/faktencheck-nei-konspiratiounstheorie-iwwer-gefaked-moundlandung-vun-der-nasa\/\",\"url\":\"https:\/\/belux.edmo.eu\/lb\/faktencheck-nei-konspiratiounstheorie-iwwer-gefaked-moundlandung-vun-der-nasa\/\",\"name\":\"Faktencheck: Nei Konspiratiounstheorie iwwer \\\"gefaked Moundlandung\\\" vun der NASA - EDMO Belux\",\"isPartOf\":{\"@id\":\"https:\/\/belux.edmo.eu\/#website\"},\"primaryImageOfPage\":{\"@id\":\"https:\/\/belux.edmo.eu\/lb\/faktencheck-nei-konspiratiounstheorie-iwwer-gefaked-moundlandung-vun-der-nasa\/#primaryimage\"},\"image\":{\"@id\":\"https:\/\/belux.edmo.eu\/lb\/faktencheck-nei-konspiratiounstheorie-iwwer-gefaked-moundlandung-vun-der-nasa\/#primaryimage\"},\"thumbnailUrl\":\"https:\/\/belux.edmo.eu\/wp-content\/uploads\/2022\/09\/096ea81ec846257562477f95a5f5f735-3.jpeg\",\"datePublished\":\"2022-09-26T11:04:28+00:00\",\"dateModified\":\"2022-10-06T12:51:15+00:00\",\"breadcrumb\":{\"@id\":\"https:\/\/belux.edmo.eu\/lb\/faktencheck-nei-konspiratiounstheorie-iwwer-gefaked-moundlandung-vun-der-nasa\/#breadcrumb\"},\"inLanguage\":\"lb-LU\",\"potentialAction\":[{\"@type\":\"ReadAction\",\"target\":[\"https:\/\/belux.edmo.eu\/lb\/faktencheck-nei-konspiratiounstheorie-iwwer-gefaked-moundlandung-vun-der-nasa\/\"]}]},{\"@type\":\"ImageObject\",\"inLanguage\":\"lb-LU\",\"@id\":\"https:\/\/belux.edmo.eu\/lb\/faktencheck-nei-konspiratiounstheorie-iwwer-gefaked-moundlandung-vun-der-nasa\/#primaryimage\",\"url\":\"https:\/\/belux.edmo.eu\/wp-content\/uploads\/2022\/09\/096ea81ec846257562477f95a5f5f735-3.jpeg\",\"contentUrl\":\"https:\/\/belux.edmo.eu\/wp-content\/uploads\/2022\/09\/096ea81ec846257562477f95a5f5f735-3.jpeg\",\"width\":1024,\"height\":576,\"caption\":\"Faktencheck: Nei Konspiratiounstheorie iwwer \\\"gefaked Moundlandung\\\" vun der NASA - Featured image\"},{\"@type\":\"BreadcrumbList\",\"@id\":\"https:\/\/belux.edmo.eu\/lb\/faktencheck-nei-konspiratiounstheorie-iwwer-gefaked-moundlandung-vun-der-nasa\/#breadcrumb\",\"itemListElement\":[{\"@type\":\"ListItem\",\"position\":1,\"name\":\"Home\",\"item\":\"https:\/\/belux.edmo.eu\/lb\/\"},{\"@type\":\"ListItem\",\"position\":2,\"name\":\"Faktencheck: Nei Konspiratiounstheorie iwwer &#8220;gefaked Moundlandung&#8221; vun der NASA\"}]},{\"@type\":\"WebSite\",\"@id\":\"https:\/\/belux.edmo.eu\/#website\",\"url\":\"https:\/\/belux.edmo.eu\/\",\"name\":\"EDMO Belux\",\"description\":\"Monitoring Disinformation in Belgium and Luxembourg\",\"publisher\":{\"@id\":\"https:\/\/belux.edmo.eu\/#organization\"},\"potentialAction\":[{\"@type\":\"SearchAction\",\"target\":{\"@type\":\"EntryPoint\",\"urlTemplate\":\"https:\/\/belux.edmo.eu\/?s={search_term_string}\"},\"query-input\":{\"@type\":\"PropertyValueSpecification\",\"valueRequired\":true,\"valueName\":\"search_term_string\"}}],\"inLanguage\":\"lb-LU\"},{\"@type\":\"Organization\",\"@id\":\"https:\/\/belux.edmo.eu\/#organization\",\"name\":\"EDMO Belux\",\"url\":\"https:\/\/belux.edmo.eu\/\",\"logo\":{\"@type\":\"ImageObject\",\"inLanguage\":\"lb-LU\",\"@id\":\"https:\/\/belux.edmo.eu\/#\/schema\/logo\/image\/\",\"url\":\"https:\/\/belux.edmo.eu\/wp-content\/uploads\/2021\/12\/belux-logo-full-color-rgb.svg\",\"contentUrl\":\"https:\/\/belux.edmo.eu\/wp-content\/uploads\/2021\/12\/belux-logo-full-color-rgb.svg\",\"width\":1,\"height\":1,\"caption\":\"EDMO Belux\"},\"image\":{\"@id\":\"https:\/\/belux.edmo.eu\/#\/schema\/logo\/image\/\"},\"sameAs\":[\"https:\/\/x.com\/Edmo_Belux\"]},{\"@type\":\"Person\",\"@id\":\"https:\/\/belux.edmo.eu\/#\/schema\/person\/dbe3b252258537fd318f9b5645a30342\",\"name\":\"master\",\"sameAs\":[\"https:\/\/belux.wpengine.com\"],\"url\":\"https:\/\/belux.edmo.eu\/lb\/author\/master\/\"}]}<\/script>\n<!-- \/ Yoast SEO plugin. -->","yoast_head_json":{"title":"Faktencheck: Nei Konspiratiounstheorie iwwer \"gefaked Moundlandung\" vun der NASA - EDMO Belux","robots":{"index":"index","follow":"follow","max-snippet":"max-snippet:-1","max-image-preview":"max-image-preview:large","max-video-preview":"max-video-preview:-1"},"canonical":"https:\/\/belux.edmo.eu\/lb\/faktencheck-nei-konspiratiounstheorie-iwwer-gefaked-moundlandung-vun-der-nasa\/","og_locale":"en_US","og_type":"article","og_title":"Faktencheck: Nei Konspiratiounstheorie iwwer \"gefaked Moundlandung\" vun der NASA - EDMO Belux","og_description":"\u00a9 AFP Facebook-Posts behaapten, dass eng NASA-Missioun, fir d&#8217;Auswierkunge vu Stralung aus dem Weltraum op Astronauten ze testen, e Beweis...","og_url":"https:\/\/belux.edmo.eu\/lb\/faktencheck-nei-konspiratiounstheorie-iwwer-gefaked-moundlandung-vun-der-nasa\/","og_site_name":"EDMO Belux","article_published_time":"2022-09-26T11:04:28+00:00","article_modified_time":"2022-10-06T12:51:15+00:00","og_image":[{"width":1024,"height":576,"url":"https:\/\/belux.edmo.eu\/wp-content\/uploads\/2022\/09\/096ea81ec846257562477f95a5f5f735-3.jpeg","type":"image\/jpeg"}],"author":"master","twitter_card":"summary_large_image","twitter_creator":"@Edmo_Belux","twitter_site":"@Edmo_Belux","twitter_misc":{"Written by":"master","Est. reading time":"4 minutes"},"schema":{"@context":"https:\/\/schema.org","@graph":[{"@type":"Article","@id":"https:\/\/belux.edmo.eu\/lb\/faktencheck-nei-konspiratiounstheorie-iwwer-gefaked-moundlandung-vun-der-nasa\/#article","isPartOf":{"@id":"https:\/\/belux.edmo.eu\/lb\/faktencheck-nei-konspiratiounstheorie-iwwer-gefaked-moundlandung-vun-der-nasa\/"},"author":{"name":"master","@id":"https:\/\/belux.edmo.eu\/#\/schema\/person\/dbe3b252258537fd318f9b5645a30342"},"headline":"Faktencheck: Nei Konspiratiounstheorie iwwer &#8220;gefaked Moundlandung&#8221; vun der NASA","datePublished":"2022-09-26T11:04:28+00:00","dateModified":"2022-10-06T12:51:15+00:00","mainEntityOfPage":{"@id":"https:\/\/belux.edmo.eu\/lb\/faktencheck-nei-konspiratiounstheorie-iwwer-gefaked-moundlandung-vun-der-nasa\/"},"wordCount":784,"publisher":{"@id":"https:\/\/belux.edmo.eu\/#organization"},"image":{"@id":"https:\/\/belux.edmo.eu\/lb\/faktencheck-nei-konspiratiounstheorie-iwwer-gefaked-moundlandung-vun-der-nasa\/#primaryimage"},"thumbnailUrl":"https:\/\/belux.edmo.eu\/wp-content\/uploads\/2022\/09\/096ea81ec846257562477f95a5f5f735-3.jpeg","articleSection":["Gesellschaft","W\u00ebssenschaft"],"inLanguage":"lb-LU"},{"@type":"WebPage","@id":"https:\/\/belux.edmo.eu\/lb\/faktencheck-nei-konspiratiounstheorie-iwwer-gefaked-moundlandung-vun-der-nasa\/","url":"https:\/\/belux.edmo.eu\/lb\/faktencheck-nei-konspiratiounstheorie-iwwer-gefaked-moundlandung-vun-der-nasa\/","name":"Faktencheck: Nei Konspiratiounstheorie iwwer \"gefaked Moundlandung\" vun der NASA - EDMO Belux","isPartOf":{"@id":"https:\/\/belux.edmo.eu\/#website"},"primaryImageOfPage":{"@id":"https:\/\/belux.edmo.eu\/lb\/faktencheck-nei-konspiratiounstheorie-iwwer-gefaked-moundlandung-vun-der-nasa\/#primaryimage"},"image":{"@id":"https:\/\/belux.edmo.eu\/lb\/faktencheck-nei-konspiratiounstheorie-iwwer-gefaked-moundlandung-vun-der-nasa\/#primaryimage"},"thumbnailUrl":"https:\/\/belux.edmo.eu\/wp-content\/uploads\/2022\/09\/096ea81ec846257562477f95a5f5f735-3.jpeg","datePublished":"2022-09-26T11:04:28+00:00","dateModified":"2022-10-06T12:51:15+00:00","breadcrumb":{"@id":"https:\/\/belux.edmo.eu\/lb\/faktencheck-nei-konspiratiounstheorie-iwwer-gefaked-moundlandung-vun-der-nasa\/#breadcrumb"},"inLanguage":"lb-LU","potentialAction":[{"@type":"ReadAction","target":["https:\/\/belux.edmo.eu\/lb\/faktencheck-nei-konspiratiounstheorie-iwwer-gefaked-moundlandung-vun-der-nasa\/"]}]},{"@type":"ImageObject","inLanguage":"lb-LU","@id":"https:\/\/belux.edmo.eu\/lb\/faktencheck-nei-konspiratiounstheorie-iwwer-gefaked-moundlandung-vun-der-nasa\/#primaryimage","url":"https:\/\/belux.edmo.eu\/wp-content\/uploads\/2022\/09\/096ea81ec846257562477f95a5f5f735-3.jpeg","contentUrl":"https:\/\/belux.edmo.eu\/wp-content\/uploads\/2022\/09\/096ea81ec846257562477f95a5f5f735-3.jpeg","width":1024,"height":576,"caption":"Faktencheck: Nei Konspiratiounstheorie iwwer \"gefaked Moundlandung\" vun der NASA - Featured image"},{"@type":"BreadcrumbList","@id":"https:\/\/belux.edmo.eu\/lb\/faktencheck-nei-konspiratiounstheorie-iwwer-gefaked-moundlandung-vun-der-nasa\/#breadcrumb","itemListElement":[{"@type":"ListItem","position":1,"name":"Home","item":"https:\/\/belux.edmo.eu\/lb\/"},{"@type":"ListItem","position":2,"name":"Faktencheck: Nei Konspiratiounstheorie iwwer &#8220;gefaked Moundlandung&#8221; vun der NASA"}]},{"@type":"WebSite","@id":"https:\/\/belux.edmo.eu\/#website","url":"https:\/\/belux.edmo.eu\/","name":"EDMO Belux","description":"Monitoring Disinformation in Belgium and Luxembourg","publisher":{"@id":"https:\/\/belux.edmo.eu\/#organization"},"potentialAction":[{"@type":"SearchAction","target":{"@type":"EntryPoint","urlTemplate":"https:\/\/belux.edmo.eu\/?s={search_term_string}"},"query-input":{"@type":"PropertyValueSpecification","valueRequired":true,"valueName":"search_term_string"}}],"inLanguage":"lb-LU"},{"@type":"Organization","@id":"https:\/\/belux.edmo.eu\/#organization","name":"EDMO Belux","url":"https:\/\/belux.edmo.eu\/","logo":{"@type":"ImageObject","inLanguage":"lb-LU","@id":"https:\/\/belux.edmo.eu\/#\/schema\/logo\/image\/","url":"https:\/\/belux.edmo.eu\/wp-content\/uploads\/2021\/12\/belux-logo-full-color-rgb.svg","contentUrl":"https:\/\/belux.edmo.eu\/wp-content\/uploads\/2021\/12\/belux-logo-full-color-rgb.svg","width":1,"height":1,"caption":"EDMO Belux"},"image":{"@id":"https:\/\/belux.edmo.eu\/#\/schema\/logo\/image\/"},"sameAs":["https:\/\/x.com\/Edmo_Belux"]},{"@type":"Person","@id":"https:\/\/belux.edmo.eu\/#\/schema\/person\/dbe3b252258537fd318f9b5645a30342","name":"master","sameAs":["https:\/\/belux.wpengine.com"],"url":"https:\/\/belux.edmo.eu\/lb\/author\/master\/"}]}},"menu_order":0,"_links":{"self":[{"href":"https:\/\/belux.edmo.eu\/lb\/wp-json\/wp\/v2\/posts\/146858","targetHints":{"allow":["GET"]}}],"collection":[{"href":"https:\/\/belux.edmo.eu\/lb\/wp-json\/wp\/v2\/posts"}],"about":[{"href":"https:\/\/belux.edmo.eu\/lb\/wp-json\/wp\/v2\/types\/post"}],"author":[{"embeddable":true,"href":"https:\/\/belux.edmo.eu\/lb\/wp-json\/wp\/v2\/users\/1"}],"replies":[{"embeddable":true,"href":"https:\/\/belux.edmo.eu\/lb\/wp-json\/wp\/v2\/comments?post=146858"}],"version-history":[{"count":0,"href":"https:\/\/belux.edmo.eu\/lb\/wp-json\/wp\/v2\/posts\/146858\/revisions"}],"wp:featuredmedia":[{"embeddable":true,"href":"https:\/\/belux.edmo.eu\/lb\/wp-json\/wp\/v2\/media\/146853"}],"wp:attachment":[{"href":"https:\/\/belux.edmo.eu\/lb\/wp-json\/wp\/v2\/media?parent=146858"}],"wp:term":[{"taxonomy":"category","embeddable":true,"href":"https:\/\/belux.edmo.eu\/lb\/wp-json\/wp\/v2\/categories?post=146858"},{"taxonomy":"post_tag","embeddable":true,"href":"https:\/\/belux.edmo.eu\/lb\/wp-json\/wp\/v2\/tags?post=146858"}],"curies":[{"name":"wp","href":"https:\/\/api.w.org\/{rel}","templated":true}]}}