{"id":146874,"date":"2022-09-24T06:00:18","date_gmt":"2022-09-24T06:00:18","guid":{"rendered":"https:\/\/belux.edmo.eu\/?p=146874"},"modified":"2022-10-06T12:58:07","modified_gmt":"2022-10-06T12:58:07","slug":"faktencheck-disney-huet-kee-film-iwwer-dqueen-elizabeth-ii-annonciert","status":"publish","type":"post","link":"https:\/\/belux.edmo.eu\/lb\/faktencheck-disney-huet-kee-film-iwwer-dqueen-elizabeth-ii-annonciert\/","title":{"rendered":"Faktencheck: Disney huet kee Film iwwer d&#8217;Queen Elizabeth II. annonc\u00e9iert"},"content":{"rendered":"<article>\n<div>\n<div>\n<p>&nbsp;<\/p>\n<\/div>\n<div>\n<p>A sozialen Netzwierker g\u00ebtt behaapt, Disney h\u00e4tt en neie Film iwwer d&#8217;Queen Elizabeth II. annonc\u00e9iert. D&#8217;Foto, d\u00e9i online gedeelt g\u00ebtt, staamt aus der AMC-Serie &#8220;Anne Boleyn&#8221; an d&#8217;Walt Disney Company huet bis den 13. September 2022 keng Uk\u00ebnnegung an d\u00e9i Richtung gemaach.<\/p>\n<p><img src=\"https:\/\/belux.edmo.eu\/wp-content\/uploads\/2022\/09\/7ecccd69f536601dc9b6c91e3a6134a6-1.jpeg\" alt=\"RTL\" \/> Screenshot of a Facebook post taken September 13, 2022<\/p>\n<p>\u00c4nlech B\u00e4itr\u00e4g, d\u00e9i eng Foto vun enger schwaarzer Fra op engem Troun weisen, goufen op <a href=\"https:\/\/archive.ph\/clzUm\" target=\"_blank\" rel=\"noopener\">Facebook,<\/a>\u00a0<a href=\"https:\/\/archive.ph\/g5UCK\" target=\"_blank\" rel=\"noopener\">Instagram<\/a> an <a href=\"https:\/\/archive.ph\/FOIhb\" target=\"_blank\" rel=\"noopener\">Twitter<\/a> verbreet.<\/p>\n<p>D&#8217;Kinnigin Elizabeth II., d\u00e9i d\u00e9ngschteelst Monarchin an der brittescher Geschicht, ass den 8. September am Alter vu 96 Joer verstuerwen. Hiren Doud huet <a href=\"https:\/\/www.forbes.com\/sites\/nicholasreimann\/2022\/09\/10\/queen-elizabeths-death-ruled-twitter-but-so-did-the-trolls\/\">vill Leit <\/a>zu diverse <a href=\"https:\/\/www.vulture.com\/2022\/09\/queen-elizabeth-ii-death-twitter-memes-brands.html\">Memes<\/a> am Internet inspir\u00e9iert, awer och zur <a href=\"https:\/\/factcheck.afp.com\/doc.afp.com.32J26B3\">Verbreedung<\/a> vu <a href=\"https:\/\/factcheck.afp.com\/doc.afp.com.32J98CL\">Falschinformatiounen<\/a>.<\/p>\n<p>Genee sou si Behaaptunge vun engem neie Film iwwer d&#8217;Queen Elizabeth II., dee vun Disney produz\u00e9iert soll ginn, onzoutreffend.<\/p>\n<p>Eng <a href=\"https:\/\/factcheck.afp.com\/how-do-reverse-image-search\">\u00ebmgedr\u00e9int Billersich<\/a> weist, dass d&#8217;Bild an de B\u00e4itr\u00e4g aus der Serie &#8220;<a href=\"https:\/\/perma.cc\/LL5X-H4D6\">Anne Boleyn<\/a>&#8221; vun AMC+ staamt, d\u00e9i am Dezember 2021 Premi\u00e8re gefeiert huet.<\/p>\n<p><img src=\"https:\/\/belux.edmo.eu\/wp-content\/uploads\/2022\/09\/f0315b12e79134ec4d3ee6febb1b7c47-1.jpeg\" alt=\"RTL\" \/> Screenshot from AMC taken September 13, 2022<\/p>\n<p>De selwechten Dag, un deem d\u00e9i englesch Kinnigin gestuerwen ass, goufen eng ganz Rei nei Titelen op der Streaming-Plattform vun Disney <a href=\"https:\/\/web.archive.org\/web\/20220913042406\/https:\/\/news.disney.com\/disney-plus-day-titles-2022\">eng \u00e9ischte K\u00e9ier gewisen<\/a>. Awer keen dovun handelt vun der Kinnigin Elizabeth an d&#8217;AFP konnt kee Beweis dofir fannen, dass d&#8217;\u00cbnnerhalungsfirma esou ee Film ugek\u00ebnnegt huet.<\/p>\n<p>D&#8217;B\u00e4itr\u00e4g koumen no der <a href=\"https:\/\/www.youtube.com\/watch?v=0-wPm99PF9U\">Premi\u00e8re vum Trailer<\/a> zum Film &#8220;The little Mermaid&#8221;, an deem d\u00e9i afroamerikanesch Schauspillerin Halle Bailey d&#8217;Haaptroll spillt. D&#8217;Besetzung vun der Figur Berry huet eng <a href=\"https:\/\/www.thedailybeast.com\/obsessed\/halle-baileys-little-mermaid-racist-backlash-is-out-of-control\">rassistesch G\u00e9igereaktioun<\/a> ausgel\u00e9ist.<\/p>\n<p>D&#8217;AFP huet bei Disney no engem Kommentar gefrot, krut awer keng \u00c4ntwert.<\/p>\n<p>Och aner falsch Behaaptungen iwwer den Doud vun der englescher Kinnigin, goufe vun AFP iwwerpr\u00e9ift (<a href=\"https:\/\/factcheck.afp.com\/doc.afp.com.32J98CL\" target=\"_blank\" rel=\"noopener\">hei<\/a>, <a href=\"https:\/\/factcheck.afp.com\/doc.afp.com.32J93NQ\" target=\"_blank\" rel=\"noopener\">hei <\/a>an <a href=\"https:\/\/factcheck.afp.com\/doc.afp.com.32J26B3\" target=\"_blank\" rel=\"noopener\">hei<\/a>).<\/p>\n<\/div>\n<p><em>D\u00ebsen Artikel vun der AFP gouf vun RTL op L\u00ebtzebuergesch iwwersat.<\/em><\/p>\n<\/div>\n<\/article>\n","protected":false},"excerpt":{"rendered":"<p>&nbsp; A sozialen Netzwierker g\u00ebtt behaapt, Disney h\u00e4tt en neie Film iwwer d&#8217;Queen Elizabeth II. annonc\u00e9iert. D&#8217;Foto, d\u00e9i online gedeelt&#8230;<\/p>\n","protected":false},"author":1,"featured_media":146869,"comment_status":"closed","ping_status":"open","sticky":false,"template":"","format":"standard","meta":{"_acf_changed":false,"footnotes":""},"categories":[193],"tags":[],"class_list":{"0":"post-146874","1":"post","2":"type-post","3":"status-publish","4":"format-standard","5":"has-post-thumbnail","7":"category-gesellschaft"},"acf":{"show_metatags":true,"id":"1966606","authors":"RTL L\u00ebtzebuerg","organization":"RTL","featured_image_copyright":"","text_copyright":"Copyright RTL \/ CLT-UFA S.A.","source":"http:\/\/www.rtl.lu\/news\/faktencheck\/a\/1966606.html","fact_checker":"https:\/\/belux.wpengine.com\/wp-content\/uploads\/2021\/12\/rtl_logo.png","type":"Closed Event","location":"","start_date":"","start_date_event_begins_at":"","start_date_event_ends_at":"","end_date":"","end_date_event_begins_at":"","end_date_event_ends_at":"","organizer":"","fact_checker_logo_image":false},"yoast_head":"<!-- This site is optimized with the Yoast SEO plugin v27.0 - https:\/\/yoast.com\/product\/yoast-seo-wordpress\/ -->\n<title>Faktencheck: Disney huet kee Film iwwer d&#039;Queen Elizabeth II. annonc\u00e9iert - EDMO Belux<\/title>\n<meta name=\"robots\" content=\"index, follow, max-snippet:-1, max-image-preview:large, max-video-preview:-1\" \/>\n<link rel=\"canonical\" href=\"https:\/\/belux.edmo.eu\/lb\/faktencheck-disney-huet-kee-film-iwwer-dqueen-elizabeth-ii-annonciert\/\" \/>\n<meta property=\"og:locale\" content=\"en_US\" \/>\n<meta property=\"og:type\" content=\"article\" \/>\n<meta property=\"og:title\" content=\"Faktencheck: Disney huet kee Film iwwer d&#039;Queen Elizabeth II. annonc\u00e9iert - EDMO Belux\" \/>\n<meta property=\"og:description\" content=\"&nbsp; A sozialen Netzwierker g\u00ebtt behaapt, Disney h\u00e4tt en neie Film iwwer d&#8217;Queen Elizabeth II. annonc\u00e9iert. D&#8217;Foto, d\u00e9i online gedeelt...\" \/>\n<meta property=\"og:url\" content=\"https:\/\/belux.edmo.eu\/lb\/faktencheck-disney-huet-kee-film-iwwer-dqueen-elizabeth-ii-annonciert\/\" \/>\n<meta property=\"og:site_name\" content=\"EDMO Belux\" \/>\n<meta property=\"article:published_time\" content=\"2022-09-24T06:00:18+00:00\" \/>\n<meta property=\"article:modified_time\" content=\"2022-10-06T12:58:07+00:00\" \/>\n<meta property=\"og:image\" content=\"https:\/\/belux.edmo.eu\/wp-content\/uploads\/2022\/09\/8a50d80e545cb4d5d39f9311df36f96d-3.jpeg\" \/>\n\t<meta property=\"og:image:width\" content=\"1080\" \/>\n\t<meta property=\"og:image:height\" content=\"743\" \/>\n\t<meta property=\"og:image:type\" content=\"image\/jpeg\" \/>\n<meta name=\"author\" content=\"master\" \/>\n<meta name=\"twitter:card\" content=\"summary_large_image\" \/>\n<meta name=\"twitter:creator\" content=\"@Edmo_Belux\" \/>\n<meta name=\"twitter:site\" content=\"@Edmo_Belux\" \/>\n<meta name=\"twitter:label1\" content=\"Written by\" \/>\n\t<meta name=\"twitter:data1\" content=\"master\" \/>\n\t<meta name=\"twitter:label2\" content=\"Est. reading time\" \/>\n\t<meta name=\"twitter:data2\" content=\"2 minutes\" \/>\n<script type=\"application\/ld+json\" class=\"yoast-schema-graph\">{\"@context\":\"https:\/\/schema.org\",\"@graph\":[{\"@type\":\"Article\",\"@id\":\"https:\/\/belux.edmo.eu\/lb\/faktencheck-disney-huet-kee-film-iwwer-dqueen-elizabeth-ii-annonciert\/#article\",\"isPartOf\":{\"@id\":\"https:\/\/belux.edmo.eu\/lb\/faktencheck-disney-huet-kee-film-iwwer-dqueen-elizabeth-ii-annonciert\/\"},\"author\":{\"name\":\"master\",\"@id\":\"https:\/\/belux.edmo.eu\/#\/schema\/person\/dbe3b252258537fd318f9b5645a30342\"},\"headline\":\"Faktencheck: Disney huet kee Film iwwer d&#8217;Queen Elizabeth II. annonc\u00e9iert\",\"datePublished\":\"2022-09-24T06:00:18+00:00\",\"dateModified\":\"2022-10-06T12:58:07+00:00\",\"mainEntityOfPage\":{\"@id\":\"https:\/\/belux.edmo.eu\/lb\/faktencheck-disney-huet-kee-film-iwwer-dqueen-elizabeth-ii-annonciert\/\"},\"wordCount\":325,\"publisher\":{\"@id\":\"https:\/\/belux.edmo.eu\/#organization\"},\"image\":{\"@id\":\"https:\/\/belux.edmo.eu\/lb\/faktencheck-disney-huet-kee-film-iwwer-dqueen-elizabeth-ii-annonciert\/#primaryimage\"},\"thumbnailUrl\":\"https:\/\/belux.edmo.eu\/wp-content\/uploads\/2022\/09\/8a50d80e545cb4d5d39f9311df36f96d-3.jpeg\",\"articleSection\":[\"Gesellschaft\"],\"inLanguage\":\"lb-LU\"},{\"@type\":\"WebPage\",\"@id\":\"https:\/\/belux.edmo.eu\/lb\/faktencheck-disney-huet-kee-film-iwwer-dqueen-elizabeth-ii-annonciert\/\",\"url\":\"https:\/\/belux.edmo.eu\/lb\/faktencheck-disney-huet-kee-film-iwwer-dqueen-elizabeth-ii-annonciert\/\",\"name\":\"Faktencheck: Disney huet kee Film iwwer d'Queen Elizabeth II. annonc\u00e9iert - EDMO Belux\",\"isPartOf\":{\"@id\":\"https:\/\/belux.edmo.eu\/#website\"},\"primaryImageOfPage\":{\"@id\":\"https:\/\/belux.edmo.eu\/lb\/faktencheck-disney-huet-kee-film-iwwer-dqueen-elizabeth-ii-annonciert\/#primaryimage\"},\"image\":{\"@id\":\"https:\/\/belux.edmo.eu\/lb\/faktencheck-disney-huet-kee-film-iwwer-dqueen-elizabeth-ii-annonciert\/#primaryimage\"},\"thumbnailUrl\":\"https:\/\/belux.edmo.eu\/wp-content\/uploads\/2022\/09\/8a50d80e545cb4d5d39f9311df36f96d-3.jpeg\",\"datePublished\":\"2022-09-24T06:00:18+00:00\",\"dateModified\":\"2022-10-06T12:58:07+00:00\",\"breadcrumb\":{\"@id\":\"https:\/\/belux.edmo.eu\/lb\/faktencheck-disney-huet-kee-film-iwwer-dqueen-elizabeth-ii-annonciert\/#breadcrumb\"},\"inLanguage\":\"lb-LU\",\"potentialAction\":[{\"@type\":\"ReadAction\",\"target\":[\"https:\/\/belux.edmo.eu\/lb\/faktencheck-disney-huet-kee-film-iwwer-dqueen-elizabeth-ii-annonciert\/\"]}]},{\"@type\":\"ImageObject\",\"inLanguage\":\"lb-LU\",\"@id\":\"https:\/\/belux.edmo.eu\/lb\/faktencheck-disney-huet-kee-film-iwwer-dqueen-elizabeth-ii-annonciert\/#primaryimage\",\"url\":\"https:\/\/belux.edmo.eu\/wp-content\/uploads\/2022\/09\/8a50d80e545cb4d5d39f9311df36f96d-3.jpeg\",\"contentUrl\":\"https:\/\/belux.edmo.eu\/wp-content\/uploads\/2022\/09\/8a50d80e545cb4d5d39f9311df36f96d-3.jpeg\",\"width\":1080,\"height\":743,\"caption\":\"Faktencheck: Disney huet kee Film iwwer d'Queen Elizabeth II. annonc\u00e9iert - Featured image\"},{\"@type\":\"BreadcrumbList\",\"@id\":\"https:\/\/belux.edmo.eu\/lb\/faktencheck-disney-huet-kee-film-iwwer-dqueen-elizabeth-ii-annonciert\/#breadcrumb\",\"itemListElement\":[{\"@type\":\"ListItem\",\"position\":1,\"name\":\"Home\",\"item\":\"https:\/\/belux.edmo.eu\/lb\/\"},{\"@type\":\"ListItem\",\"position\":2,\"name\":\"Faktencheck: Disney huet kee Film iwwer d&#8217;Queen Elizabeth II. annonc\u00e9iert\"}]},{\"@type\":\"WebSite\",\"@id\":\"https:\/\/belux.edmo.eu\/#website\",\"url\":\"https:\/\/belux.edmo.eu\/\",\"name\":\"EDMO Belux\",\"description\":\"Monitoring Disinformation in Belgium and Luxembourg\",\"publisher\":{\"@id\":\"https:\/\/belux.edmo.eu\/#organization\"},\"potentialAction\":[{\"@type\":\"SearchAction\",\"target\":{\"@type\":\"EntryPoint\",\"urlTemplate\":\"https:\/\/belux.edmo.eu\/?s={search_term_string}\"},\"query-input\":{\"@type\":\"PropertyValueSpecification\",\"valueRequired\":true,\"valueName\":\"search_term_string\"}}],\"inLanguage\":\"lb-LU\"},{\"@type\":\"Organization\",\"@id\":\"https:\/\/belux.edmo.eu\/#organization\",\"name\":\"EDMO Belux\",\"url\":\"https:\/\/belux.edmo.eu\/\",\"logo\":{\"@type\":\"ImageObject\",\"inLanguage\":\"lb-LU\",\"@id\":\"https:\/\/belux.edmo.eu\/#\/schema\/logo\/image\/\",\"url\":\"https:\/\/belux.edmo.eu\/wp-content\/uploads\/2021\/12\/belux-logo-full-color-rgb.svg\",\"contentUrl\":\"https:\/\/belux.edmo.eu\/wp-content\/uploads\/2021\/12\/belux-logo-full-color-rgb.svg\",\"width\":1,\"height\":1,\"caption\":\"EDMO Belux\"},\"image\":{\"@id\":\"https:\/\/belux.edmo.eu\/#\/schema\/logo\/image\/\"},\"sameAs\":[\"https:\/\/x.com\/Edmo_Belux\"]},{\"@type\":\"Person\",\"@id\":\"https:\/\/belux.edmo.eu\/#\/schema\/person\/dbe3b252258537fd318f9b5645a30342\",\"name\":\"master\",\"sameAs\":[\"https:\/\/belux.wpengine.com\"],\"url\":\"https:\/\/belux.edmo.eu\/lb\/author\/master\/\"}]}<\/script>\n<!-- \/ Yoast SEO plugin. -->","yoast_head_json":{"title":"Faktencheck: Disney huet kee Film iwwer d'Queen Elizabeth II. annonc\u00e9iert - EDMO Belux","robots":{"index":"index","follow":"follow","max-snippet":"max-snippet:-1","max-image-preview":"max-image-preview:large","max-video-preview":"max-video-preview:-1"},"canonical":"https:\/\/belux.edmo.eu\/lb\/faktencheck-disney-huet-kee-film-iwwer-dqueen-elizabeth-ii-annonciert\/","og_locale":"en_US","og_type":"article","og_title":"Faktencheck: Disney huet kee Film iwwer d'Queen Elizabeth II. annonc\u00e9iert - EDMO Belux","og_description":"&nbsp; A sozialen Netzwierker g\u00ebtt behaapt, Disney h\u00e4tt en neie Film iwwer d&#8217;Queen Elizabeth II. annonc\u00e9iert. D&#8217;Foto, d\u00e9i online gedeelt...","og_url":"https:\/\/belux.edmo.eu\/lb\/faktencheck-disney-huet-kee-film-iwwer-dqueen-elizabeth-ii-annonciert\/","og_site_name":"EDMO Belux","article_published_time":"2022-09-24T06:00:18+00:00","article_modified_time":"2022-10-06T12:58:07+00:00","og_image":[{"width":1080,"height":743,"url":"https:\/\/belux.edmo.eu\/wp-content\/uploads\/2022\/09\/8a50d80e545cb4d5d39f9311df36f96d-3.jpeg","type":"image\/jpeg"}],"author":"master","twitter_card":"summary_large_image","twitter_creator":"@Edmo_Belux","twitter_site":"@Edmo_Belux","twitter_misc":{"Written by":"master","Est. reading time":"2 minutes"},"schema":{"@context":"https:\/\/schema.org","@graph":[{"@type":"Article","@id":"https:\/\/belux.edmo.eu\/lb\/faktencheck-disney-huet-kee-film-iwwer-dqueen-elizabeth-ii-annonciert\/#article","isPartOf":{"@id":"https:\/\/belux.edmo.eu\/lb\/faktencheck-disney-huet-kee-film-iwwer-dqueen-elizabeth-ii-annonciert\/"},"author":{"name":"master","@id":"https:\/\/belux.edmo.eu\/#\/schema\/person\/dbe3b252258537fd318f9b5645a30342"},"headline":"Faktencheck: Disney huet kee Film iwwer d&#8217;Queen Elizabeth II. annonc\u00e9iert","datePublished":"2022-09-24T06:00:18+00:00","dateModified":"2022-10-06T12:58:07+00:00","mainEntityOfPage":{"@id":"https:\/\/belux.edmo.eu\/lb\/faktencheck-disney-huet-kee-film-iwwer-dqueen-elizabeth-ii-annonciert\/"},"wordCount":325,"publisher":{"@id":"https:\/\/belux.edmo.eu\/#organization"},"image":{"@id":"https:\/\/belux.edmo.eu\/lb\/faktencheck-disney-huet-kee-film-iwwer-dqueen-elizabeth-ii-annonciert\/#primaryimage"},"thumbnailUrl":"https:\/\/belux.edmo.eu\/wp-content\/uploads\/2022\/09\/8a50d80e545cb4d5d39f9311df36f96d-3.jpeg","articleSection":["Gesellschaft"],"inLanguage":"lb-LU"},{"@type":"WebPage","@id":"https:\/\/belux.edmo.eu\/lb\/faktencheck-disney-huet-kee-film-iwwer-dqueen-elizabeth-ii-annonciert\/","url":"https:\/\/belux.edmo.eu\/lb\/faktencheck-disney-huet-kee-film-iwwer-dqueen-elizabeth-ii-annonciert\/","name":"Faktencheck: Disney huet kee Film iwwer d'Queen Elizabeth II. annonc\u00e9iert - EDMO Belux","isPartOf":{"@id":"https:\/\/belux.edmo.eu\/#website"},"primaryImageOfPage":{"@id":"https:\/\/belux.edmo.eu\/lb\/faktencheck-disney-huet-kee-film-iwwer-dqueen-elizabeth-ii-annonciert\/#primaryimage"},"image":{"@id":"https:\/\/belux.edmo.eu\/lb\/faktencheck-disney-huet-kee-film-iwwer-dqueen-elizabeth-ii-annonciert\/#primaryimage"},"thumbnailUrl":"https:\/\/belux.edmo.eu\/wp-content\/uploads\/2022\/09\/8a50d80e545cb4d5d39f9311df36f96d-3.jpeg","datePublished":"2022-09-24T06:00:18+00:00","dateModified":"2022-10-06T12:58:07+00:00","breadcrumb":{"@id":"https:\/\/belux.edmo.eu\/lb\/faktencheck-disney-huet-kee-film-iwwer-dqueen-elizabeth-ii-annonciert\/#breadcrumb"},"inLanguage":"lb-LU","potentialAction":[{"@type":"ReadAction","target":["https:\/\/belux.edmo.eu\/lb\/faktencheck-disney-huet-kee-film-iwwer-dqueen-elizabeth-ii-annonciert\/"]}]},{"@type":"ImageObject","inLanguage":"lb-LU","@id":"https:\/\/belux.edmo.eu\/lb\/faktencheck-disney-huet-kee-film-iwwer-dqueen-elizabeth-ii-annonciert\/#primaryimage","url":"https:\/\/belux.edmo.eu\/wp-content\/uploads\/2022\/09\/8a50d80e545cb4d5d39f9311df36f96d-3.jpeg","contentUrl":"https:\/\/belux.edmo.eu\/wp-content\/uploads\/2022\/09\/8a50d80e545cb4d5d39f9311df36f96d-3.jpeg","width":1080,"height":743,"caption":"Faktencheck: Disney huet kee Film iwwer d'Queen Elizabeth II. annonc\u00e9iert - Featured image"},{"@type":"BreadcrumbList","@id":"https:\/\/belux.edmo.eu\/lb\/faktencheck-disney-huet-kee-film-iwwer-dqueen-elizabeth-ii-annonciert\/#breadcrumb","itemListElement":[{"@type":"ListItem","position":1,"name":"Home","item":"https:\/\/belux.edmo.eu\/lb\/"},{"@type":"ListItem","position":2,"name":"Faktencheck: Disney huet kee Film iwwer d&#8217;Queen Elizabeth II. annonc\u00e9iert"}]},{"@type":"WebSite","@id":"https:\/\/belux.edmo.eu\/#website","url":"https:\/\/belux.edmo.eu\/","name":"EDMO Belux","description":"Monitoring Disinformation in Belgium and Luxembourg","publisher":{"@id":"https:\/\/belux.edmo.eu\/#organization"},"potentialAction":[{"@type":"SearchAction","target":{"@type":"EntryPoint","urlTemplate":"https:\/\/belux.edmo.eu\/?s={search_term_string}"},"query-input":{"@type":"PropertyValueSpecification","valueRequired":true,"valueName":"search_term_string"}}],"inLanguage":"lb-LU"},{"@type":"Organization","@id":"https:\/\/belux.edmo.eu\/#organization","name":"EDMO Belux","url":"https:\/\/belux.edmo.eu\/","logo":{"@type":"ImageObject","inLanguage":"lb-LU","@id":"https:\/\/belux.edmo.eu\/#\/schema\/logo\/image\/","url":"https:\/\/belux.edmo.eu\/wp-content\/uploads\/2021\/12\/belux-logo-full-color-rgb.svg","contentUrl":"https:\/\/belux.edmo.eu\/wp-content\/uploads\/2021\/12\/belux-logo-full-color-rgb.svg","width":1,"height":1,"caption":"EDMO Belux"},"image":{"@id":"https:\/\/belux.edmo.eu\/#\/schema\/logo\/image\/"},"sameAs":["https:\/\/x.com\/Edmo_Belux"]},{"@type":"Person","@id":"https:\/\/belux.edmo.eu\/#\/schema\/person\/dbe3b252258537fd318f9b5645a30342","name":"master","sameAs":["https:\/\/belux.wpengine.com"],"url":"https:\/\/belux.edmo.eu\/lb\/author\/master\/"}]}},"menu_order":0,"_links":{"self":[{"href":"https:\/\/belux.edmo.eu\/lb\/wp-json\/wp\/v2\/posts\/146874","targetHints":{"allow":["GET"]}}],"collection":[{"href":"https:\/\/belux.edmo.eu\/lb\/wp-json\/wp\/v2\/posts"}],"about":[{"href":"https:\/\/belux.edmo.eu\/lb\/wp-json\/wp\/v2\/types\/post"}],"author":[{"embeddable":true,"href":"https:\/\/belux.edmo.eu\/lb\/wp-json\/wp\/v2\/users\/1"}],"replies":[{"embeddable":true,"href":"https:\/\/belux.edmo.eu\/lb\/wp-json\/wp\/v2\/comments?post=146874"}],"version-history":[{"count":0,"href":"https:\/\/belux.edmo.eu\/lb\/wp-json\/wp\/v2\/posts\/146874\/revisions"}],"wp:featuredmedia":[{"embeddable":true,"href":"https:\/\/belux.edmo.eu\/lb\/wp-json\/wp\/v2\/media\/146869"}],"wp:attachment":[{"href":"https:\/\/belux.edmo.eu\/lb\/wp-json\/wp\/v2\/media?parent=146874"}],"wp:term":[{"taxonomy":"category","embeddable":true,"href":"https:\/\/belux.edmo.eu\/lb\/wp-json\/wp\/v2\/categories?post=146874"},{"taxonomy":"post_tag","embeddable":true,"href":"https:\/\/belux.edmo.eu\/lb\/wp-json\/wp\/v2\/tags?post=146874"}],"curies":[{"name":"wp","href":"https:\/\/api.w.org\/{rel}","templated":true}]}}