{"id":155505,"date":"2022-10-04T03:00:24","date_gmt":"2022-10-04T03:00:24","guid":{"rendered":"https:\/\/belux.edmo.eu\/?p=155505"},"modified":"2022-10-06T12:44:12","modified_gmt":"2022-10-06T12:44:12","slug":"faktencheck-manipuliert-foto-weist-wolodymyr-selenskyj-op-lgbtq-event","status":"publish","type":"post","link":"https:\/\/belux.edmo.eu\/lb\/faktencheck-manipuliert-foto-weist-wolodymyr-selenskyj-op-lgbtq-event\/","title":{"rendered":"Faktencheck: Manipul\u00e9iert Foto weist Wolodymyr Selenskyj op LGBTQ-Event"},"content":{"rendered":"<article>\n<div>\n<div>\n<p>&nbsp;<\/p>\n<\/div>\n<div>\n<p>De russesche Krich an der Ukrain br\u00e9ngt \u00ebmmer nees Falschinformatiounen an d\u00e9i sozial Netzwierker. Elo ass eng Foto opgedaucht, d\u00e9i den ukrainesche President Selenskyj op engem LGBTQ-Event weise soll.<\/p>\n<p>&#8220;Selenskyj zu LA 1999. Souguer s\u00e4i Mariage ass eng Ligen&#8221;, heescht et an engem <a href=\"https:\/\/web.archive.org\/web\/20220923185810\/https:\/\/twitter.com\/CameronBoultbee\/status\/1570668237565890561\" target=\"_blank\" rel=\"noopener\">Tweet vum 16. September 2022<\/a>, an deem dat Bild ze gesinn ass.<\/p>\n<p>&#8220;Jo, et ass de Selenskyj. 1999 zu New York&#8221;, sot <a href=\"https:\/\/twitter.com\/billdmccarthy\/status\/1572313444581511168?s=20&amp;t=mGRYAcPuQTiQo0Tyq4R9uw\" target=\"_blank\" rel=\"noopener\">en anere B\u00e4itrag<\/a>, deen <a href=\"https:\/\/web.archive.org\/web\/20220923165458\/https:\/\/twitter.com\/Dreambu49405472\/status\/1571743633866457088?s=20&amp;t=iFo3UnT5fI-aWuA30-do-A\" target=\"_blank\" rel=\"noopener\">an der T\u00ebschenz\u00e4it gel\u00e4scht<\/a> gouf.<\/p>\n<p><img src=\"https:\/\/belux.edmo.eu\/wp-content\/uploads\/2022\/10\/4914b861cb543cc7b8db2d22dfb995ed.jpeg\" alt=\"RTL\" \/> Screenshot of a tweet taken September 20, 2022<\/p>\n<p>\u00c4nlech <a href=\"https:\/\/web.archive.org\/web\/20220923165644\/https:\/\/twitter.com\/FreedomsBritish\/status\/1573047515184005120\" target=\"_blank\" rel=\"noopener\">Tweets<\/a> a Posts op Plattforme w\u00e9i <a href=\"https:\/\/archive.ph\/kP0tr\" target=\"_blank\" rel=\"noopener\">Facebook<\/a> an <a href=\"https:\/\/archive.ph\/ItVko\" target=\"_blank\" rel=\"noopener\">Instagram<\/a> behaapten, d\u00e9i selwecht Foto g\u00e9if de Selenskyj bei Pride-Eventer an <a href=\"https:\/\/web.archive.org\/web\/20220923174705\/https:\/\/twitter.com\/ioannistrianta6\/status\/1570657933146619905\" target=\"_blank\" rel=\"noopener\">anere Stied<\/a> oder an anere Jore weisen. D&#8217;Foto ass och op <a href=\"https:\/\/web.archive.org\/web\/20220923165106\/https:\/\/twitter.com\/asturestepa\/status\/1569785695387926531?s=20&amp;t=mGRYAcPuQTiQo0Tyq4R9uw\" target=\"_blank\" rel=\"noopener\">Spuenesch<\/a>, <a href=\"https:\/\/web.archive.org\/web\/20220923165144\/https:\/\/twitter.com\/PopuliNon\/status\/1570055670841442304?s=20&amp;t=mGRYAcPuQTiQo0Tyq4R9uw\" target=\"_blank\" rel=\"noopener\">Italieenesch<\/a> a <a href=\"https:\/\/factcheckgreek.afp.com\/doc.afp.com.32JY3VQ-1\" target=\"_blank\" rel=\"noopener\">Griichesch<\/a> gedeelt.<\/p>\n<p>D&#8217;Verbreedung vun der Foto k\u00ebnnt siwe M\u00e9int nom Ufank vum russesche Krich an der Ukrain, w\u00e4rend deem de Selenskyj \u00ebmmer nees G\u00e9igestand vu <a href=\"https:\/\/factcheck.afp.com\/fact-checking-search-results?keywords=zelensky\" target=\"_blank\" rel=\"noopener\">Falschinformatioune<\/a> war.<\/p>\n<p>D\u00e9i Foto, d\u00e9i online gedeelt gouf, gouf digital ver\u00e4nnert. Eng <a href=\"https:\/\/perma.cc\/LXZ7-QSQL\" target=\"_blank\" rel=\"noopener\">\u00ebmgedr\u00e9int Billersich<\/a> huet erginn, dass dem Selenskyj s\u00e4i Gesiicht op eng <a href=\"https:\/\/perma.cc\/PY39-WDA4\" target=\"_blank\" rel=\"noopener\">Foto aus dem Joer 2006<\/a> gesat gouf, d\u00e9i op Flickr gedeelt gouf.<\/p>\n<p>De Verglach vun de Biller \u00ebnne weist zwee weider Gesiichter &#8211; giel a blo \u00ebmkreest -, d\u00e9i an d&#8217;Originalfoto eragesat goufen. Dem Selenskyj s\u00e4i Gesiicht ass gr\u00e9ng \u00ebmkreest.<\/p>\n<p><img src=\"https:\/\/belux.edmo.eu\/wp-content\/uploads\/2022\/10\/dfac7c72bb02b771c8595c7e6ca21e26.jpeg\" alt=\"RTL\" \/> Screenshot taken from Facebook on September 19, 2022<\/p>\n<p><img src=\"https:\/\/belux.edmo.eu\/wp-content\/uploads\/2022\/10\/cd9d8936d9556d9d73941704faab654e.jpeg\" alt=\"RTL\" \/> Screenshot taken from Flickr on September 20, 2022 ( Flickr \/ Thomas Locke Hobbs)<\/p>\n<p><a href=\"https:\/\/pimeyes.com\/en\" target=\"_blank\" rel=\"noopener\">PimEyes<\/a>, eng Sichmaschinn fir Gesiichtserkennung, huet dem Selenskyj s\u00e4i Gesiicht am manipul\u00e9ierte Bild mat anere Fotoe vun him verglach.<\/p>\n<p><img src=\"https:\/\/belux.edmo.eu\/wp-content\/uploads\/2022\/10\/5bd84405609ac90d32faf8b3c17cb0fc.jpeg\" alt=\"RTL\" \/> Screenshot taken from PimEyes on September 22, 2022<\/p>\n<p>PimEyes no passt dat Gesiicht, dat giel agekreest ass, zum Selenskyj sengem Beroder Oleksiy Arestovych an dat Gesiicht, dat blo \u00ebmkreest ass, zum eemolegen ukrainesche President Petro Poroschenko.<\/p>\n<p><img src=\"https:\/\/belux.edmo.eu\/wp-content\/uploads\/2022\/10\/7c13506d372ff7d5a328c36d19116608.jpeg\" alt=\"RTL\" \/> Screenshot taken from PimEyes on September 22, 2022<\/p>\n<p><img src=\"https:\/\/belux.edmo.eu\/wp-content\/uploads\/2022\/10\/a18769ac8f338d0b34b577de58bc1aef.jpeg\" alt=\"RTL\" \/> Screenshot taken from PimEyes on September 22, 2022<\/p>\n<p>D&#8217;Originne vun der Foto<\/p>\n<p>Informatiounen \u00ebnnert der Originalfoto op Flickr besoen, dass se de 25. Juni 2006 vum <a href=\"http:\/\/www.thomaslockehobbs.com\/\" target=\"_blank\" rel=\"noopener\">Thomas Locke Hobbs<\/a>, engem amerikanesche Fotograf, op der Gay-Pride-Parad zu New York gemaach gouf.<\/p>\n<p>Den Hobbs huet an enger E-Mail un d&#8217;AFP confirm\u00e9iert, dass hien d&#8217;Originalfoto gemaach huet, an d&#8217;<a href=\"https:\/\/perma.cc\/W4NN-ALCY\" target=\"_blank\" rel=\"noopener\">Metadonn\u00e9e\u00eb<\/a> vun der Foto confirm\u00e9ieren och den Datum. De <a href=\"https:\/\/worldhistoryproject.org\/2006\/6\/25\/2006-new-york-city-gay-pride-parade\" target=\"_blank\" rel=\"noopener\">World History Project weist och<\/a>, dass esou eng Parad un deem Dag zu New York stattfonnt huet.<\/p>\n<p>D&#8217;Foto ass Deel vum Album vum Hobbs mam Titel &#8220;Gay Pride 2006&#8221; op Flickr, deen eng Sammlung vu Fotoe vu Fr\u00ebnn weist, d\u00e9i un der Pride-Parad deelgeholl hunn. D&#8217;AFP konnt duerch Geolokalisatioun feststellen, dass weider Fotoe vum Album zu New York gemaach goufen, dor\u00ebnner eng Foto mat Stroossesch\u00eblter fir eng Kr\u00e4izung an der G\u00e9igend vum Union Square.<\/p>\n<p><img src=\"https:\/\/belux.edmo.eu\/wp-content\/uploads\/2022\/10\/0f15a326fc0fc6b0d4561dfcdd80bb51.jpeg\" alt=\"RTL\" \/> Screenshot taken from Flickr ( Flickr \/ Thomas Locke Hobbs)<\/p>\n<p>Den Hobbs huet d&#8217;AFP op den Jesse Archer opmierksam gemaach, deen op der Originalfoto mat engem Helm mam Wuert &#8220;out&#8221; an engem US-F\u00e4ndel, deen um Kapp steet, op senger Sch\u00ebller ze gesinn ass.<\/p>\n<p>&#8220;All Joer hate mir fir d&#8217;Parad en anere Sujet. Am Joer 2006 hu mir souwuel g\u00e9int den Irak-Krich w\u00e9i och g\u00e9int d\u00e9i absurd &#8220;Don&#8217;t ask, don&#8217;t tell&#8221;-Politik vun eisem Milit\u00e4r protest\u00e9iert&#8221;, sot den Archer den 19. September an engem Instagram-Message un d&#8217;AFP.<\/p>\n<p><a href=\"https:\/\/www.archivesfoundation.org\/documents\/dont-ask-dont-tell-repeal-act-2010\/\" target=\"_blank\" rel=\"noopener\">&#8220;Don&#8217;t Ask, Don&#8217;t Tell&#8221;<\/a>\u00a0(DADT) war eng Milit\u00e4rpolitik an den USA, d\u00e9i et net-heterosexuelle M\u00ebnschen erlaabt huet, am Milit\u00e4r ze d\u00e9ngen, soulaang si hir sexuell Orient\u00e9ierung net public gemaach hunn. Den deemolege President Barack Obama huet 2010 e <a href=\"https:\/\/www.smh.com.au\/world\/obama-signs-gays-in-military-law-on-day-of-victories-20101223-195rt.html\" target=\"_blank\" rel=\"noopener\">Gesetz fir d&#8217;Ophiewe vun d\u00ebser Politik \u00ebnnerzeechent<\/a>.<\/p>\n<p>Den Archer huet confirm\u00e9iert, dass de Selenskyj beim Pride-Event net zu senger Grupp geh\u00e9iert huet an huet der AFP d&#8217;Nimm vun den anere Persoune matgedeelt, deenen hir Gesiichter op der Originalfoto ze gesi sinn.<\/p>\n<\/div>\n<\/div>\n<p><em>D\u00ebsen Artikel vun der AFP gouf vun RTL op L\u00ebtzebuergesch iwwersat.<\/em><\/p>\n<\/article>\n","protected":false},"excerpt":{"rendered":"<p>&nbsp; De russesche Krich an der Ukrain br\u00e9ngt \u00ebmmer nees Falschinformatiounen an d\u00e9i sozial Netzwierker. Elo ass eng Foto opgedaucht,&#8230;<\/p>\n","protected":false},"author":1,"featured_media":155500,"comment_status":"closed","ping_status":"open","sticky":false,"template":"","format":"standard","meta":{"_acf_changed":false,"footnotes":""},"categories":[193,191,217],"tags":[],"class_list":{"0":"post-155505","1":"post","2":"type-post","3":"status-publish","4":"format-standard","5":"has-post-thumbnail","7":"category-gesellschaft","8":"category-politik","9":"category-ukraine-lb"},"acf":{"show_metatags":true,"id":"1972927","authors":"RTL L\u00ebtzebuerg","organization":"RTL","featured_image_copyright":"","text_copyright":"Copyright RTL \/ CLT-UFA S.A.","source":"http:\/\/www.rtl.lu\/news\/faktencheck\/a\/1972927.html","fact_checker":"https:\/\/belux.wpengine.com\/wp-content\/uploads\/2021\/12\/rtl_logo.png","type":"Closed Event","location":"","start_date":"","start_date_event_begins_at":"","start_date_event_ends_at":"","end_date":"","end_date_event_begins_at":"","end_date_event_ends_at":"","organizer":"","fact_checker_logo_image":false},"yoast_head":"<!-- This site is optimized with the Yoast SEO plugin v27.0 - https:\/\/yoast.com\/product\/yoast-seo-wordpress\/ -->\n<title>Faktencheck: Manipul\u00e9iert Foto weist Wolodymyr Selenskyj op LGBTQ-Event - EDMO Belux<\/title>\n<meta name=\"robots\" content=\"index, follow, max-snippet:-1, max-image-preview:large, max-video-preview:-1\" \/>\n<link rel=\"canonical\" href=\"https:\/\/belux.edmo.eu\/lb\/faktencheck-manipuliert-foto-weist-wolodymyr-selenskyj-op-lgbtq-event\/\" \/>\n<meta property=\"og:locale\" content=\"en_US\" \/>\n<meta property=\"og:type\" content=\"article\" \/>\n<meta property=\"og:title\" content=\"Faktencheck: Manipul\u00e9iert Foto weist Wolodymyr Selenskyj op LGBTQ-Event - EDMO Belux\" \/>\n<meta property=\"og:description\" content=\"&nbsp; De russesche Krich an der Ukrain br\u00e9ngt \u00ebmmer nees Falschinformatiounen an d\u00e9i sozial Netzwierker. Elo ass eng Foto opgedaucht,...\" \/>\n<meta property=\"og:url\" content=\"https:\/\/belux.edmo.eu\/lb\/faktencheck-manipuliert-foto-weist-wolodymyr-selenskyj-op-lgbtq-event\/\" \/>\n<meta property=\"og:site_name\" content=\"EDMO Belux\" \/>\n<meta property=\"article:published_time\" content=\"2022-10-04T03:00:24+00:00\" \/>\n<meta property=\"article:modified_time\" content=\"2022-10-06T12:44:12+00:00\" \/>\n<meta property=\"og:image\" content=\"https:\/\/belux.edmo.eu\/wp-content\/uploads\/2022\/10\/072602531866179c1e106e081c69f1e9.jpeg\" \/>\n\t<meta property=\"og:image:width\" content=\"620\" \/>\n\t<meta property=\"og:image:height\" content=\"349\" \/>\n\t<meta property=\"og:image:type\" content=\"image\/jpeg\" \/>\n<meta name=\"author\" content=\"master\" \/>\n<meta name=\"twitter:card\" content=\"summary_large_image\" \/>\n<meta name=\"twitter:creator\" content=\"@Edmo_Belux\" \/>\n<meta name=\"twitter:site\" content=\"@Edmo_Belux\" \/>\n<meta name=\"twitter:label1\" content=\"Written by\" \/>\n\t<meta name=\"twitter:data1\" content=\"master\" \/>\n\t<meta name=\"twitter:label2\" content=\"Est. reading time\" \/>\n\t<meta name=\"twitter:data2\" content=\"3 minutes\" \/>\n<script type=\"application\/ld+json\" class=\"yoast-schema-graph\">{\"@context\":\"https:\/\/schema.org\",\"@graph\":[{\"@type\":\"Article\",\"@id\":\"https:\/\/belux.edmo.eu\/lb\/faktencheck-manipuliert-foto-weist-wolodymyr-selenskyj-op-lgbtq-event\/#article\",\"isPartOf\":{\"@id\":\"https:\/\/belux.edmo.eu\/lb\/faktencheck-manipuliert-foto-weist-wolodymyr-selenskyj-op-lgbtq-event\/\"},\"author\":{\"name\":\"master\",\"@id\":\"https:\/\/belux.edmo.eu\/#\/schema\/person\/dbe3b252258537fd318f9b5645a30342\"},\"headline\":\"Faktencheck: Manipul\u00e9iert Foto weist Wolodymyr Selenskyj op LGBTQ-Event\",\"datePublished\":\"2022-10-04T03:00:24+00:00\",\"dateModified\":\"2022-10-06T12:44:12+00:00\",\"mainEntityOfPage\":{\"@id\":\"https:\/\/belux.edmo.eu\/lb\/faktencheck-manipuliert-foto-weist-wolodymyr-selenskyj-op-lgbtq-event\/\"},\"wordCount\":658,\"publisher\":{\"@id\":\"https:\/\/belux.edmo.eu\/#organization\"},\"image\":{\"@id\":\"https:\/\/belux.edmo.eu\/lb\/faktencheck-manipuliert-foto-weist-wolodymyr-selenskyj-op-lgbtq-event\/#primaryimage\"},\"thumbnailUrl\":\"https:\/\/belux.edmo.eu\/wp-content\/uploads\/2022\/10\/072602531866179c1e106e081c69f1e9.jpeg\",\"articleSection\":[\"Gesellschaft\",\"Politik\",\"Ukraine\"],\"inLanguage\":\"lb-LU\"},{\"@type\":\"WebPage\",\"@id\":\"https:\/\/belux.edmo.eu\/lb\/faktencheck-manipuliert-foto-weist-wolodymyr-selenskyj-op-lgbtq-event\/\",\"url\":\"https:\/\/belux.edmo.eu\/lb\/faktencheck-manipuliert-foto-weist-wolodymyr-selenskyj-op-lgbtq-event\/\",\"name\":\"Faktencheck: Manipul\u00e9iert Foto weist Wolodymyr Selenskyj op LGBTQ-Event - EDMO Belux\",\"isPartOf\":{\"@id\":\"https:\/\/belux.edmo.eu\/#website\"},\"primaryImageOfPage\":{\"@id\":\"https:\/\/belux.edmo.eu\/lb\/faktencheck-manipuliert-foto-weist-wolodymyr-selenskyj-op-lgbtq-event\/#primaryimage\"},\"image\":{\"@id\":\"https:\/\/belux.edmo.eu\/lb\/faktencheck-manipuliert-foto-weist-wolodymyr-selenskyj-op-lgbtq-event\/#primaryimage\"},\"thumbnailUrl\":\"https:\/\/belux.edmo.eu\/wp-content\/uploads\/2022\/10\/072602531866179c1e106e081c69f1e9.jpeg\",\"datePublished\":\"2022-10-04T03:00:24+00:00\",\"dateModified\":\"2022-10-06T12:44:12+00:00\",\"breadcrumb\":{\"@id\":\"https:\/\/belux.edmo.eu\/lb\/faktencheck-manipuliert-foto-weist-wolodymyr-selenskyj-op-lgbtq-event\/#breadcrumb\"},\"inLanguage\":\"lb-LU\",\"potentialAction\":[{\"@type\":\"ReadAction\",\"target\":[\"https:\/\/belux.edmo.eu\/lb\/faktencheck-manipuliert-foto-weist-wolodymyr-selenskyj-op-lgbtq-event\/\"]}]},{\"@type\":\"ImageObject\",\"inLanguage\":\"lb-LU\",\"@id\":\"https:\/\/belux.edmo.eu\/lb\/faktencheck-manipuliert-foto-weist-wolodymyr-selenskyj-op-lgbtq-event\/#primaryimage\",\"url\":\"https:\/\/belux.edmo.eu\/wp-content\/uploads\/2022\/10\/072602531866179c1e106e081c69f1e9.jpeg\",\"contentUrl\":\"https:\/\/belux.edmo.eu\/wp-content\/uploads\/2022\/10\/072602531866179c1e106e081c69f1e9.jpeg\",\"width\":620,\"height\":349,\"caption\":\"Faktencheck: Manipul\u00e9iert Foto weist Wolodymyr Selenskyj op LGBTQ-Event - Featured image\"},{\"@type\":\"BreadcrumbList\",\"@id\":\"https:\/\/belux.edmo.eu\/lb\/faktencheck-manipuliert-foto-weist-wolodymyr-selenskyj-op-lgbtq-event\/#breadcrumb\",\"itemListElement\":[{\"@type\":\"ListItem\",\"position\":1,\"name\":\"Home\",\"item\":\"https:\/\/belux.edmo.eu\/lb\/\"},{\"@type\":\"ListItem\",\"position\":2,\"name\":\"Faktencheck: Manipul\u00e9iert Foto weist Wolodymyr Selenskyj op LGBTQ-Event\"}]},{\"@type\":\"WebSite\",\"@id\":\"https:\/\/belux.edmo.eu\/#website\",\"url\":\"https:\/\/belux.edmo.eu\/\",\"name\":\"EDMO Belux\",\"description\":\"Monitoring Disinformation in Belgium and Luxembourg\",\"publisher\":{\"@id\":\"https:\/\/belux.edmo.eu\/#organization\"},\"potentialAction\":[{\"@type\":\"SearchAction\",\"target\":{\"@type\":\"EntryPoint\",\"urlTemplate\":\"https:\/\/belux.edmo.eu\/?s={search_term_string}\"},\"query-input\":{\"@type\":\"PropertyValueSpecification\",\"valueRequired\":true,\"valueName\":\"search_term_string\"}}],\"inLanguage\":\"lb-LU\"},{\"@type\":\"Organization\",\"@id\":\"https:\/\/belux.edmo.eu\/#organization\",\"name\":\"EDMO Belux\",\"url\":\"https:\/\/belux.edmo.eu\/\",\"logo\":{\"@type\":\"ImageObject\",\"inLanguage\":\"lb-LU\",\"@id\":\"https:\/\/belux.edmo.eu\/#\/schema\/logo\/image\/\",\"url\":\"https:\/\/belux.edmo.eu\/wp-content\/uploads\/2021\/12\/belux-logo-full-color-rgb.svg\",\"contentUrl\":\"https:\/\/belux.edmo.eu\/wp-content\/uploads\/2021\/12\/belux-logo-full-color-rgb.svg\",\"width\":1,\"height\":1,\"caption\":\"EDMO Belux\"},\"image\":{\"@id\":\"https:\/\/belux.edmo.eu\/#\/schema\/logo\/image\/\"},\"sameAs\":[\"https:\/\/x.com\/Edmo_Belux\"]},{\"@type\":\"Person\",\"@id\":\"https:\/\/belux.edmo.eu\/#\/schema\/person\/dbe3b252258537fd318f9b5645a30342\",\"name\":\"master\",\"sameAs\":[\"https:\/\/belux.wpengine.com\"],\"url\":\"https:\/\/belux.edmo.eu\/lb\/author\/master\/\"}]}<\/script>\n<!-- \/ Yoast SEO plugin. -->","yoast_head_json":{"title":"Faktencheck: Manipul\u00e9iert Foto weist Wolodymyr Selenskyj op LGBTQ-Event - EDMO Belux","robots":{"index":"index","follow":"follow","max-snippet":"max-snippet:-1","max-image-preview":"max-image-preview:large","max-video-preview":"max-video-preview:-1"},"canonical":"https:\/\/belux.edmo.eu\/lb\/faktencheck-manipuliert-foto-weist-wolodymyr-selenskyj-op-lgbtq-event\/","og_locale":"en_US","og_type":"article","og_title":"Faktencheck: Manipul\u00e9iert Foto weist Wolodymyr Selenskyj op LGBTQ-Event - EDMO Belux","og_description":"&nbsp; De russesche Krich an der Ukrain br\u00e9ngt \u00ebmmer nees Falschinformatiounen an d\u00e9i sozial Netzwierker. Elo ass eng Foto opgedaucht,...","og_url":"https:\/\/belux.edmo.eu\/lb\/faktencheck-manipuliert-foto-weist-wolodymyr-selenskyj-op-lgbtq-event\/","og_site_name":"EDMO Belux","article_published_time":"2022-10-04T03:00:24+00:00","article_modified_time":"2022-10-06T12:44:12+00:00","og_image":[{"width":620,"height":349,"url":"https:\/\/belux.edmo.eu\/wp-content\/uploads\/2022\/10\/072602531866179c1e106e081c69f1e9.jpeg","type":"image\/jpeg"}],"author":"master","twitter_card":"summary_large_image","twitter_creator":"@Edmo_Belux","twitter_site":"@Edmo_Belux","twitter_misc":{"Written by":"master","Est. reading time":"3 minutes"},"schema":{"@context":"https:\/\/schema.org","@graph":[{"@type":"Article","@id":"https:\/\/belux.edmo.eu\/lb\/faktencheck-manipuliert-foto-weist-wolodymyr-selenskyj-op-lgbtq-event\/#article","isPartOf":{"@id":"https:\/\/belux.edmo.eu\/lb\/faktencheck-manipuliert-foto-weist-wolodymyr-selenskyj-op-lgbtq-event\/"},"author":{"name":"master","@id":"https:\/\/belux.edmo.eu\/#\/schema\/person\/dbe3b252258537fd318f9b5645a30342"},"headline":"Faktencheck: Manipul\u00e9iert Foto weist Wolodymyr Selenskyj op LGBTQ-Event","datePublished":"2022-10-04T03:00:24+00:00","dateModified":"2022-10-06T12:44:12+00:00","mainEntityOfPage":{"@id":"https:\/\/belux.edmo.eu\/lb\/faktencheck-manipuliert-foto-weist-wolodymyr-selenskyj-op-lgbtq-event\/"},"wordCount":658,"publisher":{"@id":"https:\/\/belux.edmo.eu\/#organization"},"image":{"@id":"https:\/\/belux.edmo.eu\/lb\/faktencheck-manipuliert-foto-weist-wolodymyr-selenskyj-op-lgbtq-event\/#primaryimage"},"thumbnailUrl":"https:\/\/belux.edmo.eu\/wp-content\/uploads\/2022\/10\/072602531866179c1e106e081c69f1e9.jpeg","articleSection":["Gesellschaft","Politik","Ukraine"],"inLanguage":"lb-LU"},{"@type":"WebPage","@id":"https:\/\/belux.edmo.eu\/lb\/faktencheck-manipuliert-foto-weist-wolodymyr-selenskyj-op-lgbtq-event\/","url":"https:\/\/belux.edmo.eu\/lb\/faktencheck-manipuliert-foto-weist-wolodymyr-selenskyj-op-lgbtq-event\/","name":"Faktencheck: Manipul\u00e9iert Foto weist Wolodymyr Selenskyj op LGBTQ-Event - EDMO Belux","isPartOf":{"@id":"https:\/\/belux.edmo.eu\/#website"},"primaryImageOfPage":{"@id":"https:\/\/belux.edmo.eu\/lb\/faktencheck-manipuliert-foto-weist-wolodymyr-selenskyj-op-lgbtq-event\/#primaryimage"},"image":{"@id":"https:\/\/belux.edmo.eu\/lb\/faktencheck-manipuliert-foto-weist-wolodymyr-selenskyj-op-lgbtq-event\/#primaryimage"},"thumbnailUrl":"https:\/\/belux.edmo.eu\/wp-content\/uploads\/2022\/10\/072602531866179c1e106e081c69f1e9.jpeg","datePublished":"2022-10-04T03:00:24+00:00","dateModified":"2022-10-06T12:44:12+00:00","breadcrumb":{"@id":"https:\/\/belux.edmo.eu\/lb\/faktencheck-manipuliert-foto-weist-wolodymyr-selenskyj-op-lgbtq-event\/#breadcrumb"},"inLanguage":"lb-LU","potentialAction":[{"@type":"ReadAction","target":["https:\/\/belux.edmo.eu\/lb\/faktencheck-manipuliert-foto-weist-wolodymyr-selenskyj-op-lgbtq-event\/"]}]},{"@type":"ImageObject","inLanguage":"lb-LU","@id":"https:\/\/belux.edmo.eu\/lb\/faktencheck-manipuliert-foto-weist-wolodymyr-selenskyj-op-lgbtq-event\/#primaryimage","url":"https:\/\/belux.edmo.eu\/wp-content\/uploads\/2022\/10\/072602531866179c1e106e081c69f1e9.jpeg","contentUrl":"https:\/\/belux.edmo.eu\/wp-content\/uploads\/2022\/10\/072602531866179c1e106e081c69f1e9.jpeg","width":620,"height":349,"caption":"Faktencheck: Manipul\u00e9iert Foto weist Wolodymyr Selenskyj op LGBTQ-Event - Featured image"},{"@type":"BreadcrumbList","@id":"https:\/\/belux.edmo.eu\/lb\/faktencheck-manipuliert-foto-weist-wolodymyr-selenskyj-op-lgbtq-event\/#breadcrumb","itemListElement":[{"@type":"ListItem","position":1,"name":"Home","item":"https:\/\/belux.edmo.eu\/lb\/"},{"@type":"ListItem","position":2,"name":"Faktencheck: Manipul\u00e9iert Foto weist Wolodymyr Selenskyj op LGBTQ-Event"}]},{"@type":"WebSite","@id":"https:\/\/belux.edmo.eu\/#website","url":"https:\/\/belux.edmo.eu\/","name":"EDMO Belux","description":"Monitoring Disinformation in Belgium and Luxembourg","publisher":{"@id":"https:\/\/belux.edmo.eu\/#organization"},"potentialAction":[{"@type":"SearchAction","target":{"@type":"EntryPoint","urlTemplate":"https:\/\/belux.edmo.eu\/?s={search_term_string}"},"query-input":{"@type":"PropertyValueSpecification","valueRequired":true,"valueName":"search_term_string"}}],"inLanguage":"lb-LU"},{"@type":"Organization","@id":"https:\/\/belux.edmo.eu\/#organization","name":"EDMO Belux","url":"https:\/\/belux.edmo.eu\/","logo":{"@type":"ImageObject","inLanguage":"lb-LU","@id":"https:\/\/belux.edmo.eu\/#\/schema\/logo\/image\/","url":"https:\/\/belux.edmo.eu\/wp-content\/uploads\/2021\/12\/belux-logo-full-color-rgb.svg","contentUrl":"https:\/\/belux.edmo.eu\/wp-content\/uploads\/2021\/12\/belux-logo-full-color-rgb.svg","width":1,"height":1,"caption":"EDMO Belux"},"image":{"@id":"https:\/\/belux.edmo.eu\/#\/schema\/logo\/image\/"},"sameAs":["https:\/\/x.com\/Edmo_Belux"]},{"@type":"Person","@id":"https:\/\/belux.edmo.eu\/#\/schema\/person\/dbe3b252258537fd318f9b5645a30342","name":"master","sameAs":["https:\/\/belux.wpengine.com"],"url":"https:\/\/belux.edmo.eu\/lb\/author\/master\/"}]}},"menu_order":0,"_links":{"self":[{"href":"https:\/\/belux.edmo.eu\/lb\/wp-json\/wp\/v2\/posts\/155505","targetHints":{"allow":["GET"]}}],"collection":[{"href":"https:\/\/belux.edmo.eu\/lb\/wp-json\/wp\/v2\/posts"}],"about":[{"href":"https:\/\/belux.edmo.eu\/lb\/wp-json\/wp\/v2\/types\/post"}],"author":[{"embeddable":true,"href":"https:\/\/belux.edmo.eu\/lb\/wp-json\/wp\/v2\/users\/1"}],"replies":[{"embeddable":true,"href":"https:\/\/belux.edmo.eu\/lb\/wp-json\/wp\/v2\/comments?post=155505"}],"version-history":[{"count":0,"href":"https:\/\/belux.edmo.eu\/lb\/wp-json\/wp\/v2\/posts\/155505\/revisions"}],"wp:featuredmedia":[{"embeddable":true,"href":"https:\/\/belux.edmo.eu\/lb\/wp-json\/wp\/v2\/media\/155500"}],"wp:attachment":[{"href":"https:\/\/belux.edmo.eu\/lb\/wp-json\/wp\/v2\/media?parent=155505"}],"wp:term":[{"taxonomy":"category","embeddable":true,"href":"https:\/\/belux.edmo.eu\/lb\/wp-json\/wp\/v2\/categories?post=155505"},{"taxonomy":"post_tag","embeddable":true,"href":"https:\/\/belux.edmo.eu\/lb\/wp-json\/wp\/v2\/tags?post=155505"}],"curies":[{"name":"wp","href":"https:\/\/api.w.org\/{rel}","templated":true}]}}