{"id":214478,"date":"2022-12-13T09:20:21","date_gmt":"2022-12-13T09:20:21","guid":{"rendered":"https:\/\/belux.edmo.eu\/?p=214478"},"modified":"2022-12-13T14:08:31","modified_gmt":"2022-12-13T14:08:31","slug":"faktencheck-video-weist-net-wi-prorussesch-influencerin-ausgewise-gtt","status":"publish","type":"post","link":"https:\/\/belux.edmo.eu\/lb\/faktencheck-video-weist-net-wi-prorussesch-influencerin-ausgewise-gtt\/","title":{"rendered":"Faktencheck: Video weist net, w\u00e9i prorussesch Influencerin ausgewise g\u00ebtt"},"content":{"rendered":"<article>\n<div>\n<div>\n<p>&nbsp;<\/p>\n<\/div>\n<div>\n<p>A sozialen Netzwierker ass zanter Enn November 2022 e Video am \u00cbmlaf, deen zwee Polizisten an eng Fra um Berliner Fluchhafe weist. User hu behaapt, de Video g\u00e9if weisen, w\u00e9i eng Fra expuls\u00e9iert g\u00e9if, well si de russeschen Ugr\u00ebffskrich \u00ebffentlech guttgeheescht huet.<\/p>\n<p>E puer User hunn Enn November 2022 d&#8217;Behaaptung op Facebook gedeelt (<a href=\"https:\/\/perma.cc\/VL9F-2HWE?type=image\" target=\"_blank\" rel=\"noopener\">hei<\/a>, <a href=\"https:\/\/ghostarchive.org\/archive\/n3j2E?kreymer=true\" target=\"_blank\" rel=\"noopener\">hei<\/a>). Och op <a href=\"https:\/\/archive.ph\/cjHfF\" target=\"_blank\" rel=\"noopener\">Twitter<\/a> war d&#8217;Falschinformatioun am \u00cbmlaf. D&#8217;<a href=\"https:\/\/www.t-online.de\/nachrichten\/ausland\/id_91759336\/alina-lipp-auf-telegramm-einst-bei-den-gruenen-jetzt-putins-infokriegerin-.html\" target=\"_blank\" rel=\"noopener\">Propagandistin Alina Lipp<\/a>, d\u00e9i aus D\u00e4itschland k\u00ebnnt a Russesch schw\u00e4tzt, huet mat enger \u00e4nlecher Behaaptung op <a href=\"https:\/\/perma.cc\/2Z55-PW8N?type=image\" target=\"_blank\" rel=\"noopener\">Telegram<\/a> z\u00e9ngdausende vu Leit erreecht. Si huet d&#8217;<a href=\"https:\/\/perma.cc\/7X2Y-36KT?type=image\" target=\"_blank\" rel=\"noopener\">Falschmeldung zwar korrig\u00e9iert<\/a> &#8211; allerd\u00e9ngs mat enger weiderer Falschinformatioun. N\u00e4mlech, dass d&#8217;Julia P. an Untersuchungshaft w\u00e4r. De Video, deen d\u00e9i angeeblech Expulsioun weist, war och an anere Sproochen an och an \u00ebnnerschiddlechen Ausf\u00e9ierungen &#8211; op <a href=\"https:\/\/archive.ph\/P5WNA\" target=\"_blank\" rel=\"noopener\">Italieenesch<\/a>, <a href=\"https:\/\/archive.ph\/JWG3X\" target=\"_blank\" rel=\"noopener\">Englesch<\/a>, <a href=\"https:\/\/archive.ph\/H956V\" target=\"_blank\" rel=\"noopener\">Spuenesch<\/a>, <a href=\"https:\/\/ghostarchive.org\/archive\/nfQBF\" target=\"_blank\" rel=\"noopener\">Ukrainesch<\/a> a <a href=\"https:\/\/archive.ph\/TNCvh\" target=\"_blank\" rel=\"noopener\">Russesch<\/a> &#8211; ze fannen.<\/p>\n<p><img src=\"https:\/\/belux.edmo.eu\/wp-content\/uploads\/2022\/12\/c6e12f041a1b5ede214127e035b7c5b4.jpeg\" alt=\"RTL\" \/> Screenshot der Behauptung auf Facebook: 01.12.2022<\/p>\n<p>De Video g\u00ebtt an de sozialen Netzwierker mat Bezuch op d&#8217;Julia gedeelt. Beim Julia handelt et sech \u00ebm eng 30 Joer al Russin, d\u00e9i a <a href=\"https:\/\/perma.cc\/LHM6-LF6Z?type=image\" target=\"_blank\" rel=\"noopener\">sozialen Netzwierker<\/a> \u00ebmmer nees <a href=\"https:\/\/www.bild.de\/regional\/muenchen\/muenchen-aktuell\/handys-und-laptop-beschlagnahmt-hausdurchsuchung-bei-russen-hetzerin-81617678.bild.html\" target=\"_blank\" rel=\"noopener\">g\u00e9int d&#8217;Ukrain hetzt<\/a> an zwou Ukrainerinnen op oppener Strooss <a href=\"https:\/\/ghostarchive.org\/archive\/S5549\" target=\"_blank\" rel=\"noopener\">bel\u00e4stegt<\/a> huet. Ausserdeem war si an der russescher Sendung &#8220;AntiFake&#8221; am &#8220;\u00c9ischte Kanal&#8221; ze gesinn. Do <a href=\"https:\/\/archive.ph\/JcrjA\" target=\"_blank\" rel=\"noopener\">solle westlech Fake News opgedeckt ginn<\/a>, mee d&#8217;Sendung an d&#8217;Julia hunn de G\u00e9igendeel gemaach: <a href=\"https:\/\/www.stern.de\/politik\/ausland\/perlen-der-kreml-propaganda\/perlen-der-kreml-propaganda--so-plump-fabriziert-das-staats-tv-fakes-32821952.html\" target=\"_blank\" rel=\"noopener\">Falschinformatiounen.<\/a> Schonn an der <a href=\"https:\/\/archive.ph\/lpeNs\" target=\"_blank\" rel=\"noopener\">Sendung vum 14. Oktober 2022<\/a> heescht et f\u00e4lschlecherweis, wie sech an Europa g\u00e9int Russland oder d&#8217;Ukrain \u00e4ussere g\u00e9if, g\u00e9if aus dem Land verwise ginn. Dovu w\u00e4r d&#8217;Julia vermeintlech betraff.<\/p>\n<p>An D\u00e4itschland enqu\u00eat\u00e9iert de Parquet Landshut g\u00e9int d&#8217;Russin. Op Ufro vun der AFP huet de Spriecher vum Parquet, Alexander Ecker, den 30. November 2022 gesot: &#8220;Si steet am Verdacht, d&#8217;Tatbest\u00e4nn vun <a href=\"https:\/\/dejure.org\/gesetze\/StGB\/140.html\" target=\"_blank\" rel=\"noopener\">Approbatioun vu Strofdoten<\/a>, vu <a href=\"https:\/\/dejure.org\/gesetze\/StGB\/241.html\" target=\"_blank\" rel=\"noopener\">Bedreeung<\/a> a vu <a href=\"https:\/\/dejure.org\/gesetze\/StGB\/185.html\" target=\"_blank\" rel=\"noopener\">Beleidegung<\/a> verwierklecht ze hunn.&#8221; Och d&#8217;Approbatioun vun der illegaler russescher Attack op d&#8217;Ukrain ass dem d\u00e4itsche <a href=\"https:\/\/ghostarchive.org\/archive\/PlX48\" target=\"_blank\" rel=\"noopener\">Bundesinnenministerium<\/a> no eng Strofdot. W\u00e9inst d\u00ebse Verd\u00e4chtegungen huet d&#8217;Police de 14. Oktober 2022 dem Julia P. hir Wunneng duerchsicht a Smartphonen an en Notebook confisqu\u00e9iert. D&#8217;Ausw\u00e4ertung ass nach net ofgeschloss, dohier g\u00ebllt d&#8217;<a href=\"https:\/\/dejure.org\/gesetze\/MRK\/6.html\" target=\"_blank\" rel=\"noopener\">Onscholdsvermuddung<\/a>. Enger <a href=\"https:\/\/www.polizei.bayern.de\/aktuelles\/pressemitteilungen\/036818\/index.html\" target=\"_blank\" rel=\"noopener\">Matdeelung vun der Police<\/a> no h\u00e4lt sech d&#8217;Julia &#8220;am Moment ouni g\u00fclteg Openthaltserlabnis an D\u00e4itschland op&#8221;. G\u00e9intiwwer der AFP housch et ausserdeem: &#8220;Si bef\u00ebnnt sech net an Untersuchungshaft.&#8221;<\/p>\n<p>Fra am Video ass net d&#8217;Julia P.<\/p>\n<p>D&#8217;Bild- an Tounqualit\u00e9it vum Video l\u00e9isst keng s\u00e9cher Ausso zou, ob d&#8217;Fra am Video wierklech d&#8217;Julia ass. Dow\u00e9inst huet d&#8217;AFP bei der Bundespolice nogefrot. Den 30. November 2022 huet de Spriecher vun der Bundespolice, Michael Spie\u00df, d&#8217;Plaz vun der Opnam confirm\u00e9iert. Hie sot och: &#8220;Et handelt sech heib\u00e4i net \u00ebm d&#8217;Julia P..&#8221; Weider Froen huet hien net be\u00e4ntwert.<\/p>\n<p>Expulsiounen a Russland an an der Ukrain ausgesat<\/p>\n<p>Well d&#8217;Julia P. keng g\u00fclteg Openthaltserlabnis fir D\u00e4itschland huet, k\u00e9int si gronds\u00e4tzlech \u00ebnner \u00cbmst\u00e4nn tats\u00e4chlech ausgewise ginn, wann eng Asyldemande ofgeleent oder dat d\u00e4itscht Bundesamt fir Migratioun a Fl\u00fcchtlingen (BAMF) kee Grond fir en Openthalt zum Schutz ges\u00e4it. D&#8217;Iwwerpr\u00e9iwung an d&#8217;\u00cbmsetzung l\u00e9ich dem BAMF-Spriecher Stefan von Borstel no allerd\u00e9ngs an der Zoust\u00e4nnegkeet vun de Bundesl\u00e4nner, w\u00e9i hien den 1. Dezember sot.<\/p>\n<p>Medieberichter (<a href=\"https:\/\/www.welt.de\/politik\/deutschland\/article237933839\/Ukraine-Krieg-Abschiebungen-in-viele-Laender-ausgesetzt.html\" target=\"_blank\" rel=\"noopener\">hei<\/a>, <a href=\"https:\/\/www.swr.de\/swraktuell\/baden-wuerttemberg\/abschiebungen-bw-russland-ukraine-ausgesetzt-100.html\" target=\"_blank\" rel=\"noopener\">hei<\/a>) no sinn Expulsiounen an d&#8217;Ukrain an a Russland aktuell allerd\u00e9ngs w\u00e9inst dem Krich praktesch ausgesat.<\/p>\n<p>De Michael Siefener, Spriecher vum bayreschen Inneminist\u00e8re, huet der AFP den 1. Dezember confirm\u00e9iert, dass d&#8217;Expulsiounen ausgesat sinn: &#8220;R\u00e9ckf\u00e9ierungen a Russland fanne zanter dem Ufank vum v\u00eblkerrechtswiddregen Ugr\u00ebff vu Russland op d&#8217;Ukrain faktesch net m\u00e9i statt. Onbegleet w\u00e9i och begleet R\u00e9ckf\u00e9ierungen a Sammelcharterflich sinn der Bundespolice no \u00ebnner Ber\u00e9cksiichtegung vun de Fluchverbindungen, d\u00e9i aktuell ageschr\u00e4nkt sinn, net m\u00e9iglech ze plangen.&#8221;<\/p>\n<p>Dem d\u00e4itschen Ausseminist\u00e8re no g\u00ebtt et <a href=\"https:\/\/www.auswaertiges-amt.de\/de\/ReiseUndSicherheit\/russischefoederationsicherheit\/201536\" target=\"_blank\" rel=\"noopener\">w\u00e9inst de krichsbed\u00e9ngte Sanktioune keng Direktflich<\/a> vun D\u00e4itschland op Moskau. Och verschidde Buchungsportaler fir Flich bidden am Moment keng Direktflich un.<\/p>\n<p><strong>Fazit:<\/strong> De Video, deen a sozialen Netzwierker gedeelt gouf, weist der Police no net d&#8217;Russin Julia P.. Si gouf net ausgewisen oder verhaft. Si bef\u00ebnnt sech den Autorit\u00e9iten no an D\u00e4itschland. Aktuell sinn Expulsioune a Russland w\u00e9inst dem Krich an der Ukrain aus logistesche Gr\u00ebnn ausgesat.<\/p>\n<p><em>D\u00ebsen Artikel vun der AFP gouf vun RTL op L\u00ebtzebuergesch iwwersat.<\/em><\/p>\n<\/div>\n<\/div>\n<\/article>\n","protected":false},"excerpt":{"rendered":"<p>&nbsp; A sozialen Netzwierker ass zanter Enn November 2022 e Video am \u00cbmlaf, deen zwee Polizisten an eng Fra um&#8230;<\/p>\n","protected":false},"author":1,"featured_media":214473,"comment_status":"closed","ping_status":"open","sticky":false,"template":"","format":"standard","meta":{"_acf_changed":false,"footnotes":""},"categories":[191,217],"tags":[],"class_list":{"0":"post-214478","1":"post","2":"type-post","3":"status-publish","4":"format-standard","5":"has-post-thumbnail","7":"category-politik","8":"category-ukraine-lb"},"acf":{"show_metatags":true,"id":"2001969","authors":"RTL L\u00ebtzebuerg","organization":"RTL","featured_image_copyright":"","text_copyright":"Copyright RTL \/ CLT-UFA S.A.","source":"https:\/\/www.rtl.lu\/news\/faktencheck\/a\/2001969.html","fact_checker":"https:\/\/belux.wpengine.com\/wp-content\/uploads\/2021\/12\/rtl_logo.png","type":"Closed Event","location":"","start_date":"","start_date_event_begins_at":"","start_date_event_ends_at":"","end_date":"","end_date_event_begins_at":"","end_date_event_ends_at":"","organizer":"","fact_checker_logo_image":false},"yoast_head":"<!-- This site is optimized with the Yoast SEO plugin v27.0 - https:\/\/yoast.com\/product\/yoast-seo-wordpress\/ -->\n<title>Faktencheck: Video weist net, w\u00e9i prorussesch Influencerin ausgewise g\u00ebtt - EDMO Belux<\/title>\n<meta name=\"robots\" content=\"index, follow, max-snippet:-1, max-image-preview:large, max-video-preview:-1\" \/>\n<link rel=\"canonical\" href=\"https:\/\/belux.edmo.eu\/lb\/faktencheck-video-weist-net-wi-prorussesch-influencerin-ausgewise-gtt\/\" \/>\n<meta property=\"og:locale\" content=\"en_US\" \/>\n<meta property=\"og:type\" content=\"article\" \/>\n<meta property=\"og:title\" content=\"Faktencheck: Video weist net, w\u00e9i prorussesch Influencerin ausgewise g\u00ebtt - EDMO Belux\" \/>\n<meta property=\"og:description\" content=\"&nbsp; A sozialen Netzwierker ass zanter Enn November 2022 e Video am \u00cbmlaf, deen zwee Polizisten an eng Fra um...\" \/>\n<meta property=\"og:url\" content=\"https:\/\/belux.edmo.eu\/lb\/faktencheck-video-weist-net-wi-prorussesch-influencerin-ausgewise-gtt\/\" \/>\n<meta property=\"og:site_name\" content=\"EDMO Belux\" \/>\n<meta property=\"article:published_time\" content=\"2022-12-13T09:20:21+00:00\" \/>\n<meta property=\"article:modified_time\" content=\"2022-12-13T14:08:31+00:00\" \/>\n<meta property=\"og:image\" content=\"https:\/\/belux.edmo.eu\/wp-content\/uploads\/2022\/12\/352eca615b2a0a8248ea7f5addc55e09.jpeg\" \/>\n\t<meta property=\"og:image:width\" content=\"620\" \/>\n\t<meta property=\"og:image:height\" content=\"348\" \/>\n\t<meta property=\"og:image:type\" content=\"image\/jpeg\" \/>\n<meta name=\"author\" content=\"master\" \/>\n<meta name=\"twitter:card\" content=\"summary_large_image\" \/>\n<meta name=\"twitter:creator\" content=\"@Edmo_Belux\" \/>\n<meta name=\"twitter:site\" content=\"@Edmo_Belux\" \/>\n<meta name=\"twitter:label1\" content=\"Written by\" \/>\n\t<meta name=\"twitter:data1\" content=\"master\" \/>\n\t<meta name=\"twitter:label2\" content=\"Est. reading time\" \/>\n\t<meta name=\"twitter:data2\" content=\"4 minutes\" \/>\n<script type=\"application\/ld+json\" class=\"yoast-schema-graph\">{\"@context\":\"https:\/\/schema.org\",\"@graph\":[{\"@type\":\"Article\",\"@id\":\"https:\/\/belux.edmo.eu\/lb\/faktencheck-video-weist-net-wi-prorussesch-influencerin-ausgewise-gtt\/#article\",\"isPartOf\":{\"@id\":\"https:\/\/belux.edmo.eu\/lb\/faktencheck-video-weist-net-wi-prorussesch-influencerin-ausgewise-gtt\/\"},\"author\":{\"name\":\"master\",\"@id\":\"https:\/\/belux.edmo.eu\/#\/schema\/person\/dbe3b252258537fd318f9b5645a30342\"},\"headline\":\"Faktencheck: Video weist net, w\u00e9i prorussesch Influencerin ausgewise g\u00ebtt\",\"datePublished\":\"2022-12-13T09:20:21+00:00\",\"dateModified\":\"2022-12-13T14:08:31+00:00\",\"mainEntityOfPage\":{\"@id\":\"https:\/\/belux.edmo.eu\/lb\/faktencheck-video-weist-net-wi-prorussesch-influencerin-ausgewise-gtt\/\"},\"wordCount\":773,\"publisher\":{\"@id\":\"https:\/\/belux.edmo.eu\/#organization\"},\"image\":{\"@id\":\"https:\/\/belux.edmo.eu\/lb\/faktencheck-video-weist-net-wi-prorussesch-influencerin-ausgewise-gtt\/#primaryimage\"},\"thumbnailUrl\":\"https:\/\/belux.edmo.eu\/wp-content\/uploads\/2022\/12\/352eca615b2a0a8248ea7f5addc55e09.jpeg\",\"articleSection\":[\"Politik\",\"Ukraine\"],\"inLanguage\":\"lb-LU\"},{\"@type\":\"WebPage\",\"@id\":\"https:\/\/belux.edmo.eu\/lb\/faktencheck-video-weist-net-wi-prorussesch-influencerin-ausgewise-gtt\/\",\"url\":\"https:\/\/belux.edmo.eu\/lb\/faktencheck-video-weist-net-wi-prorussesch-influencerin-ausgewise-gtt\/\",\"name\":\"Faktencheck: Video weist net, w\u00e9i prorussesch Influencerin ausgewise g\u00ebtt - EDMO Belux\",\"isPartOf\":{\"@id\":\"https:\/\/belux.edmo.eu\/#website\"},\"primaryImageOfPage\":{\"@id\":\"https:\/\/belux.edmo.eu\/lb\/faktencheck-video-weist-net-wi-prorussesch-influencerin-ausgewise-gtt\/#primaryimage\"},\"image\":{\"@id\":\"https:\/\/belux.edmo.eu\/lb\/faktencheck-video-weist-net-wi-prorussesch-influencerin-ausgewise-gtt\/#primaryimage\"},\"thumbnailUrl\":\"https:\/\/belux.edmo.eu\/wp-content\/uploads\/2022\/12\/352eca615b2a0a8248ea7f5addc55e09.jpeg\",\"datePublished\":\"2022-12-13T09:20:21+00:00\",\"dateModified\":\"2022-12-13T14:08:31+00:00\",\"breadcrumb\":{\"@id\":\"https:\/\/belux.edmo.eu\/lb\/faktencheck-video-weist-net-wi-prorussesch-influencerin-ausgewise-gtt\/#breadcrumb\"},\"inLanguage\":\"lb-LU\",\"potentialAction\":[{\"@type\":\"ReadAction\",\"target\":[\"https:\/\/belux.edmo.eu\/lb\/faktencheck-video-weist-net-wi-prorussesch-influencerin-ausgewise-gtt\/\"]}]},{\"@type\":\"ImageObject\",\"inLanguage\":\"lb-LU\",\"@id\":\"https:\/\/belux.edmo.eu\/lb\/faktencheck-video-weist-net-wi-prorussesch-influencerin-ausgewise-gtt\/#primaryimage\",\"url\":\"https:\/\/belux.edmo.eu\/wp-content\/uploads\/2022\/12\/352eca615b2a0a8248ea7f5addc55e09.jpeg\",\"contentUrl\":\"https:\/\/belux.edmo.eu\/wp-content\/uploads\/2022\/12\/352eca615b2a0a8248ea7f5addc55e09.jpeg\",\"width\":620,\"height\":348,\"caption\":\"Faktencheck: Video weist net, w\u00e9i prorussesch Influencerin ausgewise g\u00ebtt - Featured image\"},{\"@type\":\"BreadcrumbList\",\"@id\":\"https:\/\/belux.edmo.eu\/lb\/faktencheck-video-weist-net-wi-prorussesch-influencerin-ausgewise-gtt\/#breadcrumb\",\"itemListElement\":[{\"@type\":\"ListItem\",\"position\":1,\"name\":\"Home\",\"item\":\"https:\/\/belux.edmo.eu\/lb\/\"},{\"@type\":\"ListItem\",\"position\":2,\"name\":\"Faktencheck: Video weist net, w\u00e9i prorussesch Influencerin ausgewise g\u00ebtt\"}]},{\"@type\":\"WebSite\",\"@id\":\"https:\/\/belux.edmo.eu\/#website\",\"url\":\"https:\/\/belux.edmo.eu\/\",\"name\":\"EDMO Belux\",\"description\":\"Monitoring Disinformation in Belgium and Luxembourg\",\"publisher\":{\"@id\":\"https:\/\/belux.edmo.eu\/#organization\"},\"potentialAction\":[{\"@type\":\"SearchAction\",\"target\":{\"@type\":\"EntryPoint\",\"urlTemplate\":\"https:\/\/belux.edmo.eu\/?s={search_term_string}\"},\"query-input\":{\"@type\":\"PropertyValueSpecification\",\"valueRequired\":true,\"valueName\":\"search_term_string\"}}],\"inLanguage\":\"lb-LU\"},{\"@type\":\"Organization\",\"@id\":\"https:\/\/belux.edmo.eu\/#organization\",\"name\":\"EDMO Belux\",\"url\":\"https:\/\/belux.edmo.eu\/\",\"logo\":{\"@type\":\"ImageObject\",\"inLanguage\":\"lb-LU\",\"@id\":\"https:\/\/belux.edmo.eu\/#\/schema\/logo\/image\/\",\"url\":\"https:\/\/belux.edmo.eu\/wp-content\/uploads\/2021\/12\/belux-logo-full-color-rgb.svg\",\"contentUrl\":\"https:\/\/belux.edmo.eu\/wp-content\/uploads\/2021\/12\/belux-logo-full-color-rgb.svg\",\"width\":1,\"height\":1,\"caption\":\"EDMO Belux\"},\"image\":{\"@id\":\"https:\/\/belux.edmo.eu\/#\/schema\/logo\/image\/\"},\"sameAs\":[\"https:\/\/x.com\/Edmo_Belux\"]},{\"@type\":\"Person\",\"@id\":\"https:\/\/belux.edmo.eu\/#\/schema\/person\/dbe3b252258537fd318f9b5645a30342\",\"name\":\"master\",\"sameAs\":[\"https:\/\/belux.wpengine.com\"],\"url\":\"https:\/\/belux.edmo.eu\/lb\/author\/master\/\"}]}<\/script>\n<!-- \/ Yoast SEO plugin. -->","yoast_head_json":{"title":"Faktencheck: Video weist net, w\u00e9i prorussesch Influencerin ausgewise g\u00ebtt - EDMO Belux","robots":{"index":"index","follow":"follow","max-snippet":"max-snippet:-1","max-image-preview":"max-image-preview:large","max-video-preview":"max-video-preview:-1"},"canonical":"https:\/\/belux.edmo.eu\/lb\/faktencheck-video-weist-net-wi-prorussesch-influencerin-ausgewise-gtt\/","og_locale":"en_US","og_type":"article","og_title":"Faktencheck: Video weist net, w\u00e9i prorussesch Influencerin ausgewise g\u00ebtt - EDMO Belux","og_description":"&nbsp; A sozialen Netzwierker ass zanter Enn November 2022 e Video am \u00cbmlaf, deen zwee Polizisten an eng Fra um...","og_url":"https:\/\/belux.edmo.eu\/lb\/faktencheck-video-weist-net-wi-prorussesch-influencerin-ausgewise-gtt\/","og_site_name":"EDMO Belux","article_published_time":"2022-12-13T09:20:21+00:00","article_modified_time":"2022-12-13T14:08:31+00:00","og_image":[{"width":620,"height":348,"url":"https:\/\/belux.edmo.eu\/wp-content\/uploads\/2022\/12\/352eca615b2a0a8248ea7f5addc55e09.jpeg","type":"image\/jpeg"}],"author":"master","twitter_card":"summary_large_image","twitter_creator":"@Edmo_Belux","twitter_site":"@Edmo_Belux","twitter_misc":{"Written by":"master","Est. reading time":"4 minutes"},"schema":{"@context":"https:\/\/schema.org","@graph":[{"@type":"Article","@id":"https:\/\/belux.edmo.eu\/lb\/faktencheck-video-weist-net-wi-prorussesch-influencerin-ausgewise-gtt\/#article","isPartOf":{"@id":"https:\/\/belux.edmo.eu\/lb\/faktencheck-video-weist-net-wi-prorussesch-influencerin-ausgewise-gtt\/"},"author":{"name":"master","@id":"https:\/\/belux.edmo.eu\/#\/schema\/person\/dbe3b252258537fd318f9b5645a30342"},"headline":"Faktencheck: Video weist net, w\u00e9i prorussesch Influencerin ausgewise g\u00ebtt","datePublished":"2022-12-13T09:20:21+00:00","dateModified":"2022-12-13T14:08:31+00:00","mainEntityOfPage":{"@id":"https:\/\/belux.edmo.eu\/lb\/faktencheck-video-weist-net-wi-prorussesch-influencerin-ausgewise-gtt\/"},"wordCount":773,"publisher":{"@id":"https:\/\/belux.edmo.eu\/#organization"},"image":{"@id":"https:\/\/belux.edmo.eu\/lb\/faktencheck-video-weist-net-wi-prorussesch-influencerin-ausgewise-gtt\/#primaryimage"},"thumbnailUrl":"https:\/\/belux.edmo.eu\/wp-content\/uploads\/2022\/12\/352eca615b2a0a8248ea7f5addc55e09.jpeg","articleSection":["Politik","Ukraine"],"inLanguage":"lb-LU"},{"@type":"WebPage","@id":"https:\/\/belux.edmo.eu\/lb\/faktencheck-video-weist-net-wi-prorussesch-influencerin-ausgewise-gtt\/","url":"https:\/\/belux.edmo.eu\/lb\/faktencheck-video-weist-net-wi-prorussesch-influencerin-ausgewise-gtt\/","name":"Faktencheck: Video weist net, w\u00e9i prorussesch Influencerin ausgewise g\u00ebtt - EDMO Belux","isPartOf":{"@id":"https:\/\/belux.edmo.eu\/#website"},"primaryImageOfPage":{"@id":"https:\/\/belux.edmo.eu\/lb\/faktencheck-video-weist-net-wi-prorussesch-influencerin-ausgewise-gtt\/#primaryimage"},"image":{"@id":"https:\/\/belux.edmo.eu\/lb\/faktencheck-video-weist-net-wi-prorussesch-influencerin-ausgewise-gtt\/#primaryimage"},"thumbnailUrl":"https:\/\/belux.edmo.eu\/wp-content\/uploads\/2022\/12\/352eca615b2a0a8248ea7f5addc55e09.jpeg","datePublished":"2022-12-13T09:20:21+00:00","dateModified":"2022-12-13T14:08:31+00:00","breadcrumb":{"@id":"https:\/\/belux.edmo.eu\/lb\/faktencheck-video-weist-net-wi-prorussesch-influencerin-ausgewise-gtt\/#breadcrumb"},"inLanguage":"lb-LU","potentialAction":[{"@type":"ReadAction","target":["https:\/\/belux.edmo.eu\/lb\/faktencheck-video-weist-net-wi-prorussesch-influencerin-ausgewise-gtt\/"]}]},{"@type":"ImageObject","inLanguage":"lb-LU","@id":"https:\/\/belux.edmo.eu\/lb\/faktencheck-video-weist-net-wi-prorussesch-influencerin-ausgewise-gtt\/#primaryimage","url":"https:\/\/belux.edmo.eu\/wp-content\/uploads\/2022\/12\/352eca615b2a0a8248ea7f5addc55e09.jpeg","contentUrl":"https:\/\/belux.edmo.eu\/wp-content\/uploads\/2022\/12\/352eca615b2a0a8248ea7f5addc55e09.jpeg","width":620,"height":348,"caption":"Faktencheck: Video weist net, w\u00e9i prorussesch Influencerin ausgewise g\u00ebtt - Featured image"},{"@type":"BreadcrumbList","@id":"https:\/\/belux.edmo.eu\/lb\/faktencheck-video-weist-net-wi-prorussesch-influencerin-ausgewise-gtt\/#breadcrumb","itemListElement":[{"@type":"ListItem","position":1,"name":"Home","item":"https:\/\/belux.edmo.eu\/lb\/"},{"@type":"ListItem","position":2,"name":"Faktencheck: Video weist net, w\u00e9i prorussesch Influencerin ausgewise g\u00ebtt"}]},{"@type":"WebSite","@id":"https:\/\/belux.edmo.eu\/#website","url":"https:\/\/belux.edmo.eu\/","name":"EDMO Belux","description":"Monitoring Disinformation in Belgium and Luxembourg","publisher":{"@id":"https:\/\/belux.edmo.eu\/#organization"},"potentialAction":[{"@type":"SearchAction","target":{"@type":"EntryPoint","urlTemplate":"https:\/\/belux.edmo.eu\/?s={search_term_string}"},"query-input":{"@type":"PropertyValueSpecification","valueRequired":true,"valueName":"search_term_string"}}],"inLanguage":"lb-LU"},{"@type":"Organization","@id":"https:\/\/belux.edmo.eu\/#organization","name":"EDMO Belux","url":"https:\/\/belux.edmo.eu\/","logo":{"@type":"ImageObject","inLanguage":"lb-LU","@id":"https:\/\/belux.edmo.eu\/#\/schema\/logo\/image\/","url":"https:\/\/belux.edmo.eu\/wp-content\/uploads\/2021\/12\/belux-logo-full-color-rgb.svg","contentUrl":"https:\/\/belux.edmo.eu\/wp-content\/uploads\/2021\/12\/belux-logo-full-color-rgb.svg","width":1,"height":1,"caption":"EDMO Belux"},"image":{"@id":"https:\/\/belux.edmo.eu\/#\/schema\/logo\/image\/"},"sameAs":["https:\/\/x.com\/Edmo_Belux"]},{"@type":"Person","@id":"https:\/\/belux.edmo.eu\/#\/schema\/person\/dbe3b252258537fd318f9b5645a30342","name":"master","sameAs":["https:\/\/belux.wpengine.com"],"url":"https:\/\/belux.edmo.eu\/lb\/author\/master\/"}]}},"menu_order":0,"_links":{"self":[{"href":"https:\/\/belux.edmo.eu\/lb\/wp-json\/wp\/v2\/posts\/214478","targetHints":{"allow":["GET"]}}],"collection":[{"href":"https:\/\/belux.edmo.eu\/lb\/wp-json\/wp\/v2\/posts"}],"about":[{"href":"https:\/\/belux.edmo.eu\/lb\/wp-json\/wp\/v2\/types\/post"}],"author":[{"embeddable":true,"href":"https:\/\/belux.edmo.eu\/lb\/wp-json\/wp\/v2\/users\/1"}],"replies":[{"embeddable":true,"href":"https:\/\/belux.edmo.eu\/lb\/wp-json\/wp\/v2\/comments?post=214478"}],"version-history":[{"count":0,"href":"https:\/\/belux.edmo.eu\/lb\/wp-json\/wp\/v2\/posts\/214478\/revisions"}],"wp:featuredmedia":[{"embeddable":true,"href":"https:\/\/belux.edmo.eu\/lb\/wp-json\/wp\/v2\/media\/214473"}],"wp:attachment":[{"href":"https:\/\/belux.edmo.eu\/lb\/wp-json\/wp\/v2\/media?parent=214478"}],"wp:term":[{"taxonomy":"category","embeddable":true,"href":"https:\/\/belux.edmo.eu\/lb\/wp-json\/wp\/v2\/categories?post=214478"},{"taxonomy":"post_tag","embeddable":true,"href":"https:\/\/belux.edmo.eu\/lb\/wp-json\/wp\/v2\/tags?post=214478"}],"curies":[{"name":"wp","href":"https:\/\/api.w.org\/{rel}","templated":true}]}}