{"id":214542,"date":"2022-12-14T06:00:06","date_gmt":"2022-12-14T06:00:06","guid":{"rendered":"https:\/\/belux.edmo.eu\/?p=214542"},"modified":"2022-12-13T14:11:30","modified_gmt":"2022-12-13T14:11:30","slug":"faktencheck-erdueleg-ass-e-fossille-brennstoff-an-net-onbegrenzt-verfgbar","status":"publish","type":"post","link":"https:\/\/belux.edmo.eu\/lb\/faktencheck-erdueleg-ass-e-fossille-brennstoff-an-net-onbegrenzt-verfgbar\/","title":{"rendered":"Faktencheck: \u00c4erdueleg ass e fossille Brennstoff an net onbegrenzt verf\u00fcgbar"},"content":{"rendered":"<article>\n<div>\n<div>\n<p>&nbsp;<\/p>\n<\/div>\n<div>\n<p>De Prozess, dass \u00c4erdueleg hiergestallt g\u00ebtt, dauert Millioune vu Joren. B\u00e4itr\u00e4g a sozialen Netzwierker behaapten awer, dass sech Ueleg m\u00e9i s\u00e9ier regener\u00e9iere g\u00e9if w\u00e9i et ofgebaut k\u00e9int ginn.<\/p>\n<p>Honnerten Notzerinnen an Notzer hunn e B\u00e4itrag op Facebook gedeelt (<a href=\"https:\/\/perma.cc\/EZ48-24EF\" target=\"_blank\" rel=\"noopener\">hei<\/a>, <a href=\"https:\/\/perma.cc\/HK2Z-9VUX\" target=\"_blank\" rel=\"noopener\">hei<\/a>), an deem behaapt g\u00ebtt, \u00c4erdueleg w\u00e4r kee fossille Brennstoff an g\u00e9if sech m\u00e9i s\u00e9ier regener\u00e9iere w\u00e9i en ofgebaut k\u00e9int ginn. D&#8217;Behaaptung war och op <a href=\"https:\/\/perma.cc\/A66U-HXBZ\" target=\"_blank\" rel=\"noopener\">Twitter<\/a> an <a href=\"https:\/\/perma.cc\/V7W6-7VQU\" target=\"_blank\" rel=\"noopener\">Telegram<\/a> souw\u00e9i op <a href=\"https:\/\/perma.cc\/F6AH-SAW5\" target=\"_blank\" rel=\"noopener\">Englesch<\/a>, <a href=\"https:\/\/archive.ph\/tk7tb\" target=\"_blank\" rel=\"noopener\">Spuenesch<\/a> an <a href=\"https:\/\/perma.cc\/9WVA-2V2A?type=image\" target=\"_blank\" rel=\"noopener\">Ungaresch<\/a> am \u00cbmlaf.<\/p>\n<p><img src=\"https:\/\/belux.edmo.eu\/wp-content\/uploads\/2022\/12\/1c99328cb7f3ba54d4f7a652487d0bce.jpeg\" alt=\"RTL\" \/> Screenshot der Behauptung auf Facebook: 29.11.2022<\/p>\n<p>\u00c4erdueleg g\u00ebtt aus den Iwwerreschter vun Organismen a Planze form\u00e9iert a g\u00ebllt net als erneierbar Energiequell. Well den Ofbau \u00ebmmer m\u00e9i deier an technesch opwenneg g\u00ebtt an alternativ Energiequellen erschloss ginn, erwaarden Expertinnen an Experten, dass d&#8217;Uelegproduktioun nach an d\u00ebsem Joerhonnert zer\u00e9ckgoe w\u00e4ert. De Begr\u00ebff &#8220;fossil Brennstoffer&#8221; g\u00ebtt ausserdeem zanter dem 18. Joerhonnert fir \u00c4erdueleg benotzt &#8211; laang virun der Gebuert vum John D. Rockefeller am Joer 1839. Zwar ass de Prozess fir d&#8217;Hierstellung vun \u00c4erdueleg net ofgeschloss, mee dat bedeit awer net, dass st\u00e4nneg &#8220;neien Ueleg&#8221; zur Verf\u00fcgung steet an e g\u00ebtt dohier och net als &#8220;erneierbar Energiequell&#8221; ugesinn.<\/p>\n<p>\u00c4erduelegvirkomme regener\u00e9iere sech net<\/p>\n<p>An de B\u00e4itr\u00e4g, d\u00e9i aktuell gedeelt ginn, g\u00ebtt behaapt, \u00c4erdueleg g\u00e9if sech &#8220;m\u00e9i s\u00e9ier&#8221; regener\u00e9ieren &#8220;w\u00e9i et jeemools ofgebaut&#8221; k\u00e9int ginn. Dat impliz\u00e9iert, dass d&#8217;Quantit\u00e9it un Ueleg, d\u00e9i d&#8217;M\u00ebnschen notze k\u00ebnnen, praktesch keng Limitt h\u00e4tt. Expertinnen an Experten, d\u00e9i vun der AFP befrot goufen, widderspriechen d\u00ebser Duerstellung awer.<\/p>\n<p><img src=\"https:\/\/belux.edmo.eu\/wp-content\/uploads\/2022\/12\/3ccbc78594060d28a1adf4edd68fdf9e.jpeg\" alt=\"RTL\" \/> \u00d6lbohrturm in der W\u00fcste des Golfemirats Dubai ( AFP \/ GIUSEPPE CACACE)<\/p>\n<p><a href=\"https:\/\/expertes.fr\/expertes\/67588-mathilde-adelinet\/\" target=\"_blank\" rel=\"noopener\">D&#8217;Mathilde Adelinet<\/a> ass Geologin an ausseruerdentlech Professesch un der frans\u00e9ischer H\u00e9ichschoul fir Ingenieurw\u00ebssenschaften <a href=\"https:\/\/www.ifp-school.com\/\" target=\"_blank\" rel=\"noopener\">IFP School<\/a> souw\u00e9i eemoleg Fuerschungsingenieurin fir Geophysik um frans\u00e9ische Fuerschungsinstitut <a href=\"https:\/\/www.ifpenergiesnouvelles.fr\/\" target=\"_blank\" rel=\"noopener\">IFPEN<\/a>. Si huet de 24. November 2022 g\u00e9intiwwer der AFP erkl\u00e4ert, dass sech \u00c4erdueleg net a kuerzen Z\u00e4itraim &#8220;regener\u00e9iere g\u00e9if&#8221;. Ueleg g\u00e9if &#8211; am G\u00e9igesaz zu Waasser &#8211; net fr\u00e4i fl\u00e9issen, sou d&#8217;Expertin, mee g\u00e9if sech a festem Gestengs befannen. Vun do k\u00e9int en duerch Buerungen exploit\u00e9iert ginn, duerno g\u00e9if awer net einfach neien Ueleg op der Plaz nofl\u00e9issen, wou eng gew\u00ebss Quantit\u00e9it ofgepompelt gouf, sot d&#8217;Adelinet.<\/p>\n<p><a href=\"https:\/\/education.nationalgeographic.org\/resource\/petroleum\" target=\"_blank\" rel=\"noopener\">\u00c4erdueleg<\/a> entsteet w\u00e9i aner fossil Brennstoffer &#8211; Kuel oder \u00c4erdgas &#8211; aus den Iwwerreschter vun ale Mieresorganismen. D\u00e9i organesch Bestanddeeler vun ofgestuerwene Planzen. Algen a Bakterie goufen am Laf vu Millioune vu Joren \u00ebnner grousser H\u00ebtzt an h\u00e9ijem Drock a Substanzen \u00ebmgewandelt, d\u00e9i haut als Brennstoffer an an chemescher Industrie benotzt ginn.<\/p>\n<p>Bildung vun \u00c4erdueleg dauert Millioune vu Joren<\/p>\n<p>D&#8217;Adelinet huet der AFP erkl\u00e4ert, dass \u00c4erdueleg just op Plazen entstoe g\u00e9if, op deenen d&#8217;Viraussetzunge fir d\u00ebsen \u00cbmwandlungsprozess bestinn. &#8220;Fir d&#8217;\u00e9ischt muss dat organescht Material ofstierwen &#8211; \u00fcblecherweis an den Ozeanen &#8211; an dann op de Mieresbuedem falen, bis et eng ausr\u00e4ichend D\u00e9ift, Temperatur an Drock erreecht, fir an Ueleg oder Gas \u00ebmgewandelt ze ginn.&#8221;<\/p>\n<p>D&#8217;Geophysikerin huet dorop higewisen, dass d\u00ebse Prozess op kengem Fall bannent engem Joerz\u00e9ngt oder Joerhonnert oflafe k\u00e9int, mee \u00e9ischter Millioune vu Joren dauert. &#8220;70 Prozent vum \u00c4erdueleg, dee mir haut notzen, ass viru ronn 250 Millioune Joren entstanen&#8221;, huet si erkl\u00e4ert. Den Ofbau vun \u00c4erdueleg brauch deemno just e Brochdeel vun der Z\u00e4it, an d\u00e4r d&#8217;Mati\u00e8re premi\u00e8re entstanen ass. W\u00e9i an d\u00ebsem spuenesche <a href=\"https:\/\/factual.afp.com\/http%253A%252F%252Fdoc.afp.com%252F9UV2N8-1\" target=\"_blank\" rel=\"noopener\">Faktencheck<\/a> vun der AFP duergestallt, sinn esouguer d\u00e9i j\u00e9ngst Uelegquelle virun e puer Millioune Joren entstanen. D\u00e9i eelst ginn esouguer op d&#8217;<a href=\"https:\/\/www.amnh.org\/content\/download\/1918\/25381\/file\/dino_10_time.pdf\" target=\"_blank\" rel=\"noopener\">Devon-Period<\/a> zer\u00e9ck, d\u00e9i viru m\u00e9i w\u00e9i 410 Millioune Joren ugefaangen huet.<\/p>\n<p>\u00c4nlech w\u00e9i d&#8217;Mathilde Adelinet huet sech de <a href=\"https:\/\/www.oil.uni-miskolc.hu\/turzo\" target=\"_blank\" rel=\"noopener\">Zolt\u00e1n Turz\u00f3<\/a>, Direkter vum Departement fir \u00c4erdueleg-Technik op der Universit\u00e9it Miskolc an Ungarn, de 16. November 2022 an enger E-Mail g\u00e9intiwwer der AFP ge\u00e4ussert. Et w\u00e4r falsch, ze mengen, dass Ueleg, dee sech nei form\u00e9iert huet, d\u00e9i exploit\u00e9iert Quantit\u00e9iten ersetze k\u00e9int, sou den Turz\u00f3. &#8220;Obwuel och haut nach Kuelewaasserstoffer gebilt ginn, dauert et vill m\u00e9i laang, se aus dem urspr\u00e9ngleche Gestengs fr\u00e4izesetzen an an nei Reservoiren ze br\u00e9ngen, w\u00e9i d\u00e9i Reserven, d\u00e9i schonn do sinn, ze f\u00ebrderen. Dohier g\u00ebtt keen &#8216;neien&#8217; Ueleg a gr\u00e9isserem \u00cbmfang gebilt&#8221;, sou den Expert g\u00e9intiwwer der AFP.<\/p>\n<p>F\u00ebrderung vun \u00c4erdueleg w\u00e4ert an Zukunft zer\u00e9ckgoen<\/p>\n<p>No der Definitioun vun de <a href=\"https:\/\/www.un.org\/en\/climatechange\/what-is-renewable-energy\" target=\"_blank\" rel=\"noopener\">Vereenten Natioune<\/a> stamen &#8220;erneierbar Energien&#8221; aus natierleche Quellen, d\u00e9i &#8220;sech m\u00e9i s\u00e9ier regener\u00e9ieren, w\u00e9i se verbraucht ginn&#8221;, w\u00e9i zum Beispill Sonneliicht a Wand. \u00c4erdueleg zielt par conter net dozou. &#8220;Ueleg ass eng net erneierbar Ressource, d\u00e9i sech am Laf vun der \u00c4erdgeschicht iwwer Millioune vu Jore form\u00e9iert huet&#8221;, huet den <a href=\"https:\/\/le.ac.uk\/people\/heiko-balzter\" target=\"_blank\" rel=\"noopener\">Heiko Balzter<\/a>, Direkter vum Institut fir Landschafts- a Klimafuerschung op der Universit\u00e9it Leicester a Groussbritannien, der AFP den 21. November 2022 per E-Mail matgedeelt.<\/p>\n<p>Zudeem huet sech net just d&#8217;Fro gestallt, ob et \u00ebnnert der \u00c4erd genuch Ueleg g\u00e9if, mee och, ob et iwwerhaapt exploit\u00e9iert k\u00e9int ginn, sot den <a href=\"https:\/\/www.researchgate.net\/profile\/Arndt-Peterhaensel\" target=\"_blank\" rel=\"noopener\">Arndt Peterh\u00e4nsel<\/a>, Geolog a Spezialist fir \u00c4erdueleg um Geow\u00ebssenschaftlechen Institut vun der Universit\u00e9it Heidelberg, der AFP den 21. Juni 2022. &#8220;D&#8217;F\u00ebrderung vun \u00c4erdueleg ass eng Fro vun der Wirtschaftlechkeet. Grouss Quantit\u00e9iten Ueleg w\u00e4erten an hire Reservoire verbleiwen, well et wirtschaftlech net rentabel ass, se ze f\u00ebrderen.&#8221;<\/p>\n<p>Expertinnen an Experten an Uelegkonzerner ginn de Moment dovun aus, dass d&#8217;Exploitatioun vun Ueleg nach an d\u00ebsem Joerhonnert zer\u00e9ckgoe w\u00e4ert. &#8220;Mir verbrauchen den Ueleg esou s\u00e9ier, dass den H\u00e9ichpunkt vun der weltw\u00e4iter \u00c4erduelegproduktioun jee no Offer an Nofro schonn am Joer 2050 oder m\u00e9iglecherweis t\u00ebscht 2070 an 2080 erreecht w\u00e4ert sinn&#8221;, huet den Heiko Balzter erkl\u00e4ert.<\/p>\n<p><img src=\"https:\/\/belux.edmo.eu\/wp-content\/uploads\/2022\/12\/1fdf05ca859c3c669511e7a2034d9cba.jpeg\" alt=\"RTL\" \/> Ein Arbeiter kontrolliert das Wassersystem in der ungarischen Donau-Raffinerie ( AFP \/ ATTILA KISBENEDEK)<\/p>\n<p>&#8220;D&#8217;Uelegproduktioun w\u00e4ert zer\u00e9ckgoen, soubal mir de &#8216;Peak Oil&#8217; iwwerschratt hunn. D\u00e9i global Uelegkonzerner prepar\u00e9iere sech dorop vir a siche schonn no alternativen Energiequellen, fir Ueleg ze ersetzen&#8221;, sou den Expert weider. Der <a href=\"https:\/\/www.britannica.com\/topic\/peak-oil-theory\" target=\"_blank\" rel=\"noopener\">&#8220;Peak Oil&#8221;-Theorie<\/a> no w\u00e4ert d\u00e9i konventionell Exploitatioun vun Ueleg an de kommende Joerz\u00e9ngten hiren H\u00e9ichpunkt erreechen an doropshin ofhuelen. Wa genee d\u00ebsen Z\u00e4itpunkt erreecht si w\u00e4ert a wat fir Konsequenzen domat verbonne sinn, ass awer \u00ebmstridden.<\/p>\n<p>Och \u00ebnner den Uelegproduzenten herrscht keng Eenegkeet, wann den H\u00e9ichpunkt vun der Uelegf\u00ebrderung erreecht ass, awer souguer Ueleggigante w\u00e9i <a href=\"https:\/\/www.bloomberg.com\/professional\/blog\/why-even-saudi-aramco-is-now-talking-about-peak-oil\/\" target=\"_blank\" rel=\"noopener\">Saudi Aramco<\/a> a Shell rechnen an Zukunft mat engem R\u00e9ckgang vun der Uelegproduktioun. <a href=\"https:\/\/edition.cnn.com\/2021\/02\/11\/business\/shell-oil-production-peak\/index.html\" target=\"_blank\" rel=\"noopener\">Shell<\/a> zum Beispill huet am Joer 2021 erkl\u00e4ert, d&#8217;Entreprise h\u00e4tt den H\u00e9ichpunkt vun hirer Uelegproduktioun schonn am Joer 2019 erreecht.<\/p>\n<p>Uelegreserv\u00eb gi rasant ofgebaut<\/p>\n<p>An de B\u00e4itr\u00e4g, d\u00e9i aktuell ronder\u00ebm ginn, g\u00ebtt weider behaapt, Ueleg w\u00e4r no Waasser d\u00e9i zweetheefegst Fl\u00ebssegkeet op der \u00c4erd. Et ass richteg, dass et \u00ebnnert der Uewerfl\u00e4ch betr\u00e4chtlech Quantit\u00e9iten un \u00c4erdueleg g\u00ebtt. &#8220;Estimatioune vum U.S. Geological Survey gi vun ongef\u00e9ier 78 Milliarden Tonnen Ueleg \u00ebnnert dem Buedem aus, d\u00e9i sech iwwer Millioune vu Jore gebilt hunn&#8221;, sot den Arndt Peterh\u00e4nsel an huet drop higewisen, dass Ueleg tats\u00e4chlech eng vun den heefegste Fl\u00ebssegkeeten op der \u00c4erd w\u00e4r.<\/p>\n<p>D&#8217;Webs\u00e4it <a href=\"https:\/\/www.worldometers.info\/oil\/\" target=\"_blank\" rel=\"noopener\">Worldometers<\/a> weist d\u00e9i gesch\u00e4tzt Quantit\u00e9ite vun de weltw\u00e4iten Uelegreserven, d\u00e9i nach iwwereg bleiwen, op Basis vun Donn\u00e9e\u00eb vun der amerikanescher <a href=\"https:\/\/www.eia.gov\/\" target=\"_blank\" rel=\"noopener\">Agence fir Energieinformatiounen (EIA)<\/a> an dem britteschen Uelegkonzern <a href=\"https:\/\/www.bp.com\/en\/global\/corporate\/energy-economics\/statistical-review-of-world-energy.html\" target=\"_blank\" rel=\"noopener\">British Petroleum<\/a> an.<\/p>\n<p>Eng ofschl\u00e9issend \u00c4ntwert op d&#8217;Fro, wat d\u00e9i zweetheefegst Fl\u00ebssegkeet no Waasser op der \u00c4erd ass, h\u00e4nkt dovun of, wat als Fl\u00ebssegkeet ziele g\u00e9if: G\u00e9if zum Beispill Magma och dozou zielen, da g\u00ebtt et m\u00e9i dovu w\u00e9i Waasser, w\u00e9i den Heiko Balzter an d&#8217;Mathilde Adelinet g\u00e9intiwwer der AFP betount hunn.<\/p>\n<p>\u00c4erdueleg g\u00ebllt s\u00e4it dem 18. Joerhonnert als &#8220;fossille Brennstoff&#8221;<\/p>\n<p>De B\u00e4itr\u00e4g no soll den US-amerikaneschen Uelegmagnat John D. Rockefeller den Internationale Comit\u00e9 fir Chimie am Joer 1892 zu Genf dofir &#8220;bezuelt&#8221; hunn, d&#8217;Bezeechnung &#8220;fossille Brennstoff&#8221; fir \u00c4erdueleg festzelee\u00ebn. Den <a href=\"https:\/\/chemistry-europe.onlinelibrary.wiley.com\/doi\/10.1002\/cber.18930260283\" target=\"_blank\" rel=\"noopener\">Internationale Comit\u00e9 fir Chimie<\/a> war vum 19. bis den 22. Abr\u00ebll 1892 zu Genf an der Schw\u00e4iz zesummekomm, fir Reegele fir d&#8217;Nomenklatur vun organesche Stoffer festzelee\u00ebn. D&#8217;Beschl\u00ebss vun der Kommissioun k\u00ebnnen am <a href=\"https:\/\/gallica.bnf.fr\/ark:\/12148\/bpt6k2820064\/f17.item.zoom\" target=\"_blank\" rel=\"noopener\">Original op Frans\u00e9isch<\/a> nogelies ginn. Den Ofschlosstext entw\u00ebrft e System fir d&#8217;Bezeechnung vu Kuelewaasserstoffer.<\/p>\n<p>Cheemesch Verbindungen op Basis vu Kuelestoff g\u00ebllen an der Chimie als organesch Verbindungen. Och \u00c4erdueleg besteet haapts\u00e4chlech aus esou Verbindungen. D&#8217;Beschl\u00ebss vum Internationale Comit\u00e9 fir Chimie erw\u00e4nen awer weder &#8220;fossil Brennstoffer&#8221; nach aner \u00ebmgangssproochlech Bezeechnungen, mee befaasse sech ausschliisslech mat de standardis\u00e9ierter w\u00ebssenschaftlecher Benennung.<\/p>\n<p>Dat \u00e9ischt dokument\u00e9iert Benotze vum Begr\u00ebff\u00a0 &#8220;fossille Brennstoff&#8221; f\u00ebnnt sech an engem Wierk vum Berliner Chimiesprofesser Caspar Neumann aus dem Joer 1759, w\u00e9i den Arndt Peterh\u00e4nsel g\u00e9intiwwer der AFP erkl\u00e4ert huet. &#8220;Den Neumann huet de Begr\u00ebff &#8216;fossille Brennstoff&#8217; fir d&#8217;\u00e9ischt benotzt, dokument\u00e9iert an enger Editioun vu senge cheemesche Wierker, d\u00e9i 1759 an englescher Sprooch publiz\u00e9iert gouf.&#8221; De Begr\u00ebff ass am <a href=\"https:\/\/books.google.at\/books?id=OBUAAAAAQAAJ&amp;pg=PT34#v=onepage&amp;q&amp;f=false\" target=\"_blank\" rel=\"noopener\">Index vum Buch<\/a> vermierkt.<\/p>\n<p><img src=\"https:\/\/belux.edmo.eu\/wp-content\/uploads\/2022\/12\/58f17bf147e972259f549ee2d245b572.jpeg\" alt=\"RTL\" \/> Die Bezeichnung &#8220;fossiler Brennstoff&#8221; in der englischen \u00dcbersetzung der Werke von Caspar Neumann auf Google Books. Screenshot vom 25. November 2022. Hervorhebung durch AFP.<\/p>\n<p>&#8220;Ueleg ass e fossille Brennstoff. \u00c4erdueleg, Kuel an \u00c4erdgas hu sech iwwer Millioune vu Joren \u00ebnner grousser H\u00ebtzt an h\u00e9ijem Drock aus den Iwwerreschter vun urale Mieresplanzen, Algen, a Bakterie form\u00e9iert. Well d\u00ebs Brennstoffer aus den Iwwerreschter vun d\u00ebse Mieresorganismen entstane sinn, nennt ee se &#8220;fossil Brennstoffer&#8221;, sot den Heiko Balzter der AFP.<\/p>\n<p><strong>Fazit:<\/strong> De geologesche Prozess, fir dass sech Ueleg form\u00e9iert, dauert Millioune vu Joren. M\u00ebnsche bauen \u00c4erdueleg bis elo wesentlech m\u00e9i s\u00e9ier of w\u00e9i et sech regener\u00e9iere kann. De fr\u00e9isten Noweis fir d&#8217;Benotze vum Begr\u00ebff &#8220;fossille Brennstoff&#8221; fir \u00c4erdueleg staamt vu 1759 &#8211; Joerz\u00e9ngte virun der Gebuert vum John D. Rockefeller.<\/p>\n<p><em>D\u00ebsen Artikel vun der AFP gouf vun RTL op L\u00ebtzebuergesch iwwersat.<\/em><\/p>\n<\/div>\n<\/div>\n<\/article>\n","protected":false},"excerpt":{"rendered":"<p>&nbsp; De Prozess, dass \u00c4erdueleg hiergestallt g\u00ebtt, dauert Millioune vu Joren. B\u00e4itr\u00e4g a sozialen Netzwierker behaapten awer, dass sech Ueleg&#8230;<\/p>\n","protected":false},"author":1,"featured_media":214537,"comment_status":"closed","ping_status":"open","sticky":false,"template":"","format":"standard","meta":{"_acf_changed":false,"footnotes":""},"categories":[192],"tags":[],"class_list":{"0":"post-214542","1":"post","2":"type-post","3":"status-publish","4":"format-standard","5":"has-post-thumbnail","7":"category-wessenschaft"},"acf":{"show_metatags":true,"id":"2000997","authors":"RTL L\u00ebtzebuerg","organization":"RTL","featured_image_copyright":"","text_copyright":"Copyright RTL \/ CLT-UFA S.A.","source":"https:\/\/www.rtl.lu\/news\/faktencheck\/a\/2000997.html","fact_checker":"https:\/\/belux.wpengine.com\/wp-content\/uploads\/2021\/12\/rtl_logo.png","type":"Closed Event","location":"","start_date":"","start_date_event_begins_at":"","start_date_event_ends_at":"","end_date":"","end_date_event_begins_at":"","end_date_event_ends_at":"","organizer":"","fact_checker_logo_image":false},"yoast_head":"<!-- This site is optimized with the Yoast SEO plugin v27.0 - https:\/\/yoast.com\/product\/yoast-seo-wordpress\/ -->\n<title>Faktencheck: \u00c4erdueleg ass e fossille Brennstoff an net onbegrenzt verf\u00fcgbar - EDMO Belux<\/title>\n<meta name=\"robots\" content=\"index, follow, max-snippet:-1, max-image-preview:large, max-video-preview:-1\" \/>\n<link rel=\"canonical\" href=\"https:\/\/belux.edmo.eu\/lb\/faktencheck-erdueleg-ass-e-fossille-brennstoff-an-net-onbegrenzt-verfgbar\/\" \/>\n<meta property=\"og:locale\" content=\"en_US\" \/>\n<meta property=\"og:type\" content=\"article\" \/>\n<meta property=\"og:title\" content=\"Faktencheck: \u00c4erdueleg ass e fossille Brennstoff an net onbegrenzt verf\u00fcgbar - EDMO Belux\" \/>\n<meta property=\"og:description\" content=\"&nbsp; De Prozess, dass \u00c4erdueleg hiergestallt g\u00ebtt, dauert Millioune vu Joren. B\u00e4itr\u00e4g a sozialen Netzwierker behaapten awer, dass sech Ueleg...\" \/>\n<meta property=\"og:url\" content=\"https:\/\/belux.edmo.eu\/lb\/faktencheck-erdueleg-ass-e-fossille-brennstoff-an-net-onbegrenzt-verfgbar\/\" \/>\n<meta property=\"og:site_name\" content=\"EDMO Belux\" \/>\n<meta property=\"article:published_time\" content=\"2022-12-14T06:00:06+00:00\" \/>\n<meta property=\"og:image\" content=\"https:\/\/belux.edmo.eu\/wp-content\/uploads\/2022\/12\/63bac8197bdfd0e6fd0f1871434bd197.jpeg\" \/>\n\t<meta property=\"og:image:width\" content=\"620\" \/>\n\t<meta property=\"og:image:height\" content=\"348\" \/>\n\t<meta property=\"og:image:type\" content=\"image\/jpeg\" \/>\n<meta name=\"author\" content=\"master\" \/>\n<meta name=\"twitter:card\" content=\"summary_large_image\" \/>\n<meta name=\"twitter:creator\" content=\"@Edmo_Belux\" \/>\n<meta name=\"twitter:site\" content=\"@Edmo_Belux\" \/>\n<meta name=\"twitter:label1\" content=\"Written by\" \/>\n\t<meta name=\"twitter:data1\" content=\"master\" \/>\n\t<meta name=\"twitter:label2\" content=\"Est. reading time\" \/>\n\t<meta name=\"twitter:data2\" content=\"9 minutes\" \/>\n<script type=\"application\/ld+json\" class=\"yoast-schema-graph\">{\"@context\":\"https:\/\/schema.org\",\"@graph\":[{\"@type\":\"Article\",\"@id\":\"https:\/\/belux.edmo.eu\/lb\/faktencheck-erdueleg-ass-e-fossille-brennstoff-an-net-onbegrenzt-verfgbar\/#article\",\"isPartOf\":{\"@id\":\"https:\/\/belux.edmo.eu\/lb\/faktencheck-erdueleg-ass-e-fossille-brennstoff-an-net-onbegrenzt-verfgbar\/\"},\"author\":{\"name\":\"master\",\"@id\":\"https:\/\/belux.edmo.eu\/#\/schema\/person\/dbe3b252258537fd318f9b5645a30342\"},\"headline\":\"Faktencheck: \u00c4erdueleg ass e fossille Brennstoff an net onbegrenzt verf\u00fcgbar\",\"datePublished\":\"2022-12-14T06:00:06+00:00\",\"mainEntityOfPage\":{\"@id\":\"https:\/\/belux.edmo.eu\/lb\/faktencheck-erdueleg-ass-e-fossille-brennstoff-an-net-onbegrenzt-verfgbar\/\"},\"wordCount\":1748,\"publisher\":{\"@id\":\"https:\/\/belux.edmo.eu\/#organization\"},\"image\":{\"@id\":\"https:\/\/belux.edmo.eu\/lb\/faktencheck-erdueleg-ass-e-fossille-brennstoff-an-net-onbegrenzt-verfgbar\/#primaryimage\"},\"thumbnailUrl\":\"https:\/\/belux.edmo.eu\/wp-content\/uploads\/2022\/12\/63bac8197bdfd0e6fd0f1871434bd197.jpeg\",\"articleSection\":[\"W\u00ebssenschaft\"],\"inLanguage\":\"lb-LU\"},{\"@type\":\"WebPage\",\"@id\":\"https:\/\/belux.edmo.eu\/lb\/faktencheck-erdueleg-ass-e-fossille-brennstoff-an-net-onbegrenzt-verfgbar\/\",\"url\":\"https:\/\/belux.edmo.eu\/lb\/faktencheck-erdueleg-ass-e-fossille-brennstoff-an-net-onbegrenzt-verfgbar\/\",\"name\":\"Faktencheck: \u00c4erdueleg ass e fossille Brennstoff an net onbegrenzt verf\u00fcgbar - EDMO Belux\",\"isPartOf\":{\"@id\":\"https:\/\/belux.edmo.eu\/#website\"},\"primaryImageOfPage\":{\"@id\":\"https:\/\/belux.edmo.eu\/lb\/faktencheck-erdueleg-ass-e-fossille-brennstoff-an-net-onbegrenzt-verfgbar\/#primaryimage\"},\"image\":{\"@id\":\"https:\/\/belux.edmo.eu\/lb\/faktencheck-erdueleg-ass-e-fossille-brennstoff-an-net-onbegrenzt-verfgbar\/#primaryimage\"},\"thumbnailUrl\":\"https:\/\/belux.edmo.eu\/wp-content\/uploads\/2022\/12\/63bac8197bdfd0e6fd0f1871434bd197.jpeg\",\"datePublished\":\"2022-12-14T06:00:06+00:00\",\"breadcrumb\":{\"@id\":\"https:\/\/belux.edmo.eu\/lb\/faktencheck-erdueleg-ass-e-fossille-brennstoff-an-net-onbegrenzt-verfgbar\/#breadcrumb\"},\"inLanguage\":\"lb-LU\",\"potentialAction\":[{\"@type\":\"ReadAction\",\"target\":[\"https:\/\/belux.edmo.eu\/lb\/faktencheck-erdueleg-ass-e-fossille-brennstoff-an-net-onbegrenzt-verfgbar\/\"]}]},{\"@type\":\"ImageObject\",\"inLanguage\":\"lb-LU\",\"@id\":\"https:\/\/belux.edmo.eu\/lb\/faktencheck-erdueleg-ass-e-fossille-brennstoff-an-net-onbegrenzt-verfgbar\/#primaryimage\",\"url\":\"https:\/\/belux.edmo.eu\/wp-content\/uploads\/2022\/12\/63bac8197bdfd0e6fd0f1871434bd197.jpeg\",\"contentUrl\":\"https:\/\/belux.edmo.eu\/wp-content\/uploads\/2022\/12\/63bac8197bdfd0e6fd0f1871434bd197.jpeg\",\"width\":620,\"height\":348,\"caption\":\"Faktencheck: \u00c4erdueleg ass e fossille Brennstoff an net onbegrenzt verf\u00fcgbar - Featured image\"},{\"@type\":\"BreadcrumbList\",\"@id\":\"https:\/\/belux.edmo.eu\/lb\/faktencheck-erdueleg-ass-e-fossille-brennstoff-an-net-onbegrenzt-verfgbar\/#breadcrumb\",\"itemListElement\":[{\"@type\":\"ListItem\",\"position\":1,\"name\":\"Home\",\"item\":\"https:\/\/belux.edmo.eu\/lb\/\"},{\"@type\":\"ListItem\",\"position\":2,\"name\":\"Faktencheck: \u00c4erdueleg ass e fossille Brennstoff an net onbegrenzt verf\u00fcgbar\"}]},{\"@type\":\"WebSite\",\"@id\":\"https:\/\/belux.edmo.eu\/#website\",\"url\":\"https:\/\/belux.edmo.eu\/\",\"name\":\"EDMO Belux\",\"description\":\"Monitoring Disinformation in Belgium and Luxembourg\",\"publisher\":{\"@id\":\"https:\/\/belux.edmo.eu\/#organization\"},\"potentialAction\":[{\"@type\":\"SearchAction\",\"target\":{\"@type\":\"EntryPoint\",\"urlTemplate\":\"https:\/\/belux.edmo.eu\/?s={search_term_string}\"},\"query-input\":{\"@type\":\"PropertyValueSpecification\",\"valueRequired\":true,\"valueName\":\"search_term_string\"}}],\"inLanguage\":\"lb-LU\"},{\"@type\":\"Organization\",\"@id\":\"https:\/\/belux.edmo.eu\/#organization\",\"name\":\"EDMO Belux\",\"url\":\"https:\/\/belux.edmo.eu\/\",\"logo\":{\"@type\":\"ImageObject\",\"inLanguage\":\"lb-LU\",\"@id\":\"https:\/\/belux.edmo.eu\/#\/schema\/logo\/image\/\",\"url\":\"https:\/\/belux.edmo.eu\/wp-content\/uploads\/2021\/12\/belux-logo-full-color-rgb.svg\",\"contentUrl\":\"https:\/\/belux.edmo.eu\/wp-content\/uploads\/2021\/12\/belux-logo-full-color-rgb.svg\",\"width\":1,\"height\":1,\"caption\":\"EDMO Belux\"},\"image\":{\"@id\":\"https:\/\/belux.edmo.eu\/#\/schema\/logo\/image\/\"},\"sameAs\":[\"https:\/\/x.com\/Edmo_Belux\"]},{\"@type\":\"Person\",\"@id\":\"https:\/\/belux.edmo.eu\/#\/schema\/person\/dbe3b252258537fd318f9b5645a30342\",\"name\":\"master\",\"sameAs\":[\"https:\/\/belux.wpengine.com\"],\"url\":\"https:\/\/belux.edmo.eu\/lb\/author\/master\/\"}]}<\/script>\n<!-- \/ Yoast SEO plugin. -->","yoast_head_json":{"title":"Faktencheck: \u00c4erdueleg ass e fossille Brennstoff an net onbegrenzt verf\u00fcgbar - EDMO Belux","robots":{"index":"index","follow":"follow","max-snippet":"max-snippet:-1","max-image-preview":"max-image-preview:large","max-video-preview":"max-video-preview:-1"},"canonical":"https:\/\/belux.edmo.eu\/lb\/faktencheck-erdueleg-ass-e-fossille-brennstoff-an-net-onbegrenzt-verfgbar\/","og_locale":"en_US","og_type":"article","og_title":"Faktencheck: \u00c4erdueleg ass e fossille Brennstoff an net onbegrenzt verf\u00fcgbar - EDMO Belux","og_description":"&nbsp; De Prozess, dass \u00c4erdueleg hiergestallt g\u00ebtt, dauert Millioune vu Joren. B\u00e4itr\u00e4g a sozialen Netzwierker behaapten awer, dass sech Ueleg...","og_url":"https:\/\/belux.edmo.eu\/lb\/faktencheck-erdueleg-ass-e-fossille-brennstoff-an-net-onbegrenzt-verfgbar\/","og_site_name":"EDMO Belux","article_published_time":"2022-12-14T06:00:06+00:00","og_image":[{"width":620,"height":348,"url":"https:\/\/belux.edmo.eu\/wp-content\/uploads\/2022\/12\/63bac8197bdfd0e6fd0f1871434bd197.jpeg","type":"image\/jpeg"}],"author":"master","twitter_card":"summary_large_image","twitter_creator":"@Edmo_Belux","twitter_site":"@Edmo_Belux","twitter_misc":{"Written by":"master","Est. reading time":"9 minutes"},"schema":{"@context":"https:\/\/schema.org","@graph":[{"@type":"Article","@id":"https:\/\/belux.edmo.eu\/lb\/faktencheck-erdueleg-ass-e-fossille-brennstoff-an-net-onbegrenzt-verfgbar\/#article","isPartOf":{"@id":"https:\/\/belux.edmo.eu\/lb\/faktencheck-erdueleg-ass-e-fossille-brennstoff-an-net-onbegrenzt-verfgbar\/"},"author":{"name":"master","@id":"https:\/\/belux.edmo.eu\/#\/schema\/person\/dbe3b252258537fd318f9b5645a30342"},"headline":"Faktencheck: \u00c4erdueleg ass e fossille Brennstoff an net onbegrenzt verf\u00fcgbar","datePublished":"2022-12-14T06:00:06+00:00","mainEntityOfPage":{"@id":"https:\/\/belux.edmo.eu\/lb\/faktencheck-erdueleg-ass-e-fossille-brennstoff-an-net-onbegrenzt-verfgbar\/"},"wordCount":1748,"publisher":{"@id":"https:\/\/belux.edmo.eu\/#organization"},"image":{"@id":"https:\/\/belux.edmo.eu\/lb\/faktencheck-erdueleg-ass-e-fossille-brennstoff-an-net-onbegrenzt-verfgbar\/#primaryimage"},"thumbnailUrl":"https:\/\/belux.edmo.eu\/wp-content\/uploads\/2022\/12\/63bac8197bdfd0e6fd0f1871434bd197.jpeg","articleSection":["W\u00ebssenschaft"],"inLanguage":"lb-LU"},{"@type":"WebPage","@id":"https:\/\/belux.edmo.eu\/lb\/faktencheck-erdueleg-ass-e-fossille-brennstoff-an-net-onbegrenzt-verfgbar\/","url":"https:\/\/belux.edmo.eu\/lb\/faktencheck-erdueleg-ass-e-fossille-brennstoff-an-net-onbegrenzt-verfgbar\/","name":"Faktencheck: \u00c4erdueleg ass e fossille Brennstoff an net onbegrenzt verf\u00fcgbar - EDMO Belux","isPartOf":{"@id":"https:\/\/belux.edmo.eu\/#website"},"primaryImageOfPage":{"@id":"https:\/\/belux.edmo.eu\/lb\/faktencheck-erdueleg-ass-e-fossille-brennstoff-an-net-onbegrenzt-verfgbar\/#primaryimage"},"image":{"@id":"https:\/\/belux.edmo.eu\/lb\/faktencheck-erdueleg-ass-e-fossille-brennstoff-an-net-onbegrenzt-verfgbar\/#primaryimage"},"thumbnailUrl":"https:\/\/belux.edmo.eu\/wp-content\/uploads\/2022\/12\/63bac8197bdfd0e6fd0f1871434bd197.jpeg","datePublished":"2022-12-14T06:00:06+00:00","breadcrumb":{"@id":"https:\/\/belux.edmo.eu\/lb\/faktencheck-erdueleg-ass-e-fossille-brennstoff-an-net-onbegrenzt-verfgbar\/#breadcrumb"},"inLanguage":"lb-LU","potentialAction":[{"@type":"ReadAction","target":["https:\/\/belux.edmo.eu\/lb\/faktencheck-erdueleg-ass-e-fossille-brennstoff-an-net-onbegrenzt-verfgbar\/"]}]},{"@type":"ImageObject","inLanguage":"lb-LU","@id":"https:\/\/belux.edmo.eu\/lb\/faktencheck-erdueleg-ass-e-fossille-brennstoff-an-net-onbegrenzt-verfgbar\/#primaryimage","url":"https:\/\/belux.edmo.eu\/wp-content\/uploads\/2022\/12\/63bac8197bdfd0e6fd0f1871434bd197.jpeg","contentUrl":"https:\/\/belux.edmo.eu\/wp-content\/uploads\/2022\/12\/63bac8197bdfd0e6fd0f1871434bd197.jpeg","width":620,"height":348,"caption":"Faktencheck: \u00c4erdueleg ass e fossille Brennstoff an net onbegrenzt verf\u00fcgbar - Featured image"},{"@type":"BreadcrumbList","@id":"https:\/\/belux.edmo.eu\/lb\/faktencheck-erdueleg-ass-e-fossille-brennstoff-an-net-onbegrenzt-verfgbar\/#breadcrumb","itemListElement":[{"@type":"ListItem","position":1,"name":"Home","item":"https:\/\/belux.edmo.eu\/lb\/"},{"@type":"ListItem","position":2,"name":"Faktencheck: \u00c4erdueleg ass e fossille Brennstoff an net onbegrenzt verf\u00fcgbar"}]},{"@type":"WebSite","@id":"https:\/\/belux.edmo.eu\/#website","url":"https:\/\/belux.edmo.eu\/","name":"EDMO Belux","description":"Monitoring Disinformation in Belgium and Luxembourg","publisher":{"@id":"https:\/\/belux.edmo.eu\/#organization"},"potentialAction":[{"@type":"SearchAction","target":{"@type":"EntryPoint","urlTemplate":"https:\/\/belux.edmo.eu\/?s={search_term_string}"},"query-input":{"@type":"PropertyValueSpecification","valueRequired":true,"valueName":"search_term_string"}}],"inLanguage":"lb-LU"},{"@type":"Organization","@id":"https:\/\/belux.edmo.eu\/#organization","name":"EDMO Belux","url":"https:\/\/belux.edmo.eu\/","logo":{"@type":"ImageObject","inLanguage":"lb-LU","@id":"https:\/\/belux.edmo.eu\/#\/schema\/logo\/image\/","url":"https:\/\/belux.edmo.eu\/wp-content\/uploads\/2021\/12\/belux-logo-full-color-rgb.svg","contentUrl":"https:\/\/belux.edmo.eu\/wp-content\/uploads\/2021\/12\/belux-logo-full-color-rgb.svg","width":1,"height":1,"caption":"EDMO Belux"},"image":{"@id":"https:\/\/belux.edmo.eu\/#\/schema\/logo\/image\/"},"sameAs":["https:\/\/x.com\/Edmo_Belux"]},{"@type":"Person","@id":"https:\/\/belux.edmo.eu\/#\/schema\/person\/dbe3b252258537fd318f9b5645a30342","name":"master","sameAs":["https:\/\/belux.wpengine.com"],"url":"https:\/\/belux.edmo.eu\/lb\/author\/master\/"}]}},"menu_order":0,"_links":{"self":[{"href":"https:\/\/belux.edmo.eu\/lb\/wp-json\/wp\/v2\/posts\/214542","targetHints":{"allow":["GET"]}}],"collection":[{"href":"https:\/\/belux.edmo.eu\/lb\/wp-json\/wp\/v2\/posts"}],"about":[{"href":"https:\/\/belux.edmo.eu\/lb\/wp-json\/wp\/v2\/types\/post"}],"author":[{"embeddable":true,"href":"https:\/\/belux.edmo.eu\/lb\/wp-json\/wp\/v2\/users\/1"}],"replies":[{"embeddable":true,"href":"https:\/\/belux.edmo.eu\/lb\/wp-json\/wp\/v2\/comments?post=214542"}],"version-history":[{"count":0,"href":"https:\/\/belux.edmo.eu\/lb\/wp-json\/wp\/v2\/posts\/214542\/revisions"}],"wp:featuredmedia":[{"embeddable":true,"href":"https:\/\/belux.edmo.eu\/lb\/wp-json\/wp\/v2\/media\/214537"}],"wp:attachment":[{"href":"https:\/\/belux.edmo.eu\/lb\/wp-json\/wp\/v2\/media?parent=214542"}],"wp:term":[{"taxonomy":"category","embeddable":true,"href":"https:\/\/belux.edmo.eu\/lb\/wp-json\/wp\/v2\/categories?post=214542"},{"taxonomy":"post_tag","embeddable":true,"href":"https:\/\/belux.edmo.eu\/lb\/wp-json\/wp\/v2\/tags?post=214542"}],"curies":[{"name":"wp","href":"https:\/\/api.w.org\/{rel}","templated":true}]}}