{"id":226245,"date":"2023-01-17T11:00:23","date_gmt":"2023-01-17T11:00:23","guid":{"rendered":"https:\/\/belux.edmo.eu\/?p=226245"},"modified":"2023-01-24T09:36:57","modified_gmt":"2023-01-24T09:36:57","slug":"rtl-faktencheck-ko-drpsen-op-studentebaler","status":"publish","type":"post","link":"https:\/\/belux.edmo.eu\/lb\/rtl-faktencheck-ko-drpsen-op-studentebaler\/","title":{"rendered":"RTL-Faktencheck: KO-Dr\u00ebpsen op Studentebaler?"},"content":{"rendered":"<article>\n<div>\n<div>\n<p>&nbsp;<\/p>\n<\/div>\n<div>\n<p>Op de Studentebaler h\u00e4tt et eng Partie Virf\u00e4ll mat KO-Dr\u00ebpse ginn, dat eppes, wat RTL zougedroe gouf an \u00ebnnert Jonken den Ament vill diskut\u00e9iert g\u00ebtt. Rieds ass vum &#8220;Z\u00fcrcher Bal&#8221; a vun der Silvesterparty an der Luxexpo.<\/p>\n<p>Mir hu beim CGDIS, der Police an de Spideeler nogefrot, ob et Virf\u00e4ll ronder\u00ebm d&#8217;Feierdeeg gouf an ob esou F\u00e4ll op Studentebaler konnten nogewise ginn.<\/p>\n<p class=\"article-title\"><strong>Wat seet d&#8217;Police?<\/strong><\/p>\n<p>D&#8217;Police gouf an der Nuecht op de 26. Dezember kuerz virun 3 Auer op en Asaz geruff. E puer Persoune\u00a0gouf et schlecht, d\u00ebs hunn uginn, se h\u00e4tte m\u00e9iglecherweis KO-Dr\u00ebpsen an d&#8217;Glas gemaach krut. D&#8217;Policebeamten h\u00e4tten d&#8217;Persounen drop sensibilis\u00e9iert, datt se sech an d\u00ebsem Fall sollen an der Klinik op d\u00e9i entspriechend Substanzen teste loossen, an am Fall, wou eppes fonnt gi wier, bei der Police eng Plainte f\u00e9ieren.<\/p>\n<p>Och an der Silvesternuecht war d&#8217;Police bei der Luxexpo am Asaz, dat awer am Kader vun enger\u00a0Kontroll.<\/p>\n<p>Bis elo konnt d&#8217;Police eis net matdeelen, ob eng Plainte depos\u00e9iert ass oder net.<\/p>\n<p class=\"article-title\">Wat soen d&#8217;Spideeler?<\/p>\n<p>Um Owend vum &#8220;Z\u00fcrcher Bal&#8221; hat den CHL D\u00e9ngscht. RTL-Informatiounen\u00a0no konnt a kengem Fall den Asaz vu KO-Dr\u00ebpsen\u00a0nogewise ginn. D\u00e9i jonk Patiente\u00a0wieren allerd\u00e9ngs\u00a0all h\u00e9ich\u00a0alkoholis\u00e9iert\u00a0gewiescht, et wiere virun allem jonk Frae gewiescht.<\/p>\n<p>Den Dr. Emile Bock, Directeur Medical vun den Urgenc\u00eb\u00a0vun den HRS, sot RTL g\u00e9intiwwer, datt op Silvester eng 20 bis 25 jonk Fraen an den Urgence waren, d\u00e9i\u00a0deen Owend op engem Bal gefeiert hunn. Bei all d\u00ebse\u00a0wier ee ganz h\u00e9ijen Alkoholtaux\u00a0nogewise ginn, Rieds geet vun Tauxe vun 2 bis 3 Promill.<\/p>\n<p class=\"article-title\">Wat seet den CGDIS?<\/p>\n<p>De 25. Dezember hat den CGDIS een Asaz, wou et e Verdacht gouf, datt enger Persoun eng Substanz an d&#8217;Glas gemaach gouf.<\/p>\n<p>Op Silvester gouf et 6 As\u00e4tz w\u00e9inst\u00a0Alkohol, Drogen oder enger Substanz am Glas. All d&#8217;Persounen hunn allerd\u00e9ngs\u00a0en Transport an d&#8217;Spidol refus\u00e9iert, soudatt net konnt festgestallt ginn, ob illegal Stoffer am Spill waren.<\/p>\n<p class=\"article-title\"><strong>Komme sou F\u00e4ll m\u00e9i heefeg vir?<\/strong><\/p>\n<p>Konkret Zuelen zu Virf\u00e4ll mat KO-Dr\u00ebpsen\u00a0huet d&#8217;Police net. Et k\u00e9int\u00a0een deemno keng konkret Ausso doriwwer maachen, ob et m\u00e9i heefeg virk\u00ebnnt. Dob\u00e4i kennt, datt esou Substanzen\u00a0n\u00ebmme schw\u00e9ier\u00a0noweisbar sinn, verschidde Stoffer k\u00ebnnen am Blutt an Urin n\u00ebmme\u00a0w\u00e4rend e puer Stonnen\u00a0nogewise ginn.<\/p>\n<p>No zwee Baler zu Helzen an zu R\u00e9iden goufe\u00a07 Plaint\u00eb gemaach, RTL hat deemools\u00a0doriwwer bericht:<\/p>\n<p><a href=\"https:\/\/www.rtl.lu\/news\/national\/a\/1995886.html\">https:\/\/www.rtl.lu\/news\/national\/a\/1995886.html<\/a><\/p>\n<p><a href=\"https:\/\/www.rtl.lu\/news\/national\/a\/1987870.html\">https:\/\/www.rtl.lu\/news\/national\/a\/1987870.html<\/a><\/p>\n<p class=\"link\"><a class=\"link__action\" href=\"https:\/\/www.rtl.lu\/news\/national\/a\/2004143.html\" target=\"_blank\" rel=\"noopener\">RTL-MAGAZIN: K.O.-Dr\u00ebpsen Drogekonsum: &#8220;GHB ass d\u00ebst Joer m\u00e9i opf\u00e4lleg hei am Land&#8221; <\/a><\/p>\n<p>&nbsp;<\/p>\n<p>Hei g\u00e9ifen d\u2018Erm\u00ebttlungen\u00a0nach \u00ebmmer\u00a0lafen, esou eng Spriecherin vun der Police op Nofro.<\/p>\n<p class=\"article-title\"><strong>Wei soll ee bei engem Verdachtsfall reag\u00e9ieren?<\/strong><\/p>\n<p>Den Dr. Emile Bock vun den HRS sot, datt een net k\u00e9int\u00a0definitiv ausschl\u00e9issen, datt vereenzelt Persounen och eppes an d&#8217;Glas gemaach kruten. Allerd\u00e9ngs\u00a0wier et eng Fro vun der Probabilit\u00e9it. Als gudde Rot k\u00e9int een\u00a0n\u00ebmme\u00a0mat\u00a0op de Wee ginn, datt, wann een dobaussen \u00ebnnerwee\u00a0ass, een op s\u00e4i Gedr\u00e9nks\u00a0oppasst.<\/p>\n<p>De CGDIS sot, datt ee komplette Screening n\u00ebmmen de Laboratoire national de Sant\u00e9 (LNS) k\u00e9int maachen, fir s\u00e9cher\u00a0ze goen, datt eng Drog am Spill war.<\/p>\n<p>D&#8217;Police r\u00e9it, datt ee bei engem Verdachtsfall s\u00e9ier reag\u00e9iert\u00a0an d\u00e9i\u00a0n\u00e9ideg\u00a0Analysen\u00a0duerchf\u00e9iere l\u00e9isst. Wichteg wier et dann och, Plainte ze maachen, datt d&#8217;Police k\u00e9int aktiv ginn an eng Enqu\u00eate\u00a0opgemaach ginn.<\/p>\n<p><a href=\"https:\/\/police.public.lu\/de\/prevention\/vols\/gouttes-ko.html\">https:\/\/police.public.lu\/de\/prevention\/vols\/gouttes-ko.html<\/a><\/p>\n<p>Links<\/p>\n<ul>\n<li>\n<p class=\"link\"><a class=\"link__action\" href=\"https:\/\/www.rtl.lu\/news\/national\/a\/2004143.html\" target=\"_blank\" rel=\"noopener\">RTL-MAGAZIN: K.O.-Dr\u00ebpsen Drogekonsum: &#8220;GHB ass d\u00ebst Joer m\u00e9i opf\u00e4lleg hei am Land&#8221; <\/a><\/p>\n<\/li>\n<\/ul>\n<\/div>\n<\/div>\n<\/article>\n","protected":false},"excerpt":{"rendered":"<p>Op de Studentebaler h\u00e4tt et eng Partie Virf\u00e4ll mat KO-Dr\u00ebpse ginn, dat eppes, wat RTL zougedroe gouf an \u00ebnnert Jonken den Ament vill diskut\u00e9iert g\u00ebtt. Rieds ass vum &#8220;Z\u00fcrcher Bal&#8221; a vun der Silvesterparty an der Luxexpo.<\/p>\n","protected":false},"author":1,"featured_media":234485,"comment_status":"closed","ping_status":"open","sticky":false,"template":"","format":"standard","meta":{"_acf_changed":false,"footnotes":""},"categories":[183,193,190],"tags":[],"class_list":{"0":"post-226245","1":"post","2":"type-post","3":"status-publish","4":"format-standard","5":"has-post-thumbnail","7":"category-fact-check-lb","8":"category-gesellschaft","9":"category-gesondheet"},"acf":{"show_metatags":true,"id":"2012708","authors":"RTL L\u00ebtzebuerg","organization":"RTL","featured_image_copyright":"","text_copyright":"Copyright RTL \/ CLT-UFA S.A.","source":"https:\/\/www.rtl.lu\/news\/faktencheck\/a\/2012708.html","fact_checker":"https:\/\/belux.wpengine.com\/wp-content\/uploads\/2021\/12\/rtl_logo.png","type":"Closed Event","location":"","start_date":"","start_date_event_begins_at":"","start_date_event_ends_at":"","end_date":"","end_date_event_begins_at":"","end_date_event_ends_at":"","organizer":"","fact_checker_logo_image":false},"yoast_head":"<!-- This site is optimized with the Yoast SEO plugin v27.0 - https:\/\/yoast.com\/product\/yoast-seo-wordpress\/ -->\n<title>RTL-Faktencheck: KO-Dr\u00ebpsen op Studentebaler? - EDMO Belux<\/title>\n<meta name=\"robots\" content=\"index, follow, max-snippet:-1, max-image-preview:large, max-video-preview:-1\" \/>\n<link rel=\"canonical\" href=\"https:\/\/belux.edmo.eu\/lb\/rtl-faktencheck-ko-drpsen-op-studentebaler\/\" \/>\n<meta property=\"og:locale\" content=\"en_US\" \/>\n<meta property=\"og:type\" content=\"article\" \/>\n<meta property=\"og:title\" content=\"RTL-Faktencheck: KO-Dr\u00ebpsen op Studentebaler? - EDMO Belux\" \/>\n<meta property=\"og:description\" content=\"Op de Studentebaler h\u00e4tt et eng Partie Virf\u00e4ll mat KO-Dr\u00ebpse ginn, dat eppes, wat RTL zougedroe gouf an \u00ebnnert Jonken den Ament vill diskut\u00e9iert g\u00ebtt. Rieds ass vum &quot;Z\u00fcrcher Bal&quot; a vun der Silvesterparty an der Luxexpo.\" \/>\n<meta property=\"og:url\" content=\"https:\/\/belux.edmo.eu\/lb\/rtl-faktencheck-ko-drpsen-op-studentebaler\/\" \/>\n<meta property=\"og:site_name\" content=\"EDMO Belux\" \/>\n<meta property=\"article:published_time\" content=\"2023-01-17T11:00:23+00:00\" \/>\n<meta property=\"article:modified_time\" content=\"2023-01-24T09:36:57+00:00\" \/>\n<meta property=\"og:image\" content=\"https:\/\/belux-edmo.s3-accelerate.amazonaws.com\/wp-content\/uploads\/2023\/01\/RTLPic.jpg\" \/>\n\t<meta property=\"og:image:width\" content=\"800\" \/>\n\t<meta property=\"og:image:height\" content=\"450\" \/>\n\t<meta property=\"og:image:type\" content=\"image\/jpeg\" \/>\n<meta name=\"author\" content=\"master\" \/>\n<meta name=\"twitter:card\" content=\"summary_large_image\" \/>\n<meta name=\"twitter:creator\" content=\"@Edmo_Belux\" \/>\n<meta name=\"twitter:site\" content=\"@Edmo_Belux\" \/>\n<meta name=\"twitter:label1\" content=\"Written by\" \/>\n\t<meta name=\"twitter:data1\" content=\"master\" \/>\n\t<meta name=\"twitter:label2\" content=\"Est. reading time\" \/>\n\t<meta name=\"twitter:data2\" content=\"3 minutes\" \/>\n<script type=\"application\/ld+json\" class=\"yoast-schema-graph\">{\"@context\":\"https:\/\/schema.org\",\"@graph\":[{\"@type\":\"Article\",\"@id\":\"https:\/\/belux.edmo.eu\/lb\/rtl-faktencheck-ko-drpsen-op-studentebaler\/#article\",\"isPartOf\":{\"@id\":\"https:\/\/belux.edmo.eu\/lb\/rtl-faktencheck-ko-drpsen-op-studentebaler\/\"},\"author\":{\"name\":\"master\",\"@id\":\"https:\/\/belux.edmo.eu\/#\/schema\/person\/dbe3b252258537fd318f9b5645a30342\"},\"headline\":\"RTL-Faktencheck: KO-Dr\u00ebpsen op Studentebaler?\",\"datePublished\":\"2023-01-17T11:00:23+00:00\",\"dateModified\":\"2023-01-24T09:36:57+00:00\",\"mainEntityOfPage\":{\"@id\":\"https:\/\/belux.edmo.eu\/lb\/rtl-faktencheck-ko-drpsen-op-studentebaler\/\"},\"wordCount\":671,\"publisher\":{\"@id\":\"https:\/\/belux.edmo.eu\/#organization\"},\"image\":{\"@id\":\"https:\/\/belux.edmo.eu\/lb\/rtl-faktencheck-ko-drpsen-op-studentebaler\/#primaryimage\"},\"thumbnailUrl\":\"https:\/\/belux-edmo.s3-accelerate.amazonaws.com\/wp-content\/uploads\/2023\/01\/RTLPic.jpg\",\"articleSection\":[\"Fact Check\",\"Gesellschaft\",\"Gesondheet\"],\"inLanguage\":\"lb-LU\"},{\"@type\":\"WebPage\",\"@id\":\"https:\/\/belux.edmo.eu\/lb\/rtl-faktencheck-ko-drpsen-op-studentebaler\/\",\"url\":\"https:\/\/belux.edmo.eu\/lb\/rtl-faktencheck-ko-drpsen-op-studentebaler\/\",\"name\":\"RTL-Faktencheck: KO-Dr\u00ebpsen op Studentebaler? - EDMO Belux\",\"isPartOf\":{\"@id\":\"https:\/\/belux.edmo.eu\/#website\"},\"primaryImageOfPage\":{\"@id\":\"https:\/\/belux.edmo.eu\/lb\/rtl-faktencheck-ko-drpsen-op-studentebaler\/#primaryimage\"},\"image\":{\"@id\":\"https:\/\/belux.edmo.eu\/lb\/rtl-faktencheck-ko-drpsen-op-studentebaler\/#primaryimage\"},\"thumbnailUrl\":\"https:\/\/belux-edmo.s3-accelerate.amazonaws.com\/wp-content\/uploads\/2023\/01\/RTLPic.jpg\",\"datePublished\":\"2023-01-17T11:00:23+00:00\",\"dateModified\":\"2023-01-24T09:36:57+00:00\",\"breadcrumb\":{\"@id\":\"https:\/\/belux.edmo.eu\/lb\/rtl-faktencheck-ko-drpsen-op-studentebaler\/#breadcrumb\"},\"inLanguage\":\"lb-LU\",\"potentialAction\":[{\"@type\":\"ReadAction\",\"target\":[\"https:\/\/belux.edmo.eu\/lb\/rtl-faktencheck-ko-drpsen-op-studentebaler\/\"]}]},{\"@type\":\"ImageObject\",\"inLanguage\":\"lb-LU\",\"@id\":\"https:\/\/belux.edmo.eu\/lb\/rtl-faktencheck-ko-drpsen-op-studentebaler\/#primaryimage\",\"url\":\"https:\/\/belux-edmo.s3-accelerate.amazonaws.com\/wp-content\/uploads\/2023\/01\/RTLPic.jpg\",\"contentUrl\":\"https:\/\/belux-edmo.s3-accelerate.amazonaws.com\/wp-content\/uploads\/2023\/01\/RTLPic.jpg\",\"width\":800,\"height\":450},{\"@type\":\"BreadcrumbList\",\"@id\":\"https:\/\/belux.edmo.eu\/lb\/rtl-faktencheck-ko-drpsen-op-studentebaler\/#breadcrumb\",\"itemListElement\":[{\"@type\":\"ListItem\",\"position\":1,\"name\":\"Home\",\"item\":\"https:\/\/belux.edmo.eu\/lb\/\"},{\"@type\":\"ListItem\",\"position\":2,\"name\":\"RTL-Faktencheck: KO-Dr\u00ebpsen op Studentebaler?\"}]},{\"@type\":\"WebSite\",\"@id\":\"https:\/\/belux.edmo.eu\/#website\",\"url\":\"https:\/\/belux.edmo.eu\/\",\"name\":\"EDMO Belux\",\"description\":\"Monitoring Disinformation in Belgium and Luxembourg\",\"publisher\":{\"@id\":\"https:\/\/belux.edmo.eu\/#organization\"},\"potentialAction\":[{\"@type\":\"SearchAction\",\"target\":{\"@type\":\"EntryPoint\",\"urlTemplate\":\"https:\/\/belux.edmo.eu\/?s={search_term_string}\"},\"query-input\":{\"@type\":\"PropertyValueSpecification\",\"valueRequired\":true,\"valueName\":\"search_term_string\"}}],\"inLanguage\":\"lb-LU\"},{\"@type\":\"Organization\",\"@id\":\"https:\/\/belux.edmo.eu\/#organization\",\"name\":\"EDMO Belux\",\"url\":\"https:\/\/belux.edmo.eu\/\",\"logo\":{\"@type\":\"ImageObject\",\"inLanguage\":\"lb-LU\",\"@id\":\"https:\/\/belux.edmo.eu\/#\/schema\/logo\/image\/\",\"url\":\"https:\/\/belux.edmo.eu\/wp-content\/uploads\/2021\/12\/belux-logo-full-color-rgb.svg\",\"contentUrl\":\"https:\/\/belux.edmo.eu\/wp-content\/uploads\/2021\/12\/belux-logo-full-color-rgb.svg\",\"width\":1,\"height\":1,\"caption\":\"EDMO Belux\"},\"image\":{\"@id\":\"https:\/\/belux.edmo.eu\/#\/schema\/logo\/image\/\"},\"sameAs\":[\"https:\/\/x.com\/Edmo_Belux\"]},{\"@type\":\"Person\",\"@id\":\"https:\/\/belux.edmo.eu\/#\/schema\/person\/dbe3b252258537fd318f9b5645a30342\",\"name\":\"master\",\"sameAs\":[\"https:\/\/belux.wpengine.com\"],\"url\":\"https:\/\/belux.edmo.eu\/lb\/author\/master\/\"}]}<\/script>\n<!-- \/ Yoast SEO plugin. -->","yoast_head_json":{"title":"RTL-Faktencheck: KO-Dr\u00ebpsen op Studentebaler? - EDMO Belux","robots":{"index":"index","follow":"follow","max-snippet":"max-snippet:-1","max-image-preview":"max-image-preview:large","max-video-preview":"max-video-preview:-1"},"canonical":"https:\/\/belux.edmo.eu\/lb\/rtl-faktencheck-ko-drpsen-op-studentebaler\/","og_locale":"en_US","og_type":"article","og_title":"RTL-Faktencheck: KO-Dr\u00ebpsen op Studentebaler? - EDMO Belux","og_description":"Op de Studentebaler h\u00e4tt et eng Partie Virf\u00e4ll mat KO-Dr\u00ebpse ginn, dat eppes, wat RTL zougedroe gouf an \u00ebnnert Jonken den Ament vill diskut\u00e9iert g\u00ebtt. Rieds ass vum \"Z\u00fcrcher Bal\" a vun der Silvesterparty an der Luxexpo.","og_url":"https:\/\/belux.edmo.eu\/lb\/rtl-faktencheck-ko-drpsen-op-studentebaler\/","og_site_name":"EDMO Belux","article_published_time":"2023-01-17T11:00:23+00:00","article_modified_time":"2023-01-24T09:36:57+00:00","og_image":[{"width":800,"height":450,"url":"https:\/\/belux-edmo.s3-accelerate.amazonaws.com\/wp-content\/uploads\/2023\/01\/RTLPic.jpg","type":"image\/jpeg"}],"author":"master","twitter_card":"summary_large_image","twitter_creator":"@Edmo_Belux","twitter_site":"@Edmo_Belux","twitter_misc":{"Written by":"master","Est. reading time":"3 minutes"},"schema":{"@context":"https:\/\/schema.org","@graph":[{"@type":"Article","@id":"https:\/\/belux.edmo.eu\/lb\/rtl-faktencheck-ko-drpsen-op-studentebaler\/#article","isPartOf":{"@id":"https:\/\/belux.edmo.eu\/lb\/rtl-faktencheck-ko-drpsen-op-studentebaler\/"},"author":{"name":"master","@id":"https:\/\/belux.edmo.eu\/#\/schema\/person\/dbe3b252258537fd318f9b5645a30342"},"headline":"RTL-Faktencheck: KO-Dr\u00ebpsen op Studentebaler?","datePublished":"2023-01-17T11:00:23+00:00","dateModified":"2023-01-24T09:36:57+00:00","mainEntityOfPage":{"@id":"https:\/\/belux.edmo.eu\/lb\/rtl-faktencheck-ko-drpsen-op-studentebaler\/"},"wordCount":671,"publisher":{"@id":"https:\/\/belux.edmo.eu\/#organization"},"image":{"@id":"https:\/\/belux.edmo.eu\/lb\/rtl-faktencheck-ko-drpsen-op-studentebaler\/#primaryimage"},"thumbnailUrl":"https:\/\/belux-edmo.s3-accelerate.amazonaws.com\/wp-content\/uploads\/2023\/01\/RTLPic.jpg","articleSection":["Fact Check","Gesellschaft","Gesondheet"],"inLanguage":"lb-LU"},{"@type":"WebPage","@id":"https:\/\/belux.edmo.eu\/lb\/rtl-faktencheck-ko-drpsen-op-studentebaler\/","url":"https:\/\/belux.edmo.eu\/lb\/rtl-faktencheck-ko-drpsen-op-studentebaler\/","name":"RTL-Faktencheck: KO-Dr\u00ebpsen op Studentebaler? - EDMO Belux","isPartOf":{"@id":"https:\/\/belux.edmo.eu\/#website"},"primaryImageOfPage":{"@id":"https:\/\/belux.edmo.eu\/lb\/rtl-faktencheck-ko-drpsen-op-studentebaler\/#primaryimage"},"image":{"@id":"https:\/\/belux.edmo.eu\/lb\/rtl-faktencheck-ko-drpsen-op-studentebaler\/#primaryimage"},"thumbnailUrl":"https:\/\/belux-edmo.s3-accelerate.amazonaws.com\/wp-content\/uploads\/2023\/01\/RTLPic.jpg","datePublished":"2023-01-17T11:00:23+00:00","dateModified":"2023-01-24T09:36:57+00:00","breadcrumb":{"@id":"https:\/\/belux.edmo.eu\/lb\/rtl-faktencheck-ko-drpsen-op-studentebaler\/#breadcrumb"},"inLanguage":"lb-LU","potentialAction":[{"@type":"ReadAction","target":["https:\/\/belux.edmo.eu\/lb\/rtl-faktencheck-ko-drpsen-op-studentebaler\/"]}]},{"@type":"ImageObject","inLanguage":"lb-LU","@id":"https:\/\/belux.edmo.eu\/lb\/rtl-faktencheck-ko-drpsen-op-studentebaler\/#primaryimage","url":"https:\/\/belux-edmo.s3-accelerate.amazonaws.com\/wp-content\/uploads\/2023\/01\/RTLPic.jpg","contentUrl":"https:\/\/belux-edmo.s3-accelerate.amazonaws.com\/wp-content\/uploads\/2023\/01\/RTLPic.jpg","width":800,"height":450},{"@type":"BreadcrumbList","@id":"https:\/\/belux.edmo.eu\/lb\/rtl-faktencheck-ko-drpsen-op-studentebaler\/#breadcrumb","itemListElement":[{"@type":"ListItem","position":1,"name":"Home","item":"https:\/\/belux.edmo.eu\/lb\/"},{"@type":"ListItem","position":2,"name":"RTL-Faktencheck: KO-Dr\u00ebpsen op Studentebaler?"}]},{"@type":"WebSite","@id":"https:\/\/belux.edmo.eu\/#website","url":"https:\/\/belux.edmo.eu\/","name":"EDMO Belux","description":"Monitoring Disinformation in Belgium and Luxembourg","publisher":{"@id":"https:\/\/belux.edmo.eu\/#organization"},"potentialAction":[{"@type":"SearchAction","target":{"@type":"EntryPoint","urlTemplate":"https:\/\/belux.edmo.eu\/?s={search_term_string}"},"query-input":{"@type":"PropertyValueSpecification","valueRequired":true,"valueName":"search_term_string"}}],"inLanguage":"lb-LU"},{"@type":"Organization","@id":"https:\/\/belux.edmo.eu\/#organization","name":"EDMO Belux","url":"https:\/\/belux.edmo.eu\/","logo":{"@type":"ImageObject","inLanguage":"lb-LU","@id":"https:\/\/belux.edmo.eu\/#\/schema\/logo\/image\/","url":"https:\/\/belux.edmo.eu\/wp-content\/uploads\/2021\/12\/belux-logo-full-color-rgb.svg","contentUrl":"https:\/\/belux.edmo.eu\/wp-content\/uploads\/2021\/12\/belux-logo-full-color-rgb.svg","width":1,"height":1,"caption":"EDMO Belux"},"image":{"@id":"https:\/\/belux.edmo.eu\/#\/schema\/logo\/image\/"},"sameAs":["https:\/\/x.com\/Edmo_Belux"]},{"@type":"Person","@id":"https:\/\/belux.edmo.eu\/#\/schema\/person\/dbe3b252258537fd318f9b5645a30342","name":"master","sameAs":["https:\/\/belux.wpengine.com"],"url":"https:\/\/belux.edmo.eu\/lb\/author\/master\/"}]}},"menu_order":0,"_links":{"self":[{"href":"https:\/\/belux.edmo.eu\/lb\/wp-json\/wp\/v2\/posts\/226245","targetHints":{"allow":["GET"]}}],"collection":[{"href":"https:\/\/belux.edmo.eu\/lb\/wp-json\/wp\/v2\/posts"}],"about":[{"href":"https:\/\/belux.edmo.eu\/lb\/wp-json\/wp\/v2\/types\/post"}],"author":[{"embeddable":true,"href":"https:\/\/belux.edmo.eu\/lb\/wp-json\/wp\/v2\/users\/1"}],"replies":[{"embeddable":true,"href":"https:\/\/belux.edmo.eu\/lb\/wp-json\/wp\/v2\/comments?post=226245"}],"version-history":[{"count":0,"href":"https:\/\/belux.edmo.eu\/lb\/wp-json\/wp\/v2\/posts\/226245\/revisions"}],"wp:featuredmedia":[{"embeddable":true,"href":"https:\/\/belux.edmo.eu\/lb\/wp-json\/wp\/v2\/media\/234485"}],"wp:attachment":[{"href":"https:\/\/belux.edmo.eu\/lb\/wp-json\/wp\/v2\/media?parent=226245"}],"wp:term":[{"taxonomy":"category","embeddable":true,"href":"https:\/\/belux.edmo.eu\/lb\/wp-json\/wp\/v2\/categories?post=226245"},{"taxonomy":"post_tag","embeddable":true,"href":"https:\/\/belux.edmo.eu\/lb\/wp-json\/wp\/v2\/tags?post=226245"}],"curies":[{"name":"wp","href":"https:\/\/api.w.org\/{rel}","templated":true}]}}