{"id":22825,"date":"2022-03-24T14:16:21","date_gmt":"2022-03-24T14:16:21","guid":{"rendered":"https:\/\/belux.wpengine.com\/?p=22825"},"modified":"2022-06-28T14:45:52","modified_gmt":"2022-06-28T14:45:52","slug":"rtl-faktencheck-berichert-sech-de-staat-u-mi-hije-spritprisser","status":"publish","type":"post","link":"https:\/\/belux.edmo.eu\/lb\/rtl-faktencheck-berichert-sech-de-staat-u-mi-hije-spritprisser\/","title":{"rendered":"RTL-Faktencheck: Ber\u00e4ichert sech de Staat u m\u00e9i h\u00e9ije Spritpr\u00e4isser?"},"content":{"rendered":"<article>\n<div>\n<div>\n<p><b>\u00a9 RTL<\/b><\/p>\n<\/div>\n<\/div>\n<p>An der leschter Woch gouf virun allem op de soziale Reseauen \u00ebmmer er\u00ebm d&#8217;Fro opgeworf, firwat d&#8217;Spritpr\u00e4isser sou extreem an Luucht goungen &#8230;<\/p>\n<p>Eng weider Fro, d\u00e9i gestallt gouf, ass, wien hei d\u00e9i grouss Gew\u00ebnner sinn? Et liest een dacks: <i>\u201cWa Pr\u00e4isser vum Sprit klammen, da kass\u00e9iert de Staat.\u201d\u00a0<\/i><\/p>\n<p>Richteg oder falsch?<\/p>\n<p class=\"article-title\">Wee verd\u00e9ngt wat op engem Liter Sprit?<\/p>\n<p>D&#8217;Pr\u00e4isser vum Sprit bestinn aus 5 Komponenten: De Pr\u00e4is vu Produit + Accisen + <em>CO2-Steier<\/em> + TVA +\u00a0 Distributiounsk\u00e4schten.<\/p>\n<p><img src=\"https:\/\/belux.wpengine.com\/wp-content\/uploads\/2022\/03\/aeb0d57d4cbba69d235b5812ebbad719.jpeg\" alt=\"RTL\" \/><\/p>\n<p class=\"article-title\">De Basispr\u00e4is vum P\u00ebtrol<\/p>\n<p>De Basispr\u00e4is vum P\u00ebtrol ass de Pr\u00e4is vum r\u00e9ie P\u00ebtrol, deen op den internationale M\u00e4ert a Relatioun mat Demande an Offer t\u00ebschent Produzent an Raffinerien fix\u00e9iert g\u00ebtt. De Pr\u00e4is vum Produit vari\u00e9iert awer och a Funktioun vun der internationaler Aktualit\u00e9it, d\u00e9i d&#8217;Boursse beaflossen. D\u2019Kot\u00e9ierung vun de Pr\u00e4isser vun onsem Sprit g\u00ebtt um europ\u00e4esche <i>Spot Maart<\/i> zu Rotterdam best\u00ebmmt. De <i>Groupement P\u00e9trolier Luxembourgeois<\/i> represent\u00e9iert de Secteur hei am Land.<\/p>\n<p><a href=\"http:\/\/www.petrol.lu\/en\/official-prices\/\" target=\"_blank\" rel=\"noopener\"><b>De Pr\u00e4is vum P\u00ebtrol ouni Accisen an CO2-Steier fannt dir hei!<\/b><\/a><\/p>\n<p class=\"article-title\">D\u2019Accisen<\/p>\n<p>D\u2019Accise sinn eng indirekt Steier op verschiddene Produiten w\u00e9i Alkohol, Zigaretten a P\u00ebtrolsproduiten. D\u00ebs Tax g\u00ebtt direkt beim Verkafspr\u00e4is ugerechent. D\u2019Accise gi vun der Douane akass\u00e9iert, eng vun den 3 fiskalen Administratioune vum L\u00ebtzebuerger Staat. E minimalen Taux g\u00ebtt vun der Europ\u00e4escher Kommissioun fix\u00e9iert, deen all Land als Basis fir s\u00e4in eegenen Taux benotzt.\u00a0 D\u2019Accisen hunn zu L\u00ebtzebuerg e fixen Taux, deen op Quantit\u00e9it berechent g\u00ebtt a net op de W\u00e4ert.<\/p>\n<p class=\"article-title\">CO2-Steier<\/p>\n<p>D&#8217;CO2-Steier ass eng \u00cbmweltsteier, berechent op d\u2019Emissioune vum Kuelendioxid. (2021 waren dat 20\u20ac\/Tonn CO2, 2022 gouf d\u00e9i erh\u00e9icht op 25\u20ac\/Tonn CO2). D&#8217;Zil vun d\u00ebser Tax ass et, d\u2019CO2-Emissiounen ze reduz\u00e9ieren an e Fong opzebauen, fir alternativ a propper Energien ze fuerderen. D\u00ebs Steier g\u00ebtt och vun der <i>Adminstration des Douanes et Accises<\/i> akass\u00e9iert.<\/p>\n<p class=\"article-title\">TVA (17%)<\/p>\n<p>D\u2019TVA ass eng proportional fix Steier op den \u00cbmsaz, d\u00e9i jidderee muss op eng kaafte Wuer oder eng D\u00e9ngschtleeschtung bezuelen. D\u2019TVA fir Bensin an Diesel l\u00e4it bei 17%.<\/p>\n<p class=\"article-title\">Distributiounsk\u00e4schten<\/p>\n<p>Dat sinn d\u2019K\u00e4schte fir den Transport vum Sprit a fir d\u2019Fonctionement an d\u2019Gestioun vun den Tankstellen.<\/p>\n<p><a href=\"https:\/\/douanes.public.lu\/content\/dam\/douanes\/fr\/accises\/Taux-Accises-LU-2022-02.pdf\"><b>Tauxen vun den Accisen, der CO2 Steier an den Distributiounsk\u00e4schten fannt dir hei!<\/b><\/a><\/p>\n<p class=\"article-title\">Wann dir tankt, wat kritt de Staat?<\/p>\n<p>Dir fuert op d\u2019Tankstell, maacht den Tank voll, gitt an d\u2019Keess a bezuelt. Mol ass et sou vill, mol sou vill. Den \u00cbnnerscheed ka scho bedeitend sinn. D\u00ebs 2 Beispiller weisen, wou \u00e4r Suen higinn a wat den \u00cbnnerscheed ka sinn.<\/p>\n<p>Un Hand vun 3 Datumer analys\u00e9iere mir d\u2019\u00cbnnerscheeder t\u00ebschent, \u201ch\u00e9ije Spritpr\u00e4isser\u201d (10.03.2022) bed\u00e9ngt duerch d\u2019Ukrain-Kris, oder \u201cd\u00e9iwe Spritpr\u00e4isser\u201d (24.04.2020), d\u00e9i dem\u00a0 Confinement unzerechne waren. Dert\u00ebschent huele mir en Datum am Februar 2022 fir eng Moyenne ze gesinn. (D\u2019Zuele sinn hannert dem Komma zweestelleg opgeronnt, fir d\u2019Rechnung m\u00e9i iwwersiichtlech ze maachen.)<\/p>\n<p class=\"article-title\">Beispill 1<\/p>\n<p><b><br \/>\n<\/b> <i>\u00a0 <\/i><b>Pr\u00e4is 1. Februar 2022\u00a0\u00a0\u00a0\u00a0\u00a0\u00a0\u00a0\u00a0\u00a0\u00a0\u00a0\u00a0\u00a0\u00a0\u00a0\u00a0\u00a0\u00a0 vs\u00a0\u00a0\u00a0\u00a0\u00a0\u00a0\u00a0\u00a0\u00a0\u00a0\u00a0\u00a0\u00a0\u00a0\u00a0\u00a0\u00a0\u00a0\u00a0\u00a0\u00a0\u00a0\u00a0\u00a0 Pr\u00e4is 10. M\u00e4erz 2022<\/b><\/p>\n<p><i>\u00a0\u00a0\u00a0\u00a0\u00a0 \u201cE gudde Mount m\u00e9i sp\u00e9it, d\u2019Pr\u00e4isser explod\u00e9ieren\u201d<\/i><\/p>\n<div class=\"infogram-embed\" data-id=\"_\/VG7QQ0TLGdVWhc2gGjTI\" data-type=\"interactive\" data-title=\"FAKTCHECK: Spritt Old Price\"><\/div>\n<p><script>!function(e,i,n,s){var t=\"InfogramEmbeds\",d=e.getElementsByTagName(\"script\")[0];if(window[t]&&window[t].initialized)window[t].process&&window[t].process();else if(!e.getElementById(n)){var o=e.createElement(\"script\");o.async=1,o.id=n,o.src=\"https:\/\/e.infogram.com\/js\/dist\/embed-loader-min.js\",d.parentNode.insertBefore(o,d)}}(document,0,\"infogram-async\");<\/script><\/p>\n<div class=\"infogram-embed\" data-id=\"_\/QKBsFv8TnktxWoAldDVX\" data-type=\"interactive\" data-title=\"FAKTCHECK: Pr\u00e4is op engem Tank vu 60 Liter\"><\/div>\n<p><script>!function(e,i,n,s){var t=\"InfogramEmbeds\",d=e.getElementsByTagName(\"script\")[0];if(window[t]&&window[t].initialized)window[t].process&&window[t].process();else if(!e.getElementById(n)){var o=e.createElement(\"script\");o.async=1,o.id=n,o.src=\"https:\/\/e.infogram.com\/js\/dist\/embed-loader-min.js\",d.parentNode.insertBefore(o,d)}}(document,0,\"infogram-async\");<\/script><\/p>\n<p><b>\u00a0<\/b><\/p>\n<p class=\"article-title\">Conclusioun vun d\u00ebsem Verglach<\/p>\n<ul>\n<li>Dir hutt am M\u00e4erz voll getankt a bezuelt quasi 30%\u00a0 m\u00e9i aus \u00e4rem Portmonni fir d\u00e9i selwecht Wuer. 127,20\u20ac am Plaz vun 88,50\u20ac, ee gudde Mount m\u00e9i sp\u00e9it. Dat sinn 38,40\u20ac m\u00e9i.<\/li>\n<\/ul>\n<ul>\n<li>D\u2019Taxen (d\u2019Accisen, d\u2019CO2 Steier an d\u2019Distributiounsk\u00e4schten) bleiwen identesch. De Staat verd\u00e9ngt net m\u00e9i op d\u00ebsen Taxen, obwuel de Sprit m\u00e9i deier ass. D\u00ebsen Taux ass net variabel.<\/li>\n<\/ul>\n<ul>\n<li>De Staat huet am M\u00e4erz 5,62\u20ac m\u00e9i op der TVA vun engem 60-Liter-Tank verd\u00e9ngt w\u00e9i am Februar. Independanten a Firmen, d\u00e9i eng TVA-Nummer hunn, k\u00ebnnen d\u00ebs Zomm allerd\u00e9ngs rembours\u00e9iert kr\u00e9ien.<\/li>\n<\/ul>\n<p class=\"article-title\">Beispill 2<\/p>\n<p><b>M\u00e4erz 2022\u00a0\u00a0\u00a0\u00a0\u00a0\u00a0\u00a0\u00a0\u00a0\u00a0\u00a0\u00a0\u00a0\u00a0\u00a0\u00a0\u00a0\u00a0\u00a0\u00a0\u00a0 <i>\u00a0vs<\/i>\u00a0\u00a0\u00a0\u00a0\u00a0\u00a0\u00a0\u00a0\u00a0\u00a0\u00a0\u00a0\u00a0\u00a0 \u00a0\u00a0\u00a0\u00a0Abr\u00ebll 2020<\/b><\/p>\n<p><i>\u201c2 Joer m\u00e9i fr\u00e9i\u201d<\/i><\/p>\n<div class=\"infogram-embed\" data-id=\"_\/brRj8Hj51cbnrnMSSP2F\" data-type=\"interactive\" data-title=\"2020 FAKTCHECK: Spritt Old Price\"><\/div>\n<p><script>!function(e,i,n,s){var t=\"InfogramEmbeds\",d=e.getElementsByTagName(\"script\")[0];if(window[t]&&window[t].initialized)window[t].process&&window[t].process();else if(!e.getElementById(n)){var o=e.createElement(\"script\");o.async=1,o.id=n,o.src=\"https:\/\/e.infogram.com\/js\/dist\/embed-loader-min.js\",d.parentNode.insertBefore(o,d)}}(document,0,\"infogram-async\");<\/script><\/p>\n<div class=\"infogram-embed\" data-id=\"_\/uKhxBXxaQvtkftLjQJz1\" data-type=\"interactive\" data-title=\"2020 FAKTCHECK: Pr\u00e4is op engem Tank vu 60 Liter\"><\/div>\n<p><script>!function(e,i,n,s){var t=\"InfogramEmbeds\",d=e.getElementsByTagName(\"script\")[0];if(window[t]&&window[t].initialized)window[t].process&&window[t].process();else if(!e.getElementById(n)){var o=e.createElement(\"script\");o.async=1,o.id=n,o.src=\"https:\/\/e.infogram.com\/js\/dist\/embed-loader-min.js\",d.parentNode.insertBefore(o,d)}}(document,0,\"infogram-async\");<\/script><\/p>\n<p class=\"article-title\">Conclusioun vun d\u00ebsem Verglach<\/p>\n<ul>\n<li>Un d\u00ebsen zwou Grafiken ges\u00e4it een, dass de Konsument zwee Joer m\u00e9i fr\u00e9i fir d\u00e9i selwecht Quantit\u00e9it eng Differenz huet vun iwwer 76,70\u20ac fir e vollen Tank.<\/li>\n<\/ul>\n<ul>\n<li>Uganks 2020 gouf et nach keng CO2-Steier, d\u00e9i gouf er\u00e9ischt am Januar 2021 agefouert. Dat m\u00e9cht en \u00cbnnerscheed op engem 60-Liter-Tank vun 3,60\u20ac. Eng weider Hausse vun der CO2-Steier ass fir Januar 2023 virgesinn, vu 25\u20ac\/Tonn ob 30\u20ac\/Tonn CO2. Dat w\u00e4ert um Pr\u00e4is vun engem 60-Liter-Tank e Plus sinn vu 84 Cent, d\u00e9i de Staat m\u00e9i an d\u2019Keess kritt.<\/li>\n<\/ul>\n<ul>\n<li>Den Taux vun den Distributiounsk\u00e4schte gouf 2021 liicht no uewen revid\u00e9iert<\/li>\n<\/ul>\n<ul>\n<li>De P\u00ebtrolspr\u00e4is am Akaf (Abr\u00ebll 2020) war um Liter manner deier, w\u00e9i d&#8217;Totalit\u00e9it vun den Accisen um Liter.<\/li>\n<\/ul>\n<p class=\"article-title\">W\u00e9i ass et mam Bensin?<\/p>\n<p>D\u00ebs Beispiller un Hand vum Diesel kann een op de Bensin, sief et de 95er Oktan oder den 98er Oktan, selwer ausrechnen. Tax\u00eb w\u00e9i CO2 Steier an Accisen leie beim Bensin liicht iwwer deene vum Diesel. Och de Basispr\u00e4is\u00a0vum Produit vari\u00e9iert, an domat och d\u2019TVA! Den Detail vun den Taxen an Accisen k\u00ebnnt dir hei nokucken<\/p>\n<p><a href=\"https:\/\/eur01.safelinks.protection.outlook.com\/?url=https%3A%2F%2Fdouanes.public.lu%2Fcontent%2Fdam%2Fdouanes%2Ffr%2Faccises%2FTaux-Accises-LU-2022-02.pdf&amp;data=04%7C01%7COlivier_Treinen%40clt-ufa.com%7Cc1bb12afb3c64b10cc0408da0c09a211%7C8d237650cdc140e1899c5601e055f3fe%7C0%7C0%7C637835532761753230%7CUnknown%7CTWFpbGZsb3d8eyJWIjoiMC4wLjAwMDAiLCJQIjoiV2luMzIiLCJBTiI6Ik1haWwiLCJXVCI6Mn0%3D%7C3000&amp;sdata=W7%2FxN24hYwo2XB6fdqtqg8MvT%2F5H8chjLm%2BX4vfcmJ8%3D&amp;reserved=0\" target=\"_blank\" rel=\"noopener\">https:\/\/douanes.public.lu\/content\/dam\/douanes\/fr\/accises\/Taux-Accises-LU-2022-02.pdf<\/a><\/p>\n<p class=\"article-title\">W\u00e9i evolu\u00e9iert de Pr\u00e4is an d\u2019Taxen un Hand vun onsen 3 Datumen?<\/p>\n<p>D\u2019Suen, d\u00e9i an d\u2019Staatskeess iwwer d\u2019Accisen erakommen (Taxen, CO2 an Distributioun), vari\u00e9ieren net proportionell mam Pr\u00e4is op der Pompel, w\u00e9i een dat hei op der Grafik ka gesinn.<\/p>\n<div class=\"infogram-embed\" data-id=\"_\/Xq224xQEkjpRhwF6awX\" data-type=\"interactive\" data-title=\"Pr\u00e4is Struktur\"><\/div>\n<p><script>!function(e,i,n,s){var t=\"InfogramEmbeds\",d=e.getElementsByTagName(\"script\")[0];if(window[t]&&window[t].initialized)window[t].process&&window[t].process();else if(!e.getElementById(n)){var o=e.createElement(\"script\");o.async=1,o.id=n,o.src=\"https:\/\/e.infogram.com\/js\/dist\/embed-loader-min.js\",d.parentNode.insertBefore(o,d)}}(document,0,\"infogram-async\");<\/script><\/p>\n<p><b>Conclusioun vum Faktencheck<\/b><\/p>\n<p>De Staat verd\u00e9ngt egal fir Diesel oder Bensin, an egal w\u00e9i de Pr\u00e4is op der Pompel ass, \u00ebmmer 0,42 Cent pro Liter Sprit u fixe Steieren (Accisen an CO2). Distributiounsk\u00e4schte missten d\u2019Bedreiwer vun den Tankstellen fir hir Salairen a Fraisen recuper\u00e9ieren. Wat allerd\u00e9ngs vari\u00e9iert, ass d\u2019TVA. Ass de Pr\u00e4is vum Sprit m\u00e9i h\u00e9ich, kass\u00e9iert de Staat m\u00e9i TVA, also geet och m\u00e9i an d\u2019Keess.<\/p>\n<p>Den RTL-Faktencheck weist, datt de Staat effektiv pro verkaafte Liter bei enger Hausse vun de P\u00ebtrolsproduiten m\u00e9i verd\u00e9ngt. Allerd\u00e9ngs hunn h\u00e9ich Pr\u00e4isser och en Impakt op d\u2019Verhale vun de Konsumenten. Ass de Sprit m\u00e9i deier, g\u00ebtt an der Reegel manner verkaf.<\/p>\n<p>Op Nofro krute mer vum Finanzminist\u00e8re follgend Zuelen zu de Recetten duerch d\u2019 TVA an d\u2019Accisen (Stand 28.02.2022). Bei den Accisen um Bensin ass et ee Plus vu 9,6 Prozent par Rapport zur n\u00e4mmlechter Period d&#8217;lescht Joer, et l\u00e4it een awer 3,2 Milliounen Euro \u00ebnnert de Recetten, d\u00e9i am Budget 2022 virgesi waren. \u00c4nlech ass et och mam Diesel, hei ass et e Plus vun 9,6 Prozent, par Rapport zu 2021, hei l\u00e4it een 23 Milliounen Euro \u00ebnnert de budgetis\u00e9ierten Accisen.<\/p>\n<p>Bei den TVA-Recetten (net n\u00ebmme P\u00ebtrolsproduiten) huet de Staat ugangs vum Joer 8,5 Prozent m\u00e9i Suen ageholl, wei dat Joer virdrun a 27,7 Milliounen Euro m\u00e9i, wei am Budget virgesinn. Duerch di kal Progressioun kritt de Staat m\u00e9i TVA-Recetten eran, dat well d\u00ebs e fixe Prozentsaz vum Verkafspr\u00e4is ausm\u00e9cht.<\/p>\n<p><b>D\u00e9i wierklech Gew\u00ebnner vun den h\u00e9ije Spritpr\u00e4isser<\/b><\/p>\n<p>Produzenten, Raffinerien an Distributeure sinn d\u00e9i grouss Gew\u00ebnner vun h\u00e9ije Spritpr\u00e4isser.<\/p>\n<p>Wann en Distributeur vill stock\u00e9iere kann, da kann hien och m\u00e9i spekul\u00e9ieren, andeems hie m\u00e9i Flexibilit\u00e9it beim Monitoring vum March\u00e9 huet. Fir si g\u00ebllt d\u2019Reegel: De Gew\u00ebnn ass am Akaf an net am Verkaf.<\/p>\n<p>De March\u00e9 ass momentan nerv\u00f6s w\u00e9inst der Ukrain-Kris an d\u2019Bourss\u00eb reag\u00e9ieren op all Beweegunge vun den Haaptacteuren aus d\u00ebsem Business. D\u00ebst bewierkt am Moment d\u00e9i grouss Variatiounen um Pr\u00e4is vum Barrel, d\u00e9i Repercussiounen hunn op de Pr\u00e4is op der Pompel. Och de psychologesche Volet spillt den Ament eng bedeitend Roll.<\/p>\n<\/article>\n","protected":false},"excerpt":{"rendered":"<p>An der leschter Woch gouf virun allem op de soziale Reseauen \u00ebmmer er\u00ebm d&#8217;Fro opgeworf, firwat d&#8217;Spritpr\u00e4isser sou extreem an Luucht goungen&#8230;<\/p>\n","protected":false},"author":1,"featured_media":51751,"comment_status":"closed","ping_status":"open","sticky":false,"template":"","format":"standard","meta":{"_acf_changed":false,"footnotes":""},"categories":[183,191],"tags":[],"class_list":{"0":"post-22825","1":"post","2":"type-post","3":"status-publish","4":"format-standard","5":"has-post-thumbnail","7":"category-fact-check-lb","8":"category-politik"},"acf":{"show_metatags":true,"id":"1885386","authors":"RTL L\u00ebtzebuerg","organization":"RTL","featured_image_copyright":"","text_copyright":"Copyright RTL \/ CLT-UFA S.A.","source":"https:\/\/www.rtl.lu\/news\/faktencheck\/a\/1885386.html","fact_checker":"https:\/\/belux.wpengine.com\/wp-content\/uploads\/2021\/12\/rtl_logo.png","fact_checker_logo_image":false,"type":"Closed Event","location":"","start_date":"","start_date_event_begins_at":"","start_date_event_ends_at":"","end_date":"","end_date_event_begins_at":"","end_date_event_ends_at":"","organizer":""},"yoast_head":"<!-- This site is optimized with the Yoast SEO plugin v27.0 - https:\/\/yoast.com\/product\/yoast-seo-wordpress\/ -->\n<title>RTL-Faktencheck: Ber\u00e4ichert sech de Staat u m\u00e9i h\u00e9ije Spritpr\u00e4isser? - EDMO Belux<\/title>\n<meta name=\"robots\" content=\"index, follow, max-snippet:-1, max-image-preview:large, max-video-preview:-1\" \/>\n<link rel=\"canonical\" href=\"https:\/\/belux.edmo.eu\/lb\/rtl-faktencheck-berichert-sech-de-staat-u-mi-hije-spritprisser\/\" \/>\n<meta property=\"og:locale\" content=\"en_US\" \/>\n<meta property=\"og:type\" content=\"article\" \/>\n<meta property=\"og:title\" content=\"RTL-Faktencheck: Ber\u00e4ichert sech de Staat u m\u00e9i h\u00e9ije Spritpr\u00e4isser? - EDMO Belux\" \/>\n<meta property=\"og:description\" content=\"An der leschter Woch gouf virun allem op de soziale Reseauen \u00ebmmer er\u00ebm d&#039;Fro opgeworf, firwat d&#039;Spritpr\u00e4isser sou extreem an Luucht goungen...\" \/>\n<meta property=\"og:url\" content=\"https:\/\/belux.edmo.eu\/lb\/rtl-faktencheck-berichert-sech-de-staat-u-mi-hije-spritprisser\/\" \/>\n<meta property=\"og:site_name\" content=\"EDMO Belux\" \/>\n<meta property=\"article:published_time\" content=\"2022-03-24T14:16:21+00:00\" \/>\n<meta property=\"article:modified_time\" content=\"2022-06-28T14:45:52+00:00\" \/>\n<meta property=\"og:image\" content=\"https:\/\/belux.edmo.eu\/wp-content\/uploads\/2022\/03\/98564db35fe9fb3a7e99e3ce190b1607.jpg\" \/>\n\t<meta property=\"og:image:width\" content=\"800\" \/>\n\t<meta property=\"og:image:height\" content=\"450\" \/>\n\t<meta property=\"og:image:type\" content=\"image\/jpeg\" \/>\n<meta name=\"author\" content=\"master\" \/>\n<meta name=\"twitter:card\" content=\"summary_large_image\" \/>\n<meta name=\"twitter:creator\" content=\"@Edmo_Belux\" \/>\n<meta name=\"twitter:site\" content=\"@Edmo_Belux\" \/>\n<meta name=\"twitter:label1\" content=\"Written by\" \/>\n\t<meta name=\"twitter:data1\" content=\"master\" \/>\n\t<meta name=\"twitter:label2\" content=\"Est. reading time\" \/>\n\t<meta name=\"twitter:data2\" content=\"7 minutes\" \/>\n<script type=\"application\/ld+json\" class=\"yoast-schema-graph\">{\"@context\":\"https:\/\/schema.org\",\"@graph\":[{\"@type\":\"Article\",\"@id\":\"https:\/\/belux.edmo.eu\/lb\/rtl-faktencheck-berichert-sech-de-staat-u-mi-hije-spritprisser\/#article\",\"isPartOf\":{\"@id\":\"https:\/\/belux.edmo.eu\/lb\/rtl-faktencheck-berichert-sech-de-staat-u-mi-hije-spritprisser\/\"},\"author\":{\"name\":\"master\",\"@id\":\"https:\/\/belux.edmo.eu\/#\/schema\/person\/dbe3b252258537fd318f9b5645a30342\"},\"headline\":\"RTL-Faktencheck: Ber\u00e4ichert sech de Staat u m\u00e9i h\u00e9ije Spritpr\u00e4isser?\",\"datePublished\":\"2022-03-24T14:16:21+00:00\",\"dateModified\":\"2022-06-28T14:45:52+00:00\",\"mainEntityOfPage\":{\"@id\":\"https:\/\/belux.edmo.eu\/lb\/rtl-faktencheck-berichert-sech-de-staat-u-mi-hije-spritprisser\/\"},\"wordCount\":1357,\"publisher\":{\"@id\":\"https:\/\/belux.edmo.eu\/#organization\"},\"image\":{\"@id\":\"https:\/\/belux.edmo.eu\/lb\/rtl-faktencheck-berichert-sech-de-staat-u-mi-hije-spritprisser\/#primaryimage\"},\"thumbnailUrl\":\"https:\/\/belux.edmo.eu\/wp-content\/uploads\/2022\/03\/98564db35fe9fb3a7e99e3ce190b1607.jpg\",\"articleSection\":[\"Fact Check\",\"Politik\"],\"inLanguage\":\"lb-LU\"},{\"@type\":\"WebPage\",\"@id\":\"https:\/\/belux.edmo.eu\/lb\/rtl-faktencheck-berichert-sech-de-staat-u-mi-hije-spritprisser\/\",\"url\":\"https:\/\/belux.edmo.eu\/lb\/rtl-faktencheck-berichert-sech-de-staat-u-mi-hije-spritprisser\/\",\"name\":\"RTL-Faktencheck: Ber\u00e4ichert sech de Staat u m\u00e9i h\u00e9ije Spritpr\u00e4isser? - EDMO Belux\",\"isPartOf\":{\"@id\":\"https:\/\/belux.edmo.eu\/#website\"},\"primaryImageOfPage\":{\"@id\":\"https:\/\/belux.edmo.eu\/lb\/rtl-faktencheck-berichert-sech-de-staat-u-mi-hije-spritprisser\/#primaryimage\"},\"image\":{\"@id\":\"https:\/\/belux.edmo.eu\/lb\/rtl-faktencheck-berichert-sech-de-staat-u-mi-hije-spritprisser\/#primaryimage\"},\"thumbnailUrl\":\"https:\/\/belux.edmo.eu\/wp-content\/uploads\/2022\/03\/98564db35fe9fb3a7e99e3ce190b1607.jpg\",\"datePublished\":\"2022-03-24T14:16:21+00:00\",\"dateModified\":\"2022-06-28T14:45:52+00:00\",\"breadcrumb\":{\"@id\":\"https:\/\/belux.edmo.eu\/lb\/rtl-faktencheck-berichert-sech-de-staat-u-mi-hije-spritprisser\/#breadcrumb\"},\"inLanguage\":\"lb-LU\",\"potentialAction\":[{\"@type\":\"ReadAction\",\"target\":[\"https:\/\/belux.edmo.eu\/lb\/rtl-faktencheck-berichert-sech-de-staat-u-mi-hije-spritprisser\/\"]}]},{\"@type\":\"ImageObject\",\"inLanguage\":\"lb-LU\",\"@id\":\"https:\/\/belux.edmo.eu\/lb\/rtl-faktencheck-berichert-sech-de-staat-u-mi-hije-spritprisser\/#primaryimage\",\"url\":\"https:\/\/belux.edmo.eu\/wp-content\/uploads\/2022\/03\/98564db35fe9fb3a7e99e3ce190b1607.jpg\",\"contentUrl\":\"https:\/\/belux.edmo.eu\/wp-content\/uploads\/2022\/03\/98564db35fe9fb3a7e99e3ce190b1607.jpg\",\"width\":800,\"height\":450},{\"@type\":\"BreadcrumbList\",\"@id\":\"https:\/\/belux.edmo.eu\/lb\/rtl-faktencheck-berichert-sech-de-staat-u-mi-hije-spritprisser\/#breadcrumb\",\"itemListElement\":[{\"@type\":\"ListItem\",\"position\":1,\"name\":\"Home\",\"item\":\"https:\/\/belux.edmo.eu\/lb\/\"},{\"@type\":\"ListItem\",\"position\":2,\"name\":\"RTL-Faktencheck: Ber\u00e4ichert sech de Staat u m\u00e9i h\u00e9ije Spritpr\u00e4isser?\"}]},{\"@type\":\"WebSite\",\"@id\":\"https:\/\/belux.edmo.eu\/#website\",\"url\":\"https:\/\/belux.edmo.eu\/\",\"name\":\"EDMO Belux\",\"description\":\"Monitoring Disinformation in Belgium and Luxembourg\",\"publisher\":{\"@id\":\"https:\/\/belux.edmo.eu\/#organization\"},\"potentialAction\":[{\"@type\":\"SearchAction\",\"target\":{\"@type\":\"EntryPoint\",\"urlTemplate\":\"https:\/\/belux.edmo.eu\/?s={search_term_string}\"},\"query-input\":{\"@type\":\"PropertyValueSpecification\",\"valueRequired\":true,\"valueName\":\"search_term_string\"}}],\"inLanguage\":\"lb-LU\"},{\"@type\":\"Organization\",\"@id\":\"https:\/\/belux.edmo.eu\/#organization\",\"name\":\"EDMO Belux\",\"url\":\"https:\/\/belux.edmo.eu\/\",\"logo\":{\"@type\":\"ImageObject\",\"inLanguage\":\"lb-LU\",\"@id\":\"https:\/\/belux.edmo.eu\/#\/schema\/logo\/image\/\",\"url\":\"https:\/\/belux.edmo.eu\/wp-content\/uploads\/2021\/12\/belux-logo-full-color-rgb.svg\",\"contentUrl\":\"https:\/\/belux.edmo.eu\/wp-content\/uploads\/2021\/12\/belux-logo-full-color-rgb.svg\",\"width\":1,\"height\":1,\"caption\":\"EDMO Belux\"},\"image\":{\"@id\":\"https:\/\/belux.edmo.eu\/#\/schema\/logo\/image\/\"},\"sameAs\":[\"https:\/\/x.com\/Edmo_Belux\"]},{\"@type\":\"Person\",\"@id\":\"https:\/\/belux.edmo.eu\/#\/schema\/person\/dbe3b252258537fd318f9b5645a30342\",\"name\":\"master\",\"sameAs\":[\"https:\/\/belux.wpengine.com\"],\"url\":\"https:\/\/belux.edmo.eu\/lb\/author\/master\/\"}]}<\/script>\n<!-- \/ Yoast SEO plugin. -->","yoast_head_json":{"title":"RTL-Faktencheck: Ber\u00e4ichert sech de Staat u m\u00e9i h\u00e9ije Spritpr\u00e4isser? - EDMO Belux","robots":{"index":"index","follow":"follow","max-snippet":"max-snippet:-1","max-image-preview":"max-image-preview:large","max-video-preview":"max-video-preview:-1"},"canonical":"https:\/\/belux.edmo.eu\/lb\/rtl-faktencheck-berichert-sech-de-staat-u-mi-hije-spritprisser\/","og_locale":"en_US","og_type":"article","og_title":"RTL-Faktencheck: Ber\u00e4ichert sech de Staat u m\u00e9i h\u00e9ije Spritpr\u00e4isser? - EDMO Belux","og_description":"An der leschter Woch gouf virun allem op de soziale Reseauen \u00ebmmer er\u00ebm d'Fro opgeworf, firwat d'Spritpr\u00e4isser sou extreem an Luucht goungen...","og_url":"https:\/\/belux.edmo.eu\/lb\/rtl-faktencheck-berichert-sech-de-staat-u-mi-hije-spritprisser\/","og_site_name":"EDMO Belux","article_published_time":"2022-03-24T14:16:21+00:00","article_modified_time":"2022-06-28T14:45:52+00:00","og_image":[{"width":800,"height":450,"url":"https:\/\/belux.edmo.eu\/wp-content\/uploads\/2022\/03\/98564db35fe9fb3a7e99e3ce190b1607.jpg","type":"image\/jpeg"}],"author":"master","twitter_card":"summary_large_image","twitter_creator":"@Edmo_Belux","twitter_site":"@Edmo_Belux","twitter_misc":{"Written by":"master","Est. reading time":"7 minutes"},"schema":{"@context":"https:\/\/schema.org","@graph":[{"@type":"Article","@id":"https:\/\/belux.edmo.eu\/lb\/rtl-faktencheck-berichert-sech-de-staat-u-mi-hije-spritprisser\/#article","isPartOf":{"@id":"https:\/\/belux.edmo.eu\/lb\/rtl-faktencheck-berichert-sech-de-staat-u-mi-hije-spritprisser\/"},"author":{"name":"master","@id":"https:\/\/belux.edmo.eu\/#\/schema\/person\/dbe3b252258537fd318f9b5645a30342"},"headline":"RTL-Faktencheck: Ber\u00e4ichert sech de Staat u m\u00e9i h\u00e9ije Spritpr\u00e4isser?","datePublished":"2022-03-24T14:16:21+00:00","dateModified":"2022-06-28T14:45:52+00:00","mainEntityOfPage":{"@id":"https:\/\/belux.edmo.eu\/lb\/rtl-faktencheck-berichert-sech-de-staat-u-mi-hije-spritprisser\/"},"wordCount":1357,"publisher":{"@id":"https:\/\/belux.edmo.eu\/#organization"},"image":{"@id":"https:\/\/belux.edmo.eu\/lb\/rtl-faktencheck-berichert-sech-de-staat-u-mi-hije-spritprisser\/#primaryimage"},"thumbnailUrl":"https:\/\/belux.edmo.eu\/wp-content\/uploads\/2022\/03\/98564db35fe9fb3a7e99e3ce190b1607.jpg","articleSection":["Fact Check","Politik"],"inLanguage":"lb-LU"},{"@type":"WebPage","@id":"https:\/\/belux.edmo.eu\/lb\/rtl-faktencheck-berichert-sech-de-staat-u-mi-hije-spritprisser\/","url":"https:\/\/belux.edmo.eu\/lb\/rtl-faktencheck-berichert-sech-de-staat-u-mi-hije-spritprisser\/","name":"RTL-Faktencheck: Ber\u00e4ichert sech de Staat u m\u00e9i h\u00e9ije Spritpr\u00e4isser? - EDMO Belux","isPartOf":{"@id":"https:\/\/belux.edmo.eu\/#website"},"primaryImageOfPage":{"@id":"https:\/\/belux.edmo.eu\/lb\/rtl-faktencheck-berichert-sech-de-staat-u-mi-hije-spritprisser\/#primaryimage"},"image":{"@id":"https:\/\/belux.edmo.eu\/lb\/rtl-faktencheck-berichert-sech-de-staat-u-mi-hije-spritprisser\/#primaryimage"},"thumbnailUrl":"https:\/\/belux.edmo.eu\/wp-content\/uploads\/2022\/03\/98564db35fe9fb3a7e99e3ce190b1607.jpg","datePublished":"2022-03-24T14:16:21+00:00","dateModified":"2022-06-28T14:45:52+00:00","breadcrumb":{"@id":"https:\/\/belux.edmo.eu\/lb\/rtl-faktencheck-berichert-sech-de-staat-u-mi-hije-spritprisser\/#breadcrumb"},"inLanguage":"lb-LU","potentialAction":[{"@type":"ReadAction","target":["https:\/\/belux.edmo.eu\/lb\/rtl-faktencheck-berichert-sech-de-staat-u-mi-hije-spritprisser\/"]}]},{"@type":"ImageObject","inLanguage":"lb-LU","@id":"https:\/\/belux.edmo.eu\/lb\/rtl-faktencheck-berichert-sech-de-staat-u-mi-hije-spritprisser\/#primaryimage","url":"https:\/\/belux.edmo.eu\/wp-content\/uploads\/2022\/03\/98564db35fe9fb3a7e99e3ce190b1607.jpg","contentUrl":"https:\/\/belux.edmo.eu\/wp-content\/uploads\/2022\/03\/98564db35fe9fb3a7e99e3ce190b1607.jpg","width":800,"height":450},{"@type":"BreadcrumbList","@id":"https:\/\/belux.edmo.eu\/lb\/rtl-faktencheck-berichert-sech-de-staat-u-mi-hije-spritprisser\/#breadcrumb","itemListElement":[{"@type":"ListItem","position":1,"name":"Home","item":"https:\/\/belux.edmo.eu\/lb\/"},{"@type":"ListItem","position":2,"name":"RTL-Faktencheck: Ber\u00e4ichert sech de Staat u m\u00e9i h\u00e9ije Spritpr\u00e4isser?"}]},{"@type":"WebSite","@id":"https:\/\/belux.edmo.eu\/#website","url":"https:\/\/belux.edmo.eu\/","name":"EDMO Belux","description":"Monitoring Disinformation in Belgium and Luxembourg","publisher":{"@id":"https:\/\/belux.edmo.eu\/#organization"},"potentialAction":[{"@type":"SearchAction","target":{"@type":"EntryPoint","urlTemplate":"https:\/\/belux.edmo.eu\/?s={search_term_string}"},"query-input":{"@type":"PropertyValueSpecification","valueRequired":true,"valueName":"search_term_string"}}],"inLanguage":"lb-LU"},{"@type":"Organization","@id":"https:\/\/belux.edmo.eu\/#organization","name":"EDMO Belux","url":"https:\/\/belux.edmo.eu\/","logo":{"@type":"ImageObject","inLanguage":"lb-LU","@id":"https:\/\/belux.edmo.eu\/#\/schema\/logo\/image\/","url":"https:\/\/belux.edmo.eu\/wp-content\/uploads\/2021\/12\/belux-logo-full-color-rgb.svg","contentUrl":"https:\/\/belux.edmo.eu\/wp-content\/uploads\/2021\/12\/belux-logo-full-color-rgb.svg","width":1,"height":1,"caption":"EDMO Belux"},"image":{"@id":"https:\/\/belux.edmo.eu\/#\/schema\/logo\/image\/"},"sameAs":["https:\/\/x.com\/Edmo_Belux"]},{"@type":"Person","@id":"https:\/\/belux.edmo.eu\/#\/schema\/person\/dbe3b252258537fd318f9b5645a30342","name":"master","sameAs":["https:\/\/belux.wpengine.com"],"url":"https:\/\/belux.edmo.eu\/lb\/author\/master\/"}]}},"menu_order":0,"_links":{"self":[{"href":"https:\/\/belux.edmo.eu\/lb\/wp-json\/wp\/v2\/posts\/22825","targetHints":{"allow":["GET"]}}],"collection":[{"href":"https:\/\/belux.edmo.eu\/lb\/wp-json\/wp\/v2\/posts"}],"about":[{"href":"https:\/\/belux.edmo.eu\/lb\/wp-json\/wp\/v2\/types\/post"}],"author":[{"embeddable":true,"href":"https:\/\/belux.edmo.eu\/lb\/wp-json\/wp\/v2\/users\/1"}],"replies":[{"embeddable":true,"href":"https:\/\/belux.edmo.eu\/lb\/wp-json\/wp\/v2\/comments?post=22825"}],"version-history":[{"count":0,"href":"https:\/\/belux.edmo.eu\/lb\/wp-json\/wp\/v2\/posts\/22825\/revisions"}],"wp:featuredmedia":[{"embeddable":true,"href":"https:\/\/belux.edmo.eu\/lb\/wp-json\/wp\/v2\/media\/51751"}],"wp:attachment":[{"href":"https:\/\/belux.edmo.eu\/lb\/wp-json\/wp\/v2\/media?parent=22825"}],"wp:term":[{"taxonomy":"category","embeddable":true,"href":"https:\/\/belux.edmo.eu\/lb\/wp-json\/wp\/v2\/categories?post=22825"},{"taxonomy":"post_tag","embeddable":true,"href":"https:\/\/belux.edmo.eu\/lb\/wp-json\/wp\/v2\/tags?post=22825"}],"curies":[{"name":"wp","href":"https:\/\/api.w.org\/{rel}","templated":true}]}}