{"id":252125,"date":"2023-03-15T11:34:41","date_gmt":"2023-03-15T11:34:41","guid":{"rendered":"https:\/\/belux.edmo.eu\/?p=252125"},"modified":"2023-03-14T14:01:04","modified_gmt":"2023-03-14T14:01:04","slug":"faktencheck-onbewise-behaaptungen-iwwer-dem-selenskyj-si-vermigen","status":"publish","type":"post","link":"https:\/\/belux.edmo.eu\/lb\/faktencheck-onbewise-behaaptungen-iwwer-dem-selenskyj-si-vermigen\/","title":{"rendered":"Faktencheck: Onbewise Behaaptungen iwwer dem Selenskyj s\u00e4i Verm\u00e9igen"},"content":{"rendered":"<article>\n<div>\n<div>\n<p>&nbsp;<\/p>\n<\/div>\n<div>\n<p>A B\u00e4itr\u00e4g op de sozialen Netzwierker, d\u00e9i zu Dausende gedeelt goufen, heescht et, dass de Wolodymyr Selenskyj pro Mount 11 Milliounen Dollar verd\u00e9ngt, e Milliardeverm\u00e9igen h\u00e4tt &#8211; dozou g\u00e9if och en Haus am W\u00e4ert vu 35 Milliounen Dollar a Florida geh\u00e9ieren &#8211; an eng Rei aner Behaaptungen iwwer s\u00e4in deiere Liewensstil.<\/p>\n<p>&#8220;De President vun der Ukrain bes\u00ebtzt en Haus am W\u00e4ert vu 35 Milliounen Dollar a Florida an huet 1,2 Milliarden Dollar op engem Bankkont an Iwwers\u00e9i&#8221;, heescht an engem Text op engem Bild, dat den David Wolfe, en amerikaneschen Auteur a <a href=\"https:\/\/perma.cc\/9CXL-F338\" target=\"_blank\" rel=\"noopener\">Verfechter vu r\u00e9iem Gem\u00e9is<\/a>, de 24. Februar 2023 <a href=\"https:\/\/web.archive.org\/web\/20230228185127\/https:\/\/twitter.com\/DavidWolfe\/status\/1629073430564990976\" target=\"_blank\" rel=\"noopener\">getwittert<\/a> huet.<\/p>\n<p>&#8220;De Selenskyj bes\u00ebtzt 15 Haiser, dr\u00e4i Privatfligeren a kritt pro Mount 11 Milliounen Dollar Akommes. Firwat freet sech keen, wou eis \u00cbnnerst\u00ebtzung higeet?&#8221;<\/p>\n<p><img src=\"https:\/\/belux-edmo.s3-accelerate.amazonaws.com\/wp-content\/uploads\/2023\/03\/c66b0ac2ae2520770e17816191a21b67.jpeg\" alt=\"RTL\" \/> Screenshot from Twitter taken February 28, 2023<\/p>\n<p>D&#8217;B\u00e4itr\u00e4g sch\u00e9ngen eng Behaaptung er\u00ebmzeginn, d\u00e9i <a href=\"https:\/\/perma.cc\/4QGF-BFEA\" target=\"_blank\" rel=\"noopener\">fir d&#8217;\u00e9ischt am Februar 2022<\/a> op engem Telegram-Kanal opgedaucht war, dee Medieberichter no vun der russescher Regierung kontroll\u00e9iert g\u00ebtt. D&#8217;Usch\u00ebllegunge goufen am Internet propag\u00e9iert, w\u00e9i d&#8217;USA de 24. Februar 2023, dem \u00e9ischte Joresdag vun der russescher Invasioun, der Ukrain <a href=\"https:\/\/perma.cc\/8ZXP-XQJD\" target=\"_blank\" rel=\"noopener\">weider S\u00e9cherheetsmoossnamen an H\u00e9icht vun zwou Milliarden Dollar zousoten<\/a>.<\/p>\n<p>D&#8217;USA hu m\u00e9i w\u00e9i d&#8217;Hallschent vun de 50 Milliarden Dollar u Milit\u00e4rh\u00ebllef bereetgestallt, d\u00e9i Kiew z\u00ebnter Krichsufank kritt huet. D\u00ebs \u00cbnnerst\u00ebtzung g\u00ebtt vu <a href=\"https:\/\/perma.cc\/96LH-ZR3P\" target=\"_blank\" rel=\"noopener\">verschiddene Politiker kritis\u00e9iert<\/a>, dor\u00ebnner eelef Republikaner am Representantenhaus, d\u00e9i eng Resolutioun fir d&#8217;Astelle vun der amerikanescher H\u00ebllef fir d&#8217;Ukrain mat \u00ebnnerst\u00ebtzt hunn.<\/p>\n<p>Beamten am US-Verdeedegungsminist\u00e8re soten, et g\u00e9if keng Beweiser dofir, dass Kiew d&#8217;H\u00ebllef m\u00ebssbraucht &#8211; an d&#8217;Zuelen, d\u00e9i an de sozialen Netzwierker publiz\u00e9iert goufen, w\u00e4ren onbegr\u00ebnnt, w\u00e9i och aner onofh\u00e4ngeg <a href=\"https:\/\/perma.cc\/Z2QP-YAN3\" target=\"_blank\" rel=\"noopener\">Organisatioune fir Faktenchecke<\/a> matgedeelt hunn (<a href=\"https:\/\/perma.cc\/3LRL-ST3H\" target=\"_blank\" rel=\"noopener\">hei<\/a>, <a href=\"https:\/\/perma.cc\/XZ6S-QQ9A\" target=\"_blank\" rel=\"noopener\">hei<\/a>).<\/p>\n<p>&#8220;Keng vun den uewe genannten Aussoen ass wouer&#8221;, sot de Spriecher vum Selenskyj, de Sergej Nykyforov, g\u00e9intiwwer der AFP an engem Schreiwes. &#8220;Dat ass e bewossten, awer vergeebleche Versuch, d&#8217;\u00cbnnerst\u00ebtzung vun der amerikanescher Gesellschaft fir de Kampf vum ukrainesche Vollek fir Fr\u00e4iheet a Gerechtegkeet ze beaflossen.&#8221;<\/p>\n<p>D&#8217;AFP huet de Wolfe \u00ebm eng Stellungnam gefrot, krut awer keng \u00c4ntwert.<\/p>\n<p>Eegentum<\/p>\n<p>Dem Wolfe s\u00e4in Tweet behaapt, dass de Selenskyj, e fr\u00e9iere Schauspiller a Komiker, en &#8220;Haus am W\u00e4ert vu 35 Milliounen Dollar a Florida&#8221; bes\u00ebtzt. Eng Iwwerpr\u00e9iwung vun der AFP vun den <a href=\"https:\/\/perma.cc\/6QD8-AAJT\" target=\"_blank\" rel=\"noopener\">\u00ebffentlechen Opzeechnungen<\/a> an alle 67 Counties vum Bundesstaat huet erginn, dass den ukrainesche President do kee Bes\u00ebtz \u00ebnner sengem Numm huet.<\/p>\n<p>Forbes huet an engem <a href=\"https:\/\/perma.cc\/8HQX-4GUZ\" target=\"_blank\" rel=\"noopener\">Artikel vum Abr\u00ebll 2022<\/a> geschat, dass de Selenskyj en Immobilieportfolio vu v\u00e9ier Milliounen Dollar h\u00e4tt. Zu senge Verm\u00e9igensw\u00e4erter geh\u00e9ieren dr\u00e4i Wunnengen &#8211; dor\u00ebnner Immobilien zu Kiew an op der <a href=\"https:\/\/perma.cc\/5SZR-P49U\" target=\"_blank\" rel=\"noopener\">Krim<\/a> -, zwou, wou hie Matbes\u00ebtzer ass, ee kommerzielle Bes\u00ebtz a f\u00ebnnef Parkplazen.<\/p>\n<p>De Selenskyj a seng Fra hunn och zwee Autoen a sechs Luxusaueren an hirer <a href=\"https:\/\/perma.cc\/F5U3-USJX\" target=\"_blank\" rel=\"noopener\">Verm\u00e9igensdeklaratioun aus dem Joer 2020<\/a> uginn, w\u00e9i <a href=\"https:\/\/web.archive.org\/web\/20230308163235\/https:\/\/archive.kyivpost.com\/ukraine-politics\/top-officials-annual-asset-declarations-full-of-riches-surprises.html\" target=\"_blank\" rel=\"noopener\">aus dem Dokument ervirgeet<\/a>, dat bei der Nationaler Agence fir Korruptiounspreventioun (NACP) agereecht gouf.<\/p>\n<p>Forbes huet am Joer 2022 matgedeelt, dass et &#8220;keng Beweiser&#8221; fir eng Flott vu Luxusyachten a Privatjette fonnt h\u00e4tt, d\u00e9i dem Selenskyj geh\u00e9iere g\u00e9if. D&#8217;AFP huet och keng Spuer vu m\u00e9igleche Verm\u00e9igensw\u00e4erter fonnt, d\u00e9i an de B\u00e4itr\u00e4g an de sozialen Netzwierker ernimmt ginn.<\/p>\n<p><a href=\"https:\/\/perma.cc\/B2KW-VM3K\" target=\"_blank\" rel=\"noopener\">D&#8217;Pandora Papers<\/a>, Dokumenter, d\u00e9i den International Consortium of Investigative Journalists (ICIJ) zougespillt krut an 2021 publiz\u00e9iert huet, <a href=\"https:\/\/perma.cc\/X5FC-6SE2\" target=\"_blank\" rel=\"noopener\">weisen, dass de Selenskyj a seng Gesch\u00e4ftspartner 2012 en Netzwierk vun Offshore-Entreprisen opgebaut<\/a> hunn. D&#8217;Enqu\u00eate, un d\u00e4r ronn 600 Journaliste bedeelegt waren, huet op engem Leak vu ronn 11,9 Milliounen Dokumenter vu 14 Finanzd\u00e9ngschtleeschtungsentreprisen op der ganzer Welt berout.<\/p>\n<p>Der ICIJ hiren Erkenntnisser no goufen zwou vun den Offshore-Gesellschaften, d\u00e9i dem Selenskyj senge Partner geh\u00e9iert hunn, benotzt, fir dr\u00e4i Immobilien am Zentrum vu London ze kafen. Awer et g\u00ebtt &#8220;keng Unzeechen dofir, dass de Selenskyj selwer un den Immobiliegesch\u00e4fter zu London bedeelegt war&#8221;, w\u00e9i den Organized Crime and Corruption Reporting Project (OCCRP) <a href=\"https:\/\/perma.cc\/9E2P-WBLA\" target=\"_blank\" rel=\"noopener\">deemools geschriwwen huet<\/a>.<\/p>\n<p>Den <a href=\"https:\/\/perma.cc\/KT2D-QPGG\" target=\"_blank\" rel=\"noopener\">Drew Sullivan<\/a>, Matbegr\u00ebnner an Editeur vum globalen Netzwierk vun investigative Journalisten, sot der AFP den 3. M\u00e4erz an enger E-Mail, dass de Selenskyj zwar &#8220;r\u00e4ich&#8221; w\u00e4r, den OCCRP awer &#8220;keng aner Verm\u00e9igensw\u00e4erter fonnt&#8221; h\u00e4tt, d\u00e9i ee mat him a Verbindunge br\u00e9nge k\u00e9int.<\/p>\n<p>&#8220;De Wolfe ass kee Journalist oder Expert&#8221;, f\u00fc\u00fcgt de Sullivan dob\u00e4i. &#8220;Hie verkeeft pseudow\u00ebssenschaftlech Gesondheetsprodukter. Hie beschreift sech selwer als Konspiratiounstheoretiker, ass g\u00e9int Vaccinen, ouni Beweiser dofir ze liwweren, dass Impfungen Autismus ausl\u00e9isen, an huet och gesot, dass d&#8217;\u00c4erd flaach ass.&#8221;<\/p>\n<p>Den ICIJ huet kee weidere Commentaire dozou ofginn.<\/p>\n<p>Nettoverm\u00e9igen an Akommes<\/p>\n<p>Der <a href=\"https:\/\/perma.cc\/8HQX-4GUZ\" target=\"_blank\" rel=\"noopener\">Z\u00e4itschr\u00ebft &#8220;Forbes&#8221; no<\/a> g\u00ebtt et siwe Milliard\u00e4ren an der Ukrain &#8211; an de Selenskyj ass keen dovun. De President huet &#8220;ongef\u00e9ier 20 Milliounen Dollar&#8221;, sot de Magasinn a sengem Rapport fir 2022.<\/p>\n<p><a href=\"https:\/\/perma.cc\/W6HV-GZJQ\" target=\"_blank\" rel=\"noopener\">Eng Rei vun<\/a><a href=\"https:\/\/perma.cc\/6MUY-7DJL\" target=\"_blank\" rel=\"noopener\">Organisatioune fir Faktenchecken<\/a>, dor\u00ebnner och e puer mat S\u00ebtz an der Ukrain, sinn zu \u00e4nleche Konklusioune komm.<\/p>\n<p>De Selenskyj a seng Fra, d&#8217;Olena Selenska, hu m\u00e9i w\u00e9i 700.000 Dollar op Bankkonten a 650.000 Dollar boer an hirer <a href=\"https:\/\/web.archive.org\/web\/20230308163235\/https:\/\/archive.kyivpost.com\/ukraine-politics\/top-officials-annual-asset-declarations-full-of-riches-surprises.html\" target=\"_blank\" rel=\"noopener\">Steiererkl\u00e4rung 2020<\/a> deklar\u00e9iert. D&#8217;Haaptverm\u00e9ige vum President ass awer eng Bedeelegung u Kvartal 95 LLC, d\u00e9i <a href=\"https:\/\/perma.cc\/MX9Y-4UUZ\" target=\"_blank\" rel=\"noopener\">op 25 Prozent gesch\u00e4tzt<\/a> g\u00ebtt. <a href=\"https:\/\/web.archive.org\/web\/20230308151807\/https:\/\/kvartal95.com\/en\/\" target=\"_blank\" rel=\"noopener\">Kvartal 95 LLC<\/a> ass eng Produktiounsfirma, d\u00e9i hien 2003 mat Fr\u00ebnn aus Schoulz\u00e4iten an aus sengem Droitsstudium <a href=\"https:\/\/perma.cc\/NL88-DG5Y\" target=\"_blank\" rel=\"noopener\">gegr\u00ebnnt<\/a> huet.<\/p>\n<p>&#8220;Mir gesi keng signifikativ Ver\u00e4nnerunge s\u00e4it der Publikatioun vun d\u00ebsem Artikel&#8221;, sot de Wolodymyr Landa, stellvertriedende Chefredakter vu Forbes Ukraine, an enger E-Mail vum 7. M\u00e4erz. &#8220;Op alle Fall verl\u00e9iert Kvartal 95 u W\u00e4ert, well d&#8217;Nofro no Comedy-Sendungen am leschte Joer d\u00e4itlech zer\u00e9ckgaangen ass.&#8221;<\/p>\n<p>Wat s\u00e4in Akommes betr\u00ebfft, sou huet de Selenskyj am Joer 2020, senger leschter Steiererkl\u00e4rung no, als President 336.000 UAH (ukrainesch Griwna) verd\u00e9ngt. Dat entspr\u00e9cht bal 12.500 US-Dollar pro Joer, bas\u00e9ierend um <a href=\"https:\/\/perma.cc\/76PU-LU2D\" target=\"_blank\" rel=\"noopener\">duerchschn\u00ebttleche Wiesselcours<\/a> am Joer <a href=\"https:\/\/perma.cc\/5AZ8-CRPA\" target=\"_blank\" rel=\"noopener\">2020<\/a>.<\/p>\n<p><a href=\"https:\/\/web.archive.org\/web\/20230308163235\/https:\/\/archive.kyivpost.com\/ukraine-politics\/top-officials-annual-asset-declarations-full-of-riches-surprises.html\" target=\"_blank\" rel=\"noopener\">Eng Rei vun ukraineschen Norichtenagencen<\/a> haten am <a href=\"https:\/\/perma.cc\/JVV7-3LVT\" target=\"_blank\" rel=\"noopener\">Fr\u00e9ijoer 2021 gemellt<\/a>, dass de Selenskyj och 4,6 Milliounen UAH (171.120 Dollar) u Lizenzgeb\u00fchren an 13,4 Millioune UAH (498.480 Dollar) aus dem Verkaf vun engem Haus a vun engem Grondst\u00e9ck deklar\u00e9iert huet. De Groussdeel vun de Lizenzgeb\u00fchre koum vu Kvartal 95, dat e geschatene Jores\u00ebmsaz vun 30 Milliounen US-Dollar huet.<\/p>\n<p>D&#8217;Zelenska huet en Akommes vun 952.900 UAH (35.447 Dollar), dat si vun der Firma krut, <a href=\"https:\/\/perma.cc\/CK9Y-VY4Q\" target=\"_blank\" rel=\"noopener\">fir d&#8217;Joer 2020 deklar\u00e9iert<\/a>. Dat br\u00e9ngt der Famill an deem Joer e Gesamtakommes vun ongef\u00e9ier 220.000 US-Dollar, ouni de Verkaf vun der Immobilie. Dat l\u00e4it also w\u00e4it ewech vun den 11 Millioune pro Mount, w\u00e9i et an de B\u00e4itr\u00e4g behaapt g\u00ebtt.<\/p>\n<p>D&#8217;AFP huet e puer Mol den NACP kontakt\u00e9iert, fir weider Informatiounen ze kr\u00e9ien, mee krut keng \u00c4ntwert.<\/p>\n<p>D&#8217;AFP huet an der Vergaangenheet nach aner <a href=\"https:\/\/factcheck.afp.com\/list\/all\/all\/39405\/all\/tid-39405\" target=\"_blank\" rel=\"noopener\">Falschinformatiounen iwwer de Selenskyj an den Ukrainkrich iwwerpr\u00e9ift<\/a>.<\/p>\n<p><em>D\u00ebsen AFP-Artikel gouf vun RTL op L\u00ebtzebuergesch iwwersat.<\/em><\/p>\n<\/div>\n<\/div>\n<\/article>\n","protected":false},"excerpt":{"rendered":"<p>A B\u00e4itr\u00e4g op de sozialen Netzwierker, d\u00e9i zu Dausende gedeelt goufen, heescht et, dass de Wolodymyr Selenskyj pro Mount 11 Milliounen Dollar verd\u00e9ngt, e Milliardeverm\u00e9igen h\u00e4tt &#8211; dozou g\u00e9if och en Haus am W\u00e4ert vu 35 Milliounen Dollar a Florida geh\u00e9ieren &#8211; an eng Rei aner Behaaptungen iwwer s\u00e4in deiere Liewensstil.<\/p>\n","protected":false},"author":1,"featured_media":252115,"comment_status":"closed","ping_status":"open","sticky":false,"template":"","format":"standard","meta":{"_acf_changed":false,"footnotes":""},"categories":[191,217,181],"tags":[],"class_list":{"0":"post-252125","1":"post","2":"type-post","3":"status-publish","4":"format-standard","5":"has-post-thumbnail","7":"category-politik","8":"category-ukraine-lb","9":"category-uncategorized-lb"},"acf":{"show_metatags":true,"id":"2039493","authors":"RTL L\u00ebtzebuerg","organization":"RTL","featured_image_copyright":"","text_copyright":"Copyright RTL \/ CLT-UFA S.A.","source":"https:\/\/www.rtl.lu\/news\/faktencheck\/a\/2039493.html","fact_checker":"https:\/\/belux.wpengine.com\/wp-content\/uploads\/2021\/12\/rtl_logo.png","type":"Closed Event","location":"","start_date":"","start_date_event_begins_at":"","start_date_event_ends_at":"","end_date":"","end_date_event_begins_at":"","end_date_event_ends_at":"","organizer":"","fact_checker_logo_image":false},"yoast_head":"<!-- This site is optimized with the Yoast SEO plugin v27.0 - https:\/\/yoast.com\/product\/yoast-seo-wordpress\/ -->\n<title>Faktencheck: Onbewise Behaaptungen iwwer dem Selenskyj s\u00e4i Verm\u00e9igen - EDMO Belux<\/title>\n<meta name=\"robots\" content=\"index, follow, max-snippet:-1, max-image-preview:large, max-video-preview:-1\" \/>\n<link rel=\"canonical\" href=\"https:\/\/belux.edmo.eu\/lb\/faktencheck-onbewise-behaaptungen-iwwer-dem-selenskyj-si-vermigen\/\" \/>\n<meta property=\"og:locale\" content=\"en_US\" \/>\n<meta property=\"og:type\" content=\"article\" \/>\n<meta property=\"og:title\" content=\"Faktencheck: Onbewise Behaaptungen iwwer dem Selenskyj s\u00e4i Verm\u00e9igen - EDMO Belux\" \/>\n<meta property=\"og:description\" content=\"A B\u00e4itr\u00e4g op de sozialen Netzwierker, d\u00e9i zu Dausende gedeelt goufen, heescht et, dass de Wolodymyr Selenskyj pro Mount 11 Milliounen Dollar verd\u00e9ngt, e Milliardeverm\u00e9igen h\u00e4tt - dozou g\u00e9if och en Haus am W\u00e4ert vu 35 Milliounen Dollar a Florida geh\u00e9ieren - an eng Rei aner Behaaptungen iwwer s\u00e4in deiere Liewensstil.\" \/>\n<meta property=\"og:url\" content=\"https:\/\/belux.edmo.eu\/lb\/faktencheck-onbewise-behaaptungen-iwwer-dem-selenskyj-si-vermigen\/\" \/>\n<meta property=\"og:site_name\" content=\"EDMO Belux\" \/>\n<meta property=\"article:published_time\" content=\"2023-03-15T11:34:41+00:00\" \/>\n<meta property=\"og:image\" content=\"https:\/\/belux-edmo.s3-accelerate.amazonaws.com\/wp-content\/uploads\/2023\/03\/2228d88e2b87ab2f565c6dccb8c25cea.jpeg\" \/>\n\t<meta property=\"og:image:width\" content=\"1080\" \/>\n\t<meta property=\"og:image:height\" content=\"776\" \/>\n\t<meta property=\"og:image:type\" content=\"image\/jpeg\" \/>\n<meta name=\"author\" content=\"master\" \/>\n<meta name=\"twitter:card\" content=\"summary_large_image\" \/>\n<meta name=\"twitter:creator\" content=\"@Edmo_Belux\" \/>\n<meta name=\"twitter:site\" content=\"@Edmo_Belux\" \/>\n<meta name=\"twitter:label1\" content=\"Written by\" \/>\n\t<meta name=\"twitter:data1\" content=\"master\" \/>\n\t<meta name=\"twitter:label2\" content=\"Est. reading time\" \/>\n\t<meta name=\"twitter:data2\" content=\"6 minutes\" \/>\n<script type=\"application\/ld+json\" class=\"yoast-schema-graph\">{\"@context\":\"https:\/\/schema.org\",\"@graph\":[{\"@type\":\"Article\",\"@id\":\"https:\/\/belux.edmo.eu\/lb\/faktencheck-onbewise-behaaptungen-iwwer-dem-selenskyj-si-vermigen\/#article\",\"isPartOf\":{\"@id\":\"https:\/\/belux.edmo.eu\/lb\/faktencheck-onbewise-behaaptungen-iwwer-dem-selenskyj-si-vermigen\/\"},\"author\":{\"name\":\"master\",\"@id\":\"https:\/\/belux.edmo.eu\/#\/schema\/person\/dbe3b252258537fd318f9b5645a30342\"},\"headline\":\"Faktencheck: Onbewise Behaaptungen iwwer dem Selenskyj s\u00e4i Verm\u00e9igen\",\"datePublished\":\"2023-03-15T11:34:41+00:00\",\"mainEntityOfPage\":{\"@id\":\"https:\/\/belux.edmo.eu\/lb\/faktencheck-onbewise-behaaptungen-iwwer-dem-selenskyj-si-vermigen\/\"},\"wordCount\":1204,\"publisher\":{\"@id\":\"https:\/\/belux.edmo.eu\/#organization\"},\"image\":{\"@id\":\"https:\/\/belux.edmo.eu\/lb\/faktencheck-onbewise-behaaptungen-iwwer-dem-selenskyj-si-vermigen\/#primaryimage\"},\"thumbnailUrl\":\"https:\/\/belux-edmo.s3-accelerate.amazonaws.com\/wp-content\/uploads\/2023\/03\/2228d88e2b87ab2f565c6dccb8c25cea.jpeg\",\"articleSection\":[\"Politik\",\"Ukraine\",\"Uncategorized @lb\"],\"inLanguage\":\"lb-LU\"},{\"@type\":\"WebPage\",\"@id\":\"https:\/\/belux.edmo.eu\/lb\/faktencheck-onbewise-behaaptungen-iwwer-dem-selenskyj-si-vermigen\/\",\"url\":\"https:\/\/belux.edmo.eu\/lb\/faktencheck-onbewise-behaaptungen-iwwer-dem-selenskyj-si-vermigen\/\",\"name\":\"Faktencheck: Onbewise Behaaptungen iwwer dem Selenskyj s\u00e4i Verm\u00e9igen - EDMO Belux\",\"isPartOf\":{\"@id\":\"https:\/\/belux.edmo.eu\/#website\"},\"primaryImageOfPage\":{\"@id\":\"https:\/\/belux.edmo.eu\/lb\/faktencheck-onbewise-behaaptungen-iwwer-dem-selenskyj-si-vermigen\/#primaryimage\"},\"image\":{\"@id\":\"https:\/\/belux.edmo.eu\/lb\/faktencheck-onbewise-behaaptungen-iwwer-dem-selenskyj-si-vermigen\/#primaryimage\"},\"thumbnailUrl\":\"https:\/\/belux-edmo.s3-accelerate.amazonaws.com\/wp-content\/uploads\/2023\/03\/2228d88e2b87ab2f565c6dccb8c25cea.jpeg\",\"datePublished\":\"2023-03-15T11:34:41+00:00\",\"breadcrumb\":{\"@id\":\"https:\/\/belux.edmo.eu\/lb\/faktencheck-onbewise-behaaptungen-iwwer-dem-selenskyj-si-vermigen\/#breadcrumb\"},\"inLanguage\":\"lb-LU\",\"potentialAction\":[{\"@type\":\"ReadAction\",\"target\":[\"https:\/\/belux.edmo.eu\/lb\/faktencheck-onbewise-behaaptungen-iwwer-dem-selenskyj-si-vermigen\/\"]}]},{\"@type\":\"ImageObject\",\"inLanguage\":\"lb-LU\",\"@id\":\"https:\/\/belux.edmo.eu\/lb\/faktencheck-onbewise-behaaptungen-iwwer-dem-selenskyj-si-vermigen\/#primaryimage\",\"url\":\"https:\/\/belux-edmo.s3-accelerate.amazonaws.com\/wp-content\/uploads\/2023\/03\/2228d88e2b87ab2f565c6dccb8c25cea.jpeg\",\"contentUrl\":\"https:\/\/belux-edmo.s3-accelerate.amazonaws.com\/wp-content\/uploads\/2023\/03\/2228d88e2b87ab2f565c6dccb8c25cea.jpeg\",\"width\":1080,\"height\":776,\"caption\":\"Faktencheck: Onbewise Behaaptungen iwwer dem Selenskyj s\u00e4i Verm\u00e9igen - Featured image\"},{\"@type\":\"BreadcrumbList\",\"@id\":\"https:\/\/belux.edmo.eu\/lb\/faktencheck-onbewise-behaaptungen-iwwer-dem-selenskyj-si-vermigen\/#breadcrumb\",\"itemListElement\":[{\"@type\":\"ListItem\",\"position\":1,\"name\":\"Home\",\"item\":\"https:\/\/belux.edmo.eu\/lb\/\"},{\"@type\":\"ListItem\",\"position\":2,\"name\":\"Faktencheck: Onbewise Behaaptungen iwwer dem Selenskyj s\u00e4i Verm\u00e9igen\"}]},{\"@type\":\"WebSite\",\"@id\":\"https:\/\/belux.edmo.eu\/#website\",\"url\":\"https:\/\/belux.edmo.eu\/\",\"name\":\"EDMO Belux\",\"description\":\"Monitoring Disinformation in Belgium and Luxembourg\",\"publisher\":{\"@id\":\"https:\/\/belux.edmo.eu\/#organization\"},\"potentialAction\":[{\"@type\":\"SearchAction\",\"target\":{\"@type\":\"EntryPoint\",\"urlTemplate\":\"https:\/\/belux.edmo.eu\/?s={search_term_string}\"},\"query-input\":{\"@type\":\"PropertyValueSpecification\",\"valueRequired\":true,\"valueName\":\"search_term_string\"}}],\"inLanguage\":\"lb-LU\"},{\"@type\":\"Organization\",\"@id\":\"https:\/\/belux.edmo.eu\/#organization\",\"name\":\"EDMO Belux\",\"url\":\"https:\/\/belux.edmo.eu\/\",\"logo\":{\"@type\":\"ImageObject\",\"inLanguage\":\"lb-LU\",\"@id\":\"https:\/\/belux.edmo.eu\/#\/schema\/logo\/image\/\",\"url\":\"https:\/\/belux.edmo.eu\/wp-content\/uploads\/2021\/12\/belux-logo-full-color-rgb.svg\",\"contentUrl\":\"https:\/\/belux.edmo.eu\/wp-content\/uploads\/2021\/12\/belux-logo-full-color-rgb.svg\",\"width\":1,\"height\":1,\"caption\":\"EDMO Belux\"},\"image\":{\"@id\":\"https:\/\/belux.edmo.eu\/#\/schema\/logo\/image\/\"},\"sameAs\":[\"https:\/\/x.com\/Edmo_Belux\"]},{\"@type\":\"Person\",\"@id\":\"https:\/\/belux.edmo.eu\/#\/schema\/person\/dbe3b252258537fd318f9b5645a30342\",\"name\":\"master\",\"sameAs\":[\"https:\/\/belux.wpengine.com\"],\"url\":\"https:\/\/belux.edmo.eu\/lb\/author\/master\/\"}]}<\/script>\n<!-- \/ Yoast SEO plugin. -->","yoast_head_json":{"title":"Faktencheck: Onbewise Behaaptungen iwwer dem Selenskyj s\u00e4i Verm\u00e9igen - EDMO Belux","robots":{"index":"index","follow":"follow","max-snippet":"max-snippet:-1","max-image-preview":"max-image-preview:large","max-video-preview":"max-video-preview:-1"},"canonical":"https:\/\/belux.edmo.eu\/lb\/faktencheck-onbewise-behaaptungen-iwwer-dem-selenskyj-si-vermigen\/","og_locale":"en_US","og_type":"article","og_title":"Faktencheck: Onbewise Behaaptungen iwwer dem Selenskyj s\u00e4i Verm\u00e9igen - EDMO Belux","og_description":"A B\u00e4itr\u00e4g op de sozialen Netzwierker, d\u00e9i zu Dausende gedeelt goufen, heescht et, dass de Wolodymyr Selenskyj pro Mount 11 Milliounen Dollar verd\u00e9ngt, e Milliardeverm\u00e9igen h\u00e4tt - dozou g\u00e9if och en Haus am W\u00e4ert vu 35 Milliounen Dollar a Florida geh\u00e9ieren - an eng Rei aner Behaaptungen iwwer s\u00e4in deiere Liewensstil.","og_url":"https:\/\/belux.edmo.eu\/lb\/faktencheck-onbewise-behaaptungen-iwwer-dem-selenskyj-si-vermigen\/","og_site_name":"EDMO Belux","article_published_time":"2023-03-15T11:34:41+00:00","og_image":[{"width":1080,"height":776,"url":"https:\/\/belux-edmo.s3-accelerate.amazonaws.com\/wp-content\/uploads\/2023\/03\/2228d88e2b87ab2f565c6dccb8c25cea.jpeg","type":"image\/jpeg"}],"author":"master","twitter_card":"summary_large_image","twitter_creator":"@Edmo_Belux","twitter_site":"@Edmo_Belux","twitter_misc":{"Written by":"master","Est. reading time":"6 minutes"},"schema":{"@context":"https:\/\/schema.org","@graph":[{"@type":"Article","@id":"https:\/\/belux.edmo.eu\/lb\/faktencheck-onbewise-behaaptungen-iwwer-dem-selenskyj-si-vermigen\/#article","isPartOf":{"@id":"https:\/\/belux.edmo.eu\/lb\/faktencheck-onbewise-behaaptungen-iwwer-dem-selenskyj-si-vermigen\/"},"author":{"name":"master","@id":"https:\/\/belux.edmo.eu\/#\/schema\/person\/dbe3b252258537fd318f9b5645a30342"},"headline":"Faktencheck: Onbewise Behaaptungen iwwer dem Selenskyj s\u00e4i Verm\u00e9igen","datePublished":"2023-03-15T11:34:41+00:00","mainEntityOfPage":{"@id":"https:\/\/belux.edmo.eu\/lb\/faktencheck-onbewise-behaaptungen-iwwer-dem-selenskyj-si-vermigen\/"},"wordCount":1204,"publisher":{"@id":"https:\/\/belux.edmo.eu\/#organization"},"image":{"@id":"https:\/\/belux.edmo.eu\/lb\/faktencheck-onbewise-behaaptungen-iwwer-dem-selenskyj-si-vermigen\/#primaryimage"},"thumbnailUrl":"https:\/\/belux-edmo.s3-accelerate.amazonaws.com\/wp-content\/uploads\/2023\/03\/2228d88e2b87ab2f565c6dccb8c25cea.jpeg","articleSection":["Politik","Ukraine","Uncategorized @lb"],"inLanguage":"lb-LU"},{"@type":"WebPage","@id":"https:\/\/belux.edmo.eu\/lb\/faktencheck-onbewise-behaaptungen-iwwer-dem-selenskyj-si-vermigen\/","url":"https:\/\/belux.edmo.eu\/lb\/faktencheck-onbewise-behaaptungen-iwwer-dem-selenskyj-si-vermigen\/","name":"Faktencheck: Onbewise Behaaptungen iwwer dem Selenskyj s\u00e4i Verm\u00e9igen - EDMO Belux","isPartOf":{"@id":"https:\/\/belux.edmo.eu\/#website"},"primaryImageOfPage":{"@id":"https:\/\/belux.edmo.eu\/lb\/faktencheck-onbewise-behaaptungen-iwwer-dem-selenskyj-si-vermigen\/#primaryimage"},"image":{"@id":"https:\/\/belux.edmo.eu\/lb\/faktencheck-onbewise-behaaptungen-iwwer-dem-selenskyj-si-vermigen\/#primaryimage"},"thumbnailUrl":"https:\/\/belux-edmo.s3-accelerate.amazonaws.com\/wp-content\/uploads\/2023\/03\/2228d88e2b87ab2f565c6dccb8c25cea.jpeg","datePublished":"2023-03-15T11:34:41+00:00","breadcrumb":{"@id":"https:\/\/belux.edmo.eu\/lb\/faktencheck-onbewise-behaaptungen-iwwer-dem-selenskyj-si-vermigen\/#breadcrumb"},"inLanguage":"lb-LU","potentialAction":[{"@type":"ReadAction","target":["https:\/\/belux.edmo.eu\/lb\/faktencheck-onbewise-behaaptungen-iwwer-dem-selenskyj-si-vermigen\/"]}]},{"@type":"ImageObject","inLanguage":"lb-LU","@id":"https:\/\/belux.edmo.eu\/lb\/faktencheck-onbewise-behaaptungen-iwwer-dem-selenskyj-si-vermigen\/#primaryimage","url":"https:\/\/belux-edmo.s3-accelerate.amazonaws.com\/wp-content\/uploads\/2023\/03\/2228d88e2b87ab2f565c6dccb8c25cea.jpeg","contentUrl":"https:\/\/belux-edmo.s3-accelerate.amazonaws.com\/wp-content\/uploads\/2023\/03\/2228d88e2b87ab2f565c6dccb8c25cea.jpeg","width":1080,"height":776,"caption":"Faktencheck: Onbewise Behaaptungen iwwer dem Selenskyj s\u00e4i Verm\u00e9igen - Featured image"},{"@type":"BreadcrumbList","@id":"https:\/\/belux.edmo.eu\/lb\/faktencheck-onbewise-behaaptungen-iwwer-dem-selenskyj-si-vermigen\/#breadcrumb","itemListElement":[{"@type":"ListItem","position":1,"name":"Home","item":"https:\/\/belux.edmo.eu\/lb\/"},{"@type":"ListItem","position":2,"name":"Faktencheck: Onbewise Behaaptungen iwwer dem Selenskyj s\u00e4i Verm\u00e9igen"}]},{"@type":"WebSite","@id":"https:\/\/belux.edmo.eu\/#website","url":"https:\/\/belux.edmo.eu\/","name":"EDMO Belux","description":"Monitoring Disinformation in Belgium and Luxembourg","publisher":{"@id":"https:\/\/belux.edmo.eu\/#organization"},"potentialAction":[{"@type":"SearchAction","target":{"@type":"EntryPoint","urlTemplate":"https:\/\/belux.edmo.eu\/?s={search_term_string}"},"query-input":{"@type":"PropertyValueSpecification","valueRequired":true,"valueName":"search_term_string"}}],"inLanguage":"lb-LU"},{"@type":"Organization","@id":"https:\/\/belux.edmo.eu\/#organization","name":"EDMO Belux","url":"https:\/\/belux.edmo.eu\/","logo":{"@type":"ImageObject","inLanguage":"lb-LU","@id":"https:\/\/belux.edmo.eu\/#\/schema\/logo\/image\/","url":"https:\/\/belux.edmo.eu\/wp-content\/uploads\/2021\/12\/belux-logo-full-color-rgb.svg","contentUrl":"https:\/\/belux.edmo.eu\/wp-content\/uploads\/2021\/12\/belux-logo-full-color-rgb.svg","width":1,"height":1,"caption":"EDMO Belux"},"image":{"@id":"https:\/\/belux.edmo.eu\/#\/schema\/logo\/image\/"},"sameAs":["https:\/\/x.com\/Edmo_Belux"]},{"@type":"Person","@id":"https:\/\/belux.edmo.eu\/#\/schema\/person\/dbe3b252258537fd318f9b5645a30342","name":"master","sameAs":["https:\/\/belux.wpengine.com"],"url":"https:\/\/belux.edmo.eu\/lb\/author\/master\/"}]}},"menu_order":0,"_links":{"self":[{"href":"https:\/\/belux.edmo.eu\/lb\/wp-json\/wp\/v2\/posts\/252125","targetHints":{"allow":["GET"]}}],"collection":[{"href":"https:\/\/belux.edmo.eu\/lb\/wp-json\/wp\/v2\/posts"}],"about":[{"href":"https:\/\/belux.edmo.eu\/lb\/wp-json\/wp\/v2\/types\/post"}],"author":[{"embeddable":true,"href":"https:\/\/belux.edmo.eu\/lb\/wp-json\/wp\/v2\/users\/1"}],"replies":[{"embeddable":true,"href":"https:\/\/belux.edmo.eu\/lb\/wp-json\/wp\/v2\/comments?post=252125"}],"version-history":[{"count":0,"href":"https:\/\/belux.edmo.eu\/lb\/wp-json\/wp\/v2\/posts\/252125\/revisions"}],"wp:featuredmedia":[{"embeddable":true,"href":"https:\/\/belux.edmo.eu\/lb\/wp-json\/wp\/v2\/media\/252115"}],"wp:attachment":[{"href":"https:\/\/belux.edmo.eu\/lb\/wp-json\/wp\/v2\/media?parent=252125"}],"wp:term":[{"taxonomy":"category","embeddable":true,"href":"https:\/\/belux.edmo.eu\/lb\/wp-json\/wp\/v2\/categories?post=252125"},{"taxonomy":"post_tag","embeddable":true,"href":"https:\/\/belux.edmo.eu\/lb\/wp-json\/wp\/v2\/tags?post=252125"}],"curies":[{"name":"wp","href":"https:\/\/api.w.org\/{rel}","templated":true}]}}