{"id":263274,"date":"2023-05-09T04:00:15","date_gmt":"2023-05-09T04:00:15","guid":{"rendered":"https:\/\/belux.edmo.eu\/?p=263274"},"modified":"2023-06-26T07:54:32","modified_gmt":"2023-06-26T07:54:32","slug":"the-disinformation-landscape-in-belgium","status":"publish","type":"post","link":"https:\/\/belux.edmo.eu\/lb\/the-disinformation-landscape-in-belgium\/","title":{"rendered":"D&#8217;Desinformatiounslandschaft an der Belsch"},"content":{"rendered":"<div class=\"wpb-content-wrapper\"><p>[vc_row][vc_column][vc_column_text]<em>Auteur: <strong>Alexandre Alaphilippe<\/strong>, EU DisinfoLab.<\/em><\/p>\n<p><em>Bew\u00e4ertungen: <strong>Victor Wiard,<\/strong> Universit\u00e9 Saint-Louis &amp; <strong>Jan Jagers,<\/strong>\u00a0deCheckers.<\/em><\/p>\n<h3>Af\u00e9ierung<\/h3>\n<ul>\n<li>D&#8217;Belsch kann als e besonnescht Beispill gesi ginn, w\u00e9i een iwwer Desinformatioun bericht.<\/li>\n<li>Als \u00e9ischt ass d&#8217;Bundesland t\u00ebscht territorialen a sproochleche Grenzen opgedeelt. D&#8217;Belsch huet dr\u00e4i offiziell Sproochen (Holl\u00e4nnesch, Frans\u00e9isch an D\u00e4itsch) an dr\u00e4i Regiounen (Flandern, Wallonie a Br\u00e9issel-Haaptstad), d\u00e9i deelweis iwwerlappt.<\/li>\n<li>Engers\u00e4its ass d\u00ebs duebel Fragmentatioun, kombin\u00e9iert mat schwaache F\u00e9deralen Institutiounen, d&#8217;Quell vu ville politeschen a Gemeinschaftsspannungen am Land. Zous\u00e4tzlech sinn d&#8217;Informatiouns-\u00d6kosystemer vun de lokale Communaut\u00e9iten ganz verbonne mat Nopeschl\u00e4nner w\u00e9i Frankr\u00e4ich fir de frans\u00e9ischsproochegen Deel, an Holland fir Flandern.<\/li>\n<li>Op der anerer S\u00e4it ass Br\u00e9issel d&#8217;Haus vun der Europ\u00e4escher Kommissioun an h\u00eblt ee S\u00ebtz vum Europ\u00e4esche Parlament, dem Europ\u00e4esche Rot, an dem NATO-S\u00ebtz. D\u00ebst stellt d&#8217;Belsch als Aflossziel fir ausl\u00e4nnesch Am\u00ebschen, well d&#8217;Haaptstad ass dat klappt H\u00e4erz vun der europ\u00e4escher Regulatioun.<\/li>\n<\/ul>\n<p><strong>Luet <a href=\"https:\/\/www.disinfo.eu\/wp-content\/uploads\/2023\/05\/20230509_BE_DisinfoFS.pdf\" target=\"_blank\" rel=\"noopener\">hei<\/a> den Informatiounsblat erof (pdf, op Englesch).<\/strong>[\/vc_column_text][\/vc_column][\/vc_row]<\/p>\n<\/div>","protected":false},"excerpt":{"rendered":"<p>[vc_row][vc_column][vc_column_text]Auteur: Alexandre Alaphilippe, EU DisinfoLab. Bew\u00e4ertungen: Victor Wiard, Universit\u00e9 Saint-Louis &amp; Jan Jagers,\u00a0deCheckers. Af\u00e9ierung D&#8217;Belsch kann als e besonnescht Beispill&#8230;<\/p>\n","protected":false},"author":21,"featured_media":263290,"comment_status":"closed","ping_status":"closed","sticky":false,"template":"","format":"standard","meta":{"_acf_changed":false,"footnotes":""},"categories":[234],"tags":[],"class_list":{"0":"post-263274","1":"post","2":"type-post","3":"status-publish","4":"format-standard","5":"has-post-thumbnail","7":"category-fuerschung-studien"},"acf":{"type":"Closed Event","location":"","start_date":"","start_date_event_begins_at":"","start_date_event_ends_at":"","end_date":"","end_date_event_begins_at":"","end_date_event_ends_at":"","organizer":"","show_metatags":false,"id":"","authors":"","organization":"","featured_image_copyright":"","text_copyright":"","source":"","fact_checker":"https:\/\/belux.wpengine.com\/wp-content\/uploads\/2021\/12\/afp_logo.png","fact_checker_logo_image":false},"yoast_head":"<!-- This site is optimized with the Yoast SEO plugin v27.0 - https:\/\/yoast.com\/product\/yoast-seo-wordpress\/ -->\n<title>D&#039;Desinformatiounslandschaft an der Belsch - EDMO Belux<\/title>\n<meta name=\"robots\" content=\"index, follow, max-snippet:-1, max-image-preview:large, max-video-preview:-1\" \/>\n<link rel=\"canonical\" href=\"https:\/\/belux.edmo.eu\/lb\/the-disinformation-landscape-in-belgium\/\" \/>\n<meta property=\"og:locale\" content=\"en_US\" \/>\n<meta property=\"og:type\" content=\"article\" \/>\n<meta property=\"og:title\" content=\"D&#039;Desinformatiounslandschaft an der Belsch - EDMO Belux\" \/>\n<meta property=\"og:description\" content=\"[vc_row][vc_column][vc_column_text]Auteur: Alexandre Alaphilippe, EU DisinfoLab. Bew\u00e4ertungen: Victor Wiard, Universit\u00e9 Saint-Louis &amp; Jan Jagers,\u00a0deCheckers. Af\u00e9ierung D&#8217;Belsch kann als e besonnescht Beispill...\" \/>\n<meta property=\"og:url\" content=\"https:\/\/belux.edmo.eu\/lb\/the-disinformation-landscape-in-belgium\/\" \/>\n<meta property=\"og:site_name\" content=\"EDMO Belux\" \/>\n<meta property=\"article:published_time\" content=\"2023-05-09T04:00:15+00:00\" \/>\n<meta property=\"article:modified_time\" content=\"2023-06-26T07:54:32+00:00\" \/>\n<meta property=\"og:image\" content=\"https:\/\/belux-edmo.s3-accelerate.amazonaws.com\/wp-content\/uploads\/2023\/05\/ICzppaR9-EDMO-BELUX-Belgian-disinfo-landscape-3.png\" \/>\n\t<meta property=\"og:image:width\" content=\"1600\" \/>\n\t<meta property=\"og:image:height\" content=\"690\" \/>\n\t<meta property=\"og:image:type\" content=\"image\/png\" \/>\n<meta name=\"author\" content=\"Heini J\u00e4rvinen\" \/>\n<meta name=\"twitter:card\" content=\"summary_large_image\" \/>\n<meta name=\"twitter:creator\" content=\"@Edmo_Belux\" \/>\n<meta name=\"twitter:site\" content=\"@Edmo_Belux\" \/>\n<meta name=\"twitter:label1\" content=\"Written by\" \/>\n\t<meta name=\"twitter:data1\" content=\"Heini J\u00e4rvinen\" \/>\n\t<meta name=\"twitter:label2\" content=\"Est. reading time\" \/>\n\t<meta name=\"twitter:data2\" content=\"1 minute\" \/>\n<script type=\"application\/ld+json\" class=\"yoast-schema-graph\">{\"@context\":\"https:\/\/schema.org\",\"@graph\":[{\"@type\":\"Article\",\"@id\":\"https:\/\/belux.edmo.eu\/lb\/the-disinformation-landscape-in-belgium\/#article\",\"isPartOf\":{\"@id\":\"https:\/\/belux.edmo.eu\/lb\/the-disinformation-landscape-in-belgium\/\"},\"author\":{\"name\":\"Heini J\u00e4rvinen\",\"@id\":\"https:\/\/belux.edmo.eu\/#\/schema\/person\/76f73c254cfa71ce3f67b61d2852b401\"},\"headline\":\"D&#8217;Desinformatiounslandschaft an der Belsch\",\"datePublished\":\"2023-05-09T04:00:15+00:00\",\"dateModified\":\"2023-06-26T07:54:32+00:00\",\"mainEntityOfPage\":{\"@id\":\"https:\/\/belux.edmo.eu\/lb\/the-disinformation-landscape-in-belgium\/\"},\"wordCount\":208,\"publisher\":{\"@id\":\"https:\/\/belux.edmo.eu\/#organization\"},\"image\":{\"@id\":\"https:\/\/belux.edmo.eu\/lb\/the-disinformation-landscape-in-belgium\/#primaryimage\"},\"thumbnailUrl\":\"https:\/\/belux-edmo.s3-accelerate.amazonaws.com\/wp-content\/uploads\/2023\/05\/ICzppaR9-EDMO-BELUX-Belgian-disinfo-landscape-3.png\",\"articleSection\":[\"Fuerschung &amp; Studien\"],\"inLanguage\":\"lb-LU\"},{\"@type\":\"WebPage\",\"@id\":\"https:\/\/belux.edmo.eu\/lb\/the-disinformation-landscape-in-belgium\/\",\"url\":\"https:\/\/belux.edmo.eu\/lb\/the-disinformation-landscape-in-belgium\/\",\"name\":\"D'Desinformatiounslandschaft an der Belsch - EDMO Belux\",\"isPartOf\":{\"@id\":\"https:\/\/belux.edmo.eu\/#website\"},\"primaryImageOfPage\":{\"@id\":\"https:\/\/belux.edmo.eu\/lb\/the-disinformation-landscape-in-belgium\/#primaryimage\"},\"image\":{\"@id\":\"https:\/\/belux.edmo.eu\/lb\/the-disinformation-landscape-in-belgium\/#primaryimage\"},\"thumbnailUrl\":\"https:\/\/belux-edmo.s3-accelerate.amazonaws.com\/wp-content\/uploads\/2023\/05\/ICzppaR9-EDMO-BELUX-Belgian-disinfo-landscape-3.png\",\"datePublished\":\"2023-05-09T04:00:15+00:00\",\"dateModified\":\"2023-06-26T07:54:32+00:00\",\"breadcrumb\":{\"@id\":\"https:\/\/belux.edmo.eu\/lb\/the-disinformation-landscape-in-belgium\/#breadcrumb\"},\"inLanguage\":\"lb-LU\",\"potentialAction\":[{\"@type\":\"ReadAction\",\"target\":[\"https:\/\/belux.edmo.eu\/lb\/the-disinformation-landscape-in-belgium\/\"]}]},{\"@type\":\"ImageObject\",\"inLanguage\":\"lb-LU\",\"@id\":\"https:\/\/belux.edmo.eu\/lb\/the-disinformation-landscape-in-belgium\/#primaryimage\",\"url\":\"https:\/\/belux-edmo.s3-accelerate.amazonaws.com\/wp-content\/uploads\/2023\/05\/ICzppaR9-EDMO-BELUX-Belgian-disinfo-landscape-3.png\",\"contentUrl\":\"https:\/\/belux-edmo.s3-accelerate.amazonaws.com\/wp-content\/uploads\/2023\/05\/ICzppaR9-EDMO-BELUX-Belgian-disinfo-landscape-3.png\",\"width\":1600,\"height\":690},{\"@type\":\"BreadcrumbList\",\"@id\":\"https:\/\/belux.edmo.eu\/lb\/the-disinformation-landscape-in-belgium\/#breadcrumb\",\"itemListElement\":[{\"@type\":\"ListItem\",\"position\":1,\"name\":\"Home\",\"item\":\"https:\/\/belux.edmo.eu\/lb\/\"},{\"@type\":\"ListItem\",\"position\":2,\"name\":\"D&#8217;Desinformatiounslandschaft an der Belsch\"}]},{\"@type\":\"WebSite\",\"@id\":\"https:\/\/belux.edmo.eu\/#website\",\"url\":\"https:\/\/belux.edmo.eu\/\",\"name\":\"EDMO Belux\",\"description\":\"Monitoring Disinformation in Belgium and Luxembourg\",\"publisher\":{\"@id\":\"https:\/\/belux.edmo.eu\/#organization\"},\"potentialAction\":[{\"@type\":\"SearchAction\",\"target\":{\"@type\":\"EntryPoint\",\"urlTemplate\":\"https:\/\/belux.edmo.eu\/?s={search_term_string}\"},\"query-input\":{\"@type\":\"PropertyValueSpecification\",\"valueRequired\":true,\"valueName\":\"search_term_string\"}}],\"inLanguage\":\"lb-LU\"},{\"@type\":\"Organization\",\"@id\":\"https:\/\/belux.edmo.eu\/#organization\",\"name\":\"EDMO Belux\",\"url\":\"https:\/\/belux.edmo.eu\/\",\"logo\":{\"@type\":\"ImageObject\",\"inLanguage\":\"lb-LU\",\"@id\":\"https:\/\/belux.edmo.eu\/#\/schema\/logo\/image\/\",\"url\":\"https:\/\/belux.edmo.eu\/wp-content\/uploads\/2021\/12\/belux-logo-full-color-rgb.svg\",\"contentUrl\":\"https:\/\/belux.edmo.eu\/wp-content\/uploads\/2021\/12\/belux-logo-full-color-rgb.svg\",\"width\":1,\"height\":1,\"caption\":\"EDMO Belux\"},\"image\":{\"@id\":\"https:\/\/belux.edmo.eu\/#\/schema\/logo\/image\/\"},\"sameAs\":[\"https:\/\/x.com\/Edmo_Belux\"]},{\"@type\":\"Person\",\"@id\":\"https:\/\/belux.edmo.eu\/#\/schema\/person\/76f73c254cfa71ce3f67b61d2852b401\",\"name\":\"Heini J\u00e4rvinen\",\"url\":\"https:\/\/belux.edmo.eu\/lb\/author\/h-jarvinen\/\"}]}<\/script>\n<!-- \/ Yoast SEO plugin. -->","yoast_head_json":{"title":"D'Desinformatiounslandschaft an der Belsch - EDMO Belux","robots":{"index":"index","follow":"follow","max-snippet":"max-snippet:-1","max-image-preview":"max-image-preview:large","max-video-preview":"max-video-preview:-1"},"canonical":"https:\/\/belux.edmo.eu\/lb\/the-disinformation-landscape-in-belgium\/","og_locale":"en_US","og_type":"article","og_title":"D'Desinformatiounslandschaft an der Belsch - EDMO Belux","og_description":"[vc_row][vc_column][vc_column_text]Auteur: Alexandre Alaphilippe, EU DisinfoLab. Bew\u00e4ertungen: Victor Wiard, Universit\u00e9 Saint-Louis &amp; Jan Jagers,\u00a0deCheckers. Af\u00e9ierung D&#8217;Belsch kann als e besonnescht Beispill...","og_url":"https:\/\/belux.edmo.eu\/lb\/the-disinformation-landscape-in-belgium\/","og_site_name":"EDMO Belux","article_published_time":"2023-05-09T04:00:15+00:00","article_modified_time":"2023-06-26T07:54:32+00:00","og_image":[{"width":1600,"height":690,"url":"https:\/\/belux-edmo.s3-accelerate.amazonaws.com\/wp-content\/uploads\/2023\/05\/ICzppaR9-EDMO-BELUX-Belgian-disinfo-landscape-3.png","type":"image\/png"}],"author":"Heini J\u00e4rvinen","twitter_card":"summary_large_image","twitter_creator":"@Edmo_Belux","twitter_site":"@Edmo_Belux","twitter_misc":{"Written by":"Heini J\u00e4rvinen","Est. reading time":"1 minute"},"schema":{"@context":"https:\/\/schema.org","@graph":[{"@type":"Article","@id":"https:\/\/belux.edmo.eu\/lb\/the-disinformation-landscape-in-belgium\/#article","isPartOf":{"@id":"https:\/\/belux.edmo.eu\/lb\/the-disinformation-landscape-in-belgium\/"},"author":{"name":"Heini J\u00e4rvinen","@id":"https:\/\/belux.edmo.eu\/#\/schema\/person\/76f73c254cfa71ce3f67b61d2852b401"},"headline":"D&#8217;Desinformatiounslandschaft an der Belsch","datePublished":"2023-05-09T04:00:15+00:00","dateModified":"2023-06-26T07:54:32+00:00","mainEntityOfPage":{"@id":"https:\/\/belux.edmo.eu\/lb\/the-disinformation-landscape-in-belgium\/"},"wordCount":208,"publisher":{"@id":"https:\/\/belux.edmo.eu\/#organization"},"image":{"@id":"https:\/\/belux.edmo.eu\/lb\/the-disinformation-landscape-in-belgium\/#primaryimage"},"thumbnailUrl":"https:\/\/belux-edmo.s3-accelerate.amazonaws.com\/wp-content\/uploads\/2023\/05\/ICzppaR9-EDMO-BELUX-Belgian-disinfo-landscape-3.png","articleSection":["Fuerschung &amp; Studien"],"inLanguage":"lb-LU"},{"@type":"WebPage","@id":"https:\/\/belux.edmo.eu\/lb\/the-disinformation-landscape-in-belgium\/","url":"https:\/\/belux.edmo.eu\/lb\/the-disinformation-landscape-in-belgium\/","name":"D'Desinformatiounslandschaft an der Belsch - EDMO Belux","isPartOf":{"@id":"https:\/\/belux.edmo.eu\/#website"},"primaryImageOfPage":{"@id":"https:\/\/belux.edmo.eu\/lb\/the-disinformation-landscape-in-belgium\/#primaryimage"},"image":{"@id":"https:\/\/belux.edmo.eu\/lb\/the-disinformation-landscape-in-belgium\/#primaryimage"},"thumbnailUrl":"https:\/\/belux-edmo.s3-accelerate.amazonaws.com\/wp-content\/uploads\/2023\/05\/ICzppaR9-EDMO-BELUX-Belgian-disinfo-landscape-3.png","datePublished":"2023-05-09T04:00:15+00:00","dateModified":"2023-06-26T07:54:32+00:00","breadcrumb":{"@id":"https:\/\/belux.edmo.eu\/lb\/the-disinformation-landscape-in-belgium\/#breadcrumb"},"inLanguage":"lb-LU","potentialAction":[{"@type":"ReadAction","target":["https:\/\/belux.edmo.eu\/lb\/the-disinformation-landscape-in-belgium\/"]}]},{"@type":"ImageObject","inLanguage":"lb-LU","@id":"https:\/\/belux.edmo.eu\/lb\/the-disinformation-landscape-in-belgium\/#primaryimage","url":"https:\/\/belux-edmo.s3-accelerate.amazonaws.com\/wp-content\/uploads\/2023\/05\/ICzppaR9-EDMO-BELUX-Belgian-disinfo-landscape-3.png","contentUrl":"https:\/\/belux-edmo.s3-accelerate.amazonaws.com\/wp-content\/uploads\/2023\/05\/ICzppaR9-EDMO-BELUX-Belgian-disinfo-landscape-3.png","width":1600,"height":690},{"@type":"BreadcrumbList","@id":"https:\/\/belux.edmo.eu\/lb\/the-disinformation-landscape-in-belgium\/#breadcrumb","itemListElement":[{"@type":"ListItem","position":1,"name":"Home","item":"https:\/\/belux.edmo.eu\/lb\/"},{"@type":"ListItem","position":2,"name":"D&#8217;Desinformatiounslandschaft an der Belsch"}]},{"@type":"WebSite","@id":"https:\/\/belux.edmo.eu\/#website","url":"https:\/\/belux.edmo.eu\/","name":"EDMO Belux","description":"Monitoring Disinformation in Belgium and Luxembourg","publisher":{"@id":"https:\/\/belux.edmo.eu\/#organization"},"potentialAction":[{"@type":"SearchAction","target":{"@type":"EntryPoint","urlTemplate":"https:\/\/belux.edmo.eu\/?s={search_term_string}"},"query-input":{"@type":"PropertyValueSpecification","valueRequired":true,"valueName":"search_term_string"}}],"inLanguage":"lb-LU"},{"@type":"Organization","@id":"https:\/\/belux.edmo.eu\/#organization","name":"EDMO Belux","url":"https:\/\/belux.edmo.eu\/","logo":{"@type":"ImageObject","inLanguage":"lb-LU","@id":"https:\/\/belux.edmo.eu\/#\/schema\/logo\/image\/","url":"https:\/\/belux.edmo.eu\/wp-content\/uploads\/2021\/12\/belux-logo-full-color-rgb.svg","contentUrl":"https:\/\/belux.edmo.eu\/wp-content\/uploads\/2021\/12\/belux-logo-full-color-rgb.svg","width":1,"height":1,"caption":"EDMO Belux"},"image":{"@id":"https:\/\/belux.edmo.eu\/#\/schema\/logo\/image\/"},"sameAs":["https:\/\/x.com\/Edmo_Belux"]},{"@type":"Person","@id":"https:\/\/belux.edmo.eu\/#\/schema\/person\/76f73c254cfa71ce3f67b61d2852b401","name":"Heini J\u00e4rvinen","url":"https:\/\/belux.edmo.eu\/lb\/author\/h-jarvinen\/"}]}},"menu_order":0,"_links":{"self":[{"href":"https:\/\/belux.edmo.eu\/lb\/wp-json\/wp\/v2\/posts\/263274","targetHints":{"allow":["GET"]}}],"collection":[{"href":"https:\/\/belux.edmo.eu\/lb\/wp-json\/wp\/v2\/posts"}],"about":[{"href":"https:\/\/belux.edmo.eu\/lb\/wp-json\/wp\/v2\/types\/post"}],"author":[{"embeddable":true,"href":"https:\/\/belux.edmo.eu\/lb\/wp-json\/wp\/v2\/users\/21"}],"replies":[{"embeddable":true,"href":"https:\/\/belux.edmo.eu\/lb\/wp-json\/wp\/v2\/comments?post=263274"}],"version-history":[{"count":0,"href":"https:\/\/belux.edmo.eu\/lb\/wp-json\/wp\/v2\/posts\/263274\/revisions"}],"wp:featuredmedia":[{"embeddable":true,"href":"https:\/\/belux.edmo.eu\/lb\/wp-json\/wp\/v2\/media\/263290"}],"wp:attachment":[{"href":"https:\/\/belux.edmo.eu\/lb\/wp-json\/wp\/v2\/media?parent=263274"}],"wp:term":[{"taxonomy":"category","embeddable":true,"href":"https:\/\/belux.edmo.eu\/lb\/wp-json\/wp\/v2\/categories?post=263274"},{"taxonomy":"post_tag","embeddable":true,"href":"https:\/\/belux.edmo.eu\/lb\/wp-json\/wp\/v2\/tags?post=263274"}],"curies":[{"name":"wp","href":"https:\/\/api.w.org\/{rel}","templated":true}]}}