{"id":266477,"date":"2023-06-01T09:00:47","date_gmt":"2023-06-01T09:00:47","guid":{"rendered":"https:\/\/belux.edmo.eu\/?p=266477"},"modified":"2023-06-01T12:07:00","modified_gmt":"2023-06-01T12:07:00","slug":"faktencheck-video-vu-besoffenem-elefant-staamt-net-aus-dem-kongo","status":"publish","type":"post","link":"https:\/\/belux.edmo.eu\/lb\/faktencheck-video-vu-besoffenem-elefant-staamt-net-aus-dem-kongo\/","title":{"rendered":"Faktencheck: Video vu besoffenem Elefant staamt net aus dem Kongo"},"content":{"rendered":"<article>\n<div>\n<div>\n<p>&nbsp;<\/p>\n<\/div>\n<div>\n<p>E Video, deen en Elefant bei hallwem Bewosstsinn weist an Dosende Kanner ronder\u00ebm e stinn an op e klammen, gouf an de sozialen Netzwierker an der Demokratescher Republik Kongo verbreet.<\/p>\n<p>&#8220;En Elefant ass an eng Fabrick fir Lotoko [Maisw\u00e4in] agebrach&#8221;, steet an der Beschreiwung zu engem Video vu 40 Sekonnen, an deem Dosende Kanner op engem hallef bewosstlosen Elefant spillen a kloteren, dee sech trotz der Hektik ronder\u00ebm hie bal net beweegt.<\/p>\n<p>&#8220;Well d&#8217;Hiersteller vum Gedr\u00e9nks gefl\u00fccht waren, huet eisen Elefantefr\u00ebnd op d&#8217;mannst 200 Liter consomm\u00e9iert, d\u00e9i fir de Verkaf virgesi waren. Resultat, den Elefant ass besoff an d&#8217;Kanner spillen op him&#8221;, steet am Schlusswuert vum B\u00e4itrag, dee vun diverse Konten a S\u00e4ite gedeelt gouf.<\/p>\n<p><img src=\"https:\/\/belux-edmo.s3-accelerate.amazonaws.com\/wp-content\/uploads\/2023\/05\/15ac908293ba2fb35cb23c6b484e1edd.jpeg\" alt=\"RTL\" \/> \u00a9 AFP<\/p>\n<p>D\u00ebs Biller goufe s\u00e4it dem 27. Abr\u00ebll e puer z\u00e9ngdausend Mol op <a href=\"https:\/\/archive.ph\/Bm0dh\">Facebook<\/a> gekuckt a waren och op <a href=\"https:\/\/archive.ph\/l8wrL\">Twitter<\/a> am \u00cbmlaf. Se goufen och an englescher Sprooch an de sozialen Netzwierker gedeelt, woub\u00e4i anglophon Internetnotzer <a href=\"https:\/\/archive.ph\/Ap6Zp\" target=\"_blank\" rel=\"noopener\">behaapt hunn, se w\u00e4ren an Nigeria gedr\u00e9it ginn<\/a>.<\/p>\n<p>Video vun 2020 vun der C\u00f4te d&#8217;Ivoire<\/p>\n<p>De Video gouf awer a kengem vu b\u00e9ide L\u00e4nner opgeholl. <strong>E gouf 2020 an der C\u00f4te d&#8217;Ivoire gedr\u00e9it<\/strong>.<\/p>\n<p>Eng Sich mat de Schl\u00ebsselwierder &#8220;vollen Elefant Afrika&#8221; f\u00e9iert zu d\u00ebser Sequenz op der Internets\u00e4it vum beninesche <a href=\"https:\/\/archives.beninwebtv.com\/2020\/09\/cote-divoire-un-elephant-completement-ivre-apres-avoir-bu-200-litres-de-koutoukou-video\/\" target=\"_blank\" rel=\"noopener\">Internetsender<\/a>, Benin Web TV, d\u00e9i de 4. September 2020 publiz\u00e9iert gouf (<a href=\"https:\/\/archive.ph\/rbAev\">Archiv<\/a>). Der Beschreiwung no soll d&#8217;Zeen an der C\u00f4te d&#8217;Ivoire stattfonnt hunn an en Elefant weisen, dee w\u00e9inst <a href=\"https:\/\/www.bdlp.org\/resultat?query%5B%5D=koutoukou&amp;bases%5B%5D=CI\" target=\"_blank\" rel=\"noopener\">Koutoukou<\/a>, engem ivoresche w\u00e4issen Alkohol, voll ass (<a href=\"https:\/\/archive.ph\/hV6VT\">Archiv<\/a>).<\/p>\n<p>Medieberichter no gouf d&#8217;D\u00e9ier an der G\u00e9igend vun Divo gesinn, enger Stad am s\u00fcdlechen Deel vun der C\u00f4te d&#8217;Ivoire. Eng Sich op YouTube mat de St\u00e9chwierder &#8220;Elefant Divo Koutoukou&#8221; huet zu engem 15 Minutte laange <a href=\"https:\/\/www.youtube.com\/watch?v=2hOYEhAeIwQ&amp;t=60s&amp;ab_channel=LaNouvelleCha%C3%AEneIvoirienne\" target=\"_blank\" rel=\"noopener\">Reportage<\/a> vun der Nouvelle Cha\u00eene Ivorienne (NCI) mam Titel &#8220;Rett den Elefant Ahmed&#8221; gefouert. D\u00ebse Reportage gouf den 21. September 2020 online gestallt (<a href=\"https:\/\/archive.ph\/o4uJ1\">Archiv<\/a>).<\/p>\n<p>D&#8217;Biller, d\u00e9i d&#8217;AFP iwwerpr\u00e9ift huet, kommen an der 53. Sekonn vum Video vir.<\/p>\n<p><img src=\"https:\/\/belux-edmo.s3-accelerate.amazonaws.com\/wp-content\/uploads\/2023\/05\/f381bd04d96213128da38719f25c304a.jpeg\" alt=\"RTL\" \/> \u00a9 AFP<\/p>\n<p>Den Elefant, dee vun den Awunner vun der Regioun Ahmed gedeeft gouf, <strong>huet an der G\u00e9igend vu Guitri, engem Duerf 44 Kilometer s\u00fcdlech vun Divo<\/strong>, gelieft, w\u00e9i an d\u00ebsem <a href=\"https:\/\/observers.france24.com\/fr\/20200909-cote-ivoire-elephant-ahmed-enfants-agressif-alcoolique-guitri\" target=\"_blank\" rel=\"noopener\">Artikel<\/a> vu France24 steet (<a href=\"https:\/\/archive.ph\/lmIFi\">Archiv<\/a>).<\/p>\n<p>De Medium prezis\u00e9iert, <strong>dass d&#8217;Authentizit\u00e9it vum Video deemools vum ivoresche Minist\u00e8re fir Waasser a B\u00ebscher best\u00e4tegt gouf<\/strong>, obwuel d&#8217;Autorit\u00e9iten erkl\u00e4ert haten, dass et hinnen net m\u00e9iglech w\u00e4r ze iwwerpr\u00e9iwen, ob d&#8217;D\u00e9ier Alkohol gedronk hat.<\/p>\n<p>Den Ahmed gouf landesw\u00e4it w\u00e9inst sengem aggressive Verhalen a senger Virl\u00e9ift fir alkoholescht Gedr\u00e9nks bekannt, sou eng lokal Source, d\u00e9i vu France24 zit\u00e9iert gouf.<\/p>\n<p>D&#8217;Tensioune mat de Bewunner &#8211; d&#8217;D\u00e9ier huet de Verk\u00e9ier gest\u00e9iert, Plantagen zerst\u00e9iert an hat en Teenager op engem V\u00eblo ugegraff, deen awer net bless\u00e9iert gouf &#8211; hunn zu senger &#8220;Rettung&#8221; gefouert, w\u00e9i d&#8217;NCI an hirem Reportage erkl\u00e4ert.<\/p>\n<p>Den Ahmed gouf an den Zoo vun Abidjan <a href=\"https:\/\/fr.africanews.com\/2020\/09\/12\/ahmed-l-elephant-sauvage-ivoirien-de-retour-au-zoo-\/\" target=\"_blank\" rel=\"noopener\">verluecht<\/a> (<a href=\"https:\/\/archive.ph\/z564M\">Archiv<\/a>), \u00e9ier hien am September 2020 am Reservat N&#8217;Zi River Lodges, am Zentrum vun der C\u00f4te d&#8217;Ivoire, <a href=\"https:\/\/eauxetforets.gouv.ci\/actualite\/lelephant-ahmed-ete-capture-et-transfere-sur-le-site-securise-de-la-reserve-du-nzi-river\" target=\"_blank\" rel=\"noopener\">fr\u00e4igelooss<\/a> gouf (<a href=\"https:\/\/archive.ph\/BbIiZ\">Archiv<\/a>).<\/p>\n<p><iframe style=\"border: none; overflow: hidden;\" src=\"https:\/\/www.facebook.com\/plugins\/post.php?href=https%3A%2F%2Fwww.facebook.com%2Fnziriverlodges%2Fposts%2Fpfbid0nXXe11wK17Z1CTAy8yPexwxDk9EJ6yoEee6YuGXjFmo6rfhWbcwPx9sLJRM8MdXal&amp;show_text=true&amp;width=500\" width=\"500\" height=\"524\" frameborder=\"0\" scrolling=\"no\" allowfullscreen=\"allowfullscreen\" data-mce-fragment=\"1\"><\/iframe><\/p>\n<p>D&#8217;Elefanten, d\u00e9i d&#8217;Ofzeeche vun der C\u00f4te d&#8217;Ivoire sinn, sinn den Donn\u00e9e\u00eb vum ivoresche Minist\u00e8re fir Waasser a B\u00ebscher am westafrikanesche Land <a href=\"https:\/\/www.sudouest.fr\/international\/afrique\/moins-de-500-elephants-sont-encore-en-vie-le-cri-d-alerte-de-la-cote-d-ivoire-2312556.php\" target=\"_blank\" rel=\"noopener\">vum Ausstierwe <\/a>menac\u00e9iert (<a href=\"https:\/\/archive.ph\/S8n9Q\">Archiv<\/a>). Hir Zuel huet sech bannent 30 Joer hallw\u00e9iert an ass am Joer 2021 \u00ebnner de Seuil vu 500 gefall. An de 60er Jore louch d&#8217;Zuel nach bei knapp 100.000, d\u00e9i awer duerch d\u00e9i kombin\u00e9iert Auswierkunge vun Deforestatioun a W\u00eblderen zer\u00e9ckgoung.<\/p>\n<p><em>D\u00ebsen AFP-Artikel gouf vun RTL op L\u00ebtzebuergesch iwwersat.<\/em><\/p>\n<\/div>\n<\/div>\n<\/article>\n","protected":false},"excerpt":{"rendered":"<p>E Video, deen en Elefant bei hallwem Bewosstsinn weist an Dosende Kanner ronder\u00ebm e stinn an op e klammen, gouf an de sozialen Netzwierker an der Demokratescher Republik Kongo verbreet.<\/p>\n","protected":false},"author":1,"featured_media":266462,"comment_status":"closed","ping_status":"open","sticky":false,"template":"","format":"standard","meta":{"_acf_changed":false,"footnotes":""},"categories":[193,181],"tags":[],"class_list":{"0":"post-266477","1":"post","2":"type-post","3":"status-publish","4":"format-standard","5":"has-post-thumbnail","7":"category-gesellschaft","8":"category-uncategorized-lb"},"acf":{"show_metatags":true,"id":"2066271","authors":"RTL L\u00ebtzebuerg","organization":"RTL","featured_image_copyright":"","text_copyright":"Copyright RTL \/ CLT-UFA S.A.","source":"https:\/\/www.rtl.lu\/news\/faktencheck\/a\/2066271.html","fact_checker":"https:\/\/belux.wpengine.com\/wp-content\/uploads\/2021\/12\/rtl_logo.png","type":"Closed Event","location":"","start_date":"","start_date_event_begins_at":"","start_date_event_ends_at":"","end_date":"","end_date_event_begins_at":"","end_date_event_ends_at":"","organizer":"","fact_checker_logo_image":false},"yoast_head":"<!-- This site is optimized with the Yoast SEO plugin v27.0 - https:\/\/yoast.com\/product\/yoast-seo-wordpress\/ -->\n<title>Faktencheck: Video vu besoffenem Elefant staamt net aus dem Kongo - EDMO Belux<\/title>\n<meta name=\"robots\" content=\"index, follow, max-snippet:-1, max-image-preview:large, max-video-preview:-1\" \/>\n<link rel=\"canonical\" href=\"https:\/\/belux.edmo.eu\/lb\/faktencheck-video-vu-besoffenem-elefant-staamt-net-aus-dem-kongo\/\" \/>\n<meta property=\"og:locale\" content=\"en_US\" \/>\n<meta property=\"og:type\" content=\"article\" \/>\n<meta property=\"og:title\" content=\"Faktencheck: Video vu besoffenem Elefant staamt net aus dem Kongo - EDMO Belux\" \/>\n<meta property=\"og:description\" content=\"E Video, deen en Elefant bei hallwem Bewosstsinn weist an Dosende Kanner ronder\u00ebm e stinn an op e klammen, gouf an de sozialen Netzwierker an der Demokratescher Republik Kongo verbreet.\" \/>\n<meta property=\"og:url\" content=\"https:\/\/belux.edmo.eu\/lb\/faktencheck-video-vu-besoffenem-elefant-staamt-net-aus-dem-kongo\/\" \/>\n<meta property=\"og:site_name\" content=\"EDMO Belux\" \/>\n<meta property=\"article:published_time\" content=\"2023-06-01T09:00:47+00:00\" \/>\n<meta property=\"article:modified_time\" content=\"2023-06-01T12:07:00+00:00\" \/>\n<meta property=\"og:image\" content=\"https:\/\/belux-edmo.s3-accelerate.amazonaws.com\/wp-content\/uploads\/2023\/05\/afbbafc91290570cd865a4229546a1d3.jpeg\" \/>\n\t<meta property=\"og:image:width\" content=\"1080\" \/>\n\t<meta property=\"og:image:height\" content=\"540\" \/>\n\t<meta property=\"og:image:type\" content=\"image\/jpeg\" \/>\n<meta name=\"author\" content=\"master\" \/>\n<meta name=\"twitter:card\" content=\"summary_large_image\" \/>\n<meta name=\"twitter:creator\" content=\"@Edmo_Belux\" \/>\n<meta name=\"twitter:site\" content=\"@Edmo_Belux\" \/>\n<meta name=\"twitter:label1\" content=\"Written by\" \/>\n\t<meta name=\"twitter:data1\" content=\"master\" \/>\n\t<meta name=\"twitter:label2\" content=\"Est. reading time\" \/>\n\t<meta name=\"twitter:data2\" content=\"3 minutes\" \/>\n<script type=\"application\/ld+json\" class=\"yoast-schema-graph\">{\"@context\":\"https:\/\/schema.org\",\"@graph\":[{\"@type\":\"Article\",\"@id\":\"https:\/\/belux.edmo.eu\/lb\/faktencheck-video-vu-besoffenem-elefant-staamt-net-aus-dem-kongo\/#article\",\"isPartOf\":{\"@id\":\"https:\/\/belux.edmo.eu\/lb\/faktencheck-video-vu-besoffenem-elefant-staamt-net-aus-dem-kongo\/\"},\"author\":{\"name\":\"master\",\"@id\":\"https:\/\/belux.edmo.eu\/#\/schema\/person\/dbe3b252258537fd318f9b5645a30342\"},\"headline\":\"Faktencheck: Video vu besoffenem Elefant staamt net aus dem Kongo\",\"datePublished\":\"2023-06-01T09:00:47+00:00\",\"dateModified\":\"2023-06-01T12:07:00+00:00\",\"mainEntityOfPage\":{\"@id\":\"https:\/\/belux.edmo.eu\/lb\/faktencheck-video-vu-besoffenem-elefant-staamt-net-aus-dem-kongo\/\"},\"wordCount\":644,\"publisher\":{\"@id\":\"https:\/\/belux.edmo.eu\/#organization\"},\"image\":{\"@id\":\"https:\/\/belux.edmo.eu\/lb\/faktencheck-video-vu-besoffenem-elefant-staamt-net-aus-dem-kongo\/#primaryimage\"},\"thumbnailUrl\":\"https:\/\/belux-edmo.s3-accelerate.amazonaws.com\/wp-content\/uploads\/2023\/05\/afbbafc91290570cd865a4229546a1d3.jpeg\",\"articleSection\":[\"Gesellschaft\",\"Uncategorized @lb\"],\"inLanguage\":\"lb-LU\"},{\"@type\":\"WebPage\",\"@id\":\"https:\/\/belux.edmo.eu\/lb\/faktencheck-video-vu-besoffenem-elefant-staamt-net-aus-dem-kongo\/\",\"url\":\"https:\/\/belux.edmo.eu\/lb\/faktencheck-video-vu-besoffenem-elefant-staamt-net-aus-dem-kongo\/\",\"name\":\"Faktencheck: Video vu besoffenem Elefant staamt net aus dem Kongo - EDMO Belux\",\"isPartOf\":{\"@id\":\"https:\/\/belux.edmo.eu\/#website\"},\"primaryImageOfPage\":{\"@id\":\"https:\/\/belux.edmo.eu\/lb\/faktencheck-video-vu-besoffenem-elefant-staamt-net-aus-dem-kongo\/#primaryimage\"},\"image\":{\"@id\":\"https:\/\/belux.edmo.eu\/lb\/faktencheck-video-vu-besoffenem-elefant-staamt-net-aus-dem-kongo\/#primaryimage\"},\"thumbnailUrl\":\"https:\/\/belux-edmo.s3-accelerate.amazonaws.com\/wp-content\/uploads\/2023\/05\/afbbafc91290570cd865a4229546a1d3.jpeg\",\"datePublished\":\"2023-06-01T09:00:47+00:00\",\"dateModified\":\"2023-06-01T12:07:00+00:00\",\"breadcrumb\":{\"@id\":\"https:\/\/belux.edmo.eu\/lb\/faktencheck-video-vu-besoffenem-elefant-staamt-net-aus-dem-kongo\/#breadcrumb\"},\"inLanguage\":\"lb-LU\",\"potentialAction\":[{\"@type\":\"ReadAction\",\"target\":[\"https:\/\/belux.edmo.eu\/lb\/faktencheck-video-vu-besoffenem-elefant-staamt-net-aus-dem-kongo\/\"]}]},{\"@type\":\"ImageObject\",\"inLanguage\":\"lb-LU\",\"@id\":\"https:\/\/belux.edmo.eu\/lb\/faktencheck-video-vu-besoffenem-elefant-staamt-net-aus-dem-kongo\/#primaryimage\",\"url\":\"https:\/\/belux-edmo.s3-accelerate.amazonaws.com\/wp-content\/uploads\/2023\/05\/afbbafc91290570cd865a4229546a1d3.jpeg\",\"contentUrl\":\"https:\/\/belux-edmo.s3-accelerate.amazonaws.com\/wp-content\/uploads\/2023\/05\/afbbafc91290570cd865a4229546a1d3.jpeg\",\"width\":1080,\"height\":540,\"caption\":\"Faktencheck: Video vu besoffenem Elefant staamt net aus dem Kongo - Featured image\"},{\"@type\":\"BreadcrumbList\",\"@id\":\"https:\/\/belux.edmo.eu\/lb\/faktencheck-video-vu-besoffenem-elefant-staamt-net-aus-dem-kongo\/#breadcrumb\",\"itemListElement\":[{\"@type\":\"ListItem\",\"position\":1,\"name\":\"Home\",\"item\":\"https:\/\/belux.edmo.eu\/lb\/\"},{\"@type\":\"ListItem\",\"position\":2,\"name\":\"Faktencheck: Video vu besoffenem Elefant staamt net aus dem Kongo\"}]},{\"@type\":\"WebSite\",\"@id\":\"https:\/\/belux.edmo.eu\/#website\",\"url\":\"https:\/\/belux.edmo.eu\/\",\"name\":\"EDMO Belux\",\"description\":\"Monitoring Disinformation in Belgium and Luxembourg\",\"publisher\":{\"@id\":\"https:\/\/belux.edmo.eu\/#organization\"},\"potentialAction\":[{\"@type\":\"SearchAction\",\"target\":{\"@type\":\"EntryPoint\",\"urlTemplate\":\"https:\/\/belux.edmo.eu\/?s={search_term_string}\"},\"query-input\":{\"@type\":\"PropertyValueSpecification\",\"valueRequired\":true,\"valueName\":\"search_term_string\"}}],\"inLanguage\":\"lb-LU\"},{\"@type\":\"Organization\",\"@id\":\"https:\/\/belux.edmo.eu\/#organization\",\"name\":\"EDMO Belux\",\"url\":\"https:\/\/belux.edmo.eu\/\",\"logo\":{\"@type\":\"ImageObject\",\"inLanguage\":\"lb-LU\",\"@id\":\"https:\/\/belux.edmo.eu\/#\/schema\/logo\/image\/\",\"url\":\"https:\/\/belux.edmo.eu\/wp-content\/uploads\/2021\/12\/belux-logo-full-color-rgb.svg\",\"contentUrl\":\"https:\/\/belux.edmo.eu\/wp-content\/uploads\/2021\/12\/belux-logo-full-color-rgb.svg\",\"width\":1,\"height\":1,\"caption\":\"EDMO Belux\"},\"image\":{\"@id\":\"https:\/\/belux.edmo.eu\/#\/schema\/logo\/image\/\"},\"sameAs\":[\"https:\/\/x.com\/Edmo_Belux\"]},{\"@type\":\"Person\",\"@id\":\"https:\/\/belux.edmo.eu\/#\/schema\/person\/dbe3b252258537fd318f9b5645a30342\",\"name\":\"master\",\"sameAs\":[\"https:\/\/belux.wpengine.com\"],\"url\":\"https:\/\/belux.edmo.eu\/lb\/author\/master\/\"}]}<\/script>\n<!-- \/ Yoast SEO plugin. -->","yoast_head_json":{"title":"Faktencheck: Video vu besoffenem Elefant staamt net aus dem Kongo - EDMO Belux","robots":{"index":"index","follow":"follow","max-snippet":"max-snippet:-1","max-image-preview":"max-image-preview:large","max-video-preview":"max-video-preview:-1"},"canonical":"https:\/\/belux.edmo.eu\/lb\/faktencheck-video-vu-besoffenem-elefant-staamt-net-aus-dem-kongo\/","og_locale":"en_US","og_type":"article","og_title":"Faktencheck: Video vu besoffenem Elefant staamt net aus dem Kongo - EDMO Belux","og_description":"E Video, deen en Elefant bei hallwem Bewosstsinn weist an Dosende Kanner ronder\u00ebm e stinn an op e klammen, gouf an de sozialen Netzwierker an der Demokratescher Republik Kongo verbreet.","og_url":"https:\/\/belux.edmo.eu\/lb\/faktencheck-video-vu-besoffenem-elefant-staamt-net-aus-dem-kongo\/","og_site_name":"EDMO Belux","article_published_time":"2023-06-01T09:00:47+00:00","article_modified_time":"2023-06-01T12:07:00+00:00","og_image":[{"width":1080,"height":540,"url":"https:\/\/belux-edmo.s3-accelerate.amazonaws.com\/wp-content\/uploads\/2023\/05\/afbbafc91290570cd865a4229546a1d3.jpeg","type":"image\/jpeg"}],"author":"master","twitter_card":"summary_large_image","twitter_creator":"@Edmo_Belux","twitter_site":"@Edmo_Belux","twitter_misc":{"Written by":"master","Est. reading time":"3 minutes"},"schema":{"@context":"https:\/\/schema.org","@graph":[{"@type":"Article","@id":"https:\/\/belux.edmo.eu\/lb\/faktencheck-video-vu-besoffenem-elefant-staamt-net-aus-dem-kongo\/#article","isPartOf":{"@id":"https:\/\/belux.edmo.eu\/lb\/faktencheck-video-vu-besoffenem-elefant-staamt-net-aus-dem-kongo\/"},"author":{"name":"master","@id":"https:\/\/belux.edmo.eu\/#\/schema\/person\/dbe3b252258537fd318f9b5645a30342"},"headline":"Faktencheck: Video vu besoffenem Elefant staamt net aus dem Kongo","datePublished":"2023-06-01T09:00:47+00:00","dateModified":"2023-06-01T12:07:00+00:00","mainEntityOfPage":{"@id":"https:\/\/belux.edmo.eu\/lb\/faktencheck-video-vu-besoffenem-elefant-staamt-net-aus-dem-kongo\/"},"wordCount":644,"publisher":{"@id":"https:\/\/belux.edmo.eu\/#organization"},"image":{"@id":"https:\/\/belux.edmo.eu\/lb\/faktencheck-video-vu-besoffenem-elefant-staamt-net-aus-dem-kongo\/#primaryimage"},"thumbnailUrl":"https:\/\/belux-edmo.s3-accelerate.amazonaws.com\/wp-content\/uploads\/2023\/05\/afbbafc91290570cd865a4229546a1d3.jpeg","articleSection":["Gesellschaft","Uncategorized @lb"],"inLanguage":"lb-LU"},{"@type":"WebPage","@id":"https:\/\/belux.edmo.eu\/lb\/faktencheck-video-vu-besoffenem-elefant-staamt-net-aus-dem-kongo\/","url":"https:\/\/belux.edmo.eu\/lb\/faktencheck-video-vu-besoffenem-elefant-staamt-net-aus-dem-kongo\/","name":"Faktencheck: Video vu besoffenem Elefant staamt net aus dem Kongo - EDMO Belux","isPartOf":{"@id":"https:\/\/belux.edmo.eu\/#website"},"primaryImageOfPage":{"@id":"https:\/\/belux.edmo.eu\/lb\/faktencheck-video-vu-besoffenem-elefant-staamt-net-aus-dem-kongo\/#primaryimage"},"image":{"@id":"https:\/\/belux.edmo.eu\/lb\/faktencheck-video-vu-besoffenem-elefant-staamt-net-aus-dem-kongo\/#primaryimage"},"thumbnailUrl":"https:\/\/belux-edmo.s3-accelerate.amazonaws.com\/wp-content\/uploads\/2023\/05\/afbbafc91290570cd865a4229546a1d3.jpeg","datePublished":"2023-06-01T09:00:47+00:00","dateModified":"2023-06-01T12:07:00+00:00","breadcrumb":{"@id":"https:\/\/belux.edmo.eu\/lb\/faktencheck-video-vu-besoffenem-elefant-staamt-net-aus-dem-kongo\/#breadcrumb"},"inLanguage":"lb-LU","potentialAction":[{"@type":"ReadAction","target":["https:\/\/belux.edmo.eu\/lb\/faktencheck-video-vu-besoffenem-elefant-staamt-net-aus-dem-kongo\/"]}]},{"@type":"ImageObject","inLanguage":"lb-LU","@id":"https:\/\/belux.edmo.eu\/lb\/faktencheck-video-vu-besoffenem-elefant-staamt-net-aus-dem-kongo\/#primaryimage","url":"https:\/\/belux-edmo.s3-accelerate.amazonaws.com\/wp-content\/uploads\/2023\/05\/afbbafc91290570cd865a4229546a1d3.jpeg","contentUrl":"https:\/\/belux-edmo.s3-accelerate.amazonaws.com\/wp-content\/uploads\/2023\/05\/afbbafc91290570cd865a4229546a1d3.jpeg","width":1080,"height":540,"caption":"Faktencheck: Video vu besoffenem Elefant staamt net aus dem Kongo - Featured image"},{"@type":"BreadcrumbList","@id":"https:\/\/belux.edmo.eu\/lb\/faktencheck-video-vu-besoffenem-elefant-staamt-net-aus-dem-kongo\/#breadcrumb","itemListElement":[{"@type":"ListItem","position":1,"name":"Home","item":"https:\/\/belux.edmo.eu\/lb\/"},{"@type":"ListItem","position":2,"name":"Faktencheck: Video vu besoffenem Elefant staamt net aus dem Kongo"}]},{"@type":"WebSite","@id":"https:\/\/belux.edmo.eu\/#website","url":"https:\/\/belux.edmo.eu\/","name":"EDMO Belux","description":"Monitoring Disinformation in Belgium and Luxembourg","publisher":{"@id":"https:\/\/belux.edmo.eu\/#organization"},"potentialAction":[{"@type":"SearchAction","target":{"@type":"EntryPoint","urlTemplate":"https:\/\/belux.edmo.eu\/?s={search_term_string}"},"query-input":{"@type":"PropertyValueSpecification","valueRequired":true,"valueName":"search_term_string"}}],"inLanguage":"lb-LU"},{"@type":"Organization","@id":"https:\/\/belux.edmo.eu\/#organization","name":"EDMO Belux","url":"https:\/\/belux.edmo.eu\/","logo":{"@type":"ImageObject","inLanguage":"lb-LU","@id":"https:\/\/belux.edmo.eu\/#\/schema\/logo\/image\/","url":"https:\/\/belux.edmo.eu\/wp-content\/uploads\/2021\/12\/belux-logo-full-color-rgb.svg","contentUrl":"https:\/\/belux.edmo.eu\/wp-content\/uploads\/2021\/12\/belux-logo-full-color-rgb.svg","width":1,"height":1,"caption":"EDMO Belux"},"image":{"@id":"https:\/\/belux.edmo.eu\/#\/schema\/logo\/image\/"},"sameAs":["https:\/\/x.com\/Edmo_Belux"]},{"@type":"Person","@id":"https:\/\/belux.edmo.eu\/#\/schema\/person\/dbe3b252258537fd318f9b5645a30342","name":"master","sameAs":["https:\/\/belux.wpengine.com"],"url":"https:\/\/belux.edmo.eu\/lb\/author\/master\/"}]}},"menu_order":0,"_links":{"self":[{"href":"https:\/\/belux.edmo.eu\/lb\/wp-json\/wp\/v2\/posts\/266477","targetHints":{"allow":["GET"]}}],"collection":[{"href":"https:\/\/belux.edmo.eu\/lb\/wp-json\/wp\/v2\/posts"}],"about":[{"href":"https:\/\/belux.edmo.eu\/lb\/wp-json\/wp\/v2\/types\/post"}],"author":[{"embeddable":true,"href":"https:\/\/belux.edmo.eu\/lb\/wp-json\/wp\/v2\/users\/1"}],"replies":[{"embeddable":true,"href":"https:\/\/belux.edmo.eu\/lb\/wp-json\/wp\/v2\/comments?post=266477"}],"version-history":[{"count":0,"href":"https:\/\/belux.edmo.eu\/lb\/wp-json\/wp\/v2\/posts\/266477\/revisions"}],"wp:featuredmedia":[{"embeddable":true,"href":"https:\/\/belux.edmo.eu\/lb\/wp-json\/wp\/v2\/media\/266462"}],"wp:attachment":[{"href":"https:\/\/belux.edmo.eu\/lb\/wp-json\/wp\/v2\/media?parent=266477"}],"wp:term":[{"taxonomy":"category","embeddable":true,"href":"https:\/\/belux.edmo.eu\/lb\/wp-json\/wp\/v2\/categories?post=266477"},{"taxonomy":"post_tag","embeddable":true,"href":"https:\/\/belux.edmo.eu\/lb\/wp-json\/wp\/v2\/tags?post=266477"}],"curies":[{"name":"wp","href":"https:\/\/api.w.org\/{rel}","templated":true}]}}