{"id":272900,"date":"2023-07-05T15:18:51","date_gmt":"2023-07-05T15:18:51","guid":{"rendered":"https:\/\/belux.edmo.eu\/?p=272900"},"modified":"2023-07-06T09:31:35","modified_gmt":"2023-07-06T09:31:35","slug":"faktencheck-konspiratiounstheorien-iwwer-der-michelle-obama-hiert-geschlecht","status":"publish","type":"post","link":"https:\/\/belux.edmo.eu\/lb\/faktencheck-konspiratiounstheorien-iwwer-der-michelle-obama-hiert-geschlecht\/","title":{"rendered":"Faktencheck: Konspiratiounstheorien iwwer der Michelle Obama hiert Geschlecht"},"content":{"rendered":"<article>\n<div>\n<div>\n<p>&nbsp;<\/p>\n<\/div>\n<div>\n<p>Notzer vun Twitter an Internets\u00e4ite behaapten, eng Walconvocatioun aus dem US-Bundesstaat Illinois an eng Foto vum Michelle Obama g\u00e9ife beweisen, dass d\u00e9i fr\u00e9ier First Lady a Wierklechkeet e Mann ass.<\/p>\n<p>&#8220;Wat ass mam Michael LaVaughn alias Big Mike geschitt?&#8221; steet an engem <a href=\"https:\/\/web.archive.org\/web\/20230615141307\/https:\/\/twitter.com\/goddeketal\/status\/1669066075814633479?s=20\" target=\"_blank\" rel=\"noopener\">Tweet<\/a> vum 14. Juni 2023 vum Simon Goddek, deem s\u00e4i Kont an der Vergaangenheet w\u00e9inst Verbreedung vu Falschinformatiounen iwwer Covid-19 <a href=\"https:\/\/archive.is\/crW3X\" target=\"_blank\" rel=\"noopener\">gespaart gouf<\/a>.<\/p>\n<p><img src=\"https:\/\/belux-edmo.s3-accelerate.amazonaws.com\/wp-content\/uploads\/2023\/07\/6ed458d7ece678609690fa9475b801f0.jpeg\" alt=\"RTL\" \/> \u00a9 AFP<\/p>\n<p>Behaaptungen, dass d&#8217;Michelle Obama e Mann wier, waren an de leschte Joren \u00ebmmer nees am \u00cbmlaf. Am Joer 2021 huet d&#8217;AFP <a href=\"..\/..\/storage\/data\/afp\/factcheck_v2\/EN\/image-has-been-doctored-michelle-obama-fact-wore-necklace-read-vote?fbclid=IwAR2TeLCPDKqZUfEODmTatBcebI9em5kVHuGksAcdbXCzSs15ciVlERWqxxU\" target=\"_blank\" rel=\"noopener\">opgedeckt<\/a>, dass e Bild vun hirer Halskette beaarbecht gouf, fir &#8220;Mike&#8221; amplaz &#8220;Vote&#8221; ze draus ze maachen.<\/p>\n<p>Dat Bild, dat kierzlech am Internet gedeelt gouf, ass \u00e4nlech beaarbecht. D&#8217;<a href=\"https:\/\/archive.is\/O6JMK\" target=\"_blank\" rel=\"noopener\">Original<\/a> staamt vun engem Post vum Barack Obama op Instagram aus dem Joer 2019.<\/p>\n<blockquote class=\"instagram-media\" style=\"background: #FFF; border: 0; border-radius: 3px; box-shadow: 0 0 1px 0 rgba(0,0,0,0.5),0 1px 10px 0 rgba(0,0,0,0.15); margin: 1px; max-width: 540px; min-width: 326px; padding: 0; width: calc(100% - 2px);\" data-instgrm-captioned=\"\" data-instgrm-permalink=\"https:\/\/www.instagram.com\/p\/BsvW9O-A387\/?utm_source=ig_embed&amp;utm_campaign=loading\" data-instgrm-version=\"14\">\n<div style=\"padding: 16px;\">\n<div style=\"display: flex; flex-direction: row; align-items: center;\">\n<div style=\"background-color: #f4f4f4; border-radius: 50%; flex-grow: 0; height: 40px; margin-right: 14px; width: 40px;\"><\/div>\n<div style=\"display: flex; flex-direction: column; flex-grow: 1; justify-content: center;\">\n<div style=\"background-color: #f4f4f4; border-radius: 4px; flex-grow: 0; height: 14px; margin-bottom: 6px; width: 100px;\"><\/div>\n<div style=\"background-color: #f4f4f4; border-radius: 4px; flex-grow: 0; height: 14px; width: 60px;\"><\/div>\n<\/div>\n<\/div>\n<div style=\"padding: 19% 0;\"><\/div>\n<div style=\"display: block; height: 50px; margin: 0 auto 12px; width: 50px;\"><\/div>\n<div style=\"padding-top: 8px;\">\n<div style=\"color: #3897f0; font-family: Arial,sans-serif; font-size: 14px; font-style: normal; font-weight: 550; line-height: 18px;\">View this post on Instagram<\/div>\n<\/div>\n<div style=\"padding: 12.5% 0;\"><\/div>\n<div style=\"display: flex; flex-direction: row; margin-bottom: 14px; align-items: center;\">\n<div>\n<div style=\"background-color: #f4f4f4; border-radius: 50%; height: 12.5px; width: 12.5px; transform: translateX(0px) translateY(7px);\"><\/div>\n<div style=\"background-color: #f4f4f4; height: 12.5px; transform: rotate(-45deg) translateX(3px) translateY(1px); width: 12.5px; flex-grow: 0; margin-right: 14px; margin-left: 2px;\"><\/div>\n<div style=\"background-color: #f4f4f4; border-radius: 50%; height: 12.5px; width: 12.5px; transform: translateX(9px) translateY(-18px);\"><\/div>\n<\/div>\n<div style=\"margin-left: 8px;\">\n<div style=\"background-color: #f4f4f4; border-radius: 50%; flex-grow: 0; height: 20px; width: 20px;\"><\/div>\n<div style=\"width: 0; height: 0; border-top: 2px solid transparent; border-left: 6px solid #f4f4f4; border-bottom: 2px solid transparent; transform: translateX(16px) translateY(-4px) rotate(30deg);\"><\/div>\n<\/div>\n<div style=\"margin-left: auto;\">\n<div style=\"width: 0px; border-top: 8px solid #F4F4F4; border-right: 8px solid transparent; transform: translateY(16px);\"><\/div>\n<div style=\"background-color: #f4f4f4; flex-grow: 0; height: 12px; width: 16px; transform: translateY(-4px);\"><\/div>\n<div style=\"width: 0; height: 0; border-top: 8px solid #F4F4F4; border-left: 8px solid transparent; transform: translateY(-4px) translateX(8px);\"><\/div>\n<\/div>\n<\/div>\n<div style=\"display: flex; flex-direction: column; flex-grow: 1; justify-content: center; margin-bottom: 24px;\">\n<div style=\"background-color: #f4f4f4; border-radius: 4px; flex-grow: 0; height: 14px; margin-bottom: 6px; width: 224px;\"><\/div>\n<div style=\"background-color: #f4f4f4; border-radius: 4px; flex-grow: 0; height: 14px; width: 144px;\"><\/div>\n<\/div>\n<p style=\"color: #c9c8cd; font-family: Arial,sans-serif; font-size: 14px; line-height: 17px; margin-bottom: 0; margin-top: 8px; overflow: hidden; padding: 8px 0 7px; text-align: center; text-overflow: ellipsis; white-space: nowrap;\"><a style=\"color: #c9c8cd; font-family: Arial,sans-serif; font-size: 14px; font-style: normal; font-weight: normal; line-height: 17px; text-decoration: none;\" href=\"https:\/\/www.instagram.com\/p\/BsvW9O-A387\/?utm_source=ig_embed&amp;utm_campaign=loading\" target=\"_blank\" rel=\"noopener\" shape=\"rect\">A post shared by Barack Obama (@barackobama)<\/a><\/p>\n<\/div>\n<\/blockquote>\n<p><script type=\"text\/javascript\" src=\"https:\/\/www.instagram.com\/embed.js\" xml:space=\"preserve\"><\/script><\/p>\n<p>D\u00e9i ver\u00e4nnert Foto ass och an der Netflix-Dokumentatioun <a href=\"https:\/\/www.netflix.com\/title\/81122487\" target=\"_blank\" rel=\"noopener\">&#8220;Becoming&#8221;<\/a> aus dem Joer 2020 ze gesinn, d\u00e9i op der Michelle Obama hire Memoir\u00eb mam selwechten Numm bas\u00e9iert.<\/p>\n<p>Eng \u00ebmgek\u00e9iert Billersich weist, dass d\u00e9i ver\u00e4nnert Versioun vun &#8220;The People&#8217;s Voice&#8221; <a href=\"https:\/\/perma.cc\/Z2ZQ-XFNV?type=standard\" target=\"_blank\" rel=\"noopener\">staamt<\/a>, enger Internets\u00e4it, d\u00e9i <a href=\"..\/..\/storage\/data\/afp\/factcheck_v2\/EN\/doc.afp.com.33EV2CZ\" target=\"_blank\" rel=\"noopener\">an der Vergaangenheet<\/a> scho <a href=\"..\/..\/storage\/data\/afp\/factcheck_v2\/EN\/doc.afp.com.33FW2HH\" target=\"_blank\" rel=\"noopener\">Falschinformatioune<\/a> ver\u00ebffentlecht hat.<\/p>\n<p>&#8220;Michelle Obama registr\u00e9iert, fir 1994 als Mann ze wielen, laut der Walkommissioun vum Bundesstaat Illinois&#8221;, heescht et an der Iwwerschr\u00ebft vun engem <a href=\"https:\/\/perma.cc\/Z2ZQ-XFNV\" target=\"_blank\" rel=\"noopener\">Artikel<\/a> vum 22. Juli 2022, an deem dat manipul\u00e9iert Bild ze gesinn ass.<\/p>\n<p>D&#8217;Geschicht zit\u00e9iert och Wielerl\u00ebschten, d\u00e9i angeeblech beweisen, dass d\u00e9i eemoleg First Lady an Illinois, hirem Heemechtstaat, eemol als &#8220;m\u00e4nnlech&#8221; identifiz\u00e9iert gi w\u00e4r.<\/p>\n<p><img src=\"https:\/\/belux-edmo.s3-accelerate.amazonaws.com\/wp-content\/uploads\/2023\/07\/1484ca7adaac944ee7316d5363c59d14.jpeg\" alt=\"RTL\" \/> \u00a9 AFP<\/p>\n<p>D&#8217;Behaaptunge waren och op <a href=\"https:\/\/archive.is\/xNTZj\" target=\"_blank\" rel=\"noopener\">Twitter<\/a> w\u00e4rend enger Well vu <a href=\"https:\/\/www.barrons.com\/news\/anti-lgbtq-backlash-rattles-us-pride-events-d2b8cebd\" target=\"_blank\" rel=\"noopener\">Feelinformatioune g\u00e9int LGBTQ<\/a> am \u00cbmlaf.<\/p>\n<p>Mee de Matt Dietrich, e Beoptraagte fir \u00ebffentlech Informatioune vun der <a href=\"https:\/\/ova.elections.il.gov\/Contact.aspx\" target=\"_blank\" rel=\"noopener\">Walkommissioun vum Bundesstaat Illinois<\/a>, sot der AFP den 20. Juni, dass d&#8217;Institutioun &#8220;net d&#8217;Quell vum Datesaz, deen am B\u00e4itrag ze gesinn ass, war a keng Kenntnis vun esou engem Datesaz huet&#8221;.<\/p>\n<p>Hien huet b\u00e4igef\u00fc\u00fcgt: &#8220;Mir hu keng Opzeechnungen iwwer d\u00ebs Wielerregistr\u00e9ierung, d\u00e9i jeemools en anert Geschlecht w\u00e9i weiblech ug\u00ebtt.&#8221;<\/p>\n<p>An engem <a href=\"https:\/\/perma.cc\/4FP7-WVJ9\" target=\"_blank\" rel=\"noopener\">Dementi<\/a> vu &#8220;People&#8217;s Voice&#8221;, virdrun als NewsPunch bekannt, heescht et, dass si &#8220;keng Zous\u00e9cherung iwwer d&#8217;Brauchbarkeet, Zouverl\u00e4ssegkeet, Verf\u00fcgbarkeet, Aktualit\u00e9it a Richtegkeet&#8221; vun den Informatiounen op hirer Webs\u00e4it maachen.<\/p>\n<p><em>D\u00ebsen AFP-Artikel gouf vun RTL op L\u00ebtzebuergesch iwwersat.<\/em><\/p>\n<\/div>\n<\/div>\n<\/article>\n","protected":false},"excerpt":{"rendered":"<p>Notzer vun Twitter an Internets\u00e4ite behaapten, eng Walconvocatioun aus dem US-Bundesstaat Illinois an eng Foto vum Michelle Obama g\u00e9ife beweisen, dass d\u00e9i fr\u00e9ier First Lady a Wierklechkeet e Mann ass.<\/p>\n","protected":false},"author":1,"featured_media":272885,"comment_status":"closed","ping_status":"open","sticky":false,"template":"","format":"standard","meta":{"_acf_changed":false,"footnotes":""},"categories":[193,191,181],"tags":[],"class_list":{"0":"post-272900","1":"post","2":"type-post","3":"status-publish","4":"format-standard","5":"has-post-thumbnail","7":"category-gesellschaft","8":"category-politik","9":"category-uncategorized-lb"},"acf":{"show_metatags":true,"id":"2079173","authors":"RTL L\u00ebtzebuerg","organization":"RTL","featured_image_copyright":"","text_copyright":"Copyright RTL \/ CLT-UFA S.A.","source":"https:\/\/www.rtl.lu\/news\/faktencheck\/a\/2079173.html","fact_checker":"https:\/\/belux.wpengine.com\/wp-content\/uploads\/2021\/12\/rtl_logo.png","type":"Closed Event","location":"","start_date":"","start_date_event_begins_at":"","start_date_event_ends_at":"","end_date":"","end_date_event_begins_at":"","end_date_event_ends_at":"","organizer":"","fact_checker_logo_image":false},"yoast_head":"<!-- This site is optimized with the Yoast SEO plugin v27.0 - https:\/\/yoast.com\/product\/yoast-seo-wordpress\/ -->\n<title>Faktencheck: Konspiratiounstheorien iwwer der Michelle Obama hiert Geschlecht - EDMO Belux<\/title>\n<meta name=\"robots\" content=\"index, follow, max-snippet:-1, max-image-preview:large, max-video-preview:-1\" \/>\n<link rel=\"canonical\" href=\"https:\/\/belux.edmo.eu\/lb\/faktencheck-konspiratiounstheorien-iwwer-der-michelle-obama-hiert-geschlecht\/\" \/>\n<meta property=\"og:locale\" content=\"en_US\" \/>\n<meta property=\"og:type\" content=\"article\" \/>\n<meta property=\"og:title\" content=\"Faktencheck: Konspiratiounstheorien iwwer der Michelle Obama hiert Geschlecht - EDMO Belux\" \/>\n<meta property=\"og:description\" content=\"Notzer vun Twitter an Internets\u00e4ite behaapten, eng Walconvocatioun aus dem US-Bundesstaat Illinois an eng Foto vum Michelle Obama g\u00e9ife beweisen, dass d\u00e9i fr\u00e9ier First Lady a Wierklechkeet e Mann ass.\" \/>\n<meta property=\"og:url\" content=\"https:\/\/belux.edmo.eu\/lb\/faktencheck-konspiratiounstheorien-iwwer-der-michelle-obama-hiert-geschlecht\/\" \/>\n<meta property=\"og:site_name\" content=\"EDMO Belux\" \/>\n<meta property=\"article:published_time\" content=\"2023-07-05T15:18:51+00:00\" \/>\n<meta property=\"article:modified_time\" content=\"2023-07-06T09:31:35+00:00\" \/>\n<meta property=\"og:image\" content=\"https:\/\/belux-edmo.s3-accelerate.amazonaws.com\/wp-content\/uploads\/2023\/07\/1d8fb87a05463f8a4b2ab5ad801fa676.jpeg\" \/>\n\t<meta property=\"og:image:width\" content=\"1080\" \/>\n\t<meta property=\"og:image:height\" content=\"608\" \/>\n\t<meta property=\"og:image:type\" content=\"image\/jpeg\" \/>\n<meta name=\"author\" content=\"master\" \/>\n<meta name=\"twitter:card\" content=\"summary_large_image\" \/>\n<meta name=\"twitter:creator\" content=\"@Edmo_Belux\" \/>\n<meta name=\"twitter:site\" content=\"@Edmo_Belux\" \/>\n<meta name=\"twitter:label1\" content=\"Written by\" \/>\n\t<meta name=\"twitter:data1\" content=\"master\" \/>\n\t<meta name=\"twitter:label2\" content=\"Est. reading time\" \/>\n\t<meta name=\"twitter:data2\" content=\"2 minutes\" \/>\n<script type=\"application\/ld+json\" class=\"yoast-schema-graph\">{\"@context\":\"https:\/\/schema.org\",\"@graph\":[{\"@type\":\"Article\",\"@id\":\"https:\/\/belux.edmo.eu\/lb\/faktencheck-konspiratiounstheorien-iwwer-der-michelle-obama-hiert-geschlecht\/#article\",\"isPartOf\":{\"@id\":\"https:\/\/belux.edmo.eu\/lb\/faktencheck-konspiratiounstheorien-iwwer-der-michelle-obama-hiert-geschlecht\/\"},\"author\":{\"name\":\"master\",\"@id\":\"https:\/\/belux.edmo.eu\/#\/schema\/person\/dbe3b252258537fd318f9b5645a30342\"},\"headline\":\"Faktencheck: Konspiratiounstheorien iwwer der Michelle Obama hiert Geschlecht\",\"datePublished\":\"2023-07-05T15:18:51+00:00\",\"dateModified\":\"2023-07-06T09:31:35+00:00\",\"mainEntityOfPage\":{\"@id\":\"https:\/\/belux.edmo.eu\/lb\/faktencheck-konspiratiounstheorien-iwwer-der-michelle-obama-hiert-geschlecht\/\"},\"wordCount\":412,\"publisher\":{\"@id\":\"https:\/\/belux.edmo.eu\/#organization\"},\"image\":{\"@id\":\"https:\/\/belux.edmo.eu\/lb\/faktencheck-konspiratiounstheorien-iwwer-der-michelle-obama-hiert-geschlecht\/#primaryimage\"},\"thumbnailUrl\":\"https:\/\/belux-edmo.s3-accelerate.amazonaws.com\/wp-content\/uploads\/2023\/07\/1d8fb87a05463f8a4b2ab5ad801fa676.jpeg\",\"articleSection\":[\"Gesellschaft\",\"Politik\",\"Uncategorized @lb\"],\"inLanguage\":\"lb-LU\"},{\"@type\":\"WebPage\",\"@id\":\"https:\/\/belux.edmo.eu\/lb\/faktencheck-konspiratiounstheorien-iwwer-der-michelle-obama-hiert-geschlecht\/\",\"url\":\"https:\/\/belux.edmo.eu\/lb\/faktencheck-konspiratiounstheorien-iwwer-der-michelle-obama-hiert-geschlecht\/\",\"name\":\"Faktencheck: Konspiratiounstheorien iwwer der Michelle Obama hiert Geschlecht - EDMO Belux\",\"isPartOf\":{\"@id\":\"https:\/\/belux.edmo.eu\/#website\"},\"primaryImageOfPage\":{\"@id\":\"https:\/\/belux.edmo.eu\/lb\/faktencheck-konspiratiounstheorien-iwwer-der-michelle-obama-hiert-geschlecht\/#primaryimage\"},\"image\":{\"@id\":\"https:\/\/belux.edmo.eu\/lb\/faktencheck-konspiratiounstheorien-iwwer-der-michelle-obama-hiert-geschlecht\/#primaryimage\"},\"thumbnailUrl\":\"https:\/\/belux-edmo.s3-accelerate.amazonaws.com\/wp-content\/uploads\/2023\/07\/1d8fb87a05463f8a4b2ab5ad801fa676.jpeg\",\"datePublished\":\"2023-07-05T15:18:51+00:00\",\"dateModified\":\"2023-07-06T09:31:35+00:00\",\"breadcrumb\":{\"@id\":\"https:\/\/belux.edmo.eu\/lb\/faktencheck-konspiratiounstheorien-iwwer-der-michelle-obama-hiert-geschlecht\/#breadcrumb\"},\"inLanguage\":\"lb-LU\",\"potentialAction\":[{\"@type\":\"ReadAction\",\"target\":[\"https:\/\/belux.edmo.eu\/lb\/faktencheck-konspiratiounstheorien-iwwer-der-michelle-obama-hiert-geschlecht\/\"]}]},{\"@type\":\"ImageObject\",\"inLanguage\":\"lb-LU\",\"@id\":\"https:\/\/belux.edmo.eu\/lb\/faktencheck-konspiratiounstheorien-iwwer-der-michelle-obama-hiert-geschlecht\/#primaryimage\",\"url\":\"https:\/\/belux-edmo.s3-accelerate.amazonaws.com\/wp-content\/uploads\/2023\/07\/1d8fb87a05463f8a4b2ab5ad801fa676.jpeg\",\"contentUrl\":\"https:\/\/belux-edmo.s3-accelerate.amazonaws.com\/wp-content\/uploads\/2023\/07\/1d8fb87a05463f8a4b2ab5ad801fa676.jpeg\",\"width\":1080,\"height\":608,\"caption\":\"Faktencheck: Konspiratiounstheorien iwwer der Michelle Obama hiert Geschlecht - Featured image\"},{\"@type\":\"BreadcrumbList\",\"@id\":\"https:\/\/belux.edmo.eu\/lb\/faktencheck-konspiratiounstheorien-iwwer-der-michelle-obama-hiert-geschlecht\/#breadcrumb\",\"itemListElement\":[{\"@type\":\"ListItem\",\"position\":1,\"name\":\"Home\",\"item\":\"https:\/\/belux.edmo.eu\/lb\/\"},{\"@type\":\"ListItem\",\"position\":2,\"name\":\"Faktencheck: Konspiratiounstheorien iwwer der Michelle Obama hiert Geschlecht\"}]},{\"@type\":\"WebSite\",\"@id\":\"https:\/\/belux.edmo.eu\/#website\",\"url\":\"https:\/\/belux.edmo.eu\/\",\"name\":\"EDMO Belux\",\"description\":\"Monitoring Disinformation in Belgium and Luxembourg\",\"publisher\":{\"@id\":\"https:\/\/belux.edmo.eu\/#organization\"},\"potentialAction\":[{\"@type\":\"SearchAction\",\"target\":{\"@type\":\"EntryPoint\",\"urlTemplate\":\"https:\/\/belux.edmo.eu\/?s={search_term_string}\"},\"query-input\":{\"@type\":\"PropertyValueSpecification\",\"valueRequired\":true,\"valueName\":\"search_term_string\"}}],\"inLanguage\":\"lb-LU\"},{\"@type\":\"Organization\",\"@id\":\"https:\/\/belux.edmo.eu\/#organization\",\"name\":\"EDMO Belux\",\"url\":\"https:\/\/belux.edmo.eu\/\",\"logo\":{\"@type\":\"ImageObject\",\"inLanguage\":\"lb-LU\",\"@id\":\"https:\/\/belux.edmo.eu\/#\/schema\/logo\/image\/\",\"url\":\"https:\/\/belux.edmo.eu\/wp-content\/uploads\/2021\/12\/belux-logo-full-color-rgb.svg\",\"contentUrl\":\"https:\/\/belux.edmo.eu\/wp-content\/uploads\/2021\/12\/belux-logo-full-color-rgb.svg\",\"width\":1,\"height\":1,\"caption\":\"EDMO Belux\"},\"image\":{\"@id\":\"https:\/\/belux.edmo.eu\/#\/schema\/logo\/image\/\"},\"sameAs\":[\"https:\/\/x.com\/Edmo_Belux\"]},{\"@type\":\"Person\",\"@id\":\"https:\/\/belux.edmo.eu\/#\/schema\/person\/dbe3b252258537fd318f9b5645a30342\",\"name\":\"master\",\"sameAs\":[\"https:\/\/belux.wpengine.com\"],\"url\":\"https:\/\/belux.edmo.eu\/lb\/author\/master\/\"}]}<\/script>\n<!-- \/ Yoast SEO plugin. -->","yoast_head_json":{"title":"Faktencheck: Konspiratiounstheorien iwwer der Michelle Obama hiert Geschlecht - EDMO Belux","robots":{"index":"index","follow":"follow","max-snippet":"max-snippet:-1","max-image-preview":"max-image-preview:large","max-video-preview":"max-video-preview:-1"},"canonical":"https:\/\/belux.edmo.eu\/lb\/faktencheck-konspiratiounstheorien-iwwer-der-michelle-obama-hiert-geschlecht\/","og_locale":"en_US","og_type":"article","og_title":"Faktencheck: Konspiratiounstheorien iwwer der Michelle Obama hiert Geschlecht - EDMO Belux","og_description":"Notzer vun Twitter an Internets\u00e4ite behaapten, eng Walconvocatioun aus dem US-Bundesstaat Illinois an eng Foto vum Michelle Obama g\u00e9ife beweisen, dass d\u00e9i fr\u00e9ier First Lady a Wierklechkeet e Mann ass.","og_url":"https:\/\/belux.edmo.eu\/lb\/faktencheck-konspiratiounstheorien-iwwer-der-michelle-obama-hiert-geschlecht\/","og_site_name":"EDMO Belux","article_published_time":"2023-07-05T15:18:51+00:00","article_modified_time":"2023-07-06T09:31:35+00:00","og_image":[{"width":1080,"height":608,"url":"https:\/\/belux-edmo.s3-accelerate.amazonaws.com\/wp-content\/uploads\/2023\/07\/1d8fb87a05463f8a4b2ab5ad801fa676.jpeg","type":"image\/jpeg"}],"author":"master","twitter_card":"summary_large_image","twitter_creator":"@Edmo_Belux","twitter_site":"@Edmo_Belux","twitter_misc":{"Written by":"master","Est. reading time":"2 minutes"},"schema":{"@context":"https:\/\/schema.org","@graph":[{"@type":"Article","@id":"https:\/\/belux.edmo.eu\/lb\/faktencheck-konspiratiounstheorien-iwwer-der-michelle-obama-hiert-geschlecht\/#article","isPartOf":{"@id":"https:\/\/belux.edmo.eu\/lb\/faktencheck-konspiratiounstheorien-iwwer-der-michelle-obama-hiert-geschlecht\/"},"author":{"name":"master","@id":"https:\/\/belux.edmo.eu\/#\/schema\/person\/dbe3b252258537fd318f9b5645a30342"},"headline":"Faktencheck: Konspiratiounstheorien iwwer der Michelle Obama hiert Geschlecht","datePublished":"2023-07-05T15:18:51+00:00","dateModified":"2023-07-06T09:31:35+00:00","mainEntityOfPage":{"@id":"https:\/\/belux.edmo.eu\/lb\/faktencheck-konspiratiounstheorien-iwwer-der-michelle-obama-hiert-geschlecht\/"},"wordCount":412,"publisher":{"@id":"https:\/\/belux.edmo.eu\/#organization"},"image":{"@id":"https:\/\/belux.edmo.eu\/lb\/faktencheck-konspiratiounstheorien-iwwer-der-michelle-obama-hiert-geschlecht\/#primaryimage"},"thumbnailUrl":"https:\/\/belux-edmo.s3-accelerate.amazonaws.com\/wp-content\/uploads\/2023\/07\/1d8fb87a05463f8a4b2ab5ad801fa676.jpeg","articleSection":["Gesellschaft","Politik","Uncategorized @lb"],"inLanguage":"lb-LU"},{"@type":"WebPage","@id":"https:\/\/belux.edmo.eu\/lb\/faktencheck-konspiratiounstheorien-iwwer-der-michelle-obama-hiert-geschlecht\/","url":"https:\/\/belux.edmo.eu\/lb\/faktencheck-konspiratiounstheorien-iwwer-der-michelle-obama-hiert-geschlecht\/","name":"Faktencheck: Konspiratiounstheorien iwwer der Michelle Obama hiert Geschlecht - EDMO Belux","isPartOf":{"@id":"https:\/\/belux.edmo.eu\/#website"},"primaryImageOfPage":{"@id":"https:\/\/belux.edmo.eu\/lb\/faktencheck-konspiratiounstheorien-iwwer-der-michelle-obama-hiert-geschlecht\/#primaryimage"},"image":{"@id":"https:\/\/belux.edmo.eu\/lb\/faktencheck-konspiratiounstheorien-iwwer-der-michelle-obama-hiert-geschlecht\/#primaryimage"},"thumbnailUrl":"https:\/\/belux-edmo.s3-accelerate.amazonaws.com\/wp-content\/uploads\/2023\/07\/1d8fb87a05463f8a4b2ab5ad801fa676.jpeg","datePublished":"2023-07-05T15:18:51+00:00","dateModified":"2023-07-06T09:31:35+00:00","breadcrumb":{"@id":"https:\/\/belux.edmo.eu\/lb\/faktencheck-konspiratiounstheorien-iwwer-der-michelle-obama-hiert-geschlecht\/#breadcrumb"},"inLanguage":"lb-LU","potentialAction":[{"@type":"ReadAction","target":["https:\/\/belux.edmo.eu\/lb\/faktencheck-konspiratiounstheorien-iwwer-der-michelle-obama-hiert-geschlecht\/"]}]},{"@type":"ImageObject","inLanguage":"lb-LU","@id":"https:\/\/belux.edmo.eu\/lb\/faktencheck-konspiratiounstheorien-iwwer-der-michelle-obama-hiert-geschlecht\/#primaryimage","url":"https:\/\/belux-edmo.s3-accelerate.amazonaws.com\/wp-content\/uploads\/2023\/07\/1d8fb87a05463f8a4b2ab5ad801fa676.jpeg","contentUrl":"https:\/\/belux-edmo.s3-accelerate.amazonaws.com\/wp-content\/uploads\/2023\/07\/1d8fb87a05463f8a4b2ab5ad801fa676.jpeg","width":1080,"height":608,"caption":"Faktencheck: Konspiratiounstheorien iwwer der Michelle Obama hiert Geschlecht - Featured image"},{"@type":"BreadcrumbList","@id":"https:\/\/belux.edmo.eu\/lb\/faktencheck-konspiratiounstheorien-iwwer-der-michelle-obama-hiert-geschlecht\/#breadcrumb","itemListElement":[{"@type":"ListItem","position":1,"name":"Home","item":"https:\/\/belux.edmo.eu\/lb\/"},{"@type":"ListItem","position":2,"name":"Faktencheck: Konspiratiounstheorien iwwer der Michelle Obama hiert Geschlecht"}]},{"@type":"WebSite","@id":"https:\/\/belux.edmo.eu\/#website","url":"https:\/\/belux.edmo.eu\/","name":"EDMO Belux","description":"Monitoring Disinformation in Belgium and Luxembourg","publisher":{"@id":"https:\/\/belux.edmo.eu\/#organization"},"potentialAction":[{"@type":"SearchAction","target":{"@type":"EntryPoint","urlTemplate":"https:\/\/belux.edmo.eu\/?s={search_term_string}"},"query-input":{"@type":"PropertyValueSpecification","valueRequired":true,"valueName":"search_term_string"}}],"inLanguage":"lb-LU"},{"@type":"Organization","@id":"https:\/\/belux.edmo.eu\/#organization","name":"EDMO Belux","url":"https:\/\/belux.edmo.eu\/","logo":{"@type":"ImageObject","inLanguage":"lb-LU","@id":"https:\/\/belux.edmo.eu\/#\/schema\/logo\/image\/","url":"https:\/\/belux.edmo.eu\/wp-content\/uploads\/2021\/12\/belux-logo-full-color-rgb.svg","contentUrl":"https:\/\/belux.edmo.eu\/wp-content\/uploads\/2021\/12\/belux-logo-full-color-rgb.svg","width":1,"height":1,"caption":"EDMO Belux"},"image":{"@id":"https:\/\/belux.edmo.eu\/#\/schema\/logo\/image\/"},"sameAs":["https:\/\/x.com\/Edmo_Belux"]},{"@type":"Person","@id":"https:\/\/belux.edmo.eu\/#\/schema\/person\/dbe3b252258537fd318f9b5645a30342","name":"master","sameAs":["https:\/\/belux.wpengine.com"],"url":"https:\/\/belux.edmo.eu\/lb\/author\/master\/"}]}},"menu_order":0,"_links":{"self":[{"href":"https:\/\/belux.edmo.eu\/lb\/wp-json\/wp\/v2\/posts\/272900","targetHints":{"allow":["GET"]}}],"collection":[{"href":"https:\/\/belux.edmo.eu\/lb\/wp-json\/wp\/v2\/posts"}],"about":[{"href":"https:\/\/belux.edmo.eu\/lb\/wp-json\/wp\/v2\/types\/post"}],"author":[{"embeddable":true,"href":"https:\/\/belux.edmo.eu\/lb\/wp-json\/wp\/v2\/users\/1"}],"replies":[{"embeddable":true,"href":"https:\/\/belux.edmo.eu\/lb\/wp-json\/wp\/v2\/comments?post=272900"}],"version-history":[{"count":0,"href":"https:\/\/belux.edmo.eu\/lb\/wp-json\/wp\/v2\/posts\/272900\/revisions"}],"wp:featuredmedia":[{"embeddable":true,"href":"https:\/\/belux.edmo.eu\/lb\/wp-json\/wp\/v2\/media\/272885"}],"wp:attachment":[{"href":"https:\/\/belux.edmo.eu\/lb\/wp-json\/wp\/v2\/media?parent=272900"}],"wp:term":[{"taxonomy":"category","embeddable":true,"href":"https:\/\/belux.edmo.eu\/lb\/wp-json\/wp\/v2\/categories?post=272900"},{"taxonomy":"post_tag","embeddable":true,"href":"https:\/\/belux.edmo.eu\/lb\/wp-json\/wp\/v2\/tags?post=272900"}],"curies":[{"name":"wp","href":"https:\/\/api.w.org\/{rel}","templated":true}]}}