{"id":273567,"date":"2023-07-10T09:00:24","date_gmt":"2023-07-10T09:00:24","guid":{"rendered":"https:\/\/belux.edmo.eu\/?p=273567"},"modified":"2023-07-10T12:26:04","modified_gmt":"2023-07-10T12:26:04","slug":"faktencheck-jobannonce-vun-u-boot-bedreiwer-gouf-jore-virum-accident-lanciert","status":"publish","type":"post","link":"https:\/\/belux.edmo.eu\/lb\/faktencheck-jobannonce-vun-u-boot-bedreiwer-gouf-jore-virum-accident-lanciert\/","title":{"rendered":"Faktencheck: Jobannonce vun U-Boot-Bedreiwer gouf Jore virum Accident lanc\u00e9iert"},"content":{"rendered":"<article>\n<div>\n<div>\n<p>&nbsp;<\/p>\n<\/div>\n<div>\n<p>A B\u00e4itr\u00e4g op de sozialen Netzwierker gouf eng Jobannonce vum Bedreiwer vum U-Boot, dat am Nordatlantik implod\u00e9iert war, esou duergestallt, w\u00e9i wa se no der Katastroph am Juni 2023 ver\u00ebffentlecht gi w\u00e4r.<\/p>\n<p>E Screenshot vun enger Stellenausschreiwung gouf de 24. Juni vun enger Facebook-S\u00e4it, d\u00e9i m\u00e9i 1,8 Millioune Follower huet, <a href=\"https:\/\/perma.cc\/XF8P-VJTY\" target=\"_blank\" rel=\"noopener\">gedeelt<\/a>.<\/p>\n<p>D&#8217;Annonce als Tauchpilot a Marinn-Techniker bei &#8220;OceanGate Expeditions&#8221;, dem Bedreiwer vum U-Boot &#8220;Titan&#8221;, dat bei engem Tauchgang bei d&#8217;Wrack vun der Titanic implod\u00e9iert war, w\u00e4r &#8220;direkt disponibel&#8221;.<\/p>\n<p>&#8220;Naja, et ass knapp eng Woch hier&#8230;&#8221;, ass an engem Facebook-B\u00e4itrag, dee m\u00e9i w\u00e9i 1.900 Shares krut, ze liesen &#8211; ganz offensichtlech a Bezuch op d&#8217;<a href=\"https:\/\/www.hindustantimes.com\/world-news\/missing-titanic-submersible-latest-update-all-five-dead-confirms-us-coast-guard-101687507673417.html\" target=\"_blank\" rel=\"noopener\">Katastroph<\/a>, bei d\u00e4r f\u00ebnnef M\u00ebnsche gestuerwe waren, dor\u00ebnner de CEO vun OceanGate Stockton Rush (<a href=\"https:\/\/perma.cc\/MZ4A-AYKB\" target=\"_blank\" rel=\"noopener\">archiv\u00e9ierte Link<\/a>).<\/p>\n<p>D&#8217;Entreprise war z\u00ebnterhier \u00ebmmer <a href=\"https:\/\/www.barrons.com\/news\/oceangate-co-founder-hits-back-at-james-cameron-over-titanic-sub-5bef51a4\" target=\"_blank\" rel=\"noopener\">m\u00e9i staarker Kritik ausgesat<\/a>, inklusiv Usch\u00ebllegunge vum Regisseur vum Film &#8220;Titanic&#8221; James Cameron, S\u00e9cherheetswarnungen ignor\u00e9iert ze hunn. E fr\u00e4iw\u00ebllegen Industriegremium, de &#8220;Manned Underwater Vehicles Comittee&#8221;, sot och, OceanGate w\u00e4r &#8220;net bereet&#8221; gewiescht, sech engem standardis\u00e9ierten Zertifiz\u00e9ierungsprozess fir d&#8217;U-Boot Titan ze \u00ebnnerz\u00e9ien (<a href=\"https:\/\/archive.is\/oA9td\">archiv\u00e9ierte Link<\/a>).<\/p>\n<p>De Guillermo Soehnlein, deen OceanGate 2009 mam Rush gegr\u00ebnnt an d&#8217;Entreprise 2013 verlooss hat, sot, s\u00e4i viregte Fr\u00ebnd w\u00e4r &#8220;immens op S\u00e9cherheet beduecht&#8221; gewiescht.<\/p>\n<p><img src=\"https:\/\/belux-edmo.s3-accelerate.amazonaws.com\/wp-content\/uploads\/2023\/07\/21b343dc5e7e81dd88ca4eabf125a958.jpeg\" alt=\"RTL\" \/> \u00a9 AFP<\/p>\n<p>D&#8217;Jobannonce gouf weltw\u00e4it op <a href=\"https:\/\/archive.md\/zrluH\" target=\"_blank\" rel=\"noopener\">Twitter<\/a>, <a href=\"https:\/\/archive.md\/ApKxg\" target=\"_blank\" rel=\"noopener\">TikTok<\/a> an op Facebook-S\u00e4ite propag\u00e9iert, \u00eb.a. an den <a href=\"https:\/\/perma.cc\/NP4M-NNTW\" target=\"_blank\" rel=\"noopener\">USA<\/a>, de <a href=\"https:\/\/perma.cc\/R8C6-3XQY\" target=\"_blank\" rel=\"noopener\">Philippinnen<\/a> an <a href=\"https:\/\/perma.cc\/3BAJ-N7PD\" target=\"_blank\" rel=\"noopener\">Australien<\/a>.<\/p>\n<p>Verschidden Norichtenagencen hu och iwwer d&#8217;Stellenausschreiwung bericht, dor\u00ebnner <a href=\"https:\/\/perma.cc\/Q84X-73QK\" target=\"_blank\" rel=\"noopener\">Business Insider<\/a>, <a href=\"https:\/\/perma.cc\/2YRE-HEDQ\" target=\"_blank\" rel=\"noopener\">TMZ<\/a> a <a href=\"https:\/\/archive.md\/fp2vL\" target=\"_blank\" rel=\"noopener\">Seven News in Australia<\/a>. D&#8217;Berichter soten, et w\u00e4r &#8220;onkloer&#8221;, w\u00e9ini d&#8217;Reklamm fir d&#8217;\u00e9ischt publiz\u00e9iert gouf.<\/p>\n<p>E puer Notzer op de sozialen Netzwierker hunn awer gegleeft, dass OceanGate d&#8217;Jobannonce kuerz no der Implosioun ver\u00ebffentlecht hat.<\/p>\n<p>&#8220;Wierklech eekleg, mee si mir schock\u00e9iert?!&#8221;, huet e Facebook-Notzer komment\u00e9iert.<\/p>\n<p>&#8220;Si hunn d\u00ebs Plaz ausgeschriwwen, w\u00e9i si op der Sich nom verm\u00ebssten U-Boot waren&#8221;, huet een anere geschriwwen.<\/p>\n<p>&#8220;Wat hutt dir gemengt, wien op de Kn\u00e4ppche gedr\u00e9ckt huet&#8230; sou vill Froen&#8221; war en anere Kommentar.<\/p>\n<p class=\"article-subtitle\">OceanGate-Operatiounen &#8220;ausgesat&#8221;<\/p>\n<p>D&#8217;AFP konnt keng Spuer vun der Stellenausschreiwung op der Internets\u00e4it vun OceanGate fannen, well se nom Tauchaccident vum Netz geholl gouf.<\/p>\n<p>E Vertrieder vun der Entreprise huet der AFP den 1. Juli matgedeelt, dass een &#8220;all Exploratiouns- a kommerziell Aktivit\u00e9iten ausgesat huet&#8221;.<\/p>\n<p>Den Hafe vun Everett zu Washington, wou OceanGate als Locataire t\u00e4teg ass, huet <a href=\"https:\/\/archive.is\/PdXuV\" target=\"_blank\" rel=\"noopener\">den 22. Juni getwittert<\/a>, dass d&#8217;Firma &#8220;op onbest\u00ebmmt Z\u00e4it zougemaach gouf, w\u00e4rend d&#8217;Mataarbechter mat dem tragesche Verloscht vun hirem Equipier f\u00e4erdeg ginn&#8221;.<\/p>\n<p>Eng Sich op Wayback Machine, enger Internets\u00e4it, d\u00e9i Webs\u00e4iten archiv\u00e9iert, huet erginn, dass d&#8217;<a href=\"https:\/\/web.archive.org\/web\/20200803114408\/https:\/oceangate.com\/about\/career-opportunities\/submersible-pilot.html\" target=\"_blank\" rel=\"noopener\">Jobannonce schonn den 3. August 2020<\/a> op der Webs\u00e4it vun OceanGate ver\u00ebffentlecht gi war.<\/p>\n<p>\u00cbnne si Screenshot-Vergl\u00e4icher, d\u00e9i d&#8217;Stellenausschreiwung am Joer 2020 (l\u00e9nks) an den ierf\u00e9ierende Facebook-B\u00e4itrag am Juni 2023 (riets) weisen.<\/p>\n<p><img src=\"https:\/\/belux-edmo.s3-accelerate.amazonaws.com\/wp-content\/uploads\/2023\/07\/b019e82139a77313a002172b136e158a.jpeg\" alt=\"RTL\" \/> \u00a9 AFP<\/p>\n<p>D&#8217;AFP huet op der Internets\u00e4it vun OceanGate och Spuere vun der Annonce an de Joren\u00a0<a href=\"https:\/\/web.archive.org\/web\/20211102121007\/https:\/\/oceangate.com\/about\/career-opportunities\/submersible-pilot.html\" target=\"_blank\" rel=\"noopener\">2021<\/a>, <a href=\"https:\/\/web.archive.org\/web\/20220812022316\/https:\/\/oceangate.com\/about\/career-opportunities\/submersible-pilot.html\" target=\"_blank\" rel=\"noopener\">2022<\/a> a vum <a href=\"https:\/\/web.archive.org\/web\/20230622010913\/https:\/\/oceangate.com\/about\/career-opportunities\/submersible-pilot.html\" target=\"_blank\" rel=\"noopener\">22. Juni 2023<\/a> fonnt, w\u00e9i Tr\u00fcmmere vum U-Boot fonnt goufen.<\/p>\n<p><a href=\"https:\/\/perma.cc\/96U2-2VGH\" target=\"_blank\" rel=\"noopener\">De fr\u00e9iste Facebook-B\u00e4itrag<\/a>, deen d&#8217;Stellenausschreiwung promov\u00e9iert an no der Implosioun ver\u00ebffentlecht gouf, sch\u00e9ngt vum US-amerikanesche Komiker Nick Tigges ze stamen.<\/p>\n<p><em>D\u00ebsen AFP-Artikel gouf vun RTL op L\u00ebtzebuergesch iwwersat.<\/em><\/p>\n<\/div>\n<\/div>\n<\/article>\n","protected":false},"excerpt":{"rendered":"<p>A B\u00e4itr\u00e4g op de sozialen Netzwierker gouf eng Jobannonce vum Bedreiwer vum U-Boot, dat am Nordatlantik implod\u00e9iert war, esou duergestallt, w\u00e9i wa se no der Katastroph am Juni 2023 ver\u00ebffentlecht gi w\u00e4r.<\/p>\n","protected":false},"author":1,"featured_media":273552,"comment_status":"closed","ping_status":"open","sticky":false,"template":"","format":"standard","meta":{"_acf_changed":false,"footnotes":""},"categories":[391,181,192],"tags":[],"class_list":{"0":"post-273567","1":"post","2":"type-post","3":"status-publish","4":"format-standard","5":"has-post-thumbnail","7":"category-technologie","8":"category-uncategorized-lb","9":"category-wessenschaft"},"acf":{"show_metatags":true,"id":"2082486","authors":"RTL L\u00ebtzebuerg","organization":"RTL","featured_image_copyright":"","text_copyright":"Copyright RTL \/ CLT-UFA S.A.","source":"https:\/\/www.rtl.lu\/news\/faktencheck\/a\/2082486.html","fact_checker":"https:\/\/belux.wpengine.com\/wp-content\/uploads\/2021\/12\/rtl_logo.png","type":"Closed Event","location":"","start_date":"","start_date_event_begins_at":"","start_date_event_ends_at":"","end_date":"","end_date_event_begins_at":"","end_date_event_ends_at":"","organizer":"","fact_checker_logo_image":false},"yoast_head":"<!-- This site is optimized with the Yoast SEO plugin v27.0 - https:\/\/yoast.com\/product\/yoast-seo-wordpress\/ -->\n<title>Faktencheck: Jobannonce vun U-Boot-Bedreiwer gouf Jore virum Accident lanc\u00e9iert - EDMO Belux<\/title>\n<meta name=\"robots\" content=\"index, follow, max-snippet:-1, max-image-preview:large, max-video-preview:-1\" \/>\n<link rel=\"canonical\" href=\"https:\/\/belux.edmo.eu\/lb\/faktencheck-jobannonce-vun-u-boot-bedreiwer-gouf-jore-virum-accident-lanciert\/\" \/>\n<meta property=\"og:locale\" content=\"en_US\" \/>\n<meta property=\"og:type\" content=\"article\" \/>\n<meta property=\"og:title\" content=\"Faktencheck: Jobannonce vun U-Boot-Bedreiwer gouf Jore virum Accident lanc\u00e9iert - EDMO Belux\" \/>\n<meta property=\"og:description\" content=\"A B\u00e4itr\u00e4g op de sozialen Netzwierker gouf eng Jobannonce vum Bedreiwer vum U-Boot, dat am Nordatlantik implod\u00e9iert war, esou duergestallt, w\u00e9i wa se no der Katastroph am Juni 2023 ver\u00ebffentlecht gi w\u00e4r.\" \/>\n<meta property=\"og:url\" content=\"https:\/\/belux.edmo.eu\/lb\/faktencheck-jobannonce-vun-u-boot-bedreiwer-gouf-jore-virum-accident-lanciert\/\" \/>\n<meta property=\"og:site_name\" content=\"EDMO Belux\" \/>\n<meta property=\"article:published_time\" content=\"2023-07-10T09:00:24+00:00\" \/>\n<meta property=\"article:modified_time\" content=\"2023-07-10T12:26:04+00:00\" \/>\n<meta property=\"og:image\" content=\"https:\/\/belux-edmo.s3-accelerate.amazonaws.com\/wp-content\/uploads\/2023\/07\/18a704df830c56e449d90681b3ed9aa4.jpeg\" \/>\n\t<meta property=\"og:image:width\" content=\"1023\" \/>\n\t<meta property=\"og:image:height\" content=\"576\" \/>\n\t<meta property=\"og:image:type\" content=\"image\/jpeg\" \/>\n<meta name=\"author\" content=\"master\" \/>\n<meta name=\"twitter:card\" content=\"summary_large_image\" \/>\n<meta name=\"twitter:creator\" content=\"@Edmo_Belux\" \/>\n<meta name=\"twitter:site\" content=\"@Edmo_Belux\" \/>\n<meta name=\"twitter:label1\" content=\"Written by\" \/>\n\t<meta name=\"twitter:data1\" content=\"master\" \/>\n\t<meta name=\"twitter:label2\" content=\"Est. reading time\" \/>\n\t<meta name=\"twitter:data2\" content=\"3 minutes\" \/>\n<script type=\"application\/ld+json\" class=\"yoast-schema-graph\">{\"@context\":\"https:\/\/schema.org\",\"@graph\":[{\"@type\":\"Article\",\"@id\":\"https:\/\/belux.edmo.eu\/lb\/faktencheck-jobannonce-vun-u-boot-bedreiwer-gouf-jore-virum-accident-lanciert\/#article\",\"isPartOf\":{\"@id\":\"https:\/\/belux.edmo.eu\/lb\/faktencheck-jobannonce-vun-u-boot-bedreiwer-gouf-jore-virum-accident-lanciert\/\"},\"author\":{\"name\":\"master\",\"@id\":\"https:\/\/belux.edmo.eu\/#\/schema\/person\/dbe3b252258537fd318f9b5645a30342\"},\"headline\":\"Faktencheck: Jobannonce vun U-Boot-Bedreiwer gouf Jore virum Accident lanc\u00e9iert\",\"datePublished\":\"2023-07-10T09:00:24+00:00\",\"dateModified\":\"2023-07-10T12:26:04+00:00\",\"mainEntityOfPage\":{\"@id\":\"https:\/\/belux.edmo.eu\/lb\/faktencheck-jobannonce-vun-u-boot-bedreiwer-gouf-jore-virum-accident-lanciert\/\"},\"wordCount\":575,\"publisher\":{\"@id\":\"https:\/\/belux.edmo.eu\/#organization\"},\"image\":{\"@id\":\"https:\/\/belux.edmo.eu\/lb\/faktencheck-jobannonce-vun-u-boot-bedreiwer-gouf-jore-virum-accident-lanciert\/#primaryimage\"},\"thumbnailUrl\":\"https:\/\/belux-edmo.s3-accelerate.amazonaws.com\/wp-content\/uploads\/2023\/07\/18a704df830c56e449d90681b3ed9aa4.jpeg\",\"articleSection\":[\"Technologie\",\"Uncategorized @lb\",\"W\u00ebssenschaft\"],\"inLanguage\":\"lb-LU\"},{\"@type\":\"WebPage\",\"@id\":\"https:\/\/belux.edmo.eu\/lb\/faktencheck-jobannonce-vun-u-boot-bedreiwer-gouf-jore-virum-accident-lanciert\/\",\"url\":\"https:\/\/belux.edmo.eu\/lb\/faktencheck-jobannonce-vun-u-boot-bedreiwer-gouf-jore-virum-accident-lanciert\/\",\"name\":\"Faktencheck: Jobannonce vun U-Boot-Bedreiwer gouf Jore virum Accident lanc\u00e9iert - EDMO Belux\",\"isPartOf\":{\"@id\":\"https:\/\/belux.edmo.eu\/#website\"},\"primaryImageOfPage\":{\"@id\":\"https:\/\/belux.edmo.eu\/lb\/faktencheck-jobannonce-vun-u-boot-bedreiwer-gouf-jore-virum-accident-lanciert\/#primaryimage\"},\"image\":{\"@id\":\"https:\/\/belux.edmo.eu\/lb\/faktencheck-jobannonce-vun-u-boot-bedreiwer-gouf-jore-virum-accident-lanciert\/#primaryimage\"},\"thumbnailUrl\":\"https:\/\/belux-edmo.s3-accelerate.amazonaws.com\/wp-content\/uploads\/2023\/07\/18a704df830c56e449d90681b3ed9aa4.jpeg\",\"datePublished\":\"2023-07-10T09:00:24+00:00\",\"dateModified\":\"2023-07-10T12:26:04+00:00\",\"breadcrumb\":{\"@id\":\"https:\/\/belux.edmo.eu\/lb\/faktencheck-jobannonce-vun-u-boot-bedreiwer-gouf-jore-virum-accident-lanciert\/#breadcrumb\"},\"inLanguage\":\"lb-LU\",\"potentialAction\":[{\"@type\":\"ReadAction\",\"target\":[\"https:\/\/belux.edmo.eu\/lb\/faktencheck-jobannonce-vun-u-boot-bedreiwer-gouf-jore-virum-accident-lanciert\/\"]}]},{\"@type\":\"ImageObject\",\"inLanguage\":\"lb-LU\",\"@id\":\"https:\/\/belux.edmo.eu\/lb\/faktencheck-jobannonce-vun-u-boot-bedreiwer-gouf-jore-virum-accident-lanciert\/#primaryimage\",\"url\":\"https:\/\/belux-edmo.s3-accelerate.amazonaws.com\/wp-content\/uploads\/2023\/07\/18a704df830c56e449d90681b3ed9aa4.jpeg\",\"contentUrl\":\"https:\/\/belux-edmo.s3-accelerate.amazonaws.com\/wp-content\/uploads\/2023\/07\/18a704df830c56e449d90681b3ed9aa4.jpeg\",\"width\":1023,\"height\":576,\"caption\":\"Faktencheck: Jobannonce vun U-Boot-Bedreiwer gouf Jore virum Accident lanc\u00e9iert - Featured image\"},{\"@type\":\"BreadcrumbList\",\"@id\":\"https:\/\/belux.edmo.eu\/lb\/faktencheck-jobannonce-vun-u-boot-bedreiwer-gouf-jore-virum-accident-lanciert\/#breadcrumb\",\"itemListElement\":[{\"@type\":\"ListItem\",\"position\":1,\"name\":\"Home\",\"item\":\"https:\/\/belux.edmo.eu\/lb\/\"},{\"@type\":\"ListItem\",\"position\":2,\"name\":\"Faktencheck: Jobannonce vun U-Boot-Bedreiwer gouf Jore virum Accident lanc\u00e9iert\"}]},{\"@type\":\"WebSite\",\"@id\":\"https:\/\/belux.edmo.eu\/#website\",\"url\":\"https:\/\/belux.edmo.eu\/\",\"name\":\"EDMO Belux\",\"description\":\"Monitoring Disinformation in Belgium and Luxembourg\",\"publisher\":{\"@id\":\"https:\/\/belux.edmo.eu\/#organization\"},\"potentialAction\":[{\"@type\":\"SearchAction\",\"target\":{\"@type\":\"EntryPoint\",\"urlTemplate\":\"https:\/\/belux.edmo.eu\/?s={search_term_string}\"},\"query-input\":{\"@type\":\"PropertyValueSpecification\",\"valueRequired\":true,\"valueName\":\"search_term_string\"}}],\"inLanguage\":\"lb-LU\"},{\"@type\":\"Organization\",\"@id\":\"https:\/\/belux.edmo.eu\/#organization\",\"name\":\"EDMO Belux\",\"url\":\"https:\/\/belux.edmo.eu\/\",\"logo\":{\"@type\":\"ImageObject\",\"inLanguage\":\"lb-LU\",\"@id\":\"https:\/\/belux.edmo.eu\/#\/schema\/logo\/image\/\",\"url\":\"https:\/\/belux.edmo.eu\/wp-content\/uploads\/2021\/12\/belux-logo-full-color-rgb.svg\",\"contentUrl\":\"https:\/\/belux.edmo.eu\/wp-content\/uploads\/2021\/12\/belux-logo-full-color-rgb.svg\",\"width\":1,\"height\":1,\"caption\":\"EDMO Belux\"},\"image\":{\"@id\":\"https:\/\/belux.edmo.eu\/#\/schema\/logo\/image\/\"},\"sameAs\":[\"https:\/\/x.com\/Edmo_Belux\"]},{\"@type\":\"Person\",\"@id\":\"https:\/\/belux.edmo.eu\/#\/schema\/person\/dbe3b252258537fd318f9b5645a30342\",\"name\":\"master\",\"sameAs\":[\"https:\/\/belux.wpengine.com\"],\"url\":\"https:\/\/belux.edmo.eu\/lb\/author\/master\/\"}]}<\/script>\n<!-- \/ Yoast SEO plugin. -->","yoast_head_json":{"title":"Faktencheck: Jobannonce vun U-Boot-Bedreiwer gouf Jore virum Accident lanc\u00e9iert - EDMO Belux","robots":{"index":"index","follow":"follow","max-snippet":"max-snippet:-1","max-image-preview":"max-image-preview:large","max-video-preview":"max-video-preview:-1"},"canonical":"https:\/\/belux.edmo.eu\/lb\/faktencheck-jobannonce-vun-u-boot-bedreiwer-gouf-jore-virum-accident-lanciert\/","og_locale":"en_US","og_type":"article","og_title":"Faktencheck: Jobannonce vun U-Boot-Bedreiwer gouf Jore virum Accident lanc\u00e9iert - EDMO Belux","og_description":"A B\u00e4itr\u00e4g op de sozialen Netzwierker gouf eng Jobannonce vum Bedreiwer vum U-Boot, dat am Nordatlantik implod\u00e9iert war, esou duergestallt, w\u00e9i wa se no der Katastroph am Juni 2023 ver\u00ebffentlecht gi w\u00e4r.","og_url":"https:\/\/belux.edmo.eu\/lb\/faktencheck-jobannonce-vun-u-boot-bedreiwer-gouf-jore-virum-accident-lanciert\/","og_site_name":"EDMO Belux","article_published_time":"2023-07-10T09:00:24+00:00","article_modified_time":"2023-07-10T12:26:04+00:00","og_image":[{"width":1023,"height":576,"url":"https:\/\/belux-edmo.s3-accelerate.amazonaws.com\/wp-content\/uploads\/2023\/07\/18a704df830c56e449d90681b3ed9aa4.jpeg","type":"image\/jpeg"}],"author":"master","twitter_card":"summary_large_image","twitter_creator":"@Edmo_Belux","twitter_site":"@Edmo_Belux","twitter_misc":{"Written by":"master","Est. reading time":"3 minutes"},"schema":{"@context":"https:\/\/schema.org","@graph":[{"@type":"Article","@id":"https:\/\/belux.edmo.eu\/lb\/faktencheck-jobannonce-vun-u-boot-bedreiwer-gouf-jore-virum-accident-lanciert\/#article","isPartOf":{"@id":"https:\/\/belux.edmo.eu\/lb\/faktencheck-jobannonce-vun-u-boot-bedreiwer-gouf-jore-virum-accident-lanciert\/"},"author":{"name":"master","@id":"https:\/\/belux.edmo.eu\/#\/schema\/person\/dbe3b252258537fd318f9b5645a30342"},"headline":"Faktencheck: Jobannonce vun U-Boot-Bedreiwer gouf Jore virum Accident lanc\u00e9iert","datePublished":"2023-07-10T09:00:24+00:00","dateModified":"2023-07-10T12:26:04+00:00","mainEntityOfPage":{"@id":"https:\/\/belux.edmo.eu\/lb\/faktencheck-jobannonce-vun-u-boot-bedreiwer-gouf-jore-virum-accident-lanciert\/"},"wordCount":575,"publisher":{"@id":"https:\/\/belux.edmo.eu\/#organization"},"image":{"@id":"https:\/\/belux.edmo.eu\/lb\/faktencheck-jobannonce-vun-u-boot-bedreiwer-gouf-jore-virum-accident-lanciert\/#primaryimage"},"thumbnailUrl":"https:\/\/belux-edmo.s3-accelerate.amazonaws.com\/wp-content\/uploads\/2023\/07\/18a704df830c56e449d90681b3ed9aa4.jpeg","articleSection":["Technologie","Uncategorized @lb","W\u00ebssenschaft"],"inLanguage":"lb-LU"},{"@type":"WebPage","@id":"https:\/\/belux.edmo.eu\/lb\/faktencheck-jobannonce-vun-u-boot-bedreiwer-gouf-jore-virum-accident-lanciert\/","url":"https:\/\/belux.edmo.eu\/lb\/faktencheck-jobannonce-vun-u-boot-bedreiwer-gouf-jore-virum-accident-lanciert\/","name":"Faktencheck: Jobannonce vun U-Boot-Bedreiwer gouf Jore virum Accident lanc\u00e9iert - EDMO Belux","isPartOf":{"@id":"https:\/\/belux.edmo.eu\/#website"},"primaryImageOfPage":{"@id":"https:\/\/belux.edmo.eu\/lb\/faktencheck-jobannonce-vun-u-boot-bedreiwer-gouf-jore-virum-accident-lanciert\/#primaryimage"},"image":{"@id":"https:\/\/belux.edmo.eu\/lb\/faktencheck-jobannonce-vun-u-boot-bedreiwer-gouf-jore-virum-accident-lanciert\/#primaryimage"},"thumbnailUrl":"https:\/\/belux-edmo.s3-accelerate.amazonaws.com\/wp-content\/uploads\/2023\/07\/18a704df830c56e449d90681b3ed9aa4.jpeg","datePublished":"2023-07-10T09:00:24+00:00","dateModified":"2023-07-10T12:26:04+00:00","breadcrumb":{"@id":"https:\/\/belux.edmo.eu\/lb\/faktencheck-jobannonce-vun-u-boot-bedreiwer-gouf-jore-virum-accident-lanciert\/#breadcrumb"},"inLanguage":"lb-LU","potentialAction":[{"@type":"ReadAction","target":["https:\/\/belux.edmo.eu\/lb\/faktencheck-jobannonce-vun-u-boot-bedreiwer-gouf-jore-virum-accident-lanciert\/"]}]},{"@type":"ImageObject","inLanguage":"lb-LU","@id":"https:\/\/belux.edmo.eu\/lb\/faktencheck-jobannonce-vun-u-boot-bedreiwer-gouf-jore-virum-accident-lanciert\/#primaryimage","url":"https:\/\/belux-edmo.s3-accelerate.amazonaws.com\/wp-content\/uploads\/2023\/07\/18a704df830c56e449d90681b3ed9aa4.jpeg","contentUrl":"https:\/\/belux-edmo.s3-accelerate.amazonaws.com\/wp-content\/uploads\/2023\/07\/18a704df830c56e449d90681b3ed9aa4.jpeg","width":1023,"height":576,"caption":"Faktencheck: Jobannonce vun U-Boot-Bedreiwer gouf Jore virum Accident lanc\u00e9iert - Featured image"},{"@type":"BreadcrumbList","@id":"https:\/\/belux.edmo.eu\/lb\/faktencheck-jobannonce-vun-u-boot-bedreiwer-gouf-jore-virum-accident-lanciert\/#breadcrumb","itemListElement":[{"@type":"ListItem","position":1,"name":"Home","item":"https:\/\/belux.edmo.eu\/lb\/"},{"@type":"ListItem","position":2,"name":"Faktencheck: Jobannonce vun U-Boot-Bedreiwer gouf Jore virum Accident lanc\u00e9iert"}]},{"@type":"WebSite","@id":"https:\/\/belux.edmo.eu\/#website","url":"https:\/\/belux.edmo.eu\/","name":"EDMO Belux","description":"Monitoring Disinformation in Belgium and Luxembourg","publisher":{"@id":"https:\/\/belux.edmo.eu\/#organization"},"potentialAction":[{"@type":"SearchAction","target":{"@type":"EntryPoint","urlTemplate":"https:\/\/belux.edmo.eu\/?s={search_term_string}"},"query-input":{"@type":"PropertyValueSpecification","valueRequired":true,"valueName":"search_term_string"}}],"inLanguage":"lb-LU"},{"@type":"Organization","@id":"https:\/\/belux.edmo.eu\/#organization","name":"EDMO Belux","url":"https:\/\/belux.edmo.eu\/","logo":{"@type":"ImageObject","inLanguage":"lb-LU","@id":"https:\/\/belux.edmo.eu\/#\/schema\/logo\/image\/","url":"https:\/\/belux.edmo.eu\/wp-content\/uploads\/2021\/12\/belux-logo-full-color-rgb.svg","contentUrl":"https:\/\/belux.edmo.eu\/wp-content\/uploads\/2021\/12\/belux-logo-full-color-rgb.svg","width":1,"height":1,"caption":"EDMO Belux"},"image":{"@id":"https:\/\/belux.edmo.eu\/#\/schema\/logo\/image\/"},"sameAs":["https:\/\/x.com\/Edmo_Belux"]},{"@type":"Person","@id":"https:\/\/belux.edmo.eu\/#\/schema\/person\/dbe3b252258537fd318f9b5645a30342","name":"master","sameAs":["https:\/\/belux.wpengine.com"],"url":"https:\/\/belux.edmo.eu\/lb\/author\/master\/"}]}},"menu_order":0,"_links":{"self":[{"href":"https:\/\/belux.edmo.eu\/lb\/wp-json\/wp\/v2\/posts\/273567","targetHints":{"allow":["GET"]}}],"collection":[{"href":"https:\/\/belux.edmo.eu\/lb\/wp-json\/wp\/v2\/posts"}],"about":[{"href":"https:\/\/belux.edmo.eu\/lb\/wp-json\/wp\/v2\/types\/post"}],"author":[{"embeddable":true,"href":"https:\/\/belux.edmo.eu\/lb\/wp-json\/wp\/v2\/users\/1"}],"replies":[{"embeddable":true,"href":"https:\/\/belux.edmo.eu\/lb\/wp-json\/wp\/v2\/comments?post=273567"}],"version-history":[{"count":0,"href":"https:\/\/belux.edmo.eu\/lb\/wp-json\/wp\/v2\/posts\/273567\/revisions"}],"wp:featuredmedia":[{"embeddable":true,"href":"https:\/\/belux.edmo.eu\/lb\/wp-json\/wp\/v2\/media\/273552"}],"wp:attachment":[{"href":"https:\/\/belux.edmo.eu\/lb\/wp-json\/wp\/v2\/media?parent=273567"}],"wp:term":[{"taxonomy":"category","embeddable":true,"href":"https:\/\/belux.edmo.eu\/lb\/wp-json\/wp\/v2\/categories?post=273567"},{"taxonomy":"post_tag","embeddable":true,"href":"https:\/\/belux.edmo.eu\/lb\/wp-json\/wp\/v2\/tags?post=273567"}],"curies":[{"name":"wp","href":"https:\/\/api.w.org\/{rel}","templated":true}]}}