{"id":274222,"date":"2023-07-14T07:03:15","date_gmt":"2023-07-14T07:03:15","guid":{"rendered":"https:\/\/belux.edmo.eu\/?p=274222"},"modified":"2023-07-14T08:03:56","modified_gmt":"2023-07-14T08:03:56","slug":"faktencheck-ltzebuerger-delegatioun-mam-depeche-mode-tour-fliger-op-den-nato-sommet","status":"publish","type":"post","link":"https:\/\/belux.edmo.eu\/lb\/faktencheck-ltzebuerger-delegatioun-mam-depeche-mode-tour-fliger-op-den-nato-sommet\/","title":{"rendered":"Faktencheck: L\u00ebtzebuerger Delegatioun mam &#8220;Depeche Mode&#8221;-Tour-Fliger op den NATO-Sommet?"},"content":{"rendered":"<article>\n<div>\n<div>\n<p><b>\u00a9 Screenshot Reuters<\/b><\/p>\n<\/div>\n<div>\n<p>Den Ament ass den NATO-Sommet an der Haaptstad vu Litauen. D\u2019L\u00ebtzebuerger Delegatioun ass mat engem gecharterte Vol dohi geflunn.<\/p>\n<p>W\u00e9i een um D\u00ebnschdegm\u00ebtteg de Premier Xavier Bettel, den Ausseminister Jean Asselborn an de Verdeedegungsminister Fran\u00e7ois Bausch am Livestream vu Reuters gesinn huet eraus aus engem Fliger\u00a0op den Tarmac\u00a0zu Vilnius klammen, hunn och d\u2019Journaliste sech gefrot, wat ass dat da fir eng Maschinn. Nieft dem Cockpit ass ee rouden\u00a0Doudekapp, mat \u00ebnnendr\u00ebnner 4 Buschtawen\u00a0(DM &#8211; MM). S\u00e9ier f\u00ebnnt een duerch eng einfach Onlinerecherche, dass d\u00ebst fir Depeche Mode a Memento Mori steet.<\/p>\n<p class=\"article-title\">Depeche Mode den Ament op Welt-Tour<\/p>\n<p>No 5 Joer Paus ass d\u00e9i brittesch Band nees op enger Worldtour. Den Titel vum aktuellen Album\u00a0ass Memento Mori. Mat enger Maschinn vu Global Reach Aviation ass een uechtert Welt \u00ebnnerwee, w\u00e9i d&#8217;Schw\u00e4izer Portal <a href=\"https:\/\/skynews.ch\/allgemein\/bruce-springsteen-mit-757-in-zuerich-depeche-mode-mit-crj-200-in-bern\/\" target=\"_blank\" rel=\"noopener\">skynews.ch<\/a> schreift\u00a0g\u00e9if et sech \u00ebm eng Bombardier CRJ-200LR OY-CRJ handelen. Zanter M\u00e4erz 2023 wier Depeche Mode mat d\u00ebsem Fliger\u00a0\u00ebnnerwee an dofir wier och den Autocollant\u00a0drop. En \u00e9ischte Concert huet een zu Sacramento ginn, duerno war een \u00ebnnert anerem zu New York oder viru kuerzem zu Bordeaux. Bis de\u00a017. Dezember ginn d\u2019Britten 78 Concerten uechtert d\u2019Welt.<\/p>\n<p><img src=\"https:\/\/belux-edmo.s3-accelerate.amazonaws.com\/wp-content\/uploads\/2023\/07\/807d2e9e97ce9281063cb98128f9f65b.jpeg\" alt=\"RTL\" \/> \u00a9 Depeche Mode<\/p>\n<p class=\"article-title\">Nei Memberen aus L\u00ebtzebuerg an der Band?<\/p>\n<p>Nee, de Xavier Bettel, Jean Asselborn a Fran\u00e7ois Bausch ginn net Member vun der brittescher Band. Ma d\u00e9i L\u00ebtzebuerger Delegatioun ass vum Findel aus mat d\u00ebser Maschinn op Vilnius geflunn. D\u2019Arm\u00e9i h\u00e4tt iwwert den EATC (den European Air Transport Command) e Vol gebucht. Ma well esouvill Milit\u00e4rfligeren am Asaz ware fir d\u00ebse Sommet, h\u00e4tt eng Maschinn misse gechartert ginn, esou ass et d\u2019RTL-Ekipp, d\u00e9i den Ament a Litauen ass, gewuer ginn.<\/p>\n<p><img src=\"https:\/\/belux-edmo.s3-accelerate.amazonaws.com\/wp-content\/uploads\/2023\/07\/9c2ad340935f70586b4882c0436899e6.jpeg\" alt=\"RTL\" \/> \u00a9 Screenshot Reuters<\/p>\n<p class=\"article-title\">Wichtegen NATO-Sommet a Litauen<\/p>\n<p>Den Ament ass den NATO-Sommet a Litauen, den Hannergrond ass ganz eescht. D\u00e9i gemeinsam Verdeedegungspolitik vun der Milit\u00e4rallianz soll weider gest\u00e4erkt\u00a0ginn. Um D\u00ebsch vun de Staats- a Regierungscheffen zu Vilnius l\u00e4it och d&#8217;Demande vun der Ukrain, fir der NATO b\u00e4izetrieden. L\u00ebtzebuerg vertr\u00ebtt an d\u00ebsem Dossier awer weider en determin\u00e9ierten &#8220;Nee&#8221;, dat widderh\u00eblt de Premier Xavier Bettel um RTL-Mikro a Litauen.<\/p>\n<p><a href=\"https:\/\/www.rtl.lu\/news\/international\/a\/2084462.html\" target=\"_blank\" rel=\"noopener\">Hei <\/a>kann een de ganzen Detail noliesen.<\/p>\n<\/div>\n<\/div>\n<\/article>\n","protected":false},"excerpt":{"rendered":"<p>Den Ament ass den NATO-Sommet an der Haaptstad vu Litauen. D\u2019L\u00ebtzebuerger Delegatioun ass mat engem gecharterte Vol dohi geflunn.<\/p>\n","protected":false},"author":1,"featured_media":274207,"comment_status":"closed","ping_status":"open","sticky":false,"template":"","format":"standard","meta":{"_acf_changed":false,"footnotes":""},"categories":[193,191],"tags":[],"class_list":{"0":"post-274222","1":"post","2":"type-post","3":"status-publish","4":"format-standard","5":"has-post-thumbnail","7":"category-gesellschaft","8":"category-politik"},"acf":{"show_metatags":true,"id":"2084666","authors":"RTL L\u00ebtzebuerg","organization":"RTL","featured_image_copyright":"","text_copyright":"Copyright RTL \/ CLT-UFA S.A.","source":"https:\/\/www.rtl.lu\/news\/faktencheck\/a\/2084666.html","fact_checker":"https:\/\/belux.wpengine.com\/wp-content\/uploads\/2021\/12\/rtl_logo.png","type":"Closed Event","location":"","start_date":"","start_date_event_begins_at":"","start_date_event_ends_at":"","end_date":"","end_date_event_begins_at":"","end_date_event_ends_at":"","organizer":"","fact_checker_logo_image":false},"yoast_head":"<!-- This site is optimized with the Yoast SEO plugin v27.0 - https:\/\/yoast.com\/product\/yoast-seo-wordpress\/ -->\n<title>Faktencheck: L\u00ebtzebuerger Delegatioun mam &quot;Depeche Mode&quot;-Tour-Fliger op den NATO-Sommet? - EDMO Belux<\/title>\n<meta name=\"robots\" content=\"index, follow, max-snippet:-1, max-image-preview:large, max-video-preview:-1\" \/>\n<link rel=\"canonical\" href=\"https:\/\/belux.edmo.eu\/lb\/faktencheck-ltzebuerger-delegatioun-mam-depeche-mode-tour-fliger-op-den-nato-sommet\/\" \/>\n<meta property=\"og:locale\" content=\"en_US\" \/>\n<meta property=\"og:type\" content=\"article\" \/>\n<meta property=\"og:title\" content=\"Faktencheck: L\u00ebtzebuerger Delegatioun mam &quot;Depeche Mode&quot;-Tour-Fliger op den NATO-Sommet? - EDMO Belux\" \/>\n<meta property=\"og:description\" content=\"Den Ament ass den NATO-Sommet an der Haaptstad vu Litauen. D\u2019L\u00ebtzebuerger Delegatioun ass mat engem gecharterte Vol dohi geflunn.\" \/>\n<meta property=\"og:url\" content=\"https:\/\/belux.edmo.eu\/lb\/faktencheck-ltzebuerger-delegatioun-mam-depeche-mode-tour-fliger-op-den-nato-sommet\/\" \/>\n<meta property=\"og:site_name\" content=\"EDMO Belux\" \/>\n<meta property=\"article:published_time\" content=\"2023-07-14T07:03:15+00:00\" \/>\n<meta property=\"article:modified_time\" content=\"2023-07-14T08:03:56+00:00\" \/>\n<meta property=\"og:image\" content=\"https:\/\/belux-edmo.s3-accelerate.amazonaws.com\/wp-content\/uploads\/2023\/07\/ccf98c9a5f5a0811a0a07113dcbace7a.jpeg\" \/>\n\t<meta property=\"og:image:width\" content=\"1024\" \/>\n\t<meta property=\"og:image:height\" content=\"576\" \/>\n\t<meta property=\"og:image:type\" content=\"image\/jpeg\" \/>\n<meta name=\"author\" content=\"master\" \/>\n<meta name=\"twitter:card\" content=\"summary_large_image\" \/>\n<meta name=\"twitter:creator\" content=\"@Edmo_Belux\" \/>\n<meta name=\"twitter:site\" content=\"@Edmo_Belux\" \/>\n<meta name=\"twitter:label1\" content=\"Written by\" \/>\n\t<meta name=\"twitter:data1\" content=\"master\" \/>\n\t<meta name=\"twitter:label2\" content=\"Est. reading time\" \/>\n\t<meta name=\"twitter:data2\" content=\"2 minutes\" \/>\n<script type=\"application\/ld+json\" class=\"yoast-schema-graph\">{\"@context\":\"https:\/\/schema.org\",\"@graph\":[{\"@type\":\"Article\",\"@id\":\"https:\/\/belux.edmo.eu\/lb\/faktencheck-ltzebuerger-delegatioun-mam-depeche-mode-tour-fliger-op-den-nato-sommet\/#article\",\"isPartOf\":{\"@id\":\"https:\/\/belux.edmo.eu\/lb\/faktencheck-ltzebuerger-delegatioun-mam-depeche-mode-tour-fliger-op-den-nato-sommet\/\"},\"author\":{\"name\":\"master\",\"@id\":\"https:\/\/belux.edmo.eu\/#\/schema\/person\/dbe3b252258537fd318f9b5645a30342\"},\"headline\":\"Faktencheck: L\u00ebtzebuerger Delegatioun mam &#8220;Depeche Mode&#8221;-Tour-Fliger op den NATO-Sommet?\",\"datePublished\":\"2023-07-14T07:03:15+00:00\",\"dateModified\":\"2023-07-14T08:03:56+00:00\",\"mainEntityOfPage\":{\"@id\":\"https:\/\/belux.edmo.eu\/lb\/faktencheck-ltzebuerger-delegatioun-mam-depeche-mode-tour-fliger-op-den-nato-sommet\/\"},\"wordCount\":403,\"publisher\":{\"@id\":\"https:\/\/belux.edmo.eu\/#organization\"},\"image\":{\"@id\":\"https:\/\/belux.edmo.eu\/lb\/faktencheck-ltzebuerger-delegatioun-mam-depeche-mode-tour-fliger-op-den-nato-sommet\/#primaryimage\"},\"thumbnailUrl\":\"https:\/\/belux-edmo.s3-accelerate.amazonaws.com\/wp-content\/uploads\/2023\/07\/ccf98c9a5f5a0811a0a07113dcbace7a.jpeg\",\"articleSection\":[\"Gesellschaft\",\"Politik\"],\"inLanguage\":\"lb-LU\"},{\"@type\":\"WebPage\",\"@id\":\"https:\/\/belux.edmo.eu\/lb\/faktencheck-ltzebuerger-delegatioun-mam-depeche-mode-tour-fliger-op-den-nato-sommet\/\",\"url\":\"https:\/\/belux.edmo.eu\/lb\/faktencheck-ltzebuerger-delegatioun-mam-depeche-mode-tour-fliger-op-den-nato-sommet\/\",\"name\":\"Faktencheck: L\u00ebtzebuerger Delegatioun mam \\\"Depeche Mode\\\"-Tour-Fliger op den NATO-Sommet? - EDMO Belux\",\"isPartOf\":{\"@id\":\"https:\/\/belux.edmo.eu\/#website\"},\"primaryImageOfPage\":{\"@id\":\"https:\/\/belux.edmo.eu\/lb\/faktencheck-ltzebuerger-delegatioun-mam-depeche-mode-tour-fliger-op-den-nato-sommet\/#primaryimage\"},\"image\":{\"@id\":\"https:\/\/belux.edmo.eu\/lb\/faktencheck-ltzebuerger-delegatioun-mam-depeche-mode-tour-fliger-op-den-nato-sommet\/#primaryimage\"},\"thumbnailUrl\":\"https:\/\/belux-edmo.s3-accelerate.amazonaws.com\/wp-content\/uploads\/2023\/07\/ccf98c9a5f5a0811a0a07113dcbace7a.jpeg\",\"datePublished\":\"2023-07-14T07:03:15+00:00\",\"dateModified\":\"2023-07-14T08:03:56+00:00\",\"breadcrumb\":{\"@id\":\"https:\/\/belux.edmo.eu\/lb\/faktencheck-ltzebuerger-delegatioun-mam-depeche-mode-tour-fliger-op-den-nato-sommet\/#breadcrumb\"},\"inLanguage\":\"lb-LU\",\"potentialAction\":[{\"@type\":\"ReadAction\",\"target\":[\"https:\/\/belux.edmo.eu\/lb\/faktencheck-ltzebuerger-delegatioun-mam-depeche-mode-tour-fliger-op-den-nato-sommet\/\"]}]},{\"@type\":\"ImageObject\",\"inLanguage\":\"lb-LU\",\"@id\":\"https:\/\/belux.edmo.eu\/lb\/faktencheck-ltzebuerger-delegatioun-mam-depeche-mode-tour-fliger-op-den-nato-sommet\/#primaryimage\",\"url\":\"https:\/\/belux-edmo.s3-accelerate.amazonaws.com\/wp-content\/uploads\/2023\/07\/ccf98c9a5f5a0811a0a07113dcbace7a.jpeg\",\"contentUrl\":\"https:\/\/belux-edmo.s3-accelerate.amazonaws.com\/wp-content\/uploads\/2023\/07\/ccf98c9a5f5a0811a0a07113dcbace7a.jpeg\",\"width\":1024,\"height\":576,\"caption\":\"Faktencheck: L\u00ebtzebuerger Delegatioun mam \\\"Depeche Mode\\\"-Tour-Fliger op den NATO-Sommet? - Featured image\"},{\"@type\":\"BreadcrumbList\",\"@id\":\"https:\/\/belux.edmo.eu\/lb\/faktencheck-ltzebuerger-delegatioun-mam-depeche-mode-tour-fliger-op-den-nato-sommet\/#breadcrumb\",\"itemListElement\":[{\"@type\":\"ListItem\",\"position\":1,\"name\":\"Home\",\"item\":\"https:\/\/belux.edmo.eu\/lb\/\"},{\"@type\":\"ListItem\",\"position\":2,\"name\":\"Faktencheck: L\u00ebtzebuerger Delegatioun mam &#8220;Depeche Mode&#8221;-Tour-Fliger op den NATO-Sommet?\"}]},{\"@type\":\"WebSite\",\"@id\":\"https:\/\/belux.edmo.eu\/#website\",\"url\":\"https:\/\/belux.edmo.eu\/\",\"name\":\"EDMO Belux\",\"description\":\"Monitoring Disinformation in Belgium and Luxembourg\",\"publisher\":{\"@id\":\"https:\/\/belux.edmo.eu\/#organization\"},\"potentialAction\":[{\"@type\":\"SearchAction\",\"target\":{\"@type\":\"EntryPoint\",\"urlTemplate\":\"https:\/\/belux.edmo.eu\/?s={search_term_string}\"},\"query-input\":{\"@type\":\"PropertyValueSpecification\",\"valueRequired\":true,\"valueName\":\"search_term_string\"}}],\"inLanguage\":\"lb-LU\"},{\"@type\":\"Organization\",\"@id\":\"https:\/\/belux.edmo.eu\/#organization\",\"name\":\"EDMO Belux\",\"url\":\"https:\/\/belux.edmo.eu\/\",\"logo\":{\"@type\":\"ImageObject\",\"inLanguage\":\"lb-LU\",\"@id\":\"https:\/\/belux.edmo.eu\/#\/schema\/logo\/image\/\",\"url\":\"https:\/\/belux.edmo.eu\/wp-content\/uploads\/2021\/12\/belux-logo-full-color-rgb.svg\",\"contentUrl\":\"https:\/\/belux.edmo.eu\/wp-content\/uploads\/2021\/12\/belux-logo-full-color-rgb.svg\",\"width\":1,\"height\":1,\"caption\":\"EDMO Belux\"},\"image\":{\"@id\":\"https:\/\/belux.edmo.eu\/#\/schema\/logo\/image\/\"},\"sameAs\":[\"https:\/\/x.com\/Edmo_Belux\"]},{\"@type\":\"Person\",\"@id\":\"https:\/\/belux.edmo.eu\/#\/schema\/person\/dbe3b252258537fd318f9b5645a30342\",\"name\":\"master\",\"sameAs\":[\"https:\/\/belux.wpengine.com\"],\"url\":\"https:\/\/belux.edmo.eu\/lb\/author\/master\/\"}]}<\/script>\n<!-- \/ Yoast SEO plugin. -->","yoast_head_json":{"title":"Faktencheck: L\u00ebtzebuerger Delegatioun mam \"Depeche Mode\"-Tour-Fliger op den NATO-Sommet? - EDMO Belux","robots":{"index":"index","follow":"follow","max-snippet":"max-snippet:-1","max-image-preview":"max-image-preview:large","max-video-preview":"max-video-preview:-1"},"canonical":"https:\/\/belux.edmo.eu\/lb\/faktencheck-ltzebuerger-delegatioun-mam-depeche-mode-tour-fliger-op-den-nato-sommet\/","og_locale":"en_US","og_type":"article","og_title":"Faktencheck: L\u00ebtzebuerger Delegatioun mam \"Depeche Mode\"-Tour-Fliger op den NATO-Sommet? - EDMO Belux","og_description":"Den Ament ass den NATO-Sommet an der Haaptstad vu Litauen. D\u2019L\u00ebtzebuerger Delegatioun ass mat engem gecharterte Vol dohi geflunn.","og_url":"https:\/\/belux.edmo.eu\/lb\/faktencheck-ltzebuerger-delegatioun-mam-depeche-mode-tour-fliger-op-den-nato-sommet\/","og_site_name":"EDMO Belux","article_published_time":"2023-07-14T07:03:15+00:00","article_modified_time":"2023-07-14T08:03:56+00:00","og_image":[{"width":1024,"height":576,"url":"https:\/\/belux-edmo.s3-accelerate.amazonaws.com\/wp-content\/uploads\/2023\/07\/ccf98c9a5f5a0811a0a07113dcbace7a.jpeg","type":"image\/jpeg"}],"author":"master","twitter_card":"summary_large_image","twitter_creator":"@Edmo_Belux","twitter_site":"@Edmo_Belux","twitter_misc":{"Written by":"master","Est. reading time":"2 minutes"},"schema":{"@context":"https:\/\/schema.org","@graph":[{"@type":"Article","@id":"https:\/\/belux.edmo.eu\/lb\/faktencheck-ltzebuerger-delegatioun-mam-depeche-mode-tour-fliger-op-den-nato-sommet\/#article","isPartOf":{"@id":"https:\/\/belux.edmo.eu\/lb\/faktencheck-ltzebuerger-delegatioun-mam-depeche-mode-tour-fliger-op-den-nato-sommet\/"},"author":{"name":"master","@id":"https:\/\/belux.edmo.eu\/#\/schema\/person\/dbe3b252258537fd318f9b5645a30342"},"headline":"Faktencheck: L\u00ebtzebuerger Delegatioun mam &#8220;Depeche Mode&#8221;-Tour-Fliger op den NATO-Sommet?","datePublished":"2023-07-14T07:03:15+00:00","dateModified":"2023-07-14T08:03:56+00:00","mainEntityOfPage":{"@id":"https:\/\/belux.edmo.eu\/lb\/faktencheck-ltzebuerger-delegatioun-mam-depeche-mode-tour-fliger-op-den-nato-sommet\/"},"wordCount":403,"publisher":{"@id":"https:\/\/belux.edmo.eu\/#organization"},"image":{"@id":"https:\/\/belux.edmo.eu\/lb\/faktencheck-ltzebuerger-delegatioun-mam-depeche-mode-tour-fliger-op-den-nato-sommet\/#primaryimage"},"thumbnailUrl":"https:\/\/belux-edmo.s3-accelerate.amazonaws.com\/wp-content\/uploads\/2023\/07\/ccf98c9a5f5a0811a0a07113dcbace7a.jpeg","articleSection":["Gesellschaft","Politik"],"inLanguage":"lb-LU"},{"@type":"WebPage","@id":"https:\/\/belux.edmo.eu\/lb\/faktencheck-ltzebuerger-delegatioun-mam-depeche-mode-tour-fliger-op-den-nato-sommet\/","url":"https:\/\/belux.edmo.eu\/lb\/faktencheck-ltzebuerger-delegatioun-mam-depeche-mode-tour-fliger-op-den-nato-sommet\/","name":"Faktencheck: L\u00ebtzebuerger Delegatioun mam \"Depeche Mode\"-Tour-Fliger op den NATO-Sommet? - EDMO Belux","isPartOf":{"@id":"https:\/\/belux.edmo.eu\/#website"},"primaryImageOfPage":{"@id":"https:\/\/belux.edmo.eu\/lb\/faktencheck-ltzebuerger-delegatioun-mam-depeche-mode-tour-fliger-op-den-nato-sommet\/#primaryimage"},"image":{"@id":"https:\/\/belux.edmo.eu\/lb\/faktencheck-ltzebuerger-delegatioun-mam-depeche-mode-tour-fliger-op-den-nato-sommet\/#primaryimage"},"thumbnailUrl":"https:\/\/belux-edmo.s3-accelerate.amazonaws.com\/wp-content\/uploads\/2023\/07\/ccf98c9a5f5a0811a0a07113dcbace7a.jpeg","datePublished":"2023-07-14T07:03:15+00:00","dateModified":"2023-07-14T08:03:56+00:00","breadcrumb":{"@id":"https:\/\/belux.edmo.eu\/lb\/faktencheck-ltzebuerger-delegatioun-mam-depeche-mode-tour-fliger-op-den-nato-sommet\/#breadcrumb"},"inLanguage":"lb-LU","potentialAction":[{"@type":"ReadAction","target":["https:\/\/belux.edmo.eu\/lb\/faktencheck-ltzebuerger-delegatioun-mam-depeche-mode-tour-fliger-op-den-nato-sommet\/"]}]},{"@type":"ImageObject","inLanguage":"lb-LU","@id":"https:\/\/belux.edmo.eu\/lb\/faktencheck-ltzebuerger-delegatioun-mam-depeche-mode-tour-fliger-op-den-nato-sommet\/#primaryimage","url":"https:\/\/belux-edmo.s3-accelerate.amazonaws.com\/wp-content\/uploads\/2023\/07\/ccf98c9a5f5a0811a0a07113dcbace7a.jpeg","contentUrl":"https:\/\/belux-edmo.s3-accelerate.amazonaws.com\/wp-content\/uploads\/2023\/07\/ccf98c9a5f5a0811a0a07113dcbace7a.jpeg","width":1024,"height":576,"caption":"Faktencheck: L\u00ebtzebuerger Delegatioun mam \"Depeche Mode\"-Tour-Fliger op den NATO-Sommet? - Featured image"},{"@type":"BreadcrumbList","@id":"https:\/\/belux.edmo.eu\/lb\/faktencheck-ltzebuerger-delegatioun-mam-depeche-mode-tour-fliger-op-den-nato-sommet\/#breadcrumb","itemListElement":[{"@type":"ListItem","position":1,"name":"Home","item":"https:\/\/belux.edmo.eu\/lb\/"},{"@type":"ListItem","position":2,"name":"Faktencheck: L\u00ebtzebuerger Delegatioun mam &#8220;Depeche Mode&#8221;-Tour-Fliger op den NATO-Sommet?"}]},{"@type":"WebSite","@id":"https:\/\/belux.edmo.eu\/#website","url":"https:\/\/belux.edmo.eu\/","name":"EDMO Belux","description":"Monitoring Disinformation in Belgium and Luxembourg","publisher":{"@id":"https:\/\/belux.edmo.eu\/#organization"},"potentialAction":[{"@type":"SearchAction","target":{"@type":"EntryPoint","urlTemplate":"https:\/\/belux.edmo.eu\/?s={search_term_string}"},"query-input":{"@type":"PropertyValueSpecification","valueRequired":true,"valueName":"search_term_string"}}],"inLanguage":"lb-LU"},{"@type":"Organization","@id":"https:\/\/belux.edmo.eu\/#organization","name":"EDMO Belux","url":"https:\/\/belux.edmo.eu\/","logo":{"@type":"ImageObject","inLanguage":"lb-LU","@id":"https:\/\/belux.edmo.eu\/#\/schema\/logo\/image\/","url":"https:\/\/belux.edmo.eu\/wp-content\/uploads\/2021\/12\/belux-logo-full-color-rgb.svg","contentUrl":"https:\/\/belux.edmo.eu\/wp-content\/uploads\/2021\/12\/belux-logo-full-color-rgb.svg","width":1,"height":1,"caption":"EDMO Belux"},"image":{"@id":"https:\/\/belux.edmo.eu\/#\/schema\/logo\/image\/"},"sameAs":["https:\/\/x.com\/Edmo_Belux"]},{"@type":"Person","@id":"https:\/\/belux.edmo.eu\/#\/schema\/person\/dbe3b252258537fd318f9b5645a30342","name":"master","sameAs":["https:\/\/belux.wpengine.com"],"url":"https:\/\/belux.edmo.eu\/lb\/author\/master\/"}]}},"menu_order":0,"_links":{"self":[{"href":"https:\/\/belux.edmo.eu\/lb\/wp-json\/wp\/v2\/posts\/274222","targetHints":{"allow":["GET"]}}],"collection":[{"href":"https:\/\/belux.edmo.eu\/lb\/wp-json\/wp\/v2\/posts"}],"about":[{"href":"https:\/\/belux.edmo.eu\/lb\/wp-json\/wp\/v2\/types\/post"}],"author":[{"embeddable":true,"href":"https:\/\/belux.edmo.eu\/lb\/wp-json\/wp\/v2\/users\/1"}],"replies":[{"embeddable":true,"href":"https:\/\/belux.edmo.eu\/lb\/wp-json\/wp\/v2\/comments?post=274222"}],"version-history":[{"count":0,"href":"https:\/\/belux.edmo.eu\/lb\/wp-json\/wp\/v2\/posts\/274222\/revisions"}],"wp:featuredmedia":[{"embeddable":true,"href":"https:\/\/belux.edmo.eu\/lb\/wp-json\/wp\/v2\/media\/274207"}],"wp:attachment":[{"href":"https:\/\/belux.edmo.eu\/lb\/wp-json\/wp\/v2\/media?parent=274222"}],"wp:term":[{"taxonomy":"category","embeddable":true,"href":"https:\/\/belux.edmo.eu\/lb\/wp-json\/wp\/v2\/categories?post=274222"},{"taxonomy":"post_tag","embeddable":true,"href":"https:\/\/belux.edmo.eu\/lb\/wp-json\/wp\/v2\/tags?post=274222"}],"curies":[{"name":"wp","href":"https:\/\/api.w.org\/{rel}","templated":true}]}}