{"id":274914,"date":"2023-07-19T09:00:27","date_gmt":"2023-07-19T09:00:27","guid":{"rendered":"https:\/\/belux.edmo.eu\/?p=274914"},"modified":"2023-07-19T09:59:43","modified_gmt":"2023-07-19T09:59:43","slug":"faktencheck-ass-de-stierwestaux-duerch-covid-19-bei-den-amesche-mi-niddereg","status":"publish","type":"post","link":"https:\/\/belux.edmo.eu\/lb\/faktencheck-ass-de-stierwestaux-duerch-covid-19-bei-den-amesche-mi-niddereg\/","title":{"rendered":"Faktencheck: Ass de Stierwestaux duerch Covid-19 bei den Amesche m\u00e9i niddereg?"},"content":{"rendered":"<article>\n<div>\n<div>\n<p>&nbsp;<\/p>\n<\/div>\n<\/div>\n<p>B\u00e4itr\u00e4g an de sozialen Netzwierker behaapten, dass den Taux vu Covid-19-Doudegen \u00ebnner den Ameschen an den USA d\u00e4itlech m\u00e9i niddreg ass w\u00e9i bei der allgemenger Bev\u00eblkerung.<\/p>\n<p>D\u00ebs Behaaptung ass awer ierf\u00e9ierend.<\/p>\n<p>D\u00e9i disponibel Donn\u00e9e\u00eb weisen, dass och d&#8217;Reliounsgemeinschaft vum Coronavirus betraff war, wat zu exzessiven Doudesf\u00e4ll gef\u00e9iert huet.<\/p>\n<p>&#8220;Eng grouss Et\u00fcd iwwer d&#8217;Auswierkunge vun der Pandemie op d&#8217;Gemeinschaft vun den Ameschen huet erginn, dass d&#8217;Tauxe vu Covid-Doudegen \u00ebnner den traditionalistesche Bev\u00eblkerungsgruppen 90 Mol m\u00e9i niddreg si w\u00e9i am Rescht vun Amerika&#8221;, heescht et an der Aleedung zu engem <a href=\"https:\/\/archive.is\/M3Z2h\" target=\"_blank\" rel=\"noopener\">Artikel vu &#8220;Slay News&#8221;<\/a> vum 30. Juni 2023, deen an de sozialen Netzwierker am \u00cbmlaf ass.<\/p>\n<p>En <a href=\"https:\/\/archive.is\/cLYgK\" target=\"_blank\" rel=\"noopener\">Tweet vum 2. Juli,<\/a> an deem den Artikel ervirgehuewe g\u00ebtt, gouf m\u00e9i w\u00e9i 2.900 Mol gedeelt.<\/p>\n<p>Aner B\u00e4itr\u00e4g, d\u00e9i den Tech-Entrepreneur <a href=\"https:\/\/www.mcgill.ca\/oss\/article\/critical-thinking\/steve-kirsch-and-seduction-simplicity\" target=\"_blank\" rel=\"noopener\">Steve Kirsch<\/a> ernimmen, dee <a href=\"..\/..\/storage\/data\/afp\/factcheck_v2\/EN\/doc.afp.com.339W4CQ\" target=\"_blank\" rel=\"noopener\">Feelinformatiounen<\/a> iwwer d&#8217;Pandemie a <a href=\"..\/..\/storage\/data\/afp\/factcheck_v2\/EN\/doc.afp.com.32JW8RN\" target=\"_blank\" rel=\"noopener\">Covid-19-Impfstoffer<\/a> verbreet hat, verbreeden aner Behaaptungen op <a href=\"https:\/\/perma.cc\/R9UV-D3SK\" target=\"_blank\" rel=\"noopener\">Instagram<\/a>, <a href=\"https:\/\/archive.is\/UQIk8\" target=\"_blank\" rel=\"noopener\">Facebook<\/a>, <a href=\"https:\/\/perma.cc\/RW5T-9538\" target=\"_blank\" rel=\"noopener\">TikTok<\/a> an <a href=\"https:\/\/archive.is\/jfmZY\" target=\"_blank\" rel=\"noopener\">Twitter<\/a>.<\/p>\n<p>&#8220;D&#8217;Amesch hunn en 90-mol manner h\u00e9ije Stierwestaux w\u00e9i Amerika &#8211; w\u00e9i de Rescht vun Amerika&#8221;, seet de Kirsch an dem <a href=\"https:\/\/archive.is\/VjGGd\" target=\"_blank\" rel=\"noopener\">Video<\/a>, an deem hie virum Senat vu Pennsylvania <a href=\"https:\/\/senatormastriano.com\/medicalfreedompanel2023\/\" target=\"_blank\" rel=\"noopener\">ausseet<\/a> (<a href=\"https:\/\/perma.cc\/6R3V-D7TN\" target=\"_blank\" rel=\"noopener\">hei<\/a> archiv\u00e9iert).<\/p>\n<p><img src=\"https:\/\/belux-edmo.s3-accelerate.amazonaws.com\/wp-content\/uploads\/2023\/07\/8c0bccf986c557a29a465bcb0a732231.jpeg\" alt=\"RTL\" \/> \u00a9 AFP<\/p>\n<p><img src=\"https:\/\/belux-edmo.s3-accelerate.amazonaws.com\/wp-content\/uploads\/2023\/07\/11794843066dda58cd441e16bc751799.jpeg\" alt=\"RTL\" \/> \u00a9 AFP<\/p>\n<p>\u00c4nlech Behaaptungen iwwer d&#8217;Amesch &#8211; eng ofgelee\u00eb Reliounsgemeinschaft, d\u00e9i vill Pandemie-Richtlinnen fir d\u00e9i \u00ebffentlech Gesondheet ofgeleent huet -, d\u00e9i manner Doudesf\u00e4ll duerch Covid-19 erlieft soll hunn, goufen \u00eb.a. och op <a href=\"https:\/\/archive.is\/ptaM\" target=\"_blank\" rel=\"noopener\">Frans\u00e9isch<\/a>, <a href=\"https:\/\/archive.ph\/P6X9Y\" target=\"_blank\" rel=\"noopener\">Finnesch<\/a>, <a href=\"https:\/\/archive.is\/A06uo\" target=\"_blank\" rel=\"noopener\">Spuenesch<\/a>, <a href=\"https:\/\/archive.is\/1R2gS\" target=\"_blank\" rel=\"noopener\">D\u00e4itsch<\/a> a <a href=\"https:\/\/archive.is\/bZVjs\" target=\"_blank\" rel=\"noopener\">Japanesch<\/a> verbreet.<\/p>\n<p>Et g\u00ebtt awer keng definitiv \u00cbnnersichung doriwwer, w\u00e9i d&#8217;Pandemie d&#8217;Amesch beaflosst huet, d\u00e9i an enger Villzuel vu l\u00e4ndleche Siidlungen an enger Rei vun amerikanesche Bundesstaate liewen.<\/p>\n<p>Experte soten, d&#8217;Relioun vun de Patiente g\u00e9if net a medezinnesch Dokumenter dokument\u00e9iert ginn, sou dass den Zougr\u00ebff op Donn\u00e9e\u00ebn iwwer Covid-19-F\u00e4ll oder Doudesf\u00e4ll \u00ebnner den Amesch schwiereg ass. Genee Zuelen ze kr\u00e9ie g\u00ebtt weider duerch d\u00e9i kleng Zuel vu Covid-Tester an der Reliounsgemeinschaft erschw\u00e9iert, sou dass Infektiounen \u00ebnnerrepresent\u00e9iert sinn.<\/p>\n<p>An awer deiten d\u00e9i verf\u00fcgbar Donn\u00e9e\u00ebn dorop hin, dass d\u00e9i traditionalistesch Gemeinschaft Stierwestauxen erlieft huet, d\u00e9i deene vun der Gesamtbev\u00eblkerung vun den USA entspriechen oder souguer driwwer leien.<\/p>\n<p>Exzessiv Doudesf\u00e4ll<\/p>\n<p>De <a href=\"https:\/\/perma.cc\/5DCM-9ZUM\" target=\"_blank\" rel=\"noopener\">Steven Nolt<\/a>, Professer fir Geschicht an anabaptistesch Studien um Elizabethtown College, sot der AFP an enger E-Mail, dass et keng Beweiser g\u00ebtt, d\u00e9i d&#8217;Behaaptung st\u00e4ipen, dass et manner Covid-19-Doudesf\u00e4ll \u00ebnner den Amesche gouf.<\/p>\n<p>&#8220;Am G\u00e9igendeel, d\u00e9i exzessiv Doudesf\u00e4ll waren an der amescher Bev\u00eblkerung m\u00e9i h\u00e9ich w\u00e9i an den USA insgesamt&#8221;, sot hien.<\/p>\n<p>An enger <a href=\"https:\/\/www.ncbi.nlm.nih.gov\/pmc\/articles\/PMC8195242\/\" target=\"_blank\" rel=\"noopener\">Et\u00fcd aus dem Joer 2021<\/a> (<a href=\"https:\/\/perma.cc\/U5A2-2Q89\" target=\"_blank\" rel=\"noopener\">hei<\/a> archiv\u00e9iert) hu Fuerscher vun der University of Western Virginia Doudesf\u00e4ll bei Ameschen a Mennonitten (enger anerer reli\u00e9iser Grupp vun Deefer) an Ohio am Joer 2020 \u00ebnnersicht, \u00e9ier den Impfstoff disponibel war. Si hunn \u00e4nlech Stierwestauxen an d\u00ebse Communaut\u00e9ite w\u00e9i an den USA fonnt, mat engem Sp\u00ebtzew\u00e4ert vun 125 Prozent \u00ebnner den ofgelee\u00ebne Reliounsgemeinschaften am November 2020.<\/p>\n<p><a href=\"https:\/\/www.ncbi.nlm.nih.gov\/pmc\/articles\/PMC10233516\/\" target=\"_blank\" rel=\"noopener\">An enger weiderer Et\u00fcd<\/a>, d\u00e9i am Juni 2023 ver\u00ebffentlecht gouf (<a href=\"https:\/\/perma.cc\/46A2-4EH9\" target=\"_blank\" rel=\"noopener\">hei<\/a> archiv\u00e9iert), huet d\u00e9i selwecht Grupp vu Fuerscher festgestallt, dass d\u00e9i exzessiv Stierwestauxen an der Gemeinschaft vun den Ameschen an de Mennonitten nach m\u00e9i h\u00e9ich waren, w\u00e4rend se an der allgemenger Bev\u00eblkerung zer\u00e9ckgoungen; zwee Dr\u00ebttel dovu si g\u00e9int Covid-19 geimpft.<\/p>\n<p>De <a href=\"https:\/\/perma.cc\/BXJ6-84WK\" target=\"_blank\" rel=\"noopener\">Braxton Mitchell<\/a>, en Epidemiolog op der University of Maryland, deen d&#8217;Communaut\u00e9it vun den Ameschen, besonnesch am Lancaster County a Pennsylvania, \u00ebnnersicht, sot och, hien h\u00e4tt an den Amesch-Communaut\u00e9iten och eng Hausse vun der Iwwerstierflechkeet observ\u00e9iert, mat engem dr\u00e4i- bis v\u00e9iermol m\u00e9i h\u00e9ijem Stierwestaux am Summer 2020 w\u00e9i am am Joer virdrun.<\/p>\n<p>&#8220;Op der Grondlag vun d\u00ebsen an aneren anekdoteschen Informatioune gesinn ech keng Grondlag fir d&#8217;Behaaptung, dass bei den Amesche manner Doudesf\u00e4ll optriede w\u00e9i bei Net-Ameschen&#8221;, sot de Mitchell.<\/p>\n<p>H\u00e4erdenimmunit\u00e9it<\/p>\n<p>Vill vun de B\u00e4itr\u00e4g bez\u00e9ie sech op d&#8217;Zuel vun 90 Prozent manner Doudesf\u00e4ll \u00ebnner den Ameschen, woub\u00e4i &#8220;Slay News&#8221; eng &#8220;Et\u00fcd&#8221; vun der Vaccine Safety Research Foundation (VSRF) ernimmt, d\u00e9i de Kirsch finanz\u00e9iert an <a href=\"https:\/\/www.technologyreview.com\/2021\/10\/05\/1036408\/silicon-valley-millionaire-steve-kirsch-covid-vaccine-misinformation\/\" target=\"_blank\" rel=\"noopener\">dacks<\/a> als <a href=\"https:\/\/www.nbcnews.com\/tech\/tech-news\/vaccine-misinformation-poised-spike-covid-shots-kids-roll-rcna4360\" target=\"_blank\" rel=\"noopener\">Verbreeder<\/a> vu falschen Informatiounen iwwer Covid-19 identifiz\u00e9iert gouf. D&#8217;AFP huet keng esou Fuerschung op hirem <a href=\"https:\/\/perma.cc\/43LH-JF4J\" target=\"_blank\" rel=\"noopener\">Internetsite<\/a> fonnt.<\/p>\n<p>Den Artikel huet och e Reportage beschwat, d\u00e9i den 29. M\u00e4erz 2021 op der lokaler Norichtes\u00e4it &#8220;Penn Live&#8221; ver\u00ebffentlecht gouf, no d\u00e4r 90 Prozent vun de gr\u00e9isster Amisch-Communaut\u00e9it vun Amerika am Lancaster County a Pennsylvania mat Covid-19 infiz\u00e9iert w\u00e4ren an et eng &#8220;H\u00e4erdenimmunit\u00e9it&#8221; g\u00e9if. D\u00e9i medezinnesch Experten, d\u00e9i an dem Reportage zit\u00e9iert goufen, hu festgestallt, dass et vu kuerzer Dauer w\u00e4r a lokal Beamten hunn eng staark Hausse vun den Doudesf\u00e4ll \u00ebnner den Amesche betount.<br \/>\n<img src=\"https:\/\/belux-edmo.s3-accelerate.amazonaws.com\/wp-content\/uploads\/2023\/07\/6112ab8aace1593f6a1d8780a998a4ee.jpeg\" alt=\"RTL\" \/> \u00a9 AFP<\/p>\n<p>Den Nolt sot der AFP, et w\u00e4r schwiereg ze quantifiz\u00e9ieren, w\u00e9i enk Amesch-Communaut\u00e9ite w\u00e4rend der Pandemie d&#8217;Richtlinnen fir d\u00e9i \u00ebffentlech Gesondheet befollegt hunn.<\/p>\n<p>W\u00e4rend verschidde Communaut\u00e9ite ganz streng sinn, wann et dr\u00ebm geet, traditionell Liewensstiler ze befollegen, d\u00e9i heefeg d&#8217;Empfielunge vun den \u00ebffentlechen Autorit\u00e9iten ignor\u00e9ieren, sinn anerer m\u00e9i staark &#8220;integr\u00e9iert&#8221; an d\u00e9i grouss amerikanesch Gesellschaft, w\u00e9i hie sot. Hie sot weider, dass verschidden Ameschen, d\u00e9i op Bauerem\u00e4ert ze gesi sinn, d\u00e9i kommunal Maskeflicht akzept\u00e9iert h\u00e4tten, amplaz hiert Akommes anzeb\u00e9issen.<\/p>\n<p>&#8220;Vill amesch Communaut\u00e9iten hunn d&#8217;Uerdere fir doheem ze bleiwen an d&#8217;Zoumaache vu Schoulen a Kierchen fir e puer M\u00e9int eescht geholl, hunn awer dunn opgehalen, w\u00e9i och hir net-amesch l\u00e4ndlech Noperen och opgehalen hunn&#8221;, sot den Nolt. &#8220;Am Groussen a Ganzen, denken ech, k\u00ebnne mir soen, dass ab M\u00ebtt Juni 2020 d\u00e9i meescht Amesch-V\u00eblker d\u00e9i meescht Richtlinnen n\u00ebmme w\u00e9ineg beuecht hunn, et sief dann, se goufen dozou gezwongen.&#8221;<\/p>\n<p>D&#8217;AFP huet schonn an der Vergaangenheet eng Feelinformatioun iwwer Covid-19-Infektiounstauxen \u00ebnner den Ameschen am Februar 2021 <a href=\"..\/..\/storage\/data\/afp\/factcheck_v2\/EN\/covid-19-did-not-spare-us-amish-communities\" target=\"_blank\" rel=\"noopener\">\u00ebnnersicht<\/a>.<\/p>\n<p><em>D\u00ebsen AFP-Artikel gouf vun RTL op L\u00ebtzebuergesch iwwersat.<\/em><\/p>\n<\/article>\n","protected":false},"excerpt":{"rendered":"<p>B\u00e4itr\u00e4g an de sozialen Netzwierker behaapten, dass den Taux vu Covid-19-Doudegen \u00ebnner den Ameschen an den USA d\u00e4itlech m\u00e9i niddreg ass w\u00e9i bei der allgemenger Bev\u00eblkerung.<\/p>\n","protected":false},"author":1,"featured_media":274894,"comment_status":"closed","ping_status":"open","sticky":false,"template":"","format":"standard","meta":{"_acf_changed":false,"footnotes":""},"categories":[184,190],"tags":[],"class_list":{"0":"post-274914","1":"post","2":"type-post","3":"status-publish","4":"format-standard","5":"has-post-thumbnail","7":"category-covid-19-lb","8":"category-gesondheet"},"acf":{"show_metatags":true,"id":"2084951","authors":"RTL L\u00ebtzebuerg","organization":"RTL","featured_image_copyright":"","text_copyright":"Copyright RTL \/ CLT-UFA S.A.","source":"https:\/\/www.rtl.lu\/news\/faktencheck\/a\/2084951.html","fact_checker":"https:\/\/belux.wpengine.com\/wp-content\/uploads\/2021\/12\/rtl_logo.png","type":"Closed Event","location":"","start_date":"","start_date_event_begins_at":"","start_date_event_ends_at":"","end_date":"","end_date_event_begins_at":"","end_date_event_ends_at":"","organizer":"","fact_checker_logo_image":false},"yoast_head":"<!-- This site is optimized with the Yoast SEO plugin v27.0 - https:\/\/yoast.com\/product\/yoast-seo-wordpress\/ -->\n<title>Faktencheck: Ass de Stierwestaux duerch Covid-19 bei den Amesche m\u00e9i niddereg? - EDMO Belux<\/title>\n<meta name=\"robots\" content=\"index, follow, max-snippet:-1, max-image-preview:large, max-video-preview:-1\" \/>\n<link rel=\"canonical\" href=\"https:\/\/belux.edmo.eu\/lb\/faktencheck-ass-de-stierwestaux-duerch-covid-19-bei-den-amesche-mi-niddereg\/\" \/>\n<meta property=\"og:locale\" content=\"en_US\" \/>\n<meta property=\"og:type\" content=\"article\" \/>\n<meta property=\"og:title\" content=\"Faktencheck: Ass de Stierwestaux duerch Covid-19 bei den Amesche m\u00e9i niddereg? - EDMO Belux\" \/>\n<meta property=\"og:description\" content=\"B\u00e4itr\u00e4g an de sozialen Netzwierker behaapten, dass den Taux vu Covid-19-Doudegen \u00ebnner den Ameschen an den USA d\u00e4itlech m\u00e9i niddreg ass w\u00e9i bei der allgemenger Bev\u00eblkerung.\" \/>\n<meta property=\"og:url\" content=\"https:\/\/belux.edmo.eu\/lb\/faktencheck-ass-de-stierwestaux-duerch-covid-19-bei-den-amesche-mi-niddereg\/\" \/>\n<meta property=\"og:site_name\" content=\"EDMO Belux\" \/>\n<meta property=\"article:published_time\" content=\"2023-07-19T09:00:27+00:00\" \/>\n<meta property=\"article:modified_time\" content=\"2023-07-19T09:59:43+00:00\" \/>\n<meta property=\"og:image\" content=\"https:\/\/belux-edmo.s3-accelerate.amazonaws.com\/wp-content\/uploads\/2023\/07\/bdb5782470181b3955f845b1dc529827.jpeg\" \/>\n\t<meta property=\"og:image:width\" content=\"1023\" \/>\n\t<meta property=\"og:image:height\" content=\"576\" \/>\n\t<meta property=\"og:image:type\" content=\"image\/jpeg\" \/>\n<meta name=\"author\" content=\"master\" \/>\n<meta name=\"twitter:card\" content=\"summary_large_image\" \/>\n<meta name=\"twitter:creator\" content=\"@Edmo_Belux\" \/>\n<meta name=\"twitter:site\" content=\"@Edmo_Belux\" \/>\n<meta name=\"twitter:label1\" content=\"Written by\" \/>\n\t<meta name=\"twitter:data1\" content=\"master\" \/>\n\t<meta name=\"twitter:label2\" content=\"Est. reading time\" \/>\n\t<meta name=\"twitter:data2\" content=\"5 minutes\" \/>\n<script type=\"application\/ld+json\" class=\"yoast-schema-graph\">{\"@context\":\"https:\/\/schema.org\",\"@graph\":[{\"@type\":\"Article\",\"@id\":\"https:\/\/belux.edmo.eu\/lb\/faktencheck-ass-de-stierwestaux-duerch-covid-19-bei-den-amesche-mi-niddereg\/#article\",\"isPartOf\":{\"@id\":\"https:\/\/belux.edmo.eu\/lb\/faktencheck-ass-de-stierwestaux-duerch-covid-19-bei-den-amesche-mi-niddereg\/\"},\"author\":{\"name\":\"master\",\"@id\":\"https:\/\/belux.edmo.eu\/#\/schema\/person\/dbe3b252258537fd318f9b5645a30342\"},\"headline\":\"Faktencheck: Ass de Stierwestaux duerch Covid-19 bei den Amesche m\u00e9i niddereg?\",\"datePublished\":\"2023-07-19T09:00:27+00:00\",\"dateModified\":\"2023-07-19T09:59:43+00:00\",\"mainEntityOfPage\":{\"@id\":\"https:\/\/belux.edmo.eu\/lb\/faktencheck-ass-de-stierwestaux-duerch-covid-19-bei-den-amesche-mi-niddereg\/\"},\"wordCount\":1056,\"publisher\":{\"@id\":\"https:\/\/belux.edmo.eu\/#organization\"},\"image\":{\"@id\":\"https:\/\/belux.edmo.eu\/lb\/faktencheck-ass-de-stierwestaux-duerch-covid-19-bei-den-amesche-mi-niddereg\/#primaryimage\"},\"thumbnailUrl\":\"https:\/\/belux-edmo.s3-accelerate.amazonaws.com\/wp-content\/uploads\/2023\/07\/bdb5782470181b3955f845b1dc529827.jpeg\",\"articleSection\":[\"COVID-19\",\"Gesondheet\"],\"inLanguage\":\"lb-LU\"},{\"@type\":\"WebPage\",\"@id\":\"https:\/\/belux.edmo.eu\/lb\/faktencheck-ass-de-stierwestaux-duerch-covid-19-bei-den-amesche-mi-niddereg\/\",\"url\":\"https:\/\/belux.edmo.eu\/lb\/faktencheck-ass-de-stierwestaux-duerch-covid-19-bei-den-amesche-mi-niddereg\/\",\"name\":\"Faktencheck: Ass de Stierwestaux duerch Covid-19 bei den Amesche m\u00e9i niddereg? - EDMO Belux\",\"isPartOf\":{\"@id\":\"https:\/\/belux.edmo.eu\/#website\"},\"primaryImageOfPage\":{\"@id\":\"https:\/\/belux.edmo.eu\/lb\/faktencheck-ass-de-stierwestaux-duerch-covid-19-bei-den-amesche-mi-niddereg\/#primaryimage\"},\"image\":{\"@id\":\"https:\/\/belux.edmo.eu\/lb\/faktencheck-ass-de-stierwestaux-duerch-covid-19-bei-den-amesche-mi-niddereg\/#primaryimage\"},\"thumbnailUrl\":\"https:\/\/belux-edmo.s3-accelerate.amazonaws.com\/wp-content\/uploads\/2023\/07\/bdb5782470181b3955f845b1dc529827.jpeg\",\"datePublished\":\"2023-07-19T09:00:27+00:00\",\"dateModified\":\"2023-07-19T09:59:43+00:00\",\"breadcrumb\":{\"@id\":\"https:\/\/belux.edmo.eu\/lb\/faktencheck-ass-de-stierwestaux-duerch-covid-19-bei-den-amesche-mi-niddereg\/#breadcrumb\"},\"inLanguage\":\"lb-LU\",\"potentialAction\":[{\"@type\":\"ReadAction\",\"target\":[\"https:\/\/belux.edmo.eu\/lb\/faktencheck-ass-de-stierwestaux-duerch-covid-19-bei-den-amesche-mi-niddereg\/\"]}]},{\"@type\":\"ImageObject\",\"inLanguage\":\"lb-LU\",\"@id\":\"https:\/\/belux.edmo.eu\/lb\/faktencheck-ass-de-stierwestaux-duerch-covid-19-bei-den-amesche-mi-niddereg\/#primaryimage\",\"url\":\"https:\/\/belux-edmo.s3-accelerate.amazonaws.com\/wp-content\/uploads\/2023\/07\/bdb5782470181b3955f845b1dc529827.jpeg\",\"contentUrl\":\"https:\/\/belux-edmo.s3-accelerate.amazonaws.com\/wp-content\/uploads\/2023\/07\/bdb5782470181b3955f845b1dc529827.jpeg\",\"width\":1023,\"height\":576,\"caption\":\"Faktencheck: Ass de Stierwestaux duerch Covid-19 bei den Amesche m\u00e9i niddereg? - Featured image\"},{\"@type\":\"BreadcrumbList\",\"@id\":\"https:\/\/belux.edmo.eu\/lb\/faktencheck-ass-de-stierwestaux-duerch-covid-19-bei-den-amesche-mi-niddereg\/#breadcrumb\",\"itemListElement\":[{\"@type\":\"ListItem\",\"position\":1,\"name\":\"Home\",\"item\":\"https:\/\/belux.edmo.eu\/lb\/\"},{\"@type\":\"ListItem\",\"position\":2,\"name\":\"Faktencheck: Ass de Stierwestaux duerch Covid-19 bei den Amesche m\u00e9i niddereg?\"}]},{\"@type\":\"WebSite\",\"@id\":\"https:\/\/belux.edmo.eu\/#website\",\"url\":\"https:\/\/belux.edmo.eu\/\",\"name\":\"EDMO Belux\",\"description\":\"Monitoring Disinformation in Belgium and Luxembourg\",\"publisher\":{\"@id\":\"https:\/\/belux.edmo.eu\/#organization\"},\"potentialAction\":[{\"@type\":\"SearchAction\",\"target\":{\"@type\":\"EntryPoint\",\"urlTemplate\":\"https:\/\/belux.edmo.eu\/?s={search_term_string}\"},\"query-input\":{\"@type\":\"PropertyValueSpecification\",\"valueRequired\":true,\"valueName\":\"search_term_string\"}}],\"inLanguage\":\"lb-LU\"},{\"@type\":\"Organization\",\"@id\":\"https:\/\/belux.edmo.eu\/#organization\",\"name\":\"EDMO Belux\",\"url\":\"https:\/\/belux.edmo.eu\/\",\"logo\":{\"@type\":\"ImageObject\",\"inLanguage\":\"lb-LU\",\"@id\":\"https:\/\/belux.edmo.eu\/#\/schema\/logo\/image\/\",\"url\":\"https:\/\/belux.edmo.eu\/wp-content\/uploads\/2021\/12\/belux-logo-full-color-rgb.svg\",\"contentUrl\":\"https:\/\/belux.edmo.eu\/wp-content\/uploads\/2021\/12\/belux-logo-full-color-rgb.svg\",\"width\":1,\"height\":1,\"caption\":\"EDMO Belux\"},\"image\":{\"@id\":\"https:\/\/belux.edmo.eu\/#\/schema\/logo\/image\/\"},\"sameAs\":[\"https:\/\/x.com\/Edmo_Belux\"]},{\"@type\":\"Person\",\"@id\":\"https:\/\/belux.edmo.eu\/#\/schema\/person\/dbe3b252258537fd318f9b5645a30342\",\"name\":\"master\",\"sameAs\":[\"https:\/\/belux.wpengine.com\"],\"url\":\"https:\/\/belux.edmo.eu\/lb\/author\/master\/\"}]}<\/script>\n<!-- \/ Yoast SEO plugin. -->","yoast_head_json":{"title":"Faktencheck: Ass de Stierwestaux duerch Covid-19 bei den Amesche m\u00e9i niddereg? - EDMO Belux","robots":{"index":"index","follow":"follow","max-snippet":"max-snippet:-1","max-image-preview":"max-image-preview:large","max-video-preview":"max-video-preview:-1"},"canonical":"https:\/\/belux.edmo.eu\/lb\/faktencheck-ass-de-stierwestaux-duerch-covid-19-bei-den-amesche-mi-niddereg\/","og_locale":"en_US","og_type":"article","og_title":"Faktencheck: Ass de Stierwestaux duerch Covid-19 bei den Amesche m\u00e9i niddereg? - EDMO Belux","og_description":"B\u00e4itr\u00e4g an de sozialen Netzwierker behaapten, dass den Taux vu Covid-19-Doudegen \u00ebnner den Ameschen an den USA d\u00e4itlech m\u00e9i niddreg ass w\u00e9i bei der allgemenger Bev\u00eblkerung.","og_url":"https:\/\/belux.edmo.eu\/lb\/faktencheck-ass-de-stierwestaux-duerch-covid-19-bei-den-amesche-mi-niddereg\/","og_site_name":"EDMO Belux","article_published_time":"2023-07-19T09:00:27+00:00","article_modified_time":"2023-07-19T09:59:43+00:00","og_image":[{"width":1023,"height":576,"url":"https:\/\/belux-edmo.s3-accelerate.amazonaws.com\/wp-content\/uploads\/2023\/07\/bdb5782470181b3955f845b1dc529827.jpeg","type":"image\/jpeg"}],"author":"master","twitter_card":"summary_large_image","twitter_creator":"@Edmo_Belux","twitter_site":"@Edmo_Belux","twitter_misc":{"Written by":"master","Est. reading time":"5 minutes"},"schema":{"@context":"https:\/\/schema.org","@graph":[{"@type":"Article","@id":"https:\/\/belux.edmo.eu\/lb\/faktencheck-ass-de-stierwestaux-duerch-covid-19-bei-den-amesche-mi-niddereg\/#article","isPartOf":{"@id":"https:\/\/belux.edmo.eu\/lb\/faktencheck-ass-de-stierwestaux-duerch-covid-19-bei-den-amesche-mi-niddereg\/"},"author":{"name":"master","@id":"https:\/\/belux.edmo.eu\/#\/schema\/person\/dbe3b252258537fd318f9b5645a30342"},"headline":"Faktencheck: Ass de Stierwestaux duerch Covid-19 bei den Amesche m\u00e9i niddereg?","datePublished":"2023-07-19T09:00:27+00:00","dateModified":"2023-07-19T09:59:43+00:00","mainEntityOfPage":{"@id":"https:\/\/belux.edmo.eu\/lb\/faktencheck-ass-de-stierwestaux-duerch-covid-19-bei-den-amesche-mi-niddereg\/"},"wordCount":1056,"publisher":{"@id":"https:\/\/belux.edmo.eu\/#organization"},"image":{"@id":"https:\/\/belux.edmo.eu\/lb\/faktencheck-ass-de-stierwestaux-duerch-covid-19-bei-den-amesche-mi-niddereg\/#primaryimage"},"thumbnailUrl":"https:\/\/belux-edmo.s3-accelerate.amazonaws.com\/wp-content\/uploads\/2023\/07\/bdb5782470181b3955f845b1dc529827.jpeg","articleSection":["COVID-19","Gesondheet"],"inLanguage":"lb-LU"},{"@type":"WebPage","@id":"https:\/\/belux.edmo.eu\/lb\/faktencheck-ass-de-stierwestaux-duerch-covid-19-bei-den-amesche-mi-niddereg\/","url":"https:\/\/belux.edmo.eu\/lb\/faktencheck-ass-de-stierwestaux-duerch-covid-19-bei-den-amesche-mi-niddereg\/","name":"Faktencheck: Ass de Stierwestaux duerch Covid-19 bei den Amesche m\u00e9i niddereg? - EDMO Belux","isPartOf":{"@id":"https:\/\/belux.edmo.eu\/#website"},"primaryImageOfPage":{"@id":"https:\/\/belux.edmo.eu\/lb\/faktencheck-ass-de-stierwestaux-duerch-covid-19-bei-den-amesche-mi-niddereg\/#primaryimage"},"image":{"@id":"https:\/\/belux.edmo.eu\/lb\/faktencheck-ass-de-stierwestaux-duerch-covid-19-bei-den-amesche-mi-niddereg\/#primaryimage"},"thumbnailUrl":"https:\/\/belux-edmo.s3-accelerate.amazonaws.com\/wp-content\/uploads\/2023\/07\/bdb5782470181b3955f845b1dc529827.jpeg","datePublished":"2023-07-19T09:00:27+00:00","dateModified":"2023-07-19T09:59:43+00:00","breadcrumb":{"@id":"https:\/\/belux.edmo.eu\/lb\/faktencheck-ass-de-stierwestaux-duerch-covid-19-bei-den-amesche-mi-niddereg\/#breadcrumb"},"inLanguage":"lb-LU","potentialAction":[{"@type":"ReadAction","target":["https:\/\/belux.edmo.eu\/lb\/faktencheck-ass-de-stierwestaux-duerch-covid-19-bei-den-amesche-mi-niddereg\/"]}]},{"@type":"ImageObject","inLanguage":"lb-LU","@id":"https:\/\/belux.edmo.eu\/lb\/faktencheck-ass-de-stierwestaux-duerch-covid-19-bei-den-amesche-mi-niddereg\/#primaryimage","url":"https:\/\/belux-edmo.s3-accelerate.amazonaws.com\/wp-content\/uploads\/2023\/07\/bdb5782470181b3955f845b1dc529827.jpeg","contentUrl":"https:\/\/belux-edmo.s3-accelerate.amazonaws.com\/wp-content\/uploads\/2023\/07\/bdb5782470181b3955f845b1dc529827.jpeg","width":1023,"height":576,"caption":"Faktencheck: Ass de Stierwestaux duerch Covid-19 bei den Amesche m\u00e9i niddereg? - Featured image"},{"@type":"BreadcrumbList","@id":"https:\/\/belux.edmo.eu\/lb\/faktencheck-ass-de-stierwestaux-duerch-covid-19-bei-den-amesche-mi-niddereg\/#breadcrumb","itemListElement":[{"@type":"ListItem","position":1,"name":"Home","item":"https:\/\/belux.edmo.eu\/lb\/"},{"@type":"ListItem","position":2,"name":"Faktencheck: Ass de Stierwestaux duerch Covid-19 bei den Amesche m\u00e9i niddereg?"}]},{"@type":"WebSite","@id":"https:\/\/belux.edmo.eu\/#website","url":"https:\/\/belux.edmo.eu\/","name":"EDMO Belux","description":"Monitoring Disinformation in Belgium and Luxembourg","publisher":{"@id":"https:\/\/belux.edmo.eu\/#organization"},"potentialAction":[{"@type":"SearchAction","target":{"@type":"EntryPoint","urlTemplate":"https:\/\/belux.edmo.eu\/?s={search_term_string}"},"query-input":{"@type":"PropertyValueSpecification","valueRequired":true,"valueName":"search_term_string"}}],"inLanguage":"lb-LU"},{"@type":"Organization","@id":"https:\/\/belux.edmo.eu\/#organization","name":"EDMO Belux","url":"https:\/\/belux.edmo.eu\/","logo":{"@type":"ImageObject","inLanguage":"lb-LU","@id":"https:\/\/belux.edmo.eu\/#\/schema\/logo\/image\/","url":"https:\/\/belux.edmo.eu\/wp-content\/uploads\/2021\/12\/belux-logo-full-color-rgb.svg","contentUrl":"https:\/\/belux.edmo.eu\/wp-content\/uploads\/2021\/12\/belux-logo-full-color-rgb.svg","width":1,"height":1,"caption":"EDMO Belux"},"image":{"@id":"https:\/\/belux.edmo.eu\/#\/schema\/logo\/image\/"},"sameAs":["https:\/\/x.com\/Edmo_Belux"]},{"@type":"Person","@id":"https:\/\/belux.edmo.eu\/#\/schema\/person\/dbe3b252258537fd318f9b5645a30342","name":"master","sameAs":["https:\/\/belux.wpengine.com"],"url":"https:\/\/belux.edmo.eu\/lb\/author\/master\/"}]}},"menu_order":0,"_links":{"self":[{"href":"https:\/\/belux.edmo.eu\/lb\/wp-json\/wp\/v2\/posts\/274914","targetHints":{"allow":["GET"]}}],"collection":[{"href":"https:\/\/belux.edmo.eu\/lb\/wp-json\/wp\/v2\/posts"}],"about":[{"href":"https:\/\/belux.edmo.eu\/lb\/wp-json\/wp\/v2\/types\/post"}],"author":[{"embeddable":true,"href":"https:\/\/belux.edmo.eu\/lb\/wp-json\/wp\/v2\/users\/1"}],"replies":[{"embeddable":true,"href":"https:\/\/belux.edmo.eu\/lb\/wp-json\/wp\/v2\/comments?post=274914"}],"version-history":[{"count":0,"href":"https:\/\/belux.edmo.eu\/lb\/wp-json\/wp\/v2\/posts\/274914\/revisions"}],"wp:featuredmedia":[{"embeddable":true,"href":"https:\/\/belux.edmo.eu\/lb\/wp-json\/wp\/v2\/media\/274894"}],"wp:attachment":[{"href":"https:\/\/belux.edmo.eu\/lb\/wp-json\/wp\/v2\/media?parent=274914"}],"wp:term":[{"taxonomy":"category","embeddable":true,"href":"https:\/\/belux.edmo.eu\/lb\/wp-json\/wp\/v2\/categories?post=274914"},{"taxonomy":"post_tag","embeddable":true,"href":"https:\/\/belux.edmo.eu\/lb\/wp-json\/wp\/v2\/tags?post=274914"}],"curies":[{"name":"wp","href":"https:\/\/api.w.org\/{rel}","templated":true}]}}