{"id":278387,"date":"2023-08-14T13:00:04","date_gmt":"2023-08-14T13:00:04","guid":{"rendered":"https:\/\/belux.edmo.eu\/?p=278387"},"modified":"2023-09-12T10:06:45","modified_gmt":"2023-09-12T10:06:45","slug":"faktencheck-video-vu-selenskyj-banner-zu-new-york-manipuliert","status":"publish","type":"post","link":"https:\/\/belux.edmo.eu\/lb\/faktencheck-video-vu-selenskyj-banner-zu-new-york-manipuliert\/","title":{"rendered":"Faktencheck: Video vu Selenskyj-Banner zu New York manipul\u00e9iert"},"content":{"rendered":"<article>\n<div>\n<p>Z\u00ebnter Enn Juni 2023 verbreet sech a sozialen Netzwierker e manipul\u00e9ierte Video an enger Rei Sproochen.<\/p>\n<\/div>\n<div>\n<p>Bei dem Video handelt et sech awer \u00ebm eng Manipulatioun vun Opnamen, d\u00e9i schonn 2021 ver\u00ebffentlecht goufen. D\u00e9i gef\u00e4lscht Reklamm gouf iwwer en anert Plakat geluecht. Ausserdeem waren zum Z\u00e4itpunkt, w\u00e9i de manipul\u00e9ierte Video am Internet opgedaucht war, keng Reklammen oder Ger\u00fcster un dem entspriechende Gebai ubruecht.<\/p>\n<p>&#8220;Friddensaktivisten erw\u00e4chen NYC. Zu New York op der Fifth Avenue ass en Transparent opgedaucht mat der Opschr\u00ebft &#8216;Kee Selenskyj, kee Krich'&#8221;, schreift en Notzer de 16. Juli 2023 op <a href=\"https:\/\/archive.is\/0R3kL\">Facebook<\/a>. De B\u00e4itrag enth\u00e4lt e Video vun aacht Sekonnen, an deem e Gebai, ronder\u00ebm dat eng Stee opgeriicht ass, zu New York mat Reklammen ze gesinn ass. Op engem vun de Reklamme steet anscheinend &#8220;No Zelensky, no war&#8221;. Op <a href=\"https:\/\/archive.is\/hoPGr\" target=\"_blank\" rel=\"noopener\">Telegram<\/a> gouf de Clip iwwer 21.000 Mol gekuckt. Op der Plattform <a href=\"https:\/\/perma.cc\/2WZ2-PU4X\" target=\"_blank\" rel=\"noopener\">Twitter<\/a>, d\u00e9i an der T\u00ebscht an &#8220;X&#8221; \u00ebmgedeeft gouf, ass de B\u00e4itrag och an \u00cbmlaf.<\/p>\n<p>Ongef\u00e9ier zur selwechter Z\u00e4it gouf de Video och an enger Rei anere Sproochen an \u00cbmlaf bruecht, z.B. op <a href=\"https:\/\/archive.ph\/X4XLU\">Slowakesch<\/a>, <a href=\"https:\/\/archive.ph\/ZBQjR\" target=\"_blank\" rel=\"noopener\">Tschechesch<\/a>, <a href=\"https:\/\/perma.cc\/GQ7G-LQEY?type=image\" target=\"_blank\" rel=\"noopener\">Polnesch<\/a>, <a href=\"https:\/\/perma.cc\/R2ZQ-HRRV\" target=\"_blank\" rel=\"noopener\">Frans\u00e9isch<\/a>,\u00a0<a href=\"https:\/\/perma.cc\/4F5T-QDCF\" target=\"_blank\" rel=\"noopener\">Englesch<\/a>,\u00a0<a href=\"https:\/\/archive.ph\/Ehic3\" target=\"_blank\" rel=\"noopener\">Italieenesch<\/a>, <a href=\"https:\/\/archive.ph\/CVT70\" target=\"_blank\" rel=\"noopener\">Holll\u00e4nnesch<\/a> oder <a href=\"https:\/\/archive.ph\/kQCag\" target=\"_blank\" rel=\"noopener\">Spuenesch<\/a>.<\/p>\n<p><img src=\"https:\/\/belux-edmo.s3-accelerate.amazonaws.com\/wp-content\/uploads\/2023\/08\/ff1f85f35e6aaf11e54d2371c40331d5.jpeg\" alt=\"RTL\" \/><\/p>\n<p>De Video passt zu der Duerstellung, d\u00e9i heefeg vu Quellen, d\u00e9i dem Kreml nostinn, verbreet g\u00ebtt, no d\u00e4r den ukrainesche President Wolodymyr Selenskyj zur Zilscheif vun \u00ebffentlechem Onmutt a Spott am Weste gi w\u00e4r.<\/p>\n<p>Z\u00ebnter dem Ufank vum russeschen Ugr\u00ebff op d&#8217;Ukrain am Februar 2022 steet de Selenskyj \u00ebmmer nees am Fokus vun Desinformatioun. D&#8217;AFP huet an der Vergaangenheet schonn eng R\u00ebtsch vun d\u00ebse Behaaptungen iwwerpr\u00e9ift, z.B. <a href=\"..\/..\/storage\/data\/afp\/factcheck_v2\/DE\/doc.afp.com.339F9VY\">hei<\/a>, <a href=\"..\/..\/storage\/data\/afp\/factcheck_v2\/DE\/doc.afp.com.339E2PM\">hei<\/a> oder <a href=\"..\/..\/storage\/data\/afp\/factcheck_v2\/DE\/doc.afp.com.33P44E7\">hei<\/a>.<\/p>\n<p>De gedeelte Video gouf awer manipul\u00e9iert. D&#8217;AFP huet d&#8217;Originalmaterial vum Juli 2021 op YouTube fonnt. D\u00ebst weist eng Reklamm fir &#8220;Tiffany &amp; Co&#8221; &#8211; eng ber\u00fc\u00fcmt Bijouterie, d\u00e9i sech z\u00ebnter Joerz\u00e9ngten am Gebai, dat am Video ze gesinn ass, bef\u00ebnnt. D&#8217;AFP huet och festgestallt, dass et am Juni 2023 keng Bauger\u00fcster oder Reklamme gouf, well d&#8217;Renov\u00e9ierung vum Gebai am Abr\u00ebll 2023 ofgeschloss an d\u00ebst dann och nees fir d&#8217;\u00cbffentlechkeet zoug\u00e4nglech gemaach gouf.<\/p>\n<p>De B\u00e4itrag gouf och vun anere Faktencheck-Organisatioune w\u00e9i <a href=\"https:\/\/perma.cc\/T38P-WYGR\" target=\"_blank\" rel=\"noopener\">France24<\/a>, <a href=\"https:\/\/perma.cc\/PSR9-YK3L\" target=\"_blank\" rel=\"noopener\">MythDetector<\/a>, <a href=\"https:\/\/perma.cc\/5VCM-R6J2\" target=\"_blank\" rel=\"noopener\">Delfi<\/a> oder dem Team vun der <a href=\"https:\/\/perma.cc\/P2WW-SRCL\">dpa<\/a> iwwerpr\u00e9ift.<\/p>\n<p>Originalvideo staamt vu Stadspads\u00e9iergang am Joer 2021<\/p>\n<p>W\u00e9i schonn ernimmt, handelt et sech bei dem Gebai mat de Reklammen an dem turquoise Bauger\u00fcst, dat am Video ze gesinn ass, \u00ebm de <a href=\"https:\/\/archive.ph\/lLEv7\">Flagshipstore<\/a> vum Bijoutier Tiffany. Den Numm vum Buttek ass op dem \u00ebnneschten Deel vun der Stee ze gesinn. D&#8217;Gebai bef\u00ebnnt sech um Eck vun der 5th Avenue a 57th Street zu New York City a g\u00ebtt och <a href=\"https:\/\/goo.gl\/maps\/7aNEkz1Yio4VffDE9\" target=\"_blank\" rel=\"noopener\"> &#8220;The Landmark&#8221;<\/a> (Link <a href=\"https:\/\/perma.cc\/F742-VKTG\">hei<\/a> archiv\u00e9iert) genannt. Duerch de Film &#8220;<a href=\"https:\/\/perma.cc\/L6B9-E7EB\" target=\"_blank\" rel=\"noopener\">Breakfast at Tiffany&#8217;s<\/a>&#8221; aus dem Joer 1961 gouf d\u00ebsen Eck ganz bekannt.<\/p>\n<p>Op der Sich no Biller vum Gebai huet d&#8217;AFP Artikele fonnt, d\u00e9i am Summer 2021 op engleschen Internetsitte mat Schw\u00e9ierpunkte w\u00e9i Architektur a Stadentw\u00e9cklung zu New York City ver\u00ebffentlecht goufen (<a href=\"https:\/\/perma.cc\/GDM4-742G\" target=\"_blank\" rel=\"noopener\">hei<\/a> oder <a href=\"https:\/\/perma.cc\/C4C8-TB36\" target=\"_blank\" rel=\"noopener\">hei<\/a>). D&#8217;Elementer, d\u00e9i op de Fotoen an d\u00ebsen Artikelen ze gesi sinn, st\u00ebmme mat deenen iwwereneen, d\u00e9i am Video, deen am \u00cbmlaf ass, ze gesi sinn &#8211; ofgesi vun der Reklamm op dem Ger\u00fcst. Dorop war urspr\u00e9nglech e grousse Portrait vum Roseanne Park, S\u00e4ngerin a <a href=\"https:\/\/perma.cc\/CHH3-3BNS\">Markenambassadrice<\/a> vun Tiffany. D&#8217;Park hat d&#8217;Reklamm de 6. Mee 2021 och op hirem <a href=\"https:\/\/archive.ph\/s0C1v\">Instagram-Account<\/a> gepost.<\/p>\n<p><img src=\"https:\/\/belux-edmo.s3-accelerate.amazonaws.com\/wp-content\/uploads\/2023\/08\/1301f56cd5795d039d0ef85af2bdb58c.jpeg\" alt=\"RTL\" \/><\/p>\n<p>Mam Zil, dat urspr\u00e9nglecht Filmmaterial ze fannen, souw\u00e9i graff Informatiounen iwwer de m\u00e9iglechen Z\u00e4itraum, an deem d\u00ebst Filmmaterial opgeholl k\u00e9int gi sinn, huet d&#8217;AFP versicht, de Clip op YouTube ze fannen. Op der Plattform fanne sech heefeg Videoe vun Tier duerch Stied a bekannte Metropolen, an deenen och d&#8217;\u00cbmg\u00e9igend m\u00e9i genee ze gesinn ass.<\/p>\n<p>Duerch eng <a href=\"https:\/\/www.youtube.com\/watch?v=l2SbfqF-2Rg&amp;list=PL_tN7HuGt39pbSAghdwArQ2Ij1oPzJfHo&amp;index=2\" target=\"_blank\" rel=\"noopener\">St\u00e9chwierdersich<\/a> mat de Wierder &#8220;Walking Tour New York&#8221; (L\u00ebtz.: &#8220;Spads\u00e9iergang New York&#8221;), dem Google-Sichoperateur &#8220;site:youtube.com&#8221; (domat ginn d&#8217;Resultater op Saisien op YouTube limit\u00e9iert, well an \u00e9ischter Linn YouTube-Videoe vun Intressi fir d&#8217;Recherche waren) souw\u00e9i eng Aschr\u00e4nkung vun der Z\u00e4itf\u00ebnster fir d&#8217;Sich op d&#8217;Summerm\u00e9int 2021 huet d&#8217;AFP den <a href=\"https:\/\/www.youtube.com\/watch?v=yhkbg8p2Gts&amp;t=66s\" target=\"_blank\" rel=\"noopener\">Originalvideo<\/a> fonnt (Link <a href=\"https:\/\/perma.cc\/9KD4-UG95\" target=\"_blank\" rel=\"noopener\">hei<\/a> archiv\u00e9iert), dee fir d\u00e9i digital Manipulatioun benotzt gouf.<\/p>\n<p>Et gouf de 15. Juli 2021 mam Titel &#8220;Walking in New York City 4K. 5th Avenue. People, Cars and Street Sounds&#8221; (L\u00ebtz. &#8220;Spads\u00e9iergang zu New York City 4K. 5th Avenue. M\u00ebnschen, Autoen a Stroosseger\u00e4ischer&#8221;) publiz\u00e9iert &#8211; also nach virun der russescher Attack op d&#8217;Ukrain am Februar 2022.<\/p>\n<p><iframe title=\"YouTube video player\" src=\"https:\/\/www.youtube.com\/embed\/yhkbg8p2Gts?controls=0&amp;start=66\" width=\"560\" height=\"315\" frameborder=\"0\" scrolling=\"auto\" allowfullscreen=\"allowfullscreen\" data-mce-fragment=\"1\"><\/iframe><\/p>\n<p>Vu Minutt 1:06 vum Originalvideo u sinn d\u00e9i selwecht Elementer w\u00e9i am Clip, deen aktuell verbreet g\u00ebtt, ze gesinn. Dat sinn z.B. eng Fra, d\u00e9i mat engem Hond iwwer d&#8217;Strooss geet, eng Rout Luucht an eng kleng Reklamm, och mat dem Portrait vum Roseanne Park, am Hannergrond op Buedemh\u00e9icht. De Verglach ass \u00ebnnen duergestallt:<\/p>\n<p><img src=\"https:\/\/belux-edmo.s3-accelerate.amazonaws.com\/wp-content\/uploads\/2023\/08\/a11d9444c90d395121684f7df6237c8c.jpeg\" alt=\"RTL\" \/><\/p>\n<p>Duerno schwenkt d&#8217;Videokamera no uewen a filmt d&#8217;Gebai vun Tiffany, dat voll mat Reklammen ass. Ofgesi vun dem manipul\u00e9ierte Plakat mat der Opschr\u00ebft &#8220;No Zelensky, no war&#8221; st\u00ebmmen all aner Reklammen an Elementer vum Originalclip mat deenen am gef\u00e4lschten Extrait iwwereneen:<\/p>\n<p><img src=\"https:\/\/belux-edmo.s3-accelerate.amazonaws.com\/wp-content\/uploads\/2023\/08\/83f69c6611b610a25a72b9af8e988620.jpeg\" alt=\"RTL\" \/><\/p>\n<p>\u00c4nlech &#8220;NYC Walking Tour&#8221;-Videoe vum Summer 2021 (z.B. <a href=\"https:\/\/perma.cc\/7BPM-4EVX\" target=\"_blank\" rel=\"noopener\">hei<\/a>, <a href=\"https:\/\/perma.cc\/PL9G-PVJQ\" target=\"_blank\" rel=\"noopener\">hei<\/a>, <a href=\"https:\/\/perma.cc\/9DLP-5MPA\" target=\"_blank\" rel=\"noopener\">hei<\/a> an <a href=\"https:\/\/perma.cc\/M7SD-AXRY\" target=\"_blank\" rel=\"noopener\">hei<\/a>) dokument\u00e9ieren och, dass sech d&#8217;Ger\u00fcst mat der Tiffany-Reklamm un dem Gebai dru war &#8211; awer keen Anti-Selenskyj-Plakat.<\/p>\n<p>Keng Ger\u00fcster oder Plakater um Gebai zum Z\u00e4itpunkt vun der Ver\u00ebffentlichung vum manipul\u00e9ierte Video<\/p>\n<p><a href=\"https:\/\/perma.cc\/X9HX-9KRT\"><br \/>\nMedienberichten<\/a> no gouf de Flagshipstore vun Tiffany a Manhattan vun 2019 bis Abr\u00ebll 2023 renov\u00e9iert. An der StreetView-Optioun vu Google Maps ass ze gesinn, dass d&#8217;Gebai an de Joren <a href=\"https:\/\/goo.gl\/maps\/Umayv7HSaYNZ6oDn6\" target=\"_blank\" rel=\"noopener\">2021<\/a> (Link <a href=\"https:\/\/archive.is\/pLvhq\">hei<\/a> archiv\u00e9iert) an <a href=\"https:\/\/goo.gl\/maps\/azsRA6DcoBWMNMLc6\" target=\"_blank\" rel=\"noopener\">2022<\/a> (Link <a href=\"https:\/\/archive.is\/tV9kc\">hei<\/a> archiv\u00e9iert) tats\u00e4chlech vun enger Stee \u00ebmgi war.<\/p>\n<p>Engem <a href=\"https:\/\/perma.cc\/L7QP-354V\" target=\"_blank\" rel=\"noopener\">Pressecommuniqu\u00e9<\/a> vun Tiffany no gouf d&#8217;Reouverture vum Buttek de 27. Abr\u00ebll 2023 gefeiert, zwee M\u00e9int \u00e9ier de manipul\u00e9ierte Video eropgeluede gouf. Zu deem Z\u00e4itpunkt hu sech keng Ger\u00fcster oder Reklamme m\u00e9i un der Fassad vum Gebai befonnt. Dat gouf och op enger AFP-Foto vum 26. Abr\u00ebll 2023 dokument\u00e9iert:<\/p>\n<p><img src=\"https:\/\/belux-edmo.s3-accelerate.amazonaws.com\/wp-content\/uploads\/2023\/08\/2378b8e7197349c21fce46eb58eb0971.jpeg\" alt=\"RTL\" \/><br \/>\nAFP \/ KENA BETANCUR<\/p>\n<p>Op YouTube g\u00ebtt et Videoen, d\u00e9i weisen, dass am <a href=\"https:\/\/youtu.be\/LZSY_Djv5E4?t=385\" target=\"_blank\" rel=\"noopener\">Abr\u00ebll 2023<\/a> (Link <a href=\"https:\/\/perma.cc\/AR3K-V8QE\" target=\"_blank\" rel=\"noopener\">hei<\/a> archiv\u00e9iert) just nach Reschter vum Bauger\u00fcst um Buedem ze gesi waren. Am <a href=\"https:\/\/www.youtube.com\/watch?t=590&amp;v=fr-Y0PuaZlQ&amp;feature=youtu.be\" target=\"_blank\" rel=\"noopener\">Mee 2023<\/a>\u00a0(Link <a href=\"https:\/\/perma.cc\/B63U-LG69\" target=\"_blank\" rel=\"noopener\">hei<\/a> archiv\u00e9iert) ware guer keng Ger\u00fcster oder Plakater m\u00e9i um Gebai.<\/p>\n<p><img src=\"https:\/\/belux-edmo.s3-accelerate.amazonaws.com\/wp-content\/uploads\/2023\/08\/524e83676546fe8803d40e116d0d7d41.jpeg\" alt=\"RTL\" \/><\/p>\n<p>Den 29. Juni 2023, den Dag, un deem de manipul\u00e9ierte Video a sozialen Netzwierker an \u00cbmlaf bruecht gouf, koum et zu engem klenge Brand am \u00ebnneschten Deel vum Bauwierk (<a href=\"https:\/\/perma.cc\/HJ6G-BUT4\" target=\"_blank\" rel=\"noopener\">hei<\/a> an <a href=\"https:\/\/perma.cc\/CCU5-Q6AX\" target=\"_blank\" rel=\"noopener\">hei<\/a>). Aus <a href=\"https:\/\/www.youtube.com\/watch?v=_vhs0O_sZ8s\" target=\"_blank\" rel=\"noopener\">Loftbiller<\/a> vun der Zeen\u00a0(Link <a href=\"https:\/\/perma.cc\/EPW9-5EEB\" target=\"_blank\" rel=\"noopener\">hei<\/a> archiv\u00e9iert) geet ervir, dass et zu d\u00ebsem Z\u00e4itpunkt keng Bauger\u00fcster oder Reklamme um Gebai gouf.<\/p>\n<p><strong>Fazit<\/strong>: De gedeelte Clip mat engem angeeblechen Anti-Selenskyj-Plakat zu New York ass manipul\u00e9iert. Am Originalvideo, dee schonn 2021 op YouTube eropgeluede gouf, ass eng aner Reklamm ze gesinn.<\/p>\n<p><em>D\u00ebsen AFP-Artikel gouf vun RTL op L\u00ebtzebuergesch iwwersat.<br \/>\n<\/em><\/p>\n<\/div>\n<\/article>\n","protected":false},"excerpt":{"rendered":"<p>Z\u00ebnter Enn Juni 2023 verbreet sech a sozialen Netzwierker e manipul\u00e9ierte Video an enger Rei Sproochen.<\/p>\n","protected":false},"author":1,"featured_media":278352,"comment_status":"closed","ping_status":"open","sticky":false,"template":"","format":"standard","meta":{"_acf_changed":false,"footnotes":""},"categories":[191,217,181],"tags":[],"class_list":{"0":"post-278387","1":"post","2":"type-post","3":"status-publish","4":"format-standard","5":"has-post-thumbnail","7":"category-politik","8":"category-ukraine-lb","9":"category-uncategorized-lb"},"acf":{"show_metatags":true,"id":"2099904","authors":"RTL L\u00ebtzebuerg","organization":"RTL","featured_image_copyright":"","text_copyright":"Copyright RTL \/ CLT-UFA S.A.","source":"https:\/\/www.rtl.lu\/news\/faktencheck\/a\/2099904.html","fact_checker":"https:\/\/belux.wpengine.com\/wp-content\/uploads\/2021\/12\/rtl_logo.png","type":"Closed Event","location":"","start_date":"","start_date_event_begins_at":"","start_date_event_ends_at":"","end_date":"","end_date_event_begins_at":"","end_date_event_ends_at":"","organizer":"","fact_checker_logo_image":false},"yoast_head":"<!-- This site is optimized with the Yoast SEO plugin v27.0 - https:\/\/yoast.com\/product\/yoast-seo-wordpress\/ -->\n<title>Faktencheck: Video vu Selenskyj-Banner zu New York manipul\u00e9iert - EDMO Belux<\/title>\n<meta name=\"robots\" content=\"index, follow, max-snippet:-1, max-image-preview:large, max-video-preview:-1\" \/>\n<link rel=\"canonical\" href=\"https:\/\/belux.edmo.eu\/lb\/faktencheck-video-vu-selenskyj-banner-zu-new-york-manipuliert\/\" \/>\n<meta property=\"og:locale\" content=\"en_US\" \/>\n<meta property=\"og:type\" content=\"article\" \/>\n<meta property=\"og:title\" content=\"Faktencheck: Video vu Selenskyj-Banner zu New York manipul\u00e9iert - EDMO Belux\" \/>\n<meta property=\"og:description\" content=\"Z\u00ebnter Enn Juni 2023 verbreet sech a sozialen Netzwierker e manipul\u00e9ierte Video an enger Rei Sproochen.\" \/>\n<meta property=\"og:url\" content=\"https:\/\/belux.edmo.eu\/lb\/faktencheck-video-vu-selenskyj-banner-zu-new-york-manipuliert\/\" \/>\n<meta property=\"og:site_name\" content=\"EDMO Belux\" \/>\n<meta property=\"article:published_time\" content=\"2023-08-14T13:00:04+00:00\" \/>\n<meta property=\"article:modified_time\" content=\"2023-09-12T10:06:45+00:00\" \/>\n<meta property=\"og:image\" content=\"https:\/\/belux-edmo.s3-accelerate.amazonaws.com\/wp-content\/uploads\/2023\/08\/d51d3fd310ab46596afb7dcf96167e4b.jpeg\" \/>\n\t<meta property=\"og:image:width\" content=\"1080\" \/>\n\t<meta property=\"og:image:height\" content=\"608\" \/>\n\t<meta property=\"og:image:type\" content=\"image\/jpeg\" \/>\n<meta name=\"author\" content=\"master\" \/>\n<meta name=\"twitter:card\" content=\"summary_large_image\" \/>\n<meta name=\"twitter:creator\" content=\"@Edmo_Belux\" \/>\n<meta name=\"twitter:site\" content=\"@Edmo_Belux\" \/>\n<meta name=\"twitter:label1\" content=\"Written by\" \/>\n\t<meta name=\"twitter:data1\" content=\"master\" \/>\n\t<meta name=\"twitter:label2\" content=\"Est. reading time\" \/>\n\t<meta name=\"twitter:data2\" content=\"6 minutes\" \/>\n<script type=\"application\/ld+json\" class=\"yoast-schema-graph\">{\"@context\":\"https:\/\/schema.org\",\"@graph\":[{\"@type\":\"Article\",\"@id\":\"https:\/\/belux.edmo.eu\/lb\/faktencheck-video-vu-selenskyj-banner-zu-new-york-manipuliert\/#article\",\"isPartOf\":{\"@id\":\"https:\/\/belux.edmo.eu\/lb\/faktencheck-video-vu-selenskyj-banner-zu-new-york-manipuliert\/\"},\"author\":{\"name\":\"master\",\"@id\":\"https:\/\/belux.edmo.eu\/#\/schema\/person\/dbe3b252258537fd318f9b5645a30342\"},\"headline\":\"Faktencheck: Video vu Selenskyj-Banner zu New York manipul\u00e9iert\",\"datePublished\":\"2023-08-14T13:00:04+00:00\",\"dateModified\":\"2023-09-12T10:06:45+00:00\",\"mainEntityOfPage\":{\"@id\":\"https:\/\/belux.edmo.eu\/lb\/faktencheck-video-vu-selenskyj-banner-zu-new-york-manipuliert\/\"},\"wordCount\":1196,\"publisher\":{\"@id\":\"https:\/\/belux.edmo.eu\/#organization\"},\"image\":{\"@id\":\"https:\/\/belux.edmo.eu\/lb\/faktencheck-video-vu-selenskyj-banner-zu-new-york-manipuliert\/#primaryimage\"},\"thumbnailUrl\":\"https:\/\/belux-edmo.s3-accelerate.amazonaws.com\/wp-content\/uploads\/2023\/08\/d51d3fd310ab46596afb7dcf96167e4b.jpeg\",\"articleSection\":[\"Politik\",\"Ukraine\",\"Uncategorized @lb\"],\"inLanguage\":\"lb-LU\"},{\"@type\":\"WebPage\",\"@id\":\"https:\/\/belux.edmo.eu\/lb\/faktencheck-video-vu-selenskyj-banner-zu-new-york-manipuliert\/\",\"url\":\"https:\/\/belux.edmo.eu\/lb\/faktencheck-video-vu-selenskyj-banner-zu-new-york-manipuliert\/\",\"name\":\"Faktencheck: Video vu Selenskyj-Banner zu New York manipul\u00e9iert - EDMO Belux\",\"isPartOf\":{\"@id\":\"https:\/\/belux.edmo.eu\/#website\"},\"primaryImageOfPage\":{\"@id\":\"https:\/\/belux.edmo.eu\/lb\/faktencheck-video-vu-selenskyj-banner-zu-new-york-manipuliert\/#primaryimage\"},\"image\":{\"@id\":\"https:\/\/belux.edmo.eu\/lb\/faktencheck-video-vu-selenskyj-banner-zu-new-york-manipuliert\/#primaryimage\"},\"thumbnailUrl\":\"https:\/\/belux-edmo.s3-accelerate.amazonaws.com\/wp-content\/uploads\/2023\/08\/d51d3fd310ab46596afb7dcf96167e4b.jpeg\",\"datePublished\":\"2023-08-14T13:00:04+00:00\",\"dateModified\":\"2023-09-12T10:06:45+00:00\",\"breadcrumb\":{\"@id\":\"https:\/\/belux.edmo.eu\/lb\/faktencheck-video-vu-selenskyj-banner-zu-new-york-manipuliert\/#breadcrumb\"},\"inLanguage\":\"lb-LU\",\"potentialAction\":[{\"@type\":\"ReadAction\",\"target\":[\"https:\/\/belux.edmo.eu\/lb\/faktencheck-video-vu-selenskyj-banner-zu-new-york-manipuliert\/\"]}]},{\"@type\":\"ImageObject\",\"inLanguage\":\"lb-LU\",\"@id\":\"https:\/\/belux.edmo.eu\/lb\/faktencheck-video-vu-selenskyj-banner-zu-new-york-manipuliert\/#primaryimage\",\"url\":\"https:\/\/belux-edmo.s3-accelerate.amazonaws.com\/wp-content\/uploads\/2023\/08\/d51d3fd310ab46596afb7dcf96167e4b.jpeg\",\"contentUrl\":\"https:\/\/belux-edmo.s3-accelerate.amazonaws.com\/wp-content\/uploads\/2023\/08\/d51d3fd310ab46596afb7dcf96167e4b.jpeg\",\"width\":1080,\"height\":608,\"caption\":\"Faktencheck: Video vu Selenskyj-Banner zu New York manipul\u00e9iert - Featured image\"},{\"@type\":\"BreadcrumbList\",\"@id\":\"https:\/\/belux.edmo.eu\/lb\/faktencheck-video-vu-selenskyj-banner-zu-new-york-manipuliert\/#breadcrumb\",\"itemListElement\":[{\"@type\":\"ListItem\",\"position\":1,\"name\":\"Home\",\"item\":\"https:\/\/belux.edmo.eu\/lb\/\"},{\"@type\":\"ListItem\",\"position\":2,\"name\":\"Faktencheck: Video vu Selenskyj-Banner zu New York manipul\u00e9iert\"}]},{\"@type\":\"WebSite\",\"@id\":\"https:\/\/belux.edmo.eu\/#website\",\"url\":\"https:\/\/belux.edmo.eu\/\",\"name\":\"EDMO Belux\",\"description\":\"Monitoring Disinformation in Belgium and Luxembourg\",\"publisher\":{\"@id\":\"https:\/\/belux.edmo.eu\/#organization\"},\"potentialAction\":[{\"@type\":\"SearchAction\",\"target\":{\"@type\":\"EntryPoint\",\"urlTemplate\":\"https:\/\/belux.edmo.eu\/?s={search_term_string}\"},\"query-input\":{\"@type\":\"PropertyValueSpecification\",\"valueRequired\":true,\"valueName\":\"search_term_string\"}}],\"inLanguage\":\"lb-LU\"},{\"@type\":\"Organization\",\"@id\":\"https:\/\/belux.edmo.eu\/#organization\",\"name\":\"EDMO Belux\",\"url\":\"https:\/\/belux.edmo.eu\/\",\"logo\":{\"@type\":\"ImageObject\",\"inLanguage\":\"lb-LU\",\"@id\":\"https:\/\/belux.edmo.eu\/#\/schema\/logo\/image\/\",\"url\":\"https:\/\/belux.edmo.eu\/wp-content\/uploads\/2021\/12\/belux-logo-full-color-rgb.svg\",\"contentUrl\":\"https:\/\/belux.edmo.eu\/wp-content\/uploads\/2021\/12\/belux-logo-full-color-rgb.svg\",\"width\":1,\"height\":1,\"caption\":\"EDMO Belux\"},\"image\":{\"@id\":\"https:\/\/belux.edmo.eu\/#\/schema\/logo\/image\/\"},\"sameAs\":[\"https:\/\/x.com\/Edmo_Belux\"]},{\"@type\":\"Person\",\"@id\":\"https:\/\/belux.edmo.eu\/#\/schema\/person\/dbe3b252258537fd318f9b5645a30342\",\"name\":\"master\",\"sameAs\":[\"https:\/\/belux.wpengine.com\"],\"url\":\"https:\/\/belux.edmo.eu\/lb\/author\/master\/\"}]}<\/script>\n<!-- \/ Yoast SEO plugin. -->","yoast_head_json":{"title":"Faktencheck: Video vu Selenskyj-Banner zu New York manipul\u00e9iert - EDMO Belux","robots":{"index":"index","follow":"follow","max-snippet":"max-snippet:-1","max-image-preview":"max-image-preview:large","max-video-preview":"max-video-preview:-1"},"canonical":"https:\/\/belux.edmo.eu\/lb\/faktencheck-video-vu-selenskyj-banner-zu-new-york-manipuliert\/","og_locale":"en_US","og_type":"article","og_title":"Faktencheck: Video vu Selenskyj-Banner zu New York manipul\u00e9iert - EDMO Belux","og_description":"Z\u00ebnter Enn Juni 2023 verbreet sech a sozialen Netzwierker e manipul\u00e9ierte Video an enger Rei Sproochen.","og_url":"https:\/\/belux.edmo.eu\/lb\/faktencheck-video-vu-selenskyj-banner-zu-new-york-manipuliert\/","og_site_name":"EDMO Belux","article_published_time":"2023-08-14T13:00:04+00:00","article_modified_time":"2023-09-12T10:06:45+00:00","og_image":[{"width":1080,"height":608,"url":"https:\/\/belux-edmo.s3-accelerate.amazonaws.com\/wp-content\/uploads\/2023\/08\/d51d3fd310ab46596afb7dcf96167e4b.jpeg","type":"image\/jpeg"}],"author":"master","twitter_card":"summary_large_image","twitter_creator":"@Edmo_Belux","twitter_site":"@Edmo_Belux","twitter_misc":{"Written by":"master","Est. reading time":"6 minutes"},"schema":{"@context":"https:\/\/schema.org","@graph":[{"@type":"Article","@id":"https:\/\/belux.edmo.eu\/lb\/faktencheck-video-vu-selenskyj-banner-zu-new-york-manipuliert\/#article","isPartOf":{"@id":"https:\/\/belux.edmo.eu\/lb\/faktencheck-video-vu-selenskyj-banner-zu-new-york-manipuliert\/"},"author":{"name":"master","@id":"https:\/\/belux.edmo.eu\/#\/schema\/person\/dbe3b252258537fd318f9b5645a30342"},"headline":"Faktencheck: Video vu Selenskyj-Banner zu New York manipul\u00e9iert","datePublished":"2023-08-14T13:00:04+00:00","dateModified":"2023-09-12T10:06:45+00:00","mainEntityOfPage":{"@id":"https:\/\/belux.edmo.eu\/lb\/faktencheck-video-vu-selenskyj-banner-zu-new-york-manipuliert\/"},"wordCount":1196,"publisher":{"@id":"https:\/\/belux.edmo.eu\/#organization"},"image":{"@id":"https:\/\/belux.edmo.eu\/lb\/faktencheck-video-vu-selenskyj-banner-zu-new-york-manipuliert\/#primaryimage"},"thumbnailUrl":"https:\/\/belux-edmo.s3-accelerate.amazonaws.com\/wp-content\/uploads\/2023\/08\/d51d3fd310ab46596afb7dcf96167e4b.jpeg","articleSection":["Politik","Ukraine","Uncategorized @lb"],"inLanguage":"lb-LU"},{"@type":"WebPage","@id":"https:\/\/belux.edmo.eu\/lb\/faktencheck-video-vu-selenskyj-banner-zu-new-york-manipuliert\/","url":"https:\/\/belux.edmo.eu\/lb\/faktencheck-video-vu-selenskyj-banner-zu-new-york-manipuliert\/","name":"Faktencheck: Video vu Selenskyj-Banner zu New York manipul\u00e9iert - EDMO Belux","isPartOf":{"@id":"https:\/\/belux.edmo.eu\/#website"},"primaryImageOfPage":{"@id":"https:\/\/belux.edmo.eu\/lb\/faktencheck-video-vu-selenskyj-banner-zu-new-york-manipuliert\/#primaryimage"},"image":{"@id":"https:\/\/belux.edmo.eu\/lb\/faktencheck-video-vu-selenskyj-banner-zu-new-york-manipuliert\/#primaryimage"},"thumbnailUrl":"https:\/\/belux-edmo.s3-accelerate.amazonaws.com\/wp-content\/uploads\/2023\/08\/d51d3fd310ab46596afb7dcf96167e4b.jpeg","datePublished":"2023-08-14T13:00:04+00:00","dateModified":"2023-09-12T10:06:45+00:00","breadcrumb":{"@id":"https:\/\/belux.edmo.eu\/lb\/faktencheck-video-vu-selenskyj-banner-zu-new-york-manipuliert\/#breadcrumb"},"inLanguage":"lb-LU","potentialAction":[{"@type":"ReadAction","target":["https:\/\/belux.edmo.eu\/lb\/faktencheck-video-vu-selenskyj-banner-zu-new-york-manipuliert\/"]}]},{"@type":"ImageObject","inLanguage":"lb-LU","@id":"https:\/\/belux.edmo.eu\/lb\/faktencheck-video-vu-selenskyj-banner-zu-new-york-manipuliert\/#primaryimage","url":"https:\/\/belux-edmo.s3-accelerate.amazonaws.com\/wp-content\/uploads\/2023\/08\/d51d3fd310ab46596afb7dcf96167e4b.jpeg","contentUrl":"https:\/\/belux-edmo.s3-accelerate.amazonaws.com\/wp-content\/uploads\/2023\/08\/d51d3fd310ab46596afb7dcf96167e4b.jpeg","width":1080,"height":608,"caption":"Faktencheck: Video vu Selenskyj-Banner zu New York manipul\u00e9iert - Featured image"},{"@type":"BreadcrumbList","@id":"https:\/\/belux.edmo.eu\/lb\/faktencheck-video-vu-selenskyj-banner-zu-new-york-manipuliert\/#breadcrumb","itemListElement":[{"@type":"ListItem","position":1,"name":"Home","item":"https:\/\/belux.edmo.eu\/lb\/"},{"@type":"ListItem","position":2,"name":"Faktencheck: Video vu Selenskyj-Banner zu New York manipul\u00e9iert"}]},{"@type":"WebSite","@id":"https:\/\/belux.edmo.eu\/#website","url":"https:\/\/belux.edmo.eu\/","name":"EDMO Belux","description":"Monitoring Disinformation in Belgium and Luxembourg","publisher":{"@id":"https:\/\/belux.edmo.eu\/#organization"},"potentialAction":[{"@type":"SearchAction","target":{"@type":"EntryPoint","urlTemplate":"https:\/\/belux.edmo.eu\/?s={search_term_string}"},"query-input":{"@type":"PropertyValueSpecification","valueRequired":true,"valueName":"search_term_string"}}],"inLanguage":"lb-LU"},{"@type":"Organization","@id":"https:\/\/belux.edmo.eu\/#organization","name":"EDMO Belux","url":"https:\/\/belux.edmo.eu\/","logo":{"@type":"ImageObject","inLanguage":"lb-LU","@id":"https:\/\/belux.edmo.eu\/#\/schema\/logo\/image\/","url":"https:\/\/belux.edmo.eu\/wp-content\/uploads\/2021\/12\/belux-logo-full-color-rgb.svg","contentUrl":"https:\/\/belux.edmo.eu\/wp-content\/uploads\/2021\/12\/belux-logo-full-color-rgb.svg","width":1,"height":1,"caption":"EDMO Belux"},"image":{"@id":"https:\/\/belux.edmo.eu\/#\/schema\/logo\/image\/"},"sameAs":["https:\/\/x.com\/Edmo_Belux"]},{"@type":"Person","@id":"https:\/\/belux.edmo.eu\/#\/schema\/person\/dbe3b252258537fd318f9b5645a30342","name":"master","sameAs":["https:\/\/belux.wpengine.com"],"url":"https:\/\/belux.edmo.eu\/lb\/author\/master\/"}]}},"menu_order":0,"_links":{"self":[{"href":"https:\/\/belux.edmo.eu\/lb\/wp-json\/wp\/v2\/posts\/278387","targetHints":{"allow":["GET"]}}],"collection":[{"href":"https:\/\/belux.edmo.eu\/lb\/wp-json\/wp\/v2\/posts"}],"about":[{"href":"https:\/\/belux.edmo.eu\/lb\/wp-json\/wp\/v2\/types\/post"}],"author":[{"embeddable":true,"href":"https:\/\/belux.edmo.eu\/lb\/wp-json\/wp\/v2\/users\/1"}],"replies":[{"embeddable":true,"href":"https:\/\/belux.edmo.eu\/lb\/wp-json\/wp\/v2\/comments?post=278387"}],"version-history":[{"count":0,"href":"https:\/\/belux.edmo.eu\/lb\/wp-json\/wp\/v2\/posts\/278387\/revisions"}],"wp:featuredmedia":[{"embeddable":true,"href":"https:\/\/belux.edmo.eu\/lb\/wp-json\/wp\/v2\/media\/278352"}],"wp:attachment":[{"href":"https:\/\/belux.edmo.eu\/lb\/wp-json\/wp\/v2\/media?parent=278387"}],"wp:term":[{"taxonomy":"category","embeddable":true,"href":"https:\/\/belux.edmo.eu\/lb\/wp-json\/wp\/v2\/categories?post=278387"},{"taxonomy":"post_tag","embeddable":true,"href":"https:\/\/belux.edmo.eu\/lb\/wp-json\/wp\/v2\/tags?post=278387"}],"curies":[{"name":"wp","href":"https:\/\/api.w.org\/{rel}","templated":true}]}}