{"id":280103,"date":"2023-08-15T12:00:02","date_gmt":"2023-08-15T12:00:02","guid":{"rendered":"https:\/\/belux.edmo.eu\/?p=280103"},"modified":"2023-09-12T10:03:13","modified_gmt":"2023-09-12T10:03:13","slug":"faktencheck-foto-vun-hondsfudder-mam-gesiicht-vum-viktor-orban-ass-manipuliert","status":"publish","type":"post","link":"https:\/\/belux.edmo.eu\/lb\/faktencheck-foto-vun-hondsfudder-mam-gesiicht-vum-viktor-orban-ass-manipuliert\/","title":{"rendered":"Faktencheck: Foto vun Hondsfudder mam Gesiicht vum Viktor Orban ass manipul\u00e9iert"},"content":{"rendered":"<article>\n<div>\n<p>S\u00e4it Joren ass a sozialen Netzwierker eng manipul\u00e9iert Foto am \u00cbmlaf, op d\u00e4r d&#8217;Gesiicht vum ungaresche Ministerpresident, Viktor Orb\u00e1n ze gesinn ass.<\/p>\n<\/div>\n<div>\n<p>D&#8217;Originalfoto weist a Wierklechkeet e Fleeschprodukt fir Kanner, allerd\u00e9ngs ouni d&#8217;Gesiicht vum Ministerpresident. D\u00e9i selwecht Foto gouf vun engem d\u00e4itsche Komiker beaarbecht, deen eng Foto vun der Konschtfigur vun engem \u00e9istr\u00e4ichesche S\u00e4nger driwwer geluecht huet.<\/p>\n<p><img src=\"https:\/\/belux-edmo.s3-accelerate.amazonaws.com\/wp-content\/uploads\/2023\/08\/61d8328c42bb02f57934117a0eb35518.jpeg\" alt=\"RTL\" \/><\/p>\n<p>W\u00e9i d&#8217;Faktencheck-S\u00e4it <a href=\"https:\/\/www.lakmusz.hu\/orban-fejet-montiroztak-egy-bizarr-felvagottra\/\">Lakmusz<\/a>, d\u00e9i mat der AFP zesummeschafft, erkl\u00e4ert, ass d&#8217;Bild zanter op d&#8217;mannst 2019 op Facebook am \u00cbmlaf.<\/p>\n<p>De Viktor Orb\u00e1n g\u00ebtt vun der <a href=\"https:\/\/web.archive.org\/web\/20230803125806\/https:\/\/www.fr.de\/politik\/ukraine-krieg-russland-kreml-putin-ungarn-orban-souveraenitaet-westen-usa-kiew-nato-gipfel-vilnius-92401690.html\">Oppositioun<\/a> w\u00e9inst senger <a href=\"https:\/\/web.archive.org\/web\/20230803110023\/https:\/\/www.faz.net\/aktuell\/politik\/ausland\/viktor-orban-der-westen-wird-fallen-15456600.html\">anti-westlecher Rhetorik<\/a> dacks besch\u00ebllegt, de Ruff vun Ungarn op der Weltb\u00fcn ze schiedegen an d&#8217;Land vu sengen Alli\u00e9ierten ze <a href=\"https:\/\/web.archive.org\/web\/20230803130109\/https:\/\/de.euronews.com\/2023\/03\/13\/ist-ungarn-in-der-nato-bald-isoliert\">isol\u00e9ieren<\/a>.<\/p>\n<p>W\u00e4rend verschidden Notzerinnen an Notzer d&#8217;Bild richtegerweis als Geck interpret\u00e9iert\u00a0 oder erkannt hunn, datt et sech \u00ebm eng beaarbecht Foto handelt, hunn anerer de B\u00e4itrag eescht geholl: &#8220;Et ass eng Schan fir eis Ungaren&#8221;, steet an engem Kommentar. Een anere schreift: &#8220;Dat seet alles!&#8221;<\/p>\n<p>D&#8217;Bild ass awer net echt, et gouf beaarbecht. Et ass net d\u00e9i \u00e9ischt K\u00e9ier, dass eng beaarbecht Versioun vun der Foto vun enger Killth\u00e9ik a sozialen Netzwierker d&#8217;Ronn m\u00e9cht. En d\u00e4itsche Komiker hat schonn eng eege Versioun vun d\u00ebsem Bild kre\u00e9iert. Hien huet am Uschloss e Video ver\u00ebffentlecht, an deem de Beaarbechtungsvirgang nozekucken ass.<\/p>\n<p>Ursprong vum Bild<\/p>\n<p>Mat enger <a href=\"https:\/\/www.youtube.com\/watch?v=W9JkBkOE0TM\" target=\"_blank\" rel=\"noopener\">\u00ebmgek\u00e9ierter Billersich<\/a> sinn nach aner F\u00e4ll ze fannen, an deenen d&#8217;Bild verschafft gouf, souw\u00e9i och aner, \u00e4nlech Fotoen.<\/p>\n<p><iframe title=\"YouTube video player\" src=\"https:\/\/www.youtube.com\/embed\/W9JkBkOE0TM\" width=\"560\" height=\"315\" frameborder=\"0\" scrolling=\"auto\" allowfullscreen=\"allowfullscreen\" data-mce-fragment=\"1\"><\/iframe><\/p>\n<p>D\u00e9i meescht Resultater vun der Sich weisen en \u00e4nlecht Bild, net mam Gesiicht vum Orb\u00e1n, mee vun der Konschtfigur <a href=\"https:\/\/web.archive.org\/web\/20230803130525\/https:\/\/www.deutschlandfunk.de\/eurovision-song-contest-warum-ausgerechnet-conchita-wurst-100.html\">Conchita Wurst<\/a>, mat d\u00e4r den Tom Neuwirth 2014 de Eurovision Song Contest gewonn hat, w\u00e9i d\u00ebsen <a href=\"https:\/\/perma.cc\/H5YW-J5GB\">Artikel<\/a> vun enger bayrescher Zeitung erkl\u00e4ert.<\/p>\n<p>Der Zeitung no gouf d&#8217;Bild vun engem lokale Komiker mat dem K\u00ebnschtlernumm Bembers gemaach. De K\u00ebnschtler huet e Video vun der <a href=\"https:\/\/perma.cc\/CL74-BZM6\" target=\"_blank\" rel=\"noopener\">Beaarbechtung<\/a> vun der Foto gedeelt, nodeem am Joer 2014 eng Rei Leit dat beaarbecht Bild ouni d&#8217;Nenne vum Auteur verbreet haten. &#8220;Natierlech war d\u00e9i ganz Wurschtzalot een eenzege Photoshop-Fake &#8211; awer een, dee gutt gemaach war, a virun allem een, dee vum Bembers selwer gemaach gouf!&#8221;, hat de kierzlech verstuerwene Komiker geschriwwen, dee mat biergerlechem Numm Roman S\u00f6rgel geheescht huet.<\/p>\n<p>Am Video sinn d&#8217;Originalbild an d&#8217;Virlag, d\u00e9i vum K\u00ebnschtler benotzt gouf, ze gesinn. Vergl\u00e4icht een d&#8217;Bild mat der Foto, d\u00e9i op Ungaresch am \u00cbmlaf ass, g\u00ebtt d\u00e4itlech, dass b\u00e9id op der selwechter Foto bas\u00e9ieren.<\/p>\n<p><img src=\"https:\/\/belux-edmo.s3-accelerate.amazonaws.com\/wp-content\/uploads\/2023\/08\/71cd62860ed0cf25ec407f5c1137cdfe.jpeg\" alt=\"RTL\" \/><\/p>\n<p>Et ass och ze erkennen, dass d\u00e9i ungaresch Beaarbechtung op der Grondlag vum Bembers senger Versioun geschitt ass: Op der Verpackung vun der Wurscht ass a b\u00e9ide Versioune &#8220;Conchita Wurst&#8221; ze liesen.<\/p>\n<p><img src=\"https:\/\/belux-edmo.s3-accelerate.amazonaws.com\/wp-content\/uploads\/2023\/08\/437426cf74cfc6780059525487acfcc1.jpeg\" alt=\"RTL\" \/><\/p>\n<p>Eng \u00ebmgek\u00e9iert Billersich mat der Originalfoto aus dem Bembers sengem Video ergouf, dass et sech bei der Wurscht \u00ebm eng Zort Fleeschprodukt fir Kanner mam Numm &#8220;<a href=\"https:\/\/perma.cc\/7LLU-A855\">Billy<\/a>&#8221; handelt. Op de Wurschte sinn eng Rei Figuren ofgebillt.<\/p>\n<p>Fazit: Eng Foto vun enger Wurscht mam Viktor Orb\u00e1n sengem Gesiicht gouf beaarbecht a war scho m\u00e9i fr\u00e9i mam Gesiicht vun der K\u00ebnschtlerfigur Conchita Wurst a sozialen Netzwierker am \u00cbmlaf. D&#8217;Originalfoto weist e Fleeschprodukt fir Kanner.<\/p>\n<p><em>D\u00ebsen AFP-Artikel gouf vun RTL op L\u00ebtzebuergesch iwwersat.<br \/>\n<\/em><\/p>\n<\/div>\n<\/article>\n","protected":false},"excerpt":{"rendered":"<p>S\u00e4it Joren ass a sozialen Netzwierker eng manipul\u00e9iert Foto am \u00cbmlaf, op d\u00e4r d&#8217;Gesiicht vum ungaresche Ministerpresident, Viktor Orb\u00e1n ze gesinn ass.<\/p>\n","protected":false},"author":1,"featured_media":280083,"comment_status":"closed","ping_status":"open","sticky":false,"template":"","format":"standard","meta":{"_acf_changed":false,"footnotes":""},"categories":[193,191,181],"tags":[],"class_list":{"0":"post-280103","1":"post","2":"type-post","3":"status-publish","4":"format-standard","5":"has-post-thumbnail","7":"category-gesellschaft","8":"category-politik","9":"category-uncategorized-lb"},"acf":{"show_metatags":true,"id":"2100876","authors":"RTL L\u00ebtzebuerg","organization":"RTL","featured_image_copyright":"","text_copyright":"Copyright RTL \/ CLT-UFA S.A.","source":"https:\/\/www.rtl.lu\/news\/faktencheck\/a\/2100876.html","fact_checker":"https:\/\/belux.wpengine.com\/wp-content\/uploads\/2021\/12\/rtl_logo.png","type":"Closed Event","location":"","start_date":"","start_date_event_begins_at":"","start_date_event_ends_at":"","end_date":"","end_date_event_begins_at":"","end_date_event_ends_at":"","organizer":"","fact_checker_logo_image":false},"yoast_head":"<!-- This site is optimized with the Yoast SEO plugin v27.0 - https:\/\/yoast.com\/product\/yoast-seo-wordpress\/ -->\n<title>Faktencheck: Foto vun Hondsfudder mam Gesiicht vum Viktor Orban ass manipul\u00e9iert - EDMO Belux<\/title>\n<meta name=\"robots\" content=\"index, follow, max-snippet:-1, max-image-preview:large, max-video-preview:-1\" \/>\n<link rel=\"canonical\" href=\"https:\/\/belux.edmo.eu\/lb\/faktencheck-foto-vun-hondsfudder-mam-gesiicht-vum-viktor-orban-ass-manipuliert\/\" \/>\n<meta property=\"og:locale\" content=\"en_US\" \/>\n<meta property=\"og:type\" content=\"article\" \/>\n<meta property=\"og:title\" content=\"Faktencheck: Foto vun Hondsfudder mam Gesiicht vum Viktor Orban ass manipul\u00e9iert - EDMO Belux\" \/>\n<meta property=\"og:description\" content=\"S\u00e4it Joren ass a sozialen Netzwierker eng manipul\u00e9iert Foto am \u00cbmlaf, op d\u00e4r d&#039;Gesiicht vum ungaresche Ministerpresident, Viktor Orb\u00e1n ze gesinn ass.\" \/>\n<meta property=\"og:url\" content=\"https:\/\/belux.edmo.eu\/lb\/faktencheck-foto-vun-hondsfudder-mam-gesiicht-vum-viktor-orban-ass-manipuliert\/\" \/>\n<meta property=\"og:site_name\" content=\"EDMO Belux\" \/>\n<meta property=\"article:published_time\" content=\"2023-08-15T12:00:02+00:00\" \/>\n<meta property=\"article:modified_time\" content=\"2023-09-12T10:03:13+00:00\" \/>\n<meta property=\"og:image\" content=\"https:\/\/belux-edmo.s3-accelerate.amazonaws.com\/wp-content\/uploads\/2023\/08\/6a143a3f637411841503eedd61d6484d.jpeg\" \/>\n\t<meta property=\"og:image:width\" content=\"1080\" \/>\n\t<meta property=\"og:image:height\" content=\"540\" \/>\n\t<meta property=\"og:image:type\" content=\"image\/jpeg\" \/>\n<meta name=\"author\" content=\"master\" \/>\n<meta name=\"twitter:card\" content=\"summary_large_image\" \/>\n<meta name=\"twitter:creator\" content=\"@Edmo_Belux\" \/>\n<meta name=\"twitter:site\" content=\"@Edmo_Belux\" \/>\n<meta name=\"twitter:label1\" content=\"Written by\" \/>\n\t<meta name=\"twitter:data1\" content=\"master\" \/>\n\t<meta name=\"twitter:label2\" content=\"Est. reading time\" \/>\n\t<meta name=\"twitter:data2\" content=\"3 minutes\" \/>\n<script type=\"application\/ld+json\" class=\"yoast-schema-graph\">{\"@context\":\"https:\/\/schema.org\",\"@graph\":[{\"@type\":\"Article\",\"@id\":\"https:\/\/belux.edmo.eu\/lb\/faktencheck-foto-vun-hondsfudder-mam-gesiicht-vum-viktor-orban-ass-manipuliert\/#article\",\"isPartOf\":{\"@id\":\"https:\/\/belux.edmo.eu\/lb\/faktencheck-foto-vun-hondsfudder-mam-gesiicht-vum-viktor-orban-ass-manipuliert\/\"},\"author\":{\"name\":\"master\",\"@id\":\"https:\/\/belux.edmo.eu\/#\/schema\/person\/dbe3b252258537fd318f9b5645a30342\"},\"headline\":\"Faktencheck: Foto vun Hondsfudder mam Gesiicht vum Viktor Orban ass manipul\u00e9iert\",\"datePublished\":\"2023-08-15T12:00:02+00:00\",\"dateModified\":\"2023-09-12T10:03:13+00:00\",\"mainEntityOfPage\":{\"@id\":\"https:\/\/belux.edmo.eu\/lb\/faktencheck-foto-vun-hondsfudder-mam-gesiicht-vum-viktor-orban-ass-manipuliert\/\"},\"wordCount\":581,\"publisher\":{\"@id\":\"https:\/\/belux.edmo.eu\/#organization\"},\"image\":{\"@id\":\"https:\/\/belux.edmo.eu\/lb\/faktencheck-foto-vun-hondsfudder-mam-gesiicht-vum-viktor-orban-ass-manipuliert\/#primaryimage\"},\"thumbnailUrl\":\"https:\/\/belux-edmo.s3-accelerate.amazonaws.com\/wp-content\/uploads\/2023\/08\/6a143a3f637411841503eedd61d6484d.jpeg\",\"articleSection\":[\"Gesellschaft\",\"Politik\",\"Uncategorized @lb\"],\"inLanguage\":\"lb-LU\"},{\"@type\":\"WebPage\",\"@id\":\"https:\/\/belux.edmo.eu\/lb\/faktencheck-foto-vun-hondsfudder-mam-gesiicht-vum-viktor-orban-ass-manipuliert\/\",\"url\":\"https:\/\/belux.edmo.eu\/lb\/faktencheck-foto-vun-hondsfudder-mam-gesiicht-vum-viktor-orban-ass-manipuliert\/\",\"name\":\"Faktencheck: Foto vun Hondsfudder mam Gesiicht vum Viktor Orban ass manipul\u00e9iert - EDMO Belux\",\"isPartOf\":{\"@id\":\"https:\/\/belux.edmo.eu\/#website\"},\"primaryImageOfPage\":{\"@id\":\"https:\/\/belux.edmo.eu\/lb\/faktencheck-foto-vun-hondsfudder-mam-gesiicht-vum-viktor-orban-ass-manipuliert\/#primaryimage\"},\"image\":{\"@id\":\"https:\/\/belux.edmo.eu\/lb\/faktencheck-foto-vun-hondsfudder-mam-gesiicht-vum-viktor-orban-ass-manipuliert\/#primaryimage\"},\"thumbnailUrl\":\"https:\/\/belux-edmo.s3-accelerate.amazonaws.com\/wp-content\/uploads\/2023\/08\/6a143a3f637411841503eedd61d6484d.jpeg\",\"datePublished\":\"2023-08-15T12:00:02+00:00\",\"dateModified\":\"2023-09-12T10:03:13+00:00\",\"breadcrumb\":{\"@id\":\"https:\/\/belux.edmo.eu\/lb\/faktencheck-foto-vun-hondsfudder-mam-gesiicht-vum-viktor-orban-ass-manipuliert\/#breadcrumb\"},\"inLanguage\":\"lb-LU\",\"potentialAction\":[{\"@type\":\"ReadAction\",\"target\":[\"https:\/\/belux.edmo.eu\/lb\/faktencheck-foto-vun-hondsfudder-mam-gesiicht-vum-viktor-orban-ass-manipuliert\/\"]}]},{\"@type\":\"ImageObject\",\"inLanguage\":\"lb-LU\",\"@id\":\"https:\/\/belux.edmo.eu\/lb\/faktencheck-foto-vun-hondsfudder-mam-gesiicht-vum-viktor-orban-ass-manipuliert\/#primaryimage\",\"url\":\"https:\/\/belux-edmo.s3-accelerate.amazonaws.com\/wp-content\/uploads\/2023\/08\/6a143a3f637411841503eedd61d6484d.jpeg\",\"contentUrl\":\"https:\/\/belux-edmo.s3-accelerate.amazonaws.com\/wp-content\/uploads\/2023\/08\/6a143a3f637411841503eedd61d6484d.jpeg\",\"width\":1080,\"height\":540,\"caption\":\"Faktencheck: Foto vun Hondsfudder mam Gesiicht vum Viktor Orban ass manipul\u00e9iert - Featured image\"},{\"@type\":\"BreadcrumbList\",\"@id\":\"https:\/\/belux.edmo.eu\/lb\/faktencheck-foto-vun-hondsfudder-mam-gesiicht-vum-viktor-orban-ass-manipuliert\/#breadcrumb\",\"itemListElement\":[{\"@type\":\"ListItem\",\"position\":1,\"name\":\"Home\",\"item\":\"https:\/\/belux.edmo.eu\/lb\/\"},{\"@type\":\"ListItem\",\"position\":2,\"name\":\"Faktencheck: Foto vun Hondsfudder mam Gesiicht vum Viktor Orban ass manipul\u00e9iert\"}]},{\"@type\":\"WebSite\",\"@id\":\"https:\/\/belux.edmo.eu\/#website\",\"url\":\"https:\/\/belux.edmo.eu\/\",\"name\":\"EDMO Belux\",\"description\":\"Monitoring Disinformation in Belgium and Luxembourg\",\"publisher\":{\"@id\":\"https:\/\/belux.edmo.eu\/#organization\"},\"potentialAction\":[{\"@type\":\"SearchAction\",\"target\":{\"@type\":\"EntryPoint\",\"urlTemplate\":\"https:\/\/belux.edmo.eu\/?s={search_term_string}\"},\"query-input\":{\"@type\":\"PropertyValueSpecification\",\"valueRequired\":true,\"valueName\":\"search_term_string\"}}],\"inLanguage\":\"lb-LU\"},{\"@type\":\"Organization\",\"@id\":\"https:\/\/belux.edmo.eu\/#organization\",\"name\":\"EDMO Belux\",\"url\":\"https:\/\/belux.edmo.eu\/\",\"logo\":{\"@type\":\"ImageObject\",\"inLanguage\":\"lb-LU\",\"@id\":\"https:\/\/belux.edmo.eu\/#\/schema\/logo\/image\/\",\"url\":\"https:\/\/belux.edmo.eu\/wp-content\/uploads\/2021\/12\/belux-logo-full-color-rgb.svg\",\"contentUrl\":\"https:\/\/belux.edmo.eu\/wp-content\/uploads\/2021\/12\/belux-logo-full-color-rgb.svg\",\"width\":1,\"height\":1,\"caption\":\"EDMO Belux\"},\"image\":{\"@id\":\"https:\/\/belux.edmo.eu\/#\/schema\/logo\/image\/\"},\"sameAs\":[\"https:\/\/x.com\/Edmo_Belux\"]},{\"@type\":\"Person\",\"@id\":\"https:\/\/belux.edmo.eu\/#\/schema\/person\/dbe3b252258537fd318f9b5645a30342\",\"name\":\"master\",\"sameAs\":[\"https:\/\/belux.wpengine.com\"],\"url\":\"https:\/\/belux.edmo.eu\/lb\/author\/master\/\"}]}<\/script>\n<!-- \/ Yoast SEO plugin. -->","yoast_head_json":{"title":"Faktencheck: Foto vun Hondsfudder mam Gesiicht vum Viktor Orban ass manipul\u00e9iert - EDMO Belux","robots":{"index":"index","follow":"follow","max-snippet":"max-snippet:-1","max-image-preview":"max-image-preview:large","max-video-preview":"max-video-preview:-1"},"canonical":"https:\/\/belux.edmo.eu\/lb\/faktencheck-foto-vun-hondsfudder-mam-gesiicht-vum-viktor-orban-ass-manipuliert\/","og_locale":"en_US","og_type":"article","og_title":"Faktencheck: Foto vun Hondsfudder mam Gesiicht vum Viktor Orban ass manipul\u00e9iert - EDMO Belux","og_description":"S\u00e4it Joren ass a sozialen Netzwierker eng manipul\u00e9iert Foto am \u00cbmlaf, op d\u00e4r d'Gesiicht vum ungaresche Ministerpresident, Viktor Orb\u00e1n ze gesinn ass.","og_url":"https:\/\/belux.edmo.eu\/lb\/faktencheck-foto-vun-hondsfudder-mam-gesiicht-vum-viktor-orban-ass-manipuliert\/","og_site_name":"EDMO Belux","article_published_time":"2023-08-15T12:00:02+00:00","article_modified_time":"2023-09-12T10:03:13+00:00","og_image":[{"width":1080,"height":540,"url":"https:\/\/belux-edmo.s3-accelerate.amazonaws.com\/wp-content\/uploads\/2023\/08\/6a143a3f637411841503eedd61d6484d.jpeg","type":"image\/jpeg"}],"author":"master","twitter_card":"summary_large_image","twitter_creator":"@Edmo_Belux","twitter_site":"@Edmo_Belux","twitter_misc":{"Written by":"master","Est. reading time":"3 minutes"},"schema":{"@context":"https:\/\/schema.org","@graph":[{"@type":"Article","@id":"https:\/\/belux.edmo.eu\/lb\/faktencheck-foto-vun-hondsfudder-mam-gesiicht-vum-viktor-orban-ass-manipuliert\/#article","isPartOf":{"@id":"https:\/\/belux.edmo.eu\/lb\/faktencheck-foto-vun-hondsfudder-mam-gesiicht-vum-viktor-orban-ass-manipuliert\/"},"author":{"name":"master","@id":"https:\/\/belux.edmo.eu\/#\/schema\/person\/dbe3b252258537fd318f9b5645a30342"},"headline":"Faktencheck: Foto vun Hondsfudder mam Gesiicht vum Viktor Orban ass manipul\u00e9iert","datePublished":"2023-08-15T12:00:02+00:00","dateModified":"2023-09-12T10:03:13+00:00","mainEntityOfPage":{"@id":"https:\/\/belux.edmo.eu\/lb\/faktencheck-foto-vun-hondsfudder-mam-gesiicht-vum-viktor-orban-ass-manipuliert\/"},"wordCount":581,"publisher":{"@id":"https:\/\/belux.edmo.eu\/#organization"},"image":{"@id":"https:\/\/belux.edmo.eu\/lb\/faktencheck-foto-vun-hondsfudder-mam-gesiicht-vum-viktor-orban-ass-manipuliert\/#primaryimage"},"thumbnailUrl":"https:\/\/belux-edmo.s3-accelerate.amazonaws.com\/wp-content\/uploads\/2023\/08\/6a143a3f637411841503eedd61d6484d.jpeg","articleSection":["Gesellschaft","Politik","Uncategorized @lb"],"inLanguage":"lb-LU"},{"@type":"WebPage","@id":"https:\/\/belux.edmo.eu\/lb\/faktencheck-foto-vun-hondsfudder-mam-gesiicht-vum-viktor-orban-ass-manipuliert\/","url":"https:\/\/belux.edmo.eu\/lb\/faktencheck-foto-vun-hondsfudder-mam-gesiicht-vum-viktor-orban-ass-manipuliert\/","name":"Faktencheck: Foto vun Hondsfudder mam Gesiicht vum Viktor Orban ass manipul\u00e9iert - EDMO Belux","isPartOf":{"@id":"https:\/\/belux.edmo.eu\/#website"},"primaryImageOfPage":{"@id":"https:\/\/belux.edmo.eu\/lb\/faktencheck-foto-vun-hondsfudder-mam-gesiicht-vum-viktor-orban-ass-manipuliert\/#primaryimage"},"image":{"@id":"https:\/\/belux.edmo.eu\/lb\/faktencheck-foto-vun-hondsfudder-mam-gesiicht-vum-viktor-orban-ass-manipuliert\/#primaryimage"},"thumbnailUrl":"https:\/\/belux-edmo.s3-accelerate.amazonaws.com\/wp-content\/uploads\/2023\/08\/6a143a3f637411841503eedd61d6484d.jpeg","datePublished":"2023-08-15T12:00:02+00:00","dateModified":"2023-09-12T10:03:13+00:00","breadcrumb":{"@id":"https:\/\/belux.edmo.eu\/lb\/faktencheck-foto-vun-hondsfudder-mam-gesiicht-vum-viktor-orban-ass-manipuliert\/#breadcrumb"},"inLanguage":"lb-LU","potentialAction":[{"@type":"ReadAction","target":["https:\/\/belux.edmo.eu\/lb\/faktencheck-foto-vun-hondsfudder-mam-gesiicht-vum-viktor-orban-ass-manipuliert\/"]}]},{"@type":"ImageObject","inLanguage":"lb-LU","@id":"https:\/\/belux.edmo.eu\/lb\/faktencheck-foto-vun-hondsfudder-mam-gesiicht-vum-viktor-orban-ass-manipuliert\/#primaryimage","url":"https:\/\/belux-edmo.s3-accelerate.amazonaws.com\/wp-content\/uploads\/2023\/08\/6a143a3f637411841503eedd61d6484d.jpeg","contentUrl":"https:\/\/belux-edmo.s3-accelerate.amazonaws.com\/wp-content\/uploads\/2023\/08\/6a143a3f637411841503eedd61d6484d.jpeg","width":1080,"height":540,"caption":"Faktencheck: Foto vun Hondsfudder mam Gesiicht vum Viktor Orban ass manipul\u00e9iert - Featured image"},{"@type":"BreadcrumbList","@id":"https:\/\/belux.edmo.eu\/lb\/faktencheck-foto-vun-hondsfudder-mam-gesiicht-vum-viktor-orban-ass-manipuliert\/#breadcrumb","itemListElement":[{"@type":"ListItem","position":1,"name":"Home","item":"https:\/\/belux.edmo.eu\/lb\/"},{"@type":"ListItem","position":2,"name":"Faktencheck: Foto vun Hondsfudder mam Gesiicht vum Viktor Orban ass manipul\u00e9iert"}]},{"@type":"WebSite","@id":"https:\/\/belux.edmo.eu\/#website","url":"https:\/\/belux.edmo.eu\/","name":"EDMO Belux","description":"Monitoring Disinformation in Belgium and Luxembourg","publisher":{"@id":"https:\/\/belux.edmo.eu\/#organization"},"potentialAction":[{"@type":"SearchAction","target":{"@type":"EntryPoint","urlTemplate":"https:\/\/belux.edmo.eu\/?s={search_term_string}"},"query-input":{"@type":"PropertyValueSpecification","valueRequired":true,"valueName":"search_term_string"}}],"inLanguage":"lb-LU"},{"@type":"Organization","@id":"https:\/\/belux.edmo.eu\/#organization","name":"EDMO Belux","url":"https:\/\/belux.edmo.eu\/","logo":{"@type":"ImageObject","inLanguage":"lb-LU","@id":"https:\/\/belux.edmo.eu\/#\/schema\/logo\/image\/","url":"https:\/\/belux.edmo.eu\/wp-content\/uploads\/2021\/12\/belux-logo-full-color-rgb.svg","contentUrl":"https:\/\/belux.edmo.eu\/wp-content\/uploads\/2021\/12\/belux-logo-full-color-rgb.svg","width":1,"height":1,"caption":"EDMO Belux"},"image":{"@id":"https:\/\/belux.edmo.eu\/#\/schema\/logo\/image\/"},"sameAs":["https:\/\/x.com\/Edmo_Belux"]},{"@type":"Person","@id":"https:\/\/belux.edmo.eu\/#\/schema\/person\/dbe3b252258537fd318f9b5645a30342","name":"master","sameAs":["https:\/\/belux.wpengine.com"],"url":"https:\/\/belux.edmo.eu\/lb\/author\/master\/"}]}},"menu_order":0,"_links":{"self":[{"href":"https:\/\/belux.edmo.eu\/lb\/wp-json\/wp\/v2\/posts\/280103","targetHints":{"allow":["GET"]}}],"collection":[{"href":"https:\/\/belux.edmo.eu\/lb\/wp-json\/wp\/v2\/posts"}],"about":[{"href":"https:\/\/belux.edmo.eu\/lb\/wp-json\/wp\/v2\/types\/post"}],"author":[{"embeddable":true,"href":"https:\/\/belux.edmo.eu\/lb\/wp-json\/wp\/v2\/users\/1"}],"replies":[{"embeddable":true,"href":"https:\/\/belux.edmo.eu\/lb\/wp-json\/wp\/v2\/comments?post=280103"}],"version-history":[{"count":0,"href":"https:\/\/belux.edmo.eu\/lb\/wp-json\/wp\/v2\/posts\/280103\/revisions"}],"wp:featuredmedia":[{"embeddable":true,"href":"https:\/\/belux.edmo.eu\/lb\/wp-json\/wp\/v2\/media\/280083"}],"wp:attachment":[{"href":"https:\/\/belux.edmo.eu\/lb\/wp-json\/wp\/v2\/media?parent=280103"}],"wp:term":[{"taxonomy":"category","embeddable":true,"href":"https:\/\/belux.edmo.eu\/lb\/wp-json\/wp\/v2\/categories?post=280103"},{"taxonomy":"post_tag","embeddable":true,"href":"https:\/\/belux.edmo.eu\/lb\/wp-json\/wp\/v2\/tags?post=280103"}],"curies":[{"name":"wp","href":"https:\/\/api.w.org\/{rel}","templated":true}]}}