{"id":281440,"date":"2023-08-19T12:00:41","date_gmt":"2023-08-19T12:00:41","guid":{"rendered":"https:\/\/belux.edmo.eu\/?p=281440"},"modified":"2023-08-22T14:09:58","modified_gmt":"2023-08-22T14:09:58","slug":"faktencheck-beweisen-ds-fotoen-dass-russland-brittesch-frachtschffer-bombardiert-huet","status":"publish","type":"post","link":"https:\/\/belux.edmo.eu\/lb\/faktencheck-beweisen-ds-fotoen-dass-russland-brittesch-frachtschffer-bombardiert-huet\/","title":{"rendered":"Faktencheck: Beweisen d\u00ebs Fotoen, dass Russland brittesch Frachtsch\u00ebffer bombard\u00e9iert huet?"},"content":{"rendered":"<article>\n<div>\n<div>\n<p>&nbsp;<\/p>\n<\/div>\n<div>\n<p>A sozialen Netzwierker ginn zwou Fotoe gedeelt, d\u00e9i angeeblech d&#8217;Follge vun enger Bombard\u00e9ierung vu brittesche Frachtsch\u00ebffer duerch d\u00e9i russesch Loftwaff am Hafe vun Odessa am S\u00fcde vun der Ukrain de 16. Juli 2023 weisen.<\/p>\n<p>&#8220;An de fr\u00e9ie Moiesstonne vum 16. Juli huet d\u00e9i russesch Loftwaff e Waffendepot an der ukrainescher Hafestad Odessa ugegraff&#8221;, heescht et an engem B\u00e4itrag op der chineesescher Internets\u00e4it Zhihu an einfachem Chineesesch. De B\u00e4itrag gouf de 17. Juli 2023 am Internetforum ver\u00ebffentlecht.<\/p>\n<p>&#8220;Zwee brittesch Frachtsch\u00ebffer, d\u00e9i f\u00ebnnef Kilometer ewech waren, goufen attack\u00e9iert&#8221;, steet weider am Text.<\/p>\n<p><img src=\"https:\/\/belux-edmo.s3-accelerate.amazonaws.com\/wp-content\/uploads\/2023\/08\/d8968ad4200837686ad8d4eb90a69381.jpeg\" alt=\"RTL\" \/> \u00a9 AFP<\/p>\n<p>De B\u00e4itrag gouf ver\u00ebffentlecht, nodeem sech Russland geweigert hat, en Ofkommes ze verl\u00e4ngeren, dat der Ukrain den Export vu K\u00e4ren iwwer den Hafe vu Odessa erlaabt.<\/p>\n<p>Engem <a href=\"https:\/\/www.rfi.fr\/en\/business-and-tech\/20230717-russia-says-ukraine-grain-export-deal-ended\" target=\"_blank\" rel=\"noopener\">AFP-Bericht<\/a> no huet dat ukrainescht Milit\u00e4r Russland den 18. Juli 2023 besch\u00ebllegt, just e puer Stonnen nom Auslafe vum Ofkommes, den Hafe vun Odessa ugegraff a verschidden Ariichtunge beschiedegt ze hunn (<a href=\"https:\/\/perma.cc\/8RBV-D9QZ\">hei<\/a> archiv\u00e9iert).<\/p>\n<p>D&#8217;Fotoe gouf mat \u00e4nleche Behaaptungen och op X, fr\u00e9ier Twitter, gedeelt, op <a href=\"https:\/\/archive.ph\/aKZBs\">Douyin<\/a>, souw\u00e9i a chineesesche sozialen Netzwierker w\u00e9i <a href=\"https:\/\/archive.ph\/jo0Lm\">Weibo<\/a>, <a href=\"https:\/\/archive.ph\/dHjrz\">Wechat<\/a> a <a href=\"https:\/\/archive.ph\/yiZZq\">Xiaohongshu<\/a>. D&#8217;Behaaptungen a Biller goufen och op de chineeseschen Norichteportaler <a href=\"https:\/\/archive.ph\/QkYfz\">Toutiao<\/a>, <a href=\"https:\/\/archive.ph\/cQjCQ\">Netease<\/a> a <a href=\"https:\/\/archive.ph\/sMXRB\">Sina<\/a> ver\u00ebffentlecht.<\/p>\n<p>D&#8217;Fotoe stamen awer aus der Z\u00e4it virum Amarsch vu russeschen Truppen an d&#8217;Ukrain. Eng vun de Fotoen an deem ierf\u00e9ierende B\u00e4itrag gouf 2020 a Libyen geschoss, w\u00e4rend d\u00e9i aner d&#8217;Nowierkunge vun engem Brand an engem indoneeseschen Hafen am Joer 2019 weist.<\/p>\n<p style=\"text-align: left;\">Libysch Ugr\u00ebffer am Hafe vun Tripolis<\/p>\n<p>Eng Kombinatioun aus <a href=\"https:\/\/www.youtube.com\/watch?v=l2SbfqF-2Rg\" target=\"_blank\" rel=\"noopener\">St\u00e9chwierdersich<\/a> an <a href=\"https:\/\/www.youtube.com\/watch?v=W9JkBkOE0TM\" target=\"_blank\" rel=\"noopener\">\u00ebmgek\u00e9ierter Billersich<\/a> huet erginn, dass eng vun de Fotoen am <a href=\"https:\/\/twitter.com\/Conflicts\/status\/1229745393770123266\" target=\"_blank\" rel=\"noopener\">Februar 2020 op Twitter gedeelt<\/a> gouf (<a href=\"https:\/\/web.archive.org\/web\/20230809101747\/https:\/\/twitter.com\/Conflicts\/status\/1229745393770123266\">hei<\/a> archiv\u00e9iert).<\/p>\n<p>De B\u00e4itrag gouf ver\u00ebffentlecht, w\u00e9i de Fernseesender <a href=\"https:\/\/english.alarabiya.net\/News\/north-africa\/2020\/02\/18\/Libyan-Army-targets-Turkish-ship-carrying-weapons-in-Tripoli-port\">Al-arabiya News<\/a>, deen zu Dubai us\u00e4sseg ass, den 18. Februar 2020 bericht huet, dass d&#8217;libysch Nationalarm\u00e9i e Frachtsch\u00ebff mat Munitioun a Waffen aus der Tierkei am Hafe vun der Haaptstad Tripolis un der nordwestlecher K\u00fcst vu Libyen ugegraff hat (<a href=\"https:\/\/web.archive.org\/web\/20221205154154\/https:\/\/english.alarabiya.net\/News\/north-africa\/2020\/02\/18\/Libyan-Army-targets-Turkish-ship-carrying-weapons-in-Tripoli-port\">hei<\/a> archiv\u00e9iert).<\/p>\n<p><img src=\"https:\/\/belux-edmo.s3-accelerate.amazonaws.com\/wp-content\/uploads\/2023\/08\/3745e5e60206fb55453c775d780cba23.jpeg\" alt=\"RTL\" \/> \u00a9 AFP<\/p>\n<p>Eng Analys vun der Foto mat den ierf\u00e9ierende Behaaptungen, d\u00e9i a sozialen Netzwierker verbreet gouf, huet entspriechend Symboler ronder\u00ebm den Hafe vun Tripolis erginn. Dozou geh\u00e9ieren d&#8217;Tierm <a href=\"https:\/\/www.google.com\/maps\/place\/Tripoli+Tower\/@32.8922137,13.1672748,326m\/data=!3m1!1e3!4m6!3m5!1s0x13a8ed369192a59f:0xb2395b22d1728b26!8m2!3d32.8917704!4d13.1672333!16s%2Fg%2F11bzwq6cnb?entry=ttu\">Tripoli Tower<\/a> und <a href=\"https:\/\/www.google.com\/maps\/place\/Bulayla's+Tower\/@32.8914257,13.1667796,326m\/data=!3m1!1e3!4m6!3m5!1s0x13a8ed36c3b5feb3:0xb18ec26f0c07310e!8m2!3d32.8912251!4d13.1664521!16s%2Fg%2F11g8bx1fln?entry=ttu\">Bulayla&#8217;s Tower<\/a> (archiv\u00e9iert Links <a href=\"https:\/\/archive.ph\/YG7RL\">hei<\/a> an <a href=\"https:\/\/archive.ph\/nhNgq\">hei<\/a>).<\/p>\n<p><img src=\"https:\/\/belux-edmo.s3-accelerate.amazonaws.com\/wp-content\/uploads\/2023\/08\/b18592396312c2a4ab160604c483f415.jpeg\" alt=\"RTL\" \/> \u00a9 AFP<\/p>\n<p>Gebaier mat w\u00e4issen Baussew\u00e4nn, d\u00e9i am Vierdergrond vun der Foto an den ierf\u00e9ierende B\u00e4itr\u00e4g ze gesi sinn, st\u00ebmme mat Gebaier iwwereneen, d\u00e9i op Fotoen a Satellittebiller op Google Earth a Google Maps ze gesi sinn.<\/p>\n<p><img src=\"https:\/\/belux-edmo.s3-accelerate.amazonaws.com\/wp-content\/uploads\/2023\/08\/9fa807a2d4dc747e1d5eda33818ec6e3.jpeg\" alt=\"RTL\" \/> \u00a9 AFP<\/p>\n<p style=\"text-align: left;\">Br\u00e4nn an Indonesien<\/p>\n<p>Eng <a href=\"https:\/\/www.youtube.com\/watch?v=W9JkBkOE0TM\" target=\"_blank\" rel=\"noopener\">\u00ebmgek\u00e9iert Billersich<\/a> op Google huet erginn, dass d\u00e9i zweet Foto am ierf\u00e9ierende B\u00e4itrag vun der indoneesescher Norichtenagence <a href=\"https:\/\/www.antarafoto.com\/view\/887353\/kebakaran-kapal-di-pelabuhan-muara-baru\">Antara News<\/a> den 23. Februar 2019 ver\u00ebffentlecht gouf (<a href=\"https:\/\/perma.cc\/EN3N-LGG4\">hei<\/a> archiv\u00e9iert).<\/p>\n<p>D&#8217;Bild\u00ebnnerschr\u00ebft heescht aus dem Indoneeseschen iwwersat: &#8220;Pompjee\u00eb versichen, d&#8217;Feier ze l\u00e4schen, dat F\u00ebscherbooter am Hafe vu Muara Baru, Jakarta, e Samschdeg erreecht huet (23\/02\/19)&#8221;.<\/p>\n<p>D&#8217;Feier hat Dosende vu Sch\u00ebffer zerst\u00e9iert an dr\u00e4i Persoune bless\u00e9iert, sou e <a href=\"https:\/\/www.thejakartapost.com\/news\/2019\/02\/24\/dozens-of-vessels-catch-fire-in-muara-baru-three-injured.html\">Bericht<\/a> vun der engleschsproocheger Dageszeitung Jakarta Post an Indonesien vum 24. Februar 2019 (<a href=\"https:\/\/perma.cc\/5R3N-HB7G\">hei<\/a> archiv\u00e9iert).<\/p>\n<p><img src=\"https:\/\/belux-edmo.s3-accelerate.amazonaws.com\/wp-content\/uploads\/2023\/08\/92ff4f053595a79aac6e3d916ebd457d.jpeg\" alt=\"RTL\" \/> \u00a9 AFP<\/p>\n<p>An der T\u00ebschenz\u00e4it war a S\u00fcdafrika eng weider <a href=\"https:\/\/archive.ph\/ook81\" target=\"_blank\" rel=\"noopener\">falsch Behaaptung<\/a> iwwer d\u00ebse\u00a0<a href=\"https:\/\/www.youtube.com\/watch?v=u1P5cVMxhyI\">Video<\/a> am \u00cbmlaf, deen dr\u00e4i verschidden <a href=\"https:\/\/twitter.com\/JonahTillman6\/status\/1290883616457793539\" target=\"_blank\" rel=\"noopener\">Extraite<\/a> kombin\u00e9iert (archiv\u00e9iert <a href=\"https:\/\/web.archive.org\/web\/20230809102512\/https:\/\/www.youtube.com\/watch?v=u1P5cVMxhyI\">hei<\/a>, <a href=\"https:\/\/web.archive.org\/web\/20230809132522\/https:\/\/twitter.com\/Yaacoubissa\/status\/1290945819487739904\">hei<\/a> an <a href=\"https:\/\/web.archive.org\/web\/20230809132648\/https:\/\/twitter.com\/JonahTillman6\/status\/1290883616457793539\">hei<\/a>) an a Wierklechkeet eng d\u00e9idlech Explosioun weist, d\u00e9i Beirut am Libanon am August 2020 getraff hat.<\/p>\n<p>D&#8217;AFP huet keng glafwierdeg Berichter iwwer e vu Russland gef\u00e9ierte Rak\u00e9itenugr\u00ebff op brittesch Frachtsch\u00ebffer an der Ukrain am Juli 2023 fonnt.<\/p>\n<p><strong>Fazit<\/strong>: D&#8217;Fotoe weise keng russesch Attack op brittesch Frachtsch\u00ebffer an der Ukrain am Juli 2023. D&#8217;Biller stamen aus enger Z\u00e4it virun dem russeschen Ugr\u00ebffskrich an der Ukrain a goufe bei Br\u00e4nn bzw. Explosiounen a Libyen an Indonesien gemaach.<\/p>\n<p><em>D\u00ebsen AFP-Artikel gouf vun RTL op L\u00ebtzebuergesch iwwersat.<\/em><\/p>\n<\/div>\n<\/div>\n<\/article>\n","protected":false},"excerpt":{"rendered":"<p>A sozialen Netzwierker ginn zwou Fotoe gedeelt, d\u00e9i angeeblech d&#8217;Follge vun enger Bombard\u00e9ierung vu brittesche Frachtsch\u00ebffer duerch d\u00e9i russesch Loftwaff am Hafe vun Odessa am S\u00fcde vun der Ukrain de 16. Juli 2023 weisen.<\/p>\n","protected":false},"author":1,"featured_media":281410,"comment_status":"closed","ping_status":"open","sticky":false,"template":"","format":"standard","meta":{"_acf_changed":false,"footnotes":""},"categories":[183,191,217],"tags":[],"class_list":{"0":"post-281440","1":"post","2":"type-post","3":"status-publish","4":"format-standard","5":"has-post-thumbnail","7":"category-fact-check-lb","8":"category-politik","9":"category-ukraine-lb"},"acf":{"show_metatags":true,"id":"2103580","authors":"RTL L\u00ebtzebuerg","organization":"RTL","featured_image_copyright":"","text_copyright":"Copyright RTL \/ CLT-UFA S.A.","source":"https:\/\/www.rtl.lu\/news\/faktencheck\/a\/2103580.html","fact_checker":"https:\/\/belux.wpengine.com\/wp-content\/uploads\/2021\/12\/rtl_logo.png","type":"Closed Event","location":"","start_date":"","start_date_event_begins_at":"","start_date_event_ends_at":"","end_date":"","end_date_event_begins_at":"","end_date_event_ends_at":"","organizer":"","fact_checker_logo_image":false},"yoast_head":"<!-- This site is optimized with the Yoast SEO plugin v27.0 - https:\/\/yoast.com\/product\/yoast-seo-wordpress\/ -->\n<title>Faktencheck: Beweisen d\u00ebs Fotoen, dass Russland brittesch Frachtsch\u00ebffer bombard\u00e9iert huet? - EDMO Belux<\/title>\n<meta name=\"robots\" content=\"index, follow, max-snippet:-1, max-image-preview:large, max-video-preview:-1\" \/>\n<link rel=\"canonical\" href=\"https:\/\/belux.edmo.eu\/lb\/faktencheck-beweisen-ds-fotoen-dass-russland-brittesch-frachtschffer-bombardiert-huet\/\" \/>\n<meta property=\"og:locale\" content=\"en_US\" \/>\n<meta property=\"og:type\" content=\"article\" \/>\n<meta property=\"og:title\" content=\"Faktencheck: Beweisen d\u00ebs Fotoen, dass Russland brittesch Frachtsch\u00ebffer bombard\u00e9iert huet? - EDMO Belux\" \/>\n<meta property=\"og:description\" content=\"A sozialen Netzwierker ginn zwou Fotoe gedeelt, d\u00e9i angeeblech d&#039;Follge vun enger Bombard\u00e9ierung vu brittesche Frachtsch\u00ebffer duerch d\u00e9i russesch Loftwaff am Hafe vun Odessa am S\u00fcde vun der Ukrain de 16. Juli 2023 weisen.\" \/>\n<meta property=\"og:url\" content=\"https:\/\/belux.edmo.eu\/lb\/faktencheck-beweisen-ds-fotoen-dass-russland-brittesch-frachtschffer-bombardiert-huet\/\" \/>\n<meta property=\"og:site_name\" content=\"EDMO Belux\" \/>\n<meta property=\"article:published_time\" content=\"2023-08-19T12:00:41+00:00\" \/>\n<meta property=\"article:modified_time\" content=\"2023-08-22T14:09:58+00:00\" \/>\n<meta property=\"og:image\" content=\"https:\/\/belux-edmo.s3-accelerate.amazonaws.com\/wp-content\/uploads\/2023\/08\/f81e3434f440f328acf13161d638d7f8.jpeg\" \/>\n\t<meta property=\"og:image:width\" content=\"1080\" \/>\n\t<meta property=\"og:image:height\" content=\"540\" \/>\n\t<meta property=\"og:image:type\" content=\"image\/jpeg\" \/>\n<meta name=\"author\" content=\"master\" \/>\n<meta name=\"twitter:card\" content=\"summary_large_image\" \/>\n<meta name=\"twitter:creator\" content=\"@Edmo_Belux\" \/>\n<meta name=\"twitter:site\" content=\"@Edmo_Belux\" \/>\n<meta name=\"twitter:label1\" content=\"Written by\" \/>\n\t<meta name=\"twitter:data1\" content=\"master\" \/>\n\t<meta name=\"twitter:label2\" content=\"Est. reading time\" \/>\n\t<meta name=\"twitter:data2\" content=\"3 minutes\" \/>\n<script type=\"application\/ld+json\" class=\"yoast-schema-graph\">{\"@context\":\"https:\/\/schema.org\",\"@graph\":[{\"@type\":\"Article\",\"@id\":\"https:\/\/belux.edmo.eu\/lb\/faktencheck-beweisen-ds-fotoen-dass-russland-brittesch-frachtschffer-bombardiert-huet\/#article\",\"isPartOf\":{\"@id\":\"https:\/\/belux.edmo.eu\/lb\/faktencheck-beweisen-ds-fotoen-dass-russland-brittesch-frachtschffer-bombardiert-huet\/\"},\"author\":{\"name\":\"master\",\"@id\":\"https:\/\/belux.edmo.eu\/#\/schema\/person\/dbe3b252258537fd318f9b5645a30342\"},\"headline\":\"Faktencheck: Beweisen d\u00ebs Fotoen, dass Russland brittesch Frachtsch\u00ebffer bombard\u00e9iert huet?\",\"datePublished\":\"2023-08-19T12:00:41+00:00\",\"dateModified\":\"2023-08-22T14:09:58+00:00\",\"mainEntityOfPage\":{\"@id\":\"https:\/\/belux.edmo.eu\/lb\/faktencheck-beweisen-ds-fotoen-dass-russland-brittesch-frachtschffer-bombardiert-huet\/\"},\"wordCount\":672,\"publisher\":{\"@id\":\"https:\/\/belux.edmo.eu\/#organization\"},\"image\":{\"@id\":\"https:\/\/belux.edmo.eu\/lb\/faktencheck-beweisen-ds-fotoen-dass-russland-brittesch-frachtschffer-bombardiert-huet\/#primaryimage\"},\"thumbnailUrl\":\"https:\/\/belux-edmo.s3-accelerate.amazonaws.com\/wp-content\/uploads\/2023\/08\/f81e3434f440f328acf13161d638d7f8.jpeg\",\"articleSection\":[\"Fact Check\",\"Politik\",\"Ukraine\"],\"inLanguage\":\"lb-LU\"},{\"@type\":\"WebPage\",\"@id\":\"https:\/\/belux.edmo.eu\/lb\/faktencheck-beweisen-ds-fotoen-dass-russland-brittesch-frachtschffer-bombardiert-huet\/\",\"url\":\"https:\/\/belux.edmo.eu\/lb\/faktencheck-beweisen-ds-fotoen-dass-russland-brittesch-frachtschffer-bombardiert-huet\/\",\"name\":\"Faktencheck: Beweisen d\u00ebs Fotoen, dass Russland brittesch Frachtsch\u00ebffer bombard\u00e9iert huet? - EDMO Belux\",\"isPartOf\":{\"@id\":\"https:\/\/belux.edmo.eu\/#website\"},\"primaryImageOfPage\":{\"@id\":\"https:\/\/belux.edmo.eu\/lb\/faktencheck-beweisen-ds-fotoen-dass-russland-brittesch-frachtschffer-bombardiert-huet\/#primaryimage\"},\"image\":{\"@id\":\"https:\/\/belux.edmo.eu\/lb\/faktencheck-beweisen-ds-fotoen-dass-russland-brittesch-frachtschffer-bombardiert-huet\/#primaryimage\"},\"thumbnailUrl\":\"https:\/\/belux-edmo.s3-accelerate.amazonaws.com\/wp-content\/uploads\/2023\/08\/f81e3434f440f328acf13161d638d7f8.jpeg\",\"datePublished\":\"2023-08-19T12:00:41+00:00\",\"dateModified\":\"2023-08-22T14:09:58+00:00\",\"breadcrumb\":{\"@id\":\"https:\/\/belux.edmo.eu\/lb\/faktencheck-beweisen-ds-fotoen-dass-russland-brittesch-frachtschffer-bombardiert-huet\/#breadcrumb\"},\"inLanguage\":\"lb-LU\",\"potentialAction\":[{\"@type\":\"ReadAction\",\"target\":[\"https:\/\/belux.edmo.eu\/lb\/faktencheck-beweisen-ds-fotoen-dass-russland-brittesch-frachtschffer-bombardiert-huet\/\"]}]},{\"@type\":\"ImageObject\",\"inLanguage\":\"lb-LU\",\"@id\":\"https:\/\/belux.edmo.eu\/lb\/faktencheck-beweisen-ds-fotoen-dass-russland-brittesch-frachtschffer-bombardiert-huet\/#primaryimage\",\"url\":\"https:\/\/belux-edmo.s3-accelerate.amazonaws.com\/wp-content\/uploads\/2023\/08\/f81e3434f440f328acf13161d638d7f8.jpeg\",\"contentUrl\":\"https:\/\/belux-edmo.s3-accelerate.amazonaws.com\/wp-content\/uploads\/2023\/08\/f81e3434f440f328acf13161d638d7f8.jpeg\",\"width\":1080,\"height\":540,\"caption\":\"Faktencheck: Beweisen d\u00ebs Fotoen, dass Russland brittesch Frachtsch\u00ebffer bombard\u00e9iert huet? - Featured image\"},{\"@type\":\"BreadcrumbList\",\"@id\":\"https:\/\/belux.edmo.eu\/lb\/faktencheck-beweisen-ds-fotoen-dass-russland-brittesch-frachtschffer-bombardiert-huet\/#breadcrumb\",\"itemListElement\":[{\"@type\":\"ListItem\",\"position\":1,\"name\":\"Home\",\"item\":\"https:\/\/belux.edmo.eu\/lb\/\"},{\"@type\":\"ListItem\",\"position\":2,\"name\":\"Faktencheck: Beweisen d\u00ebs Fotoen, dass Russland brittesch Frachtsch\u00ebffer bombard\u00e9iert huet?\"}]},{\"@type\":\"WebSite\",\"@id\":\"https:\/\/belux.edmo.eu\/#website\",\"url\":\"https:\/\/belux.edmo.eu\/\",\"name\":\"EDMO Belux\",\"description\":\"Monitoring Disinformation in Belgium and Luxembourg\",\"publisher\":{\"@id\":\"https:\/\/belux.edmo.eu\/#organization\"},\"potentialAction\":[{\"@type\":\"SearchAction\",\"target\":{\"@type\":\"EntryPoint\",\"urlTemplate\":\"https:\/\/belux.edmo.eu\/?s={search_term_string}\"},\"query-input\":{\"@type\":\"PropertyValueSpecification\",\"valueRequired\":true,\"valueName\":\"search_term_string\"}}],\"inLanguage\":\"lb-LU\"},{\"@type\":\"Organization\",\"@id\":\"https:\/\/belux.edmo.eu\/#organization\",\"name\":\"EDMO Belux\",\"url\":\"https:\/\/belux.edmo.eu\/\",\"logo\":{\"@type\":\"ImageObject\",\"inLanguage\":\"lb-LU\",\"@id\":\"https:\/\/belux.edmo.eu\/#\/schema\/logo\/image\/\",\"url\":\"https:\/\/belux.edmo.eu\/wp-content\/uploads\/2021\/12\/belux-logo-full-color-rgb.svg\",\"contentUrl\":\"https:\/\/belux.edmo.eu\/wp-content\/uploads\/2021\/12\/belux-logo-full-color-rgb.svg\",\"width\":1,\"height\":1,\"caption\":\"EDMO Belux\"},\"image\":{\"@id\":\"https:\/\/belux.edmo.eu\/#\/schema\/logo\/image\/\"},\"sameAs\":[\"https:\/\/x.com\/Edmo_Belux\"]},{\"@type\":\"Person\",\"@id\":\"https:\/\/belux.edmo.eu\/#\/schema\/person\/dbe3b252258537fd318f9b5645a30342\",\"name\":\"master\",\"sameAs\":[\"https:\/\/belux.wpengine.com\"],\"url\":\"https:\/\/belux.edmo.eu\/lb\/author\/master\/\"}]}<\/script>\n<!-- \/ Yoast SEO plugin. -->","yoast_head_json":{"title":"Faktencheck: Beweisen d\u00ebs Fotoen, dass Russland brittesch Frachtsch\u00ebffer bombard\u00e9iert huet? - EDMO Belux","robots":{"index":"index","follow":"follow","max-snippet":"max-snippet:-1","max-image-preview":"max-image-preview:large","max-video-preview":"max-video-preview:-1"},"canonical":"https:\/\/belux.edmo.eu\/lb\/faktencheck-beweisen-ds-fotoen-dass-russland-brittesch-frachtschffer-bombardiert-huet\/","og_locale":"en_US","og_type":"article","og_title":"Faktencheck: Beweisen d\u00ebs Fotoen, dass Russland brittesch Frachtsch\u00ebffer bombard\u00e9iert huet? - EDMO Belux","og_description":"A sozialen Netzwierker ginn zwou Fotoe gedeelt, d\u00e9i angeeblech d'Follge vun enger Bombard\u00e9ierung vu brittesche Frachtsch\u00ebffer duerch d\u00e9i russesch Loftwaff am Hafe vun Odessa am S\u00fcde vun der Ukrain de 16. Juli 2023 weisen.","og_url":"https:\/\/belux.edmo.eu\/lb\/faktencheck-beweisen-ds-fotoen-dass-russland-brittesch-frachtschffer-bombardiert-huet\/","og_site_name":"EDMO Belux","article_published_time":"2023-08-19T12:00:41+00:00","article_modified_time":"2023-08-22T14:09:58+00:00","og_image":[{"width":1080,"height":540,"url":"https:\/\/belux-edmo.s3-accelerate.amazonaws.com\/wp-content\/uploads\/2023\/08\/f81e3434f440f328acf13161d638d7f8.jpeg","type":"image\/jpeg"}],"author":"master","twitter_card":"summary_large_image","twitter_creator":"@Edmo_Belux","twitter_site":"@Edmo_Belux","twitter_misc":{"Written by":"master","Est. reading time":"3 minutes"},"schema":{"@context":"https:\/\/schema.org","@graph":[{"@type":"Article","@id":"https:\/\/belux.edmo.eu\/lb\/faktencheck-beweisen-ds-fotoen-dass-russland-brittesch-frachtschffer-bombardiert-huet\/#article","isPartOf":{"@id":"https:\/\/belux.edmo.eu\/lb\/faktencheck-beweisen-ds-fotoen-dass-russland-brittesch-frachtschffer-bombardiert-huet\/"},"author":{"name":"master","@id":"https:\/\/belux.edmo.eu\/#\/schema\/person\/dbe3b252258537fd318f9b5645a30342"},"headline":"Faktencheck: Beweisen d\u00ebs Fotoen, dass Russland brittesch Frachtsch\u00ebffer bombard\u00e9iert huet?","datePublished":"2023-08-19T12:00:41+00:00","dateModified":"2023-08-22T14:09:58+00:00","mainEntityOfPage":{"@id":"https:\/\/belux.edmo.eu\/lb\/faktencheck-beweisen-ds-fotoen-dass-russland-brittesch-frachtschffer-bombardiert-huet\/"},"wordCount":672,"publisher":{"@id":"https:\/\/belux.edmo.eu\/#organization"},"image":{"@id":"https:\/\/belux.edmo.eu\/lb\/faktencheck-beweisen-ds-fotoen-dass-russland-brittesch-frachtschffer-bombardiert-huet\/#primaryimage"},"thumbnailUrl":"https:\/\/belux-edmo.s3-accelerate.amazonaws.com\/wp-content\/uploads\/2023\/08\/f81e3434f440f328acf13161d638d7f8.jpeg","articleSection":["Fact Check","Politik","Ukraine"],"inLanguage":"lb-LU"},{"@type":"WebPage","@id":"https:\/\/belux.edmo.eu\/lb\/faktencheck-beweisen-ds-fotoen-dass-russland-brittesch-frachtschffer-bombardiert-huet\/","url":"https:\/\/belux.edmo.eu\/lb\/faktencheck-beweisen-ds-fotoen-dass-russland-brittesch-frachtschffer-bombardiert-huet\/","name":"Faktencheck: Beweisen d\u00ebs Fotoen, dass Russland brittesch Frachtsch\u00ebffer bombard\u00e9iert huet? - EDMO Belux","isPartOf":{"@id":"https:\/\/belux.edmo.eu\/#website"},"primaryImageOfPage":{"@id":"https:\/\/belux.edmo.eu\/lb\/faktencheck-beweisen-ds-fotoen-dass-russland-brittesch-frachtschffer-bombardiert-huet\/#primaryimage"},"image":{"@id":"https:\/\/belux.edmo.eu\/lb\/faktencheck-beweisen-ds-fotoen-dass-russland-brittesch-frachtschffer-bombardiert-huet\/#primaryimage"},"thumbnailUrl":"https:\/\/belux-edmo.s3-accelerate.amazonaws.com\/wp-content\/uploads\/2023\/08\/f81e3434f440f328acf13161d638d7f8.jpeg","datePublished":"2023-08-19T12:00:41+00:00","dateModified":"2023-08-22T14:09:58+00:00","breadcrumb":{"@id":"https:\/\/belux.edmo.eu\/lb\/faktencheck-beweisen-ds-fotoen-dass-russland-brittesch-frachtschffer-bombardiert-huet\/#breadcrumb"},"inLanguage":"lb-LU","potentialAction":[{"@type":"ReadAction","target":["https:\/\/belux.edmo.eu\/lb\/faktencheck-beweisen-ds-fotoen-dass-russland-brittesch-frachtschffer-bombardiert-huet\/"]}]},{"@type":"ImageObject","inLanguage":"lb-LU","@id":"https:\/\/belux.edmo.eu\/lb\/faktencheck-beweisen-ds-fotoen-dass-russland-brittesch-frachtschffer-bombardiert-huet\/#primaryimage","url":"https:\/\/belux-edmo.s3-accelerate.amazonaws.com\/wp-content\/uploads\/2023\/08\/f81e3434f440f328acf13161d638d7f8.jpeg","contentUrl":"https:\/\/belux-edmo.s3-accelerate.amazonaws.com\/wp-content\/uploads\/2023\/08\/f81e3434f440f328acf13161d638d7f8.jpeg","width":1080,"height":540,"caption":"Faktencheck: Beweisen d\u00ebs Fotoen, dass Russland brittesch Frachtsch\u00ebffer bombard\u00e9iert huet? - Featured image"},{"@type":"BreadcrumbList","@id":"https:\/\/belux.edmo.eu\/lb\/faktencheck-beweisen-ds-fotoen-dass-russland-brittesch-frachtschffer-bombardiert-huet\/#breadcrumb","itemListElement":[{"@type":"ListItem","position":1,"name":"Home","item":"https:\/\/belux.edmo.eu\/lb\/"},{"@type":"ListItem","position":2,"name":"Faktencheck: Beweisen d\u00ebs Fotoen, dass Russland brittesch Frachtsch\u00ebffer bombard\u00e9iert huet?"}]},{"@type":"WebSite","@id":"https:\/\/belux.edmo.eu\/#website","url":"https:\/\/belux.edmo.eu\/","name":"EDMO Belux","description":"Monitoring Disinformation in Belgium and Luxembourg","publisher":{"@id":"https:\/\/belux.edmo.eu\/#organization"},"potentialAction":[{"@type":"SearchAction","target":{"@type":"EntryPoint","urlTemplate":"https:\/\/belux.edmo.eu\/?s={search_term_string}"},"query-input":{"@type":"PropertyValueSpecification","valueRequired":true,"valueName":"search_term_string"}}],"inLanguage":"lb-LU"},{"@type":"Organization","@id":"https:\/\/belux.edmo.eu\/#organization","name":"EDMO Belux","url":"https:\/\/belux.edmo.eu\/","logo":{"@type":"ImageObject","inLanguage":"lb-LU","@id":"https:\/\/belux.edmo.eu\/#\/schema\/logo\/image\/","url":"https:\/\/belux.edmo.eu\/wp-content\/uploads\/2021\/12\/belux-logo-full-color-rgb.svg","contentUrl":"https:\/\/belux.edmo.eu\/wp-content\/uploads\/2021\/12\/belux-logo-full-color-rgb.svg","width":1,"height":1,"caption":"EDMO Belux"},"image":{"@id":"https:\/\/belux.edmo.eu\/#\/schema\/logo\/image\/"},"sameAs":["https:\/\/x.com\/Edmo_Belux"]},{"@type":"Person","@id":"https:\/\/belux.edmo.eu\/#\/schema\/person\/dbe3b252258537fd318f9b5645a30342","name":"master","sameAs":["https:\/\/belux.wpengine.com"],"url":"https:\/\/belux.edmo.eu\/lb\/author\/master\/"}]}},"menu_order":0,"_links":{"self":[{"href":"https:\/\/belux.edmo.eu\/lb\/wp-json\/wp\/v2\/posts\/281440","targetHints":{"allow":["GET"]}}],"collection":[{"href":"https:\/\/belux.edmo.eu\/lb\/wp-json\/wp\/v2\/posts"}],"about":[{"href":"https:\/\/belux.edmo.eu\/lb\/wp-json\/wp\/v2\/types\/post"}],"author":[{"embeddable":true,"href":"https:\/\/belux.edmo.eu\/lb\/wp-json\/wp\/v2\/users\/1"}],"replies":[{"embeddable":true,"href":"https:\/\/belux.edmo.eu\/lb\/wp-json\/wp\/v2\/comments?post=281440"}],"version-history":[{"count":0,"href":"https:\/\/belux.edmo.eu\/lb\/wp-json\/wp\/v2\/posts\/281440\/revisions"}],"wp:featuredmedia":[{"embeddable":true,"href":"https:\/\/belux.edmo.eu\/lb\/wp-json\/wp\/v2\/media\/281410"}],"wp:attachment":[{"href":"https:\/\/belux.edmo.eu\/lb\/wp-json\/wp\/v2\/media?parent=281440"}],"wp:term":[{"taxonomy":"category","embeddable":true,"href":"https:\/\/belux.edmo.eu\/lb\/wp-json\/wp\/v2\/categories?post=281440"},{"taxonomy":"post_tag","embeddable":true,"href":"https:\/\/belux.edmo.eu\/lb\/wp-json\/wp\/v2\/tags?post=281440"}],"curies":[{"name":"wp","href":"https:\/\/api.w.org\/{rel}","templated":true}]}}