{"id":283225,"date":"2023-08-29T14:00:02","date_gmt":"2023-08-29T14:00:02","guid":{"rendered":"https:\/\/belux.edmo.eu\/?p=283225"},"modified":"2023-08-29T14:49:10","modified_gmt":"2023-08-29T14:49:10","slug":"faktencheck-duechter-vum-wef-grnner-schwtzt-sech-net-fir-klima-lockdowns-aus","status":"publish","type":"post","link":"https:\/\/belux.edmo.eu\/lb\/faktencheck-duechter-vum-wef-grnner-schwtzt-sech-net-fir-klima-lockdowns-aus\/","title":{"rendered":"Faktencheck: Duechter vum WEF-Gr\u00ebnner schw\u00e4tzt sech net fir Klima-Lockdowns aus"},"content":{"rendered":"<article>\n<div>\n<p><strong>D&#8217;Duechter vum WEF-Gr\u00ebnner Klaus Schwab, d&#8217;Nicole Schwab, ass Member vum Virstand vum Weltwirtschaftsforum (WEF). A sozialen Netzwierker g\u00ebtt d&#8217;Behaaptung gedeelt, si h\u00e4tt an engem Video vu kommende &#8220;Klima-Lockdowns&#8221; geschwat. An d\u00ebsem Extrait aus dem Joer 2020, dee mat der Behaaptung verbreet g\u00ebtt, schw\u00e4tzt si allerd\u00e9ngs net vu &#8220;Lockdowns&#8221;, mee vun der Noutwendegkeet, den Naturschutz an der Wirtschaft m\u00e9i ze staark ze ber\u00e9cksiichtegen.<\/strong><\/p>\n<\/div>\n<div>\n<p>&#8220;Dauerhaft Klima-Lockdowns kommen &#8211; ob et Iech gef\u00e4lt oder net&#8221;, heescht et a <a href=\"http:\/\/web.archive.org\/web\/20230817102357\/https:\/\/www.facebook.com\/plugins\/post.php?href=https%3A%2F%2Fwww.facebook.com%2Farnefalk.flander%2Fposts%2Fpfbid021JZs4TTS2M4DpzKzsTa84cMNoB462p5MJs4k2UQm448MXxdc5kHUWya5YW79z771l&amp;show_text=true&amp;width=500\" target=\"_blank\" rel=\"noopener\">B\u00e4itr\u00e4g<\/a>, d\u00e9i op Facebook gedeelt ginn. Doran ass e Video mam Nicole Schwab aus dem Joer 2020 an en Artikel ze gesinn, d\u00e9i vermeintlech aus dem Extrait zit\u00e9ieren. Deemno soll si angeeblech soen, dass &#8220;Klima-Lockdowns&#8221; komme w\u00e4erten. A Wierklechkeet schw\u00e4tzt d&#8217;Schwab an deem Video net vun d\u00e4raartege Lockdowns.<\/p>\n<p>Och op <a href=\"http:\/\/web.archive.org\/web\/20230817101406\/https:\/\/twitter.com\/daniel_gugger\/status\/1686267833649446912\" target=\"_blank\" rel=\"noopener\">Twitter<\/a> an <a href=\"https:\/\/perma.cc\/T8BB-55KR\" target=\"_blank\" rel=\"noopener\">Telegram<\/a> ass d&#8217;Behaaptung an \u00cbmlaf, geneesou w\u00e9i an anere Sprooche w\u00e9i <a href=\"https:\/\/perma.cc\/A95C-F9Y2\" target=\"_blank\" rel=\"noopener\">Tschechesch<\/a>, <a href=\"https:\/\/perma.cc\/79Q5-E6NG\" target=\"_blank\" rel=\"noopener\">Englesch<\/a> a <a href=\"https:\/\/archive.is\/bEssz\" target=\"_blank\" rel=\"noopener\">Finnesch<\/a>.<\/p>\n<p><img src=\"https:\/\/belux-edmo.s3-accelerate.amazonaws.com\/wp-content\/uploads\/2023\/08\/a9a86ea4f51c3880b1052b2ebf66e1cf.jpeg\" alt=\"RTL\" \/><\/p>\n<p>De gedeelte Screenshot berout op engem <a href=\"https:\/\/perma.cc\/C77E-Q97K\" target=\"_blank\" rel=\"noopener\">Artikel<\/a><a href=\"https:\/\/perma.cc\/C77E-Q97K\" target=\"_blank\" rel=\"noopener\">vun &#8220;The People&#8217;s Voice&#8221;<\/a> vum 30. Juli 2023. Doran ass e Video enthalen, deen Enn Juli 2023 op der Plattform Rumble eropgeluede gouf. De Video d\u00e9ngt dem Text als Grondlag fir d&#8217;Behaaptung vun den angeebleche Klima-Lockdowns. D&#8217;AFP huet an der Vergaangenheet scho Falschinformatioune vun &#8220;The People&#8217;s Voice&#8221; a <a href=\"https:\/\/factcheck.afp.com\/doc.afp.com.33PE8FC\" target=\"_blank\" rel=\"noopener\">Faktenchecken iwwerpr\u00e9ift<\/a>.<\/p>\n<p><strong>&#8220;Klima-Lockdowns&#8221; ginn net ernimmt<\/strong><\/p>\n<p>De Video gouf urspr\u00e9nglech am Juli 2021 vun der Organisatioun <a href=\"https:\/\/www.intent-for-change.org\/\" target=\"_blank\" rel=\"noopener\">InTent<\/a> am Internet ver\u00ebffentlecht (<a href=\"https:\/\/perma.cc\/TJM6-3PE6\" target=\"_blank\" rel=\"noopener\">hei<\/a> archiv\u00e9iert). Aus der Beschreiwung vum Video, deen och op <a href=\"https:\/\/www.youtube.com\/watch?v=O45_LSRpO5g\" target=\"_blank\" rel=\"noopener\">YouTube<\/a> eropgeluede gouf, geet ervir, dass en zu Yvorne an der Schw\u00e4iz am Juni 2020 opgeholl gouf an domat dr\u00e4i Joer m\u00e9i al w\u00e9i d&#8217;B\u00e4itr\u00e4g mat der Behaaptung ass.<\/p>\n<p>Am Video schw\u00e4tzt d&#8217;Nicole Schwab net vu &#8220;Klima-Lockdowns&#8221;. Amplaz schw\u00e4tzt si doriwwer, w\u00e9i Moossname fir d&#8217;Erhuelung vun der Wirtschaft no der Corona-Pandemie dorop ofzile sollten, eng m\u00e9i nohalteg Ekonomie ze schafen.<\/p>\n<p>&#8220;Ech gesinn et als eng enorm Chance, d\u00ebse groussen Neistart ze erliewen an d\u00ebse risege Geldfloss ze notzen &#8211; fir d\u00e9i gr\u00e9isser Hiewel, d\u00e9i de politeschen Decideuren haut zur Verf\u00fcgung stinn, op eng Aart a Weis ze notzen, w\u00e9i et virdrun net m\u00e9iglech war &#8211; fir e Wandel erb\u00e4izef\u00e9ieren, deen net schr\u00ebttweis erfollegt, mee op dee mir zer\u00e9ckbl\u00e9cken a soe k\u00ebnnen, dass dat de Moment war, an deem mir wierklech ugefaangen hunn, d&#8217;Natur an de M\u00ebttelpunkt vun der Ekonomie ze stellen&#8221;, seet d&#8217;Schwab an deem Video.<\/p>\n<p><iframe title=\"YouTube video player\" src=\"https:\/\/www.youtube.com\/embed\/O45_LSRpO5g\" width=\"560\" height=\"315\" frameborder=\"0\" scrolling=\"auto\" allowfullscreen=\"allowfullscreen\" data-mce-fragment=\"1\"><\/iframe><\/p>\n<p>Den Trevor Chueu, Spriecher vum WEF, huet der AFP g\u00e9intiwwer an enger E-Mail vum 10. August 2023 erkl\u00e4ert, dass d&#8217;<a href=\"https:\/\/perma.cc\/F4QA-AVZQ\" target=\"_blank\" rel=\"noopener\">Nicole Schwab<\/a>, Direktesch vun 1t.org an naturbas\u00e9ierte L\u00e9isungen am WEF, keng Droung iwwer e &#8220;Klima-Lockdown&#8221; ausgeschwat h\u00e4tt. &#8220;Mir k\u00ebnne confirm\u00e9ieren, dass et sech heib\u00e4i \u00ebm Falschinformatiounen handelt&#8221;, huet den Chueu erkl\u00e4ert.<\/p>\n<p><strong>D&#8217;Kontrovers \u00ebm de &#8220;Great Reset&#8221;<\/strong><\/p>\n<p>Den Artikel an d&#8217;B\u00e4itr\u00e4g an de sozialen Netzwierker sinn d\u00e9i neist Beispiller vu <a href=\"..\/..\/storage\/data\/afp\/factcheck_v2\/DE\/fact-checking-search-results?keywords=wef\" target=\"_blank\" rel=\"noopener\">Konspiratiounstheori\u00eb ronder\u00ebm de WEF<\/a>. D&#8217;AFP huet sech scho mat verschiddene Falschbehaaptungen iwwer de Forum ausenanergesat, z.B. d&#8217;Behaaptung, dass <a href=\"..\/..\/storage\/data\/afp\/factcheck_v2\/DE\/doc.afp.com.33MU7MZ\" target=\"_blank\" rel=\"noopener\">K\u00ebnschtlech Intelligenz eng nei Bibel schreiwe<\/a> sollt oder dass de WEF zur <a href=\"..\/..\/storage\/data\/afp\/factcheck_v2\/DE\/doc.afp.com.334Z392\" target=\"_blank\" rel=\"noopener\">S<\/a><a href=\"..\/..\/storage\/data\/afp\/factcheck_v2\/DE\/doc.afp.com.334Z392\" target=\"_blank\" rel=\"noopener\">chluechtung vun Hausd\u00e9ieren opgeruff<\/a> h\u00e4tt.<\/p>\n<p>Am gedeelte Video erw\u00e4\u00e4nt d&#8217;Schwab de &#8220;groussen Neistart&#8221;, also de &#8220;Great Reset&#8221;. Dob\u00e4i handelt et sech \u00ebm e <a href=\"https:\/\/perma.cc\/8RXE-HX6J\" target=\"_blank\" rel=\"noopener\">Konzept<\/a>, dat vum WEF virugedriwwe g\u00ebtt an d&#8217;Weltwirtschaft no der Corona-Pandemie entspriechend de Gronds\u00e4tz vu wirtschaftlecher Fairness an ekologescher Nohaltegkeet \u00ebmgestalte soll. Gl\u00e4ichz\u00e4iteg g\u00ebtt de Begr\u00ebff &#8220;Great Reset&#8221; a Konspiratiounstheori\u00eb genotzt a steet dora fir eng <a href=\"https:\/\/perma.cc\/5XHM-WDKV\" target=\"_blank\" rel=\"noopener\">global<\/a><a href=\"https:\/\/perma.cc\/5XHM-WDKV\" target=\"_blank\" rel=\"noopener\">Konspiratioun vun den Elitten, d\u00e9i no der Weltherrschaft striewen<\/a>.<\/p>\n<p>Den Artikel vu &#8220;People&#8217;s Voice&#8221; ernimmt och d\u00e9i sougenannt <a href=\"https:\/\/perma.cc\/DV8A-CPMJ\" target=\"_blank\" rel=\"noopener\">15-Minutte-Stied<\/a>, e Konzept fir d&#8217;Plange vu Stied, dat dorop ofziilt, Quartieren ze entwerfen, an deenen all d&#8217;Bedierfnesser vun de Bewunner bannent 15 Minutten ze Fouss oder mam V\u00eblo erf\u00ebllt k\u00ebnne ginn. Experten hunn der <a href=\"..\/..\/storage\/data\/afp\/factcheck_v2\/DE\/doc.afp.com.33AP6NJ\" target=\"_blank\" rel=\"noopener\">AFP schonn erkl\u00e4ert<\/a>, dass d&#8217;Zil vun d\u00ebser Philosophie net dora besteet, d&#8217;Beweegungsfr\u00e4iheet vun de M\u00ebnschen anzeschr\u00e4nken.<\/p>\n<p><strong>WEF-Konzepter sollen Naturschutz f\u00ebrderen<\/strong><\/p>\n<p>&#8220;Wirtschaftleche Wuesstem ka mat engem positiven Afloss op d&#8217;Natur anhiergoen. Regenerativ Landwirtschaft ass natierlech och e groussen Deel dovun&#8221;, seet d&#8217;Schwab am gedeelte Video. &#8220;K\u00ebnne mir eis selwer als eng Generatioun vun der \u00cbremhierstellung begr\u00e4ifen?&#8221;, seet si weider.<\/p>\n<p>D&#8217;Konzepter, d\u00e9i vun hir erw\u00e4\u00e4nt ginn, goufe vum WEF an der Vergaangenheet schonn diskut\u00e9iert. Mat der <a href=\"https:\/\/web.archive.org\/web\/20230807170635\/https:\/www.weforum.org\/agenda\/2022\/10\/what-is-regenerative-agriculture\/\" target=\"_blank\" rel=\"noopener\">regenerativer Landwirtschaft<\/a> sollen d&#8217;Biedem verbessert ginn, d\u00e9i duerch den Asaz vu schw\u00e9iere Maschinnen, D\u00fcngem\u00ebttel a Pestiziden an der intensiver Landwirtschaft geschiedegt goufen. D&#8217;Iddi vun der &#8220;<a href=\"https:\/\/perma.cc\/48C9-Q6FJ\" target=\"_blank\" rel=\"noopener\">Generatioun vun der \u00cbremhierstellung<\/a>&#8221; bezitt sech op m\u00e9i jonk M\u00ebnschen, d\u00e9i sech fir den \u00cbmweltschutz asetzen.<\/p>\n<p>D&#8217;Schwab raumt an, dass de Wandel, dee si sech w\u00ebnscht, vill politesche W\u00ebllen erfuerdere g\u00e9if, an dass d&#8217;Acteure vun der Wirtschaft &#8220;mat der gewinnter Praxis brieche missten, awer op eng ganz eescht Aart a Weis, fir ze soen: &#8216;Mir musse ganz schwiereg Entscheedungen treffen&#8217;.&#8221; Si f\u00fc\u00fcgt b\u00e4i: &#8220;D&#8217;Schocke w\u00e4erte kommen an nach schl\u00ebmmer ginn, wa mir elo net handelen.&#8221;<\/p>\n<p>Si erw\u00e4\u00e4nt an hiren Ausf\u00e9ierungen awer keng detaill\u00e9iert politesch Virschl\u00e9i fir d&#8217;\u00cbmsetzung vun d\u00ebser Visioun. D&#8217;AFP konnt keng sou Beleeg dofir fannen, dass d&#8217;Schwab oder de WEF \u00ebffentlech zu &#8220;Klima-Lockdowns&#8221; opgeruff h\u00e4tten.<\/p>\n<p><a href=\"http:\/\/web.archive.org\/web\/20230817102357\/https:\/\/www.facebook.com\/plugins\/post.php?href=https%3A%2F%2Fwww.facebook.com%2Farnefalk.flander%2Fposts%2Fpfbid021JZs4TTS2M4DpzKzsTa84cMNoB462p5MJs4k2UQm448MXxdc5kHUWya5YW79z771l&amp;show_text=true&amp;width=500\" target=\"_blank\" rel=\"noopener\">Ee vun de B\u00e4itr\u00e4g<\/a> zit\u00e9iert en <a href=\"https:\/\/perma.cc\/NP6S-D485\" target=\"_blank\" rel=\"noopener\">Artikel vu &#8220;Report24&#8221;<\/a>. Dora g\u00ebtt zous\u00e4tzlech behaapt, dass &#8220;Klima-Lockdowns&#8221; d&#8217;Ursaache vum Klimawandel net bek\u00e4mpfe&#8221; k\u00e9inten, well CO2 &#8220;just eng limit\u00e9iert Roll a Bezuch op d&#8217;Erwiermung vun der Atmosph\u00e4r&#8221; spille g\u00e9if. Behaaptunge w\u00e9i d\u00ebs huet d&#8217;AFP schonn <a href=\"..\/..\/storage\/data\/afp\/factcheck_v2\/DE\/doc.afp.com.33396Q2\" target=\"_blank\" rel=\"noopener\">hei<\/a> an <a href=\"..\/..\/storage\/data\/afp\/factcheck_v2\/DE\/doc.afp.com.33EW7MV\" target=\"_blank\" rel=\"noopener\">hei<\/a> widderluecht. Bei &#8220;Report24&#8221; handelt et sech \u00ebm eng Internets\u00e4it, d\u00e9i an der Vergaangenheet Falschinformatioune verbreet huet, d\u00e9i vun der AFP iwwerpr\u00e9ift goufen, beispillsweis zu <a href=\"..\/..\/storage\/data\/afp\/factcheck_v2\/DE\/http%253A%252F%252Fdoc.afp.com%252F9R428E-1\" target=\"_blank\" rel=\"noopener\">Corona-Schutzimpfungen<\/a>.<\/p>\n<p><strong>Fazit:<\/strong> Online kurs\u00e9iert e Video, an deem d&#8217;Nicole Schwab 2020 vun der Noutwendegkeet schw\u00e4tzt, bei der wirtschaftlecher Entw\u00e9cklung den Naturschutz m\u00e9i staark an de Fokus ze r\u00e9ckelen. Behaaptungen, dass si dora vun engem &#8220;Klima-Lockdown&#8221; schw\u00e4tzt, deen onweigerlech komme g\u00e9if, si falsch. Am gedeelte Video schw\u00e4tzt d&#8217;Schwab net vu Lockdowns vun d\u00ebser Zort.<\/p>\n<p><em>D\u00ebsen AFP-Artikel gouf vun RTL op L\u00ebtzebuergesch iwwersat.<br \/>\n<\/em><\/p>\n<\/div>\n<\/article>\n","protected":false},"excerpt":{"rendered":"<p>D&#8217;Duechter vum WEF-Gr\u00ebnner Klaus Schwab, d&#8217;Nicole Schwab, ass Member vum Virstand vum Weltwirtschaftsforum (WEF). A sozialen Netzwierker g\u00ebtt d&#8217;Behaaptung gedeelt, si h\u00e4tt an engem Video vu kommende &#8220;Klima-Lockdowns&#8221; geschwat. An d\u00ebsem Extrait aus dem Joer 2020, dee mat der Behaaptung verbreet g\u00ebtt, schw\u00e4tzt si allerd\u00e9ngs net vu &#8220;Lockdowns&#8221;, mee vun der Noutwendegkeet, den Naturschutz an der Wirtschaft m\u00e9i ze staark ze ber\u00e9cksiichtegen.<\/p>\n","protected":false},"author":1,"featured_media":283215,"comment_status":"closed","ping_status":"open","sticky":false,"template":"","format":"standard","meta":{"_acf_changed":false,"footnotes":""},"categories":[189,183],"tags":[],"class_list":{"0":"post-283225","1":"post","2":"type-post","3":"status-publish","4":"format-standard","5":"has-post-thumbnail","7":"category-emwelt","8":"category-fact-check-lb"},"acf":{"show_metatags":true,"id":"2105953","authors":"RTL L\u00ebtzebuerg","organization":"RTL","featured_image_copyright":"","text_copyright":"Copyright RTL \/ CLT-UFA S.A.","source":"https:\/\/www.rtl.lu\/news\/faktencheck\/a\/2105953.html","fact_checker":"https:\/\/belux.wpengine.com\/wp-content\/uploads\/2021\/12\/rtl_logo.png","type":"Closed Event","location":"","start_date":"","start_date_event_begins_at":"","start_date_event_ends_at":"","end_date":"","end_date_event_begins_at":"","end_date_event_ends_at":"","organizer":"","fact_checker_logo_image":false},"yoast_head":"<!-- This site is optimized with the Yoast SEO plugin v27.0 - https:\/\/yoast.com\/product\/yoast-seo-wordpress\/ -->\n<title>Faktencheck: Duechter vum WEF-Gr\u00ebnner schw\u00e4tzt sech net fir Klima-Lockdowns aus - EDMO Belux<\/title>\n<meta name=\"robots\" content=\"index, follow, max-snippet:-1, max-image-preview:large, max-video-preview:-1\" \/>\n<link rel=\"canonical\" href=\"https:\/\/belux.edmo.eu\/lb\/faktencheck-duechter-vum-wef-grnner-schwtzt-sech-net-fir-klima-lockdowns-aus\/\" \/>\n<meta property=\"og:locale\" content=\"en_US\" \/>\n<meta property=\"og:type\" content=\"article\" \/>\n<meta property=\"og:title\" content=\"Faktencheck: Duechter vum WEF-Gr\u00ebnner schw\u00e4tzt sech net fir Klima-Lockdowns aus - EDMO Belux\" \/>\n<meta property=\"og:description\" content=\"D&#039;Duechter vum WEF-Gr\u00ebnner Klaus Schwab, d&#039;Nicole Schwab, ass Member vum Virstand vum Weltwirtschaftsforum (WEF). A sozialen Netzwierker g\u00ebtt d&#039;Behaaptung gedeelt, si h\u00e4tt an engem Video vu kommende &quot;Klima-Lockdowns&quot; geschwat. An d\u00ebsem Extrait aus dem Joer 2020, dee mat der Behaaptung verbreet g\u00ebtt, schw\u00e4tzt si allerd\u00e9ngs net vu &quot;Lockdowns&quot;, mee vun der Noutwendegkeet, den Naturschutz an der Wirtschaft m\u00e9i ze staark ze ber\u00e9cksiichtegen.\" \/>\n<meta property=\"og:url\" content=\"https:\/\/belux.edmo.eu\/lb\/faktencheck-duechter-vum-wef-grnner-schwtzt-sech-net-fir-klima-lockdowns-aus\/\" \/>\n<meta property=\"og:site_name\" content=\"EDMO Belux\" \/>\n<meta property=\"article:published_time\" content=\"2023-08-29T14:00:02+00:00\" \/>\n<meta property=\"article:modified_time\" content=\"2023-08-29T14:49:10+00:00\" \/>\n<meta property=\"og:image\" content=\"https:\/\/belux-edmo.s3-accelerate.amazonaws.com\/wp-content\/uploads\/2023\/08\/61d2ab09b4b26e6534d381c6eb9d0ac9.jpeg\" \/>\n\t<meta property=\"og:image:width\" content=\"1080\" \/>\n\t<meta property=\"og:image:height\" content=\"608\" \/>\n\t<meta property=\"og:image:type\" content=\"image\/jpeg\" \/>\n<meta name=\"author\" content=\"master\" \/>\n<meta name=\"twitter:card\" content=\"summary_large_image\" \/>\n<meta name=\"twitter:creator\" content=\"@Edmo_Belux\" \/>\n<meta name=\"twitter:site\" content=\"@Edmo_Belux\" \/>\n<meta name=\"twitter:label1\" content=\"Written by\" \/>\n\t<meta name=\"twitter:data1\" content=\"master\" \/>\n\t<meta name=\"twitter:label2\" content=\"Est. reading time\" \/>\n\t<meta name=\"twitter:data2\" content=\"5 minutes\" \/>\n<script type=\"application\/ld+json\" class=\"yoast-schema-graph\">{\"@context\":\"https:\/\/schema.org\",\"@graph\":[{\"@type\":\"Article\",\"@id\":\"https:\/\/belux.edmo.eu\/lb\/faktencheck-duechter-vum-wef-grnner-schwtzt-sech-net-fir-klima-lockdowns-aus\/#article\",\"isPartOf\":{\"@id\":\"https:\/\/belux.edmo.eu\/lb\/faktencheck-duechter-vum-wef-grnner-schwtzt-sech-net-fir-klima-lockdowns-aus\/\"},\"author\":{\"name\":\"master\",\"@id\":\"https:\/\/belux.edmo.eu\/#\/schema\/person\/dbe3b252258537fd318f9b5645a30342\"},\"headline\":\"Faktencheck: Duechter vum WEF-Gr\u00ebnner schw\u00e4tzt sech net fir Klima-Lockdowns aus\",\"datePublished\":\"2023-08-29T14:00:02+00:00\",\"dateModified\":\"2023-08-29T14:49:10+00:00\",\"mainEntityOfPage\":{\"@id\":\"https:\/\/belux.edmo.eu\/lb\/faktencheck-duechter-vum-wef-grnner-schwtzt-sech-net-fir-klima-lockdowns-aus\/\"},\"wordCount\":1102,\"publisher\":{\"@id\":\"https:\/\/belux.edmo.eu\/#organization\"},\"image\":{\"@id\":\"https:\/\/belux.edmo.eu\/lb\/faktencheck-duechter-vum-wef-grnner-schwtzt-sech-net-fir-klima-lockdowns-aus\/#primaryimage\"},\"thumbnailUrl\":\"https:\/\/belux-edmo.s3-accelerate.amazonaws.com\/wp-content\/uploads\/2023\/08\/61d2ab09b4b26e6534d381c6eb9d0ac9.jpeg\",\"articleSection\":[\"\u00cbmwelt\",\"Fact Check\"],\"inLanguage\":\"lb-LU\"},{\"@type\":\"WebPage\",\"@id\":\"https:\/\/belux.edmo.eu\/lb\/faktencheck-duechter-vum-wef-grnner-schwtzt-sech-net-fir-klima-lockdowns-aus\/\",\"url\":\"https:\/\/belux.edmo.eu\/lb\/faktencheck-duechter-vum-wef-grnner-schwtzt-sech-net-fir-klima-lockdowns-aus\/\",\"name\":\"Faktencheck: Duechter vum WEF-Gr\u00ebnner schw\u00e4tzt sech net fir Klima-Lockdowns aus - EDMO Belux\",\"isPartOf\":{\"@id\":\"https:\/\/belux.edmo.eu\/#website\"},\"primaryImageOfPage\":{\"@id\":\"https:\/\/belux.edmo.eu\/lb\/faktencheck-duechter-vum-wef-grnner-schwtzt-sech-net-fir-klima-lockdowns-aus\/#primaryimage\"},\"image\":{\"@id\":\"https:\/\/belux.edmo.eu\/lb\/faktencheck-duechter-vum-wef-grnner-schwtzt-sech-net-fir-klima-lockdowns-aus\/#primaryimage\"},\"thumbnailUrl\":\"https:\/\/belux-edmo.s3-accelerate.amazonaws.com\/wp-content\/uploads\/2023\/08\/61d2ab09b4b26e6534d381c6eb9d0ac9.jpeg\",\"datePublished\":\"2023-08-29T14:00:02+00:00\",\"dateModified\":\"2023-08-29T14:49:10+00:00\",\"breadcrumb\":{\"@id\":\"https:\/\/belux.edmo.eu\/lb\/faktencheck-duechter-vum-wef-grnner-schwtzt-sech-net-fir-klima-lockdowns-aus\/#breadcrumb\"},\"inLanguage\":\"lb-LU\",\"potentialAction\":[{\"@type\":\"ReadAction\",\"target\":[\"https:\/\/belux.edmo.eu\/lb\/faktencheck-duechter-vum-wef-grnner-schwtzt-sech-net-fir-klima-lockdowns-aus\/\"]}]},{\"@type\":\"ImageObject\",\"inLanguage\":\"lb-LU\",\"@id\":\"https:\/\/belux.edmo.eu\/lb\/faktencheck-duechter-vum-wef-grnner-schwtzt-sech-net-fir-klima-lockdowns-aus\/#primaryimage\",\"url\":\"https:\/\/belux-edmo.s3-accelerate.amazonaws.com\/wp-content\/uploads\/2023\/08\/61d2ab09b4b26e6534d381c6eb9d0ac9.jpeg\",\"contentUrl\":\"https:\/\/belux-edmo.s3-accelerate.amazonaws.com\/wp-content\/uploads\/2023\/08\/61d2ab09b4b26e6534d381c6eb9d0ac9.jpeg\",\"width\":1080,\"height\":608,\"caption\":\"Faktencheck: Duechter vum WEF-Gr\u00ebnner schw\u00e4tzt sech net fir Klima-Lockdowns aus - Featured image\"},{\"@type\":\"BreadcrumbList\",\"@id\":\"https:\/\/belux.edmo.eu\/lb\/faktencheck-duechter-vum-wef-grnner-schwtzt-sech-net-fir-klima-lockdowns-aus\/#breadcrumb\",\"itemListElement\":[{\"@type\":\"ListItem\",\"position\":1,\"name\":\"Home\",\"item\":\"https:\/\/belux.edmo.eu\/lb\/\"},{\"@type\":\"ListItem\",\"position\":2,\"name\":\"Faktencheck: Duechter vum WEF-Gr\u00ebnner schw\u00e4tzt sech net fir Klima-Lockdowns aus\"}]},{\"@type\":\"WebSite\",\"@id\":\"https:\/\/belux.edmo.eu\/#website\",\"url\":\"https:\/\/belux.edmo.eu\/\",\"name\":\"EDMO Belux\",\"description\":\"Monitoring Disinformation in Belgium and Luxembourg\",\"publisher\":{\"@id\":\"https:\/\/belux.edmo.eu\/#organization\"},\"potentialAction\":[{\"@type\":\"SearchAction\",\"target\":{\"@type\":\"EntryPoint\",\"urlTemplate\":\"https:\/\/belux.edmo.eu\/?s={search_term_string}\"},\"query-input\":{\"@type\":\"PropertyValueSpecification\",\"valueRequired\":true,\"valueName\":\"search_term_string\"}}],\"inLanguage\":\"lb-LU\"},{\"@type\":\"Organization\",\"@id\":\"https:\/\/belux.edmo.eu\/#organization\",\"name\":\"EDMO Belux\",\"url\":\"https:\/\/belux.edmo.eu\/\",\"logo\":{\"@type\":\"ImageObject\",\"inLanguage\":\"lb-LU\",\"@id\":\"https:\/\/belux.edmo.eu\/#\/schema\/logo\/image\/\",\"url\":\"https:\/\/belux.edmo.eu\/wp-content\/uploads\/2021\/12\/belux-logo-full-color-rgb.svg\",\"contentUrl\":\"https:\/\/belux.edmo.eu\/wp-content\/uploads\/2021\/12\/belux-logo-full-color-rgb.svg\",\"width\":1,\"height\":1,\"caption\":\"EDMO Belux\"},\"image\":{\"@id\":\"https:\/\/belux.edmo.eu\/#\/schema\/logo\/image\/\"},\"sameAs\":[\"https:\/\/x.com\/Edmo_Belux\"]},{\"@type\":\"Person\",\"@id\":\"https:\/\/belux.edmo.eu\/#\/schema\/person\/dbe3b252258537fd318f9b5645a30342\",\"name\":\"master\",\"sameAs\":[\"https:\/\/belux.wpengine.com\"],\"url\":\"https:\/\/belux.edmo.eu\/lb\/author\/master\/\"}]}<\/script>\n<!-- \/ Yoast SEO plugin. -->","yoast_head_json":{"title":"Faktencheck: Duechter vum WEF-Gr\u00ebnner schw\u00e4tzt sech net fir Klima-Lockdowns aus - EDMO Belux","robots":{"index":"index","follow":"follow","max-snippet":"max-snippet:-1","max-image-preview":"max-image-preview:large","max-video-preview":"max-video-preview:-1"},"canonical":"https:\/\/belux.edmo.eu\/lb\/faktencheck-duechter-vum-wef-grnner-schwtzt-sech-net-fir-klima-lockdowns-aus\/","og_locale":"en_US","og_type":"article","og_title":"Faktencheck: Duechter vum WEF-Gr\u00ebnner schw\u00e4tzt sech net fir Klima-Lockdowns aus - EDMO Belux","og_description":"D'Duechter vum WEF-Gr\u00ebnner Klaus Schwab, d'Nicole Schwab, ass Member vum Virstand vum Weltwirtschaftsforum (WEF). A sozialen Netzwierker g\u00ebtt d'Behaaptung gedeelt, si h\u00e4tt an engem Video vu kommende \"Klima-Lockdowns\" geschwat. An d\u00ebsem Extrait aus dem Joer 2020, dee mat der Behaaptung verbreet g\u00ebtt, schw\u00e4tzt si allerd\u00e9ngs net vu \"Lockdowns\", mee vun der Noutwendegkeet, den Naturschutz an der Wirtschaft m\u00e9i ze staark ze ber\u00e9cksiichtegen.","og_url":"https:\/\/belux.edmo.eu\/lb\/faktencheck-duechter-vum-wef-grnner-schwtzt-sech-net-fir-klima-lockdowns-aus\/","og_site_name":"EDMO Belux","article_published_time":"2023-08-29T14:00:02+00:00","article_modified_time":"2023-08-29T14:49:10+00:00","og_image":[{"width":1080,"height":608,"url":"https:\/\/belux-edmo.s3-accelerate.amazonaws.com\/wp-content\/uploads\/2023\/08\/61d2ab09b4b26e6534d381c6eb9d0ac9.jpeg","type":"image\/jpeg"}],"author":"master","twitter_card":"summary_large_image","twitter_creator":"@Edmo_Belux","twitter_site":"@Edmo_Belux","twitter_misc":{"Written by":"master","Est. reading time":"5 minutes"},"schema":{"@context":"https:\/\/schema.org","@graph":[{"@type":"Article","@id":"https:\/\/belux.edmo.eu\/lb\/faktencheck-duechter-vum-wef-grnner-schwtzt-sech-net-fir-klima-lockdowns-aus\/#article","isPartOf":{"@id":"https:\/\/belux.edmo.eu\/lb\/faktencheck-duechter-vum-wef-grnner-schwtzt-sech-net-fir-klima-lockdowns-aus\/"},"author":{"name":"master","@id":"https:\/\/belux.edmo.eu\/#\/schema\/person\/dbe3b252258537fd318f9b5645a30342"},"headline":"Faktencheck: Duechter vum WEF-Gr\u00ebnner schw\u00e4tzt sech net fir Klima-Lockdowns aus","datePublished":"2023-08-29T14:00:02+00:00","dateModified":"2023-08-29T14:49:10+00:00","mainEntityOfPage":{"@id":"https:\/\/belux.edmo.eu\/lb\/faktencheck-duechter-vum-wef-grnner-schwtzt-sech-net-fir-klima-lockdowns-aus\/"},"wordCount":1102,"publisher":{"@id":"https:\/\/belux.edmo.eu\/#organization"},"image":{"@id":"https:\/\/belux.edmo.eu\/lb\/faktencheck-duechter-vum-wef-grnner-schwtzt-sech-net-fir-klima-lockdowns-aus\/#primaryimage"},"thumbnailUrl":"https:\/\/belux-edmo.s3-accelerate.amazonaws.com\/wp-content\/uploads\/2023\/08\/61d2ab09b4b26e6534d381c6eb9d0ac9.jpeg","articleSection":["\u00cbmwelt","Fact Check"],"inLanguage":"lb-LU"},{"@type":"WebPage","@id":"https:\/\/belux.edmo.eu\/lb\/faktencheck-duechter-vum-wef-grnner-schwtzt-sech-net-fir-klima-lockdowns-aus\/","url":"https:\/\/belux.edmo.eu\/lb\/faktencheck-duechter-vum-wef-grnner-schwtzt-sech-net-fir-klima-lockdowns-aus\/","name":"Faktencheck: Duechter vum WEF-Gr\u00ebnner schw\u00e4tzt sech net fir Klima-Lockdowns aus - EDMO Belux","isPartOf":{"@id":"https:\/\/belux.edmo.eu\/#website"},"primaryImageOfPage":{"@id":"https:\/\/belux.edmo.eu\/lb\/faktencheck-duechter-vum-wef-grnner-schwtzt-sech-net-fir-klima-lockdowns-aus\/#primaryimage"},"image":{"@id":"https:\/\/belux.edmo.eu\/lb\/faktencheck-duechter-vum-wef-grnner-schwtzt-sech-net-fir-klima-lockdowns-aus\/#primaryimage"},"thumbnailUrl":"https:\/\/belux-edmo.s3-accelerate.amazonaws.com\/wp-content\/uploads\/2023\/08\/61d2ab09b4b26e6534d381c6eb9d0ac9.jpeg","datePublished":"2023-08-29T14:00:02+00:00","dateModified":"2023-08-29T14:49:10+00:00","breadcrumb":{"@id":"https:\/\/belux.edmo.eu\/lb\/faktencheck-duechter-vum-wef-grnner-schwtzt-sech-net-fir-klima-lockdowns-aus\/#breadcrumb"},"inLanguage":"lb-LU","potentialAction":[{"@type":"ReadAction","target":["https:\/\/belux.edmo.eu\/lb\/faktencheck-duechter-vum-wef-grnner-schwtzt-sech-net-fir-klima-lockdowns-aus\/"]}]},{"@type":"ImageObject","inLanguage":"lb-LU","@id":"https:\/\/belux.edmo.eu\/lb\/faktencheck-duechter-vum-wef-grnner-schwtzt-sech-net-fir-klima-lockdowns-aus\/#primaryimage","url":"https:\/\/belux-edmo.s3-accelerate.amazonaws.com\/wp-content\/uploads\/2023\/08\/61d2ab09b4b26e6534d381c6eb9d0ac9.jpeg","contentUrl":"https:\/\/belux-edmo.s3-accelerate.amazonaws.com\/wp-content\/uploads\/2023\/08\/61d2ab09b4b26e6534d381c6eb9d0ac9.jpeg","width":1080,"height":608,"caption":"Faktencheck: Duechter vum WEF-Gr\u00ebnner schw\u00e4tzt sech net fir Klima-Lockdowns aus - Featured image"},{"@type":"BreadcrumbList","@id":"https:\/\/belux.edmo.eu\/lb\/faktencheck-duechter-vum-wef-grnner-schwtzt-sech-net-fir-klima-lockdowns-aus\/#breadcrumb","itemListElement":[{"@type":"ListItem","position":1,"name":"Home","item":"https:\/\/belux.edmo.eu\/lb\/"},{"@type":"ListItem","position":2,"name":"Faktencheck: Duechter vum WEF-Gr\u00ebnner schw\u00e4tzt sech net fir Klima-Lockdowns aus"}]},{"@type":"WebSite","@id":"https:\/\/belux.edmo.eu\/#website","url":"https:\/\/belux.edmo.eu\/","name":"EDMO Belux","description":"Monitoring Disinformation in Belgium and Luxembourg","publisher":{"@id":"https:\/\/belux.edmo.eu\/#organization"},"potentialAction":[{"@type":"SearchAction","target":{"@type":"EntryPoint","urlTemplate":"https:\/\/belux.edmo.eu\/?s={search_term_string}"},"query-input":{"@type":"PropertyValueSpecification","valueRequired":true,"valueName":"search_term_string"}}],"inLanguage":"lb-LU"},{"@type":"Organization","@id":"https:\/\/belux.edmo.eu\/#organization","name":"EDMO Belux","url":"https:\/\/belux.edmo.eu\/","logo":{"@type":"ImageObject","inLanguage":"lb-LU","@id":"https:\/\/belux.edmo.eu\/#\/schema\/logo\/image\/","url":"https:\/\/belux.edmo.eu\/wp-content\/uploads\/2021\/12\/belux-logo-full-color-rgb.svg","contentUrl":"https:\/\/belux.edmo.eu\/wp-content\/uploads\/2021\/12\/belux-logo-full-color-rgb.svg","width":1,"height":1,"caption":"EDMO Belux"},"image":{"@id":"https:\/\/belux.edmo.eu\/#\/schema\/logo\/image\/"},"sameAs":["https:\/\/x.com\/Edmo_Belux"]},{"@type":"Person","@id":"https:\/\/belux.edmo.eu\/#\/schema\/person\/dbe3b252258537fd318f9b5645a30342","name":"master","sameAs":["https:\/\/belux.wpengine.com"],"url":"https:\/\/belux.edmo.eu\/lb\/author\/master\/"}]}},"menu_order":0,"_links":{"self":[{"href":"https:\/\/belux.edmo.eu\/lb\/wp-json\/wp\/v2\/posts\/283225","targetHints":{"allow":["GET"]}}],"collection":[{"href":"https:\/\/belux.edmo.eu\/lb\/wp-json\/wp\/v2\/posts"}],"about":[{"href":"https:\/\/belux.edmo.eu\/lb\/wp-json\/wp\/v2\/types\/post"}],"author":[{"embeddable":true,"href":"https:\/\/belux.edmo.eu\/lb\/wp-json\/wp\/v2\/users\/1"}],"replies":[{"embeddable":true,"href":"https:\/\/belux.edmo.eu\/lb\/wp-json\/wp\/v2\/comments?post=283225"}],"version-history":[{"count":0,"href":"https:\/\/belux.edmo.eu\/lb\/wp-json\/wp\/v2\/posts\/283225\/revisions"}],"wp:featuredmedia":[{"embeddable":true,"href":"https:\/\/belux.edmo.eu\/lb\/wp-json\/wp\/v2\/media\/283215"}],"wp:attachment":[{"href":"https:\/\/belux.edmo.eu\/lb\/wp-json\/wp\/v2\/media?parent=283225"}],"wp:term":[{"taxonomy":"category","embeddable":true,"href":"https:\/\/belux.edmo.eu\/lb\/wp-json\/wp\/v2\/categories?post=283225"},{"taxonomy":"post_tag","embeddable":true,"href":"https:\/\/belux.edmo.eu\/lb\/wp-json\/wp\/v2\/tags?post=283225"}],"curies":[{"name":"wp","href":"https:\/\/api.w.org\/{rel}","templated":true}]}}