{"id":286109,"date":"2023-09-14T08:00:28","date_gmt":"2023-09-14T08:00:28","guid":{"rendered":"https:\/\/belux.edmo.eu\/?p=286109"},"modified":"2023-09-12T14:22:31","modified_gmt":"2023-09-12T14:22:31","slug":"belsche-professer-stellt-dfro-existiert-ltzebuerg-wierklech","status":"publish","type":"post","link":"https:\/\/belux.edmo.eu\/lb\/belsche-professer-stellt-dfro-existiert-ltzebuerg-wierklech\/","title":{"rendered":"Belsche Professer stellt d&#8217;Fro: Exist\u00e9iert L\u00ebtzebuerg wierklech?"},"content":{"rendered":"<article>\n<div>\n<p>Am Kader vun eiser Serie iwwert Verschw\u00f6rungstheorien, geet et d\u00ebs K\u00e9ier \u00ebm e Professer, dee sech fir s\u00e4i Cours eng Afale gelooss huet.<\/p>\n<\/div>\n<div>\n<p>Am Joer 2018 huet de Matthieu Peltier senge Studente vun enger Br\u00e9isseler Wirtschaftsschoul d&#8217;Fro opgeworf, ob L\u00ebtzebuerg als Land tats\u00e4chlech exist\u00e9iert. Fir seng Theorie ze \u00ebnnermaueren, dass et eist klengt L\u00e4ndche guer net g\u00ebtt, erkl\u00e4ert de Philosoph, Journalist a Professer:<\/p>\n<p><em>&#8220;L\u00ebtzebuerg ass n\u00ebmmen e Konstrukt fir international Finanzgesch\u00e4fter ofzew\u00e9ckelen am Interessi vun engem klengen elit\u00e4re Grupp.&#8221;<\/em><\/p>\n<p>W\u00e4rend dem ganze Cours weist de Matthieu Peltier senge Studente vill kleng Argumenter. Dor\u00ebnner Aussoe vu Politiker a Feeler vun ausl\u00e4nnesche Medien, d\u00e9i ee falsch interpret\u00e9iere kann.<\/p>\n<p>S\u00ebnn heivunner war et senge Studenten ze weisen, w\u00e9i esou Theori\u00eb funktion\u00e9ieren, an dass d\u00ebst ganz real Konsequenze kann hunn. Engem L\u00ebtzebuerger esou eng Theorie ze present\u00e9ieren, ass warscheinlech net esou einfach. Ma um Enn vu sengem Cours hunn tats\u00e4chlech 50 Prozent vun de Studenten d&#8217;Existenz vu L\u00ebtzebuerg a Fro gestallt.<\/p>\n<p class=\"article-title\">M\u00e4 wisou eng eege Verschw\u00f6rungstheorie erfannen?<\/p>\n<p>Natierlech h\u00e4tt de Matthieu Peltier sech einfach un der Mass u Verschw\u00f6rungetheorie bed\u00e9nge k\u00ebnnen, d\u00e9i an der Welt schonn am \u00cbmlaf sinn. Dem Professer war et awer wichteg, iwwer Verschw\u00f6rungstheorien ze schw\u00e4tzen, ouni iwwert eng ze schw\u00e4tzen, wou de Student eventuell sensibel drop ass. Genee dofir huet hien de Choix getraff, seng eege Verschw\u00f6rungstheorie ze erfannen.<\/p>\n<p>Domat wier d&#8217;Experiment n\u00e4mlech nach m\u00e9i interessant. Et huet n\u00e4mlech erm\u00e9iglecht, eng Theorie, d\u00e9i nach ni do war, auszeprob\u00e9ieren an de Studenten ze weisen, w\u00e9i einfach et ass, Fake News an d&#8217;Welt ze setzen. Natierlech sollt et si awer och dorop opmierksam maachen, w\u00e9i liicht ee sech heiansdo vun eppes iwwerzeege l\u00e9isst.<\/p>\n<p>An d\u00ebsem Video huet de Matthieu Peltier all seng &#8220;Argumenter&#8221; zesummegefaasst a gewisen, w\u00e9i hie sech d\u00e9i Theorie zesummegebaut huet.<\/p>\n<p><iframe style=\"border: none; overflow: hidden;\" src=\"https:\/\/www.facebook.com\/plugins\/video.php?height=314&amp;href=https%3A%2F%2Fwww.facebook.com%2Fmatthieu.peltier.9%2Fvideos%2F651628806197449%2F&amp;show_text=false&amp;width=560&amp;t=0\" width=\"560\" height=\"314\" frameborder=\"0\" scrolling=\"no\" allowfullscreen=\"allowfullscreen\"><\/iframe><\/p>\n<p class=\"article-title\">Wat maache fir seng Verschw\u00f6rungstheorie ze verm\u00ebttelen?<\/p>\n<p>Et ginn eng Partie Methode fir eng Verschw\u00f6rungstheorie glafwierdeg sch\u00e9ngen ze loossen. Eng Verschw\u00f6rungstheorie dierf net komplett aus der Loft gegraff sinn. Sou mussen et an der Theorie och e puer reelle Unhaltspunkte ginn. Duerno sollen d\u00ebs mat Behaaptunge verm\u00ebscht ginn. D\u00ebs weidere gi just d\u00e9i Fakte present\u00e9iert, d\u00e9i d&#8217;Theorie \u00ebnnerst\u00ebtzen an net d\u00e9i, d\u00e9i de G\u00e9igendeel vermudde loossen.<\/p>\n<p>Eng weider Method erkl\u00e4ert eis de Matthieu Peltier:<\/p>\n<p><em>&#8220;On va inonder les gens d&#8217;informations pour essayer de cr\u00e9er une esp\u00e8ce de surcharge cognitive. Ceci va d&#8217;un moment permettre aux gens de se lib\u00e9rer quand je vais leur annoncer la th\u00e8se. \u00c7a c&#8217;est un proc\u00e9d\u00e9 qui fonctionne bien.&#8221;<\/em><\/p>\n<p>D\u00ebs Weideren dierft een d&#8217;These net ze s\u00e9ier als Fakt verkafen, mee et soll ee soen, dass ee sech Froe stellt, Zweiwelen huet an ee sech fir d&#8217;Debatt interess\u00e9iert. Et misst een d&#8217;Zweiwelen als kritesche Geescht verm\u00ebttelen an esou hiert Vertraue gewannen. Esou k\u00e9int ee Fake News verbreeden a glafwierdeg sch\u00e9nge loossen.<\/p>\n<\/div>\n<\/article>\n","protected":false},"excerpt":{"rendered":"<p>Am Kader vun eiser Serie iwwert Verschw\u00f6rungstheorien, geet et d\u00ebs K\u00e9ier \u00ebm e Professer, dee sech fir s\u00e4i Cours eng Afale gelooss huet.<\/p>\n","protected":false},"author":1,"featured_media":286104,"comment_status":"closed","ping_status":"open","sticky":false,"template":"","format":"standard","meta":{"_acf_changed":false,"footnotes":""},"categories":[234,193,191],"tags":[],"class_list":{"0":"post-286109","1":"post","2":"type-post","3":"status-publish","4":"format-standard","5":"has-post-thumbnail","7":"category-fuerschung-studien","8":"category-gesellschaft","9":"category-politik"},"acf":{"show_metatags":true,"id":"2111423","authors":"RTL L\u00ebtzebuerg","organization":"RTL","featured_image_copyright":"","text_copyright":"Copyright RTL \/ CLT-UFA S.A.","source":"https:\/\/www.rtl.lu\/news\/faktencheck\/a\/2111423.html","fact_checker":"https:\/\/belux.wpengine.com\/wp-content\/uploads\/2021\/12\/rtl_logo.png","type":"Closed Event","location":"","start_date":"","start_date_event_begins_at":"","start_date_event_ends_at":"","end_date":"","end_date_event_begins_at":"","end_date_event_ends_at":"","organizer":"","fact_checker_logo_image":false},"yoast_head":"<!-- This site is optimized with the Yoast SEO plugin v27.0 - https:\/\/yoast.com\/product\/yoast-seo-wordpress\/ -->\n<title>Belsche Professer stellt d&#039;Fro: Exist\u00e9iert L\u00ebtzebuerg wierklech? - EDMO Belux<\/title>\n<meta name=\"robots\" content=\"index, follow, max-snippet:-1, max-image-preview:large, max-video-preview:-1\" \/>\n<link rel=\"canonical\" href=\"https:\/\/belux.edmo.eu\/lb\/belsche-professer-stellt-dfro-existiert-ltzebuerg-wierklech\/\" \/>\n<meta property=\"og:locale\" content=\"en_US\" \/>\n<meta property=\"og:type\" content=\"article\" \/>\n<meta property=\"og:title\" content=\"Belsche Professer stellt d&#039;Fro: Exist\u00e9iert L\u00ebtzebuerg wierklech? - EDMO Belux\" \/>\n<meta property=\"og:description\" content=\"Am Kader vun eiser Serie iwwert Verschw\u00f6rungstheorien, geet et d\u00ebs K\u00e9ier \u00ebm e Professer, dee sech fir s\u00e4i Cours eng Afale gelooss huet.\" \/>\n<meta property=\"og:url\" content=\"https:\/\/belux.edmo.eu\/lb\/belsche-professer-stellt-dfro-existiert-ltzebuerg-wierklech\/\" \/>\n<meta property=\"og:site_name\" content=\"EDMO Belux\" \/>\n<meta property=\"article:published_time\" content=\"2023-09-14T08:00:28+00:00\" \/>\n<meta property=\"og:image\" content=\"https:\/\/belux-edmo.s3-accelerate.amazonaws.com\/wp-content\/uploads\/2023\/09\/2b2301b135ef30f6a81e3f1b93ce6656.png\" \/>\n\t<meta property=\"og:image:width\" content=\"1024\" \/>\n\t<meta property=\"og:image:height\" content=\"576\" \/>\n\t<meta property=\"og:image:type\" content=\"image\/png\" \/>\n<meta name=\"author\" content=\"master\" \/>\n<meta name=\"twitter:card\" content=\"summary_large_image\" \/>\n<meta name=\"twitter:creator\" content=\"@Edmo_Belux\" \/>\n<meta name=\"twitter:site\" content=\"@Edmo_Belux\" \/>\n<meta name=\"twitter:label1\" content=\"Written by\" \/>\n\t<meta name=\"twitter:data1\" content=\"master\" \/>\n\t<meta name=\"twitter:label2\" content=\"Est. reading time\" \/>\n\t<meta name=\"twitter:data2\" content=\"3 minutes\" \/>\n<script type=\"application\/ld+json\" class=\"yoast-schema-graph\">{\"@context\":\"https:\/\/schema.org\",\"@graph\":[{\"@type\":\"Article\",\"@id\":\"https:\/\/belux.edmo.eu\/lb\/belsche-professer-stellt-dfro-existiert-ltzebuerg-wierklech\/#article\",\"isPartOf\":{\"@id\":\"https:\/\/belux.edmo.eu\/lb\/belsche-professer-stellt-dfro-existiert-ltzebuerg-wierklech\/\"},\"author\":{\"name\":\"master\",\"@id\":\"https:\/\/belux.edmo.eu\/#\/schema\/person\/dbe3b252258537fd318f9b5645a30342\"},\"headline\":\"Belsche Professer stellt d&#8217;Fro: Exist\u00e9iert L\u00ebtzebuerg wierklech?\",\"datePublished\":\"2023-09-14T08:00:28+00:00\",\"mainEntityOfPage\":{\"@id\":\"https:\/\/belux.edmo.eu\/lb\/belsche-professer-stellt-dfro-existiert-ltzebuerg-wierklech\/\"},\"wordCount\":553,\"publisher\":{\"@id\":\"https:\/\/belux.edmo.eu\/#organization\"},\"image\":{\"@id\":\"https:\/\/belux.edmo.eu\/lb\/belsche-professer-stellt-dfro-existiert-ltzebuerg-wierklech\/#primaryimage\"},\"thumbnailUrl\":\"https:\/\/belux-edmo.s3-accelerate.amazonaws.com\/wp-content\/uploads\/2023\/09\/2b2301b135ef30f6a81e3f1b93ce6656.png\",\"articleSection\":[\"Fuerschung &amp; Studien\",\"Gesellschaft\",\"Politik\"],\"inLanguage\":\"lb-LU\"},{\"@type\":\"WebPage\",\"@id\":\"https:\/\/belux.edmo.eu\/lb\/belsche-professer-stellt-dfro-existiert-ltzebuerg-wierklech\/\",\"url\":\"https:\/\/belux.edmo.eu\/lb\/belsche-professer-stellt-dfro-existiert-ltzebuerg-wierklech\/\",\"name\":\"Belsche Professer stellt d'Fro: Exist\u00e9iert L\u00ebtzebuerg wierklech? - EDMO Belux\",\"isPartOf\":{\"@id\":\"https:\/\/belux.edmo.eu\/#website\"},\"primaryImageOfPage\":{\"@id\":\"https:\/\/belux.edmo.eu\/lb\/belsche-professer-stellt-dfro-existiert-ltzebuerg-wierklech\/#primaryimage\"},\"image\":{\"@id\":\"https:\/\/belux.edmo.eu\/lb\/belsche-professer-stellt-dfro-existiert-ltzebuerg-wierklech\/#primaryimage\"},\"thumbnailUrl\":\"https:\/\/belux-edmo.s3-accelerate.amazonaws.com\/wp-content\/uploads\/2023\/09\/2b2301b135ef30f6a81e3f1b93ce6656.png\",\"datePublished\":\"2023-09-14T08:00:28+00:00\",\"breadcrumb\":{\"@id\":\"https:\/\/belux.edmo.eu\/lb\/belsche-professer-stellt-dfro-existiert-ltzebuerg-wierklech\/#breadcrumb\"},\"inLanguage\":\"lb-LU\",\"potentialAction\":[{\"@type\":\"ReadAction\",\"target\":[\"https:\/\/belux.edmo.eu\/lb\/belsche-professer-stellt-dfro-existiert-ltzebuerg-wierklech\/\"]}]},{\"@type\":\"ImageObject\",\"inLanguage\":\"lb-LU\",\"@id\":\"https:\/\/belux.edmo.eu\/lb\/belsche-professer-stellt-dfro-existiert-ltzebuerg-wierklech\/#primaryimage\",\"url\":\"https:\/\/belux-edmo.s3-accelerate.amazonaws.com\/wp-content\/uploads\/2023\/09\/2b2301b135ef30f6a81e3f1b93ce6656.png\",\"contentUrl\":\"https:\/\/belux-edmo.s3-accelerate.amazonaws.com\/wp-content\/uploads\/2023\/09\/2b2301b135ef30f6a81e3f1b93ce6656.png\",\"width\":1024,\"height\":576,\"caption\":\"Belsche Professer stellt d'Fro: Exist\u00e9iert L\u00ebtzebuerg wierklech? - Featured image\"},{\"@type\":\"BreadcrumbList\",\"@id\":\"https:\/\/belux.edmo.eu\/lb\/belsche-professer-stellt-dfro-existiert-ltzebuerg-wierklech\/#breadcrumb\",\"itemListElement\":[{\"@type\":\"ListItem\",\"position\":1,\"name\":\"Home\",\"item\":\"https:\/\/belux.edmo.eu\/lb\/\"},{\"@type\":\"ListItem\",\"position\":2,\"name\":\"Belsche Professer stellt d&#8217;Fro: Exist\u00e9iert L\u00ebtzebuerg wierklech?\"}]},{\"@type\":\"WebSite\",\"@id\":\"https:\/\/belux.edmo.eu\/#website\",\"url\":\"https:\/\/belux.edmo.eu\/\",\"name\":\"EDMO Belux\",\"description\":\"Monitoring Disinformation in Belgium and Luxembourg\",\"publisher\":{\"@id\":\"https:\/\/belux.edmo.eu\/#organization\"},\"potentialAction\":[{\"@type\":\"SearchAction\",\"target\":{\"@type\":\"EntryPoint\",\"urlTemplate\":\"https:\/\/belux.edmo.eu\/?s={search_term_string}\"},\"query-input\":{\"@type\":\"PropertyValueSpecification\",\"valueRequired\":true,\"valueName\":\"search_term_string\"}}],\"inLanguage\":\"lb-LU\"},{\"@type\":\"Organization\",\"@id\":\"https:\/\/belux.edmo.eu\/#organization\",\"name\":\"EDMO Belux\",\"url\":\"https:\/\/belux.edmo.eu\/\",\"logo\":{\"@type\":\"ImageObject\",\"inLanguage\":\"lb-LU\",\"@id\":\"https:\/\/belux.edmo.eu\/#\/schema\/logo\/image\/\",\"url\":\"https:\/\/belux.edmo.eu\/wp-content\/uploads\/2021\/12\/belux-logo-full-color-rgb.svg\",\"contentUrl\":\"https:\/\/belux.edmo.eu\/wp-content\/uploads\/2021\/12\/belux-logo-full-color-rgb.svg\",\"width\":1,\"height\":1,\"caption\":\"EDMO Belux\"},\"image\":{\"@id\":\"https:\/\/belux.edmo.eu\/#\/schema\/logo\/image\/\"},\"sameAs\":[\"https:\/\/x.com\/Edmo_Belux\"]},{\"@type\":\"Person\",\"@id\":\"https:\/\/belux.edmo.eu\/#\/schema\/person\/dbe3b252258537fd318f9b5645a30342\",\"name\":\"master\",\"sameAs\":[\"https:\/\/belux.wpengine.com\"],\"url\":\"https:\/\/belux.edmo.eu\/lb\/author\/master\/\"}]}<\/script>\n<!-- \/ Yoast SEO plugin. -->","yoast_head_json":{"title":"Belsche Professer stellt d'Fro: Exist\u00e9iert L\u00ebtzebuerg wierklech? - EDMO Belux","robots":{"index":"index","follow":"follow","max-snippet":"max-snippet:-1","max-image-preview":"max-image-preview:large","max-video-preview":"max-video-preview:-1"},"canonical":"https:\/\/belux.edmo.eu\/lb\/belsche-professer-stellt-dfro-existiert-ltzebuerg-wierklech\/","og_locale":"en_US","og_type":"article","og_title":"Belsche Professer stellt d'Fro: Exist\u00e9iert L\u00ebtzebuerg wierklech? - EDMO Belux","og_description":"Am Kader vun eiser Serie iwwert Verschw\u00f6rungstheorien, geet et d\u00ebs K\u00e9ier \u00ebm e Professer, dee sech fir s\u00e4i Cours eng Afale gelooss huet.","og_url":"https:\/\/belux.edmo.eu\/lb\/belsche-professer-stellt-dfro-existiert-ltzebuerg-wierklech\/","og_site_name":"EDMO Belux","article_published_time":"2023-09-14T08:00:28+00:00","og_image":[{"width":1024,"height":576,"url":"https:\/\/belux-edmo.s3-accelerate.amazonaws.com\/wp-content\/uploads\/2023\/09\/2b2301b135ef30f6a81e3f1b93ce6656.png","type":"image\/png"}],"author":"master","twitter_card":"summary_large_image","twitter_creator":"@Edmo_Belux","twitter_site":"@Edmo_Belux","twitter_misc":{"Written by":"master","Est. reading time":"3 minutes"},"schema":{"@context":"https:\/\/schema.org","@graph":[{"@type":"Article","@id":"https:\/\/belux.edmo.eu\/lb\/belsche-professer-stellt-dfro-existiert-ltzebuerg-wierklech\/#article","isPartOf":{"@id":"https:\/\/belux.edmo.eu\/lb\/belsche-professer-stellt-dfro-existiert-ltzebuerg-wierklech\/"},"author":{"name":"master","@id":"https:\/\/belux.edmo.eu\/#\/schema\/person\/dbe3b252258537fd318f9b5645a30342"},"headline":"Belsche Professer stellt d&#8217;Fro: Exist\u00e9iert L\u00ebtzebuerg wierklech?","datePublished":"2023-09-14T08:00:28+00:00","mainEntityOfPage":{"@id":"https:\/\/belux.edmo.eu\/lb\/belsche-professer-stellt-dfro-existiert-ltzebuerg-wierklech\/"},"wordCount":553,"publisher":{"@id":"https:\/\/belux.edmo.eu\/#organization"},"image":{"@id":"https:\/\/belux.edmo.eu\/lb\/belsche-professer-stellt-dfro-existiert-ltzebuerg-wierklech\/#primaryimage"},"thumbnailUrl":"https:\/\/belux-edmo.s3-accelerate.amazonaws.com\/wp-content\/uploads\/2023\/09\/2b2301b135ef30f6a81e3f1b93ce6656.png","articleSection":["Fuerschung &amp; Studien","Gesellschaft","Politik"],"inLanguage":"lb-LU"},{"@type":"WebPage","@id":"https:\/\/belux.edmo.eu\/lb\/belsche-professer-stellt-dfro-existiert-ltzebuerg-wierklech\/","url":"https:\/\/belux.edmo.eu\/lb\/belsche-professer-stellt-dfro-existiert-ltzebuerg-wierklech\/","name":"Belsche Professer stellt d'Fro: Exist\u00e9iert L\u00ebtzebuerg wierklech? - EDMO Belux","isPartOf":{"@id":"https:\/\/belux.edmo.eu\/#website"},"primaryImageOfPage":{"@id":"https:\/\/belux.edmo.eu\/lb\/belsche-professer-stellt-dfro-existiert-ltzebuerg-wierklech\/#primaryimage"},"image":{"@id":"https:\/\/belux.edmo.eu\/lb\/belsche-professer-stellt-dfro-existiert-ltzebuerg-wierklech\/#primaryimage"},"thumbnailUrl":"https:\/\/belux-edmo.s3-accelerate.amazonaws.com\/wp-content\/uploads\/2023\/09\/2b2301b135ef30f6a81e3f1b93ce6656.png","datePublished":"2023-09-14T08:00:28+00:00","breadcrumb":{"@id":"https:\/\/belux.edmo.eu\/lb\/belsche-professer-stellt-dfro-existiert-ltzebuerg-wierklech\/#breadcrumb"},"inLanguage":"lb-LU","potentialAction":[{"@type":"ReadAction","target":["https:\/\/belux.edmo.eu\/lb\/belsche-professer-stellt-dfro-existiert-ltzebuerg-wierklech\/"]}]},{"@type":"ImageObject","inLanguage":"lb-LU","@id":"https:\/\/belux.edmo.eu\/lb\/belsche-professer-stellt-dfro-existiert-ltzebuerg-wierklech\/#primaryimage","url":"https:\/\/belux-edmo.s3-accelerate.amazonaws.com\/wp-content\/uploads\/2023\/09\/2b2301b135ef30f6a81e3f1b93ce6656.png","contentUrl":"https:\/\/belux-edmo.s3-accelerate.amazonaws.com\/wp-content\/uploads\/2023\/09\/2b2301b135ef30f6a81e3f1b93ce6656.png","width":1024,"height":576,"caption":"Belsche Professer stellt d'Fro: Exist\u00e9iert L\u00ebtzebuerg wierklech? - Featured image"},{"@type":"BreadcrumbList","@id":"https:\/\/belux.edmo.eu\/lb\/belsche-professer-stellt-dfro-existiert-ltzebuerg-wierklech\/#breadcrumb","itemListElement":[{"@type":"ListItem","position":1,"name":"Home","item":"https:\/\/belux.edmo.eu\/lb\/"},{"@type":"ListItem","position":2,"name":"Belsche Professer stellt d&#8217;Fro: Exist\u00e9iert L\u00ebtzebuerg wierklech?"}]},{"@type":"WebSite","@id":"https:\/\/belux.edmo.eu\/#website","url":"https:\/\/belux.edmo.eu\/","name":"EDMO Belux","description":"Monitoring Disinformation in Belgium and Luxembourg","publisher":{"@id":"https:\/\/belux.edmo.eu\/#organization"},"potentialAction":[{"@type":"SearchAction","target":{"@type":"EntryPoint","urlTemplate":"https:\/\/belux.edmo.eu\/?s={search_term_string}"},"query-input":{"@type":"PropertyValueSpecification","valueRequired":true,"valueName":"search_term_string"}}],"inLanguage":"lb-LU"},{"@type":"Organization","@id":"https:\/\/belux.edmo.eu\/#organization","name":"EDMO Belux","url":"https:\/\/belux.edmo.eu\/","logo":{"@type":"ImageObject","inLanguage":"lb-LU","@id":"https:\/\/belux.edmo.eu\/#\/schema\/logo\/image\/","url":"https:\/\/belux.edmo.eu\/wp-content\/uploads\/2021\/12\/belux-logo-full-color-rgb.svg","contentUrl":"https:\/\/belux.edmo.eu\/wp-content\/uploads\/2021\/12\/belux-logo-full-color-rgb.svg","width":1,"height":1,"caption":"EDMO Belux"},"image":{"@id":"https:\/\/belux.edmo.eu\/#\/schema\/logo\/image\/"},"sameAs":["https:\/\/x.com\/Edmo_Belux"]},{"@type":"Person","@id":"https:\/\/belux.edmo.eu\/#\/schema\/person\/dbe3b252258537fd318f9b5645a30342","name":"master","sameAs":["https:\/\/belux.wpengine.com"],"url":"https:\/\/belux.edmo.eu\/lb\/author\/master\/"}]}},"menu_order":0,"_links":{"self":[{"href":"https:\/\/belux.edmo.eu\/lb\/wp-json\/wp\/v2\/posts\/286109","targetHints":{"allow":["GET"]}}],"collection":[{"href":"https:\/\/belux.edmo.eu\/lb\/wp-json\/wp\/v2\/posts"}],"about":[{"href":"https:\/\/belux.edmo.eu\/lb\/wp-json\/wp\/v2\/types\/post"}],"author":[{"embeddable":true,"href":"https:\/\/belux.edmo.eu\/lb\/wp-json\/wp\/v2\/users\/1"}],"replies":[{"embeddable":true,"href":"https:\/\/belux.edmo.eu\/lb\/wp-json\/wp\/v2\/comments?post=286109"}],"version-history":[{"count":0,"href":"https:\/\/belux.edmo.eu\/lb\/wp-json\/wp\/v2\/posts\/286109\/revisions"}],"wp:featuredmedia":[{"embeddable":true,"href":"https:\/\/belux.edmo.eu\/lb\/wp-json\/wp\/v2\/media\/286104"}],"wp:attachment":[{"href":"https:\/\/belux.edmo.eu\/lb\/wp-json\/wp\/v2\/media?parent=286109"}],"wp:term":[{"taxonomy":"category","embeddable":true,"href":"https:\/\/belux.edmo.eu\/lb\/wp-json\/wp\/v2\/categories?post=286109"},{"taxonomy":"post_tag","embeddable":true,"href":"https:\/\/belux.edmo.eu\/lb\/wp-json\/wp\/v2\/tags?post=286109"}],"curies":[{"name":"wp","href":"https:\/\/api.w.org\/{rel}","templated":true}]}}