{"id":301273,"date":"2023-12-06T14:20:29","date_gmt":"2023-12-06T14:20:29","guid":{"rendered":"https:\/\/belux.edmo.eu\/?p=301273"},"modified":"2023-12-08T10:56:35","modified_gmt":"2023-12-08T10:56:35","slug":"faktencheck-huet-den-joe-biden-hei-vergiess-de-xi-jinping-ze-begrissen","status":"publish","type":"post","link":"https:\/\/belux.edmo.eu\/lb\/faktencheck-huet-den-joe-biden-hei-vergiess-de-xi-jinping-ze-begrissen\/","title":{"rendered":"Faktencheck: Huet den Joe Biden hei vergiess, de Xi Jinping ze begr\u00e9issen?"},"content":{"rendered":"<article>\n<div>\n<div>\n<p>&nbsp;<\/p>\n<\/div>\n<div>\n<p>De chineesesche Staatschef Xi Jinping an den US-President Joe Biden hu sech am November 2023 zu San Francisco getraff, fir do un de Bez\u00e9iungen t\u00ebscht b\u00e9ide L\u00e4nner ze schaffen. E Bild, dat an de Sozialen Netzwierker am \u00cbmlaf ass an dat beim Sommet entstane soll sinn, weist angeeblech de Biden, w\u00e9i hien an d\u00e9i falsch Richtung kuckt, w\u00e4rend hien de Xi begr\u00e9isst. M\u00e4 dat Bild ass manipul\u00e9iert.<\/p>\n<p><img src=\"https:\/\/belux-edmo.s3-accelerate.amazonaws.com\/wp-content\/uploads\/2023\/12\/5b42397354465bc0a989f6f65678c44f.jpeg\" alt=\"RTL\" \/> \u00a9 AFP<\/p>\n<p>De 15. November 2023 hu sech den US-amerikanesche President Biden a s\u00e4i chineeseschen Homolog Xi Jinping um Bord vun der j\u00e4rlecher Woch vun der asiatesch-pazifescher Wirtschaftskooperatioun (APEC) zu Woodside, Kalifornien <a href=\"https:\/\/web.archive.org\/web\/20231123030106\/https:\/\/www.tagesschau.de\/ausland\/biden-xi-treffen-104.html\" target=\"_blank\" rel=\"noopener\">getraff<\/a>, fir eng Rei u bilateralen Ugelee\u00ebnheeten ze <a href=\"https:\/\/web.archive.org\/web\/20231123030213\/https:\/\/www.whitehouse.gov\/briefing-room\/statements-releases\/2023\/11\/15\/readout-of-president-joe-bidens-meeting-with-president-xi-jinping-of-the-peoples-republic-of-china-2\/\" target=\"_blank\" rel=\"noopener\">beschw\u00e4tzen<\/a>. Et war d\u00e9i \u00e9ischt Renconter vu b\u00e9ide Staatscheffen z\u00ebnter hirem <a href=\"https:\/\/web.archive.org\/web\/20231123030637\/https:\/\/www.fmprc.gov.cn\/mfa_eng\/zxxx_662805\/202211\/t20221114_10974686.html\" target=\"_blank\" rel=\"noopener\">Zesummekommen<\/a> um Bord vum G20-Sommet 2022 op Bali.<\/p>\n<p>De Biden ass dacks d&#8217;Zil vu ver\u00e4nnerten oder <a href=\"..\/..\/storage\/data\/afp\/factcheck_v2\/DE\/doc.afp.com.33EE333\" target=\"_blank\" rel=\"noopener\">aus dem Kontext gerappten Opnamen<\/a>, d\u00e9i hie bi \u00ebffentleche Veranstaltunge <a href=\"..\/..\/storage\/data\/afp\/factcheck_v2\/DE\/doc.afp.com.32EA6HY\" target=\"_blank\" rel=\"noopener\">verwiert<\/a> ausgesi loossen. Dat spillt deej\u00e9inege Skeptiker an d&#8217;H\u00e4nn, d\u00e9i behaapten, de Biden w\u00e4r mat 81 Joer <a href=\"https:\/\/web.archive.org\/web\/20231123030805\/https:\/\/www.washingtonpost.com\/politics\/2023\/09\/05\/biden-age\/\" target=\"_blank\" rel=\"noopener\">ze al, fir s\u00e4in Amt aus\u00fcben<\/a> ze k\u00ebnnen. Dat gef\u00e4lscht Bild vum Biden mam Xi ass en neit Beispill fir d\u00ebsen Trend.<\/p>\n<p>Den AFP-Fotograf Brendan Smialowski huet eng Rei Fotoe vum Biden geschoss, w\u00e9i hie bei senger Arriv\u00e9e op engem Wiesen an der G\u00e9igend vu San Francisco de Xi Jinping begr\u00e9isst an him d&#8217;Hand gereecht huet.<\/p>\n<p><img src=\"https:\/\/belux-edmo.s3-accelerate.amazonaws.com\/wp-content\/uploads\/2023\/12\/9c64649cfacd061af43c43265e483b6d.jpeg\" alt=\"RTL\" \/> \u00a9 AFP<\/p>\n<p><img src=\"https:\/\/belux-edmo.s3-accelerate.amazonaws.com\/wp-content\/uploads\/2023\/12\/3721289867921f126a0f355182d80e4a.jpeg\" alt=\"RTL\" \/> \u00a9 AFP<\/p>\n<p>Souwuel d&#8217;AFP w\u00e9i och <a href=\"https:\/\/perma.cc\/N7Y4-QRCK\" target=\"_blank\" rel=\"noopener\">aner Norichtenorganisatiounen<\/a> hunn ausserdeem <a href=\"https:\/\/perma.cc\/9UTP-UX8P\" target=\"_blank\" rel=\"noopener\">Videoopname gemaach<\/a>, w\u00e9i d\u00e9i zwee hir Gefierer verlooss hunn an an d&#8217;Gebai gaange sinn. Zu kengem Z\u00e4itpunkt dr\u00e9int de Biden dem Xi de R\u00e9ck, nach ignor\u00e9iert hien de Xi.<\/p>\n<p><iframe src=\"https:\/\/www.c-span.org\/video\/standalone\/?531877-101\/chinese-president-xi-arrival-summit-president-biden\" width=\"512\" height=\"330\" frameborder=\"0\" scrolling=\"auto\" allowfullscreen=\"allowfullscreen\" data-mce-fragment=\"1\"><\/iframe><\/p>\n<p><strong>Fazit: <\/strong>Dem Biden s\u00e4in h\u00e9ijen Alter g\u00ebtt vu senge G\u00e9igner dacks dofir benotzt, seng Aptitude fir d\u00ebst Amt a Fro ze stellen. Och eng Foto, d\u00e9i aktuell op X am \u00cbmlaf ass, soll d\u00ebs Erzielung st\u00e4ipen. Se ass allerd\u00e9ngs gef\u00e4lscht. Zu kengem Z\u00e4itpunkt stoung de Biden bei der Begr\u00e9issung vum Xi Jinping falsch, och huet hien de chineesesche President net ignor\u00e9iert. Dat belee\u00ebn Originalopname vun der AFP an anere Medienorganisatiounen.<\/p>\n<p><em>D\u00ebsen AFP-Artikel gouf vun RTL op L\u00ebtzebuergesch iwwersat.<\/em><\/p>\n<\/div>\n<\/div>\n<\/article>\n","protected":false},"excerpt":{"rendered":"<p>De chineesesche Staatschef Xi Jinping an den US-President Joe Biden hu sech am November 2023 zu San Francisco getraff, fir do un de Bez\u00e9iungen t\u00ebscht b\u00e9ide L\u00e4nner ze schaffen. E Bild, dat an de Sozialen Netzwierker am \u00cbmlaf ass an dat beim Sommet entstane soll sinn, weist angeeblech de Biden, w\u00e9i hien an d\u00e9i falsch Richtung kuckt, w\u00e4rend hien de Xi begr\u00e9isst. M\u00e4 dat Bild ass manipul\u00e9iert.<\/p>\n","protected":false},"author":1,"featured_media":301253,"comment_status":"closed","ping_status":"open","sticky":false,"template":"","format":"standard","meta":{"_acf_changed":false,"footnotes":""},"categories":[191],"tags":[],"class_list":{"0":"post-301273","1":"post","2":"type-post","3":"status-publish","4":"format-standard","5":"has-post-thumbnail","7":"category-politik"},"acf":{"show_metatags":true,"id":"2142448","authors":"RTL L\u00ebtzebuerg","organization":"RTL","featured_image_copyright":"","text_copyright":"Copyright RTL \/ CLT-UFA S.A.","source":"https:\/\/www.rtl.lu\/news\/faktencheck\/a\/2142448.html","fact_checker":"https:\/\/belux.wpengine.com\/wp-content\/uploads\/2021\/12\/rtl_logo.png","type":"Closed Event","location":"","start_date":"","start_date_event_begins_at":"","start_date_event_ends_at":"","end_date":"","end_date_event_begins_at":"","end_date_event_ends_at":"","organizer":"","fact_checker_logo_image":false},"yoast_head":"<!-- This site is optimized with the Yoast SEO plugin v27.0 - https:\/\/yoast.com\/product\/yoast-seo-wordpress\/ -->\n<title>Faktencheck: Huet den Joe Biden hei vergiess, de Xi Jinping ze begr\u00e9issen? - EDMO Belux<\/title>\n<meta name=\"robots\" content=\"index, follow, max-snippet:-1, max-image-preview:large, max-video-preview:-1\" \/>\n<link rel=\"canonical\" href=\"https:\/\/belux.edmo.eu\/lb\/faktencheck-huet-den-joe-biden-hei-vergiess-de-xi-jinping-ze-begrissen\/\" \/>\n<meta property=\"og:locale\" content=\"en_US\" \/>\n<meta property=\"og:type\" content=\"article\" \/>\n<meta property=\"og:title\" content=\"Faktencheck: Huet den Joe Biden hei vergiess, de Xi Jinping ze begr\u00e9issen? - EDMO Belux\" \/>\n<meta property=\"og:description\" content=\"De chineesesche Staatschef Xi Jinping an den US-President Joe Biden hu sech am November 2023 zu San Francisco getraff, fir do un de Bez\u00e9iungen t\u00ebscht b\u00e9ide L\u00e4nner ze schaffen. E Bild, dat an de Sozialen Netzwierker am \u00cbmlaf ass an dat beim Sommet entstane soll sinn, weist angeeblech de Biden, w\u00e9i hien an d\u00e9i falsch Richtung kuckt, w\u00e4rend hien de Xi begr\u00e9isst. M\u00e4 dat Bild ass manipul\u00e9iert.\" \/>\n<meta property=\"og:url\" content=\"https:\/\/belux.edmo.eu\/lb\/faktencheck-huet-den-joe-biden-hei-vergiess-de-xi-jinping-ze-begrissen\/\" \/>\n<meta property=\"og:site_name\" content=\"EDMO Belux\" \/>\n<meta property=\"article:published_time\" content=\"2023-12-06T14:20:29+00:00\" \/>\n<meta property=\"article:modified_time\" content=\"2023-12-08T10:56:35+00:00\" \/>\n<meta property=\"og:image\" content=\"https:\/\/belux-edmo.s3-accelerate.amazonaws.com\/wp-content\/uploads\/2023\/12\/591cc69e3bf1ae5213025c937cc97abe.jpeg\" \/>\n\t<meta property=\"og:image:width\" content=\"1080\" \/>\n\t<meta property=\"og:image:height\" content=\"540\" \/>\n\t<meta property=\"og:image:type\" content=\"image\/jpeg\" \/>\n<meta name=\"author\" content=\"master\" \/>\n<meta name=\"twitter:card\" content=\"summary_large_image\" \/>\n<meta name=\"twitter:creator\" content=\"@Edmo_Belux\" \/>\n<meta name=\"twitter:site\" content=\"@Edmo_Belux\" \/>\n<meta name=\"twitter:label1\" content=\"Written by\" \/>\n\t<meta name=\"twitter:data1\" content=\"master\" \/>\n\t<meta name=\"twitter:label2\" content=\"Est. reading time\" \/>\n\t<meta name=\"twitter:data2\" content=\"3 minutes\" \/>\n<script type=\"application\/ld+json\" class=\"yoast-schema-graph\">{\"@context\":\"https:\/\/schema.org\",\"@graph\":[{\"@type\":\"Article\",\"@id\":\"https:\/\/belux.edmo.eu\/lb\/faktencheck-huet-den-joe-biden-hei-vergiess-de-xi-jinping-ze-begrissen\/#article\",\"isPartOf\":{\"@id\":\"https:\/\/belux.edmo.eu\/lb\/faktencheck-huet-den-joe-biden-hei-vergiess-de-xi-jinping-ze-begrissen\/\"},\"author\":{\"name\":\"master\",\"@id\":\"https:\/\/belux.edmo.eu\/#\/schema\/person\/dbe3b252258537fd318f9b5645a30342\"},\"headline\":\"Faktencheck: Huet den Joe Biden hei vergiess, de Xi Jinping ze begr\u00e9issen?\",\"datePublished\":\"2023-12-06T14:20:29+00:00\",\"dateModified\":\"2023-12-08T10:56:35+00:00\",\"mainEntityOfPage\":{\"@id\":\"https:\/\/belux.edmo.eu\/lb\/faktencheck-huet-den-joe-biden-hei-vergiess-de-xi-jinping-ze-begrissen\/\"},\"wordCount\":402,\"publisher\":{\"@id\":\"https:\/\/belux.edmo.eu\/#organization\"},\"image\":{\"@id\":\"https:\/\/belux.edmo.eu\/lb\/faktencheck-huet-den-joe-biden-hei-vergiess-de-xi-jinping-ze-begrissen\/#primaryimage\"},\"thumbnailUrl\":\"https:\/\/belux-edmo.s3-accelerate.amazonaws.com\/wp-content\/uploads\/2023\/12\/591cc69e3bf1ae5213025c937cc97abe.jpeg\",\"articleSection\":[\"Politik\"],\"inLanguage\":\"lb-LU\"},{\"@type\":\"WebPage\",\"@id\":\"https:\/\/belux.edmo.eu\/lb\/faktencheck-huet-den-joe-biden-hei-vergiess-de-xi-jinping-ze-begrissen\/\",\"url\":\"https:\/\/belux.edmo.eu\/lb\/faktencheck-huet-den-joe-biden-hei-vergiess-de-xi-jinping-ze-begrissen\/\",\"name\":\"Faktencheck: Huet den Joe Biden hei vergiess, de Xi Jinping ze begr\u00e9issen? - EDMO Belux\",\"isPartOf\":{\"@id\":\"https:\/\/belux.edmo.eu\/#website\"},\"primaryImageOfPage\":{\"@id\":\"https:\/\/belux.edmo.eu\/lb\/faktencheck-huet-den-joe-biden-hei-vergiess-de-xi-jinping-ze-begrissen\/#primaryimage\"},\"image\":{\"@id\":\"https:\/\/belux.edmo.eu\/lb\/faktencheck-huet-den-joe-biden-hei-vergiess-de-xi-jinping-ze-begrissen\/#primaryimage\"},\"thumbnailUrl\":\"https:\/\/belux-edmo.s3-accelerate.amazonaws.com\/wp-content\/uploads\/2023\/12\/591cc69e3bf1ae5213025c937cc97abe.jpeg\",\"datePublished\":\"2023-12-06T14:20:29+00:00\",\"dateModified\":\"2023-12-08T10:56:35+00:00\",\"breadcrumb\":{\"@id\":\"https:\/\/belux.edmo.eu\/lb\/faktencheck-huet-den-joe-biden-hei-vergiess-de-xi-jinping-ze-begrissen\/#breadcrumb\"},\"inLanguage\":\"lb-LU\",\"potentialAction\":[{\"@type\":\"ReadAction\",\"target\":[\"https:\/\/belux.edmo.eu\/lb\/faktencheck-huet-den-joe-biden-hei-vergiess-de-xi-jinping-ze-begrissen\/\"]}]},{\"@type\":\"ImageObject\",\"inLanguage\":\"lb-LU\",\"@id\":\"https:\/\/belux.edmo.eu\/lb\/faktencheck-huet-den-joe-biden-hei-vergiess-de-xi-jinping-ze-begrissen\/#primaryimage\",\"url\":\"https:\/\/belux-edmo.s3-accelerate.amazonaws.com\/wp-content\/uploads\/2023\/12\/591cc69e3bf1ae5213025c937cc97abe.jpeg\",\"contentUrl\":\"https:\/\/belux-edmo.s3-accelerate.amazonaws.com\/wp-content\/uploads\/2023\/12\/591cc69e3bf1ae5213025c937cc97abe.jpeg\",\"width\":1080,\"height\":540,\"caption\":\"Faktencheck: Huet den Joe Biden hei vergiess, de Xi Jinping ze begr\u00e9issen? - Featured image\"},{\"@type\":\"BreadcrumbList\",\"@id\":\"https:\/\/belux.edmo.eu\/lb\/faktencheck-huet-den-joe-biden-hei-vergiess-de-xi-jinping-ze-begrissen\/#breadcrumb\",\"itemListElement\":[{\"@type\":\"ListItem\",\"position\":1,\"name\":\"Home\",\"item\":\"https:\/\/belux.edmo.eu\/lb\/\"},{\"@type\":\"ListItem\",\"position\":2,\"name\":\"Faktencheck: Huet den Joe Biden hei vergiess, de Xi Jinping ze begr\u00e9issen?\"}]},{\"@type\":\"WebSite\",\"@id\":\"https:\/\/belux.edmo.eu\/#website\",\"url\":\"https:\/\/belux.edmo.eu\/\",\"name\":\"EDMO Belux\",\"description\":\"Monitoring Disinformation in Belgium and Luxembourg\",\"publisher\":{\"@id\":\"https:\/\/belux.edmo.eu\/#organization\"},\"potentialAction\":[{\"@type\":\"SearchAction\",\"target\":{\"@type\":\"EntryPoint\",\"urlTemplate\":\"https:\/\/belux.edmo.eu\/?s={search_term_string}\"},\"query-input\":{\"@type\":\"PropertyValueSpecification\",\"valueRequired\":true,\"valueName\":\"search_term_string\"}}],\"inLanguage\":\"lb-LU\"},{\"@type\":\"Organization\",\"@id\":\"https:\/\/belux.edmo.eu\/#organization\",\"name\":\"EDMO Belux\",\"url\":\"https:\/\/belux.edmo.eu\/\",\"logo\":{\"@type\":\"ImageObject\",\"inLanguage\":\"lb-LU\",\"@id\":\"https:\/\/belux.edmo.eu\/#\/schema\/logo\/image\/\",\"url\":\"https:\/\/belux.edmo.eu\/wp-content\/uploads\/2021\/12\/belux-logo-full-color-rgb.svg\",\"contentUrl\":\"https:\/\/belux.edmo.eu\/wp-content\/uploads\/2021\/12\/belux-logo-full-color-rgb.svg\",\"width\":1,\"height\":1,\"caption\":\"EDMO Belux\"},\"image\":{\"@id\":\"https:\/\/belux.edmo.eu\/#\/schema\/logo\/image\/\"},\"sameAs\":[\"https:\/\/x.com\/Edmo_Belux\"]},{\"@type\":\"Person\",\"@id\":\"https:\/\/belux.edmo.eu\/#\/schema\/person\/dbe3b252258537fd318f9b5645a30342\",\"name\":\"master\",\"sameAs\":[\"https:\/\/belux.wpengine.com\"],\"url\":\"https:\/\/belux.edmo.eu\/lb\/author\/master\/\"}]}<\/script>\n<!-- \/ Yoast SEO plugin. -->","yoast_head_json":{"title":"Faktencheck: Huet den Joe Biden hei vergiess, de Xi Jinping ze begr\u00e9issen? - EDMO Belux","robots":{"index":"index","follow":"follow","max-snippet":"max-snippet:-1","max-image-preview":"max-image-preview:large","max-video-preview":"max-video-preview:-1"},"canonical":"https:\/\/belux.edmo.eu\/lb\/faktencheck-huet-den-joe-biden-hei-vergiess-de-xi-jinping-ze-begrissen\/","og_locale":"en_US","og_type":"article","og_title":"Faktencheck: Huet den Joe Biden hei vergiess, de Xi Jinping ze begr\u00e9issen? - EDMO Belux","og_description":"De chineesesche Staatschef Xi Jinping an den US-President Joe Biden hu sech am November 2023 zu San Francisco getraff, fir do un de Bez\u00e9iungen t\u00ebscht b\u00e9ide L\u00e4nner ze schaffen. E Bild, dat an de Sozialen Netzwierker am \u00cbmlaf ass an dat beim Sommet entstane soll sinn, weist angeeblech de Biden, w\u00e9i hien an d\u00e9i falsch Richtung kuckt, w\u00e4rend hien de Xi begr\u00e9isst. M\u00e4 dat Bild ass manipul\u00e9iert.","og_url":"https:\/\/belux.edmo.eu\/lb\/faktencheck-huet-den-joe-biden-hei-vergiess-de-xi-jinping-ze-begrissen\/","og_site_name":"EDMO Belux","article_published_time":"2023-12-06T14:20:29+00:00","article_modified_time":"2023-12-08T10:56:35+00:00","og_image":[{"width":1080,"height":540,"url":"https:\/\/belux-edmo.s3-accelerate.amazonaws.com\/wp-content\/uploads\/2023\/12\/591cc69e3bf1ae5213025c937cc97abe.jpeg","type":"image\/jpeg"}],"author":"master","twitter_card":"summary_large_image","twitter_creator":"@Edmo_Belux","twitter_site":"@Edmo_Belux","twitter_misc":{"Written by":"master","Est. reading time":"3 minutes"},"schema":{"@context":"https:\/\/schema.org","@graph":[{"@type":"Article","@id":"https:\/\/belux.edmo.eu\/lb\/faktencheck-huet-den-joe-biden-hei-vergiess-de-xi-jinping-ze-begrissen\/#article","isPartOf":{"@id":"https:\/\/belux.edmo.eu\/lb\/faktencheck-huet-den-joe-biden-hei-vergiess-de-xi-jinping-ze-begrissen\/"},"author":{"name":"master","@id":"https:\/\/belux.edmo.eu\/#\/schema\/person\/dbe3b252258537fd318f9b5645a30342"},"headline":"Faktencheck: Huet den Joe Biden hei vergiess, de Xi Jinping ze begr\u00e9issen?","datePublished":"2023-12-06T14:20:29+00:00","dateModified":"2023-12-08T10:56:35+00:00","mainEntityOfPage":{"@id":"https:\/\/belux.edmo.eu\/lb\/faktencheck-huet-den-joe-biden-hei-vergiess-de-xi-jinping-ze-begrissen\/"},"wordCount":402,"publisher":{"@id":"https:\/\/belux.edmo.eu\/#organization"},"image":{"@id":"https:\/\/belux.edmo.eu\/lb\/faktencheck-huet-den-joe-biden-hei-vergiess-de-xi-jinping-ze-begrissen\/#primaryimage"},"thumbnailUrl":"https:\/\/belux-edmo.s3-accelerate.amazonaws.com\/wp-content\/uploads\/2023\/12\/591cc69e3bf1ae5213025c937cc97abe.jpeg","articleSection":["Politik"],"inLanguage":"lb-LU"},{"@type":"WebPage","@id":"https:\/\/belux.edmo.eu\/lb\/faktencheck-huet-den-joe-biden-hei-vergiess-de-xi-jinping-ze-begrissen\/","url":"https:\/\/belux.edmo.eu\/lb\/faktencheck-huet-den-joe-biden-hei-vergiess-de-xi-jinping-ze-begrissen\/","name":"Faktencheck: Huet den Joe Biden hei vergiess, de Xi Jinping ze begr\u00e9issen? - EDMO Belux","isPartOf":{"@id":"https:\/\/belux.edmo.eu\/#website"},"primaryImageOfPage":{"@id":"https:\/\/belux.edmo.eu\/lb\/faktencheck-huet-den-joe-biden-hei-vergiess-de-xi-jinping-ze-begrissen\/#primaryimage"},"image":{"@id":"https:\/\/belux.edmo.eu\/lb\/faktencheck-huet-den-joe-biden-hei-vergiess-de-xi-jinping-ze-begrissen\/#primaryimage"},"thumbnailUrl":"https:\/\/belux-edmo.s3-accelerate.amazonaws.com\/wp-content\/uploads\/2023\/12\/591cc69e3bf1ae5213025c937cc97abe.jpeg","datePublished":"2023-12-06T14:20:29+00:00","dateModified":"2023-12-08T10:56:35+00:00","breadcrumb":{"@id":"https:\/\/belux.edmo.eu\/lb\/faktencheck-huet-den-joe-biden-hei-vergiess-de-xi-jinping-ze-begrissen\/#breadcrumb"},"inLanguage":"lb-LU","potentialAction":[{"@type":"ReadAction","target":["https:\/\/belux.edmo.eu\/lb\/faktencheck-huet-den-joe-biden-hei-vergiess-de-xi-jinping-ze-begrissen\/"]}]},{"@type":"ImageObject","inLanguage":"lb-LU","@id":"https:\/\/belux.edmo.eu\/lb\/faktencheck-huet-den-joe-biden-hei-vergiess-de-xi-jinping-ze-begrissen\/#primaryimage","url":"https:\/\/belux-edmo.s3-accelerate.amazonaws.com\/wp-content\/uploads\/2023\/12\/591cc69e3bf1ae5213025c937cc97abe.jpeg","contentUrl":"https:\/\/belux-edmo.s3-accelerate.amazonaws.com\/wp-content\/uploads\/2023\/12\/591cc69e3bf1ae5213025c937cc97abe.jpeg","width":1080,"height":540,"caption":"Faktencheck: Huet den Joe Biden hei vergiess, de Xi Jinping ze begr\u00e9issen? - Featured image"},{"@type":"BreadcrumbList","@id":"https:\/\/belux.edmo.eu\/lb\/faktencheck-huet-den-joe-biden-hei-vergiess-de-xi-jinping-ze-begrissen\/#breadcrumb","itemListElement":[{"@type":"ListItem","position":1,"name":"Home","item":"https:\/\/belux.edmo.eu\/lb\/"},{"@type":"ListItem","position":2,"name":"Faktencheck: Huet den Joe Biden hei vergiess, de Xi Jinping ze begr\u00e9issen?"}]},{"@type":"WebSite","@id":"https:\/\/belux.edmo.eu\/#website","url":"https:\/\/belux.edmo.eu\/","name":"EDMO Belux","description":"Monitoring Disinformation in Belgium and Luxembourg","publisher":{"@id":"https:\/\/belux.edmo.eu\/#organization"},"potentialAction":[{"@type":"SearchAction","target":{"@type":"EntryPoint","urlTemplate":"https:\/\/belux.edmo.eu\/?s={search_term_string}"},"query-input":{"@type":"PropertyValueSpecification","valueRequired":true,"valueName":"search_term_string"}}],"inLanguage":"lb-LU"},{"@type":"Organization","@id":"https:\/\/belux.edmo.eu\/#organization","name":"EDMO Belux","url":"https:\/\/belux.edmo.eu\/","logo":{"@type":"ImageObject","inLanguage":"lb-LU","@id":"https:\/\/belux.edmo.eu\/#\/schema\/logo\/image\/","url":"https:\/\/belux.edmo.eu\/wp-content\/uploads\/2021\/12\/belux-logo-full-color-rgb.svg","contentUrl":"https:\/\/belux.edmo.eu\/wp-content\/uploads\/2021\/12\/belux-logo-full-color-rgb.svg","width":1,"height":1,"caption":"EDMO Belux"},"image":{"@id":"https:\/\/belux.edmo.eu\/#\/schema\/logo\/image\/"},"sameAs":["https:\/\/x.com\/Edmo_Belux"]},{"@type":"Person","@id":"https:\/\/belux.edmo.eu\/#\/schema\/person\/dbe3b252258537fd318f9b5645a30342","name":"master","sameAs":["https:\/\/belux.wpengine.com"],"url":"https:\/\/belux.edmo.eu\/lb\/author\/master\/"}]}},"menu_order":0,"_links":{"self":[{"href":"https:\/\/belux.edmo.eu\/lb\/wp-json\/wp\/v2\/posts\/301273","targetHints":{"allow":["GET"]}}],"collection":[{"href":"https:\/\/belux.edmo.eu\/lb\/wp-json\/wp\/v2\/posts"}],"about":[{"href":"https:\/\/belux.edmo.eu\/lb\/wp-json\/wp\/v2\/types\/post"}],"author":[{"embeddable":true,"href":"https:\/\/belux.edmo.eu\/lb\/wp-json\/wp\/v2\/users\/1"}],"replies":[{"embeddable":true,"href":"https:\/\/belux.edmo.eu\/lb\/wp-json\/wp\/v2\/comments?post=301273"}],"version-history":[{"count":0,"href":"https:\/\/belux.edmo.eu\/lb\/wp-json\/wp\/v2\/posts\/301273\/revisions"}],"wp:featuredmedia":[{"embeddable":true,"href":"https:\/\/belux.edmo.eu\/lb\/wp-json\/wp\/v2\/media\/301253"}],"wp:attachment":[{"href":"https:\/\/belux.edmo.eu\/lb\/wp-json\/wp\/v2\/media?parent=301273"}],"wp:term":[{"taxonomy":"category","embeddable":true,"href":"https:\/\/belux.edmo.eu\/lb\/wp-json\/wp\/v2\/categories?post=301273"},{"taxonomy":"post_tag","embeddable":true,"href":"https:\/\/belux.edmo.eu\/lb\/wp-json\/wp\/v2\/tags?post=301273"}],"curies":[{"name":"wp","href":"https:\/\/api.w.org\/{rel}","templated":true}]}}