{"id":302724,"date":"2023-12-12T16:09:17","date_gmt":"2023-12-12T16:09:17","guid":{"rendered":"https:\/\/belux.edmo.eu\/?p=302724"},"modified":"2023-12-12T18:28:49","modified_gmt":"2023-12-12T18:28:49","slug":"faktencheck-nmme-well-et-reent-a-schneit-heescht-dat-net-dass-et-keng-klimaerwiermung-gtt","status":"publish","type":"post","link":"https:\/\/belux.edmo.eu\/lb\/faktencheck-nmme-well-et-reent-a-schneit-heescht-dat-net-dass-et-keng-klimaerwiermung-gtt\/","title":{"rendered":"Faktencheck: N\u00ebmme well et reent a schneit, heescht dat net, dass et keng Klimaerwiermung g\u00ebtt"},"content":{"rendered":"<article>\n<div>\n<div>\n<p>&nbsp;<\/p>\n<\/div>\n<div>\n<p>D&#8217;Klimaver\u00e4nnerungen, hir Ursaachen a Konsequenze sinn an der W\u00ebssenschaft allgemeng unerkannt. M\u00e4 reegelm\u00e9isseg gr\u00e4ife Klima-Skeptiker op hefteg Reef\u00e4ll, Schn\u00e9if\u00e4ll oder Temperaturen \u00ebnnert der joresz\u00e4itlecher Norm zer\u00e9ck, fir d\u00ebst ze bestreiden. Si vergl\u00e4ichen hei awer \u00c4ppel mat Bieren.<\/p>\n<p class=\"article-body__summary\">Opgepasst: Si verwiessele Wieder, dat sech op kuerzfristeg Phenomeener bezitt, a Klima, dat sech op d\u00e9i laangfristeg Entw\u00e9cklung vun d\u00ebse Phenomeener konzentr\u00e9iert.<\/p>\n<p style=\"text-align: justify;\">Laangfristeg Klimaerwiermung trotz wiesselende Wiederphenomeener<\/p>\n<p>Et ass erwisen, dass sech d&#8217;Klima z\u00ebnter der industrieller Period opgrond vun den Z\u00e4regasen, d\u00e9i vum M\u00ebnsch verursaacht goufen a ginn, erwiermt huet (Quell: <a href=\"https:\/\/www.ipcc.ch\/report\/sixth-assessment-report-working-group-i\/\" target=\"_blank\" rel=\"noopener\">sechste Rapport vum IPCC<\/a>). Mat d\u00ebser Erwiermung trieden Dr\u00e9cheperiode reegelm\u00e9isseg m\u00e9i fr\u00e9i, m\u00e9i laang a m\u00e9i intensiv op.<\/p>\n<p>M\u00e4 am <a href=\"..\/..\/storage\/data\/afp\/factcheck_v2\/FR\/doc.afp.com.33ER6BK\" target=\"_blank\" rel=\"noopener\">Fr\u00e9ijoer 2023<\/a> goufe beispillsweis staark Reef\u00e4ll a Frankr\u00e4ich vun Internetnotzer als Beweis dofir gedeit, dass et keng Dr\u00e9chent gouf. Si hunn och d&#8217;St\u00e9ierung vum Klima a Fro gestallt. Just well et e puer Deeg vill gereent huet, heescht dat net, dass et keng Dr\u00e9chent g\u00ebtt: de Ree kann ze sp\u00e9it kommen, fir d&#8217;Grondwaasser an der D\u00e9ift nees opzef\u00ebllen, an\/oder de Buedem ass ze dr\u00e9chen, fir et opzehuelen.<\/p>\n<blockquote class=\"e-afp-blockquote e-afp-blockquote-center\">\n<p dir=\"ltr\" style=\"text-align: justify;\"><strong>De m\u00eame pour des \u00e9pisodes neigeux en \u00e9t\u00e9 en altitude, ou importants en hiver : en Europe, cela n\u2019emp\u00eache les glaciers des Alpes de fondre au fil des d\u00e9cennies<\/strong><\/p>\n<\/blockquote>\n<p><strong> (Quell : <a href=\"https:\/\/scnat.ch\/fr\/uuid\/i\/b8d5798e-a75e-5a7d-a858-f7a6613524ed-Deux_ann%C3%A9es_extr%C3%AAmes_an%C3%A9antissent_10_du_volume_des_glaciers_suisses\">Schw\u00e4izer Akademie fir Naturw\u00ebssenschaften<\/a>)<br \/>\n<\/strong><br \/>\nAn d\u00ebsem Biergmassiv ass z\u00ebnter den 1970er-Joren duerchschn\u00ebttlech &#8220;ee Mount Schn\u00e9i a 50 Joer verluer gaangen&#8221; (Quell: <a href=\"https:\/\/tc.copernicus.org\/articles\/15\/1343\/2021\/\" target=\"_blank\" rel=\"noopener\">Et\u00fcd<\/a> vun europ\u00e4esche Fuerscher, ver\u00ebffentlecht an der Z\u00e4itschr\u00ebft &#8220;The Cryosphere&#8221; am Joer 2021).<\/p>\n<p>T\u00ebscht Wieder a Klima \u00ebnnerscheeden<\/p>\n<p>Dohier muss t\u00ebscht kuerzfristegen, wiederbed\u00e9ngten a laangfristege Phenomeener \u00ebnnerscheet ginn, d\u00e9i duerch Klimaver\u00e4nnerungen ervirgeruff goufen.<\/p>\n<p>D&#8217;Wieder ass den Zoustand, &#8220;deen et zu enger best\u00ebmmter Z\u00e4it an op enger best\u00ebmmter Plaz g\u00ebtt&#8221;, an dee sech &#8220;vun enger Stonn oder vun engem Dag op den aneren&#8221; \u00e4nnere kann, an d\u00ebs Wiederprevisioune &#8220;gi keng genee Viraussoe fir m\u00e9i w\u00e9i eng Woch&#8221; (Quell: <a href=\"https:\/\/www.insu.cnrs.fr\/fr\/difference-meteo-climat\" target=\"_blank\" rel=\"noopener\">Institut fir Universell W\u00ebssenschaften vum CNRS<\/a>).<\/p>\n<blockquote class=\"e-afp-blockquote e-afp-blockquote-center\">\n<p dir=\"ltr\" style=\"text-align: justify;\"><strong>L\u2019\u00e9tude du climat recouvre, elle, toutes les variables atmosph\u00e9riques qui varient sur le long terme<\/strong><\/p>\n<\/blockquote>\n<p>Wann ee se stud\u00e9iert, kann ee &#8220;Warscheinlechkeete vu laangfristege Ver\u00e4nnerungen&#8221; determin\u00e9ieren, awer &#8220;keng detaill\u00e9iert deeglech Viraussoen&#8221;. Dat heescht, &#8220;och wann d\u00ebsen Duerchschn\u00ebtt \u00ebmmer m\u00e9i waarm g\u00ebtt, \u00e4nnert dat n\u00e4ischt dorun, dass d&#8217;Wanteren heiansdo m\u00e9i kal si w\u00e9i den Duerchschn\u00ebtt vun den extreeme Wiederkonditiounen.&#8221;<\/p>\n<p>Also, &#8220;wann Dir e R\u00e9ckgang vu 5\u00b0C w\u00e4rend dem Dag constat\u00e9iert, ass dat n\u00e4ischt Schl\u00ebmmes. Awer e R\u00e9ckgang vum Klima \u00ebm 5\u00b0C f\u00e9iert an eng komplett aner Welt.&#8221;<\/p>\n<p style=\"text-align: justify;\">D&#8217;Erwiermung f\u00e9iert och zu nach m\u00e9i heftege Phenomeener<\/p>\n<p>De Summer 2023 war de w\u00e4ermsten, dee jeemools an der n\u00ebrdlecher Hemisph\u00e4r gemooss gouf, an 2023 g\u00ebtt viraussiichtlech dat w\u00e4ermst Joer, dat jeemools op der Welt enregistr\u00e9iert gouf (Quell: <a href=\"https:\/\/climate.copernicus.eu\/summer-2023-hottest-record\" target=\"_blank\" rel=\"noopener\">Europ\u00e4esche Copernicus-D\u00e9ngscht<\/a>).<\/p>\n<blockquote class=\"e-afp-blockquote e-afp-blockquote-center\">\n<p style=\"text-align: justify;\"><strong>Inondations, longues p\u00e9riodes de s\u00e9cheresse, fortes chutes de neige apr\u00e8s un d\u00e9ficit de pr\u00e9cipitations : l\u2019augmentation de la fr\u00e9quence et l\u2019intensit\u00e9 de ces ph\u00e9nom\u00e8nes extr\u00eames est aussi une des cons\u00e9quences attendues de ce r\u00e9chauffement climatique<\/strong><\/p>\n<\/blockquote>\n<p>An d\u00ebs Konsequenze si schonn a villen Deeler vun der Welt ze spieren. (Quell: <a href=\"https:\/\/www.ipcc.ch\/report\/ar6\/wg1\/chapter\/chapter-11\/\" target=\"_blank\" rel=\"noopener\">IPCC<\/a>)<\/p>\n<p><img src=\"https:\/\/belux-edmo.s3-accelerate.amazonaws.com\/wp-content\/uploads\/2023\/12\/ab3e2ddb70caee8413ee9a258688b6e6.jpeg\" alt=\"RTL\" \/> \u00a9 AFP<\/p>\n<p>Archiv vu Linken zu d\u00ebser Kaart:<\/p>\n<p><a href=\"https:\/\/perma.cc\/6Z7C-H22J\" target=\"_blank\" rel=\"noopener\">Sechste Rapport vum IPCC<\/a><\/p>\n<p><a href=\"https:\/\/perma.cc\/8RBT-GJFQ\" target=\"_blank\" rel=\"noopener\">Schw\u00e4izer Akademie fir Naturw\u00ebssenschaften<\/a><\/p>\n<p><a href=\"https:\/\/perma.cc\/6E6S-HEG7\" target=\"_blank\" rel=\"noopener\">Et\u00fcd am &#8220;The Cryosphere&#8221;<\/a><\/p>\n<p><a href=\"https:\/\/perma.cc\/6U77-VW94\">Institut des sciences de l\u2019Univers vum CNRS<\/a><\/p>\n<p><a href=\"https:\/\/perma.cc\/ZXJ9-KR7U\">Europ\u00e4esche Copernicus-D\u00e9ngscht<\/a><\/p>\n<p>Fannt d&#8217;Faktenchecke vun der AFP zum Sujet Extreem Wiederphenomeener an zum \u00cbnnerscheed t\u00ebscht Wieder a Klima:<\/p>\n<p><a href=\"..\/..\/storage\/data\/afp\/factcheck_v2\/FR\/doc.afp.com.33FU9FD\" target=\"_blank\" rel=\"noopener\">Avec la s\u00e9cheresse, de nombreuses th\u00e9ories complotistes refont surface<\/a><\/p>\n<p><a href=\"..\/..\/storage\/data\/afp\/factcheck_v2\/FR\/doc.afp.com.33ER6BK\" target=\"_blank\" rel=\"noopener\">Les pluies r\u00e9centes ne remettent pas en cause l&#8217;existence du r\u00e9chauffement climatique<\/a><\/p>\n<p><a href=\"..\/..\/storage\/data\/afp\/factcheck_v2\/FR\/doc.afp.com.33AD82L\" target=\"_blank\" rel=\"noopener\">Des pluies de niveau habituel au printemps soulageraient les cultures, mais ne combleraient pas le d\u00e9ficit d&#8217;eau<\/a><\/p>\n<p><a href=\"..\/..\/storage\/data\/afp\/factcheck_v2\/FR\/doc.afp.com.33K93XY\" target=\"_blank\" rel=\"noopener\">Une carte qui remet en cause la r\u00e9alit\u00e9 de la s\u00e9cheresse actuelle en France ? C&#8217;est trompeur<\/a><\/p>\n<p><a href=\"..\/..\/storage\/data\/afp\/factcheck_v2\/FR\/doc.afp.com.33RC9P9\" target=\"_blank\" rel=\"noopener\">Ni la neige r\u00e9cente en Italie ni les \u00e9pisodes de pluie en France ne remettent en cause le changement climatique<\/a><\/p>\n<p><a href=\"..\/..\/storage\/data\/afp\/factcheck_v2\/FR\/doc.afp.com.33NX6MG\" target=\"_blank\" rel=\"noopener\">Les variations climatiques n&#8217;invalident pas l&#8217;existence du r\u00e9chauffement climatique global<\/a><\/p>\n<p><a href=\"..\/..\/storage\/data\/afp\/factcheck_v2\/FR\/doc.afp.com.33PK3A4\" target=\"_blank\" rel=\"noopener\">Attention aux conclusions trompeuses d&#8217;un montage de cartes m\u00e9t\u00e9o de journaux t\u00e9l\u00e9vis\u00e9s<\/a><\/p>\n<p><a href=\"..\/..\/storage\/data\/afp\/factcheck_v2\/FR\/doc.afp.com.32CW76G\" target=\"_blank\" rel=\"noopener\">Non, une carte m\u00e9t\u00e9o de la France n&#8217;a pas \u00e9t\u00e9 rougie pour <em>&#8220;manipuler&#8221;<\/em> l&#8217;opinion<\/a><\/p>\n<p><a href=\"..\/..\/storage\/data\/afp\/factcheck_v2\/FR\/doc.afp.com.32FF4TC\" target=\"_blank\" rel=\"noopener\">La moyenne des temp\u00e9ratures \u00e0 Paris entre ao\u00fbt et septembre 1895 \u00e9tait de 20\u00b0C &#8211; pas de 37\u00b0C<\/a><\/p>\n<p><em>D\u00ebsen AFP-Faktencheck gouf vun RTL op L\u00ebtzebuergesch iwwersat.<\/em><\/p>\n<\/div>\n<\/div>\n<\/article>\n","protected":false},"excerpt":{"rendered":"<p>D&#8217;Klimaver\u00e4nnerungen, hir Ursaachen a Konsequenze sinn an der W\u00ebssenschaft allgemeng unerkannt. M\u00e4 reegelm\u00e9isseg gr\u00e4ife Klima-Skeptiker op hefteg Reef\u00e4ll, Schn\u00e9if\u00e4ll oder Temperaturen \u00ebnnert der joresz\u00e4itlecher Norm zer\u00e9ck, fir d\u00ebst ze bestreiden. Si vergl\u00e4ichen hei awer \u00c4ppel mat Bieren.<\/p>\n","protected":false},"author":1,"featured_media":302714,"comment_status":"closed","ping_status":"open","sticky":false,"template":"","format":"standard","meta":{"_acf_changed":false,"footnotes":""},"categories":[189,181],"tags":[],"class_list":{"0":"post-302724","1":"post","2":"type-post","3":"status-publish","4":"format-standard","5":"has-post-thumbnail","7":"category-emwelt","8":"category-uncategorized-lb"},"acf":{"show_metatags":true,"id":"2147364","authors":"RTL L\u00ebtzebuerg","organization":"RTL","featured_image_copyright":"","text_copyright":"Copyright RTL \/ CLT-UFA S.A.","source":"https:\/\/www.rtl.lu\/news\/faktencheck\/a\/2147364.html","fact_checker":"https:\/\/belux.wpengine.com\/wp-content\/uploads\/2021\/12\/afp_logo.png","type":"Closed Event","location":"","start_date":"","start_date_event_begins_at":"","start_date_event_ends_at":"","end_date":"","end_date_event_begins_at":"","end_date_event_ends_at":"","organizer":"","fact_checker_logo_image":false},"yoast_head":"<!-- This site is optimized with the Yoast SEO plugin v27.0 - https:\/\/yoast.com\/product\/yoast-seo-wordpress\/ -->\n<title>Faktencheck: N\u00ebmme well et reent a schneit, heescht dat net, dass et keng Klimaerwiermung g\u00ebtt - EDMO Belux<\/title>\n<meta name=\"robots\" content=\"index, follow, max-snippet:-1, max-image-preview:large, max-video-preview:-1\" \/>\n<link rel=\"canonical\" href=\"https:\/\/belux.edmo.eu\/lb\/faktencheck-nmme-well-et-reent-a-schneit-heescht-dat-net-dass-et-keng-klimaerwiermung-gtt\/\" \/>\n<meta property=\"og:locale\" content=\"en_US\" \/>\n<meta property=\"og:type\" content=\"article\" \/>\n<meta property=\"og:title\" content=\"Faktencheck: N\u00ebmme well et reent a schneit, heescht dat net, dass et keng Klimaerwiermung g\u00ebtt - EDMO Belux\" \/>\n<meta property=\"og:description\" content=\"D&#039;Klimaver\u00e4nnerungen, hir Ursaachen a Konsequenze sinn an der W\u00ebssenschaft allgemeng unerkannt. M\u00e4 reegelm\u00e9isseg gr\u00e4ife Klima-Skeptiker op hefteg Reef\u00e4ll, Schn\u00e9if\u00e4ll oder Temperaturen \u00ebnnert der joresz\u00e4itlecher Norm zer\u00e9ck, fir d\u00ebst ze bestreiden. Si vergl\u00e4ichen hei awer \u00c4ppel mat Bieren.\" \/>\n<meta property=\"og:url\" content=\"https:\/\/belux.edmo.eu\/lb\/faktencheck-nmme-well-et-reent-a-schneit-heescht-dat-net-dass-et-keng-klimaerwiermung-gtt\/\" \/>\n<meta property=\"og:site_name\" content=\"EDMO Belux\" \/>\n<meta property=\"article:published_time\" content=\"2023-12-12T16:09:17+00:00\" \/>\n<meta property=\"article:modified_time\" content=\"2023-12-12T18:28:49+00:00\" \/>\n<meta property=\"og:image\" content=\"https:\/\/belux-edmo.s3-accelerate.amazonaws.com\/wp-content\/uploads\/2023\/12\/459db97e56c4bc97245d3fc50bdd4edf.jpeg\" \/>\n\t<meta property=\"og:image:width\" content=\"1080\" \/>\n\t<meta property=\"og:image:height\" content=\"608\" \/>\n\t<meta property=\"og:image:type\" content=\"image\/jpeg\" \/>\n<meta name=\"author\" content=\"master\" \/>\n<meta name=\"twitter:card\" content=\"summary_large_image\" \/>\n<meta name=\"twitter:creator\" content=\"@Edmo_Belux\" \/>\n<meta name=\"twitter:site\" content=\"@Edmo_Belux\" \/>\n<meta name=\"twitter:label1\" content=\"Written by\" \/>\n\t<meta name=\"twitter:data1\" content=\"master\" \/>\n\t<meta name=\"twitter:label2\" content=\"Est. reading time\" \/>\n\t<meta name=\"twitter:data2\" content=\"3 minutes\" \/>\n<script type=\"application\/ld+json\" class=\"yoast-schema-graph\">{\"@context\":\"https:\/\/schema.org\",\"@graph\":[{\"@type\":\"Article\",\"@id\":\"https:\/\/belux.edmo.eu\/lb\/faktencheck-nmme-well-et-reent-a-schneit-heescht-dat-net-dass-et-keng-klimaerwiermung-gtt\/#article\",\"isPartOf\":{\"@id\":\"https:\/\/belux.edmo.eu\/lb\/faktencheck-nmme-well-et-reent-a-schneit-heescht-dat-net-dass-et-keng-klimaerwiermung-gtt\/\"},\"author\":{\"name\":\"master\",\"@id\":\"https:\/\/belux.edmo.eu\/#\/schema\/person\/dbe3b252258537fd318f9b5645a30342\"},\"headline\":\"Faktencheck: N\u00ebmme well et reent a schneit, heescht dat net, dass et keng Klimaerwiermung g\u00ebtt\",\"datePublished\":\"2023-12-12T16:09:17+00:00\",\"dateModified\":\"2023-12-12T18:28:49+00:00\",\"mainEntityOfPage\":{\"@id\":\"https:\/\/belux.edmo.eu\/lb\/faktencheck-nmme-well-et-reent-a-schneit-heescht-dat-net-dass-et-keng-klimaerwiermung-gtt\/\"},\"wordCount\":828,\"publisher\":{\"@id\":\"https:\/\/belux.edmo.eu\/#organization\"},\"image\":{\"@id\":\"https:\/\/belux.edmo.eu\/lb\/faktencheck-nmme-well-et-reent-a-schneit-heescht-dat-net-dass-et-keng-klimaerwiermung-gtt\/#primaryimage\"},\"thumbnailUrl\":\"https:\/\/belux-edmo.s3-accelerate.amazonaws.com\/wp-content\/uploads\/2023\/12\/459db97e56c4bc97245d3fc50bdd4edf.jpeg\",\"articleSection\":[\"\u00cbmwelt\",\"Uncategorized @lb\"],\"inLanguage\":\"lb-LU\"},{\"@type\":\"WebPage\",\"@id\":\"https:\/\/belux.edmo.eu\/lb\/faktencheck-nmme-well-et-reent-a-schneit-heescht-dat-net-dass-et-keng-klimaerwiermung-gtt\/\",\"url\":\"https:\/\/belux.edmo.eu\/lb\/faktencheck-nmme-well-et-reent-a-schneit-heescht-dat-net-dass-et-keng-klimaerwiermung-gtt\/\",\"name\":\"Faktencheck: N\u00ebmme well et reent a schneit, heescht dat net, dass et keng Klimaerwiermung g\u00ebtt - EDMO Belux\",\"isPartOf\":{\"@id\":\"https:\/\/belux.edmo.eu\/#website\"},\"primaryImageOfPage\":{\"@id\":\"https:\/\/belux.edmo.eu\/lb\/faktencheck-nmme-well-et-reent-a-schneit-heescht-dat-net-dass-et-keng-klimaerwiermung-gtt\/#primaryimage\"},\"image\":{\"@id\":\"https:\/\/belux.edmo.eu\/lb\/faktencheck-nmme-well-et-reent-a-schneit-heescht-dat-net-dass-et-keng-klimaerwiermung-gtt\/#primaryimage\"},\"thumbnailUrl\":\"https:\/\/belux-edmo.s3-accelerate.amazonaws.com\/wp-content\/uploads\/2023\/12\/459db97e56c4bc97245d3fc50bdd4edf.jpeg\",\"datePublished\":\"2023-12-12T16:09:17+00:00\",\"dateModified\":\"2023-12-12T18:28:49+00:00\",\"breadcrumb\":{\"@id\":\"https:\/\/belux.edmo.eu\/lb\/faktencheck-nmme-well-et-reent-a-schneit-heescht-dat-net-dass-et-keng-klimaerwiermung-gtt\/#breadcrumb\"},\"inLanguage\":\"lb-LU\",\"potentialAction\":[{\"@type\":\"ReadAction\",\"target\":[\"https:\/\/belux.edmo.eu\/lb\/faktencheck-nmme-well-et-reent-a-schneit-heescht-dat-net-dass-et-keng-klimaerwiermung-gtt\/\"]}]},{\"@type\":\"ImageObject\",\"inLanguage\":\"lb-LU\",\"@id\":\"https:\/\/belux.edmo.eu\/lb\/faktencheck-nmme-well-et-reent-a-schneit-heescht-dat-net-dass-et-keng-klimaerwiermung-gtt\/#primaryimage\",\"url\":\"https:\/\/belux-edmo.s3-accelerate.amazonaws.com\/wp-content\/uploads\/2023\/12\/459db97e56c4bc97245d3fc50bdd4edf.jpeg\",\"contentUrl\":\"https:\/\/belux-edmo.s3-accelerate.amazonaws.com\/wp-content\/uploads\/2023\/12\/459db97e56c4bc97245d3fc50bdd4edf.jpeg\",\"width\":1080,\"height\":608,\"caption\":\"Faktencheck: N\u00ebmme well et reent a schneit, heescht dat net, dass et keng Klimaerwiermung g\u00ebtt - Featured image\"},{\"@type\":\"BreadcrumbList\",\"@id\":\"https:\/\/belux.edmo.eu\/lb\/faktencheck-nmme-well-et-reent-a-schneit-heescht-dat-net-dass-et-keng-klimaerwiermung-gtt\/#breadcrumb\",\"itemListElement\":[{\"@type\":\"ListItem\",\"position\":1,\"name\":\"Home\",\"item\":\"https:\/\/belux.edmo.eu\/lb\/\"},{\"@type\":\"ListItem\",\"position\":2,\"name\":\"Faktencheck: N\u00ebmme well et reent a schneit, heescht dat net, dass et keng Klimaerwiermung g\u00ebtt\"}]},{\"@type\":\"WebSite\",\"@id\":\"https:\/\/belux.edmo.eu\/#website\",\"url\":\"https:\/\/belux.edmo.eu\/\",\"name\":\"EDMO Belux\",\"description\":\"Monitoring Disinformation in Belgium and Luxembourg\",\"publisher\":{\"@id\":\"https:\/\/belux.edmo.eu\/#organization\"},\"potentialAction\":[{\"@type\":\"SearchAction\",\"target\":{\"@type\":\"EntryPoint\",\"urlTemplate\":\"https:\/\/belux.edmo.eu\/?s={search_term_string}\"},\"query-input\":{\"@type\":\"PropertyValueSpecification\",\"valueRequired\":true,\"valueName\":\"search_term_string\"}}],\"inLanguage\":\"lb-LU\"},{\"@type\":\"Organization\",\"@id\":\"https:\/\/belux.edmo.eu\/#organization\",\"name\":\"EDMO Belux\",\"url\":\"https:\/\/belux.edmo.eu\/\",\"logo\":{\"@type\":\"ImageObject\",\"inLanguage\":\"lb-LU\",\"@id\":\"https:\/\/belux.edmo.eu\/#\/schema\/logo\/image\/\",\"url\":\"https:\/\/belux.edmo.eu\/wp-content\/uploads\/2021\/12\/belux-logo-full-color-rgb.svg\",\"contentUrl\":\"https:\/\/belux.edmo.eu\/wp-content\/uploads\/2021\/12\/belux-logo-full-color-rgb.svg\",\"width\":1,\"height\":1,\"caption\":\"EDMO Belux\"},\"image\":{\"@id\":\"https:\/\/belux.edmo.eu\/#\/schema\/logo\/image\/\"},\"sameAs\":[\"https:\/\/x.com\/Edmo_Belux\"]},{\"@type\":\"Person\",\"@id\":\"https:\/\/belux.edmo.eu\/#\/schema\/person\/dbe3b252258537fd318f9b5645a30342\",\"name\":\"master\",\"sameAs\":[\"https:\/\/belux.wpengine.com\"],\"url\":\"https:\/\/belux.edmo.eu\/lb\/author\/master\/\"}]}<\/script>\n<!-- \/ Yoast SEO plugin. -->","yoast_head_json":{"title":"Faktencheck: N\u00ebmme well et reent a schneit, heescht dat net, dass et keng Klimaerwiermung g\u00ebtt - EDMO Belux","robots":{"index":"index","follow":"follow","max-snippet":"max-snippet:-1","max-image-preview":"max-image-preview:large","max-video-preview":"max-video-preview:-1"},"canonical":"https:\/\/belux.edmo.eu\/lb\/faktencheck-nmme-well-et-reent-a-schneit-heescht-dat-net-dass-et-keng-klimaerwiermung-gtt\/","og_locale":"en_US","og_type":"article","og_title":"Faktencheck: N\u00ebmme well et reent a schneit, heescht dat net, dass et keng Klimaerwiermung g\u00ebtt - EDMO Belux","og_description":"D'Klimaver\u00e4nnerungen, hir Ursaachen a Konsequenze sinn an der W\u00ebssenschaft allgemeng unerkannt. M\u00e4 reegelm\u00e9isseg gr\u00e4ife Klima-Skeptiker op hefteg Reef\u00e4ll, Schn\u00e9if\u00e4ll oder Temperaturen \u00ebnnert der joresz\u00e4itlecher Norm zer\u00e9ck, fir d\u00ebst ze bestreiden. Si vergl\u00e4ichen hei awer \u00c4ppel mat Bieren.","og_url":"https:\/\/belux.edmo.eu\/lb\/faktencheck-nmme-well-et-reent-a-schneit-heescht-dat-net-dass-et-keng-klimaerwiermung-gtt\/","og_site_name":"EDMO Belux","article_published_time":"2023-12-12T16:09:17+00:00","article_modified_time":"2023-12-12T18:28:49+00:00","og_image":[{"width":1080,"height":608,"url":"https:\/\/belux-edmo.s3-accelerate.amazonaws.com\/wp-content\/uploads\/2023\/12\/459db97e56c4bc97245d3fc50bdd4edf.jpeg","type":"image\/jpeg"}],"author":"master","twitter_card":"summary_large_image","twitter_creator":"@Edmo_Belux","twitter_site":"@Edmo_Belux","twitter_misc":{"Written by":"master","Est. reading time":"3 minutes"},"schema":{"@context":"https:\/\/schema.org","@graph":[{"@type":"Article","@id":"https:\/\/belux.edmo.eu\/lb\/faktencheck-nmme-well-et-reent-a-schneit-heescht-dat-net-dass-et-keng-klimaerwiermung-gtt\/#article","isPartOf":{"@id":"https:\/\/belux.edmo.eu\/lb\/faktencheck-nmme-well-et-reent-a-schneit-heescht-dat-net-dass-et-keng-klimaerwiermung-gtt\/"},"author":{"name":"master","@id":"https:\/\/belux.edmo.eu\/#\/schema\/person\/dbe3b252258537fd318f9b5645a30342"},"headline":"Faktencheck: N\u00ebmme well et reent a schneit, heescht dat net, dass et keng Klimaerwiermung g\u00ebtt","datePublished":"2023-12-12T16:09:17+00:00","dateModified":"2023-12-12T18:28:49+00:00","mainEntityOfPage":{"@id":"https:\/\/belux.edmo.eu\/lb\/faktencheck-nmme-well-et-reent-a-schneit-heescht-dat-net-dass-et-keng-klimaerwiermung-gtt\/"},"wordCount":828,"publisher":{"@id":"https:\/\/belux.edmo.eu\/#organization"},"image":{"@id":"https:\/\/belux.edmo.eu\/lb\/faktencheck-nmme-well-et-reent-a-schneit-heescht-dat-net-dass-et-keng-klimaerwiermung-gtt\/#primaryimage"},"thumbnailUrl":"https:\/\/belux-edmo.s3-accelerate.amazonaws.com\/wp-content\/uploads\/2023\/12\/459db97e56c4bc97245d3fc50bdd4edf.jpeg","articleSection":["\u00cbmwelt","Uncategorized @lb"],"inLanguage":"lb-LU"},{"@type":"WebPage","@id":"https:\/\/belux.edmo.eu\/lb\/faktencheck-nmme-well-et-reent-a-schneit-heescht-dat-net-dass-et-keng-klimaerwiermung-gtt\/","url":"https:\/\/belux.edmo.eu\/lb\/faktencheck-nmme-well-et-reent-a-schneit-heescht-dat-net-dass-et-keng-klimaerwiermung-gtt\/","name":"Faktencheck: N\u00ebmme well et reent a schneit, heescht dat net, dass et keng Klimaerwiermung g\u00ebtt - EDMO Belux","isPartOf":{"@id":"https:\/\/belux.edmo.eu\/#website"},"primaryImageOfPage":{"@id":"https:\/\/belux.edmo.eu\/lb\/faktencheck-nmme-well-et-reent-a-schneit-heescht-dat-net-dass-et-keng-klimaerwiermung-gtt\/#primaryimage"},"image":{"@id":"https:\/\/belux.edmo.eu\/lb\/faktencheck-nmme-well-et-reent-a-schneit-heescht-dat-net-dass-et-keng-klimaerwiermung-gtt\/#primaryimage"},"thumbnailUrl":"https:\/\/belux-edmo.s3-accelerate.amazonaws.com\/wp-content\/uploads\/2023\/12\/459db97e56c4bc97245d3fc50bdd4edf.jpeg","datePublished":"2023-12-12T16:09:17+00:00","dateModified":"2023-12-12T18:28:49+00:00","breadcrumb":{"@id":"https:\/\/belux.edmo.eu\/lb\/faktencheck-nmme-well-et-reent-a-schneit-heescht-dat-net-dass-et-keng-klimaerwiermung-gtt\/#breadcrumb"},"inLanguage":"lb-LU","potentialAction":[{"@type":"ReadAction","target":["https:\/\/belux.edmo.eu\/lb\/faktencheck-nmme-well-et-reent-a-schneit-heescht-dat-net-dass-et-keng-klimaerwiermung-gtt\/"]}]},{"@type":"ImageObject","inLanguage":"lb-LU","@id":"https:\/\/belux.edmo.eu\/lb\/faktencheck-nmme-well-et-reent-a-schneit-heescht-dat-net-dass-et-keng-klimaerwiermung-gtt\/#primaryimage","url":"https:\/\/belux-edmo.s3-accelerate.amazonaws.com\/wp-content\/uploads\/2023\/12\/459db97e56c4bc97245d3fc50bdd4edf.jpeg","contentUrl":"https:\/\/belux-edmo.s3-accelerate.amazonaws.com\/wp-content\/uploads\/2023\/12\/459db97e56c4bc97245d3fc50bdd4edf.jpeg","width":1080,"height":608,"caption":"Faktencheck: N\u00ebmme well et reent a schneit, heescht dat net, dass et keng Klimaerwiermung g\u00ebtt - Featured image"},{"@type":"BreadcrumbList","@id":"https:\/\/belux.edmo.eu\/lb\/faktencheck-nmme-well-et-reent-a-schneit-heescht-dat-net-dass-et-keng-klimaerwiermung-gtt\/#breadcrumb","itemListElement":[{"@type":"ListItem","position":1,"name":"Home","item":"https:\/\/belux.edmo.eu\/lb\/"},{"@type":"ListItem","position":2,"name":"Faktencheck: N\u00ebmme well et reent a schneit, heescht dat net, dass et keng Klimaerwiermung g\u00ebtt"}]},{"@type":"WebSite","@id":"https:\/\/belux.edmo.eu\/#website","url":"https:\/\/belux.edmo.eu\/","name":"EDMO Belux","description":"Monitoring Disinformation in Belgium and Luxembourg","publisher":{"@id":"https:\/\/belux.edmo.eu\/#organization"},"potentialAction":[{"@type":"SearchAction","target":{"@type":"EntryPoint","urlTemplate":"https:\/\/belux.edmo.eu\/?s={search_term_string}"},"query-input":{"@type":"PropertyValueSpecification","valueRequired":true,"valueName":"search_term_string"}}],"inLanguage":"lb-LU"},{"@type":"Organization","@id":"https:\/\/belux.edmo.eu\/#organization","name":"EDMO Belux","url":"https:\/\/belux.edmo.eu\/","logo":{"@type":"ImageObject","inLanguage":"lb-LU","@id":"https:\/\/belux.edmo.eu\/#\/schema\/logo\/image\/","url":"https:\/\/belux.edmo.eu\/wp-content\/uploads\/2021\/12\/belux-logo-full-color-rgb.svg","contentUrl":"https:\/\/belux.edmo.eu\/wp-content\/uploads\/2021\/12\/belux-logo-full-color-rgb.svg","width":1,"height":1,"caption":"EDMO Belux"},"image":{"@id":"https:\/\/belux.edmo.eu\/#\/schema\/logo\/image\/"},"sameAs":["https:\/\/x.com\/Edmo_Belux"]},{"@type":"Person","@id":"https:\/\/belux.edmo.eu\/#\/schema\/person\/dbe3b252258537fd318f9b5645a30342","name":"master","sameAs":["https:\/\/belux.wpengine.com"],"url":"https:\/\/belux.edmo.eu\/lb\/author\/master\/"}]}},"menu_order":0,"_links":{"self":[{"href":"https:\/\/belux.edmo.eu\/lb\/wp-json\/wp\/v2\/posts\/302724","targetHints":{"allow":["GET"]}}],"collection":[{"href":"https:\/\/belux.edmo.eu\/lb\/wp-json\/wp\/v2\/posts"}],"about":[{"href":"https:\/\/belux.edmo.eu\/lb\/wp-json\/wp\/v2\/types\/post"}],"author":[{"embeddable":true,"href":"https:\/\/belux.edmo.eu\/lb\/wp-json\/wp\/v2\/users\/1"}],"replies":[{"embeddable":true,"href":"https:\/\/belux.edmo.eu\/lb\/wp-json\/wp\/v2\/comments?post=302724"}],"version-history":[{"count":0,"href":"https:\/\/belux.edmo.eu\/lb\/wp-json\/wp\/v2\/posts\/302724\/revisions"}],"wp:featuredmedia":[{"embeddable":true,"href":"https:\/\/belux.edmo.eu\/lb\/wp-json\/wp\/v2\/media\/302714"}],"wp:attachment":[{"href":"https:\/\/belux.edmo.eu\/lb\/wp-json\/wp\/v2\/media?parent=302724"}],"wp:term":[{"taxonomy":"category","embeddable":true,"href":"https:\/\/belux.edmo.eu\/lb\/wp-json\/wp\/v2\/categories?post=302724"},{"taxonomy":"post_tag","embeddable":true,"href":"https:\/\/belux.edmo.eu\/lb\/wp-json\/wp\/v2\/tags?post=302724"}],"curies":[{"name":"wp","href":"https:\/\/api.w.org\/{rel}","templated":true}]}}