{"id":313932,"date":"2024-01-16T14:08:50","date_gmt":"2024-01-16T14:08:50","guid":{"rendered":"https:\/\/belux.edmo.eu\/?p=313932"},"modified":"2024-01-18T13:01:37","modified_gmt":"2024-01-18T13:01:37","slug":"faktencheck-taylor-swift-an-jeffrey-epstein-net-zesummen-op-enger-foto","status":"publish","type":"post","link":"https:\/\/belux.edmo.eu\/lb\/faktencheck-taylor-swift-an-jeffrey-epstein-net-zesummen-op-enger-foto\/","title":{"rendered":"Faktencheck: Taylor Swift an Jeffrey Epstein net zesummen op enger Foto"},"content":{"rendered":"<article>\n<div>\n<div>\n<p>&nbsp;<\/p>\n<\/div>\n<div>\n<p>Nodeems e Riichter domat ugefaangen huet, Geriichts\u00ebnnerlagen iwwer den Jeffrey Epstein net m\u00e9i \u00ebnner Verschloss ze halen, ass am Internet eng Foto an \u00cbmlaf bruecht ginn, d\u00e9i angeeblech de verurteelte Sexualverbriecher mam Popstar Taylor Swift weist.<\/p>\n<p><img src=\"https:\/\/belux-edmo.s3-accelerate.amazonaws.com\/wp-content\/uploads\/2024\/01\/ba9f8864f28ff94e9005ef1b05a6aa62.jpeg\" alt=\"RTL\" \/> \u00a9 AFP<\/p>\n<p><a href=\"https:\/\/perma.cc\/J5AW-NDN4\" target=\"_blank\" rel=\"noopener\">\u00c4nlech B\u00e4itr\u00e4g<\/a> waren op Plattforme w\u00e9i <a href=\"https:\/\/perma.cc\/5HGT-DUZC\" target=\"_blank\" rel=\"noopener\">X<\/a>, fr\u00e9ier Twitter, am \u00cbmlaf, \u00ebnner anerem op <a href=\"https:\/\/perma.cc\/UR7J-45WL\" target=\"_blank\" rel=\"noopener\">Spuenesch<\/a>.<\/p>\n<p><a href=\"https:\/\/news.yahoo.com\/us-judge-begins-unseal-epstein-001148855.html?fr=sycsrp_catchall\" target=\"_blank\" rel=\"noopener\">D&#8217;Publik maache vu bis elo geheimen Epstein-Dokumenter<\/a> den 3. Januar 2024 geschitt am Kader vun engem Diffam\u00e9ierungsprozess t\u00ebscht der Gislaine Maxwell, fr\u00e9ierer Ma\u00eetresse vum Jeffrey Epstein, d\u00e9i am Joer 2022 zu 20 Joer Prisong verurteelt gouf, an d&#8217;Plaignante Virginia Giuffre.<\/p>\n<p>D\u00e9i \u00e9ischt Tranche \u00ebmfaasst 40 Dokumenter mat bal 1.000 S\u00e4ite vun Depositiounen an Erkl\u00e4rungen. D&#8217;Public maachen, gouf a konspirativen Internetkreesser mat Spannung erwaart, wou z\u00ebnter Jore gef\u00e4lscht L\u00ebschte mat Komplizen d&#8217;Ronn maachen, d\u00e9i den Epstein mat Pers\u00e9inlechkeete w\u00e9i dem <a href=\"..\/..\/storage\/data\/afp\/factcheck_v2\/EN\/joe-biden-does-not-own-island-next-sex-offender-jeffrey-epsteins-hideaway\" target=\"_blank\" rel=\"noopener\">President Joe Biden<\/a>, dem Komiker <a href=\"..\/..\/storage\/data\/afp\/factcheck_v2\/EN\/doc.afp.com.349H6ZH\" target=\"_blank\" rel=\"noopener\">Jimmy Kimmel<\/a>, dem Fox-News-Moderator\u00a0<a href=\"..\/..\/storage\/data\/afp\/factcheck_v2\/EN\/us-journalist-chris-wallace-pictured-italy-not-epstein-island\" target=\"_blank\" rel=\"noopener\">Chris Wallace<\/a> an <a href=\"..\/..\/storage\/data\/afp\/factcheck_v2\/EN\/doc.afp.com.32GE8LR\" target=\"_blank\" rel=\"noopener\">aneren<\/a> a Verbindung br\u00e9nge wollten.<\/p>\n<p>Awer der Swift hiren Numm daucht an den <a href=\"https:\/\/s3.documentcloud.org\/documents\/24253264\/epstein-documents-943-pages.pdf\" target=\"_blank\" rel=\"noopener\">Akten<\/a> net op (<a href=\"https:\/\/perma.cc\/ZJH2-NDWD\" target=\"_blank\" rel=\"noopener\">hei<\/a> archiv\u00e9iert) &#8211; an d&#8217;Foto, d\u00e9i am \u00cbmlaf ass, weist si an den Epstein net zesummen.<\/p>\n<p>Eng <a href=\"https:\/\/www.youtube.com\/watch?v=L0QY4Nhbk-g&amp;list=PLo9T0OZu4qjk7MVqK7VxTFoiI5LTM4FYF&amp;index=30\" target=\"_blank\" rel=\"noopener\">\u00ebmgek\u00e9iert Billersich<\/a> ergouf, dass d\u00e9i fr\u00e9ist Versioun vun der Foto am Internet de 16. Dezember 2021 opgedaucht ass, zwee Joer nodeem den Epstein w\u00e4rend dem Waarden op s\u00e4i Prozess w\u00e9inst Sexhandel duerch <a href=\"https:\/\/www.france24.com\/en\/20190816-coroner-rules-that-jeffrey-epstein-hanged-himself\" target=\"_blank\" rel=\"noopener\">Selbstmord gestuerwe war<\/a>.<\/p>\n<p>D&#8217;<a href=\"https:\/\/twitter.com\/swifferupdates\/status\/1471517876053938190\" target=\"_blank\" rel=\"noopener\">Fan-Konte<\/a> vun der Taylor Swift, d\u00e9i d&#8217;Bild gedeelt hunn, hunn de Mann nieft hir als <a href=\"https:\/\/variety.com\/2023\/music\/news\/republic-records-monte-lipman-label-of-the-year-hitmakers-1235815621\/\" target=\"_blank\" rel=\"noopener\">Lipman<\/a>, CEO a Matgr\u00ebnner vu &#8220;Republic Records&#8221;, enger Duechtergesellschaft vun der <a href=\"https:\/\/www.universalmusic.com\/label\/republic-records\/\" target=\"_blank\" rel=\"noopener\">Universal Music Group<\/a>, ausgemaach. D&#8217;Swift hat hire Vertrag mat der Entreprise am <a href=\"https:\/\/www.rollingstone.com\/music\/music-news\/taylor-swift-record-deal-republic-records-umg-757711\/\" target=\"_blank\" rel=\"noopener\">Joer 2018 \u00ebnnerschriwwen<\/a>.<\/p>\n<blockquote class=\"twitter-tweet\">\n<p dir=\"ltr\" lang=\"en\">| <a href=\"https:\/\/twitter.com\/taylorswift13?ref_src=twsrc%5Etfw\" shape=\"rect\">@taylorswift13<\/a> with Monte Lipman (CEO of Republic Records) <br clear=\"none\" \/><br clear=\"none\" \/>&#8220;Taylor Swift No 8 Billboard Greatest Artist of All Time&#8221; <a href=\"https:\/\/t.co\/Ceg6vLZVjZ\" shape=\"rect\">pic.twitter.com\/Ceg6vLZVjZ<\/a><\/p>\n<p>\u2014 Taylor Swift Updates (@swifferupdates) <a href=\"https:\/\/twitter.com\/swifferupdates\/status\/1471517876053938190?ref_src=twsrc%5Etfw\" shape=\"rect\">December 16, 2021<\/a><\/p><\/blockquote>\n<p><script charset=\"utf-8\" type=\"text\/javascript\" src=\"https:\/\/platform.twitter.com\/widgets.js\" xml:space=\"preserve\"><\/script><\/p>\n<p>D&#8217;Taylor Swift an de Monte Lipman hate virun d\u00ebsem Datum nach <a href=\"https:\/\/twitter.com\/TSwiftNZ\/status\/1199089690084724736\" target=\"_blank\" rel=\"noopener\">aner Fotoen<\/a> zesumme gemaach (<a href=\"https:\/\/perma.cc\/76NP-7D5Q\" target=\"_blank\" rel=\"noopener\">hei<\/a> archiv\u00e9iert).<\/p>\n<p>D&#8217;AFP huet weider Feelinformatiounen iwwer Prominenter, d\u00e9i mam Epstein a Verbindung bruecht ginn, opgedeckt (<a href=\"..\/..\/storage\/data\/afp\/factcheck_v2\/EN\/http%253A%252F%252Fdoc.afp.com%252F9UL26T-1\" target=\"_blank\" rel=\"noopener\">hei<\/a>, <a href=\"..\/..\/storage\/data\/afp\/factcheck_v2\/EN\/doc.afp.com.347X89T\" target=\"_blank\" rel=\"noopener\">hei <\/a>an <a href=\"..\/..\/storage\/data\/afp\/factcheck_v2\/EN\/http%253A%252F%252Fdoc.afp.com%252F9LY982-1\" target=\"_blank\" rel=\"noopener\">hei<\/a>).<\/p>\n<p><em>D\u00ebsen AFP-Artikel gouf vun RTL op L\u00ebtzebuergesch iwwersat.<\/em><\/p>\n<\/div>\n<\/div>\n<\/article>\n","protected":false},"excerpt":{"rendered":"<p>Nodeems e Riichter domat ugefaangen huet, Geriichts\u00ebnnerlagen iwwer den Jeffrey Epstein net m\u00e9i \u00ebnner Verschloss ze halen, ass am Internet eng Foto an \u00cbmlaf bruecht ginn, d\u00e9i angeeblech de verurteelte Sexualverbriecher mam Popstar Taylor Swift weist.<\/p>\n","protected":false},"author":1,"featured_media":313922,"comment_status":"closed","ping_status":"open","sticky":false,"template":"","format":"standard","meta":{"_acf_changed":false,"footnotes":""},"categories":[183,193],"tags":[],"class_list":{"0":"post-313932","1":"post","2":"type-post","3":"status-publish","4":"format-standard","5":"has-post-thumbnail","7":"category-fact-check-lb","8":"category-gesellschaft"},"acf":{"show_metatags":true,"id":"2156298","authors":"RTL L\u00ebtzebuerg","organization":"RTL","featured_image_copyright":"","text_copyright":"Copyright RTL \/ CLT-UFA S.A.","source":"https:\/\/www.rtl.lu\/news\/faktencheck\/a\/2156298.html","fact_checker":"https:\/\/belux.wpengine.com\/wp-content\/uploads\/2021\/12\/rtl_logo.png","type":"Closed Event","location":"","start_date":"","start_date_event_begins_at":"","start_date_event_ends_at":"","end_date":"","end_date_event_begins_at":"","end_date_event_ends_at":"","organizer":"","fact_checker_logo_image":false},"yoast_head":"<!-- This site is optimized with the Yoast SEO plugin v27.0 - https:\/\/yoast.com\/product\/yoast-seo-wordpress\/ -->\n<title>Faktencheck: Taylor Swift an Jeffrey Epstein net zesummen op enger Foto - EDMO Belux<\/title>\n<meta name=\"robots\" content=\"index, follow, max-snippet:-1, max-image-preview:large, max-video-preview:-1\" \/>\n<link rel=\"canonical\" href=\"https:\/\/belux.edmo.eu\/lb\/faktencheck-taylor-swift-an-jeffrey-epstein-net-zesummen-op-enger-foto\/\" \/>\n<meta property=\"og:locale\" content=\"en_US\" \/>\n<meta property=\"og:type\" content=\"article\" \/>\n<meta property=\"og:title\" content=\"Faktencheck: Taylor Swift an Jeffrey Epstein net zesummen op enger Foto - EDMO Belux\" \/>\n<meta property=\"og:description\" content=\"Nodeems e Riichter domat ugefaangen huet, Geriichts\u00ebnnerlagen iwwer den Jeffrey Epstein net m\u00e9i \u00ebnner Verschloss ze halen, ass am Internet eng Foto an \u00cbmlaf bruecht ginn, d\u00e9i angeeblech de verurteelte Sexualverbriecher mam Popstar Taylor Swift weist.\" \/>\n<meta property=\"og:url\" content=\"https:\/\/belux.edmo.eu\/lb\/faktencheck-taylor-swift-an-jeffrey-epstein-net-zesummen-op-enger-foto\/\" \/>\n<meta property=\"og:site_name\" content=\"EDMO Belux\" \/>\n<meta property=\"article:published_time\" content=\"2024-01-16T14:08:50+00:00\" \/>\n<meta property=\"article:modified_time\" content=\"2024-01-18T13:01:37+00:00\" \/>\n<meta property=\"og:image\" content=\"https:\/\/belux-edmo.s3-accelerate.amazonaws.com\/wp-content\/uploads\/2024\/01\/8d78edf22ba4e38247ec2ca8fe1db868.jpeg\" \/>\n\t<meta property=\"og:image:width\" content=\"1080\" \/>\n\t<meta property=\"og:image:height\" content=\"608\" \/>\n\t<meta property=\"og:image:type\" content=\"image\/jpeg\" \/>\n<meta name=\"author\" content=\"master\" \/>\n<meta name=\"twitter:card\" content=\"summary_large_image\" \/>\n<meta name=\"twitter:creator\" content=\"@Edmo_Belux\" \/>\n<meta name=\"twitter:site\" content=\"@Edmo_Belux\" \/>\n<meta name=\"twitter:label1\" content=\"Written by\" \/>\n\t<meta name=\"twitter:data1\" content=\"master\" \/>\n\t<meta name=\"twitter:label2\" content=\"Est. reading time\" \/>\n\t<meta name=\"twitter:data2\" content=\"2 minutes\" \/>\n<script type=\"application\/ld+json\" class=\"yoast-schema-graph\">{\"@context\":\"https:\/\/schema.org\",\"@graph\":[{\"@type\":\"Article\",\"@id\":\"https:\/\/belux.edmo.eu\/lb\/faktencheck-taylor-swift-an-jeffrey-epstein-net-zesummen-op-enger-foto\/#article\",\"isPartOf\":{\"@id\":\"https:\/\/belux.edmo.eu\/lb\/faktencheck-taylor-swift-an-jeffrey-epstein-net-zesummen-op-enger-foto\/\"},\"author\":{\"name\":\"master\",\"@id\":\"https:\/\/belux.edmo.eu\/#\/schema\/person\/dbe3b252258537fd318f9b5645a30342\"},\"headline\":\"Faktencheck: Taylor Swift an Jeffrey Epstein net zesummen op enger Foto\",\"datePublished\":\"2024-01-16T14:08:50+00:00\",\"dateModified\":\"2024-01-18T13:01:37+00:00\",\"mainEntityOfPage\":{\"@id\":\"https:\/\/belux.edmo.eu\/lb\/faktencheck-taylor-swift-an-jeffrey-epstein-net-zesummen-op-enger-foto\/\"},\"wordCount\":372,\"publisher\":{\"@id\":\"https:\/\/belux.edmo.eu\/#organization\"},\"image\":{\"@id\":\"https:\/\/belux.edmo.eu\/lb\/faktencheck-taylor-swift-an-jeffrey-epstein-net-zesummen-op-enger-foto\/#primaryimage\"},\"thumbnailUrl\":\"https:\/\/belux-edmo.s3-accelerate.amazonaws.com\/wp-content\/uploads\/2024\/01\/8d78edf22ba4e38247ec2ca8fe1db868.jpeg\",\"articleSection\":[\"Fact Check\",\"Gesellschaft\"],\"inLanguage\":\"lb-LU\"},{\"@type\":\"WebPage\",\"@id\":\"https:\/\/belux.edmo.eu\/lb\/faktencheck-taylor-swift-an-jeffrey-epstein-net-zesummen-op-enger-foto\/\",\"url\":\"https:\/\/belux.edmo.eu\/lb\/faktencheck-taylor-swift-an-jeffrey-epstein-net-zesummen-op-enger-foto\/\",\"name\":\"Faktencheck: Taylor Swift an Jeffrey Epstein net zesummen op enger Foto - EDMO Belux\",\"isPartOf\":{\"@id\":\"https:\/\/belux.edmo.eu\/#website\"},\"primaryImageOfPage\":{\"@id\":\"https:\/\/belux.edmo.eu\/lb\/faktencheck-taylor-swift-an-jeffrey-epstein-net-zesummen-op-enger-foto\/#primaryimage\"},\"image\":{\"@id\":\"https:\/\/belux.edmo.eu\/lb\/faktencheck-taylor-swift-an-jeffrey-epstein-net-zesummen-op-enger-foto\/#primaryimage\"},\"thumbnailUrl\":\"https:\/\/belux-edmo.s3-accelerate.amazonaws.com\/wp-content\/uploads\/2024\/01\/8d78edf22ba4e38247ec2ca8fe1db868.jpeg\",\"datePublished\":\"2024-01-16T14:08:50+00:00\",\"dateModified\":\"2024-01-18T13:01:37+00:00\",\"breadcrumb\":{\"@id\":\"https:\/\/belux.edmo.eu\/lb\/faktencheck-taylor-swift-an-jeffrey-epstein-net-zesummen-op-enger-foto\/#breadcrumb\"},\"inLanguage\":\"lb-LU\",\"potentialAction\":[{\"@type\":\"ReadAction\",\"target\":[\"https:\/\/belux.edmo.eu\/lb\/faktencheck-taylor-swift-an-jeffrey-epstein-net-zesummen-op-enger-foto\/\"]}]},{\"@type\":\"ImageObject\",\"inLanguage\":\"lb-LU\",\"@id\":\"https:\/\/belux.edmo.eu\/lb\/faktencheck-taylor-swift-an-jeffrey-epstein-net-zesummen-op-enger-foto\/#primaryimage\",\"url\":\"https:\/\/belux-edmo.s3-accelerate.amazonaws.com\/wp-content\/uploads\/2024\/01\/8d78edf22ba4e38247ec2ca8fe1db868.jpeg\",\"contentUrl\":\"https:\/\/belux-edmo.s3-accelerate.amazonaws.com\/wp-content\/uploads\/2024\/01\/8d78edf22ba4e38247ec2ca8fe1db868.jpeg\",\"width\":1080,\"height\":608,\"caption\":\"Faktencheck: Taylor Swift an Jeffrey Epstein net zesummen op enger Foto - Featured image\"},{\"@type\":\"BreadcrumbList\",\"@id\":\"https:\/\/belux.edmo.eu\/lb\/faktencheck-taylor-swift-an-jeffrey-epstein-net-zesummen-op-enger-foto\/#breadcrumb\",\"itemListElement\":[{\"@type\":\"ListItem\",\"position\":1,\"name\":\"Home\",\"item\":\"https:\/\/belux.edmo.eu\/lb\/\"},{\"@type\":\"ListItem\",\"position\":2,\"name\":\"Faktencheck: Taylor Swift an Jeffrey Epstein net zesummen op enger Foto\"}]},{\"@type\":\"WebSite\",\"@id\":\"https:\/\/belux.edmo.eu\/#website\",\"url\":\"https:\/\/belux.edmo.eu\/\",\"name\":\"EDMO Belux\",\"description\":\"Monitoring Disinformation in Belgium and Luxembourg\",\"publisher\":{\"@id\":\"https:\/\/belux.edmo.eu\/#organization\"},\"potentialAction\":[{\"@type\":\"SearchAction\",\"target\":{\"@type\":\"EntryPoint\",\"urlTemplate\":\"https:\/\/belux.edmo.eu\/?s={search_term_string}\"},\"query-input\":{\"@type\":\"PropertyValueSpecification\",\"valueRequired\":true,\"valueName\":\"search_term_string\"}}],\"inLanguage\":\"lb-LU\"},{\"@type\":\"Organization\",\"@id\":\"https:\/\/belux.edmo.eu\/#organization\",\"name\":\"EDMO Belux\",\"url\":\"https:\/\/belux.edmo.eu\/\",\"logo\":{\"@type\":\"ImageObject\",\"inLanguage\":\"lb-LU\",\"@id\":\"https:\/\/belux.edmo.eu\/#\/schema\/logo\/image\/\",\"url\":\"https:\/\/belux.edmo.eu\/wp-content\/uploads\/2021\/12\/belux-logo-full-color-rgb.svg\",\"contentUrl\":\"https:\/\/belux.edmo.eu\/wp-content\/uploads\/2021\/12\/belux-logo-full-color-rgb.svg\",\"width\":1,\"height\":1,\"caption\":\"EDMO Belux\"},\"image\":{\"@id\":\"https:\/\/belux.edmo.eu\/#\/schema\/logo\/image\/\"},\"sameAs\":[\"https:\/\/x.com\/Edmo_Belux\"]},{\"@type\":\"Person\",\"@id\":\"https:\/\/belux.edmo.eu\/#\/schema\/person\/dbe3b252258537fd318f9b5645a30342\",\"name\":\"master\",\"sameAs\":[\"https:\/\/belux.wpengine.com\"],\"url\":\"https:\/\/belux.edmo.eu\/lb\/author\/master\/\"}]}<\/script>\n<!-- \/ Yoast SEO plugin. -->","yoast_head_json":{"title":"Faktencheck: Taylor Swift an Jeffrey Epstein net zesummen op enger Foto - EDMO Belux","robots":{"index":"index","follow":"follow","max-snippet":"max-snippet:-1","max-image-preview":"max-image-preview:large","max-video-preview":"max-video-preview:-1"},"canonical":"https:\/\/belux.edmo.eu\/lb\/faktencheck-taylor-swift-an-jeffrey-epstein-net-zesummen-op-enger-foto\/","og_locale":"en_US","og_type":"article","og_title":"Faktencheck: Taylor Swift an Jeffrey Epstein net zesummen op enger Foto - EDMO Belux","og_description":"Nodeems e Riichter domat ugefaangen huet, Geriichts\u00ebnnerlagen iwwer den Jeffrey Epstein net m\u00e9i \u00ebnner Verschloss ze halen, ass am Internet eng Foto an \u00cbmlaf bruecht ginn, d\u00e9i angeeblech de verurteelte Sexualverbriecher mam Popstar Taylor Swift weist.","og_url":"https:\/\/belux.edmo.eu\/lb\/faktencheck-taylor-swift-an-jeffrey-epstein-net-zesummen-op-enger-foto\/","og_site_name":"EDMO Belux","article_published_time":"2024-01-16T14:08:50+00:00","article_modified_time":"2024-01-18T13:01:37+00:00","og_image":[{"width":1080,"height":608,"url":"https:\/\/belux-edmo.s3-accelerate.amazonaws.com\/wp-content\/uploads\/2024\/01\/8d78edf22ba4e38247ec2ca8fe1db868.jpeg","type":"image\/jpeg"}],"author":"master","twitter_card":"summary_large_image","twitter_creator":"@Edmo_Belux","twitter_site":"@Edmo_Belux","twitter_misc":{"Written by":"master","Est. reading time":"2 minutes"},"schema":{"@context":"https:\/\/schema.org","@graph":[{"@type":"Article","@id":"https:\/\/belux.edmo.eu\/lb\/faktencheck-taylor-swift-an-jeffrey-epstein-net-zesummen-op-enger-foto\/#article","isPartOf":{"@id":"https:\/\/belux.edmo.eu\/lb\/faktencheck-taylor-swift-an-jeffrey-epstein-net-zesummen-op-enger-foto\/"},"author":{"name":"master","@id":"https:\/\/belux.edmo.eu\/#\/schema\/person\/dbe3b252258537fd318f9b5645a30342"},"headline":"Faktencheck: Taylor Swift an Jeffrey Epstein net zesummen op enger Foto","datePublished":"2024-01-16T14:08:50+00:00","dateModified":"2024-01-18T13:01:37+00:00","mainEntityOfPage":{"@id":"https:\/\/belux.edmo.eu\/lb\/faktencheck-taylor-swift-an-jeffrey-epstein-net-zesummen-op-enger-foto\/"},"wordCount":372,"publisher":{"@id":"https:\/\/belux.edmo.eu\/#organization"},"image":{"@id":"https:\/\/belux.edmo.eu\/lb\/faktencheck-taylor-swift-an-jeffrey-epstein-net-zesummen-op-enger-foto\/#primaryimage"},"thumbnailUrl":"https:\/\/belux-edmo.s3-accelerate.amazonaws.com\/wp-content\/uploads\/2024\/01\/8d78edf22ba4e38247ec2ca8fe1db868.jpeg","articleSection":["Fact Check","Gesellschaft"],"inLanguage":"lb-LU"},{"@type":"WebPage","@id":"https:\/\/belux.edmo.eu\/lb\/faktencheck-taylor-swift-an-jeffrey-epstein-net-zesummen-op-enger-foto\/","url":"https:\/\/belux.edmo.eu\/lb\/faktencheck-taylor-swift-an-jeffrey-epstein-net-zesummen-op-enger-foto\/","name":"Faktencheck: Taylor Swift an Jeffrey Epstein net zesummen op enger Foto - EDMO Belux","isPartOf":{"@id":"https:\/\/belux.edmo.eu\/#website"},"primaryImageOfPage":{"@id":"https:\/\/belux.edmo.eu\/lb\/faktencheck-taylor-swift-an-jeffrey-epstein-net-zesummen-op-enger-foto\/#primaryimage"},"image":{"@id":"https:\/\/belux.edmo.eu\/lb\/faktencheck-taylor-swift-an-jeffrey-epstein-net-zesummen-op-enger-foto\/#primaryimage"},"thumbnailUrl":"https:\/\/belux-edmo.s3-accelerate.amazonaws.com\/wp-content\/uploads\/2024\/01\/8d78edf22ba4e38247ec2ca8fe1db868.jpeg","datePublished":"2024-01-16T14:08:50+00:00","dateModified":"2024-01-18T13:01:37+00:00","breadcrumb":{"@id":"https:\/\/belux.edmo.eu\/lb\/faktencheck-taylor-swift-an-jeffrey-epstein-net-zesummen-op-enger-foto\/#breadcrumb"},"inLanguage":"lb-LU","potentialAction":[{"@type":"ReadAction","target":["https:\/\/belux.edmo.eu\/lb\/faktencheck-taylor-swift-an-jeffrey-epstein-net-zesummen-op-enger-foto\/"]}]},{"@type":"ImageObject","inLanguage":"lb-LU","@id":"https:\/\/belux.edmo.eu\/lb\/faktencheck-taylor-swift-an-jeffrey-epstein-net-zesummen-op-enger-foto\/#primaryimage","url":"https:\/\/belux-edmo.s3-accelerate.amazonaws.com\/wp-content\/uploads\/2024\/01\/8d78edf22ba4e38247ec2ca8fe1db868.jpeg","contentUrl":"https:\/\/belux-edmo.s3-accelerate.amazonaws.com\/wp-content\/uploads\/2024\/01\/8d78edf22ba4e38247ec2ca8fe1db868.jpeg","width":1080,"height":608,"caption":"Faktencheck: Taylor Swift an Jeffrey Epstein net zesummen op enger Foto - Featured image"},{"@type":"BreadcrumbList","@id":"https:\/\/belux.edmo.eu\/lb\/faktencheck-taylor-swift-an-jeffrey-epstein-net-zesummen-op-enger-foto\/#breadcrumb","itemListElement":[{"@type":"ListItem","position":1,"name":"Home","item":"https:\/\/belux.edmo.eu\/lb\/"},{"@type":"ListItem","position":2,"name":"Faktencheck: Taylor Swift an Jeffrey Epstein net zesummen op enger Foto"}]},{"@type":"WebSite","@id":"https:\/\/belux.edmo.eu\/#website","url":"https:\/\/belux.edmo.eu\/","name":"EDMO Belux","description":"Monitoring Disinformation in Belgium and Luxembourg","publisher":{"@id":"https:\/\/belux.edmo.eu\/#organization"},"potentialAction":[{"@type":"SearchAction","target":{"@type":"EntryPoint","urlTemplate":"https:\/\/belux.edmo.eu\/?s={search_term_string}"},"query-input":{"@type":"PropertyValueSpecification","valueRequired":true,"valueName":"search_term_string"}}],"inLanguage":"lb-LU"},{"@type":"Organization","@id":"https:\/\/belux.edmo.eu\/#organization","name":"EDMO Belux","url":"https:\/\/belux.edmo.eu\/","logo":{"@type":"ImageObject","inLanguage":"lb-LU","@id":"https:\/\/belux.edmo.eu\/#\/schema\/logo\/image\/","url":"https:\/\/belux.edmo.eu\/wp-content\/uploads\/2021\/12\/belux-logo-full-color-rgb.svg","contentUrl":"https:\/\/belux.edmo.eu\/wp-content\/uploads\/2021\/12\/belux-logo-full-color-rgb.svg","width":1,"height":1,"caption":"EDMO Belux"},"image":{"@id":"https:\/\/belux.edmo.eu\/#\/schema\/logo\/image\/"},"sameAs":["https:\/\/x.com\/Edmo_Belux"]},{"@type":"Person","@id":"https:\/\/belux.edmo.eu\/#\/schema\/person\/dbe3b252258537fd318f9b5645a30342","name":"master","sameAs":["https:\/\/belux.wpengine.com"],"url":"https:\/\/belux.edmo.eu\/lb\/author\/master\/"}]}},"menu_order":0,"_links":{"self":[{"href":"https:\/\/belux.edmo.eu\/lb\/wp-json\/wp\/v2\/posts\/313932","targetHints":{"allow":["GET"]}}],"collection":[{"href":"https:\/\/belux.edmo.eu\/lb\/wp-json\/wp\/v2\/posts"}],"about":[{"href":"https:\/\/belux.edmo.eu\/lb\/wp-json\/wp\/v2\/types\/post"}],"author":[{"embeddable":true,"href":"https:\/\/belux.edmo.eu\/lb\/wp-json\/wp\/v2\/users\/1"}],"replies":[{"embeddable":true,"href":"https:\/\/belux.edmo.eu\/lb\/wp-json\/wp\/v2\/comments?post=313932"}],"version-history":[{"count":0,"href":"https:\/\/belux.edmo.eu\/lb\/wp-json\/wp\/v2\/posts\/313932\/revisions"}],"wp:featuredmedia":[{"embeddable":true,"href":"https:\/\/belux.edmo.eu\/lb\/wp-json\/wp\/v2\/media\/313922"}],"wp:attachment":[{"href":"https:\/\/belux.edmo.eu\/lb\/wp-json\/wp\/v2\/media?parent=313932"}],"wp:term":[{"taxonomy":"category","embeddable":true,"href":"https:\/\/belux.edmo.eu\/lb\/wp-json\/wp\/v2\/categories?post=313932"},{"taxonomy":"post_tag","embeddable":true,"href":"https:\/\/belux.edmo.eu\/lb\/wp-json\/wp\/v2\/tags?post=313932"}],"curies":[{"name":"wp","href":"https:\/\/api.w.org\/{rel}","templated":true}]}}