{"id":322970,"date":"2024-03-08T07:00:15","date_gmt":"2024-03-08T07:00:15","guid":{"rendered":"https:\/\/belux.edmo.eu\/?p=322970"},"modified":"2024-03-12T08:06:36","modified_gmt":"2024-03-12T08:06:36","slug":"faktencheck-bitrg-stelle-resultater-vu-weltwit-grisster-covid-impfstoffscherheetsetd-falsch-duer","status":"publish","type":"post","link":"https:\/\/belux.edmo.eu\/lb\/faktencheck-bitrg-stelle-resultater-vu-weltwit-grisster-covid-impfstoffscherheetsetd-falsch-duer\/","title":{"rendered":"Faktencheck: B\u00e4itr\u00e4g stelle Resultater vu weltw\u00e4it gr\u00e9isster Covid-Impfstoffs\u00e9cherheetset\u00fcd falsch duer"},"content":{"rendered":"<article>\n<div>\n<div>\n<p>&nbsp;<\/p>\n<\/div>\n<div>\n<p>D&#8217;Publikatioun vun der gr\u00e9isster Peer-Review-Et\u00fcd iwwer d&#8217;S\u00e9cherheet vu Covid-19-Impfstoffer am Februar 2024 huet zu ierf\u00e9ierende Behaaptungen an de sozialen Netzwierker gefouert.<\/p>\n<p>&#8220;W\u00ebssenschaftler fanne MASSIV erh\u00e9ichte Risiko fir d&#8217;Entw\u00e9cklung vu m\u00e9i schw\u00e9ieren Erkrankungen no der Impfung&#8221;, heescht et an engem <a href=\"https:\/\/perma.cc\/KA8J-9J6E\" target=\"_blank\" rel=\"noopener\">Facebook-B\u00e4itrag<\/a> vum 23. Februar 2024 mat engem Video vum <a href=\"https:\/\/www.cbc.ca\/news\/health\/marketplace-anti-vaccination-hidden-camera-washington-1.5429805\" target=\"_blank\" rel=\"noopener\">Del Bigtree<\/a>, dem Chef vun enger vun de <a href=\"https:\/\/www.nbcnews.com\/tech\/internet\/struggling-anti-vaccination-groups-enjoyed-pandemic-windfall-rcna14402\" target=\"_blank\" rel=\"noopener\">beschtfinanz\u00e9ierten Impfg\u00e9igner-Organisatiounen<\/a> an de Vereenegte Staaten.<\/p>\n<p>Am Clip beschreift hien d&#8217;Resultater vun enger <a href=\"https:\/\/www.sciencedirect.com\/science\/article\/pii\/S0264410X24001270?via%3Dihub\" target=\"_blank\" rel=\"noopener\">Et\u00fcd<\/a>, d\u00e9i den 12. Februar 2024 an der Fachz\u00e4itschr\u00ebft &#8220;Vaccine&#8221; publiz\u00e9iert gouf an d\u00e9i d&#8217;S\u00e9cherheet vum Covid-19-Impfstoff an aacht L\u00e4nner \u00ebnnersicht huet (<a href=\"https:\/\/perma.cc\/QL5A-DBHQ\" target=\"_blank\" rel=\"noopener\">hei<\/a> archiv\u00e9iert).<\/p>\n<p><img src=\"https:\/\/belux-edmo.s3-accelerate.amazonaws.com\/wp-content\/uploads\/2024\/03\/2d5d7ad6d1dcb39a6fdd8baf590d6a80.jpeg\" alt=\"RTL\" \/> \u00a9 AFP<\/p>\n<p><img src=\"https:\/\/belux-edmo.s3-accelerate.amazonaws.com\/wp-content\/uploads\/2024\/03\/d08feb4d7fbd870aa475da1aa5609f17.jpeg\" alt=\"RTL\" \/> \u00a9 AFP<\/p>\n<p>A <a href=\"https:\/\/factuel.afp.com\/doc.afp.com.34K27DJ\" target=\"_blank\" rel=\"noopener\">frans\u00e9ischsproochege<\/a><a href=\"https:\/\/perma.cc\/RJB4-VMU8\" target=\"_blank\" rel=\"noopener\">B\u00e4itr\u00e4g op der Plattform X<\/a>, fr\u00e9ier Twitter, g\u00ebtt behaapt, d&#8217;Et\u00fcd h\u00e4tt festgestallt, dass d&#8217;Impfstoffer &#8220;eeschthaft Gesondheetsproblemer&#8221; ausl\u00e9isen, woub\u00e4i eng Rei Notzer Screenshots vun engem Artikel aus dem <a href=\"https:\/\/www.journaldemontreal.com\/2024\/02\/13\/une-vaste-etude-mondiale-fait-le-lien-entre-les-vaccins-contre-la-covid-19-et-de-potentiels-problemes-de-sante\" target=\"_blank\" rel=\"noopener\">le Journal de Montr\u00e9al<\/a> gedeelt hunn (<a href=\"https:\/\/perma.cc\/S3F2-CUTU\" target=\"_blank\" rel=\"noopener\">hei<\/a> archiv\u00e9iert).<\/p>\n<p>D&#8217;<a href=\"https:\/\/perma.cc\/RCG7-AHBD\" target=\"_blank\" rel=\"noopener\">Behaaptunge<\/a> sinn d\u00e9i neist <a href=\"..\/..\/storage\/data\/afp\/factcheck_v2\/EN\/list\/all\/all\/35799\/all\/tid-35799\" target=\"_blank\" rel=\"noopener\">Well vu Desinformatiounen<\/a> iwwer Covid-19-Impfstoffer, d\u00e9i <a href=\"https:\/\/www.cidrap.umn.edu\/covid-19\/global-covid-vaccination-saved-24-million-lives-first-8-months-study-estimates\" target=\"_blank\" rel=\"noopener\">Millioune vu Liewe gerett<\/a> hunn, w\u00e9i <a href=\"https:\/\/pubmed.ncbi.nlm.nih.gov\/35753318\/\" target=\"_blank\" rel=\"noopener\">Fuerscher sch\u00e4tzen<\/a>.<\/p>\n<p>Den Epidemiolog <a href=\"https:\/\/perma.cc\/56QJ-EHPH\" target=\"_blank\" rel=\"noopener\">Anders Peter Hviid<\/a>, ee vun den Auteure vun der Et\u00fcd, sot der AFP, d&#8217;Resultater h\u00e4tte fr\u00e9ier Enqu\u00eat\u00eb confirm\u00e9iert a sollten d&#8217;M\u00ebnschen net dovun ofhalen, sech weider Covid-19-Injektiounen spr\u00ebtzen ze loossen.<\/p>\n<p>&#8220;Wat mir mathuelen, ass, dass d&#8217;Covid-19-Impfcampagn\u00eb bei der Verh\u00ebnnerung vu schw\u00e9iere Verleef immens effektiv waren&#8221;, sot hien den 23. Februar. &#8220;D\u00e9i w\u00e9ineg grav Niewewierkungen, d\u00e9i mir an d\u00ebser an an aneren Et\u00fcden observ\u00e9iert hunn, ware seelen.&#8221;<\/p>\n<p>H\u00e4erzrisiken<\/p>\n<p>De\u00a0<a href=\"https:\/\/globalvaccinedatanetwork.org\/\" target=\"_blank\" rel=\"noopener\">Global Vaccine Data Network<\/a> huet d\u00ebs Et\u00fcd, d\u00e9i am Internet falsch duergestallt gouf, duerchgefouert. An d\u00ebser Et\u00fcd goufen Donn\u00e9e\u00eb vun iwwer 99 Millioune geimpfte Leit aus Australien, Kanada, Frankr\u00e4ich, D\u00e4nemark, Schottland, Argentinien, Finnland an Neis\u00e9iland \u00ebnnersicht.<\/p>\n<p>D&#8217;Fuerscher hunn d&#8217;Zuel vun 13 onerw\u00ebnschten Evenementer [Fachausdrock fir Niewewierkungen, Um. v. d. Red.] no der Covid-19-Impfung mat dem Taux vun de selwechten Erkrankungen t\u00ebscht 2015 an 2019 verglach, also virun der Pandemie. D&#8217;Auteuren hunn all Niewewierkung identifiz\u00e9iert, bei d\u00e4r d&#8217;Optriede m\u00e9i grouss w\u00e9i dat 1,5-facht vum erwaarten Taux war &#8211; en Taux, deen no enger Impfung \u00ebnner Fuerscher <a href=\"https:\/\/www.sciencedirect.com\/science\/article\/pii\/S0264410X23010459?via%3Dihub\" target=\"_blank\" rel=\"noopener\">allgemeng observ\u00e9iert g\u00ebtt<\/a>. Alles, wat iwwer d\u00ebsem Taux vun 1,5 l\u00e9ich, k\u00e9int een als &#8220;S\u00e9cherheetssignal&#8221; ugesinn, woub\u00e4i och bemierkt gouf, dass et kee &#8220;kausalen Zesummenhang&#8221; bedeite g\u00e9if.<\/p>\n<p>D\u00ebst war de Fall bei <a href=\"https:\/\/www.heart.org\/en\/health-topics\/myocarditis\" target=\"_blank\" rel=\"noopener\">Myokarditis<\/a>, enger Entz\u00fcndung vum H\u00e4erzmuskel, a <a href=\"https:\/\/www.mayoclinic.org\/diseases-conditions\/pericarditis\/symptoms-causes\/syc-20352510#:~:text=Pericarditis%20is%20swelling%20and%20irritation,and%20goes%20away%20without%20treatment.\" target=\"_blank\" rel=\"noopener\">Perikarditis<\/a>, enger Entz\u00fcndung vun de Membrane ronder\u00ebm d&#8217;H\u00e4erz.<\/p>\n<p>Donn\u00e9e\u00ebn aus <a href=\"https:\/\/ansm.sante.fr\/informations-de-securite\/vaccins-a-arnm-contre-la-covid-19-comirnaty-et-spikevax-risque-de-myocardite-et-de-pericardite\" target=\"_blank\" rel=\"noopener\">Frankr\u00e4ich<\/a> a <a href=\"https:\/\/www.ncbi.nlm.nih.gov\/pmc\/articles\/PMC9130641\/\" target=\"_blank\" rel=\"noopener\">Kanada<\/a> hate schonn e m\u00e9i h\u00e9ije Risiko fir H\u00e4erzkomplikatioune festgestallt, besonnesch fir jonk M\u00e4nner, d\u00e9i mRNA-Impfstoffer (Messenger-Ribonukleinsaier) kruten (<a href=\"https:\/\/perma.cc\/P27R-Q696\" target=\"_blank\" rel=\"noopener\">hei<\/a> an <a href=\"https:\/\/perma.cc\/4ZKN-J5CT\" target=\"_blank\" rel=\"noopener\">hei<\/a> archiv\u00e9iert). Awer den Hviid sot, dass d\u00ebs Assozi\u00e9ierunge &#8220;seelen sinn a gutt Prognosen hunn&#8221;.<\/p>\n<p>Den <a href=\"https:\/\/perma.cc\/Y8UZ-45NE\" target=\"_blank\" rel=\"noopener\">Jeff Kwong<\/a>, e weideren Auteur vun der Et\u00fcd, huet zougest\u00ebmmt a sot, dass d&#8217;Resultater vum Pabeier hien net dovun ofhalen, Impfungen ze recommand\u00e9ieren.<\/p>\n<p>&#8220;Wann iwwerhaapt, confirm\u00e9iert d\u00ebs Et\u00fcd, dass Covid-Impfstoffer immens s\u00e9cher sinn&#8221;, sot hien der AFP de 27. Februar.<\/p>\n<p>De Kwong, stellvertriedenden Direkter vum Centre for Vaccine-Preventable Diseases op der University of Toronto, sot och, d&#8217;Fuerschung h\u00e4tt d&#8217;F\u00e4egkeet vun den nationalen Iwwerwaachungssystemer confirm\u00e9iert, seelen Niewewierkungen ze erkennen &#8211; an dass weider heefeg Risike schonn identifiz\u00e9iert gi w\u00e4ren.<\/p>\n<p>Hie sot weider, d&#8217;Patiente missten och d\u00e9i gr\u00e9isser Risiken am Zesummenhang mat enger Covid-19-Infektioun consider\u00e9ieren.<\/p>\n<p>Eng <a href=\"https:\/\/www.frontiersin.org\/articles\/10.3389\/fcvm.2022.951314\/full\" target=\"_blank\" rel=\"noopener\">Meta-Analys vun 22 Aarbechten<\/a> aus dem August 2022\u00a0(<a href=\"https:\/\/perma.cc\/D8NL-QP78\" target=\"_blank\" rel=\"noopener\">hei<\/a> archiv\u00e9iert) ergouf e siwemol m\u00e9i h\u00e9ije Risiko fir Myokarditis bei Covid-19-Infiz\u00e9ierte w\u00e9i bei deej\u00e9inegen, d\u00e9i den Impfstoff kruten.<\/p>\n<p>Risiko fir Ger\u00ebnnsel<\/p>\n<p>Zous\u00e4tzlech zu de kardiale Risike confirm\u00e9iert d&#8217;Et\u00fcd d&#8217;Potenzial fir <a href=\"https:\/\/www.hopkinsmedicine.org\/health\/conditions-and-diseases\/cerebral-venous-sinus-thrombosis\" target=\"_blank\" rel=\"noopener\">zerebral Veenenthrombosen<\/a> &#8211; Bluttger\u00ebnnsel, d\u00e9i verh\u00ebnneren, dass Blutt aus dem Gehier offl\u00e9isse kann.<\/p>\n<p>D\u00e9ij\u00e9ineg, d\u00e9i mam <a href=\"https:\/\/www.canada.ca\/en\/health-canada\/services\/drugs-health-products\/covid19-industry\/drugs-vaccines-treatments\/vaccines\/astrazeneca.html\" target=\"_blank\" rel=\"noopener\">AstraZeneca-Impfstoff<\/a> geimpft goufen, haten en dr\u00e4imol m\u00e9i h\u00e9ije Risiko w\u00e9i erwaart. Awer d&#8217;Erkrankung ass seelen: Fuerscher hu just 69 F\u00e4ll bei 99 Millioune geimpfte Persounen observ\u00e9iert &#8211; 21 goufen der erwaart.<\/p>\n<p>Schonn am Abr\u00ebll 2021 huet d\u00e9i <a href=\"https:\/\/www.ema.europa.eu\/en\/news\/astrazenecas-covid-19-vaccine-ema-finds-possible-link-very-rare-cases-unusual-blood-clots-low-blood-platelets#:~:text=EMA%20confirms%20overall%20benefit%2Drisk,COVID%2D19%20Vaccine%20AstraZeneca).\" target=\"_blank\" rel=\"noopener\">Europ\u00e4esch Medikamenten-Agence<\/a> dorop higewisen, dass Bluttger\u00ebnnsel als &#8220;immens seelen&#8221; Niewewierkung vum AstraZeneca-Impfstoff opgefouert sollte ginn (<a href=\"https:\/\/perma.cc\/6K9B-QN7L\" target=\"_blank\" rel=\"noopener\">hei<\/a> archiv\u00e9iert).<\/p>\n<p>Healt Canada huet 2021 och eng <a href=\"https:\/\/www.canada.ca\/en\/health-canada\/news\/2021\/04\/health-canada-provides-update-on-safety-review-of-astrazeneca-and-covishield-covid-19-vaccines.html\" target=\"_blank\" rel=\"noopener\">S\u00e9cherheetsiwwerpr\u00e9iwung<\/a> duerchgef\u00e9iert an huet den Etiquetage vun de Produkter un de Risiko fir Ger\u00ebnnsel ugepasst, bitt den Impfstoff vun AstraZeneca awer weiderhi fir Persounen iwwer 18 Joer un.<\/p>\n<p>Neurologesch Risiken<\/p>\n<p>D&#8217;Impfstoff-Et\u00fcd huet &#8220;eng statistesch signifikant Hausse&#8221; bei de F\u00e4ll vum <a href=\"https:\/\/www.who.int\/news-room\/fact-sheets\/detail\/guillain-barr%C3%A9-syndrome\" target=\"_blank\" rel=\"noopener\">Guillain-Barr\u00e9-Syndrom<\/a> fonnt, enger Autoimmunkrankheet, d\u00e9i den Nervesystem ugr\u00e4ift. Bannent 42 Deeg no der \u00e9ischter Dosis mam AstraZeneca-Impfstoff goufen 190 F\u00e4ll observ\u00e9iert, am Verglach zu 76, d\u00e9i eigentlech erwaart gi waren.<\/p>\n<p>D&#8217;Auteuren hunn och <a href=\"https:\/\/www.childrenshospital.org\/conditions\/acute-disseminated-encephalomyelitis-adem#:~:text=Acute%20disseminated%20encephalomyelitis%20(ADEM)%20involves,matter%20due%20to%20its%20color.\" target=\"_blank\" rel=\"noopener\">akut dissemin\u00e9iert Enzephalomyelitis<\/a>, Entz\u00fcndungen a Schwellungen am Gehier a R\u00e9ckemuerch d\u00e9ngen heib\u00e4i als &#8220;S\u00e9cherheetssignal&#8221;, identifiz\u00e9iert, woub\u00e4i siwe F\u00e4ll festgestallt goufen, awer just zwee ze erwaarde waren.<\/p>\n<p>D\u00ebs Resultater hunn zu der <a href=\"https:\/\/web.archive.org\/web\/20240219164203\/https:\/\/www.rt.com\/news\/592695-covid-vaccine-effects-study\/\" target=\"_blank\" rel=\"noopener\">ierf\u00e9ierender Schlagzeil vu Russia Today gef\u00e9iert<\/a>: &#8220;M\u00ebnschen, d\u00e9i g\u00e9int Covid geimpft goufen, hunn e m\u00e9i h\u00e9ije Risiko fir neurologesch Erkrankungen, enger Et\u00fcd no.&#8221;<\/p>\n<p>De vu Russland finanz\u00e9ierte Sender huet s\u00e4in Artikel ant\u00ebscht <a href=\"https:\/\/perma.cc\/5WE7-AYUF\" target=\"_blank\" rel=\"noopener\">aktualis\u00e9iert<\/a>, awer d\u00e9i ierf\u00e9ierend Behaaptung verbreet sech weiderhin iwwer Screenshots op <a href=\"https:\/\/archive.ph\/eOJoe\" target=\"_blank\" rel=\"noopener\">Facebook<\/a> an <a href=\"https:\/\/perma.cc\/E9FE-R6Q6\" target=\"_blank\" rel=\"noopener\">aneren Internetsitten<\/a>.<\/p>\n<p><img src=\"https:\/\/belux-edmo.s3-accelerate.amazonaws.com\/wp-content\/uploads\/2024\/03\/45ff166457b41adcfb660da904f2b156.jpeg\" alt=\"RTL\" \/> \u00a9 AFP<\/p>\n<p>Den Hviid vum Statens Serum Insitut an D\u00e4nemark sot, d\u00ebs Fuerschung &#8220;beweist kee kausalen Zesummenhang&#8221; t\u00ebscht neurologesche Krankheeten an Impfungen. Hien huet b\u00e4igef\u00fc\u00fcgt, dass hien a seng Co-Auteuren &#8220;d\u00ebse klenge potenzielle Risiko&#8221; just opgrond vum massiven \u00cbmfang vun hirer Et\u00fcd fonnt h\u00e4tten.<\/p>\n<p>&#8220;D\u00ebs Signaler koume bei den \u00e9ischten Dosisse vum AstraZeneca-Impfstoff a vum Moderna-Impfstoff vir&#8221;, sot den Hviid weider. &#8220;Mir hunn d\u00ebs Signaler weeder no weideren Dosisse vun d\u00ebsen zwee Covid-19-Impfstoffer nach no enger Dosis vum Pfizer\/BioNTech-Impfstoff gesinn, deen dacks gebraucht gouf.&#8221;<\/p>\n<p>D&#8217;Epidemiologin Katrine Wallace huet an engem <a href=\"https:\/\/www.epidemiologistkat.com\/post\/new-99-million-patient-covid-19-vaccine-safety-study-is-it-really-the-bombshell-the-headlines-make\" target=\"_blank\" rel=\"noopener\">Blogg-Artikel<\/a> geschriwwen (<a href=\"https:\/\/perma.cc\/77JL-A4GH\" target=\"_blank\" rel=\"noopener\">hei<\/a> archiv\u00e9iert), dass d&#8217;Et\u00fcd w\u00e4it vun der &#8220;Bomm&#8221; ewech ass, w\u00e9i a Kreesser vun Impfg\u00e9igner behaapt, an huet op Donn\u00e9e\u00ebn higewisen, d\u00e9i weisen, dass d\u00e9i meescht M\u00ebnschen, d\u00e9i eng Covid-19-Spr\u00ebtz kruten, entweeder keng Impfreaktioune gewisen hunn, oder Reaktiounen, d\u00e9i <a href=\"https:\/\/www.cdc.gov\/coronavirus\/2019-ncov\/vaccines\/different-vaccines\/overview-COVID-19-vaccines.html\" target=\"_blank\" rel=\"noopener\">m\u00ebll an op d&#8217;Persoun selwer beschr\u00e4nkt waren<\/a> (F\u00e9iwer, Sch\u00fcttelfrost, Middegkeet a Kappw\u00e9i, asw).&#8221;<\/p>\n<p><a href=\"..\/..\/storage\/data\/afp\/factcheck_v2\/EN\/doc.afp.com.34FN6U2\" target=\"_blank\" rel=\"noopener\">Aner Dokteren<\/a> hunn der AFP <a href=\"..\/..\/storage\/data\/afp\/factcheck_v2\/EN\/doc.afp.com.33R84AC\" target=\"_blank\" rel=\"noopener\">\u00ebmmer nees<\/a> matgedeelt, dass, trotz e puer <a href=\"https:\/\/www.canada.ca\/en\/public-health\/services\/diseases\/coronavirus-disease-covid-19\/vaccines\/safety-side-effects.html\" target=\"_blank\" rel=\"noopener\">seelenen Niewewierkungen<\/a> (<a href=\"https:\/\/perma.cc\/2G6M-HR8R\" target=\"_blank\" rel=\"noopener\">hei<\/a> archiv\u00e9iert), den <a href=\"..\/..\/storage\/data\/afp\/factcheck_v2\/EN\/doc.afp.com.33DH67Z\" target=\"_blank\" rel=\"noopener\">Notze vun der Covid-19-Impfung m\u00e9i grouss ass w\u00e9i d&#8217;Risiken<\/a>.<\/p>\n<p>M\u00e9i AFP-Berichter iwwer Desinformatioun zu Vaccine fannt Dir <a href=\"..\/..\/storage\/data\/afp\/factcheck_v2\/EN\/list\/all\/all\/38601\/all\/tid-38601\" target=\"_blank\" rel=\"noopener\">hei<\/a>.<\/p>\n<p><em>D\u00ebsen AFP-Artikel gouf vun RTL op L\u00ebtzebuergesch iwwersat.<\/em><\/p>\n<\/div>\n<\/div>\n<\/article>\n","protected":false},"excerpt":{"rendered":"<p>D&#8217;Publikatioun vun der gr\u00e9isster Peer-Review-Et\u00fcd iwwer d&#8217;S\u00e9cherheet vu Covid-19-Impfstoffer am Februar 2024 huet zu ierf\u00e9ierende Behaaptungen an de sozialen Netzwierker gefouert.<\/p>\n","protected":false},"author":1,"featured_media":322950,"comment_status":"closed","ping_status":"open","sticky":false,"template":"","format":"standard","meta":{"_acf_changed":false,"footnotes":""},"categories":[184,183,190],"tags":[],"class_list":{"0":"post-322970","1":"post","2":"type-post","3":"status-publish","4":"format-standard","5":"has-post-thumbnail","7":"category-covid-19-lb","8":"category-fact-check-lb","9":"category-gesondheet"},"acf":{"show_metatags":true,"id":"2173681","authors":"RTL L\u00ebtzebuerg","organization":"RTL","featured_image_copyright":"","text_copyright":"Copyright RTL \/ CLT-UFA S.A.","source":"https:\/\/www.rtl.lu\/news\/faktencheck\/a\/2173681.html","fact_checker":"https:\/\/belux.wpengine.com\/wp-content\/uploads\/2021\/12\/rtl_logo.png","type":"Closed Event","location":"","start_date":"","start_date_event_begins_at":"","start_date_event_ends_at":"","end_date":"","end_date_event_begins_at":"","end_date_event_ends_at":"","organizer":"","fact_checker_logo_image":false},"yoast_head":"<!-- This site is optimized with the Yoast SEO plugin v27.0 - https:\/\/yoast.com\/product\/yoast-seo-wordpress\/ -->\n<title>Faktencheck: B\u00e4itr\u00e4g stelle Resultater vu weltw\u00e4it gr\u00e9isster Covid-Impfstoffs\u00e9cherheetset\u00fcd falsch duer - EDMO Belux<\/title>\n<meta name=\"robots\" content=\"index, follow, max-snippet:-1, max-image-preview:large, max-video-preview:-1\" \/>\n<link rel=\"canonical\" href=\"https:\/\/belux.edmo.eu\/lb\/faktencheck-bitrg-stelle-resultater-vu-weltwit-grisster-covid-impfstoffscherheetsetd-falsch-duer\/\" \/>\n<meta property=\"og:locale\" content=\"en_US\" \/>\n<meta property=\"og:type\" content=\"article\" \/>\n<meta property=\"og:title\" content=\"Faktencheck: B\u00e4itr\u00e4g stelle Resultater vu weltw\u00e4it gr\u00e9isster Covid-Impfstoffs\u00e9cherheetset\u00fcd falsch duer - EDMO Belux\" \/>\n<meta property=\"og:description\" content=\"D&#039;Publikatioun vun der gr\u00e9isster Peer-Review-Et\u00fcd iwwer d&#039;S\u00e9cherheet vu Covid-19-Impfstoffer am Februar 2024 huet zu ierf\u00e9ierende Behaaptungen an de sozialen Netzwierker gefouert.\" \/>\n<meta property=\"og:url\" content=\"https:\/\/belux.edmo.eu\/lb\/faktencheck-bitrg-stelle-resultater-vu-weltwit-grisster-covid-impfstoffscherheetsetd-falsch-duer\/\" \/>\n<meta property=\"og:site_name\" content=\"EDMO Belux\" \/>\n<meta property=\"article:published_time\" content=\"2024-03-08T07:00:15+00:00\" \/>\n<meta property=\"article:modified_time\" content=\"2024-03-12T08:06:36+00:00\" \/>\n<meta property=\"og:image\" content=\"https:\/\/belux-edmo.s3-accelerate.amazonaws.com\/wp-content\/uploads\/2024\/03\/e363982fc0adeef5782e694ebc204641.jpeg\" \/>\n\t<meta property=\"og:image:width\" content=\"1080\" \/>\n\t<meta property=\"og:image:height\" content=\"608\" \/>\n\t<meta property=\"og:image:type\" content=\"image\/jpeg\" \/>\n<meta name=\"author\" content=\"master\" \/>\n<meta name=\"twitter:card\" content=\"summary_large_image\" \/>\n<meta name=\"twitter:creator\" content=\"@Edmo_Belux\" \/>\n<meta name=\"twitter:site\" content=\"@Edmo_Belux\" \/>\n<meta name=\"twitter:label1\" content=\"Written by\" \/>\n\t<meta name=\"twitter:data1\" content=\"master\" \/>\n\t<meta name=\"twitter:label2\" content=\"Est. reading time\" \/>\n\t<meta name=\"twitter:data2\" content=\"5 minutes\" \/>\n<script type=\"application\/ld+json\" class=\"yoast-schema-graph\">{\"@context\":\"https:\/\/schema.org\",\"@graph\":[{\"@type\":\"Article\",\"@id\":\"https:\/\/belux.edmo.eu\/lb\/faktencheck-bitrg-stelle-resultater-vu-weltwit-grisster-covid-impfstoffscherheetsetd-falsch-duer\/#article\",\"isPartOf\":{\"@id\":\"https:\/\/belux.edmo.eu\/lb\/faktencheck-bitrg-stelle-resultater-vu-weltwit-grisster-covid-impfstoffscherheetsetd-falsch-duer\/\"},\"author\":{\"name\":\"master\",\"@id\":\"https:\/\/belux.edmo.eu\/#\/schema\/person\/dbe3b252258537fd318f9b5645a30342\"},\"headline\":\"Faktencheck: B\u00e4itr\u00e4g stelle Resultater vu weltw\u00e4it gr\u00e9isster Covid-Impfstoffs\u00e9cherheetset\u00fcd falsch duer\",\"datePublished\":\"2024-03-08T07:00:15+00:00\",\"dateModified\":\"2024-03-12T08:06:36+00:00\",\"mainEntityOfPage\":{\"@id\":\"https:\/\/belux.edmo.eu\/lb\/faktencheck-bitrg-stelle-resultater-vu-weltwit-grisster-covid-impfstoffscherheetsetd-falsch-duer\/\"},\"wordCount\":1189,\"publisher\":{\"@id\":\"https:\/\/belux.edmo.eu\/#organization\"},\"image\":{\"@id\":\"https:\/\/belux.edmo.eu\/lb\/faktencheck-bitrg-stelle-resultater-vu-weltwit-grisster-covid-impfstoffscherheetsetd-falsch-duer\/#primaryimage\"},\"thumbnailUrl\":\"https:\/\/belux-edmo.s3-accelerate.amazonaws.com\/wp-content\/uploads\/2024\/03\/e363982fc0adeef5782e694ebc204641.jpeg\",\"articleSection\":[\"COVID-19\",\"Fact Check\",\"Gesondheet\"],\"inLanguage\":\"lb-LU\"},{\"@type\":\"WebPage\",\"@id\":\"https:\/\/belux.edmo.eu\/lb\/faktencheck-bitrg-stelle-resultater-vu-weltwit-grisster-covid-impfstoffscherheetsetd-falsch-duer\/\",\"url\":\"https:\/\/belux.edmo.eu\/lb\/faktencheck-bitrg-stelle-resultater-vu-weltwit-grisster-covid-impfstoffscherheetsetd-falsch-duer\/\",\"name\":\"Faktencheck: B\u00e4itr\u00e4g stelle Resultater vu weltw\u00e4it gr\u00e9isster Covid-Impfstoffs\u00e9cherheetset\u00fcd falsch duer - EDMO Belux\",\"isPartOf\":{\"@id\":\"https:\/\/belux.edmo.eu\/#website\"},\"primaryImageOfPage\":{\"@id\":\"https:\/\/belux.edmo.eu\/lb\/faktencheck-bitrg-stelle-resultater-vu-weltwit-grisster-covid-impfstoffscherheetsetd-falsch-duer\/#primaryimage\"},\"image\":{\"@id\":\"https:\/\/belux.edmo.eu\/lb\/faktencheck-bitrg-stelle-resultater-vu-weltwit-grisster-covid-impfstoffscherheetsetd-falsch-duer\/#primaryimage\"},\"thumbnailUrl\":\"https:\/\/belux-edmo.s3-accelerate.amazonaws.com\/wp-content\/uploads\/2024\/03\/e363982fc0adeef5782e694ebc204641.jpeg\",\"datePublished\":\"2024-03-08T07:00:15+00:00\",\"dateModified\":\"2024-03-12T08:06:36+00:00\",\"breadcrumb\":{\"@id\":\"https:\/\/belux.edmo.eu\/lb\/faktencheck-bitrg-stelle-resultater-vu-weltwit-grisster-covid-impfstoffscherheetsetd-falsch-duer\/#breadcrumb\"},\"inLanguage\":\"lb-LU\",\"potentialAction\":[{\"@type\":\"ReadAction\",\"target\":[\"https:\/\/belux.edmo.eu\/lb\/faktencheck-bitrg-stelle-resultater-vu-weltwit-grisster-covid-impfstoffscherheetsetd-falsch-duer\/\"]}]},{\"@type\":\"ImageObject\",\"inLanguage\":\"lb-LU\",\"@id\":\"https:\/\/belux.edmo.eu\/lb\/faktencheck-bitrg-stelle-resultater-vu-weltwit-grisster-covid-impfstoffscherheetsetd-falsch-duer\/#primaryimage\",\"url\":\"https:\/\/belux-edmo.s3-accelerate.amazonaws.com\/wp-content\/uploads\/2024\/03\/e363982fc0adeef5782e694ebc204641.jpeg\",\"contentUrl\":\"https:\/\/belux-edmo.s3-accelerate.amazonaws.com\/wp-content\/uploads\/2024\/03\/e363982fc0adeef5782e694ebc204641.jpeg\",\"width\":1080,\"height\":608,\"caption\":\"Faktencheck: B\u00e4itr\u00e4g stelle Resultater vu weltw\u00e4it gr\u00e9isster Covid-Impfstoffs\u00e9cherheetset\u00fcd falsch duer - Featured image\"},{\"@type\":\"BreadcrumbList\",\"@id\":\"https:\/\/belux.edmo.eu\/lb\/faktencheck-bitrg-stelle-resultater-vu-weltwit-grisster-covid-impfstoffscherheetsetd-falsch-duer\/#breadcrumb\",\"itemListElement\":[{\"@type\":\"ListItem\",\"position\":1,\"name\":\"Home\",\"item\":\"https:\/\/belux.edmo.eu\/lb\/\"},{\"@type\":\"ListItem\",\"position\":2,\"name\":\"Faktencheck: B\u00e4itr\u00e4g stelle Resultater vu weltw\u00e4it gr\u00e9isster Covid-Impfstoffs\u00e9cherheetset\u00fcd falsch duer\"}]},{\"@type\":\"WebSite\",\"@id\":\"https:\/\/belux.edmo.eu\/#website\",\"url\":\"https:\/\/belux.edmo.eu\/\",\"name\":\"EDMO Belux\",\"description\":\"Monitoring Disinformation in Belgium and Luxembourg\",\"publisher\":{\"@id\":\"https:\/\/belux.edmo.eu\/#organization\"},\"potentialAction\":[{\"@type\":\"SearchAction\",\"target\":{\"@type\":\"EntryPoint\",\"urlTemplate\":\"https:\/\/belux.edmo.eu\/?s={search_term_string}\"},\"query-input\":{\"@type\":\"PropertyValueSpecification\",\"valueRequired\":true,\"valueName\":\"search_term_string\"}}],\"inLanguage\":\"lb-LU\"},{\"@type\":\"Organization\",\"@id\":\"https:\/\/belux.edmo.eu\/#organization\",\"name\":\"EDMO Belux\",\"url\":\"https:\/\/belux.edmo.eu\/\",\"logo\":{\"@type\":\"ImageObject\",\"inLanguage\":\"lb-LU\",\"@id\":\"https:\/\/belux.edmo.eu\/#\/schema\/logo\/image\/\",\"url\":\"https:\/\/belux.edmo.eu\/wp-content\/uploads\/2021\/12\/belux-logo-full-color-rgb.svg\",\"contentUrl\":\"https:\/\/belux.edmo.eu\/wp-content\/uploads\/2021\/12\/belux-logo-full-color-rgb.svg\",\"width\":1,\"height\":1,\"caption\":\"EDMO Belux\"},\"image\":{\"@id\":\"https:\/\/belux.edmo.eu\/#\/schema\/logo\/image\/\"},\"sameAs\":[\"https:\/\/x.com\/Edmo_Belux\"]},{\"@type\":\"Person\",\"@id\":\"https:\/\/belux.edmo.eu\/#\/schema\/person\/dbe3b252258537fd318f9b5645a30342\",\"name\":\"master\",\"sameAs\":[\"https:\/\/belux.wpengine.com\"],\"url\":\"https:\/\/belux.edmo.eu\/lb\/author\/master\/\"}]}<\/script>\n<!-- \/ Yoast SEO plugin. -->","yoast_head_json":{"title":"Faktencheck: B\u00e4itr\u00e4g stelle Resultater vu weltw\u00e4it gr\u00e9isster Covid-Impfstoffs\u00e9cherheetset\u00fcd falsch duer - EDMO Belux","robots":{"index":"index","follow":"follow","max-snippet":"max-snippet:-1","max-image-preview":"max-image-preview:large","max-video-preview":"max-video-preview:-1"},"canonical":"https:\/\/belux.edmo.eu\/lb\/faktencheck-bitrg-stelle-resultater-vu-weltwit-grisster-covid-impfstoffscherheetsetd-falsch-duer\/","og_locale":"en_US","og_type":"article","og_title":"Faktencheck: B\u00e4itr\u00e4g stelle Resultater vu weltw\u00e4it gr\u00e9isster Covid-Impfstoffs\u00e9cherheetset\u00fcd falsch duer - EDMO Belux","og_description":"D'Publikatioun vun der gr\u00e9isster Peer-Review-Et\u00fcd iwwer d'S\u00e9cherheet vu Covid-19-Impfstoffer am Februar 2024 huet zu ierf\u00e9ierende Behaaptungen an de sozialen Netzwierker gefouert.","og_url":"https:\/\/belux.edmo.eu\/lb\/faktencheck-bitrg-stelle-resultater-vu-weltwit-grisster-covid-impfstoffscherheetsetd-falsch-duer\/","og_site_name":"EDMO Belux","article_published_time":"2024-03-08T07:00:15+00:00","article_modified_time":"2024-03-12T08:06:36+00:00","og_image":[{"width":1080,"height":608,"url":"https:\/\/belux-edmo.s3-accelerate.amazonaws.com\/wp-content\/uploads\/2024\/03\/e363982fc0adeef5782e694ebc204641.jpeg","type":"image\/jpeg"}],"author":"master","twitter_card":"summary_large_image","twitter_creator":"@Edmo_Belux","twitter_site":"@Edmo_Belux","twitter_misc":{"Written by":"master","Est. reading time":"5 minutes"},"schema":{"@context":"https:\/\/schema.org","@graph":[{"@type":"Article","@id":"https:\/\/belux.edmo.eu\/lb\/faktencheck-bitrg-stelle-resultater-vu-weltwit-grisster-covid-impfstoffscherheetsetd-falsch-duer\/#article","isPartOf":{"@id":"https:\/\/belux.edmo.eu\/lb\/faktencheck-bitrg-stelle-resultater-vu-weltwit-grisster-covid-impfstoffscherheetsetd-falsch-duer\/"},"author":{"name":"master","@id":"https:\/\/belux.edmo.eu\/#\/schema\/person\/dbe3b252258537fd318f9b5645a30342"},"headline":"Faktencheck: B\u00e4itr\u00e4g stelle Resultater vu weltw\u00e4it gr\u00e9isster Covid-Impfstoffs\u00e9cherheetset\u00fcd falsch duer","datePublished":"2024-03-08T07:00:15+00:00","dateModified":"2024-03-12T08:06:36+00:00","mainEntityOfPage":{"@id":"https:\/\/belux.edmo.eu\/lb\/faktencheck-bitrg-stelle-resultater-vu-weltwit-grisster-covid-impfstoffscherheetsetd-falsch-duer\/"},"wordCount":1189,"publisher":{"@id":"https:\/\/belux.edmo.eu\/#organization"},"image":{"@id":"https:\/\/belux.edmo.eu\/lb\/faktencheck-bitrg-stelle-resultater-vu-weltwit-grisster-covid-impfstoffscherheetsetd-falsch-duer\/#primaryimage"},"thumbnailUrl":"https:\/\/belux-edmo.s3-accelerate.amazonaws.com\/wp-content\/uploads\/2024\/03\/e363982fc0adeef5782e694ebc204641.jpeg","articleSection":["COVID-19","Fact Check","Gesondheet"],"inLanguage":"lb-LU"},{"@type":"WebPage","@id":"https:\/\/belux.edmo.eu\/lb\/faktencheck-bitrg-stelle-resultater-vu-weltwit-grisster-covid-impfstoffscherheetsetd-falsch-duer\/","url":"https:\/\/belux.edmo.eu\/lb\/faktencheck-bitrg-stelle-resultater-vu-weltwit-grisster-covid-impfstoffscherheetsetd-falsch-duer\/","name":"Faktencheck: B\u00e4itr\u00e4g stelle Resultater vu weltw\u00e4it gr\u00e9isster Covid-Impfstoffs\u00e9cherheetset\u00fcd falsch duer - EDMO Belux","isPartOf":{"@id":"https:\/\/belux.edmo.eu\/#website"},"primaryImageOfPage":{"@id":"https:\/\/belux.edmo.eu\/lb\/faktencheck-bitrg-stelle-resultater-vu-weltwit-grisster-covid-impfstoffscherheetsetd-falsch-duer\/#primaryimage"},"image":{"@id":"https:\/\/belux.edmo.eu\/lb\/faktencheck-bitrg-stelle-resultater-vu-weltwit-grisster-covid-impfstoffscherheetsetd-falsch-duer\/#primaryimage"},"thumbnailUrl":"https:\/\/belux-edmo.s3-accelerate.amazonaws.com\/wp-content\/uploads\/2024\/03\/e363982fc0adeef5782e694ebc204641.jpeg","datePublished":"2024-03-08T07:00:15+00:00","dateModified":"2024-03-12T08:06:36+00:00","breadcrumb":{"@id":"https:\/\/belux.edmo.eu\/lb\/faktencheck-bitrg-stelle-resultater-vu-weltwit-grisster-covid-impfstoffscherheetsetd-falsch-duer\/#breadcrumb"},"inLanguage":"lb-LU","potentialAction":[{"@type":"ReadAction","target":["https:\/\/belux.edmo.eu\/lb\/faktencheck-bitrg-stelle-resultater-vu-weltwit-grisster-covid-impfstoffscherheetsetd-falsch-duer\/"]}]},{"@type":"ImageObject","inLanguage":"lb-LU","@id":"https:\/\/belux.edmo.eu\/lb\/faktencheck-bitrg-stelle-resultater-vu-weltwit-grisster-covid-impfstoffscherheetsetd-falsch-duer\/#primaryimage","url":"https:\/\/belux-edmo.s3-accelerate.amazonaws.com\/wp-content\/uploads\/2024\/03\/e363982fc0adeef5782e694ebc204641.jpeg","contentUrl":"https:\/\/belux-edmo.s3-accelerate.amazonaws.com\/wp-content\/uploads\/2024\/03\/e363982fc0adeef5782e694ebc204641.jpeg","width":1080,"height":608,"caption":"Faktencheck: B\u00e4itr\u00e4g stelle Resultater vu weltw\u00e4it gr\u00e9isster Covid-Impfstoffs\u00e9cherheetset\u00fcd falsch duer - Featured image"},{"@type":"BreadcrumbList","@id":"https:\/\/belux.edmo.eu\/lb\/faktencheck-bitrg-stelle-resultater-vu-weltwit-grisster-covid-impfstoffscherheetsetd-falsch-duer\/#breadcrumb","itemListElement":[{"@type":"ListItem","position":1,"name":"Home","item":"https:\/\/belux.edmo.eu\/lb\/"},{"@type":"ListItem","position":2,"name":"Faktencheck: B\u00e4itr\u00e4g stelle Resultater vu weltw\u00e4it gr\u00e9isster Covid-Impfstoffs\u00e9cherheetset\u00fcd falsch duer"}]},{"@type":"WebSite","@id":"https:\/\/belux.edmo.eu\/#website","url":"https:\/\/belux.edmo.eu\/","name":"EDMO Belux","description":"Monitoring Disinformation in Belgium and Luxembourg","publisher":{"@id":"https:\/\/belux.edmo.eu\/#organization"},"potentialAction":[{"@type":"SearchAction","target":{"@type":"EntryPoint","urlTemplate":"https:\/\/belux.edmo.eu\/?s={search_term_string}"},"query-input":{"@type":"PropertyValueSpecification","valueRequired":true,"valueName":"search_term_string"}}],"inLanguage":"lb-LU"},{"@type":"Organization","@id":"https:\/\/belux.edmo.eu\/#organization","name":"EDMO Belux","url":"https:\/\/belux.edmo.eu\/","logo":{"@type":"ImageObject","inLanguage":"lb-LU","@id":"https:\/\/belux.edmo.eu\/#\/schema\/logo\/image\/","url":"https:\/\/belux.edmo.eu\/wp-content\/uploads\/2021\/12\/belux-logo-full-color-rgb.svg","contentUrl":"https:\/\/belux.edmo.eu\/wp-content\/uploads\/2021\/12\/belux-logo-full-color-rgb.svg","width":1,"height":1,"caption":"EDMO Belux"},"image":{"@id":"https:\/\/belux.edmo.eu\/#\/schema\/logo\/image\/"},"sameAs":["https:\/\/x.com\/Edmo_Belux"]},{"@type":"Person","@id":"https:\/\/belux.edmo.eu\/#\/schema\/person\/dbe3b252258537fd318f9b5645a30342","name":"master","sameAs":["https:\/\/belux.wpengine.com"],"url":"https:\/\/belux.edmo.eu\/lb\/author\/master\/"}]}},"menu_order":0,"_links":{"self":[{"href":"https:\/\/belux.edmo.eu\/lb\/wp-json\/wp\/v2\/posts\/322970","targetHints":{"allow":["GET"]}}],"collection":[{"href":"https:\/\/belux.edmo.eu\/lb\/wp-json\/wp\/v2\/posts"}],"about":[{"href":"https:\/\/belux.edmo.eu\/lb\/wp-json\/wp\/v2\/types\/post"}],"author":[{"embeddable":true,"href":"https:\/\/belux.edmo.eu\/lb\/wp-json\/wp\/v2\/users\/1"}],"replies":[{"embeddable":true,"href":"https:\/\/belux.edmo.eu\/lb\/wp-json\/wp\/v2\/comments?post=322970"}],"version-history":[{"count":0,"href":"https:\/\/belux.edmo.eu\/lb\/wp-json\/wp\/v2\/posts\/322970\/revisions"}],"wp:featuredmedia":[{"embeddable":true,"href":"https:\/\/belux.edmo.eu\/lb\/wp-json\/wp\/v2\/media\/322950"}],"wp:attachment":[{"href":"https:\/\/belux.edmo.eu\/lb\/wp-json\/wp\/v2\/media?parent=322970"}],"wp:term":[{"taxonomy":"category","embeddable":true,"href":"https:\/\/belux.edmo.eu\/lb\/wp-json\/wp\/v2\/categories?post=322970"},{"taxonomy":"post_tag","embeddable":true,"href":"https:\/\/belux.edmo.eu\/lb\/wp-json\/wp\/v2\/tags?post=322970"}],"curies":[{"name":"wp","href":"https:\/\/api.w.org\/{rel}","templated":true}]}}