{"id":327555,"date":"2024-03-29T15:42:51","date_gmt":"2024-03-29T15:42:51","guid":{"rendered":"https:\/\/belux.edmo.eu\/?p=327555"},"modified":"2024-04-03T16:11:57","modified_gmt":"2024-04-03T16:11:57","slug":"faktencheck-deu-huet-den-ufank-vun-der-summerzit-net-winst-dem-ramadan-verrckelt","status":"publish","type":"post","link":"https:\/\/belux.edmo.eu\/lb\/faktencheck-deu-huet-den-ufank-vun-der-summerzit-net-winst-dem-ramadan-verrckelt\/","title":{"rendered":"Faktencheck: D&#8217;EU huet den Ufank vun der Summerz\u00e4it net w\u00e9inst dem Ramadan verr\u00e9ckelt"},"content":{"rendered":"<article>\n<div>\n<div>\n<p><b>\u00a9 RTL Grafik<\/b><\/p>\n<\/div>\n<div>\n<p>An der Nuecht op den 31. M\u00e4erz 2024 ginn d&#8217;Aueren op Summerz\u00e4it \u00ebmgestallt. D\u00ebsen Datum f\u00e4lt d\u00ebst Joer an de muslimesche Faaschtemount Ramadan.<\/p>\n<p>D\u00e9i presum\u00e9iert Meldung staamt vun enger Satires\u00e4it. Ausserdeem reegelt en EU-Gesetz de genee\u00ebn Datum vun der Z\u00e4it\u00ebmstellung an de Memberstaaten. D&#8217;Europ\u00e4esch Kommissioun huet d&#8217;Falschbehaaptung als &#8220;Ons\u00ebnn&#8221; bezeechent.<\/p>\n<p>&#8220;Breaking News: EU setzt Z\u00e4it\u00ebmstellung bis nom Ramadan aus&#8221; ass op engem Screenshot vun engem Artikel ze liesen, deen Enn M\u00e4erz 2024 an engem\u00a0<a href=\"https:\/\/perma.cc\/4HT4-3HZM\" target=\"_blank\" rel=\"noopener\">B\u00e4itrag<\/a> op Facebook gedeelt g\u00ebtt. An engem <a href=\"https:\/\/perma.cc\/N5UZ-L8D2\" target=\"_blank\" rel=\"noopener\">Video<\/a> op TikTok g\u00ebtt erkl\u00e4ert, &#8220;aus R\u00e9cksiicht op Mosleme geschitt d&#8217;Z\u00e4it\u00ebmstellung op d&#8217;Summerz\u00e4it er\u00e9ischt nom Ramadan&#8221;. Sou k\u00e9inte &#8220;Leit, d\u00e9i faaschten, eng Stonn m\u00e9i laang iessen&#8221;.<\/p>\n<p><img src=\"https:\/\/belux-edmo.s3-accelerate.amazonaws.com\/wp-content\/uploads\/2024\/03\/94ba61c1d9485ca850d94980d2a08302.jpeg\" alt=\"RTL\" \/> \u00a9 AFP<\/p>\n<p>D&#8217;Behaaptung ass awer fr\u00e4i erfonnt.<\/p>\n<p>Eng <a href=\"https:\/\/www.youtube.com\/watch?v=Ez5o69CeXUw\" target=\"_blank\" rel=\"noopener\">\u00ebmgek\u00e9iert Billersich<\/a> vum gedeelte Screenshot f\u00e9iert zu engem <a href=\"https:\/\/noktara.de\/keine-zeitumstellung-wegen-ramadan\/?amp=1\" target=\"_blank\" rel=\"noopener\">Artikel<\/a> op der Webs\u00e4it &#8220;noktara.de&#8221; mat der selwechter Iwwerschr\u00ebft (<a href=\"https:\/\/perma.cc\/ZD8C-MBCR\" target=\"_blank\" rel=\"noopener\">hei<\/a> archiv\u00e9iert). Deemno h\u00e4tt d&#8217;Europ\u00e4esch Kommissioun d&#8217;Entscheedung getraff, d&#8217;Z\u00e4it\u00ebmstellung op d&#8217;Summerz\u00e4it op nom Ramadan ze verr\u00e9ckelen. Dat g\u00e9if fir all d&#8217;Memberstaate g\u00ebllen.<\/p>\n<p>Op hirer Webs\u00e4it erkl\u00e4ren d&#8217;Autorinnen an d&#8217;Auteure vun &#8220;noktara.de&#8221; awer, dass et sech bei hiren Artikelen \u00ebm <a href=\"https:\/\/noktara.de\/faq\/\" target=\"_blank\" rel=\"noopener\">Satir<\/a> handele g\u00e9if a se fr\u00e4i erfonnt w\u00e4ren (<a href=\"https:\/\/perma.cc\/7RZU-L77Q\" target=\"_blank\" rel=\"noopener\">hei<\/a> archiv\u00e9iert). Den Hiweis op Satir ass an de B\u00e4itr\u00e4g an de sozialen Netzwierker net vermierkt.<\/p>\n<p>Datum vun der Z\u00e4it\u00ebmstellung gesetzlech gereegelt<\/p>\n<p>Op Ufro vun der AFP huet eng Spriecherin vun der EU-Kommissioun an enger E-Mail vum 26. M\u00e4erz 2024 erkl\u00e4ert: &#8220;D\u00ebs Behaaptung ass Ons\u00ebnn.&#8221; Aktuell g\u00e9if d&#8217;Z\u00e4it\u00ebmstellung an der Europ\u00e4escher Unioun duerch e Gesetz aus dem Joer 2001 gereegelt, dat d&#8217;Europ\u00e4escht Parlament an de Rot vot\u00e9iert hunn. De Gesetzestext ass och <a href=\"https:\/\/eur-lex.europa.eu\/legal-content\/DE\/TXT\/HTML\/?uri=CELEX:32000L0084\" target=\"_blank\" rel=\"noopener\">online<\/a> ze fannen (<a href=\"https:\/\/perma.cc\/D5RQ-C2BY\" target=\"_blank\" rel=\"noopener\">hei<\/a> archiv\u00e9iert). Deemno stellen all d&#8217;Memberstaate vun der EU d&#8217;Aueren de leschte Sonndeg am M\u00e4erz op Summerz\u00e4it \u00ebm, de leschte Sonndeg am Oktober ass et nees de Wiessel zer\u00e9ck op d&#8217;Standardz\u00e4it, also d&#8217;Wanterz\u00e4it. &#8220;Dat huet weeder eppes mat reli\u00e9isen Evenementer ze dinn, nach brauch et e Beschloss vun der Kommissioun&#8221;, huet d&#8217;Spriecherin erkl\u00e4ert.<\/p>\n<p>Just an ongef\u00e9ier <a href=\"https:\/\/perma.cc\/87ES-5SWH\" target=\"_blank\" rel=\"noopener\">engem Dr\u00ebttel<\/a> vun alle L\u00e4nner weltw\u00e4it g\u00ebtt et d\u00ebs Z\u00e4it\u00ebmstellung: an den EU-Staaten, an Deeler vun den USA a Kanada souw\u00e9i Lat\u00e4inamerika an der Karibik.<\/p>\n<p>An d\u00ebsem Joer f\u00e4lt d&#8217;Z\u00e4it\u00ebmstellung soumat op den 31. M\u00e4erz 2024. D&#8217;Auere ginn dob\u00e4i vun 2 Auer op 3 Auer no vir gestallt. An engem Rhythmus vu f\u00ebnnef Joer ver\u00ebffentlecht z.B. dat d\u00e4itscht Bundesministerium f\u00fcr Wirtschaft und Klimaschutz och de jeeweilegen Ufank an d&#8217;Enn vun der Summerz\u00e4it am Journal <a href=\"https:\/\/perma.cc\/U7RX-XGH7\" target=\"_blank\" rel=\"noopener\">Bundesanzeiger<\/a>. De Wiessel zer\u00e9ck op d&#8217;Wanterz\u00e4it f\u00ebnnt am Joer 2024 de 27. Oktober statt. Och Medie berichten iwwer d\u00ebsen <a href=\"https:\/\/perma.cc\/K4S2-L7TH\" target=\"_blank\" rel=\"noopener\">Datum<\/a>.<\/p>\n<p>Z\u00e4itraum vum Faaschte riicht sech nom Sonnestand<\/p>\n<p>Am Joer 2024 huet de Ramadan den 11. M\u00e4erz <a href=\"https:\/\/perma.cc\/9HHP-2BBG?type=image\" target=\"_blank\" rel=\"noopener\">ugefaangen<\/a> a geet no ronn v\u00e9ier Wochen den 10. Abr\u00ebll mam Fest vum Faaschtebriechen op en Enn. De\u00a0<a href=\"https:\/\/perma.cc\/Z6CK-XY42\" target=\"_blank\" rel=\"noopener\">Ramadan<\/a> ass den n\u00e9ngte Mount am islamesche Kalenner. An d\u00ebser Z\u00e4it verzichte muslimesch Gleeweger w\u00e4rend dem Dag op Iessen, Dr\u00e9nken, F\u00ebmmen a Geschlechtsverk\u00e9ier. Den Z\u00e4itraum pro Dag, an deem gefaascht g\u00ebtt, riicht sech awer net no der Auerz\u00e4it, mee nom Sonnenop- a Sonnen\u00ebnnergank, w\u00e9i z.B. op der <a href=\"https:\/\/perma.cc\/K89F-9HDR\" target=\"_blank\" rel=\"noopener\">Webs\u00e4it<\/a> vun der D\u00e4itscher Islamkonferenz erkl\u00e4ert g\u00ebtt. Der Summerz\u00e4it no ass dat den 31. M\u00e4erz 2024 beispillsweis zu Berlin viraussiichtlech um 6.42 Auer an um 19.39 Auer. G\u00e9if d&#8217;Wanterz\u00e4it g\u00ebllen, wiere Sonnenopgank a Sonnen\u00ebnnergank jeeweils eng Stonn m\u00e9i fr\u00e9i.<\/p>\n<p><img src=\"https:\/\/belux-edmo.s3-accelerate.amazonaws.com\/wp-content\/uploads\/2024\/03\/717b72e1334daa947af7590cac54a0d7.jpeg\" alt=\"RTL\" \/> \u00a9 AFP<\/p>\n<p>An der Europ\u00e4escher Unioun g\u00ebtt z\u00ebnter enger Rei Joren doriwwer diskut\u00e9iert, ob d&#8217;Z\u00e4it\u00ebmstellung ofgeschaaft sollt ginn. Am September 2018 hat d&#8217;EU-Kommissioun d&#8217;Ofschafung <a href=\"https:\/\/perma.cc\/6X7A-MTV4\" target=\"_blank\" rel=\"noopener\">virgeschloen<\/a>, nodeem Biergerinnen a Bierger souw\u00e9i Memberstaaten dat gefuerdert haten. &#8220;D&#8217;Memberstaate sinn am beschten an der Lag, selwer ze decid\u00e9ieren, ob se d&#8217;Summerz\u00e4it oder d&#8217;Standardz\u00e4it (&#8216;Wanterz\u00e4it&#8217;) dauerhaft b\u00e4ibehale w\u00ebllen&#8221;, sou d&#8217;Positioun vun der Kommissioun. Dob\u00e4i sollt eng Fragment\u00e9ierung a verschidden Z\u00e4ite vermidde ginn. D&#8217;Europ\u00e4escht Parlament huet de Virschlag \u00ebnnerst\u00ebtzt. Bis elo hunn d&#8217;Memberstaaten am Europ\u00e4esche Rot nach kee gemeinsame Standpunkt fonnt.<\/p>\n<p><strong>Fazit:<\/strong> D&#8217;EU verr\u00e9ckelt d&#8217;Z\u00e4it\u00ebmstellung Enn M\u00e4erz 2024 net op d&#8217;Z\u00e4it nom Ramadan. D&#8217;Behaaptung staamt urspr\u00e9nglech vun enger Satire-Webs\u00e4it. W\u00e9ini d&#8217;Z\u00e4it an der EU \u00ebmgestallt g\u00ebtt, berout op engem Gesetz vun 2001. D&#8217;Europ\u00e4esch Kommissioun huet d&#8217;Falschinformatioun en plus dement\u00e9iert.<\/p>\n<p><em>D\u00ebsen AFP-Artikel gouf vun RTL op L\u00ebtzebuergesch iwwersat.<\/em><\/p>\n<p>Links<\/p>\n<ul>\n<li>\n<p class=\"link\"><a class=\"link__action\" href=\"https:\/\/www.rtl.lu\/news\/panorama\/a\/2181948.html\" target=\"_blank\" rel=\"noopener\"> D&#8217;Auer g\u00ebtt ger\u00e9ckelt: Spuert d&#8217;Summerz\u00e4it wierklech Energie? <\/a><\/p>\n<\/li>\n<\/ul>\n<\/div>\n<\/div>\n<\/article>\n","protected":false},"excerpt":{"rendered":"<p>An der Nuecht op den 31. M\u00e4erz 2024 ginn d&#8217;Aueren op Summerz\u00e4it \u00ebmgestallt. D\u00ebsen Datum f\u00e4lt d\u00ebst Joer an de muslimesche Faaschtemount Ramadan.<\/p>\n","protected":false},"author":1,"featured_media":327540,"comment_status":"closed","ping_status":"open","sticky":false,"template":"","format":"standard","meta":{"_acf_changed":false,"footnotes":""},"categories":[183,193,185],"tags":[],"class_list":{"0":"post-327555","1":"post","2":"type-post","3":"status-publish","4":"format-standard","5":"has-post-thumbnail","7":"category-fact-check-lb","8":"category-gesellschaft","9":"category-wirtschaft"},"acf":{"show_metatags":true,"id":"2182028","authors":"RTL L\u00ebtzebuerg","organization":"RTL","featured_image_copyright":"","text_copyright":"Copyright RTL \/ CLT-UFA S.A.","source":"https:\/\/www.rtl.lu\/news\/faktencheck\/a\/2182028.html","fact_checker":"https:\/\/belux.wpengine.com\/wp-content\/uploads\/2021\/12\/rtl_logo.png","type":"Closed Event","location":"","start_date":"","start_date_event_begins_at":"","start_date_event_ends_at":"","end_date":"","end_date_event_begins_at":"","end_date_event_ends_at":"","organizer":"","fact_checker_logo_image":false},"yoast_head":"<!-- This site is optimized with the Yoast SEO plugin v27.0 - https:\/\/yoast.com\/product\/yoast-seo-wordpress\/ -->\n<title>Faktencheck: D&#039;EU huet den Ufank vun der Summerz\u00e4it net w\u00e9inst dem Ramadan verr\u00e9ckelt - EDMO Belux<\/title>\n<meta name=\"robots\" content=\"index, follow, max-snippet:-1, max-image-preview:large, max-video-preview:-1\" \/>\n<link rel=\"canonical\" href=\"https:\/\/belux.edmo.eu\/lb\/faktencheck-deu-huet-den-ufank-vun-der-summerzit-net-winst-dem-ramadan-verrckelt\/\" \/>\n<meta property=\"og:locale\" content=\"en_US\" \/>\n<meta property=\"og:type\" content=\"article\" \/>\n<meta property=\"og:title\" content=\"Faktencheck: D&#039;EU huet den Ufank vun der Summerz\u00e4it net w\u00e9inst dem Ramadan verr\u00e9ckelt - EDMO Belux\" \/>\n<meta property=\"og:description\" content=\"An der Nuecht op den 31. M\u00e4erz 2024 ginn d&#039;Aueren op Summerz\u00e4it \u00ebmgestallt. D\u00ebsen Datum f\u00e4lt d\u00ebst Joer an de muslimesche Faaschtemount Ramadan.\" \/>\n<meta property=\"og:url\" content=\"https:\/\/belux.edmo.eu\/lb\/faktencheck-deu-huet-den-ufank-vun-der-summerzit-net-winst-dem-ramadan-verrckelt\/\" \/>\n<meta property=\"og:site_name\" content=\"EDMO Belux\" \/>\n<meta property=\"article:published_time\" content=\"2024-03-29T15:42:51+00:00\" \/>\n<meta property=\"article:modified_time\" content=\"2024-04-03T16:11:57+00:00\" \/>\n<meta property=\"og:image\" content=\"https:\/\/belux-edmo.s3-accelerate.amazonaws.com\/wp-content\/uploads\/2024\/03\/983b1e63c85a2180314cea765f005508.jpeg\" \/>\n\t<meta property=\"og:image:width\" content=\"1080\" \/>\n\t<meta property=\"og:image:height\" content=\"608\" \/>\n\t<meta property=\"og:image:type\" content=\"image\/jpeg\" \/>\n<meta name=\"author\" content=\"master\" \/>\n<meta name=\"twitter:card\" content=\"summary_large_image\" \/>\n<meta name=\"twitter:creator\" content=\"@Edmo_Belux\" \/>\n<meta name=\"twitter:site\" content=\"@Edmo_Belux\" \/>\n<meta name=\"twitter:label1\" content=\"Written by\" \/>\n\t<meta name=\"twitter:data1\" content=\"master\" \/>\n\t<meta name=\"twitter:label2\" content=\"Est. reading time\" \/>\n\t<meta name=\"twitter:data2\" content=\"4 minutes\" \/>\n<script type=\"application\/ld+json\" class=\"yoast-schema-graph\">{\"@context\":\"https:\/\/schema.org\",\"@graph\":[{\"@type\":\"Article\",\"@id\":\"https:\/\/belux.edmo.eu\/lb\/faktencheck-deu-huet-den-ufank-vun-der-summerzit-net-winst-dem-ramadan-verrckelt\/#article\",\"isPartOf\":{\"@id\":\"https:\/\/belux.edmo.eu\/lb\/faktencheck-deu-huet-den-ufank-vun-der-summerzit-net-winst-dem-ramadan-verrckelt\/\"},\"author\":{\"name\":\"master\",\"@id\":\"https:\/\/belux.edmo.eu\/#\/schema\/person\/dbe3b252258537fd318f9b5645a30342\"},\"headline\":\"Faktencheck: D&#8217;EU huet den Ufank vun der Summerz\u00e4it net w\u00e9inst dem Ramadan verr\u00e9ckelt\",\"datePublished\":\"2024-03-29T15:42:51+00:00\",\"dateModified\":\"2024-04-03T16:11:57+00:00\",\"mainEntityOfPage\":{\"@id\":\"https:\/\/belux.edmo.eu\/lb\/faktencheck-deu-huet-den-ufank-vun-der-summerzit-net-winst-dem-ramadan-verrckelt\/\"},\"wordCount\":864,\"publisher\":{\"@id\":\"https:\/\/belux.edmo.eu\/#organization\"},\"image\":{\"@id\":\"https:\/\/belux.edmo.eu\/lb\/faktencheck-deu-huet-den-ufank-vun-der-summerzit-net-winst-dem-ramadan-verrckelt\/#primaryimage\"},\"thumbnailUrl\":\"https:\/\/belux-edmo.s3-accelerate.amazonaws.com\/wp-content\/uploads\/2024\/03\/983b1e63c85a2180314cea765f005508.jpeg\",\"articleSection\":[\"Fact Check\",\"Gesellschaft\",\"Wirtschaft\"],\"inLanguage\":\"lb-LU\"},{\"@type\":\"WebPage\",\"@id\":\"https:\/\/belux.edmo.eu\/lb\/faktencheck-deu-huet-den-ufank-vun-der-summerzit-net-winst-dem-ramadan-verrckelt\/\",\"url\":\"https:\/\/belux.edmo.eu\/lb\/faktencheck-deu-huet-den-ufank-vun-der-summerzit-net-winst-dem-ramadan-verrckelt\/\",\"name\":\"Faktencheck: D'EU huet den Ufank vun der Summerz\u00e4it net w\u00e9inst dem Ramadan verr\u00e9ckelt - EDMO Belux\",\"isPartOf\":{\"@id\":\"https:\/\/belux.edmo.eu\/#website\"},\"primaryImageOfPage\":{\"@id\":\"https:\/\/belux.edmo.eu\/lb\/faktencheck-deu-huet-den-ufank-vun-der-summerzit-net-winst-dem-ramadan-verrckelt\/#primaryimage\"},\"image\":{\"@id\":\"https:\/\/belux.edmo.eu\/lb\/faktencheck-deu-huet-den-ufank-vun-der-summerzit-net-winst-dem-ramadan-verrckelt\/#primaryimage\"},\"thumbnailUrl\":\"https:\/\/belux-edmo.s3-accelerate.amazonaws.com\/wp-content\/uploads\/2024\/03\/983b1e63c85a2180314cea765f005508.jpeg\",\"datePublished\":\"2024-03-29T15:42:51+00:00\",\"dateModified\":\"2024-04-03T16:11:57+00:00\",\"breadcrumb\":{\"@id\":\"https:\/\/belux.edmo.eu\/lb\/faktencheck-deu-huet-den-ufank-vun-der-summerzit-net-winst-dem-ramadan-verrckelt\/#breadcrumb\"},\"inLanguage\":\"lb-LU\",\"potentialAction\":[{\"@type\":\"ReadAction\",\"target\":[\"https:\/\/belux.edmo.eu\/lb\/faktencheck-deu-huet-den-ufank-vun-der-summerzit-net-winst-dem-ramadan-verrckelt\/\"]}]},{\"@type\":\"ImageObject\",\"inLanguage\":\"lb-LU\",\"@id\":\"https:\/\/belux.edmo.eu\/lb\/faktencheck-deu-huet-den-ufank-vun-der-summerzit-net-winst-dem-ramadan-verrckelt\/#primaryimage\",\"url\":\"https:\/\/belux-edmo.s3-accelerate.amazonaws.com\/wp-content\/uploads\/2024\/03\/983b1e63c85a2180314cea765f005508.jpeg\",\"contentUrl\":\"https:\/\/belux-edmo.s3-accelerate.amazonaws.com\/wp-content\/uploads\/2024\/03\/983b1e63c85a2180314cea765f005508.jpeg\",\"width\":1080,\"height\":608,\"caption\":\"Faktencheck: D'EU huet den Ufank vun der Summerz\u00e4it net w\u00e9inst dem Ramadan verr\u00e9ckelt - Featured image\"},{\"@type\":\"BreadcrumbList\",\"@id\":\"https:\/\/belux.edmo.eu\/lb\/faktencheck-deu-huet-den-ufank-vun-der-summerzit-net-winst-dem-ramadan-verrckelt\/#breadcrumb\",\"itemListElement\":[{\"@type\":\"ListItem\",\"position\":1,\"name\":\"Home\",\"item\":\"https:\/\/belux.edmo.eu\/lb\/\"},{\"@type\":\"ListItem\",\"position\":2,\"name\":\"Faktencheck: D&#8217;EU huet den Ufank vun der Summerz\u00e4it net w\u00e9inst dem Ramadan verr\u00e9ckelt\"}]},{\"@type\":\"WebSite\",\"@id\":\"https:\/\/belux.edmo.eu\/#website\",\"url\":\"https:\/\/belux.edmo.eu\/\",\"name\":\"EDMO Belux\",\"description\":\"Monitoring Disinformation in Belgium and Luxembourg\",\"publisher\":{\"@id\":\"https:\/\/belux.edmo.eu\/#organization\"},\"potentialAction\":[{\"@type\":\"SearchAction\",\"target\":{\"@type\":\"EntryPoint\",\"urlTemplate\":\"https:\/\/belux.edmo.eu\/?s={search_term_string}\"},\"query-input\":{\"@type\":\"PropertyValueSpecification\",\"valueRequired\":true,\"valueName\":\"search_term_string\"}}],\"inLanguage\":\"lb-LU\"},{\"@type\":\"Organization\",\"@id\":\"https:\/\/belux.edmo.eu\/#organization\",\"name\":\"EDMO Belux\",\"url\":\"https:\/\/belux.edmo.eu\/\",\"logo\":{\"@type\":\"ImageObject\",\"inLanguage\":\"lb-LU\",\"@id\":\"https:\/\/belux.edmo.eu\/#\/schema\/logo\/image\/\",\"url\":\"https:\/\/belux.edmo.eu\/wp-content\/uploads\/2021\/12\/belux-logo-full-color-rgb.svg\",\"contentUrl\":\"https:\/\/belux.edmo.eu\/wp-content\/uploads\/2021\/12\/belux-logo-full-color-rgb.svg\",\"width\":1,\"height\":1,\"caption\":\"EDMO Belux\"},\"image\":{\"@id\":\"https:\/\/belux.edmo.eu\/#\/schema\/logo\/image\/\"},\"sameAs\":[\"https:\/\/x.com\/Edmo_Belux\"]},{\"@type\":\"Person\",\"@id\":\"https:\/\/belux.edmo.eu\/#\/schema\/person\/dbe3b252258537fd318f9b5645a30342\",\"name\":\"master\",\"sameAs\":[\"https:\/\/belux.wpengine.com\"],\"url\":\"https:\/\/belux.edmo.eu\/lb\/author\/master\/\"}]}<\/script>\n<!-- \/ Yoast SEO plugin. -->","yoast_head_json":{"title":"Faktencheck: D'EU huet den Ufank vun der Summerz\u00e4it net w\u00e9inst dem Ramadan verr\u00e9ckelt - EDMO Belux","robots":{"index":"index","follow":"follow","max-snippet":"max-snippet:-1","max-image-preview":"max-image-preview:large","max-video-preview":"max-video-preview:-1"},"canonical":"https:\/\/belux.edmo.eu\/lb\/faktencheck-deu-huet-den-ufank-vun-der-summerzit-net-winst-dem-ramadan-verrckelt\/","og_locale":"en_US","og_type":"article","og_title":"Faktencheck: D'EU huet den Ufank vun der Summerz\u00e4it net w\u00e9inst dem Ramadan verr\u00e9ckelt - EDMO Belux","og_description":"An der Nuecht op den 31. M\u00e4erz 2024 ginn d'Aueren op Summerz\u00e4it \u00ebmgestallt. D\u00ebsen Datum f\u00e4lt d\u00ebst Joer an de muslimesche Faaschtemount Ramadan.","og_url":"https:\/\/belux.edmo.eu\/lb\/faktencheck-deu-huet-den-ufank-vun-der-summerzit-net-winst-dem-ramadan-verrckelt\/","og_site_name":"EDMO Belux","article_published_time":"2024-03-29T15:42:51+00:00","article_modified_time":"2024-04-03T16:11:57+00:00","og_image":[{"width":1080,"height":608,"url":"https:\/\/belux-edmo.s3-accelerate.amazonaws.com\/wp-content\/uploads\/2024\/03\/983b1e63c85a2180314cea765f005508.jpeg","type":"image\/jpeg"}],"author":"master","twitter_card":"summary_large_image","twitter_creator":"@Edmo_Belux","twitter_site":"@Edmo_Belux","twitter_misc":{"Written by":"master","Est. reading time":"4 minutes"},"schema":{"@context":"https:\/\/schema.org","@graph":[{"@type":"Article","@id":"https:\/\/belux.edmo.eu\/lb\/faktencheck-deu-huet-den-ufank-vun-der-summerzit-net-winst-dem-ramadan-verrckelt\/#article","isPartOf":{"@id":"https:\/\/belux.edmo.eu\/lb\/faktencheck-deu-huet-den-ufank-vun-der-summerzit-net-winst-dem-ramadan-verrckelt\/"},"author":{"name":"master","@id":"https:\/\/belux.edmo.eu\/#\/schema\/person\/dbe3b252258537fd318f9b5645a30342"},"headline":"Faktencheck: D&#8217;EU huet den Ufank vun der Summerz\u00e4it net w\u00e9inst dem Ramadan verr\u00e9ckelt","datePublished":"2024-03-29T15:42:51+00:00","dateModified":"2024-04-03T16:11:57+00:00","mainEntityOfPage":{"@id":"https:\/\/belux.edmo.eu\/lb\/faktencheck-deu-huet-den-ufank-vun-der-summerzit-net-winst-dem-ramadan-verrckelt\/"},"wordCount":864,"publisher":{"@id":"https:\/\/belux.edmo.eu\/#organization"},"image":{"@id":"https:\/\/belux.edmo.eu\/lb\/faktencheck-deu-huet-den-ufank-vun-der-summerzit-net-winst-dem-ramadan-verrckelt\/#primaryimage"},"thumbnailUrl":"https:\/\/belux-edmo.s3-accelerate.amazonaws.com\/wp-content\/uploads\/2024\/03\/983b1e63c85a2180314cea765f005508.jpeg","articleSection":["Fact Check","Gesellschaft","Wirtschaft"],"inLanguage":"lb-LU"},{"@type":"WebPage","@id":"https:\/\/belux.edmo.eu\/lb\/faktencheck-deu-huet-den-ufank-vun-der-summerzit-net-winst-dem-ramadan-verrckelt\/","url":"https:\/\/belux.edmo.eu\/lb\/faktencheck-deu-huet-den-ufank-vun-der-summerzit-net-winst-dem-ramadan-verrckelt\/","name":"Faktencheck: D'EU huet den Ufank vun der Summerz\u00e4it net w\u00e9inst dem Ramadan verr\u00e9ckelt - EDMO Belux","isPartOf":{"@id":"https:\/\/belux.edmo.eu\/#website"},"primaryImageOfPage":{"@id":"https:\/\/belux.edmo.eu\/lb\/faktencheck-deu-huet-den-ufank-vun-der-summerzit-net-winst-dem-ramadan-verrckelt\/#primaryimage"},"image":{"@id":"https:\/\/belux.edmo.eu\/lb\/faktencheck-deu-huet-den-ufank-vun-der-summerzit-net-winst-dem-ramadan-verrckelt\/#primaryimage"},"thumbnailUrl":"https:\/\/belux-edmo.s3-accelerate.amazonaws.com\/wp-content\/uploads\/2024\/03\/983b1e63c85a2180314cea765f005508.jpeg","datePublished":"2024-03-29T15:42:51+00:00","dateModified":"2024-04-03T16:11:57+00:00","breadcrumb":{"@id":"https:\/\/belux.edmo.eu\/lb\/faktencheck-deu-huet-den-ufank-vun-der-summerzit-net-winst-dem-ramadan-verrckelt\/#breadcrumb"},"inLanguage":"lb-LU","potentialAction":[{"@type":"ReadAction","target":["https:\/\/belux.edmo.eu\/lb\/faktencheck-deu-huet-den-ufank-vun-der-summerzit-net-winst-dem-ramadan-verrckelt\/"]}]},{"@type":"ImageObject","inLanguage":"lb-LU","@id":"https:\/\/belux.edmo.eu\/lb\/faktencheck-deu-huet-den-ufank-vun-der-summerzit-net-winst-dem-ramadan-verrckelt\/#primaryimage","url":"https:\/\/belux-edmo.s3-accelerate.amazonaws.com\/wp-content\/uploads\/2024\/03\/983b1e63c85a2180314cea765f005508.jpeg","contentUrl":"https:\/\/belux-edmo.s3-accelerate.amazonaws.com\/wp-content\/uploads\/2024\/03\/983b1e63c85a2180314cea765f005508.jpeg","width":1080,"height":608,"caption":"Faktencheck: D'EU huet den Ufank vun der Summerz\u00e4it net w\u00e9inst dem Ramadan verr\u00e9ckelt - Featured image"},{"@type":"BreadcrumbList","@id":"https:\/\/belux.edmo.eu\/lb\/faktencheck-deu-huet-den-ufank-vun-der-summerzit-net-winst-dem-ramadan-verrckelt\/#breadcrumb","itemListElement":[{"@type":"ListItem","position":1,"name":"Home","item":"https:\/\/belux.edmo.eu\/lb\/"},{"@type":"ListItem","position":2,"name":"Faktencheck: D&#8217;EU huet den Ufank vun der Summerz\u00e4it net w\u00e9inst dem Ramadan verr\u00e9ckelt"}]},{"@type":"WebSite","@id":"https:\/\/belux.edmo.eu\/#website","url":"https:\/\/belux.edmo.eu\/","name":"EDMO Belux","description":"Monitoring Disinformation in Belgium and Luxembourg","publisher":{"@id":"https:\/\/belux.edmo.eu\/#organization"},"potentialAction":[{"@type":"SearchAction","target":{"@type":"EntryPoint","urlTemplate":"https:\/\/belux.edmo.eu\/?s={search_term_string}"},"query-input":{"@type":"PropertyValueSpecification","valueRequired":true,"valueName":"search_term_string"}}],"inLanguage":"lb-LU"},{"@type":"Organization","@id":"https:\/\/belux.edmo.eu\/#organization","name":"EDMO Belux","url":"https:\/\/belux.edmo.eu\/","logo":{"@type":"ImageObject","inLanguage":"lb-LU","@id":"https:\/\/belux.edmo.eu\/#\/schema\/logo\/image\/","url":"https:\/\/belux.edmo.eu\/wp-content\/uploads\/2021\/12\/belux-logo-full-color-rgb.svg","contentUrl":"https:\/\/belux.edmo.eu\/wp-content\/uploads\/2021\/12\/belux-logo-full-color-rgb.svg","width":1,"height":1,"caption":"EDMO Belux"},"image":{"@id":"https:\/\/belux.edmo.eu\/#\/schema\/logo\/image\/"},"sameAs":["https:\/\/x.com\/Edmo_Belux"]},{"@type":"Person","@id":"https:\/\/belux.edmo.eu\/#\/schema\/person\/dbe3b252258537fd318f9b5645a30342","name":"master","sameAs":["https:\/\/belux.wpengine.com"],"url":"https:\/\/belux.edmo.eu\/lb\/author\/master\/"}]}},"menu_order":0,"_links":{"self":[{"href":"https:\/\/belux.edmo.eu\/lb\/wp-json\/wp\/v2\/posts\/327555","targetHints":{"allow":["GET"]}}],"collection":[{"href":"https:\/\/belux.edmo.eu\/lb\/wp-json\/wp\/v2\/posts"}],"about":[{"href":"https:\/\/belux.edmo.eu\/lb\/wp-json\/wp\/v2\/types\/post"}],"author":[{"embeddable":true,"href":"https:\/\/belux.edmo.eu\/lb\/wp-json\/wp\/v2\/users\/1"}],"replies":[{"embeddable":true,"href":"https:\/\/belux.edmo.eu\/lb\/wp-json\/wp\/v2\/comments?post=327555"}],"version-history":[{"count":0,"href":"https:\/\/belux.edmo.eu\/lb\/wp-json\/wp\/v2\/posts\/327555\/revisions"}],"wp:featuredmedia":[{"embeddable":true,"href":"https:\/\/belux.edmo.eu\/lb\/wp-json\/wp\/v2\/media\/327540"}],"wp:attachment":[{"href":"https:\/\/belux.edmo.eu\/lb\/wp-json\/wp\/v2\/media?parent=327555"}],"wp:term":[{"taxonomy":"category","embeddable":true,"href":"https:\/\/belux.edmo.eu\/lb\/wp-json\/wp\/v2\/categories?post=327555"},{"taxonomy":"post_tag","embeddable":true,"href":"https:\/\/belux.edmo.eu\/lb\/wp-json\/wp\/v2\/tags?post=327555"}],"curies":[{"name":"wp","href":"https:\/\/api.w.org\/{rel}","templated":true}]}}