{"id":340807,"date":"2024-06-10T13:00:06","date_gmt":"2024-06-10T13:00:06","guid":{"rendered":"https:\/\/belux.edmo.eu\/?p=340807"},"modified":"2024-06-21T08:59:47","modified_gmt":"2024-06-21T08:59:47","slug":"faktencheck-dsie-vu-wolleken-huet-iwwerschwemmungen-zu-dubai-net-ausgelist","status":"publish","type":"post","link":"https:\/\/belux.edmo.eu\/lb\/faktencheck-dsie-vu-wolleken-huet-iwwerschwemmungen-zu-dubai-net-ausgelist\/","title":{"rendered":"Faktencheck: D&#8217;S\u00e9ie vu Wolleken huet Iwwerschwemmungen zu Dubai net ausgel\u00e9ist"},"content":{"rendered":"<article>\n<div>\n<div>\n<p>&nbsp;<\/p>\n<\/div>\n<div>\n<p>W\u00ebssenschaftler soen, dass d&#8217;Rekordnidderschl\u00e9i an de Vereenegten Arabesch Emirater am Abr\u00ebll h\u00e9chstwarscheinlech duerch d\u00e9i global Erwiermung verschl\u00ebmmert goufen. Am G\u00e9igesaz dozou hu B\u00e4itr\u00e4g a Sozialen Netzwierker behaapt, dass d&#8217;S\u00e9ie vu Wolleken dofir sch\u00eblleg w\u00e4r.<\/p>\n<p class=\"article-body__summary\">Den meteorologeschen Zenter vun den Emirater sot, et h\u00e4tt w\u00e4rend den Iwwerschwemmunge keng esou Operatiounen duerchgef\u00e9iert.<\/p>\n<p class=\"article-body__summary\">&#8220;Opgrond vum exzessiven Asaz vu S\u00eblwerjodid fir d&#8217;Hierstellung vu k\u00ebnschtlechem Reen huet Dubai seng st\u00e4erkst Nidderschl\u00e9i op engem Dag z\u00ebnter dem Ufank vun de meteorologeschen Opzeechnungen am Joer 1949 erlieft&#8221;. Esou liest sech e vereinfachte chineesesche B\u00e4itrag op Weibo vum 18. Abr\u00ebll 2024.<\/p>\n<p class=\"article-body__summary\">Bei der k\u00ebnschtlecher Hierstellung vu Ree ginn an der Reegel Fligeren agesat, d\u00e9i an d&#8217;Wolleke fl\u00e9ien a S\u00eblwerjodid s\u00e9ien, fir Reen ze produz\u00e9ieren.<\/p>\n<p class=\"article-body__summary\">D\u00e9i Vereenegt Arabesch Emirater geh\u00e9ieren zu den dr\u00e9chenste L\u00e4nner op der Welt a setzen z\u00ebnter Jore Fligere fir d&#8217;S\u00e9ie vu Wolleken (<em>Engl. Cloud Seeding<\/em>) an, fir et k\u00ebnschtlech reenen ze loossen.<\/p>\n<p><img src=\"https:\/\/belux-edmo.s3-accelerate.amazonaws.com\/wp-content\/uploads\/2024\/06\/9832130aa49d9cf10814b442052e4249.jpeg\" alt=\"RTL\" \/> \u00a9 AFP<\/p>\n<p>M\u00e9i w\u00e9i 20 M\u00ebnsche waren am Oman a v\u00e9ier an de Vereenegten Arabeschen Emirater gestuerwen, w\u00e9i <a href=\"https:\/\/perma.cc\/HS95-8UJD\" target=\"_blank\" rel=\"noopener\">Iwwerschwemmungen<\/a> d\u00e9i uelegr\u00e4ich L\u00e4nner am Abr\u00ebll heemgesicht hunn.<\/p>\n<p>De Rekordreen &#8211; d\u00e9i heftegst an de VAE z\u00ebnter dem Ufank vun den Opzeechnunge viru 75 Joer &#8211; haten Haiser, Stroossen an Akafszentren iwwerschwemmt an de Fluchhafe vun Dubai gezwongen, m\u00e9i w\u00e9i 2.000 Flich ze str\u00e4ichen.<\/p>\n<p>De Weibo-<a href=\"https:\/\/perma.cc\/P78R-JNLG\" target=\"_blank\" rel=\"noopener\">Hashtag<\/a> \u00a0&#8220;artificial rainfall causes flooding in Dubai&#8221; (L\u00ebtz. &#8220;K\u00ebnschtleche Ree l\u00e9isst Iwwerschwemmungen zu Dubai aus&#8221;) gouf m\u00e9i w\u00e9i 3 Millioune Mol opgeruff, w\u00e4rend B\u00e4itr\u00e4g, d\u00e9i d&#8217;S\u00e9ie vu Wolleke fir de Schloree responsabel maachen, weltw\u00e4it a Sprooche w\u00e9i <a href=\"https:\/\/perma.cc\/TY63-AFB6?type=image\" target=\"_blank\" rel=\"noopener\">Englesch<\/a>, <a href=\"https:\/\/perma.cc\/TU2E-3EZG?type=image\" target=\"_blank\" rel=\"noopener\">Frans\u00e9isch<\/a>, <a href=\"https:\/\/perma.cc\/4TW7-6TPL?type=image\" target=\"_blank\" rel=\"noopener\">Spuenesch<\/a>, <a href=\"https:\/\/perma.cc\/K6RD-FKQB?type=image\" target=\"_blank\" rel=\"noopener\">Griichesch<\/a>, <a href=\"https:\/\/perma.cc\/G3HT-S2WC?type=image\" target=\"_blank\" rel=\"noopener\">Holl\u00e4nnesch<\/a> a <a href=\"https:\/\/perma.cc\/6THT-DFXS\" target=\"_blank\" rel=\"noopener\">Koreanesch<\/a> \u00ebmhier goungen.<\/p>\n<p>E Vertrieder vum Nationalen Zenter fir Meteorologie vun de Vereenegten Arabeschen Emirater sot der AFP den 22. Abr\u00ebll, dass et &#8220;keng Operatioune fir S\u00e9ie vu Wolleke w\u00e4rend d\u00ebsem Wiederphenomeen duerchgef\u00e9iert goufen&#8221;.<\/p>\n<p>W\u00e4renddeem soe Klimaw\u00ebssenschaftler, dass d&#8217;H\u00e9ichwaasser h\u00e9chstwarscheinlech duerch d\u00e9i global Erwiermung verschl\u00ebmmert gouf.<\/p>\n<p style=\"text-align: center;\">Ierf\u00e9ierend<\/p>\n<p>D&#8217;Friederike Otto,Klimatologin um Imperial College London a Co-Cheffin vun der World Weather Attribution (WWA) Grupp, sot, et w\u00e4r &#8220;ierf\u00e9ierend&#8221;, sech op d&#8217;S\u00e9ie vu Wolleken ze konzentr\u00e9ieren.<\/p>\n<p>D\u00e9i st\u00e4erkst Reef\u00e4ll zu Dubai z\u00ebnter 75 Joer sinn net op d&#8217;S\u00e9ie vu Wolleken zer\u00e9ckzef\u00e9ieren&#8221;, sot si <a href=\"https:\/\/perma.cc\/2A8G-BV4B\" target=\"_blank\" rel=\"noopener\">g\u00e9intiwwer der AFP<\/a>. &#8220;Wa mir iwwer Staarkree schw\u00e4tzen, musse mir och iwwer de Klimawandel schw\u00e4tzen.&#8221;<\/p>\n<p>De Klimawandel, deen duerch anthropogeen Z\u00e4regasen ausgel\u00e9ist g\u00ebtt, l\u00e9isst extreem Wiederphenomeener m\u00e9i dacks a m\u00e9i intensiv optrieden.\u00a0Eng m\u00e9i waarm Atmosph\u00e4r h\u00e4lt m\u00e9i Fiichtegkeet, wat zu m\u00e9i staarke Reef\u00e4ll an Iwwerschwemmunge f\u00e9iere kann.<\/p>\n<p>Eng vun 21 internationale Fuerscher zesummegestallt <a href=\"https:\/\/mcusercontent.com\/854a9a3e09405d4ab19a4a9d5\/files\/fe6392ae-48ee-66e2-7b6d-b9e0877790a3\/WWA_press_release_UAE_amp_Oman_flooding.pdf\" target=\"_blank\" rel=\"noopener\">WWA-Et\u00fcd<\/a> ergouf, dass d\u00e9i global Erwiermung d\u00e9i hefteg Reef\u00e4ll, d\u00e9i d&#8217;Iwwerschwemmungen an de VAE an am Oman ausgel\u00e9ist haten, &#8220;h\u00e9chstwarscheinlech&#8221; verschl\u00ebmmert hunn (<a href=\"https:\/\/perma.cc\/E8Q2-XA39\" target=\"_blank\" rel=\"noopener\">Link<\/a> archiv\u00e9iert).<\/p>\n<p>Extreem N\u00e9ierschl\u00e9i sinn an der Regioun an den El-Nino-Joren \u00ebm 10-40 Prozent m\u00e9i staark ginn, <a href=\"https:\/\/mcusercontent.com\/854a9a3e09405d4ab19a4a9d5\/files\/fe6392ae-48ee-66e2-7b6d-b9e0877790a3\/WWA_press_release_UAE_amp_Oman_flooding.pdf\" target=\"_blank\" rel=\"noopener\">sot d&#8217;Grupp<\/a> &#8211; bezunn op dat natierlecht virkommend Klimaphenomeen, dat mat m\u00e9i staarken N\u00e9ierschl\u00e9i an Deeler vun der Welt verbonnen ass (archiv\u00e9ierte <a href=\"https:\/\/perma.cc\/AC76-CTFW\" target=\"_blank\" rel=\"noopener\">Link<\/a>).<\/p>\n<p>D&#8217;WWA huet b\u00e4igef\u00fc\u00fcgt, dass d&#8217;S\u00e9ie vu Wolleke keen Afloss op de Rekordree gehat h\u00e4tt.<\/p>\n<p>&#8220;Ugesiichts vun der enormer Gr\u00e9isst vum Stuermsystem w\u00e4re massiv N\u00e9ierschl\u00e9i erofkomm, onofh\u00e4ngeg dovun, ob (Cloud-Seeding-)Operatiounen duerchgef\u00e9iert goufen&#8221;, heescht et.<\/p>\n<p>De Reolof Burger, Professer fir Geo- a Raumw\u00ebssenschaften op der North-West University a S\u00fcdafrika, sot, et w\u00e4r &#8220;immens onwarscheinlech&#8221;, dass d&#8217;Reewaasser duerch d&#8217;S\u00e9ie vu Wolleke mat klenge Fligeren ausgel\u00e9ist gi w\u00e4ren.<\/p>\n<p>&#8220;Dat war esou e staarke Reesystem, dass et iwwerhaapt net noutwendeg war, Wolleken ze s\u00e9ien&#8221;, sot hien der AFP.<\/p>\n<p>De Stuerm w\u00e4r en &#8220;immens grousse Reesystem&#8221; gewiescht, mat Extreemen net just zu Dubai, mee och am Oman, Iran a Saudiarabien, huet hie b\u00e4igef\u00fc\u00fcgt.<\/p>\n<p>D&#8217;AFP huet an der Vergaangenheet <a href=\"..\/..\/storage\/data\/afp\/factcheck_v2\/EN\/list\/mnakh\" target=\"_blank\" rel=\"noopener\">weider Desinformatiounen iwwer de Klimawandel<\/a> opgedeckt.<\/p>\n<p><em>D\u00ebsen AFP-Artikel gouf vun RTL op L\u00ebtzebuergesch iwwersat.<\/em><\/p>\n<\/div>\n<\/div>\n<\/article>\n","protected":false},"excerpt":{"rendered":"<p>W\u00ebssenschaftler soen, dass d&#8217;Rekordnidderschl\u00e9i an de Vereenegten Arabesch Emirater am Abr\u00ebll h\u00e9chstwarscheinlech duerch d\u00e9i global Erwiermung verschl\u00ebmmert goufen. Am G\u00e9igesaz dozou hu B\u00e4itr\u00e4g a Sozialen Netzwierker behaapt, dass d&#8217;S\u00e9ie vu Wolleken dofir sch\u00eblleg w\u00e4r.<\/p>\n","protected":false},"author":1,"featured_media":340797,"comment_status":"closed","ping_status":"open","sticky":false,"template":"","format":"standard","meta":{"_acf_changed":false,"footnotes":""},"categories":[183,391,192],"tags":[],"class_list":{"0":"post-340807","1":"post","2":"type-post","3":"status-publish","4":"format-standard","5":"has-post-thumbnail","7":"category-fact-check-lb","8":"category-technologie","9":"category-wessenschaft"},"acf":{"show_metatags":true,"id":"2202439","authors":"RTL L\u00ebtzebuerg","organization":"RTL","featured_image_copyright":"","text_copyright":"Copyright RTL \/ CLT-UFA S.A.","source":"https:\/\/www.rtl.lu\/news\/faktencheck\/a\/2202439.html","fact_checker":"https:\/\/belux.wpengine.com\/wp-content\/uploads\/2021\/12\/rtl_logo.png","type":"Closed Event","location":"","start_date":"","start_date_event_begins_at":"","start_date_event_ends_at":"","end_date":"","end_date_event_begins_at":"","end_date_event_ends_at":"","organizer":"","fact_checker_logo_image":false},"yoast_head":"<!-- This site is optimized with the Yoast SEO plugin v27.0 - https:\/\/yoast.com\/product\/yoast-seo-wordpress\/ -->\n<title>Faktencheck: D&#039;S\u00e9ie vu Wolleken huet Iwwerschwemmungen zu Dubai net ausgel\u00e9ist - EDMO Belux<\/title>\n<meta name=\"robots\" content=\"index, follow, max-snippet:-1, max-image-preview:large, max-video-preview:-1\" \/>\n<link rel=\"canonical\" href=\"https:\/\/belux.edmo.eu\/lb\/faktencheck-dsie-vu-wolleken-huet-iwwerschwemmungen-zu-dubai-net-ausgelist\/\" \/>\n<meta property=\"og:locale\" content=\"en_US\" \/>\n<meta property=\"og:type\" content=\"article\" \/>\n<meta property=\"og:title\" content=\"Faktencheck: D&#039;S\u00e9ie vu Wolleken huet Iwwerschwemmungen zu Dubai net ausgel\u00e9ist - EDMO Belux\" \/>\n<meta property=\"og:description\" content=\"W\u00ebssenschaftler soen, dass d&#039;Rekordnidderschl\u00e9i an de Vereenegten Arabesch Emirater am Abr\u00ebll h\u00e9chstwarscheinlech duerch d\u00e9i global Erwiermung verschl\u00ebmmert goufen. Am G\u00e9igesaz dozou hu B\u00e4itr\u00e4g a Sozialen Netzwierker behaapt, dass d&#039;S\u00e9ie vu Wolleken dofir sch\u00eblleg w\u00e4r.\" \/>\n<meta property=\"og:url\" content=\"https:\/\/belux.edmo.eu\/lb\/faktencheck-dsie-vu-wolleken-huet-iwwerschwemmungen-zu-dubai-net-ausgelist\/\" \/>\n<meta property=\"og:site_name\" content=\"EDMO Belux\" \/>\n<meta property=\"article:published_time\" content=\"2024-06-10T13:00:06+00:00\" \/>\n<meta property=\"article:modified_time\" content=\"2024-06-21T08:59:47+00:00\" \/>\n<meta property=\"og:image\" content=\"https:\/\/belux-edmo.s3-accelerate.amazonaws.com\/wp-content\/uploads\/2024\/06\/21b19052243fef5000805c1eb60a2da6.jpeg\" \/>\n\t<meta property=\"og:image:width\" content=\"1080\" \/>\n\t<meta property=\"og:image:height\" content=\"720\" \/>\n\t<meta property=\"og:image:type\" content=\"image\/jpeg\" \/>\n<meta name=\"author\" content=\"master\" \/>\n<meta name=\"twitter:card\" content=\"summary_large_image\" \/>\n<meta name=\"twitter:creator\" content=\"@Edmo_Belux\" \/>\n<meta name=\"twitter:site\" content=\"@Edmo_Belux\" \/>\n<meta name=\"twitter:label1\" content=\"Written by\" \/>\n\t<meta name=\"twitter:data1\" content=\"master\" \/>\n\t<meta name=\"twitter:label2\" content=\"Est. reading time\" \/>\n\t<meta name=\"twitter:data2\" content=\"3 minutes\" \/>\n<script type=\"application\/ld+json\" class=\"yoast-schema-graph\">{\"@context\":\"https:\/\/schema.org\",\"@graph\":[{\"@type\":\"Article\",\"@id\":\"https:\/\/belux.edmo.eu\/lb\/faktencheck-dsie-vu-wolleken-huet-iwwerschwemmungen-zu-dubai-net-ausgelist\/#article\",\"isPartOf\":{\"@id\":\"https:\/\/belux.edmo.eu\/lb\/faktencheck-dsie-vu-wolleken-huet-iwwerschwemmungen-zu-dubai-net-ausgelist\/\"},\"author\":{\"name\":\"master\",\"@id\":\"https:\/\/belux.edmo.eu\/#\/schema\/person\/dbe3b252258537fd318f9b5645a30342\"},\"headline\":\"Faktencheck: D&#8217;S\u00e9ie vu Wolleken huet Iwwerschwemmungen zu Dubai net ausgel\u00e9ist\",\"datePublished\":\"2024-06-10T13:00:06+00:00\",\"dateModified\":\"2024-06-21T08:59:47+00:00\",\"mainEntityOfPage\":{\"@id\":\"https:\/\/belux.edmo.eu\/lb\/faktencheck-dsie-vu-wolleken-huet-iwwerschwemmungen-zu-dubai-net-ausgelist\/\"},\"wordCount\":747,\"publisher\":{\"@id\":\"https:\/\/belux.edmo.eu\/#organization\"},\"image\":{\"@id\":\"https:\/\/belux.edmo.eu\/lb\/faktencheck-dsie-vu-wolleken-huet-iwwerschwemmungen-zu-dubai-net-ausgelist\/#primaryimage\"},\"thumbnailUrl\":\"https:\/\/belux-edmo.s3-accelerate.amazonaws.com\/wp-content\/uploads\/2024\/06\/21b19052243fef5000805c1eb60a2da6.jpeg\",\"articleSection\":[\"Fact Check\",\"Technologie\",\"W\u00ebssenschaft\"],\"inLanguage\":\"lb-LU\"},{\"@type\":\"WebPage\",\"@id\":\"https:\/\/belux.edmo.eu\/lb\/faktencheck-dsie-vu-wolleken-huet-iwwerschwemmungen-zu-dubai-net-ausgelist\/\",\"url\":\"https:\/\/belux.edmo.eu\/lb\/faktencheck-dsie-vu-wolleken-huet-iwwerschwemmungen-zu-dubai-net-ausgelist\/\",\"name\":\"Faktencheck: D'S\u00e9ie vu Wolleken huet Iwwerschwemmungen zu Dubai net ausgel\u00e9ist - EDMO Belux\",\"isPartOf\":{\"@id\":\"https:\/\/belux.edmo.eu\/#website\"},\"primaryImageOfPage\":{\"@id\":\"https:\/\/belux.edmo.eu\/lb\/faktencheck-dsie-vu-wolleken-huet-iwwerschwemmungen-zu-dubai-net-ausgelist\/#primaryimage\"},\"image\":{\"@id\":\"https:\/\/belux.edmo.eu\/lb\/faktencheck-dsie-vu-wolleken-huet-iwwerschwemmungen-zu-dubai-net-ausgelist\/#primaryimage\"},\"thumbnailUrl\":\"https:\/\/belux-edmo.s3-accelerate.amazonaws.com\/wp-content\/uploads\/2024\/06\/21b19052243fef5000805c1eb60a2da6.jpeg\",\"datePublished\":\"2024-06-10T13:00:06+00:00\",\"dateModified\":\"2024-06-21T08:59:47+00:00\",\"breadcrumb\":{\"@id\":\"https:\/\/belux.edmo.eu\/lb\/faktencheck-dsie-vu-wolleken-huet-iwwerschwemmungen-zu-dubai-net-ausgelist\/#breadcrumb\"},\"inLanguage\":\"lb-LU\",\"potentialAction\":[{\"@type\":\"ReadAction\",\"target\":[\"https:\/\/belux.edmo.eu\/lb\/faktencheck-dsie-vu-wolleken-huet-iwwerschwemmungen-zu-dubai-net-ausgelist\/\"]}]},{\"@type\":\"ImageObject\",\"inLanguage\":\"lb-LU\",\"@id\":\"https:\/\/belux.edmo.eu\/lb\/faktencheck-dsie-vu-wolleken-huet-iwwerschwemmungen-zu-dubai-net-ausgelist\/#primaryimage\",\"url\":\"https:\/\/belux-edmo.s3-accelerate.amazonaws.com\/wp-content\/uploads\/2024\/06\/21b19052243fef5000805c1eb60a2da6.jpeg\",\"contentUrl\":\"https:\/\/belux-edmo.s3-accelerate.amazonaws.com\/wp-content\/uploads\/2024\/06\/21b19052243fef5000805c1eb60a2da6.jpeg\",\"width\":1080,\"height\":720,\"caption\":\"Faktencheck: D'S\u00e9ie vu Wolleken huet Iwwerschwemmungen zu Dubai net ausgel\u00e9ist - Featured image\"},{\"@type\":\"BreadcrumbList\",\"@id\":\"https:\/\/belux.edmo.eu\/lb\/faktencheck-dsie-vu-wolleken-huet-iwwerschwemmungen-zu-dubai-net-ausgelist\/#breadcrumb\",\"itemListElement\":[{\"@type\":\"ListItem\",\"position\":1,\"name\":\"Home\",\"item\":\"https:\/\/belux.edmo.eu\/lb\/\"},{\"@type\":\"ListItem\",\"position\":2,\"name\":\"Faktencheck: D&#8217;S\u00e9ie vu Wolleken huet Iwwerschwemmungen zu Dubai net ausgel\u00e9ist\"}]},{\"@type\":\"WebSite\",\"@id\":\"https:\/\/belux.edmo.eu\/#website\",\"url\":\"https:\/\/belux.edmo.eu\/\",\"name\":\"EDMO Belux\",\"description\":\"Monitoring Disinformation in Belgium and Luxembourg\",\"publisher\":{\"@id\":\"https:\/\/belux.edmo.eu\/#organization\"},\"potentialAction\":[{\"@type\":\"SearchAction\",\"target\":{\"@type\":\"EntryPoint\",\"urlTemplate\":\"https:\/\/belux.edmo.eu\/?s={search_term_string}\"},\"query-input\":{\"@type\":\"PropertyValueSpecification\",\"valueRequired\":true,\"valueName\":\"search_term_string\"}}],\"inLanguage\":\"lb-LU\"},{\"@type\":\"Organization\",\"@id\":\"https:\/\/belux.edmo.eu\/#organization\",\"name\":\"EDMO Belux\",\"url\":\"https:\/\/belux.edmo.eu\/\",\"logo\":{\"@type\":\"ImageObject\",\"inLanguage\":\"lb-LU\",\"@id\":\"https:\/\/belux.edmo.eu\/#\/schema\/logo\/image\/\",\"url\":\"https:\/\/belux.edmo.eu\/wp-content\/uploads\/2021\/12\/belux-logo-full-color-rgb.svg\",\"contentUrl\":\"https:\/\/belux.edmo.eu\/wp-content\/uploads\/2021\/12\/belux-logo-full-color-rgb.svg\",\"width\":1,\"height\":1,\"caption\":\"EDMO Belux\"},\"image\":{\"@id\":\"https:\/\/belux.edmo.eu\/#\/schema\/logo\/image\/\"},\"sameAs\":[\"https:\/\/x.com\/Edmo_Belux\"]},{\"@type\":\"Person\",\"@id\":\"https:\/\/belux.edmo.eu\/#\/schema\/person\/dbe3b252258537fd318f9b5645a30342\",\"name\":\"master\",\"sameAs\":[\"https:\/\/belux.wpengine.com\"],\"url\":\"https:\/\/belux.edmo.eu\/lb\/author\/master\/\"}]}<\/script>\n<!-- \/ Yoast SEO plugin. -->","yoast_head_json":{"title":"Faktencheck: D'S\u00e9ie vu Wolleken huet Iwwerschwemmungen zu Dubai net ausgel\u00e9ist - EDMO Belux","robots":{"index":"index","follow":"follow","max-snippet":"max-snippet:-1","max-image-preview":"max-image-preview:large","max-video-preview":"max-video-preview:-1"},"canonical":"https:\/\/belux.edmo.eu\/lb\/faktencheck-dsie-vu-wolleken-huet-iwwerschwemmungen-zu-dubai-net-ausgelist\/","og_locale":"en_US","og_type":"article","og_title":"Faktencheck: D'S\u00e9ie vu Wolleken huet Iwwerschwemmungen zu Dubai net ausgel\u00e9ist - EDMO Belux","og_description":"W\u00ebssenschaftler soen, dass d'Rekordnidderschl\u00e9i an de Vereenegten Arabesch Emirater am Abr\u00ebll h\u00e9chstwarscheinlech duerch d\u00e9i global Erwiermung verschl\u00ebmmert goufen. Am G\u00e9igesaz dozou hu B\u00e4itr\u00e4g a Sozialen Netzwierker behaapt, dass d'S\u00e9ie vu Wolleken dofir sch\u00eblleg w\u00e4r.","og_url":"https:\/\/belux.edmo.eu\/lb\/faktencheck-dsie-vu-wolleken-huet-iwwerschwemmungen-zu-dubai-net-ausgelist\/","og_site_name":"EDMO Belux","article_published_time":"2024-06-10T13:00:06+00:00","article_modified_time":"2024-06-21T08:59:47+00:00","og_image":[{"width":1080,"height":720,"url":"https:\/\/belux-edmo.s3-accelerate.amazonaws.com\/wp-content\/uploads\/2024\/06\/21b19052243fef5000805c1eb60a2da6.jpeg","type":"image\/jpeg"}],"author":"master","twitter_card":"summary_large_image","twitter_creator":"@Edmo_Belux","twitter_site":"@Edmo_Belux","twitter_misc":{"Written by":"master","Est. reading time":"3 minutes"},"schema":{"@context":"https:\/\/schema.org","@graph":[{"@type":"Article","@id":"https:\/\/belux.edmo.eu\/lb\/faktencheck-dsie-vu-wolleken-huet-iwwerschwemmungen-zu-dubai-net-ausgelist\/#article","isPartOf":{"@id":"https:\/\/belux.edmo.eu\/lb\/faktencheck-dsie-vu-wolleken-huet-iwwerschwemmungen-zu-dubai-net-ausgelist\/"},"author":{"name":"master","@id":"https:\/\/belux.edmo.eu\/#\/schema\/person\/dbe3b252258537fd318f9b5645a30342"},"headline":"Faktencheck: D&#8217;S\u00e9ie vu Wolleken huet Iwwerschwemmungen zu Dubai net ausgel\u00e9ist","datePublished":"2024-06-10T13:00:06+00:00","dateModified":"2024-06-21T08:59:47+00:00","mainEntityOfPage":{"@id":"https:\/\/belux.edmo.eu\/lb\/faktencheck-dsie-vu-wolleken-huet-iwwerschwemmungen-zu-dubai-net-ausgelist\/"},"wordCount":747,"publisher":{"@id":"https:\/\/belux.edmo.eu\/#organization"},"image":{"@id":"https:\/\/belux.edmo.eu\/lb\/faktencheck-dsie-vu-wolleken-huet-iwwerschwemmungen-zu-dubai-net-ausgelist\/#primaryimage"},"thumbnailUrl":"https:\/\/belux-edmo.s3-accelerate.amazonaws.com\/wp-content\/uploads\/2024\/06\/21b19052243fef5000805c1eb60a2da6.jpeg","articleSection":["Fact Check","Technologie","W\u00ebssenschaft"],"inLanguage":"lb-LU"},{"@type":"WebPage","@id":"https:\/\/belux.edmo.eu\/lb\/faktencheck-dsie-vu-wolleken-huet-iwwerschwemmungen-zu-dubai-net-ausgelist\/","url":"https:\/\/belux.edmo.eu\/lb\/faktencheck-dsie-vu-wolleken-huet-iwwerschwemmungen-zu-dubai-net-ausgelist\/","name":"Faktencheck: D'S\u00e9ie vu Wolleken huet Iwwerschwemmungen zu Dubai net ausgel\u00e9ist - EDMO Belux","isPartOf":{"@id":"https:\/\/belux.edmo.eu\/#website"},"primaryImageOfPage":{"@id":"https:\/\/belux.edmo.eu\/lb\/faktencheck-dsie-vu-wolleken-huet-iwwerschwemmungen-zu-dubai-net-ausgelist\/#primaryimage"},"image":{"@id":"https:\/\/belux.edmo.eu\/lb\/faktencheck-dsie-vu-wolleken-huet-iwwerschwemmungen-zu-dubai-net-ausgelist\/#primaryimage"},"thumbnailUrl":"https:\/\/belux-edmo.s3-accelerate.amazonaws.com\/wp-content\/uploads\/2024\/06\/21b19052243fef5000805c1eb60a2da6.jpeg","datePublished":"2024-06-10T13:00:06+00:00","dateModified":"2024-06-21T08:59:47+00:00","breadcrumb":{"@id":"https:\/\/belux.edmo.eu\/lb\/faktencheck-dsie-vu-wolleken-huet-iwwerschwemmungen-zu-dubai-net-ausgelist\/#breadcrumb"},"inLanguage":"lb-LU","potentialAction":[{"@type":"ReadAction","target":["https:\/\/belux.edmo.eu\/lb\/faktencheck-dsie-vu-wolleken-huet-iwwerschwemmungen-zu-dubai-net-ausgelist\/"]}]},{"@type":"ImageObject","inLanguage":"lb-LU","@id":"https:\/\/belux.edmo.eu\/lb\/faktencheck-dsie-vu-wolleken-huet-iwwerschwemmungen-zu-dubai-net-ausgelist\/#primaryimage","url":"https:\/\/belux-edmo.s3-accelerate.amazonaws.com\/wp-content\/uploads\/2024\/06\/21b19052243fef5000805c1eb60a2da6.jpeg","contentUrl":"https:\/\/belux-edmo.s3-accelerate.amazonaws.com\/wp-content\/uploads\/2024\/06\/21b19052243fef5000805c1eb60a2da6.jpeg","width":1080,"height":720,"caption":"Faktencheck: D'S\u00e9ie vu Wolleken huet Iwwerschwemmungen zu Dubai net ausgel\u00e9ist - Featured image"},{"@type":"BreadcrumbList","@id":"https:\/\/belux.edmo.eu\/lb\/faktencheck-dsie-vu-wolleken-huet-iwwerschwemmungen-zu-dubai-net-ausgelist\/#breadcrumb","itemListElement":[{"@type":"ListItem","position":1,"name":"Home","item":"https:\/\/belux.edmo.eu\/lb\/"},{"@type":"ListItem","position":2,"name":"Faktencheck: D&#8217;S\u00e9ie vu Wolleken huet Iwwerschwemmungen zu Dubai net ausgel\u00e9ist"}]},{"@type":"WebSite","@id":"https:\/\/belux.edmo.eu\/#website","url":"https:\/\/belux.edmo.eu\/","name":"EDMO Belux","description":"Monitoring Disinformation in Belgium and Luxembourg","publisher":{"@id":"https:\/\/belux.edmo.eu\/#organization"},"potentialAction":[{"@type":"SearchAction","target":{"@type":"EntryPoint","urlTemplate":"https:\/\/belux.edmo.eu\/?s={search_term_string}"},"query-input":{"@type":"PropertyValueSpecification","valueRequired":true,"valueName":"search_term_string"}}],"inLanguage":"lb-LU"},{"@type":"Organization","@id":"https:\/\/belux.edmo.eu\/#organization","name":"EDMO Belux","url":"https:\/\/belux.edmo.eu\/","logo":{"@type":"ImageObject","inLanguage":"lb-LU","@id":"https:\/\/belux.edmo.eu\/#\/schema\/logo\/image\/","url":"https:\/\/belux.edmo.eu\/wp-content\/uploads\/2021\/12\/belux-logo-full-color-rgb.svg","contentUrl":"https:\/\/belux.edmo.eu\/wp-content\/uploads\/2021\/12\/belux-logo-full-color-rgb.svg","width":1,"height":1,"caption":"EDMO Belux"},"image":{"@id":"https:\/\/belux.edmo.eu\/#\/schema\/logo\/image\/"},"sameAs":["https:\/\/x.com\/Edmo_Belux"]},{"@type":"Person","@id":"https:\/\/belux.edmo.eu\/#\/schema\/person\/dbe3b252258537fd318f9b5645a30342","name":"master","sameAs":["https:\/\/belux.wpengine.com"],"url":"https:\/\/belux.edmo.eu\/lb\/author\/master\/"}]}},"menu_order":0,"_links":{"self":[{"href":"https:\/\/belux.edmo.eu\/lb\/wp-json\/wp\/v2\/posts\/340807","targetHints":{"allow":["GET"]}}],"collection":[{"href":"https:\/\/belux.edmo.eu\/lb\/wp-json\/wp\/v2\/posts"}],"about":[{"href":"https:\/\/belux.edmo.eu\/lb\/wp-json\/wp\/v2\/types\/post"}],"author":[{"embeddable":true,"href":"https:\/\/belux.edmo.eu\/lb\/wp-json\/wp\/v2\/users\/1"}],"replies":[{"embeddable":true,"href":"https:\/\/belux.edmo.eu\/lb\/wp-json\/wp\/v2\/comments?post=340807"}],"version-history":[{"count":0,"href":"https:\/\/belux.edmo.eu\/lb\/wp-json\/wp\/v2\/posts\/340807\/revisions"}],"wp:featuredmedia":[{"embeddable":true,"href":"https:\/\/belux.edmo.eu\/lb\/wp-json\/wp\/v2\/media\/340797"}],"wp:attachment":[{"href":"https:\/\/belux.edmo.eu\/lb\/wp-json\/wp\/v2\/media?parent=340807"}],"wp:term":[{"taxonomy":"category","embeddable":true,"href":"https:\/\/belux.edmo.eu\/lb\/wp-json\/wp\/v2\/categories?post=340807"},{"taxonomy":"post_tag","embeddable":true,"href":"https:\/\/belux.edmo.eu\/lb\/wp-json\/wp\/v2\/tags?post=340807"}],"curies":[{"name":"wp","href":"https:\/\/api.w.org\/{rel}","templated":true}]}}